{"id":305585,"date":"2022-11-10T14:00:50","date_gmt":"2022-11-10T13:00:50","guid":{"rendered":"https:\/\/www.radiopiu.net\/wordpress\/?p=305585"},"modified":"2022-11-11T05:52:41","modified_gmt":"2022-11-11T04:52:41","slug":"quando-enzo-tortora-e-radiosquadra-arrivarono-in-agordino-a-san-tomaso","status":"publish","type":"post","link":"https:\/\/www.radiopiu.net\/wordpress\/quando-enzo-tortora-e-radiosquadra-arrivarono-in-agordino-a-san-tomaso\/","title":{"rendered":"QUANDO ENZO TORTORA E RADIOSQUADRA ARRIVARONO IN AGORDINO, A SAN TOMASO"},"content":{"rendered":"<p><strong><a class=\"dt-pswp-item\" href=\"https:\/\/www.radiopiu.net\/wordpress\/wp-content\/uploads\/2022\/11\/Enzo-Tortora-a-San-Tomaso-intervista-Bepo-Talachini-Radiosquadra-1952.jpeg\" data-dt-img-description=\"\" data-large_image_width=\"1337\" data-large_image_height=\"807\"><img loading=\"lazy\" decoding=\"async\" class=\" wp-image-305587 alignleft\" src=\"https:\/\/www.radiopiu.net\/wordpress\/wp-content\/uploads\/2022\/11\/Enzo-Tortora-a-San-Tomaso-intervista-Bepo-Talachini-Radiosquadra-1952-300x181.jpeg\" alt=\"\" width=\"187\" height=\"113\" srcset=\"https:\/\/www.radiopiu.net\/wordpress\/wp-content\/uploads\/2022\/11\/Enzo-Tortora-a-San-Tomaso-intervista-Bepo-Talachini-Radiosquadra-1952-300x181.jpeg 300w, https:\/\/www.radiopiu.net\/wordpress\/wp-content\/uploads\/2022\/11\/Enzo-Tortora-a-San-Tomaso-intervista-Bepo-Talachini-Radiosquadra-1952-1024x618.jpeg 1024w, https:\/\/www.radiopiu.net\/wordpress\/wp-content\/uploads\/2022\/11\/Enzo-Tortora-a-San-Tomaso-intervista-Bepo-Talachini-Radiosquadra-1952-768x464.jpeg 768w, https:\/\/www.radiopiu.net\/wordpress\/wp-content\/uploads\/2022\/11\/Enzo-Tortora-a-San-Tomaso-intervista-Bepo-Talachini-Radiosquadra-1952.jpeg 1337w\" sizes=\"auto, (max-width: 187px) 100vw, 187px\" \/><\/a>di Luisa Manfroi<\/strong><\/p>\n<p>Era l&#8217;estate del 1952 e Tortora gir\u00f2 altri comuni dell&#8217;Agordino. Si ha notizia certa del suo arrivo, insieme alla troupe della Rai chiamata Radiosquadra, ad Agordo, Canale d&#8217;Agordo, Cencenighe, Vallada e, probabilmente, anche in altre localit\u00e0 agordine di cui tuttavia non si \u00e8 a conoscenza. Radiosquadra giunse anche in Cadore, a Belluno, a Zoldo. Lo scopo era quello di intervistare persone del posto, le pi\u00f9 semplici e comuni, per sentirsi raccontare e ascoltare aneddoti, curiosit\u00e0, poesie, canti dalla viva voce delle persone proponendoli, poi, alla radio. Un&#8217;autentica novit\u00e0 per l&#8217;epoca! Per l&#8217;occasione venivano fatte delle registrazioni in diretta. La foto che allego \u00e8 veramente importante e credo rara e documenta un&#8217;intervista fatta da Tortora a San Tomaso. Qualche anno fa ho scritto una lunga ricerca relativa a Radiosquadra in Agordino (pubblicata sul mio libro &#8220;Bella terra del mio Agordino&#8221;) e ho scoperto solo quest&#8217;estate, dopo un incontro di carattere storico che ho tenuto a San Tomaso su invito della Pro loco, dell&#8217;esistenza di questa foto di propriet\u00e0 dell&#8217;ingegner Marco Rossi.<\/p>\n<p><span style=\"color: #ff0000;\"><strong>LO SPECIALE ALLA RADIO<\/strong><\/span><\/p>\n<audio class=\"wp-audio-shortcode\" id=\"audio-305585-1\" preload=\"none\" style=\"width: 100%;\" controls=\"controls\"><source type=\"audio\/mpeg\" src=\"https:\/\/www.radiopiu.net\/wordpress\/wp-content\/uploads\/2022\/11\/Quando-Radiosquadra-e-Enzo-Tortora-arrivarono-a-San-Tomaso-1952.mp3?_=1\" \/><a href=\"https:\/\/www.radiopiu.net\/wordpress\/wp-content\/uploads\/2022\/11\/Quando-Radiosquadra-e-Enzo-Tortora-arrivarono-a-San-Tomaso-1952.mp3\">https:\/\/www.radiopiu.net\/wordpress\/wp-content\/uploads\/2022\/11\/Quando-Radiosquadra-e-Enzo-Tortora-arrivarono-a-San-Tomaso-1952.mp3<\/a><\/audio>\n<p>&nbsp;<\/p>\n<p>&nbsp;<\/p>\n<p>******<\/p>\n","protected":false},"excerpt":{"rendered":"<p>di Luisa Manfroi Era l&#8217;estate del 1952 e Tortora gir\u00f2 altri comuni dell&#8217;Agordino. Si ha notizia certa del suo arrivo, insieme alla troupe della Rai chiamata Radiosquadra, ad Agordo, Canale d&#8217;Agordo, Cencenighe, Vallada e, probabilmente, anche in altre localit\u00e0 agordine di cui tuttavia non si \u00e8 a conoscenza. Radiosquadra giunse anche in Cadore, a Belluno,&hellip;<\/p>\n","protected":false},"author":4,"featured_media":305587,"comment_status":"closed","ping_status":"closed","sticky":false,"template":"","format":"standard","meta":{"_monsterinsights_skip_tracking":false,"_monsterinsights_sitenote_active":false,"_monsterinsights_sitenote_note":"","_monsterinsights_sitenote_category":0,"footnotes":""},"categories":[104,49],"tags":[],"class_list":["post-305585","post","type-post","status-publish","format-standard","has-post-thumbnail","hentry","category-evidenza_3","category-news-18","category-104","category-49","description-off"],"img_url":"https:\/\/www.radiopiu.net\/wordpress\/wp-content\/uploads\/2022\/11\/Enzo-Tortora-a-San-Tomaso-intervista-Bepo-Talachini-Radiosquadra-1952.jpeg","_links":{"self":[{"href":"https:\/\/www.radiopiu.net\/wordpress\/wp-json\/wp\/v2\/posts\/305585","targetHints":{"allow":["GET"]}}],"collection":[{"href":"https:\/\/www.radiopiu.net\/wordpress\/wp-json\/wp\/v2\/posts"}],"about":[{"href":"https:\/\/www.radiopiu.net\/wordpress\/wp-json\/wp\/v2\/types\/post"}],"author":[{"embeddable":true,"href":"https:\/\/www.radiopiu.net\/wordpress\/wp-json\/wp\/v2\/users\/4"}],"replies":[{"embeddable":true,"href":"https:\/\/www.radiopiu.net\/wordpress\/wp-json\/wp\/v2\/comments?post=305585"}],"version-history":[{"count":0,"href":"https:\/\/www.radiopiu.net\/wordpress\/wp-json\/wp\/v2\/posts\/305585\/revisions"}],"wp:featuredmedia":[{"embeddable":true,"href":"https:\/\/www.radiopiu.net\/wordpress\/wp-json\/wp\/v2\/media\/305587"}],"wp:attachment":[{"href":"https:\/\/www.radiopiu.net\/wordpress\/wp-json\/wp\/v2\/media?parent=305585"}],"wp:term":[{"taxonomy":"category","embeddable":true,"href":"https:\/\/www.radiopiu.net\/wordpress\/wp-json\/wp\/v2\/categories?post=305585"},{"taxonomy":"post_tag","embeddable":true,"href":"https:\/\/www.radiopiu.net\/wordpress\/wp-json\/wp\/v2\/tags?post=305585"}],"curies":[{"name":"wp","href":"https:\/\/api.w.org\/{rel}","templated":true}]}}