{"id":305589,"date":"2022-11-10T10:31:30","date_gmt":"2022-11-10T09:31:30","guid":{"rendered":"https:\/\/www.radiopiu.net\/wordpress\/?p=305589"},"modified":"2022-11-11T05:53:59","modified_gmt":"2022-11-11T04:53:59","slug":"doppio-appuntamento-a-feltre-il-25-novembre-per-la-giornata-internazionale-contro-la-violenza-sulle-donne","status":"publish","type":"post","link":"https:\/\/www.radiopiu.net\/wordpress\/doppio-appuntamento-a-feltre-il-25-novembre-per-la-giornata-internazionale-contro-la-violenza-sulle-donne\/","title":{"rendered":"DOPPIO APPUNTAMENTO A FELTRE IL 25 NOVEMBRE PER LA GIORNATA INTERNAZIONALE CONTRO LA VIOLENZA SULLE DONNE"},"content":{"rendered":"<p><strong><a class=\"dt-pswp-item\" href=\"https:\/\/www.radiopiu.net\/wordpress\/wp-content\/uploads\/2022\/11\/Schermata-2022-11-10-alle-10.30.24.png\" data-dt-img-description=\"\" data-large_image_width=\"1354\" data-large_image_height=\"858\"><img loading=\"lazy\" decoding=\"async\" class=\" wp-image-305597 alignleft\" src=\"https:\/\/www.radiopiu.net\/wordpress\/wp-content\/uploads\/2022\/11\/Schermata-2022-11-10-alle-10.30.24-300x190.png\" alt=\"\" width=\"204\" height=\"129\" srcset=\"https:\/\/www.radiopiu.net\/wordpress\/wp-content\/uploads\/2022\/11\/Schermata-2022-11-10-alle-10.30.24-300x190.png 300w, https:\/\/www.radiopiu.net\/wordpress\/wp-content\/uploads\/2022\/11\/Schermata-2022-11-10-alle-10.30.24-1024x649.png 1024w, https:\/\/www.radiopiu.net\/wordpress\/wp-content\/uploads\/2022\/11\/Schermata-2022-11-10-alle-10.30.24-768x487.png 768w, https:\/\/www.radiopiu.net\/wordpress\/wp-content\/uploads\/2022\/11\/Schermata-2022-11-10-alle-10.30.24.png 1354w\" sizes=\"auto, (max-width: 204px) 100vw, 204px\" \/><\/a>FELTRE <\/strong>Doppio appuntamento a Feltre il 25 novembre prossimo in occasione della Giornata internazionale per l&#8217;eliminazione della violenza contro le donne. Alle 17.30 presso il Polo Bibliotecario Feltrino il regista e attore Roberto Faoro legger\u00e0 una selezione di brani tratti dal libro di Loredana Lipperini e Michela Murgia \u201cL&#8217;ho uccisa perch\u00e8 l&#8217;amavo (falso!)\u201d. L&#8217;incontro, che si concluder\u00e0 con un momento di riflessione, \u00e8 promossa in collaborazione con Aulss 1 Dolomiti. La sera l&#8217;appuntamento \u00e8 alle 20.45 in Auditorium Canossiano, con il monologo teatrale \u201cGuerriera\u201d di Teatro Piteco e The Covers. Sul palco Cristina Gianni che dar\u00e0 voce e corpo al tema della violenza psicologica sul femminile. Due appuntamenti diversi, entrambi ad ingresso libero e gratuito fino ad esaurimento posti, voluti fortemente dall&#8217;Amministrazione. \u201c<em>La lotta alla violenza passa attraverso la consapevolezza \u2013 ha dichiarato il sindaco Viviana Fusaro &#8211; Dobbiamo educarci a parlarne, e a riconoscerne i segni. E&#8217; un messaggio che vale per le donne quanto per gli uomini, che speriamo di vedere numerosi ad entrambi gli incontr<\/em>i\u201d.<\/p>\n<p>&nbsp;<\/p>\n<p>&nbsp;<\/p>\n<p>*****<\/p>\n","protected":false},"excerpt":{"rendered":"<p>FELTRE Doppio appuntamento a Feltre il 25 novembre prossimo in occasione della Giornata internazionale per l&#8217;eliminazione della violenza contro le donne. Alle 17.30 presso il Polo Bibliotecario Feltrino il regista e attore Roberto Faoro legger\u00e0 una selezione di brani tratti dal libro di Loredana Lipperini e Michela Murgia \u201cL&#8217;ho uccisa perch\u00e8 l&#8217;amavo (falso!)\u201d. L&#8217;incontro, che&hellip;<\/p>\n","protected":false},"author":4,"featured_media":305697,"comment_status":"closed","ping_status":"closed","sticky":false,"template":"","format":"standard","meta":{"_monsterinsights_skip_tracking":false,"_monsterinsights_sitenote_active":false,"_monsterinsights_sitenote_note":"","_monsterinsights_sitenote_category":0,"footnotes":""},"categories":[104,49],"tags":[],"class_list":["post-305589","post","type-post","status-publish","format-standard","has-post-thumbnail","hentry","category-evidenza_3","category-news-18","category-104","category-49","description-off"],"img_url":"https:\/\/www.radiopiu.net\/wordpress\/wp-content\/uploads\/2022\/11\/Schermata-2022-11-10-alle-10.30.24-300x190-1.png","_links":{"self":[{"href":"https:\/\/www.radiopiu.net\/wordpress\/wp-json\/wp\/v2\/posts\/305589","targetHints":{"allow":["GET"]}}],"collection":[{"href":"https:\/\/www.radiopiu.net\/wordpress\/wp-json\/wp\/v2\/posts"}],"about":[{"href":"https:\/\/www.radiopiu.net\/wordpress\/wp-json\/wp\/v2\/types\/post"}],"author":[{"embeddable":true,"href":"https:\/\/www.radiopiu.net\/wordpress\/wp-json\/wp\/v2\/users\/4"}],"replies":[{"embeddable":true,"href":"https:\/\/www.radiopiu.net\/wordpress\/wp-json\/wp\/v2\/comments?post=305589"}],"version-history":[{"count":0,"href":"https:\/\/www.radiopiu.net\/wordpress\/wp-json\/wp\/v2\/posts\/305589\/revisions"}],"wp:featuredmedia":[{"embeddable":true,"href":"https:\/\/www.radiopiu.net\/wordpress\/wp-json\/wp\/v2\/media\/305697"}],"wp:attachment":[{"href":"https:\/\/www.radiopiu.net\/wordpress\/wp-json\/wp\/v2\/media?parent=305589"}],"wp:term":[{"taxonomy":"category","embeddable":true,"href":"https:\/\/www.radiopiu.net\/wordpress\/wp-json\/wp\/v2\/categories?post=305589"},{"taxonomy":"post_tag","embeddable":true,"href":"https:\/\/www.radiopiu.net\/wordpress\/wp-json\/wp\/v2\/tags?post=305589"}],"curies":[{"name":"wp","href":"https:\/\/api.w.org\/{rel}","templated":true}]}}