{"id":305679,"date":"2022-11-10T16:24:59","date_gmt":"2022-11-10T15:24:59","guid":{"rendered":"https:\/\/www.radiopiu.net\/wordpress\/?p=305679"},"modified":"2022-11-10T16:34:34","modified_gmt":"2022-11-10T15:34:34","slug":"al-via-i-lavori-nel-cantiere-al-ponte-della-veneggia","status":"publish","type":"post","link":"https:\/\/www.radiopiu.net\/wordpress\/al-via-i-lavori-nel-cantiere-al-ponte-della-veneggia\/","title":{"rendered":"AL VIA I LAVORI NEL CANTIERE AL PONTE DELLA VENEGGIA"},"content":{"rendered":"<p><strong> <a class=\"dt-pswp-item\" href=\"https:\/\/www.radiopiu.net\/wordpress\/wp-content\/uploads\/2022\/11\/Pulizia-pendio-Veneggia1.jpeg\" data-dt-img-description=\"\" data-large_image_width=\"1512\" data-large_image_height=\"2016\"><img loading=\"lazy\" decoding=\"async\" class=\"wp-image-305680 alignleft\" src=\"https:\/\/www.radiopiu.net\/wordpress\/wp-content\/uploads\/2022\/11\/Pulizia-pendio-Veneggia1.jpeg\" alt=\"\" width=\"180\" height=\"240\" srcset=\"https:\/\/www.radiopiu.net\/wordpress\/wp-content\/uploads\/2022\/11\/Pulizia-pendio-Veneggia1.jpeg 1512w, https:\/\/www.radiopiu.net\/wordpress\/wp-content\/uploads\/2022\/11\/Pulizia-pendio-Veneggia1-225x300.jpeg 225w, https:\/\/www.radiopiu.net\/wordpress\/wp-content\/uploads\/2022\/11\/Pulizia-pendio-Veneggia1-768x1024.jpeg 768w, https:\/\/www.radiopiu.net\/wordpress\/wp-content\/uploads\/2022\/11\/Pulizia-pendio-Veneggia1-1152x1536.jpeg 1152w\" sizes=\"auto, (max-width: 180px) 100vw, 180px\" \/><\/a>BELLUNO<\/strong> Per iniziare\u00a0 la pulizia del pendio, seguir\u00e0 la realizzazione della pista ciclabile lungo via Tiziano Vecellio. In progetto una passerella in acciaio al lato del manufatto, per pedoni e ciclisti. Si tratterebbe di un investimento aggiuntivo di 300 mila euro, coinvolta nella riflessione la Regione e ricorso ad eventuali fondi\u00a0 Pnrr.\u00a0 <em>\u201cNel mese di agosto abbiamo fermato l\u2019avvio del cantiere per trovare una soluzione diversa, che creasse meno disagio possibile ai cittadini \u2013 spiega l\u2019assessore ai lavori pubblici, Franco Roccon \u2013, perch\u00e9 l\u2019intervento di pulizia e disboscamento non comportasse l\u2019interruzione della viabilit\u00e0 nell\u2019area. Abbiamo trovato il modo, non \u00e8 stata installata un\u2019impalcatura ma si operer\u00e0 con una piattaforma che lascia libero il ponte\u201d. <\/em>La pista ciclabile dal ponte si estender\u00e0 per qualche centinaio di metri fino ai pressi della sede Arpav.\u00a0 Il costo complessivo sar\u00e0 di circa 620 mila euro, coperti da fondi regionali e comunali e impegnati con la variante in corso d\u2019opera appena approvata; a questi potrebbero aggiungersi ulteriori 300 mila euro se risulter\u00e0 fattibile la realizzazione del tratto pi\u00f9 importante di ciclabile, una passerella in acciaio a sbalzo a fianco del ponte. In quanto alla viabilit\u00e0, permane l\u2019ordinanza della Polizia Locale che indica come necessaria la deviazione del traffico pesante nelle vie Ugo Neri e laterali per tutta la durata della realizzazione della ciclabile. Le corsie di via Tiziano Vecellio non saranno interessate da restringimenti.<\/p>\n<p>&nbsp;<\/p>\n<blockquote>\n<h2>IL SINDACO OSCAR DE PELLEGRIN E L&#8217;ASSESSORE FRANCO ROCCON<\/h2>\n<\/blockquote>\n\n\t\t\t<style type='text\/css'>\n\t\t\t\t#gallery-1 {\n\t\t\t\t\tmargin: auto;\n\t\t\t\t}\n\t\t\t\t#gallery-1 .gallery-item {\n\t\t\t\t\tfloat: left;\n\t\t\t\t\tmargin-top: 10px;\n\t\t\t\t\ttext-align: center;\n\t\t\t\t\twidth: 50%;\n\t\t\t\t}\n\t\t\t\t#gallery-1 img {\n\t\t\t\t\tborder: 2px solid #cfcfcf;\n\t\t\t\t}\n\t\t\t\t#gallery-1 .gallery-caption {\n\t\t\t\t\tmargin-left: 0;\n\t\t\t\t}\n\t\t\t\t\/* see gallery_shortcode() in wp-includes\/media.php *\/\n\t\t\t<\/style>\n\t\t<div id='gallery-1' class='dt-gallery-container gallery galleryid-305679 gallery-columns-2 gallery-size-thumbnail'><dl class='gallery-item'>\n\t\t\t\t<dt class='gallery-icon portrait'>\n\t\t\t\t\t<a class=\"rollover rollover-zoom dt-pswp-item\" title=\"oscar\" data-dt-img-description=\"\" data-large_image_width=\"344\" data-large_image_height=\"368\"href='https:\/\/www.radiopiu.net\/wordpress\/wp-content\/uploads\/2022\/11\/oscar.jpg'><img loading=\"lazy\" decoding=\"async\" width=\"150\" height=\"150\" src=\"https:\/\/www.radiopiu.net\/wordpress\/wp-content\/uploads\/2022\/11\/oscar-150x150.jpg\" class=\"attachment-thumbnail size-thumbnail\" alt=\"\" \/><\/a>\n\t\t\t\t<\/dt><\/dl><dl class='gallery-item'>\n\t\t\t\t<dt class='gallery-icon landscape'>\n\t\t\t\t\t<a class=\"rollover rollover-zoom dt-pswp-item\" title=\"roccon\" data-dt-img-description=\"\" data-large_image_width=\"431\" data-large_image_height=\"406\"href='https:\/\/www.radiopiu.net\/wordpress\/wp-content\/uploads\/2022\/11\/roccon.png'><img loading=\"lazy\" decoding=\"async\" width=\"150\" height=\"150\" src=\"https:\/\/www.radiopiu.net\/wordpress\/wp-content\/uploads\/2022\/11\/roccon-150x150.png\" class=\"attachment-thumbnail size-thumbnail\" alt=\"\" \/><\/a>\n\t\t\t\t<\/dt><\/dl><br style=\"clear: both\" \/>\n\t\t\t<\/div>\n\n<p>&nbsp;<\/p>\n<audio class=\"wp-audio-shortcode\" id=\"audio-305679-1\" preload=\"none\" style=\"width: 100%;\" controls=\"controls\"><source type=\"audio\/mpeg\" src=\"https:\/\/www.radiopiu.net\/wordpress\/wp-content\/uploads\/2022\/11\/oscar.mp3?_=1\" \/><a href=\"https:\/\/www.radiopiu.net\/wordpress\/wp-content\/uploads\/2022\/11\/oscar.mp3\">https:\/\/www.radiopiu.net\/wordpress\/wp-content\/uploads\/2022\/11\/oscar.mp3<\/a><\/audio>\n<p>&nbsp;<\/p>\n<audio class=\"wp-audio-shortcode\" id=\"audio-305679-2\" preload=\"none\" style=\"width: 100%;\" controls=\"controls\"><source type=\"audio\/mpeg\" src=\"https:\/\/www.radiopiu.net\/wordpress\/wp-content\/uploads\/2022\/11\/roccon.mp3?_=2\" \/><a href=\"https:\/\/www.radiopiu.net\/wordpress\/wp-content\/uploads\/2022\/11\/roccon.mp3\">https:\/\/www.radiopiu.net\/wordpress\/wp-content\/uploads\/2022\/11\/roccon.mp3<\/a><\/audio>\n<p>&nbsp;<\/p>\n<p>&nbsp;<\/p>\n<p>&nbsp;<\/p>\n<hr \/>\n<p>&nbsp;<\/p>\n<p>&nbsp;<\/p>\n","protected":false},"excerpt":{"rendered":"<p>BELLUNO Per iniziare\u00a0 la pulizia del pendio, seguir\u00e0 la realizzazione della pista ciclabile lungo via Tiziano Vecellio. In progetto una passerella in acciaio al lato del manufatto, per pedoni e ciclisti. Si tratterebbe di un investimento aggiuntivo di 300 mila euro, coinvolta nella riflessione la Regione e ricorso ad eventuali fondi\u00a0 Pnrr.\u00a0 \u201cNel mese di&hellip;<\/p>\n","protected":false},"author":4,"featured_media":305681,"comment_status":"closed","ping_status":"closed","sticky":false,"template":"","format":"standard","meta":{"_monsterinsights_skip_tracking":false,"_monsterinsights_sitenote_active":false,"_monsterinsights_sitenote_note":"","_monsterinsights_sitenote_category":0,"footnotes":""},"categories":[51,49],"tags":[],"class_list":["post-305679","post","type-post","status-publish","format-standard","has-post-thumbnail","hentry","category-evidenza-top","category-news-18","category-51","category-49","description-off"],"img_url":"https:\/\/www.radiopiu.net\/wordpress\/wp-content\/uploads\/2022\/11\/Pulizia-pendio-Veneggia.jpeg","_links":{"self":[{"href":"https:\/\/www.radiopiu.net\/wordpress\/wp-json\/wp\/v2\/posts\/305679","targetHints":{"allow":["GET"]}}],"collection":[{"href":"https:\/\/www.radiopiu.net\/wordpress\/wp-json\/wp\/v2\/posts"}],"about":[{"href":"https:\/\/www.radiopiu.net\/wordpress\/wp-json\/wp\/v2\/types\/post"}],"author":[{"embeddable":true,"href":"https:\/\/www.radiopiu.net\/wordpress\/wp-json\/wp\/v2\/users\/4"}],"replies":[{"embeddable":true,"href":"https:\/\/www.radiopiu.net\/wordpress\/wp-json\/wp\/v2\/comments?post=305679"}],"version-history":[{"count":0,"href":"https:\/\/www.radiopiu.net\/wordpress\/wp-json\/wp\/v2\/posts\/305679\/revisions"}],"wp:featuredmedia":[{"embeddable":true,"href":"https:\/\/www.radiopiu.net\/wordpress\/wp-json\/wp\/v2\/media\/305681"}],"wp:attachment":[{"href":"https:\/\/www.radiopiu.net\/wordpress\/wp-json\/wp\/v2\/media?parent=305679"}],"wp:term":[{"taxonomy":"category","embeddable":true,"href":"https:\/\/www.radiopiu.net\/wordpress\/wp-json\/wp\/v2\/categories?post=305679"},{"taxonomy":"post_tag","embeddable":true,"href":"https:\/\/www.radiopiu.net\/wordpress\/wp-json\/wp\/v2\/tags?post=305679"}],"curies":[{"name":"wp","href":"https:\/\/api.w.org\/{rel}","templated":true}]}}