{"id":305889,"date":"2022-11-11T16:25:39","date_gmt":"2022-11-11T15:25:39","guid":{"rendered":"https:\/\/www.radiopiu.net\/wordpress\/?p=305889"},"modified":"2022-11-11T16:40:19","modified_gmt":"2022-11-11T15:40:19","slug":"fondi-di-confine-lopinione-di-tiziano-de-col","status":"publish","type":"post","link":"https:\/\/www.radiopiu.net\/wordpress\/fondi-di-confine-lopinione-di-tiziano-de-col\/","title":{"rendered":"FONDI DI CONFINE&#8230;L&#8217;OPINIONE DI TIZIANO DE COL"},"content":{"rendered":"<p><strong><a class=\"dt-pswp-item\" href=\"https:\/\/www.radiopiu.net\/wordpress\/wp-content\/uploads\/2021\/08\/soldi-banche.jpg\" data-dt-img-description=\"\" data-large_image_width=\"800\" data-large_image_height=\"566\"><img loading=\"lazy\" decoding=\"async\" class=\" wp-image-228818 alignleft\" src=\"https:\/\/www.radiopiu.net\/wordpress\/wp-content\/uploads\/2021\/08\/soldi-banche-300x212.jpg\" alt=\"\" width=\"178\" height=\"126\" srcset=\"https:\/\/www.radiopiu.net\/wordpress\/wp-content\/uploads\/2021\/08\/soldi-banche-300x212.jpg 300w, https:\/\/www.radiopiu.net\/wordpress\/wp-content\/uploads\/2021\/08\/soldi-banche-768x543.jpg 768w, https:\/\/www.radiopiu.net\/wordpress\/wp-content\/uploads\/2021\/08\/soldi-banche.jpg 800w\" sizes=\"auto, (max-width: 178px) 100vw, 178px\" \/><\/a>di Tiziano De Col<\/strong><\/p>\n<p>E organizzarsi per creare finalmente una struttura che supporti la progettazione suoi Fondi di Confine e sui Fondi Europei a favore dei Comuni ? Certamente neanche i consulenti, cos\u00ec come i nuovi assunti, sono super competenti da subito. Bisogna creare un sistema stabile, come per le imprese private, che offra servizi garantiti alla PA. Manca assolutamente un sistema di consulenti per la PA che agisca come le organizzazioni di categoria nel privato e quando andranno in pensione i tecnici comunali ora operativi sar\u00e0 il collasso. Io al tempo (2000-2004) proposi a Ongaro e a Pra la creazione di un sistema Agordino a supporto dei comuni che facesse capo alla CMA cos\u00ec come si era fatto in quegli anni per i tributi. Forse Ongaro era un po&#8217; preoccupato per l&#8217;impegno richiesto alla CMA, ma Pra aveva drizzato le orecchie. Venne quindi attivato un apposito Ufficio Interreg in CMA che rest\u00f2 attivo per diversi anni, finanziato a carico dei progetti stessi .Poi sappiamo come \u00e8 andata a finire&#8230;. Eravamo andati anche ad Hochfilzen nel distretto di Kitzb\u00fchel, nella Pillerseetal per vedere una organizzazione di questo tipo che lavorava per il Land di Salisburgo. Un nucleo creato attorno ad un GAL che si era sviluppato tramite outsourcer esterni ben formati e preparati che venivano inseriti nei progetti durante lo sviluppo degli stessi, anzi, erano gli outsourcer stessi che predisponevano la progettualit\u00e0 all&#8217;interno della quale avrebbero poi lavorato, predisponendo loro stessi gli incontri di partenariato m La struttura si chiamava Regio-Teck ed a capo c&#8217;era un funzionario del Land che si chiamava Daniel Wibmer e veniva anche spesso ad Agordo insieme ad un funzionario del Tirolo che si chiamava Christian Stanfer. Come altre volte, abbiamo perso una grande occasione per la paura di qualcuno, Agordini e non di perdere il controllo della situazione.<\/p>\n<p>&nbsp;<\/p>\n<p>&nbsp;<\/p>\n<p>*******<\/p>\n","protected":false},"excerpt":{"rendered":"<p>di Tiziano De Col E organizzarsi per creare finalmente una struttura che supporti la progettazione suoi Fondi di Confine e sui Fondi Europei a favore dei Comuni ? Certamente neanche i consulenti, cos\u00ec come i nuovi assunti, sono super competenti da subito. Bisogna creare un sistema stabile, come per le imprese private, che offra servizi&hellip;<\/p>\n","protected":false},"author":4,"featured_media":257339,"comment_status":"closed","ping_status":"closed","sticky":false,"template":"","format":"standard","meta":{"_monsterinsights_skip_tracking":false,"_monsterinsights_sitenote_active":false,"_monsterinsights_sitenote_note":"","_monsterinsights_sitenote_category":0,"footnotes":""},"categories":[51,49],"tags":[],"class_list":["post-305889","post","type-post","status-publish","format-standard","has-post-thumbnail","hentry","category-evidenza-top","category-news-18","category-51","category-49","description-off"],"img_url":"https:\/\/www.radiopiu.net\/wordpress\/wp-content\/uploads\/2022\/02\/soldi-banche-300x212-1.jpg","_links":{"self":[{"href":"https:\/\/www.radiopiu.net\/wordpress\/wp-json\/wp\/v2\/posts\/305889","targetHints":{"allow":["GET"]}}],"collection":[{"href":"https:\/\/www.radiopiu.net\/wordpress\/wp-json\/wp\/v2\/posts"}],"about":[{"href":"https:\/\/www.radiopiu.net\/wordpress\/wp-json\/wp\/v2\/types\/post"}],"author":[{"embeddable":true,"href":"https:\/\/www.radiopiu.net\/wordpress\/wp-json\/wp\/v2\/users\/4"}],"replies":[{"embeddable":true,"href":"https:\/\/www.radiopiu.net\/wordpress\/wp-json\/wp\/v2\/comments?post=305889"}],"version-history":[{"count":0,"href":"https:\/\/www.radiopiu.net\/wordpress\/wp-json\/wp\/v2\/posts\/305889\/revisions"}],"wp:featuredmedia":[{"embeddable":true,"href":"https:\/\/www.radiopiu.net\/wordpress\/wp-json\/wp\/v2\/media\/257339"}],"wp:attachment":[{"href":"https:\/\/www.radiopiu.net\/wordpress\/wp-json\/wp\/v2\/media?parent=305889"}],"wp:term":[{"taxonomy":"category","embeddable":true,"href":"https:\/\/www.radiopiu.net\/wordpress\/wp-json\/wp\/v2\/categories?post=305889"},{"taxonomy":"post_tag","embeddable":true,"href":"https:\/\/www.radiopiu.net\/wordpress\/wp-json\/wp\/v2\/tags?post=305889"}],"curies":[{"name":"wp","href":"https:\/\/api.w.org\/{rel}","templated":true}]}}