{"id":305892,"date":"2022-11-11T23:59:31","date_gmt":"2022-11-11T22:59:31","guid":{"rendered":"https:\/\/www.radiopiu.net\/wordpress\/?p=305892"},"modified":"2022-11-12T05:40:49","modified_gmt":"2022-11-12T04:40:49","slug":"domani-agordina-al-dorigo-con-la-sospirolese","status":"publish","type":"post","link":"https:\/\/www.radiopiu.net\/wordpress\/domani-agordina-al-dorigo-con-la-sospirolese\/","title":{"rendered":"DOMANI AGORDINA AL DORIGO CON LA SOSPIROLESE"},"content":{"rendered":"<p><strong><a class=\"dt-pswp-item\" href=\"https:\/\/www.radiopiu.net\/wordpress\/wp-content\/uploads\/2022\/11\/CALCIO-2022.jpg\" data-dt-img-description=\"\" data-large_image_width=\"1920\" data-large_image_height=\"1280\"><img loading=\"lazy\" decoding=\"async\" class=\" wp-image-305390 alignleft\" src=\"https:\/\/www.radiopiu.net\/wordpress\/wp-content\/uploads\/2022\/11\/CALCIO-2022-300x200.jpg\" alt=\"\" width=\"164\" height=\"109\" srcset=\"https:\/\/www.radiopiu.net\/wordpress\/wp-content\/uploads\/2022\/11\/CALCIO-2022-300x200.jpg 300w, https:\/\/www.radiopiu.net\/wordpress\/wp-content\/uploads\/2022\/11\/CALCIO-2022-1024x683.jpg 1024w, https:\/\/www.radiopiu.net\/wordpress\/wp-content\/uploads\/2022\/11\/CALCIO-2022-768x512.jpg 768w, https:\/\/www.radiopiu.net\/wordpress\/wp-content\/uploads\/2022\/11\/CALCIO-2022-1536x1024.jpg 1536w, https:\/\/www.radiopiu.net\/wordpress\/wp-content\/uploads\/2022\/11\/CALCIO-2022.jpg 1920w\" sizes=\"auto, (max-width: 164px) 100vw, 164px\" \/><\/a>REDAZIONE<\/strong> Agordina in campo nel fine settimana con le sue quattro squadre iscritte ai campionati FIGC. Oggi pomeriggio in programma due partite. I Giovanissimi Provinciali di De Bastiani tornano tra le mura amiche. Alle 15 all&#8217;Ivano Dorigo di Agordo arriva il Piave. Alla stessa ora la Juniores di De Zaiacomo sar\u00e0 in trasferta per giocare contro la Plavis. Domani mattina alle 10:30 sar\u00e0 il turno della della squadra regionale degli Allievi di Orzetti. Trasferta in terra alpagotta per i ragazzi di Agordo per affrontare l&#8217;Alpago. Continua anche la stagione della prima squadra allenata da Marco Lorenzi. Dopo la brutta prestazione di domenica scorsa con il Sarmede, questa settimana l&#8217;Agordina giocher\u00e0 il derby con la Sospirolese all&#8217;Ivano Dorigo di Agordo. Calcio d&#8217;inizio alle 14:30. Radio Pi\u00f9 seguir\u00e0 la partita all&#8217;interno di &#8220;Domenica Pi\u00f9 Sport&#8221;<\/p>\n<p>&nbsp;<\/p>\n<p>&nbsp;<\/p>\n<p>*******<\/p>\n","protected":false},"excerpt":{"rendered":"<p>REDAZIONE Agordina in campo nel fine settimana con le sue quattro squadre iscritte ai campionati FIGC. Oggi pomeriggio in programma due partite. I Giovanissimi Provinciali di De Bastiani tornano tra le mura amiche. Alle 15 all&#8217;Ivano Dorigo di Agordo arriva il Piave. Alla stessa ora la Juniores di De Zaiacomo sar\u00e0 in trasferta per giocare&hellip;<\/p>\n","protected":false},"author":4,"featured_media":305390,"comment_status":"closed","ping_status":"closed","sticky":false,"template":"","format":"standard","meta":{"_monsterinsights_skip_tracking":false,"_monsterinsights_sitenote_active":false,"_monsterinsights_sitenote_note":"","_monsterinsights_sitenote_category":0,"footnotes":""},"categories":[104,49],"tags":[],"class_list":["post-305892","post","type-post","status-publish","format-standard","has-post-thumbnail","hentry","category-evidenza_3","category-news-18","category-104","category-49","description-off"],"img_url":"https:\/\/www.radiopiu.net\/wordpress\/wp-content\/uploads\/2022\/11\/CALCIO-2022.jpg","_links":{"self":[{"href":"https:\/\/www.radiopiu.net\/wordpress\/wp-json\/wp\/v2\/posts\/305892","targetHints":{"allow":["GET"]}}],"collection":[{"href":"https:\/\/www.radiopiu.net\/wordpress\/wp-json\/wp\/v2\/posts"}],"about":[{"href":"https:\/\/www.radiopiu.net\/wordpress\/wp-json\/wp\/v2\/types\/post"}],"author":[{"embeddable":true,"href":"https:\/\/www.radiopiu.net\/wordpress\/wp-json\/wp\/v2\/users\/4"}],"replies":[{"embeddable":true,"href":"https:\/\/www.radiopiu.net\/wordpress\/wp-json\/wp\/v2\/comments?post=305892"}],"version-history":[{"count":0,"href":"https:\/\/www.radiopiu.net\/wordpress\/wp-json\/wp\/v2\/posts\/305892\/revisions"}],"wp:featuredmedia":[{"embeddable":true,"href":"https:\/\/www.radiopiu.net\/wordpress\/wp-json\/wp\/v2\/media\/305390"}],"wp:attachment":[{"href":"https:\/\/www.radiopiu.net\/wordpress\/wp-json\/wp\/v2\/media?parent=305892"}],"wp:term":[{"taxonomy":"category","embeddable":true,"href":"https:\/\/www.radiopiu.net\/wordpress\/wp-json\/wp\/v2\/categories?post=305892"},{"taxonomy":"post_tag","embeddable":true,"href":"https:\/\/www.radiopiu.net\/wordpress\/wp-json\/wp\/v2\/tags?post=305892"}],"curies":[{"name":"wp","href":"https:\/\/api.w.org\/{rel}","templated":true}]}}