{"id":305997,"date":"2022-11-12T05:02:53","date_gmt":"2022-11-12T04:02:53","guid":{"rendered":"https:\/\/www.radiopiu.net\/wordpress\/?p=305997"},"modified":"2022-11-12T05:08:03","modified_gmt":"2022-11-12T04:08:03","slug":"stadio-del-ghiaccio-di-alleghe-il-sindaco-al-lavoro-per-la-riapertura","status":"publish","type":"post","link":"https:\/\/www.radiopiu.net\/wordpress\/stadio-del-ghiaccio-di-alleghe-il-sindaco-al-lavoro-per-la-riapertura\/","title":{"rendered":"STADIO DEL GHIACCIO DI ALLEGHE,\u00a0 IL SINDACO AL LAVORO PER LA RIAPERTURA"},"content":{"rendered":"<blockquote>\n<h3><a class=\"dt-pswp-item\" href=\"https:\/\/www.radiopiu.net\/wordpress\/wp-content\/uploads\/2018\/07\/stadio-alleghe-5.jpg\" data-dt-img-description=\"\" data-large_image_width=\"1024\" data-large_image_height=\"768\"><img loading=\"lazy\" decoding=\"async\" class=\"wp-image-53145 alignleft\" src=\"https:\/\/www.radiopiu.net\/wordpress\/wp-content\/uploads\/2018\/07\/stadio-alleghe-5-300x225.jpg\" alt=\"\" width=\"190\" height=\"142\" srcset=\"https:\/\/www.radiopiu.net\/wordpress\/wp-content\/uploads\/2018\/07\/stadio-alleghe-5-300x225.jpg 300w, https:\/\/www.radiopiu.net\/wordpress\/wp-content\/uploads\/2018\/07\/stadio-alleghe-5-768x576.jpg 768w, https:\/\/www.radiopiu.net\/wordpress\/wp-content\/uploads\/2018\/07\/stadio-alleghe-5.jpg 1024w\" sizes=\"auto, (max-width: 190px) 100vw, 190px\" \/><\/a><\/h3>\n<\/blockquote>\n<p><strong>ALLEGHE<\/strong> Dopo la riapertura dello stadio del ghiaccio di Tai di Cadore (grazie al contributo da 100mila euro della Galvalux per pagare le bollette elettriche) e dopo la riapertura dell&#8217;impianto di Soccampo a Zoldo,\u00a0 anche in riva al lago l&#8217;amministrazione comunale \u00e8 intenzionata a riaprire l&#8217;impianto. Il sindaco Danilo De Toni, gi\u00e0 una settimana fa in occasione del consiglio dell&#8217;Unione Montana, interrogato sull&#8217;argomento\u00a0 aveva assicurato il suo interesse e dell&#8217;intera Giunta comunale per una possibile riapertura dell&#8217;Alvise De Toni anche in ottica\u00a0 ponte di San&#8217;Ambrogio &#8211; vacanze di Natale.\u00a0 <em>&#8220;Nessuna data per ora &#8211; aveva detto il sindaco &#8211; ma siamo impegnati nei colloqui con gli sponsor e confidiamo anche nella possibilit\u00e0 di riaccendere la centralina sul torrente Zunaia&#8221;<\/em>. Adriano Levis, presidente dell&#8217;Alleghe Hockey\u00a0 guarda con fiducia alla possibile riapertura dello stadio, in questi mesi non sono mancati i\u00a0 sacrifici da parte di tutti, dirigenti, atleti, genitori, per non &#8220;chiudere&#8221; le attivit\u00e0, dai campionati giovanili alla squadra principale di serie B. Infatti allenamenti e partite di campionato si sono svolti regolarmente con faticose trasferte negli impianti che non hanno chiuso, ovvero Feltre e Cortina. In molti hanno contribuito a rendere meno gravoso l&#8217;impegno economico della societ\u00e0, lo hanno fatto con la raccolta fondi per aiutare l\u2019Alleghe Hockey sulla apposita piattaforma Eppela<\/p>\n<p><strong>IL MESSAGGIO<\/strong><\/p>\n<p><em>Il nostro Palaghiaccio \u00e8 CHIUSO dal 2 ottobre 2022 per l\u2019enorme aumento dei costi dell\u2019energia. Questo significa che i nostri atleti, dai piccolissimi fino ai ragazzi della senior, non possono pi\u00f9 allenarsi n\u00e8 giocare sul nostro ghiaccio. Ma non possono soprattutto socializzare, imparare e fare attivit\u00e0 fisica con i propri compagni di squadra. Tutti noi siamo turbati da questa situazione, ma tutti insieme abbiamo reagito e cos\u00ec, rimboccandosi le maniche la Societ\u00e0 ha riorganizzato le attivit\u00e0, riuscendo a pianificare la gestione degli allenamenti negli stadi di altri Comuni. Cosa faremo con il contributo raccolto? La raccolta ci permetter\u00e0 di sostenere i costi per le continue trasferte dei nostri atleti.\u00a0<\/em><\/p>\n<p><strong>CHI VOLESSE AIUTARE L\u2019ALLEGHE HOCKEY PUO\u2019 FARLO NEI PUNTI RACCOLTA FONDI, BAR BIANCO AD ALLEGHE E CAFFE\u2019 MINIERE DI AGORDO. OPPURE TRAMITE LA RACCOLTA FONDI ONLINE DI EPPELA\u00a0<a href=\"https:\/\/www.eppela.com\/projects\/9059\">CLICCANDO QUI<\/a><\/strong><\/p>\n<p>&nbsp;<\/p>\n<p>&nbsp;<\/p>\n<p>******<\/p>\n<hr \/>\n<p>&nbsp;<\/p>\n","protected":false},"excerpt":{"rendered":"<p>ALLEGHE Dopo la riapertura dello stadio del ghiaccio di Tai di Cadore (grazie al contributo da 100mila euro della Galvalux per pagare le bollette elettriche) e dopo la riapertura dell&#8217;impianto di Soccampo a Zoldo,\u00a0 anche in riva al lago l&#8217;amministrazione comunale \u00e8 intenzionata a riaprire l&#8217;impianto. Il sindaco Danilo De Toni, gi\u00e0 una settimana fa&hellip;<\/p>\n","protected":false},"author":4,"featured_media":53145,"comment_status":"closed","ping_status":"closed","sticky":false,"template":"","format":"standard","meta":{"_monsterinsights_skip_tracking":false,"_monsterinsights_sitenote_active":false,"_monsterinsights_sitenote_note":"","_monsterinsights_sitenote_category":0,"footnotes":""},"categories":[51,49],"tags":[],"class_list":["post-305997","post","type-post","status-publish","format-standard","has-post-thumbnail","hentry","category-evidenza-top","category-news-18","category-51","category-49","description-off"],"img_url":"https:\/\/www.radiopiu.net\/wordpress\/wp-content\/uploads\/2018\/07\/stadio-alleghe-5.jpg","_links":{"self":[{"href":"https:\/\/www.radiopiu.net\/wordpress\/wp-json\/wp\/v2\/posts\/305997","targetHints":{"allow":["GET"]}}],"collection":[{"href":"https:\/\/www.radiopiu.net\/wordpress\/wp-json\/wp\/v2\/posts"}],"about":[{"href":"https:\/\/www.radiopiu.net\/wordpress\/wp-json\/wp\/v2\/types\/post"}],"author":[{"embeddable":true,"href":"https:\/\/www.radiopiu.net\/wordpress\/wp-json\/wp\/v2\/users\/4"}],"replies":[{"embeddable":true,"href":"https:\/\/www.radiopiu.net\/wordpress\/wp-json\/wp\/v2\/comments?post=305997"}],"version-history":[{"count":0,"href":"https:\/\/www.radiopiu.net\/wordpress\/wp-json\/wp\/v2\/posts\/305997\/revisions"}],"wp:featuredmedia":[{"embeddable":true,"href":"https:\/\/www.radiopiu.net\/wordpress\/wp-json\/wp\/v2\/media\/53145"}],"wp:attachment":[{"href":"https:\/\/www.radiopiu.net\/wordpress\/wp-json\/wp\/v2\/media?parent=305997"}],"wp:term":[{"taxonomy":"category","embeddable":true,"href":"https:\/\/www.radiopiu.net\/wordpress\/wp-json\/wp\/v2\/categories?post=305997"},{"taxonomy":"post_tag","embeddable":true,"href":"https:\/\/www.radiopiu.net\/wordpress\/wp-json\/wp\/v2\/tags?post=305997"}],"curies":[{"name":"wp","href":"https:\/\/api.w.org\/{rel}","templated":true}]}}