{"id":306026,"date":"2022-11-14T05:31:23","date_gmt":"2022-11-14T04:31:23","guid":{"rendered":"https:\/\/www.radiopiu.net\/wordpress\/?p=306026"},"modified":"2022-11-14T08:26:45","modified_gmt":"2022-11-14T07:26:45","slug":"giornale-radiopiu-14-novembre-2022-direttore-mirko-mezzacasa","status":"publish","type":"post","link":"https:\/\/www.radiopiu.net\/wordpress\/giornale-radiopiu-14-novembre-2022-direttore-mirko-mezzacasa\/","title":{"rendered":"GIORNALE RADIOPIU 14 NOVEMBRE 2022 DIRETTORE MIRKO MEZZACASA"},"content":{"rendered":"<h3 class=\"kvgmc6g5 cxmmr5t8 oygrvhab hcukyx3x c1et5uql\"><span style=\"color: #0000ff;\"><strong>RADIO PIU INFORMAZIONE il canale su TELEGRAM informazione di prima\u00a0 <\/strong><strong>mano e in tempo reale. iscriviti ed aiutaci a farlo conoscere\u00a0 \u00a0\u00a0<\/strong><\/span><\/h3>\n<p>&nbsp;<\/p>\n<hr \/>\n<p>&nbsp;<\/p>\n<blockquote>\n<h3><a class=\"dt-pswp-item\" href=\"https:\/\/www.radiopiu.net\/wordpress\/wp-content\/uploads\/2021\/12\/NEVE-STRADA.jpg\" data-dt-img-description=\"\" data-large_image_width=\"1920\" data-large_image_height=\"1280\"><img loading=\"lazy\" decoding=\"async\" class=\" wp-image-247467 alignleft\" src=\"https:\/\/www.radiopiu.net\/wordpress\/wp-content\/uploads\/2021\/12\/NEVE-STRADA-300x200.jpg\" alt=\"\" width=\"140\" height=\"93\" srcset=\"https:\/\/www.radiopiu.net\/wordpress\/wp-content\/uploads\/2021\/12\/NEVE-STRADA-300x200.jpg 300w, https:\/\/www.radiopiu.net\/wordpress\/wp-content\/uploads\/2021\/12\/NEVE-STRADA-1024x683.jpg 1024w, https:\/\/www.radiopiu.net\/wordpress\/wp-content\/uploads\/2021\/12\/NEVE-STRADA-768x512.jpg 768w, https:\/\/www.radiopiu.net\/wordpress\/wp-content\/uploads\/2021\/12\/NEVE-STRADA-1536x1024.jpg 1536w, https:\/\/www.radiopiu.net\/wordpress\/wp-content\/uploads\/2021\/12\/NEVE-STRADA.jpg 1920w\" sizes=\"auto, (max-width: 140px) 100vw, 140px\" \/><\/a>DAL 15 NOVEMBRE PNEUMATICI INVERNALI O CATENE A BORDO<\/h3>\n<\/blockquote>\n<p><strong>SEDICO<\/strong> Veneto Strade ricorda che a partire dal 15 novembre 2022 e fino al 15 aprile 2023 vige l&#8217;obbligo di circolare sulla strade con pneumatici invernali o in alternativa di avere le catene da neve a bordo. L&#8217;obbligo non solo sulle strade di competenza di Veneto Strade ma anche per la rete stradale ANAS e il tratto stradale dell&#8217;autostrada A27.<\/p>\n<p>&nbsp;<\/p>\n<p>&nbsp;<\/p>\n<hr \/>\n<p>&nbsp;<\/p>\n<blockquote>\n<h3 class=\"entry-title\">LA COMUNITA\u2019 FELTRINA PIANGE LA SCOMPARSA DI GIANMARIO DAL MOLIN<\/h3>\n<\/blockquote>\n<p><strong class=\"photoswipe-wrapper\"><a class=\"dt-pswp-item pspw-wrap-ready\" href=\"https:\/\/www.radiopiu.net\/wordpress\/wp-content\/uploads\/2022\/11\/Gianmario-Dal-Molin.jpg\" data-dt-img-description=\"\" data-large_image_width=\"398\" data-large_image_height=\"388\"><img loading=\"lazy\" decoding=\"async\" class=\"wp-image-306121 alignleft\" src=\"https:\/\/www.radiopiu.net\/wordpress\/wp-content\/uploads\/2022\/11\/Gianmario-Dal-Molin-300x292.jpg\" sizes=\"auto, (max-width: 171px) 100vw, 171px\" srcset=\"https:\/\/www.radiopiu.net\/wordpress\/wp-content\/uploads\/2022\/11\/Gianmario-Dal-Molin-300x292.jpg 300w, https:\/\/www.radiopiu.net\/wordpress\/wp-content\/uploads\/2022\/11\/Gianmario-Dal-Molin.jpg 398w\" alt=\"\" width=\"171\" height=\"166\" \/><\/a>FELTRE<\/strong>\u00a0\u201cFeltre perde un appassionato cultore della sua storia e delle sue tradizioni, ma soprattutto un cittadino che ha interpretato con passione e dedizione il suo amore per la citt\u00e0 e per il territorio che la circonda in vari ambiti\u201d.Cos\u00ec il sindaco di Feltre, Viviana Fusaro, esprime a nome di tutta l\u2019Amministrazione e della comunit\u00e0 feltrina il cordoglio per la scomparsa, avvenuta oggi, di Gianmario Dal Molin.\u201cDifficile trovare un campo in cui il professor Dal Molin, impegnato a titolo professionale o meno, non abbia manifestato l\u2019attaccamento convinto alla nostra citt\u00e0, al suo patrimonio culturale, storico sociale e religioso, ai suoi valori\u201d, prosegue il sindaco, che aggiunge: \u201cImpossibile ricordare tutti gli ambiti del suo impegno. Direttore dell\u2019allora ULSS di Feltre, componente della giunta comunale come assessore alla cultura durante la seconda amministrazione Vaccari, membro del cda dello IULM, docente, storico locale, presidente del Lions e anima di Famiglia Feltrina \u2013 di cui era attualmente presidente onorario \u2013 per molti anni, Dal Molin ha interpretato un ruolo attivo e di primo piano nella vita del Feltrino nell\u2019ultimo mezzo secolo della sua storia. Come non ricordare, a solo titolo di esempio tra le molte iniziative di cui \u00e8 stato promotore o capofila in tempi recenti, l\u2019appassionata attivit\u00e0 in difesa della sanit\u00e0 feltrina e del suo ospedale o, su un altro versante, il ruolo di capofila nell\u2019operazione culturale che riport\u00f2 in citt\u00e0 della statua di Esculapio nel 2015?\u201d\u201cEsprimo ai familiari del professor Gianmario Dal Molin il cordoglio di tutta la comunit\u00e0 feltrina, per cui la sua scomparsa rappresenta una perdita senza dubbio importante\u201d, conclude il sindaco Fusaro. (FOTO: Amico del popolo)<\/p>\n<p><strong>LA NOTA DI CORDOGLIO DELL&#8217;ULSS 1 DOLOMITI<\/strong><\/p>\n<p><strong>BELLUNO <\/strong>L&#8217;Ulss Dolomiti esprime le pi\u00f9 sentite condoglianze alla famiglia del dottor Dal Molin e a tutta la comunit\u00e0 di Feltre, profondamente colpita dalla perdita di uno dei suoi pilastri. Come direttore sociale prima e direttore generale poi dall&#8217;allora ospedale di Feltre, ha plasmato l&#8217;evoluzione dei servizi sociali e territoriali in anni di grandi cambiamenti, mettendo al centro le potenzialit\u00e0 delle persone. Ha fatto crescere l&#8217;ospedale di Feltre, investendo in specialit\u00e0 divenute riferimento, e offrendo servizi anche oltre confine. Grande studioso e uomo tenace, ha lasciato un segno profondo nella sanit\u00e0 feltrina.<\/p>\n<p>&nbsp;<\/p>\n<hr \/>\n<p>&nbsp;<\/p>\n<blockquote>\n<h3>TRAGEDIA A SANTA GIUSTINA, ROCCO MUORE A 38 ANNI<\/h3>\n<\/blockquote>\n<p><strong><img loading=\"lazy\" decoding=\"async\" class=\"alignleft\" src=\"https:\/\/www.radiopiu.net\/wordpress\/wp-content\/uploads\/2022\/11\/Senza-nome-1.png\" width=\"121\" height=\"146\" \/>SANTA GIUSTINA<\/strong> Marted\u00ec pomeriggio, all&#8217;ultimo piano dell&#8217;abitazione di Santa Giustina il cuore di Rocco\u00a0 Turra, 38 anni, ha smesso di battere. Una morte per cause naturali che ha lasciato nello sconforto la famiglia. A rendersi conto della tragedia, per prima, la mamma Roberta. Rocco lavorava\u00a0 alla Luxottica, sarebbe dovuto tornare in fabbrica proprio marted\u00ec, all&#8217;alba. Immediata la chiamata al 118, quindi la segnalazione ai carabinieri e il coinvolgimento del magistrato che ha disposto l&#8217;esame autoptico. Secondo il medico\u00a0 Rocco era morto da almeno dodici ore,\u00a0 durante il sonno.<\/p>\n<p>&nbsp;<\/p>\n<hr \/>\n<blockquote>\n<h3><\/h3>\n<h3>LUTTO A LA VALLE, E&#8217; MANCATO GIUSEPPE<\/h3>\n<\/blockquote>\n<p><strong>LA VALLE<\/strong> Giuseppe Callina, 62 anni \u00e8 stato ritrovato tra le mura di casa nella mattinata di sabato a Fades dove viveva. La notizia della scomparsa \u00e8 stata data dalla sorella Lucia. I funerali si terranno martedi alle 14.30 nella parrocchiale del paese. Oltre alla sorella Giuseppe lascia il cognato, i nipoti e pronipoti. Messaggi di cordoglio anche il La Valle Calcio che saluta e ringrazia per l&#8217;impegno profuso per il club l&#8217;amico Giuseppe.<\/p>\n\n\t\t\t<style type='text\/css'>\n\t\t\t\t#gallery-1 {\n\t\t\t\t\tmargin: auto;\n\t\t\t\t}\n\t\t\t\t#gallery-1 .gallery-item {\n\t\t\t\t\tfloat: left;\n\t\t\t\t\tmargin-top: 10px;\n\t\t\t\t\ttext-align: center;\n\t\t\t\t\twidth: 50%;\n\t\t\t\t}\n\t\t\t\t#gallery-1 img {\n\t\t\t\t\tborder: 2px solid #cfcfcf;\n\t\t\t\t}\n\t\t\t\t#gallery-1 .gallery-caption {\n\t\t\t\t\tmargin-left: 0;\n\t\t\t\t}\n\t\t\t\t\/* see gallery_shortcode() in wp-includes\/media.php *\/\n\t\t\t<\/style>\n\t\t<div id='gallery-1' class='dt-gallery-container gallery galleryid-306026 gallery-columns-2 gallery-size-medium'><dl class='gallery-item'>\n\t\t\t\t<dt class='gallery-icon landscape'>\n\t\t\t\t\t<a class=\"rollover rollover-zoom dt-pswp-item\" title=\"gal\" data-dt-img-description=\"\" data-large_image_width=\"314\" data-large_image_height=\"250\"href='https:\/\/www.radiopiu.net\/wordpress\/wp-content\/uploads\/2022\/11\/gal.jpg'><img loading=\"lazy\" decoding=\"async\" width=\"300\" height=\"239\" src=\"https:\/\/www.radiopiu.net\/wordpress\/wp-content\/uploads\/2022\/11\/gal-300x239.jpg\" class=\"attachment-medium size-medium\" alt=\"\" srcset=\"https:\/\/www.radiopiu.net\/wordpress\/wp-content\/uploads\/2022\/11\/gal-300x239.jpg 300w, https:\/\/www.radiopiu.net\/wordpress\/wp-content\/uploads\/2022\/11\/gal.jpg 314w\" sizes=\"auto, (max-width: 300px) 100vw, 300px\" \/><\/a>\n\t\t\t\t<\/dt><\/dl><dl class='gallery-item'>\n\t\t\t\t<dt class='gallery-icon landscape'>\n\t\t\t\t\t<a class=\"rollover rollover-zoom dt-pswp-item\" title=\"Giuseppe-Callina-Partecipazione-La-Valle-Calcio.\" data-dt-img-description=\"\" data-large_image_width=\"786\" data-large_image_height=\"550\"href='https:\/\/www.radiopiu.net\/wordpress\/wp-content\/uploads\/2022\/11\/Giuseppe-Callina-Partecipazione-La-Valle-Calcio..jpg'><img loading=\"lazy\" decoding=\"async\" width=\"300\" height=\"210\" src=\"https:\/\/www.radiopiu.net\/wordpress\/wp-content\/uploads\/2022\/11\/Giuseppe-Callina-Partecipazione-La-Valle-Calcio.-300x210.jpg\" class=\"attachment-medium size-medium\" alt=\"\" srcset=\"https:\/\/www.radiopiu.net\/wordpress\/wp-content\/uploads\/2022\/11\/Giuseppe-Callina-Partecipazione-La-Valle-Calcio.-300x210.jpg 300w, https:\/\/www.radiopiu.net\/wordpress\/wp-content\/uploads\/2022\/11\/Giuseppe-Callina-Partecipazione-La-Valle-Calcio.-768x537.jpg 768w, https:\/\/www.radiopiu.net\/wordpress\/wp-content\/uploads\/2022\/11\/Giuseppe-Callina-Partecipazione-La-Valle-Calcio..jpg 786w\" sizes=\"auto, (max-width: 300px) 100vw, 300px\" \/><\/a>\n\t\t\t\t<\/dt><\/dl><br style=\"clear: both\" \/>\n\t\t\t<\/div>\n\n<p>&nbsp;<\/p>\n<hr \/>\n<p>&nbsp;<\/p>\n<blockquote>\n<h3><a class=\"dt-pswp-item\" href=\"https:\/\/www.radiopiu.net\/wordpress\/wp-content\/uploads\/2021\/10\/1805-2021-PRIMO-VOLO-NOTTURNO-SU-BELLUNO.jpg\" data-dt-img-description=\"\" data-large_image_width=\"1024\" data-large_image_height=\"768\"><img loading=\"lazy\" decoding=\"async\" class=\" wp-image-235002 alignleft\" src=\"https:\/\/www.radiopiu.net\/wordpress\/wp-content\/uploads\/2021\/10\/1805-2021-PRIMO-VOLO-NOTTURNO-SU-BELLUNO-300x225.jpg\" alt=\"\" width=\"219\" height=\"164\" srcset=\"https:\/\/www.radiopiu.net\/wordpress\/wp-content\/uploads\/2021\/10\/1805-2021-PRIMO-VOLO-NOTTURNO-SU-BELLUNO-300x225.jpg 300w, https:\/\/www.radiopiu.net\/wordpress\/wp-content\/uploads\/2021\/10\/1805-2021-PRIMO-VOLO-NOTTURNO-SU-BELLUNO-768x576.jpg 768w, https:\/\/www.radiopiu.net\/wordpress\/wp-content\/uploads\/2021\/10\/1805-2021-PRIMO-VOLO-NOTTURNO-SU-BELLUNO.jpg 1024w\" sizes=\"auto, (max-width: 219px) 100vw, 219px\" \/><\/a>INVESTIMENTO A SAGROGNA, TRASFERIMENTO NOTTURNO IN ELICOTTERO A TREVISO, UN UOMO IN PERICOLO DI VITA.<\/h3>\n<\/blockquote>\n<p><strong>BELLUNO<\/strong> Un uomo M.R. di Belluno, di 55 anni \u00e8 ricoverato in gravi condizioni al C\u00e0 Foncello di Treviso. E&#8217; stato investito ieri attorno alle 17\u00a0 lungo la provinciale 1 da un Suv. L&#8217;uomo\u00a0 ha riportato fratture multiple e un grave trauma cranico. Sul posto la pattuglia della Polstrada e\u00a0 i vigili del fuoco. \u00a0M.R. \u00e8 ricoverato in Terapia intensiva, in pericolo di vita.\u00a0 Secondo una prima ricostruzione dello schianto, l&#8217;uomo stava tornando verso la sua abitazione di Levego, quando ha attraversato la strada. L&#8217;impatto \u00e8 stato violento e il pedone \u00e8 stato sbalzato a bordo strada, inevitabili disagi alla\u00a0 viabilit\u00e0, con il traffico che \u00e8 stato regolato a senso unico alternato fino al termine degli accertamenti.<\/p>\n<p>&nbsp;<\/p>\n<hr \/>\n<blockquote>\n<h3><\/h3>\n<h3>INCIDENTE ALL&#8217;ALBA IN VIA VITTORIO VENETO A BELLUNO<\/h3>\n<\/blockquote>\n<p><strong><a class=\"dt-pswp-item\" href=\"https:\/\/www.radiopiu.net\/wordpress\/wp-content\/uploads\/2022\/11\/922cc760-b89f-487f-840a-0e0fe5d7ec21.jpg\" data-dt-img-description=\"\" data-large_image_width=\"1280\" data-large_image_height=\"960\"><img loading=\"lazy\" decoding=\"async\" class=\" wp-image-306177 alignleft\" src=\"https:\/\/www.radiopiu.net\/wordpress\/wp-content\/uploads\/2022\/11\/922cc760-b89f-487f-840a-0e0fe5d7ec21-300x225.jpg\" alt=\"\" width=\"152\" height=\"114\" srcset=\"https:\/\/www.radiopiu.net\/wordpress\/wp-content\/uploads\/2022\/11\/922cc760-b89f-487f-840a-0e0fe5d7ec21-300x225.jpg 300w, https:\/\/www.radiopiu.net\/wordpress\/wp-content\/uploads\/2022\/11\/922cc760-b89f-487f-840a-0e0fe5d7ec21-1024x768.jpg 1024w, https:\/\/www.radiopiu.net\/wordpress\/wp-content\/uploads\/2022\/11\/922cc760-b89f-487f-840a-0e0fe5d7ec21-768x576.jpg 768w, https:\/\/www.radiopiu.net\/wordpress\/wp-content\/uploads\/2022\/11\/922cc760-b89f-487f-840a-0e0fe5d7ec21.jpg 1280w\" sizes=\"auto, (max-width: 152px) 100vw, 152px\" \/><\/a>BELLUNO<\/strong> Intervento dei Vigili del Fuoco ieri mattina alle 4:30 in Via Vittorio Veneto a Belluno dove un furgone, dopo aver colpito le barriere new jersey, ha terminato la sua corsa davanti il centro commerciale Mega. L&#8217;uomo alla guida del mezzo \u00e8 rimasto ferito. I pompieri arrivati con il personale di prima partenza, hanno messo in sicurezza il mezzo, mentre l\u2019autista \u00e8 stato preso in cura dal personale del Suem per essere trasferito in pronto soccorso. Successivamente si \u00e8 provveduto alla bonifica della sede stradale. Le operazioni di soccorso dei Vigili del Fuoco sono terminate con le prime luci dell\u2019alba.<\/p>\n<p>Il ponte\u00a0 nell&#8217;ottobre 2018 balz\u00f2 agli onori delle cronache per il tragico incidente che cost\u00f2 la vita al conducente di un camion. Il Comune ha ottenuto due anni fa un contributo regionale, che ha cofinanziato con fondi propri, per mettere in sicurezza il ponte. I lavori\u00a0 che dovevano partire il 4 luglio non sono mai iniziati.\u00a0 La giunta De Pellegrin ritenne &#8220;non accettabile e troppo impattante la chiusura della viabilit\u00e0&#8221; e &#8220;ha deciso di procedere alla realizzazione dei soli lavori riguardanti la pista ciclopedonale e di quelli di consolidamento del paramento murario del ponte. Nei giorni scorsi\u00a0 l&#8217;assessore Roccon aveva dichiarato: <em>\u00abDopo gli incontri avuti con la Soprintendenza siamo in attesa di valutazione sull&#8217;installazione dei nuovi parapetti e il mantenimento dei vecchi\u00bb<\/em>.<\/p>\n<p>&nbsp;<\/p>\n<hr \/>\n<p>&nbsp;<\/p>\n<blockquote>\n<h3>INCIDENTE IN VIA TILMAN<br \/>\n<a class=\"dt-pswp-item\" href=\"https:\/\/www.radiopiu.net\/wordpress\/wp-content\/uploads\/2022\/11\/Senza-nome-51.jpg\" data-dt-img-description=\"\" data-large_image_width=\"429\" data-large_image_height=\"283\"><img loading=\"lazy\" decoding=\"async\" class=\"alignnone size-medium wp-image-306270\" src=\"https:\/\/www.radiopiu.net\/wordpress\/wp-content\/uploads\/2022\/11\/Senza-nome-51-300x198.jpg\" alt=\"\" width=\"300\" height=\"198\" srcset=\"https:\/\/www.radiopiu.net\/wordpress\/wp-content\/uploads\/2022\/11\/Senza-nome-51-300x198.jpg 300w, https:\/\/www.radiopiu.net\/wordpress\/wp-content\/uploads\/2022\/11\/Senza-nome-51.jpg 429w\" sizes=\"auto, (max-width: 300px) 100vw, 300px\" \/><\/a><\/h3>\n<\/blockquote>\n<p><strong>BELLUNO<\/strong> Urta un albero si cappotta in mezzo alla strada. E&#8217; successo ieri mattina al conducente di\u00a0 una Peugeot 208 in viale Tilman, poco prima dell&#8217;incrocio con via Andrea Di Foro. Lievemente ferito il conducente. Sul posto carabinieri e vigili del fuoco.<\/p>\n<p>&nbsp;<\/p>\n<p>&nbsp;<\/p>\n<hr \/>\n<p>&nbsp;<\/p>\n<blockquote>\n<h3>\u00a0CATECHISTA FERITA IN ALPAGO, TRASPORTATA AL CA&#8217; FONCELLO DI TREVISO <a class=\"dt-pswp-item\" href=\"https:\/\/www.radiopiu.net\/wordpress\/wp-content\/uploads\/2020\/06\/ELICOTTERO-SUEM.jpg\" data-dt-img-description=\"\" data-large_image_width=\"1368\" data-large_image_height=\"765\"><img loading=\"lazy\" decoding=\"async\" class=\" wp-image-142190 alignleft\" src=\"https:\/\/www.radiopiu.net\/wordpress\/wp-content\/uploads\/2020\/06\/ELICOTTERO-SUEM-300x168.jpg\" alt=\"\" width=\"279\" height=\"156\" srcset=\"https:\/\/www.radiopiu.net\/wordpress\/wp-content\/uploads\/2020\/06\/ELICOTTERO-SUEM-300x168.jpg 300w, https:\/\/www.radiopiu.net\/wordpress\/wp-content\/uploads\/2020\/06\/ELICOTTERO-SUEM-1024x573.jpg 1024w, https:\/\/www.radiopiu.net\/wordpress\/wp-content\/uploads\/2020\/06\/ELICOTTERO-SUEM-768x429.jpg 768w, https:\/\/www.radiopiu.net\/wordpress\/wp-content\/uploads\/2020\/06\/ELICOTTERO-SUEM.jpg 1368w\" sizes=\"auto, (max-width: 279px) 100vw, 279px\" \/><\/a><\/h3>\n<\/blockquote>\n<p><strong>PEDAVENA\u00a0<\/strong> Una comunit\u00e0 attende notizie dal\u00a0 Ca&#8217; Foncello di Treviso\u00a0 dove \u00e8 ricoverata Orietta Bertelle, 54 anni, pedavenese impegnata attivamente in parrocchia e appassionata di montagna rimasta gravemente ferita sabato cadendo da una cresta rocciosa durante una uscita nella zona del rifugio Semenza, in Alpago. Ieri\u00a0 al termine della celebrazione religiosa\u00a0 i coristi e musicisti hanno voluto dedicarle un pensiero affettuoso e un momento di preghiera perch\u00e9 si ristabilisca rapidamente.<\/p>\n<p>&nbsp;<\/p>\n<p>&nbsp;<\/p>\n<hr \/>\n<p>&nbsp;<\/p>\n<blockquote>\n<h3>IL LUPO SBRANA IL CAGNOLINO SOTTO GLI OCCHI DEL PROPRIETARIO<\/h3>\n<\/blockquote>\n<p><strong><a class=\"dt-pswp-item\" href=\"https:\/\/www.radiopiu.net\/wordpress\/wp-content\/uploads\/2022\/11\/c9ef7e0e-fe82-4154-9b5f-329380b7a3d5.jpg\" data-dt-img-description=\"\" data-large_image_width=\"946\" data-large_image_height=\"2048\"><img loading=\"lazy\" decoding=\"async\" class=\" wp-image-306073 alignleft\" src=\"https:\/\/www.radiopiu.net\/wordpress\/wp-content\/uploads\/2022\/11\/c9ef7e0e-fe82-4154-9b5f-329380b7a3d5-139x300.jpg\" alt=\"\" width=\"114\" height=\"246\" srcset=\"https:\/\/www.radiopiu.net\/wordpress\/wp-content\/uploads\/2022\/11\/c9ef7e0e-fe82-4154-9b5f-329380b7a3d5-139x300.jpg 139w, https:\/\/www.radiopiu.net\/wordpress\/wp-content\/uploads\/2022\/11\/c9ef7e0e-fe82-4154-9b5f-329380b7a3d5-473x1024.jpg 473w, https:\/\/www.radiopiu.net\/wordpress\/wp-content\/uploads\/2022\/11\/c9ef7e0e-fe82-4154-9b5f-329380b7a3d5-768x1663.jpg 768w, https:\/\/www.radiopiu.net\/wordpress\/wp-content\/uploads\/2022\/11\/c9ef7e0e-fe82-4154-9b5f-329380b7a3d5-710x1536.jpg 710w, https:\/\/www.radiopiu.net\/wordpress\/wp-content\/uploads\/2022\/11\/c9ef7e0e-fe82-4154-9b5f-329380b7a3d5.jpg 946w\" sizes=\"auto, (max-width: 114px) 100vw, 114px\" \/><\/a>CANALE D&#8217;AGORDO<\/strong> C&#8217;era chi da tempo lo temeva e andava ripetendo<em> &#8220;il lupo, ormai sempre troppo vicino alle abitazioni, prima o poi\u00a0 sbraner\u00e0 anche\u00a0 qualche animale domestico&#8221;.<\/em> Purtroppo \u00e8 andata esattamente in questo modo, a Sofraide di Canale d&#8217;Agordo in centro al paese,\u00a0 il predatore sceso dai boschi ha addentato e ucciso un cagnolino di\u00a0 quattro anni, Blondi un volpino di pomerania, a pochi metri da Dino il suo proprietario che stava facendo legna nel suo giardino a circa trenta metri dall&#8217;abitazione. Per nulla intimorito della presenza dell&#8217;uomo\u00a0 il carnivoro ha colpito lasciando nello sconforto lo stesso proprietario che nulla ha potuto fare nel momento in cui il lupo, con il cane tra i denti, ha ripreso la via del bosco.\u00a0 L&#8217;episodio risale al tardo pomeriggio di martedi, alle 17.30, Dino\u00a0 stava lavorando\u00a0 nel giardino di casa\u00a0 facendo la legna e il cane, di piccola taglia, era l\u00ec tranquillo nel prato, improvviso l&#8217;arrivo del lupo e la tragica conclusione.<em> &#8220;Il mio cane abbaiava e difendeva il territorio &#8211; racconta Dino &#8211; io\u00a0 stavo terminando il mio lavoro quando appunto ho sentito che iniziava ad abbaiare, ho guardato e mi sembrava di scorgere una volpe in lontananza, invece era purtroppo un lupo. Ha addentato il cane e si \u00e8 allontanato.\u00a0 Sono arrivato in ritardo, ho pure provato a rincorrerlo per 300 metri mentre fuggiva con il cane in bocca, purtroppo senza riuscire a fare nulla. L&#8217;ho cercato tutta la sera nella zona del campo sportivo dove ho incontrato altri lupi ma di Blondi nemmeno l&#8217;ombra. Solo il giorno dopo ho ritrovato il pelo&#8221;.\u00a0<\/em><\/p>\n<p>&nbsp;<\/p>\n<p>&nbsp;<\/p>\n<hr \/>\n<p>&nbsp;<\/p>\n<blockquote>\n<h3 class=\"entry-title\">DILLO A RADIO PIU\u2019\u2026E SE INVECE DI UN CANE C\u2019ERA UN BAMBINO?<\/h3>\n<\/blockquote>\n<p><strong class=\"photoswipe-wrapper\"><a class=\"dt-pswp-item pspw-wrap-ready\" href=\"https:\/\/www.radiopiu.net\/wordpress\/wp-content\/uploads\/2021\/07\/LUPO.jpg\" data-dt-img-description=\"\" data-large_image_width=\"1920\" data-large_image_height=\"1357\"><img loading=\"lazy\" decoding=\"async\" class=\" wp-image-220371 alignleft\" src=\"https:\/\/www.radiopiu.net\/wordpress\/wp-content\/uploads\/2021\/07\/LUPO-300x212.jpg\" sizes=\"auto, (max-width: 157px) 100vw, 157px\" srcset=\"https:\/\/www.radiopiu.net\/wordpress\/wp-content\/uploads\/2021\/07\/LUPO-300x212.jpg 300w, https:\/\/www.radiopiu.net\/wordpress\/wp-content\/uploads\/2021\/07\/LUPO-1024x724.jpg 1024w, https:\/\/www.radiopiu.net\/wordpress\/wp-content\/uploads\/2021\/07\/LUPO-768x543.jpg 768w, https:\/\/www.radiopiu.net\/wordpress\/wp-content\/uploads\/2021\/07\/LUPO-1536x1086.jpg 1536w, https:\/\/www.radiopiu.net\/wordpress\/wp-content\/uploads\/2021\/07\/LUPO.jpg 1920w\" alt=\"\" width=\"157\" height=\"111\" \/><\/a>REDAZIONE<\/strong>\u00a0Riceviamo e pubblichiamo una considerazione di un nostro ascoltatore in seguito alla notizia del lupo che ha azzannato il cane a Canale D\u2019Agordo<\/p>\n<blockquote><p><em>Vi scrivo a riguardo dell\u2019articolo del attacco di un lupo a un povero cagnolino domestico con il padrone nei pressi. E se al posto del cane era un BIMBO?? Povera bestia anche il cane, che per chi ne ha uno in casa diventa come un figlio, ma succede che chi ha un giardino o uno spazio verde fronte casa lasci liberi i propri figli a giocare, a strappare l\u2019erba e cos\u00ec via. E se passa il caro lupo affamato? Un bimbo come il mio di 18 mesi non potrebbe essere una preda? In tutto questo l\u2019ente parco, la forestale, gli ambientalisti che risposte danno? Non sarebbe ora di iniziare a togliere dalle spese qualche lupo? Le malghe vanno perse per colpa loro, chi ha pecore non pascola pi\u00f9 per paura, la montagna e tutta la fauna va a scomparire per colpa di chi ha avuto l\u2019idea di liberare il.lupo. Vergogna, .non esistono altre parole.<\/em><\/p>\n<p><em>Eric<\/em><\/p><\/blockquote>\n<p><strong>REDAZIONE<\/strong>\u00a0Alle considerazioni di Eric una risposta di un nostro ascoltatore.<\/p>\n<blockquote><p><em>TUTTA la fauna va a scomparire per colpa del lupo? Le malghe chiudono per colpa del lupo? Il lupo \u00e8 stato liberato? Sarebbe ora di togliere dalle spese qualche lupo? Non ho parole\u2026.Non so se piangere o ridere a sentire ste sparate, e poi un bimbo di 18 mesi non va lasciato solo e incustodito. Non solo per il lupo ma anche perch\u00e9 potrebbe essere assalito da un cane scappato da un abitazione, rapito come gi\u00e0 successo o peggio. Buona serata<\/em><\/p>\n<p><em>Alberto<\/em><\/p><\/blockquote>\n<div dir=\"auto\">A mio parere, chi \u00e8 favorevole alla presenza del lupo (e dei cinghiali) \u00e8 seduto sul divano a guardare documentari. Questi animali stanno prendendo confidenza con i centri abitati e sono un problema per gli escursionisti (soprattutto per i solitari). La loro presenza va regolamentata e adeguata al contesto socio-produttivo-residenziale. Finiamola con le ideologie ambientalistiche e naturalistiche, che i problemi sono altri.<\/div>\n<div dir=\"auto\">Gianni<\/div>\n<p>&nbsp;<\/p>\n<p>&nbsp;<\/p>\n<p>&nbsp;<\/p>\n<hr \/>\n<p>&nbsp;<\/p>\n<blockquote>\n<h3>IL LUPO AVVISTATO A SEREN DEL GRAPPA<\/h3>\n<\/blockquote>\n<p><strong>REDAZIONE<\/strong> Nella serata di sabato \u00e8 stato avvistato il lupo in comune di Seren del Grappa. Ringraziamo Giselda che ci ha concesso la foto.<\/p>\n<p><a class=\"dt-pswp-item\" href=\"https:\/\/www.radiopiu.net\/wordpress\/wp-content\/uploads\/2022\/11\/e30d1e57-825b-408a-9d57-729ccb450c8f.jpg\" data-dt-img-description=\"\" data-large_image_width=\"720\" data-large_image_height=\"645\"><img loading=\"lazy\" decoding=\"async\" class=\"size-medium wp-image-306168 aligncenter\" src=\"https:\/\/www.radiopiu.net\/wordpress\/wp-content\/uploads\/2022\/11\/e30d1e57-825b-408a-9d57-729ccb450c8f-300x269.jpg\" alt=\"\" width=\"300\" height=\"269\" srcset=\"https:\/\/www.radiopiu.net\/wordpress\/wp-content\/uploads\/2022\/11\/e30d1e57-825b-408a-9d57-729ccb450c8f-300x269.jpg 300w, https:\/\/www.radiopiu.net\/wordpress\/wp-content\/uploads\/2022\/11\/e30d1e57-825b-408a-9d57-729ccb450c8f.jpg 720w\" sizes=\"auto, (max-width: 300px) 100vw, 300px\" \/><\/a><\/p>\n<p>&nbsp;<\/p>\n<p>&nbsp;<\/p>\n<hr \/>\n<p>&nbsp;<\/p>\n<blockquote>\n<h3 class=\"entry-title\">SIAMO PROPRIO DEGLI ANIMALI NOI, NON LORO<\/h3>\n<\/blockquote>\n<p><strong class=\"photoswipe-wrapper\"><a class=\"dt-pswp-item pspw-wrap-ready\" href=\"https:\/\/www.radiopiu.net\/wordpress\/wp-content\/uploads\/2022\/11\/11ac4db2-e359-4900-a987-454d7426fc28.jpg\" data-dt-img-description=\"\" data-large_image_width=\"1536\" data-large_image_height=\"2048\"><img loading=\"lazy\" decoding=\"async\" class=\" wp-image-306188 alignleft\" src=\"https:\/\/www.radiopiu.net\/wordpress\/wp-content\/uploads\/2022\/11\/11ac4db2-e359-4900-a987-454d7426fc28-225x300.jpg\" sizes=\"auto, (max-width: 225px) 100vw, 225px\" srcset=\"https:\/\/www.radiopiu.net\/wordpress\/wp-content\/uploads\/2022\/11\/11ac4db2-e359-4900-a987-454d7426fc28-225x300.jpg 225w, https:\/\/www.radiopiu.net\/wordpress\/wp-content\/uploads\/2022\/11\/11ac4db2-e359-4900-a987-454d7426fc28-768x1024.jpg 768w, https:\/\/www.radiopiu.net\/wordpress\/wp-content\/uploads\/2022\/11\/11ac4db2-e359-4900-a987-454d7426fc28-1152x1536.jpg 1152w, https:\/\/www.radiopiu.net\/wordpress\/wp-content\/uploads\/2022\/11\/11ac4db2-e359-4900-a987-454d7426fc28.jpg 1536w\" alt=\"\" width=\"239\" height=\"318\" \/><\/a><\/strong><\/p>\n<p><strong>\u00a0<\/strong><\/p>\n<p><strong>REDAZIONE<\/strong> Una foto che parla da sola. Non servono commenti. Otto cuccioli di cane annegati sulla strada vecchia di Avoscan. A quanto pare sembra siano cuccioli di pitbull. Immediato l&#8217;intervento dei Carabinieri<\/p>\n<p>Segnalazione: Thomas Soppera<\/p>\n<p>&nbsp;<\/p>\n<p>&nbsp;<\/p>\n<p>&nbsp;<\/p>\n<p>&nbsp;<\/p>\n<p>&nbsp;<\/p>\n<p>&nbsp;<\/p>\n<p>&nbsp;<\/p>\n<p>&nbsp;<\/p>\n<hr \/>\n<p>&nbsp;<\/p>\n<blockquote>\n<h3>LO STADIO ALVISE DE TONI APRIRA&#8217; PROSSIMAMENTE, MA UNA DATA CERTA NON C&#8217;E&#8217;. PARLA IL PRESIDENTE DELL&#8217;ALLEGHE HOCKEY ADRIANO LEVIS<\/h3>\n<\/blockquote>\n<p><strong><a class=\"dt-pswp-item\" href=\"https:\/\/www.radiopiu.net\/wordpress\/wp-content\/uploads\/2020\/06\/Adriano-LEVIS.jpg\" data-dt-img-description=\"\" data-large_image_width=\"2560\" data-large_image_height=\"2104\"><img loading=\"lazy\" decoding=\"async\" class=\" wp-image-143358 alignleft\" src=\"https:\/\/www.radiopiu.net\/wordpress\/wp-content\/uploads\/2020\/06\/Adriano-LEVIS-300x247.jpg\" alt=\"\" width=\"204\" height=\"168\" srcset=\"https:\/\/www.radiopiu.net\/wordpress\/wp-content\/uploads\/2020\/06\/Adriano-LEVIS-300x247.jpg 300w, https:\/\/www.radiopiu.net\/wordpress\/wp-content\/uploads\/2020\/06\/Adriano-LEVIS-1024x842.jpg 1024w, https:\/\/www.radiopiu.net\/wordpress\/wp-content\/uploads\/2020\/06\/Adriano-LEVIS-768x631.jpg 768w, https:\/\/www.radiopiu.net\/wordpress\/wp-content\/uploads\/2020\/06\/Adriano-LEVIS-1536x1262.jpg 1536w, https:\/\/www.radiopiu.net\/wordpress\/wp-content\/uploads\/2020\/06\/Adriano-LEVIS-2048x1683.jpg 2048w\" sizes=\"auto, (max-width: 204px) 100vw, 204px\" \/><\/a>REDAZIONE<\/strong> Una data certa non c&#8217;\u00e8 ma lo stadio Alvise De Toni di Alleghe riaprir\u00e0 sicuramente prossimamente. A rassicurare il presidente dell&#8217;Alleghe Hockey \u00e8 stato il sindaco Danilo De Toni che nei giorni scorsi ha avuto un incontro proprio con Levis. Si spera che lo stadio riapra il pi\u00f9 presto possibile ma tutto dipende da fattori esterni alla famiglia Alleghe Hockey. \u00c8 passato pi\u00f9 di un mese da quando il palaghiaccio \u00e8 stato chiuso e le civette hanno fatto il possibile per continuare a tenere in piedi la societ\u00e0. Dalla raccolta fondi online con Eppela passando per la castagnata e la lotteria. Nel frattempo le squadre e i giovani biancorossi stanno facendo dei sacrifici per continuare a giocare a hockey con delle lunghe trasferte per allenamenti e partite.<\/p>\n<p><strong>IL PRESIDENTE DELL&#8217;ALLEGHE HOCKEY ADRIANO LEVIS<\/strong><\/p>\n<audio class=\"wp-audio-shortcode\" id=\"audio-306026-1\" preload=\"none\" style=\"width: 100%;\" controls=\"controls\"><source type=\"audio\/mpeg\" src=\"https:\/\/www.radiopiu.net\/wordpress\/wp-content\/uploads\/2022\/11\/LEVIS-SITO.mp3?_=1\" \/><a href=\"https:\/\/www.radiopiu.net\/wordpress\/wp-content\/uploads\/2022\/11\/LEVIS-SITO.mp3\">https:\/\/www.radiopiu.net\/wordpress\/wp-content\/uploads\/2022\/11\/LEVIS-SITO.mp3<\/a><\/audio>\n<p>&nbsp;<\/p>\n<hr \/>\n<p>&nbsp;<\/p>\n<blockquote>\n<h3>BLACK OUT AD AURONZO IN FRAZIONE LIGONTO<\/h3>\n<\/blockquote>\n<p><strong>AURONZO<\/strong> E&#8217; mancata l&#8217;energia elettrica \u00a0nella frazione per circa quattro ore pur in assenza di fenomeni meteorologici estremi in una zona dove la linea elettrica risulta pure interrata. Si \u00e8 trattato di un guasto accidentale\u00a0 risolto dal personale di E-Distribuzione.<\/p>\n<p>&nbsp;<\/p>\n<hr \/>\n<p>&nbsp;<\/p>\n<blockquote>\n<h3>RICORDATE A BELLUNO LE 19 VITTIME DELL&#8217;ATTENTATO DEL 2003 A NASSIRIYA<\/h3>\n<\/blockquote>\n<p><strong>BELLUNO <\/strong>Erano le 10.40 del mattino, le 08.40 in Italia, quel lontano giorno del 12 novembre 2003, quando a Nassiriya, in Iraq, un vile attentato contro la base italiana \u201cMaestrale\u201d, sede del Reggimento MSU (<em>Multinational Specialized Unit<\/em>) ferm\u00f2 l\u2019intero Paese, scosso dalla notizia di 19 vite cadute in quel difficile Teatro di Operazioni. Un camion cisterna, carico di esplosivo, fu lanciato a grande velocit\u00e0 contro la base italiana, e tra i caduti, ci furono 12 Carabinieri. Altri 15 Carabinieri rimasero feriti, unitamente a 4 militari e un civile. Sabato mattina, presso il monumento che in via Dante Alighieri di Belluno ricorda quei Caduti, si sono ritrovati i Carabinieri di Belluno, insieme ai membri dell\u2019Associazione Nazionale Carabinieri e all\u2019Assessore alla Cultura e alla Sicurezza, Avvocato Raffaele Addamiano, in rappresentanza del Sindaco di Belluno. Una cerimonia semplice e raccolta, con la deposizione di una corona da parte dell\u2019Associazione Nazionale Carabinieri e le note del silenzio per rendere omaggio a chi ha perso la sua vita nell\u2019adempimento del dovere. \u201c<em>Ricordare i nostri fratelli caduti in un Paese lontano, mentre tentavano di riportare la pace e la stabilit\u00e0, \u00e8 un nostro dovere morale<\/em>\u201d ha detto il Comandante Provinciale dei Carabinieri, Colonnello Enrico Pigozzo \u201c<em>e ricordando loro ricordiamo anche che ancora oggi molti nostri militari rendono orgoglioso il nostro Paese prestando servizio in aree del mondo lontane dalle loro case, dai loro affetti, per aiutare popoli che soffrono la mancanza della sicurezza, un diritto che noi consideriamo quasi scontato, ma che per molti \u00e8 ancora vissuto come una speranza<\/em>\u201d. Sono effettivamente molti i Paesi in cui operano i nostri Carabinieri in missioni sotto l\u2019egida della NATO, dell\u2019Unione Europea o dell\u2019ONU, promuovendo un modello tutto italiano di stabilit\u00e0, che \u00e8 riconosciuto all\u2019estero con l\u2019espressione \u201c<em>stability policing<\/em>\u201d. Ma sono anche molte le attivit\u00e0 di cooperazione bilaterale che impegnano l\u2019Italia e l\u2019Arma sul fronte avanzato della sicurezza. Dal Mali al Niger, dal Kosovo all\u2019Iraq, i Carabinieri svolgono infatti compiti non solo di Polizia Militare in favore dei contingenti delle Forze Armate italiane, ma sono sempre pi\u00f9 spesso impegnati nell\u2019addestramento, nel <em>mentoring<\/em> o <em>advising<\/em> in favore delle forze di polizia di molti Stati, sia per le attivit\u00e0 di mantenimento dell\u2019ordine e della sicurezza pubblica, di tutela della salute e dell\u2019ambiente o per la creazione di capacit\u00e0 specialistiche, sia per la formazione sul rispetto dei diritti umani o della parit\u00e0 di genere. Si tratta di un impegno che si affianca al rischioso compito di tutela della sicurezza di tutte le Sedi Diplomatiche nel mondo, ove i militari dell\u2019Arma sono presenti anche con assetti specializzati della 2^ Brigata Mobile. Insomma, compiti di polizia esecutiva, polizia di rafforzamento, <em>military diplomacy<\/em> che molti magari non conoscono ma che &#8211; ha detto Pigozzo &#8211; \u201c<em>rappresentano una parte importante di quello strumento di prevenzione avanzata che consente ai nostri concittadini un\u2019ampia cornice di sicurezza<\/em>\u201d. \u201c<em>Il complesso scenario internazionale, l\u2019instabilit\u00e0 diffusa in molte aree del globo, richiedono un elevato livello di professionalit\u00e0<\/em>\u201d ha aggiunto il Comandante Provinciale \u201c<em>La proiezione della stabilit\u00e0 si collega alla capacit\u00e0 di esportare all\u2019estero un modello tutto italiano di fare polizia, quello dei Carabinieri, una formula che esercita forte interesse internazionale, in virt\u00f9 della capacit\u00e0 di coniugare tradizione e modernit\u00e0 in maniera assolutamente aderente alle esigenze dei Paesi ove operiamo, puntando su capisaldi quali la valorizzazione della natura di forza di polizia a statuto militare dell\u2019Arma, la capacit\u00e0 di operare anche in scenari complessi garantendo flessibilit\u00e0 di impiego e il costante rispetto dei diritti umani fondamentali, l\u2019attitudine a essere impiegati nei diversi settori del tessuto sociale ed in tutte le fasi della gestione delle crisi, per il perseguimento di obiettivi di stabilizzazione di medio-lungo termine. Ma prima di tutto l\u2019essere \u201cpolizia di prossimit\u00e0\u201d, ovvero operare perpetuando, anche fuori dai confini nazionali, quello spirito di servizio e vicinanza alle popolazioni che da sempre caratterizzano l\u2019operato dei Carabinieri<\/em>\u201d.<\/p>\n\n\t\t\t<style type='text\/css'>\n\t\t\t\t#gallery-2 {\n\t\t\t\t\tmargin: auto;\n\t\t\t\t}\n\t\t\t\t#gallery-2 .gallery-item {\n\t\t\t\t\tfloat: left;\n\t\t\t\t\tmargin-top: 10px;\n\t\t\t\t\ttext-align: center;\n\t\t\t\t\twidth: 25%;\n\t\t\t\t}\n\t\t\t\t#gallery-2 img {\n\t\t\t\t\tborder: 2px solid #cfcfcf;\n\t\t\t\t}\n\t\t\t\t#gallery-2 .gallery-caption {\n\t\t\t\t\tmargin-left: 0;\n\t\t\t\t}\n\t\t\t\t\/* see gallery_shortcode() in wp-includes\/media.php *\/\n\t\t\t<\/style>\n\t\t<div id='gallery-2' class='dt-gallery-container gallery galleryid-306026 gallery-columns-4 gallery-size-medium'><dl class='gallery-item'>\n\t\t\t\t<dt class='gallery-icon landscape'>\n\t\t\t\t\t<a class=\"rollover rollover-zoom dt-pswp-item\" title=\"carabinieri estero 4\" data-dt-img-description=\"\" data-large_image_width=\"676\" data-large_image_height=\"449\"href='https:\/\/www.radiopiu.net\/wordpress\/wp-content\/uploads\/2022\/11\/carabinieri-estero-4.jpg'><img loading=\"lazy\" decoding=\"async\" width=\"300\" height=\"199\" src=\"https:\/\/www.radiopiu.net\/wordpress\/wp-content\/uploads\/2022\/11\/carabinieri-estero-4-300x199.jpg\" class=\"attachment-medium size-medium\" alt=\"\" srcset=\"https:\/\/www.radiopiu.net\/wordpress\/wp-content\/uploads\/2022\/11\/carabinieri-estero-4-300x199.jpg 300w, https:\/\/www.radiopiu.net\/wordpress\/wp-content\/uploads\/2022\/11\/carabinieri-estero-4.jpg 676w\" sizes=\"auto, (max-width: 300px) 100vw, 300px\" \/><\/a>\n\t\t\t\t<\/dt><\/dl><dl class='gallery-item'>\n\t\t\t\t<dt class='gallery-icon landscape'>\n\t\t\t\t\t<a class=\"rollover rollover-zoom dt-pswp-item\" title=\"carabinieri estero 1\" data-dt-img-description=\"\" data-large_image_width=\"980\" data-large_image_height=\"653\"href='https:\/\/www.radiopiu.net\/wordpress\/wp-content\/uploads\/2022\/11\/carabinieri-estero-1.jpg'><img loading=\"lazy\" decoding=\"async\" width=\"300\" height=\"200\" src=\"https:\/\/www.radiopiu.net\/wordpress\/wp-content\/uploads\/2022\/11\/carabinieri-estero-1-300x200.jpg\" class=\"attachment-medium size-medium\" alt=\"\" srcset=\"https:\/\/www.radiopiu.net\/wordpress\/wp-content\/uploads\/2022\/11\/carabinieri-estero-1-300x200.jpg 300w, https:\/\/www.radiopiu.net\/wordpress\/wp-content\/uploads\/2022\/11\/carabinieri-estero-1-768x512.jpg 768w, https:\/\/www.radiopiu.net\/wordpress\/wp-content\/uploads\/2022\/11\/carabinieri-estero-1.jpg 980w\" sizes=\"auto, (max-width: 300px) 100vw, 300px\" \/><\/a>\n\t\t\t\t<\/dt><\/dl><dl class='gallery-item'>\n\t\t\t\t<dt class='gallery-icon landscape'>\n\t\t\t\t\t<a class=\"rollover rollover-zoom dt-pswp-item\" title=\"carabinieri estero 2\" data-dt-img-description=\"\" data-large_image_width=\"637\" data-large_image_height=\"425\"href='https:\/\/www.radiopiu.net\/wordpress\/wp-content\/uploads\/2022\/11\/carabinieri-estero-2.jpg'><img loading=\"lazy\" decoding=\"async\" width=\"300\" height=\"200\" src=\"https:\/\/www.radiopiu.net\/wordpress\/wp-content\/uploads\/2022\/11\/carabinieri-estero-2-300x200.jpg\" class=\"attachment-medium size-medium\" alt=\"\" srcset=\"https:\/\/www.radiopiu.net\/wordpress\/wp-content\/uploads\/2022\/11\/carabinieri-estero-2-300x200.jpg 300w, https:\/\/www.radiopiu.net\/wordpress\/wp-content\/uploads\/2022\/11\/carabinieri-estero-2.jpg 637w\" sizes=\"auto, (max-width: 300px) 100vw, 300px\" \/><\/a>\n\t\t\t\t<\/dt><\/dl><dl class='gallery-item'>\n\t\t\t\t<dt class='gallery-icon landscape'>\n\t\t\t\t\t<a class=\"rollover rollover-zoom dt-pswp-item\" title=\"carabinieri estero 3\" data-dt-img-description=\"\" data-large_image_width=\"638\" data-large_image_height=\"425\"href='https:\/\/www.radiopiu.net\/wordpress\/wp-content\/uploads\/2022\/11\/carabinieri-estero-3.jpg'><img loading=\"lazy\" decoding=\"async\" width=\"300\" height=\"200\" src=\"https:\/\/www.radiopiu.net\/wordpress\/wp-content\/uploads\/2022\/11\/carabinieri-estero-3-300x200.jpg\" class=\"attachment-medium size-medium\" alt=\"\" srcset=\"https:\/\/www.radiopiu.net\/wordpress\/wp-content\/uploads\/2022\/11\/carabinieri-estero-3-300x200.jpg 300w, https:\/\/www.radiopiu.net\/wordpress\/wp-content\/uploads\/2022\/11\/carabinieri-estero-3.jpg 638w\" sizes=\"auto, (max-width: 300px) 100vw, 300px\" \/><\/a>\n\t\t\t\t<\/dt><\/dl><br style=\"clear: both\" \/>\n\t\t\t<\/div>\n\n<p>&nbsp;<\/p>\n<hr \/>\n<p>&nbsp;<\/p>\n<blockquote>\n<h3>ANCHE A PONTE NELLE ALPI UNA CERIMONIA PER RICORDARE LE VITTIME DI NASSIRIYA<\/h3>\n<\/blockquote>\n<p><strong>PONTE NELLE ALPI <\/strong>Per ricordare le vittime di tutte le guerre, gli oltre 700 morti in Italia sul lavoro e per deporre una corona in memoria dei caduti di Nassiriya: si \u00e8 svolta una solenne cerimonia, al Monumento della Provincia di Belluno di Canevoi. A organizzare la significativa mattinata \u00e8 stata l\u2019associazione AlBelPont, capitanata da Leonardo De Pra Panciera.<span class=\"gmail-Apple-converted-space\"> \u00a0<\/span>In Iraq, il 12 novembre 2003, avvenne infatti il grave attentato contro le forze armate italiane, impegnate in missione di pace. Persero la vita in diciannove, tra cui dodici Carabinieri (Massimiliano\u00a0Bruno, Giovanni\u00a0Cavallaro, Giuseppe\u00a0Coletta, Andrea\u00a0Filippa, Enzo\u00a0Fregosi, Daniele\u00a0Ghione, Horacio\u00a0Majorana, Ivan\u00a0Ghitti,\u00a0Domenico\u00a0Intravaia, Filippo\u00a0Merlino, Alfio\u00a0Ragazzi,\u00a0Alfonso\u00a0Trincone), cinque militari dell\u2019Esercito (Massimo\u00a0Ficuciello, Silvio\u00a0Olla, Alessandro\u00a0Carrisi, Emanuele\u00a0Ferraro, Pietro\u00a0Petrucci) e due civili (il regista Stefano Rolla e cooperante internazionale Marco Beci). E a Cadola un commosso pensiero \u00e8 andato a ognuno di loro.<span class=\"gmail-Apple-converted-space\"> \u00a0<\/span>Per quanto riguarda il monumento, \u00e8 stato eretto nel 1954 dall\u2019architetto De Castello in un terreno privato della famiglia Sonego: ha valenza provinciale e lo scopo di ricordare tutti i caduti delle guerre e del lavoro.<span class=\"gmail-Apple-converted-space\"> \u00a0<\/span>Dopo la messa, celebrata dal parroco di Cadola, don Giuseppe, gli studenti della scuola media di Ponte nelle Alpi hanno eseguito brani musicali e letto poesie sul tema della pace, mentre il sindaco Paolo Vendramini ha ringraziato le associazioni presenti: Alpini, Artiglieri, Carabinieri, Marinai, oltre alle frazioni. Lo stesso primo cittadino ha sottolineato che, nel 2024, si celebrer\u00e0 il 70. anniversario della costruzione del monumento. Per l\u2019occasione, l\u2019amministrazione e il locale gruppo AlBelPont, si adopereranno con l\u2019intento di promuovere al meglio l\u2019iniziativa.<span class=\"gmail-Apple-converted-space\">\u00a0<\/span><\/p>\n\n\t\t\t<style type='text\/css'>\n\t\t\t\t#gallery-3 {\n\t\t\t\t\tmargin: auto;\n\t\t\t\t}\n\t\t\t\t#gallery-3 .gallery-item {\n\t\t\t\t\tfloat: left;\n\t\t\t\t\tmargin-top: 10px;\n\t\t\t\t\ttext-align: center;\n\t\t\t\t\twidth: 25%;\n\t\t\t\t}\n\t\t\t\t#gallery-3 img {\n\t\t\t\t\tborder: 2px solid #cfcfcf;\n\t\t\t\t}\n\t\t\t\t#gallery-3 .gallery-caption {\n\t\t\t\t\tmargin-left: 0;\n\t\t\t\t}\n\t\t\t\t\/* see gallery_shortcode() in wp-includes\/media.php *\/\n\t\t\t<\/style>\n\t\t<div id='gallery-3' class='dt-gallery-container gallery galleryid-306026 gallery-columns-4 gallery-size-thumbnail'><dl class='gallery-item'>\n\t\t\t\t<dt class='gallery-icon landscape'>\n\t\t\t\t\t<a class=\"rollover rollover-zoom dt-pswp-item\" title=\"Cerimonia_1\" data-dt-img-description=\"\" data-large_image_width=\"1024\" data-large_image_height=\"766\"href='https:\/\/www.radiopiu.net\/wordpress\/wp-content\/uploads\/2022\/11\/Cerimonia_1.jpg'><img loading=\"lazy\" decoding=\"async\" width=\"150\" height=\"150\" src=\"https:\/\/www.radiopiu.net\/wordpress\/wp-content\/uploads\/2022\/11\/Cerimonia_1-150x150.jpg\" class=\"attachment-thumbnail size-thumbnail\" alt=\"\" \/><\/a>\n\t\t\t\t<\/dt><\/dl><dl class='gallery-item'>\n\t\t\t\t<dt class='gallery-icon landscape'>\n\t\t\t\t\t<a class=\"rollover rollover-zoom dt-pswp-item\" title=\"Cerimonia_2\" data-dt-img-description=\"\" data-large_image_width=\"1024\" data-large_image_height=\"461\"href='https:\/\/www.radiopiu.net\/wordpress\/wp-content\/uploads\/2022\/11\/Cerimonia_2.jpg'><img loading=\"lazy\" decoding=\"async\" width=\"150\" height=\"150\" src=\"https:\/\/www.radiopiu.net\/wordpress\/wp-content\/uploads\/2022\/11\/Cerimonia_2-150x150.jpg\" class=\"attachment-thumbnail size-thumbnail\" alt=\"\" \/><\/a>\n\t\t\t\t<\/dt><\/dl><dl class='gallery-item'>\n\t\t\t\t<dt class='gallery-icon landscape'>\n\t\t\t\t\t<a class=\"rollover rollover-zoom dt-pswp-item\" title=\"Cerimonia_3\" data-dt-img-description=\"\" data-large_image_width=\"1024\" data-large_image_height=\"461\"href='https:\/\/www.radiopiu.net\/wordpress\/wp-content\/uploads\/2022\/11\/Cerimonia_3.jpg'><img loading=\"lazy\" decoding=\"async\" width=\"150\" height=\"150\" src=\"https:\/\/www.radiopiu.net\/wordpress\/wp-content\/uploads\/2022\/11\/Cerimonia_3-150x150.jpg\" class=\"attachment-thumbnail size-thumbnail\" alt=\"\" \/><\/a>\n\t\t\t\t<\/dt><\/dl><dl class='gallery-item'>\n\t\t\t\t<dt class='gallery-icon landscape'>\n\t\t\t\t\t<a class=\"rollover rollover-zoom dt-pswp-item\" title=\"Cerimonia_4\" data-dt-img-description=\"\" data-large_image_width=\"1024\" data-large_image_height=\"461\"href='https:\/\/www.radiopiu.net\/wordpress\/wp-content\/uploads\/2022\/11\/Cerimonia_4.jpg'><img loading=\"lazy\" decoding=\"async\" width=\"150\" height=\"150\" src=\"https:\/\/www.radiopiu.net\/wordpress\/wp-content\/uploads\/2022\/11\/Cerimonia_4-150x150.jpg\" class=\"attachment-thumbnail size-thumbnail\" alt=\"\" \/><\/a>\n\t\t\t\t<\/dt><\/dl><br style=\"clear: both\" \/>\n\t\t\t<\/div>\n\n<p>&nbsp;<\/p>\n<p>&nbsp;<\/p>\n<hr \/>\n<p>&nbsp;<\/p>\n<blockquote>\n<h3>A TAMBRE NUMEROSI INTERVENTI PER L\u2019INTERRAMENTO DELLA LINEA ELETTRICA<\/h3>\n<\/blockquote>\n<p><strong><a class=\"dt-pswp-item\" href=\"https:\/\/www.radiopiu.net\/wordpress\/wp-content\/uploads\/2022\/11\/image0.jpeg\" data-dt-img-description=\"\" data-large_image_width=\"800\" data-large_image_height=\"531\"><img loading=\"lazy\" decoding=\"async\" class=\" wp-image-306093 alignleft\" src=\"https:\/\/www.radiopiu.net\/wordpress\/wp-content\/uploads\/2022\/11\/image0-300x199.jpeg\" alt=\"\" width=\"152\" height=\"101\" srcset=\"https:\/\/www.radiopiu.net\/wordpress\/wp-content\/uploads\/2022\/11\/image0-300x199.jpeg 300w, https:\/\/www.radiopiu.net\/wordpress\/wp-content\/uploads\/2022\/11\/image0-768x510.jpeg 768w, https:\/\/www.radiopiu.net\/wordpress\/wp-content\/uploads\/2022\/11\/image0.jpeg 800w\" sizes=\"auto, (max-width: 152px) 100vw, 152px\" \/><\/a>TAMBRE <\/strong>Messa a terra della linea elettrica per contrastare gli eventi atmosferici avversi: prossimamente il Comune di Tambre sar\u00e0 interessato da diversi interventi di ENEL-Distribuzione. Venerd\u00ec 18 novembre la cabina ALTAMARO, di fronte al distributore di carburante, verr\u00e0 messa fuori servizio dalle 9.00 alle 16.00 (salvo imprevisti) per effettuare il collegamento dalla linea aerea a quella interrata. Nella stessa mattinata \u00e8 prevista la presenza di un elicottero che espianter\u00e0 i pali presenti. Per questo, l\u2019Amministrazione raccomanda agli abitanti delle aree limitrofe di non esporre nei balconi e nelle finestre oggetti leggeri in grado di volare via, per non rendere pericoloso il sorvolo. Luned\u00ec 21 il medesimo intervento interesser\u00e0 Sant\u2019Anna e Col Indes. Nei giorni successivi verranno collegate ad un Gruppo elettrogeno le cabine di Tambre centro e Tambruz per completare il resto dei collegamenti. Per questo ci potranno essere dei disagi, ma temporanei, fino al 28 novembre.<\/p>\n<p>&nbsp;<\/p>\n<p>&nbsp;<\/p>\n<hr \/>\n<p>&nbsp;<\/p>\n<blockquote>\n<h3>LA LUCCIOLATA DEI BOCE DA RIF PER AIUTARE LA CASA VIA DI NATALE DI AVIANO<\/h3>\n<\/blockquote>\n<p><strong>AGORDO<\/strong> Dopo tre anni di assenza forzata a causa della pandemia \u00e8 ritornata la Lucciolata a favore della Casa Via di Natale di Aviano. Una lucciolata particolare organizzata dai &#8220;Boce da Rif&#8221; e partita da Piazza Libert\u00e0 ad Agordo alle 14. Tanta la gente che ha partecipato e che una volta giunta in piazzetta a Rif ha potuto rifocillarsi con la castagnata e un bicchiere di vin brul\u00e8 o th\u00e8 caldo. Immancabile anche l&#8217;intrattenimento con la tombolata organizzata dagli abitanti di Rif, Piasent e Colvignas e i famosi &#8220;Stragoi e Carfoi&#8221; delle femene da Rif. Una giornata in compagnia con tanti partecipanti e volontari che hanno voluto essere presenti per aiutare la Casa Via di Natale di Aviano.<\/p>\n\n\t\t\t<style type='text\/css'>\n\t\t\t\t#gallery-4 {\n\t\t\t\t\tmargin: auto;\n\t\t\t\t}\n\t\t\t\t#gallery-4 .gallery-item {\n\t\t\t\t\tfloat: left;\n\t\t\t\t\tmargin-top: 10px;\n\t\t\t\t\ttext-align: center;\n\t\t\t\t\twidth: 25%;\n\t\t\t\t}\n\t\t\t\t#gallery-4 img {\n\t\t\t\t\tborder: 2px solid #cfcfcf;\n\t\t\t\t}\n\t\t\t\t#gallery-4 .gallery-caption {\n\t\t\t\t\tmargin-left: 0;\n\t\t\t\t}\n\t\t\t\t\/* see gallery_shortcode() in wp-includes\/media.php *\/\n\t\t\t<\/style>\n\t\t<div id='gallery-4' class='dt-gallery-container gallery galleryid-306026 gallery-columns-4 gallery-size-thumbnail'><dl class='gallery-item'>\n\t\t\t\t<dt class='gallery-icon portrait'>\n\t\t\t\t\t<a class=\"rollover rollover-zoom dt-pswp-item\" title=\"31c1ff19-9d1f-4474-acb5-ef520c6dcfd8\" data-dt-img-description=\"\" data-large_image_width=\"1220\" data-large_image_height=\"1600\"href='https:\/\/www.radiopiu.net\/wordpress\/wp-content\/uploads\/2022\/11\/31c1ff19-9d1f-4474-acb5-ef520c6dcfd8.jpg'><img loading=\"lazy\" decoding=\"async\" width=\"150\" height=\"150\" src=\"https:\/\/www.radiopiu.net\/wordpress\/wp-content\/uploads\/2022\/11\/31c1ff19-9d1f-4474-acb5-ef520c6dcfd8-150x150.jpg\" class=\"attachment-thumbnail size-thumbnail\" alt=\"\" \/><\/a>\n\t\t\t\t<\/dt><\/dl><dl class='gallery-item'>\n\t\t\t\t<dt class='gallery-icon landscape'>\n\t\t\t\t\t<a class=\"rollover rollover-zoom dt-pswp-item\" title=\"a0b9e2bd-3418-4546-814c-554db6cc9500\" data-dt-img-description=\"\" data-large_image_width=\"1417\" data-large_image_height=\"1081\"href='https:\/\/www.radiopiu.net\/wordpress\/wp-content\/uploads\/2022\/11\/a0b9e2bd-3418-4546-814c-554db6cc9500.jpg'><img loading=\"lazy\" decoding=\"async\" width=\"150\" height=\"150\" src=\"https:\/\/www.radiopiu.net\/wordpress\/wp-content\/uploads\/2022\/11\/a0b9e2bd-3418-4546-814c-554db6cc9500-150x150.jpg\" class=\"attachment-thumbnail size-thumbnail\" alt=\"\" \/><\/a>\n\t\t\t\t<\/dt><\/dl><dl class='gallery-item'>\n\t\t\t\t<dt class='gallery-icon portrait'>\n\t\t\t\t\t<a class=\"rollover rollover-zoom dt-pswp-item\" title=\"414c486d-293b-4166-98ef-57a52a42d0fb\" data-dt-img-description=\"\" data-large_image_width=\"1578\" data-large_image_height=\"1600\"href='https:\/\/www.radiopiu.net\/wordpress\/wp-content\/uploads\/2022\/11\/414c486d-293b-4166-98ef-57a52a42d0fb.jpg'><img loading=\"lazy\" decoding=\"async\" width=\"150\" height=\"150\" src=\"https:\/\/www.radiopiu.net\/wordpress\/wp-content\/uploads\/2022\/11\/414c486d-293b-4166-98ef-57a52a42d0fb-150x150.jpg\" class=\"attachment-thumbnail size-thumbnail\" alt=\"\" \/><\/a>\n\t\t\t\t<\/dt><\/dl><dl class='gallery-item'>\n\t\t\t\t<dt class='gallery-icon landscape'>\n\t\t\t\t\t<a class=\"rollover rollover-zoom dt-pswp-item\" title=\"fa08ba39-5b0f-4923-9915-c15ed62f1700\" data-dt-img-description=\"\" data-large_image_width=\"1599\" data-large_image_height=\"1599\"href='https:\/\/www.radiopiu.net\/wordpress\/wp-content\/uploads\/2022\/11\/fa08ba39-5b0f-4923-9915-c15ed62f1700.jpg'><img loading=\"lazy\" decoding=\"async\" width=\"150\" height=\"150\" src=\"https:\/\/www.radiopiu.net\/wordpress\/wp-content\/uploads\/2022\/11\/fa08ba39-5b0f-4923-9915-c15ed62f1700-150x150.jpg\" class=\"attachment-thumbnail size-thumbnail\" alt=\"\" srcset=\"https:\/\/www.radiopiu.net\/wordpress\/wp-content\/uploads\/2022\/11\/fa08ba39-5b0f-4923-9915-c15ed62f1700-150x150.jpg 150w, https:\/\/www.radiopiu.net\/wordpress\/wp-content\/uploads\/2022\/11\/fa08ba39-5b0f-4923-9915-c15ed62f1700-300x300.jpg 300w, https:\/\/www.radiopiu.net\/wordpress\/wp-content\/uploads\/2022\/11\/fa08ba39-5b0f-4923-9915-c15ed62f1700-1024x1024.jpg 1024w, https:\/\/www.radiopiu.net\/wordpress\/wp-content\/uploads\/2022\/11\/fa08ba39-5b0f-4923-9915-c15ed62f1700-768x768.jpg 768w, https:\/\/www.radiopiu.net\/wordpress\/wp-content\/uploads\/2022\/11\/fa08ba39-5b0f-4923-9915-c15ed62f1700-1536x1536.jpg 1536w, https:\/\/www.radiopiu.net\/wordpress\/wp-content\/uploads\/2022\/11\/fa08ba39-5b0f-4923-9915-c15ed62f1700.jpg 1599w\" sizes=\"auto, (max-width: 150px) 100vw, 150px\" \/><\/a>\n\t\t\t\t<\/dt><\/dl><br style=\"clear: both\" \/><dl class='gallery-item'>\n\t\t\t\t<dt class='gallery-icon landscape'>\n\t\t\t\t\t<a class=\"rollover rollover-zoom dt-pswp-item\" title=\"b0930553-909d-46d1-94ca-2702ab03a25e\" data-dt-img-description=\"\" data-large_image_width=\"1599\" data-large_image_height=\"1599\"href='https:\/\/www.radiopiu.net\/wordpress\/wp-content\/uploads\/2022\/11\/b0930553-909d-46d1-94ca-2702ab03a25e.jpg'><img loading=\"lazy\" decoding=\"async\" width=\"150\" height=\"150\" src=\"https:\/\/www.radiopiu.net\/wordpress\/wp-content\/uploads\/2022\/11\/b0930553-909d-46d1-94ca-2702ab03a25e-150x150.jpg\" class=\"attachment-thumbnail size-thumbnail\" alt=\"\" srcset=\"https:\/\/www.radiopiu.net\/wordpress\/wp-content\/uploads\/2022\/11\/b0930553-909d-46d1-94ca-2702ab03a25e-150x150.jpg 150w, https:\/\/www.radiopiu.net\/wordpress\/wp-content\/uploads\/2022\/11\/b0930553-909d-46d1-94ca-2702ab03a25e-300x300.jpg 300w, https:\/\/www.radiopiu.net\/wordpress\/wp-content\/uploads\/2022\/11\/b0930553-909d-46d1-94ca-2702ab03a25e-1024x1024.jpg 1024w, https:\/\/www.radiopiu.net\/wordpress\/wp-content\/uploads\/2022\/11\/b0930553-909d-46d1-94ca-2702ab03a25e-768x768.jpg 768w, https:\/\/www.radiopiu.net\/wordpress\/wp-content\/uploads\/2022\/11\/b0930553-909d-46d1-94ca-2702ab03a25e-1536x1536.jpg 1536w, https:\/\/www.radiopiu.net\/wordpress\/wp-content\/uploads\/2022\/11\/b0930553-909d-46d1-94ca-2702ab03a25e.jpg 1599w\" sizes=\"auto, (max-width: 150px) 100vw, 150px\" \/><\/a>\n\t\t\t\t<\/dt><\/dl><dl class='gallery-item'>\n\t\t\t\t<dt class='gallery-icon landscape'>\n\t\t\t\t\t<a class=\"rollover rollover-zoom dt-pswp-item\" title=\"3a5092fd-f7d3-4803-94b7-0c4feba34a5a\" data-dt-img-description=\"\" data-large_image_width=\"1599\" data-large_image_height=\"1599\"href='https:\/\/www.radiopiu.net\/wordpress\/wp-content\/uploads\/2022\/11\/3a5092fd-f7d3-4803-94b7-0c4feba34a5a.jpg'><img loading=\"lazy\" decoding=\"async\" width=\"150\" height=\"150\" src=\"https:\/\/www.radiopiu.net\/wordpress\/wp-content\/uploads\/2022\/11\/3a5092fd-f7d3-4803-94b7-0c4feba34a5a-150x150.jpg\" class=\"attachment-thumbnail size-thumbnail\" alt=\"\" srcset=\"https:\/\/www.radiopiu.net\/wordpress\/wp-content\/uploads\/2022\/11\/3a5092fd-f7d3-4803-94b7-0c4feba34a5a-150x150.jpg 150w, https:\/\/www.radiopiu.net\/wordpress\/wp-content\/uploads\/2022\/11\/3a5092fd-f7d3-4803-94b7-0c4feba34a5a-300x300.jpg 300w, https:\/\/www.radiopiu.net\/wordpress\/wp-content\/uploads\/2022\/11\/3a5092fd-f7d3-4803-94b7-0c4feba34a5a-1024x1024.jpg 1024w, https:\/\/www.radiopiu.net\/wordpress\/wp-content\/uploads\/2022\/11\/3a5092fd-f7d3-4803-94b7-0c4feba34a5a-768x768.jpg 768w, https:\/\/www.radiopiu.net\/wordpress\/wp-content\/uploads\/2022\/11\/3a5092fd-f7d3-4803-94b7-0c4feba34a5a-1536x1536.jpg 1536w, https:\/\/www.radiopiu.net\/wordpress\/wp-content\/uploads\/2022\/11\/3a5092fd-f7d3-4803-94b7-0c4feba34a5a.jpg 1599w\" sizes=\"auto, (max-width: 150px) 100vw, 150px\" \/><\/a>\n\t\t\t\t<\/dt><\/dl><dl class='gallery-item'>\n\t\t\t\t<dt class='gallery-icon landscape'>\n\t\t\t\t\t<a class=\"rollover rollover-zoom dt-pswp-item\" title=\"20308400-3c78-49cc-b7c9-0baa60335aad\" data-dt-img-description=\"\" data-large_image_width=\"1599\" data-large_image_height=\"1599\"href='https:\/\/www.radiopiu.net\/wordpress\/wp-content\/uploads\/2022\/11\/20308400-3c78-49cc-b7c9-0baa60335aad.jpg'><img loading=\"lazy\" decoding=\"async\" width=\"150\" height=\"150\" src=\"https:\/\/www.radiopiu.net\/wordpress\/wp-content\/uploads\/2022\/11\/20308400-3c78-49cc-b7c9-0baa60335aad-150x150.jpg\" class=\"attachment-thumbnail size-thumbnail\" alt=\"\" srcset=\"https:\/\/www.radiopiu.net\/wordpress\/wp-content\/uploads\/2022\/11\/20308400-3c78-49cc-b7c9-0baa60335aad-150x150.jpg 150w, https:\/\/www.radiopiu.net\/wordpress\/wp-content\/uploads\/2022\/11\/20308400-3c78-49cc-b7c9-0baa60335aad-300x300.jpg 300w, https:\/\/www.radiopiu.net\/wordpress\/wp-content\/uploads\/2022\/11\/20308400-3c78-49cc-b7c9-0baa60335aad-1024x1024.jpg 1024w, https:\/\/www.radiopiu.net\/wordpress\/wp-content\/uploads\/2022\/11\/20308400-3c78-49cc-b7c9-0baa60335aad-768x768.jpg 768w, https:\/\/www.radiopiu.net\/wordpress\/wp-content\/uploads\/2022\/11\/20308400-3c78-49cc-b7c9-0baa60335aad-1536x1536.jpg 1536w, https:\/\/www.radiopiu.net\/wordpress\/wp-content\/uploads\/2022\/11\/20308400-3c78-49cc-b7c9-0baa60335aad.jpg 1599w\" sizes=\"auto, (max-width: 150px) 100vw, 150px\" \/><\/a>\n\t\t\t\t<\/dt><\/dl><dl class='gallery-item'>\n\t\t\t\t<dt class='gallery-icon landscape'>\n\t\t\t\t\t<a class=\"rollover rollover-zoom dt-pswp-item\" title=\"022c9942-f379-4647-80d8-94a72d556e43\" data-dt-img-description=\"\" data-large_image_width=\"1599\" data-large_image_height=\"1599\"href='https:\/\/www.radiopiu.net\/wordpress\/wp-content\/uploads\/2022\/11\/022c9942-f379-4647-80d8-94a72d556e43.jpg'><img loading=\"lazy\" decoding=\"async\" width=\"150\" height=\"150\" src=\"https:\/\/www.radiopiu.net\/wordpress\/wp-content\/uploads\/2022\/11\/022c9942-f379-4647-80d8-94a72d556e43-150x150.jpg\" class=\"attachment-thumbnail size-thumbnail\" alt=\"\" srcset=\"https:\/\/www.radiopiu.net\/wordpress\/wp-content\/uploads\/2022\/11\/022c9942-f379-4647-80d8-94a72d556e43-150x150.jpg 150w, https:\/\/www.radiopiu.net\/wordpress\/wp-content\/uploads\/2022\/11\/022c9942-f379-4647-80d8-94a72d556e43-300x300.jpg 300w, https:\/\/www.radiopiu.net\/wordpress\/wp-content\/uploads\/2022\/11\/022c9942-f379-4647-80d8-94a72d556e43-1024x1024.jpg 1024w, https:\/\/www.radiopiu.net\/wordpress\/wp-content\/uploads\/2022\/11\/022c9942-f379-4647-80d8-94a72d556e43-768x768.jpg 768w, https:\/\/www.radiopiu.net\/wordpress\/wp-content\/uploads\/2022\/11\/022c9942-f379-4647-80d8-94a72d556e43-1536x1536.jpg 1536w, https:\/\/www.radiopiu.net\/wordpress\/wp-content\/uploads\/2022\/11\/022c9942-f379-4647-80d8-94a72d556e43.jpg 1599w\" sizes=\"auto, (max-width: 150px) 100vw, 150px\" \/><\/a>\n\t\t\t\t<\/dt><\/dl><br style=\"clear: both\" \/><dl class='gallery-item'>\n\t\t\t\t<dt class='gallery-icon landscape'>\n\t\t\t\t\t<a class=\"rollover rollover-zoom dt-pswp-item\" title=\"611ccfe0-b1be-47fb-aeac-1e0d63339fbb\" data-dt-img-description=\"\" data-large_image_width=\"1599\" data-large_image_height=\"1599\"href='https:\/\/www.radiopiu.net\/wordpress\/wp-content\/uploads\/2022\/11\/611ccfe0-b1be-47fb-aeac-1e0d63339fbb.jpg'><img loading=\"lazy\" decoding=\"async\" width=\"150\" height=\"150\" src=\"https:\/\/www.radiopiu.net\/wordpress\/wp-content\/uploads\/2022\/11\/611ccfe0-b1be-47fb-aeac-1e0d63339fbb-150x150.jpg\" class=\"attachment-thumbnail size-thumbnail\" alt=\"\" srcset=\"https:\/\/www.radiopiu.net\/wordpress\/wp-content\/uploads\/2022\/11\/611ccfe0-b1be-47fb-aeac-1e0d63339fbb-150x150.jpg 150w, https:\/\/www.radiopiu.net\/wordpress\/wp-content\/uploads\/2022\/11\/611ccfe0-b1be-47fb-aeac-1e0d63339fbb-300x300.jpg 300w, https:\/\/www.radiopiu.net\/wordpress\/wp-content\/uploads\/2022\/11\/611ccfe0-b1be-47fb-aeac-1e0d63339fbb-1024x1024.jpg 1024w, https:\/\/www.radiopiu.net\/wordpress\/wp-content\/uploads\/2022\/11\/611ccfe0-b1be-47fb-aeac-1e0d63339fbb-768x768.jpg 768w, https:\/\/www.radiopiu.net\/wordpress\/wp-content\/uploads\/2022\/11\/611ccfe0-b1be-47fb-aeac-1e0d63339fbb-1536x1536.jpg 1536w, https:\/\/www.radiopiu.net\/wordpress\/wp-content\/uploads\/2022\/11\/611ccfe0-b1be-47fb-aeac-1e0d63339fbb.jpg 1599w\" sizes=\"auto, (max-width: 150px) 100vw, 150px\" \/><\/a>\n\t\t\t\t<\/dt><\/dl><dl class='gallery-item'>\n\t\t\t\t<dt class='gallery-icon landscape'>\n\t\t\t\t\t<a class=\"rollover rollover-zoom dt-pswp-item\" title=\"cf2f69b7-84e5-470d-bc33-8824bdfa1594\" data-dt-img-description=\"\" data-large_image_width=\"1599\" data-large_image_height=\"1599\"href='https:\/\/www.radiopiu.net\/wordpress\/wp-content\/uploads\/2022\/11\/cf2f69b7-84e5-470d-bc33-8824bdfa1594.jpg'><img loading=\"lazy\" decoding=\"async\" width=\"150\" height=\"150\" src=\"https:\/\/www.radiopiu.net\/wordpress\/wp-content\/uploads\/2022\/11\/cf2f69b7-84e5-470d-bc33-8824bdfa1594-150x150.jpg\" class=\"attachment-thumbnail size-thumbnail\" alt=\"\" srcset=\"https:\/\/www.radiopiu.net\/wordpress\/wp-content\/uploads\/2022\/11\/cf2f69b7-84e5-470d-bc33-8824bdfa1594-150x150.jpg 150w, https:\/\/www.radiopiu.net\/wordpress\/wp-content\/uploads\/2022\/11\/cf2f69b7-84e5-470d-bc33-8824bdfa1594-300x300.jpg 300w, https:\/\/www.radiopiu.net\/wordpress\/wp-content\/uploads\/2022\/11\/cf2f69b7-84e5-470d-bc33-8824bdfa1594-1024x1024.jpg 1024w, https:\/\/www.radiopiu.net\/wordpress\/wp-content\/uploads\/2022\/11\/cf2f69b7-84e5-470d-bc33-8824bdfa1594-768x768.jpg 768w, https:\/\/www.radiopiu.net\/wordpress\/wp-content\/uploads\/2022\/11\/cf2f69b7-84e5-470d-bc33-8824bdfa1594-1536x1536.jpg 1536w, https:\/\/www.radiopiu.net\/wordpress\/wp-content\/uploads\/2022\/11\/cf2f69b7-84e5-470d-bc33-8824bdfa1594.jpg 1599w\" sizes=\"auto, (max-width: 150px) 100vw, 150px\" \/><\/a>\n\t\t\t\t<\/dt><\/dl><dl class='gallery-item'>\n\t\t\t\t<dt class='gallery-icon landscape'>\n\t\t\t\t\t<a class=\"rollover rollover-zoom dt-pswp-item\" title=\"149b4c2b-c93f-41f0-9f40-d05013f1ac95\" data-dt-img-description=\"\" data-large_image_width=\"1599\" data-large_image_height=\"1599\"href='https:\/\/www.radiopiu.net\/wordpress\/wp-content\/uploads\/2022\/11\/149b4c2b-c93f-41f0-9f40-d05013f1ac95.jpg'><img loading=\"lazy\" decoding=\"async\" width=\"150\" height=\"150\" src=\"https:\/\/www.radiopiu.net\/wordpress\/wp-content\/uploads\/2022\/11\/149b4c2b-c93f-41f0-9f40-d05013f1ac95-150x150.jpg\" class=\"attachment-thumbnail size-thumbnail\" alt=\"\" srcset=\"https:\/\/www.radiopiu.net\/wordpress\/wp-content\/uploads\/2022\/11\/149b4c2b-c93f-41f0-9f40-d05013f1ac95-150x150.jpg 150w, https:\/\/www.radiopiu.net\/wordpress\/wp-content\/uploads\/2022\/11\/149b4c2b-c93f-41f0-9f40-d05013f1ac95-300x300.jpg 300w, https:\/\/www.radiopiu.net\/wordpress\/wp-content\/uploads\/2022\/11\/149b4c2b-c93f-41f0-9f40-d05013f1ac95-1024x1024.jpg 1024w, https:\/\/www.radiopiu.net\/wordpress\/wp-content\/uploads\/2022\/11\/149b4c2b-c93f-41f0-9f40-d05013f1ac95-768x768.jpg 768w, https:\/\/www.radiopiu.net\/wordpress\/wp-content\/uploads\/2022\/11\/149b4c2b-c93f-41f0-9f40-d05013f1ac95-1536x1536.jpg 1536w, https:\/\/www.radiopiu.net\/wordpress\/wp-content\/uploads\/2022\/11\/149b4c2b-c93f-41f0-9f40-d05013f1ac95.jpg 1599w\" sizes=\"auto, (max-width: 150px) 100vw, 150px\" \/><\/a>\n\t\t\t\t<\/dt><\/dl><dl class='gallery-item'>\n\t\t\t\t<dt class='gallery-icon landscape'>\n\t\t\t\t\t<a class=\"rollover rollover-zoom dt-pswp-item\" title=\"c8a33e45-0b1b-4e21-b145-4a1783fe1faa\" data-dt-img-description=\"\" data-large_image_width=\"1599\" data-large_image_height=\"1599\"href='https:\/\/www.radiopiu.net\/wordpress\/wp-content\/uploads\/2022\/11\/c8a33e45-0b1b-4e21-b145-4a1783fe1faa.jpg'><img loading=\"lazy\" decoding=\"async\" width=\"150\" height=\"150\" src=\"https:\/\/www.radiopiu.net\/wordpress\/wp-content\/uploads\/2022\/11\/c8a33e45-0b1b-4e21-b145-4a1783fe1faa-150x150.jpg\" class=\"attachment-thumbnail size-thumbnail\" alt=\"\" srcset=\"https:\/\/www.radiopiu.net\/wordpress\/wp-content\/uploads\/2022\/11\/c8a33e45-0b1b-4e21-b145-4a1783fe1faa-150x150.jpg 150w, https:\/\/www.radiopiu.net\/wordpress\/wp-content\/uploads\/2022\/11\/c8a33e45-0b1b-4e21-b145-4a1783fe1faa-300x300.jpg 300w, https:\/\/www.radiopiu.net\/wordpress\/wp-content\/uploads\/2022\/11\/c8a33e45-0b1b-4e21-b145-4a1783fe1faa-1024x1024.jpg 1024w, https:\/\/www.radiopiu.net\/wordpress\/wp-content\/uploads\/2022\/11\/c8a33e45-0b1b-4e21-b145-4a1783fe1faa-768x768.jpg 768w, https:\/\/www.radiopiu.net\/wordpress\/wp-content\/uploads\/2022\/11\/c8a33e45-0b1b-4e21-b145-4a1783fe1faa-1536x1536.jpg 1536w, https:\/\/www.radiopiu.net\/wordpress\/wp-content\/uploads\/2022\/11\/c8a33e45-0b1b-4e21-b145-4a1783fe1faa.jpg 1599w\" sizes=\"auto, (max-width: 150px) 100vw, 150px\" \/><\/a>\n\t\t\t\t<\/dt><\/dl><br style=\"clear: both\" \/>\n\t\t\t<\/div>\n\n<p>&nbsp;<\/p>\n<hr \/>\n<p>&nbsp;<\/p>\n<blockquote>\n<h3>IL CONCORSO DEI FORMAGGI, 28 LE AZIENDE IN COMPETIZIONE<\/h3>\n<\/blockquote>\n<p><em>Cinque le categorie previste: formaggi freschi, formaggi mezzani, stagionati, ovicaprini, formaggi di malga.<\/em><br \/>\n<strong><a class=\"dt-pswp-item\" href=\"https:\/\/www.radiopiu.net\/wordpress\/wp-content\/uploads\/2022\/05\/FORMAGGIO.png\" data-dt-img-description=\"\" data-large_image_width=\"944\" data-large_image_height=\"876\"><img loading=\"lazy\" decoding=\"async\" class=\"wp-image-275282 alignleft\" src=\"https:\/\/www.radiopiu.net\/wordpress\/wp-content\/uploads\/2022\/05\/FORMAGGIO-300x278.png\" alt=\"\" width=\"179\" height=\"166\" srcset=\"https:\/\/www.radiopiu.net\/wordpress\/wp-content\/uploads\/2022\/05\/FORMAGGIO-300x278.png 300w, https:\/\/www.radiopiu.net\/wordpress\/wp-content\/uploads\/2022\/05\/FORMAGGIO-768x713.png 768w, https:\/\/www.radiopiu.net\/wordpress\/wp-content\/uploads\/2022\/05\/FORMAGGIO.png 944w\" sizes=\"auto, (max-width: 179px) 100vw, 179px\" \/><\/a>BELLUNO<\/strong> Nella 72esima giornata provinciale del Ringraziamento agricolo non \u00e8 mancato il momento importante per coloro che producono il formaggio con il Concorso dei prodotti di latteria e di malga giunto alla 16esima edizione. Ventotto le aziende in gara, 50 i tipi di formaggio: Latteria di Tisoi, Latteria Turnaria di Valmorel, Latteria S.Antonio di Tortal Latteria di Frontin, Latteria di Lentiai, Latteria di Camolino, Coop. Agordino Latteria di Vallata, Latteria di Sedico, Lattebusche, Latteria di Lentiai, Centro Caseario Cansiglio, Soc. Agricola La Schirata, Az. Agricola Pasinetti Daniela, Az, Agr. Vettorata Fantino, Azienda Agr. Zanella Matteo, Latteria di Livinallongo, Az. Agr. Davide Bortoluzzi , Malga Laste, Malga Canidi, Malga Campon, Malga Pien de Vacia, Malga Erera, Malga Garda, Malga Celado, Malga Cherz, Malga Le Buse. Malga Valles Alto, Malga Pramper.<\/p>\n<p>&nbsp;<\/p>\n<p>&nbsp;<\/p>\n<hr \/>\n<p>&nbsp;<\/p>\n<blockquote>\n<h3>GLI ALPINI ALLA SCUOLA MATERNA DI AGORDO PER LA CASTAGNATA DI SAN MARTINO<\/h3>\n<\/blockquote>\n<p><strong>AGORDO<\/strong> Festeggiato San Martino anche alla scuola materna di Agordo. Gli Alpini di Agordo sono andati dai bambini per celebrare &#8220;San Martin&#8221; ed hanno organizzato per l&#8217;occasione una castagnata. Un momento conviviale sul piazzale antistante la scuola.<\/p>\n<p><a class=\"dt-pswp-item\" href=\"https:\/\/www.radiopiu.net\/wordpress\/wp-content\/uploads\/2022\/11\/9d52e5fb-7c99-461e-8520-301db06d8cc1.jpg\" data-dt-img-description=\"\" data-large_image_width=\"1024\" data-large_image_height=\"768\"><img loading=\"lazy\" decoding=\"async\" class=\"wp-image-306058 aligncenter\" src=\"https:\/\/www.radiopiu.net\/wordpress\/wp-content\/uploads\/2022\/11\/9d52e5fb-7c99-461e-8520-301db06d8cc1.jpg\" alt=\"\" width=\"451\" height=\"338\" srcset=\"https:\/\/www.radiopiu.net\/wordpress\/wp-content\/uploads\/2022\/11\/9d52e5fb-7c99-461e-8520-301db06d8cc1.jpg 1024w, https:\/\/www.radiopiu.net\/wordpress\/wp-content\/uploads\/2022\/11\/9d52e5fb-7c99-461e-8520-301db06d8cc1-300x225.jpg 300w, https:\/\/www.radiopiu.net\/wordpress\/wp-content\/uploads\/2022\/11\/9d52e5fb-7c99-461e-8520-301db06d8cc1-768x576.jpg 768w\" sizes=\"auto, (max-width: 451px) 100vw, 451px\" \/><\/a><\/p>\n<p>&nbsp;<\/p>\n<hr \/>\n<p>&nbsp;<\/p>\n<p><strong>DI TIZIANO DE COL\u00a0 \u00a0<\/strong><\/p>\n\n\t\t\t<style type='text\/css'>\n\t\t\t\t#gallery-5 {\n\t\t\t\t\tmargin: auto;\n\t\t\t\t}\n\t\t\t\t#gallery-5 .gallery-item {\n\t\t\t\t\tfloat: left;\n\t\t\t\t\tmargin-top: 10px;\n\t\t\t\t\ttext-align: center;\n\t\t\t\t\twidth: 50%;\n\t\t\t\t}\n\t\t\t\t#gallery-5 img {\n\t\t\t\t\tborder: 2px solid #cfcfcf;\n\t\t\t\t}\n\t\t\t\t#gallery-5 .gallery-caption {\n\t\t\t\t\tmargin-left: 0;\n\t\t\t\t}\n\t\t\t\t\/* see gallery_shortcode() in wp-includes\/media.php *\/\n\t\t\t<\/style>\n\t\t<div id='gallery-5' class='dt-gallery-container gallery galleryid-306026 gallery-columns-2 gallery-size-medium'><dl class='gallery-item'>\n\t\t\t\t<dt class='gallery-icon landscape'>\n\t\t\t\t\t<a class=\"rollover rollover-zoom dt-pswp-item\" title=\"9b90be29-2ba5-4439-9c7f-b2e419ec1a41\" data-dt-img-description=\"\" data-large_image_width=\"601\" data-large_image_height=\"369\"href='https:\/\/www.radiopiu.net\/wordpress\/wp-content\/uploads\/2022\/11\/9b90be29-2ba5-4439-9c7f-b2e419ec1a41.jpg'><img loading=\"lazy\" decoding=\"async\" width=\"300\" height=\"184\" src=\"https:\/\/www.radiopiu.net\/wordpress\/wp-content\/uploads\/2022\/11\/9b90be29-2ba5-4439-9c7f-b2e419ec1a41-300x184.jpg\" class=\"attachment-medium size-medium\" alt=\"\" srcset=\"https:\/\/www.radiopiu.net\/wordpress\/wp-content\/uploads\/2022\/11\/9b90be29-2ba5-4439-9c7f-b2e419ec1a41-300x184.jpg 300w, https:\/\/www.radiopiu.net\/wordpress\/wp-content\/uploads\/2022\/11\/9b90be29-2ba5-4439-9c7f-b2e419ec1a41.jpg 601w\" sizes=\"auto, (max-width: 300px) 100vw, 300px\" \/><\/a>\n\t\t\t\t<\/dt><\/dl><dl class='gallery-item'>\n\t\t\t\t<dt class='gallery-icon landscape'>\n\t\t\t\t\t<a class=\"rollover rollover-zoom dt-pswp-item\" title=\"6ed2b34a-b40f-48d2-9b12-a019433ee28a\" data-dt-img-description=\"\" data-large_image_width=\"600\" data-large_image_height=\"363\"href='https:\/\/www.radiopiu.net\/wordpress\/wp-content\/uploads\/2022\/11\/6ed2b34a-b40f-48d2-9b12-a019433ee28a.jpg'><img loading=\"lazy\" decoding=\"async\" width=\"300\" height=\"182\" src=\"https:\/\/www.radiopiu.net\/wordpress\/wp-content\/uploads\/2022\/11\/6ed2b34a-b40f-48d2-9b12-a019433ee28a-300x182.jpg\" class=\"attachment-medium size-medium\" alt=\"\" srcset=\"https:\/\/www.radiopiu.net\/wordpress\/wp-content\/uploads\/2022\/11\/6ed2b34a-b40f-48d2-9b12-a019433ee28a-300x182.jpg 300w, https:\/\/www.radiopiu.net\/wordpress\/wp-content\/uploads\/2022\/11\/6ed2b34a-b40f-48d2-9b12-a019433ee28a.jpg 600w\" sizes=\"auto, (max-width: 300px) 100vw, 300px\" \/><\/a>\n\t\t\t\t<\/dt><\/dl><br style=\"clear: both\" \/>\n\t\t\t<\/div>\n\n<p>&nbsp;<\/p>\n<blockquote class=\"wp-embedded-content\" data-secret=\"pzsMHfKViF\"><p><a href=\"https:\/\/www.radiopiu.net\/wordpress\/aziendazeronovembre13\/\">SONO 3229 I NUOVI POSITIVI IN VENETO DELLE ULTIME 24 ORE. SEI DECESSI, RICOVERI IN CALO<\/a><\/p><\/blockquote>\n<p><iframe loading=\"lazy\" class=\"wp-embedded-content\" sandbox=\"allow-scripts\" security=\"restricted\" style=\"position: absolute; clip: rect(1px, 1px, 1px, 1px);\" title=\"&#8220;SONO 3229 I NUOVI POSITIVI IN VENETO DELLE ULTIME 24 ORE. SEI DECESSI, RICOVERI IN CALO&#8221; &#8212; Radio Pi\u00f9\" src=\"https:\/\/www.radiopiu.net\/wordpress\/aziendazeronovembre13\/embed\/#?secret=PoJIjFt6GU#?secret=pzsMHfKViF\" data-secret=\"pzsMHfKViF\" width=\"600\" height=\"338\" frameborder=\"0\" marginwidth=\"0\" marginheight=\"0\" scrolling=\"no\"><\/iframe><\/p>\n<p>&nbsp;<\/p>\n<hr \/>\n<p>&nbsp;<\/p>\n<blockquote>\n<h3>TUMORE ALLA PROSTATA: CURA RADIOTERAPICA IN UNA SOLA SETTIMANA A PARITA&#8217; DI EFFICACIA<\/h3>\n<\/blockquote>\n<p><strong><a class=\"dt-pswp-item\" href=\"https:\/\/www.radiopiu.net\/wordpress\/wp-content\/uploads\/2020\/06\/dc8d9e01-0412-48a8-91b1-c64ba92a8187.jpg\" data-dt-img-description=\"\" data-large_image_width=\"2048\" data-large_image_height=\"1024\"><img loading=\"lazy\" decoding=\"async\" class=\" wp-image-144229 alignleft\" src=\"https:\/\/www.radiopiu.net\/wordpress\/wp-content\/uploads\/2020\/06\/dc8d9e01-0412-48a8-91b1-c64ba92a8187-300x150.jpg\" alt=\"\" width=\"238\" height=\"119\" srcset=\"https:\/\/www.radiopiu.net\/wordpress\/wp-content\/uploads\/2020\/06\/dc8d9e01-0412-48a8-91b1-c64ba92a8187-300x150.jpg 300w, https:\/\/www.radiopiu.net\/wordpress\/wp-content\/uploads\/2020\/06\/dc8d9e01-0412-48a8-91b1-c64ba92a8187-1024x512.jpg 1024w, https:\/\/www.radiopiu.net\/wordpress\/wp-content\/uploads\/2020\/06\/dc8d9e01-0412-48a8-91b1-c64ba92a8187-768x384.jpg 768w, https:\/\/www.radiopiu.net\/wordpress\/wp-content\/uploads\/2020\/06\/dc8d9e01-0412-48a8-91b1-c64ba92a8187-1536x768.jpg 1536w, https:\/\/www.radiopiu.net\/wordpress\/wp-content\/uploads\/2020\/06\/dc8d9e01-0412-48a8-91b1-c64ba92a8187.jpg 2048w\" sizes=\"auto, (max-width: 238px) 100vw, 238px\" \/><\/a>BELLUNO <\/strong>Novembre \u00e8 il mese dedicato alla sensibilizzazione sulla prevenzione e cura del tumore alla prostata. Da qualche mese, in Ulss Dolomiti, c\u2019\u00e8 una importante novit\u00e0 in ambito radioterapico: sono gi\u00e0 90, di cui il 14% proveniente da fuori Veneto, i pazienti trattati in Ulss Dolomiti con la nuova tecnica che consente il trattamento del tumore alla prostata in sole 5 sedute. I progressi fatti nell\u2019ambito della cura delle malattie oncologiche, con l\u2019avvento della medicina di precisione, sia in ambito medico che radioterapico, hanno portato ad un miglioramento sia dell\u2019 aspettativa che della qualit\u00e0 della vita dei pazienti oncologici. La Radioterapia \u00e8 un approccio terapeutico di cruciale importanza nel percorso di cura del 50-60% dei pazienti oncologici. La moderna radioterapia \u00e8 un trattamento sicuro ed altamente efficace che utilizza radiazioni ionizzanti, prevalentemente raggi X ad alta energia, per distruggere le cellule tumorali in modo mirato e selettivo. Pu\u00f2 essere utilizzata da sola, o integrata ad altre tipologie di trattamento, sia di tipo chirurgico che chemio-immunoterapico. E\u2019 una specializzazione che tende per sua natura alla multidisciplinariet\u00e0, e a sua volta \u00e8 fondata su un lavoro di squadra condotto\u00a0 da\u00a0 un\u00a0 team\u00a0 interdisciplinare\u00a0 formato\u00a0 da\u00a0 Radioterapisti Oncologi,\u00a0 Fisici\u00a0 Medici, Tecnici\u00a0 di Radiologia ed Infermieri Specializzati, in cui ciascuna figura di questa corposa equipe \u00e8 importante per raggiungere livelli sempre pi\u00f9 alti nella qualit\u00e0 delle proposte terapeutiche. \u201c<em>Grazie a un investimento di circa 2 milioni di euro, il centro di Radioterapia Oncologica dell\u2019Ulss Dolomiti, di cui sono direttore, \u00e8 stato di recente dotato di un moderno acceleratore lineare e dell\u2019upgrade di quello gi\u00e0 in funzione, entrambi integrati con software ad alta tecnologia, per realizzare trattamenti radioterapici di alta precisione in grado di offrire cure radioterapiche di ultima generazione\u201d, spiega Alessandro Magli, direttore della Radioterapia del\u2019Ulss Dolomiti. \u201cAbbiamo quindi potuto implementare un percorso di radioterapia stereotassica (SBRT) o radioterapia ablativa stereotattica (SABR), una tecnica radioterapica d\u2019avanguardia che consente di somministrare con estrema accuratezza e precisione alte dosi di radiazioni a bersagli tumorali di piccole dimensioni provocandone la necrosi, cio\u00e8 la morte dal punto di vista cellulare<\/em>\u201d. La SABR non \u00e8 invasiva e mantiene un\u2019elevata efficacia, tanto da aver trovato applicazioni cliniche in diversi ambiti, da quello uro-oncologico (tumore della prostata, rene, vescica) al carcinoma mammario, fino ai tumori primitivi del polmone in stadio iniziale non candidabili a intervento chirurgico e per il trattamento delle metastasi. \u201c<em>La Radioterapia di Belluno \u00e8 all\u2019avanguardia a livello regionale e nazionale per il trattamento del tumore della prostata con l\u2019erogazione di alte dosi di radiazioni in sole 3-5 sedute, al posto delle 20-28 eseguite precedentemente\u201d, precisa Magli. \u201cQuesta tecnica rappresenta una metodica di eccellenza per la cura delle neoplasie prostatiche, e consente di trattare il tumore con altissima precisionegrazie sia al posizionamento di tre marcatoti fiduciali intraprostici chealla definizione dei volumi oncologici su imaging di risonanza magnetica. <\/em><em>Il risultato oncologico \u00e8 paragonabile a quello ottenibile con la chirurgia, ma l\u2019invasivit\u00e0 e gli eventuali effetti collaterali sono ridotti al minimo. Inoltre, la breve durata del trattamento rispetto alla radioterapia convenzionale migliora sensibilmente la qualit\u00e0 di vita del paziente, riducendo gli accessi in ospedale, aspetto fondamentale soprattutto in un territorio caratterizzato da importanti distanze come quello della provincia di Belluno. <\/em><em>Dal gennaio 2022\u00a0 sono stati trattati con tecnica stereotasica90 pazienti con tumore prostatico, selezionati per tumore localizzato, tracciabile e considerato a rischio basso o intermedio, secondo i criteri del National Comprehensive Cancer Network (NCCN). Di qusesti, il 14% proviene da altre regioni Italiane. <\/em><em>I risultati ottenuti sono molto buoni: tassi di tossicit\u00e0 a lungo termine minimi e fattibilit\u00e0 del trattamento nel 100% dei casi. <\/em><em>Con soddisfazione \u2013 conclude Magli &#8211; insieme al mio staff, abbiamo intrapreso una strada di alta specializzazione e avanguardia nella lotta al tumore della prostata, uno dei tumori pi\u00f9 diffusi nella popolazione maschile, e miriamo a ridurre e alleggerire ulteriormente il percorso terapeutico<\/em>.\u201d<\/p>\n<p>&nbsp;<\/p>\n<p>&nbsp;<\/p>\n<hr \/>\n<p>&nbsp;<\/p>\n<div class=\"page\" title=\"Page 1\">\n<div class=\"layoutArea\">\n<div class=\"column\">\n<blockquote>\n<h3>A FELTRE E&#8217; DI SCENA LO SPORT DELL\u2019A.N.A.<\/h3>\n<\/blockquote>\n<p><strong><a class=\"dt-pswp-item\" href=\"https:\/\/www.radiopiu.net\/wordpress\/wp-content\/uploads\/2022\/05\/alpini-647542_960_720.jpg\" data-dt-img-description=\"\" data-large_image_width=\"960\" data-large_image_height=\"640\"><img loading=\"lazy\" decoding=\"async\" class=\" wp-image-275532 alignleft\" src=\"https:\/\/www.radiopiu.net\/wordpress\/wp-content\/uploads\/2022\/05\/alpini-647542_960_720-300x200.jpg\" alt=\"\" width=\"167\" height=\"111\" srcset=\"https:\/\/www.radiopiu.net\/wordpress\/wp-content\/uploads\/2022\/05\/alpini-647542_960_720-300x200.jpg 300w, https:\/\/www.radiopiu.net\/wordpress\/wp-content\/uploads\/2022\/05\/alpini-647542_960_720-768x512.jpg 768w, https:\/\/www.radiopiu.net\/wordpress\/wp-content\/uploads\/2022\/05\/alpini-647542_960_720.jpg 960w\" sizes=\"auto, (max-width: 167px) 100vw, 167px\" \/><\/a>FELTRE<\/strong> Nell\u2019incessante attivita\u0300 in cui sono impegnati gli alpini della Sezione di Feltre dell\u2019Associazione Nazionale Alpini, non poteva mancare un contributo allo sport. E\u0300 quindi motivo di profondo orgoglio per la Sezione poter presentare il programma dell\u2019Assemblea Annuale dei Responsabili Sportivi dell\u2019A.N.A. 2022, che si terra\u0300 a Feltre sabato 19 novembre. Il Responsabile allo Sport vicepresidente della Sezione A.N.A. feltrina, Emanuele Casagrande, attualmente impegnato anche a livello nazionale come collaboratore esterno, ha infatti compiuto un ottimo lavoro riuscendo a far si\u0300 che, nell\u2019ambito dell\u2019importante anno del centenario della Sezione, la Commissione Nazionale Sportiva con il Responsabile di Commissione Antonio Di Carlo, decidesse di assegnare a Feltre questo importante evento associativo. Grande la soddisfazione espressa dal Presidente della Sezione Stefano Mariech per il riconoscimento ottenuto in sede nazionale grazie a questa assegnazione. Il tradizionale momento consuntivo delle attivita\u0300 sportive dell\u2019Associazione avra\u0300 inizio alle 13 con l\u2019accoglienza dei delegati e la loro registrazione nella Caserma Zannettelli, a cui fara\u0300 seguito l\u2019alzabandiera e la deposizione di una corona al monumento ai Caduti della citta\u0300. Di qui avra\u0300 luogo lo sfilamento per le vie imbandierate di Feltre, per confluire all\u2019Istituto Canossiane, dove avranno inizio i lavori dell\u2019assemblea. Oltre al momento consuntivo, la giornata sara\u0300 anche occasione di incontro, di analisi, di confronto e di programmazione delle manifestazioni future per l\u2019attivita\u0300 sportiva delle Sezioni A.N.A. di tutta Italia. Un\u2019ulteriore occasione quindi per la Sezione di Feltre e per le penne nere locali di veder affluire nella citta\u0300 alpini di tutta Italia per godere delle bellezze del territorio, ma anche per conoscere l\u2019accoglienza della gente feltrina.<\/p>\n<p>&nbsp;<\/p>\n<hr \/>\n<p>&nbsp;<\/p>\n<blockquote>\n<h3>CARO SINDACO, E&#8217; DAVVERO CONVINTA CHE CON LA RIAPERTURA ALLE AUTO IN CENTRO SI POSSANO RISOLVERE I PROBLEMI DEL COMMERCIO?<\/h3>\n<\/blockquote>\n<p>&nbsp;<\/p>\n<div><strong>FELTRE<\/strong> L&#8217;associazione Fiab, Feltre in Bici ha inviato una lettera al sindaco Viviana Fusaro e alla Giunta\u00a0 con un unico scopo: aprire un dialogo sui temi importanti per la citt\u00e0. La proponiamo nella forma integrale a firma del direttivo.<\/div>\n<div><\/div>\n<div class=\"textLayer\"><br role=\"presentation\" \/><span dir=\"ltr\" role=\"presentation\"><a class=\"dt-pswp-item\" href=\"https:\/\/www.radiopiu.net\/wordpress\/wp-content\/uploads\/2022\/11\/Senza-nome-50.jpg\" data-dt-img-description=\"\" data-large_image_width=\"287\" data-large_image_height=\"153\"><img loading=\"lazy\" decoding=\"async\" class=\"size-full wp-image-306257 alignleft\" src=\"https:\/\/www.radiopiu.net\/wordpress\/wp-content\/uploads\/2022\/11\/Senza-nome-50.jpg\" alt=\"\" width=\"287\" height=\"153\" \/><\/a>Gentili Sindaco e Assessori, Siamo l\u2019associazione FIAB FeltreInBici, sezione di Feltre della pi<\/span><span class=\"markedContent\"><span dir=\"ltr\" role=\"presentation\">u <\/span><\/span><span dir=\"ltr\" role=\"presentation\">ampia Federazione Italiana Ambiente e Bicicletta e ci rivolgiamo a voi per aprire un dialogo e <\/span><span dir=\"ltr\" role=\"presentation\">un confronto su temi che riteniamo importanti per la citt<\/span><span class=\"markedContent\"><span dir=\"ltr\" role=\"presentation\">\u00e0<\/span><\/span>\u00a0<span dir=\"ltr\" role=\"presentation\">di Feltre e che ci stanno a cuore. Ci <\/span><span dir=\"ltr\" role=\"presentation\">riferiamo in particolare alla decisione di riaprire il traffico alle auto nella zona che era stata <\/span><span dir=\"ltr\" role=\"presentation\">destinata ad area ciclo-pedonale. Trattandosi di una scelta che riguarda direttamente tutti noi, <\/span><span dir=\"ltr\" role=\"presentation\">non soltanto chi risiede in centro e alcuni commercianti, avremmo sperato in un ampio <\/span><span dir=\"ltr\" role=\"presentation\">confroto con la cittadinanza. Vorremmo ricordare che il 9 settembre scorso il Comune di <\/span><span dir=\"ltr\" role=\"presentation\">Feltre aveva ricevuto ufficialmente il riconoscimento da parte di FIAB Italia di Comune <\/span><span dir=\"ltr\" role=\"presentation\">Ciclabile, tramite la consegna della bandiera con il relativo punteggio espresso con il simbolo <\/span><span dir=\"ltr\" role=\"presentation\">dei \u201cbike smile\u201d. Attraverso l\u2019iniziativa FIAB-Comuni Ciclabili, la Federazione Italiana <\/span><span dir=\"ltr\" role=\"presentation\">Ambiente e Bicicletta intende sollecitare i comuni a promuovere ed adottare politiche a favore <\/span><span dir=\"ltr\" role=\"presentation\">della mobilit\u00e0 <\/span>\u00a0<span dir=\"ltr\" role=\"presentation\">ciclistica, dare risalto all\u2019impegno di chi ha gi\u00e0<\/span>\u00a0<span dir=\"ltr\" role=\"presentation\">messo in campo iniziative <\/span><span dir=\"ltr\" role=\"presentation\">favorenti l\u2019uso della bicicletta e valorizzare le localit\u00e0 <\/span><span dir=\"ltr\" role=\"presentation\">pi\u00f9 <\/span><span dir=\"ltr\" role=\"presentation\">accoglienti per chi si muove in <\/span><span dir=\"ltr\" role=\"presentation\">bicicletta. La valutazione del grado di ciclabilit<\/span><span class=\"markedContent\"><span dir=\"ltr\" role=\"presentation\">\u00e0\u00a0<\/span><\/span> <span dir=\"ltr\" role=\"presentation\">di ogni territorio<\/span><span class=\"markedContent\"> \u00e8<\/span>\u00a0<span dir=\"ltr\" role=\"presentation\">assegnata sulla base di <\/span><span dir=\"ltr\" role=\"presentation\">un\u2019analisi oggettiva di vari parametri inerenti la mobilit\u00e0 <\/span><span dir=\"ltr\" role=\"presentation\">tramite la bicicletta quale mezzo di <\/span><span dir=\"ltr\" role=\"presentation\">trasporto sostenibile ed<\/span><span class=\"markedContent\"> <span dir=\"ltr\" role=\"presentation\">\u00e8\u00a0<\/span><\/span> <span dir=\"ltr\" role=\"presentation\">espressa con un punteggio da 1 a 5, che<\/span><span class=\"markedContent\"> <span dir=\"ltr\" role=\"presentation\">\u00e8\u00a0<\/span><\/span> <span dir=\"ltr\" role=\"presentation\">il massimo, indicato con il <\/span><span dir=\"ltr\" role=\"presentation\">simbolo dei \u201cbike smile\u201d segnati sulla bandiera gialla consegnata ad ogni Comune Ciclabile. Il <\/span><span dir=\"ltr\" role=\"presentation\">Comune di Feltre ha ricevuto per quattro anni consecutivi questo riconoscimento con un <\/span><span dir=\"ltr\" role=\"presentation\">punteggio di 4 da parte di FIAB grazie all\u2019impegno della precedente amministrazione ed in <\/span><span dir=\"ltr\" role=\"presentation\">particolare dell\u2019assessore Bonan nella promozione e nella realizzazione di infrastrutture e <\/span><span dir=\"ltr\" role=\"presentation\">politiche a favore della ciclo-pedonalit<\/span><span class=\"markedContent\"><span dir=\"ltr\" role=\"presentation\">\u00e0 <\/span><\/span><span dir=\"ltr\" role=\"presentation\">. E\u2019 ovvio che con la riapertura del centro cittadino alle <\/span><span dir=\"ltr\" role=\"presentation\">auto questo importante risultato non potr<\/span><span class=\"markedContent\"><span dir=\"ltr\" role=\"presentation\">\u00e0\u00a0<\/span><\/span> <span dir=\"ltr\" role=\"presentation\">essere confermato. Vorremmo anche porvi questo <\/span><span dir=\"ltr\" role=\"presentation\">interrogativo: siete davvero convinti che con la riapertura del centro al traffico <\/span><span dir=\"ltr\" role=\"presentation\">automobilistico si possano risolvere i problemi degli esercizi commerciali situati in centro, <\/span><span dir=\"ltr\" role=\"presentation\">che del resto non ci sembrano tutti favorevoli a tale provvedimento? Noi riteniamo invece che <\/span><span dir=\"ltr\" role=\"presentation\">nel centro della citt<\/span><span class=\"markedContent\"><span dir=\"ltr\" role=\"presentation\">\u00e0\u00a0<\/span><\/span> <span dir=\"ltr\" role=\"presentation\">sicuramente aumenteranno l\u2019inquinamento, il rumore e il pericolo per la <\/span><span dir=\"ltr\" role=\"presentation\">salute e l\u2019incolumit<\/span><span class=\"markedContent\"><span dir=\"ltr\" role=\"presentation\">\u00e0\u00a0<\/span><\/span> <span dir=\"ltr\" role=\"presentation\">di tutte quelle persone che preferiscono vivere la citt<\/span><span class=\"markedContent\"><span dir=\"ltr\" role=\"presentation\">\u00e0\u00a0<\/span><\/span> <span dir=\"ltr\" role=\"presentation\">a piedi o in <\/span><span dir=\"ltr\" role=\"presentation\">bicicletta. In particolare ci riferiamo alle modifiche recentemente da voi adottate sulla <\/span><span dir=\"ltr\" role=\"presentation\">viabilit<\/span><span class=\"markedContent\"><span dir=\"ltr\" role=\"presentation\">\u00e0\u00a0<\/span><\/span> <span dir=\"ltr\" role=\"presentation\">del centro, con l\u2019inserimento in Largo Castaldi di alcuni parcheggi proprio a fianco <\/span><span dir=\"ltr\" role=\"presentation\">della pista ciclabile con l\u2019evidente possibilit\u00e0 <\/span>\u00a0<span dir=\"ltr\" role=\"presentation\">che qualche automobilista disattento urti, <\/span><span dir=\"ltr\" role=\"presentation\">aprendo la portiera dell\u2019auto, un ciclista che sta transitando in quel momento. Riteniamo <\/span><span dir=\"ltr\" role=\"presentation\">inoltre che tale tipo di scelta non sia favorevole nemmeno per la promozione turistica della <\/span><span dir=\"ltr\" role=\"presentation\">nostra citt<\/span><span class=\"markedContent\"><span dir=\"ltr\" role=\"presentation\">\u00e0\u00a0<\/span><\/span> <span dir=\"ltr\" role=\"presentation\">e nettamente diversa da altri comuni della provincia di Belluno che hanno puntato <\/span><span dir=\"ltr\" role=\"presentation\">sulla bicicletta e non sull\u2019automobile per aumentare il flusso dei turisti, realizzando piste <\/span><span dir=\"ltr\" role=\"presentation\">ciclabili o ciclo-pedonali, come ad esempio il Comune di Soverzene che ha recentemente <\/span><span dir=\"ltr\" role=\"presentation\">ottenuto il riconoscimento FIAB di Comune Ciclabile. Fiduciosi che dialogo, confronto e <\/span><span dir=\"ltr\" role=\"presentation\">collaborazione possano continuare anche con questa amministrazione, ribadiamo che i punti <\/span><span dir=\"ltr\" role=\"presentation\">cardine del vostro programma sono importanti anche per noi. La viabilit\u00e0<\/span><span dir=\"ltr\" role=\"presentation\">, che noi intendiamo <\/span><span dir=\"ltr\" role=\"presentation\">come la possibilit<\/span><span class=\"markedContent\"><span dir=\"ltr\" role=\"presentation\">\u00e0\u00a0<\/span><\/span> <span dir=\"ltr\" role=\"presentation\">per tutti i cittadini di circolare in sicurezza anche senza l\u2019uso <\/span><span dir=\"ltr\" role=\"presentation\">dell\u2019automobile, e senza la prevaricazione di questo mezzo sugli altri utenti della strada pi<\/span><span class=\"markedContent\"><span dir=\"ltr\" role=\"presentation\">\u00f9 <\/span><\/span><span dir=\"ltr\" role=\"presentation\">deboli, non solo ciclisti ma anche ad esempio mamme con carrozzine; il decoro, che dal nostro\u00a0 <\/span><span dir=\"ltr\" role=\"presentation\">punto di vista significa anche rispetto e quindi anche contrasto al parcheggio selvaggio, con <\/span><span dir=\"ltr\" role=\"presentation\">automobili che occupano in molti casi i marciapiedi e ostacolano i pedoni; l\u2019ascolto del <\/span><span dir=\"ltr\" role=\"presentation\">cittadino, cio<\/span><span class=\"markedContent\"><span dir=\"ltr\" role=\"presentation\">\u00e8\u00a0<\/span><\/span> <span dir=\"ltr\" role=\"presentation\">l\u2019attenzione alle istanze e alle esigenze dei cittadini, che riteniamo essenziale <\/span><span dir=\"ltr\" role=\"presentation\">per una buona amministrazione e convivenza nella nostra citt<\/span><span class=\"markedContent\"><span dir=\"ltr\" role=\"presentation\">\u00e0 <\/span><\/span><span dir=\"ltr\" role=\"presentation\">. Augurandoci di ricevere a <\/span><span dir=\"ltr\" role=\"presentation\">breve un riscontro da parte vostra vorremmo anche capire quale assessore ha la referenza <\/span><span dir=\"ltr\" role=\"presentation\">per la ciclabilit<\/span><span class=\"markedContent\"><span dir=\"ltr\" role=\"presentation\">\u00e0\u00a0<\/span><\/span> <span dir=\"ltr\" role=\"presentation\">e la mobilit<\/span><span class=\"markedContent\"><span dir=\"ltr\" role=\"presentation\">\u00e0\u00a0<\/span><\/span> <span dir=\"ltr\" role=\"presentation\">sostenibile e quindi chi sia l\u2019interlocutore per la nostra attivit<\/span><span class=\"markedContent\"><span dir=\"ltr\" role=\"presentation\">\u00e0\u00a0 <\/span><\/span><span dir=\"ltr\" role=\"presentation\">associativa specifica<\/span><\/div>\n<div><\/div>\n<div><\/div>\n<p>&nbsp;<\/p>\n<hr \/>\n<p>&nbsp;<\/p>\n<blockquote>\n<h3>SUPERBONUS, PROROGA PER VILLETTE E RIMODULAZIONE PER I CONDOMINI<\/h3>\n<\/blockquote>\n<p><strong><a class=\"dt-pswp-item\" href=\"https:\/\/www.radiopiu.net\/wordpress\/wp-content\/uploads\/2020\/06\/Cantiere-bocciodromo.jpg\" data-dt-img-description=\"\" data-large_image_width=\"2000\" data-large_image_height=\"1500\"><img loading=\"lazy\" decoding=\"async\" class=\" wp-image-144544 alignleft\" src=\"https:\/\/www.radiopiu.net\/wordpress\/wp-content\/uploads\/2020\/06\/Cantiere-bocciodromo-300x225.jpg\" alt=\"\" width=\"164\" height=\"123\" srcset=\"https:\/\/www.radiopiu.net\/wordpress\/wp-content\/uploads\/2020\/06\/Cantiere-bocciodromo-300x225.jpg 300w, https:\/\/www.radiopiu.net\/wordpress\/wp-content\/uploads\/2020\/06\/Cantiere-bocciodromo-1024x768.jpg 1024w, https:\/\/www.radiopiu.net\/wordpress\/wp-content\/uploads\/2020\/06\/Cantiere-bocciodromo-768x576.jpg 768w, https:\/\/www.radiopiu.net\/wordpress\/wp-content\/uploads\/2020\/06\/Cantiere-bocciodromo-1536x1152.jpg 1536w, https:\/\/www.radiopiu.net\/wordpress\/wp-content\/uploads\/2020\/06\/Cantiere-bocciodromo.jpg 2000w\" sizes=\"auto, (max-width: 164px) 100vw, 164px\" \/><\/a>BELLUNO<\/strong> Il Superbonus \u00e8 destinato a cambiare. Il Consiglio dei Ministri sembra indirizzato verso il passaggio &#8211; dal 1\u00b0 gennaio 2023 &#8211; dal 110% al 90% per i condomini. Mentre per chi avr\u00e0 presentato la Cila entro il 25 novembre, si rimane in regime di 110. Nel frattempo, sale la preoccupazione delle imprese, per l\u2019annuncio di Poste Italiane e Banca Intesa di congelamento delle acquisizioni delle cessioni del credito. I dati emersi dal convegno Anaepa di Padova del 5 novembre scorso mostrano come il Superbonus abbia trainato l\u2019economia italiana nel post-Covid. Al 30 settembre 2022 gli interventi finanziati con il 110 cumulano investimenti ammessi a detrazione per 51,2 miliardi di euro, di cui 5 miliardi solo in Veneto. In particolare, 35,3 miliardi di euro sono gli investimenti ammessi a detrazione per lavori conclusi (di cui 3,7 miliardi in Veneto), con una attivazione rilevante sulla crescita del settore in quanto pesano per il 56,3% del valore aggiunto regionale delle costruzioni, quasi tre punti superiore alla media nazionale del 53,4%.<\/p>\n<p>&nbsp;<\/p>\n<p>&nbsp;<\/p>\n<hr \/>\n<p>&nbsp;<\/p>\n<blockquote>\n<h3>IL GALILEI-TIZIANO ADERISCE AD ETWINNING: UNA COLLABORAZIONE TUTTA EUROPEA<\/h3>\n<\/blockquote>\n<p><strong><a class=\"dt-pswp-item\" href=\"https:\/\/www.radiopiu.net\/wordpress\/wp-content\/uploads\/2022\/11\/eTwinning-1018x770-1.jpg\" data-dt-img-description=\"\" data-large_image_width=\"1018\" data-large_image_height=\"770\"><img loading=\"lazy\" decoding=\"async\" class=\" wp-image-306062 alignleft\" src=\"https:\/\/www.radiopiu.net\/wordpress\/wp-content\/uploads\/2022\/11\/eTwinning-1018x770-1-300x227.jpg\" alt=\"\" width=\"169\" height=\"128\" srcset=\"https:\/\/www.radiopiu.net\/wordpress\/wp-content\/uploads\/2022\/11\/eTwinning-1018x770-1-300x227.jpg 300w, https:\/\/www.radiopiu.net\/wordpress\/wp-content\/uploads\/2022\/11\/eTwinning-1018x770-1-768x581.jpg 768w, https:\/\/www.radiopiu.net\/wordpress\/wp-content\/uploads\/2022\/11\/eTwinning-1018x770-1.jpg 1018w\" sizes=\"auto, (max-width: 169px) 100vw, 169px\" \/><\/a>BELLUNO <\/strong>Anche l\u2019istituto Galilei-Tiziano aderisce al programma eTwinning, la pi\u00f9 grande community online in ambito scolastico a livello europeo dove vengono sviluppati, tramite dei gemellaggi elettronici, dei progetti didattici a distanza tra almeno due scuole di Paesi europei diversi o dello stesso Paese. Attraverso una piattaforma informatica, eTwinning coinvolge docenti e studenti, facendoli collaborare in modo semplice, veloce e sicuro. Il suo scopo \u00e8 quello di migliorare l\u2019offerta formativa dei sistemi scolastici europei, incoraggiando un\u2019apertura al confronto, allo scambio di idee e di pratiche innovative, nonch\u00e9 alla costituzione e al consolidamento del senso di cittadinanza europea. Si tratta di una didattica fondata sulla collaborazione e sulla realizzazione di prove autentiche che rispecchiano il contesto dell\u2019Europa unita e multiculturale nel quale viviamo oggi, dove l\u2019accesso a chat, forum, newsgroup e ad altri spazi virtuali permette agli utenti di sviluppare competenze digitali, relazionali, culturali e multilinguistiche, vertendo su rilevanti temi di attualit\u00e0. Quest\u2019anno \u00e8 stata approvata la partecipazione a tre progetti eTwinning in lingua inglese; di essi il Galilei-Tiziano \u00e8 anche cofondatore. <em>Stepping into tomorrow<\/em>, che \u00e8 partito ad ottobre e si protrarr\u00e0 fino a marzo 2023, \u00e8 un progetto relativo ad argomenti inerenti all\u2019etica e alla moralit\u00e0. <em>Sustainable lives for a better world<\/em>, cominciato anch\u2019esso ad ottobre e che si concluder\u00e0 a fine gennaio 2023, tratta invece degli obiettivi dell&#8217;Agenda 2030, focalizzandosi in particolare sul fenomeno della Fast Fashion e sui problemi dell&#8217;inquinamento da essa provocato. <em>EuropeOurDNA<\/em> \u00e8 l\u2019ultimo progetto eTwinning in programma al momento. Si tratta di un progetto in collaborazione con il Parlamento Europeo che coinvolger\u00e0 ben 50 scuole a livello internazionale e che tratter\u00e0 di argomenti inerenti al concetto di democrazia e all\u2019uso dei social media.<\/p>\n<p>&nbsp;<\/p>\n<p>&nbsp;<\/p>\n<hr \/>\n<p>&nbsp;<\/p>\n<blockquote>\n<h3>INAUGURATA AD AGORDO LA SEDE DI DOTTA &amp; PARTNERS &#8211; LEGAL CONSULTING<\/h3>\n<\/blockquote>\n<p><strong>AGORDO<\/strong> E&#8217; stata inaugurata ufficialmente in mattinata di sabato la sede di Agordo di Dotta&amp;Partners &#8211; Legal Consulting<\/p>\n<p><strong>LA DIRETTA RADIO PIU&#8217;<\/strong><\/p>\n<p>https:\/\/www.facebook.com\/mirko.mezzacasa\/videos\/830992628142712\/?<\/p>\n<p>&nbsp;<\/p>\n<hr \/>\n<p>&nbsp;<\/p>\n<blockquote>\n<h3><a class=\"dt-pswp-item\" href=\"https:\/\/www.radiopiu.net\/wordpress\/wp-content\/uploads\/2022\/11\/Franco-Stien.jpeg\" data-dt-img-description=\"\" data-large_image_width=\"1024\" data-large_image_height=\"768\"><img loading=\"lazy\" decoding=\"async\" class=\" wp-image-306096 alignleft\" src=\"https:\/\/www.radiopiu.net\/wordpress\/wp-content\/uploads\/2022\/11\/Franco-Stien-300x225.jpeg\" alt=\"\" width=\"180\" height=\"135\" srcset=\"https:\/\/www.radiopiu.net\/wordpress\/wp-content\/uploads\/2022\/11\/Franco-Stien-300x225.jpeg 300w, https:\/\/www.radiopiu.net\/wordpress\/wp-content\/uploads\/2022\/11\/Franco-Stien-768x576.jpeg 768w, https:\/\/www.radiopiu.net\/wordpress\/wp-content\/uploads\/2022\/11\/Franco-Stien.jpeg 1024w\" sizes=\"auto, (max-width: 180px) 100vw, 180px\" \/><\/a>FRANCO STIEN NUOVO SEGRETARIO DELLA LEGA A FELTRE<\/h3>\n<\/blockquote>\n<p><strong>FELTRE<\/strong> E\u2019 Franco Stien il nuovo segretario di sezione della Lega di Feltre. Militante da circa un anno, sostenitore da molto tempo, Stien \u00e8 stato eletto nel corso del congresso di venerd\u00ec sera. Nella stessa occasione \u00e8 stato rinnovato anche il consiglio direttivo che, per i prossimi tre anni, sar\u00e0 quindi cos\u00ec formato: Tiziana Penco (commissario uscente), Gilberto Signoretti, Francesco Faoro e Luigi d\u2019Agostini. Sandro d\u2019Incau seguir\u00e0 da vicino i lavori del direttivo come membro supplente.<\/p>\n<p>&nbsp;<\/p>\n<p>&nbsp;<\/p>\n<hr \/>\n<p>&nbsp;<\/p>\n<blockquote>\n<h3>L\u2019OSCAR MONDIALE DEL GELATO ARTIGIANALE OMAGGIA I PATRIMONI DELL\u2019UMANIT\u00c0<\/h3>\n<\/blockquote>\n<p><strong><a class=\"dt-pswp-item\" href=\"https:\/\/www.radiopiu.net\/wordpress\/wp-content\/uploads\/2022\/11\/20211201-Premiazioni-51a-coppa-doro-1.jpg\" data-dt-img-description=\"\" data-large_image_width=\"2500\" data-large_image_height=\"1667\"><img loading=\"lazy\" decoding=\"async\" class=\" wp-image-306090 alignleft\" src=\"https:\/\/www.radiopiu.net\/wordpress\/wp-content\/uploads\/2022\/11\/20211201-Premiazioni-51a-coppa-doro-1-300x200.jpg\" alt=\"\" width=\"168\" height=\"112\" srcset=\"https:\/\/www.radiopiu.net\/wordpress\/wp-content\/uploads\/2022\/11\/20211201-Premiazioni-51a-coppa-doro-1-300x200.jpg 300w, https:\/\/www.radiopiu.net\/wordpress\/wp-content\/uploads\/2022\/11\/20211201-Premiazioni-51a-coppa-doro-1-1024x683.jpg 1024w, https:\/\/www.radiopiu.net\/wordpress\/wp-content\/uploads\/2022\/11\/20211201-Premiazioni-51a-coppa-doro-1-768x512.jpg 768w, https:\/\/www.radiopiu.net\/wordpress\/wp-content\/uploads\/2022\/11\/20211201-Premiazioni-51a-coppa-doro-1-1536x1024.jpg 1536w, https:\/\/www.radiopiu.net\/wordpress\/wp-content\/uploads\/2022\/11\/20211201-Premiazioni-51a-coppa-doro-1-2048x1366.jpg 2048w\" sizes=\"auto, (max-width: 168px) 100vw, 168px\" \/><\/a>LONGARONE <\/strong>In occasione della prossima Mostra Internazionale del Gelato, dal 27 al 30 di novembre a Longarone, si terr\u00e0 come di consueto il Concorso internazionale \u201cCoppa d\u2019Oro\u201d. Giunto alla 52\u00aa edizione, \u00e8 considerato l\u2019Oscar mondiale del gelato artigianale e ogni anno d\u00e0 la possibilit\u00e0 ai maestri gelatieri di tutto il mondo di mettere in evidenza le proprie qualit\u00e0 professionali. Quest\u2019anno dovranno cimentarsi sul gusto Malaga. Un classico che, dopo essere sparito da molte vetrine, sta tornando prepotentemente alla ribalta. Sicuramente metter\u00e0 alla prova i gelatieri in gara che dovranno sapientemente sposare diversi ingredienti, tra cui latte, uova e un po\u2019 di vino, il M\u00e1laga appunto. Ad aggiudicarsi la vetta del podio lo scorso anno Curzio Baraggi della gelateria \u201cProssima Fermata\u201d di Milano. Ma a voler vedere il proprio nome iscritto nell\u2019Albo d\u2019Oro del concorso sono in molti. Per questo ha gi\u00e0 richiesto il pass di entrata alla MIG anche il Maestro Satoshi Takada, gi\u00e0 vincitore nel 2019 della prima edizione di Gelato a Due con lo chef Takeshi Kamada, che ci raggiunger\u00e0 dal lontano Giappone.<\/p>\n<p>&nbsp;<\/p>\n<p>&nbsp;<\/p>\n<hr \/>\n<p>&nbsp;<\/p>\n<blockquote>\n<h3>GLI STAMBECCHI DELLA VALLE DEL BIOIS NEGLI SCATTI DI MARIO DE MARCO<\/h3>\n<\/blockquote>\n<p><strong>REDAZIONE<\/strong> Non siamo nei grandi parchi italiani ma siamo in Valle del Biois. Negli scatti di Mario De Marco gli stambecchi di alta montagna<\/p>\n\n\t\t\t<style type='text\/css'>\n\t\t\t\t#gallery-6 {\n\t\t\t\t\tmargin: auto;\n\t\t\t\t}\n\t\t\t\t#gallery-6 .gallery-item {\n\t\t\t\t\tfloat: left;\n\t\t\t\t\tmargin-top: 10px;\n\t\t\t\t\ttext-align: center;\n\t\t\t\t\twidth: 33%;\n\t\t\t\t}\n\t\t\t\t#gallery-6 img {\n\t\t\t\t\tborder: 2px solid #cfcfcf;\n\t\t\t\t}\n\t\t\t\t#gallery-6 .gallery-caption {\n\t\t\t\t\tmargin-left: 0;\n\t\t\t\t}\n\t\t\t\t\/* see gallery_shortcode() in wp-includes\/media.php *\/\n\t\t\t<\/style>\n\t\t<div id='gallery-6' class='dt-gallery-container gallery galleryid-306026 gallery-columns-3 gallery-size-medium'><dl class='gallery-item'>\n\t\t\t\t<dt class='gallery-icon landscape'>\n\t\t\t\t\t<a class=\"rollover rollover-zoom dt-pswp-item\" title=\"7b999d72-38d4-4ba5-b4aa-7a0ef96bf298\" data-dt-img-description=\"\" data-large_image_width=\"1600\" data-large_image_height=\"921\"href='https:\/\/www.radiopiu.net\/wordpress\/wp-content\/uploads\/2022\/11\/7b999d72-38d4-4ba5-b4aa-7a0ef96bf298.jpg'><img loading=\"lazy\" decoding=\"async\" width=\"300\" height=\"173\" src=\"https:\/\/www.radiopiu.net\/wordpress\/wp-content\/uploads\/2022\/11\/7b999d72-38d4-4ba5-b4aa-7a0ef96bf298-300x173.jpg\" class=\"attachment-medium size-medium\" alt=\"\" srcset=\"https:\/\/www.radiopiu.net\/wordpress\/wp-content\/uploads\/2022\/11\/7b999d72-38d4-4ba5-b4aa-7a0ef96bf298-300x173.jpg 300w, https:\/\/www.radiopiu.net\/wordpress\/wp-content\/uploads\/2022\/11\/7b999d72-38d4-4ba5-b4aa-7a0ef96bf298-1024x589.jpg 1024w, https:\/\/www.radiopiu.net\/wordpress\/wp-content\/uploads\/2022\/11\/7b999d72-38d4-4ba5-b4aa-7a0ef96bf298-768x442.jpg 768w, https:\/\/www.radiopiu.net\/wordpress\/wp-content\/uploads\/2022\/11\/7b999d72-38d4-4ba5-b4aa-7a0ef96bf298-1536x884.jpg 1536w, https:\/\/www.radiopiu.net\/wordpress\/wp-content\/uploads\/2022\/11\/7b999d72-38d4-4ba5-b4aa-7a0ef96bf298.jpg 1600w\" sizes=\"auto, (max-width: 300px) 100vw, 300px\" \/><\/a>\n\t\t\t\t<\/dt><\/dl><dl class='gallery-item'>\n\t\t\t\t<dt class='gallery-icon landscape'>\n\t\t\t\t\t<a class=\"rollover rollover-zoom dt-pswp-item\" title=\"4b9f87eb-19fc-4f58-bc99-753c6f34e9e3\" data-dt-img-description=\"\" data-large_image_width=\"1599\" data-large_image_height=\"826\"href='https:\/\/www.radiopiu.net\/wordpress\/wp-content\/uploads\/2022\/11\/4b9f87eb-19fc-4f58-bc99-753c6f34e9e3.jpg'><img loading=\"lazy\" decoding=\"async\" width=\"300\" height=\"155\" src=\"https:\/\/www.radiopiu.net\/wordpress\/wp-content\/uploads\/2022\/11\/4b9f87eb-19fc-4f58-bc99-753c6f34e9e3-300x155.jpg\" class=\"attachment-medium size-medium\" alt=\"\" srcset=\"https:\/\/www.radiopiu.net\/wordpress\/wp-content\/uploads\/2022\/11\/4b9f87eb-19fc-4f58-bc99-753c6f34e9e3-300x155.jpg 300w, https:\/\/www.radiopiu.net\/wordpress\/wp-content\/uploads\/2022\/11\/4b9f87eb-19fc-4f58-bc99-753c6f34e9e3-1024x529.jpg 1024w, https:\/\/www.radiopiu.net\/wordpress\/wp-content\/uploads\/2022\/11\/4b9f87eb-19fc-4f58-bc99-753c6f34e9e3-768x397.jpg 768w, https:\/\/www.radiopiu.net\/wordpress\/wp-content\/uploads\/2022\/11\/4b9f87eb-19fc-4f58-bc99-753c6f34e9e3-1536x793.jpg 1536w, https:\/\/www.radiopiu.net\/wordpress\/wp-content\/uploads\/2022\/11\/4b9f87eb-19fc-4f58-bc99-753c6f34e9e3.jpg 1599w\" sizes=\"auto, (max-width: 300px) 100vw, 300px\" \/><\/a>\n\t\t\t\t<\/dt><\/dl><dl class='gallery-item'>\n\t\t\t\t<dt class='gallery-icon landscape'>\n\t\t\t\t\t<a class=\"rollover rollover-zoom dt-pswp-item\" title=\"fb07e8f0-c831-4d90-8514-f19aeb8c76d0\" data-dt-img-description=\"\" data-large_image_width=\"1600\" data-large_image_height=\"898\"href='https:\/\/www.radiopiu.net\/wordpress\/wp-content\/uploads\/2022\/11\/fb07e8f0-c831-4d90-8514-f19aeb8c76d0.jpg'><img loading=\"lazy\" decoding=\"async\" width=\"300\" height=\"168\" src=\"https:\/\/www.radiopiu.net\/wordpress\/wp-content\/uploads\/2022\/11\/fb07e8f0-c831-4d90-8514-f19aeb8c76d0-300x168.jpg\" class=\"attachment-medium size-medium\" alt=\"\" srcset=\"https:\/\/www.radiopiu.net\/wordpress\/wp-content\/uploads\/2022\/11\/fb07e8f0-c831-4d90-8514-f19aeb8c76d0-300x168.jpg 300w, https:\/\/www.radiopiu.net\/wordpress\/wp-content\/uploads\/2022\/11\/fb07e8f0-c831-4d90-8514-f19aeb8c76d0-1024x575.jpg 1024w, https:\/\/www.radiopiu.net\/wordpress\/wp-content\/uploads\/2022\/11\/fb07e8f0-c831-4d90-8514-f19aeb8c76d0-768x431.jpg 768w, https:\/\/www.radiopiu.net\/wordpress\/wp-content\/uploads\/2022\/11\/fb07e8f0-c831-4d90-8514-f19aeb8c76d0-1536x862.jpg 1536w, https:\/\/www.radiopiu.net\/wordpress\/wp-content\/uploads\/2022\/11\/fb07e8f0-c831-4d90-8514-f19aeb8c76d0.jpg 1600w\" sizes=\"auto, (max-width: 300px) 100vw, 300px\" \/><\/a>\n\t\t\t\t<\/dt><\/dl><br style=\"clear: both\" \/>\n\t\t\t<\/div>\n\n<p>&nbsp;<\/p>\n<hr \/>\n<p>&nbsp;<\/p>\n<blockquote>\n<h3 class=\"entry-title\">QUEST\u2019ANNO PRESSIONE FISCALE RECORD: 43,8% DEL PIL<\/h3>\n<\/blockquote>\n<p><strong class=\"photoswipe-wrapper\"><a class=\"dt-pswp-item pspw-wrap-ready\" href=\"https:\/\/www.radiopiu.net\/wordpress\/wp-content\/uploads\/2022\/11\/Schermata-2022-11-12-alle-10.22.56.png\" data-dt-img-description=\"\" data-large_image_width=\"472\" data-large_image_height=\"1636\"><img loading=\"lazy\" decoding=\"async\" class=\"alignleft size-medium wp-image-306038\" src=\"https:\/\/www.radiopiu.net\/wordpress\/wp-content\/uploads\/2022\/11\/Schermata-2022-11-12-alle-10.22.56-87x300.png\" alt=\"\" width=\"87\" height=\"300\" \/><\/a>La pressione fiscale in Italia, data dal rapporto tra le entrate fiscali e il Pil, ha raggiunto il 43,8 per cento;<\/strong>\u00a0un livello mai toccato in precedenza (vedi Tab. 1). L\u2019Ufficio studi della CGIA segnala che il record storico raggiunto quest\u2019anno, comunque, non \u00e8 riconducibile ad un aumento della tassazione su famiglie e imprese, ma dall\u2019interazione di tre aspetti congiunturali distinti. Il primo da un forte aumento dell\u2019inflazione, che ha fatto salire le imposte indirette; il secondo dal miglioramento economico e occupazionale avvenuto nella prima parte dell\u2019anno, che ha favorito la crescita delle imposte dirette e il terzo dall\u2019introduzione nel biennio 2020-2021 di molte proroghe e sospensioni dei versamenti tributari, agevolazioni che sono state cancellate per il 2022.<\/p>\n<p>Oltre a queste tre specificit\u00e0, va altres\u00ec considerato che a partire da marzo di quest\u2019anno le famiglie italiane percepiscono l\u2019assegno unico, misura che ha sostituito le \u201cvecchie\u201d detrazioni per i figli a carico. Questa novit\u00e0 (a parit\u00e0 di condizioni) ha delle evidenti implicazioni sul calcolo della pressione fiscale. Se le detrazioni riducevano l\u2019IRPEF da versare al fisco, la loro abolizione ha incrementato il gettito fiscale complessivo annuo di circa 8,2 miliardi di euro. Ricordiamo che, ora, le risorse per erogare l\u2019assegno unico vengono contabilizzate nel bilancio statale come uscite.<\/p>\n<p><strong>In termini assoluti, infine, segnaliamo che secondo i dati resi noti nei giorni scorsi dal Ministero dell\u2019Economia e delle Finanze (gennaio-settembre 2022), le entrate erariali, rispetto allo stesso periodo del 2021, sono cresciute di 37 miliardi di euro: di cui 5,5 miliardi di Irpef, 8,9 miliardi di Ires e 17,8 miliardi di IVA.<\/strong><br \/>\nCon l\u2019introduzione del bonus Renzi, dal 2014 la pressione fiscale in Italia presenta una doppia lettura: quella al netto degli sgravi fiscali \u2013 che nel 2022 ha raggiunto il 41,9 per cento del Pil \u2013 e quella ufficiale che tocca il picco massimo del 43,8 per cento (vedi Graf.1). In verit\u00e0 c\u2019\u00e8 anche una terza versione: quella reale che si ottiene depurando dal Pil nazionale la quota riconducibile all\u2019economia non osservata che, per sua natura, non \u201cproduce\u201d gettito. Ricordando che la pressione fiscale \u00e8 pari all\u2019incidenza percentuale del rapporto tra il gettito erariale e il Pil, se quest\u2019ultimo termine diminuisce (perch\u00e9 si sottrae la quota riconducibile al sommerso), il risultato finale aumenta. Per l\u2019anno in corso, infatti, la pressione fiscale reale in capo ai contribuenti fedeli al fisco si avvicina ormai al 50 per cento.<\/p>\n<p>Quando si analizza la pressione fiscale degli altri Paesi dell\u2019UE, per ragioni di omogeneit\u00e0 dei dati si deve far riferimento alla pressione fiscale ufficiale. Infatti, le regole che impongono di registrare come maggiore spesa e non come minore entrata molti sgravi fiscali e sovvenzioni, come ad esempio l\u2019assegno unico per i figli a carico, sono uguali per tutti i Paesi. Detto ci\u00f2, gli ultimi dati a disposizione riferiti al 2021, ci dicono che nell\u2019UE a 27 l\u2019Italia \u00e8 al quinto posto. Solo Danimarca (49 per cento del Pil), Francia (47 per cento), Belgio (45,4) e Austria (43,6) presentano un carico fiscale superiore al nostro (43,4 per cento del Pil). Se in Germania la pressione fiscale \u00e8 42,3 per cento, in Spagna \u00e8 al 38,8 per cento e in Irlanda (paese che registra il livello pi\u00f9 basso di tutta UE) \u00e8 addirittura al 21,7 per cento (vedi Tab. 2).<\/p>\n<p><strong class=\"photoswipe-wrapper\"><a class=\"dt-pswp-item pspw-wrap-ready\" href=\"https:\/\/www.radiopiu.net\/wordpress\/wp-content\/uploads\/2022\/11\/Schermata-2022-11-12-alle-10.24.54.png\" data-dt-img-description=\"\" data-large_image_width=\"602\" data-large_image_height=\"1640\"><img loading=\"lazy\" decoding=\"async\" class=\"alignleft wp-image-306037\" src=\"https:\/\/www.radiopiu.net\/wordpress\/wp-content\/uploads\/2022\/11\/Schermata-2022-11-12-alle-10.24.54-110x300.png\" sizes=\"auto, (max-width: 110px) 100vw, 110px\" srcset=\"https:\/\/www.radiopiu.net\/wordpress\/wp-content\/uploads\/2022\/11\/Schermata-2022-11-12-alle-10.24.54-110x300.png 110w, https:\/\/www.radiopiu.net\/wordpress\/wp-content\/uploads\/2022\/11\/Schermata-2022-11-12-alle-10.24.54-376x1024.png 376w, https:\/\/www.radiopiu.net\/wordpress\/wp-content\/uploads\/2022\/11\/Schermata-2022-11-12-alle-10.24.54-564x1536.png 564w, https:\/\/www.radiopiu.net\/wordpress\/wp-content\/uploads\/2022\/11\/Schermata-2022-11-12-alle-10.24.54.png 602w\" alt=\"\" width=\"77\" height=\"210\" \/><\/a>Oltre ad avere un peso fiscale tra i pi\u00f9 elevati d\u2019Europa, l\u2019Italia \u00e8 il Paese dove pagare le tasse \u00e8 anche pi\u00f9 difficile, in particolar modo per le aziende.<\/strong>\u00a0La burocrazia fiscale, infatti, ha dimensioni impressionanti. Non solo. Paghiamo molto ma in cambio riceviamo poco. Certo, anche la nostra Pubblica Amministrazione presenta in alcuni settori dei picchi di eccellenza non riscontrabili altrove. Mediamente, per\u00f2, la qualit\u00e0 e la quantit\u00e0 dei servizi resi ai cittadini e alle imprese \u00e8 molto inferiore alla media europea. Tornando al tema della burocrazia fiscale, secondo le ultime statistiche disponibili elaborate\u00a0dalla Banca Mondiale (Doing Business 2020), gli imprenditori italiani, come i colleghi portoghesi, \u201cperdono\u201d 30 giorni all\u2019anno (pari a 238 ore) per raccogliere tutte le informazioni necessarie per calcolare le imposte dovute; per completare tutte le dichiarazioni dei redditi e per presentarle all\u2019Amministrazione finanziaria; per effettuare il pagamento on line o presso le autorit\u00e0 preposte. In Francia per espletare le incombenze burocratiche derivanti dal pagamento delle tasse sono necessari solo 17 giorni (139 ore), in Spagna 18 (143 ore) e in Germania 27 (218 ore), mentre la media dell\u2019Area dell\u2019Euro \u00e8 di 18 giorni (147 ore). I dati si riferiscono a una media impresa (societ\u00e0 a responsabilit\u00e0 limitata), al secondo anno di vita e con circa 60 addetti.<\/p>\n<p>&nbsp;<\/p>\n<p>&nbsp;<\/p>\n<hr \/>\n<p>&nbsp;<\/p>\n<blockquote>\n<h3><a class=\"dt-pswp-item\" href=\"https:\/\/www.radiopiu.net\/wordpress\/wp-content\/uploads\/2022\/11\/72cd4fff-b2be-4d7b-8375-4caf75ab83c6-1.jpg\" data-dt-img-description=\"\" data-large_image_width=\"800\" data-large_image_height=\"600\"><img loading=\"lazy\" decoding=\"async\" class=\"wp-image-305797 alignleft\" src=\"https:\/\/www.radiopiu.net\/wordpress\/wp-content\/uploads\/2022\/11\/72cd4fff-b2be-4d7b-8375-4caf75ab83c6-1-300x225.jpg\" alt=\"\" width=\"179\" height=\"134\" srcset=\"https:\/\/www.radiopiu.net\/wordpress\/wp-content\/uploads\/2022\/11\/72cd4fff-b2be-4d7b-8375-4caf75ab83c6-1-300x225.jpg 300w, https:\/\/www.radiopiu.net\/wordpress\/wp-content\/uploads\/2022\/11\/72cd4fff-b2be-4d7b-8375-4caf75ab83c6-1-768x576.jpg 768w, https:\/\/www.radiopiu.net\/wordpress\/wp-content\/uploads\/2022\/11\/72cd4fff-b2be-4d7b-8375-4caf75ab83c6-1.jpg 800w\" sizes=\"auto, (max-width: 179px) 100vw, 179px\" \/><\/a>UN CONCRETO AIUTO A DEBORA E DAVIDE, ESSERE COMUNITA&#8217;<\/h3>\n<\/blockquote>\n<p><strong>LAMON<\/strong> E&#8217; stato attivato dall&#8217; associazione turistica Lamon un conto corrente per raccogliere fondi a favore dell&#8217; osteria Ponte Serra andata distrutta dal vasto incendio di stamane. Questo l&#8217;iban: IT75U0810261140000023001793 A.T.L. ASSOCIAZIONE TURISTICA LAMON CAUSALE: RACCOLTA FONDI A FAVORE OSTERIA PONTE SERRA<\/p>\n<p>il codice Swift del conto solidariet\u00e0 x i bonifici internazionali \u00a0CCRTIT2T27A grazie.<\/p>\n<\/div>\n<p>&nbsp;<\/p>\n<p>&nbsp;<\/p>\n<hr \/>\n<p>&nbsp;<\/p>\n<blockquote>\n<h3>UNA SCUOLA AD ANTSAKOAFALY, NEL RICORDO DELLA PROF. MONICA DE MARTIN<\/h3>\n<\/blockquote>\n<p><strong><img loading=\"lazy\" decoding=\"async\" class=\"alignleft\" src=\"https:\/\/www.radiopiu.net\/wordpress\/wp-content\/uploads\/2022\/11\/Senza-nome-33.jpg\" width=\"306\" height=\"187\" \/>AGORDO<\/strong> L&#8217;Istituto Umberto Follador-De Rossi di Agordo dove la compianta professoressa Monica De Martina ha insegnato per tanti anni, insieme alla famiglia, ha scelto di ricordare la &#8220;Dema&#8221; dando un volto ad un suo sogno.<\/p>\n<p><strong>\u201cChe tutti possano avere accesso all\u2019istruzione\u201d.\u00a0<\/strong> Per questo proponiamo, a chi lo desidera, di sostenere la realizzazione di una scuola in Madagascar per 395 bambini, progetto ideato dagli amici di don Elio Larese, stimato sacerdote e insegnante, alla cui memoria la scuola sar\u00e0 intitolata. Il progetto \u00e8 gestito e seguito dall\u2019Associazione \u201cInsieme si pu\u00f2\u2026\u201d di Belluno, nel quale potr\u00e0 trovare spazio anche la memoria della nostra cara Monica. Puoi far giungere direttamente il tuo appoggio con bonifico bancario intestato a: Associazione Gruppi Insieme si pu\u00f2 Onlus Cortina Banca IBAN: IT 23 A 08511 61240 00000 0023078 Causale: \u201cErogazione liberale &#8211; Scuola Madagascar, in memoria di Monica De Martin<\/p>\n<p>&nbsp;<\/p>\n<p>&nbsp;<\/p>\n<p>&nbsp;<\/p>\n<hr \/>\n<p>&nbsp;<\/p>\n<\/div>\n<\/div>\n<blockquote>\n<h3><strong>DOPPIO APPUNTAMENTO A FELTRE IL 25 NOVEMBRE PER LA GIORNATA INTERNAZIONALE CONTRO LA VIOLENZA SULLE DONNE<\/strong><\/h3>\n<\/blockquote>\n<p><strong><a class=\"dt-pswp-item\" href=\"https:\/\/www.radiopiu.net\/wordpress\/wp-content\/uploads\/2022\/11\/Schermata-2022-11-10-alle-10.30.24.png\" data-dt-img-description=\"\" data-large_image_width=\"1354\" data-large_image_height=\"858\"><img loading=\"lazy\" decoding=\"async\" class=\" wp-image-305597 alignleft\" src=\"https:\/\/www.radiopiu.net\/wordpress\/wp-content\/uploads\/2022\/11\/Schermata-2022-11-10-alle-10.30.24-300x190.png\" alt=\"\" width=\"204\" height=\"129\" srcset=\"https:\/\/www.radiopiu.net\/wordpress\/wp-content\/uploads\/2022\/11\/Schermata-2022-11-10-alle-10.30.24-300x190.png 300w, https:\/\/www.radiopiu.net\/wordpress\/wp-content\/uploads\/2022\/11\/Schermata-2022-11-10-alle-10.30.24-1024x649.png 1024w, https:\/\/www.radiopiu.net\/wordpress\/wp-content\/uploads\/2022\/11\/Schermata-2022-11-10-alle-10.30.24-768x487.png 768w, https:\/\/www.radiopiu.net\/wordpress\/wp-content\/uploads\/2022\/11\/Schermata-2022-11-10-alle-10.30.24.png 1354w\" sizes=\"auto, (max-width: 204px) 100vw, 204px\" \/><\/a>FELTRE <\/strong>Doppio appuntamento a Feltre il 25 novembre prossimo in occasione della Giornata internazionale per l&#8217;eliminazione della violenza contro le donne. Alle 17.30 presso il Polo Bibliotecario Feltrino il regista e attore Roberto Faoro legger\u00e0 una selezione di brani tratti dal libro di Loredana Lipperini e Michela Murgia \u201cL&#8217;ho uccisa perch\u00e8 l&#8217;amavo (falso!)\u201d. L&#8217;incontro, che si concluder\u00e0 con un momento di riflessione, \u00e8 promossa in collaborazione con Aulss 1 Dolomiti. La sera l&#8217;appuntamento \u00e8 alle 20.45 in Auditorium Canossiano, con il monologo teatrale \u201cGuerriera\u201d di Teatro Piteco e The Covers. Sul palco Cristina Gianni che dar\u00e0 voce e corpo al tema della violenza psicologica sul femminile. Due appuntamenti diversi, entrambi ad ingresso libero e gratuito fino ad esaurimento posti, voluti fortemente dall&#8217;Amministrazione. \u201c<em>La lotta alla violenza passa attraverso la consapevolezza \u2013 ha dichiarato il sindaco Viviana Fusaro &#8211; Dobbiamo educarci a parlarne, e a riconoscerne i segni. E&#8217; un messaggio che vale per le donne quanto per gli uomini, che speriamo di vedere numerosi ad entrambi gli incontr<\/em>i\u201d.<\/p>\n<p>&nbsp;<\/p>\n<hr \/>\n<p>&nbsp;<\/p>\n<blockquote>\n<h3>CAMBIO MEDICO A BORGO VALBELLUNA<\/h3>\n<\/blockquote>\n<p><strong>BELLUNO <\/strong>Dal 15 Novembre 2022 la dottoressa Alessandra Biancardi cesser\u00e0 la propria l\u2018attivit\u00e0 di medico di assistenza primaria presso l\u2019ambito territoriale del Comune di Borgo Valbelluna. Gli assistiti, che alla data del 15 novembre non hanno effettuato una nuova scelta, verranno assegnati d\u2019uffico dottoressa Claudia De Bona: non sar\u00e0 pertanto necessario che gli stessi si rechino presso gli sportelli anagrafe della ULSS per effettuare la scelta del nuovo medico. La dottoressa De Bona svolger\u00e0 la propria attivit\u00e0 dal giorno 16.11.2022 a Villa di Villa &#8211; Mel in via D.A.Fabris n. 48<\/p>\n<p>&nbsp;<\/p>\n<p>&nbsp;<\/p>\n<hr \/>\n<p>&nbsp;<\/p>\n<blockquote>\n<h3>GIORNATA MONDIALE DELLA PREMATURIT\u00c0: UN INCONTRO PER LE MAMME<\/h3>\n<\/blockquote>\n<p><strong>BELLUNO <\/strong>Il 17 novembre si tinge di viola per celebrare la Giornata Mondiale della Prematurit\u00e0, un momento importante per sensibilizzare sul tema dei nati prematuri. In occasione di questa giornata, l\u2019Ulss Dolomiti, con il personale della patologia neonatale e dell\u2019ostetricia di Belluno e in collaborazione con l\u2019Associazione Mani di Mamma, organizza un incontro su questo tema gioved\u00ec 17 novembre 2022 alle 16.30 nella sala riunioni del reparto di Pediatria dell\u2019Ospedale di Belluno. L\u2019iniziativa \u00e8 dedicata a tutte le mamme di bambini nati prematuri ed alle future mamme per parlare di alcuni temi riguardanti la prematurit\u00e0 dal punto di vista dei vari professionisti e per condividere le esperienze di alcune mamme.<\/p>\n<p>&nbsp;<\/p>\n<p>&nbsp;<\/p>\n<hr \/>\n<p>&nbsp;<\/p>\n<blockquote>\n<h3>CONVOCATO IL CONSIGLIO COMUNALE DI ALLEGHE<\/h3>\n<\/blockquote>\n<p><strong>ALLEGHE<\/strong> Si svolger\u00e0 mercoled\u00ec alle 20 il consiglio comunale di Alleghe. Il sindaco Danilo De Toni ha chiamato a rapporto i consiglieri per trattare 11 punti. Tra questi si parler\u00e0 dell&#8217;ottava variazione a bilancio, del piano di valorizzazione del patrimonio immobiliare comunale, lo schema di accordo con la Croce Verde Alleghe e con la riserva alpina di caccia. Inoltre il regolamento per la detenzione e uso dell&#8217;armamento della Polizia Locale, la convenzione con la provincia per il supporto dei sistemi informatici e di un mutamento temporaneo di destinazione a Ru de Rialt.<\/p>\n<p>&nbsp;<\/p>\n<p>&nbsp;<\/p>\n<hr \/>\n<p>&nbsp;<\/p>\n<blockquote>\n<h3>CINQUE PUNTI NEL CONSIGLIO COMUNALE DI AGORDO<\/h3>\n<\/blockquote>\n<p><strong>AGORDO<\/strong> E&#8217; in programma gioved\u00ec alle 17 il consiglio comunale di Agordo. Il sindaco Roberto Chissal\u00e8 ha convocato i consiglieri per trattare 5 punti all&#8217;ordine del giorno. Si approver\u00e0 il nuovo regolamento edilizio oltre ad una variazione al documento unico di programmazione, l&#8217;approvazione dello schema di convenzione tra provincia e comune per la gestione dei fondi e la sottoscrizione della convenzione con la federazione dei comuni.<\/p>\n<p>&nbsp;<\/p>\n<p>&nbsp;<\/p>\n<hr \/>\n<p>&nbsp;<\/p>\n<blockquote>\n<h3>A CENCENIGHE, NOF FILO&#8217; INCONTRI CON PETTIROSSO AGORDINO<\/h3>\n<\/blockquote>\n<p><strong>CENCENIGHE<\/strong> Ultimo incontro con Pettirosso Agordino al Nof Fil\u00f2 di Cencenighe. Il 16 novembre con &#8220;L&#8217;impegno a tempo pieno di chi assiste la persona con demenza&#8221; in cui Erica Calvi (psicologa di Sersa) evidenzier\u00e0 la fatica invisibile di chi si prende cura di una persona malata<\/p>\n<p>&nbsp;<\/p>\n<p>&nbsp;<\/p>\n<hr \/>\n<p>&nbsp;<\/p>\n<blockquote>\n<h3>LA SECONDA EDIZIONE DI MAGICOLERIA CON LA PROLOCO CASTIONESE<\/h3>\n<\/blockquote>\n<p><strong>BELLUNO\u00a0<\/strong> <span id=\"page3R_mcid5\" class=\"markedContent\"><span dir=\"ltr\" role=\"presentation\">Con<\/span> <span dir=\"ltr\" role=\"presentation\">grande entusiasmo<\/span><span dir=\"ltr\" role=\"presentation\">, dopo le restrizioni dovute al covid,<\/span> <span dir=\"ltr\" role=\"presentation\">la Pro Loco Pieve Castionese propone al <\/span><span dir=\"ltr\" role=\"presentation\">pubblico la seconda edizione della Magicoleria<\/span><span dir=\"ltr\" role=\"presentation\">. <\/span><\/span><span id=\"page3R_mcid6\" class=\"markedContent\"><span dir=\"ltr\" role=\"presentation\">Il<\/span> secondo appuntamento <span dir=\"ltr\" role=\"presentation\">al<\/span><span dir=\"ltr\" role=\"presentation\">le 18 al Teatro San<\/span> <span dir=\"ltr\" role=\"presentation\">Gaetano di <\/span><span dir=\"ltr\" role=\"presentation\">Castion. <\/span><\/span><span class=\"markedContent\"><span dir=\"ltr\" role=\"presentation\">D<\/span><span dir=\"ltr\" role=\"presentation\">omenica<\/span> <span dir=\"ltr\" role=\"presentation\">20 no<\/span><span dir=\"ltr\" role=\"presentation\">vembre <\/span><span dir=\"ltr\" role=\"presentation\">sar\u00e0 la volta di Paolo Rech<\/span><span dir=\"ltr\" role=\"presentation\">,<\/span> <span dir=\"ltr\" role=\"presentation\">pluripremiato<\/span> <span dir=\"ltr\" role=\"presentation\">artista<\/span><span dir=\"ltr\" role=\"presentation\">,<\/span> <span dir=\"ltr\" role=\"presentation\">che ha <\/span><span dir=\"ltr\" role=\"presentation\">gi<\/span><span dir=\"ltr\" role=\"presentation\">rato il mondo intero portando i<\/span><span dir=\"ltr\" role=\"presentation\">n scena<\/span> <span dir=\"ltr\" role=\"presentation\">i suoi burattini. Per prenotazioni e informazioni: cell. 3495872289<\/span><\/span><\/p>\n<p>&nbsp;<\/p>\n<p>&nbsp;<\/p>\n<hr \/>\n<p>&nbsp;<\/p>\n<blockquote>\n<h3>DUE MESSE CON LA CONFRATERNITA DELLA BEATA VERGINE DELLA SALUTE<\/h3>\n<\/blockquote>\n<p><strong>AGORDO<\/strong> Sono due gli appuntamenti con la Confraternita della Beata Vergine della salute. Domenica 20 novembre la Santa Messa nella chiesa arcidiaconale di Agordo alle 10:30, seguir\u00e0 il pranzo sociale al Ristorante Monte Civetta di Listolade. Il giorno dopo, 21 novembre, alla chiesetta di Toccol la messa alle 17:30.<\/p>\n<p>&nbsp;<\/p>\n<p>&nbsp;<\/p>\n<hr \/>\n<p>&nbsp;<\/p>\n<blockquote>\n<h3>LA SECONDA SERATA PER LA PRESENTAZIONE DEL LIBRO SU LIMANA<\/h3>\n<\/blockquote>\n<p><strong>LIMANA\u00a0<\/strong> \u00c8 in programma per mercoled\u00ec la seconda serata di presentazione del libro sulla storia di Limana a cura di Marco Perale. L&#8217;appuntamento \u00e8 in sala Nocivelli alle 20:45<\/p>\n<p>&nbsp;<\/p>\n<p>&nbsp;<\/p>\n<hr \/>\n<p>&nbsp;<\/p>\n<blockquote>\n<h3>UNA SERATA DI MUSICA SARDA A BELLUNO<\/h3>\n<\/blockquote>\n<p><strong>BELLUNO<\/strong> \u00c8 in programma per venerd\u00ec 18 novembre al Teatro Giovanni XXII di Belluno lo spettacolo di musica sarda &#8220;Terra mia &#8211; Cantende Ballende&#8221;. Inizio alle 20:45 con ingresso libero.<\/p>\n<p>&nbsp;<\/p>\n<p>&nbsp;<\/p>\n<hr \/>\n<p>&nbsp;<\/p>\n<blockquote>\n<h3>L&#8217;ASSEMBLEA DEGLI ALPINI DI ALLEGHE<\/h3>\n<\/blockquote>\n<p><strong>ALLEGHE<\/strong> Domenica 20 novembre\u00a0 assemblea annuale del gruppo alpini Monte Civetta, alle 10.15 ritrovo in Municipio e successiva sfilata fino alla chiesa di San Biagio per la messa delle 10.30. Alle 11.30 assemblea annuale nelle sede di Masar\u00e8 (relazione morale e finanziaria, approvazione bilanci, tesseramento e attivit\u00e0), 13 pranzo all&#8217;Hotel alle Alpi<\/p>\n<p>&nbsp;<\/p>\n<p>&nbsp;<\/p>\n<hr \/>\n<p>&nbsp;<\/p>\n<blockquote>\n<h3>CON LA NUOVA CORALE-CORO PARROCCHIALE DI AGORDO LA MESSA PER I CADUTI SUL LAVORO<\/h3>\n<\/blockquote>\n<p><strong>AGORDO<\/strong> Domenica 20 novembre alle 18 nella chiesa Arcidiaconale\u00a0 di Agordo, \u00e8&#8217; il\u00a040\u00b0 anno in cui si svolge questa celebrazione, che vuole unirsi nel dolore e nel ricordo dei propri cari ai familiari dei caduti, oltre che sottolineare l&#8217;importanza dei valori della vita e del lavoro e quindi della sicurezza nei luoghi di lavoro. Molto spesso infatti gli adempimenti in tal senso vengono considerati solo come degli inutili vincoli burocratici, mentre \u00e8 importante cercare di evitare tutto quello che \u00e8 prevenibile, diffondendo una cultura della sicurezza. Quest&#8217;anno, all&#8217;elenco dei caduti ricordati in passato, si aggiunge Paolo Marcon, morto mentre lavorava nei boschi di Gosaldo il 7 aprile 2022.<\/p>\n<p>&nbsp;<\/p>\n<p>&nbsp;<\/p>\n<hr \/>\n<p>&nbsp;<\/p>\n<blockquote>\n<h3>UNA SERATA PER PARLARE DEL GATTO SELVATICO<\/h3>\n<\/blockquote>\n<p><strong>FELTRE <\/strong>Il Parco Nazionale Dolomiti Bellunesi, il Comitato Gestione Usi Civici di Bolzano e Vezzano e il Dipartimento di Scienze Ambientali, Informatica e Statistica dell&#8217;Universit\u00e0 Ca&#8217; Foscari di Venezia, organizzano una serata divulgativa per illustrare i risultati delle ricerche sul gatto selvatico nell\u2019area protetta. L&#8217;appuntamento \u00e8 per venerd\u00ec alle 20:30, presso la sala Mons. Savio \u2013 ex asilo Dartora a Bolzano Bellunese. Il gatto selvatico \u00e8 stato segnalato nel Parco per la prima volta nel 2014, grazie ad un progetto curato dal Parco in collaborazione con il Museo di Storia Naturale di Venezia Giancarlo Ligabue.<\/p>\n<p>&nbsp;<\/p>\n<p>&nbsp;<\/p>\n<hr \/>\n<p>&nbsp;<\/p>\n<blockquote>\n<h3>A TEATRO CON AIDO BELLUNO<\/h3>\n<\/blockquote>\n<p><strong><a class=\"dt-pswp-item\" href=\"https:\/\/www.radiopiu.net\/wordpress\/wp-content\/uploads\/2022\/06\/AIDO.png\" data-dt-img-description=\"\" data-large_image_width=\"233\" data-large_image_height=\"233\"><img loading=\"lazy\" decoding=\"async\" class=\"wp-image-279760 alignleft\" src=\"https:\/\/www.radiopiu.net\/wordpress\/wp-content\/uploads\/2022\/06\/AIDO.png\" alt=\"\" width=\"98\" height=\"98\" srcset=\"https:\/\/www.radiopiu.net\/wordpress\/wp-content\/uploads\/2022\/06\/AIDO.png 233w, https:\/\/www.radiopiu.net\/wordpress\/wp-content\/uploads\/2022\/06\/AIDO-150x150.png 150w\" sizes=\"auto, (max-width: 98px) 100vw, 98px\" \/><\/a>BELLUNO<\/strong> &#8220;Toglimi il pane, se vuoi toglimi l&#8217;aria, ma non togliermi mai il tuo sorriso&#8221; diceva Pablo Neruda. Perche\u0300 sorridere, soprattutto in questo periodo difficile, puo\u0300 far bene a se\u0300 stessi e agli altri: per questo la sala del teatro San Gaetano di Castion ospitera\u0300 venerdi\u0300 18 novembre alle 20.30 lo spettacolo &#8220;Noi che&#8230;&#8221;, una serie di riflessioni &#8220;semiserie&#8221; sugli anni Sessanta e Settanta allestite dall&#8217;omonima compagnia teatrale. L&#8217;organizzazione e\u0300 curata con la collaborazione della sezione provinciale di Aido Belluno. L&#8217;ingresso e\u0300 libero. Il ricavato sara\u0300 devoluto alle attivita\u0300 dell&#8217;associazione, che opera per promuovere la donazione di organi.<\/p>\n<p>&nbsp;<\/p>\n<p>&nbsp;<\/p>\n<hr \/>\n<p>&nbsp;<\/p>\n<blockquote>\n<h3>UN OMAGGIO A PATRIZIA BURIGO<\/h3>\n<\/blockquote>\n<p><strong>BELLUNO <\/strong>L\u2019Associazione Culturale Verba Volant, in collaborazione con l\u2019IIS \u201cSegato\u201d di Belluno, organizza l\u2019evento \u201cRidammi i sogni. Patrizia, colori e parole\u201d, un omaggio alla poetessa e pittrice Patrizia Burigo, prematuramente scomparsa nel mese di luglio, che per anni \u00e8 stata parte attiva e creativa dell\u2019associazione. La serata si svolger\u00e0 a Belluno venerd\u00ec alle 17:30 presso l\u2019aula Magna dell\u2019ITIS \u201cSegato\u201d e vedr\u00e0 alternarsi letture e musica.<\/p>\n<p>&nbsp;<\/p>\n<hr \/>\n<p>&nbsp;<\/p>\n<p><strong><span style=\"color: #ff0000;\">MONDO LADINO\u00a0<\/span><\/strong>PRESENTAZIONE DEL RAPPORTO SULLE CAUSE DELLA PROGRESSIVA ESTINZIONE DELLE MINORANZA LINGUISTICHE LADINE\u00a0 DELLA PROVINCIA DI BELLUNO IN CONSEGUENZA DELLE POLITICHE ATTUATE DALLO STATO ITALIANO<\/p>\n<p>Tre appuntamenti: 19 novembre a Cortina Ciasa de Ra Regoles, museo Mario Rimoldi, alle 18. Il 26 novembre alle 18 a Fusine (sala polifunzionale) Zoldo. il 3 dicembre a Cencenighe Nof Filo&#8217; alle 18.<\/p>\n<p><strong>Marinella Da Piazza:<\/strong><em> &#8220;\u00c8 importante essere presenti\u00a0 perch\u00e9 non c\u2019\u00e8 alternativa. La salvezza delle Comunit\u00e0 di Montagna (che non vogliono andare via) sar\u00e0 data dalla capacit\u00e0 di noi ladini di essere uniti, capaci di difendere e valorizzare le proprie diversit\u00e0 e richiedere con forza l\u2019applicazione delle giuste politiche necessarie a chi vive in pendenza&#8221;.<\/em><\/p>\n<p>&nbsp;<\/p>\n<hr \/>\n<p>&nbsp;<\/p>\n<blockquote>\n<h3 class=\"entry-title\">PER IL MUSEO DI RADIO PIU&#8217; DALLA PIZZERIA COSTA DI CANALE D\u2019AGORDO, UNA PREGIATA RADIO<\/h3>\n<\/blockquote>\n<p><strong>REDAZIONE<\/strong>\u00a0Il museo di Radio Pi\u00f9 si arricchisce di una nuova radio d\u2019epoca. Dalla Pizzeria Costa di Canale D\u2019Agordo, una pregiata radio di Vigilio, regalata al fratello Dino e gentilmente\u00a0 concessa alla Radio Pi\u00f9 che\u00a0 ringrazia sentitamente\u00a0 tutta la famiglia dei Bolp (volpe). E grazie a Valentina per il suo importante intervento che ha influenzato la decisione!. (nella foto Mirko con Dino Costa)<\/p>\n<p class=\"photoswipe-wrapper\"><a class=\"dt-pswp-item pspw-wrap-ready\" href=\"https:\/\/www.radiopiu.net\/wordpress\/wp-content\/uploads\/2022\/11\/9fd60c67-e980-46c0-a8ea-4acb9b7aac89.jpg\" data-dt-img-description=\"\" data-large_image_width=\"1024\" data-large_image_height=\"978\"><img loading=\"lazy\" decoding=\"async\" class=\"size-medium wp-image-306125 aligncenter\" src=\"https:\/\/www.radiopiu.net\/wordpress\/wp-content\/uploads\/2022\/11\/9fd60c67-e980-46c0-a8ea-4acb9b7aac89-300x287.jpg\" sizes=\"auto, (max-width: 300px) 100vw, 300px\" srcset=\"https:\/\/www.radiopiu.net\/wordpress\/wp-content\/uploads\/2022\/11\/9fd60c67-e980-46c0-a8ea-4acb9b7aac89-300x287.jpg 300w, https:\/\/www.radiopiu.net\/wordpress\/wp-content\/uploads\/2022\/11\/9fd60c67-e980-46c0-a8ea-4acb9b7aac89-768x734.jpg 768w, https:\/\/www.radiopiu.net\/wordpress\/wp-content\/uploads\/2022\/11\/9fd60c67-e980-46c0-a8ea-4acb9b7aac89.jpg 1024w\" alt=\"\" width=\"300\" height=\"287\" \/><\/a><\/p>\n<p>&nbsp;<\/p>\n<hr \/>\n<p>&nbsp;<\/p>\n<blockquote>\n<h3>DI JOHN FRANCIS DELLA PIETRA<br \/>\n<strong>Luci ed ombre della vita\u00a0<\/strong><\/h3>\n<\/blockquote>\n<p><a class=\"dt-pswp-item\" href=\"https:\/\/www.radiopiu.net\/wordpress\/wp-content\/uploads\/2022\/11\/ea8c4586-d38a-438b-a175-8b47f2076f21.jpg\" data-dt-img-description=\"\" data-large_image_width=\"1600\" data-large_image_height=\"1200\"><img loading=\"lazy\" decoding=\"async\" class=\"alignnone size-medium wp-image-306266\" src=\"https:\/\/www.radiopiu.net\/wordpress\/wp-content\/uploads\/2022\/11\/ea8c4586-d38a-438b-a175-8b47f2076f21-300x225.jpg\" alt=\"\" width=\"300\" height=\"225\" srcset=\"https:\/\/www.radiopiu.net\/wordpress\/wp-content\/uploads\/2022\/11\/ea8c4586-d38a-438b-a175-8b47f2076f21-300x225.jpg 300w, https:\/\/www.radiopiu.net\/wordpress\/wp-content\/uploads\/2022\/11\/ea8c4586-d38a-438b-a175-8b47f2076f21-1024x768.jpg 1024w, https:\/\/www.radiopiu.net\/wordpress\/wp-content\/uploads\/2022\/11\/ea8c4586-d38a-438b-a175-8b47f2076f21-768x576.jpg 768w, https:\/\/www.radiopiu.net\/wordpress\/wp-content\/uploads\/2022\/11\/ea8c4586-d38a-438b-a175-8b47f2076f21-1536x1152.jpg 1536w, https:\/\/www.radiopiu.net\/wordpress\/wp-content\/uploads\/2022\/11\/ea8c4586-d38a-438b-a175-8b47f2076f21.jpg 1600w\" sizes=\"auto, (max-width: 300px) 100vw, 300px\" \/><\/a><br \/>\nUn susseguirsi che crea una storia spesso indefinita<br \/>\nAd un tratto ci si trova nella piena luce del giorno<br \/>\nDopo un attimo nell ombra della notte<br \/>\nUna volta l\u00e0 alla ribalta<br \/>\nL altra sembra che il mondo sotto di te si sfalda<br \/>\nUn continuo cangiare di sensazioni<br \/>\nChe generano le pi\u00f9 disparate emozioni<br \/>\nTalora forte felicit\u00e0<br \/>\nSovente ineffabile fragilit\u00e0<br \/>\nFrutti tutti dell esistenza<br \/>\nChe fin che siamo al mondo non se ne pu\u00f2 far senza<br \/>\nEd anche quando non si sa dove andar a parare<br \/>\nDentro di s\u00e9 nel profondo bisogna cercare<br \/>\nNon si confondono gjamnai<br \/>\nInterpretarle per il verso giusto imparerai<br \/>\nE mentre il tempo ti scorre fra le dita<br \/>\nApprezza queste luci ed ombre della vita&#8230;<\/p>\n<p>&nbsp;<\/p>\n<p>&nbsp;<\/p>\n<hr \/>\n<p>&nbsp;<\/p>\n<blockquote>\n<h3>NEL LIBRO DI VIZZUTTI DOCUMENTI DI STORIA E D\u2019ARTE DELLE CHIESE DI LIZZONA, LASTREGHE, SOCCHER E CASAN<\/h3>\n<\/blockquote>\n<p><strong>di Renato Bona<\/strong><\/p>\n<p>Nel libro curato dallo storico prof. Flavio Vizzutti \u201cLe chiese dell\u2019antica Pieve di Cadola\u201dche propone documenti di storia e d\u2019arte ed \u00e8 stato realizzato nel settembre 1999 (tipografia Piave di Belluno) a cura delle Parrocchie di Cadola, Polpet-Ponte nelle Alpi, Col di Cugnan, Quantin e dalla Diocesi di Belluno-Feltre, l\u2019autore illustra, con la competenza che gli \u00e8 nota, le varie chiese. In questo servizio ci occupiamo di quelle di san Sebastiano di Lizzona, di san Michele arcangelo di Lastreghe, dei santi Filippo e Giacomo di Soccher e di quella di san Martino vescovo di Casan. L\u2019autore, a proposito della prima, esordisce spiegando: \u201cI primi riscontri documentari sulla storia dell\u2019edificio, sorto forse come oratorio votivo considerando la particolare intitolazione ai santi Sebastiano e Rocco notoriamente impetrati contro la peste, risalgono al 1577; nel 1598 \u00e8 meta di visita pastorale da parte del vicario delegato ad hoc dal vescovo Luigi Lollino La chiesina ha l\u2019asse rivolto ad Oriente in ossequio alle regole canoniche, possiede poca suppellettile ed una pala raffigurante laVergine tra i due taumaturghi disposti in allusivo parallelismo\u201d. Ricorda quindi come da un documento risulti che \u201cnon possiede alcuna entrata ed \u00e8 in tutto provveduta dal nobile Alessandro Crotta, intestatario del giuspatronato e titolare di notevoli beni fondiari in loco\u201d. Proprio i Crotta &#8211; di fronte al disordine e alla cattiva manutenzione vengono sollecitati con fermezza dal vescovo Giacomo Costa \u201ca provvedere prontamente affinch\u00e9 sia ripristinato il decoro del tempio\u201d che in seguito fu ceduto a Felice Sitran-Mion di Puos d\u2019Alpago il quale provvide ad ottimamente ripristinarla e fornirla di tutto quanto necessitava al culto tanto che l\u2019Arciprete propose all\u2019autorit\u00e0 diocesana di riaprirla al culto, come avvenne con decreto del vescovo Salvatore Bolognesi del 23 gennaio 1883. Dopo i danni causati dalla Grande Guerra, e dopo essere stata lasciata a lungo in stato di grave abbandono, fu restaurata ed abbellita ed il vescovo Gioacchino Muccin la benedisse il 24 agosto 1952 e l\u2019anno seguente ripresero le celebrazioni interrotte da molti decenni. Chiesa di San Michele arcangelo di Lastreghe: Vizzuti ipotizza che \u201cLa struttura odierna, definita dalla semplice aula e campanile a cavaliere sia forse il rimaneggiamento di una ben pi\u00f9 antica di quella esistente nel 1526\u2026\u201d. Un salto nel tempo e si apprende che lo stabile nel 1817 \u00e8 fatiscente ed il fabbricere Francesco Collarin si attiva per poter strappare l\u2019antico San Michele dall\u2019incombente rovina. Oggi, la chiesa rientra nella circoscrizione parrocchiale di Cadola. Ed eccoci alla chiesa dei santi Filippo e Giacomo di Soccher: il 19 gennaio 1964il vescovo Muccin consacra tre campane, fuse dalla ditta De Poli di Ceneda, dedicandole a san Giorgio (in ricordo del \u201cgemellaggio\u201d dotale per secoli condiviso con la chiesina castellana intitolata al santo cavaliere), agli apostoli Filippo e Giacomo e all\u2019Immacolata. Conclusione della carrellata con la chiesa di san Martino vescovo, di Casan. anteriore al 1526; nel 1873 l\u2019edificio venne danneggiato dalla forte scossa tellurica, che comporter\u00e0 fra l\u2019altro il rifacimento del soffitto; nel 1889 i lavori finiscono ed il 12 luglio l\u2019arciprete pu\u00f2 \u201cbenedirla tra la soddisfazione generale della gente\u2026 che si \u00e8 sentita coinvolta nell\u2019impegnativa impresa e sar\u00e0 capace di dimostrare una viva partecipazione anche nei non meno consistenti rinnovamenti degli anni 1936 e 1987.<\/p>\n\n\t\t\t<style type='text\/css'>\n\t\t\t\t#gallery-7 {\n\t\t\t\t\tmargin: auto;\n\t\t\t\t}\n\t\t\t\t#gallery-7 .gallery-item {\n\t\t\t\t\tfloat: left;\n\t\t\t\t\tmargin-top: 10px;\n\t\t\t\t\ttext-align: center;\n\t\t\t\t\twidth: 16%;\n\t\t\t\t}\n\t\t\t\t#gallery-7 img {\n\t\t\t\t\tborder: 2px solid #cfcfcf;\n\t\t\t\t}\n\t\t\t\t#gallery-7 .gallery-caption {\n\t\t\t\t\tmargin-left: 0;\n\t\t\t\t}\n\t\t\t\t\/* see gallery_shortcode() in wp-includes\/media.php *\/\n\t\t\t<\/style>\n\t\t<div id='gallery-7' class='dt-gallery-container gallery galleryid-306026 gallery-columns-6 gallery-size-thumbnail'><dl class='gallery-item'>\n\t\t\t\t<dt class='gallery-icon portrait'>\n\t\t\t\t\t<a class=\"rollover rollover-zoom dt-pswp-item\" title=\"315374633_536216581211029_7131105115236276851_n\" data-dt-img-description=\"\" data-large_image_width=\"350\" data-large_image_height=\"403\"href='https:\/\/www.radiopiu.net\/wordpress\/wp-content\/uploads\/2022\/11\/315374633_536216581211029_7131105115236276851_n.jpg'><img loading=\"lazy\" decoding=\"async\" width=\"150\" height=\"150\" src=\"https:\/\/www.radiopiu.net\/wordpress\/wp-content\/uploads\/2022\/11\/315374633_536216581211029_7131105115236276851_n-150x150.jpg\" class=\"attachment-thumbnail size-thumbnail\" alt=\"\" \/><\/a>\n\t\t\t\t<\/dt><\/dl><dl class='gallery-item'>\n\t\t\t\t<dt class='gallery-icon landscape'>\n\t\t\t\t\t<a class=\"rollover rollover-zoom dt-pswp-item\" title=\"315300740_833533261023962_6164209804658271050_n\" data-dt-img-description=\"\" data-large_image_width=\"560\" data-large_image_height=\"403\"href='https:\/\/www.radiopiu.net\/wordpress\/wp-content\/uploads\/2022\/11\/315300740_833533261023962_6164209804658271050_n.jpg'><img loading=\"lazy\" decoding=\"async\" width=\"150\" height=\"150\" src=\"https:\/\/www.radiopiu.net\/wordpress\/wp-content\/uploads\/2022\/11\/315300740_833533261023962_6164209804658271050_n-150x150.jpg\" class=\"attachment-thumbnail size-thumbnail\" alt=\"\" \/><\/a>\n\t\t\t\t<\/dt><\/dl><dl class='gallery-item'>\n\t\t\t\t<dt class='gallery-icon portrait'>\n\t\t\t\t\t<a class=\"rollover rollover-zoom dt-pswp-item\" title=\"315516790_536529621196718_6023287845908603145_n\" data-dt-img-description=\"\" data-large_image_width=\"320\" data-large_image_height=\"596\"href='https:\/\/www.radiopiu.net\/wordpress\/wp-content\/uploads\/2022\/11\/315516790_536529621196718_6023287845908603145_n.jpg'><img loading=\"lazy\" decoding=\"async\" width=\"150\" height=\"150\" src=\"https:\/\/www.radiopiu.net\/wordpress\/wp-content\/uploads\/2022\/11\/315516790_536529621196718_6023287845908603145_n-150x150.jpg\" class=\"attachment-thumbnail size-thumbnail\" alt=\"\" \/><\/a>\n\t\t\t\t<\/dt><\/dl><dl class='gallery-item'>\n\t\t\t\t<dt class='gallery-icon portrait'>\n\t\t\t\t\t<a class=\"rollover rollover-zoom dt-pswp-item\" title=\"315068531_643781843896822_2760447260561227407_n\" data-dt-img-description=\"\" data-large_image_width=\"350\" data-large_image_height=\"400\"href='https:\/\/www.radiopiu.net\/wordpress\/wp-content\/uploads\/2022\/11\/315068531_643781843896822_2760447260561227407_n.jpg'><img loading=\"lazy\" decoding=\"async\" width=\"150\" height=\"150\" src=\"https:\/\/www.radiopiu.net\/wordpress\/wp-content\/uploads\/2022\/11\/315068531_643781843896822_2760447260561227407_n-150x150.jpg\" class=\"attachment-thumbnail size-thumbnail\" alt=\"\" \/><\/a>\n\t\t\t\t<\/dt><\/dl><dl class='gallery-item'>\n\t\t\t\t<dt class='gallery-icon portrait'>\n\t\t\t\t\t<a class=\"rollover rollover-zoom dt-pswp-item\" title=\"315306295_683863659721440_866823135518122416_n\" data-dt-img-description=\"\" data-large_image_width=\"397\" data-large_image_height=\"403\"href='https:\/\/www.radiopiu.net\/wordpress\/wp-content\/uploads\/2022\/11\/315306295_683863659721440_866823135518122416_n.jpg'><img loading=\"lazy\" decoding=\"async\" width=\"150\" height=\"150\" src=\"https:\/\/www.radiopiu.net\/wordpress\/wp-content\/uploads\/2022\/11\/315306295_683863659721440_866823135518122416_n-150x150.jpg\" class=\"attachment-thumbnail size-thumbnail\" alt=\"\" \/><\/a>\n\t\t\t\t<\/dt><\/dl><dl class='gallery-item'>\n\t\t\t\t<dt class='gallery-icon portrait'>\n\t\t\t\t\t<a class=\"rollover rollover-zoom dt-pswp-item\" title=\"315444173_796683828069882_8387661509914966916_n\" data-dt-img-description=\"\" data-large_image_width=\"309\" data-large_image_height=\"403\"href='https:\/\/www.radiopiu.net\/wordpress\/wp-content\/uploads\/2022\/11\/315444173_796683828069882_8387661509914966916_n.jpg'><img loading=\"lazy\" decoding=\"async\" width=\"150\" height=\"150\" src=\"https:\/\/www.radiopiu.net\/wordpress\/wp-content\/uploads\/2022\/11\/315444173_796683828069882_8387661509914966916_n-150x150.jpg\" class=\"attachment-thumbnail size-thumbnail\" alt=\"\" \/><\/a>\n\t\t\t\t<\/dt><\/dl><br style=\"clear: both\" \/><dl class='gallery-item'>\n\t\t\t\t<dt class='gallery-icon landscape'>\n\t\t\t\t\t<a class=\"rollover rollover-zoom dt-pswp-item\" title=\"315332000_662974402033765_1239309132884958344_n\" data-dt-img-description=\"\" data-large_image_width=\"551\" data-large_image_height=\"403\"href='https:\/\/www.radiopiu.net\/wordpress\/wp-content\/uploads\/2022\/11\/315332000_662974402033765_1239309132884958344_n.jpg'><img loading=\"lazy\" decoding=\"async\" width=\"150\" height=\"150\" src=\"https:\/\/www.radiopiu.net\/wordpress\/wp-content\/uploads\/2022\/11\/315332000_662974402033765_1239309132884958344_n-150x150.jpg\" class=\"attachment-thumbnail size-thumbnail\" alt=\"\" \/><\/a>\n\t\t\t\t<\/dt><\/dl><dl class='gallery-item'>\n\t\t\t\t<dt class='gallery-icon portrait'>\n\t\t\t\t\t<a class=\"rollover rollover-zoom dt-pswp-item\" title=\"315435995_1536360170126287_3991344441664467596_n\" data-dt-img-description=\"\" data-large_image_width=\"301\" data-large_image_height=\"417\"href='https:\/\/www.radiopiu.net\/wordpress\/wp-content\/uploads\/2022\/11\/315435995_1536360170126287_3991344441664467596_n.jpg'><img loading=\"lazy\" decoding=\"async\" width=\"150\" height=\"150\" src=\"https:\/\/www.radiopiu.net\/wordpress\/wp-content\/uploads\/2022\/11\/315435995_1536360170126287_3991344441664467596_n-150x150.jpg\" class=\"attachment-thumbnail size-thumbnail\" alt=\"\" \/><\/a>\n\t\t\t\t<\/dt><\/dl><dl class='gallery-item'>\n\t\t\t\t<dt class='gallery-icon portrait'>\n\t\t\t\t\t<a class=\"rollover rollover-zoom dt-pswp-item\" title=\"315320974_719863239041937_2442005053192151488_n\" data-dt-img-description=\"\" data-large_image_width=\"320\" data-large_image_height=\"403\"href='https:\/\/www.radiopiu.net\/wordpress\/wp-content\/uploads\/2022\/11\/315320974_719863239041937_2442005053192151488_n.jpg'><img loading=\"lazy\" decoding=\"async\" width=\"150\" height=\"150\" src=\"https:\/\/www.radiopiu.net\/wordpress\/wp-content\/uploads\/2022\/11\/315320974_719863239041937_2442005053192151488_n-150x150.jpg\" class=\"attachment-thumbnail size-thumbnail\" alt=\"\" \/><\/a>\n\t\t\t\t<\/dt><\/dl><dl class='gallery-item'>\n\t\t\t\t<dt class='gallery-icon portrait'>\n\t\t\t\t\t<a class=\"rollover rollover-zoom dt-pswp-item\" title=\"315518859_1099341440948975_6459254204716906791_n\" data-dt-img-description=\"\" data-large_image_width=\"350\" data-large_image_height=\"403\"href='https:\/\/www.radiopiu.net\/wordpress\/wp-content\/uploads\/2022\/11\/315518859_1099341440948975_6459254204716906791_n.jpg'><img loading=\"lazy\" decoding=\"async\" width=\"150\" height=\"150\" src=\"https:\/\/www.radiopiu.net\/wordpress\/wp-content\/uploads\/2022\/11\/315518859_1099341440948975_6459254204716906791_n-150x150.jpg\" class=\"attachment-thumbnail size-thumbnail\" alt=\"\" \/><\/a>\n\t\t\t\t<\/dt><\/dl><dl class='gallery-item'>\n\t\t\t\t<dt class='gallery-icon portrait'>\n\t\t\t\t\t<a class=\"rollover rollover-zoom dt-pswp-item\" title=\"314699946_804199187358569_2507079021023750261_n\" data-dt-img-description=\"\" data-large_image_width=\"320\" data-large_image_height=\"518\"href='https:\/\/www.radiopiu.net\/wordpress\/wp-content\/uploads\/2022\/11\/314699946_804199187358569_2507079021023750261_n.jpg'><img loading=\"lazy\" decoding=\"async\" width=\"150\" height=\"150\" src=\"https:\/\/www.radiopiu.net\/wordpress\/wp-content\/uploads\/2022\/11\/314699946_804199187358569_2507079021023750261_n-150x150.jpg\" class=\"attachment-thumbnail size-thumbnail\" alt=\"\" \/><\/a>\n\t\t\t\t<\/dt><\/dl><dl class='gallery-item'>\n\t\t\t\t<dt class='gallery-icon portrait'>\n\t\t\t\t\t<a class=\"rollover rollover-zoom dt-pswp-item\" title=\"315306295_805390900761177_2925239061841869658_n\" data-dt-img-description=\"\" data-large_image_width=\"320\" data-large_image_height=\"449\"href='https:\/\/www.radiopiu.net\/wordpress\/wp-content\/uploads\/2022\/11\/315306295_805390900761177_2925239061841869658_n.jpg'><img loading=\"lazy\" decoding=\"async\" width=\"150\" height=\"150\" src=\"https:\/\/www.radiopiu.net\/wordpress\/wp-content\/uploads\/2022\/11\/315306295_805390900761177_2925239061841869658_n-150x150.jpg\" class=\"attachment-thumbnail size-thumbnail\" alt=\"\" \/><\/a>\n\t\t\t\t<\/dt><\/dl><br style=\"clear: both\" \/><dl class='gallery-item'>\n\t\t\t\t<dt class='gallery-icon portrait'>\n\t\t\t\t\t<a class=\"rollover rollover-zoom dt-pswp-item\" title=\"315274934_903986934319012_1892092036872145888_n\" data-dt-img-description=\"\" data-large_image_width=\"303\" data-large_image_height=\"414\"href='https:\/\/www.radiopiu.net\/wordpress\/wp-content\/uploads\/2022\/11\/315274934_903986934319012_1892092036872145888_n.jpg'><img loading=\"lazy\" decoding=\"async\" width=\"150\" height=\"150\" src=\"https:\/\/www.radiopiu.net\/wordpress\/wp-content\/uploads\/2022\/11\/315274934_903986934319012_1892092036872145888_n-150x150.jpg\" class=\"attachment-thumbnail size-thumbnail\" alt=\"\" \/><\/a>\n\t\t\t\t<\/dt><\/dl><dl class='gallery-item'>\n\t\t\t\t<dt class='gallery-icon landscape'>\n\t\t\t\t\t<a class=\"rollover rollover-zoom dt-pswp-item\" title=\"314923230_705619171203279_1789340374810073605_n\" data-dt-img-description=\"\" data-large_image_width=\"403\" data-large_image_height=\"403\"href='https:\/\/www.radiopiu.net\/wordpress\/wp-content\/uploads\/2022\/11\/314923230_705619171203279_1789340374810073605_n.jpg'><img loading=\"lazy\" decoding=\"async\" width=\"150\" height=\"150\" src=\"https:\/\/www.radiopiu.net\/wordpress\/wp-content\/uploads\/2022\/11\/314923230_705619171203279_1789340374810073605_n-150x150.jpg\" class=\"attachment-thumbnail size-thumbnail\" alt=\"\" srcset=\"https:\/\/www.radiopiu.net\/wordpress\/wp-content\/uploads\/2022\/11\/314923230_705619171203279_1789340374810073605_n-150x150.jpg 150w, https:\/\/www.radiopiu.net\/wordpress\/wp-content\/uploads\/2022\/11\/314923230_705619171203279_1789340374810073605_n-300x300.jpg 300w, https:\/\/www.radiopiu.net\/wordpress\/wp-content\/uploads\/2022\/11\/314923230_705619171203279_1789340374810073605_n.jpg 403w\" sizes=\"auto, (max-width: 150px) 100vw, 150px\" \/><\/a>\n\t\t\t\t<\/dt><\/dl><dl class='gallery-item'>\n\t\t\t\t<dt class='gallery-icon landscape'>\n\t\t\t\t\t<a class=\"rollover rollover-zoom dt-pswp-item\" title=\"315327748_5440314416067624_6468117105576422998_n\" data-dt-img-description=\"\" data-large_image_width=\"552\" data-large_image_height=\"402\"href='https:\/\/www.radiopiu.net\/wordpress\/wp-content\/uploads\/2022\/11\/315327748_5440314416067624_6468117105576422998_n.jpg'><img loading=\"lazy\" decoding=\"async\" width=\"150\" height=\"150\" src=\"https:\/\/www.radiopiu.net\/wordpress\/wp-content\/uploads\/2022\/11\/315327748_5440314416067624_6468117105576422998_n-150x150.jpg\" class=\"attachment-thumbnail size-thumbnail\" alt=\"\" \/><\/a>\n\t\t\t\t<\/dt><\/dl><dl class='gallery-item'>\n\t\t\t\t<dt class='gallery-icon portrait'>\n\t\t\t\t\t<a class=\"rollover rollover-zoom dt-pswp-item\" title=\"315526031_802087967752019_2118356635524298182_n\" data-dt-img-description=\"\" data-large_image_width=\"307\" data-large_image_height=\"403\"href='https:\/\/www.radiopiu.net\/wordpress\/wp-content\/uploads\/2022\/11\/315526031_802087967752019_2118356635524298182_n.jpg'><img loading=\"lazy\" decoding=\"async\" width=\"150\" height=\"150\" src=\"https:\/\/www.radiopiu.net\/wordpress\/wp-content\/uploads\/2022\/11\/315526031_802087967752019_2118356635524298182_n-150x150.jpg\" class=\"attachment-thumbnail size-thumbnail\" alt=\"\" \/><\/a>\n\t\t\t\t<\/dt><\/dl><dl class='gallery-item'>\n\t\t\t\t<dt class='gallery-icon portrait'>\n\t\t\t\t\t<a class=\"rollover rollover-zoom dt-pswp-item\" title=\"315519918_1271059493467395_7690449011138184356_n\" data-dt-img-description=\"\" data-large_image_width=\"309\" data-large_image_height=\"720\"href='https:\/\/www.radiopiu.net\/wordpress\/wp-content\/uploads\/2022\/11\/315519918_1271059493467395_7690449011138184356_n.jpg'><img loading=\"lazy\" decoding=\"async\" width=\"150\" height=\"150\" src=\"https:\/\/www.radiopiu.net\/wordpress\/wp-content\/uploads\/2022\/11\/315519918_1271059493467395_7690449011138184356_n-150x150.jpg\" class=\"attachment-thumbnail size-thumbnail\" alt=\"\" \/><\/a>\n\t\t\t\t<\/dt><\/dl>\n\t\t\t\t<br style='clear: both' \/>\n\t\t\t<\/div>\n\n<p>&nbsp;<\/p>\n<p>NELLE FOTO (riproduzioni dal libro di Flavio Vizzutti): la chiesa di Lizzona; interno dell\u2019edificio sacro; pala dell\u2019altare: \u201cVergine con il Bimbo tra i santi Sebastiano e Rocco; chiesa di san Michele arcangelo di Lastreghe; di anonimo del XVI secolo: pala dell\u2019altare; chiesa dei santi Filippo e Giacomo di Soccher, esterno; ed ecco la visione interna; di Francesco Frigimelica \u201cIl Vecchio\u201d): Vergine con il Bambino in gloria tra i santi Giovanni Battista, Carlo Borromeo, Giacomo e Filippo; alzata dell\u2019altare di sant\u2019Osvaldo; altare minore di destra: San Giorgio, di pittore del 1893; di anonimo del XVII secolo: Annunciata e, sotto, Angelo annunciante, ai lati dell\u2019arcata trionfale; inginocchiatoio, artigianato locale del secolo XVIII; di pittore bellunese del XIX secolo: Vergine con il Bambino in trono tra i santi Giacomo e Filippo, affresco sul soffitto dell\u2019aula; chiesa di san Martino vescovo, di Casan; interno dell\u2019edificio sacro; di anonimo attorno al 1673: Vergine, Bambino, Angeli con i santi Martino e Carlo Borromeo; San Martino e il povero\u201d, di anonimo, e, sotto, pure di anonimo: \u201cMadonna del Carmelo\u201d.<\/p>\n<p>&nbsp;<\/p>\n<p>&nbsp;<\/p>\n<hr \/>\n<p>&nbsp;<\/p>\n<p>&nbsp;<\/p>\n<blockquote>\n<h3>AMORE&#8230;C&#8217;E&#8217; UN MORTO IN SALOTTO. A TEATRO A SANTO STEFANO DI CADORE<\/h3>\n<\/blockquote>\n<div class=\"xdj266r x11i5rnm xat24cr x1mh8g0r x1vvkbs x126k92a\">\n<div dir=\"auto\"><strong>REDAZIONE<\/strong>\u00a0 Domenica 20\u00a0 alle\u00a0 17 al <a class=\"x1i10hfl xjbqb8w x6umtig x1b1mbwd xaqea5y xav7gou x9f619 x1ypdohk xt0psk2 xe8uvvx xdj266r x11i5rnm xat24cr x1mh8g0r xexx8yu x4uap5 x18d9i69 xkhd6sd x16tdsg8 x1hl2dhg xggy1nq x1a2a7pz xt0b8zv x1qq9wsj xo1l8bm\" tabindex=\"0\" role=\"link\" href=\"https:\/\/www.facebook.com\/CinemaPiave?__cft__[0]=AZUAYPCEbiClTp1yP7QKEHmCmVuPq0hx2gj1Y1y7h3Bk8vvZJ40w6sis0OmgE4GpUQSLpllKvwoV2B67Inf0GWDfHdr2jwrDLs0adu2YFHzldaIVv1GKv6XTRBY6H0jK3B6xPDA2_wfJZWfo6GIXrjCimUW7pR2pSPVSDBYJm3jE5nUm-PW3IMoD35nYHg0mJm78IQnuSHPdoXjfdgUKkPdy&amp;__tn__=-]K-y-R\"><span class=\"xt0psk2\">Cinema Piave<\/span><\/a> di Santo Stefano di Cadore &#8220;AMORE, C&#8217;E&#8217; UN MORTO IN SALOTTO&#8221;,\u00a0 commedia brillante, all&#8217; interno della rassegna Autunno a Teatro in Comelico. &#8220;<em>Come reagireste se una psicoterapeuta morta da vent\u2019anni piombasse in casa vostra? Comicit\u00e0, equivoci e colpi di scena per una terapia di coppia decisamente fuori dal normale&#8221;.<\/em><\/div>\n<\/div>\n<div class=\"x11i5rnm xat24cr x1mh8g0r x1vvkbs xtlvy1s x126k92a\">\n<div dir=\"auto\">Prenota on line su: <a class=\"x1i10hfl xjbqb8w x6umtig x1b1mbwd xaqea5y xav7gou x9f619 x1ypdohk xt0psk2 xe8uvvx xdj266r x11i5rnm xat24cr x1mh8g0r xexx8yu x4uap5 x18d9i69 xkhd6sd x16tdsg8 x1hl2dhg xggy1nq x1a2a7pz xt0b8zv x1fey0fg\" tabindex=\"0\" role=\"link\" href=\"https:\/\/l.facebook.com\/l.php?u=http%3A%2F%2Fwww.l2l.it%2Fautunnoateatro%3Ffbclid%3DIwAR0iI83ebsGES7W4K9SAPwCQW-fqu9KMwCS5Lz6EsyyKvnDbhOWV5Jdf3B0&amp;h=AT2aTlZ5nSKGWTex1BMLABT-pKvzEQsrkZ-5EmRB-KjoOdjKHNRZ585rYbS0-_deqgVzlzvUoro0klZ5gMpqAZLtksZEVeDXToxX_dN98TavFZTcEBjuzFZM5i2qmb2jWw&amp;__tn__=-UK-y-R&amp;c[0]=AT0cT2cdPLUl3L5Rg9L17zR3qHtMOdjMXZWidIcaQ_lQGtAx3ENHl-T1EELNZSUOUXItElRf-qO8HiinJN4XgP9zB8W-5lkFhVqTCpiYPcCeS7u3H1RRMaSJO5HQaMr5_zMFD_noGASCZ7vpev9eh3vrJvaoFQh9q-VJx-LEeuwU-GG1xbVbD3oPwVKvF9mioB-dlUcHsNTpO5Wc4W_mIiZmbL_QR8Y20TznAg\" target=\"_blank\" rel=\"nofollow noopener\">http:\/\/www.l2l.it\/autunnoateatro<\/a> Per info: info@icomelianti.it, 3471451453. Con Annamaria (Michelangela Battistella ), Oreste (<a class=\"x1i10hfl xjbqb8w x6umtig x1b1mbwd xaqea5y xav7gou x9f619 x1ypdohk xt0psk2 xe8uvvx xdj266r x11i5rnm xat24cr x1mh8g0r xexx8yu x4uap5 x18d9i69 xkhd6sd x16tdsg8 x1hl2dhg xggy1nq x1a2a7pz xt0b8zv x1qq9wsj xo1l8bm\" tabindex=\"0\" role=\"link\" href=\"https:\/\/www.facebook.com\/marco.demartinmodolado?__cft__[0]=AZUAYPCEbiClTp1yP7QKEHmCmVuPq0hx2gj1Y1y7h3Bk8vvZJ40w6sis0OmgE4GpUQSLpllKvwoV2B67Inf0GWDfHdr2jwrDLs0adu2YFHzldaIVv1GKv6XTRBY6H0jK3B6xPDA2_wfJZWfo6GIXrjCimUW7pR2pSPVSDBYJm3jE5nUm-PW3IMoD35nYHg0mJm78IQnuSHPdoXjfdgUKkPdy&amp;__tn__=-]K-y-R\"><span class=\"xt0psk2\">Marco De Martin Modolado<\/span><\/a> ) e Amelia (Silvia Saponaro ). Una produzione <a class=\"x1i10hfl xjbqb8w x6umtig x1b1mbwd xaqea5y xav7gou x9f619 x1ypdohk xt0psk2 xe8uvvx xdj266r x11i5rnm xat24cr x1mh8g0r xexx8yu x4uap5 x18d9i69 xkhd6sd x16tdsg8 x1hl2dhg xggy1nq x1a2a7pz xt0b8zv x1qq9wsj xo1l8bm\" tabindex=\"0\" role=\"link\" href=\"https:\/\/www.facebook.com\/SilviaSaponaroShockArti?__cft__[0]=AZUAYPCEbiClTp1yP7QKEHmCmVuPq0hx2gj1Y1y7h3Bk8vvZJ40w6sis0OmgE4GpUQSLpllKvwoV2B67Inf0GWDfHdr2jwrDLs0adu2YFHzldaIVv1GKv6XTRBY6H0jK3B6xPDA2_wfJZWfo6GIXrjCimUW7pR2pSPVSDBYJm3jE5nUm-PW3IMoD35nYHg0mJm78IQnuSHPdoXjfdgUKkPdy&amp;__tn__=-]K-y-R\"><span class=\"xt0psk2\">Silvia Saponaro<\/span><\/a> &#8211; ShockArti <a class=\"x1i10hfl xjbqb8w x6umtig x1b1mbwd xaqea5y xav7gou x9f619 x1ypdohk xt0psk2 xe8uvvx xdj266r x11i5rnm xat24cr x1mh8g0r xexx8yu x4uap5 x18d9i69 xkhd6sd x16tdsg8 x1hl2dhg xggy1nq x1a2a7pz xt0b8zv x1fey0fg\" tabindex=\"0\" role=\"link\" href=\"https:\/\/l.facebook.com\/l.php?u=https%3A%2F%2Fwww.silviasaponaro.it%2F%3Ffbclid%3DIwAR0I4PA9iij3TBFT8a811E0WkXq86s-L5szdou0cIaR1lxowdVJfCmVTHkM&amp;h=AT0BlMnYsHx0PYBL_ZNfrDgZC0pysnZt5tsr7-DRiUR3SZG365eYQj6EA3wtQSlMvpQ8TljBnNv4ta8S1WuBaJx0KvXchKS2Kcb2S8zchoiRUwbUiOrpVMzB6vyRAPsTKw&amp;__tn__=-UK-y-R&amp;c[0]=AT0cT2cdPLUl3L5Rg9L17zR3qHtMOdjMXZWidIcaQ_lQGtAx3ENHl-T1EELNZSUOUXItElRf-qO8HiinJN4XgP9zB8W-5lkFhVqTCpiYPcCeS7u3H1RRMaSJO5HQaMr5_zMFD_noGASCZ7vpev9eh3vrJvaoFQh9q-VJx-LEeuwU-GG1xbVbD3oPwVKvF9mioB-dlUcHsNTpO5Wc4W_mIiZmbL_QR8Y20TznAg\" target=\"_blank\" rel=\"nofollow noopener\">https:\/\/www.silviasaponaro.it\/<\/a><\/div>\n<\/div>\n<div dir=\"auto\"><\/div>\n<div dir=\"auto\"><\/div>\n<div dir=\"auto\"><img loading=\"lazy\" decoding=\"async\" class=\"aligncenter\" src=\"https:\/\/www.radiopiu.net\/wordpress\/wp-content\/uploads\/2022\/11\/314737847_582441327215303_7406926901587663432_n.jpg\" width=\"303\" height=\"203\" \/><\/div>\n<div dir=\"auto\"><\/div>\n<div dir=\"auto\"><\/div>\n<div dir=\"auto\"><strong>ALLA RADIO&#8230;. audio<\/strong><\/div>\n<div dir=\"auto\">\n<audio class=\"wp-audio-shortcode\" id=\"audio-306026-2\" preload=\"none\" style=\"width: 100%;\" controls=\"controls\"><source type=\"audio\/mpeg\" src=\"https:\/\/www.radiopiu.net\/wordpress\/wp-content\/uploads\/2022\/11\/marco-de-martin.mp3?_=2\" \/><a href=\"https:\/\/www.radiopiu.net\/wordpress\/wp-content\/uploads\/2022\/11\/marco-de-martin.mp3\">https:\/\/www.radiopiu.net\/wordpress\/wp-content\/uploads\/2022\/11\/marco-de-martin.mp3<\/a><\/audio>\n<\/div>\n<blockquote><p>&nbsp;<\/p><\/blockquote>\n<p dir=\"auto\"><strong>Guarda il trailer :<span style=\"color: #0000ff;\"> <a class=\"x1i10hfl xjbqb8w x6umtig x1b1mbwd xaqea5y xav7gou x9f619 x1ypdohk xt0psk2 xe8uvvx xdj266r x11i5rnm xat24cr x1mh8g0r xexx8yu x4uap5 x18d9i69 xkhd6sd x16tdsg8 x1hl2dhg xggy1nq x1a2a7pz xt0b8zv x1fey0fg\" style=\"color: #0000ff;\" tabindex=\"0\" role=\"link\" href=\"https:\/\/l.facebook.com\/l.php?u=https%3A%2F%2Fvimeo.com%2F697893074%3Ffbclid%3DIwAR0R4LYxV0k4iTQCwctCkAAaYY78_1NVgRlzZCQRRrf6VJ_g3fGxdX9knUw&amp;h=AT2lpaAhyr4gtwU60W_ERPOEJanMNTWI4rPao7fTFdhtk7daI3jfNoGcx_YJDc6X5w_msZv3AsyeE90PaodV1UZrtEfkw3nTuMzrPyvb7Qm7DzBcODvkl_rZp06aM_DHoQ&amp;__tn__=-UK-y-R&amp;c[0]=AT0cT2cdPLUl3L5Rg9L17zR3qHtMOdjMXZWidIcaQ_lQGtAx3ENHl-T1EELNZSUOUXItElRf-qO8HiinJN4XgP9zB8W-5lkFhVqTCpiYPcCeS7u3H1RRMaSJO5HQaMr5_zMFD_noGASCZ7vpev9eh3vrJvaoFQh9q-VJx-LEeuwU-GG1xbVbD3oPwVKvF9mioB-dlUcHsNTpO5Wc4W_mIiZmbL_QR8Y20TznAg\" target=\"_blank\" rel=\"nofollow noopener\">https:\/\/vimeo.com\/697893074<\/a><\/span><\/strong><\/p>\n<p>&nbsp;<\/p>\n<hr \/>\n<p>&nbsp;<\/p>\n<p>&nbsp;<\/p>\n<p>&nbsp;<\/p>\n<h2><strong><span style=\"color: #339966;\">PUNTATA DEL 11 NOVEMBRE 2022<\/span><\/strong><\/h2>\n<p><a class=\"dt-pswp-item\" href=\"https:\/\/www.radiopiu.net\/wordpress\/wp-content\/uploads\/2022\/09\/a925788b-d498-4229-a19b-99db06a1db0c.jpg\" data-dt-img-description=\"\" data-large_image_width=\"1600\" data-large_image_height=\"1196\"><img loading=\"lazy\" decoding=\"async\" class=\"wp-image-305875 alignleft\" src=\"https:\/\/www.radiopiu.net\/wordpress\/wp-content\/uploads\/2022\/09\/a925788b-d498-4229-a19b-99db06a1db0c-300x224.jpg\" alt=\"\" width=\"185\" height=\"138\" srcset=\"https:\/\/www.radiopiu.net\/wordpress\/wp-content\/uploads\/2022\/09\/a925788b-d498-4229-a19b-99db06a1db0c-300x224.jpg 300w, https:\/\/www.radiopiu.net\/wordpress\/wp-content\/uploads\/2022\/09\/a925788b-d498-4229-a19b-99db06a1db0c-1024x765.jpg 1024w, https:\/\/www.radiopiu.net\/wordpress\/wp-content\/uploads\/2022\/09\/a925788b-d498-4229-a19b-99db06a1db0c-768x574.jpg 768w, https:\/\/www.radiopiu.net\/wordpress\/wp-content\/uploads\/2022\/09\/a925788b-d498-4229-a19b-99db06a1db0c-1536x1148.jpg 1536w, https:\/\/www.radiopiu.net\/wordpress\/wp-content\/uploads\/2022\/09\/a925788b-d498-4229-a19b-99db06a1db0c.jpg 1600w\" sizes=\"auto, (max-width: 185px) 100vw, 185px\" \/><\/a>Ospiti Sisto Da Roit, Laura De Riz, Chiara D&#8217;Incau, l&#8217;esperienza del volontariato all&#8217;estero, o dall&#8217;estero a Belluno.<\/p>\n<p>&nbsp;<\/p>\n<p>di Mirko Mezzacasa<\/p>\n<audio class=\"wp-audio-shortcode\" id=\"audio-306026-3\" preload=\"none\" style=\"width: 100%;\" controls=\"controls\"><source type=\"audio\/mpeg\" src=\"https:\/\/www.radiopiu.net\/wordpress\/wp-content\/uploads\/2022\/09\/UNA-FINESTRA-SUL-VOLONTARIATO-NOVEMBRE.mp3?_=3\" \/><a href=\"https:\/\/www.radiopiu.net\/wordpress\/wp-content\/uploads\/2022\/09\/UNA-FINESTRA-SUL-VOLONTARIATO-NOVEMBRE.mp3\">https:\/\/www.radiopiu.net\/wordpress\/wp-content\/uploads\/2022\/09\/UNA-FINESTRA-SUL-VOLONTARIATO-NOVEMBRE.mp3<\/a><\/audio>\n<p>&nbsp;<\/p>\n<p>&nbsp;<\/p>\n<hr \/>\n<p>&nbsp;<\/p>\n<div dir=\"auto\"><\/div>\n<div dir=\"auto\">\n<blockquote>\n<h3>ALLA RADIO, EPCENTER CON FRANCESCO ZILLIO<\/h3>\n<\/blockquote>\n<p>&nbsp;<\/p>\n<p><iframe loading=\"lazy\" title=\"EPCENTER... LA STORIA\" width=\"1200\" height=\"675\" src=\"https:\/\/www.youtube.com\/embed\/xV_R-0oSNeA?start=229&#038;feature=oembed\" frameborder=\"0\" allow=\"accelerometer; autoplay; clipboard-write; encrypted-media; gyroscope; picture-in-picture\" allowfullscreen><\/iframe><\/p>\n<p>&nbsp;<\/p>\n<p>LA RACCOLTA COMPLETA<\/p>\n<blockquote class=\"wp-embedded-content\" data-secret=\"2GRRotXAEk\"><p><a href=\"https:\/\/www.radiopiu.net\/wordpress\/tecnologie-con-francesco-zillio\/\">EPCENTER &#8211; FRANCESCO ZILLIO<\/a><\/p><\/blockquote>\n<p><iframe loading=\"lazy\" class=\"wp-embedded-content\" sandbox=\"allow-scripts\" security=\"restricted\" style=\"position: absolute; clip: rect(1px, 1px, 1px, 1px);\" title=\"&#8220;EPCENTER &#8211; FRANCESCO ZILLIO&#8221; &#8212; Radio Pi\u00f9\" src=\"https:\/\/www.radiopiu.net\/wordpress\/tecnologie-con-francesco-zillio\/embed\/#?secret=UMxotyXpMf#?secret=2GRRotXAEk\" data-secret=\"2GRRotXAEk\" width=\"600\" height=\"338\" frameborder=\"0\" marginwidth=\"0\" marginheight=\"0\" scrolling=\"no\"><\/iframe><\/p>\n<p>&nbsp;<\/p>\n<\/div>\n<p>&nbsp;<\/p>\n<p>&nbsp;<\/p>\n<p>&nbsp;<\/p>\n<hr \/>\n<p>&nbsp;<\/p>\n<h2><span style=\"color: #800080;\">IERI ALLA RADIO<\/span><\/h2>\n<h2><strong><a class=\"dt-pswp-item\" href=\"https:\/\/www.radiopiu.net\/wordpress\/wp-content\/uploads\/2020\/12\/DON-GIORGIO-LISE.jpg\" data-dt-img-description=\"\" data-large_image_width=\"1600\" data-large_image_height=\"901\"><img loading=\"lazy\" decoding=\"async\" class=\"wp-image-177420 alignleft\" src=\"https:\/\/www.radiopiu.net\/wordpress\/wp-content\/uploads\/2020\/12\/DON-GIORGIO-LISE-300x169.jpg\" alt=\"\" width=\"185\" height=\"104\" srcset=\"https:\/\/www.radiopiu.net\/wordpress\/wp-content\/uploads\/2020\/12\/DON-GIORGIO-LISE-300x169.jpg 300w, https:\/\/www.radiopiu.net\/wordpress\/wp-content\/uploads\/2020\/12\/DON-GIORGIO-LISE-1024x577.jpg 1024w, https:\/\/www.radiopiu.net\/wordpress\/wp-content\/uploads\/2020\/12\/DON-GIORGIO-LISE-768x432.jpg 768w, https:\/\/www.radiopiu.net\/wordpress\/wp-content\/uploads\/2020\/12\/DON-GIORGIO-LISE-1536x865.jpg 1536w, https:\/\/www.radiopiu.net\/wordpress\/wp-content\/uploads\/2020\/12\/DON-GIORGIO-LISE.jpg 1600w\" sizes=\"auto, (max-width: 185px) 100vw, 185px\" \/><\/a><\/strong><span style=\"color: #ff6600;\">DUE MINUTI PER TE<\/span><\/h2>\n<p><strong>APPUNTAMENTO DELLA DOMENICA CON MONSIGNOR GIORGIO LISE<\/strong><\/p>\n<audio class=\"wp-audio-shortcode\" id=\"audio-306026-4\" preload=\"none\" style=\"width: 100%;\" controls=\"controls\"><source type=\"audio\/mpeg\" src=\"https:\/\/www.radiopiu.net\/wordpress\/wp-content\/uploads\/2022\/11\/DON-GIORGIO-1.mp3?_=4\" \/><a href=\"https:\/\/www.radiopiu.net\/wordpress\/wp-content\/uploads\/2022\/11\/DON-GIORGIO-1.mp3\">https:\/\/www.radiopiu.net\/wordpress\/wp-content\/uploads\/2022\/11\/DON-GIORGIO-1.mp3<\/a><\/audio>\n<p>&nbsp;<\/p>\n<hr \/>\n<p>&nbsp;<\/p>\n<h2><strong><a class=\"dt-pswp-item\" href=\"https:\/\/www.radiopiu.net\/wordpress\/wp-content\/uploads\/2019\/09\/aa80e605-0a95-41ca-9474-93d87e48ffe1.jpg\" data-dt-img-description=\"\" data-large_image_width=\"1600\" data-large_image_height=\"1200\"><img loading=\"lazy\" decoding=\"async\" class=\" wp-image-99657 alignleft\" src=\"https:\/\/www.radiopiu.net\/wordpress\/wp-content\/uploads\/2019\/09\/aa80e605-0a95-41ca-9474-93d87e48ffe1-300x225.jpg\" alt=\"\" width=\"201\" height=\"151\" srcset=\"https:\/\/www.radiopiu.net\/wordpress\/wp-content\/uploads\/2019\/09\/aa80e605-0a95-41ca-9474-93d87e48ffe1-300x225.jpg 300w, https:\/\/www.radiopiu.net\/wordpress\/wp-content\/uploads\/2019\/09\/aa80e605-0a95-41ca-9474-93d87e48ffe1-768x576.jpg 768w, https:\/\/www.radiopiu.net\/wordpress\/wp-content\/uploads\/2019\/09\/aa80e605-0a95-41ca-9474-93d87e48ffe1-1024x768.jpg 1024w, https:\/\/www.radiopiu.net\/wordpress\/wp-content\/uploads\/2019\/09\/aa80e605-0a95-41ca-9474-93d87e48ffe1.jpg 1600w\" sizes=\"auto, (max-width: 201px) 100vw, 201px\" \/><\/a><\/strong><span style=\"color: #808000;\">LA RASSEGNA STAMPA DA L&#8217;AMICO DEL POPOLO<\/span><\/h2>\n<p><strong>APPUNTAMENTO SETTIMANALE A CURA DI GIANNI SANTOMASO<\/strong><\/p>\n<p>OSPITE: Sonia D&#8217;Agostini, presidente Pettirosso Agordino<\/p>\n<audio class=\"wp-audio-shortcode\" id=\"audio-306026-5\" preload=\"none\" style=\"width: 100%;\" controls=\"controls\"><source type=\"audio\/mpeg\" src=\"https:\/\/www.radiopiu.net\/wordpress\/wp-content\/uploads\/2022\/11\/RASSEGNA-GIANNI-2.mp3?_=5\" \/><a href=\"https:\/\/www.radiopiu.net\/wordpress\/wp-content\/uploads\/2022\/11\/RASSEGNA-GIANNI-2.mp3\">https:\/\/www.radiopiu.net\/wordpress\/wp-content\/uploads\/2022\/11\/RASSEGNA-GIANNI-2.mp3<\/a><\/audio>\n<p>&nbsp;<\/p>\n<hr \/>\n<p>&nbsp;<\/p>\n<div>\n<div class=\"b654a4as d2edcug0\">\n<div class=\"rq0escxv hkbzh7o3 jwdofwj8 n8tt0mok r8blr3vg hyh9befq\">\n<p><a class=\"dt-pswp-item\" href=\"https:\/\/www.radiopiu.net\/wordpress\/wp-content\/uploads\/2020\/10\/pp.jpg\" data-dt-img-description=\"\" data-large_image_width=\"640\" data-large_image_height=\"640\"><img loading=\"lazy\" decoding=\"async\" class=\"wp-image-163678 alignleft\" src=\"https:\/\/www.radiopiu.net\/wordpress\/wp-content\/uploads\/2020\/10\/pp-300x300.jpg\" alt=\"\" width=\"106\" height=\"106\" srcset=\"https:\/\/www.radiopiu.net\/wordpress\/wp-content\/uploads\/2020\/10\/pp-300x300.jpg 300w, https:\/\/www.radiopiu.net\/wordpress\/wp-content\/uploads\/2020\/10\/pp-150x150.jpg 150w, https:\/\/www.radiopiu.net\/wordpress\/wp-content\/uploads\/2020\/10\/pp-125x125.jpg 125w, https:\/\/www.radiopiu.net\/wordpress\/wp-content\/uploads\/2020\/10\/pp-200x200.jpg 200w, https:\/\/www.radiopiu.net\/wordpress\/wp-content\/uploads\/2020\/10\/pp-80x80.jpg 80w, https:\/\/www.radiopiu.net\/wordpress\/wp-content\/uploads\/2020\/10\/pp-480x480.jpg 480w, https:\/\/www.radiopiu.net\/wordpress\/wp-content\/uploads\/2020\/10\/pp.jpg 640w\" sizes=\"auto, (max-width: 106px) 100vw, 106px\" \/><\/a><\/p>\n<\/div>\n<\/div>\n<\/div>\n<div>\n<div class=\"page-title-head hgroup\">\n<div class=\"page-title-head hgroup\">\n<div class=\"b654a4as d2edcug0\">\n<div class=\"j83agx80 btwxx1t3 lhclo0ds hop8lmos nkwizq5d scwd0bx6 roh60bw9\">\n<div class=\"rq0escxv hkbzh7o3 jwdofwj8 n8tt0mok r8blr3vg hyh9befq\">\n<div class=\"do00u71z l9j0dhe7 k4urcfbm\">\n<h2><span style=\"color: #000080;\">DON CESARE, IL PENSIERO DEL GIORNO. ALLA RADIO ALLE 7 DEL MATTINO E ALLE 19.30 DELLA SERA<\/span><\/h2>\n<audio class=\"wp-audio-shortcode\" id=\"audio-306026-6\" preload=\"none\" style=\"width: 100%;\" controls=\"controls\"><source type=\"audio\/mpeg\" src=\"https:\/\/www.radiopiu.net\/wordpress\/wp-content\/uploads\/2022\/11\/cesare-2.mp3?_=6\" \/><a href=\"https:\/\/www.radiopiu.net\/wordpress\/wp-content\/uploads\/2022\/11\/cesare-2.mp3\">https:\/\/www.radiopiu.net\/wordpress\/wp-content\/uploads\/2022\/11\/cesare-2.mp3<\/a><\/audio>\n<\/div>\n<\/div>\n<\/div>\n<\/div>\n<\/div>\n<\/div>\n<\/div>\n<p>&nbsp;<\/p>\n<hr \/>\n<p>&nbsp;<\/p>\n<h2><span style=\"color: #339966;\">COLLAGE OPERAZIONE NOSTALGIA<\/span><\/h2>\n<p><strong><a class=\"dt-pswp-item\" href=\"https:\/\/www.radiopiu.net\/wordpress\/wp-content\/uploads\/2022\/11\/Animals.jpg\" data-dt-img-description=\"\" data-large_image_width=\"600\" data-large_image_height=\"600\"><img loading=\"lazy\" decoding=\"async\" class=\"wp-image-306155 alignleft\" src=\"https:\/\/www.radiopiu.net\/wordpress\/wp-content\/uploads\/2022\/11\/Animals-300x300.jpg\" alt=\"\" width=\"115\" height=\"115\" srcset=\"https:\/\/www.radiopiu.net\/wordpress\/wp-content\/uploads\/2022\/11\/Animals-300x300.jpg 300w, https:\/\/www.radiopiu.net\/wordpress\/wp-content\/uploads\/2022\/11\/Animals-150x150.jpg 150w, https:\/\/www.radiopiu.net\/wordpress\/wp-content\/uploads\/2022\/11\/Animals.jpg 600w\" sizes=\"auto, (max-width: 115px) 100vw, 115px\" \/><\/a>di Loris Scussel<\/strong><\/p>\n<p>I complessi italiani degli anni 60 apriranno la settimana di Collage operazione nostalgia, marted\u00ec sar\u00e0 la volta dei gruppi stranieri dello stesso periodo, mercoled\u00ec puntata Juke Box, gioved\u00ec canzoni dalle hit parade degli anni 60 e venerd\u00ec da quelle degli anni 70. Ascolteremo brani come Bang bang, A salty dog, Il re dei pagliacci, Il mondo, In the summertime e cos\u00ec via. Collage va in onda dal luned\u00ec al venerd\u00ec alle 16,00 e alle 23,00 naturalmente su Radio Pi\u00f9.<\/p>\n<p>&nbsp;<\/p>\n<hr \/>\n<div dir=\"auto\"><\/div>\n<div dir=\"auto\"><\/div>\n<div dir=\"auto\">\n<blockquote>\n<h2>QUANDO ENZO TORTORA E RADIOSQUADRA ARRIVARONO IN AGORDINO, A SAN TOMASO<\/h2>\n<\/blockquote>\n<p><strong><a class=\"dt-pswp-item\" href=\"https:\/\/www.radiopiu.net\/wordpress\/wp-content\/uploads\/2022\/11\/Enzo-Tortora-a-San-Tomaso-intervista-Bepo-Talachini-Radiosquadra-1952.jpeg\" data-dt-img-description=\"\" data-large_image_width=\"1337\" data-large_image_height=\"807\"><img loading=\"lazy\" decoding=\"async\" class=\" wp-image-305587 alignleft\" src=\"https:\/\/www.radiopiu.net\/wordpress\/wp-content\/uploads\/2022\/11\/Enzo-Tortora-a-San-Tomaso-intervista-Bepo-Talachini-Radiosquadra-1952-300x181.jpeg\" alt=\"\" width=\"187\" height=\"113\" srcset=\"https:\/\/www.radiopiu.net\/wordpress\/wp-content\/uploads\/2022\/11\/Enzo-Tortora-a-San-Tomaso-intervista-Bepo-Talachini-Radiosquadra-1952-300x181.jpeg 300w, https:\/\/www.radiopiu.net\/wordpress\/wp-content\/uploads\/2022\/11\/Enzo-Tortora-a-San-Tomaso-intervista-Bepo-Talachini-Radiosquadra-1952-1024x618.jpeg 1024w, https:\/\/www.radiopiu.net\/wordpress\/wp-content\/uploads\/2022\/11\/Enzo-Tortora-a-San-Tomaso-intervista-Bepo-Talachini-Radiosquadra-1952-768x464.jpeg 768w, https:\/\/www.radiopiu.net\/wordpress\/wp-content\/uploads\/2022\/11\/Enzo-Tortora-a-San-Tomaso-intervista-Bepo-Talachini-Radiosquadra-1952.jpeg 1337w\" sizes=\"auto, (max-width: 187px) 100vw, 187px\" \/><\/a>di Luisa Manfroi<\/strong><\/p>\n<p>Era l&#8217;estate del 1952 e Tortora gir\u00f2 altri comuni dell&#8217;Agordino. Si ha notizia certa del suo arrivo, insieme alla troupe della Rai chiamata Radiosquadra, ad Agordo, Canale d&#8217;Agordo, Cencenighe, Vallada e, probabilmente, anche in altre localit\u00e0 agordine di cui tuttavia non si \u00e8 a conoscenza. Radiosquadra giunse anche in Cadore, a Belluno, a Zoldo. Lo scopo era quello di intervistare persone del posto, le pi\u00f9 semplici e comuni, per sentirsi raccontare e ascoltare aneddoti, curiosit\u00e0, poesie, canti dalla viva voce delle persone proponendoli, poi, alla radio. Un&#8217;autentica novit\u00e0 per l&#8217;epoca! Per l&#8217;occasione venivano fatte delle registrazioni in diretta. La foto che allego \u00e8 veramente importante e credo rara e documenta un&#8217;intervista fatta da Tortora a San Tomaso. Qualche anno fa ho scritto una lunga ricerca relativa a Radiosquadra in Agordino (pubblicata sul mio libro &#8220;Bella terra del mio Agordino&#8221;) e ho scoperto solo quest&#8217;estate, dopo un incontro di carattere storico che ho tenuto a San Tomaso su invito della Pro loco, dell&#8217;esistenza di questa foto di propriet\u00e0 dell&#8217;ingegner Marco Rossi.<\/p>\n<p><span style=\"color: #ff0000;\"><strong>LO SPECIALE ALLA RADIO<\/strong><\/span><\/p>\n<audio class=\"wp-audio-shortcode\" id=\"audio-306026-7\" preload=\"none\" style=\"width: 100%;\" controls=\"controls\"><source type=\"audio\/mpeg\" src=\"https:\/\/www.radiopiu.net\/wordpress\/wp-content\/uploads\/2022\/11\/Quando-Radiosquadra-e-Enzo-Tortora-arrivarono-a-San-Tomaso-1952.mp3?_=7\" \/><a href=\"https:\/\/www.radiopiu.net\/wordpress\/wp-content\/uploads\/2022\/11\/Quando-Radiosquadra-e-Enzo-Tortora-arrivarono-a-San-Tomaso-1952.mp3\">https:\/\/www.radiopiu.net\/wordpress\/wp-content\/uploads\/2022\/11\/Quando-Radiosquadra-e-Enzo-Tortora-arrivarono-a-San-Tomaso-1952.mp3<\/a><\/audio>\n<\/div>\n<div dir=\"auto\"><\/div>\n<p>&nbsp;<\/p>\n<hr \/>\n<p>&nbsp;<\/p>\n<p><img loading=\"lazy\" decoding=\"async\" class=\"aligncenter wp-image-61954 size-full\" src=\"https:\/\/www.radiopiu.net\/wordpress\/wp-content\/uploads\/2018\/09\/viabilita.jpeg\" sizes=\"auto, (max-width: 800px) 100vw, 800px\" srcset=\"https:\/\/www.radiopiu.net\/wordpress\/wp-content\/uploads\/2018\/09\/viabilita.jpeg 800w, https:\/\/www.radiopiu.net\/wordpress\/wp-content\/uploads\/2018\/09\/viabilita-300x38.jpeg 300w, https:\/\/www.radiopiu.net\/wordpress\/wp-content\/uploads\/2018\/09\/viabilita-768x96.jpeg 768w\" alt=\"\" width=\"800\" height=\"100\" \/><\/p>\n<p>&nbsp;<\/p>\n<p>&nbsp;<\/p>\n<p><strong>AGGIORNAMENTO VENETO STRADE, AGGIORNAMENTO CONTINUO H 24<\/strong><\/p>\n<blockquote class=\"wp-embedded-content\" data-secret=\"jGNxIMceiD\"><p><a href=\"https:\/\/www.radiopiu.net\/wordpress\/viabilita\/\">viabilita<\/a><\/p><\/blockquote>\n<p><iframe loading=\"lazy\" class=\"wp-embedded-content\" sandbox=\"allow-scripts\" security=\"restricted\" style=\"position: absolute; clip: rect(1px, 1px, 1px, 1px);\" title=\"&#8220;viabilita&#8221; &#8212; Radio Pi\u00f9\" src=\"https:\/\/www.radiopiu.net\/wordpress\/viabilita\/embed\/#?secret=5KIYGLwX37#?secret=jGNxIMceiD\" data-secret=\"jGNxIMceiD\" width=\"600\" height=\"338\" frameborder=\"0\" marginwidth=\"0\" marginheight=\"0\" scrolling=\"no\"><\/iframe><\/p>\n<p>&nbsp;<\/p>\n<p>&nbsp;<\/p>\n<hr \/>\n<p>&nbsp;<\/p>\n<p><a class=\"dt-pswp-item\" href=\"https:\/\/www.radiopiu.net\/wordpress\/wp-content\/uploads\/2018\/09\/WhatsApp-Image-2018-09-20-at-16.04.06.jpeg\" data-dt-img-description=\"\" data-large_image_width=\"800\" data-large_image_height=\"100\"><img loading=\"lazy\" decoding=\"async\" class=\"wp-image-61378 size-full aligncenter\" src=\"https:\/\/www.radiopiu.net\/wordpress\/wp-content\/uploads\/2018\/09\/WhatsApp-Image-2018-09-20-at-16.04.06.jpeg\" alt=\"\" width=\"800\" height=\"100\" srcset=\"https:\/\/www.radiopiu.net\/wordpress\/wp-content\/uploads\/2018\/09\/WhatsApp-Image-2018-09-20-at-16.04.06.jpeg 800w, https:\/\/www.radiopiu.net\/wordpress\/wp-content\/uploads\/2018\/09\/WhatsApp-Image-2018-09-20-at-16.04.06-300x38.jpeg 300w, https:\/\/www.radiopiu.net\/wordpress\/wp-content\/uploads\/2018\/09\/WhatsApp-Image-2018-09-20-at-16.04.06-768x96.jpeg 768w\" sizes=\"auto, (max-width: 800px) 100vw, 800px\" \/><\/a><\/p>\n<p>&nbsp;<\/p>\n<p><center><b>Lunedi 14<\/b><\/center><b>Tempo atteso: <\/b>Tra notte e mattino nuvoloso o molto nuvoloso con deboli fenomeni sparsi, dalle ore centrali e nel pomeriggio irregolari schiarite via via pi\u00f9 ampie. Valori termici che si portano nella media del periodo.<br \/>\n<b>Precipitazioni: <\/b>Nella notte e fino al primo mattino deboli sparse (60-80%), con qualche rovescio possibile su Prealpi. Limite neve sui 1400\/1700 m, temporaneamente anche un p\u00f2 pi\u00f9 basso in caso di rovesci; nel pomeriggio generalmente assenti (0-20 %). Accumuli irregolari, generalmente deboli su Dolomiti (2-10 mm), fino a moderati su alcuni settori Prealpini specie orientali dove potranno cadere localmente oltre 20 mm. Altrettanti cm di neve oltre i 1800\/2000 m.<br \/>\n<b>Temperature: <\/b>Temperature in generale ulteriore calo.<\/p>\n<hr \/>\n<p><center><b>Martedi 15<\/b><\/center><b>Tempo atteso: <\/b>Al mattino qualche irregolare e breve schiarita possibile con cielo per lo pi\u00f9 nuvoloso, dalle ore centrali e nel pomeriggio ulteriore aumento della nuvolosit\u00e0 a partire da ovest fino a molto nuvoloso o coperto.<br \/>\n<b>Precipitazioni: <\/b>In giornata generalmente assenti o poco probabile qualche debolissima precipitazione sparsa, verso sera aumento della probabilit\u00e0 su Prealpi occidentali per deboli piogge. Eventuale limite neve a 2000\/2200 m<br \/>\n<b>Temperature: <\/b>Temperature senza notevoli variazioni o in lieve aumento in quota.<\/p>\n<hr \/>\n<p><center><b>Mercoledi 16<\/b><\/center>Da nuvoloso o molto nuvoloso con deboli precipitazioni diffuse al mattino, in attenuazione ed esaurimento dalle ore centrali assieme a qualche schiarita a partire da prealpi occidentali. Limite neve attorno a 2000 m. Temperature in generale lieve aumento in quota.<\/p>\n<hr \/>\n<p><center><b>Giovedi 17<\/b><\/center>Al mattino poco o parzialmente nuvoloso, nel pomeriggio aumento della nuvolosit\u00e0 da ovest fino a nuvoloso o molto nuvoloso ovunque entro sera quando non sono escluse (poco probabili) delle deboli precipitazioni a partire da prealpi occidentali in estensione alle Dolomiti con eventuale limite neve in calo a 1500\/1700 m.<\/p>\n<p>&nbsp;<\/p>\n<hr \/>\n<p>&nbsp;<\/p>\n<p><a class=\"dt-pswp-item\" href=\"https:\/\/www.radiopiu.net\/wordpress\/wp-content\/uploads\/2018\/09\/sport.jpg\" data-dt-img-description=\"\" data-large_image_width=\"800\" data-large_image_height=\"100\"><img loading=\"lazy\" decoding=\"async\" class=\"aligncenter wp-image-60761 size-full\" src=\"https:\/\/www.radiopiu.net\/wordpress\/wp-content\/uploads\/2018\/09\/sport.jpg\" alt=\"\" width=\"800\" height=\"100\" srcset=\"https:\/\/www.radiopiu.net\/wordpress\/wp-content\/uploads\/2018\/09\/sport.jpg 800w, https:\/\/www.radiopiu.net\/wordpress\/wp-content\/uploads\/2018\/09\/sport-300x38.jpg 300w, https:\/\/www.radiopiu.net\/wordpress\/wp-content\/uploads\/2018\/09\/sport-768x96.jpg 768w\" sizes=\"auto, (max-width: 800px) 100vw, 800px\" \/><\/a><\/p>\n<p>&nbsp;<\/p>\n<p><span style=\"color: #0000ff;\"><strong>CALCIO<\/strong><\/span><\/p>\n<blockquote>\n<h3>ANCORA UNA SCONFITTA PER L&#8217;AGORDINA, SOSPIROLESE CORSARA ALL&#8217;IVANO DORIGO<\/h3>\n<\/blockquote>\n<p><strong><a class=\"dt-pswp-item\" href=\"https:\/\/www.radiopiu.net\/wordpress\/wp-content\/uploads\/2022\/11\/CALCIO-2022.jpg\" data-dt-img-description=\"\" data-large_image_width=\"1920\" data-large_image_height=\"1280\"><img loading=\"lazy\" decoding=\"async\" class=\" wp-image-305390 alignleft\" src=\"https:\/\/www.radiopiu.net\/wordpress\/wp-content\/uploads\/2022\/11\/CALCIO-2022-300x200.jpg\" alt=\"\" width=\"200\" height=\"133\" srcset=\"https:\/\/www.radiopiu.net\/wordpress\/wp-content\/uploads\/2022\/11\/CALCIO-2022-300x200.jpg 300w, https:\/\/www.radiopiu.net\/wordpress\/wp-content\/uploads\/2022\/11\/CALCIO-2022-1024x683.jpg 1024w, https:\/\/www.radiopiu.net\/wordpress\/wp-content\/uploads\/2022\/11\/CALCIO-2022-768x512.jpg 768w, https:\/\/www.radiopiu.net\/wordpress\/wp-content\/uploads\/2022\/11\/CALCIO-2022-1536x1024.jpg 1536w, https:\/\/www.radiopiu.net\/wordpress\/wp-content\/uploads\/2022\/11\/CALCIO-2022.jpg 1920w\" sizes=\"auto, (max-width: 200px) 100vw, 200px\" \/><\/a>SECONDA CATEGORIA GIR. T \/ AGORDINA \u2013 SOSPIROLESE 2-4 (GOL AGORDINA: Paganin, Leonetti) <\/strong><\/p>\n<p>Il derby bellunese di Seconda Categoria va alla Sospirolese. Quattro gol subiti in contropiede per la formazione di Lorenzi che rimane in fondo alla classifica in zona playout. Poca precisione in attacco e tante disattenzioni difensive sono il punto dolente dell\u2019Agordina che la prossima settimana \u00e8 chiamata ad una trasferta importante contro la Fulgor Farra. Pronti, via e dopo pochi minuti la Sospirolese passa in vantaggio. Basta un minuto per la squadra ospite, palla al centro e colpo vincente di Bachis. Prova a riversarsi in avanti la squadra di Agordo ma senza trovare la porta. La formazione di Sospirolo prova a colpire in contropiede e gli agordini si difendono bene. Zannoni serve Paganin in verticale ma l\u2019attacante agordino si fa incantare dal portiere avversario. Match nervoso con tante interruzioni dell\u2019arbitro per tenere a bada i giocatori. Agordina che cerca il gol del pareggio e ci riesce pochi minuti prima della fine del primo tempo. \u00c8 Paganin che insacca a tu per tu con l\u2019estremo difensore avversario. Nella ripresa la Sospirolese sembra essere pi\u00f9 convinta e si avvicina al gol in pi\u00f9 occasioni. Il gol \u00e8 nell\u2019aria e, grazie ad un errore in fase difensiva, la squadra ospite torna in vantaggio dopo un contropiede. Gli uomini di Lorenzi ci provano da calcio piazzato ma il pallone non entra. Sospirolese che incrementa il vantaggio e Agordina che risponde con Leonetti. Ospiti che calano il poker nei minuti finali del match.<\/p>\n<p>&nbsp;<\/p>\n<p><strong>GIOVANISSIMI PROVINCIALI \/ AGORDINA \u2013 PIAVE 5-0<\/strong><\/p>\n<p>Una partita perfetta per la squadra di De Bastiani che sotterra di gol il Piave nella sfida dell\u2019Ivano Dorigo di Agordo. Sono 5 le marcature messe a segno dall\u2019Agordina in una partita che ha visto la squadra di Agordo dominare dall\u2019inizio alla fine. Tripletta di Soccol e un gol a testa per Serafini e Di Domenico. Una vittroia che da morale agli agordini e che lancia i ragazzi di De Bastiani al terzo posto in classifica del campionato provinciale.<\/p>\n<p>&nbsp;<\/p>\n<p><strong>ALLIEVI REGIONALI \/ ALPAGO \u2013 AGORDINA 4-0<\/strong><\/p>\n<p>Ancora una sconfitta per la squadra regionale degli Allievi allenata da Orzetti. Nel derby con l\u2019Alpago l\u2019Agordina non riesce a tenere il passo degli avversari e perde 4 a 0. Alpagotti che calano il poker lasciando ben pochi spazi agli agordini in una sfida che ha visto una sola squadra in campo. Con un solo punto in classifica gli Allievi dell\u2019Agordina rimangono in fondo alla classifica del campionato regionale.<\/p>\n<p>&nbsp;<\/p>\n<p><strong>JUNIORES PROVINCIALI \/ PLAVIS \u2013 AGORDINA 1-4<\/strong><\/p>\n<p>I ragazzi di De Zaiacomo calano il poker a Santa Giustina. Una bella reazione dell\u2019Agordina che rialza la testa dopo le due sconfitte delle scorse settimane. La squadra di Agordo porta a casa il bottino pieno grazie alle reti di Alchini, Masarei, Benvegn\u00f9 e Soccol. Alla Plavis rimane solo un gol. Agordini a quota 15 in classifica a soli 4 punti dal Limana in testa al girone.<\/p>\n<p>&nbsp;<\/p>\n<p><strong>JUNIORES REGIONALI \/ ALPAGO \u2013 FIORIBARP 2-0<\/strong><\/p>\n<p>Continua il periodo nero della squadra giovanile del Fiori Barp che nel derby con l\u2019Alpago non riesce ad incamerare punti. Sono bastate due reti agli alpagotti per mettere in tasca i tre punti in palio. Un periodo nero per la squadra di Mas che non riesce a rialzare la testa da parecchie settimane e in questo momento occupa l\u2019ultima posizione in classifica del campionato regionale Juniores.<\/p>\n<p>&nbsp;<\/p>\n<p>&nbsp;<\/p>\n<hr \/>\n<p>&nbsp;<\/p>\n<p><span style=\"color: #0000ff;\"><strong>HOCKEY SU GHIACCIO<\/strong><\/span><\/p>\n<blockquote>\n<h3 class=\"entry-title\">L\u2019ALLEGHE PERDE A CALDARO E RESTA IN FONDO ALLA CLASSIFICA DELLA IHL<\/h3>\n<\/blockquote>\n<p><strong class=\"photoswipe-wrapper\"><a class=\"dt-pswp-item pspw-wrap-ready\" href=\"https:\/\/www.radiopiu.net\/wordpress\/wp-content\/uploads\/2019\/08\/logo-alleghe-hockey.png\" data-dt-img-description=\"\" data-large_image_width=\"547\" data-large_image_height=\"512\"><img loading=\"lazy\" decoding=\"async\" class=\" wp-image-95699 alignleft\" src=\"https:\/\/www.radiopiu.net\/wordpress\/wp-content\/uploads\/2019\/08\/logo-alleghe-hockey-300x281.png\" sizes=\"auto, (max-width: 136px) 100vw, 136px\" srcset=\"https:\/\/www.radiopiu.net\/wordpress\/wp-content\/uploads\/2019\/08\/logo-alleghe-hockey-300x281.png 300w, https:\/\/www.radiopiu.net\/wordpress\/wp-content\/uploads\/2019\/08\/logo-alleghe-hockey.png 547w\" alt=\"\" width=\"136\" height=\"127\" \/><\/a>CALDARO \u2013 ALLEGHE 5-0<\/strong><br \/>\nPARZIALI: 2-0, 2-0, 1-0<br \/>\nGOL: pt. 8\u201902\u201d Virtala, 9\u201917\u201d Graf. st. 2\u201923\u201d Oberhuber, 2\u201943\u201d Virtala. tt. 18\u201923\u201d De Don\u00e0<\/p>\n<p>Il Caldaro incamera tre punti in casa. Ennesima sconfitta delle civette che rimangono in fondo alla classifica a zero punti. Che fosse una partita proibitiva per l\u2019Alleghe lo si sapeva gi\u00e0 alla vigilia ma la compagine di Fontana non ha giocato male. I gol altoatesini sono arrivati da delle disatenzioni in fase difensiva ma i padroni di casa non hanno giocato al cento per cento. Sabato prossimo gli agordini tornano a Feltre per affrontare il Pergine. Prime battute della sfida con le squadre che sembrano non voler sbloccare subito il risultato. Le civette si fanno avanti al primo powerplay a favore ma le conclusioni degli agordini non sono precise. Il Caldaro passa in vantaggio alla prima azione di contropiede con Virtala. Totale sbandamento della squadra alleghese che concede troppi agli altoatesini i quali trovano il raddoppio con Graf. Il Caldaro sembra essere pi\u00f9 performante ma i biancorossi riescono a difendersi bene andando al riposo sul 2 a 0. Nel secondo tempo le civette partono bene ma al primo tiro in porta dei lucci arriva il terzo gol. Agordini in panico e Caldaro che cala il poker subito dopo. Fontana opta per sostituire il golie ma la partita continua con i padroni di casa che gestiscono la gara. Terzo drittel con l\u2019Alleghe che prova ad evitare altri gol trovando anche delle buone conclusioni ma Morandel sembra essere insuperabile. Il Caldaro sembra accontentarsi del risultato. Finale di gara complicato per gli agordini che si trovano con l\u2019uomo in meno per un fallo di Da Col. Lucci che siglano la quinta marcatura a un minuto dal temine.<\/p>\n<p>&nbsp;<\/p>\n<hr \/>\n<p><a class=\"dt-pswp-item\" href=\"https:\/\/www.radiopiu.net\/wordpress\/wp-content\/uploads\/2022\/11\/d8a5b655-5d45-b6fe-c796-8dfa2aa441c6-scaled.jpg\" data-dt-img-description=\"\" data-large_image_width=\"2560\" data-large_image_height=\"1703\"><img loading=\"lazy\" decoding=\"async\" class=\"size-medium wp-image-306263 alignleft\" src=\"https:\/\/www.radiopiu.net\/wordpress\/wp-content\/uploads\/2022\/11\/d8a5b655-5d45-b6fe-c796-8dfa2aa441c6-300x200.jpg\" alt=\"\" width=\"300\" height=\"200\" srcset=\"https:\/\/www.radiopiu.net\/wordpress\/wp-content\/uploads\/2022\/11\/d8a5b655-5d45-b6fe-c796-8dfa2aa441c6-300x200.jpg 300w, https:\/\/www.radiopiu.net\/wordpress\/wp-content\/uploads\/2022\/11\/d8a5b655-5d45-b6fe-c796-8dfa2aa441c6-1024x681.jpg 1024w, https:\/\/www.radiopiu.net\/wordpress\/wp-content\/uploads\/2022\/11\/d8a5b655-5d45-b6fe-c796-8dfa2aa441c6-768x511.jpg 768w, https:\/\/www.radiopiu.net\/wordpress\/wp-content\/uploads\/2022\/11\/d8a5b655-5d45-b6fe-c796-8dfa2aa441c6-1536x1022.jpg 1536w, https:\/\/www.radiopiu.net\/wordpress\/wp-content\/uploads\/2022\/11\/d8a5b655-5d45-b6fe-c796-8dfa2aa441c6-2048x1363.jpg 2048w\" sizes=\"auto, (max-width: 300px) 100vw, 300px\" \/><\/a><\/p>\n<blockquote>\n<h3>HOCKEY<br \/>\nNazionale Senior, l&#8217;Italia vince il S\u00e1rk\u00f6zy Tam\u00e1s Memorial Tournament di Budapest<\/h3>\n<\/blockquote>\n<p>L&#8217;Italia vince il S\u00e1rk\u00f6zy Tam\u00e1s Memorial Tournament di Budapest. Successo degli Azzurri, che battono per 4 a 3 dopo i tiri di rigore la Francia, grazie al penalty shot vincente di Enrico Miglioranzi. Una sfida all&#8217;ultimo respiro, che ha visto trionfare il Blue Team, protagonista di un torneo sempre in crescita. La Nazionale torna cos\u00ec a vincere un Euro Ice Hockey Challenge, obiettivo che mancava dal 2006.<\/p>\n<p>&nbsp;<\/p>\n<p>&nbsp;<\/p>\n<hr \/>\n<p>&nbsp;<\/p>\n<p><span style=\"color: #0000ff;\"><strong>CALCIO A 5<\/strong><\/span><\/p>\n<blockquote>\n<h3>LA CANOTTIERI BELLUNO TORNA A VINCERE E RIFILA UNA MANITA AL GIORGIONE<\/h3>\n<\/blockquote>\n<p><strong><a class=\"dt-pswp-item\" href=\"https:\/\/www.radiopiu.net\/wordpress\/wp-content\/uploads\/2022\/11\/d1b61690-2ed3-4fd9-8e7c-e3ab8010c084.jpg\" data-dt-img-description=\"\" data-large_image_width=\"1024\" data-large_image_height=\"749\"><img loading=\"lazy\" decoding=\"async\" class=\" wp-image-306148 alignleft\" src=\"https:\/\/www.radiopiu.net\/wordpress\/wp-content\/uploads\/2022\/11\/d1b61690-2ed3-4fd9-8e7c-e3ab8010c084-300x219.jpg\" alt=\"\" width=\"172\" height=\"126\" srcset=\"https:\/\/www.radiopiu.net\/wordpress\/wp-content\/uploads\/2022\/11\/d1b61690-2ed3-4fd9-8e7c-e3ab8010c084-300x219.jpg 300w, https:\/\/www.radiopiu.net\/wordpress\/wp-content\/uploads\/2022\/11\/d1b61690-2ed3-4fd9-8e7c-e3ab8010c084-768x562.jpg 768w, https:\/\/www.radiopiu.net\/wordpress\/wp-content\/uploads\/2022\/11\/d1b61690-2ed3-4fd9-8e7c-e3ab8010c084.jpg 1024w\" sizes=\"auto, (max-width: 172px) 100vw, 172px\" \/><\/a>SERIE B GIRONE B<\/strong><\/p>\n<p><strong>GIORGIONE &#8211; CANOTTIERI BELLUNO 1-5<\/strong><\/p>\n<p>Canottieri batte Giorgione 5 a 1, ma fino all&#8217;ultimo quarto della ripresa il match rimane l\u00ec. Doppiette bellunesi di Dall&#8217;\u00d2 e Gheno, gol di Storti. Sabato prossimo, Spes, Luparense.<\/p>\n<p><strong>IL SERIVIZIO DI ANTONIO FIABANE<\/strong><\/p>\n<audio class=\"wp-audio-shortcode\" id=\"audio-306026-8\" preload=\"none\" style=\"width: 100%;\" controls=\"controls\"><source type=\"audio\/mpeg\" src=\"https:\/\/www.radiopiu.net\/wordpress\/wp-content\/uploads\/2022\/11\/CANOTTIERI-SITO-1.mp3?_=8\" \/><a href=\"https:\/\/www.radiopiu.net\/wordpress\/wp-content\/uploads\/2022\/11\/CANOTTIERI-SITO-1.mp3\">https:\/\/www.radiopiu.net\/wordpress\/wp-content\/uploads\/2022\/11\/CANOTTIERI-SITO-1.mp3<\/a><\/audio>\n<p>&nbsp;<\/p>\n<hr \/>\n<p>&nbsp;<\/p>\n<p><span style=\"color: #0000ff;\"><strong>PALLAVOLO<\/strong><\/span><\/p>\n<blockquote>\n<h3>IL FINE SETTIMANA DEL VOLLEY CLUB AGORDINO CHE STRAPPA IL PASS PER LE SEMIFINALI DI COPPA<\/h3>\n<\/blockquote>\n<p><strong><a class=\"dt-pswp-item\" href=\"https:\/\/www.radiopiu.net\/wordpress\/wp-content\/uploads\/2022\/04\/VOLLEY-CLUB-AGORDINO.jpg\" data-dt-img-description=\"\" data-large_image_width=\"500\" data-large_image_height=\"512\"><img loading=\"lazy\" decoding=\"async\" class=\" wp-image-268787 alignleft\" src=\"https:\/\/www.radiopiu.net\/wordpress\/wp-content\/uploads\/2022\/04\/VOLLEY-CLUB-AGORDINO-293x300.jpg\" alt=\"\" width=\"159\" height=\"163\" srcset=\"https:\/\/www.radiopiu.net\/wordpress\/wp-content\/uploads\/2022\/04\/VOLLEY-CLUB-AGORDINO-293x300.jpg 293w, https:\/\/www.radiopiu.net\/wordpress\/wp-content\/uploads\/2022\/04\/VOLLEY-CLUB-AGORDINO.jpg 500w\" sizes=\"auto, (max-width: 159px) 100vw, 159px\" \/><\/a>PRIMA DIVISIONE<\/strong><\/p>\n<p><strong>VOLLEY CLUB AGORDINO &#8211; CASTION 3-0 (25-21, 25-18, 25-11)<\/strong><\/p>\n<p>Seconda vittoria su altrettante partite giocate per il Volley Club Agordino di Prima Divisione che nella serata di sabato ha chiuso in tre set la pratica Castion. La formazione di Agordo vince e convince, una bella prestazione delle agordine che dominano in lungo e in largo il campo. Primo set giocato alla pari con le ragazze di De Nardin che la spuntano per 4 punti. Nel secondo e terzo parziale le agordine ingranano la marcia giusta e chiudono la sfida con ampio margine. Punteggio pieno dopo due partite di campionato per il Volley Club Agordino.<\/p>\n<p><strong>UNDER 16<\/strong><\/p>\n<p><strong>LIMANA &#8211; VOLLEY CLUB AGORDINO 3-1 (25-5, 21-25, 25-19, 25-15)<\/strong><\/p>\n<p>Arriva una sconfitta dalla trasferta a Limana della squadra giovanile del Volley Club Agordino. Dopo un primo set da dimenticare, le agordine pareggiano i conti nel secondo parziale. Il Limana mette al sicuro il risultato nel terzo e quarto set. Agordine che con i sui 8 punti in classifica restano al quarto posto in graduatoria<\/p>\n<p><strong>COPPA PRIMA DIVISIONE &#8211; QUARTI DI FINALE<\/strong><\/p>\n<p><strong>VOLLEY CLUB AGORDINO &#8211; CP SYSTEM 3-1 (25-18, 25-17, 24-26, 25-17)<\/strong><\/p>\n<p>Ci sono voluti quattro set ma il Volley Club Agordino vince i quarti di finale della Coppa di Prima Divisione e accede alla fase successiva. Una grande prova delle ragazze di De Nardin che strappano il pass per le semifinali dopo un match che le ha viste essere in partita dall&#8217;inizio alla fine. Primo parziale di firma agordina con le aquile che rifilano 7 punti alla CP System. Le ragazze di Agordo vincono il secondo set ma nel terzo periodo stentano a chiudere la sfida tanto che si gioca punto a punto fino al 24-26 per le ospiti che riaprono la partita. Nel quarto set il Volley Club Agordino mette in campo la grinta giusta chiudendo definitivamente la sfida conquistando la semifinale del torneo.<\/p>\n<p>&nbsp;<\/p>\n<blockquote>\n<h3>LE LUPE PARTONO BENE MA NON RIESCONO A FARE PUNTI<\/h3>\n<\/blockquote>\n<p><b><a class=\"dt-pswp-item\" href=\"https:\/\/www.radiopiu.net\/wordpress\/wp-content\/uploads\/2022\/11\/Sossano_passa_al_De_Mas-scaled.jpg\" data-dt-img-description=\"\" data-large_image_width=\"2560\" data-large_image_height=\"1357\"><img loading=\"lazy\" decoding=\"async\" class=\" wp-image-306140 alignleft\" src=\"https:\/\/www.radiopiu.net\/wordpress\/wp-content\/uploads\/2022\/11\/Sossano_passa_al_De_Mas-300x159.jpg\" alt=\"\" width=\"211\" height=\"112\" srcset=\"https:\/\/www.radiopiu.net\/wordpress\/wp-content\/uploads\/2022\/11\/Sossano_passa_al_De_Mas-300x159.jpg 300w, https:\/\/www.radiopiu.net\/wordpress\/wp-content\/uploads\/2022\/11\/Sossano_passa_al_De_Mas-1024x543.jpg 1024w, https:\/\/www.radiopiu.net\/wordpress\/wp-content\/uploads\/2022\/11\/Sossano_passa_al_De_Mas-768x407.jpg 768w, https:\/\/www.radiopiu.net\/wordpress\/wp-content\/uploads\/2022\/11\/Sossano_passa_al_De_Mas-1536x814.jpg 1536w, https:\/\/www.radiopiu.net\/wordpress\/wp-content\/uploads\/2022\/11\/Sossano_passa_al_De_Mas-2048x1085.jpg 2048w\" sizes=\"auto, (max-width: 211px) 100vw, 211px\" \/><\/a>HL IMMOBILIARE BELLUNO-POJANA SOSSANO 1-3 (<\/b><strong>25-14, 22-25, 27-29, 20-25)<\/strong><\/p>\n<p>\u00c8 un film gi\u00e0 visto. La trama \u00e8 avvincente, l\u2019inizio piacevole, lo sviluppo stuzzicante. Ma anche questa volta, per la HL Immobiliare Volley, manca il lieto fine. Nel momento in cui scorrono i titoli di coda, non c\u2019\u00e8 spazio per i sorrisi: solo per i rimpianti. Le bellunesi, infatti, non riescono a sbloccarsi di fronte al pubblico amico del De Mas. E rimediano la terza sconfitta consecutiva, nonostante una partenza da applausi (come testimoniano le 11 lunghezze di margini con cui va in archivio il set d\u2019avvio) e una prova di altissimo profilo di Elena Zago: la centrale firma 17 punti (top scorer di serata) e soprattutto 6 muri.<span class=\"gmail-Apple-converted-space\">\u00a0<\/span>\u00abNon riusciamo a sfruttare le occasioni &#8211; \u00e8 l\u2019analisi di coach Paolo Viel &#8211; e questo, alla lunga, si paga. Abbiamo smarrito progressivamente la grinta e la voglia di combattere. Troppi, inoltre, gli errori commessi. Quando ti trovi ad affrontare squadre del tuo stesso livello, \u00e8 impossibile spuntarla se commetti cos\u00ec tante sbavature. A maggior ragione dopo quota 20. La questione \u00e8 di carattere mentale, pi\u00f9 che tecnico: perch\u00e9 le ragazze sanno giocare. E lo si \u00e8 visto nel primo set. Il problema \u00e8 che non riusciamo a mantenere la continuit\u00e0. Come se ne esce? Lavorando\u00bb<\/p>\n<p>&nbsp;<\/p>\n<hr \/>\n<p>&nbsp;<\/p>\n<blockquote>\n<h3>SCONFITTA DALLE PALLAVOLO BELLUNO CON LA CAPOLISTA<\/h3>\n<\/blockquote>\n<p>&nbsp;<\/p>\n<p><strong>ABBA PINETO-BELLUNO 3-0 <\/strong>PARZIALI: 25-22, 25-22, 25-17.\u00a0 BELLUNO: Maccabruni 3, Novello 12, Saibene 4, Graziani 8, Mozzato 5, Paganin 3; Martinez (L), Ostuzzi. N.e. Guolla, Stufano, Galliani, Pierobon (L). Allenatore: G. Colussi. ARBITRI: Stefano Chiriatti di Lecce e Michele Brunelli di Falconara. NOTE. Durata set 29\u2019, 32\u2019, 28\u2019; totale 1h29\u2019. Pineto: battute sbagliate 19, vincenti 6, muri 4. Belluno: b.s. 14, v. 2, m. 4.<\/p>\n<p><a class=\"dt-pswp-item\" href=\"https:\/\/www.radiopiu.net\/wordpress\/wp-content\/uploads\/2022\/11\/Graziani_in_tuffo.jpg\" data-dt-img-description=\"\" data-large_image_width=\"930\" data-large_image_height=\"620\"><img loading=\"lazy\" decoding=\"async\" class=\"size-medium wp-image-306262 alignleft\" src=\"https:\/\/www.radiopiu.net\/wordpress\/wp-content\/uploads\/2022\/11\/Graziani_in_tuffo-300x200.jpg\" alt=\"\" width=\"300\" height=\"200\" srcset=\"https:\/\/www.radiopiu.net\/wordpress\/wp-content\/uploads\/2022\/11\/Graziani_in_tuffo-300x200.jpg 300w, https:\/\/www.radiopiu.net\/wordpress\/wp-content\/uploads\/2022\/11\/Graziani_in_tuffo-768x512.jpg 768w, https:\/\/www.radiopiu.net\/wordpress\/wp-content\/uploads\/2022\/11\/Graziani_in_tuffo.jpg 930w\" sizes=\"auto, (max-width: 300px) 100vw, 300px\" \/><\/a>A testa alta contro la capolista &#8211; in solitaria &#8211; del girone bianco di Serie A3 Credem Banca. I bellnesi non\u00a0 non riescono a fermare l\u2019inarrestabile corsa di un\u2019Abba Pineto che, tra le mura amiche, vanta un bilancio di 12 set all\u2019attivo e zero al passivo. Non la ferma, ma almeno la rallenta. Perch\u00e9, per ampie porzioni di partita, i bellunesi giocano alla pari, ribattono colpo su colpo, sfoderano grinta, personalit\u00e0 e una lucidit\u00e0 nel leggere i vari momenti dell\u2019incontro che lascia ben sperare in chiave futura. Nessun dubbio: rispetto allo 0-3 di Bologna con la Geetit, la sconfitta maturata in Abruzzo sar\u00e0 pure uguale nella forma, ma ben diversa nella sostanza. In pi\u00f9, rispetto a una settimana fa, la classifica non cambia: i ragazzi di coach Colussi, infatti, rimangono in quarta posizione, a braccetto con San Giustino.<\/p>\n<blockquote><p><em>\u00a0\u00abIl 3-0 \u00e8 giusto, per\u00f2 che peccato &#8211; \u00e8 l\u2019analisi di coach Gian Luca Colussi -. S\u00ec, peccato perch\u00e9 per due set eravamo l\u00ec, vicini a portare un avversario cos\u00ec quotato ai vantaggi. Ci \u00e8 mancato davvero poco. L\u2019inesperienza ci ha fatto un po\u2019 perdere il focus della gara, specialmente in un secondo parziale in cui eravamo avanti\u00bb. Pineto, per\u00f2, ha un\u2019arsenale quasi illimitato: \u00abIn battuta ci hanno fatto male. Poi, nel finale, la nostra squadra si \u00e8 un attimino disgregata. Su questo aspetto dovremo essere molto pi\u00f9 bravi. E rimanere uniti anche nei momenti di difficolt\u00e0 o quando una cosa non viene al meglio. Ne parleremo e continueremo a lavorare\u00bb. Soprattutto in vista di domenica prossima, quando alla Spes Arena arriver\u00e0 il Monge-Gerbaudo Savigliano.\u00a0<\/em><\/p><\/blockquote>\n<p>&nbsp;<\/p>\n<p>&nbsp;<\/p>\n<hr \/>\n<p>&nbsp;<\/p>\n<p><span style=\"color: #0000ff;\"><strong>SKELETON<\/strong><\/span><\/p>\n<blockquote>\n<h3>MATTIA GASPARI VINCE LA PRIMA PROVA DI INTERCONTINENTAL CUP DI SKELETON<\/h3>\n<\/blockquote>\n<p><strong><a class=\"dt-pswp-item\" href=\"https:\/\/www.radiopiu.net\/wordpress\/wp-content\/uploads\/2022\/11\/ece5dd57-9662-458a-b194-630909722523.jpg\" data-dt-img-description=\"\" data-large_image_width=\"480\" data-large_image_height=\"600\"><img loading=\"lazy\" decoding=\"async\" class=\" wp-image-306100 alignleft\" src=\"https:\/\/www.radiopiu.net\/wordpress\/wp-content\/uploads\/2022\/11\/ece5dd57-9662-458a-b194-630909722523-240x300.jpg\" alt=\"\" width=\"133\" height=\"166\" srcset=\"https:\/\/www.radiopiu.net\/wordpress\/wp-content\/uploads\/2022\/11\/ece5dd57-9662-458a-b194-630909722523-240x300.jpg 240w, https:\/\/www.radiopiu.net\/wordpress\/wp-content\/uploads\/2022\/11\/ece5dd57-9662-458a-b194-630909722523.jpg 480w\" sizes=\"auto, (max-width: 133px) 100vw, 133px\" \/><\/a>LILLEHAMMER<\/strong><\/p>\n<p>di Roberto Bona<\/p>\n<audio class=\"wp-audio-shortcode\" id=\"audio-306026-9\" preload=\"none\" style=\"width: 100%;\" controls=\"controls\"><source type=\"audio\/mpeg\" src=\"https:\/\/www.radiopiu.net\/wordpress\/wp-content\/uploads\/2022\/11\/BONA-SKELETON.mp3?_=9\" \/><a href=\"https:\/\/www.radiopiu.net\/wordpress\/wp-content\/uploads\/2022\/11\/BONA-SKELETON.mp3\">https:\/\/www.radiopiu.net\/wordpress\/wp-content\/uploads\/2022\/11\/BONA-SKELETON.mp3<\/a><\/audio>\n<p>&nbsp;<\/p>\n<hr \/>\n<p>&nbsp;<\/p>\n","protected":false},"excerpt":{"rendered":"<p>RADIO PIU INFORMAZIONE il canale su TELEGRAM informazione di prima\u00a0 mano e in tempo reale. iscriviti ed aiutaci a farlo conoscere\u00a0 \u00a0\u00a0 &nbsp; &nbsp; DAL 15 NOVEMBRE PNEUMATICI INVERNALI O CATENE A BORDO SEDICO Veneto Strade ricorda che a partire dal 15 novembre 2022 e fino al 15 aprile 2023 vige l&#8217;obbligo di circolare sulla&hellip;<\/p>\n","protected":false},"author":4,"featured_media":306270,"comment_status":"closed","ping_status":"closed","sticky":false,"template":"","format":"standard","meta":{"_monsterinsights_skip_tracking":false,"_monsterinsights_sitenote_active":false,"_monsterinsights_sitenote_note":"","_monsterinsights_sitenote_category":0,"footnotes":""},"categories":[51,86,49],"tags":[],"class_list":["post-306026","post","type-post","status-publish","format-standard","has-post-thumbnail","hentry","category-evidenza-top","category-gr","category-news-18","category-51","category-86","category-49","description-off"],"img_url":"https:\/\/www.radiopiu.net\/wordpress\/wp-content\/uploads\/2022\/11\/Senza-nome-51.jpg","_links":{"self":[{"href":"https:\/\/www.radiopiu.net\/wordpress\/wp-json\/wp\/v2\/posts\/306026","targetHints":{"allow":["GET"]}}],"collection":[{"href":"https:\/\/www.radiopiu.net\/wordpress\/wp-json\/wp\/v2\/posts"}],"about":[{"href":"https:\/\/www.radiopiu.net\/wordpress\/wp-json\/wp\/v2\/types\/post"}],"author":[{"embeddable":true,"href":"https:\/\/www.radiopiu.net\/wordpress\/wp-json\/wp\/v2\/users\/4"}],"replies":[{"embeddable":true,"href":"https:\/\/www.radiopiu.net\/wordpress\/wp-json\/wp\/v2\/comments?post=306026"}],"version-history":[{"count":0,"href":"https:\/\/www.radiopiu.net\/wordpress\/wp-json\/wp\/v2\/posts\/306026\/revisions"}],"wp:featuredmedia":[{"embeddable":true,"href":"https:\/\/www.radiopiu.net\/wordpress\/wp-json\/wp\/v2\/media\/306270"}],"wp:attachment":[{"href":"https:\/\/www.radiopiu.net\/wordpress\/wp-json\/wp\/v2\/media?parent=306026"}],"wp:term":[{"taxonomy":"category","embeddable":true,"href":"https:\/\/www.radiopiu.net\/wordpress\/wp-json\/wp\/v2\/categories?post=306026"},{"taxonomy":"post_tag","embeddable":true,"href":"https:\/\/www.radiopiu.net\/wordpress\/wp-json\/wp\/v2\/tags?post=306026"}],"curies":[{"name":"wp","href":"https:\/\/api.w.org\/{rel}","templated":true}]}}