{"id":306040,"date":"2022-11-12T11:30:42","date_gmt":"2022-11-12T10:30:42","guid":{"rendered":"https:\/\/www.radiopiu.net\/wordpress\/?p=306040"},"modified":"2022-11-12T11:30:42","modified_gmt":"2022-11-12T10:30:42","slug":"ricordate-a-belluno-le-19-vittime-dellattentato-del-2003-a-nassiriya","status":"publish","type":"post","link":"https:\/\/www.radiopiu.net\/wordpress\/ricordate-a-belluno-le-19-vittime-dellattentato-del-2003-a-nassiriya\/","title":{"rendered":"RICORDATE A BELLUNO LE 19 VITTIME DELL&#8217;ATTENTATO DEL 2003 A NASSIRIYA"},"content":{"rendered":"<p><strong>BELLUNO <\/strong>Erano le 10.40 del mattino, le 08.40 in Italia, quel lontano giorno del 12 novembre 2003, quando a Nassiriya, in Iraq, un vile attentato contro la base italiana \u201cMaestrale\u201d, sede del Reggimento MSU (<em>Multinational Specialized Unit<\/em>) ferm\u00f2 l\u2019intero Paese, scosso dalla notizia di 19 vite cadute in quel difficile Teatro di Operazioni. Un camion cisterna, carico di esplosivo, fu lanciato a grande velocit\u00e0 contro la base italiana, e tra i caduti, ci furono 12 Carabinieri. Altri 15 Carabinieri rimasero feriti, unitamente a 4 militari e un civile. Questa mattina, presso il monumento che in via Dante Alighieri di Belluno ricorda quei Caduti, si sono ritrovati i Carabinieri di Belluno, insieme ai membri dell\u2019Associazione Nazionale Carabinieri e all\u2019Assessore alla Cultura e alla Sicurezza, Avvocato Raffaele Addamiano, in rappresentanza del Sindaco di Belluno. Una cerimonia semplice e raccolta, con la deposizione di una corona da parte dell\u2019Associazione Nazionale Carabinieri e le note del silenzio per rendere omaggio a chi ha perso la sua vita nell\u2019adempimento del dovere. \u201c<em>Ricordare i nostri fratelli caduti in un Paese lontano, mentre tentavano di riportare la pace e la stabilit\u00e0, \u00e8 un nostro dovere morale<\/em>\u201d ha detto il Comandante Provinciale dei Carabinieri, Colonnello Enrico Pigozzo \u201c<em>e ricordando loro ricordiamo anche che ancora oggi molti nostri militari rendono orgoglioso il nostro Paese prestando servizio in aree del mondo lontane dalle loro case, dai loro affetti, per aiutare popoli che soffrono la mancanza della sicurezza, un diritto che noi consideriamo quasi scontato, ma che per molti \u00e8 ancora vissuto come una speranza<\/em>\u201d. Sono effettivamente molti i Paesi in cui operano i nostri Carabinieri in missioni sotto l\u2019egida della NATO, dell\u2019Unione Europea o dell\u2019ONU, promuovendo un modello tutto italiano di stabilit\u00e0, che \u00e8 riconosciuto all\u2019estero con l\u2019espressione \u201c<em>stability policing<\/em>\u201d. Ma sono anche molte le attivit\u00e0 di cooperazione bilaterale che impegnano l\u2019Italia e l\u2019Arma sul fronte avanzato della sicurezza. Dal Mali al Niger, dal Kosovo all\u2019Iraq, i Carabinieri svolgono infatti compiti non solo di Polizia Militare in favore dei contingenti delle Forze Armate italiane, ma sono sempre pi\u00f9 spesso impegnati nell\u2019addestramento, nel <em>mentoring<\/em> o <em>advising<\/em> in favore delle forze di polizia di molti Stati, sia per le attivit\u00e0 di mantenimento dell\u2019ordine e della sicurezza pubblica, di tutela della salute e dell\u2019ambiente o per la creazione di capacit\u00e0 specialistiche, sia per la formazione sul rispetto dei diritti umani o della parit\u00e0 di genere. Si tratta di un impegno che si affianca al rischioso compito di tutela della sicurezza di tutte le Sedi Diplomatiche nel mondo, ove i militari dell\u2019Arma sono presenti anche con assetti specializzati della 2^ Brigata Mobile. Insomma, compiti di polizia esecutiva, polizia di rafforzamento, <em>military diplomacy<\/em> che molti magari non conoscono ma che &#8211; ha detto Pigozzo &#8211; \u201c<em>rappresentano una parte importante di quello strumento di prevenzione avanzata che consente ai nostri concittadini un\u2019ampia cornice di sicurezza<\/em>\u201d. \u201c<em>Il complesso scenario internazionale, l\u2019instabilit\u00e0 diffusa in molte aree del globo, richiedono un elevato livello di professionalit\u00e0<\/em>\u201d ha aggiunto il Comandante Provinciale \u201c<em>La proiezione della stabilit\u00e0 si collega alla capacit\u00e0 di esportare all\u2019estero un modello tutto italiano di fare polizia, quello dei Carabinieri, una formula che esercita forte interesse internazionale, in virt\u00f9 della capacit\u00e0 di coniugare tradizione e modernit\u00e0 in maniera assolutamente aderente alle esigenze dei Paesi ove operiamo, puntando su capisaldi quali la valorizzazione della natura di forza di polizia a statuto militare dell\u2019Arma, la capacit\u00e0 di operare anche in scenari complessi garantendo flessibilit\u00e0 di impiego e il costante rispetto dei diritti umani fondamentali, l\u2019attitudine a essere impiegati nei diversi settori del tessuto sociale ed in tutte le fasi della gestione delle crisi, per il perseguimento di obiettivi di stabilizzazione di medio-lungo termine. Ma prima di tutto l\u2019essere \u201cpolizia di prossimit\u00e0\u201d, ovvero operare perpetuando, anche fuori dai confini nazionali, quello spirito di servizio e vicinanza alle popolazioni che da sempre caratterizzano l\u2019operato dei Carabinieri<\/em>\u201d.<\/p>\n\n\t\t\t<style type='text\/css'>\n\t\t\t\t#gallery-1 {\n\t\t\t\t\tmargin: auto;\n\t\t\t\t}\n\t\t\t\t#gallery-1 .gallery-item {\n\t\t\t\t\tfloat: left;\n\t\t\t\t\tmargin-top: 10px;\n\t\t\t\t\ttext-align: center;\n\t\t\t\t\twidth: 25%;\n\t\t\t\t}\n\t\t\t\t#gallery-1 img {\n\t\t\t\t\tborder: 2px solid #cfcfcf;\n\t\t\t\t}\n\t\t\t\t#gallery-1 .gallery-caption {\n\t\t\t\t\tmargin-left: 0;\n\t\t\t\t}\n\t\t\t\t\/* see gallery_shortcode() in wp-includes\/media.php *\/\n\t\t\t<\/style>\n\t\t<div id='gallery-1' class='dt-gallery-container gallery galleryid-306040 gallery-columns-4 gallery-size-medium'><dl class='gallery-item'>\n\t\t\t\t<dt class='gallery-icon landscape'>\n\t\t\t\t\t<a class=\"rollover rollover-zoom dt-pswp-item\" title=\"carabinieri estero 4\" data-dt-img-description=\"\" data-large_image_width=\"676\" data-large_image_height=\"449\"href='https:\/\/www.radiopiu.net\/wordpress\/wp-content\/uploads\/2022\/11\/carabinieri-estero-4.jpg'><img loading=\"lazy\" decoding=\"async\" width=\"300\" height=\"199\" src=\"https:\/\/www.radiopiu.net\/wordpress\/wp-content\/uploads\/2022\/11\/carabinieri-estero-4-300x199.jpg\" class=\"attachment-medium size-medium\" alt=\"\" srcset=\"https:\/\/www.radiopiu.net\/wordpress\/wp-content\/uploads\/2022\/11\/carabinieri-estero-4-300x199.jpg 300w, https:\/\/www.radiopiu.net\/wordpress\/wp-content\/uploads\/2022\/11\/carabinieri-estero-4.jpg 676w\" sizes=\"auto, (max-width: 300px) 100vw, 300px\" \/><\/a>\n\t\t\t\t<\/dt><\/dl><dl class='gallery-item'>\n\t\t\t\t<dt class='gallery-icon landscape'>\n\t\t\t\t\t<a class=\"rollover rollover-zoom dt-pswp-item\" title=\"carabinieri estero 1\" data-dt-img-description=\"\" data-large_image_width=\"980\" data-large_image_height=\"653\"href='https:\/\/www.radiopiu.net\/wordpress\/wp-content\/uploads\/2022\/11\/carabinieri-estero-1.jpg'><img loading=\"lazy\" decoding=\"async\" width=\"300\" height=\"200\" src=\"https:\/\/www.radiopiu.net\/wordpress\/wp-content\/uploads\/2022\/11\/carabinieri-estero-1-300x200.jpg\" class=\"attachment-medium size-medium\" alt=\"\" srcset=\"https:\/\/www.radiopiu.net\/wordpress\/wp-content\/uploads\/2022\/11\/carabinieri-estero-1-300x200.jpg 300w, https:\/\/www.radiopiu.net\/wordpress\/wp-content\/uploads\/2022\/11\/carabinieri-estero-1-768x512.jpg 768w, https:\/\/www.radiopiu.net\/wordpress\/wp-content\/uploads\/2022\/11\/carabinieri-estero-1.jpg 980w\" sizes=\"auto, (max-width: 300px) 100vw, 300px\" \/><\/a>\n\t\t\t\t<\/dt><\/dl><dl class='gallery-item'>\n\t\t\t\t<dt class='gallery-icon landscape'>\n\t\t\t\t\t<a class=\"rollover rollover-zoom dt-pswp-item\" title=\"carabinieri estero 2\" data-dt-img-description=\"\" data-large_image_width=\"637\" data-large_image_height=\"425\"href='https:\/\/www.radiopiu.net\/wordpress\/wp-content\/uploads\/2022\/11\/carabinieri-estero-2.jpg'><img loading=\"lazy\" decoding=\"async\" width=\"300\" height=\"200\" src=\"https:\/\/www.radiopiu.net\/wordpress\/wp-content\/uploads\/2022\/11\/carabinieri-estero-2-300x200.jpg\" class=\"attachment-medium size-medium\" alt=\"\" srcset=\"https:\/\/www.radiopiu.net\/wordpress\/wp-content\/uploads\/2022\/11\/carabinieri-estero-2-300x200.jpg 300w, https:\/\/www.radiopiu.net\/wordpress\/wp-content\/uploads\/2022\/11\/carabinieri-estero-2.jpg 637w\" sizes=\"auto, (max-width: 300px) 100vw, 300px\" \/><\/a>\n\t\t\t\t<\/dt><\/dl><dl class='gallery-item'>\n\t\t\t\t<dt class='gallery-icon landscape'>\n\t\t\t\t\t<a class=\"rollover rollover-zoom dt-pswp-item\" title=\"carabinieri estero 3\" data-dt-img-description=\"\" data-large_image_width=\"638\" data-large_image_height=\"425\"href='https:\/\/www.radiopiu.net\/wordpress\/wp-content\/uploads\/2022\/11\/carabinieri-estero-3.jpg'><img loading=\"lazy\" decoding=\"async\" width=\"300\" height=\"200\" src=\"https:\/\/www.radiopiu.net\/wordpress\/wp-content\/uploads\/2022\/11\/carabinieri-estero-3-300x200.jpg\" class=\"attachment-medium size-medium\" alt=\"\" srcset=\"https:\/\/www.radiopiu.net\/wordpress\/wp-content\/uploads\/2022\/11\/carabinieri-estero-3-300x200.jpg 300w, https:\/\/www.radiopiu.net\/wordpress\/wp-content\/uploads\/2022\/11\/carabinieri-estero-3.jpg 638w\" sizes=\"auto, (max-width: 300px) 100vw, 300px\" \/><\/a>\n\t\t\t\t<\/dt><\/dl><br style=\"clear: both\" \/>\n\t\t\t<\/div>\n\n<p>&nbsp;<\/p>\n<p>&nbsp;<\/p>\n<p>*****<\/p>\n","protected":false},"excerpt":{"rendered":"<p>BELLUNO Erano le 10.40 del mattino, le 08.40 in Italia, quel lontano giorno del 12 novembre 2003, quando a Nassiriya, in Iraq, un vile attentato contro la base italiana \u201cMaestrale\u201d, sede del Reggimento MSU (Multinational Specialized Unit) ferm\u00f2 l\u2019intero Paese, scosso dalla notizia di 19 vite cadute in quel difficile Teatro di Operazioni. Un camion&hellip;<\/p>\n","protected":false},"author":4,"featured_media":306041,"comment_status":"closed","ping_status":"closed","sticky":false,"template":"","format":"standard","meta":{"_monsterinsights_skip_tracking":false,"_monsterinsights_sitenote_active":false,"_monsterinsights_sitenote_note":"","_monsterinsights_sitenote_category":0,"footnotes":""},"categories":[49],"tags":[],"class_list":["post-306040","post","type-post","status-publish","format-standard","has-post-thumbnail","hentry","category-news-18","category-49","description-off"],"img_url":"https:\/\/www.radiopiu.net\/wordpress\/wp-content\/uploads\/2022\/11\/carabinieri-estero-4.jpg","_links":{"self":[{"href":"https:\/\/www.radiopiu.net\/wordpress\/wp-json\/wp\/v2\/posts\/306040","targetHints":{"allow":["GET"]}}],"collection":[{"href":"https:\/\/www.radiopiu.net\/wordpress\/wp-json\/wp\/v2\/posts"}],"about":[{"href":"https:\/\/www.radiopiu.net\/wordpress\/wp-json\/wp\/v2\/types\/post"}],"author":[{"embeddable":true,"href":"https:\/\/www.radiopiu.net\/wordpress\/wp-json\/wp\/v2\/users\/4"}],"replies":[{"embeddable":true,"href":"https:\/\/www.radiopiu.net\/wordpress\/wp-json\/wp\/v2\/comments?post=306040"}],"version-history":[{"count":0,"href":"https:\/\/www.radiopiu.net\/wordpress\/wp-json\/wp\/v2\/posts\/306040\/revisions"}],"wp:featuredmedia":[{"embeddable":true,"href":"https:\/\/www.radiopiu.net\/wordpress\/wp-json\/wp\/v2\/media\/306041"}],"wp:attachment":[{"href":"https:\/\/www.radiopiu.net\/wordpress\/wp-json\/wp\/v2\/media?parent=306040"}],"wp:term":[{"taxonomy":"category","embeddable":true,"href":"https:\/\/www.radiopiu.net\/wordpress\/wp-json\/wp\/v2\/categories?post=306040"},{"taxonomy":"post_tag","embeddable":true,"href":"https:\/\/www.radiopiu.net\/wordpress\/wp-json\/wp\/v2\/tags?post=306040"}],"curies":[{"name":"wp","href":"https:\/\/api.w.org\/{rel}","templated":true}]}}