{"id":306082,"date":"2022-11-12T14:42:18","date_gmt":"2022-11-12T13:42:18","guid":{"rendered":"https:\/\/www.radiopiu.net\/wordpress\/?p=306082"},"modified":"2022-11-12T14:42:18","modified_gmt":"2022-11-12T13:42:18","slug":"tumore-alla-prostata-cura-radioterapica-in-una-sola-settimana-a-parita-di-efficacia","status":"publish","type":"post","link":"https:\/\/www.radiopiu.net\/wordpress\/tumore-alla-prostata-cura-radioterapica-in-una-sola-settimana-a-parita-di-efficacia\/","title":{"rendered":"TUMORE ALLA PROSTATA: CURA RADIOTERAPICA IN UNA SOLA SETTIMANA A PARITA&#8217; DI EFFICACIA"},"content":{"rendered":"<p><strong><a class=\"dt-pswp-item\" href=\"https:\/\/www.radiopiu.net\/wordpress\/wp-content\/uploads\/2020\/06\/dc8d9e01-0412-48a8-91b1-c64ba92a8187.jpg\" data-dt-img-description=\"\" data-large_image_width=\"2048\" data-large_image_height=\"1024\"><img loading=\"lazy\" decoding=\"async\" class=\" wp-image-144229 alignleft\" src=\"https:\/\/www.radiopiu.net\/wordpress\/wp-content\/uploads\/2020\/06\/dc8d9e01-0412-48a8-91b1-c64ba92a8187-300x150.jpg\" alt=\"\" width=\"238\" height=\"119\" srcset=\"https:\/\/www.radiopiu.net\/wordpress\/wp-content\/uploads\/2020\/06\/dc8d9e01-0412-48a8-91b1-c64ba92a8187-300x150.jpg 300w, https:\/\/www.radiopiu.net\/wordpress\/wp-content\/uploads\/2020\/06\/dc8d9e01-0412-48a8-91b1-c64ba92a8187-1024x512.jpg 1024w, https:\/\/www.radiopiu.net\/wordpress\/wp-content\/uploads\/2020\/06\/dc8d9e01-0412-48a8-91b1-c64ba92a8187-768x384.jpg 768w, https:\/\/www.radiopiu.net\/wordpress\/wp-content\/uploads\/2020\/06\/dc8d9e01-0412-48a8-91b1-c64ba92a8187-1536x768.jpg 1536w, https:\/\/www.radiopiu.net\/wordpress\/wp-content\/uploads\/2020\/06\/dc8d9e01-0412-48a8-91b1-c64ba92a8187.jpg 2048w\" sizes=\"auto, (max-width: 238px) 100vw, 238px\" \/><\/a>BELLUNO <\/strong>Novembre \u00e8 il mese dedicato alla sensibilizzazione sulla prevenzione e cura del tumore alla prostata. Da qualche mese, in Ulss Dolomiti, c\u2019\u00e8 una importante novit\u00e0 in ambito radioterapico: sono gi\u00e0 90, di cui il 14% proveniente da fuori Veneto, i pazienti trattati in Ulss Dolomiti con la nuova tecnica che consente il trattamento del tumore alla prostata in sole 5 sedute. I progressi fatti nell\u2019ambito della cura delle malattie oncologiche, con l\u2019avvento della medicina di precisione, sia in ambito medico che radioterapico, hanno portato ad un miglioramento sia dell\u2019 aspettativa che della qualit\u00e0 della vita dei pazienti oncologici. La Radioterapia \u00e8 un approccio terapeutico di cruciale importanza nel percorso di cura del 50-60% dei pazienti oncologici. La moderna radioterapia \u00e8 un trattamento sicuro ed altamente efficace che utilizza radiazioni ionizzanti, prevalentemente raggi X ad alta energia, per distruggere le cellule tumorali in modo mirato e selettivo. Pu\u00f2 essere utilizzata da sola, o integrata ad altre tipologie di trattamento, sia di tipo chirurgico che chemio-immunoterapico. E\u2019 una specializzazione che tende per sua natura alla multidisciplinariet\u00e0, e a sua volta \u00e8 fondata su un lavoro di squadra condotto\u00a0 da\u00a0 un\u00a0 team\u00a0 interdisciplinare\u00a0 formato\u00a0 da\u00a0 Radioterapisti Oncologi,\u00a0 Fisici\u00a0 Medici, Tecnici\u00a0 di Radiologia ed Infermieri Specializzati, in cui ciascuna figura di questa corposa equipe \u00e8 importante per raggiungere livelli sempre pi\u00f9 alti nella qualit\u00e0 delle proposte terapeutiche. \u201c<em>Grazie a un investimento di circa 2 milioni di euro, il centro di Radioterapia Oncologica dell\u2019Ulss Dolomiti, di cui sono direttore, \u00e8 stato di recente dotato di un moderno acceleratore lineare e dell\u2019upgrade di quello gi\u00e0 in funzione, entrambi integrati con software ad alta tecnologia, per realizzare trattamenti radioterapici di alta precisione in grado di offrire cure radioterapiche di ultima generazione\u201d, spiega Alessandro Magli, direttore della Radioterapia del\u2019Ulss Dolomiti. \u201cAbbiamo quindi potuto implementare un percorso di radioterapia stereotassica (SBRT) o radioterapia ablativa stereotattica (SABR), una tecnica radioterapica d\u2019avanguardia che consente di somministrare con estrema accuratezza e precisione alte dosi di radiazioni a bersagli tumorali di piccole dimensioni provocandone la necrosi, cio\u00e8 la morte dal punto di vista cellulare<\/em>\u201d. La SABR non \u00e8 invasiva e mantiene un\u2019elevata efficacia, tanto da aver trovato applicazioni cliniche in diversi ambiti, da quello uro-oncologico (tumore della prostata, rene, vescica) al carcinoma mammario, fino ai tumori primitivi del polmone in stadio iniziale non candidabili a intervento chirurgico e per il trattamento delle metastasi. \u201c<em>La Radioterapia di Belluno \u00e8 all\u2019avanguardia a livello regionale e nazionale per il trattamento del tumore della prostata con l\u2019erogazione di alte dosi di radiazioni in sole 3-5 sedute, al posto delle 20-28 eseguite precedentemente\u201d, precisa Magli. \u201cQuesta tecnica rappresenta una metodica di eccellenza per la cura delle neoplasie prostatiche, e consente di trattare il tumore con altissima precisionegrazie sia al posizionamento di tre marcatoti fiduciali intraprostici chealla definizione dei volumi oncologici su imaging di risonanza magnetica. <\/em><em>Il risultato oncologico \u00e8 paragonabile a quello ottenibile con la chirurgia, ma l\u2019invasivit\u00e0 e gli eventuali effetti collaterali sono ridotti al minimo. Inoltre, la breve durata del trattamento rispetto alla radioterapia convenzionale migliora sensibilmente la qualit\u00e0 di vita del paziente, riducendo gli accessi in ospedale, aspetto fondamentale soprattutto in un territorio caratterizzato da importanti distanze come quello della provincia di Belluno. <\/em><em>Dal gennaio 2022\u00a0 sono stati trattati con tecnica stereotasica90 pazienti con tumore prostatico, selezionati per tumore localizzato, tracciabile e considerato a rischio basso o intermedio, secondo i criteri del National Comprehensive Cancer Network (NCCN). Di qusesti, il 14% proviene da altre regioni Italiane. <\/em><em>I risultati ottenuti sono molto buoni: tassi di tossicit\u00e0 a lungo termine minimi e fattibilit\u00e0 del trattamento nel 100% dei casi. <\/em><em>Con soddisfazione \u2013 conclude Magli &#8211; insieme al mio staff, abbiamo intrapreso una strada di alta specializzazione e avanguardia nella lotta al tumore della prostata, uno dei tumori pi\u00f9 diffusi nella popolazione maschile, e miriamo a ridurre e alleggerire ulteriormente il percorso terapeutico<\/em>.\u201d<\/p>\n<p>&nbsp;<\/p>\n<p>&nbsp;<\/p>\n<p>*******<\/p>\n","protected":false},"excerpt":{"rendered":"<p>BELLUNO Novembre \u00e8 il mese dedicato alla sensibilizzazione sulla prevenzione e cura del tumore alla prostata. Da qualche mese, in Ulss Dolomiti, c\u2019\u00e8 una importante novit\u00e0 in ambito radioterapico: sono gi\u00e0 90, di cui il 14% proveniente da fuori Veneto, i pazienti trattati in Ulss Dolomiti con la nuova tecnica che consente il trattamento del&hellip;<\/p>\n","protected":false},"author":4,"featured_media":144229,"comment_status":"closed","ping_status":"closed","sticky":false,"template":"","format":"standard","meta":{"_monsterinsights_skip_tracking":false,"_monsterinsights_sitenote_active":false,"_monsterinsights_sitenote_note":"","_monsterinsights_sitenote_category":0,"footnotes":""},"categories":[49],"tags":[],"class_list":["post-306082","post","type-post","status-publish","format-standard","has-post-thumbnail","hentry","category-news-18","category-49","description-off"],"img_url":"https:\/\/www.radiopiu.net\/wordpress\/wp-content\/uploads\/2020\/06\/dc8d9e01-0412-48a8-91b1-c64ba92a8187.jpg","_links":{"self":[{"href":"https:\/\/www.radiopiu.net\/wordpress\/wp-json\/wp\/v2\/posts\/306082","targetHints":{"allow":["GET"]}}],"collection":[{"href":"https:\/\/www.radiopiu.net\/wordpress\/wp-json\/wp\/v2\/posts"}],"about":[{"href":"https:\/\/www.radiopiu.net\/wordpress\/wp-json\/wp\/v2\/types\/post"}],"author":[{"embeddable":true,"href":"https:\/\/www.radiopiu.net\/wordpress\/wp-json\/wp\/v2\/users\/4"}],"replies":[{"embeddable":true,"href":"https:\/\/www.radiopiu.net\/wordpress\/wp-json\/wp\/v2\/comments?post=306082"}],"version-history":[{"count":0,"href":"https:\/\/www.radiopiu.net\/wordpress\/wp-json\/wp\/v2\/posts\/306082\/revisions"}],"wp:featuredmedia":[{"embeddable":true,"href":"https:\/\/www.radiopiu.net\/wordpress\/wp-json\/wp\/v2\/media\/144229"}],"wp:attachment":[{"href":"https:\/\/www.radiopiu.net\/wordpress\/wp-json\/wp\/v2\/media?parent=306082"}],"wp:term":[{"taxonomy":"category","embeddable":true,"href":"https:\/\/www.radiopiu.net\/wordpress\/wp-json\/wp\/v2\/categories?post=306082"},{"taxonomy":"post_tag","embeddable":true,"href":"https:\/\/www.radiopiu.net\/wordpress\/wp-json\/wp\/v2\/tags?post=306082"}],"curies":[{"name":"wp","href":"https:\/\/api.w.org\/{rel}","templated":true}]}}