{"id":306085,"date":"2022-11-12T15:18:09","date_gmt":"2022-11-12T14:18:09","guid":{"rendered":"https:\/\/www.radiopiu.net\/wordpress\/?p=306085"},"modified":"2022-11-12T15:18:09","modified_gmt":"2022-11-12T14:18:09","slug":"lo-stadio-alvise-de-toni-aprira-prossimamente-ma-una-data-certa-non-ce-parla-il-presidente-dellalleghe-hockey-adriano-levis","status":"publish","type":"post","link":"https:\/\/www.radiopiu.net\/wordpress\/lo-stadio-alvise-de-toni-aprira-prossimamente-ma-una-data-certa-non-ce-parla-il-presidente-dellalleghe-hockey-adriano-levis\/","title":{"rendered":"LO STADIO ALVISE DE TONI APRIRA&#8217; PROSSIMAMENTE, MA UNA DATA CERTA NON C&#8217;E&#8217;. PARLA IL PRESIDENTE DELL&#8217;ALLEGHE HOCKEY ADRIANO LEVIS"},"content":{"rendered":"<p><strong><a class=\"dt-pswp-item\" href=\"https:\/\/www.radiopiu.net\/wordpress\/wp-content\/uploads\/2020\/06\/Adriano-LEVIS.jpg\" data-dt-img-description=\"\" data-large_image_width=\"2560\" data-large_image_height=\"2104\"><img loading=\"lazy\" decoding=\"async\" class=\" wp-image-143358 alignleft\" src=\"https:\/\/www.radiopiu.net\/wordpress\/wp-content\/uploads\/2020\/06\/Adriano-LEVIS-300x247.jpg\" alt=\"\" width=\"204\" height=\"168\" srcset=\"https:\/\/www.radiopiu.net\/wordpress\/wp-content\/uploads\/2020\/06\/Adriano-LEVIS-300x247.jpg 300w, https:\/\/www.radiopiu.net\/wordpress\/wp-content\/uploads\/2020\/06\/Adriano-LEVIS-1024x842.jpg 1024w, https:\/\/www.radiopiu.net\/wordpress\/wp-content\/uploads\/2020\/06\/Adriano-LEVIS-768x631.jpg 768w, https:\/\/www.radiopiu.net\/wordpress\/wp-content\/uploads\/2020\/06\/Adriano-LEVIS-1536x1262.jpg 1536w, https:\/\/www.radiopiu.net\/wordpress\/wp-content\/uploads\/2020\/06\/Adriano-LEVIS-2048x1683.jpg 2048w\" sizes=\"auto, (max-width: 204px) 100vw, 204px\" \/><\/a>REDAZIONE<\/strong> Una data certa non c&#8217;\u00e8 ma lo stadio Alvise De Toni di Alleghe riaprir\u00e0 sicuramente prossimamente. A rassicurare il presidente dell&#8217;Alleghe Hockey \u00e8 stato il sindaco Danilo De Toni che nei giorni scorsi ha avuto un incontro proprio con Levis. Si spera che lo stadio riapra il pi\u00f9 presto possibile ma tutto dipende da fattori esterni alla famiglia Alleghe Hockey. \u00c8 passato pi\u00f9 di un mese da quando il palaghiaccio \u00e8 stato chiuso e le civette hanno fatto il possibile per continuare a tenere in piedi la societ\u00e0. Dalla raccolta fondi online con Eppela passando per la castagnata e la lotteria. Nel frattempo le squadre e i giovani biancorossi stanno facendo dei sacrifici per continuare a giocare a hockey con delle lunghe trasferte per allenamenti e partite.<\/p>\n<p><strong>IL PRESIDENTE DELL&#8217;ALLEGHE HOCKEY ADRIANO LEVIS<\/strong><\/p>\n<audio class=\"wp-audio-shortcode\" id=\"audio-306085-1\" preload=\"none\" style=\"width: 100%;\" controls=\"controls\"><source type=\"audio\/mpeg\" src=\"https:\/\/www.radiopiu.net\/wordpress\/wp-content\/uploads\/2022\/11\/LEVIS-SITO.mp3?_=1\" \/><a href=\"https:\/\/www.radiopiu.net\/wordpress\/wp-content\/uploads\/2022\/11\/LEVIS-SITO.mp3\">https:\/\/www.radiopiu.net\/wordpress\/wp-content\/uploads\/2022\/11\/LEVIS-SITO.mp3<\/a><\/audio>\n<p>&nbsp;<\/p>\n<p>&nbsp;<\/p>\n<p>******<\/p>\n","protected":false},"excerpt":{"rendered":"<p>REDAZIONE Una data certa non c&#8217;\u00e8 ma lo stadio Alvise De Toni di Alleghe riaprir\u00e0 sicuramente prossimamente. A rassicurare il presidente dell&#8217;Alleghe Hockey \u00e8 stato il sindaco Danilo De Toni che nei giorni scorsi ha avuto un incontro proprio con Levis. Si spera che lo stadio riapra il pi\u00f9 presto possibile ma tutto dipende da&hellip;<\/p>\n","protected":false},"author":4,"featured_media":143358,"comment_status":"closed","ping_status":"closed","sticky":false,"template":"","format":"standard","meta":{"_monsterinsights_skip_tracking":false,"_monsterinsights_sitenote_active":false,"_monsterinsights_sitenote_note":"","_monsterinsights_sitenote_category":0,"footnotes":""},"categories":[51,49],"tags":[],"class_list":["post-306085","post","type-post","status-publish","format-standard","has-post-thumbnail","hentry","category-evidenza-top","category-news-18","category-51","category-49","description-off"],"img_url":"https:\/\/www.radiopiu.net\/wordpress\/wp-content\/uploads\/2020\/06\/Adriano-LEVIS.jpg","_links":{"self":[{"href":"https:\/\/www.radiopiu.net\/wordpress\/wp-json\/wp\/v2\/posts\/306085","targetHints":{"allow":["GET"]}}],"collection":[{"href":"https:\/\/www.radiopiu.net\/wordpress\/wp-json\/wp\/v2\/posts"}],"about":[{"href":"https:\/\/www.radiopiu.net\/wordpress\/wp-json\/wp\/v2\/types\/post"}],"author":[{"embeddable":true,"href":"https:\/\/www.radiopiu.net\/wordpress\/wp-json\/wp\/v2\/users\/4"}],"replies":[{"embeddable":true,"href":"https:\/\/www.radiopiu.net\/wordpress\/wp-json\/wp\/v2\/comments?post=306085"}],"version-history":[{"count":0,"href":"https:\/\/www.radiopiu.net\/wordpress\/wp-json\/wp\/v2\/posts\/306085\/revisions"}],"wp:featuredmedia":[{"embeddable":true,"href":"https:\/\/www.radiopiu.net\/wordpress\/wp-json\/wp\/v2\/media\/143358"}],"wp:attachment":[{"href":"https:\/\/www.radiopiu.net\/wordpress\/wp-json\/wp\/v2\/media?parent=306085"}],"wp:term":[{"taxonomy":"category","embeddable":true,"href":"https:\/\/www.radiopiu.net\/wordpress\/wp-json\/wp\/v2\/categories?post=306085"},{"taxonomy":"post_tag","embeddable":true,"href":"https:\/\/www.radiopiu.net\/wordpress\/wp-json\/wp\/v2\/tags?post=306085"}],"curies":[{"name":"wp","href":"https:\/\/api.w.org\/{rel}","templated":true}]}}