{"id":306092,"date":"2022-11-12T17:06:10","date_gmt":"2022-11-12T16:06:10","guid":{"rendered":"https:\/\/www.radiopiu.net\/wordpress\/?p=306092"},"modified":"2022-11-12T17:06:10","modified_gmt":"2022-11-12T16:06:10","slug":"a-tambre-numerosi-interventi-per-linterramento-della-linea-elettrica","status":"publish","type":"post","link":"https:\/\/www.radiopiu.net\/wordpress\/a-tambre-numerosi-interventi-per-linterramento-della-linea-elettrica\/","title":{"rendered":"A TAMBRE NUMEROSI INTERVENTI PER L\u2019INTERRAMENTO DELLA LINEA ELETTRICA"},"content":{"rendered":"<p><strong><a class=\"dt-pswp-item\" href=\"https:\/\/www.radiopiu.net\/wordpress\/wp-content\/uploads\/2022\/11\/image0.jpeg\" data-dt-img-description=\"\" data-large_image_width=\"800\" data-large_image_height=\"531\"><img loading=\"lazy\" decoding=\"async\" class=\" wp-image-306093 alignleft\" src=\"https:\/\/www.radiopiu.net\/wordpress\/wp-content\/uploads\/2022\/11\/image0-300x199.jpeg\" alt=\"\" width=\"152\" height=\"101\" srcset=\"https:\/\/www.radiopiu.net\/wordpress\/wp-content\/uploads\/2022\/11\/image0-300x199.jpeg 300w, https:\/\/www.radiopiu.net\/wordpress\/wp-content\/uploads\/2022\/11\/image0-768x510.jpeg 768w, https:\/\/www.radiopiu.net\/wordpress\/wp-content\/uploads\/2022\/11\/image0.jpeg 800w\" sizes=\"auto, (max-width: 152px) 100vw, 152px\" \/><\/a>TAMBRE <\/strong>Messa a terra della linea elettrica per contrastare gli eventi atmosferici avversi: prossimamente il Comune di Tambre sar\u00e0 interessato da diversi interventi di ENEL-Distribuzione. Venerd\u00ec 18 novembre la cabina ALTAMARO, di fronte al distributore di carburante, verr\u00e0 messa fuori servizio dalle 9.00 alle 16.00 (salvo imprevisti) per effettuare il collegamento dalla linea aerea a quella interrata. Nella stessa mattinata \u00e8 prevista la presenza di un elicottero che espianter\u00e0 i pali presenti. Per questo, l\u2019Amministrazione raccomanda agli abitanti delle aree limitrofe di non esporre nei balconi e nelle finestre oggetti leggeri in grado di volare via, per non rendere pericoloso il sorvolo. Luned\u00ec 21 il medesimo intervento interesser\u00e0 Sant\u2019Anna e Col Indes. Nei giorni successivi verranno collegate ad un Gruppo elettrogeno le cabine di Tambre centro e Tambruz per completare il resto dei collegamenti. Per questo ci potranno essere dei disagi, ma temporanei, fino al 28 novembre.<\/p>\n<p>&nbsp;<\/p>\n<p>&nbsp;<\/p>\n<p>******<\/p>\n","protected":false},"excerpt":{"rendered":"<p>TAMBRE Messa a terra della linea elettrica per contrastare gli eventi atmosferici avversi: prossimamente il Comune di Tambre sar\u00e0 interessato da diversi interventi di ENEL-Distribuzione. Venerd\u00ec 18 novembre la cabina ALTAMARO, di fronte al distributore di carburante, verr\u00e0 messa fuori servizio dalle 9.00 alle 16.00 (salvo imprevisti) per effettuare il collegamento dalla linea aerea a&hellip;<\/p>\n","protected":false},"author":4,"featured_media":306093,"comment_status":"closed","ping_status":"closed","sticky":false,"template":"","format":"standard","meta":{"_monsterinsights_skip_tracking":false,"_monsterinsights_sitenote_active":false,"_monsterinsights_sitenote_note":"","_monsterinsights_sitenote_category":0,"footnotes":""},"categories":[49],"tags":[],"class_list":["post-306092","post","type-post","status-publish","format-standard","has-post-thumbnail","hentry","category-news-18","category-49","description-off"],"img_url":"https:\/\/www.radiopiu.net\/wordpress\/wp-content\/uploads\/2022\/11\/image0.jpeg","_links":{"self":[{"href":"https:\/\/www.radiopiu.net\/wordpress\/wp-json\/wp\/v2\/posts\/306092","targetHints":{"allow":["GET"]}}],"collection":[{"href":"https:\/\/www.radiopiu.net\/wordpress\/wp-json\/wp\/v2\/posts"}],"about":[{"href":"https:\/\/www.radiopiu.net\/wordpress\/wp-json\/wp\/v2\/types\/post"}],"author":[{"embeddable":true,"href":"https:\/\/www.radiopiu.net\/wordpress\/wp-json\/wp\/v2\/users\/4"}],"replies":[{"embeddable":true,"href":"https:\/\/www.radiopiu.net\/wordpress\/wp-json\/wp\/v2\/comments?post=306092"}],"version-history":[{"count":0,"href":"https:\/\/www.radiopiu.net\/wordpress\/wp-json\/wp\/v2\/posts\/306092\/revisions"}],"wp:featuredmedia":[{"embeddable":true,"href":"https:\/\/www.radiopiu.net\/wordpress\/wp-json\/wp\/v2\/media\/306093"}],"wp:attachment":[{"href":"https:\/\/www.radiopiu.net\/wordpress\/wp-json\/wp\/v2\/media?parent=306092"}],"wp:term":[{"taxonomy":"category","embeddable":true,"href":"https:\/\/www.radiopiu.net\/wordpress\/wp-json\/wp\/v2\/categories?post=306092"},{"taxonomy":"post_tag","embeddable":true,"href":"https:\/\/www.radiopiu.net\/wordpress\/wp-json\/wp\/v2\/tags?post=306092"}],"curies":[{"name":"wp","href":"https:\/\/api.w.org\/{rel}","templated":true}]}}