{"id":306245,"date":"2022-11-15T04:53:53","date_gmt":"2022-11-15T03:53:53","guid":{"rendered":"https:\/\/www.radiopiu.net\/wordpress\/?p=306245"},"modified":"2022-11-15T10:30:40","modified_gmt":"2022-11-15T09:30:40","slug":"giornale-radiopiu-15-novembre-2022-direttore-mirko-mezzacasa","status":"publish","type":"post","link":"https:\/\/www.radiopiu.net\/wordpress\/giornale-radiopiu-15-novembre-2022-direttore-mirko-mezzacasa\/","title":{"rendered":"GIORNALE RADIOPIU 15 NOVEMBRE 2022 DIRETTORE MIRKO MEZZACASA"},"content":{"rendered":"<h3 class=\"kvgmc6g5 cxmmr5t8 oygrvhab hcukyx3x c1et5uql\"><span style=\"color: #0000ff;\"><strong>RADIO PIU INFORMAZIONE il canale su TELEGRAM informazione di prima\u00a0 <\/strong><strong>mano e in tempo reale. iscriviti ed aiutaci a farlo conoscere\u00a0 \u00a0\u00a0<\/strong><\/span><\/h3>\n<p>&nbsp;<\/p>\n<hr \/>\n<p>&nbsp;<\/p>\n<blockquote>\n<h3><a class=\"dt-pswp-item\" href=\"https:\/\/www.radiopiu.net\/wordpress\/wp-content\/uploads\/2021\/12\/NEVE-STRADA.jpg\" data-dt-img-description=\"\" data-large_image_width=\"1920\" data-large_image_height=\"1280\"><img loading=\"lazy\" decoding=\"async\" class=\" wp-image-247467 alignleft\" src=\"https:\/\/www.radiopiu.net\/wordpress\/wp-content\/uploads\/2021\/12\/NEVE-STRADA-300x200.jpg\" alt=\"\" width=\"140\" height=\"93\" srcset=\"https:\/\/www.radiopiu.net\/wordpress\/wp-content\/uploads\/2021\/12\/NEVE-STRADA-300x200.jpg 300w, https:\/\/www.radiopiu.net\/wordpress\/wp-content\/uploads\/2021\/12\/NEVE-STRADA-1024x683.jpg 1024w, https:\/\/www.radiopiu.net\/wordpress\/wp-content\/uploads\/2021\/12\/NEVE-STRADA-768x512.jpg 768w, https:\/\/www.radiopiu.net\/wordpress\/wp-content\/uploads\/2021\/12\/NEVE-STRADA-1536x1024.jpg 1536w, https:\/\/www.radiopiu.net\/wordpress\/wp-content\/uploads\/2021\/12\/NEVE-STRADA.jpg 1920w\" sizes=\"auto, (max-width: 140px) 100vw, 140px\" \/><\/a>DA OGGI PNEUMATICI INVERNALI O CATENE A BORDO<\/h3>\n<\/blockquote>\n<p><strong>SEDICO<\/strong> Veneto Strade ricorda che a partire da OGGI e fino al 15 aprile 2023 vige l&#8217;obbligo di circolare sulla strade con pneumatici invernali o in alternativa di avere le catene da neve a bordo. L&#8217;obbligo non solo sulle strade di competenza di Veneto Strade ma anche per la rete stradale ANAS e il tratto stradale dell&#8217;autostrada A27.<\/p>\n<p>&nbsp;<\/p>\n<p>&nbsp;<\/p>\n<p><strong>INTERRUZIONE SERVIZIO IDRICO PROGRAMMATA.<\/strong><\/p>\n<p><strong>AGORDO-FALCADE <\/strong>\u00a0Gestione Servizi Pubblici informa che, per lavori alla rete idrica comunale,\u00a0 domani dalle 8:30 fino a fine lavori\u00a0 verr\u00e0 sospesa l\u2019erogazione dell\u2019acqua ad Agordo\u00a0 \u00a0in via DANTE ALIGHIERI e in localit\u00e0 VERAN. Giovedi dalle\u00a0 8\u00a0 \u00a0a fine lavori verr\u00e0 sospesa l\u2019erogazione dell\u2019acqua a Falcade\u00a0 nei vicoli ZIAGN e COLOI e nelle vie 7\u00b0 ALPINI e VENETO.<\/p>\n<p>&nbsp;<\/p>\n<p>&nbsp;<\/p>\n<hr \/>\n<p>&nbsp;<\/p>\n<blockquote>\n<h3>VOLEVA DEPREDARE VILLA FIORE, DOPO UN&#8217;ORA DI INUTILI TENTATIVI LA FUGA CON LO ZAINO VUOTO<\/h3>\n<\/blockquote>\n<p><strong><a class=\"dt-pswp-item\" href=\"https:\/\/www.radiopiu.net\/wordpress\/wp-content\/uploads\/2022\/11\/db0f8f05-5517-43c7-8aff-ab59eb5072ff.jpg\" data-dt-img-description=\"\" data-large_image_width=\"1500\" data-large_image_height=\"2000\"><img loading=\"lazy\" decoding=\"async\" class=\"size-medium wp-image-306388 alignleft\" src=\"https:\/\/www.radiopiu.net\/wordpress\/wp-content\/uploads\/2022\/11\/db0f8f05-5517-43c7-8aff-ab59eb5072ff-225x300.jpg\" alt=\"\" width=\"225\" height=\"300\" srcset=\"https:\/\/www.radiopiu.net\/wordpress\/wp-content\/uploads\/2022\/11\/db0f8f05-5517-43c7-8aff-ab59eb5072ff-225x300.jpg 225w, https:\/\/www.radiopiu.net\/wordpress\/wp-content\/uploads\/2022\/11\/db0f8f05-5517-43c7-8aff-ab59eb5072ff-768x1024.jpg 768w, https:\/\/www.radiopiu.net\/wordpress\/wp-content\/uploads\/2022\/11\/db0f8f05-5517-43c7-8aff-ab59eb5072ff-1152x1536.jpg 1152w, https:\/\/www.radiopiu.net\/wordpress\/wp-content\/uploads\/2022\/11\/db0f8f05-5517-43c7-8aff-ab59eb5072ff.jpg 1500w\" sizes=\"auto, (max-width: 225px) 100vw, 225px\" \/><\/a>AGORDO\u00a0<\/strong> La losca figura immortalata dalle telecamere si \u00e8 introdotta con i favori del buio nel giardino di Villa Fiore, la bella villa Liberty alle porte del capoluogo, di propiet\u00e0\u00a0 della famiglia del dottor Galvano Dotta, ma non ha fatto i conti n\u00e8 con la tecnologia, n\u00e8 con i moderni infissi applicati alle strutture della villa. Per oltre un&#8217;ora ha provato a forzare porte e finestre senza alcun risultato concreto, con poca logicit\u00e0 ha abbassato l&#8217;interruttore dell&#8217;energia elettrica, manomettendo la scatola dei contatori; niente di peggio: questa manovra \u00e8 stata rilevata dall&#8217;impianto di allarme ed ha destato da subito il sospetto dei proprietari. Un&#8217;ora di lavoro tra tentativi di infrangere vetri antisfondamento e forzare serrature impossibili, tutto sotto l&#8217;occhio attento della video sorveglianza, a 360 gradi a presidio di casa e giardino. L&#8217;attenta visione dei filmati ha chiarito come il ladro abbia agito in solitaria, si sia introdotto nel parco della Villa, scavalcando la recinzione perimetrale, dirigendosi\u00a0 poi sul lato pi\u00f9 nascosto rispetto alla strada principale. Dopo aver esaminato e passato in rassegna sette porte blindate perimetrali della Villa, si \u00e8 concentrato sul retro,\u00a0 provando a rompere il vetro della porta mediante l\u2019uso di una mazza e altri strumenti, ma l&#8217;infisso non ha ceduto malgrado i molti colpi inferti. Infatti, alla sequenza malavitosa si aggiunge l&#8217;ultimo assurdo tentativo privo di risultati: tentare inutilmente di incendiare la porta d&#8217;ingresso. Attorno alle 2 del mattino il malvivente si \u00e8 rassegnato e con il capiente zaino vuoto si \u00e8 dato alla fuga, abbandonando gli strumenti usati nei pressi della porta blindata. I video delle telecamere di Villa Fiore si sono rivelati essenziali nella ricostruzione dei fatti, malgrado il ladro fosse travisato. Gli inquirenti, i Carabinieri di Agordo e del Comando di Belluno, hanno centellinato fotogramma per fotogramma la video sorveglianza interna ed esterna della Villa, ed anche quella delle telecamere nei paraggi, studiando i lineamenti e il modus operandi del malvivente. Grazie al tempestivo intervento e alla professionalit\u00e0 del Comando dei Carabinieri di Agordo, sono stati eseguiti i sopralluoghi sul sito del tentato furto. Nella stessa mattinata hanno operato gli uomini del Nucleo Operativo e Radiomobile di Belluno. I rilievi delle impronte digitali hanno evidenziato diverse tracce palmari che sono state inviate al laboratorio di Verona per il riscontro scientifico. Le indagini sono ancora in corso per assicurare alla giustizia l\u2019autore del tentativo di effrazione. Sul suo conto i danni ad una residenza liberty per i quali i proprietari si riservano di far valere le proprie ragioni all\u2019esito delle indagini da parte degli inquirenti. Ci\u00f2 che tuttavia rasserena la Famiglia Dotta \u00e8 il fatto che, malgrado l&#8217;estrema violenza e il grave danneggiamento subito nel tentativo di penetrare Villa Fiore, le porte blindate hanno sortito il loro effetto facendo desistere il malvivente, cos\u00ec salvaguardando l\u2019interno.<\/p>\n\n\t\t\t<style type='text\/css'>\n\t\t\t\t#gallery-1 {\n\t\t\t\t\tmargin: auto;\n\t\t\t\t}\n\t\t\t\t#gallery-1 .gallery-item {\n\t\t\t\t\tfloat: left;\n\t\t\t\t\tmargin-top: 10px;\n\t\t\t\t\ttext-align: center;\n\t\t\t\t\twidth: 33%;\n\t\t\t\t}\n\t\t\t\t#gallery-1 img {\n\t\t\t\t\tborder: 2px solid #cfcfcf;\n\t\t\t\t}\n\t\t\t\t#gallery-1 .gallery-caption {\n\t\t\t\t\tmargin-left: 0;\n\t\t\t\t}\n\t\t\t\t\/* see gallery_shortcode() in wp-includes\/media.php *\/\n\t\t\t<\/style>\n\t\t<div id='gallery-1' class='dt-gallery-container gallery galleryid-306245 gallery-columns-3 gallery-size-thumbnail'><dl class='gallery-item'>\n\t\t\t\t<dt class='gallery-icon portrait'>\n\t\t\t\t\t<a class=\"rollover rollover-zoom dt-pswp-item\" title=\"10b3f859-e00c-4612-b222-919d9715c2ce\" data-dt-img-description=\"\" data-large_image_width=\"1500\" data-large_image_height=\"2000\"href='https:\/\/www.radiopiu.net\/wordpress\/wp-content\/uploads\/2022\/11\/10b3f859-e00c-4612-b222-919d9715c2ce.jpg'><img loading=\"lazy\" decoding=\"async\" width=\"150\" height=\"150\" src=\"https:\/\/www.radiopiu.net\/wordpress\/wp-content\/uploads\/2022\/11\/10b3f859-e00c-4612-b222-919d9715c2ce-150x150.jpg\" class=\"attachment-thumbnail size-thumbnail\" alt=\"\" \/><\/a>\n\t\t\t\t<\/dt><\/dl><dl class='gallery-item'>\n\t\t\t\t<dt class='gallery-icon portrait'>\n\t\t\t\t\t<a class=\"rollover rollover-zoom dt-pswp-item\" title=\"db6e72e0-fb88-4140-b6fc-be7ea0c3f6a0\" data-dt-img-description=\"\" data-large_image_width=\"1500\" data-large_image_height=\"2000\"href='https:\/\/www.radiopiu.net\/wordpress\/wp-content\/uploads\/2022\/11\/db6e72e0-fb88-4140-b6fc-be7ea0c3f6a0.jpg'><img loading=\"lazy\" decoding=\"async\" width=\"150\" height=\"150\" src=\"https:\/\/www.radiopiu.net\/wordpress\/wp-content\/uploads\/2022\/11\/db6e72e0-fb88-4140-b6fc-be7ea0c3f6a0-150x150.jpg\" class=\"attachment-thumbnail size-thumbnail\" alt=\"\" \/><\/a>\n\t\t\t\t<\/dt><\/dl><dl class='gallery-item'>\n\t\t\t\t<dt class='gallery-icon portrait'>\n\t\t\t\t\t<a class=\"rollover rollover-zoom dt-pswp-item\" title=\"52060877-5ec0-4300-850c-449d99a97ce3\" data-dt-img-description=\"\" data-large_image_width=\"1500\" data-large_image_height=\"2000\"href='https:\/\/www.radiopiu.net\/wordpress\/wp-content\/uploads\/2022\/11\/52060877-5ec0-4300-850c-449d99a97ce3.jpg'><img loading=\"lazy\" decoding=\"async\" width=\"150\" height=\"150\" src=\"https:\/\/www.radiopiu.net\/wordpress\/wp-content\/uploads\/2022\/11\/52060877-5ec0-4300-850c-449d99a97ce3-150x150.jpg\" class=\"attachment-thumbnail size-thumbnail\" alt=\"\" \/><\/a>\n\t\t\t\t<\/dt><\/dl><br style=\"clear: both\" \/><dl class='gallery-item'>\n\t\t\t\t<dt class='gallery-icon portrait'>\n\t\t\t\t\t<a class=\"rollover rollover-zoom dt-pswp-item\" title=\"307b072b-b6c1-43d5-98d1-17ff137b2ce0\" data-dt-img-description=\"\" data-large_image_width=\"1500\" data-large_image_height=\"2000\"href='https:\/\/www.radiopiu.net\/wordpress\/wp-content\/uploads\/2022\/11\/307b072b-b6c1-43d5-98d1-17ff137b2ce0.jpg'><img loading=\"lazy\" decoding=\"async\" width=\"150\" height=\"150\" src=\"https:\/\/www.radiopiu.net\/wordpress\/wp-content\/uploads\/2022\/11\/307b072b-b6c1-43d5-98d1-17ff137b2ce0-150x150.jpg\" class=\"attachment-thumbnail size-thumbnail\" alt=\"\" \/><\/a>\n\t\t\t\t<\/dt><\/dl><dl class='gallery-item'>\n\t\t\t\t<dt class='gallery-icon portrait'>\n\t\t\t\t\t<a class=\"rollover rollover-zoom dt-pswp-item\" title=\"f670ad4a-34b9-4ed8-8d2a-b46f93c2a5de\" data-dt-img-description=\"\" data-large_image_width=\"1500\" data-large_image_height=\"2000\"href='https:\/\/www.radiopiu.net\/wordpress\/wp-content\/uploads\/2022\/11\/f670ad4a-34b9-4ed8-8d2a-b46f93c2a5de.jpg'><img loading=\"lazy\" decoding=\"async\" width=\"150\" height=\"150\" src=\"https:\/\/www.radiopiu.net\/wordpress\/wp-content\/uploads\/2022\/11\/f670ad4a-34b9-4ed8-8d2a-b46f93c2a5de-150x150.jpg\" class=\"attachment-thumbnail size-thumbnail\" alt=\"\" \/><\/a>\n\t\t\t\t<\/dt><\/dl><dl class='gallery-item'>\n\t\t\t\t<dt class='gallery-icon portrait'>\n\t\t\t\t\t<a class=\"rollover rollover-zoom dt-pswp-item\" title=\"1453595c-ddff-4b7f-aa20-7efb4afe35f4\" data-dt-img-description=\"\" data-large_image_width=\"1536\" data-large_image_height=\"2048\"href='https:\/\/www.radiopiu.net\/wordpress\/wp-content\/uploads\/2022\/11\/1453595c-ddff-4b7f-aa20-7efb4afe35f4.jpg'><img loading=\"lazy\" decoding=\"async\" width=\"150\" height=\"150\" src=\"https:\/\/www.radiopiu.net\/wordpress\/wp-content\/uploads\/2022\/11\/1453595c-ddff-4b7f-aa20-7efb4afe35f4-150x150.jpg\" class=\"attachment-thumbnail size-thumbnail\" alt=\"\" \/><\/a>\n\t\t\t\t<\/dt><\/dl><br style=\"clear: both\" \/>\n\t\t\t<\/div>\n\n<p>&nbsp;<\/p>\n<p>&nbsp;<\/p>\n<hr \/>\n<p>&nbsp;<\/p>\n<blockquote>\n<h3>SCHIANTO SULL&#8217;ALEMAGNA, CHIUSA PER DUE ORE. DUE FERITE ALL&#8217;OSPEDALE<strong>\u00a0<\/strong><\/h3>\n<\/blockquote>\n<p><strong>DOMEGGE DI CADORE\u00a0<\/strong> \u00a0Carambola fra tre auto ieri\u00a0 mattina fra Lozzo e Domegge di Cadore: due\u00a0 donne\u00a0 ferite. Una cadorina di Vigo di 41 anni, S.S., trasferita in ospedale a Belluno a bordo dell&#8217;eliambulanza del 118 . Non \u00e8 in gravi condizioni. Infortunata anche una seconda conducente, pi\u00f9 lievemente: \u00e8 stata soccorsa in ambulanza e trasferita all&#8217;ospedale di Pieve di Cadore. La strada, la statale 51 bis di Alemagna, \u00e8 rimasta chiusa per un paio di ore. Le cause che hanno portato le tre auto a scontrarsi sono al vaglio della pattuglia dei carabinieri. Il punto dell&#8217;incidente \u00e8 al chilometro 8+900 della statale, nel comune di Domegge: l\u00e0 dove la strada piega in una doppia curva. Linea continua, carreggiata non molto ampia. Poco prima del cartello turistico si \u00e8 fermata la berlina Bmw,\u00a0 lacerata sulla fiancata conducente. In mezzo alla strada invece la Panda arancione incidentata , contro il guard rail, la Opel, terza auto coinvolta. La conducente della Panda \u00e8 stata estratta dalle lamiere da vigili del fuoco e sanitari.<\/p>\n\n\t\t\t<style type='text\/css'>\n\t\t\t\t#gallery-2 {\n\t\t\t\t\tmargin: auto;\n\t\t\t\t}\n\t\t\t\t#gallery-2 .gallery-item {\n\t\t\t\t\tfloat: left;\n\t\t\t\t\tmargin-top: 10px;\n\t\t\t\t\ttext-align: center;\n\t\t\t\t\twidth: 20%;\n\t\t\t\t}\n\t\t\t\t#gallery-2 img {\n\t\t\t\t\tborder: 2px solid #cfcfcf;\n\t\t\t\t}\n\t\t\t\t#gallery-2 .gallery-caption {\n\t\t\t\t\tmargin-left: 0;\n\t\t\t\t}\n\t\t\t\t\/* see gallery_shortcode() in wp-includes\/media.php *\/\n\t\t\t<\/style>\n\t\t<div id='gallery-2' class='dt-gallery-container gallery galleryid-306245 gallery-columns-5 gallery-size-thumbnail'><dl class='gallery-item'>\n\t\t\t\t<dt class='gallery-icon landscape'>\n\t\t\t\t\t<a class=\"rollover rollover-zoom dt-pswp-item\" title=\"371f4821-af68-460c-9a00-1ced2b09e32e\" data-dt-img-description=\"\" data-large_image_width=\"1280\" data-large_image_height=\"878\"href='https:\/\/www.radiopiu.net\/wordpress\/wp-content\/uploads\/2022\/11\/371f4821-af68-460c-9a00-1ced2b09e32e.jpg'><img loading=\"lazy\" decoding=\"async\" width=\"150\" height=\"150\" src=\"https:\/\/www.radiopiu.net\/wordpress\/wp-content\/uploads\/2022\/11\/371f4821-af68-460c-9a00-1ced2b09e32e-150x150.jpg\" class=\"attachment-thumbnail size-thumbnail\" alt=\"\" \/><\/a>\n\t\t\t\t<\/dt><\/dl><dl class='gallery-item'>\n\t\t\t\t<dt class='gallery-icon landscape'>\n\t\t\t\t\t<a class=\"rollover rollover-zoom dt-pswp-item\" title=\"1a3e56a7-da40-4e9e-847e-3d4cff05c355\" data-dt-img-description=\"\" data-large_image_width=\"1280\" data-large_image_height=\"958\"href='https:\/\/www.radiopiu.net\/wordpress\/wp-content\/uploads\/2022\/11\/1a3e56a7-da40-4e9e-847e-3d4cff05c355.jpg'><img loading=\"lazy\" decoding=\"async\" width=\"150\" height=\"150\" src=\"https:\/\/www.radiopiu.net\/wordpress\/wp-content\/uploads\/2022\/11\/1a3e56a7-da40-4e9e-847e-3d4cff05c355-150x150.jpg\" class=\"attachment-thumbnail size-thumbnail\" alt=\"\" \/><\/a>\n\t\t\t\t<\/dt><\/dl><dl class='gallery-item'>\n\t\t\t\t<dt class='gallery-icon landscape'>\n\t\t\t\t\t<a class=\"rollover rollover-zoom dt-pswp-item\" title=\"ee9f65f2-a159-4b4a-8be8-3892f120db6a\" data-dt-img-description=\"\" data-large_image_width=\"1024\" data-large_image_height=\"750\"href='https:\/\/www.radiopiu.net\/wordpress\/wp-content\/uploads\/2022\/11\/ee9f65f2-a159-4b4a-8be8-3892f120db6a.jpg'><img loading=\"lazy\" decoding=\"async\" width=\"150\" height=\"150\" src=\"https:\/\/www.radiopiu.net\/wordpress\/wp-content\/uploads\/2022\/11\/ee9f65f2-a159-4b4a-8be8-3892f120db6a-150x150.jpg\" class=\"attachment-thumbnail size-thumbnail\" alt=\"\" \/><\/a>\n\t\t\t\t<\/dt><\/dl><dl class='gallery-item'>\n\t\t\t\t<dt class='gallery-icon landscape'>\n\t\t\t\t\t<a class=\"rollover rollover-zoom dt-pswp-item\" title=\"c9ba24c0-ca16-449a-a796-b43df02eafea\" data-dt-img-description=\"\" data-large_image_width=\"1280\" data-large_image_height=\"842\"href='https:\/\/www.radiopiu.net\/wordpress\/wp-content\/uploads\/2022\/11\/c9ba24c0-ca16-449a-a796-b43df02eafea.jpg'><img loading=\"lazy\" decoding=\"async\" width=\"150\" height=\"150\" src=\"https:\/\/www.radiopiu.net\/wordpress\/wp-content\/uploads\/2022\/11\/c9ba24c0-ca16-449a-a796-b43df02eafea-150x150.jpg\" class=\"attachment-thumbnail size-thumbnail\" alt=\"\" \/><\/a>\n\t\t\t\t<\/dt><\/dl><dl class='gallery-item'>\n\t\t\t\t<dt class='gallery-icon landscape'>\n\t\t\t\t\t<a class=\"rollover rollover-zoom dt-pswp-item\" title=\"7e9feb2f-b1e5-4171-a6ae-f2594db6d327\" data-dt-img-description=\"\" data-large_image_width=\"1280\" data-large_image_height=\"958\"href='https:\/\/www.radiopiu.net\/wordpress\/wp-content\/uploads\/2022\/11\/7e9feb2f-b1e5-4171-a6ae-f2594db6d327.jpg'><img loading=\"lazy\" decoding=\"async\" width=\"150\" height=\"150\" src=\"https:\/\/www.radiopiu.net\/wordpress\/wp-content\/uploads\/2022\/11\/7e9feb2f-b1e5-4171-a6ae-f2594db6d327-150x150.jpg\" class=\"attachment-thumbnail size-thumbnail\" alt=\"\" \/><\/a>\n\t\t\t\t<\/dt><\/dl><br style=\"clear: both\" \/>\n\t\t\t<\/div>\n\n<p>&nbsp;<\/p>\n<hr \/>\n<p>&nbsp;<\/p>\n<blockquote>\n<h3 class=\"articlePlainTitle\">INCIDENTE IN VIA NERI, UN FERITO E TRAFFICO IN TILT<\/h3>\n<\/blockquote>\n<div class=\"articlePlainTitle\"><strong>BELLUNO<\/strong>\u00a0 Incidente a tre ieri mattina lungo via Ugo Neri, il bilancio \u00e8 di un infortunato lieve, un automobilista che ha accusato un colpo di frusta. Lo schianto: un&#8217;auto si immetteva nel traffico mentre un camioncino Gls e una Jeep Renegade viaggiavano in direzione della rotatoria alla fine del viale. Ad avere la peggio, la Jeep che \u00e8 rimasta semidistrutta dopo l&#8217;urto con lo spigolo posteriore del mezzo Gls. Sul posto\u00a0 vigili del fuoco e ambulanza: L&#8217;uomo era cosciente e lamentava qualche dolore. Rilevi della polizia stradale di Belluno.<\/div>\n<p>&nbsp;<\/p>\n<p>&nbsp;<\/p>\n<hr \/>\n<p>&nbsp;<\/p>\n<blockquote>\n<h3 class=\"articlePlainTitle\">SEMPRE GRAVI LE CONDIZIONI DI MASSIMO RUBINO<\/h3>\n<\/blockquote>\n<div><\/div>\n<div class=\"addthis_sharing_toolbox\" data-url=\"http:\/\/sfoglio.corrierealpi.gelocal.it\/share_article.php?article_id=11305504\" data-title=\"Nessun bellunesenella segreteria Fit Cisl\u00abCi potenzieremo\u00bbIn un video le immaginidell'investimentoIl...\"><strong>BELLUNO<\/strong> Restano gravissime le condizioni di Massimo Rubino, il 55enne investito domenica pomeriggio lungo la strada della Sinistra Piave. Il bellunese \u00e8 ancora in prognosi riservata nella terapia intensiva dell&#8217;ospedale trevigiano,\u00a0 i medici per\u00f2 non hanno ancora sciolto la riserva e le sue condizioni vengono considerate tuttora critiche. Sulla dinamica dell&#8217;investimento sta indagando la polizia stradale che ha a disposizione anche un video. Il 55enne, che abita nella zona di Levego \u00e8 stato investito a lato strada da un Land Rover Discovery che viaggiava in direzione di Ponte nelle Alpi, quindi in uscita dal capoluogo. L&#8217;automobilista si \u00e8 fermato e ha prestato la sua assistenza.\u00a0 L&#8217;urto ha sbalzato il pedone a bordo strada\u00a0 provocandogli un\u00a0 grave politrauma.\u00a0 Il tratto di strada \u00e8 contraddistinto da una ridotta visibilit\u00e0 privo dell&#8217;illuminazione pubblica.<\/div>\n<p>&nbsp;<\/p>\n<p>&nbsp;<\/p>\n<hr \/>\n<p>&nbsp;<\/p>\n<div class=\"page-title-head hgroup\">\n<blockquote>\n<h3 class=\"entry-title\">MARMOLADA ANCORA INTERDETTA<\/h3>\n<\/blockquote>\n<\/div>\n<div class=\"page-title-breadcrumbs\"><\/div>\n<blockquote>\n<p class=\"Standard\"><em><b><img loading=\"lazy\" decoding=\"async\" class=\"alignleft\" src=\"https:\/\/www.radiopiu.net\/wordpress\/wp-content\/uploads\/2022\/07\/marmolada-1.jpg\" width=\"169\" height=\"127\" \/>SOCIETA\u2019 DELLE FUNIVIE E COMUNE DI ROCCA PIETORE SI MOBILITANO: \u201cDANNI IRREPARABILI PER L\u2019IMMAGINE DELL\u2019INTERO DOLOMITI SUPER SKI\u201d \u2013 INVIATA UNA LETTERA AL CONSORZIO CHE RIUNISCE TUTTI GLI IMPIANTI DELL\u2019AREA<\/b><\/em><\/p>\n<\/blockquote>\n<p class=\"Standard\"><b>\u00a0<\/b><b>\u00a0<\/b><\/p>\n<p class=\"Standard\"><strong>ROCCA PIETORE<\/strong> <b>\u00a0<\/b>I danni rischiano di essere irreparabili e non riguardano solo il territorio comunale di Rocca Pietore \u2013 dove sono in pericolo tante attivit\u00e0 economiche e decine di posti di lavoro diretti &#8211; ma l\u2019intera area del Dolomiti Superski, di cui la Marmolada \u00e8 parte fondamentale e integrante. \u00c8 questa la prospettiva contenuta nelle due lettere che Marmolada srl, la societ\u00e0 che gestisce le funivie sul massiccio, e il Comune di Rocca Pietore, hanno inviato nelle scorse ore al Consorzio Dolomiti Superski, la realt\u00e0 che riunisce tutti e quindici i gestori degli impianti di risalita dell\u2019area dolomitica. Nelle missive si chiede di assumere ogni azione utile a consentire l\u2019avvio della stagione sciistica e dei lavori preparatori sulle piste vista la permanenza dell\u2019interdizione d\u2019accesso all\u2019area del ghiacciaio adottata con ordinanza dal Comune di Canazei a seguito della tragedia del 3 luglio scorso. \u201cMalgrado il mutamento della situazione di fatto determinato dalla importante diminuzione delle temperature sul ghiacciaio, l\u2019ordinanza comunale emessa nel periodo estivo lo rende tuttora inaccessibile, impedendo alla societ\u00e0 le ordinarie attivit\u00e0 di manutenzione e preparazione necessarie all\u2019apertura delle piste alla pratica dello sci, prevista per sabato 3 dicembre 2022\u201d, si legge nella missiva di Marmolada srl indirizzata a Dolomiti Superski. Tutto fermo quindi, mentre la stagione invernale incombe, periodo che il sindaco di Rocca Pietore Andrea De Bernardin definisce \u201cessenziale\u201d per la sua comunit\u00e0: \u201cIl mancato avvio avrebbe effetti gravissimi sul piano economico e sociale per il nostro territorio\u201d. Dal canto suo, Marmolada srl afferma che i danni potrebbero essere irreparabili anche sul piano dell\u2019immagine per l\u2019intera area del Dolomiti Superski vista l\u2019importanza delle piste del massiccio all\u2019interno del circuito, tra i principali al mondo e meta del turismo internazionale.<\/p>\n<p>&nbsp;<\/p>\n<p>&nbsp;<\/p>\n<hr \/>\n<p>&nbsp;<\/p>\n<p><span style=\"color: #ff0000;\"><strong>OGGI SUL CORRIERE DELLE ALPI<\/strong><\/span><\/p>\n<p><strong>DI LORENZO SORATROI<\/strong><\/p>\n<p>&nbsp;<\/p>\n<blockquote>\n<h3><a class=\"dt-pswp-item\" href=\"https:\/\/www.radiopiu.net\/wordpress\/wp-content\/uploads\/2021\/12\/arabba-by-night-photo-credit-Arabba_Fodom_Turismo.gif\" data-dt-img-description=\"\" data-large_image_width=\"300\" data-large_image_height=\"200\"><img loading=\"lazy\" decoding=\"async\" class=\"wp-image-250994 alignleft\" src=\"https:\/\/www.radiopiu.net\/wordpress\/wp-content\/uploads\/2021\/12\/arabba-by-night-photo-credit-Arabba_Fodom_Turismo.gif\" alt=\"\" width=\"194\" height=\"129\" \/><\/a>POPOLO DELLO SCI AI CANCELLETTI DI PARTENZA, MA VACANZE RIDOTTE PER UN ITALIANO SU TRE<\/h3>\n<p>AUDIO<\/p><\/blockquote>\n<audio class=\"wp-audio-shortcode\" id=\"audio-306245-1\" preload=\"none\" style=\"width: 100%;\" controls=\"controls\"><source type=\"audio\/mpeg\" src=\"https:\/\/www.radiopiu.net\/wordpress\/wp-content\/uploads\/2022\/11\/lorenzo.mp3?_=1\" \/><a href=\"https:\/\/www.radiopiu.net\/wordpress\/wp-content\/uploads\/2022\/11\/lorenzo.mp3\">https:\/\/www.radiopiu.net\/wordpress\/wp-content\/uploads\/2022\/11\/lorenzo.mp3<\/a><\/audio>\n<p>&nbsp;<\/p>\n<p>&nbsp;<\/p>\n<hr \/>\n<p>&nbsp;<\/p>\n<blockquote>\n<h3 class=\"entry-title\">SPARI IN VIA MARMOLADA A FALCADE<\/h3>\n<\/blockquote>\n<p><strong><img loading=\"lazy\" decoding=\"async\" class=\"alignleft\" src=\"https:\/\/www.radiopiu.net\/wordpress\/wp-content\/uploads\/2022\/11\/th-6.jpg\" width=\"254\" height=\"136\" \/>FALCADE<\/strong>\u00a0Riceviamo da Emanuela e pubblichiamo, il fatto \u00e8 stato segnalato ai Carabinieri di Falcade<\/p>\n<p>&nbsp;<\/p>\n<p><em>\u201cDa Falcade via Marmolada segnalo 2 (o forse 3) cacciatori che subito dietro casa mia si son messi a sparare verso il bosco dove normalmente vivono due cerve con i rispettivi cuccioli. Ora, pi\u00f9 che paura del lupo, ora come ora ho paura di certa gente che, incurante delle regole, pensa di poter fare quello che gli pare mettendo anche in pericolo la vita delle persone\u2026 Nel bosco dietro casa ci gioca spesso mio figlio con gli amici\u2026 I tizi in questione poi sono fuggiti in fretta e furia su due pickup bianchi e, almeno uno dei due aveva il nome di una ditta sulla portiera sinistra. Ho ovviamente segnalato la cosa ai carabinieri\u201d.<\/em><\/p>\n<p>&nbsp;<\/p>\n<p>&nbsp;<\/p>\n<hr \/>\n<p>&nbsp;<\/p>\n<blockquote>\n<h3>OTTO CUCCIOLI DI PITBULL GETTATI NEL CORDEVOLE<\/h3>\n<\/blockquote>\n<p><strong><a class=\"dt-pswp-item\" href=\"https:\/\/www.radiopiu.net\/wordpress\/wp-content\/uploads\/2022\/11\/6d35bf5f-c0c1-404c-b841-a276e57f2ff7.jpg\" data-dt-img-description=\"\" data-large_image_width=\"1024\" data-large_image_height=\"900\"><img loading=\"lazy\" decoding=\"async\" class=\" wp-image-306189 alignleft\" src=\"https:\/\/www.radiopiu.net\/wordpress\/wp-content\/uploads\/2022\/11\/6d35bf5f-c0c1-404c-b841-a276e57f2ff7-300x264.jpg\" alt=\"\" width=\"163\" height=\"143\" srcset=\"https:\/\/www.radiopiu.net\/wordpress\/wp-content\/uploads\/2022\/11\/6d35bf5f-c0c1-404c-b841-a276e57f2ff7-300x264.jpg 300w, https:\/\/www.radiopiu.net\/wordpress\/wp-content\/uploads\/2022\/11\/6d35bf5f-c0c1-404c-b841-a276e57f2ff7-768x675.jpg 768w, https:\/\/www.radiopiu.net\/wordpress\/wp-content\/uploads\/2022\/11\/6d35bf5f-c0c1-404c-b841-a276e57f2ff7.jpg 1024w\" sizes=\"auto, (max-width: 163px) 100vw, 163px\" \/><\/a>SAN TOMASO<\/strong><\/p>\n<p>di Gianni Santomaso<\/p>\n<audio class=\"wp-audio-shortcode\" id=\"audio-306245-2\" preload=\"none\" style=\"width: 100%;\" controls=\"controls\"><source type=\"audio\/mpeg\" src=\"https:\/\/www.radiopiu.net\/wordpress\/wp-content\/uploads\/2022\/11\/GIANNI-CUCCIOLI-DI-PITBULL.mp3?_=2\" \/><a href=\"https:\/\/www.radiopiu.net\/wordpress\/wp-content\/uploads\/2022\/11\/GIANNI-CUCCIOLI-DI-PITBULL.mp3\">https:\/\/www.radiopiu.net\/wordpress\/wp-content\/uploads\/2022\/11\/GIANNI-CUCCIOLI-DI-PITBULL.mp3<\/a><\/audio>\n<p>&nbsp;<\/p>\n<hr \/>\n<p>&nbsp;<\/p>\n<blockquote>\n<h3>IERI MATTINA, I VIGILI DEL FUOCO E VENETO STRADE<\/h3>\n<\/blockquote>\n<p><strong><a class=\"dt-pswp-item\" href=\"https:\/\/www.radiopiu.net\/wordpress\/wp-content\/uploads\/2022\/11\/Senza-nome-55.jpg\" data-dt-img-description=\"\" data-large_image_width=\"414\" data-large_image_height=\"239\"><img loading=\"lazy\" decoding=\"async\" class=\"size-medium wp-image-306326 alignleft\" src=\"https:\/\/www.radiopiu.net\/wordpress\/wp-content\/uploads\/2022\/11\/Senza-nome-55-300x173.jpg\" alt=\"\" width=\"300\" height=\"173\" srcset=\"https:\/\/www.radiopiu.net\/wordpress\/wp-content\/uploads\/2022\/11\/Senza-nome-55-300x173.jpg 300w, https:\/\/www.radiopiu.net\/wordpress\/wp-content\/uploads\/2022\/11\/Senza-nome-55.jpg 414w\" sizes=\"auto, (max-width: 300px) 100vw, 300px\" \/><\/a>ROCCA PIETORE<\/strong> Un grande sasso \u00e8 finito sulla regionale 638 di Passo Fedaia, ieri <a class=\"dt-pswp-item\" href=\"https:\/\/www.radiopiu.net\/wordpress\/wp-content\/uploads\/2022\/11\/Senza-nome-56.jpg\" data-dt-img-description=\"\" data-large_image_width=\"281\" data-large_image_height=\"259\"><img loading=\"lazy\" decoding=\"async\" class=\" wp-image-306328 alignright\" src=\"https:\/\/www.radiopiu.net\/wordpress\/wp-content\/uploads\/2022\/11\/Senza-nome-56.jpg\" alt=\"\" width=\"180\" height=\"166\" \/><\/a>mattina attorno alle otto. E&#8217; rotolato\u00a0 poco oltre le reti di protezione fermandosi sull&#8217;asfalto in mezzo alla strada, un altro delle medesime dimensioni lo si vede imbrigliato qualche metro prima nella rete appositamente installata per la sicurezza di chi transita da Rocca Pietore verso Malga Ciapela. Sul posto gli uomini di Veneto Strade e vigili del fuoco\u00a0 volontari di Caprile che hanno provveduto <strong><img loading=\"lazy\" decoding=\"async\" class=\"alignleft\" src=\"https:\/\/www.radiopiu.net\/wordpress\/wp-content\/uploads\/2021\/03\/th-22.jpg\" width=\"188\" height=\"94\" \/><\/strong>a rimuovere l&#8217;ostacolo, grazie soprattutto all&#8217;intervento\u00a0 della &#8220;pala gommata&#8221; degli impianti Padon Marmolada (funivie Arabba) su richiesta di Veneto Strade.<\/p>\n<p><strong>AGORDO<\/strong>\u00a0 Ieri\u00a0 di buon mattino, poco prima delle otto i vigili del fuoco sono usciti per un lavaggio della sede stradale proprio in prossimit\u00e0 della caserma di Ponte Brugnach. Infatti all&#8217;altezza delle rotonde lungo la\u00a0 strada SP347 e la SR203var \u00e8 stata notata una perdita\u00a0 d&#8217;olio idraulico.\u00a0 I vigili del fuoco\u00a0 di Agordo hanno provveduto a ripristinare le condizioni di sicurezza\u00a0 in collaborazione con gli uomini di Veneto Strade. Anche causa la pioggia si era create una situazione\u00a0 estremamente pericolosa la viabilit\u00e0. Le operazioni sono durate oltre un&#8217;ora e mezza.<\/p>\n<p>&nbsp;<\/p>\n<p>&nbsp;<\/p>\n<p>&nbsp;<\/p>\n<hr \/>\n<p>&nbsp;<\/p>\n<blockquote>\n<h3>FONDI DI CONFINE, BOTTACIN &#8220;QUELLE DI FASSINO SONO DICHIARAZIONI IMBARAZZANTI&#8221;<\/h3>\n<\/blockquote>\n<p><strong><a class=\"dt-pswp-item\" href=\"https:\/\/www.radiopiu.net\/wordpress\/wp-content\/uploads\/2022\/11\/Senza-nome-54.jpg\" data-dt-img-description=\"\" data-large_image_width=\"427\" data-large_image_height=\"456\"><img loading=\"lazy\" decoding=\"async\" class=\"wp-image-306319 alignleft\" src=\"https:\/\/www.radiopiu.net\/wordpress\/wp-content\/uploads\/2022\/11\/Senza-nome-54.jpg\" alt=\"\" width=\"310\" height=\"331\" srcset=\"https:\/\/www.radiopiu.net\/wordpress\/wp-content\/uploads\/2022\/11\/Senza-nome-54.jpg 427w, https:\/\/www.radiopiu.net\/wordpress\/wp-content\/uploads\/2022\/11\/Senza-nome-54-281x300.jpg 281w\" sizes=\"auto, (max-width: 310px) 100vw, 310px\" \/><\/a>VENEZIA<\/strong> Non perde tempo l&#8217;assessore alla Protezione Civile del Veneto Gianpaolo Bottacin che replica alle dichiarazioni di Fassino rilasciate al quotidiano dei bellunesi &#8220;Corriere delle Alpi&#8221;.<\/p>\n<p>Dichiarazioni a dir poco imbarazzanti quelle di Fassino rispetto all&#8217;autonomia bellunese. Forse un po&#8217; di memoria non guasterebbe. Prima il governo Renzi ha azzerato i fondi alle Province, anche quella di Belluno. Poi Delrio ha obbligato le Province a ridurre il personale; alla Provincia di Belluno, &#8220;fortunatamente&#8221;, solo del trenta per cento! Poi, non ancora contento ha tentato di cancellarla con il referendum di Renzi. E dopo tutto questo qualcuno ha ancora il tempo di parlare? Se la Provincia di Belluno \u00e8 stata salvata, lo si deve solo e unicamente all&#8217;azione della Regione. La Regione ha infatti triplicato i fondi per la Provincia, compensando i tagli fatti dal PD. La stessa cosa ha fatto la Lombardia con la Provincia di Sondrio. Diversamente in Piemonte, dove, quando governava il PD (Giunta Chiamparino), ci\u00f2 non \u00e8 accaduto nei confronti della terza provincia interamente montana in regione a statuto ordinario, quella del Verbano Cusio Ossola.<br \/>\n<img loading=\"lazy\" decoding=\"async\" class=\"alignright\" src=\"https:\/\/www.radiopiu.net\/wordpress\/wp-content\/uploads\/2020\/12\/BOTTACIN-1.png\" width=\"331\" height=\"219\" \/>Se Fassino, il quale bench\u00e9 eletto in Veneto \u00e8 piemontese e dovrebbe conoscere un po&#8217; meglio le cose del suo territorio, non sa o non rammenta gli ricordo che la Provincia del VCO, a causa dei tagli del PD ha dichiarato il dissesto finanziario ed \u00e8 stata salvata in prima battuta da un provvedimento straordinario dell&#8217;allora sottosegretario Candiani (governo Conte I) che non \u00e8 certo del PD. E uccessivamente dal governo regionale di centrodestra subentrato al PD. Fassino, un po&#8217; maldestramente, tenta invece di confondere le idee ai Bellunesi dicendo che la Regione deve dare autonomia a Belluno. Ma non spiega quale autonomia. La Regione pu\u00f2 dare solo autonomia amministrativa e infatti, se Fassino non se ne fosse accorto, l&#8217;ha gi\u00e0 data. Sulla pianificazione territoriale, sulla difesa del suolo, sul trasporto pubblico locale, sull&#8217;energia e su altro ancora. Ma per eliminare le disparit\u00e0 tra Trento e Bolzano, che si trattengono i nove decimi delle tasse, serve autonomia fiscale e legislativa, cosa che pu\u00f2 dare solo lo Stato e non la Regione, per il semplice fatto che non la ha neppure la Regione e di conseguenza non pu\u00f2 trasferire una cosa che non ha. Un ragionamento facile facile che credo possa capire anche per Fassino, a meno che non stia subdolamente strumentalizzando politicamente il tema dell&#8217;autonomia prendendo in giro i Bellunesi.<br \/>\n<strong>Gianpaolo Bottacin<\/strong><\/p>\n<p>&nbsp;<\/p>\n<p><strong>ALLA RADIO<\/strong><\/p>\n<div style=\"width: 640px;\" class=\"wp-video\"><video class=\"wp-video-shortcode\" id=\"video-306245-1\" width=\"640\" height=\"352\" preload=\"metadata\" controls=\"controls\"><source type=\"video\/mp4\" src=\"https:\/\/www.radiopiu.net\/wordpress\/wp-content\/uploads\/2022\/11\/WhatsApp-Video-2022-11-14-at-11.28.33.mp4?_=1\" \/><a href=\"https:\/\/www.radiopiu.net\/wordpress\/wp-content\/uploads\/2022\/11\/WhatsApp-Video-2022-11-14-at-11.28.33.mp4\">https:\/\/www.radiopiu.net\/wordpress\/wp-content\/uploads\/2022\/11\/WhatsApp-Video-2022-11-14-at-11.28.33.mp4<\/a><\/video><\/div>\n<p>&nbsp;<\/p>\n<p>&nbsp;<\/p>\n<p>&nbsp;<\/p>\n<hr \/>\n<p>&nbsp;<\/p>\n<blockquote>\n<h3>EMERGENZA VOLONTARI PER IL SERVIZIO DI TRASPORTO SOCIALE STACCO<\/h3>\n<\/blockquote>\n<p><strong><a class=\"dt-pswp-item\" href=\"https:\/\/www.radiopiu.net\/wordpress\/wp-content\/uploads\/2022\/11\/e59bd942-6ec2-4f82-a015-085cbe113f51.jpg\" data-dt-img-description=\"\" data-large_image_width=\"2048\" data-large_image_height=\"1536\"><img loading=\"lazy\" decoding=\"async\" class=\" wp-image-306368 alignleft\" src=\"https:\/\/www.radiopiu.net\/wordpress\/wp-content\/uploads\/2022\/11\/e59bd942-6ec2-4f82-a015-085cbe113f51-300x225.jpg\" alt=\"\" width=\"169\" height=\"127\" srcset=\"https:\/\/www.radiopiu.net\/wordpress\/wp-content\/uploads\/2022\/11\/e59bd942-6ec2-4f82-a015-085cbe113f51-300x225.jpg 300w, https:\/\/www.radiopiu.net\/wordpress\/wp-content\/uploads\/2022\/11\/e59bd942-6ec2-4f82-a015-085cbe113f51-1024x768.jpg 1024w, https:\/\/www.radiopiu.net\/wordpress\/wp-content\/uploads\/2022\/11\/e59bd942-6ec2-4f82-a015-085cbe113f51-768x576.jpg 768w, https:\/\/www.radiopiu.net\/wordpress\/wp-content\/uploads\/2022\/11\/e59bd942-6ec2-4f82-a015-085cbe113f51-1536x1152.jpg 1536w, https:\/\/www.radiopiu.net\/wordpress\/wp-content\/uploads\/2022\/11\/e59bd942-6ec2-4f82-a015-085cbe113f51.jpg 2048w\" sizes=\"auto, (max-width: 169px) 100vw, 169px\" \/><\/a>BELLUNO<\/strong> Il servizio di trasporto sociale STACCO, garantito da una ventina di associazioni in tutta la provincia, deve fronteggiare l&#8217;emergenza volontari, crollati di un terzo dal periodo pre-pandemia. Il Comitato d&#8217;Intesa lancia l&#8217;appello alle istituzioni<\/p>\n<p><strong>di Daniele Dalvit<\/strong><\/p>\n<audio class=\"wp-audio-shortcode\" id=\"audio-306245-3\" preload=\"none\" style=\"width: 100%;\" controls=\"controls\"><source type=\"audio\/mpeg\" src=\"https:\/\/www.radiopiu.net\/wordpress\/wp-content\/uploads\/2022\/11\/DALVIT-STACCO.mp3?_=3\" \/><a href=\"https:\/\/www.radiopiu.net\/wordpress\/wp-content\/uploads\/2022\/11\/DALVIT-STACCO.mp3\">https:\/\/www.radiopiu.net\/wordpress\/wp-content\/uploads\/2022\/11\/DALVIT-STACCO.mp3<\/a><\/audio>\n<p>&nbsp;<\/p>\n<hr \/>\n<p>&nbsp;<\/p>\n<blockquote>\n<h3>PADRIN RISPONDE A LUCIA OLIVOTTO DOPO LE ACCUSE ALLA PROVINCIA SUL NEVEGAL<\/h3>\n<\/blockquote>\n<p><strong><a class=\"dt-pswp-item\" href=\"https:\/\/www.radiopiu.net\/wordpress\/wp-content\/uploads\/2022\/03\/116879682_10218174783262531_6874144011382447312_n.jpg\" data-dt-img-description=\"\" data-large_image_width=\"952\" data-large_image_height=\"960\"><img loading=\"lazy\" decoding=\"async\" class=\" wp-image-267357 alignleft\" src=\"https:\/\/www.radiopiu.net\/wordpress\/wp-content\/uploads\/2022\/03\/116879682_10218174783262531_6874144011382447312_n-298x300.jpg\" alt=\"\" width=\"124\" height=\"125\" srcset=\"https:\/\/www.radiopiu.net\/wordpress\/wp-content\/uploads\/2022\/03\/116879682_10218174783262531_6874144011382447312_n-298x300.jpg 298w, https:\/\/www.radiopiu.net\/wordpress\/wp-content\/uploads\/2022\/03\/116879682_10218174783262531_6874144011382447312_n-150x150.jpg 150w, https:\/\/www.radiopiu.net\/wordpress\/wp-content\/uploads\/2022\/03\/116879682_10218174783262531_6874144011382447312_n-768x774.jpg 768w, https:\/\/www.radiopiu.net\/wordpress\/wp-content\/uploads\/2022\/03\/116879682_10218174783262531_6874144011382447312_n.jpg 952w\" sizes=\"auto, (max-width: 124px) 100vw, 124px\" \/><\/a>BELLUNO <\/strong>\u00ab<em>Il Nevegal \u00e8 una delle stazioni sciistiche del territorio provinciale riconosciuta come \u201cgrande campo scuola\u201d. Per questo motivo, per l\u2019importanza che assume quale base di partenza per le altre ski aree dolomitiche, \u00e8 di particolare attenzione da parte dell\u2019ente Provincia. Spiace constatare che si attacchi l\u2019amministrazione provinciale su questo aspetto, perch\u00e9 \u00e8 il modo pi\u00f9 semplice per scaricare le responsabilit\u00e0, senza fare il bene del Nevegal<\/em>\u00bb. Cos\u00ec il presidente della Provincia di Belluno, Roberto Padrin, in risposta alle ultime uscite stampa dell\u2019ex vice sindaca e assessora al bilancio Lucia Olivotto, che nei giorni scorsi ha accusato Palazzo Piloni di \u00abpromettere risorse, ma di non dare seguito agli intenti\u00bb. \u00ab<em>Non intendo entrare in una polemica che \u00e8 palesemente tutta interna al consiglio comunale di Belluno. Non lo faccio per la delicatezza e la complessit\u00e0 del tema del Nevegal, di cui ho gi\u00e0 parlato con il sindaco De Pellegrin. E del resto non \u00e8 nel mio stile raccogliere le provocazioni, ma mi vedo costretto a puntualizzare, perch\u00e9 l\u2019ente che rappresento \u00e8 stato tirato in ballo a sproposito<\/em>\u00bb afferma il presidente Padrin.<\/p>\n<p>&nbsp;<\/p>\n<p>&nbsp;<\/p>\n<p>&nbsp;<\/p>\n<hr \/>\n<p>&nbsp;<\/p>\n<blockquote>\n<h3 class=\"entry-title\">SANTESSO: DA SERSA AD ASCA, DAL 2023 SARA\u2019 IL NUOVO DIRETTORE<\/h3>\n<\/blockquote>\n<p><span id=\"page3R_mcid10\" class=\"markedContent\"><strong class=\"photoswipe-wrapper\"><a class=\"dt-pswp-item pspw-wrap-ready\" href=\"https:\/\/www.radiopiu.net\/wordpress\/wp-content\/uploads\/2022\/11\/WhatsApp-Image-2022-11-14-at-16.32.55.jpeg\" data-dt-img-description=\"\" data-large_image_width=\"1999\" data-large_image_height=\"2000\"><img loading=\"lazy\" decoding=\"async\" class=\" wp-image-306422 alignleft\" src=\"https:\/\/www.radiopiu.net\/wordpress\/wp-content\/uploads\/2022\/11\/WhatsApp-Image-2022-11-14-at-16.32.55-300x300.jpeg\" sizes=\"auto, (max-width: 158px) 100vw, 158px\" srcset=\"https:\/\/www.radiopiu.net\/wordpress\/wp-content\/uploads\/2022\/11\/WhatsApp-Image-2022-11-14-at-16.32.55-300x300.jpeg 300w, https:\/\/www.radiopiu.net\/wordpress\/wp-content\/uploads\/2022\/11\/WhatsApp-Image-2022-11-14-at-16.32.55-1024x1024.jpeg 1024w, https:\/\/www.radiopiu.net\/wordpress\/wp-content\/uploads\/2022\/11\/WhatsApp-Image-2022-11-14-at-16.32.55-150x150.jpeg 150w, https:\/\/www.radiopiu.net\/wordpress\/wp-content\/uploads\/2022\/11\/WhatsApp-Image-2022-11-14-at-16.32.55-768x768.jpeg 768w, https:\/\/www.radiopiu.net\/wordpress\/wp-content\/uploads\/2022\/11\/WhatsApp-Image-2022-11-14-at-16.32.55-1536x1536.jpeg 1536w, https:\/\/www.radiopiu.net\/wordpress\/wp-content\/uploads\/2022\/11\/WhatsApp-Image-2022-11-14-at-16.32.55.jpeg 1999w\" alt=\"\" width=\"158\" height=\"158\" \/><\/a>AGORDO<\/strong>\u00a0L\u2019ingegner Paolo Santesso dal 1 gennaio assumer\u00e0 l\u2019incarico di direttore dell\u2019azienda speciale consortile agordina (Asca)<\/span><span id=\"page3R_mcid23\" class=\"markedContent\"><span dir=\"ltr\" role=\"presentation\">, ma anche di\u00a0<\/span><\/span><span id=\"page3R_mcid25\" class=\"markedContent\"><span dir=\"ltr\" role=\"presentation\">Agordo Servizi in virt\u00f9 della convenzione stipulata fra le due Aziende nel 2021.\u00a0<\/span><\/span><span id=\"page3R_mcid32\" class=\"markedContent\">\u00a0<span dir=\"ltr\" role=\"presentation\">Santesso,\u00a0 sta concludendo<\/span><\/span><span id=\"page3R_mcid33\" class=\"markedContent\"><\/span><span id=\"page3R_mcid34\" class=\"markedContent\">\u00a0<span dir=\"ltr\" role=\"presentation\">il suo mandato come Amministratore Unico di SerSa e cesser\u00e0 la\u00a0<\/span><\/span><span id=\"page3R_mcid35\" class=\"markedContent\"><span dir=\"ltr\" role=\"presentation\">funzione di direttore\u00a0 dell\u2019Opera Diocesana Assistenza Religio<\/span><\/span><span id=\"page3R_mcid36\" class=\"markedContent\"><span dir=\"ltr\" role=\"presentation\">sa a fine anno.\u00a0<\/span><\/span><span id=\"page3R_mcid40\" class=\"markedContent\"><span dir=\"ltr\" role=\"presentation\">Da oltre cinque anni Amministratore della Societ\u00e1<\/span><\/span><span id=\"page3R_mcid41\" class=\"markedContent\"><\/span><span id=\"page3R_mcid42\" class=\"markedContent\">\u00a0<span dir=\"ltr\" role=\"presentation\">che gestisce i servizi agli anziani residenziali e\u00a0<\/span><\/span><span id=\"page3R_mcid43\" class=\"markedContent\"><span dir=\"ltr\" role=\"presentation\">domiciliari del<\/span><\/span><span id=\"page3R_mcid44\" class=\"markedContent\"><\/span><span id=\"page3R_mcid45\" class=\"markedContent\">\u00a0<span dir=\"ltr\" role=\"presentation\">Comune di Belluno \u00e8 anche membro del CDA dell\u2019\u00a0<\/span><\/span><span id=\"page3R_mcid46\" class=\"markedContent\"><span dir=\"ltr\" role=\"presentation\">l\u2019Unione Regionale Istituti Pubblici di Assistenza che coordina e rappresenta<\/span><\/span><span id=\"page3R_mcid47\" class=\"markedContent\"><\/span><span id=\"page3R_mcid48\" class=\"markedContent\">\u00a0<span dir=\"ltr\" role=\"presentation\">le Residenza Sanitarie Anziani\u00a0<\/span><\/span><span id=\"page3R_mcid49\" class=\"markedContent\"><span dir=\"ltr\" role=\"presentation\">pubbliche.\u00a0<\/span><\/span><span id=\"page3R_mcid52\" class=\"markedContent\"><span dir=\"ltr\" role=\"presentation\">Oltre alle competenze<\/span><\/span><span id=\"page3R_mcid53\" class=\"markedContent\"><\/span><span id=\"page3R_mcid54\" class=\"markedContent\">\u00a0<span dir=\"ltr\" role=\"presentation\">maturate come Direttore Generale dell\u2019Opera Diocesana, van<\/span><\/span><span id=\"page3R_mcid55\" class=\"markedContent\"><span dir=\"ltr\" role=\"presentation\">ta anche esperienze nel\u00a0<\/span><\/span><span id=\"page3R_mcid56\" class=\"markedContent\"><span dir=\"ltr\" role=\"presentation\">campo del turismo sociale e in un\u2019azienda privata bellunese.\u00a0\u00a0<em>\u201c<\/em><\/span><\/span><em><span id=\"page3R_mcid59\" class=\"markedContent\"><span dir=\"ltr\" role=\"presentation\">Laureato in ingegneria all\u2019universit\u00e0 di Padova con 110 e lode \u2013 ricorda l\u2019amministratore unico Maria Chiara Santin \u2013\u00a0<\/span><\/span><span id=\"page3R_mcid61\" class=\"markedContent\">\u00a0<span dir=\"ltr\" role=\"presentation\">dopo aver frequentato il liceo\u00a0<\/span><\/span><span id=\"page3R_mcid62\" class=\"markedContent\"><span dir=\"ltr\" role=\"presentation\">scientifico Galilei di Belluno e conseguito la maturit\u00e0 con lo stesso risultato, ha conseguito un\u00a0<\/span><\/span><span id=\"page3R_mcid63\" class=\"markedContent\"><span dir=\"ltr\" role=\"presentation\">dottorato di ricerca e effettuato<\/span><\/span><span id=\"page3R_mcid64\" class=\"markedContent\"><\/span><span id=\"page3R_mcid65\" class=\"markedContent\">\u00a0<span dir=\"ltr\" role=\"presentation\">una serie di pubblicazioni scientifiche\u201d<\/span><\/span><\/em><\/p>\n<p>&nbsp;<\/p>\n<p>&nbsp;<\/p>\n<p>&nbsp;<\/p>\n<div class=\"page-title-head hgroup\">\n<blockquote>\n<h3 class=\"entry-title\"><\/h3>\n<\/blockquote>\n<\/div>\n<hr \/>\n<p>&nbsp;<\/p>\n<blockquote>\n<h3>DIVIETO DI SOSTA PER LA PISTA DI GHIACCIO<\/h3>\n<\/blockquote>\n<p><strong>BELLUNO\u00a0<\/strong> Per consentire l&#8217;esecuzione dei lavori di installazione della pista per il pattinaggio sul ghiaccio, da ieri c&#8217;\u00e8 divieto di sosta in Piazza Duomo, sul lato adiacente alla chiesa. La carreggiata di transito dei veicoli e dei pedoni \u00e8 spostata verso il centro della piazza, da dove verranno rimosse le fioriere e ogni altro impedimento fisico di ostacolo allo svolgimento delle attivit\u00e0 in programma e al traffico.<\/p>\n<p>&nbsp;<\/p>\n<p>&nbsp;<\/p>\n<hr \/>\n<p>&nbsp;<\/p>\n<div class=\"page-title-head hgroup\">\n<blockquote>\n<h3 class=\"entry-title\">LE PELLEGRINE DEL COL DI FOGLIA HANNO CONSEGNATO ALL\u2019ADOS OLTRE 3000 EURO<\/h3>\n<\/blockquote>\n<\/div>\n<div class=\"page-title-breadcrumbs\"><\/div>\n<h2><span style=\"color: #ff0000;\">15 NOVEMBRE ALLA RADIO&#8230; ARCHIVIO RADIOPIU<\/span><\/h2>\n<p><strong>AGORDO<\/strong><\/p>\n<p><strong>DAL NOTIZIARIO DI RADIOPIU<\/strong> Francesca Dai Pra e Ilaria Zasso hanno consegnato l&#8217;assegno all&#8217;Ados (donne operate al seno) frutto delle quattro serate dove si sono raccontate e hanno raccontato il loro pellegrinaggio a Santiago. I ringraziamenti della segretaria dell&#8217;Ados a nome dell&#8217;associazione bellunese<\/p>\n<p><strong>audio<\/strong><\/p>\n<audio class=\"wp-audio-shortcode\" id=\"audio-306245-4\" preload=\"none\" style=\"width: 100%;\" controls=\"controls\"><source type=\"audio\/mpeg\" src=\"https:\/\/www.radiopiu.net\/wordpress\/wp-content\/uploads\/2022\/11\/ADOS.mp3?_=4\" \/><a href=\"https:\/\/www.radiopiu.net\/wordpress\/wp-content\/uploads\/2022\/11\/ADOS.mp3\">https:\/\/www.radiopiu.net\/wordpress\/wp-content\/uploads\/2022\/11\/ADOS.mp3<\/a><\/audio>\n<p>&nbsp;<\/p>\n<p><img decoding=\"async\" src=\"https:\/\/www.radiopiu.net\/wordpress\/wp-content\/uploads\/2022\/11\/12013447846442400488.jpg\" \/><\/p>\n<p>&nbsp;<\/p>\n<p>&nbsp;<\/p>\n<p>&nbsp;<\/p>\n<hr \/>\n<p>&nbsp;<\/p>\n<blockquote>\n<h3>ARIA PULITA PER IL VENETO. BOTTACIN: &#8220;IMPEGNO COSTANTE E QUALITA&#8217; IN CONTINUO MIGLIORAMENTO&#8221;<\/h3>\n<\/blockquote>\n<p><strong><a class=\"dt-pswp-item\" href=\"https:\/\/www.radiopiu.net\/wordpress\/wp-content\/uploads\/2022\/11\/56d013c2-963f-4c18-853a-88e522c8b25d.jpg\" data-dt-img-description=\"\" data-large_image_width=\"2048\" data-large_image_height=\"1450\"><img loading=\"lazy\" decoding=\"async\" class=\" wp-image-306374 alignleft\" src=\"https:\/\/www.radiopiu.net\/wordpress\/wp-content\/uploads\/2022\/11\/56d013c2-963f-4c18-853a-88e522c8b25d-300x212.jpg\" alt=\"\" width=\"151\" height=\"107\" srcset=\"https:\/\/www.radiopiu.net\/wordpress\/wp-content\/uploads\/2022\/11\/56d013c2-963f-4c18-853a-88e522c8b25d-300x212.jpg 300w, https:\/\/www.radiopiu.net\/wordpress\/wp-content\/uploads\/2022\/11\/56d013c2-963f-4c18-853a-88e522c8b25d-1024x725.jpg 1024w, https:\/\/www.radiopiu.net\/wordpress\/wp-content\/uploads\/2022\/11\/56d013c2-963f-4c18-853a-88e522c8b25d-768x544.jpg 768w, https:\/\/www.radiopiu.net\/wordpress\/wp-content\/uploads\/2022\/11\/56d013c2-963f-4c18-853a-88e522c8b25d-1536x1088.jpg 1536w, https:\/\/www.radiopiu.net\/wordpress\/wp-content\/uploads\/2022\/11\/56d013c2-963f-4c18-853a-88e522c8b25d.jpg 2048w\" sizes=\"auto, (max-width: 151px) 100vw, 151px\" \/><\/a>VENEZIA<\/strong> &#8220;<em>Un confronto positivo con gli amministratori delle citt\u00e0 capoluogo ma anche un occasione per fornire i dati del lavoro svolto negli ultimi anni, che ha portato a continui miglioramenti della qualit\u00e0 dell&#8217;aria sebbene ci troviamo a vivere in un&#8217;area, il bacino padano, fortemente antropizzata e che si caratterizza altres\u00ec per una serie di evidenti limiti geomorfologici<\/em>&#8220;. Queste le parole dell&#8217;assessore all&#8217;Ambiente Gianpaolo Bottacin, che oggi ha chiuso i lavori del summit intitolato &#8220;Aria pulita per il Veneto&#8221; presso la sede regionale di Grandi Stazioni, organizzato dalla Regione Veneto insieme a Legambiente.<\/p>\n<p><strong>L&#8217;ASSESSORE REGIONALE GIANPAOLO BOTTACIN<\/strong><\/p>\n<div style=\"width: 640px;\" class=\"wp-video\"><video class=\"wp-video-shortcode\" id=\"video-306245-2\" width=\"640\" height=\"352\" preload=\"metadata\" controls=\"controls\"><source type=\"video\/mp4\" src=\"https:\/\/www.radiopiu.net\/wordpress\/wp-content\/uploads\/2022\/11\/WhatsApp-Video-2022-11-14-at-15.41.49.mp4?_=2\" \/><a href=\"https:\/\/www.radiopiu.net\/wordpress\/wp-content\/uploads\/2022\/11\/WhatsApp-Video-2022-11-14-at-15.41.49.mp4\">https:\/\/www.radiopiu.net\/wordpress\/wp-content\/uploads\/2022\/11\/WhatsApp-Video-2022-11-14-at-15.41.49.mp4<\/a><\/video><\/div>\n<p>&nbsp;<\/p>\n<p>&nbsp;<\/p>\n<hr \/>\n<p>&nbsp;<\/p>\n<blockquote>\n<h3>TRASPORTI, LOGISTICA E IGIENE AMBIENTALE: MAURIZIO FONTI E&#8217; IL NUOVO SEGRETARIO DEL PRESIDIO DI BELLUNO TREVISO DELLA FIT CISL<\/h3>\n<p><em>SINDACALE Maurizio Fonti nominato a presidio della Fit Cisl Belluno-Treviso, nessun bellunese nella segreteria, solo trevigiani. Inevitabile malumore della montagna &#8220;tagliata fuori&#8221; dalle cariche che contano.<\/em><\/p><\/blockquote>\n<p><strong><a class=\"dt-pswp-item\" href=\"https:\/\/www.radiopiu.net\/wordpress\/wp-content\/uploads\/2022\/11\/Maurizio-Fonti-FIT.jpeg\" data-dt-img-description=\"\" data-large_image_width=\"668\" data-large_image_height=\"1024\"><img loading=\"lazy\" decoding=\"async\" class=\"wp-image-306380 alignleft\" src=\"https:\/\/www.radiopiu.net\/wordpress\/wp-content\/uploads\/2022\/11\/Maurizio-Fonti-FIT-196x300.jpeg\" alt=\"\" width=\"88\" height=\"135\" srcset=\"https:\/\/www.radiopiu.net\/wordpress\/wp-content\/uploads\/2022\/11\/Maurizio-Fonti-FIT-196x300.jpeg 196w, https:\/\/www.radiopiu.net\/wordpress\/wp-content\/uploads\/2022\/11\/Maurizio-Fonti-FIT.jpeg 668w\" sizes=\"auto, (max-width: 88px) 100vw, 88px\" \/><\/a>BELLUNO <\/strong>Maurizio Fonti, 54 anni, siciliano di origine e trevigiano di adozione, \u00e8 il nuovo segretario del presidio di Belluno Treviso della Fit Cisl, la Federazione dei trasporti, della logistica e dell\u2019igiene ambientale \u00c8 stato eletto dal Consiglio direttivo della categoria nella mattina di luned\u00ec 14 novembre a Vittorio Veneto. Si tratta di un ritorno a Treviso per il neo-segretario, che ha infatti gi\u00e0 guidato la Fit territoriale dal 2006 al 2011, anno in cui \u00e8 entrato in segreteria regionale con deleghe all\u2019igiene ambientale e all\u2019autotrasporto. Subentra ad Angelo Barrovecchio, al timone della Fit Belluno Treviso dal febbraio 2021 come segretario reggente. Confermati in segreteria il vittoriese Alessandro Bagagiolo, 51 anni, RSU in Contarina e Stefano Bergamin, 55 anni, di Castelfranco Veneto, coordinatore RSU in Mom.<\/p>\n<p><strong>MAURIZIO FONTI, FIT CISL<\/strong><\/p>\n<audio class=\"wp-audio-shortcode\" id=\"audio-306245-5\" preload=\"none\" style=\"width: 100%;\" controls=\"controls\"><source type=\"audio\/mpeg\" src=\"https:\/\/www.radiopiu.net\/wordpress\/wp-content\/uploads\/2022\/11\/MAURIZIO-FONTI-CISL.mp3?_=5\" \/><a href=\"https:\/\/www.radiopiu.net\/wordpress\/wp-content\/uploads\/2022\/11\/MAURIZIO-FONTI-CISL.mp3\">https:\/\/www.radiopiu.net\/wordpress\/wp-content\/uploads\/2022\/11\/MAURIZIO-FONTI-CISL.mp3<\/a><\/audio>\n<p>&nbsp;<\/p>\n<p>&nbsp;<\/p>\n<p>&nbsp;<\/p>\n<hr \/>\n<p>&nbsp;<\/p>\n<div class=\"page-title-head hgroup\">\n<blockquote>\n<h3 class=\"entry-title\">LA CASTAGNATA CON GLI ALPINI DI SAN TOMASO<\/h3>\n<\/blockquote>\n<\/div>\n<p><strong>SAN TOMASO<\/strong> Anche gli alpini di San Tomaso hanno nuovamente rispettato la tradizionale castagnata con i bambini della scuola materna di San Tomaso, al termine della festa sono state donate delle palline natalizie dipinte a mano,a sua volta loro hanno cantato consegnando agli alpini dei disegni come ringraziamento .<a class=\"dt-pswp-item\" href=\"https:\/\/www.radiopiu.net\/wordpress\/wp-content\/uploads\/2022\/11\/76432942-cd19-4fe2-b9df-624c6cc740da.jpg\" data-dt-img-description=\"\" data-large_image_width=\"1600\" data-large_image_height=\"1200\"><img loading=\"lazy\" decoding=\"async\" class=\"size-medium wp-image-306285 alignleft\" src=\"https:\/\/www.radiopiu.net\/wordpress\/wp-content\/uploads\/2022\/11\/76432942-cd19-4fe2-b9df-624c6cc740da-300x225.jpg\" alt=\"\" width=\"300\" height=\"225\" srcset=\"https:\/\/www.radiopiu.net\/wordpress\/wp-content\/uploads\/2022\/11\/76432942-cd19-4fe2-b9df-624c6cc740da-300x225.jpg 300w, https:\/\/www.radiopiu.net\/wordpress\/wp-content\/uploads\/2022\/11\/76432942-cd19-4fe2-b9df-624c6cc740da-1024x768.jpg 1024w, https:\/\/www.radiopiu.net\/wordpress\/wp-content\/uploads\/2022\/11\/76432942-cd19-4fe2-b9df-624c6cc740da-768x576.jpg 768w, https:\/\/www.radiopiu.net\/wordpress\/wp-content\/uploads\/2022\/11\/76432942-cd19-4fe2-b9df-624c6cc740da-1536x1152.jpg 1536w, https:\/\/www.radiopiu.net\/wordpress\/wp-content\/uploads\/2022\/11\/76432942-cd19-4fe2-b9df-624c6cc740da.jpg 1600w\" sizes=\"auto, (max-width: 300px) 100vw, 300px\" \/><\/a><\/p>\n<p>&nbsp;<\/p>\n<blockquote>\n<h3>L&#8217;ASSEMBLEA DEGLI ALPINI DI ALLEGHE<\/h3>\n<\/blockquote>\n<p><strong>ALLEGHE<\/strong> Domenica 20 novembre\u00a0 assemblea annuale del gruppo alpini Monte Civetta, alle 10.15 ritrovo in Municipio e successiva sfilata fino alla chiesa di San Biagio per la messa delle 10.30. Alle 11.30 assemblea annuale nelle sede di Masar\u00e8 (relazione morale e finanziaria, approvazione bilanci, tesseramento e attivit\u00e0), 13 pranzo all&#8217;Hotel alle Alpi<\/p>\n<p>&nbsp;<\/p>\n<p>&nbsp;<\/p>\n<p>&nbsp;<\/p>\n<p>&nbsp;<\/p>\n<p>&nbsp;<\/p>\n<hr \/>\n<p><strong>\u00a0 \u00a0<\/strong><\/p>\n<blockquote>\n<h3>NUOVO A.D. OLIMPIADI MILANO-CORTINA 2026. BERTON: \u201cBUON LAVORO A VARNIER. ORA SI ENTRI NELLA PIENA OPERATIVIT\u00c0. LA MONTAGNA SIA CENTRALE\u201d<\/h3>\n<\/blockquote>\n<p><strong><a class=\"dt-pswp-item\" href=\"https:\/\/www.radiopiu.net\/wordpress\/wp-content\/uploads\/2019\/10\/Lorraine_Berton-1.jpg\" data-dt-img-description=\"\" data-large_image_width=\"767\" data-large_image_height=\"768\"><img loading=\"lazy\" decoding=\"async\" class=\"wp-image-104180 alignleft\" src=\"https:\/\/www.radiopiu.net\/wordpress\/wp-content\/uploads\/2019\/10\/Lorraine_Berton-1-300x300.jpg\" alt=\"\" width=\"132\" height=\"132\" srcset=\"https:\/\/www.radiopiu.net\/wordpress\/wp-content\/uploads\/2019\/10\/Lorraine_Berton-1-300x300.jpg 300w, https:\/\/www.radiopiu.net\/wordpress\/wp-content\/uploads\/2019\/10\/Lorraine_Berton-1-150x150.jpg 150w, https:\/\/www.radiopiu.net\/wordpress\/wp-content\/uploads\/2019\/10\/Lorraine_Berton-1.jpg 767w\" sizes=\"auto, (max-width: 132px) 100vw, 132px\" \/><\/a>BELLUNO <\/strong>\u201cC\u2019\u00e8 tanto lavoro da fare e nemmeno un minuto da perdere: alle Olimpiadi mancano poco pi\u00f9 di tre anni. Penso che le competenze da manager maturate in ambito sportivo da Andrea Varnier possano fare la differenza e dare impulso a una macchina che deve entrare una volta per tutte nella sua piena operativit\u00e0\u201d. A dirlo \u00e8 Lorraine Berton, presidente di Confindustria Belluno Dolomiti, dopo l\u2019ufficializzazione della nomina del nuovo amministratore delegato della Fondazione Milano Cortina 2026. \u201cCortina e la montagna bellunese saranno il cuore pulsante di queste Olimpiadi e sono certa che Varnier sapr\u00e0 valorizzare al meglio il nostro patrimonio paesaggistico, sociale e imprenditoriale. Anche per questo come Associazione e imprese del territorio ci mettiamo a sua disposizione in termini di idee e operativit\u00e0. Siamo pronti a collaborare insieme\u201d, afferma Berton. \u201cAl nuovo amministratore delegato va quindi l\u2019augurio di buon lavoro, mentre al Governo sottolineo l\u2019urgenza di accelerare sul fronte delle infrastrutture utili al Bellunese. Come ribadito dal presidente Carlo Bonomi sabato a Mogliano per l\u2019assemblea delle piccole imprese, serve semplificare le procedure e arrivare alla nomina di commissari per velocizzare le opere\u201d, prosegue Berton.<\/p>\n<p>&nbsp;<\/p>\n<blockquote>\n<h3>IL PRESIDENTE PADRIN AUGURA BUON LAVORO A VARNIER<\/h3>\n<\/blockquote>\n<p><strong>BELLUNO <\/strong>\u00abCongratulazioni ad Andrea Varnier. L\u2019esperienza da manager, unita alla passione e alle competenze maturate in molti eventi sportivi planetari, sar\u00e0 la chiave di volta su cui costruire insieme il successo delle Olimpiadi di Milano-Cortina\u00bb. Cos\u00ec il presidente della Provincia di Belluno Roberto Padrin, alla nomina di Andrea Varnier quale amministratore delegato di Fondazione Milano Cortina 2026. \u00abAuguro a lui buon lavoro. E al territorio bellunese di saper cogliere le opportunit\u00e0 offerte non solo dalle gare sportive dei Giochi olimpici e paralimpici, ma anche da tutto il sistema di eventi e visibilit\u00e0 che nascer\u00e0 da qui al 2026. Dovremo saper sfruttare l\u2019onda lunga e fin da subito assicuro a Varnier la massima collaborazione dell\u2019ente Provincia per costruire insieme sinergie utili al territorio\u00bb.<\/p>\n<p>&nbsp;<\/p>\n<p>&nbsp;<\/p>\n<hr \/>\n<p>&nbsp;<\/p>\n<blockquote>\n<h3>UN SUCCESSO LA FIERA DI SAN MARTINO A BELLUNO<\/h3>\n<\/blockquote>\n<p><strong><a class=\"dt-pswp-item\" href=\"https:\/\/www.radiopiu.net\/wordpress\/wp-content\/uploads\/2022\/11\/0875cc9b-f213-4438-b546-a4a8aca79866.jpg\" data-dt-img-description=\"\" data-large_image_width=\"2048\" data-large_image_height=\"1536\"><img loading=\"lazy\" decoding=\"async\" class=\" wp-image-306426 alignleft\" src=\"https:\/\/www.radiopiu.net\/wordpress\/wp-content\/uploads\/2022\/11\/0875cc9b-f213-4438-b546-a4a8aca79866-300x225.jpg\" alt=\"\" width=\"160\" height=\"120\" srcset=\"https:\/\/www.radiopiu.net\/wordpress\/wp-content\/uploads\/2022\/11\/0875cc9b-f213-4438-b546-a4a8aca79866-300x225.jpg 300w, https:\/\/www.radiopiu.net\/wordpress\/wp-content\/uploads\/2022\/11\/0875cc9b-f213-4438-b546-a4a8aca79866-1024x768.jpg 1024w, https:\/\/www.radiopiu.net\/wordpress\/wp-content\/uploads\/2022\/11\/0875cc9b-f213-4438-b546-a4a8aca79866-768x576.jpg 768w, https:\/\/www.radiopiu.net\/wordpress\/wp-content\/uploads\/2022\/11\/0875cc9b-f213-4438-b546-a4a8aca79866-1536x1152.jpg 1536w, https:\/\/www.radiopiu.net\/wordpress\/wp-content\/uploads\/2022\/11\/0875cc9b-f213-4438-b546-a4a8aca79866.jpg 2048w\" sizes=\"auto, (max-width: 160px) 100vw, 160px\" \/><\/a>BELLUNO<\/strong> Una giornata di sole ha segnato la Fiera di San Martino a Belluno: grande successo di pubblico per la festa del santo patrono del capoluogo, che ha visto anche una grande affluenza al Museo di Palazzo Fulcis.<\/p>\n<p><strong>di Daniele Dalvit<\/strong><\/p>\n<audio class=\"wp-audio-shortcode\" id=\"audio-306245-6\" preload=\"none\" style=\"width: 100%;\" controls=\"controls\"><source type=\"audio\/mpeg\" src=\"https:\/\/www.radiopiu.net\/wordpress\/wp-content\/uploads\/2022\/11\/DALVIT-SAN-MARTINO.mp3?_=6\" \/><a href=\"https:\/\/www.radiopiu.net\/wordpress\/wp-content\/uploads\/2022\/11\/DALVIT-SAN-MARTINO.mp3\">https:\/\/www.radiopiu.net\/wordpress\/wp-content\/uploads\/2022\/11\/DALVIT-SAN-MARTINO.mp3<\/a><\/audio>\n<p>&nbsp;<\/p>\n<hr \/>\n<p>&nbsp;<\/p>\n<blockquote>\n<h3>IN PROVINCIA DI BELLUNO 1375 PERSONE ATTUALMENTE POSITIVE. UN DECESSO COVID NELLA SETTIMANA APPENA TRASCORSA<\/h3>\n<\/blockquote>\n<p><strong>BELLUNO<\/strong> Aggiornamento settimanale a cura dell&#8217;Ulss 1 Dolomiti sull&#8217;andamento epidemiologico covid-19. Le persone attualmente positive sono 1375. <span lang=\"it-IT\">L\u2019incidenza settimanale si attesta su valori prossimi a 400 su 100 mila abitanti. Tale incidenza \u00e8 stata calcolata, come da ultime indicazioni, tenendo conto delle reinfezioni a carico di soggetti precedentemente classificati come casi covid.\u00a0 <\/span><span lang=\"it-IT\">Pur se, come indicato, con chiari segni di rallentamento, la circolazione virale appare comunque ancora significativa. <\/span>Nella settimana scorsa sono stati eseguiti dai team dell\u2019Ulss Dolomiti 5.096 tamponi (di cui 1.974 molecolari e 3.122 antigenici). A questi si aggiungono 1.740 tamponi antigenici eseguiti dalle Farmacie del territorio, 70 tamponi eseguiti dai Pediatri di Libera scelta e 216 tamponi eseguiti dai Medici di Medicina Generale. In media, ogni giorno vengono eseguiti circa 510 tamponi ogni 100 mila abitanti. Sono stati somministrati 4 trattamenti con anticorpi monoclonali dall\u2019Unit\u00e0 Operativa di Malattie Infettive di Belluno, per un totale di 519 dosi complessive; sono stati prescritti 8 trattamenti con farmaco antivirale orale per un totale di 516 trattamenti complessivi. Negli ospedali bellunesi sono ricoverate 59 persone in area non critica di cui 36 non covid, un paziente in terapia intensiva e 8 negli ospedali di comunit\u00e0. Si registra un decesso covidnegli ultimi sette giorni, un uomo di 79 anni.<\/p>\n\n\t\t\t<style type='text\/css'>\n\t\t\t\t#gallery-3 {\n\t\t\t\t\tmargin: auto;\n\t\t\t\t}\n\t\t\t\t#gallery-3 .gallery-item {\n\t\t\t\t\tfloat: left;\n\t\t\t\t\tmargin-top: 10px;\n\t\t\t\t\ttext-align: center;\n\t\t\t\t\twidth: 33%;\n\t\t\t\t}\n\t\t\t\t#gallery-3 img {\n\t\t\t\t\tborder: 2px solid #cfcfcf;\n\t\t\t\t}\n\t\t\t\t#gallery-3 .gallery-caption {\n\t\t\t\t\tmargin-left: 0;\n\t\t\t\t}\n\t\t\t\t\/* see gallery_shortcode() in wp-includes\/media.php *\/\n\t\t\t<\/style>\n\t\t<div id='gallery-3' class='dt-gallery-container gallery galleryid-306245 gallery-columns-3 gallery-size-thumbnail'><dl class='gallery-item'>\n\t\t\t\t<dt class='gallery-icon landscape'>\n\t\t\t\t\t<a class=\"rollover rollover-zoom dt-pswp-item\" title=\"8f7b06a1-9a7e-4b9f-a81e-5f464b85277d\" data-dt-img-description=\"\" data-large_image_width=\"1766\" data-large_image_height=\"920\"href='https:\/\/www.radiopiu.net\/wordpress\/wp-content\/uploads\/2022\/11\/8f7b06a1-9a7e-4b9f-a81e-5f464b85277d.jpg'><img loading=\"lazy\" decoding=\"async\" width=\"150\" height=\"150\" src=\"https:\/\/www.radiopiu.net\/wordpress\/wp-content\/uploads\/2022\/11\/8f7b06a1-9a7e-4b9f-a81e-5f464b85277d-150x150.jpg\" class=\"attachment-thumbnail size-thumbnail\" alt=\"\" \/><\/a>\n\t\t\t\t<\/dt><\/dl><dl class='gallery-item'>\n\t\t\t\t<dt class='gallery-icon portrait'>\n\t\t\t\t\t<a class=\"rollover rollover-zoom dt-pswp-item\" title=\"c18aad75-9ff5-46a9-8d8b-e57e54c8af0f\" data-dt-img-description=\"\" data-large_image_width=\"921\" data-large_image_height=\"1079\"href='https:\/\/www.radiopiu.net\/wordpress\/wp-content\/uploads\/2022\/11\/c18aad75-9ff5-46a9-8d8b-e57e54c8af0f.jpg'><img loading=\"lazy\" decoding=\"async\" width=\"150\" height=\"150\" src=\"https:\/\/www.radiopiu.net\/wordpress\/wp-content\/uploads\/2022\/11\/c18aad75-9ff5-46a9-8d8b-e57e54c8af0f-150x150.jpg\" class=\"attachment-thumbnail size-thumbnail\" alt=\"\" \/><\/a>\n\t\t\t\t<\/dt><\/dl><dl class='gallery-item'>\n\t\t\t\t<dt class='gallery-icon landscape'>\n\t\t\t\t\t<a class=\"rollover rollover-zoom dt-pswp-item\" title=\"b3015908-387b-471c-a629-c28fb124539a\" data-dt-img-description=\"\" data-large_image_width=\"899\" data-large_image_height=\"587\"href='https:\/\/www.radiopiu.net\/wordpress\/wp-content\/uploads\/2022\/11\/b3015908-387b-471c-a629-c28fb124539a.jpg'><img loading=\"lazy\" decoding=\"async\" width=\"150\" height=\"150\" src=\"https:\/\/www.radiopiu.net\/wordpress\/wp-content\/uploads\/2022\/11\/b3015908-387b-471c-a629-c28fb124539a-150x150.jpg\" class=\"attachment-thumbnail size-thumbnail\" alt=\"\" \/><\/a>\n\t\t\t\t<\/dt><\/dl><br style=\"clear: both\" \/>\n\t\t\t<\/div>\n\n<p>&nbsp;<\/p>\n<hr \/>\n<p>&nbsp;<\/p>\n<p><strong>DI TIZIANO DE COL\u00a0\u00a0<\/strong><\/p>\n\n\t\t\t<style type='text\/css'>\n\t\t\t\t#gallery-4 {\n\t\t\t\t\tmargin: auto;\n\t\t\t\t}\n\t\t\t\t#gallery-4 .gallery-item {\n\t\t\t\t\tfloat: left;\n\t\t\t\t\tmargin-top: 10px;\n\t\t\t\t\ttext-align: center;\n\t\t\t\t\twidth: 50%;\n\t\t\t\t}\n\t\t\t\t#gallery-4 img {\n\t\t\t\t\tborder: 2px solid #cfcfcf;\n\t\t\t\t}\n\t\t\t\t#gallery-4 .gallery-caption {\n\t\t\t\t\tmargin-left: 0;\n\t\t\t\t}\n\t\t\t\t\/* see gallery_shortcode() in wp-includes\/media.php *\/\n\t\t\t<\/style>\n\t\t<div id='gallery-4' class='dt-gallery-container gallery galleryid-306245 gallery-columns-2 gallery-size-medium'><dl class='gallery-item'>\n\t\t\t\t<dt class='gallery-icon landscape'>\n\t\t\t\t\t<a class=\"rollover rollover-zoom dt-pswp-item\" title=\"ea9b652b-4d7a-4b79-a4b9-0838f57a1262\" data-dt-img-description=\"\" data-large_image_width=\"591\" data-large_image_height=\"364\"href='https:\/\/www.radiopiu.net\/wordpress\/wp-content\/uploads\/2022\/11\/ea9b652b-4d7a-4b79-a4b9-0838f57a1262.jpg'><img loading=\"lazy\" decoding=\"async\" width=\"300\" height=\"185\" src=\"https:\/\/www.radiopiu.net\/wordpress\/wp-content\/uploads\/2022\/11\/ea9b652b-4d7a-4b79-a4b9-0838f57a1262-300x185.jpg\" class=\"attachment-medium size-medium\" alt=\"\" srcset=\"https:\/\/www.radiopiu.net\/wordpress\/wp-content\/uploads\/2022\/11\/ea9b652b-4d7a-4b79-a4b9-0838f57a1262-300x185.jpg 300w, https:\/\/www.radiopiu.net\/wordpress\/wp-content\/uploads\/2022\/11\/ea9b652b-4d7a-4b79-a4b9-0838f57a1262.jpg 591w\" sizes=\"auto, (max-width: 300px) 100vw, 300px\" \/><\/a>\n\t\t\t\t<\/dt><\/dl><dl class='gallery-item'>\n\t\t\t\t<dt class='gallery-icon landscape'>\n\t\t\t\t\t<a class=\"rollover rollover-zoom dt-pswp-item\" title=\"bccf7616-b74d-41c7-86bf-4c283c8db377\" data-dt-img-description=\"\" data-large_image_width=\"570\" data-large_image_height=\"366\"href='https:\/\/www.radiopiu.net\/wordpress\/wp-content\/uploads\/2022\/11\/bccf7616-b74d-41c7-86bf-4c283c8db377.jpg'><img loading=\"lazy\" decoding=\"async\" width=\"300\" height=\"193\" src=\"https:\/\/www.radiopiu.net\/wordpress\/wp-content\/uploads\/2022\/11\/bccf7616-b74d-41c7-86bf-4c283c8db377-300x193.jpg\" class=\"attachment-medium size-medium\" alt=\"\" srcset=\"https:\/\/www.radiopiu.net\/wordpress\/wp-content\/uploads\/2022\/11\/bccf7616-b74d-41c7-86bf-4c283c8db377-300x193.jpg 300w, https:\/\/www.radiopiu.net\/wordpress\/wp-content\/uploads\/2022\/11\/bccf7616-b74d-41c7-86bf-4c283c8db377.jpg 570w\" sizes=\"auto, (max-width: 300px) 100vw, 300px\" \/><\/a>\n\t\t\t\t<\/dt><\/dl><br style=\"clear: both\" \/>\n\t\t\t<\/div>\n\n<p>&nbsp;<\/p>\n<blockquote class=\"wp-embedded-content\" data-secret=\"HpE9FWMJn6\"><p><a href=\"https:\/\/www.radiopiu.net\/wordpress\/aziendazeronovembre14\/\">OTTO DECESSI, 1229 NUOVI POSITIVI IN 24 ORE NEL VENETO. AUMENTO DEI RICOVERI<\/a><\/p><\/blockquote>\n<p><iframe loading=\"lazy\" class=\"wp-embedded-content\" sandbox=\"allow-scripts\" security=\"restricted\" style=\"position: absolute; clip: rect(1px, 1px, 1px, 1px);\" title=\"&#8220;OTTO DECESSI, 1229 NUOVI POSITIVI IN 24 ORE NEL VENETO. AUMENTO DEI RICOVERI&#8221; &#8212; Radio Pi\u00f9\" src=\"https:\/\/www.radiopiu.net\/wordpress\/aziendazeronovembre14\/embed\/#?secret=uy84hf0rc8#?secret=HpE9FWMJn6\" data-secret=\"HpE9FWMJn6\" width=\"600\" height=\"338\" frameborder=\"0\" marginwidth=\"0\" marginheight=\"0\" scrolling=\"no\"><\/iframe><\/p>\n<p>&nbsp;<\/p>\n<p>&nbsp;<\/p>\n<p><strong><span style=\"color: #ff0000;\">IERI ALLA RADIO\u00a0<\/span><\/strong><\/p>\n<blockquote class=\"wp-embedded-content\" data-secret=\"m2q60vvjZv\"><p><a href=\"https:\/\/www.radiopiu.net\/wordpress\/306256-2\/\">CARO SINDACO, E&#8217; DAVVERO CONVINTA CHE CON LA RIAPERTURA ALLE AUTO  IN CENTRO SI POSSANO RISOLVERE I PROBLEMI DEL COMMERCIO?<\/a><\/p><\/blockquote>\n<p><iframe loading=\"lazy\" class=\"wp-embedded-content\" sandbox=\"allow-scripts\" security=\"restricted\" style=\"position: absolute; clip: rect(1px, 1px, 1px, 1px);\" title=\"&#8220;CARO SINDACO, E&#8217; DAVVERO CONVINTA CHE CON LA RIAPERTURA ALLE AUTO  IN CENTRO SI POSSANO RISOLVERE I PROBLEMI DEL COMMERCIO?&#8221; &#8212; Radio Pi\u00f9\" src=\"https:\/\/www.radiopiu.net\/wordpress\/306256-2\/embed\/#?secret=ZsPLNUWbOv#?secret=m2q60vvjZv\" data-secret=\"m2q60vvjZv\" width=\"600\" height=\"338\" frameborder=\"0\" marginwidth=\"0\" marginheight=\"0\" scrolling=\"no\"><\/iframe><\/p>\n<p>&nbsp;<\/p>\n<p>&nbsp;<\/p>\n<p><strong><span style=\"color: #ff0000;\">ARCHIVIO RADIOPIU<\/span><\/strong><\/p>\n<blockquote class=\"wp-embedded-content\" data-secret=\"7a4NoHoRX2\"><p><a href=\"https:\/\/www.radiopiu.net\/wordpress\/viabilita-feltrina-il-questionario-della-fiab-feltreinbici-e-pst-feltre\/\">VIABILITA&#8217; FELTRINA, IL QUESTIONARIO DELLA FIAB FELTREINBICI E PST FELTRE<\/a><\/p><\/blockquote>\n<p><iframe loading=\"lazy\" class=\"wp-embedded-content\" sandbox=\"allow-scripts\" security=\"restricted\" style=\"position: absolute; clip: rect(1px, 1px, 1px, 1px);\" title=\"&#8220;VIABILITA&#8217; FELTRINA, IL QUESTIONARIO DELLA FIAB FELTREINBICI E PST FELTRE&#8221; &#8212; Radio Pi\u00f9\" src=\"https:\/\/www.radiopiu.net\/wordpress\/viabilita-feltrina-il-questionario-della-fiab-feltreinbici-e-pst-feltre\/embed\/#?secret=yllkPB5Owi#?secret=7a4NoHoRX2\" data-secret=\"7a4NoHoRX2\" width=\"600\" height=\"338\" frameborder=\"0\" marginwidth=\"0\" marginheight=\"0\" scrolling=\"no\"><\/iframe><\/p>\n<p>&nbsp;<\/p>\n<p>&nbsp;<\/p>\n<hr \/>\n<p>&nbsp;<\/p>\n<blockquote>\n<h3>SANITA\u2019. LANZARIN RISPONDE A FIMMG SU BANDO FORMAZIONE MEDICI DI BASE. \u201cNESSUNA INERZIA DA PARTE DELLA REGIONE\u201d<\/h3>\n<\/blockquote>\n<p><strong><a class=\"dt-pswp-item\" href=\"https:\/\/www.radiopiu.net\/wordpress\/wp-content\/uploads\/2021\/02\/LANZARIN.png\" data-dt-img-description=\"\" data-large_image_width=\"1092\" data-large_image_height=\"1014\"><img loading=\"lazy\" decoding=\"async\" class=\" wp-image-194081 alignleft\" src=\"https:\/\/www.radiopiu.net\/wordpress\/wp-content\/uploads\/2021\/02\/LANZARIN-300x279.png\" alt=\"\" width=\"155\" height=\"144\" srcset=\"https:\/\/www.radiopiu.net\/wordpress\/wp-content\/uploads\/2021\/02\/LANZARIN-300x279.png 300w, https:\/\/www.radiopiu.net\/wordpress\/wp-content\/uploads\/2021\/02\/LANZARIN-1024x951.png 1024w, https:\/\/www.radiopiu.net\/wordpress\/wp-content\/uploads\/2021\/02\/LANZARIN-768x713.png 768w, https:\/\/www.radiopiu.net\/wordpress\/wp-content\/uploads\/2021\/02\/LANZARIN.png 1092w\" sizes=\"auto, (max-width: 155px) 100vw, 155px\" \/><\/a>VENEZIA <\/strong>\u201cNon c\u2019\u00e8 alcuna inerzia della Regione Veneto nell\u2019indizione del bando di concorso per l\u2019ammissione al corso di formazione specifica in medicina generale per il triennio 2022-2025. Credo che anche la Fimmg sia al corrente che tutte le Regioni sono allineate per uscire in modo coordinato con il bando ordinario, ma ci sono alcune questioni che devono ancora essere risolte a livello nazionale. Per quanto mi riguarda confermo che in Veneto i pensionamenti previsti tra il 2023 e il 2025 sono 462, contro 700 giovani medici che si diplomeranno nello stesso periodo. Non c\u2019\u00e8 quindi nessun ritardo e nessuna diminuzione dei numeri programmati\u201d. Cos\u00ec l\u2019Assessore alla Sanit\u00e0 della Regione Veneto risponde all\u2019allarme della Fimmg regionale su un presunto ritardo del bando per creare nuovi medici di medicina generale tra il 2022 e il 2025.<\/p>\n<p>&nbsp;<\/p>\n<p>&nbsp;<\/p>\n<p>&nbsp;<\/p>\n<p>&nbsp;<\/p>\n<hr \/>\n<p>&nbsp;<\/p>\n<blockquote>\n<h3>LA BIBLIOTECA STORICA SVELA I SUOI TESORI ALLE SCUOLE<\/h3>\n<\/blockquote>\n<p><strong><a class=\"dt-pswp-item\" href=\"https:\/\/www.radiopiu.net\/wordpress\/wp-content\/uploads\/2022\/11\/Laboratorio-biblioteca-storica-scaled.jpg\" data-dt-img-description=\"\" data-large_image_width=\"2560\" data-large_image_height=\"1920\"><img loading=\"lazy\" decoding=\"async\" class=\" wp-image-306405 alignleft\" src=\"https:\/\/www.radiopiu.net\/wordpress\/wp-content\/uploads\/2022\/11\/Laboratorio-biblioteca-storica-300x225.jpg\" alt=\"\" width=\"156\" height=\"117\" srcset=\"https:\/\/www.radiopiu.net\/wordpress\/wp-content\/uploads\/2022\/11\/Laboratorio-biblioteca-storica-300x225.jpg 300w, https:\/\/www.radiopiu.net\/wordpress\/wp-content\/uploads\/2022\/11\/Laboratorio-biblioteca-storica-1024x768.jpg 1024w, https:\/\/www.radiopiu.net\/wordpress\/wp-content\/uploads\/2022\/11\/Laboratorio-biblioteca-storica-768x576.jpg 768w, https:\/\/www.radiopiu.net\/wordpress\/wp-content\/uploads\/2022\/11\/Laboratorio-biblioteca-storica-1536x1152.jpg 1536w, https:\/\/www.radiopiu.net\/wordpress\/wp-content\/uploads\/2022\/11\/Laboratorio-biblioteca-storica-2048x1536.jpg 2048w\" sizes=\"auto, (max-width: 156px) 100vw, 156px\" \/><\/a>FELTRE <\/strong>La Biblioteca Storica di Feltre apre le porte ai bambini di quarta e quinta elementare con una serie di iniziative volte a promuovere la conoscenza del patrimonio documentario in essa conservato. Sar\u00e0 una faccenda polverosa? Tutt&#8217;altro! Gli scaffali della Storica conservano veri e propri tesori, basta solo saperli vedere. Per rendersene conto basta scorrere i titoli dei laboratori preparati da Arianna Viesi, Dottore di Ricerca presso il Dipartimento di Lettere e Filosofia dell&#8217;Universit\u00e0 di Trento:\u00a0Volta la carta. Dalle tavolette cerate alla carta di stracci, passando per fascicoli e legature. Datemi una penna (e vi sollever\u00f2 il mondo). Mille e una scrittura in un mondo di carta e d&#8217;inchiostro. Per fare un libro ci vuole carattere. Alla scoperta dei libri antichi: tra torchi, frontespizi e marche tipografiche Ciascun appuntamento, della durata di un&#8217;ora e mezza, permetter\u00e0 gratuitamente ai bimbi di scoprire aspetti differenti del mondo del libro antico, con incursioni tra antiche scritture, tecniche di produzione di pergamena e carta, metodi di legatura, pratiche di stampa, attenzioni e cure conservative. Per ogni argomento i bambini potranno sperimentare, calandosi nelle vesti di copisti, stampatori, maestri cartai ed imparando \u201cfacendo\u201d storia e storie del patrimonio librario conservato nella Biblioteca Storica.<\/p>\n<p>&nbsp;<\/p>\n<p>&nbsp;<\/p>\n<hr \/>\n<p>&nbsp;<\/p>\n<div class=\"page-title-head hgroup\">\n<h1 class=\"entry-title\">A PAOLA\u2026<\/h1>\n<\/div>\n<div class=\"page-title-breadcrumbs\">\n<p><strong><a class=\"dt-pswp-item\" href=\"https:\/\/www.radiopiu.net\/wordpress\/wp-content\/uploads\/2022\/11\/Senza-nome-58.jpg\" data-dt-img-description=\"\" data-large_image_width=\"538\" data-large_image_height=\"712\"><img loading=\"lazy\" decoding=\"async\" class=\"size-medium wp-image-306450 alignleft\" src=\"https:\/\/www.radiopiu.net\/wordpress\/wp-content\/uploads\/2022\/11\/Senza-nome-58-227x300.jpg\" alt=\"\" width=\"227\" height=\"300\" srcset=\"https:\/\/www.radiopiu.net\/wordpress\/wp-content\/uploads\/2022\/11\/Senza-nome-58-227x300.jpg 227w, https:\/\/www.radiopiu.net\/wordpress\/wp-content\/uploads\/2022\/11\/Senza-nome-58.jpg 538w\" sizes=\"auto, (max-width: 227px) 100vw, 227px\" \/><\/a>RADIOPIU<\/strong> <em>&#8220;Ma lo sai che siamo anche un po&#8217; parenti?&#8221;&#8230;<\/em> No non lo sapevo, lo ho scoperto quella sera, pi\u00f9 o meno all&#8217;inizio degli anni novanta\u00a0 in attesa di un piatto caldo, perch\u00e9 capitava spesso, dopo le partite del mio Alleghe Hockey,\u00a0 che Paola mi invitava al suo tavolo ed era sempre un momento piacevole,\u00a0 perch\u00e9 non si parlava solo di hockey, ma di vita amministrativa del paese, quello che andava e quello che non andava, di fiori, meravigliose composizioni che adornavano nella bella stagione i poggioli dello Zunaia, io l&#8217;ho sempre chiamato cos\u00ec, pi\u00f9 tardi anche dell&#8217;Albergo alle Alpi in piazza Kennedy. Oppure quando arrivava l&#8217;occasione per invitare la gente a contribuire, perch\u00e9 Paola non si risparmiava nemmeno nella solidariet\u00e0 organizzando eventi, chiamando ripetutamente la Radio Pi\u00f9,\u00a0 perch\u00e9 non si dimenticasse di ricordare gli appuntamenti e informare gli ascoltatori.<em> &#8220;E domani che \u00e8 l&#8217;ultimo dell&#8217;anno cosa fai? Perch\u00e9 non vieni qui?&#8221;.<\/em>..Inviti inaspettati, in quegli anni, pagati i gettoni della Sip per le dirette telefoniche dell&#8217;Alleghe Hockey,\u00a0 non rimanevano tante lire in tasca, quell&#8217;invito ti faceva respirare e fare bella figura con la morosa di allora.\u00a0 Paola ha voluto bene alla Radio Pi\u00f9, e lo ha dimostrato concretamente in pi\u00f9 di un&#8217;occasione, mettendomi in prima fila anche quando organizzava quelle manifestazioni musicali in piazza, mica per tirare su soldi, ma per dare qualche cosa in pi\u00f9 alla Alleghe Turistica. Un male di famiglia visto quanto ha fatto negli anni Silvano, il suo compagno di una vita e non solo nell&#8217;organizzare la TransCivetta (premiato con il premio alla Cultura dal circolo culturale Agordino un tot di anni fa), o la gara di San Bartolomeo, o la Superbike, o il Giro della Grande Guerra inventato da lui e dalla allora Media Pi\u00f9 con l&#8217;incondizionato appoggio della Radio e Agordino Pi\u00f9 Notizie il mensile degli agordini,\u00a0 o gli eventi culturali,\u00a0 o ogni altra iniziativa per catalizzare l&#8217;attenzione del turista. <em>&#8220;Ma lo sai o no che siamo anche un po&#8217; parenti?&#8221;\u00a0<\/em>Frase che non ho mai dimenticato, per questo gi\u00e0 quella sera avevo fatto pulizia nella memoria scanerizzando\u00a0 l&#8217;albero genealogico. Proprio vero, un po&#8217; alla lontana ma neanche tanto, le nostre nonne erano prime cugine. Un motivo in pi\u00f9 per legare con Paola &#8220;Tecia&#8221; Benevegn\u00f9. Perch\u00e9 oggi? Perch\u00e9 facendo pulizia mi \u00e8 arrivata tra le mani la foto, con quegli occhiali bianchi,\u00a0 quella che pi\u00f9 me la ricorda, e la rappresenta. Che in qualche occasione ha spostato per lasciare scendere qualche lacrima, \u00e8 successo anche questo con Paola, perch\u00e9 spesso diventava la confidente e non certo per commentare le sconfitte dell&#8217;Alleghe. Il giorno dell&#8217;incidente di Sabrina, in quel bar, poco prima della semifinale con il Milano, dopo la telefonata di Christian il Carabinieri ad Agordo,\u00a0 che ha cambiato la vita di tanti,\u00a0 \u00e8 stata la prima che mi ha guardato, che ha capito, che ha iniziato a soffrire il momento, l&#8217;inizio del dramma.<br \/>\nNon ti dimentico Paola, non ti dimentica chi ti ha voluto bene e solo dopo ha capito la tua importanza per la tua famiglia, la tua Alleghe, il turismo in riva al lago.<br \/>\nMirko<\/p>\n<p>&nbsp;<\/p>\n<p>&nbsp;<\/p>\n<p>&nbsp;<\/p>\n<\/div>\n<p>&nbsp;<\/p>\n<hr \/>\n<p>&nbsp;<\/p>\n<blockquote>\n<h3>L&#8217;UNIONE ITALIANA CIECHI IN VISITA ALLA BIRRERIA PEDAVENA<\/h3>\n<\/blockquote>\n<p><strong>PEDAVENA<\/strong> Il 16 ottobre, in Birreria visita guidata per i ragazzi dell&#8217;Unione Italiana Ciechi ed Ipovedenti. Per motivi di sicurezza non \u00e8 stato possibile effettuare tutto il percorso, ma un&#8217;esperienza sensoriale nella sala cottura con successiva degustazione. La guida ha raccontato la storia dello stabilimento tra gli odori della cotta della birra ed in seguito hanno toccato con mano le varie tipologie di orzo e luppolo con le quali viene realizzata. Alla fine\u00a0 la tradizionale degustazione.<\/p>\n<p>&nbsp;<\/p>\n<p>&nbsp;<\/p>\n<hr \/>\n<p>&nbsp;<\/p>\n<div class=\"page\" title=\"Page 1\">\n<div class=\"layoutArea\">\n<div class=\"column\">\n<blockquote>\n<h3><a class=\"dt-pswp-item\" href=\"https:\/\/www.radiopiu.net\/wordpress\/wp-content\/uploads\/2022\/11\/72cd4fff-b2be-4d7b-8375-4caf75ab83c6-1.jpg\" data-dt-img-description=\"\" data-large_image_width=\"800\" data-large_image_height=\"600\"><img loading=\"lazy\" decoding=\"async\" class=\"wp-image-305797 alignleft\" src=\"https:\/\/www.radiopiu.net\/wordpress\/wp-content\/uploads\/2022\/11\/72cd4fff-b2be-4d7b-8375-4caf75ab83c6-1-300x225.jpg\" alt=\"\" width=\"179\" height=\"134\" srcset=\"https:\/\/www.radiopiu.net\/wordpress\/wp-content\/uploads\/2022\/11\/72cd4fff-b2be-4d7b-8375-4caf75ab83c6-1-300x225.jpg 300w, https:\/\/www.radiopiu.net\/wordpress\/wp-content\/uploads\/2022\/11\/72cd4fff-b2be-4d7b-8375-4caf75ab83c6-1-768x576.jpg 768w, https:\/\/www.radiopiu.net\/wordpress\/wp-content\/uploads\/2022\/11\/72cd4fff-b2be-4d7b-8375-4caf75ab83c6-1.jpg 800w\" sizes=\"auto, (max-width: 179px) 100vw, 179px\" \/><\/a>UN CONCRETO AIUTO A DEBORA E DAVIDE, ESSERE COMUNITA&#8217;<\/h3>\n<\/blockquote>\n<p><strong>LAMON<\/strong> E&#8217; stato attivato dall&#8217; associazione turistica Lamon un conto corrente per raccogliere fondi a favore dell&#8217; osteria Ponte Serra andata distrutta dal vasto incendio di stamane. Questo l&#8217;iban: IT75U0810261140000023001793 A.T.L. ASSOCIAZIONE TURISTICA LAMON CAUSALE: RACCOLTA FONDI A FAVORE OSTERIA PONTE SERRA<\/p>\n<p>il codice Swift del conto solidariet\u00e0 x i bonifici internazionali \u00a0CCRTIT2T27A grazie.<\/p>\n<\/div>\n<p>&nbsp;<\/p>\n<p>&nbsp;<\/p>\n<hr \/>\n<p>&nbsp;<\/p>\n<p>&nbsp;<\/p>\n<\/div>\n<\/div>\n<blockquote>\n<blockquote>\n<h3>UNA SCUOLA AD ANTSAKOAFALY, NEL RICORDO DELLA PROF. MONICA DE MARTIN<\/h3>\n<\/blockquote>\n<p><strong><img loading=\"lazy\" decoding=\"async\" class=\"alignleft\" src=\"https:\/\/www.radiopiu.net\/wordpress\/wp-content\/uploads\/2022\/11\/Senza-nome-33.jpg\" width=\"306\" height=\"187\" \/>AGORDO<\/strong> L&#8217;Istituto Umberto Follador-De Rossi di Agordo dove la compianta professoressa Monica De Martin ha insegnato per tanti anni, insieme alla famiglia, ha scelto di ricordare la &#8220;Dema&#8221; dando un volto ad un suo sogno.<\/p>\n<p><strong>\u201cChe tutti possano avere accesso all\u2019istruzione\u201d.\u00a0<\/strong> Per questo proponiamo, a chi lo desidera, di sostenere la realizzazione di una scuola in Madagascar per 395 bambini, progetto ideato dagli amici di don Elio Larese, stimato sacerdote e insegnante, alla cui memoria la scuola sar\u00e0 intitolata. Il progetto \u00e8 gestito e seguito dall\u2019Associazione \u201cInsieme si pu\u00f2\u2026\u201d di Belluno, nel quale potr\u00e0 trovare spazio anche la memoria della nostra cara Monica. Puoi far giungere direttamente il tuo appoggio con bonifico bancario intestato a: Associazione Gruppi Insieme si pu\u00f2 Onlus Cortina Banca IBAN: IT 23 A 08511 61240 00000 0023078 Causale: \u201cErogazione liberale &#8211; Scuola Madagascar, in memoria di Monica De Martin<\/p>\n<p>&nbsp;<\/p>\n<p>&nbsp;<\/p>\n<p>&nbsp;<\/p>\n<p>&nbsp;<\/p><\/blockquote>\n<p>&nbsp;<\/p>\n<hr \/>\n<p>&nbsp;<\/p>\n<blockquote>\n<h3>AMORE&#8230;C&#8217;E&#8217; UN MORTO IN SALOTTO. A TEATRO A SANTO STEFANO DI CADORE<\/h3>\n<\/blockquote>\n<div class=\"xdj266r x11i5rnm xat24cr x1mh8g0r x1vvkbs x126k92a\">\n<div dir=\"auto\"><strong>REDAZIONE<\/strong>\u00a0 Domenica 20\u00a0 alle\u00a0 17 al <a class=\"x1i10hfl xjbqb8w x6umtig x1b1mbwd xaqea5y xav7gou x9f619 x1ypdohk xt0psk2 xe8uvvx xdj266r x11i5rnm xat24cr x1mh8g0r xexx8yu x4uap5 x18d9i69 xkhd6sd x16tdsg8 x1hl2dhg xggy1nq x1a2a7pz xt0b8zv x1qq9wsj xo1l8bm\" tabindex=\"0\" role=\"link\" href=\"https:\/\/www.facebook.com\/CinemaPiave?__cft__[0]=AZUAYPCEbiClTp1yP7QKEHmCmVuPq0hx2gj1Y1y7h3Bk8vvZJ40w6sis0OmgE4GpUQSLpllKvwoV2B67Inf0GWDfHdr2jwrDLs0adu2YFHzldaIVv1GKv6XTRBY6H0jK3B6xPDA2_wfJZWfo6GIXrjCimUW7pR2pSPVSDBYJm3jE5nUm-PW3IMoD35nYHg0mJm78IQnuSHPdoXjfdgUKkPdy&amp;__tn__=-]K-y-R\"><span class=\"xt0psk2\">Cinema Piave<\/span><\/a> di Santo Stefano di Cadore &#8220;AMORE, C&#8217;E&#8217; UN MORTO IN SALOTTO&#8221;,\u00a0 commedia brillante, all&#8217; interno della rassegna Autunno a Teatro in Comelico. &#8220;<em>Come reagireste se una psicoterapeuta morta da vent\u2019anni piombasse in casa vostra? Comicit\u00e0, equivoci e colpi di scena per una terapia di coppia decisamente fuori dal normale&#8221;.<\/em><\/div>\n<\/div>\n<div class=\"x11i5rnm xat24cr x1mh8g0r x1vvkbs xtlvy1s x126k92a\">\n<div dir=\"auto\">Prenota on line su: <a class=\"x1i10hfl xjbqb8w x6umtig x1b1mbwd xaqea5y xav7gou x9f619 x1ypdohk xt0psk2 xe8uvvx xdj266r x11i5rnm xat24cr x1mh8g0r xexx8yu x4uap5 x18d9i69 xkhd6sd x16tdsg8 x1hl2dhg xggy1nq x1a2a7pz xt0b8zv x1fey0fg\" tabindex=\"0\" role=\"link\" href=\"https:\/\/l.facebook.com\/l.php?u=http%3A%2F%2Fwww.l2l.it%2Fautunnoateatro%3Ffbclid%3DIwAR0iI83ebsGES7W4K9SAPwCQW-fqu9KMwCS5Lz6EsyyKvnDbhOWV5Jdf3B0&amp;h=AT2aTlZ5nSKGWTex1BMLABT-pKvzEQsrkZ-5EmRB-KjoOdjKHNRZ585rYbS0-_deqgVzlzvUoro0klZ5gMpqAZLtksZEVeDXToxX_dN98TavFZTcEBjuzFZM5i2qmb2jWw&amp;__tn__=-UK-y-R&amp;c[0]=AT0cT2cdPLUl3L5Rg9L17zR3qHtMOdjMXZWidIcaQ_lQGtAx3ENHl-T1EELNZSUOUXItElRf-qO8HiinJN4XgP9zB8W-5lkFhVqTCpiYPcCeS7u3H1RRMaSJO5HQaMr5_zMFD_noGASCZ7vpev9eh3vrJvaoFQh9q-VJx-LEeuwU-GG1xbVbD3oPwVKvF9mioB-dlUcHsNTpO5Wc4W_mIiZmbL_QR8Y20TznAg\" target=\"_blank\" rel=\"nofollow noopener\">http:\/\/www.l2l.it\/autunnoateatro<\/a> Per info: info@icomelianti.it, 3471451453. Con Annamaria (Michelangela Battistella ), Oreste (<a class=\"x1i10hfl xjbqb8w x6umtig x1b1mbwd xaqea5y xav7gou x9f619 x1ypdohk xt0psk2 xe8uvvx xdj266r x11i5rnm xat24cr x1mh8g0r xexx8yu x4uap5 x18d9i69 xkhd6sd x16tdsg8 x1hl2dhg xggy1nq x1a2a7pz xt0b8zv x1qq9wsj xo1l8bm\" tabindex=\"0\" role=\"link\" href=\"https:\/\/www.facebook.com\/marco.demartinmodolado?__cft__[0]=AZUAYPCEbiClTp1yP7QKEHmCmVuPq0hx2gj1Y1y7h3Bk8vvZJ40w6sis0OmgE4GpUQSLpllKvwoV2B67Inf0GWDfHdr2jwrDLs0adu2YFHzldaIVv1GKv6XTRBY6H0jK3B6xPDA2_wfJZWfo6GIXrjCimUW7pR2pSPVSDBYJm3jE5nUm-PW3IMoD35nYHg0mJm78IQnuSHPdoXjfdgUKkPdy&amp;__tn__=-]K-y-R\"><span class=\"xt0psk2\">Marco De Martin Modolado<\/span><\/a> ) e Amelia (Silvia Saponaro ). Una produzione <a class=\"x1i10hfl xjbqb8w x6umtig x1b1mbwd xaqea5y xav7gou x9f619 x1ypdohk xt0psk2 xe8uvvx xdj266r x11i5rnm xat24cr x1mh8g0r xexx8yu x4uap5 x18d9i69 xkhd6sd x16tdsg8 x1hl2dhg xggy1nq x1a2a7pz xt0b8zv x1qq9wsj xo1l8bm\" tabindex=\"0\" role=\"link\" href=\"https:\/\/www.facebook.com\/SilviaSaponaroShockArti?__cft__[0]=AZUAYPCEbiClTp1yP7QKEHmCmVuPq0hx2gj1Y1y7h3Bk8vvZJ40w6sis0OmgE4GpUQSLpllKvwoV2B67Inf0GWDfHdr2jwrDLs0adu2YFHzldaIVv1GKv6XTRBY6H0jK3B6xPDA2_wfJZWfo6GIXrjCimUW7pR2pSPVSDBYJm3jE5nUm-PW3IMoD35nYHg0mJm78IQnuSHPdoXjfdgUKkPdy&amp;__tn__=-]K-y-R\"><span class=\"xt0psk2\">Silvia Saponaro<\/span><\/a> &#8211; ShockArti <a class=\"x1i10hfl xjbqb8w x6umtig x1b1mbwd xaqea5y xav7gou x9f619 x1ypdohk xt0psk2 xe8uvvx xdj266r x11i5rnm xat24cr x1mh8g0r xexx8yu x4uap5 x18d9i69 xkhd6sd x16tdsg8 x1hl2dhg xggy1nq x1a2a7pz xt0b8zv x1fey0fg\" tabindex=\"0\" role=\"link\" href=\"https:\/\/l.facebook.com\/l.php?u=https%3A%2F%2Fwww.silviasaponaro.it%2F%3Ffbclid%3DIwAR0I4PA9iij3TBFT8a811E0WkXq86s-L5szdou0cIaR1lxowdVJfCmVTHkM&amp;h=AT0BlMnYsHx0PYBL_ZNfrDgZC0pysnZt5tsr7-DRiUR3SZG365eYQj6EA3wtQSlMvpQ8TljBnNv4ta8S1WuBaJx0KvXchKS2Kcb2S8zchoiRUwbUiOrpVMzB6vyRAPsTKw&amp;__tn__=-UK-y-R&amp;c[0]=AT0cT2cdPLUl3L5Rg9L17zR3qHtMOdjMXZWidIcaQ_lQGtAx3ENHl-T1EELNZSUOUXItElRf-qO8HiinJN4XgP9zB8W-5lkFhVqTCpiYPcCeS7u3H1RRMaSJO5HQaMr5_zMFD_noGASCZ7vpev9eh3vrJvaoFQh9q-VJx-LEeuwU-GG1xbVbD3oPwVKvF9mioB-dlUcHsNTpO5Wc4W_mIiZmbL_QR8Y20TznAg\" target=\"_blank\" rel=\"nofollow noopener\">https:\/\/www.silviasaponaro.it\/<\/a><\/div>\n<\/div>\n<div dir=\"auto\"><\/div>\n<div dir=\"auto\"><\/div>\n<div dir=\"auto\"><img loading=\"lazy\" decoding=\"async\" class=\"aligncenter\" src=\"https:\/\/www.radiopiu.net\/wordpress\/wp-content\/uploads\/2022\/11\/314737847_582441327215303_7406926901587663432_n.jpg\" width=\"303\" height=\"203\" \/><\/div>\n<div dir=\"auto\"><\/div>\n<div dir=\"auto\"><\/div>\n<div dir=\"auto\"><strong>ALLA RADIO&#8230;. audio<\/strong><\/div>\n<div dir=\"auto\">\n<audio class=\"wp-audio-shortcode\" id=\"audio-306245-7\" preload=\"none\" style=\"width: 100%;\" controls=\"controls\"><source type=\"audio\/mpeg\" src=\"https:\/\/www.radiopiu.net\/wordpress\/wp-content\/uploads\/2022\/11\/marco-de-martin.mp3?_=7\" \/><a href=\"https:\/\/www.radiopiu.net\/wordpress\/wp-content\/uploads\/2022\/11\/marco-de-martin.mp3\">https:\/\/www.radiopiu.net\/wordpress\/wp-content\/uploads\/2022\/11\/marco-de-martin.mp3<\/a><\/audio>\n<\/div>\n<blockquote><p>&nbsp;<\/p><\/blockquote>\n<p dir=\"auto\"><strong>Guarda il trailer :<span style=\"color: #0000ff;\"> <a class=\"x1i10hfl xjbqb8w x6umtig x1b1mbwd xaqea5y xav7gou x9f619 x1ypdohk xt0psk2 xe8uvvx xdj266r x11i5rnm xat24cr x1mh8g0r xexx8yu x4uap5 x18d9i69 xkhd6sd x16tdsg8 x1hl2dhg xggy1nq x1a2a7pz xt0b8zv x1fey0fg\" style=\"color: #0000ff;\" tabindex=\"0\" role=\"link\" href=\"https:\/\/l.facebook.com\/l.php?u=https%3A%2F%2Fvimeo.com%2F697893074%3Ffbclid%3DIwAR0R4LYxV0k4iTQCwctCkAAaYY78_1NVgRlzZCQRRrf6VJ_g3fGxdX9knUw&amp;h=AT2lpaAhyr4gtwU60W_ERPOEJanMNTWI4rPao7fTFdhtk7daI3jfNoGcx_YJDc6X5w_msZv3AsyeE90PaodV1UZrtEfkw3nTuMzrPyvb7Qm7DzBcODvkl_rZp06aM_DHoQ&amp;__tn__=-UK-y-R&amp;c[0]=AT0cT2cdPLUl3L5Rg9L17zR3qHtMOdjMXZWidIcaQ_lQGtAx3ENHl-T1EELNZSUOUXItElRf-qO8HiinJN4XgP9zB8W-5lkFhVqTCpiYPcCeS7u3H1RRMaSJO5HQaMr5_zMFD_noGASCZ7vpev9eh3vrJvaoFQh9q-VJx-LEeuwU-GG1xbVbD3oPwVKvF9mioB-dlUcHsNTpO5Wc4W_mIiZmbL_QR8Y20TznAg\" target=\"_blank\" rel=\"nofollow noopener\">https:\/\/vimeo.com\/697893074<\/a><\/span><\/strong><\/p>\n<p>&nbsp;<\/p>\n<hr \/>\n<p>&nbsp;<\/p>\n<p>&nbsp;<\/p>\n<p>&nbsp;<\/p>\n<h2><strong><span style=\"color: #339966;\">PUNTATA DEL 11 NOVEMBRE 2022<\/span><\/strong><\/h2>\n<p><a class=\"dt-pswp-item\" href=\"https:\/\/www.radiopiu.net\/wordpress\/wp-content\/uploads\/2022\/09\/a925788b-d498-4229-a19b-99db06a1db0c.jpg\" data-dt-img-description=\"\" data-large_image_width=\"1600\" data-large_image_height=\"1196\"><img loading=\"lazy\" decoding=\"async\" class=\"wp-image-305875 alignleft\" src=\"https:\/\/www.radiopiu.net\/wordpress\/wp-content\/uploads\/2022\/09\/a925788b-d498-4229-a19b-99db06a1db0c-300x224.jpg\" alt=\"\" width=\"185\" height=\"138\" srcset=\"https:\/\/www.radiopiu.net\/wordpress\/wp-content\/uploads\/2022\/09\/a925788b-d498-4229-a19b-99db06a1db0c-300x224.jpg 300w, https:\/\/www.radiopiu.net\/wordpress\/wp-content\/uploads\/2022\/09\/a925788b-d498-4229-a19b-99db06a1db0c-1024x765.jpg 1024w, https:\/\/www.radiopiu.net\/wordpress\/wp-content\/uploads\/2022\/09\/a925788b-d498-4229-a19b-99db06a1db0c-768x574.jpg 768w, https:\/\/www.radiopiu.net\/wordpress\/wp-content\/uploads\/2022\/09\/a925788b-d498-4229-a19b-99db06a1db0c-1536x1148.jpg 1536w, https:\/\/www.radiopiu.net\/wordpress\/wp-content\/uploads\/2022\/09\/a925788b-d498-4229-a19b-99db06a1db0c.jpg 1600w\" sizes=\"auto, (max-width: 185px) 100vw, 185px\" \/><\/a>Ospiti Sisto Da Roit, Laura De Riz, Chiara D&#8217;Incau, l&#8217;esperienza del volontariato all&#8217;estero, o dall&#8217;estero a Belluno.<\/p>\n<p>&nbsp;<\/p>\n<p>di Mirko Mezzacasa<\/p>\n<audio class=\"wp-audio-shortcode\" id=\"audio-306245-8\" preload=\"none\" style=\"width: 100%;\" controls=\"controls\"><source type=\"audio\/mpeg\" src=\"https:\/\/www.radiopiu.net\/wordpress\/wp-content\/uploads\/2022\/09\/UNA-FINESTRA-SUL-VOLONTARIATO-NOVEMBRE.mp3?_=8\" \/><a href=\"https:\/\/www.radiopiu.net\/wordpress\/wp-content\/uploads\/2022\/09\/UNA-FINESTRA-SUL-VOLONTARIATO-NOVEMBRE.mp3\">https:\/\/www.radiopiu.net\/wordpress\/wp-content\/uploads\/2022\/09\/UNA-FINESTRA-SUL-VOLONTARIATO-NOVEMBRE.mp3<\/a><\/audio>\n<p>&nbsp;<\/p>\n<hr \/>\n<p>&nbsp;<\/p>\n<p>&nbsp;<\/p>\n<div dir=\"auto\"><\/div>\n<div dir=\"auto\">\n<blockquote>\n<h3>ALLA RADIO, EPCENTER CON FRANCESCO ZILLIO<\/h3>\n<\/blockquote>\n<p>&nbsp;<\/p>\n<p><iframe loading=\"lazy\" title=\"EPCENTER... LA STORIA\" width=\"1200\" height=\"675\" src=\"https:\/\/www.youtube.com\/embed\/xV_R-0oSNeA?start=229&#038;feature=oembed\" frameborder=\"0\" allow=\"accelerometer; autoplay; clipboard-write; encrypted-media; gyroscope; picture-in-picture\" allowfullscreen><\/iframe><\/p>\n<p>&nbsp;<\/p>\n<p>LA RACCOLTA COMPLETA<\/p>\n<blockquote class=\"wp-embedded-content\" data-secret=\"NZdGYpqO0l\"><p><a href=\"https:\/\/www.radiopiu.net\/wordpress\/tecnologie-con-francesco-zillio\/\">EPCENTER &#8211; FRANCESCO ZILLIO<\/a><\/p><\/blockquote>\n<p><iframe loading=\"lazy\" class=\"wp-embedded-content\" sandbox=\"allow-scripts\" security=\"restricted\" style=\"position: absolute; clip: rect(1px, 1px, 1px, 1px);\" title=\"&#8220;EPCENTER &#8211; FRANCESCO ZILLIO&#8221; &#8212; Radio Pi\u00f9\" src=\"https:\/\/www.radiopiu.net\/wordpress\/tecnologie-con-francesco-zillio\/embed\/#?secret=jEYpfDCfXs#?secret=NZdGYpqO0l\" data-secret=\"NZdGYpqO0l\" width=\"600\" height=\"338\" frameborder=\"0\" marginwidth=\"0\" marginheight=\"0\" scrolling=\"no\"><\/iframe><\/p>\n<p>&nbsp;<\/p>\n<\/div>\n<p>&nbsp;<\/p>\n<p>&nbsp;<\/p>\n<p>&nbsp;<\/p>\n<hr \/>\n<p>&nbsp;<\/p>\n<blockquote>\n<h3>IERI LA GIORNATA MONDIALE DEL DIABETE, I DATI DELL&#8217;ULSS 1 DOLOMITI<\/h3>\n<\/blockquote>\n<p><strong><a class=\"dt-pswp-item\" href=\"https:\/\/www.radiopiu.net\/wordpress\/wp-content\/uploads\/2020\/03\/ULSS-1-DOLOMITI-LOGO.jpg\" data-dt-img-description=\"\" data-large_image_width=\"298\" data-large_image_height=\"219\"><img loading=\"lazy\" decoding=\"async\" class=\" wp-image-121256 alignleft\" src=\"https:\/\/www.radiopiu.net\/wordpress\/wp-content\/uploads\/2020\/03\/ULSS-1-DOLOMITI-LOGO.jpg\" alt=\"\" width=\"165\" height=\"121\" \/><\/a>BELLUNO <\/strong>Si \u00e8 svolta ieri la Giornata Mondiale del Diabete, nata con l\u2019obiettivo di sensibilizzare sulla prevenzione e sulla cura della malattia, per migliorare la qualit\u00e0 della vita dei pazienti. In Ulss Dolomiti, le persone con esenzione per diabete sono circa 10.000. I due terzi dei pazienti affetti da diabete mellito hanno un&#8217;et\u00e0 superiore ai 65 anni. Secondo i dati PASSI, in Ulss Dolomiti, dal 2008 ad oggi, la percentuale di adulti tra i 18-69 anni che riferisce una diagnosi di diabete \u00e8 stabile nel tempo attorno al 4%. Se il diabete mellito tipo 1 \u00e8 una malattia a genesi autoimmune che compare soprattutto in bambini, adolescenti, giovani adulti e raramente si manifesta dopo i 40 anni, il diabete mellito tipo 2 si sviluppa per il concorrere di vari fattori di rischio in et\u00e0 pi\u00f9 adulta, la maggiore frequenza si ha dopo i 65 anni di et\u00e0. Per quel che riguarda il diabete mellito tipo 1, nonostante siano state condotte molte ricerche, al momento non c\u2019\u00e8 alcuna dimostrazione che possa essere prevenuto. \u00c8 importante per\u00f2 riconoscerlo in modo tempestivo. I sintomi di esordio possono svilupparsi in un breve arco temporale: sete intensa, necessit\u00e0 di urinare spesso, stanchezza, calo di peso sono i sintomi pi\u00f9 caratteristici. Il diabete mellito tipo 2 nella grande maggioranza dei casi, almeno nelle prime fasi della malattia, non d\u00e0 disturbi significativi e viene spesso diagnosticato in occasione di esami del sangue eseguiti come check-up.<\/p>\n<p>&nbsp;<\/p>\n<p>&nbsp;<\/p>\n<hr \/>\n<p>&nbsp;<\/p>\n<blockquote>\n<h3>GIORNATA MONDIALE DELLA PREMATURIT\u00c0: UN INCONTRO PER LE MAMME<\/h3>\n<\/blockquote>\n<p><strong>BELLUNO <\/strong>Il 17 novembre si tinge di viola per celebrare la Giornata Mondiale della Prematurit\u00e0, un momento importante per sensibilizzare sul tema dei nati prematuri. In occasione di questa giornata, l\u2019Ulss Dolomiti, con il personale della patologia neonatale e dell\u2019ostetricia di Belluno e in collaborazione con l\u2019Associazione Mani di Mamma, organizza un incontro su questo tema gioved\u00ec 17 novembre 2022 alle 16.30 nella sala riunioni del reparto di Pediatria dell\u2019Ospedale di Belluno. L\u2019iniziativa \u00e8 dedicata a tutte le mamme di bambini nati prematuri ed alle future mamme per parlare di alcuni temi riguardanti la prematurit\u00e0 dal punto di vista dei vari professionisti e per condividere le esperienze di alcune mamme.<\/p>\n<p>&nbsp;<\/p>\n<p>&nbsp;<\/p>\n<hr \/>\n<p>&nbsp;<\/p>\n<blockquote>\n<h3>CONVOCATO IL CONSIGLIO COMUNALE DI ALLEGHE<\/h3>\n<\/blockquote>\n<p><strong>ALLEGHE<\/strong> Si svolger\u00e0\u00a0 domani alle 20 il consiglio comunale di Alleghe. Il sindaco Danilo De Toni ha chiamato a rapporto i consiglieri per trattare 11 punti. Tra questi si parler\u00e0 dell&#8217;ottava variazione a bilancio, del piano di valorizzazione del patrimonio immobiliare comunale, lo schema di accordo con la Croce Verde Alleghe e con la riserva alpina di caccia. Inoltre il regolamento per la detenzione e uso dell&#8217;armamento della Polizia Locale, la convenzione con la provincia per il supporto dei sistemi informatici e di un mutamento temporaneo di destinazione a Ru de Rialt.<\/p>\n<p><strong>di Gianni Santomaso<\/strong><\/p>\n<audio class=\"wp-audio-shortcode\" id=\"audio-306245-9\" preload=\"none\" style=\"width: 100%;\" controls=\"controls\"><source type=\"audio\/mpeg\" src=\"https:\/\/www.radiopiu.net\/wordpress\/wp-content\/uploads\/2022\/11\/GIANNI-CONSIGLIO-COMUNALE-ALLEGHE.mp3?_=9\" \/><a href=\"https:\/\/www.radiopiu.net\/wordpress\/wp-content\/uploads\/2022\/11\/GIANNI-CONSIGLIO-COMUNALE-ALLEGHE.mp3\">https:\/\/www.radiopiu.net\/wordpress\/wp-content\/uploads\/2022\/11\/GIANNI-CONSIGLIO-COMUNALE-ALLEGHE.mp3<\/a><\/audio>\n<p>&nbsp;<\/p>\n<hr \/>\n<p>&nbsp;<\/p>\n<blockquote>\n<h3>CINQUE PUNTI NEL CONSIGLIO COMUNALE DI AGORDO<\/h3>\n<\/blockquote>\n<p><strong>AGORDO<\/strong> E&#8217; in programma gioved\u00ec alle 17 il consiglio comunale di Agordo. Il sindaco Roberto Chissal\u00e8 ha convocato i consiglieri per trattare 5 punti all&#8217;ordine del giorno. Si approver\u00e0 il nuovo regolamento edilizio oltre ad una variazione al documento unico di programmazione, l&#8217;approvazione dello schema di convenzione tra provincia e comune per la gestione dei fondi e la sottoscrizione della convenzione con la federazione dei comuni.<\/p>\n<p>&nbsp;<\/p>\n<p>&nbsp;<\/p>\n<hr \/>\n<p>&nbsp;<\/p>\n<blockquote>\n<h3>DUE APPUNTAMENTI IN VALBELLUNA CON IL PRESIDIO LIBERA<\/h3>\n<\/blockquote>\n<p><strong><a class=\"dt-pswp-item\" href=\"https:\/\/www.radiopiu.net\/wordpress\/wp-content\/uploads\/2022\/03\/LIBERA-MAFIE.png\" data-dt-img-description=\"\" data-large_image_width=\"860\" data-large_image_height=\"756\"><img loading=\"lazy\" decoding=\"async\" class=\" wp-image-267115 alignleft\" src=\"https:\/\/www.radiopiu.net\/wordpress\/wp-content\/uploads\/2022\/03\/LIBERA-MAFIE-300x264.png\" alt=\"\" width=\"106\" height=\"93\" \/><\/a>BELLUNO<\/strong> Il nuovo presidio \u201cLibera\u201d Valbelluna intitolato alla vittima innocente di mafia Francesco Marcone, che unisce i Comuni di Limana, Borgo Valbelluna, Sedico e Sospirolo, organizza una iniziativa per il giorno18 novembre, che vedr\u00e0 2 momenti salienti. Il primo alle 18 presso il Palazzo delle Contesse di Mel la cerimonia di intitolazione di una sala riunioni a Francesco Marcone, vittima innocente di mafia ucciso il 31 marzo 1995, dalla criminalit\u00e0 organizzata con due colpi di pistola.Daniela Marcone sar\u00e0 presente sempre al Palazzo delle Contesse alle 20.30 per un incontro aperto ai cittadini dove terr\u00e0 una conversazione dal titolo \u201cStoria di Franco, Francesco Marcone non era solo mio padre\u201d.<\/p>\n<p>&nbsp;<\/p>\n<p>&nbsp;<\/p>\n<hr \/>\n<p>&nbsp;<\/p>\n<blockquote>\n<h3>A CENCENIGHE, NOF FILO&#8217; INCONTRI CON PETTIROSSO AGORDINO<\/h3>\n<\/blockquote>\n<p><strong>CENCENIGHE<\/strong> Ultimo incontro con Pettirosso Agordino al Nof Fil\u00f2 di Cencenighe. Domani &#8220;L&#8217;impegno a tempo pieno di chi assiste la persona con demenza&#8221; in cui Erica Calvi (psicologa di Sersa) evidenzier\u00e0 la fatica invisibile di chi si prende cura di una persona malata<\/p>\n<p>&nbsp;<\/p>\n<p>&nbsp;<\/p>\n<hr \/>\n<p>&nbsp;<\/p>\n<blockquote>\n<h3>LA SECONDA EDIZIONE DI MAGICOLERIA CON LA PROLOCO CASTIONESE<\/h3>\n<\/blockquote>\n<p><strong>BELLUNO\u00a0<\/strong> <span id=\"page3R_mcid5\" class=\"markedContent\"><span dir=\"ltr\" role=\"presentation\">Con<\/span> <span dir=\"ltr\" role=\"presentation\">grande entusiasmo<\/span><span dir=\"ltr\" role=\"presentation\">, dopo le restrizioni dovute al covid,<\/span> <span dir=\"ltr\" role=\"presentation\">la Pro Loco Pieve Castionese propone al <\/span><span dir=\"ltr\" role=\"presentation\">pubblico la seconda edizione della Magicoleria<\/span><span dir=\"ltr\" role=\"presentation\">. <\/span><\/span><span id=\"page3R_mcid6\" class=\"markedContent\"><span dir=\"ltr\" role=\"presentation\">Il<\/span> secondo appuntamento <span dir=\"ltr\" role=\"presentation\">al<\/span><span dir=\"ltr\" role=\"presentation\">le 18 al Teatro San<\/span> <span dir=\"ltr\" role=\"presentation\">Gaetano di <\/span><span dir=\"ltr\" role=\"presentation\">Castion. <\/span><\/span><span class=\"markedContent\"><span dir=\"ltr\" role=\"presentation\">D<\/span><span dir=\"ltr\" role=\"presentation\">omenica<\/span> <span dir=\"ltr\" role=\"presentation\">20 no<\/span><span dir=\"ltr\" role=\"presentation\">vembre <\/span><span dir=\"ltr\" role=\"presentation\">sar\u00e0 la volta di Paolo Rech<\/span><span dir=\"ltr\" role=\"presentation\">,<\/span> <span dir=\"ltr\" role=\"presentation\">pluripremiato<\/span> <span dir=\"ltr\" role=\"presentation\">artista<\/span><span dir=\"ltr\" role=\"presentation\">,<\/span> <span dir=\"ltr\" role=\"presentation\">che ha <\/span><span dir=\"ltr\" role=\"presentation\">gi<\/span><span dir=\"ltr\" role=\"presentation\">rato il mondo intero portando i<\/span><span dir=\"ltr\" role=\"presentation\">n scena<\/span> <span dir=\"ltr\" role=\"presentation\">i suoi burattini. Per prenotazioni e informazioni: cell. 3495872289<\/span><\/span><\/p>\n<p>&nbsp;<\/p>\n<p>&nbsp;<\/p>\n<hr \/>\n<p>&nbsp;<\/p>\n<blockquote>\n<h3>DUE MESSE CON LA CONFRATERNITA DELLA BEATA VERGINE DELLA SALUTE<\/h3>\n<\/blockquote>\n<p><strong>AGORDO<\/strong> Sono due gli appuntamenti con la Confraternita della Beata Vergine della salute. Domenica 20 novembre la Santa Messa nella chiesa arcidiaconale di Agordo alle 10:30, seguir\u00e0 il pranzo sociale al Ristorante Monte Civetta di Listolade. Il giorno dopo, 21 novembre, alla chiesetta di Toccol la messa alle 17:30.<\/p>\n<p>&nbsp;<\/p>\n<p>&nbsp;<\/p>\n<hr \/>\n<p>&nbsp;<\/p>\n<blockquote>\n<h3>LA SECONDA SERATA PER LA PRESENTAZIONE DEL LIBRO SU LIMANA<\/h3>\n<\/blockquote>\n<p><strong>LIMANA\u00a0<\/strong> \u00c8 in programma per domani la seconda serata di presentazione del libro sulla storia di Limana a cura di Marco Perale. L&#8217;appuntamento \u00e8 in sala Nocivelli alle 20:45<\/p>\n<p>&nbsp;<\/p>\n<p>&nbsp;<\/p>\n<hr \/>\n<p>&nbsp;<\/p>\n<blockquote>\n<h3>UNA SERATA DI MUSICA SARDA A BELLUNO<\/h3>\n<\/blockquote>\n<p><strong>BELLUNO<\/strong> \u00c8 in programma per venerd\u00ec 18 novembre al Teatro Giovanni XXII di Belluno lo spettacolo di musica sarda &#8220;Terra mia &#8211; Cantende Ballende&#8221;. Inizio alle 20:45 con ingresso libero.<\/p>\n<p>&nbsp;<\/p>\n<p>&nbsp;<\/p>\n<hr \/>\n<p>&nbsp;<\/p>\n<blockquote>\n<h3>CON LA NUOVA CORALE-CORO PARROCCHIALE DI AGORDO LA MESSA PER I CADUTI SUL LAVORO<\/h3>\n<\/blockquote>\n<p><strong>AGORDO<\/strong> Domenica 20 novembre alle 18 nella chiesa Arcidiaconale\u00a0 di Agordo, \u00e8&#8217; il\u00a040\u00b0 anno in cui si svolge questa celebrazione, che vuole unirsi nel dolore e nel ricordo dei propri cari ai familiari dei caduti, oltre che sottolineare l&#8217;importanza dei valori della vita e del lavoro e quindi della sicurezza nei luoghi di lavoro. Molto spesso infatti gli adempimenti in tal senso vengono considerati solo come degli inutili vincoli burocratici, mentre \u00e8 importante cercare di evitare tutto quello che \u00e8 prevenibile, diffondendo una cultura della sicurezza. Quest&#8217;anno, all&#8217;elenco dei caduti ricordati in passato, si aggiunge Paolo Marcon, morto mentre lavorava nei boschi di Gosaldo il 7 aprile 2022.<\/p>\n<p>&nbsp;<\/p>\n<p>&nbsp;<\/p>\n<hr \/>\n<p>&nbsp;<\/p>\n<blockquote>\n<h3>UNA SERATA PER PARLARE DEL GATTO SELVATICO<\/h3>\n<\/blockquote>\n<p><strong>FELTRE <\/strong>Serata divulgativa per illustrare i risultati delle ricerche sul gatto selvatico nell\u2019area protetta. L&#8217;appuntamento \u00e8 per venerd\u00ec alle 20:30, presso la sala Mons. Savio \u2013 ex asilo Dartora a Bolzano Bellunese. Il gatto selvatico \u00e8 stato segnalato nel Parco delle Dolomiti per la prima volta nel 2014, grazie ad un progetto con la collaborazione del Museo di Storia Naturale di Venezia Giancarlo Ligabue.<\/p>\n<p>&nbsp;<\/p>\n<p>&nbsp;<\/p>\n<hr \/>\n<p>&nbsp;<\/p>\n<blockquote>\n<h3>A TEATRO CON AIDO BELLUNO<\/h3>\n<\/blockquote>\n<p><strong><a class=\"dt-pswp-item\" href=\"https:\/\/www.radiopiu.net\/wordpress\/wp-content\/uploads\/2022\/06\/AIDO.png\" data-dt-img-description=\"\" data-large_image_width=\"233\" data-large_image_height=\"233\"><img loading=\"lazy\" decoding=\"async\" class=\"wp-image-279760 alignleft\" src=\"https:\/\/www.radiopiu.net\/wordpress\/wp-content\/uploads\/2022\/06\/AIDO.png\" alt=\"\" width=\"98\" height=\"98\" srcset=\"https:\/\/www.radiopiu.net\/wordpress\/wp-content\/uploads\/2022\/06\/AIDO.png 233w, https:\/\/www.radiopiu.net\/wordpress\/wp-content\/uploads\/2022\/06\/AIDO-150x150.png 150w\" sizes=\"auto, (max-width: 98px) 100vw, 98px\" \/><\/a>BELLUNO<\/strong> &#8220;Toglimi il pane, se vuoi toglimi l&#8217;aria, ma non togliermi mai il tuo sorriso&#8221; diceva Pablo Neruda. Perche\u0300 sorridere, soprattutto in questo periodo difficile, puo\u0300 far bene a se\u0300 stessi e agli altri: per questo la sala del teatro San Gaetano di Castion ospitera\u0300 venerdi\u0300 18 novembre alle 20.30 lo spettacolo &#8220;Noi che&#8230;&#8221;, una serie di riflessioni &#8220;semiserie&#8221; sugli anni Sessanta e Settanta allestite dall&#8217;omonima compagnia teatrale. L&#8217;organizzazione e\u0300 curata con la collaborazione della sezione provinciale di Aido Belluno. L&#8217;ingresso e\u0300 libero. Il ricavato sara\u0300 devoluto alle attivita\u0300 dell&#8217;associazione, che opera per promuovere la donazione di organi.<\/p>\n<p>&nbsp;<\/p>\n<p>&nbsp;<\/p>\n<p>&nbsp;<\/p>\n<hr \/>\n<p>&nbsp;<\/p>\n<blockquote>\n<h3>UN OMAGGIO A PATRIZIA BURIGO<\/h3>\n<\/blockquote>\n<p><strong>BELLUNO <\/strong>L\u2019Associazione Culturale Verba Volant, in collaborazione con l\u2019IIS \u201cSegato\u201d di Belluno, organizza l\u2019evento \u201cRidammi i sogni. Patrizia, colori e parole\u201d, un omaggio alla poetessa e pittrice Patrizia Burigo, prematuramente scomparsa nel mese di luglio, che per anni \u00e8 stata parte attiva e creativa dell\u2019associazione. La serata si svolger\u00e0 a Belluno venerd\u00ec alle 17:30 presso l\u2019aula Magna dell\u2019ITIS \u201cSegato\u201d e vedr\u00e0 alternarsi letture e musica.<\/p>\n<p>&nbsp;<\/p>\n<hr \/>\n<p>&nbsp;<\/p>\n<blockquote>\n<h3>SOSPIROLO TRA LEGGENDE E MISTERI<\/h3>\n<\/blockquote>\n<p><strong>SOSPIROLO<\/strong> La cerimonia di premiazione dalle 13esima edizione del concorso letterario &#8220;Sospirolo tra leggende e misteri&#8221; \u00e8 prevista per domenica alle 10,30 al centro civico di Sospirolo con lettura musicata dei racconti vincitori a cura di Cristina Gianni e Nelso Salton.<\/p>\n<p>&nbsp;<\/p>\n<hr \/>\n<p>&nbsp;<\/p>\n<blockquote>\n<h3>DUE SERATE A TEATRO CON LA PRO LOCO PIEVE CASTIONESE<\/h3>\n<\/blockquote>\n<p><strong>BELLUNO<\/strong> Sono due gli spettacoli che propone la Pro Loco Pieve Castionese per il prossimo fine settimana al Teatro San Gaetano di Castion. Sabato alle 21 &#8220;Sic Transit Gloria Mundi. E se il prossimo Papa fosse donna?&#8221;, un monologo divertente, intelligente e fantasioso, che attraverso l\u2019inventatissima vicenda di Papa Elisabetta I, la prima donna a salire sul soglio di Pietro, affronta il verissimo tema del maschilismo del mondo occidentale. Domenica sar\u00e0 la volta di Paolo Rech, pluripremiato artista, che ha girato il mondo intero portando in scena i suoi burattini. Lo spettacolo, divertente e poetico, ci porta \u201c&#8230;alla vigilia di Natale&#8221; insieme alla Compagnia dei Comici, che in mancanza di storie da rappresentare, si \u00e8 sciolta.<\/p>\n<p>&nbsp;<\/p>\n<p>&nbsp;<\/p>\n<hr \/>\n<p>&nbsp;<\/p>\n<div class=\"page-title-head hgroup\">\n<h1 class=\"entry-title\"><span style=\"color: #ff0000;\">I RACCONTI DI PAOLO SOPPELSA \u2013 PUNTATA 150<\/span><\/h1>\n<\/div>\n<div class=\"page-title-breadcrumbs\"><\/div>\n<p><strong>4 NOVEMBRE 2022<\/strong><\/p>\n<p><strong>AUDIO<\/strong><\/p>\n<audio class=\"wp-audio-shortcode\" id=\"audio-306245-10\" preload=\"none\" style=\"width: 100%;\" controls=\"controls\"><source type=\"audio\/mpeg\" src=\"https:\/\/www.radiopiu.net\/wordpress\/wp-content\/uploads\/2022\/11\/PAOLO-SOPPELSA-4-NOVEMBRE-2022.mp3?_=10\" \/><a href=\"https:\/\/www.radiopiu.net\/wordpress\/wp-content\/uploads\/2022\/11\/PAOLO-SOPPELSA-4-NOVEMBRE-2022.mp3\">https:\/\/www.radiopiu.net\/wordpress\/wp-content\/uploads\/2022\/11\/PAOLO-SOPPELSA-4-NOVEMBRE-2022.mp3<\/a><\/audio>\n<p>&nbsp;<\/p>\n<p><a class=\"dt-pswp-item\" href=\"https:\/\/www.radiopiu.net\/wordpress\/wp-content\/uploads\/2022\/11\/d6fcbb56-9057-4f38-acc9-2837672e751b.jpg\" data-dt-img-description=\"\" data-large_image_width=\"1600\" data-large_image_height=\"1200\"><img loading=\"lazy\" decoding=\"async\" class=\" wp-image-306197 alignleft\" src=\"https:\/\/www.radiopiu.net\/wordpress\/wp-content\/uploads\/2022\/11\/d6fcbb56-9057-4f38-acc9-2837672e751b-300x225.jpg\" alt=\"\" width=\"183\" height=\"137\" srcset=\"https:\/\/www.radiopiu.net\/wordpress\/wp-content\/uploads\/2022\/11\/d6fcbb56-9057-4f38-acc9-2837672e751b-300x225.jpg 300w, https:\/\/www.radiopiu.net\/wordpress\/wp-content\/uploads\/2022\/11\/d6fcbb56-9057-4f38-acc9-2837672e751b-1024x768.jpg 1024w, https:\/\/www.radiopiu.net\/wordpress\/wp-content\/uploads\/2022\/11\/d6fcbb56-9057-4f38-acc9-2837672e751b-768x576.jpg 768w, https:\/\/www.radiopiu.net\/wordpress\/wp-content\/uploads\/2022\/11\/d6fcbb56-9057-4f38-acc9-2837672e751b-1536x1152.jpg 1536w, https:\/\/www.radiopiu.net\/wordpress\/wp-content\/uploads\/2022\/11\/d6fcbb56-9057-4f38-acc9-2837672e751b.jpg 1600w\" sizes=\"auto, (max-width: 183px) 100vw, 183px\" \/><\/a>\u00c8 venerd\u00ec 4 novembre e il maltempo \u00e8 arrivato come previsto poco prima dell&#8217;alba, con la prima luce del giorno che presenta un tempo uggioso e pioggia battente; il clima classico del mese triste mi ricorda immediatamente che questo \u00e8 il giorno dell&#8217;anniversario della grande alluvione del 1966, che, coincidenza, accadde proprio di venerd\u00ec. Mentre guido lungo la strada del lavoro tento di immaginarla quella triste giornata di cinquantasei anni fa che io non ho vissuto; ho in testa un mix di pensieri, scorrono i racconti di mamma e pap\u00e0 che l&#8217;hanno vissuta in prima persona in agordino, e queste memorie sono accompagnate dalle immagini delle foto d&#8217;epoca in bianco e nero che narrano il grande disastro che colp\u00ec l&#8217;intera provincia e non solo. A met\u00e0 mattina il cielo sopra Longarone si fa nero, fulmini si abbattono sulle montagne che salgono ripide dalla valle del Piave e potenti tuoni rimbombano nella vallata, riportando alla memoria il giorno della &#8220;mia&#8221; alluvione, ovvero quello della tempesta Vaia. Mentre piove a dirotto penso che l&#8217;alluvione del 1966 non ha un nome, per chi l&#8217;ha vissuta \u00e8 semplicemente &#8220;l&#8217;aluvion&#8221;; un evento che, nonostante l&#8217;assenza di un nome proprio che la identifichi, rappresenta una sorta di anno zero per la generazione precedente alla mia. &#8220;Prima de l&#8217;aluvion, dopo de l&#8217;aluvion&#8221;, cos\u00ec la generazione dei miei genitori colloca nel tempo gli avvenimenti di quegli anni. All&#8217;ora di pranzo smette di piovere, si alza un forte vento che spazza le nubi e in breve ritorna il sereno; penso che fra poche ore sar\u00f2 a Cencenighe, dove durante quel venerd\u00ec di cinquantasei anni fa si stava compiendo il disastro. Immagino quei momenti concitati, la piazza che si riempie di detriti, l&#8217;urlo del Biois e del Cordevole, la paura di chi c&#8217;era, e poi i rintocchi a martello della campana che allora annunciavano il pericolo imminente e che stanotte, invece, mi accompagneranno nel sonno. Arrivo in paese poco dopo le diciassette e trenta, e tutto \u00e8 tranquillo. C&#8217;\u00e8 un po&#8217; di vento e pochissime auto transitano in piazza; anche il Biois \u00e8 quieto nonostante la parecchia pioggia scesa durante la mattinata. Un venerd\u00ec 4 novembre decisamente diverso da quello del 1966, per fortuna; ci sono le stelle che brillano in cielo e il tempo della sera sembra trasformarsi in quello di una pacifica e serena notte d&#8217;inizio novembre. C&#8217;\u00e8 una profonda quiete nell&#8217;aria e c&#8217;\u00e8 la luna a tre quarti che passeggia in cielo; le montagne illuminate sembrano vive, respirando l&#8217;aria fredda di novembre sfoggiano il loro millenario silenzio che sa parlare alle anime. E poi, come accade improvvisamente questa sera, a volte si svegliano e la loro voce diventa reale; forse \u00e8 proprio vero che nulla accade a caso, e cos\u00ec oggi 4 novembre, anniversario della grande alluvione del &#8217;66, la frana dei Piegn all&#8217;ingresso di Cencenighe lato valle del Biois, decide di celebrare il triste anniversario a modo suo. Gi\u00e0 durante la giornata erano scesi dei massi, ed ora che la campana ha battuto da poco le ventidue, un gran fragore di roccia nel buio. \u00c8 schioccare violento di sassi che sbattono gli uni sugli altri che sempre inquieta, \u00e8 rumore sordo di terra che scende; \u00e8 quel tonfo di alcuni massi che terminano il loro rotolare nel Biois. La montagna ha parlato, ha ricordato quel giorno nefasto in cui, proprio da queste parti, il torrente ha deviato andando cos\u00ec a sventrare il vecchio cimitero di Cencenighe. Fu un gesto vile quello del Biois, una macchia nella sua storia difficile da perdonare; oppure chiss\u00e0, forse non voleva compiere quello scempio proprio due giorni dopo la Commemorazione dei Morti. Forse fu costretto da qualcosa pi\u00f9 grande di lui, forse la montagna, stasera vuole raccontarmi tutto ci\u00f2. Poi, dopo quei minuti di fragore, tutto si placa, e rimane il canto quieto del Biois e il muovere degli scuri mossi dal vento a farmi compagnia in questa fresca notte di inizio novembre.<\/p>\n<p>&nbsp;<\/p>\n<p>&nbsp;<\/p>\n<p>&nbsp;<\/p>\n<hr \/>\n<p>&nbsp;<\/p>\n<blockquote>\n<h3>GLI STAMBECCHI DELLA VALLE DEL BIOIS NEGLI SCATTI DI MARIO DE MARCO<\/h3>\n<\/blockquote>\n<p><strong>REDAZIONE<\/strong> Non siamo nei grandi parchi italiani ma siamo in Valle del Biois. Negli scatti di Mario De Marco gli stambecchi di alta montagna<\/p>\n\n\t\t\t<style type='text\/css'>\n\t\t\t\t#gallery-5 {\n\t\t\t\t\tmargin: auto;\n\t\t\t\t}\n\t\t\t\t#gallery-5 .gallery-item {\n\t\t\t\t\tfloat: left;\n\t\t\t\t\tmargin-top: 10px;\n\t\t\t\t\ttext-align: center;\n\t\t\t\t\twidth: 33%;\n\t\t\t\t}\n\t\t\t\t#gallery-5 img {\n\t\t\t\t\tborder: 2px solid #cfcfcf;\n\t\t\t\t}\n\t\t\t\t#gallery-5 .gallery-caption {\n\t\t\t\t\tmargin-left: 0;\n\t\t\t\t}\n\t\t\t\t\/* see gallery_shortcode() in wp-includes\/media.php *\/\n\t\t\t<\/style>\n\t\t<div id='gallery-5' class='dt-gallery-container gallery galleryid-306245 gallery-columns-3 gallery-size-medium'><dl class='gallery-item'>\n\t\t\t\t<dt class='gallery-icon landscape'>\n\t\t\t\t\t<a class=\"rollover rollover-zoom dt-pswp-item\" title=\"7b999d72-38d4-4ba5-b4aa-7a0ef96bf298\" data-dt-img-description=\"\" data-large_image_width=\"1600\" data-large_image_height=\"921\"href='https:\/\/www.radiopiu.net\/wordpress\/wp-content\/uploads\/2022\/11\/7b999d72-38d4-4ba5-b4aa-7a0ef96bf298.jpg'><img loading=\"lazy\" decoding=\"async\" width=\"300\" height=\"173\" src=\"https:\/\/www.radiopiu.net\/wordpress\/wp-content\/uploads\/2022\/11\/7b999d72-38d4-4ba5-b4aa-7a0ef96bf298-300x173.jpg\" class=\"attachment-medium size-medium\" alt=\"\" srcset=\"https:\/\/www.radiopiu.net\/wordpress\/wp-content\/uploads\/2022\/11\/7b999d72-38d4-4ba5-b4aa-7a0ef96bf298-300x173.jpg 300w, https:\/\/www.radiopiu.net\/wordpress\/wp-content\/uploads\/2022\/11\/7b999d72-38d4-4ba5-b4aa-7a0ef96bf298-1024x589.jpg 1024w, https:\/\/www.radiopiu.net\/wordpress\/wp-content\/uploads\/2022\/11\/7b999d72-38d4-4ba5-b4aa-7a0ef96bf298-768x442.jpg 768w, https:\/\/www.radiopiu.net\/wordpress\/wp-content\/uploads\/2022\/11\/7b999d72-38d4-4ba5-b4aa-7a0ef96bf298-1536x884.jpg 1536w, https:\/\/www.radiopiu.net\/wordpress\/wp-content\/uploads\/2022\/11\/7b999d72-38d4-4ba5-b4aa-7a0ef96bf298.jpg 1600w\" sizes=\"auto, (max-width: 300px) 100vw, 300px\" \/><\/a>\n\t\t\t\t<\/dt><\/dl><dl class='gallery-item'>\n\t\t\t\t<dt class='gallery-icon landscape'>\n\t\t\t\t\t<a class=\"rollover rollover-zoom dt-pswp-item\" title=\"4b9f87eb-19fc-4f58-bc99-753c6f34e9e3\" data-dt-img-description=\"\" data-large_image_width=\"1599\" data-large_image_height=\"826\"href='https:\/\/www.radiopiu.net\/wordpress\/wp-content\/uploads\/2022\/11\/4b9f87eb-19fc-4f58-bc99-753c6f34e9e3.jpg'><img loading=\"lazy\" decoding=\"async\" width=\"300\" height=\"155\" src=\"https:\/\/www.radiopiu.net\/wordpress\/wp-content\/uploads\/2022\/11\/4b9f87eb-19fc-4f58-bc99-753c6f34e9e3-300x155.jpg\" class=\"attachment-medium size-medium\" alt=\"\" srcset=\"https:\/\/www.radiopiu.net\/wordpress\/wp-content\/uploads\/2022\/11\/4b9f87eb-19fc-4f58-bc99-753c6f34e9e3-300x155.jpg 300w, https:\/\/www.radiopiu.net\/wordpress\/wp-content\/uploads\/2022\/11\/4b9f87eb-19fc-4f58-bc99-753c6f34e9e3-1024x529.jpg 1024w, https:\/\/www.radiopiu.net\/wordpress\/wp-content\/uploads\/2022\/11\/4b9f87eb-19fc-4f58-bc99-753c6f34e9e3-768x397.jpg 768w, https:\/\/www.radiopiu.net\/wordpress\/wp-content\/uploads\/2022\/11\/4b9f87eb-19fc-4f58-bc99-753c6f34e9e3-1536x793.jpg 1536w, https:\/\/www.radiopiu.net\/wordpress\/wp-content\/uploads\/2022\/11\/4b9f87eb-19fc-4f58-bc99-753c6f34e9e3.jpg 1599w\" sizes=\"auto, (max-width: 300px) 100vw, 300px\" \/><\/a>\n\t\t\t\t<\/dt><\/dl><dl class='gallery-item'>\n\t\t\t\t<dt class='gallery-icon landscape'>\n\t\t\t\t\t<a class=\"rollover rollover-zoom dt-pswp-item\" title=\"fb07e8f0-c831-4d90-8514-f19aeb8c76d0\" data-dt-img-description=\"\" data-large_image_width=\"1600\" data-large_image_height=\"898\"href='https:\/\/www.radiopiu.net\/wordpress\/wp-content\/uploads\/2022\/11\/fb07e8f0-c831-4d90-8514-f19aeb8c76d0.jpg'><img loading=\"lazy\" decoding=\"async\" width=\"300\" height=\"168\" src=\"https:\/\/www.radiopiu.net\/wordpress\/wp-content\/uploads\/2022\/11\/fb07e8f0-c831-4d90-8514-f19aeb8c76d0-300x168.jpg\" class=\"attachment-medium size-medium\" alt=\"\" srcset=\"https:\/\/www.radiopiu.net\/wordpress\/wp-content\/uploads\/2022\/11\/fb07e8f0-c831-4d90-8514-f19aeb8c76d0-300x168.jpg 300w, https:\/\/www.radiopiu.net\/wordpress\/wp-content\/uploads\/2022\/11\/fb07e8f0-c831-4d90-8514-f19aeb8c76d0-1024x575.jpg 1024w, https:\/\/www.radiopiu.net\/wordpress\/wp-content\/uploads\/2022\/11\/fb07e8f0-c831-4d90-8514-f19aeb8c76d0-768x431.jpg 768w, https:\/\/www.radiopiu.net\/wordpress\/wp-content\/uploads\/2022\/11\/fb07e8f0-c831-4d90-8514-f19aeb8c76d0-1536x862.jpg 1536w, https:\/\/www.radiopiu.net\/wordpress\/wp-content\/uploads\/2022\/11\/fb07e8f0-c831-4d90-8514-f19aeb8c76d0.jpg 1600w\" sizes=\"auto, (max-width: 300px) 100vw, 300px\" \/><\/a>\n\t\t\t\t<\/dt><\/dl><br style=\"clear: both\" \/>\n\t\t\t<\/div>\n\n<p>&nbsp;<\/p>\n<p>&nbsp;<\/p>\n<hr \/>\n<p>&nbsp;<\/p>\n<blockquote>\n<h3>LAMON: NEL PROFILO STORICO DELLA COMUNITA&#8217; IN EVIDENZA QUELLI DELLA DINASTIA DEI FACEN<\/h3>\n<\/blockquote>\n<p><strong>di Renato Bona<\/strong><\/p>\n<p>Ad iniziativa della Pro Loco Lamon lo storico Paolo Conte, come abbiamo gi\u00e0 avuto occasione di ricordare, realizzava nel novembre del 2003 (stampa della tipografia Piave di Belluno, grafica e impaginazione di Antonio Genuin, presentazione di Franca Tollardo presidentessa della Pro Loco, copertina con la miniatura raffigurante San Pietro nell\u2019inventario dei beni della parrocchia di San Pietro Apostolo di Lamon 1529-1533) il pregevole volume intitolato \u201cLamon: profilo storico di una Comunit\u00e0 di confine\u201d , In questa occasione ci soffermiamo sul capitolo che l\u2019autore ha opportunamente dedicato ai profili biografici di personaggi noti e meno noti ma sicuramente illustri, partendo dalla figura di Jacopo Facen (1803-1886) che ebbe i natali a Lamon da Antonio, agricoltore possidente, e Cristina Piasente. Entrato nel seminario di Feltre, si avvi\u00f2 al sacerdozio rimanendo nel collegio vescovile fino al 1827. Abbandonato il chiericato, due anni dopo si iscrisse all\u2019Universit\u00e0 di Padova e si laure\u00f2 in medicina nel 1834. Rifiutata l\u2019offerta di Tomaso Catullo di fargli da assistente all\u2019Universit\u00e0, Jacopo si trasfer\u00ec lo stesso anno ad Arsi\u00e8 con l\u2019incarico di medico condotto. Nel paese feltrino. Qui nel 1835 spos\u00f2 Clementina Maddalozzo che gli diede la bellezza di 12 figli! Paolo Conte non trascura di dire che nel 1836 \u201cfu impegnato ad arginare una grave epidemia di colera giunta nel Feltrino dopo essersi propagata partendo da Venezia\u201d. Nell\u2019impossibilit\u00e0 per ovvie ragioni di spazio, di dare conto di tutte le attivit\u00e0 e benemerenze di Facen, ricorderemo che per oltre 40 anni fu medico condotto di Lamon dove per lustri assicur\u00f2 anche l\u2019assistenza farmaceutica. Conosciuto e stimato oltre i confini provinciali ottenne prestigiosi riconoscimenti ed incarichi anche dalle autorit\u00e0 austriache oltre che italiane. Nominato Cavaliere della Corona nell\u2019ottobre 1877 ottenne poco dopo il mandato di ispettore agli scavi e ai monumenti del distretto di Fonzaso. Avanti con gli anni, si dimise dalla condotta medica il 12 ottobre 1880 e cos\u00ec fu pi\u00f9 libero per altri impegni e per dare un mano all\u2019amico parroco don Gaspare Scalet. Aurelio Facen (1836-1879): primogenito di Jacopo, nacque ad Arsi\u00e8; dopo le superiori nel seminario feltrino si iscrisse all\u2019universit\u00e0 di Padova e segu\u00ec i corsi di farmacia fino al 1858. Con la seconda guerra d\u2019indipendenza, dopo il 29 ottobre 1959 usc\u00ec clandestinamente dal Veneto per recarsi in Lombardia e poi a Modena dove si arruol\u00f2 nel corpo sanitario dell\u2019esercito piemontese. Promosso sottotenente oper\u00f2 nell\u2019ospedale di Rimini e quindi a Palermo dove rimase fino alla fine del 1865. Con la guerra per l\u2019annessione del Veneto all\u2019Italia cui partecip\u00f2 attivamente, si guadagn\u00f2 encomi e medaglie. Quindi si trasfer\u00ec stabilmente a Firenze, ospedale chimico-farmaceutico; si accas\u00f2 nel 1873 con Maddalena Savi ed ebbero un figlio, Antonio. Scrittore fecondo e dallo stile elegante diresse la rivista \u201cL\u2019Amico della famiglia\u201d. Mor\u00ec a Firenze nel 1879 lasciando il figlio in tenera et\u00e0. Quarto figlio di Jacopo, Quintino Facen nacque a Lamon nel 1844 e fu avviato agli studi da don Gaspare Scalet curato di Arina. Frequent\u00f2 il triennio delle tecniche inferiori a Belluno e le superiori a Venezia. Diplomatosi nel 1866 si iscrisse a matematica a Padova dove, concluso il terzo anno accademico, nell\u2019autunno 1870 venne nominato professore di scienze naturali e agronomiche all\u2019Istituto tecnico di Treviso. Si occup\u00f2 di fenomeni astro-meteorici e cosmico-tellurici scrivendone su alcuni periodici e ottenendo le lodi dello studioso ginevrino Carlo A. Kesselmeyer. Mor\u00ec prematuramente a Lamon nel 1873. Concludiamo con Giuseppe Facen (1860-1941) dodicesimo ed ultimo figlio di Jacopo, nato a Lamon nel 1860. Introdotto agli studi dal padre, frequent\u00f2 le scuole tecniche a Belluno, diplomandosi con ottimi voti; dopo il servizio militare a Lecce, nel 1910 spos\u00f2 Giuseppina Bertoldi. All\u2019inizio di carriera collabor\u00f2 alla preparazione dei calcoli per il progetto delle fortificazioni militari costruite lungo le Scale di Primolano. L\u2019attivit\u00e0 principale fu tuttavia quella per le Poste: a Pordenone prima e quindi a Padova quale direttore. L\u201911 ottobre, in occasione del cinquantesimo della morte del padre, presenzi\u00f2 a Lamon alla cerimonia celebrativa. Mor\u00ec a Padova nel 1941, lasciando la moglie e due figlie: Flora ed Elda.<\/p>\n\n\t\t\t<style type='text\/css'>\n\t\t\t\t#gallery-6 {\n\t\t\t\t\tmargin: auto;\n\t\t\t\t}\n\t\t\t\t#gallery-6 .gallery-item {\n\t\t\t\t\tfloat: left;\n\t\t\t\t\tmargin-top: 10px;\n\t\t\t\t\ttext-align: center;\n\t\t\t\t\twidth: 25%;\n\t\t\t\t}\n\t\t\t\t#gallery-6 img {\n\t\t\t\t\tborder: 2px solid #cfcfcf;\n\t\t\t\t}\n\t\t\t\t#gallery-6 .gallery-caption {\n\t\t\t\t\tmargin-left: 0;\n\t\t\t\t}\n\t\t\t\t\/* see gallery_shortcode() in wp-includes\/media.php *\/\n\t\t\t<\/style>\n\t\t<div id='gallery-6' class='dt-gallery-container gallery galleryid-306245 gallery-columns-4 gallery-size-thumbnail'><dl class='gallery-item'>\n\t\t\t\t<dt class='gallery-icon landscape'>\n\t\t\t\t\t<a class=\"rollover rollover-zoom dt-pswp-item\" title=\"313039562_798136891253688_6490783124310110047_n\" data-dt-img-description=\"\" data-large_image_width=\"598\" data-large_image_height=\"403\"href='https:\/\/www.radiopiu.net\/wordpress\/wp-content\/uploads\/2022\/11\/313039562_798136891253688_6490783124310110047_n.jpg'><img loading=\"lazy\" decoding=\"async\" width=\"150\" height=\"150\" src=\"https:\/\/www.radiopiu.net\/wordpress\/wp-content\/uploads\/2022\/11\/313039562_798136891253688_6490783124310110047_n-150x150.jpg\" class=\"attachment-thumbnail size-thumbnail\" alt=\"\" \/><\/a>\n\t\t\t\t<\/dt><\/dl><dl class='gallery-item'>\n\t\t\t\t<dt class='gallery-icon landscape'>\n\t\t\t\t\t<a class=\"rollover rollover-zoom dt-pswp-item\" title=\"314071010_660837695673570_2765679528751854970_n\" data-dt-img-description=\"\" data-large_image_width=\"591\" data-large_image_height=\"403\"href='https:\/\/www.radiopiu.net\/wordpress\/wp-content\/uploads\/2022\/11\/314071010_660837695673570_2765679528751854970_n.jpg'><img loading=\"lazy\" decoding=\"async\" width=\"150\" height=\"150\" src=\"https:\/\/www.radiopiu.net\/wordpress\/wp-content\/uploads\/2022\/11\/314071010_660837695673570_2765679528751854970_n-150x150.jpg\" class=\"attachment-thumbnail size-thumbnail\" alt=\"\" \/><\/a>\n\t\t\t\t<\/dt><\/dl><dl class='gallery-item'>\n\t\t\t\t<dt class='gallery-icon landscape'>\n\t\t\t\t\t<a class=\"rollover rollover-zoom dt-pswp-item\" title=\"312359352_651868443073376_1288938103308210202_n\" data-dt-img-description=\"\" data-large_image_width=\"1067\" data-large_image_height=\"403\"href='https:\/\/www.radiopiu.net\/wordpress\/wp-content\/uploads\/2022\/11\/312359352_651868443073376_1288938103308210202_n.jpg'><img loading=\"lazy\" decoding=\"async\" width=\"150\" height=\"150\" src=\"https:\/\/www.radiopiu.net\/wordpress\/wp-content\/uploads\/2022\/11\/312359352_651868443073376_1288938103308210202_n-150x150.jpg\" class=\"attachment-thumbnail size-thumbnail\" alt=\"\" \/><\/a>\n\t\t\t\t<\/dt><\/dl><dl class='gallery-item'>\n\t\t\t\t<dt class='gallery-icon portrait'>\n\t\t\t\t\t<a class=\"rollover rollover-zoom dt-pswp-item\" title=\"312898951_1080163962658690_6181729433246043128_n\" data-dt-img-description=\"\" data-large_image_width=\"301\" data-large_image_height=\"414\"href='https:\/\/www.radiopiu.net\/wordpress\/wp-content\/uploads\/2022\/11\/312898951_1080163962658690_6181729433246043128_n.jpg'><img loading=\"lazy\" decoding=\"async\" width=\"150\" height=\"150\" src=\"https:\/\/www.radiopiu.net\/wordpress\/wp-content\/uploads\/2022\/11\/312898951_1080163962658690_6181729433246043128_n-150x150.jpg\" class=\"attachment-thumbnail size-thumbnail\" alt=\"\" \/><\/a>\n\t\t\t\t<\/dt><\/dl><br style=\"clear: both\" \/><dl class='gallery-item'>\n\t\t\t\t<dt class='gallery-icon portrait'>\n\t\t\t\t\t<a class=\"rollover rollover-zoom dt-pswp-item\" title=\"312991223_1824563604562856_5716970874278410036_n\" data-dt-img-description=\"\" data-large_image_width=\"339\" data-large_image_height=\"403\"href='https:\/\/www.radiopiu.net\/wordpress\/wp-content\/uploads\/2022\/11\/312991223_1824563604562856_5716970874278410036_n.jpg'><img loading=\"lazy\" decoding=\"async\" width=\"150\" height=\"150\" src=\"https:\/\/www.radiopiu.net\/wordpress\/wp-content\/uploads\/2022\/11\/312991223_1824563604562856_5716970874278410036_n-150x150.jpg\" class=\"attachment-thumbnail size-thumbnail\" alt=\"\" \/><\/a>\n\t\t\t\t<\/dt><\/dl><dl class='gallery-item'>\n\t\t\t\t<dt class='gallery-icon portrait'>\n\t\t\t\t\t<a class=\"rollover rollover-zoom dt-pswp-item\" title=\"312802679_878133123344927_3170029561421830285_n\" data-dt-img-description=\"\" data-large_image_width=\"340\" data-large_image_height=\"403\"href='https:\/\/www.radiopiu.net\/wordpress\/wp-content\/uploads\/2022\/11\/312802679_878133123344927_3170029561421830285_n.jpg'><img loading=\"lazy\" decoding=\"async\" width=\"150\" height=\"150\" src=\"https:\/\/www.radiopiu.net\/wordpress\/wp-content\/uploads\/2022\/11\/312802679_878133123344927_3170029561421830285_n-150x150.jpg\" class=\"attachment-thumbnail size-thumbnail\" alt=\"\" \/><\/a>\n\t\t\t\t<\/dt><\/dl><dl class='gallery-item'>\n\t\t\t\t<dt class='gallery-icon portrait'>\n\t\t\t\t\t<a class=\"rollover rollover-zoom dt-pswp-item\" title=\"315297148_850631679471255_3666551921651734880_n\" data-dt-img-description=\"\" data-large_image_width=\"338\" data-large_image_height=\"403\"href='https:\/\/www.radiopiu.net\/wordpress\/wp-content\/uploads\/2022\/11\/315297148_850631679471255_3666551921651734880_n.jpg'><img loading=\"lazy\" decoding=\"async\" width=\"150\" height=\"150\" src=\"https:\/\/www.radiopiu.net\/wordpress\/wp-content\/uploads\/2022\/11\/315297148_850631679471255_3666551921651734880_n-150x150.jpg\" class=\"attachment-thumbnail size-thumbnail\" alt=\"\" \/><\/a>\n\t\t\t\t<\/dt><\/dl><dl class='gallery-item'>\n\t\t\t\t<dt class='gallery-icon portrait'>\n\t\t\t\t\t<a class=\"rollover rollover-zoom dt-pswp-item\" title=\"314805125_6361682887192606_3175174803162885206_n\" data-dt-img-description=\"\" data-large_image_width=\"347\" data-large_image_height=\"403\"href='https:\/\/www.radiopiu.net\/wordpress\/wp-content\/uploads\/2022\/11\/314805125_6361682887192606_3175174803162885206_n.jpg'><img loading=\"lazy\" decoding=\"async\" width=\"150\" height=\"150\" src=\"https:\/\/www.radiopiu.net\/wordpress\/wp-content\/uploads\/2022\/11\/314805125_6361682887192606_3175174803162885206_n-150x150.jpg\" class=\"attachment-thumbnail size-thumbnail\" alt=\"\" \/><\/a>\n\t\t\t\t<\/dt><\/dl><br style=\"clear: both\" \/>\n\t\t\t<\/div>\n\n<p>&nbsp;<\/p>\n<p>NELLE FOTO (riproduzioni dal libro di Paolo Conte \u201cLamon: profilo storico di una Comunit\u00e0 di confine\u201d): la chiesa di san Donato, al centro dell\u2019abitato in una cartolina degli anni \u201850, sulla destra si nota il vecchio campanile in legno; \u201cPont Alt\u201d Ponte Serra nella litografia stampata nel 1876 su disegno di Marco Moro; probabilmente la prima fotografia del centro del paese scattata negli ultimi decenni dell\u2019Ottocento; donne che lavano i panni nella \u201cRig\u201d all\u2019inizio di via Resenterra, all\u2019altezza dell\u2019attuale Municipio (periodo precedente la Grande guerra); Jacopo Facen; Aurelio Facen; Quintino Facen; Giuseppe Facen.<\/p>\n<p>&nbsp;<\/p>\n<p>&nbsp;<\/p>\n<hr \/>\n<p>&nbsp;<\/p>\n<h2><span style=\"color: #800080;\">IERI ALLA RADIO<\/span><\/h2>\n<p><strong>L&#8217;ALMANACCO LADINO<\/strong><\/p>\n<audio class=\"wp-audio-shortcode\" id=\"audio-306245-11\" preload=\"none\" style=\"width: 100%;\" controls=\"controls\"><source type=\"audio\/mpeg\" src=\"https:\/\/www.radiopiu.net\/wordpress\/wp-content\/uploads\/2022\/11\/96\u00b0Almanach-Ladin_Fodom-1.mp3?_=11\" \/><a href=\"https:\/\/www.radiopiu.net\/wordpress\/wp-content\/uploads\/2022\/11\/96\u00b0Almanach-Ladin_Fodom-1.mp3\">https:\/\/www.radiopiu.net\/wordpress\/wp-content\/uploads\/2022\/11\/96\u00b0Almanach-Ladin_Fodom-1.mp3<\/a><\/audio>\n<p>&nbsp;<\/p>\n<hr \/>\n<p>&nbsp;<\/p>\n<p>&nbsp;<\/p>\n<p><strong><span style=\"color: #ff0000;\">MONDO LADINO\u00a0<\/span><\/strong>PRESENTAZIONE DEL RAPPORTO SULLE CAUSE DELLA PROGRESSIVA ESTINZIONE DELLE MINORANZA LINGUISTICHE LADINE\u00a0 DELLA PROVINCIA DI BELLUNO IN CONSEGUENZA DELLE POLITICHE ATTUATE DALLO STATO ITALIANO<\/p>\n<p>Tre appuntamenti: 19 novembre a Cortina Ciasa de Ra Regoles, museo Mario Rimoldi, alle 18. Il 26 novembre alle 18 a Fusine (sala polifunzionale) Zoldo. il 3 dicembre a Cencenighe Nof Filo&#8217; alle 18.<\/p>\n<p><strong>Marinella Da Piazza:<\/strong><em> &#8220;\u00c8 importante essere presenti\u00a0 perch\u00e9 non c\u2019\u00e8 alternativa. La salvezza delle Comunit\u00e0 di Montagna (che non vogliono andare via) sar\u00e0 data dalla capacit\u00e0 di noi ladini di essere uniti, capaci di difendere e valorizzare le proprie diversit\u00e0 e richiedere con forza l\u2019applicazione delle giuste politiche necessarie a chi vive in pendenza&#8221;.<\/em><\/p>\n<p>&nbsp;<\/p>\n<p>&nbsp;<\/p>\n<hr \/>\n<p>&nbsp;<\/p>\n<blockquote class=\"wp-embedded-content\" data-secret=\"FYsec3Cz1v\"><p><a href=\"https:\/\/www.radiopiu.net\/wordpress\/il-libro-di-elio-arico-su-cultura-veneto\/\">IL LIBRO DI ELIO ARICO&#8217; SU CULTURA VENETO<\/a><\/p><\/blockquote>\n<p><iframe loading=\"lazy\" class=\"wp-embedded-content\" sandbox=\"allow-scripts\" security=\"restricted\" style=\"position: absolute; clip: rect(1px, 1px, 1px, 1px);\" title=\"&#8220;IL LIBRO DI ELIO ARICO&#8217; SU CULTURA VENETO&#8221; &#8212; Radio Pi\u00f9\" src=\"https:\/\/www.radiopiu.net\/wordpress\/il-libro-di-elio-arico-su-cultura-veneto\/embed\/#?secret=b5oygoB3tD#?secret=FYsec3Cz1v\" data-secret=\"FYsec3Cz1v\" width=\"600\" height=\"338\" frameborder=\"0\" marginwidth=\"0\" marginheight=\"0\" scrolling=\"no\"><\/iframe><\/p>\n<p>&nbsp;<\/p>\n<hr \/>\n<p>&nbsp;<\/p>\n<div>\n<div class=\"b654a4as d2edcug0\">\n<div class=\"rq0escxv hkbzh7o3 jwdofwj8 n8tt0mok r8blr3vg hyh9befq\">\n<p><a class=\"dt-pswp-item\" href=\"https:\/\/www.radiopiu.net\/wordpress\/wp-content\/uploads\/2020\/10\/pp.jpg\" data-dt-img-description=\"\" data-large_image_width=\"640\" data-large_image_height=\"640\"><img loading=\"lazy\" decoding=\"async\" class=\"wp-image-163678 alignleft\" src=\"https:\/\/www.radiopiu.net\/wordpress\/wp-content\/uploads\/2020\/10\/pp-300x300.jpg\" alt=\"\" width=\"106\" height=\"106\" srcset=\"https:\/\/www.radiopiu.net\/wordpress\/wp-content\/uploads\/2020\/10\/pp-300x300.jpg 300w, https:\/\/www.radiopiu.net\/wordpress\/wp-content\/uploads\/2020\/10\/pp-150x150.jpg 150w, https:\/\/www.radiopiu.net\/wordpress\/wp-content\/uploads\/2020\/10\/pp-125x125.jpg 125w, https:\/\/www.radiopiu.net\/wordpress\/wp-content\/uploads\/2020\/10\/pp-200x200.jpg 200w, https:\/\/www.radiopiu.net\/wordpress\/wp-content\/uploads\/2020\/10\/pp-80x80.jpg 80w, https:\/\/www.radiopiu.net\/wordpress\/wp-content\/uploads\/2020\/10\/pp-480x480.jpg 480w, https:\/\/www.radiopiu.net\/wordpress\/wp-content\/uploads\/2020\/10\/pp.jpg 640w\" sizes=\"auto, (max-width: 106px) 100vw, 106px\" \/><\/a><\/p>\n<\/div>\n<\/div>\n<\/div>\n<div>\n<div class=\"page-title-head hgroup\">\n<div class=\"page-title-head hgroup\">\n<div class=\"b654a4as d2edcug0\">\n<div class=\"j83agx80 btwxx1t3 lhclo0ds hop8lmos nkwizq5d scwd0bx6 roh60bw9\">\n<div class=\"rq0escxv hkbzh7o3 jwdofwj8 n8tt0mok r8blr3vg hyh9befq\">\n<div class=\"do00u71z l9j0dhe7 k4urcfbm\">\n<h2><span style=\"color: #000080;\">DON CESARE, IL PENSIERO DEL GIORNO. ALLA RADIO ALLE 7 DEL MATTINO E ALLE 19.30 DELLA SERA<\/span><\/h2>\n<p>&nbsp;<\/p>\n<p>&nbsp;<\/p>\n<p>&nbsp;<\/p>\n<audio class=\"wp-audio-shortcode\" id=\"audio-306245-12\" preload=\"none\" style=\"width: 100%;\" controls=\"controls\"><source type=\"audio\/mpeg\" src=\"https:\/\/www.radiopiu.net\/wordpress\/wp-content\/uploads\/2022\/11\/CESARE-8.mp3?_=12\" \/><a href=\"https:\/\/www.radiopiu.net\/wordpress\/wp-content\/uploads\/2022\/11\/CESARE-8.mp3\">https:\/\/www.radiopiu.net\/wordpress\/wp-content\/uploads\/2022\/11\/CESARE-8.mp3<\/a><\/audio>\n<\/div>\n<\/div>\n<\/div>\n<\/div>\n<\/div>\n<\/div>\n<\/div>\n<p>&nbsp;<\/p>\n<hr \/>\n<p>&nbsp;<\/p>\n<h2><span style=\"color: #339966;\">COLLAGE OPERAZIONE NOSTALGIA<\/span><\/h2>\n<p><strong><a class=\"dt-pswp-item\" href=\"https:\/\/www.radiopiu.net\/wordpress\/wp-content\/uploads\/2022\/11\/Animals.jpg\" data-dt-img-description=\"\" data-large_image_width=\"600\" data-large_image_height=\"600\"><img loading=\"lazy\" decoding=\"async\" class=\"wp-image-306155 alignleft\" src=\"https:\/\/www.radiopiu.net\/wordpress\/wp-content\/uploads\/2022\/11\/Animals-300x300.jpg\" alt=\"\" width=\"115\" height=\"115\" srcset=\"https:\/\/www.radiopiu.net\/wordpress\/wp-content\/uploads\/2022\/11\/Animals-300x300.jpg 300w, https:\/\/www.radiopiu.net\/wordpress\/wp-content\/uploads\/2022\/11\/Animals-150x150.jpg 150w, https:\/\/www.radiopiu.net\/wordpress\/wp-content\/uploads\/2022\/11\/Animals.jpg 600w\" sizes=\"auto, (max-width: 115px) 100vw, 115px\" \/><\/a>di Loris Scussel<\/strong><\/p>\n<p>I complessi italiani degli anni 60 apriranno la settimana di Collage operazione nostalgia, marted\u00ec sar\u00e0 la volta dei gruppi stranieri dello stesso periodo, mercoled\u00ec puntata Juke Box, gioved\u00ec canzoni dalle hit parade degli anni 60 e venerd\u00ec da quelle degli anni 70. Ascolteremo brani come Bang bang, A salty dog, Il re dei pagliacci, Il mondo, In the summertime e cos\u00ec via. Collage va in onda dal luned\u00ec al venerd\u00ec alle 16,00 e alle 23,00 naturalmente su Radio Pi\u00f9.<\/p>\n<p><strong>\u00a0<\/strong><\/p>\n<p><strong>\u00a0<\/strong><\/p>\n<p><strong>PUNTATA DEL LUNEDI, 661<\/strong><\/p>\n<audio class=\"wp-audio-shortcode\" id=\"audio-306245-13\" preload=\"none\" style=\"width: 100%;\" controls=\"controls\"><source type=\"audio\/mpeg\" src=\"https:\/\/www.radiopiu.net\/wordpress\/wp-content\/uploads\/2022\/11\/Collage-661.mp3?_=13\" \/><a href=\"https:\/\/www.radiopiu.net\/wordpress\/wp-content\/uploads\/2022\/11\/Collage-661.mp3\">https:\/\/www.radiopiu.net\/wordpress\/wp-content\/uploads\/2022\/11\/Collage-661.mp3<\/a><\/audio>\n<p>&nbsp;<\/p>\n<hr \/>\n<div dir=\"auto\"><\/div>\n<div dir=\"auto\">\n<h2><strong><a class=\"dt-pswp-item\" href=\"https:\/\/www.radiopiu.net\/wordpress\/wp-content\/uploads\/2019\/09\/aa80e605-0a95-41ca-9474-93d87e48ffe1.jpg\" data-dt-img-description=\"\" data-large_image_width=\"1600\" data-large_image_height=\"1200\"><img loading=\"lazy\" decoding=\"async\" class=\" wp-image-99657 alignleft\" src=\"https:\/\/www.radiopiu.net\/wordpress\/wp-content\/uploads\/2019\/09\/aa80e605-0a95-41ca-9474-93d87e48ffe1-300x225.jpg\" alt=\"\" width=\"201\" height=\"151\" srcset=\"https:\/\/www.radiopiu.net\/wordpress\/wp-content\/uploads\/2019\/09\/aa80e605-0a95-41ca-9474-93d87e48ffe1-300x225.jpg 300w, https:\/\/www.radiopiu.net\/wordpress\/wp-content\/uploads\/2019\/09\/aa80e605-0a95-41ca-9474-93d87e48ffe1-768x576.jpg 768w, https:\/\/www.radiopiu.net\/wordpress\/wp-content\/uploads\/2019\/09\/aa80e605-0a95-41ca-9474-93d87e48ffe1-1024x768.jpg 1024w, https:\/\/www.radiopiu.net\/wordpress\/wp-content\/uploads\/2019\/09\/aa80e605-0a95-41ca-9474-93d87e48ffe1.jpg 1600w\" sizes=\"auto, (max-width: 201px) 100vw, 201px\" \/><\/a><\/strong><span style=\"color: #808000;\">LA RASSEGNA STAMPA DA L&#8217;AMICO DEL POPOLO<\/span><\/h2>\n<p><strong>APPUNTAMENTO SETTIMANALE A CURA DI GIANNI SANTOMASO<\/strong><\/p>\n<p>OSPITE: Sonia D&#8217;Agostini, presidente Pettirosso Agordino<\/p>\n<audio class=\"wp-audio-shortcode\" id=\"audio-306245-14\" preload=\"none\" style=\"width: 100%;\" controls=\"controls\"><source type=\"audio\/mpeg\" src=\"https:\/\/www.radiopiu.net\/wordpress\/wp-content\/uploads\/2022\/11\/RASSEGNA-GIANNI-2.mp3?_=14\" \/><a href=\"https:\/\/www.radiopiu.net\/wordpress\/wp-content\/uploads\/2022\/11\/RASSEGNA-GIANNI-2.mp3\">https:\/\/www.radiopiu.net\/wordpress\/wp-content\/uploads\/2022\/11\/RASSEGNA-GIANNI-2.mp3<\/a><\/audio>\n<p>&nbsp;<\/p>\n<hr \/>\n<p>&nbsp;<\/p>\n<\/div>\n<div dir=\"auto\">\n<blockquote>\n<h2>QUANDO ENZO TORTORA E RADIOSQUADRA ARRIVARONO IN AGORDINO, A SAN TOMASO<\/h2>\n<\/blockquote>\n<p><strong><a class=\"dt-pswp-item\" href=\"https:\/\/www.radiopiu.net\/wordpress\/wp-content\/uploads\/2022\/11\/Enzo-Tortora-a-San-Tomaso-intervista-Bepo-Talachini-Radiosquadra-1952.jpeg\" data-dt-img-description=\"\" data-large_image_width=\"1337\" data-large_image_height=\"807\"><img loading=\"lazy\" decoding=\"async\" class=\" wp-image-305587 alignleft\" src=\"https:\/\/www.radiopiu.net\/wordpress\/wp-content\/uploads\/2022\/11\/Enzo-Tortora-a-San-Tomaso-intervista-Bepo-Talachini-Radiosquadra-1952-300x181.jpeg\" alt=\"\" width=\"187\" height=\"113\" srcset=\"https:\/\/www.radiopiu.net\/wordpress\/wp-content\/uploads\/2022\/11\/Enzo-Tortora-a-San-Tomaso-intervista-Bepo-Talachini-Radiosquadra-1952-300x181.jpeg 300w, https:\/\/www.radiopiu.net\/wordpress\/wp-content\/uploads\/2022\/11\/Enzo-Tortora-a-San-Tomaso-intervista-Bepo-Talachini-Radiosquadra-1952-1024x618.jpeg 1024w, https:\/\/www.radiopiu.net\/wordpress\/wp-content\/uploads\/2022\/11\/Enzo-Tortora-a-San-Tomaso-intervista-Bepo-Talachini-Radiosquadra-1952-768x464.jpeg 768w, https:\/\/www.radiopiu.net\/wordpress\/wp-content\/uploads\/2022\/11\/Enzo-Tortora-a-San-Tomaso-intervista-Bepo-Talachini-Radiosquadra-1952.jpeg 1337w\" sizes=\"auto, (max-width: 187px) 100vw, 187px\" \/><\/a>di Luisa Manfroi<\/strong><\/p>\n<p>&nbsp;<\/p>\n<p><span style=\"color: #ff0000;\"><strong>LO SPECIALE ALLA RADIO<\/strong><\/span><\/p>\n<audio class=\"wp-audio-shortcode\" id=\"audio-306245-15\" preload=\"none\" style=\"width: 100%;\" controls=\"controls\"><source type=\"audio\/mpeg\" src=\"https:\/\/www.radiopiu.net\/wordpress\/wp-content\/uploads\/2022\/11\/Quando-Radiosquadra-e-Enzo-Tortora-arrivarono-a-San-Tomaso-1952.mp3?_=15\" \/><a href=\"https:\/\/www.radiopiu.net\/wordpress\/wp-content\/uploads\/2022\/11\/Quando-Radiosquadra-e-Enzo-Tortora-arrivarono-a-San-Tomaso-1952.mp3\">https:\/\/www.radiopiu.net\/wordpress\/wp-content\/uploads\/2022\/11\/Quando-Radiosquadra-e-Enzo-Tortora-arrivarono-a-San-Tomaso-1952.mp3<\/a><\/audio>\n<\/div>\n<div dir=\"auto\"><\/div>\n<p>&nbsp;<\/p>\n<hr \/>\n<p>&nbsp;<\/p>\n<p><img loading=\"lazy\" decoding=\"async\" class=\"aligncenter wp-image-61954 size-full\" src=\"https:\/\/www.radiopiu.net\/wordpress\/wp-content\/uploads\/2018\/09\/viabilita.jpeg\" sizes=\"auto, (max-width: 800px) 100vw, 800px\" srcset=\"https:\/\/www.radiopiu.net\/wordpress\/wp-content\/uploads\/2018\/09\/viabilita.jpeg 800w, https:\/\/www.radiopiu.net\/wordpress\/wp-content\/uploads\/2018\/09\/viabilita-300x38.jpeg 300w, https:\/\/www.radiopiu.net\/wordpress\/wp-content\/uploads\/2018\/09\/viabilita-768x96.jpeg 768w\" alt=\"\" width=\"800\" height=\"100\" \/><\/p>\n<p>&nbsp;<\/p>\n<p>&nbsp;<\/p>\n<p><strong>AGGIORNAMENTO VENETO STRADE, AGGIORNAMENTO CONTINUO H 24<\/strong><\/p>\n<blockquote class=\"wp-embedded-content\" data-secret=\"cI4gEAUXNA\"><p><a href=\"https:\/\/www.radiopiu.net\/wordpress\/viabilita\/\">viabilita<\/a><\/p><\/blockquote>\n<p><iframe loading=\"lazy\" class=\"wp-embedded-content\" sandbox=\"allow-scripts\" security=\"restricted\" style=\"position: absolute; clip: rect(1px, 1px, 1px, 1px);\" title=\"&#8220;viabilita&#8221; &#8212; Radio Pi\u00f9\" src=\"https:\/\/www.radiopiu.net\/wordpress\/viabilita\/embed\/#?secret=O2IP5jbELD#?secret=cI4gEAUXNA\" data-secret=\"cI4gEAUXNA\" width=\"600\" height=\"338\" frameborder=\"0\" marginwidth=\"0\" marginheight=\"0\" scrolling=\"no\"><\/iframe><\/p>\n<p>&nbsp;<\/p>\n<hr \/>\n<p>&nbsp;<\/p>\n<blockquote class=\"wp-embedded-content\" data-secret=\"qJ4XYlTf7r\"><p><a href=\"https:\/\/www.radiopiu.net\/wordpress\/centro-meteo-arabba-aggiornamento-neve-al-suolo-14-novembre\/\">CENTRO METEO ARABBA, AGGIORNAMENTO NEVE AL SUOLO 14 NOVEMBRE<\/a><\/p><\/blockquote>\n<p><iframe loading=\"lazy\" class=\"wp-embedded-content\" sandbox=\"allow-scripts\" security=\"restricted\" style=\"position: absolute; clip: rect(1px, 1px, 1px, 1px);\" title=\"&#8220;CENTRO METEO ARABBA, AGGIORNAMENTO NEVE AL SUOLO 14 NOVEMBRE&#8221; &#8212; Radio Pi\u00f9\" src=\"https:\/\/www.radiopiu.net\/wordpress\/centro-meteo-arabba-aggiornamento-neve-al-suolo-14-novembre\/embed\/#?secret=qWvkdMlGV0#?secret=qJ4XYlTf7r\" data-secret=\"qJ4XYlTf7r\" width=\"600\" height=\"338\" frameborder=\"0\" marginwidth=\"0\" marginheight=\"0\" scrolling=\"no\"><\/iframe><\/p>\n<p>&nbsp;<\/p>\n<p>&nbsp;<\/p>\n<p>&nbsp;<\/p>\n<hr \/>\n<p>&nbsp;<\/p>\n<p><a class=\"dt-pswp-item\" href=\"https:\/\/www.radiopiu.net\/wordpress\/wp-content\/uploads\/2018\/09\/WhatsApp-Image-2018-09-20-at-16.04.06.jpeg\" data-dt-img-description=\"\" data-large_image_width=\"800\" data-large_image_height=\"100\"><img loading=\"lazy\" decoding=\"async\" class=\"wp-image-61378 size-full aligncenter\" src=\"https:\/\/www.radiopiu.net\/wordpress\/wp-content\/uploads\/2018\/09\/WhatsApp-Image-2018-09-20-at-16.04.06.jpeg\" alt=\"\" width=\"800\" height=\"100\" srcset=\"https:\/\/www.radiopiu.net\/wordpress\/wp-content\/uploads\/2018\/09\/WhatsApp-Image-2018-09-20-at-16.04.06.jpeg 800w, https:\/\/www.radiopiu.net\/wordpress\/wp-content\/uploads\/2018\/09\/WhatsApp-Image-2018-09-20-at-16.04.06-300x38.jpeg 300w, https:\/\/www.radiopiu.net\/wordpress\/wp-content\/uploads\/2018\/09\/WhatsApp-Image-2018-09-20-at-16.04.06-768x96.jpeg 768w\" sizes=\"auto, (max-width: 800px) 100vw, 800px\" \/><\/a><\/p>\n<p>&nbsp;<\/p>\n<p><center><b>Martedi 15<\/b><\/center><b>Tempo atteso: <\/b>Al mattino nuvolosit\u00e0 irregolare con cielo generalmente nuvoloso e parziali schiarite, specie sulle Dolomiti; intensificazione della nuvolosit\u00e0 nella seconda parte della giornata fino a molto nuvoloso, specie verso sera.<br \/>\n<b>Precipitazioni: <\/b>Generalmente assenti, anche se non \u00e8 del tutto escluso qualche breve episodio di pioggia o di piovasco, specie sulle zone prealpine e nella seconda parte della giornata, con eventuale quota neve oltre i e 1700-2000 m.<br \/>\n<b>Temperature: <\/b>Minime in lieve o contenuto calo, massime in lieve o contenuto aumento.<\/p>\n<hr \/>\n<p><center><b>Mercoledi 16<\/b><\/center><b>Tempo atteso: <\/b>Cielo molto nuvoloso o coperto fin dalle prime ore, con fenomeni modesti o localmente moderati specie al mattino, in attenuazione ed esaurimento nel corso del pomeriggio, con schiarite a partire dalle Prealpi occidentali. Possibili formazioni di nubi basse o foschie o banchi di nebbia in molte valli dalla sera.<br \/>\n<b>Precipitazioni: <\/b>Probabilit\u00e0 medio-alta (50-75%) di precipitazioni da sparse a diffuse, specie al mattino, in prevalenza deboli e intermittenti e localmente moderati, con quantitativi in prevalenza modesti. Quota neve oltre i 1700-2000 m. Sono previsti mediamente tra i 3 e i 10 mm di precipitazione, con altrettanti centimetri di neve fresca oltre i 2200 m.<br \/>\n<b>Temperature: <\/b>In contenuto aumento, specie le massime.<\/p>\n<hr \/>\n<p><center><b>Giovedi 17<\/b><\/center>Al mattino poco o parzialmente nuvoloso, con tratti ancche temporaneamente sereni in alta montagna; possibili nubi basse foschie o qualche banco di nebbia nelle ore pi\u00f9 fredde in molte valli. Gi\u00e0 nel corso della mattinata intensificazione della nuvolosit\u00e0 per il transito di nubi medio-alte fino a cielo nuvoloso o molto nuvoloso ma con scarsi fenomeni o del tutto assenti, salvo qualche locale piovasco o fiocco di neve oltre i 1700-2000 m. Temperature in lieve calo.<\/p>\n<hr \/>\n<p><center><b>Venerdi 18<\/b><\/center>Cielo molto nuvoloso o coperto con possibili precipitazioni sparse, di debole o localmente di moderata intensit\u00e0 con quantitativi ancora piuttosto modesti; quota delle nevicate intorno ai 1400-1700 m. Temperature minime in contenuto aumento, massime stazionarie.<\/p>\n<p>&nbsp;<\/p>\n<hr \/>\n<p>&nbsp;<\/p>\n<p>&nbsp;<\/p>\n<p><a class=\"dt-pswp-item\" href=\"https:\/\/www.radiopiu.net\/wordpress\/wp-content\/uploads\/2018\/09\/sport.jpg\" data-dt-img-description=\"\" data-large_image_width=\"800\" data-large_image_height=\"100\"><img loading=\"lazy\" decoding=\"async\" class=\"aligncenter wp-image-60761 size-full\" src=\"https:\/\/www.radiopiu.net\/wordpress\/wp-content\/uploads\/2018\/09\/sport.jpg\" alt=\"\" width=\"800\" height=\"100\" srcset=\"https:\/\/www.radiopiu.net\/wordpress\/wp-content\/uploads\/2018\/09\/sport.jpg 800w, https:\/\/www.radiopiu.net\/wordpress\/wp-content\/uploads\/2018\/09\/sport-300x38.jpg 300w, https:\/\/www.radiopiu.net\/wordpress\/wp-content\/uploads\/2018\/09\/sport-768x96.jpg 768w\" sizes=\"auto, (max-width: 800px) 100vw, 800px\" \/><\/a><\/p>\n<p>&nbsp;<\/p>\n<p><span style=\"color: #0000ff;\"><strong>HOCKEY SU GHIACCIO<\/strong><\/span><\/p>\n<blockquote>\n<h3>IL GIRONE DI RITORNO DELLA STAGIONE REGOLARE IHL INIZIA CON UNA SCONFITTA PER LE CIVETTE<\/h3>\n<\/blockquote>\n<p><strong><a class=\"dt-pswp-item\" href=\"https:\/\/www.radiopiu.net\/wordpress\/wp-content\/uploads\/2021\/12\/ALLEGHE-HOCKEY-1.jpg\" data-dt-img-description=\"\" data-large_image_width=\"1000\" data-large_image_height=\"665\"><img loading=\"lazy\" decoding=\"async\" class=\" wp-image-247056 alignleft\" src=\"https:\/\/www.radiopiu.net\/wordpress\/wp-content\/uploads\/2021\/12\/ALLEGHE-HOCKEY-1-300x200.jpg\" alt=\"\" width=\"185\" height=\"123\" srcset=\"https:\/\/www.radiopiu.net\/wordpress\/wp-content\/uploads\/2021\/12\/ALLEGHE-HOCKEY-1-300x200.jpg 300w, https:\/\/www.radiopiu.net\/wordpress\/wp-content\/uploads\/2021\/12\/ALLEGHE-HOCKEY-1-768x511.jpg 768w, https:\/\/www.radiopiu.net\/wordpress\/wp-content\/uploads\/2021\/12\/ALLEGHE-HOCKEY-1.jpg 1000w\" sizes=\"auto, (max-width: 185px) 100vw, 185px\" \/><\/a>REDAZIONE<\/strong> Rimane in fondo alla classifica a zero punti l&#8217;Alleghe Hockey che dopo 10 giornate giocate deve ancora incamerare i primi punti della stagione. A Caldaro le civette non sono state all&#8217;altezza di un avversario che ha saputo sfruttare tutte le occasioni arrivate. Tanti errori in fase difensiva e altrettanti in fase offensiva non lasciano scampo ai biancorossi che tornano dalla terra altoatesina con quattro reti subite. Un periodo nero per la formazione di Fontana che, nonostante qualche bella prestazione, non \u00e8 riuscita ad aggiungere punti ad una classifica che si pu\u00f2 definire bugiarda per gli agordini. Sabato prossimo di nuovo in campo per affrontare il Pergine al PalaFeltre.<\/p>\n<p><strong>NICOLA SOPPELSA, GIOCATORE DELL&#8217;ALLEGHE HOCKEY<\/strong><\/p>\n<audio class=\"wp-audio-shortcode\" id=\"audio-306245-16\" preload=\"none\" style=\"width: 100%;\" controls=\"controls\"><source type=\"audio\/mpeg\" src=\"https:\/\/www.radiopiu.net\/wordpress\/wp-content\/uploads\/2022\/11\/NICOLA-SOPPELSA.mp3?_=16\" \/><a href=\"https:\/\/www.radiopiu.net\/wordpress\/wp-content\/uploads\/2022\/11\/NICOLA-SOPPELSA.mp3\">https:\/\/www.radiopiu.net\/wordpress\/wp-content\/uploads\/2022\/11\/NICOLA-SOPPELSA.mp3<\/a><\/audio>\n<p>&nbsp;<\/p>\n<p>&nbsp;<\/p>\n<p>&nbsp;<\/p>\n","protected":false},"excerpt":{"rendered":"<p>RADIO PIU INFORMAZIONE il canale su TELEGRAM informazione di prima\u00a0 mano e in tempo reale. iscriviti ed aiutaci a farlo conoscere\u00a0 \u00a0\u00a0 &nbsp; &nbsp; DA OGGI PNEUMATICI INVERNALI O CATENE A BORDO SEDICO Veneto Strade ricorda che a partire da OGGI e fino al 15 aprile 2023 vige l&#8217;obbligo di circolare sulla strade con pneumatici&hellip;<\/p>\n","protected":false},"author":4,"featured_media":306345,"comment_status":"closed","ping_status":"closed","sticky":false,"template":"","format":"standard","meta":{"_monsterinsights_skip_tracking":false,"_monsterinsights_sitenote_active":false,"_monsterinsights_sitenote_note":"","_monsterinsights_sitenote_category":0,"footnotes":""},"categories":[86,49],"tags":[],"class_list":["post-306245","post","type-post","status-publish","format-standard","has-post-thumbnail","hentry","category-gr","category-news-18","category-86","category-49","description-off"],"img_url":"https:\/\/www.radiopiu.net\/wordpress\/wp-content\/uploads\/2022\/11\/7e9feb2f-b1e5-4171-a6ae-f2594db6d327.jpg","_links":{"self":[{"href":"https:\/\/www.radiopiu.net\/wordpress\/wp-json\/wp\/v2\/posts\/306245","targetHints":{"allow":["GET"]}}],"collection":[{"href":"https:\/\/www.radiopiu.net\/wordpress\/wp-json\/wp\/v2\/posts"}],"about":[{"href":"https:\/\/www.radiopiu.net\/wordpress\/wp-json\/wp\/v2\/types\/post"}],"author":[{"embeddable":true,"href":"https:\/\/www.radiopiu.net\/wordpress\/wp-json\/wp\/v2\/users\/4"}],"replies":[{"embeddable":true,"href":"https:\/\/www.radiopiu.net\/wordpress\/wp-json\/wp\/v2\/comments?post=306245"}],"version-history":[{"count":0,"href":"https:\/\/www.radiopiu.net\/wordpress\/wp-json\/wp\/v2\/posts\/306245\/revisions"}],"wp:featuredmedia":[{"embeddable":true,"href":"https:\/\/www.radiopiu.net\/wordpress\/wp-json\/wp\/v2\/media\/306345"}],"wp:attachment":[{"href":"https:\/\/www.radiopiu.net\/wordpress\/wp-json\/wp\/v2\/media?parent=306245"}],"wp:term":[{"taxonomy":"category","embeddable":true,"href":"https:\/\/www.radiopiu.net\/wordpress\/wp-json\/wp\/v2\/categories?post=306245"},{"taxonomy":"post_tag","embeddable":true,"href":"https:\/\/www.radiopiu.net\/wordpress\/wp-json\/wp\/v2\/tags?post=306245"}],"curies":[{"name":"wp","href":"https:\/\/api.w.org\/{rel}","templated":true}]}}