{"id":306318,"date":"2022-11-14T23:54:03","date_gmt":"2022-11-14T22:54:03","guid":{"rendered":"https:\/\/www.radiopiu.net\/wordpress\/?p=306318"},"modified":"2022-11-15T01:15:11","modified_gmt":"2022-11-15T00:15:11","slug":"fondi-di-confine-bottacin-quell-di-fassino-sono-dichiarazioni-imbarazzanti","status":"publish","type":"post","link":"https:\/\/www.radiopiu.net\/wordpress\/fondi-di-confine-bottacin-quell-di-fassino-sono-dichiarazioni-imbarazzanti\/","title":{"rendered":"FONDI DI CONFINE, BOTTACIN &#8220;QUELLE DI FASSINO SONO DICHIARAZIONI IMBARAZZANTI&#8221;"},"content":{"rendered":"<p><strong>VENEZIA<\/strong> Non perde tempo l&#8217;assessore alla Protezione Civile del Veneto Gianpaolo Bottacin che replica alle dichiarazioni di Fassino rilasciate oggi al quotidiano dei bellunesi &#8220;Corriere delle Alpi&#8221;.<\/p>\n<p>Dichiarazioni a dir poco imbarazzanti quelle di Fassino rispetto all&#8217;autonomia bellunese. Forse un po&#8217; di memoria non guasterebbe.<br \/>\nPrima il governo Renzi ha azzerato i fondi alle Province, anche quella di Belluno. Poi Delrio ha obbligato le Province a ridurre il personale; alla Provincia di Belluno, &#8220;fortunatamente&#8221;, solo del trenta per cento! Poi, non ancora contento ha tentato di cancellarla con il referendum di Renzi. E dopo tutto questo qualcuno ha ancora il tempo di parlare? Se la Provincia di Belluno \u00e8 stata salvata, lo si deve solo e unicamente all&#8217;azione della Regione. La Regione ha infatti triplicato i fondi per la Provincia, compensando i tagli fatti dal PD. La stessa cosa ha fatto la Lombardia con la Provincia di Sondrio. Diversamente in Piemonte, dove, quando governava il PD (Giunta Chiamparino), ci\u00f2 non \u00e8 accaduto nei confronti della terza provincia interamente montana in regione a statuto ordinario, quella del Verbano Cusio Ossola.<br \/>\nSe Fassino, il quale bench\u00e9 eletto in Veneto \u00e8 piemontese e dovrebbe conoscere un po&#8217; meglio le cose del suo territorio, non sa o non rammenta gli ricordo che la Provincia del VCO, a causa dei tagli del PD ha dichiarato il dissesto finanziario ed \u00e8 stata salvata in prima battuta da un provvedimento straordinario dell&#8217;allora sottosegretario Candiani (governo Conte I) che non \u00e8 certo del PD. E uccessivamente dal governo regionale di centrodestra subentrato al PD. Fassino, un po&#8217; maldestramente, tenta invece di confondere le idee ai Bellunesi dicendo che la Regione deve dare autonomia a Belluno. Ma non spiega quale autonomia. La Regione pu\u00f2 dare solo autonomia amministrativa e infatti, se Fassino non se ne fosse accorto, l&#8217;ha gi\u00e0 data. Sulla pianificazione territoriale, sulla difesa del suolo, sul trasporto pubblico locale, sull&#8217;energia e su altro ancora. Ma per eliminare le disparit\u00e0 tra Trento e Bolzano, che si trattengono i nove decimi delle tasse, serve autonomia fiscale e legislativa, cosa che pu\u00f2 dare solo lo Stato e non la Regione, per il semplice fatto che non la ha neppure la Regione e di conseguenza non pu\u00f2 trasferire una cosa che non ha. Un ragionamento facile facile che credo possa capire anche per Fassino, a meno che non stia subdolamente strumentalizzando politicamente il tema dell&#8217;autonomia prendendo in giro i Bellunesi.<br \/>\nGianpaolo Bottacin<\/p>\n<p>&nbsp;<\/p>\n<hr \/>\n<p>&nbsp;<\/p>\n<p><strong>OGGI SUL CORRIERE DELLE ALPI<\/strong><\/p>\n<p><a class=\"dt-pswp-item\" href=\"https:\/\/www.radiopiu.net\/wordpress\/wp-content\/uploads\/2022\/11\/Senza-nome-54.jpg\" data-dt-img-description=\"\" data-large_image_width=\"427\" data-large_image_height=\"456\"><img loading=\"lazy\" decoding=\"async\" class=\"alignnone wp-image-306319 size-full\" src=\"https:\/\/www.radiopiu.net\/wordpress\/wp-content\/uploads\/2022\/11\/Senza-nome-54.jpg\" alt=\"\" width=\"427\" height=\"456\" srcset=\"https:\/\/www.radiopiu.net\/wordpress\/wp-content\/uploads\/2022\/11\/Senza-nome-54.jpg 427w, https:\/\/www.radiopiu.net\/wordpress\/wp-content\/uploads\/2022\/11\/Senza-nome-54-281x300.jpg 281w\" sizes=\"auto, (max-width: 427px) 100vw, 427px\" \/><\/a><\/p>\n<p>&nbsp;<\/p>\n<hr \/>\n<p>&nbsp;<\/p>\n","protected":false},"excerpt":{"rendered":"<p>VENEZIA Non perde tempo l&#8217;assessore alla Protezione Civile del Veneto Gianpaolo Bottacin che replica alle dichiarazioni di Fassino rilasciate oggi al quotidiano dei bellunesi &#8220;Corriere delle Alpi&#8221;. Dichiarazioni a dir poco imbarazzanti quelle di Fassino rispetto all&#8217;autonomia bellunese. Forse un po&#8217; di memoria non guasterebbe. Prima il governo Renzi ha azzerato i fondi alle Province,&hellip;<\/p>\n","protected":false},"author":4,"featured_media":182306,"comment_status":"closed","ping_status":"closed","sticky":false,"template":"","format":"standard","meta":{"_monsterinsights_skip_tracking":false,"_monsterinsights_sitenote_active":false,"_monsterinsights_sitenote_note":"","_monsterinsights_sitenote_category":0,"footnotes":""},"categories":[51,49],"tags":[],"class_list":["post-306318","post","type-post","status-publish","format-standard","has-post-thumbnail","hentry","category-evidenza-top","category-news-18","category-51","category-49","description-off"],"img_url":"https:\/\/www.radiopiu.net\/wordpress\/wp-content\/uploads\/2020\/12\/BOTTACIN-1.png","_links":{"self":[{"href":"https:\/\/www.radiopiu.net\/wordpress\/wp-json\/wp\/v2\/posts\/306318","targetHints":{"allow":["GET"]}}],"collection":[{"href":"https:\/\/www.radiopiu.net\/wordpress\/wp-json\/wp\/v2\/posts"}],"about":[{"href":"https:\/\/www.radiopiu.net\/wordpress\/wp-json\/wp\/v2\/types\/post"}],"author":[{"embeddable":true,"href":"https:\/\/www.radiopiu.net\/wordpress\/wp-json\/wp\/v2\/users\/4"}],"replies":[{"embeddable":true,"href":"https:\/\/www.radiopiu.net\/wordpress\/wp-json\/wp\/v2\/comments?post=306318"}],"version-history":[{"count":0,"href":"https:\/\/www.radiopiu.net\/wordpress\/wp-json\/wp\/v2\/posts\/306318\/revisions"}],"wp:featuredmedia":[{"embeddable":true,"href":"https:\/\/www.radiopiu.net\/wordpress\/wp-json\/wp\/v2\/media\/182306"}],"wp:attachment":[{"href":"https:\/\/www.radiopiu.net\/wordpress\/wp-json\/wp\/v2\/media?parent=306318"}],"wp:term":[{"taxonomy":"category","embeddable":true,"href":"https:\/\/www.radiopiu.net\/wordpress\/wp-json\/wp\/v2\/categories?post=306318"},{"taxonomy":"post_tag","embeddable":true,"href":"https:\/\/www.radiopiu.net\/wordpress\/wp-json\/wp\/v2\/tags?post=306318"}],"curies":[{"name":"wp","href":"https:\/\/api.w.org\/{rel}","templated":true}]}}