{"id":306446,"date":"2022-11-14T23:48:10","date_gmt":"2022-11-14T22:48:10","guid":{"rendered":"https:\/\/www.radiopiu.net\/wordpress\/?p=306446"},"modified":"2022-11-15T01:26:15","modified_gmt":"2022-11-15T00:26:15","slug":"lamon-nel-profilo-storico-della-comunita-in-evidenza-quelli-della-dinastia-dei-facen","status":"publish","type":"post","link":"https:\/\/www.radiopiu.net\/wordpress\/lamon-nel-profilo-storico-della-comunita-in-evidenza-quelli-della-dinastia-dei-facen\/","title":{"rendered":"LAMON: NEL PROFILO STORICO DELLA COMUNITA&#8217; IN EVIDENZA QUELLI DELLA DINASTIA DEI FACEN"},"content":{"rendered":"<p><strong>di Renato Bona<\/strong><\/p>\n<p>Ad iniziativa della Pro Loco Lamon lo storico Paolo Conte, come abbiamo gi\u00e0 avuto occasione di ricordare, realizzava nel novembre del 2003 (stampa della tipografia Piave di Belluno, grafica e impaginazione di Antonio Genuin, presentazione di Franca Tollardo presidentessa della Pro Loco, copertina con la miniatura raffigurante San Pietro nell\u2019inventario dei beni della parrocchia di San Pietro Apostolo di Lamon 1529-1533) il pregevole volume intitolato \u201cLamon: profilo storico di una Comunit\u00e0 di confine\u201d , In questa occasione ci soffermiamo sul capitolo che l\u2019autore ha opportunamente dedicato ai profili biografici di personaggi noti e meno noti ma sicuramente illustri, partendo dalla figura di Jacopo Facen (1803-1886) che ebbe i natali a Lamon da Antonio, agricoltore possidente, e Cristina Piasente. Entrato nel seminario di Feltre, si avvi\u00f2 al sacerdozio rimanendo nel collegio vescovile fino al 1827. Abbandonato il chiericato, due anni dopo si iscrisse all\u2019Universit\u00e0 di Padova e si laure\u00f2 in medicina nel 1834. Rifiutata l\u2019offerta di Tomaso Catullo di fargli da assistente all\u2019Universit\u00e0, Jacopo si trasfer\u00ec lo stesso anno ad Arsi\u00e8 con l\u2019incarico di medico condotto. Nel paese feltrino. Qui nel 1835 spos\u00f2 Clementina Maddalozzo che gli diede la bellezza di 12 figli! Paolo Conte non trascura di dire che nel 1836 \u201cfu impegnato ad arginare una grave epidemia di colera giunta nel Feltrino dopo essersi propagata partendo da Venezia\u201d. Nell\u2019impossibilit\u00e0 per ovvie ragioni di spazio, di dare conto di tutte le attivit\u00e0 e benemerenze di Facen, ricorderemo che per oltre 40 anni fu medico condotto di Lamon dove per lustri assicur\u00f2 anche l\u2019assistenza farmaceutica. Conosciuto e stimato oltre i confini provinciali ottenne prestigiosi riconoscimenti ed incarichi anche dalle autorit\u00e0 austriache oltre che italiane. Nominato Cavaliere della Corona nell\u2019ottobre 1877 ottenne poco dopo il mandato di ispettore agli scavi e ai monumenti del distretto di Fonzaso. Avanti con gli anni, si dimise dalla condotta medica il 12 ottobre 1880 e cos\u00ec fu pi\u00f9 libero per altri impegni e per dare un mano all\u2019amico parroco don Gaspare Scalet. Aurelio Facen (1836-1879): primogenito di Jacopo, nacque ad Arsi\u00e8; dopo le superiori nel seminario feltrino si iscrisse all\u2019universit\u00e0 di Padova e segu\u00ec i corsi di farmacia fino al 1858. Con la seconda guerra d\u2019indipendenza, dopo il 29 ottobre 1959 usc\u00ec clandestinamente dal Veneto per recarsi in Lombardia e poi a Modena dove si arruol\u00f2 nel corpo sanitario dell\u2019esercito piemontese. Promosso sottotenente oper\u00f2 nell\u2019ospedale di Rimini e quindi a Palermo dove rimase fino alla fine del 1865. Con la guerra per l\u2019annessione del Veneto all\u2019Italia cui partecip\u00f2 attivamente, si guadagn\u00f2 encomi e medaglie. Quindi si trasfer\u00ec stabilmente a Firenze, ospedale chimico-farmaceutico; si accas\u00f2 nel 1873 con Maddalena Savi ed ebbero un figlio, Antonio. Scrittore fecondo e dallo stile elegante diresse la rivista \u201cL\u2019Amico della famiglia\u201d. Mor\u00ec a Firenze nel 1879 lasciando il figlio in tenera et\u00e0. Quarto figlio di Jacopo, Quintino Facen nacque a Lamon nel 1844 e fu avviato agli studi da don Gaspare Scalet curato di Arina. Frequent\u00f2 il triennio delle tecniche inferiori a Belluno e le superiori a Venezia. Diplomatosi nel 1866 si iscrisse a matematica a Padova dove, concluso il terzo anno accademico, nell\u2019autunno 1870 venne nominato professore di scienze naturali e agronomiche all\u2019Istituto tecnico di Treviso. Si occup\u00f2 di fenomeni astro-meteorici e cosmico-tellurici scrivendone su alcuni periodici e ottenendo le lodi dello studioso ginevrino Carlo A. Kesselmeyer. Mor\u00ec prematuramente a Lamon nel 1873. Concludiamo con Giuseppe Facen (1860-1941) dodicesimo ed ultimo figlio di Jacopo, nato a Lamon nel 1860. Introdotto agli studi dal padre, frequent\u00f2 le scuole tecniche a Belluno, diplomandosi con ottimi voti; dopo il servizio militare a Lecce, nel 1910 spos\u00f2 Giuseppina Bertoldi. All\u2019inizio di carriera collabor\u00f2 alla preparazione dei calcoli per il progetto delle fortificazioni militari costruite lungo le Scale di Primolano. L\u2019attivit\u00e0 principale fu tuttavia quella per le Poste: a Pordenone prima e quindi a Padova quale direttore. L\u201911 ottobre, in occasione del cinquantesimo della morte del padre, presenzi\u00f2 a Lamon alla cerimonia celebrativa. Mor\u00ec a Padova nel 1941, lasciando la moglie e due figlie: Flora ed Elda.<\/p>\n\n\t\t\t<style type='text\/css'>\n\t\t\t\t#gallery-1 {\n\t\t\t\t\tmargin: auto;\n\t\t\t\t}\n\t\t\t\t#gallery-1 .gallery-item {\n\t\t\t\t\tfloat: left;\n\t\t\t\t\tmargin-top: 10px;\n\t\t\t\t\ttext-align: center;\n\t\t\t\t\twidth: 25%;\n\t\t\t\t}\n\t\t\t\t#gallery-1 img {\n\t\t\t\t\tborder: 2px solid #cfcfcf;\n\t\t\t\t}\n\t\t\t\t#gallery-1 .gallery-caption {\n\t\t\t\t\tmargin-left: 0;\n\t\t\t\t}\n\t\t\t\t\/* see gallery_shortcode() in wp-includes\/media.php *\/\n\t\t\t<\/style>\n\t\t<div id='gallery-1' class='dt-gallery-container gallery galleryid-306446 gallery-columns-4 gallery-size-thumbnail'><dl class='gallery-item'>\n\t\t\t\t<dt class='gallery-icon landscape'>\n\t\t\t\t\t<a class=\"rollover rollover-zoom dt-pswp-item\" title=\"313039562_798136891253688_6490783124310110047_n\" data-dt-img-description=\"\" data-large_image_width=\"598\" data-large_image_height=\"403\"href='https:\/\/www.radiopiu.net\/wordpress\/wp-content\/uploads\/2022\/11\/313039562_798136891253688_6490783124310110047_n.jpg'><img loading=\"lazy\" decoding=\"async\" width=\"150\" height=\"150\" src=\"https:\/\/www.radiopiu.net\/wordpress\/wp-content\/uploads\/2022\/11\/313039562_798136891253688_6490783124310110047_n-150x150.jpg\" class=\"attachment-thumbnail size-thumbnail\" alt=\"\" \/><\/a>\n\t\t\t\t<\/dt><\/dl><dl class='gallery-item'>\n\t\t\t\t<dt class='gallery-icon landscape'>\n\t\t\t\t\t<a class=\"rollover rollover-zoom dt-pswp-item\" title=\"314071010_660837695673570_2765679528751854970_n\" data-dt-img-description=\"\" data-large_image_width=\"591\" data-large_image_height=\"403\"href='https:\/\/www.radiopiu.net\/wordpress\/wp-content\/uploads\/2022\/11\/314071010_660837695673570_2765679528751854970_n.jpg'><img loading=\"lazy\" decoding=\"async\" width=\"150\" height=\"150\" src=\"https:\/\/www.radiopiu.net\/wordpress\/wp-content\/uploads\/2022\/11\/314071010_660837695673570_2765679528751854970_n-150x150.jpg\" class=\"attachment-thumbnail size-thumbnail\" alt=\"\" \/><\/a>\n\t\t\t\t<\/dt><\/dl><dl class='gallery-item'>\n\t\t\t\t<dt class='gallery-icon landscape'>\n\t\t\t\t\t<a class=\"rollover rollover-zoom dt-pswp-item\" title=\"312359352_651868443073376_1288938103308210202_n\" data-dt-img-description=\"\" data-large_image_width=\"1067\" data-large_image_height=\"403\"href='https:\/\/www.radiopiu.net\/wordpress\/wp-content\/uploads\/2022\/11\/312359352_651868443073376_1288938103308210202_n.jpg'><img loading=\"lazy\" decoding=\"async\" width=\"150\" height=\"150\" src=\"https:\/\/www.radiopiu.net\/wordpress\/wp-content\/uploads\/2022\/11\/312359352_651868443073376_1288938103308210202_n-150x150.jpg\" class=\"attachment-thumbnail size-thumbnail\" alt=\"\" \/><\/a>\n\t\t\t\t<\/dt><\/dl><dl class='gallery-item'>\n\t\t\t\t<dt class='gallery-icon portrait'>\n\t\t\t\t\t<a class=\"rollover rollover-zoom dt-pswp-item\" title=\"312898951_1080163962658690_6181729433246043128_n\" data-dt-img-description=\"\" data-large_image_width=\"301\" data-large_image_height=\"414\"href='https:\/\/www.radiopiu.net\/wordpress\/wp-content\/uploads\/2022\/11\/312898951_1080163962658690_6181729433246043128_n.jpg'><img loading=\"lazy\" decoding=\"async\" width=\"150\" height=\"150\" src=\"https:\/\/www.radiopiu.net\/wordpress\/wp-content\/uploads\/2022\/11\/312898951_1080163962658690_6181729433246043128_n-150x150.jpg\" class=\"attachment-thumbnail size-thumbnail\" alt=\"\" \/><\/a>\n\t\t\t\t<\/dt><\/dl><br style=\"clear: both\" \/><dl class='gallery-item'>\n\t\t\t\t<dt class='gallery-icon portrait'>\n\t\t\t\t\t<a class=\"rollover rollover-zoom dt-pswp-item\" title=\"312991223_1824563604562856_5716970874278410036_n\" data-dt-img-description=\"\" data-large_image_width=\"339\" data-large_image_height=\"403\"href='https:\/\/www.radiopiu.net\/wordpress\/wp-content\/uploads\/2022\/11\/312991223_1824563604562856_5716970874278410036_n.jpg'><img loading=\"lazy\" decoding=\"async\" width=\"150\" height=\"150\" src=\"https:\/\/www.radiopiu.net\/wordpress\/wp-content\/uploads\/2022\/11\/312991223_1824563604562856_5716970874278410036_n-150x150.jpg\" class=\"attachment-thumbnail size-thumbnail\" alt=\"\" \/><\/a>\n\t\t\t\t<\/dt><\/dl><dl class='gallery-item'>\n\t\t\t\t<dt class='gallery-icon portrait'>\n\t\t\t\t\t<a class=\"rollover rollover-zoom dt-pswp-item\" title=\"312802679_878133123344927_3170029561421830285_n\" data-dt-img-description=\"\" data-large_image_width=\"340\" data-large_image_height=\"403\"href='https:\/\/www.radiopiu.net\/wordpress\/wp-content\/uploads\/2022\/11\/312802679_878133123344927_3170029561421830285_n.jpg'><img loading=\"lazy\" decoding=\"async\" width=\"150\" height=\"150\" src=\"https:\/\/www.radiopiu.net\/wordpress\/wp-content\/uploads\/2022\/11\/312802679_878133123344927_3170029561421830285_n-150x150.jpg\" class=\"attachment-thumbnail size-thumbnail\" alt=\"\" \/><\/a>\n\t\t\t\t<\/dt><\/dl><dl class='gallery-item'>\n\t\t\t\t<dt class='gallery-icon portrait'>\n\t\t\t\t\t<a class=\"rollover rollover-zoom dt-pswp-item\" title=\"315297148_850631679471255_3666551921651734880_n\" data-dt-img-description=\"\" data-large_image_width=\"338\" data-large_image_height=\"403\"href='https:\/\/www.radiopiu.net\/wordpress\/wp-content\/uploads\/2022\/11\/315297148_850631679471255_3666551921651734880_n.jpg'><img loading=\"lazy\" decoding=\"async\" width=\"150\" height=\"150\" src=\"https:\/\/www.radiopiu.net\/wordpress\/wp-content\/uploads\/2022\/11\/315297148_850631679471255_3666551921651734880_n-150x150.jpg\" class=\"attachment-thumbnail size-thumbnail\" alt=\"\" \/><\/a>\n\t\t\t\t<\/dt><\/dl><dl class='gallery-item'>\n\t\t\t\t<dt class='gallery-icon portrait'>\n\t\t\t\t\t<a class=\"rollover rollover-zoom dt-pswp-item\" title=\"314805125_6361682887192606_3175174803162885206_n\" data-dt-img-description=\"\" data-large_image_width=\"347\" data-large_image_height=\"403\"href='https:\/\/www.radiopiu.net\/wordpress\/wp-content\/uploads\/2022\/11\/314805125_6361682887192606_3175174803162885206_n.jpg'><img loading=\"lazy\" decoding=\"async\" width=\"150\" height=\"150\" src=\"https:\/\/www.radiopiu.net\/wordpress\/wp-content\/uploads\/2022\/11\/314805125_6361682887192606_3175174803162885206_n-150x150.jpg\" class=\"attachment-thumbnail size-thumbnail\" alt=\"\" \/><\/a>\n\t\t\t\t<\/dt><\/dl><br style=\"clear: both\" \/>\n\t\t\t<\/div>\n\n<p>&nbsp;<\/p>\n<p>NELLE FOTO (riproduzioni dal libro di Paolo Conte \u201cLamon: profilo storico di una Comunit\u00e0 di confine\u201d): la chiesa di san Donato, al centro dell\u2019abitato in una cartolina degli anni \u201850, sulla destra si nota il vecchio campanile in legno; \u201cPont Alt\u201d Ponte Serra nella litografia stampata nel 1876 su disegno di Marco Moro; probabilmente la prima fotografia del centro del paese scattata negli ultimi decenni dell\u2019Ottocento; donne che lavano i panni nella \u201cRig\u201d all\u2019inizio di via Resenterra, all\u2019altezza dell\u2019attuale Municipio (periodo precedente la Grande guerra); Jacopo Facen; Aurelio Facen; Quintino Facen; Giuseppe Facen.<\/p>\n<p>&nbsp;<\/p>\n<p>&nbsp;<\/p>\n<p>*****<\/p>\n","protected":false},"excerpt":{"rendered":"<p>di Renato Bona Ad iniziativa della Pro Loco Lamon lo storico Paolo Conte, come abbiamo gi\u00e0 avuto occasione di ricordare, realizzava nel novembre del 2003 (stampa della tipografia Piave di Belluno, grafica e impaginazione di Antonio Genuin, presentazione di Franca Tollardo presidentessa della Pro Loco, copertina con la miniatura raffigurante San Pietro nell\u2019inventario dei beni&hellip;<\/p>\n","protected":false},"author":4,"featured_media":306466,"comment_status":"closed","ping_status":"closed","sticky":false,"template":"","format":"standard","meta":{"_monsterinsights_skip_tracking":false,"_monsterinsights_sitenote_active":false,"_monsterinsights_sitenote_note":"","_monsterinsights_sitenote_category":0,"footnotes":""},"categories":[104,49],"tags":[],"class_list":["post-306446","post","type-post","status-publish","format-standard","has-post-thumbnail","hentry","category-evidenza_3","category-news-18","category-104","category-49","description-off"],"img_url":"https:\/\/www.radiopiu.net\/wordpress\/wp-content\/uploads\/2022\/11\/313039562_798136891253688_6490783124310110047_n.jpg","_links":{"self":[{"href":"https:\/\/www.radiopiu.net\/wordpress\/wp-json\/wp\/v2\/posts\/306446","targetHints":{"allow":["GET"]}}],"collection":[{"href":"https:\/\/www.radiopiu.net\/wordpress\/wp-json\/wp\/v2\/posts"}],"about":[{"href":"https:\/\/www.radiopiu.net\/wordpress\/wp-json\/wp\/v2\/types\/post"}],"author":[{"embeddable":true,"href":"https:\/\/www.radiopiu.net\/wordpress\/wp-json\/wp\/v2\/users\/4"}],"replies":[{"embeddable":true,"href":"https:\/\/www.radiopiu.net\/wordpress\/wp-json\/wp\/v2\/comments?post=306446"}],"version-history":[{"count":0,"href":"https:\/\/www.radiopiu.net\/wordpress\/wp-json\/wp\/v2\/posts\/306446\/revisions"}],"wp:featuredmedia":[{"embeddable":true,"href":"https:\/\/www.radiopiu.net\/wordpress\/wp-json\/wp\/v2\/media\/306466"}],"wp:attachment":[{"href":"https:\/\/www.radiopiu.net\/wordpress\/wp-json\/wp\/v2\/media?parent=306446"}],"wp:term":[{"taxonomy":"category","embeddable":true,"href":"https:\/\/www.radiopiu.net\/wordpress\/wp-json\/wp\/v2\/categories?post=306446"},{"taxonomy":"post_tag","embeddable":true,"href":"https:\/\/www.radiopiu.net\/wordpress\/wp-json\/wp\/v2\/tags?post=306446"}],"curies":[{"name":"wp","href":"https:\/\/api.w.org\/{rel}","templated":true}]}}