{"id":306449,"date":"2022-11-14T23:50:00","date_gmt":"2022-11-14T22:50:00","guid":{"rendered":"https:\/\/www.radiopiu.net\/wordpress\/?p=306449"},"modified":"2022-11-15T01:57:54","modified_gmt":"2022-11-15T00:57:54","slug":"a-paola","status":"publish","type":"post","link":"https:\/\/www.radiopiu.net\/wordpress\/a-paola\/","title":{"rendered":"A Paola&#8230;"},"content":{"rendered":"<p><strong><a class=\"dt-pswp-item\" href=\"https:\/\/www.radiopiu.net\/wordpress\/wp-content\/uploads\/2022\/11\/Senza-nome-58.jpg\" data-dt-img-description=\"\" data-large_image_width=\"538\" data-large_image_height=\"712\"><img loading=\"lazy\" decoding=\"async\" class=\"size-medium wp-image-306450 alignleft\" src=\"https:\/\/www.radiopiu.net\/wordpress\/wp-content\/uploads\/2022\/11\/Senza-nome-58-227x300.jpg\" alt=\"\" width=\"227\" height=\"300\" srcset=\"https:\/\/www.radiopiu.net\/wordpress\/wp-content\/uploads\/2022\/11\/Senza-nome-58-227x300.jpg 227w, https:\/\/www.radiopiu.net\/wordpress\/wp-content\/uploads\/2022\/11\/Senza-nome-58.jpg 538w\" sizes=\"auto, (max-width: 227px) 100vw, 227px\" \/><\/a>RADIOPIU<\/strong> <em>&#8220;Ma lo sai che siamo anche un po&#8217; parenti?&#8221;&#8230;<\/em> No non lo sapevo, lo ho scoperto quella sera, pi\u00f9 o meno all&#8217;inizio degli anni novanta\u00a0 in attesa di un piatto caldo, perch\u00e9 capitava spesso, dopo le partite del mio Alleghe Hockey,\u00a0 che Paola mi invitava al suo tavolo ed era sempre un momento piacevole,\u00a0 perch\u00e9 non si parlava solo di hockey, ma di vita amministrativa del paese, quello che andava e quello che non andava, di fiori, meravigliose composizioni che adornavano nella bella stagione i poggioli dello Zunaia, io l&#8217;ho sempre chiamato cos\u00ec, pi\u00f9 tardi anche dell&#8217;Albergo alle Alpi in piazza Kennedy. Oppure quando arrivava l&#8217;occasione per invitare la gente a contribuire, perch\u00e9 Paola non si risparmiava nemmeno nella solidariet\u00e0 organizzando eventi, chiamando ripetutamente la Radio Pi\u00f9,\u00a0 perch\u00e9 non si dimenticasse di ricordare gli appuntamenti e informare gli ascoltatori.<em> &#8220;E domani che \u00e8 l&#8217;ultimo dell&#8217;anno cosa fai? Perch\u00e9 non vieni qui?&#8221;.<\/em>..Inviti inaspettati, in quegli anni, pagati i gettoni della Sip per le dirette telefoniche dell&#8217;Alleghe Hockey,\u00a0 non rimanevano tante lire in tasca, quell&#8217;invito ti faceva respirare e fare bella figura con la morosa di allora.\u00a0 Paola ha voluto bene alla Radio Pi\u00f9, e lo ha dimostrato concretamente in pi\u00f9 di un&#8217;occasione, mettendomi in prima fila anche quando organizzava quelle manifestazioni musicali in piazza, mica per tirare su soldi, ma per dare qualche cosa in pi\u00f9 alla Alleghe Turistica. Un male di famiglia visto quanto ha fatto negli anni Silvano, il suo compagno di una vita e non solo nell&#8217;organizzare la TransCivetta (premiato con il premio alla Cultura dal circolo culturale Agordino un tot di anni fa), o la gara di San Bartolomeo, o la Superbike, o il Giro della Grande Guerra inventato da lui e dalla allora Media Pi\u00f9 con l&#8217;incondizionato appoggio della Radio e Agordino Pi\u00f9 Notizie il mensile degli agordini,\u00a0 o gli eventi culturali,\u00a0 o ogni altra iniziativa per catalizzare l&#8217;attenzione del turista. <em>&#8220;Ma lo sai o no che siamo anche un po&#8217; parenti?&#8221;\u00a0<\/em>Frase che non ho mai dimenticato, per questo gi\u00e0 quella sera avevo fatto pulizia nella memoria scanerizzando\u00a0 l&#8217;albero genealogico. Proprio vero, un po&#8217; alla lontana ma neanche tanto, le nostre nonne erano prime cugine. Un motivo in pi\u00f9 per legare con Paola &#8220;Tecia&#8221; Benevegn\u00f9. Perch\u00e9 oggi? Perch\u00e9 facendo pulizia mi \u00e8 arrivata tra le mani la foto, con quegli occhiali bianchi,\u00a0 quella che pi\u00f9 me la ricorda, e la rappresenta. Che in qualche occasione ha spostato per lasciare scendere qualche lacrima, \u00e8 successo anche questo con Paola, perch\u00e9 spesso diventava la confidente e non certo per commentare le sconfitte dell&#8217;Alleghe. Il giorno dell&#8217;incidente di Sabrina, in quel bar, poco prima della semifinale con il Milano, dopo la telefonata di Christian il Carabinieri ad Agordo,\u00a0 che ha cambiato la vita di tanti,\u00a0 \u00e8 stata la prima che mi ha guardato, che ha capito, che ha iniziato a soffrire il momento, l&#8217;inizio del dramma.<br \/>\nNon ti dimentico Paola, non ti dimentica chi ti ha voluto bene e solo dopo ha capito la tua importanza per la tua famiglia, la tua Alleghe, il turismo in riva al lago.<br \/>\nMirko<\/p>\n<p>&nbsp;<\/p>\n<p>&nbsp;<\/p>\n<p>&nbsp;<\/p>\n<p>&nbsp;<\/p>\n<p>&nbsp;<\/p>\n<hr \/>\n<p>&nbsp;<\/p>\n","protected":false},"excerpt":{"rendered":"<p>RADIOPIU &#8220;Ma lo sai che siamo anche un po&#8217; parenti?&#8221;&#8230; No non lo sapevo, lo ho scoperto quella sera, pi\u00f9 o meno all&#8217;inizio degli anni novanta\u00a0 in attesa di un piatto caldo, perch\u00e9 capitava spesso, dopo le partite del mio Alleghe Hockey,\u00a0 che Paola mi invitava al suo tavolo ed era sempre un momento piacevole,\u00a0&hellip;<\/p>\n","protected":false},"author":4,"featured_media":306451,"comment_status":"closed","ping_status":"closed","sticky":false,"template":"","format":"standard","meta":{"_monsterinsights_skip_tracking":false,"_monsterinsights_sitenote_active":false,"_monsterinsights_sitenote_note":"","_monsterinsights_sitenote_category":0,"footnotes":""},"categories":[104,49],"tags":[],"class_list":["post-306449","post","type-post","status-publish","format-standard","has-post-thumbnail","hentry","category-evidenza_3","category-news-18","category-104","category-49","description-off"],"img_url":"https:\/\/www.radiopiu.net\/wordpress\/wp-content\/uploads\/2022\/11\/Senza-nome-2.png","_links":{"self":[{"href":"https:\/\/www.radiopiu.net\/wordpress\/wp-json\/wp\/v2\/posts\/306449","targetHints":{"allow":["GET"]}}],"collection":[{"href":"https:\/\/www.radiopiu.net\/wordpress\/wp-json\/wp\/v2\/posts"}],"about":[{"href":"https:\/\/www.radiopiu.net\/wordpress\/wp-json\/wp\/v2\/types\/post"}],"author":[{"embeddable":true,"href":"https:\/\/www.radiopiu.net\/wordpress\/wp-json\/wp\/v2\/users\/4"}],"replies":[{"embeddable":true,"href":"https:\/\/www.radiopiu.net\/wordpress\/wp-json\/wp\/v2\/comments?post=306449"}],"version-history":[{"count":0,"href":"https:\/\/www.radiopiu.net\/wordpress\/wp-json\/wp\/v2\/posts\/306449\/revisions"}],"wp:featuredmedia":[{"embeddable":true,"href":"https:\/\/www.radiopiu.net\/wordpress\/wp-json\/wp\/v2\/media\/306451"}],"wp:attachment":[{"href":"https:\/\/www.radiopiu.net\/wordpress\/wp-json\/wp\/v2\/media?parent=306449"}],"wp:term":[{"taxonomy":"category","embeddable":true,"href":"https:\/\/www.radiopiu.net\/wordpress\/wp-json\/wp\/v2\/categories?post=306449"},{"taxonomy":"post_tag","embeddable":true,"href":"https:\/\/www.radiopiu.net\/wordpress\/wp-json\/wp\/v2\/tags?post=306449"}],"curies":[{"name":"wp","href":"https:\/\/api.w.org\/{rel}","templated":true}]}}