{"id":306476,"date":"2022-11-16T05:28:37","date_gmt":"2022-11-16T04:28:37","guid":{"rendered":"https:\/\/www.radiopiu.net\/wordpress\/?p=306476"},"modified":"2022-11-16T19:41:16","modified_gmt":"2022-11-16T18:41:16","slug":"giornale-radiopiu-16-novembre-2022-direttore-mirko-mezzacasa","status":"publish","type":"post","link":"https:\/\/www.radiopiu.net\/wordpress\/giornale-radiopiu-16-novembre-2022-direttore-mirko-mezzacasa\/","title":{"rendered":"GIORNALE RADIOPIU 16 NOVEMBRE 2022 DIRETTORE MIRKO MEZZACASA"},"content":{"rendered":"<h3 class=\"kvgmc6g5 cxmmr5t8 oygrvhab hcukyx3x c1et5uql\"><span style=\"color: #0000ff;\"><strong>RADIO PIU INFORMAZIONE il canale su TELEGRAM informazione di prima\u00a0 <\/strong><strong>mano e in tempo reale. iscriviti ed aiutaci a farlo conoscere\u00a0 \u00a0\u00a0<\/strong><\/span><\/h3>\n<p>&nbsp;<\/p>\n<hr \/>\n<p>&nbsp;<\/p>\n<p><strong>INTERRUZIONE SERVIZIO IDRICO PROGRAMMATA.<\/strong><\/p>\n<p><strong>AGORDO-FALCADE <\/strong>\u00a0Gestione Servizi Pubblici informa che, per lavori alla rete idrica comunale,\u00a0 oggi dalle 8:30 fino a fine lavori\u00a0 verr\u00e0 sospesa l\u2019erogazione dell\u2019acqua ad Agordo\u00a0 \u00a0in via DANTE ALIGHIERI e in localit\u00e0 VERAN. Domani dalle\u00a0 8\u00a0 \u00a0a fine lavori verr\u00e0 sospesa l\u2019erogazione dell\u2019acqua a Falcade\u00a0 nei vicoli ZIAGN e COLOI e nelle vie 7\u00b0 ALPINI e VENETO.<\/p>\n<p>&nbsp;<\/p>\n<p>&nbsp;<\/p>\n<hr \/>\n<p>&nbsp;<\/p>\n<blockquote>\n<h3>FIGLIO UCCIDE L&#8217;ANZIANA MADRE MALATA A PELLEGAI DI BORGO VALBELLUNA<\/h3>\n<p>di Moreno Gioli<\/p>\n<audio class=\"wp-audio-shortcode\" id=\"audio-306476-1\" preload=\"none\" style=\"width: 100%;\" controls=\"controls\"><source type=\"audio\/mpeg\" src=\"https:\/\/www.radiopiu.net\/wordpress\/wp-content\/uploads\/2022\/11\/moreno-morti.mp3?_=1\" \/><a href=\"https:\/\/www.radiopiu.net\/wordpress\/wp-content\/uploads\/2022\/11\/moreno-morti.mp3\">https:\/\/www.radiopiu.net\/wordpress\/wp-content\/uploads\/2022\/11\/moreno-morti.mp3<\/a><\/audio>\n<p>&nbsp;<\/p><\/blockquote>\n<p><strong><a class=\"dt-pswp-item\" href=\"https:\/\/www.radiopiu.net\/wordpress\/wp-content\/uploads\/2021\/10\/police-3394767__480.jpg\" data-dt-img-description=\"\" data-large_image_width=\"719\" data-large_image_height=\"480\"><img loading=\"lazy\" decoding=\"async\" class=\" wp-image-239926 alignleft\" src=\"https:\/\/www.radiopiu.net\/wordpress\/wp-content\/uploads\/2021\/10\/police-3394767__480-300x200.jpg\" alt=\"\" width=\"162\" height=\"108\" srcset=\"https:\/\/www.radiopiu.net\/wordpress\/wp-content\/uploads\/2021\/10\/police-3394767__480-300x200.jpg 300w, https:\/\/www.radiopiu.net\/wordpress\/wp-content\/uploads\/2021\/10\/police-3394767__480.jpg 719w\" sizes=\"auto, (max-width: 162px) 100vw, 162px\" \/><\/a><strong class=\"photoswipe-wrapper\">BORGO VALBELLUNA<\/strong><\/strong>\u00a0Nella piccola frazione di Pellegai a Borgo Valbelluna si \u00e8 consumata una tragedia. Un operaio di 56 anni\u00a0 Aurelio Monestier ha ferito a morte la madre\u00a0 Antonia Schiocchet di 88 anni con una coltellata all\u2019addome, poi ha rivolto il coltello verso se stesso\u00a0 e si \u00e8 tolto la vita. E\u2019 stata la sorella che abita li vicino a dare\u00a0 l\u2019allarme e chiamare i Carabinieri poich\u00e9 non ha visto rincasare la coppia dopo la consueta passeggiata quotidiana. I corpi sono stati ritrovati sul pavimento del magazzino di fronte a casa. Per i Carabinieri accorsi sul posto l\u2019uomo avrebbe prima ucciso la madre per poi togliersi la vita con lo stesso coltello usato per colpire la donna. Sul caso sta indagando la Procura. Le salme sono state affidate al carro funebre e trasportate nella cella mortuaria dell\u2019ospedale.<strong><br \/>\n<\/strong><\/p>\n<p>&nbsp;<\/p>\n<hr \/>\n<p>&nbsp;<\/p>\n<blockquote>\n<h3>FURTO IN CASA DEL VECCHIO IN CENTRO AD AGORDO<\/h3>\n<\/blockquote>\n<p><strong><a class=\"dt-pswp-item\" href=\"https:\/\/www.radiopiu.net\/wordpress\/wp-content\/uploads\/2022\/11\/1dda1c47-e09c-4eb1-8939-99cdc7a09401.jpg\" data-dt-img-description=\"\" data-large_image_width=\"1920\" data-large_image_height=\"1080\"><img loading=\"lazy\" decoding=\"async\" class=\"size-medium wp-image-306626 alignleft\" src=\"https:\/\/www.radiopiu.net\/wordpress\/wp-content\/uploads\/2022\/11\/1dda1c47-e09c-4eb1-8939-99cdc7a09401-300x169.jpg\" alt=\"\" width=\"300\" height=\"169\" srcset=\"https:\/\/www.radiopiu.net\/wordpress\/wp-content\/uploads\/2022\/11\/1dda1c47-e09c-4eb1-8939-99cdc7a09401-300x169.jpg 300w, https:\/\/www.radiopiu.net\/wordpress\/wp-content\/uploads\/2022\/11\/1dda1c47-e09c-4eb1-8939-99cdc7a09401-1024x576.jpg 1024w, https:\/\/www.radiopiu.net\/wordpress\/wp-content\/uploads\/2022\/11\/1dda1c47-e09c-4eb1-8939-99cdc7a09401-768x432.jpg 768w, https:\/\/www.radiopiu.net\/wordpress\/wp-content\/uploads\/2022\/11\/1dda1c47-e09c-4eb1-8939-99cdc7a09401-1536x864.jpg 1536w, https:\/\/www.radiopiu.net\/wordpress\/wp-content\/uploads\/2022\/11\/1dda1c47-e09c-4eb1-8939-99cdc7a09401.jpg 1920w\" sizes=\"auto, (max-width: 300px) 100vw, 300px\" \/><\/a>AGORDO <\/strong>Furto in casa Del Vecchio, tanti i danni nell&#8217;appartamento messo a soqquadro, per ora ignoto il bottino del raid ladresco favorito dall&#8217;oscurit\u00e0. La situazione si fa preoccupante, forse \u00e8 la stessa persona, forse il branco che ha deciso di bivaccare nel capoluogo di vallata. L&#8217;asticella dell&#8217;attenzione comunque s&#8217;alza con l&#8217;invito a tenere gli occhi aperti e il dito sul telefono per digitare il numero della pi\u00f9 vicina stazione dei Carabinieri. Prima il blitz nei locali del Tennis Club di via Rova,\u00a0 messi sotto sopra (non \u00e8 stato trovato nulla da rubare), poi il tentativo di effrazione a Villa Fiore del dottor Galvano Dotta,\u00a0 dove lo sbandato &#8211; le telecamere confermano che ha agito in solitaria &#8211;\u00a0 non \u00e8 riuscito ad entrare nonostante abbia provato a forzare sette porte blindate, ma ha lasciato segni ovunque e, soprattutto, fotogrammi importanti sulla video sorveglianza. Ora la notizia di un nuovo episodio criminoso con lo stesso identico modus operandi di Villa Fiore,\u00a0 risale a una settimana fa, o almeno i proprietari (o i custodi della villa),\u00a0 si sono accorti del passaggio dei malviventi lo scorso 7 novembre. E&#8217; stata presa di mira l&#8217;abitazione della famiglia Del Vecchio dove per alcuni anni ha vissuto la figlia Paola oggi residente a Santo Domingo. Una volta all&#8217;interno l&#8217;appartamento \u00e8 stato messo sotto sopra, i danni e il malessere creato lo si pu\u00f2 facilmente immaginare. Cosa sia sparito dall&#8217;abitazione non \u00e8 noto, dovranno prima rientrare i proprietari e capire l&#8217;entit\u00e0 del furto. Indagano i Carabinieri della stazione di Agordo con i colleghi della scientifica del Comando di Belluno, da qualche giorno ad Agordo proprio in seguito alla catena di eventi criminosi. La casa Del Vecchio \u00e8 in prossimit\u00e0 del palazzetto di Luxottica, donato dal Cavaliere all&#8217;Unione Montana Agordina (allora Comunit\u00e0 Monana) e da tempo chiuso perch\u00e9 mancano i soldi per ristrutturarlo, sopra la piana dei Mogn dove ha\u00a0 invece sede il Pala Luxottica. La casa \u00e8\u00a0 accessibile dalla strada\u00a0 che porta all&#8217;eliporto in una zona decentrata e isolata.<\/p>\n<p>&nbsp;<\/p>\n<hr \/>\n<p>&nbsp;<\/p>\n<div class=\"page-title-head hgroup\">\n<blockquote>\n<h3 class=\"entry-title\">IERI L\u2019ADDIO A DANIELE, IL TAMBURINO DEL PALIO DI FELTRE<\/h3>\n<\/blockquote>\n<\/div>\n<p>&nbsp;<\/p>\n<p>&nbsp;<\/p>\n\n\t\t\t<style type='text\/css'>\n\t\t\t\t#gallery-1 {\n\t\t\t\t\tmargin: auto;\n\t\t\t\t}\n\t\t\t\t#gallery-1 .gallery-item {\n\t\t\t\t\tfloat: left;\n\t\t\t\t\tmargin-top: 10px;\n\t\t\t\t\ttext-align: center;\n\t\t\t\t\twidth: 50%;\n\t\t\t\t}\n\t\t\t\t#gallery-1 img {\n\t\t\t\t\tborder: 2px solid #cfcfcf;\n\t\t\t\t}\n\t\t\t\t#gallery-1 .gallery-caption {\n\t\t\t\t\tmargin-left: 0;\n\t\t\t\t}\n\t\t\t\t\/* see gallery_shortcode() in wp-includes\/media.php *\/\n\t\t\t<\/style>\n\t\t<div id='gallery-1' class='dt-gallery-container gallery galleryid-306476 gallery-columns-2 gallery-size-medium'><dl class='gallery-item'>\n\t\t\t\t<dt class='gallery-icon landscape'>\n\t\t\t\t\t<a class=\"rollover rollover-zoom dt-pswp-item\" title=\"578299_662209207138680_1785777576_n\" data-dt-img-description=\"\" data-large_image_width=\"178\" data-large_image_height=\"178\"href='https:\/\/www.radiopiu.net\/wordpress\/wp-content\/uploads\/2022\/11\/578299_662209207138680_1785777576_n.jpg'><img loading=\"lazy\" decoding=\"async\" width=\"178\" height=\"178\" src=\"https:\/\/www.radiopiu.net\/wordpress\/wp-content\/uploads\/2022\/11\/578299_662209207138680_1785777576_n.jpg\" class=\"attachment-medium size-medium\" alt=\"\" srcset=\"https:\/\/www.radiopiu.net\/wordpress\/wp-content\/uploads\/2022\/11\/578299_662209207138680_1785777576_n.jpg 178w, https:\/\/www.radiopiu.net\/wordpress\/wp-content\/uploads\/2022\/11\/578299_662209207138680_1785777576_n-150x150.jpg 150w\" sizes=\"auto, (max-width: 178px) 100vw, 178px\" \/><\/a>\n\t\t\t\t<\/dt><\/dl><dl class='gallery-item'>\n\t\t\t\t<dt class='gallery-icon landscape'>\n\t\t\t\t\t<a class=\"rollover rollover-zoom dt-pswp-item\" title=\"23415645_2189892891036963_3798535103452385268_o\" data-dt-img-description=\"\" data-large_image_width=\"206\" data-large_image_height=\"206\"href='https:\/\/www.radiopiu.net\/wordpress\/wp-content\/uploads\/2022\/11\/23415645_2189892891036963_3798535103452385268_o.jpg'><img loading=\"lazy\" decoding=\"async\" width=\"206\" height=\"206\" src=\"https:\/\/www.radiopiu.net\/wordpress\/wp-content\/uploads\/2022\/11\/23415645_2189892891036963_3798535103452385268_o.jpg\" class=\"attachment-medium size-medium\" alt=\"\" srcset=\"https:\/\/www.radiopiu.net\/wordpress\/wp-content\/uploads\/2022\/11\/23415645_2189892891036963_3798535103452385268_o.jpg 206w, https:\/\/www.radiopiu.net\/wordpress\/wp-content\/uploads\/2022\/11\/23415645_2189892891036963_3798535103452385268_o-150x150.jpg 150w\" sizes=\"auto, (max-width: 206px) 100vw, 206px\" \/><\/a>\n\t\t\t\t<\/dt><\/dl><br style=\"clear: both\" \/>\n\t\t\t<\/div>\n\n<p><strong>FELTRE<\/strong> Lutto in citt\u00e0, lutto soprattutto nella contrada Santo Stefano come ricordato sulla pagina social <em>\u00abChe tu possa trovare un mondo di pace dove far risuonare qualche colpo di tamburo. Con affetto il Tuo Quartiere Santo Stefano!\u00bb. <\/em>Si sono svolti ieri i funerali di Daniele Cason, figura importante\u00a0 per Feltre e per il Palio perch\u00e8 proprio lui ha iniziato a tracciare la storia del tamburo battente fin dagli anni ottanta nell&#8217;ambito dei XV ducati. Aveva 68 anni, ha lavorato una vita come dipendente comunale, era andato in pensione da poco tempo. Tanti i messaggi di cordoglio, anche dagli alpini\u00a0 Gruppo di Farra.<\/p>\n<div class=\"testoArticolo\"><\/div>\n<p>&nbsp;<\/p>\n<p>&nbsp;<\/p>\n<hr \/>\n<p>&nbsp;<\/p>\n<blockquote>\n<h2>DOPO STACCO (COMITATO D&#8217;INTESA) UN ALTRO ALLARME<\/h2>\n<\/blockquote>\n<blockquote><p><strong><em>IL TAVOLO DEL CONSIGLIO DELLE AUTONOMIE LOCALI A VENEZIA<\/em><\/strong><\/p><\/blockquote>\n<p><strong><img loading=\"lazy\" decoding=\"async\" class=\"alignleft\" src=\"https:\/\/www.radiopiu.net\/wordpress\/wp-content\/uploads\/2021\/08\/972ec435-fa04-49e8-bf1e-048263cab367.jpg\" width=\"275\" height=\"184\" \/><\/strong><b>VENEZIA\u00a0<\/b> I temi del sociale portati dal\u00a0 Sindaco di Seren del Grappa Dario Scopel,\u00a0 \u00a0rappresentante dell&#8217;ANPCI &#8211; Associazione Nazionale Piccoli Comuni di Italia<\/p>\n<p>Riflettori sempre puntati sui temi sociali<\/p>\n<p>&nbsp;<\/p>\n<p>&nbsp;<\/p>\n<p>&nbsp;<\/p>\n<p><strong>DI DANIELE DALVIT<\/strong><\/p>\n<audio class=\"wp-audio-shortcode\" id=\"audio-306476-2\" preload=\"none\" style=\"width: 100%;\" controls=\"controls\"><source type=\"audio\/mpeg\" src=\"https:\/\/www.radiopiu.net\/wordpress\/wp-content\/uploads\/2022\/11\/daniele-dal-vit-temi-sociali.mp3?_=2\" \/><a href=\"https:\/\/www.radiopiu.net\/wordpress\/wp-content\/uploads\/2022\/11\/daniele-dal-vit-temi-sociali.mp3\">https:\/\/www.radiopiu.net\/wordpress\/wp-content\/uploads\/2022\/11\/daniele-dal-vit-temi-sociali.mp3<\/a><\/audio>\n<p>&nbsp;<\/p>\n<p>&nbsp;<\/p>\n<hr \/>\n<p>&nbsp;<\/p>\n<blockquote>\n<h3>TAGLI ALLE SCUOLE PARITARIE, DECISO DALLA GIUNTA DI PALAZZO ROSSO<\/h3>\n<\/blockquote>\n<p><strong><a class=\"dt-pswp-item\" href=\"https:\/\/www.radiopiu.net\/wordpress\/wp-content\/uploads\/2022\/02\/Palazzo-rosso-illuminato-1-scaled.jpg\" data-dt-img-description=\"\" data-large_image_width=\"2560\" data-large_image_height=\"1707\"><img loading=\"lazy\" decoding=\"async\" class=\" wp-image-258761 alignleft\" src=\"https:\/\/www.radiopiu.net\/wordpress\/wp-content\/uploads\/2022\/02\/Palazzo-rosso-illuminato-1-300x200.jpg\" alt=\"\" width=\"192\" height=\"128\" srcset=\"https:\/\/www.radiopiu.net\/wordpress\/wp-content\/uploads\/2022\/02\/Palazzo-rosso-illuminato-1-300x200.jpg 300w, https:\/\/www.radiopiu.net\/wordpress\/wp-content\/uploads\/2022\/02\/Palazzo-rosso-illuminato-1-1024x683.jpg 1024w, https:\/\/www.radiopiu.net\/wordpress\/wp-content\/uploads\/2022\/02\/Palazzo-rosso-illuminato-1-768x512.jpg 768w, https:\/\/www.radiopiu.net\/wordpress\/wp-content\/uploads\/2022\/02\/Palazzo-rosso-illuminato-1-1536x1024.jpg 1536w, https:\/\/www.radiopiu.net\/wordpress\/wp-content\/uploads\/2022\/02\/Palazzo-rosso-illuminato-1-2048x1365.jpg 2048w\" sizes=\"auto, (max-width: 192px) 100vw, 192px\" \/><\/a>BELLUNO<\/strong><\/p>\n<p><strong>MORENO GIOLI<\/strong><\/p>\n<audio class=\"wp-audio-shortcode\" id=\"audio-306476-3\" preload=\"none\" style=\"width: 100%;\" controls=\"controls\"><source type=\"audio\/mpeg\" src=\"https:\/\/www.radiopiu.net\/wordpress\/wp-content\/uploads\/2022\/11\/tagli-alle-scuole-paritarie-gioli.mp3?_=3\" \/><a href=\"https:\/\/www.radiopiu.net\/wordpress\/wp-content\/uploads\/2022\/11\/tagli-alle-scuole-paritarie-gioli.mp3\">https:\/\/www.radiopiu.net\/wordpress\/wp-content\/uploads\/2022\/11\/tagli-alle-scuole-paritarie-gioli.mp3<\/a><\/audio>\n<p>&nbsp;<\/p>\n<p>&nbsp;<\/p>\n<hr \/>\n<p>&nbsp;<\/p>\n<p>&nbsp;<\/p>\n<div class=\"page-title-head hgroup\">\n<h3 class=\"entry-title\">VENERDI L\u2019INAUGURAZIONE DEL CENTRO DI CONSERVAZIONE DELLA BIODIVERSITA\u2019 COLTIVATA<\/h3>\n<\/div>\n<div class=\"page-title-breadcrumbs\">\n<p><strong>SAN TOMASO<\/strong>\u00a0Tutto \u00e8 pronto per il taglio del nastro al \u00a0Centro di conservazione della biodiversit\u00e0 coltivata e di promozione del turismo rurale nell\u2019ambito del progetto di cooperazione transnazionale \u201cL\u2019orto ritrovato\u201d. Il Centro, denominato \u201cOrti rupestri\u201d, ha l\u2019obiettivo di conservare, a fini divulgativi e culturali, le sementi delle specie autoctone per promuovere presso le popolazioni e i turisti delle aree geografiche interessate la conoscenza dei vegetali antichi e recuperarne le coltivazioni. La cerimonia si svolger\u00e0\u00a0 venerdi alle\u00a0 11\u00a0 nella parte di edificio che ospitava la scuola primaria, ubicato nella frazione di Celat.<\/p>\n<blockquote class=\"wp-embedded-content\" data-secret=\"HoHBGZITRm\"><p><a href=\"https:\/\/www.radiopiu.net\/wordpress\/venerdi-linaugurazione-del-centro-di-conservazione-della-biodiversita-coltivata\/\">VENERDI L&#8217;INAUGURAZIONE DEL CENTRO DI CONSERVAZIONE DELLA BIODIVERSITA&#8217; COLTIVATA<\/a><\/p><\/blockquote>\n<p><iframe loading=\"lazy\" class=\"wp-embedded-content\" sandbox=\"allow-scripts\" security=\"restricted\" style=\"position: absolute; clip: rect(1px, 1px, 1px, 1px);\" title=\"&#8220;VENERDI L&#8217;INAUGURAZIONE DEL CENTRO DI CONSERVAZIONE DELLA BIODIVERSITA&#8217; COLTIVATA&#8221; &#8212; Radio Pi\u00f9\" src=\"https:\/\/www.radiopiu.net\/wordpress\/venerdi-linaugurazione-del-centro-di-conservazione-della-biodiversita-coltivata\/embed\/#?secret=Md30PFZO2r#?secret=HoHBGZITRm\" data-secret=\"HoHBGZITRm\" width=\"600\" height=\"338\" frameborder=\"0\" marginwidth=\"0\" marginheight=\"0\" scrolling=\"no\"><\/iframe><\/p>\n<\/div>\n<p>&nbsp;<\/p>\n<p><span style=\"color: #ff0000;\">ARCHIVIO RADIO PIU 27 LUGLIO 2021<\/span><\/p>\n<p><strong><a href=\"https:\/\/www.radiopiu.net\/wordpress\/il-sogno-di-san-tomaso-il-centro-di-raccolta-di-biodiversita\/san-tomaso-agordino\/\" rel=\"attachment wp-att-224233\"><img loading=\"lazy\" decoding=\"async\" class=\"size-medium wp-image-224233 alignleft\" src=\"https:\/\/www.radiopiu.net\/wordpress\/wp-content\/uploads\/2021\/07\/SAN-TOMASO-AGORDINO-300x238.png\" alt=\"\" width=\"300\" height=\"238\" srcset=\"https:\/\/www.radiopiu.net\/wordpress\/wp-content\/uploads\/2021\/07\/SAN-TOMASO-AGORDINO-300x238.png 300w, https:\/\/www.radiopiu.net\/wordpress\/wp-content\/uploads\/2021\/07\/SAN-TOMASO-AGORDINO-1024x813.png 1024w, https:\/\/www.radiopiu.net\/wordpress\/wp-content\/uploads\/2021\/07\/SAN-TOMASO-AGORDINO-768x610.png 768w, https:\/\/www.radiopiu.net\/wordpress\/wp-content\/uploads\/2021\/07\/SAN-TOMASO-AGORDINO-1536x1220.png 1536w, https:\/\/www.radiopiu.net\/wordpress\/wp-content\/uploads\/2021\/07\/SAN-TOMASO-AGORDINO.png 1906w\" sizes=\"auto, (max-width: 300px) 100vw, 300px\" \/><\/a>SAN TOMASO<\/strong><\/p>\n<p>di Gianni Santomaso<\/p>\n<audio class=\"wp-audio-shortcode\" id=\"audio-306476-4\" preload=\"none\" style=\"width: 100%;\" controls=\"controls\"><source type=\"audio\/mpeg\" src=\"https:\/\/www.radiopiu.net\/wordpress\/wp-content\/uploads\/2021\/07\/GIANNI-BIODIVERSITA-SAN-TOMASO.mp3?_=4\" \/><a href=\"https:\/\/www.radiopiu.net\/wordpress\/wp-content\/uploads\/2021\/07\/GIANNI-BIODIVERSITA-SAN-TOMASO.mp3\">https:\/\/www.radiopiu.net\/wordpress\/wp-content\/uploads\/2021\/07\/GIANNI-BIODIVERSITA-SAN-TOMASO.mp3<\/a><\/audio>\n<p>&nbsp;<\/p>\n<p><span style=\"color: #ff0000;\">ARCHIVIO RADIOPIU 25 OTTOBRE 2019\u00a0<\/span><\/p>\n<blockquote>\n<h3>PROGETTO BIOCOLALP, LA BIODIVERSITA&#8217; NELLE COLTIVAZIONI<\/h3>\n<p><em>Del progetto BioColAlp di recupero e rilancio della biodiversit\u00e0 nelle coltivazioni alpine si parler\u00e0 domani alle 17.30 sotto il tendone della Sagra di San Simon a Vallada. La conferenza intitolata &#8220;Alla riscoperta delle variet\u00e0 coltivate per la valorizzazione dei nostri orti&#8221; sar\u00e0 a cura di Orazio e Cesare Andrich e Andrea Zampieri. Introdurr\u00e0 l&#8217;incontro il sindaco di Vallada, Fabio Luchetta.<\/em><\/p><\/blockquote>\n<p><strong><span style=\"color: #ff0000;\">LA STORIA DELLA PREGHIERA E DELLA PAGNOTTA&#8230;<\/span><\/strong><\/p>\n<audio class=\"wp-audio-shortcode\" id=\"audio-306476-5\" preload=\"none\" style=\"width: 100%;\" controls=\"controls\"><source type=\"audio\/mpeg\" src=\"http:\/\/www.radiopiu.net\/wordpress\/wp-content\/uploads\/2019\/10\/PROGETTO-ORTI.mp3?_=5\" \/><a href=\"http:\/\/www.radiopiu.net\/wordpress\/wp-content\/uploads\/2019\/10\/PROGETTO-ORTI.mp3\">http:\/\/www.radiopiu.net\/wordpress\/wp-content\/uploads\/2019\/10\/PROGETTO-ORTI.mp3<\/a><\/audio>\n\n\t\t\t<style type='text\/css'>\n\t\t\t\t#gallery-2 {\n\t\t\t\t\tmargin: auto;\n\t\t\t\t}\n\t\t\t\t#gallery-2 .gallery-item {\n\t\t\t\t\tfloat: left;\n\t\t\t\t\tmargin-top: 10px;\n\t\t\t\t\ttext-align: center;\n\t\t\t\t\twidth: 33%;\n\t\t\t\t}\n\t\t\t\t#gallery-2 img {\n\t\t\t\t\tborder: 2px solid #cfcfcf;\n\t\t\t\t}\n\t\t\t\t#gallery-2 .gallery-caption {\n\t\t\t\t\tmargin-left: 0;\n\t\t\t\t}\n\t\t\t\t\/* see gallery_shortcode() in wp-includes\/media.php *\/\n\t\t\t<\/style>\n\t\t<div id='gallery-2' class='dt-gallery-container gallery galleryid-306476 gallery-columns-3 gallery-size-thumbnail'><dl class='gallery-item'>\n\t\t\t\t<dt class='gallery-icon landscape'>\n\t\t\t\t\t<a class=\"rollover\" href='https:\/\/www.radiopiu.net\/wordpress\/giornale-radiopiu-25-ottobre-2019-direttore-mirko-mezzacasa\/9622c663-27af-4854-b47d-ab47c0ce4373\/'><img loading=\"lazy\" decoding=\"async\" width=\"150\" height=\"150\" src=\"https:\/\/www.radiopiu.net\/wordpress\/wp-content\/uploads\/2019\/10\/9622c663-27af-4854-b47d-ab47c0ce4373-150x150.jpg\" class=\"attachment-thumbnail size-thumbnail\" alt=\"\" \/><\/a>\n\t\t\t\t<\/dt><\/dl><dl class='gallery-item'>\n\t\t\t\t<dt class='gallery-icon landscape'>\n\t\t\t\t\t<a class=\"rollover\" href='https:\/\/www.radiopiu.net\/wordpress\/giornale-radiopiu-25-ottobre-2019-direttore-mirko-mezzacasa\/85db7407-40c3-4629-a270-138df6a9cae2\/'><img loading=\"lazy\" decoding=\"async\" width=\"150\" height=\"150\" src=\"https:\/\/www.radiopiu.net\/wordpress\/wp-content\/uploads\/2019\/10\/85db7407-40c3-4629-a270-138df6a9cae2-150x150.jpg\" class=\"attachment-thumbnail size-thumbnail\" alt=\"\" \/><\/a>\n\t\t\t\t<\/dt><\/dl><dl class='gallery-item'>\n\t\t\t\t<dt class='gallery-icon landscape'>\n\t\t\t\t\t<a class=\"rollover\" href='https:\/\/www.radiopiu.net\/wordpress\/giornale-radiopiu-25-ottobre-2019-direttore-mirko-mezzacasa\/fb40ac03-f632-47f2-beb6-9872eb00370d\/'><img loading=\"lazy\" decoding=\"async\" width=\"150\" height=\"150\" src=\"https:\/\/www.radiopiu.net\/wordpress\/wp-content\/uploads\/2019\/10\/fb40ac03-f632-47f2-beb6-9872eb00370d-150x150.jpg\" class=\"attachment-thumbnail size-thumbnail\" alt=\"\" \/><\/a>\n\t\t\t\t<\/dt><\/dl><br style=\"clear: both\" \/><dl class='gallery-item'>\n\t\t\t\t<dt class='gallery-icon landscape'>\n\t\t\t\t\t<a class=\"rollover\" href='https:\/\/www.radiopiu.net\/wordpress\/giornale-radiopiu-25-ottobre-2019-direttore-mirko-mezzacasa\/3e33d487-2f1d-46f9-a91e-a4da552f090e\/'><img loading=\"lazy\" decoding=\"async\" width=\"150\" height=\"150\" src=\"https:\/\/www.radiopiu.net\/wordpress\/wp-content\/uploads\/2019\/10\/3e33d487-2f1d-46f9-a91e-a4da552f090e-150x150.jpg\" class=\"attachment-thumbnail size-thumbnail\" alt=\"\" \/><\/a>\n\t\t\t\t<\/dt><\/dl><dl class='gallery-item'>\n\t\t\t\t<dt class='gallery-icon portrait'>\n\t\t\t\t\t<a class=\"rollover\" href='https:\/\/www.radiopiu.net\/wordpress\/giornale-radiopiu-25-ottobre-2019-direttore-mirko-mezzacasa\/93d492eb-9410-4847-b364-1fa1632acdac\/'><img loading=\"lazy\" decoding=\"async\" width=\"150\" height=\"150\" src=\"https:\/\/www.radiopiu.net\/wordpress\/wp-content\/uploads\/2019\/10\/93d492eb-9410-4847-b364-1fa1632acdac-150x150.jpg\" class=\"attachment-thumbnail size-thumbnail\" alt=\"\" \/><\/a>\n\t\t\t\t<\/dt><\/dl>\n\t\t\t\t<br style='clear: both' \/>\n\t\t\t<\/div>\n\n<p>&nbsp;<\/p>\n<p>&nbsp;<\/p>\n<p>&nbsp;<\/p>\n<hr \/>\n<p>&nbsp;<\/p>\n<blockquote>\n<h3>DILLO A RADIO PIU&#8217;&#8230; E IO PAGO, CONTINUO A PAGARE E PAGO<\/h3>\n<\/blockquote>\n<p>&nbsp;<\/p>\n<p><a class=\"dt-pswp-item\" href=\"https:\/\/www.radiopiu.net\/wordpress\/wp-content\/uploads\/2021\/07\/AUTOSTRADA-A-27.png\" data-dt-img-description=\"\" data-large_image_width=\"1024\" data-large_image_height=\"1024\"><img loading=\"lazy\" decoding=\"async\" class=\"wp-image-221382 alignleft\" src=\"https:\/\/www.radiopiu.net\/wordpress\/wp-content\/uploads\/2021\/07\/AUTOSTRADA-A-27-300x300.png\" alt=\"\" width=\"125\" height=\"125\" srcset=\"https:\/\/www.radiopiu.net\/wordpress\/wp-content\/uploads\/2021\/07\/AUTOSTRADA-A-27-300x300.png 300w, https:\/\/www.radiopiu.net\/wordpress\/wp-content\/uploads\/2021\/07\/AUTOSTRADA-A-27-150x150.png 150w, https:\/\/www.radiopiu.net\/wordpress\/wp-content\/uploads\/2021\/07\/AUTOSTRADA-A-27-768x768.png 768w, https:\/\/www.radiopiu.net\/wordpress\/wp-content\/uploads\/2021\/07\/AUTOSTRADA-A-27.png 1024w\" sizes=\"auto, (max-width: 125px) 100vw, 125px\" \/><\/a>REDAZIONE Il conto del telepass \u00e8 sempre salato tra tasse, commissioni bancarie,\u00a0 pedaggi, carburanti con prezzi alle stelle. Si chiama autostrada. Autostrada? Forse meglio richiamare la definizione &#8220;L&#8217;<b>autostrada<\/b>\u00a0\u00e8 un tipo di\u00a0<a title=\"Strada\" href=\"https:\/\/it.wikipedia.org\/wiki\/Strada\">via di comunicazione<\/a>, progettata per agevolare la circolazione di grandi volumi di\u00a0<a title=\"Traffico\" href=\"https:\/\/it.wikipedia.org\/wiki\/Traffico\">traffico<\/a> veicolare ad alta velocit\u00e0, in alternativa a una strada della viabilit\u00e0 ordinaria che non garantisce la stessa capacit\u00e0 di transiti e non gestisce gli stessi problemi di sicurezza&#8221;. Dopo questa rinfrescata lo sfogo di Yari.<\/p>\n<blockquote><p><a class=\"dt-pswp-item\" href=\"https:\/\/www.radiopiu.net\/wordpress\/wp-content\/uploads\/2020\/07\/Traffico_bassa.jpg\" data-dt-img-description=\"traffic jam or collapse with rows of cars and lorry at motorway autostrada road during rush hour\" data-large_image_width=\"630\" data-large_image_height=\"420\"><img loading=\"lazy\" decoding=\"async\" class=\"size-medium wp-image-148717 alignright\" src=\"https:\/\/www.radiopiu.net\/wordpress\/wp-content\/uploads\/2020\/07\/Traffico_bassa-300x200.jpg\" alt=\"\" width=\"300\" height=\"200\" srcset=\"https:\/\/www.radiopiu.net\/wordpress\/wp-content\/uploads\/2020\/07\/Traffico_bassa-300x200.jpg 300w, https:\/\/www.radiopiu.net\/wordpress\/wp-content\/uploads\/2020\/07\/Traffico_bassa.jpg 630w\" sizes=\"auto, (max-width: 300px) 100vw, 300px\" \/><\/a><\/p>\n<p><em><strong>Ragazzi, scrivo perch\u00e9 quotidianamente mi trovo ad affrontare il tratto autostradale Belluno Treviso, A27,\u00a0 ma \u00e8 possibile che da anni ci si trovi a pagare un&#8217;autostrada che ormai tutto \u00e8 fuori che un&#8217;autostrada? Oggi dalla prima galleria a Vittorio sud 70 orari di media, ma il pedaggio \u00e8 sempre pagato a tariffa piena. Non mi sembra equa la cosa. Piccolo sfogo e immagino non sia nemmeno\u00a0 la prima segnalazione<\/strong><\/em><\/p><\/blockquote>\n<p>Commento della redazione: infatti.<\/p>\n<p><a class=\"dt-pswp-item\" href=\"https:\/\/www.radiopiu.net\/wordpress\/wp-content\/uploads\/2019\/02\/558x312xcasello-autostrada-A27-dolomiti.jpg.pagespeed.ic_.AUYLIYSelj.jpg\" data-dt-img-description=\"\" data-large_image_width=\"558\" data-large_image_height=\"312\"><img loading=\"lazy\" decoding=\"async\" class=\"size-medium wp-image-75528 alignleft\" src=\"https:\/\/www.radiopiu.net\/wordpress\/wp-content\/uploads\/2019\/02\/558x312xcasello-autostrada-A27-dolomiti.jpg.pagespeed.ic_.AUYLIYSelj-300x168.jpg\" alt=\"\" width=\"300\" height=\"168\" srcset=\"https:\/\/www.radiopiu.net\/wordpress\/wp-content\/uploads\/2019\/02\/558x312xcasello-autostrada-A27-dolomiti.jpg.pagespeed.ic_.AUYLIYSelj-300x168.jpg 300w, https:\/\/www.radiopiu.net\/wordpress\/wp-content\/uploads\/2019\/02\/558x312xcasello-autostrada-A27-dolomiti.jpg.pagespeed.ic_.AUYLIYSelj.jpg 558w\" sizes=\"auto, (max-width: 300px) 100vw, 300px\" \/><\/a>Parte l\u2019operazione che permette agli automobilisti di ottenere un rimborso del pedaggio autostradale in caso di traffico provocato da cantieri. Qualcuno lo ha gi\u00e0 ribattezzato \u201ccashback pedaggi\u201d, vista la popolarit\u00e0 che l\u2019anglicismo ha maturato negli ultimi mesi, e di fatto costituisce la risposta del gestore autostradale alla necessit\u00e0 di compensare le lunghe file provocate dai lavori non rinviabili, quelli che non possono essere differiti o sospesi durante i periodi pi\u00f9 trafficati. Un\u2019operazione che, tra annunci e sperimentazioni, prende il via dopo un anno di gestazione e dopo un\u2019estate di furiose polemiche provocate da ingorghi in alcuni casi biblici. Si parte dal 15 settembre, a beneficiarne saranno tutti gli utenti della strada senza distinzione dal tipo di veicolo guidato: auto, furgoni, camion o moto. A seconda del ritardo sar\u00e0 possibile riceve indietro dal 25% al 100% del pedaggio pagato; per aderire non serve avere il Telepass ma \u00e8 sufficiente scaricare l\u2019App dedicata. I primi rimborsi arriveranno a gennaio 2022, per il momento per i soli tratti gestiti da Autostrade per l\u2019Italia tramite la app dedicata:\u00a0<span id=\"U4201265792129H8H\">Free To X<\/span>. La app \u00e8 scaricabile gratuitamente e richiede solo di registrarsi, indicando anche un indirizzo e-mail e fotografando un documento d\u2019identit\u00e0.<\/p>\n<p>www.gazzetta.it<\/p>\n<p>&nbsp;<\/p>\n<hr \/>\n<p>&nbsp;<\/p>\n<blockquote>\n<h3>I BULLI SEMPRE PIU&#8217; PADRONI DELLA CITTA&#8217;, NON TEMONO NESSUNO NEMMENO LA DIVISA E DA GRANDI&#8230;POTRANNO CONTARE SUL REDDITO DI CITTADINANZA.<\/h3>\n<\/blockquote>\n<p><strong><a class=\"dt-pswp-item\" href=\"https:\/\/www.radiopiu.net\/wordpress\/wp-content\/uploads\/2022\/11\/parco-citta-bologna-a-belluno.jpg\" data-dt-img-description=\"\" data-large_image_width=\"768\" data-large_image_height=\"437\"><img loading=\"lazy\" decoding=\"async\" class=\"wp-image-306691 alignleft\" src=\"https:\/\/www.radiopiu.net\/wordpress\/wp-content\/uploads\/2022\/11\/parco-citta-bologna-a-belluno-300x171.jpg\" alt=\"\" width=\"184\" height=\"105\" srcset=\"https:\/\/www.radiopiu.net\/wordpress\/wp-content\/uploads\/2022\/11\/parco-citta-bologna-a-belluno-300x171.jpg 300w, https:\/\/www.radiopiu.net\/wordpress\/wp-content\/uploads\/2022\/11\/parco-citta-bologna-a-belluno.jpg 768w\" sizes=\"auto, (max-width: 184px) 100vw, 184px\" \/><\/a>BELLUNO<\/strong> Un normale controllo dei documenti si \u00e8 trasformato in un grave episodio, ancora una volta in prossimit\u00e0 del Parco Citt\u00e0 di Bologna gi\u00e0 teatro di vandalismi ed\u00a0 episodi di bullismo contro i cittadini.<\/p>\n<p><strong>L&#8217;ASSESSORE RAFFAELE ADDAMIANO<\/strong><\/p>\n<audio class=\"wp-audio-shortcode\" id=\"audio-306476-6\" preload=\"none\" style=\"width: 100%;\" controls=\"controls\"><source type=\"audio\/mpeg\" src=\"https:\/\/www.radiopiu.net\/wordpress\/wp-content\/uploads\/2022\/11\/addamiano.mp3?_=6\" \/><a href=\"https:\/\/www.radiopiu.net\/wordpress\/wp-content\/uploads\/2022\/11\/addamiano.mp3\">https:\/\/www.radiopiu.net\/wordpress\/wp-content\/uploads\/2022\/11\/addamiano.mp3<\/a><\/audio>\n<p>&nbsp;<\/p>\n<p>&nbsp;<\/p>\n<hr \/>\n<p>&nbsp;<\/p>\n<blockquote>\n<h3>SOPRALLUOGO DELL&#8217;ASSESSORE REGIONALE BOTTACIN AI CANTIERI DI ROCCA PIETORE<\/h3>\n<\/blockquote>\n<p><strong><a class=\"dt-pswp-item\" href=\"https:\/\/www.radiopiu.net\/wordpress\/wp-content\/uploads\/2020\/12\/BOTTACIN-1.png\" data-dt-img-description=\"\" data-large_image_width=\"1042\" data-large_image_height=\"690\"><img loading=\"lazy\" decoding=\"async\" class=\" wp-image-182306 alignleft\" src=\"https:\/\/www.radiopiu.net\/wordpress\/wp-content\/uploads\/2020\/12\/BOTTACIN-1-300x199.png\" alt=\"\" width=\"151\" height=\"100\" srcset=\"https:\/\/www.radiopiu.net\/wordpress\/wp-content\/uploads\/2020\/12\/BOTTACIN-1-300x199.png 300w, https:\/\/www.radiopiu.net\/wordpress\/wp-content\/uploads\/2020\/12\/BOTTACIN-1-1024x678.png 1024w, https:\/\/www.radiopiu.net\/wordpress\/wp-content\/uploads\/2020\/12\/BOTTACIN-1-768x509.png 768w, https:\/\/www.radiopiu.net\/wordpress\/wp-content\/uploads\/2020\/12\/BOTTACIN-1.png 1042w\" sizes=\"auto, (max-width: 151px) 100vw, 151px\" \/><\/a>ROCCA PIETORE<\/strong> L&#8217;assessore al Dissesto idrogeologico Gianpaolo Bottacin si \u00e8 recato a Rocca Pietore per un ampio sopralluogo ai numerosi cantieri presenti nel comune Agordino. &#8220;<em>Qui c&#8217;\u00e8 stato l&#8217;epicentro di Vaia e conseguentemente molti sono gli interventi che si sono resi necessari &#8211; spiega l&#8217;assessore -: sono infatti ben 58 i cantieri avviati e in buona parte completati dopo l&#8217;evento calamitoso, investendo la ragguardevole somma di quasi 70 milioni di euro<\/em>&#8220;.<\/p>\n<p>&nbsp;<\/p>\n\n\t\t\t<style type='text\/css'>\n\t\t\t\t#gallery-3 {\n\t\t\t\t\tmargin: auto;\n\t\t\t\t}\n\t\t\t\t#gallery-3 .gallery-item {\n\t\t\t\t\tfloat: left;\n\t\t\t\t\tmargin-top: 10px;\n\t\t\t\t\ttext-align: center;\n\t\t\t\t\twidth: 50%;\n\t\t\t\t}\n\t\t\t\t#gallery-3 img {\n\t\t\t\t\tborder: 2px solid #cfcfcf;\n\t\t\t\t}\n\t\t\t\t#gallery-3 .gallery-caption {\n\t\t\t\t\tmargin-left: 0;\n\t\t\t\t}\n\t\t\t\t\/* see gallery_shortcode() in wp-includes\/media.php *\/\n\t\t\t<\/style>\n\t\t<div id='gallery-3' class='dt-gallery-container gallery galleryid-306476 gallery-columns-2 gallery-size-medium'><dl class='gallery-item'>\n\t\t\t\t<dt class='gallery-icon landscape'>\n\t\t\t\t\t<a class=\"rollover rollover-zoom dt-pswp-item\" title=\"BOTTACIN 1\" data-dt-img-description=\"\" data-large_image_width=\"1600\" data-large_image_height=\"1200\"href='https:\/\/www.radiopiu.net\/wordpress\/wp-content\/uploads\/2022\/11\/BOTTACIN-1.jpg'><img loading=\"lazy\" decoding=\"async\" width=\"300\" height=\"225\" src=\"https:\/\/www.radiopiu.net\/wordpress\/wp-content\/uploads\/2022\/11\/BOTTACIN-1-300x225.jpg\" class=\"attachment-medium size-medium\" alt=\"\" srcset=\"https:\/\/www.radiopiu.net\/wordpress\/wp-content\/uploads\/2022\/11\/BOTTACIN-1-300x225.jpg 300w, https:\/\/www.radiopiu.net\/wordpress\/wp-content\/uploads\/2022\/11\/BOTTACIN-1-1024x768.jpg 1024w, https:\/\/www.radiopiu.net\/wordpress\/wp-content\/uploads\/2022\/11\/BOTTACIN-1-768x576.jpg 768w, https:\/\/www.radiopiu.net\/wordpress\/wp-content\/uploads\/2022\/11\/BOTTACIN-1-1536x1152.jpg 1536w, https:\/\/www.radiopiu.net\/wordpress\/wp-content\/uploads\/2022\/11\/BOTTACIN-1.jpg 1600w\" sizes=\"auto, (max-width: 300px) 100vw, 300px\" \/><\/a>\n\t\t\t\t<\/dt><\/dl><dl class='gallery-item'>\n\t\t\t\t<dt class='gallery-icon landscape'>\n\t\t\t\t\t<a class=\"rollover rollover-zoom dt-pswp-item\" title=\"BOTTACIN 2\" data-dt-img-description=\"\" data-large_image_width=\"1600\" data-large_image_height=\"1200\"href='https:\/\/www.radiopiu.net\/wordpress\/wp-content\/uploads\/2022\/11\/BOTTACIN-2.jpg'><img loading=\"lazy\" decoding=\"async\" width=\"300\" height=\"225\" src=\"https:\/\/www.radiopiu.net\/wordpress\/wp-content\/uploads\/2022\/11\/BOTTACIN-2-300x225.jpg\" class=\"attachment-medium size-medium\" alt=\"\" srcset=\"https:\/\/www.radiopiu.net\/wordpress\/wp-content\/uploads\/2022\/11\/BOTTACIN-2-300x225.jpg 300w, https:\/\/www.radiopiu.net\/wordpress\/wp-content\/uploads\/2022\/11\/BOTTACIN-2-1024x768.jpg 1024w, https:\/\/www.radiopiu.net\/wordpress\/wp-content\/uploads\/2022\/11\/BOTTACIN-2-768x576.jpg 768w, https:\/\/www.radiopiu.net\/wordpress\/wp-content\/uploads\/2022\/11\/BOTTACIN-2-1536x1152.jpg 1536w, https:\/\/www.radiopiu.net\/wordpress\/wp-content\/uploads\/2022\/11\/BOTTACIN-2.jpg 1600w\" sizes=\"auto, (max-width: 300px) 100vw, 300px\" \/><\/a>\n\t\t\t\t<\/dt><\/dl><br style=\"clear: both\" \/>\n\t\t\t<\/div>\n\n<p>&nbsp;<\/p>\n<p><strong>L&#8217;ASSESSORE REGIONALE GIANPAOLO BOTTACIN<\/strong><\/p>\n<div style=\"width: 640px;\" class=\"wp-video\"><video class=\"wp-video-shortcode\" id=\"video-306476-1\" width=\"640\" height=\"352\" preload=\"metadata\" controls=\"controls\"><source type=\"video\/mp4\" src=\"https:\/\/www.radiopiu.net\/wordpress\/wp-content\/uploads\/2022\/11\/WhatsApp-Video-2022-11-15-at-15.39.57.mp4?_=1\" \/><a href=\"https:\/\/www.radiopiu.net\/wordpress\/wp-content\/uploads\/2022\/11\/WhatsApp-Video-2022-11-15-at-15.39.57.mp4\">https:\/\/www.radiopiu.net\/wordpress\/wp-content\/uploads\/2022\/11\/WhatsApp-Video-2022-11-15-at-15.39.57.mp4<\/a><\/video><\/div>\n<p>&nbsp;<\/p>\n<hr \/>\n<p>&nbsp;<\/p>\n<blockquote>\n<h3>I LAVORI ALL&#8217;ACQUEDOTTO DI COL DE LE ROE ENTRO IL 2023<\/h3>\n<\/blockquote>\n<p><strong><a class=\"dt-pswp-item\" href=\"https:\/\/www.radiopiu.net\/wordpress\/wp-content\/uploads\/2018\/03\/GOSALDO.jpg\" data-dt-img-description=\"\" data-large_image_width=\"267\" data-large_image_height=\"200\"><img loading=\"lazy\" decoding=\"async\" class=\" wp-image-45573 alignleft\" src=\"https:\/\/www.radiopiu.net\/wordpress\/wp-content\/uploads\/2018\/03\/GOSALDO.jpg\" alt=\"\" width=\"187\" height=\"140\" \/><\/a>GOSALDO<\/strong><\/p>\n<p>di Gianni Santomaso<\/p>\n<audio class=\"wp-audio-shortcode\" id=\"audio-306476-7\" preload=\"none\" style=\"width: 100%;\" controls=\"controls\"><source type=\"audio\/mpeg\" src=\"https:\/\/www.radiopiu.net\/wordpress\/wp-content\/uploads\/2022\/11\/GIANNI-ACQUEDOTTO-COL-DE-LE-ROE.mp3?_=7\" \/><a href=\"https:\/\/www.radiopiu.net\/wordpress\/wp-content\/uploads\/2022\/11\/GIANNI-ACQUEDOTTO-COL-DE-LE-ROE.mp3\">https:\/\/www.radiopiu.net\/wordpress\/wp-content\/uploads\/2022\/11\/GIANNI-ACQUEDOTTO-COL-DE-LE-ROE.mp3<\/a><\/audio>\n<p>&nbsp;<\/p>\n<hr \/>\n<p>&nbsp;<\/p>\n<blockquote class=\"wp-embedded-content\" data-secret=\"a05m74L4O7\"><p><a href=\"https:\/\/www.radiopiu.net\/wordpress\/alto-missiaga-situazione-delle-opere-di-mitigazione-idraulica-e-riepilogo-delle-grandi-frane-del-passato\/\">ALTO MISSIAGA, SITUAZIONE DELLE OPERE DI MITIGAZIONE IDRAULICA E RIEPILOGO DELLE GRANDI FRANE DEL PASSATO<\/a><\/p><\/blockquote>\n<p><iframe loading=\"lazy\" class=\"wp-embedded-content\" sandbox=\"allow-scripts\" security=\"restricted\" style=\"position: absolute; clip: rect(1px, 1px, 1px, 1px);\" title=\"&#8220;ALTO MISSIAGA, SITUAZIONE DELLE OPERE DI MITIGAZIONE IDRAULICA E RIEPILOGO DELLE GRANDI FRANE DEL PASSATO&#8221; &#8212; Radio Pi\u00f9\" src=\"https:\/\/www.radiopiu.net\/wordpress\/alto-missiaga-situazione-delle-opere-di-mitigazione-idraulica-e-riepilogo-delle-grandi-frane-del-passato\/embed\/#?secret=HMuDeU455t#?secret=a05m74L4O7\" data-secret=\"a05m74L4O7\" width=\"600\" height=\"338\" frameborder=\"0\" marginwidth=\"0\" marginheight=\"0\" scrolling=\"no\"><\/iframe><\/p>\n<p>&nbsp;<\/p>\n<p>&nbsp;<\/p>\n<hr \/>\n<p>&nbsp;<\/p>\n<blockquote>\n<h3>IL PROGETTO ENERGIA E CLIMA 2.0 PER INFORMARE I CITTADINI SUI TEMI ENERGETICI<\/h3>\n<\/blockquote>\n<p><a class=\"dt-pswp-item\" href=\"https:\/\/www.radiopiu.net\/wordpress\/wp-content\/uploads\/2022\/02\/Energia-Rinvio-fine-tutela-c-Andreas.jpg\" data-dt-img-description=\"white plug on euro banknotes, concept of electricity price increase.\" data-large_image_width=\"554\" data-large_image_height=\"416\"><img loading=\"lazy\" decoding=\"async\" class=\"alignleft wp-image-257715 \" src=\"https:\/\/www.radiopiu.net\/wordpress\/wp-content\/uploads\/2022\/02\/Energia-Rinvio-fine-tutela-c-Andreas-300x225.jpg\" alt=\"\" width=\"169\" height=\"127\" srcset=\"https:\/\/www.radiopiu.net\/wordpress\/wp-content\/uploads\/2022\/02\/Energia-Rinvio-fine-tutela-c-Andreas-300x225.jpg 300w, https:\/\/www.radiopiu.net\/wordpress\/wp-content\/uploads\/2022\/02\/Energia-Rinvio-fine-tutela-c-Andreas.jpg 554w\" sizes=\"auto, (max-width: 169px) 100vw, 169px\" \/><\/a><strong>BELLUNO<\/strong> Cinque comuni uniti per informare i cittadini sui temi energetici: coinvolge l&#8217;intera Valbelluna il progetto Energia e Clima 2.0, sportello di comunicazione e informazione per famiglie e imprese sulle questioni dell&#8217;energia, dal caro-bollette alla produzione green.<\/p>\n<p><strong>di Daniele Dalvit<\/strong><\/p>\n<audio class=\"wp-audio-shortcode\" id=\"audio-306476-8\" preload=\"none\" style=\"width: 100%;\" controls=\"controls\"><source type=\"audio\/mpeg\" src=\"https:\/\/www.radiopiu.net\/wordpress\/wp-content\/uploads\/2022\/11\/DALVIT-ENERGIA-E-CLIMA.mp3?_=8\" \/><a href=\"https:\/\/www.radiopiu.net\/wordpress\/wp-content\/uploads\/2022\/11\/DALVIT-ENERGIA-E-CLIMA.mp3\">https:\/\/www.radiopiu.net\/wordpress\/wp-content\/uploads\/2022\/11\/DALVIT-ENERGIA-E-CLIMA.mp3<\/a><\/audio>\n<p>&nbsp;<\/p>\n<hr \/>\n<p>&nbsp;<\/p>\n<blockquote>\n<h3>LA REGIONE EROGA 30 MILA EURO ALLA FONDAZIONE PAPA LUCIANI PER GLI EVENTI DELLA SCORSA ESTATE<\/h3>\n<\/blockquote>\n<p><strong><a class=\"dt-pswp-item\" href=\"https:\/\/www.radiopiu.net\/wordpress\/wp-content\/uploads\/2021\/11\/CESTARO-ORIZZONTALE.png\" data-dt-img-description=\"\" data-large_image_width=\"544\" data-large_image_height=\"406\"><img loading=\"lazy\" decoding=\"async\" class=\" wp-image-240773 alignleft\" src=\"https:\/\/www.radiopiu.net\/wordpress\/wp-content\/uploads\/2021\/11\/CESTARO-ORIZZONTALE-300x224.png\" alt=\"\" width=\"145\" height=\"108\" srcset=\"https:\/\/www.radiopiu.net\/wordpress\/wp-content\/uploads\/2021\/11\/CESTARO-ORIZZONTALE-300x224.png 300w, https:\/\/www.radiopiu.net\/wordpress\/wp-content\/uploads\/2021\/11\/CESTARO-ORIZZONTALE.png 544w\" sizes=\"auto, (max-width: 145px) 100vw, 145px\" \/><\/a>VENEZIA<\/strong> Concesso il contributo al programma di \u201cEventi per la Beatificazione di Papa Luciani nel suo paese natale e in Valle del Biois\u201d. Dalla Regione Veneto arriveranno, a sostegno della rassegna promossa dalla Fondazione Papa Luciani di Canale d\u2019Agordo Onlus, 30 mila euro che saranno erogati nell\u2019ambito del Programma regionale per la promozione dei Grandi Eventi. Al termine dell\u2019istruttoria condotta sulla documentazione trasmessa con la richiesta di finanziamento, infatti, le iniziative andate in scena tra luglio e ottobre sono state giudicate meritevoli di finanziamento e, quindi, di sostegno.\u00a0<span style=\"color: #000000; font-family: verdana, sans-serif;\"><br \/>\n<\/span><\/p>\n<p><strong>SILVIA CESTARO, CONSIGLIERE REGIONALE<\/strong><\/p>\n<audio class=\"wp-audio-shortcode\" id=\"audio-306476-9\" preload=\"none\" style=\"width: 100%;\" controls=\"controls\"><source type=\"audio\/mpeg\" src=\"https:\/\/www.radiopiu.net\/wordpress\/wp-content\/uploads\/2022\/11\/Cestaro-su-contributo-Fondazione-Papa-Luciani.mp3?_=9\" \/><a href=\"https:\/\/www.radiopiu.net\/wordpress\/wp-content\/uploads\/2022\/11\/Cestaro-su-contributo-Fondazione-Papa-Luciani.mp3\">https:\/\/www.radiopiu.net\/wordpress\/wp-content\/uploads\/2022\/11\/Cestaro-su-contributo-Fondazione-Papa-Luciani.mp3<\/a><\/audio>\n<p>&nbsp;<\/p>\n<p>&nbsp;<\/p>\n<hr \/>\n<p>&nbsp;<\/p>\n<blockquote>\n<h3>PAOLO SANTESSO IL NUOVO DIRETTORE DI ASCA<\/h3>\n<\/blockquote>\n<p><strong><a class=\"dt-pswp-item\" href=\"https:\/\/www.radiopiu.net\/wordpress\/wp-content\/uploads\/2022\/03\/ASCA.jpg\" data-dt-img-description=\"\" data-large_image_width=\"292\" data-large_image_height=\"290\"><img loading=\"lazy\" decoding=\"async\" class=\" wp-image-263829 alignleft\" src=\"https:\/\/www.radiopiu.net\/wordpress\/wp-content\/uploads\/2022\/03\/ASCA.jpg\" alt=\"\" width=\"126\" height=\"125\" srcset=\"https:\/\/www.radiopiu.net\/wordpress\/wp-content\/uploads\/2022\/03\/ASCA.jpg 292w, https:\/\/www.radiopiu.net\/wordpress\/wp-content\/uploads\/2022\/03\/ASCA-150x150.jpg 150w\" sizes=\"auto, (max-width: 126px) 100vw, 126px\" \/><\/a>AGORDO<\/strong><\/p>\n<p>di Gianni Santomaso<\/p>\n<audio class=\"wp-audio-shortcode\" id=\"audio-306476-10\" preload=\"none\" style=\"width: 100%;\" controls=\"controls\"><source type=\"audio\/mpeg\" src=\"https:\/\/www.radiopiu.net\/wordpress\/wp-content\/uploads\/2022\/11\/GIANNI-SANTESSO-ASCA.mp3?_=10\" \/><a href=\"https:\/\/www.radiopiu.net\/wordpress\/wp-content\/uploads\/2022\/11\/GIANNI-SANTESSO-ASCA.mp3\">https:\/\/www.radiopiu.net\/wordpress\/wp-content\/uploads\/2022\/11\/GIANNI-SANTESSO-ASCA.mp3<\/a><\/audio>\n<p>&nbsp;<\/p>\n<hr \/>\n<p>&nbsp;<\/p>\n<p><strong>DI TIZIANO DE COL\u00a0 \u00a0<\/strong><\/p>\n\n\t\t\t<style type='text\/css'>\n\t\t\t\t#gallery-4 {\n\t\t\t\t\tmargin: auto;\n\t\t\t\t}\n\t\t\t\t#gallery-4 .gallery-item {\n\t\t\t\t\tfloat: left;\n\t\t\t\t\tmargin-top: 10px;\n\t\t\t\t\ttext-align: center;\n\t\t\t\t\twidth: 50%;\n\t\t\t\t}\n\t\t\t\t#gallery-4 img {\n\t\t\t\t\tborder: 2px solid #cfcfcf;\n\t\t\t\t}\n\t\t\t\t#gallery-4 .gallery-caption {\n\t\t\t\t\tmargin-left: 0;\n\t\t\t\t}\n\t\t\t\t\/* see gallery_shortcode() in wp-includes\/media.php *\/\n\t\t\t<\/style>\n\t\t<div id='gallery-4' class='dt-gallery-container gallery galleryid-306476 gallery-columns-2 gallery-size-medium'><dl class='gallery-item'>\n\t\t\t\t<dt class='gallery-icon landscape'>\n\t\t\t\t\t<a class=\"rollover rollover-zoom dt-pswp-item\" title=\"0ddb2fb3-b0fe-4954-8787-f163b80a7790\" data-dt-img-description=\"\" data-large_image_width=\"585\" data-large_image_height=\"361\"href='https:\/\/www.radiopiu.net\/wordpress\/wp-content\/uploads\/2022\/11\/0ddb2fb3-b0fe-4954-8787-f163b80a7790.jpg'><img loading=\"lazy\" decoding=\"async\" width=\"300\" height=\"185\" src=\"https:\/\/www.radiopiu.net\/wordpress\/wp-content\/uploads\/2022\/11\/0ddb2fb3-b0fe-4954-8787-f163b80a7790-300x185.jpg\" class=\"attachment-medium size-medium\" alt=\"\" srcset=\"https:\/\/www.radiopiu.net\/wordpress\/wp-content\/uploads\/2022\/11\/0ddb2fb3-b0fe-4954-8787-f163b80a7790-300x185.jpg 300w, https:\/\/www.radiopiu.net\/wordpress\/wp-content\/uploads\/2022\/11\/0ddb2fb3-b0fe-4954-8787-f163b80a7790.jpg 585w\" sizes=\"auto, (max-width: 300px) 100vw, 300px\" \/><\/a>\n\t\t\t\t<\/dt><\/dl><dl class='gallery-item'>\n\t\t\t\t<dt class='gallery-icon landscape'>\n\t\t\t\t\t<a class=\"rollover rollover-zoom dt-pswp-item\" title=\"dafcbecf-9f46-4449-afc3-cb00b4828c79\" data-dt-img-description=\"\" data-large_image_width=\"590\" data-large_image_height=\"363\"href='https:\/\/www.radiopiu.net\/wordpress\/wp-content\/uploads\/2022\/11\/dafcbecf-9f46-4449-afc3-cb00b4828c79.jpg'><img loading=\"lazy\" decoding=\"async\" width=\"300\" height=\"185\" src=\"https:\/\/www.radiopiu.net\/wordpress\/wp-content\/uploads\/2022\/11\/dafcbecf-9f46-4449-afc3-cb00b4828c79-300x185.jpg\" class=\"attachment-medium size-medium\" alt=\"\" srcset=\"https:\/\/www.radiopiu.net\/wordpress\/wp-content\/uploads\/2022\/11\/dafcbecf-9f46-4449-afc3-cb00b4828c79-300x185.jpg 300w, https:\/\/www.radiopiu.net\/wordpress\/wp-content\/uploads\/2022\/11\/dafcbecf-9f46-4449-afc3-cb00b4828c79.jpg 590w\" sizes=\"auto, (max-width: 300px) 100vw, 300px\" \/><\/a>\n\t\t\t\t<\/dt><\/dl><br style=\"clear: both\" \/>\n\t\t\t<\/div>\n\n<p>&nbsp;<\/p>\n<blockquote class=\"wp-embedded-content\" data-secret=\"wFU3uEr0MA\"><p><a href=\"https:\/\/www.radiopiu.net\/wordpress\/aziendazeronovembre15\/\">UNDICI DECESSI, 6553  NUOVI POSITIVI IN 24 ORE NEL VENETO<\/a><\/p><\/blockquote>\n<p><iframe loading=\"lazy\" class=\"wp-embedded-content\" sandbox=\"allow-scripts\" security=\"restricted\" style=\"position: absolute; clip: rect(1px, 1px, 1px, 1px);\" title=\"&#8220;UNDICI DECESSI, 6553  NUOVI POSITIVI IN 24 ORE NEL VENETO&#8221; &#8212; Radio Pi\u00f9\" src=\"https:\/\/www.radiopiu.net\/wordpress\/aziendazeronovembre15\/embed\/#?secret=JB7VdzuGvF#?secret=wFU3uEr0MA\" data-secret=\"wFU3uEr0MA\" width=\"600\" height=\"338\" frameborder=\"0\" marginwidth=\"0\" marginheight=\"0\" scrolling=\"no\"><\/iframe><\/p>\n<p>&nbsp;<\/p>\n<hr \/>\n<p>&nbsp;<\/p>\n<p>&nbsp;<\/p>\n<div class=\"moz-text-html\" lang=\"x-unicode\">\n<div dir=\"ltr\">\n<blockquote>\n<h3>INCONTRO SUI MINORI, &#8220;ALIBI PER GENITORI DIVERSAMENTE ABILI&#8221;<\/h3>\n<\/blockquote>\n<p><strong><a class=\"dt-pswp-item\" href=\"https:\/\/www.radiopiu.net\/wordpress\/wp-content\/uploads\/2022\/11\/Senza-nome-62.jpg\" data-dt-img-description=\"\" data-large_image_width=\"600\" data-large_image_height=\"285\"><img loading=\"lazy\" decoding=\"async\" class=\" wp-image-306559 alignleft\" src=\"https:\/\/www.radiopiu.net\/wordpress\/wp-content\/uploads\/2022\/11\/Senza-nome-62-300x143.jpg\" alt=\"\" width=\"220\" height=\"105\" srcset=\"https:\/\/www.radiopiu.net\/wordpress\/wp-content\/uploads\/2022\/11\/Senza-nome-62-300x143.jpg 300w, https:\/\/www.radiopiu.net\/wordpress\/wp-content\/uploads\/2022\/11\/Senza-nome-62.jpg 600w\" sizes=\"auto, (max-width: 220px) 100vw, 220px\" \/><\/a>PONTE NELLE ALPI<\/strong>\u00a0 \u201cAlibi per genitori diversamente abili\u201d: \u00e8 il titolo dell\u2019incontro promosso dalla Commissione Diritti civili e Politiche di genere del Comune in collaborazione con l\u2019Associazione Dafne (a tutela dei diritti dei bambini) e la Biblioteca civica. Si terr\u00e0 venerd\u00ec alle\u00a0 18.30, nella sala Tina Merlin della biblioteca.<span class=\"gmail-Apple-converted-space\"> Sono passati dieci anni dalla ratifica italiana della Convenzione di Lanzarote sulla protezione dei minori contro lo sfruttamento e l\u2019abuso sessuale. E a due lustri di distanza sar\u00e0 Roberta Gallego, sostituto procuratore della Repubblica presso il Tribunale di Belluno, a illustrare gli strumenti di cui si \u00e8 dotato il nostro Paese, la loro effettiva applicazione e i risultati raggiunti, in una prospettiva nazionale e provinciale. <\/span>L\u2019appuntamento \u00e8 finalizzato a ricostruire le linee essenziali della normativa in materia, confidando sulla circostanza che un\u2019attivit\u00e0 di approfondita conoscenza del fenomeno, non solo da parte degli operatori del diritto, ma anche da parte di insegnanti e famiglie, possa contribuire a una maggiore consapevolezza in materia e a un ulteriore rafforzamento dell\u2019educazione digitale.<\/p>\n<\/div>\n<\/div>\n<p>&nbsp;<\/p>\n<p>&nbsp;<\/p>\n<p>&nbsp;<\/p>\n<hr \/>\n<p>&nbsp;<\/p>\n<blockquote>\n<h3>LA VIOLENZA DI GENERE TRA ARTE E LETTERATURA<\/h3>\n<\/blockquote>\n<p><strong><a class=\"dt-pswp-item\" href=\"https:\/\/www.radiopiu.net\/wordpress\/wp-content\/uploads\/2020\/11\/VIOLENZA-DONNE.jpg\" data-dt-img-description=\"\" data-large_image_width=\"1920\" data-large_image_height=\"1565\"><img loading=\"lazy\" decoding=\"async\" class=\" wp-image-174279 alignleft\" src=\"https:\/\/www.radiopiu.net\/wordpress\/wp-content\/uploads\/2020\/11\/VIOLENZA-DONNE-300x245.jpg\" alt=\"\" width=\"141\" height=\"115\" srcset=\"https:\/\/www.radiopiu.net\/wordpress\/wp-content\/uploads\/2020\/11\/VIOLENZA-DONNE-300x245.jpg 300w, https:\/\/www.radiopiu.net\/wordpress\/wp-content\/uploads\/2020\/11\/VIOLENZA-DONNE-1024x835.jpg 1024w, https:\/\/www.radiopiu.net\/wordpress\/wp-content\/uploads\/2020\/11\/VIOLENZA-DONNE-768x626.jpg 768w, https:\/\/www.radiopiu.net\/wordpress\/wp-content\/uploads\/2020\/11\/VIOLENZA-DONNE-1536x1252.jpg 1536w, https:\/\/www.radiopiu.net\/wordpress\/wp-content\/uploads\/2020\/11\/VIOLENZA-DONNE.jpg 1920w\" sizes=\"auto, (max-width: 141px) 100vw, 141px\" \/><\/a>BELLUNO <\/strong>In occasione della giornata internazionale contro la violenza sulle donne, l\u2019Ulss Dolomiti, in collaborazione con Comune di Belluno, Comune di Sedico, Bellunodonna, Caritas Diocesana, Una Casa per l\u2019Uomo e il Consultorio Familiare socioeducativo di Belluno, organizza un momento di incontro e riflessione sul tema aperto a tutta la cittadinanza. L\u2019iniziativa si terr\u00e0 sabato 26 novembre 2022 presso la Sala del Polo Culturale di Sedico \u2013 via Alcide De Gasperi &#8211; con un doppio appuntamento: dalle 15.00 alle 17.00: Mostra di Quadri e biblioteca vivente. Saranno esposte opere d\u2019artista sul tema della violenza e una biblioteca vivente costituita da alcuni operatori che si presteranno al racconto ed alcune riflessioni; dalle 17.00 alle 18.00: si terr\u00e0 un incontro sul progetto svolto con le biblioteche di Belluno, Sedico, Limana e Agordo, dove nel mese di ottobre sono stati avviati dei gruppi di lettura che hanno coinvolto i cittadini offrendo la possibilit\u00e0 di condividere una riflessione sugli aspetti culturali ed educativi sul tema della violenza di genere. Sar\u00e0 un\u2019occasione di condivisione tra i cittadini e chi \u00e8 impegnato a titolo professionale su questo tema, rafforzando un dialogo attivo in modo da poter riflettere insieme su specifici aspetti della violenza di genere, promuovendo cos\u00ec una nuova sensibilit\u00e0.<\/p>\n<p>&nbsp;<\/p>\n<p>&nbsp;<\/p>\n<hr \/>\n<p>&nbsp;<\/p>\n<blockquote>\n<h3>ESPERIENZA SCOLASTICA IN ADOZIONE, VIA AL CICLO DI INCONTRI<\/h3>\n<\/blockquote>\n<p><strong>BELLUNO\u00a0<\/strong> L\u2019Equipe Provinciale Adozioni dell\u2019Ulss 1 Dolomiti, in collaborazione con l\u2019Ufficio Scolastico Territoriale, promuove un ciclo di incontri rivolti a genitori ed insegnanti sul significato dell\u2019esperienza scolastica in adozione. Il primo incontro si terr\u00e0 il prossimo marted\u00ec 22 novembre 2022 alle 18 presso l\u2019Istituto Comprensivo di Agordo &#8211; via Sommariva, 15. Il tema sar\u00e0 \u201cDalla valigia dell\u2019accoglienza in famiglia alla preparazione dello zaino per la scuola\u201d. Seguiranno poi nei prossimi mesi gli altri appuntamenti: marted\u00ec 13 alll\u2019Istituto Canossiano di Feltre, marted\u00ec 24 gennaio alla\u00a0 Scuola dell\u2019Infanzia \u201cSan Gaetano\u201d di Castion,\u00a0 marted\u00ec 28 febbraio\u00a0 allaScuola dell\u2019Infanzia \u201cMaria Ausiliatrice\u201d di Valle di Cadore. A partire dalla specificit\u00e0 della realt\u00e0 adottiva, saranno approfondite le tematiche dell\u2019inserimento e dell\u2019integrazione del bambino\/ragazzo nel contesto scolastico e in famiglia con l\u2019obiettivo di stimolare pratiche e riflessioni utili ad insegnanti e genitori nell\u2019ottica di favorire l\u2019alleanza educativa scuola \u2013 famiglia. Gli incontri saranno condotti dagli operatori dell&#8217;Equipe Provinciale Adozioni e da Arianna Medeot, consulente pedagogista, con il contributo di alcuni insegnanti e genitori che presenteranno esperienze e riflessioni concrete in relazione agli argomenti trattati. La partecipazione \u00e8 gratuita e aperta a tutti.<\/p>\n<p>&nbsp;<\/p>\n<hr \/>\n<p>&nbsp;<\/p>\n<blockquote>\n<h3><a class=\"dt-pswp-item\" href=\"https:\/\/www.radiopiu.net\/wordpress\/wp-content\/uploads\/2021\/02\/LANZARIN.png\" data-dt-img-description=\"\" data-large_image_width=\"1092\" data-large_image_height=\"1014\"><img loading=\"lazy\" decoding=\"async\" class=\" wp-image-194081 alignleft\" src=\"https:\/\/www.radiopiu.net\/wordpress\/wp-content\/uploads\/2021\/02\/LANZARIN-300x279.png\" alt=\"\" width=\"164\" height=\"152\" srcset=\"https:\/\/www.radiopiu.net\/wordpress\/wp-content\/uploads\/2021\/02\/LANZARIN-300x279.png 300w, https:\/\/www.radiopiu.net\/wordpress\/wp-content\/uploads\/2021\/02\/LANZARIN-1024x951.png 1024w, https:\/\/www.radiopiu.net\/wordpress\/wp-content\/uploads\/2021\/02\/LANZARIN-768x713.png 768w, https:\/\/www.radiopiu.net\/wordpress\/wp-content\/uploads\/2021\/02\/LANZARIN.png 1092w\" sizes=\"auto, (max-width: 164px) 100vw, 164px\" \/><\/a>IPAB. INCONTRO REGIONE-SANDACATI. LANZARIN, \u201cRIFORMA E\u2019 NOSTRA PRIORITA\u2019\u201d<\/h3>\n<\/blockquote>\n<p><strong>VENEZIA <\/strong>\u201cL\u2019emergenza determinata dalla pandemia ha impresso un\u2019accelerazione ai problemi dell\u2019assistenza agli anziani e delle Ipab, a cominciare dalla carenza di personale e dall\u2019esodo dei lavoratori dalle case di riposo agli ospedali. Il settore ha ora bisogno di provvedimenti di tipo strutturale, come per la sanit\u00e0\u201d. Lo ha detto l\u2019Assessore alla sanit\u00e0 e Sociale della Regione Veneto, Manuela Lanzarin, collegandosi da Roma, dove \u00e8 impegnata in importanti incontri in tema di sanit\u00e0, ad un incontro, tenutosi a palazzo Balbi, tra i Sindacati Cgil Cisl Uil e i tecnici regionali, incentrato sui problemi e le prospettive delle Ipab in Veneto.<\/p>\n<p>&nbsp;<\/p>\n<p>&nbsp;<\/p>\n<hr \/>\n<p>&nbsp;<\/p>\n<blockquote>\n<h3>SERVIZI BANCARI NEI PICCOLI COMUNI PER\u00a0 GARANTIRE IL SERVIZIO AI CITTADINI<\/h3>\n<p>la dichiarazione del Presidente della Regione, Luca Zaia.<\/p><\/blockquote>\n<p><strong>VENEZIA<\/strong> <em>\u201cPer mantenere vive le piccole comunit\u00e0, soprattutto quelle montane oggi a forte rischio spopolamento, \u00e8 necessario offrire una gamma di servizi di prossimit\u00e0. Fra cui anche la possibilit\u00e0 per i cittadini di poter accedere a una filiale bancaria e a uno sportello bancomat, che non possono essere delocalizzati e accentrati solo nelle aree pi\u00f9 densamente popolate. I servizi bancari devono poter essere raggiungibili, specie dagli anziani, senza intraprendere lunghi viaggi. Anche considerando le difficolt\u00e0 legate alle stagioni invernali, al meteo, all\u2019orografia del nostro territorio. Condivido la preoccupazione sollevatami da alcuni amministratori locali sulla prospettiva che vengano eliminati alcuni sportelli bancomat nei piccoli comuni, secondo un trend gi\u00e0 osservato nell\u2019ultimo periodo. Il mio appello \u00e8 di mantenere i presidi bancari del territorio, preservando i servizi e spesso anche posti di lavoro che \u00e8 giusto siano preservati. Sono certo che la particolare sensibilit\u00e0 gi\u00e0 dimostrata da diversi istituti di credito, anche locali, sapr\u00e0 essere vicina ai bisogni dei cittadini del Veneto\u201d,<\/em><\/p>\n<p>&nbsp;<\/p>\n<p>&nbsp;<\/p>\n<hr \/>\n<blockquote>\n<h3><\/h3>\n<h3>LA\u00a0 MODIFICA ALLO STATUTO COMUNALE, SENZA CONTRADDIZIONI<\/h3>\n<\/blockquote>\n<p><strong>BELLUNO <\/strong>Sono state approvate le modifiche allo Statuto comunale all\u2019interno del progetto di istituzione delle frazioni e di coinvolgimento, maggiore, dei territori nella vita della citt\u00e0. Mette in mano ai cittadini il principio della sussidiariet\u00e0 verticale e attua i principi del decentramento amministrativo\u00a0 con il coinvolgimento delle commissioni e della conferenza dei capigruppo. La volont\u00e0 \u00e8 di organizzare il territorio e di coinvolgere maggiormente i cittadini nella sua gestione e nella vita amministrativa. L&#8217;amministrazione comunale intende agire attraverso una perimetrazione del territorio delle frazioni che costituisca un\u2019aggregazione ai fini della partecipazione attiva della popolazione alla soluzione delle problematiche del territorio.<\/p>\n<p>&nbsp;<\/p>\n<hr \/>\n<p>&nbsp;<\/p>\n<blockquote>\n<h3>INAUGURATO\u00a0 IL PROGETTO CITTADINANZA<\/h3>\n<\/blockquote>\n<p><em><strong>Accolti\u00a0 a Palazzo Rosso otto nuovi cittadini italiani<\/strong><\/em><\/p>\n<p><strong>BELLUNO<\/strong> \u00a0Con una cerimonia a Palazzo Rosso, \u00e8 stato inaugurato il progetto dell\u2019amministrazione De Pellegrin per valorizzare con un momento solenne e partecipato l\u2019acquisizione della cittadinanza italiana. Prima, i conferimenti avvenivano negli uffici di Stato civile. La cerimonia si \u00e8 svolta nella sala consiliare, protagonisti otto cittadini di origine albanese, ucraina, marocchina, moldava, kosovara, indiana e rumena: cinque donne e tre uomini di et\u00e0 compresa tra 49 e 24 anni. Una seconda cerimonia \u00e8 gi\u00e0 stata fissata per dicembre, con altri otto partecipanti. L\u2019acquisizione della cittadinanza italiana \u00e8 frutto di una scelta volontaria e rappresenta, per questi cittadini, il termine di un percorso che li ha allontanati, per motivi diversi, dal Paese d\u2019origine.<\/p>\n<p><strong>IL SINDACO OSCAR DE PELLEGRIN<\/strong><\/p>\n<div style=\"width: 1200px;\" class=\"wp-video\"><video class=\"wp-video-shortcode\" id=\"video-306476-2\" width=\"1200\" height=\"675\" preload=\"metadata\" controls=\"controls\"><source type=\"video\/mp4\" src=\"https:\/\/www.radiopiu.net\/wordpress\/wp-content\/uploads\/2022\/11\/IMG_6570.mp4?_=2\" \/><a href=\"https:\/\/www.radiopiu.net\/wordpress\/wp-content\/uploads\/2022\/11\/IMG_6570.mp4\">https:\/\/www.radiopiu.net\/wordpress\/wp-content\/uploads\/2022\/11\/IMG_6570.mp4<\/a><\/video><\/div>\n<p>&nbsp;<\/p>\n<hr \/>\n<p>&nbsp;<\/p>\n<blockquote>\n<h3>UN CONTRIBUTO A SOSTEGNO DI FAMIGLIE E PERSONE IN DIFFICOLTA&#8217; PER IL RINCARO DEI PREZZI DELLE UTENZE DOMESTICHE<\/h3>\n<\/blockquote>\n<p><strong>BELLUNO<\/strong> <span dir=\"ltr\" role=\"presentation\">Il Comune di Belluno ha pubblicato un nuovo bando per l&#8217;erogazione di contributi <\/span><span dir=\"ltr\" role=\"presentation\">finalizzati alla copertura delle spese relative alle utenze domestiche (acqua, luce, gas <\/span><span dir=\"ltr\" role=\"presentation\">o similari), fino a esaurimento dei fondi disponibili. <\/span><span dir=\"ltr\" role=\"presentation\">L\u2019avviso, con tutti i dettagli, \u00e8 scaricabile dalla sezione \u201cBandi di Gara e Avvisi\u201d, <\/span><span dir=\"ltr\" role=\"presentation\">raggiungibile dalla home page del sito Internet istituzionale, sezione \u201cServizi\u201d. La graduatoria per l&#8217;erogazione dei fondi a disposizione verr\u00e0 creata secondo l&#8217;ordine<br role=\"presentation\" \/>cronologico di ricevimento delle domande. Per informazioni, \u00e8 possibile contattare l\u2019Ufficio Politiche Sociali del Comune di Belluno, scrivendo a amministrazionepolitchesociali@comune.belluno.it o chiamando il numero 0437 913458 dal luned\u00ec al gioved\u00ec dalle 9.30 alle 12.30.<\/span><\/p>\n<p>&nbsp;<\/p>\n<p>&nbsp;<\/p>\n<hr \/>\n<p>&nbsp;<\/p>\n<blockquote>\n<h3><a class=\"dt-pswp-item\" href=\"https:\/\/www.radiopiu.net\/wordpress\/wp-content\/uploads\/2022\/11\/Cedro-dellHimalaya-Col-Cavalier.jpg\" data-dt-img-description=\"\" data-large_image_width=\"2048\" data-large_image_height=\"1536\"><img loading=\"lazy\" decoding=\"async\" class=\" wp-image-306550 alignleft\" src=\"https:\/\/www.radiopiu.net\/wordpress\/wp-content\/uploads\/2022\/11\/Cedro-dellHimalaya-Col-Cavalier-300x225.jpg\" alt=\"\" width=\"232\" height=\"174\" srcset=\"https:\/\/www.radiopiu.net\/wordpress\/wp-content\/uploads\/2022\/11\/Cedro-dellHimalaya-Col-Cavalier-300x225.jpg 300w, https:\/\/www.radiopiu.net\/wordpress\/wp-content\/uploads\/2022\/11\/Cedro-dellHimalaya-Col-Cavalier-1024x768.jpg 1024w, https:\/\/www.radiopiu.net\/wordpress\/wp-content\/uploads\/2022\/11\/Cedro-dellHimalaya-Col-Cavalier-768x576.jpg 768w, https:\/\/www.radiopiu.net\/wordpress\/wp-content\/uploads\/2022\/11\/Cedro-dellHimalaya-Col-Cavalier-1536x1152.jpg 1536w, https:\/\/www.radiopiu.net\/wordpress\/wp-content\/uploads\/2022\/11\/Cedro-dellHimalaya-Col-Cavalier.jpg 2048w\" sizes=\"auto, (max-width: 232px) 100vw, 232px\" \/><\/a>GIORNATA NAZIONALE DEGLI ALBERI<\/h3>\n<\/blockquote>\n<p><strong>BELLUNO <\/strong>\u00a0 21 novembre Giornata nazionale degli alberi, occasione per proporre\u00a0 eventi informativi ed educativi attorno al tema degli alberi e dell\u2019ambiente. Coinvolti nell\u2019organizzazione un distretto scolastico, l\u2019associazione Italia Nostra e il comando provinciale dei Carabinieri Forestali. Quest\u2019anno \u00e8 stata richiesta, inoltre, la collaborazione della Regione Veneto e dell\u2019Ordine dei dottori Agronomi e dei dottori Forestali della provincia di Belluno. Sono due gli eventi proposti. Per i pi\u00f9 piccoli sar\u00e0 riproposta la tradizionale \u201cFesta degli alberi\u201d, all\u2019interno della quale verranno incaricate tre classi della Scuola Primaria \u201cRino Sorio\u201d di Mussoi (50 bambini) di piantumare una quarantina di carpini bianchi all\u2019interno del vicino parco urbano di Villa Clizia. Al termine dell\u2019attivit\u00e0, i bambini faranno merenda con una castagnata organizzata in collaborazione con gli Alpini.\u00a0 E poi il convegno, dal titolo \u201cAlberi monumentali del Comune di Belluno, appuntamento, gratuito e aperto a tutti, \u00e8 fissato sempre per luned\u00ec 21 novembre, alle 17.30 nella Sala Eliseo Dal Pont \u201cBianchi\u201d; interverranno l\u2019assessore comunale all\u2019Ambiente Lorenza De Kunovich,\u00a0 personale comunale, la presidente Giovanna Ceiner e Anacleto Boranga di Italia Nostra, il tenente colonnello Riccardo Corbini del Comando Provinciale dei Carabinieri Forestali e la dottoressa forestale Luisa Marchiori.<\/p>\n<p>&nbsp;<\/p>\n<p>&nbsp;<\/p>\n<hr \/>\n<p>&nbsp;<\/p>\n<p>&nbsp;<\/p>\n<blockquote>\n<h3>CAMMINO DELLE DOLOMITI<\/h3>\n<\/blockquote>\n<p><strong>BELLUNO<\/strong> \u00c8 stato avviato nelle ultime settimane il percorso con la Regione Veneto per giungere al riconoscimento regionale del Cammino delle Dolomiti, itinerario ad anello ideato dalla Diocesi NEL 2005 e promosso dalla Provincia di Belluno.\u00a0 La Regione infatti intende definire e individuare la Rete dei Cammini veneti.\u00a0 E&#8217; un percorso ad anello di circa 500 chilometri che abbraccia quasi tutto il territorio della provincia, dai\u00a0 luoghi di Papa Luciani ai boschi meta di vacanza di Papa Giovanni Paolo II e Benedetto XVI. La Provincia ha presentato il Cammino ai sindaci, e sta inviando a tutti i municipi la proposta di collaborazione.<\/p>\n<p>&nbsp;<\/p>\n<hr \/>\n<p>&nbsp;<\/p>\n<p>&nbsp;<\/p>\n<blockquote>\n<h3>ECOCENTRO DI AGORDO: PROSEGUONO I LAVORI DI RINNOVO<\/h3>\n<\/blockquote>\n<p><strong><a class=\"dt-pswp-item\" href=\"https:\/\/www.radiopiu.net\/wordpress\/wp-content\/uploads\/2020\/10\/Ecocentro.jpg\" data-dt-img-description=\"\" data-large_image_width=\"1301\" data-large_image_height=\"770\"><img loading=\"lazy\" decoding=\"async\" class=\"wp-image-166378 alignleft\" src=\"https:\/\/www.radiopiu.net\/wordpress\/wp-content\/uploads\/2020\/10\/Ecocentro-300x178.jpg\" alt=\"\" width=\"192\" height=\"114\" srcset=\"https:\/\/www.radiopiu.net\/wordpress\/wp-content\/uploads\/2020\/10\/Ecocentro-300x178.jpg 300w, https:\/\/www.radiopiu.net\/wordpress\/wp-content\/uploads\/2020\/10\/Ecocentro-1024x606.jpg 1024w, https:\/\/www.radiopiu.net\/wordpress\/wp-content\/uploads\/2020\/10\/Ecocentro-768x455.jpg 768w, https:\/\/www.radiopiu.net\/wordpress\/wp-content\/uploads\/2020\/10\/Ecocentro.jpg 1301w\" sizes=\"auto, (max-width: 192px) 100vw, 192px\" \/><\/a>AGORDO<\/strong> Ci vorranno ancora alcuni giorni per la riapertura dell&#8217; Ecocentro di Agordo, infatti\u00a0 i lavori\u00a0 stanno subendo dei rallentamenti per la difficolt\u00e0 del reperimento dei materiali necessari.\u00a0Fino alla riapertura dell&#8217;impianto in localit\u00e0 Valcozzena sar\u00e0 possibile accedere all\u2019Ecocentro di Cencenighe e\u00a0 di La Valle Agordina rispettivamente in localit\u00e0 Morbiach e Conaggia. Orari di apertura:\u00a0a Cencenighe il lunedi e martedi dalle 9 alle 12, martedi 14-17, sabato 9-12, 14-17. A La Valle mercoledi 9-12, giovedi 14-17, sabato 9-12, 14-17. Per ulteriori informazioni <a class=\"moz-txt-link-abbreviated\" href=\"mailto:info@valpeambiente.it\">info@valpeambiente.it<\/a>, telefono 0437 640462 . Chiunque pu\u00f2 accedere a qualsiasi Ecocentro del territorio dell\u2019Unione Montana Agordina, verificando sedi e orari di apertura\u00a0<a href=\"https:\/\/valpeambiente.it\/p\/gestione-rifiuti\/ecocentro\">cliccando qui<\/a>.<br \/>\nfoto archivio radiopiu<\/p>\n<p>&nbsp;<\/p>\n<p>&nbsp;<\/p>\n<hr \/>\n<p>&nbsp;<\/p>\n<p>&nbsp;<\/p>\n<blockquote>\n<h3>\u00a0LA SECONDA RASSEGNA \u201cNEL CUORE DELLA MONTAGNA\u201d<\/h3>\n<\/blockquote>\n<p><strong>SANTA GIUSTINA<\/strong>\u00a0 Oggi al Centro Culturale di via Cal De Formiga alle 20.30, con ingresso libero e gratuito, vernice della\u00a0 rassegna sui temi della montagna, promossa dall\u2019Assessorato alla Cultura.\u00a0 Tre serate che si terranno ogni due settimane, in cui con supporti video e fotografici, saranno raccontate dai protagonisti storie, avventure e descritti ambienti montani secondo vari punti di vista naturalistici, antropologici e storici. Il primo incontro di oggi\u00a0 dal titolo \u201cLe miniere dell\u2019Alta Valle del Mis\u201d sar\u00e0 tenuto dal Gruppo Speleologico Cai di Feltre, con introduzione di Manuel Conedera che presenter\u00e0 un film \u2013documentario. Gli altri due appuntamenti: il 30 novembre con\u00a0 l\u2019alpinista, scrittrice ed escursionista Antonella Fornari che\u00a0 proietter\u00e0 il lavoro \u201cLa mia casa \u00e8 quass\u00f9\u201d; il 14 dicembre Tito De Luca, ricercatore e alpinista bellunese,\u00a0 racconta l\u2019avventura sul monte Ararat, alla ricerca dell\u2019Arca di No\u00e8.<\/p>\n<p>&nbsp;<\/p>\n<p>&nbsp;<\/p>\n<hr \/>\n<p>&nbsp;<\/p>\n<p><strong>\u00a0<\/strong><\/p>\n<p><strong>TI LASCIO, TI PRENDO: PERCORSO LABORATORIO GRATUITO<\/strong><\/p>\n<p>&nbsp;<\/p>\n<p><strong>FELTRE\u00a0 <\/strong>Doppio percorso di formazione gratuito rivolto ad educatori e genitori per aiutarli a gestire il difficile momento della separazione bambino \u2013 famiglia: \u00e8 la proposta che il Comune di Feltre rivolge a famiglie e adulti di riferimento dei minori da 0 a 6 anni. L\u2019offerta formativa sar\u00e0 costituita da due moduli e preveder\u00e0 la possibilit\u00e0 per gli educatori e le famiglie di prendere la parola e confrontarsi sulle tematiche introdotte. Entrambi i percorsi saranno curati da Giamburrasca Onlus con lo\u00a0 psicologo e psicoterapeuta Roberto Pin e\u00a0 con Ombretta Prandini, psicologa psicoterapeuta e psicanalista. Appuntamenti alla scuola per l&#8217;infanzia del Pasquer:\u00a0 venerd\u00ec 25 novembre dalle 17:30 alle 19:30,\u00a0 venerd\u00ec 16 dicembre dalle 17:30 alle 19:30 con possibilit\u00e0 di svolgimento da remoto.\u00a0 Per le famiglie con bambini 0-6 anni sabato 26 novembre dalle 9 alle 11, sabato 17 dicembre\u00a0 dalle 9 alle 11 possibilit\u00e0 di svolgimento da remoto.<\/p>\n<p>&nbsp;<\/p>\n<hr \/>\n<p>&nbsp;<\/p>\n<blockquote>\n<h3 style=\"text-align: left;\">AIRC, L&#8217;IMPORTANZA DELLA RICERCA LA SOLIDARIETA&#8217; DEGLI AGORDINI<\/h3>\n<\/blockquote>\n<p><strong><img loading=\"lazy\" decoding=\"async\" class=\"alignleft\" src=\"https:\/\/www.radiopiu.net\/wordpress\/wp-content\/uploads\/2022\/11\/ssss-300x173-1.png\" width=\"225\" height=\"130\" \/>AGORDO<\/strong> Il grazie dai volontari che nel fine settimana hanno raccolto con i cioccolatini della ricerca i contributi della solidariet\u00e0 degli agordini. Dal 1965 Airc sostiene con continuit\u00e0, attraverso la raccolta di fondi, il progresso della ricerca per la cura del cancro, diffondendo una corretta informazione sui risultati ottenuti, sulla prevenzione e sulle prospettive terapeutiche.<\/p>\n<p><strong> Il grazie di Fabrizio Campedel.<\/strong><\/p>\n<audio class=\"wp-audio-shortcode\" id=\"audio-306476-11\" preload=\"none\" style=\"width: 100%;\" controls=\"controls\"><source type=\"audio\/mpeg\" src=\"https:\/\/www.radiopiu.net\/wordpress\/wp-content\/uploads\/2022\/11\/FABRICIO-CAMPEDEL-AIRC.mp3?_=11\" \/><a href=\"https:\/\/www.radiopiu.net\/wordpress\/wp-content\/uploads\/2022\/11\/FABRICIO-CAMPEDEL-AIRC.mp3\">https:\/\/www.radiopiu.net\/wordpress\/wp-content\/uploads\/2022\/11\/FABRICIO-CAMPEDEL-AIRC.mp3<\/a><\/audio>\n<p>&nbsp;<\/p>\n<p>&nbsp;<\/p>\n<hr \/>\n<p>&nbsp;<\/p>\n<blockquote>\n<h3>&#8220;I LIBRI PARLANO&#8221; A ROMA L&#8217;INTERVENTO DELLA PRESIDENTE DEL CILP LUISA ALCHINI<\/h3>\n<\/blockquote>\n<blockquote><p>Ieri <em>presso l&#8217;Aula Lucchesi dell&#8217;Edificio di Geologia e mineralogia \u00e8 stato presentato il progetto di terza missione &#8220;I libri Sapienza parlano&#8221;, curato dal Sistema bibliotecario Sapienza. L&#8217;obiettivo \u00e8 quello di fornire alle persone con disabilit\u00e0 visive o Dsa (tra le quali ipovedenti, non vedenti, dislessici) la possibilit\u00e0 di consultare la stessa variet\u00e0 di testi di cui possono usufruire le altre persone e di farlo proprio a partire dalle biblioteche Sapienza<\/em><\/p><\/blockquote>\n<p><strong><a class=\"dt-pswp-item\" href=\"https:\/\/www.radiopiu.net\/wordpress\/wp-content\/uploads\/2022\/11\/c64462d4-c6b2-43af-9e5b-326969a8cc7f.jpg\" data-dt-img-description=\"\" data-large_image_width=\"2000\" data-large_image_height=\"1125\"><img loading=\"lazy\" decoding=\"async\" class=\" wp-image-306661 alignleft\" src=\"https:\/\/www.radiopiu.net\/wordpress\/wp-content\/uploads\/2022\/11\/c64462d4-c6b2-43af-9e5b-326969a8cc7f-300x169.jpg\" alt=\"\" width=\"266\" height=\"150\" srcset=\"https:\/\/www.radiopiu.net\/wordpress\/wp-content\/uploads\/2022\/11\/c64462d4-c6b2-43af-9e5b-326969a8cc7f-300x169.jpg 300w, https:\/\/www.radiopiu.net\/wordpress\/wp-content\/uploads\/2022\/11\/c64462d4-c6b2-43af-9e5b-326969a8cc7f-1024x576.jpg 1024w, https:\/\/www.radiopiu.net\/wordpress\/wp-content\/uploads\/2022\/11\/c64462d4-c6b2-43af-9e5b-326969a8cc7f-768x432.jpg 768w, https:\/\/www.radiopiu.net\/wordpress\/wp-content\/uploads\/2022\/11\/c64462d4-c6b2-43af-9e5b-326969a8cc7f-1536x864.jpg 1536w, https:\/\/www.radiopiu.net\/wordpress\/wp-content\/uploads\/2022\/11\/c64462d4-c6b2-43af-9e5b-326969a8cc7f.jpg 2000w\" sizes=\"auto, (max-width: 266px) 100vw, 266px\" \/><\/a>ROMA<\/strong> La nostra collaboratrice e Presidente del Centro Internazionale de Libro Parlato di Feltre, Luisa Alchini, ha presieduto una convention all&#8217;Universit\u00e0 la Sapienza di Roma. La Presidente \u00e8 stata invitata a parlare del progetto &#8220;I libri parlano&#8221;, che mira a creare un polo di libri accessibili, presso il sistema bibliotecario dell&#8217;Universit\u00e0 anche in collaborazione con 40 biblioteche romane. &#8220;<em>Noi siamo chiamati sia come partner per fare formazione a nuovi donatori di voce &#8211; spiega Luisa Alchini &#8211; per realizzare libri di testo all&#8217;Universit\u00e0. Alcuni dei nostri volontari leggeranno i libri richiesti, altri saranno letti dalle nove figure che saranno formate&#8221;<\/em>. A Roma erano presenti tutti gli autori del progetto.<em> &#8220;Un progetto ambizioso &#8211; conclude la President del Cilp di Feltre &#8211; in collaborazione con diverse associazioni, sar\u00e0 concretizzato nei prossimi mesi&#8221;.<\/em> Il progetto dunque\u00a0 prevede la realizzazione e la fornitura alle persone con disabilit\u00e0, sia di libri parlanti che di testi prodotti su differenti formati elettronici. A Roma sono intervenuti: Daniela De Leo &#8211; Prorettrice al public engagement;\u00a0 Francesca Romana Berno &#8211; Delegata della Rettrice per le biblioteche; Caterina Lombardo &#8211; Delegata della Rettrice per gli studenti disabili e DSA; Gianfranco Crupi &#8211; Commissione per le iniziative a favore degli studenti disabili e DSA; Laura Armiero e Alessandra Gulotta &#8211; Bibliotecarie; Giovanna Micaglio &#8211; Istituzione Sistema Biblioteche Centri culturali &#8211; Roma Capitale; Luisa Alchini &#8211; Centro internazionale del libro parlato &#8211; Feltre; Loredana Di Lucchio &#8211; Docente di Architettura &#8211; (Sapienza Design Factory) Sapienza; Domenico Bresciamorra &#8211; Centro di consulenza tiflodidattica Roma; Francesca Greco &#8211; Ricercatrice Universit\u00e0 di Udine;Viviana Teofili &#8211; Studentessa Sapienza<\/p>\n<p>&nbsp;<\/p>\n<p>&nbsp;<\/p>\n<hr \/>\n<p>&nbsp;<\/p>\n<blockquote>\n<h3>I CANTARIN DE SAN MARTIN TORNANO A CANTARE ANCHE QUEST&#8217;ANNO<\/h3>\n<\/blockquote>\n<p><strong>GOSALDO<\/strong> Sabato scorso in occasione di San Martino sono tornati a cantare i &#8220;Cantarin de San Martin&#8221; di Tiser, Rivamonte e Voltago. Sono 25 i canterini che si sono trovati per intonare i classici canti per l&#8217;occasione. Un bel segnale di comunit\u00e0 con il finale a tavola presso il ristorante Al Molin dove si sono seduti a tavola ben 55 partecipanti.<\/p>\n<p><strong>IL RIASSUNTO DI ITALO RUALTA<\/strong><\/p>\n<audio class=\"wp-audio-shortcode\" id=\"audio-306476-12\" preload=\"none\" style=\"width: 100%;\" controls=\"controls\"><source type=\"audio\/mpeg\" src=\"https:\/\/www.radiopiu.net\/wordpress\/wp-content\/uploads\/2022\/11\/CANTARIN-DE-SAN-MARTIN-2022.mp3?_=12\" \/><a href=\"https:\/\/www.radiopiu.net\/wordpress\/wp-content\/uploads\/2022\/11\/CANTARIN-DE-SAN-MARTIN-2022.mp3\">https:\/\/www.radiopiu.net\/wordpress\/wp-content\/uploads\/2022\/11\/CANTARIN-DE-SAN-MARTIN-2022.mp3<\/a><\/audio>\n<p>&nbsp;<\/p>\n<p><strong>I CANTERIN A COLTAMAI<\/strong><\/p>\n<div style=\"width: 640px;\" class=\"wp-video\"><video class=\"wp-video-shortcode\" id=\"video-306476-3\" width=\"640\" height=\"352\" preload=\"metadata\" controls=\"controls\"><source type=\"video\/mp4\" src=\"https:\/\/www.radiopiu.net\/wordpress\/wp-content\/uploads\/2022\/11\/WhatsApp-Video-2022-11-15-at-15.40.40.mp4?_=3\" \/><a href=\"https:\/\/www.radiopiu.net\/wordpress\/wp-content\/uploads\/2022\/11\/WhatsApp-Video-2022-11-15-at-15.40.40.mp4\">https:\/\/www.radiopiu.net\/wordpress\/wp-content\/uploads\/2022\/11\/WhatsApp-Video-2022-11-15-at-15.40.40.mp4<\/a><\/video><\/div>\n<p>&nbsp;<\/p>\n<hr \/>\n<p>&nbsp;<\/p>\n<blockquote>\n<h3>SABATO E DOMENICA AL TEATRO SAN GAETANO DI CASTION CON LA PROLOCO CASTIONESE<\/h3>\n<\/blockquote>\n<p><strong>BELLUNO<\/strong> Sono due gli spettacoli che propone la Pro Loco Pieve Castionese per il prossimo fine settimana al Teatro San Gaetano di Castion. Sabato alle 21 &#8220;Sic Transit Gloria Mundi. E se il prossimo Papa fosse donna?&#8221;, un monologo divertente, intelligente e fantasioso, che attraverso l\u2019inventatissima vicenda di Papa Elisabetta I, la prima donna a salire sul soglio di Pietro, affronta il verissimo tema del maschilismo del mondo occidentale. Domenica sar\u00e0 la volta di Paolo Rech, pluripremiato artista, che ha girato il mondo intero portando in scena i suoi burattini. Lo spettacolo, divertente e poetico, ci porta \u201c&#8230;alla vigilia di Natale&#8221; insieme alla Compagnia dei Comici, che in mancanza di storie da rappresentare, si \u00e8 sciolta. Spettacolo consigliato a partire dai 5-6 anni<\/p>\n\n\t\t\t<style type='text\/css'>\n\t\t\t\t#gallery-5 {\n\t\t\t\t\tmargin: auto;\n\t\t\t\t}\n\t\t\t\t#gallery-5 .gallery-item {\n\t\t\t\t\tfloat: left;\n\t\t\t\t\tmargin-top: 10px;\n\t\t\t\t\ttext-align: center;\n\t\t\t\t\twidth: 50%;\n\t\t\t\t}\n\t\t\t\t#gallery-5 img {\n\t\t\t\t\tborder: 2px solid #cfcfcf;\n\t\t\t\t}\n\t\t\t\t#gallery-5 .gallery-caption {\n\t\t\t\t\tmargin-left: 0;\n\t\t\t\t}\n\t\t\t\t\/* see gallery_shortcode() in wp-includes\/media.php *\/\n\t\t\t<\/style>\n\t\t<div id='gallery-5' class='dt-gallery-container gallery galleryid-306476 gallery-columns-2 gallery-size-thumbnail'><dl class='gallery-item'>\n\t\t\t\t<dt class='gallery-icon landscape'>\n\t\t\t\t\t<a class=\"rollover rollover-zoom dt-pswp-item\" title=\"Sic transit gloria mundi\" data-dt-img-description=\"\" data-large_image_width=\"1600\" data-large_image_height=\"1066\"href='https:\/\/www.radiopiu.net\/wordpress\/wp-content\/uploads\/2022\/11\/Sic-transit-gloria-mundi.jpg'><img loading=\"lazy\" decoding=\"async\" width=\"150\" height=\"150\" src=\"https:\/\/www.radiopiu.net\/wordpress\/wp-content\/uploads\/2022\/11\/Sic-transit-gloria-mundi-150x150.jpg\" class=\"attachment-thumbnail size-thumbnail\" alt=\"\" \/><\/a>\n\t\t\t\t<\/dt><\/dl><dl class='gallery-item'>\n\t\t\t\t<dt class='gallery-icon landscape'>\n\t\t\t\t\t<a class=\"rollover rollover-zoom dt-pswp-item\" title=\"Natale con i tuoi\" data-dt-img-description=\"\" data-large_image_width=\"1579\" data-large_image_height=\"1239\"href='https:\/\/www.radiopiu.net\/wordpress\/wp-content\/uploads\/2022\/11\/Natale-con-i-tuoi-1.jpg'><img loading=\"lazy\" decoding=\"async\" width=\"150\" height=\"150\" src=\"https:\/\/www.radiopiu.net\/wordpress\/wp-content\/uploads\/2022\/11\/Natale-con-i-tuoi-1-150x150.jpg\" class=\"attachment-thumbnail size-thumbnail\" alt=\"\" \/><\/a>\n\t\t\t\t<\/dt><\/dl><br style=\"clear: both\" \/>\n\t\t\t<\/div>\n\n<p>&nbsp;<\/p>\n<p>&nbsp;<\/p>\n<hr \/>\n<p>&nbsp;<\/p>\n<div class=\"page\" title=\"Page 1\">\n<div class=\"layoutArea\">\n<div class=\"column\">\n<blockquote>\n<h3><a class=\"dt-pswp-item\" href=\"https:\/\/www.radiopiu.net\/wordpress\/wp-content\/uploads\/2022\/11\/72cd4fff-b2be-4d7b-8375-4caf75ab83c6-1.jpg\" data-dt-img-description=\"\" data-large_image_width=\"800\" data-large_image_height=\"600\"><img loading=\"lazy\" decoding=\"async\" class=\"wp-image-305797 alignleft\" src=\"https:\/\/www.radiopiu.net\/wordpress\/wp-content\/uploads\/2022\/11\/72cd4fff-b2be-4d7b-8375-4caf75ab83c6-1-300x225.jpg\" alt=\"\" width=\"179\" height=\"134\" srcset=\"https:\/\/www.radiopiu.net\/wordpress\/wp-content\/uploads\/2022\/11\/72cd4fff-b2be-4d7b-8375-4caf75ab83c6-1-300x225.jpg 300w, https:\/\/www.radiopiu.net\/wordpress\/wp-content\/uploads\/2022\/11\/72cd4fff-b2be-4d7b-8375-4caf75ab83c6-1-768x576.jpg 768w, https:\/\/www.radiopiu.net\/wordpress\/wp-content\/uploads\/2022\/11\/72cd4fff-b2be-4d7b-8375-4caf75ab83c6-1.jpg 800w\" sizes=\"auto, (max-width: 179px) 100vw, 179px\" \/><\/a>UN CONCRETO AIUTO A DEBORA E DAVIDE, ESSERE COMUNITA&#8217;<\/h3>\n<\/blockquote>\n<p><strong>LAMON<\/strong> E&#8217; stato attivato dall&#8217; associazione turistica Lamon un conto corrente per raccogliere fondi a favore dell&#8217; osteria Ponte Serra andata distrutta dal vasto incendio di stamane. Questo l&#8217;iban: IT75U0810261140000023001793 A.T.L. ASSOCIAZIONE TURISTICA LAMON CAUSALE: RACCOLTA FONDI A FAVORE OSTERIA PONTE SERRA.\u00a0il codice Swift del conto solidariet\u00e0 x i bonifici internazionali \u00a0CCRTIT2T27A grazie.<\/p>\n<\/div>\n<p>&nbsp;<\/p>\n<p>&nbsp;<\/p>\n<p>&nbsp;<\/p>\n<p>&nbsp;<\/p>\n<hr \/>\n<p>&nbsp;<\/p>\n<p>&nbsp;<\/p>\n<\/div>\n<\/div>\n<blockquote>\n<blockquote>\n<h3>UNA SCUOLA AD ANTSAKOAFALY, NEL RICORDO DELLA PROF. MONICA DE MARTIN<\/h3>\n<\/blockquote>\n<p><strong><img loading=\"lazy\" decoding=\"async\" class=\"alignleft\" src=\"https:\/\/www.radiopiu.net\/wordpress\/wp-content\/uploads\/2022\/11\/Senza-nome-33.jpg\" width=\"193\" height=\"118\" \/>AGORDO<\/strong> L&#8217;Istituto Umberto Follador-De Rossi di Agordo dove la compianta professoressa Monica De Martin ha insegnato per tanti anni, insieme alla famiglia, ha scelto di ricordare la &#8220;Dema&#8221; dando un volto ad un suo sogno.Per questo chi lo desidera sostenere la realizzazione di una scuola in Madagascar per 395 bambini pu\u00f2 far giungere L&#8217;appoggio con bonifico bancario intestato a: Associazione Gruppi Insieme si pu\u00f2 Onlus Cortina Banca IBAN: IT 23 A 08511 61240 00000 0023078 Causale: \u201cErogazione liberale &#8211; Scuola Madagascar, in memoria di Monica De Martin<\/p>\n<p>&nbsp;<\/p>\n<p>&nbsp;<\/p><\/blockquote>\n<p>&nbsp;<\/p>\n<hr \/>\n<blockquote>\n<h3><\/h3>\n<h3>GIORNATA MONDIALE DELLA PREMATURIT\u00c0: UN INCONTRO PER LE MAMME<\/h3>\n<\/blockquote>\n<p><strong>BELLUNO <\/strong>Il 17 novembre si tinge di viola per celebrare la Giornata Mondiale della Prematurit\u00e0, un momento importante per sensibilizzare sul tema dei nati prematuri. In occasione di questa giornata, l\u2019Ulss Dolomiti, con il personale della patologia neonatale e dell\u2019ostetricia di Belluno e in collaborazione con l\u2019Associazione Mani di Mamma, organizza un incontro su questo tema domani alle 16.30 nella sala riunioni del reparto di Pediatria dell\u2019Ospedale di Belluno. L\u2019iniziativa \u00e8 dedicata a tutte le mamme di bambini nati prematuri ed alle future mamme per parlare di alcuni temi riguardanti la prematurit\u00e0 dal punto di vista dei vari professionisti e per condividere le esperienze di alcune mamme.<\/p>\n<p>&nbsp;<\/p>\n<p>&nbsp;<\/p>\n<hr \/>\n<p>&nbsp;<\/p>\n<blockquote>\n<h3>CONVOCATO IL CONSIGLIO COMUNALE DI ALLEGHE<\/h3>\n<\/blockquote>\n<p><strong>ALLEGHE<\/strong> Si svolger\u00e0 oggi alle 20 il consiglio comunale di Alleghe. Il sindaco Danilo De Toni ha chiamato a rapporto i consiglieri per trattare 11 punti. Tra questi si parler\u00e0 dell&#8217;ottava variazione a bilancio, del piano di valorizzazione del patrimonio immobiliare comunale, lo schema di accordo con la Croce Verde Alleghe e con la riserva alpina di caccia. Inoltre il regolamento per la detenzione e uso dell&#8217;armamento della Polizia Locale, la convenzione con la provincia per il supporto dei sistemi informatici e di un mutamento temporaneo di destinazione a Ru de Rialt.<\/p>\n<p><strong>di Gianni Santomaso<\/strong><\/p>\n<audio class=\"wp-audio-shortcode\" id=\"audio-306476-13\" preload=\"none\" style=\"width: 100%;\" controls=\"controls\"><source type=\"audio\/mpeg\" src=\"https:\/\/www.radiopiu.net\/wordpress\/wp-content\/uploads\/2022\/11\/GIANNI-CONSIGLIO-COMUNALE-ALLEGHE.mp3?_=13\" \/><a href=\"https:\/\/www.radiopiu.net\/wordpress\/wp-content\/uploads\/2022\/11\/GIANNI-CONSIGLIO-COMUNALE-ALLEGHE.mp3\">https:\/\/www.radiopiu.net\/wordpress\/wp-content\/uploads\/2022\/11\/GIANNI-CONSIGLIO-COMUNALE-ALLEGHE.mp3<\/a><\/audio>\n<p>&nbsp;<\/p>\n<hr \/>\n<p>&nbsp;<\/p>\n<blockquote>\n<h3>A CENCENIGHE, NOF FILO&#8217; INCONTRI CON PETTIROSSO AGORDINO<\/h3>\n<\/blockquote>\n<p><strong>CENCENIGHE<\/strong> Ultimo incontro con Pettirosso Agordino al Nof Fil\u00f2 di Cencenighe. Oggi &#8220;L&#8217;impegno a tempo pieno di chi assiste la persona con demenza&#8221; in cui Erica Calvi (psicologa di Sersa) evidenzier\u00e0 la fatica invisibile di chi si prende cura di una persona malata<\/p>\n<p>&nbsp;<\/p>\n<hr \/>\n<blockquote>\n<h3><\/h3>\n<h3>CINQUE PUNTI NEL CONSIGLIO COMUNALE DI AGORDO<\/h3>\n<\/blockquote>\n<p><strong>AGORDO<\/strong> E&#8217; in programma domani alle 17 il consiglio comunale di Agordo. Il sindaco Roberto Chissal\u00e8 ha convocato i consiglieri per trattare 5 punti all&#8217;ordine del giorno. Si approver\u00e0 il nuovo regolamento edilizio oltre ad una variazione al documento unico di programmazione, l&#8217;approvazione dello schema di convenzione tra provincia e comune per la gestione dei fondi e la sottoscrizione della convenzione con la federazione dei comuni.<\/p>\n<p>&nbsp;<\/p>\n<hr \/>\n<p>&nbsp;<\/p>\n<blockquote>\n<h3>LA SECONDA SERATA PER LA PRESENTAZIONE DEL LIBRO SU LIMANA<\/h3>\n<\/blockquote>\n<p><strong>LIMANA\u00a0<\/strong> \u00c8 in programma per oggi la seconda serata di presentazione del libro sulla storia di Limana a cura di Marco Perale. L&#8217;appuntamento \u00e8 in sala Nocivelli alle 20:45<\/p>\n<p>&nbsp;<\/p>\n<hr \/>\n<p>&nbsp;<\/p>\n<p>&nbsp;<\/p>\n<blockquote>\n<h3>DUE APPUNTAMENTI IN VALBELLUNA CON IL PRESIDIO LIBERA<\/h3>\n<\/blockquote>\n<p><strong><a class=\"dt-pswp-item\" href=\"https:\/\/www.radiopiu.net\/wordpress\/wp-content\/uploads\/2022\/03\/LIBERA-MAFIE.png\" data-dt-img-description=\"\" data-large_image_width=\"860\" data-large_image_height=\"756\"><img loading=\"lazy\" decoding=\"async\" class=\" wp-image-267115 alignleft\" src=\"https:\/\/www.radiopiu.net\/wordpress\/wp-content\/uploads\/2022\/03\/LIBERA-MAFIE-300x264.png\" alt=\"\" width=\"106\" height=\"93\" \/><\/a>BELLUNO<\/strong> Il nuovo presidio \u201cLibera\u201d Valbelluna intitolato alla vittima innocente di mafia Francesco Marcone, che unisce i Comuni di Limana, Borgo Valbelluna, Sedico e Sospirolo, organizza una iniziativa per domani, che vedr\u00e0 2 momenti salienti. Il primo alle 18 presso il Palazzo delle Contesse di Mel la cerimonia di intitolazione di una sala riunioni a Francesco Marcone, vittima innocente di mafia ucciso il 31 marzo 1995, dalla criminalit\u00e0 organizzata con due colpi di pistola.Daniela Marcone sar\u00e0 presente sempre al Palazzo delle Contesse alle 20.30 per un incontro aperto ai cittadini dove terr\u00e0 una conversazione dal titolo \u201cStoria di Franco, Francesco Marcone non era solo mio padre\u201d.<\/p>\n<p>&nbsp;<\/p>\n<p>&nbsp;<\/p>\n<hr \/>\n<p>&nbsp;<\/p>\n<blockquote>\n<h3>LA SECONDA EDIZIONE DI MAGICOLERIA CON LA PROLOCO CASTIONESE<\/h3>\n<\/blockquote>\n<p><strong>BELLUNO\u00a0<\/strong> <span id=\"page3R_mcid5\" class=\"markedContent\"><span dir=\"ltr\" role=\"presentation\">Con<\/span> <span dir=\"ltr\" role=\"presentation\">grande entusiasmo<\/span><span dir=\"ltr\" role=\"presentation\">, dopo le restrizioni dovute al covid,<\/span> <span dir=\"ltr\" role=\"presentation\">la Pro Loco Pieve Castionese propone al <\/span><span dir=\"ltr\" role=\"presentation\">pubblico la seconda edizione della Magicoleria<\/span><span dir=\"ltr\" role=\"presentation\">. <\/span><\/span><span id=\"page3R_mcid6\" class=\"markedContent\"><span dir=\"ltr\" role=\"presentation\">Il<\/span> secondo appuntamento <span dir=\"ltr\" role=\"presentation\">al<\/span><span dir=\"ltr\" role=\"presentation\">le 18 al Teatro San<\/span> <span dir=\"ltr\" role=\"presentation\">Gaetano di <\/span><span dir=\"ltr\" role=\"presentation\">Castion. <\/span><\/span><span class=\"markedContent\"><span dir=\"ltr\" role=\"presentation\">D<\/span><span dir=\"ltr\" role=\"presentation\">omenica<\/span> <span dir=\"ltr\" role=\"presentation\">20 no<\/span><span dir=\"ltr\" role=\"presentation\">vembre <\/span><span dir=\"ltr\" role=\"presentation\">sar\u00e0 la volta di Paolo Rech<\/span><span dir=\"ltr\" role=\"presentation\">,<\/span> <span dir=\"ltr\" role=\"presentation\">pluripremiato<\/span> <span dir=\"ltr\" role=\"presentation\">artista<\/span><span dir=\"ltr\" role=\"presentation\">,<\/span> <span dir=\"ltr\" role=\"presentation\">che ha <\/span><span dir=\"ltr\" role=\"presentation\">gi<\/span><span dir=\"ltr\" role=\"presentation\">rato il mondo intero portando i<\/span><span dir=\"ltr\" role=\"presentation\">n scena<\/span> <span dir=\"ltr\" role=\"presentation\">i suoi burattini. Per prenotazioni e informazioni: cell. 3495872289<\/span><\/span><\/p>\n<p>&nbsp;<\/p>\n<p>&nbsp;<\/p>\n<hr \/>\n<p>&nbsp;<\/p>\n<blockquote>\n<h3>DUE MESSE CON LA CONFRATERNITA DELLA BEATA VERGINE DELLA SALUTE<\/h3>\n<\/blockquote>\n<p><strong>AGORDO<\/strong> Sono due gli appuntamenti con la Confraternita della Beata Vergine della salute. Domenica 20 novembre la Santa Messa nella chiesa arcidiaconale di Agordo alle 10:30, seguir\u00e0 il pranzo sociale al Ristorante Monte Civetta di Listolade. Il giorno dopo, 21 novembre, alla chiesetta di Toccol la messa alle 17:30.<\/p>\n<p>&nbsp;<\/p>\n<p>&nbsp;<\/p>\n<hr \/>\n<p>&nbsp;<\/p>\n<blockquote>\n<h3>UNA SERATA DI MUSICA SARDA A BELLUNO<\/h3>\n<\/blockquote>\n<p><strong>BELLUNO<\/strong> \u00c8 in programma per venerd\u00ec 18 novembre al Teatro Giovanni XXII di Belluno lo spettacolo di musica sarda &#8220;Terra mia &#8211; Cantende Ballende&#8221;. Inizio alle 20:45 con ingresso libero.<\/p>\n<p>&nbsp;<\/p>\n<p>&nbsp;<\/p>\n<hr \/>\n<p>&nbsp;<\/p>\n<blockquote>\n<h3>CON LA NUOVA CORALE-CORO PARROCCHIALE DI AGORDO LA MESSA PER I CADUTI SUL LAVORO<\/h3>\n<\/blockquote>\n<p><strong>AGORDO<\/strong> Domenica 20 novembre alle 18 nella chiesa Arcidiaconale\u00a0 di Agordo, \u00e8&#8217; il\u00a040\u00b0 anno in cui si svolge questa celebrazione, che vuole unirsi nel dolore e nel ricordo dei propri cari ai familiari dei caduti, oltre che sottolineare l&#8217;importanza dei valori della vita e del lavoro e quindi della sicurezza nei luoghi di lavoro. Molto spesso infatti gli adempimenti in tal senso vengono considerati solo come degli inutili vincoli burocratici, mentre \u00e8 importante cercare di evitare tutto quello che \u00e8 prevenibile, diffondendo una cultura della sicurezza. Quest&#8217;anno, all&#8217;elenco dei caduti ricordati in passato, si aggiunge Paolo Marcon, morto mentre lavorava nei boschi di Gosaldo il 7 aprile 2022.<\/p>\n<p>&nbsp;<\/p>\n<p>&nbsp;<\/p>\n<hr \/>\n<p>&nbsp;<\/p>\n<blockquote>\n<h3>INCONTRO DI FORMAZIONE<\/h3>\n<\/blockquote>\n<p><strong>AGORDO<\/strong>\u00a0 Venerdi alle 20.30 in sala Don Tamis incontro con l&#8217;ingegner Antonio Bortoluzzi sul tema &#8220;Per chi ha un impianto fotovoltaico, o intende installarlo&#8221; ingresso aperto a tutti, con il patrocinio dell&#8217;Unione Montana Agordina.<\/p>\n<p>&nbsp;<\/p>\n<hr \/>\n<p>&nbsp;<\/p>\n<blockquote>\n<h3>A TEATRO CON AIDO BELLUNO<\/h3>\n<\/blockquote>\n<p><strong><a class=\"dt-pswp-item\" href=\"https:\/\/www.radiopiu.net\/wordpress\/wp-content\/uploads\/2022\/06\/AIDO.png\" data-dt-img-description=\"\" data-large_image_width=\"233\" data-large_image_height=\"233\"><img loading=\"lazy\" decoding=\"async\" class=\"wp-image-279760 alignleft\" src=\"https:\/\/www.radiopiu.net\/wordpress\/wp-content\/uploads\/2022\/06\/AIDO.png\" alt=\"\" width=\"98\" height=\"98\" srcset=\"https:\/\/www.radiopiu.net\/wordpress\/wp-content\/uploads\/2022\/06\/AIDO.png 233w, https:\/\/www.radiopiu.net\/wordpress\/wp-content\/uploads\/2022\/06\/AIDO-150x150.png 150w\" sizes=\"auto, (max-width: 98px) 100vw, 98px\" \/><\/a>BELLUNO<\/strong> &#8220;Toglimi il pane, se vuoi toglimi l&#8217;aria, ma non togliermi mai il tuo sorriso&#8221; diceva Pablo Neruda. Perche\u0300 sorridere, soprattutto in questo periodo difficile, puo\u0300 far bene a se\u0300 stessi e agli altri: per questo la sala del teatro San Gaetano di Castion ospitera\u0300 venerdi\u0300 18 novembre alle 20.30 lo spettacolo &#8220;Noi che&#8230;&#8221;, una serie di riflessioni &#8220;semiserie&#8221; sugli anni Sessanta e Settanta allestite dall&#8217;omonima compagnia teatrale. L&#8217;organizzazione e\u0300 curata con la collaborazione della sezione provinciale di Aido Belluno. L&#8217;ingresso e\u0300 libero. Il ricavato sara\u0300 devoluto alle attivita\u0300 dell&#8217;associazione, che opera per promuovere la donazione di organi.<\/p>\n<p>&nbsp;<\/p>\n<hr \/>\n<p>&nbsp;<\/p>\n<blockquote>\n<h3>AMORE&#8230;C&#8217;E&#8217; UN MORTO IN SALOTTO. A TEATRO A SANTO STEFANO DI CADORE<\/h3>\n<\/blockquote>\n<div class=\"xdj266r x11i5rnm xat24cr x1mh8g0r x1vvkbs x126k92a\">\n<div dir=\"auto\"><strong>REDAZIONE<\/strong>\u00a0 Domenica 20\u00a0 alle\u00a0 17 al <a class=\"x1i10hfl xjbqb8w x6umtig x1b1mbwd xaqea5y xav7gou x9f619 x1ypdohk xt0psk2 xe8uvvx xdj266r x11i5rnm xat24cr x1mh8g0r xexx8yu x4uap5 x18d9i69 xkhd6sd x16tdsg8 x1hl2dhg xggy1nq x1a2a7pz xt0b8zv x1qq9wsj xo1l8bm\" tabindex=\"0\" role=\"link\" href=\"https:\/\/www.facebook.com\/CinemaPiave?__cft__[0]=AZUAYPCEbiClTp1yP7QKEHmCmVuPq0hx2gj1Y1y7h3Bk8vvZJ40w6sis0OmgE4GpUQSLpllKvwoV2B67Inf0GWDfHdr2jwrDLs0adu2YFHzldaIVv1GKv6XTRBY6H0jK3B6xPDA2_wfJZWfo6GIXrjCimUW7pR2pSPVSDBYJm3jE5nUm-PW3IMoD35nYHg0mJm78IQnuSHPdoXjfdgUKkPdy&amp;__tn__=-]K-y-R\"><span class=\"xt0psk2\">Cinema Piave<\/span><\/a> di Santo Stefano di Cadore &#8220;AMORE, C&#8217;E&#8217; UN MORTO IN SALOTTO&#8221;,\u00a0 commedia brillante, all&#8217; interno della rassegna Autunno a Teatro in Comelico. &#8220;<em>Come reagireste se una psicoterapeuta morta da vent\u2019anni piombasse in casa vostra? Comicit\u00e0, equivoci e colpi di scena per una terapia di coppia decisamente fuori dal normale&#8221;.<\/em><\/div>\n<\/div>\n<div class=\"x11i5rnm xat24cr x1mh8g0r x1vvkbs xtlvy1s x126k92a\">\n<div dir=\"auto\">Prenota on line su: <a class=\"x1i10hfl xjbqb8w x6umtig x1b1mbwd xaqea5y xav7gou x9f619 x1ypdohk xt0psk2 xe8uvvx xdj266r x11i5rnm xat24cr x1mh8g0r xexx8yu x4uap5 x18d9i69 xkhd6sd x16tdsg8 x1hl2dhg xggy1nq x1a2a7pz xt0b8zv x1fey0fg\" tabindex=\"0\" role=\"link\" href=\"https:\/\/l.facebook.com\/l.php?u=http%3A%2F%2Fwww.l2l.it%2Fautunnoateatro%3Ffbclid%3DIwAR0iI83ebsGES7W4K9SAPwCQW-fqu9KMwCS5Lz6EsyyKvnDbhOWV5Jdf3B0&amp;h=AT2aTlZ5nSKGWTex1BMLABT-pKvzEQsrkZ-5EmRB-KjoOdjKHNRZ585rYbS0-_deqgVzlzvUoro0klZ5gMpqAZLtksZEVeDXToxX_dN98TavFZTcEBjuzFZM5i2qmb2jWw&amp;__tn__=-UK-y-R&amp;c[0]=AT0cT2cdPLUl3L5Rg9L17zR3qHtMOdjMXZWidIcaQ_lQGtAx3ENHl-T1EELNZSUOUXItElRf-qO8HiinJN4XgP9zB8W-5lkFhVqTCpiYPcCeS7u3H1RRMaSJO5HQaMr5_zMFD_noGASCZ7vpev9eh3vrJvaoFQh9q-VJx-LEeuwU-GG1xbVbD3oPwVKvF9mioB-dlUcHsNTpO5Wc4W_mIiZmbL_QR8Y20TznAg\" target=\"_blank\" rel=\"nofollow noopener\">http:\/\/www.l2l.it\/autunnoateatro<\/a> Per info: info@icomelianti.it, 3471451453. Con Annamaria (Michelangela Battistella ), Oreste (<a class=\"x1i10hfl xjbqb8w x6umtig x1b1mbwd xaqea5y xav7gou x9f619 x1ypdohk xt0psk2 xe8uvvx xdj266r x11i5rnm xat24cr x1mh8g0r xexx8yu x4uap5 x18d9i69 xkhd6sd x16tdsg8 x1hl2dhg xggy1nq x1a2a7pz xt0b8zv x1qq9wsj xo1l8bm\" tabindex=\"0\" role=\"link\" href=\"https:\/\/www.facebook.com\/marco.demartinmodolado?__cft__[0]=AZUAYPCEbiClTp1yP7QKEHmCmVuPq0hx2gj1Y1y7h3Bk8vvZJ40w6sis0OmgE4GpUQSLpllKvwoV2B67Inf0GWDfHdr2jwrDLs0adu2YFHzldaIVv1GKv6XTRBY6H0jK3B6xPDA2_wfJZWfo6GIXrjCimUW7pR2pSPVSDBYJm3jE5nUm-PW3IMoD35nYHg0mJm78IQnuSHPdoXjfdgUKkPdy&amp;__tn__=-]K-y-R\"><span class=\"xt0psk2\">Marco De Martin Modolado<\/span><\/a> ) e Amelia (Silvia Saponaro ). Una produzione <a class=\"x1i10hfl xjbqb8w x6umtig x1b1mbwd xaqea5y xav7gou x9f619 x1ypdohk xt0psk2 xe8uvvx xdj266r x11i5rnm xat24cr x1mh8g0r xexx8yu x4uap5 x18d9i69 xkhd6sd x16tdsg8 x1hl2dhg xggy1nq x1a2a7pz xt0b8zv x1qq9wsj xo1l8bm\" tabindex=\"0\" role=\"link\" href=\"https:\/\/www.facebook.com\/SilviaSaponaroShockArti?__cft__[0]=AZUAYPCEbiClTp1yP7QKEHmCmVuPq0hx2gj1Y1y7h3Bk8vvZJ40w6sis0OmgE4GpUQSLpllKvwoV2B67Inf0GWDfHdr2jwrDLs0adu2YFHzldaIVv1GKv6XTRBY6H0jK3B6xPDA2_wfJZWfo6GIXrjCimUW7pR2pSPVSDBYJm3jE5nUm-PW3IMoD35nYHg0mJm78IQnuSHPdoXjfdgUKkPdy&amp;__tn__=-]K-y-R\"><span class=\"xt0psk2\">Silvia Saponaro<\/span><\/a> &#8211; ShockArti <a class=\"x1i10hfl xjbqb8w x6umtig x1b1mbwd xaqea5y xav7gou x9f619 x1ypdohk xt0psk2 xe8uvvx xdj266r x11i5rnm xat24cr x1mh8g0r xexx8yu x4uap5 x18d9i69 xkhd6sd x16tdsg8 x1hl2dhg xggy1nq x1a2a7pz xt0b8zv x1fey0fg\" tabindex=\"0\" role=\"link\" href=\"https:\/\/l.facebook.com\/l.php?u=https%3A%2F%2Fwww.silviasaponaro.it%2F%3Ffbclid%3DIwAR0I4PA9iij3TBFT8a811E0WkXq86s-L5szdou0cIaR1lxowdVJfCmVTHkM&amp;h=AT0BlMnYsHx0PYBL_ZNfrDgZC0pysnZt5tsr7-DRiUR3SZG365eYQj6EA3wtQSlMvpQ8TljBnNv4ta8S1WuBaJx0KvXchKS2Kcb2S8zchoiRUwbUiOrpVMzB6vyRAPsTKw&amp;__tn__=-UK-y-R&amp;c[0]=AT0cT2cdPLUl3L5Rg9L17zR3qHtMOdjMXZWidIcaQ_lQGtAx3ENHl-T1EELNZSUOUXItElRf-qO8HiinJN4XgP9zB8W-5lkFhVqTCpiYPcCeS7u3H1RRMaSJO5HQaMr5_zMFD_noGASCZ7vpev9eh3vrJvaoFQh9q-VJx-LEeuwU-GG1xbVbD3oPwVKvF9mioB-dlUcHsNTpO5Wc4W_mIiZmbL_QR8Y20TznAg\" target=\"_blank\" rel=\"nofollow noopener\">https:\/\/www.silviasaponaro.it\/<\/a><\/div>\n<\/div>\n<div dir=\"auto\"><\/div>\n<div dir=\"auto\"><\/div>\n<div dir=\"auto\"><img loading=\"lazy\" decoding=\"async\" class=\"aligncenter\" src=\"https:\/\/www.radiopiu.net\/wordpress\/wp-content\/uploads\/2022\/11\/314737847_582441327215303_7406926901587663432_n.jpg\" width=\"303\" height=\"203\" \/><\/div>\n<div dir=\"auto\"><\/div>\n<div dir=\"auto\"><\/div>\n<div dir=\"auto\"><strong>ALLA RADIO&#8230;. audio<\/strong><\/div>\n<div dir=\"auto\">\n<audio class=\"wp-audio-shortcode\" id=\"audio-306476-14\" preload=\"none\" style=\"width: 100%;\" controls=\"controls\"><source type=\"audio\/mpeg\" src=\"https:\/\/www.radiopiu.net\/wordpress\/wp-content\/uploads\/2022\/11\/marco-de-martin.mp3?_=14\" \/><a href=\"https:\/\/www.radiopiu.net\/wordpress\/wp-content\/uploads\/2022\/11\/marco-de-martin.mp3\">https:\/\/www.radiopiu.net\/wordpress\/wp-content\/uploads\/2022\/11\/marco-de-martin.mp3<\/a><\/audio>\n<\/div>\n<blockquote><p>&nbsp;<\/p><\/blockquote>\n<p dir=\"auto\"><strong>Guarda il trailer :<span style=\"color: #0000ff;\"> <a class=\"x1i10hfl xjbqb8w x6umtig x1b1mbwd xaqea5y xav7gou x9f619 x1ypdohk xt0psk2 xe8uvvx xdj266r x11i5rnm xat24cr x1mh8g0r xexx8yu x4uap5 x18d9i69 xkhd6sd x16tdsg8 x1hl2dhg xggy1nq x1a2a7pz xt0b8zv x1fey0fg\" style=\"color: #0000ff;\" tabindex=\"0\" role=\"link\" href=\"https:\/\/l.facebook.com\/l.php?u=https%3A%2F%2Fvimeo.com%2F697893074%3Ffbclid%3DIwAR0R4LYxV0k4iTQCwctCkAAaYY78_1NVgRlzZCQRRrf6VJ_g3fGxdX9knUw&amp;h=AT2lpaAhyr4gtwU60W_ERPOEJanMNTWI4rPao7fTFdhtk7daI3jfNoGcx_YJDc6X5w_msZv3AsyeE90PaodV1UZrtEfkw3nTuMzrPyvb7Qm7DzBcODvkl_rZp06aM_DHoQ&amp;__tn__=-UK-y-R&amp;c[0]=AT0cT2cdPLUl3L5Rg9L17zR3qHtMOdjMXZWidIcaQ_lQGtAx3ENHl-T1EELNZSUOUXItElRf-qO8HiinJN4XgP9zB8W-5lkFhVqTCpiYPcCeS7u3H1RRMaSJO5HQaMr5_zMFD_noGASCZ7vpev9eh3vrJvaoFQh9q-VJx-LEeuwU-GG1xbVbD3oPwVKvF9mioB-dlUcHsNTpO5Wc4W_mIiZmbL_QR8Y20TznAg\" target=\"_blank\" rel=\"nofollow noopener\">https:\/\/vimeo.com\/697893074<\/a><\/span><\/strong><\/p>\n<p>&nbsp;<\/p>\n<hr \/>\n<p>&nbsp;<\/p>\n<blockquote>\n<h3>QUEL BIANCO-NERO CHE NON SI SCOLORA<\/h3>\n<\/blockquote>\n<p><a class=\"dt-pswp-item\" href=\"https:\/\/www.radiopiu.net\/wordpress\/wp-content\/uploads\/2022\/11\/3680a335-20d7-41c3-9ebb-85ab56ef46ee.jpg\" data-dt-img-description=\"\" data-large_image_width=\"899\" data-large_image_height=\"1599\"><img loading=\"lazy\" decoding=\"async\" class=\" wp-image-306506 alignleft\" src=\"https:\/\/www.radiopiu.net\/wordpress\/wp-content\/uploads\/2022\/11\/3680a335-20d7-41c3-9ebb-85ab56ef46ee-169x300.jpg\" alt=\"\" width=\"139\" height=\"247\" srcset=\"https:\/\/www.radiopiu.net\/wordpress\/wp-content\/uploads\/2022\/11\/3680a335-20d7-41c3-9ebb-85ab56ef46ee-169x300.jpg 169w, https:\/\/www.radiopiu.net\/wordpress\/wp-content\/uploads\/2022\/11\/3680a335-20d7-41c3-9ebb-85ab56ef46ee-576x1024.jpg 576w, https:\/\/www.radiopiu.net\/wordpress\/wp-content\/uploads\/2022\/11\/3680a335-20d7-41c3-9ebb-85ab56ef46ee-768x1366.jpg 768w, https:\/\/www.radiopiu.net\/wordpress\/wp-content\/uploads\/2022\/11\/3680a335-20d7-41c3-9ebb-85ab56ef46ee-864x1536.jpg 864w, https:\/\/www.radiopiu.net\/wordpress\/wp-content\/uploads\/2022\/11\/3680a335-20d7-41c3-9ebb-85ab56ef46ee.jpg 899w\" sizes=\"auto, (max-width: 139px) 100vw, 139px\" \/><\/a><strong>REDAZIONE<\/strong> Bianco-nero nei ricordi, rosso vivo nell&#8217;emozione. Quattro amici della RADIO PIU&#8217;, di quelli veri. Di <strong>Tita Zasso<\/strong> della Val di Frela c&#8217;\u00e8 l&#8217;orologio in legno sulle pareti della radio, con l&#8217;Agner, il campanile, una testa piena di riccioli e un microfono. Con precisione l&#8217;anno non lo ricordo, ma considerando i capelli era qualche decennio fa quando Tita arriv\u00f2 in radio con la sua opera, il suo gadget a perenne ricordo che custodisco con immensa gelosia. Quella volta era per omaggiarmi della sua arte, in tutte le altre occasioni era uno spettacolo al microfono, raccontava la sua vita con naturalezza, istinto, nel suo dialetto italianizzato. Ricordo l&#8217;emozione nel raccontarsi in sala Don Tamis in occasione di una delle tante <a class=\"dt-pswp-item\" href=\"https:\/\/www.radiopiu.net\/wordpress\/wp-content\/uploads\/2022\/11\/th-7.jpg\" data-dt-img-description=\"\" data-large_image_width=\"474\" data-large_image_height=\"355\"><img loading=\"lazy\" decoding=\"async\" class=\"wp-image-306512 alignright\" src=\"https:\/\/www.radiopiu.net\/wordpress\/wp-content\/uploads\/2022\/11\/th-7-300x225.jpg\" alt=\"\" width=\"161\" height=\"121\" srcset=\"https:\/\/www.radiopiu.net\/wordpress\/wp-content\/uploads\/2022\/11\/th-7-300x225.jpg 300w, https:\/\/www.radiopiu.net\/wordpress\/wp-content\/uploads\/2022\/11\/th-7.jpg 474w\" sizes=\"auto, (max-width: 161px) 100vw, 161px\" \/><\/a>mostre, ma anche l&#8217;orgoglio di essere agordino e suonare il corno quando chiusero la regionale 203 agordina, altro che manifestazioni con striscioni, quello era un segnale forte della gente di montagna (*Il corno alpino conosciuto anche come corno delle Alpi o corno svizzero, in francese cor des alpes \u00e8 uno strumento aerofono di origine antichissima). <strong>Rizieri Ongaro\u00a0 <\/strong><em>el Rizi<\/em> \u00e8 stato tra gli amministratori-politici pi\u00f9 importanti di questa vallata, in prima fila con l&#8217;arrivo del Repubblicano Giovanni Spadolini a Cencenighe per l&#8217;inaugurazione della mostra di Dino Buzzati al Nof Fil\u00f2,\u00a0 \u00a0assessore provinciale <em>&#8220;alle squaze&#8221;<\/em> ricordava lui sorridendo,\u00a0 sindaco di Cencenighe e Presidente <a class=\"dt-pswp-item\" href=\"https:\/\/www.radiopiu.net\/wordpress\/wp-content\/uploads\/2022\/11\/5014420b-e1d9-4c54-b8d6-9760ba4029ab.jpg\" data-dt-img-description=\"\" data-large_image_width=\"899\" data-large_image_height=\"1599\"><img loading=\"lazy\" decoding=\"async\" class=\"size-medium wp-image-306508 alignleft\" src=\"https:\/\/www.radiopiu.net\/wordpress\/wp-content\/uploads\/2022\/11\/5014420b-e1d9-4c54-b8d6-9760ba4029ab-169x300.jpg\" alt=\"\" width=\"169\" height=\"300\" srcset=\"https:\/\/www.radiopiu.net\/wordpress\/wp-content\/uploads\/2022\/11\/5014420b-e1d9-4c54-b8d6-9760ba4029ab-169x300.jpg 169w, https:\/\/www.radiopiu.net\/wordpress\/wp-content\/uploads\/2022\/11\/5014420b-e1d9-4c54-b8d6-9760ba4029ab-576x1024.jpg 576w, https:\/\/www.radiopiu.net\/wordpress\/wp-content\/uploads\/2022\/11\/5014420b-e1d9-4c54-b8d6-9760ba4029ab-768x1366.jpg 768w, https:\/\/www.radiopiu.net\/wordpress\/wp-content\/uploads\/2022\/11\/5014420b-e1d9-4c54-b8d6-9760ba4029ab-864x1536.jpg 864w, https:\/\/www.radiopiu.net\/wordpress\/wp-content\/uploads\/2022\/11\/5014420b-e1d9-4c54-b8d6-9760ba4029ab.jpg 899w\" sizes=\"auto, (max-width: 169px) 100vw, 169px\" \/><\/a>della Comunit\u00e0 Montana Agordina con le sue battaglie mai sopra le righe, alla fine metteva tutti d&#8217;accordo da destra\u00a0 a sinistra, democristiani e socialisti compresi,\u00a0 con un sorriso con o senza prosecco tra le dita. In radio abbiamo ancora una parte di ufficio dell&#8217;allora Centro Commerciale Ganz, anche allora si era ricordato della RADIOPIU e da sempre ha sostenuto la mia emittente con la pubblicit\u00e0 nella quale faceva affidamento credendoci. Giorgio, <strong>Giorgio Favero,<\/strong> l&#8217;uomo che ha rilanciato il rogo e il testamento della Vecia Popa, il presepe accanto alla chiesa Arcidiaconale di Agordo, la messa a Forcella Camp. Tre appuntamenti importanti per il capoluogo, arrivava in radio di mattina, presto, a raccontarci quello che aveva in testa. Con le lacrime nel giorno in cui Valli ci ha lasciato<em> &#8220;Sei stata meravigliosa&#8221;,<\/em> una frase semplice che raccontava tutto. Ma era anche ficcante nelle critiche sia da consigliere di maggioranza che di minoranza a Palazzo Marconi <em>&#8220;Quei cartelli sulla mostra che deturpano Villa Crotta&#8221;<\/em>, insisteva, e poi passando alla pratica lo vedevi nel giardino dei De Manzoni a tagliare erba, potare le piante, rendere il giardino e il chiostro uno spettacolo con tanto di fiori alle finestre e senza chiedere nulla a nessuno. Del Salva potremo scrivere un libro, il fondatore, il direttore, il deus ex machina del Coro Agordo. Anche <strong>Salvatore Santomaso<\/strong> ha avuto un legame intenso, collaborativo con la RADIOPIU, davanti a tutti metteva la sua creatura, l&#8217;amicizia con Lamberto Pietropoli, la Messa per i Caduti della Montagna.<br \/>\nCari amici&#8230; quanto mi mancate. Che il vostro rimanga esempio per le future generazioni.<\/p>\n<p>mirko<\/p>\n\n\t\t\t<style type='text\/css'>\n\t\t\t\t#gallery-6 {\n\t\t\t\t\tmargin: auto;\n\t\t\t\t}\n\t\t\t\t#gallery-6 .gallery-item {\n\t\t\t\t\tfloat: left;\n\t\t\t\t\tmargin-top: 10px;\n\t\t\t\t\ttext-align: center;\n\t\t\t\t\twidth: 33%;\n\t\t\t\t}\n\t\t\t\t#gallery-6 img {\n\t\t\t\t\tborder: 2px solid #cfcfcf;\n\t\t\t\t}\n\t\t\t\t#gallery-6 .gallery-caption {\n\t\t\t\t\tmargin-left: 0;\n\t\t\t\t}\n\t\t\t\t\/* see gallery_shortcode() in wp-includes\/media.php *\/\n\t\t\t<\/style>\n\t\t<div id='gallery-6' class='dt-gallery-container gallery galleryid-306476 gallery-columns-3 gallery-size-full'><dl class='gallery-item'>\n\t\t\t\t<dt class='gallery-icon landscape'>\n\t\t\t\t\t<a class=\"rollover rollover-zoom dt-pswp-item\" title=\"tita rizieri\" data-dt-img-description=\"\" data-large_image_width=\"361\" data-large_image_height=\"261\"href='https:\/\/www.radiopiu.net\/wordpress\/wp-content\/uploads\/2022\/11\/tita-rizieri.jpg'><img loading=\"lazy\" decoding=\"async\" width=\"361\" height=\"261\" src=\"https:\/\/www.radiopiu.net\/wordpress\/wp-content\/uploads\/2022\/11\/tita-rizieri.jpg\" class=\"attachment-full size-full\" alt=\"\" srcset=\"https:\/\/www.radiopiu.net\/wordpress\/wp-content\/uploads\/2022\/11\/tita-rizieri.jpg 361w, https:\/\/www.radiopiu.net\/wordpress\/wp-content\/uploads\/2022\/11\/tita-rizieri-300x217.jpg 300w\" sizes=\"auto, (max-width: 361px) 100vw, 361px\" \/><\/a>\n\t\t\t\t<\/dt><\/dl><dl class='gallery-item'>\n\t\t\t\t<dt class='gallery-icon landscape'>\n\t\t\t\t\t<a class=\"rollover rollover-zoom dt-pswp-item\" title=\"giorgio\" data-dt-img-description=\"\" data-large_image_width=\"486\" data-large_image_height=\"326\"href='https:\/\/www.radiopiu.net\/wordpress\/wp-content\/uploads\/2022\/11\/giorgio.jpg'><img loading=\"lazy\" decoding=\"async\" width=\"486\" height=\"326\" src=\"https:\/\/www.radiopiu.net\/wordpress\/wp-content\/uploads\/2022\/11\/giorgio.jpg\" class=\"attachment-full size-full\" alt=\"\" srcset=\"https:\/\/www.radiopiu.net\/wordpress\/wp-content\/uploads\/2022\/11\/giorgio.jpg 486w, https:\/\/www.radiopiu.net\/wordpress\/wp-content\/uploads\/2022\/11\/giorgio-300x201.jpg 300w\" sizes=\"auto, (max-width: 486px) 100vw, 486px\" \/><\/a>\n\t\t\t\t<\/dt><\/dl><dl class='gallery-item'>\n\t\t\t\t<dt class='gallery-icon landscape'>\n\t\t\t\t\t<a class=\"rollover rollover-zoom dt-pswp-item\" title=\"salva\" data-dt-img-description=\"\" data-large_image_width=\"321\" data-large_image_height=\"246\"href='https:\/\/www.radiopiu.net\/wordpress\/wp-content\/uploads\/2022\/11\/salva.png'><img loading=\"lazy\" decoding=\"async\" width=\"321\" height=\"246\" src=\"https:\/\/www.radiopiu.net\/wordpress\/wp-content\/uploads\/2022\/11\/salva.png\" class=\"attachment-full size-full\" alt=\"\" srcset=\"https:\/\/www.radiopiu.net\/wordpress\/wp-content\/uploads\/2022\/11\/salva.png 321w, https:\/\/www.radiopiu.net\/wordpress\/wp-content\/uploads\/2022\/11\/salva-300x230.png 300w\" sizes=\"auto, (max-width: 321px) 100vw, 321px\" \/><\/a>\n\t\t\t\t<\/dt><\/dl><br style=\"clear: both\" \/>\n\t\t\t<\/div>\n\n<p>&nbsp;<\/p>\n<p>&nbsp;<\/p>\n<p>&nbsp;<\/p>\n<hr \/>\n<p>&nbsp;<\/p>\n<blockquote>\n<h3>UN OMAGGIO A PATRIZIA BURIGO<\/h3>\n<\/blockquote>\n<p><strong>BELLUNO <\/strong>L\u2019Associazione Culturale Verba Volant, in collaborazione con l\u2019IIS \u201cSegato\u201d di Belluno, organizza l\u2019evento \u201cRidammi i sogni. Patrizia, colori e parole\u201d, un omaggio alla poetessa e pittrice Patrizia Burigo, prematuramente scomparsa nel mese di luglio, che per anni \u00e8 stata parte attiva e creativa dell\u2019associazione. La serata si svolger\u00e0 a Belluno venerd\u00ec alle 17:30 presso l\u2019aula Magna dell\u2019ITIS \u201cSegato\u201d e vedr\u00e0 alternarsi letture e musica.<\/p>\n<p>&nbsp;<\/p>\n<hr \/>\n<p>&nbsp;<\/p>\n<blockquote>\n<h3>SOSPIROLO TRA LEGGENDE E MISTERI<\/h3>\n<\/blockquote>\n<p><strong>SOSPIROLO<\/strong> La cerimonia di premiazione dalle 13esima edizione del concorso letterario &#8220;Sospirolo tra leggende e misteri&#8221; \u00e8 prevista per domenica alle 10,30 al centro civico di Sospirolo con lettura musicata dei racconti vincitori a cura di Cristina Gianni e Nelso Salton.<\/p>\n<p>&nbsp;<\/p>\n<hr \/>\n<p>&nbsp;<\/p>\n<h2><span style=\"color: #800080;\">IERI ALLA RADIO<\/span><\/h2>\n<h2><span style=\"color: #008080;\">&#8220;DINTORN E FORA VIA&#8221;\u00a0<\/span><span style=\"color: #008080;\"> IL PROGRAMMA\u00a0 <\/span><span style=\"color: #008080;\">A CURA DEL MUSLA\u00a0<\/span><span style=\"color: #008080;\">\u00a0\u00a0<\/span><\/h2>\n<p><strong>PUNTATA DEL 15 NOVEMBRE &#8211; EMILY BONIFACIO &#8211;\u00a0\u00a0<\/strong><\/p>\n<audio class=\"wp-audio-shortcode\" id=\"audio-306476-15\" preload=\"none\" style=\"width: 100%;\" controls=\"controls\"><source type=\"audio\/mpeg\" src=\"https:\/\/www.radiopiu.net\/wordpress\/wp-content\/uploads\/2022\/11\/MUSLA-EMILY.mp3?_=15\" \/><a href=\"https:\/\/www.radiopiu.net\/wordpress\/wp-content\/uploads\/2022\/11\/MUSLA-EMILY.mp3\">https:\/\/www.radiopiu.net\/wordpress\/wp-content\/uploads\/2022\/11\/MUSLA-EMILY.mp3<\/a><\/audio>\n<p>&nbsp;<\/p>\n<p>&nbsp;<\/p>\n<h2><span style=\"color: #800080;\">ALLA RADIO<\/span><\/h2>\n<p><strong>L&#8217;ALMANACCO LADINO<\/strong><\/p>\n<audio class=\"wp-audio-shortcode\" id=\"audio-306476-16\" preload=\"none\" style=\"width: 100%;\" controls=\"controls\"><source type=\"audio\/mpeg\" src=\"https:\/\/www.radiopiu.net\/wordpress\/wp-content\/uploads\/2022\/11\/96\u00b0Almanach-Ladin_Fodom-1.mp3?_=16\" \/><a href=\"https:\/\/www.radiopiu.net\/wordpress\/wp-content\/uploads\/2022\/11\/96\u00b0Almanach-Ladin_Fodom-1.mp3\">https:\/\/www.radiopiu.net\/wordpress\/wp-content\/uploads\/2022\/11\/96\u00b0Almanach-Ladin_Fodom-1.mp3<\/a><\/audio>\n<p>&nbsp;<\/p>\n<hr \/>\n<p>&nbsp;<\/p>\n<p>&nbsp;<\/p>\n<p><strong><span style=\"color: #ff0000;\">MONDO LADINO\u00a0<\/span><\/strong>PRESENTAZIONE DEL RAPPORTO SULLE CAUSE DELLA PROGRESSIVA ESTINZIONE DELLE MINORANZA LINGUISTICHE LADINE\u00a0 DELLA PROVINCIA DI BELLUNO IN CONSEGUENZA DELLE POLITICHE ATTUATE DALLO STATO ITALIANO<\/p>\n<p>Tre appuntamenti: 19 novembre a Cortina Ciasa de Ra Regoles, museo Mario Rimoldi, alle 18. Il 26 novembre alle 18 a Fusine (sala polifunzionale) Zoldo. il 3 dicembre a Cencenighe Nof Filo&#8217; alle 18.<\/p>\n<p><strong>Marinella Da Piazza:<\/strong><em> &#8220;\u00c8 importante essere presenti\u00a0 perch\u00e9 non c\u2019\u00e8 alternativa. La salvezza delle Comunit\u00e0 di Montagna (che non vogliono andare via) sar\u00e0 data dalla capacit\u00e0 di noi ladini di essere uniti, capaci di difendere e valorizzare le proprie diversit\u00e0 e richiedere con forza l\u2019applicazione delle giuste politiche necessarie a chi vive in pendenza&#8221;.<\/em><\/p>\n<p>&nbsp;<\/p>\n<p>&nbsp;<\/p>\n<p>&nbsp;<\/p>\n<p>&nbsp;<\/p>\n<hr \/>\n<p>&nbsp;<\/p>\n<p>&nbsp;<\/p>\n<blockquote class=\"wp-embedded-content\" data-secret=\"gh6qoqrnbr\"><p><a href=\"https:\/\/www.radiopiu.net\/wordpress\/il-libro-di-elio-arico-su-cultura-veneto\/\">IL LIBRO DI ELIO ARICO&#8217; SU CULTURA VENETO<\/a><\/p><\/blockquote>\n<p><iframe loading=\"lazy\" class=\"wp-embedded-content\" sandbox=\"allow-scripts\" security=\"restricted\" style=\"position: absolute; clip: rect(1px, 1px, 1px, 1px);\" title=\"&#8220;IL LIBRO DI ELIO ARICO&#8217; SU CULTURA VENETO&#8221; &#8212; Radio Pi\u00f9\" src=\"https:\/\/www.radiopiu.net\/wordpress\/il-libro-di-elio-arico-su-cultura-veneto\/embed\/#?secret=KH8n9fk48E#?secret=gh6qoqrnbr\" data-secret=\"gh6qoqrnbr\" width=\"600\" height=\"338\" frameborder=\"0\" marginwidth=\"0\" marginheight=\"0\" scrolling=\"no\"><\/iframe><\/p>\n<p>&nbsp;<\/p>\n<hr \/>\n<p>&nbsp;<\/p>\n<blockquote>\n<h3>OLTRE 200 ARTISTI ALLA MOSTRA NELLA SALA \u201cDE LUCA\u201d NEL DECENNALE DELLA SCOMPARSA DI PAPA ALBINO LUCIANI<\/h3>\n<\/blockquote>\n<p>&nbsp;<\/p>\n<p><strong>di\u00a0 RENATO BONA<\/strong><\/p>\n<p>Nel decennale della scomparsa , avvenuta il 28 agosto 1978, la sala di cultura \u201cDe Luca\u201d di Borgo Pra a Belluno promosse dal 22 agosto all\u20198 settembre 1988, una collettiva nazionale di pittura e scultura a ricordo del \u201cPapa bellunese del sorriso\u201d, oggi Beato. La rassegna, con oltre duecento artisti di ogni parte d\u2019Italia, ospitata anche a Palazzo Crepadona, venne visitata, fra gli altri, dall\u2019allora patriarca di Venezia, cardinale Marco C\u00e8 e dal cardinale africano Bernardin Gantin. Per l\u2019occasione la nota artista Renata Carraro realizz\u00f2 una splendida incisione in 70 esemplari firmati e numerati. In precedenza, il 16 luglio, c\u2019era stato a Col Cumano di Santa Giustina l\u2019incontro di \u201cCheco\u201d De Luca e un gruppo di artisti che avevano prestato la loro opera per arricchire di immagini d\u2019arte il centro di spiritualit\u00e0, con il successore di Luciani, Giovanni Paolo II. C\u2019\u00e8 quindi l\u2019annuncio che il 16 settembre ci sarebbe stato nella cattedrale bellunese un concerto de \u201cLa Fenice\u201d in onore del secondo pontefice della storia dopo Gregorio XVI. L\u2019evento \u00e8 ricordato nel primo dei due volumi che Francesco \u201cCheco\u201d De Luca ha realizzato (stampa Editrice Velar, Gorle di Bergamo, presentazione del sindaco di Belluno, Ermano De Col) col titolo \u201cUna ruota che gira da un quarto di secolo\u201d per ricordare ed illustrare le attivit\u00e0 storico culturali della sala \u201cDe Luca\u201d dal 26 maggio 1980 al 26 maggio 2005. Ma non solo di Papa Luciani si \u00e8 occupato De Luca quanto alle manifestazioni svolte dall\u20191 gennaio al 31 dicembre 1988 nella Sala di Borgo Pra. Infatti il ricordo si apre con la collettiva di pittura scultura e grafica, dal 16 al 25 gennaio di: Giovanni Martini, Luciano Piani e Loris Costa; dal 30 gennaio all\u20198 febbraio esposizione di quadri del pittore Paolo D\u2019Inc\u00e0; dal 9 al 14 febbraio collettiva di artisti di varie province con quadri posti all\u2019asta a favore del Comitato d\u2019intesa bellunese fra associazioni volontaristiche. Dal 20 al 29 febbraio mostra dell\u2019artista Mariano Lazzarin e l\u201911 e 12 marzo conferenze del prof. Mario Bucci su: Il tempo di Giovanni Fattori\u201d e \u201cArtisti si nasce\u2026 non si diventa\u201d. Dal 19 marzo al 5 aprile mostra di pittura e grafica di Gianni Palminteri; dal 9 al 20 aprile espongono i pittori veneziani Renata Carraro, Aldo Caselli, Guido Santar\u00e0 e Antonio Serena con pittura, grafica e scultura; il 16 aprile conferenza su: \u201cLo scenografo bellunese Pietro Gonzaga\u201d, relatore il prof. Manzi; il 21 aprile conferenza su: \u201c40 anni di Costituzione repubblicana\u201d con il prof. Patrono dell\u2019Universit\u00e0 di Padova; il 30 aprile conferenza sulla lingua ladina con la collettivit\u00e0 del Comelico. Il mese di aprile si chiude con la presentazione del volume di poesie in dialetto bellunese del poeta Francesco Prest, dal titolo: \u201cAn bocia de bottega\u201d, con la partecipazione del Coro Minimo Bellunese diretto da Edoardo Gazzera. Ancora: il 6 maggio conferenza per i maestri delle elementari su: \u201cLo sport nelle scuole dell\u2019obbligo\u201d. Il 25 conferenza del prof. Francesco Gentile su: \u201cLa Carta del corsaro\u201d progetto costituzionale di un poeta. Dal 28 maggio al 6 giugno esposizione di quadri di Laura Ballis; il 5 giugno sono ospiti della \u201cDe Luca\u201d tutti i campioni dello sci provinciale; dal 2 al 12 luglio collettiva degli artisti vincitori del concorso \u201cZelant e la festa del narciso\u201d: Rinaldo Balzan, Giulio Berton, Fabiola Colle, Natalino Cossalter, Luigino Mezzomo, Renato Scarton; dal 21 al 31 luglio mostra antologica retrospettiva di Aldo Zasso; dal 17 al 30 settembre grafica e pittura con Roberto Joos e Cesco Magnolato; l\u20198 ottobre conferenza del dott. Leonelli su: \u201cLa vita prenatale come fondamento di una educazione dell\u2019uomo\u201d. Seguono, fino alla fine dell\u2019anno quando, dal 27 al 31 \u00e8 allestita una esposizione di opere di artisti nazionali con asta di beneficenza curata dall\u2019Associazione stampa bellunese: conferenze delle dott. Cattaneo-Vigevano e Nicolato rispettivamente su: \u201cEducazione-Autoeducazione\u201de \u201cLa cura del bambino\u201d; mostra collettiva di pittori della Carinzia; il \u201cFil\u00f2 di San Martino\u201d con i poeti dialettali del \u201cZemped\u00f2n\u201d ed il coro della Brigata alpina Cadore; la personale del pittore Armando Comin; conferenza del prof. Bucci su: \u201cLa pittura contemporanea nel mondo dell\u2019arte\u201d; conferenza del dott. Polenghi Lombardi su: \u201cSai Baba\u201d; mostra del pittore Giulio Berton; concerto del campione mondiale di fisarmonica prof. Battiston; conferenza del dott. R. Pegoraro su: \u201cBambini down\u201d; esposizione della pittrice Cristina Ricci Comel.<\/p>\n\n\t\t\t<style type='text\/css'>\n\t\t\t\t#gallery-7 {\n\t\t\t\t\tmargin: auto;\n\t\t\t\t}\n\t\t\t\t#gallery-7 .gallery-item {\n\t\t\t\t\tfloat: left;\n\t\t\t\t\tmargin-top: 10px;\n\t\t\t\t\ttext-align: center;\n\t\t\t\t\twidth: 16%;\n\t\t\t\t}\n\t\t\t\t#gallery-7 img {\n\t\t\t\t\tborder: 2px solid #cfcfcf;\n\t\t\t\t}\n\t\t\t\t#gallery-7 .gallery-caption {\n\t\t\t\t\tmargin-left: 0;\n\t\t\t\t}\n\t\t\t\t\/* see gallery_shortcode() in wp-includes\/media.php *\/\n\t\t\t<\/style>\n\t\t<div id='gallery-7' class='dt-gallery-container gallery galleryid-306476 gallery-columns-6 gallery-size-thumbnail'><dl class='gallery-item'>\n\t\t\t\t<dt class='gallery-icon portrait'>\n\t\t\t\t\t<a class=\"rollover rollover-zoom dt-pswp-item\" title=\"314106861_551047480165988_2854215457167556254_n\" data-dt-img-description=\"\" data-large_image_width=\"1229\" data-large_image_height=\"1494\"href='https:\/\/www.radiopiu.net\/wordpress\/wp-content\/uploads\/2022\/11\/314106861_551047480165988_2854215457167556254_n.jpg'><img loading=\"lazy\" decoding=\"async\" width=\"150\" height=\"150\" src=\"https:\/\/www.radiopiu.net\/wordpress\/wp-content\/uploads\/2022\/11\/314106861_551047480165988_2854215457167556254_n-150x150.jpg\" class=\"attachment-thumbnail size-thumbnail\" alt=\"\" \/><\/a>\n\t\t\t\t<\/dt><\/dl><dl class='gallery-item'>\n\t\t\t\t<dt class='gallery-icon portrait'>\n\t\t\t\t\t<a class=\"rollover rollover-zoom dt-pswp-item\" title=\"314535180_668170918239320_1493213706922258896_n\" data-dt-img-description=\"\" data-large_image_width=\"1235\" data-large_image_height=\"1710\"href='https:\/\/www.radiopiu.net\/wordpress\/wp-content\/uploads\/2022\/11\/314535180_668170918239320_1493213706922258896_n.jpg'><img loading=\"lazy\" decoding=\"async\" width=\"150\" height=\"150\" src=\"https:\/\/www.radiopiu.net\/wordpress\/wp-content\/uploads\/2022\/11\/314535180_668170918239320_1493213706922258896_n-150x150.jpg\" class=\"attachment-thumbnail size-thumbnail\" alt=\"\" \/><\/a>\n\t\t\t\t<\/dt><\/dl><dl class='gallery-item'>\n\t\t\t\t<dt class='gallery-icon landscape'>\n\t\t\t\t\t<a class=\"rollover rollover-zoom dt-pswp-item\" title=\"313863201_861323411714383_3256419913598198659_n\" data-dt-img-description=\"\" data-large_image_width=\"1183\" data-large_image_height=\"831\"href='https:\/\/www.radiopiu.net\/wordpress\/wp-content\/uploads\/2022\/11\/313863201_861323411714383_3256419913598198659_n.jpg'><img loading=\"lazy\" decoding=\"async\" width=\"150\" height=\"150\" src=\"https:\/\/www.radiopiu.net\/wordpress\/wp-content\/uploads\/2022\/11\/313863201_861323411714383_3256419913598198659_n-150x150.jpg\" class=\"attachment-thumbnail size-thumbnail\" alt=\"\" \/><\/a>\n\t\t\t\t<\/dt><\/dl><dl class='gallery-item'>\n\t\t\t\t<dt class='gallery-icon landscape'>\n\t\t\t\t\t<a class=\"rollover rollover-zoom dt-pswp-item\" title=\"314816776_5676265099133128_7864253538793032010_n\" data-dt-img-description=\"\" data-large_image_width=\"1283\" data-large_image_height=\"993\"href='https:\/\/www.radiopiu.net\/wordpress\/wp-content\/uploads\/2022\/11\/314816776_5676265099133128_7864253538793032010_n.jpg'><img loading=\"lazy\" decoding=\"async\" width=\"150\" height=\"150\" src=\"https:\/\/www.radiopiu.net\/wordpress\/wp-content\/uploads\/2022\/11\/314816776_5676265099133128_7864253538793032010_n-150x150.jpg\" class=\"attachment-thumbnail size-thumbnail\" alt=\"\" \/><\/a>\n\t\t\t\t<\/dt><\/dl><dl class='gallery-item'>\n\t\t\t\t<dt class='gallery-icon landscape'>\n\t\t\t\t\t<a class=\"rollover rollover-zoom dt-pswp-item\" title=\"312510380_881960126507668_6515093200388998284_n\" data-dt-img-description=\"\" data-large_image_width=\"1225\" data-large_image_height=\"752\"href='https:\/\/www.radiopiu.net\/wordpress\/wp-content\/uploads\/2022\/11\/312510380_881960126507668_6515093200388998284_n.jpg'><img loading=\"lazy\" decoding=\"async\" width=\"150\" height=\"150\" src=\"https:\/\/www.radiopiu.net\/wordpress\/wp-content\/uploads\/2022\/11\/312510380_881960126507668_6515093200388998284_n-150x150.jpg\" class=\"attachment-thumbnail size-thumbnail\" alt=\"\" \/><\/a>\n\t\t\t\t<\/dt><\/dl><dl class='gallery-item'>\n\t\t\t\t<dt class='gallery-icon landscape'>\n\t\t\t\t\t<a class=\"rollover rollover-zoom dt-pswp-item\" title=\"312553807_1271851303384605_9021998913581960761_n\" data-dt-img-description=\"\" data-large_image_width=\"1258\" data-large_image_height=\"781\"href='https:\/\/www.radiopiu.net\/wordpress\/wp-content\/uploads\/2022\/11\/312553807_1271851303384605_9021998913581960761_n.jpg'><img loading=\"lazy\" decoding=\"async\" width=\"150\" height=\"150\" src=\"https:\/\/www.radiopiu.net\/wordpress\/wp-content\/uploads\/2022\/11\/312553807_1271851303384605_9021998913581960761_n-150x150.jpg\" class=\"attachment-thumbnail size-thumbnail\" alt=\"\" \/><\/a>\n\t\t\t\t<\/dt><\/dl><br style=\"clear: both\" \/><dl class='gallery-item'>\n\t\t\t\t<dt class='gallery-icon landscape'>\n\t\t\t\t\t<a class=\"rollover rollover-zoom dt-pswp-item\" title=\"312196139_1076385579717923_8163190844033927605_n\" data-dt-img-description=\"\" data-large_image_width=\"1258\" data-large_image_height=\"876\"href='https:\/\/www.radiopiu.net\/wordpress\/wp-content\/uploads\/2022\/11\/312196139_1076385579717923_8163190844033927605_n.jpg'><img loading=\"lazy\" decoding=\"async\" width=\"150\" height=\"150\" src=\"https:\/\/www.radiopiu.net\/wordpress\/wp-content\/uploads\/2022\/11\/312196139_1076385579717923_8163190844033927605_n-150x150.jpg\" class=\"attachment-thumbnail size-thumbnail\" alt=\"\" \/><\/a>\n\t\t\t\t<\/dt><\/dl><dl class='gallery-item'>\n\t\t\t\t<dt class='gallery-icon portrait'>\n\t\t\t\t\t<a class=\"rollover rollover-zoom dt-pswp-item\" title=\"314391510_1209540416579082_809158347355397_n\" data-dt-img-description=\"\" data-large_image_width=\"1171\" data-large_image_height=\"1669\"href='https:\/\/www.radiopiu.net\/wordpress\/wp-content\/uploads\/2022\/11\/314391510_1209540416579082_809158347355397_n.jpg'><img loading=\"lazy\" decoding=\"async\" width=\"150\" height=\"150\" src=\"https:\/\/www.radiopiu.net\/wordpress\/wp-content\/uploads\/2022\/11\/314391510_1209540416579082_809158347355397_n-150x150.jpg\" class=\"attachment-thumbnail size-thumbnail\" alt=\"\" \/><\/a>\n\t\t\t\t<\/dt><\/dl><dl class='gallery-item'>\n\t\t\t\t<dt class='gallery-icon landscape'>\n\t\t\t\t\t<a class=\"rollover rollover-zoom dt-pswp-item\" title=\"313918640_1708622859534345_188732089365208584_n\" data-dt-img-description=\"\" data-large_image_width=\"1357\" data-large_image_height=\"955\"href='https:\/\/www.radiopiu.net\/wordpress\/wp-content\/uploads\/2022\/11\/313918640_1708622859534345_188732089365208584_n.jpg'><img loading=\"lazy\" decoding=\"async\" width=\"150\" height=\"150\" src=\"https:\/\/www.radiopiu.net\/wordpress\/wp-content\/uploads\/2022\/11\/313918640_1708622859534345_188732089365208584_n-150x150.jpg\" class=\"attachment-thumbnail size-thumbnail\" alt=\"\" \/><\/a>\n\t\t\t\t<\/dt><\/dl><dl class='gallery-item'>\n\t\t\t\t<dt class='gallery-icon landscape'>\n\t\t\t\t\t<a class=\"rollover rollover-zoom dt-pswp-item\" title=\"314449342_663140561975354_5097739158325942948_n\" data-dt-img-description=\"\" data-large_image_width=\"1856\" data-large_image_height=\"810\"href='https:\/\/www.radiopiu.net\/wordpress\/wp-content\/uploads\/2022\/11\/314449342_663140561975354_5097739158325942948_n.jpg'><img loading=\"lazy\" decoding=\"async\" width=\"150\" height=\"150\" src=\"https:\/\/www.radiopiu.net\/wordpress\/wp-content\/uploads\/2022\/11\/314449342_663140561975354_5097739158325942948_n-150x150.jpg\" class=\"attachment-thumbnail size-thumbnail\" alt=\"\" \/><\/a>\n\t\t\t\t<\/dt><\/dl><dl class='gallery-item'>\n\t\t\t\t<dt class='gallery-icon landscape'>\n\t\t\t\t\t<a class=\"rollover rollover-zoom dt-pswp-item\" title=\"315118818_523446149405007_4418280109193059615_n\" data-dt-img-description=\"\" data-large_image_width=\"1736\" data-large_image_height=\"877\"href='https:\/\/www.radiopiu.net\/wordpress\/wp-content\/uploads\/2022\/11\/315118818_523446149405007_4418280109193059615_n.jpg'><img loading=\"lazy\" decoding=\"async\" width=\"150\" height=\"150\" src=\"https:\/\/www.radiopiu.net\/wordpress\/wp-content\/uploads\/2022\/11\/315118818_523446149405007_4418280109193059615_n-150x150.jpg\" class=\"attachment-thumbnail size-thumbnail\" alt=\"\" \/><\/a>\n\t\t\t\t<\/dt><\/dl><dl class='gallery-item'>\n\t\t\t\t<dt class='gallery-icon landscape'>\n\t\t\t\t\t<a class=\"rollover rollover-zoom dt-pswp-item\" title=\"312443135_431293492535860_8136179543238633752_n\" data-dt-img-description=\"\" data-large_image_width=\"1391\" data-large_image_height=\"922\"href='https:\/\/www.radiopiu.net\/wordpress\/wp-content\/uploads\/2022\/11\/312443135_431293492535860_8136179543238633752_n.jpg'><img loading=\"lazy\" decoding=\"async\" width=\"150\" height=\"150\" src=\"https:\/\/www.radiopiu.net\/wordpress\/wp-content\/uploads\/2022\/11\/312443135_431293492535860_8136179543238633752_n-150x150.jpg\" class=\"attachment-thumbnail size-thumbnail\" alt=\"\" \/><\/a>\n\t\t\t\t<\/dt><\/dl><br style=\"clear: both\" \/>\n\t\t\t<\/div>\n\n<p>&nbsp;<\/p>\n<p>NELLE FOTO (riproduzioni dal primo volume \u201cUna ruota che gira da un quarto di secolo\u201d): incontro di \u201cCheco\u201d De Luca e vari artisti nel centro Papa Luciani di Col Cumano; l\u2019incisione di Renata Carraro; il patriarca di Venezia Marco C\u00e8 visita la mostra dedicata a Luciani nella sala De Luca, a10 anni dalla scomparsa del pontefice bellunese; altri momenti della rassegna; visitatore illustre il cardinale africano Bernardin Gantin; presentazione del libro del poeta vernacolo bellunese Francesco Prest; si ammirano i quadri di Laura Ballis; incontro con i campioni dello sci; il coro della Brigata alpina Cadore; il prof. Mario Morales presenta la personale della pittrice Cristina Ricci Comel.<\/p>\n<p>&nbsp;<\/p>\n<p>&nbsp;<\/p>\n<hr \/>\n<p>&nbsp;<\/p>\n<div>\n<div class=\"b654a4as d2edcug0\">\n<div class=\"rq0escxv hkbzh7o3 jwdofwj8 n8tt0mok r8blr3vg hyh9befq\">\n<p><a class=\"dt-pswp-item\" href=\"https:\/\/www.radiopiu.net\/wordpress\/wp-content\/uploads\/2020\/10\/pp.jpg\" data-dt-img-description=\"\" data-large_image_width=\"640\" data-large_image_height=\"640\"><img loading=\"lazy\" decoding=\"async\" class=\"wp-image-163678 alignleft\" src=\"https:\/\/www.radiopiu.net\/wordpress\/wp-content\/uploads\/2020\/10\/pp-300x300.jpg\" alt=\"\" width=\"106\" height=\"106\" srcset=\"https:\/\/www.radiopiu.net\/wordpress\/wp-content\/uploads\/2020\/10\/pp-300x300.jpg 300w, https:\/\/www.radiopiu.net\/wordpress\/wp-content\/uploads\/2020\/10\/pp-150x150.jpg 150w, https:\/\/www.radiopiu.net\/wordpress\/wp-content\/uploads\/2020\/10\/pp-125x125.jpg 125w, https:\/\/www.radiopiu.net\/wordpress\/wp-content\/uploads\/2020\/10\/pp-200x200.jpg 200w, https:\/\/www.radiopiu.net\/wordpress\/wp-content\/uploads\/2020\/10\/pp-80x80.jpg 80w, https:\/\/www.radiopiu.net\/wordpress\/wp-content\/uploads\/2020\/10\/pp-480x480.jpg 480w, https:\/\/www.radiopiu.net\/wordpress\/wp-content\/uploads\/2020\/10\/pp.jpg 640w\" sizes=\"auto, (max-width: 106px) 100vw, 106px\" \/><\/a><\/p>\n<\/div>\n<\/div>\n<\/div>\n<div>\n<div class=\"page-title-head hgroup\">\n<div class=\"page-title-head hgroup\">\n<div class=\"b654a4as d2edcug0\">\n<div class=\"j83agx80 btwxx1t3 lhclo0ds hop8lmos nkwizq5d scwd0bx6 roh60bw9\">\n<div class=\"rq0escxv hkbzh7o3 jwdofwj8 n8tt0mok r8blr3vg hyh9befq\">\n<div class=\"do00u71z l9j0dhe7 k4urcfbm\">\n<h2><span style=\"color: #000080;\">DON CESARE, IL PENSIERO DEL GIORNO. ALLA RADIO ALLE 7 DEL MATTINO E ALLE 19.30 DELLA SERA<\/span><\/h2>\n<audio class=\"wp-audio-shortcode\" id=\"audio-306476-17\" preload=\"none\" style=\"width: 100%;\" controls=\"controls\"><source type=\"audio\/mpeg\" src=\"https:\/\/www.radiopiu.net\/wordpress\/wp-content\/uploads\/2022\/11\/cesare-3.mp3?_=17\" \/><a href=\"https:\/\/www.radiopiu.net\/wordpress\/wp-content\/uploads\/2022\/11\/cesare-3.mp3\">https:\/\/www.radiopiu.net\/wordpress\/wp-content\/uploads\/2022\/11\/cesare-3.mp3<\/a><\/audio>\n<\/div>\n<\/div>\n<\/div>\n<\/div>\n<\/div>\n<\/div>\n<\/div>\n<p>&nbsp;<\/p>\n<hr \/>\n<p>&nbsp;<\/p>\n<h2><span style=\"color: #339966;\">COLLAGE OPERAZIONE NOSTALGIA<\/span><\/h2>\n<p><strong><a class=\"dt-pswp-item\" href=\"https:\/\/www.radiopiu.net\/wordpress\/wp-content\/uploads\/2022\/11\/Animals.jpg\" data-dt-img-description=\"\" data-large_image_width=\"600\" data-large_image_height=\"600\"><img loading=\"lazy\" decoding=\"async\" class=\"wp-image-306155 alignleft\" src=\"https:\/\/www.radiopiu.net\/wordpress\/wp-content\/uploads\/2022\/11\/Animals-300x300.jpg\" alt=\"\" width=\"115\" height=\"115\" srcset=\"https:\/\/www.radiopiu.net\/wordpress\/wp-content\/uploads\/2022\/11\/Animals-300x300.jpg 300w, https:\/\/www.radiopiu.net\/wordpress\/wp-content\/uploads\/2022\/11\/Animals-150x150.jpg 150w, https:\/\/www.radiopiu.net\/wordpress\/wp-content\/uploads\/2022\/11\/Animals.jpg 600w\" sizes=\"auto, (max-width: 115px) 100vw, 115px\" \/><\/a>di Loris Scussel<\/strong><\/p>\n<p>I complessi italiani degli anni 60 apriranno la settimana di Collage operazione nostalgia, marted\u00ec sar\u00e0 la volta dei gruppi stranieri dello stesso periodo, mercoled\u00ec puntata Juke Box, gioved\u00ec canzoni dalle hit parade degli anni 60 e venerd\u00ec da quelle degli anni 70. Ascolteremo brani come Bang bang, A salty dog, Il re dei pagliacci, Il mondo, In the summertime e cos\u00ec via. Collage va in onda dal luned\u00ec al venerd\u00ec alle 16,00 e alle 23,00 naturalmente su Radio Pi\u00f9.<\/p>\n<p><strong>PUNTATA DEL LUNEDI, 661<\/strong><\/p>\n<audio class=\"wp-audio-shortcode\" id=\"audio-306476-18\" preload=\"none\" style=\"width: 100%;\" controls=\"controls\"><source type=\"audio\/mpeg\" src=\"https:\/\/www.radiopiu.net\/wordpress\/wp-content\/uploads\/2022\/11\/Collage-661.mp3?_=18\" \/><a href=\"https:\/\/www.radiopiu.net\/wordpress\/wp-content\/uploads\/2022\/11\/Collage-661.mp3\">https:\/\/www.radiopiu.net\/wordpress\/wp-content\/uploads\/2022\/11\/Collage-661.mp3<\/a><\/audio>\n<p>&nbsp;<\/p>\n<p><strong>PUNTATA DEL MARTEDI, 662<\/strong><\/p>\n<audio class=\"wp-audio-shortcode\" id=\"audio-306476-19\" preload=\"none\" style=\"width: 100%;\" controls=\"controls\"><source type=\"audio\/mpeg\" src=\"https:\/\/www.radiopiu.net\/wordpress\/wp-content\/uploads\/2022\/11\/Collage-662.mp3?_=19\" \/><a href=\"https:\/\/www.radiopiu.net\/wordpress\/wp-content\/uploads\/2022\/11\/Collage-662.mp3\">https:\/\/www.radiopiu.net\/wordpress\/wp-content\/uploads\/2022\/11\/Collage-662.mp3<\/a><\/audio>\n<p>&nbsp;<\/p>\n<hr \/>\n<div dir=\"auto\"><\/div>\n<div dir=\"auto\">\n<h2><strong><a class=\"dt-pswp-item\" href=\"https:\/\/www.radiopiu.net\/wordpress\/wp-content\/uploads\/2019\/09\/aa80e605-0a95-41ca-9474-93d87e48ffe1.jpg\" data-dt-img-description=\"\" data-large_image_width=\"1600\" data-large_image_height=\"1200\"><img loading=\"lazy\" decoding=\"async\" class=\" wp-image-99657 alignleft\" src=\"https:\/\/www.radiopiu.net\/wordpress\/wp-content\/uploads\/2019\/09\/aa80e605-0a95-41ca-9474-93d87e48ffe1-300x225.jpg\" alt=\"\" width=\"201\" height=\"151\" srcset=\"https:\/\/www.radiopiu.net\/wordpress\/wp-content\/uploads\/2019\/09\/aa80e605-0a95-41ca-9474-93d87e48ffe1-300x225.jpg 300w, https:\/\/www.radiopiu.net\/wordpress\/wp-content\/uploads\/2019\/09\/aa80e605-0a95-41ca-9474-93d87e48ffe1-768x576.jpg 768w, https:\/\/www.radiopiu.net\/wordpress\/wp-content\/uploads\/2019\/09\/aa80e605-0a95-41ca-9474-93d87e48ffe1-1024x768.jpg 1024w, https:\/\/www.radiopiu.net\/wordpress\/wp-content\/uploads\/2019\/09\/aa80e605-0a95-41ca-9474-93d87e48ffe1.jpg 1600w\" sizes=\"auto, (max-width: 201px) 100vw, 201px\" \/><\/a><\/strong><span style=\"color: #808000;\">LA RASSEGNA STAMPA DA L&#8217;AMICO DEL POPOLO<\/span><\/h2>\n<p><strong>APPUNTAMENTO SETTIMANALE A CURA DI GIANNI SANTOMASO<\/strong><\/p>\n<p>OSPITE: Sonia D&#8217;Agostini, presidente Pettirosso Agordino<\/p>\n<audio class=\"wp-audio-shortcode\" id=\"audio-306476-20\" preload=\"none\" style=\"width: 100%;\" controls=\"controls\"><source type=\"audio\/mpeg\" src=\"https:\/\/www.radiopiu.net\/wordpress\/wp-content\/uploads\/2022\/11\/RASSEGNA-GIANNI-2.mp3?_=20\" \/><a href=\"https:\/\/www.radiopiu.net\/wordpress\/wp-content\/uploads\/2022\/11\/RASSEGNA-GIANNI-2.mp3\">https:\/\/www.radiopiu.net\/wordpress\/wp-content\/uploads\/2022\/11\/RASSEGNA-GIANNI-2.mp3<\/a><\/audio>\n<p>&nbsp;<\/p>\n<hr \/>\n<p>&nbsp;<\/p>\n<\/div>\n<div dir=\"auto\">\n<blockquote><p>&nbsp;<\/p>\n<p><strong><span style=\"color: #ff0000;\">IERI ALLA RADIO\u00a0<\/span><\/strong><\/p>\n<blockquote class=\"wp-embedded-content\" data-secret=\"jaj5nlXYSt\"><p><a href=\"https:\/\/www.radiopiu.net\/wordpress\/306256-2\/\">CARO SINDACO, E&#8217; DAVVERO CONVINTA CHE CON LA RIAPERTURA ALLE AUTO  IN CENTRO SI POSSANO RISOLVERE I PROBLEMI DEL COMMERCIO?<\/a><\/p><\/blockquote>\n<p><iframe loading=\"lazy\" class=\"wp-embedded-content\" sandbox=\"allow-scripts\" security=\"restricted\" style=\"position: absolute; clip: rect(1px, 1px, 1px, 1px);\" title=\"&#8220;CARO SINDACO, E&#8217; DAVVERO CONVINTA CHE CON LA RIAPERTURA ALLE AUTO  IN CENTRO SI POSSANO RISOLVERE I PROBLEMI DEL COMMERCIO?&#8221; &#8212; Radio Pi\u00f9\" src=\"https:\/\/www.radiopiu.net\/wordpress\/306256-2\/embed\/#?secret=eVWQ4LOfez#?secret=jaj5nlXYSt\" data-secret=\"jaj5nlXYSt\" width=\"600\" height=\"338\" frameborder=\"0\" marginwidth=\"0\" marginheight=\"0\" scrolling=\"no\"><\/iframe><\/p>\n<p>&nbsp;<\/p>\n<p>&nbsp;<\/p><\/blockquote>\n<\/div>\n<p>&nbsp;<\/p>\n<hr \/>\n<p>&nbsp;<\/p>\n<p><img loading=\"lazy\" decoding=\"async\" class=\"aligncenter wp-image-61954 size-full\" src=\"https:\/\/www.radiopiu.net\/wordpress\/wp-content\/uploads\/2018\/09\/viabilita.jpeg\" sizes=\"auto, (max-width: 800px) 100vw, 800px\" srcset=\"https:\/\/www.radiopiu.net\/wordpress\/wp-content\/uploads\/2018\/09\/viabilita.jpeg 800w, https:\/\/www.radiopiu.net\/wordpress\/wp-content\/uploads\/2018\/09\/viabilita-300x38.jpeg 300w, https:\/\/www.radiopiu.net\/wordpress\/wp-content\/uploads\/2018\/09\/viabilita-768x96.jpeg 768w\" alt=\"\" width=\"800\" height=\"100\" \/><\/p>\n<p>&nbsp;<\/p>\n<p>&nbsp;<\/p>\n<p><strong>AGGIORNAMENTO VENETO STRADE, AGGIORNAMENTO CONTINUO H 24<\/strong><\/p>\n<blockquote class=\"wp-embedded-content\" data-secret=\"qcMXQA9WY5\"><p><a href=\"https:\/\/www.radiopiu.net\/wordpress\/viabilita\/\">viabilita<\/a><\/p><\/blockquote>\n<p><iframe loading=\"lazy\" class=\"wp-embedded-content\" sandbox=\"allow-scripts\" security=\"restricted\" style=\"position: absolute; clip: rect(1px, 1px, 1px, 1px);\" title=\"&#8220;viabilita&#8221; &#8212; Radio Pi\u00f9\" src=\"https:\/\/www.radiopiu.net\/wordpress\/viabilita\/embed\/#?secret=m0wnxWRa8y#?secret=qcMXQA9WY5\" data-secret=\"qcMXQA9WY5\" width=\"600\" height=\"338\" frameborder=\"0\" marginwidth=\"0\" marginheight=\"0\" scrolling=\"no\"><\/iframe><\/p>\n<p>&nbsp;<\/p>\n<p>&nbsp;<\/p>\n<p>&nbsp;<\/p>\n<hr \/>\n<p>&nbsp;<\/p>\n<p><a class=\"dt-pswp-item\" href=\"https:\/\/www.radiopiu.net\/wordpress\/wp-content\/uploads\/2018\/09\/WhatsApp-Image-2018-09-20-at-16.04.06.jpeg\" data-dt-img-description=\"\" data-large_image_width=\"800\" data-large_image_height=\"100\"><img loading=\"lazy\" decoding=\"async\" class=\"wp-image-61378 size-full aligncenter\" src=\"https:\/\/www.radiopiu.net\/wordpress\/wp-content\/uploads\/2018\/09\/WhatsApp-Image-2018-09-20-at-16.04.06.jpeg\" alt=\"\" width=\"800\" height=\"100\" srcset=\"https:\/\/www.radiopiu.net\/wordpress\/wp-content\/uploads\/2018\/09\/WhatsApp-Image-2018-09-20-at-16.04.06.jpeg 800w, https:\/\/www.radiopiu.net\/wordpress\/wp-content\/uploads\/2018\/09\/WhatsApp-Image-2018-09-20-at-16.04.06-300x38.jpeg 300w, https:\/\/www.radiopiu.net\/wordpress\/wp-content\/uploads\/2018\/09\/WhatsApp-Image-2018-09-20-at-16.04.06-768x96.jpeg 768w\" sizes=\"auto, (max-width: 800px) 100vw, 800px\" \/><\/a><\/p>\n<p>&nbsp;<\/p>\n<p><center><b>Mercoledi 16<\/b><\/center><b>Tempo atteso: <\/b>Cielo molto nuvoloso o coperto fin dalle prime ore, con fenomeni modesti o localmente moderati specie al mattino, in attenuazione ed esaurimento nel corso del pomeriggio, con schiarite a partire dalle Prealpi occidentali. Possibili formazioni di nubi basse o di foschie o di banchi di nebbia in molte valli dalla sera.<br \/>\n<b>Precipitazioni: <\/b>Probabilit\u00e0 medio-alta di precipitazioni da sparse a diffuse, specie al mattino, in prevalenza deboli e intermittenti e localmente moderate, con quantitativi in prevalenza modesti. Quota neve oltre i 1600-1900 m. Sono previsti mediamente tra i 3 e i 10 mm di precipitazione, con altrettanti centimetri di neve fresca oltre i 2000-2200 m.<\/p>\n<p>&nbsp;<\/p>\n<hr \/>\n<p><center><b>Giovedi 17<\/b><\/center><b>Tempo atteso: <\/b>Al mattino poco o parzialmente nuvoloso, con tratti anche temporaneamente sereni in alta montagna; possibili nubi basse foschie o qualche banco di nebbia nelle ore pi\u00f9 fredde in molte valli. Gi\u00e0 nel corso della mattinata intensificazione della nuvolosit\u00e0 per il transito di nubi medio-alte fino a cielo nuvoloso o molto nuvoloso.<br \/>\n<b>Precipitazioni: <\/b>Al mattino fino al pomeriggio\/sera assenti. Dopo il tramonto non del tutto esclusa qualche precipitazione specie sulle Prealpi, con eventuali nevicate oltre i 1700-2000 m sulle zone prealpine e oltre i 1400-1700 m sulle Dolomiti.<\/p>\n<hr \/>\n<p><center><b>Venerdi 18<\/b><\/center>Cielo molto nuvoloso o coperto con possibili precipitazioni sparse, di debole o localmente di moderata intensit\u00e0 con quantitativi ancora piuttosto modesti; quota delle nevicate intorno ai 1400-1700 m. Temperature in lieve o contenuto aumento nelle valli, in contenuto calo in alta montagna. Venti in quota deboli o moderati in prevalenza dai quadranti settentrionali.<\/p>\n<hr \/>\n<p><center><b>Sabato 19<\/b><\/center>Cielo nuvoloso o molto nuvoloso specie sulle zone prealpine, dove saranno ancora probabili delle precipitazioni di modesta entit\u00e0 eventualmente nevose intorno ai 1100-1400 m, mentre sulle Dolomiti la probabilit\u00e0 sar\u00e0 pi\u00f9 bassa e i tratti soleggiati pi\u00f9 frequenti. Temperature in diminuzione specie le massime e inferiori alla norma di qualche grado. Venti in quota moderati dai quadranti orientali.<\/p>\n<p>&nbsp;<\/p>\n<hr \/>\n<p>&nbsp;<\/p>\n<p><a class=\"dt-pswp-item\" href=\"https:\/\/www.radiopiu.net\/wordpress\/wp-content\/uploads\/2018\/09\/sport.jpg\" data-dt-img-description=\"\" data-large_image_width=\"800\" data-large_image_height=\"100\"><img loading=\"lazy\" decoding=\"async\" class=\"aligncenter wp-image-60761 size-full\" src=\"https:\/\/www.radiopiu.net\/wordpress\/wp-content\/uploads\/2018\/09\/sport.jpg\" alt=\"\" width=\"800\" height=\"100\" srcset=\"https:\/\/www.radiopiu.net\/wordpress\/wp-content\/uploads\/2018\/09\/sport.jpg 800w, https:\/\/www.radiopiu.net\/wordpress\/wp-content\/uploads\/2018\/09\/sport-300x38.jpg 300w, https:\/\/www.radiopiu.net\/wordpress\/wp-content\/uploads\/2018\/09\/sport-768x96.jpg 768w\" sizes=\"auto, (max-width: 800px) 100vw, 800px\" \/><\/a><\/p>\n<p>&nbsp;<\/p>\n<p><span style=\"color: #0000ff;\"><strong>CALCIO<\/strong><\/span><\/p>\n<blockquote>\n<h3>IL PUNTO SUL SETTORE GIOVANILE DELL&#8217;AGORDINA<\/h3>\n<\/blockquote>\n<p><strong><a class=\"dt-pswp-item\" href=\"https:\/\/www.radiopiu.net\/wordpress\/wp-content\/uploads\/2019\/09\/AGORDINA-CALCIO.jpeg\" data-dt-img-description=\"\" data-large_image_width=\"225\" data-large_image_height=\"225\"><img loading=\"lazy\" decoding=\"async\" class=\" wp-image-97575 alignleft\" src=\"https:\/\/www.radiopiu.net\/wordpress\/wp-content\/uploads\/2019\/09\/AGORDINA-CALCIO.jpeg\" alt=\"\" width=\"127\" height=\"127\" srcset=\"https:\/\/www.radiopiu.net\/wordpress\/wp-content\/uploads\/2019\/09\/AGORDINA-CALCIO.jpeg 225w, https:\/\/www.radiopiu.net\/wordpress\/wp-content\/uploads\/2019\/09\/AGORDINA-CALCIO-150x150.jpeg 150w\" sizes=\"auto, (max-width: 127px) 100vw, 127px\" \/><\/a>REDAZIONE<\/strong> Non solo la prima squadra dell&#8217;Agordina impegnata nei fine settimana ma anche le formazioni del settore giovanile. Dopo le prime giornate di campionato facciamo un punto sull&#8217;andamento dei giovani agordini impegnati nei vari campionati FIGC. I Giovanissimi provinciali allenati da De Bastiani hanno giocato le prime sei partite della stagione. Quattro vittorie e due sconfitte per la squadra pi\u00f9 giovane dell&#8217;Agordina. Un inizio con alti e bassi ma la formazione di Agordo sembra aver ingranato la marcia giusta nelle ultime uscite e ora \u00e8 in terza posizione del torneo provinciale. Non vanno bene le cose per gli Allievi Regionali di Renato Orzetti. Un pareggio e nove sconfitte nelle prime dieci partite giocate dalla compagine agordina. Un inizio di stagione da dimenticare con la speranza che gli Allievi rialzino la testa al pi\u00f9 presto per lasciare l&#8217;ultima posizione in classifica. Infine la Juniores provinciale allenata da De Zaiacomo. I ragazzi di Agordo si stanno ben comportando nel torneo della provincia chiudendo il girone di andata alla seconda posizione, dietro al Limana-Cavarzano una vera e propria corrazzata del campionato che non ha sbagliato un colpo. Seconda posizione in classifica per l&#8217;Agordina che dalla prossima domenica si appresta ad iniziare il girone di ritorno.<\/p>\n<p>&nbsp;<\/p>\n<p>&nbsp;<\/p>\n<hr \/>\n<p>&nbsp;<\/p>\n<p><span style=\"color: #0000ff;\"><strong>PALLAVOLO<\/strong><\/span><\/p>\n<blockquote>\n<h3>STASERA IL VOLLEY CLUB AGORDINO A SPRESIANO PER LA SEMIFINALE DI COPPA<\/h3>\n<\/blockquote>\n<p><strong><a class=\"dt-pswp-item\" href=\"https:\/\/www.radiopiu.net\/wordpress\/wp-content\/uploads\/2022\/04\/VOLLEY-CLUB-AGORDINO.jpg\" data-dt-img-description=\"\" data-large_image_width=\"500\" data-large_image_height=\"512\"><img loading=\"lazy\" decoding=\"async\" class=\" wp-image-268787 alignleft\" src=\"https:\/\/www.radiopiu.net\/wordpress\/wp-content\/uploads\/2022\/04\/VOLLEY-CLUB-AGORDINO-293x300.jpg\" alt=\"\" width=\"104\" height=\"106\" srcset=\"https:\/\/www.radiopiu.net\/wordpress\/wp-content\/uploads\/2022\/04\/VOLLEY-CLUB-AGORDINO-293x300.jpg 293w, https:\/\/www.radiopiu.net\/wordpress\/wp-content\/uploads\/2022\/04\/VOLLEY-CLUB-AGORDINO.jpg 500w\" sizes=\"auto, (max-width: 104px) 100vw, 104px\" \/><\/a>REDAZIONE<\/strong> Si gioca questa sera alle 21 alla palestra delle scuole elementari di Spresiano la partita valida per la semifinale di Coppa di Prima divisione di Volley. Il Volley Club Agordino sar\u00e0 protagonista della partita contro la squadra trevigiana. Un match che vale una stagione visto che le ragazze di Agordo stanno passando uno splendido momento di forma. Una sfida da dentro o fuori, partita secca contro una compagine che sta facendo bene. La squadra di De Nardin esce da due vittorie consecutive in campionato e dalla bella prestazione di domenica nei quarti di finale al PalaRova dove si \u00e8 imposta 3 a 1 con l&#8217;SP System.<\/p>\n<p>&nbsp;<\/p>\n<p>&nbsp;<\/p>\n","protected":false},"excerpt":{"rendered":"<p>RADIO PIU INFORMAZIONE il canale su TELEGRAM informazione di prima\u00a0 mano e in tempo reale. iscriviti ed aiutaci a farlo conoscere\u00a0 \u00a0\u00a0 &nbsp; &nbsp; INTERRUZIONE SERVIZIO IDRICO PROGRAMMATA. AGORDO-FALCADE \u00a0Gestione Servizi Pubblici informa che, per lavori alla rete idrica comunale,\u00a0 oggi dalle 8:30 fino a fine lavori\u00a0 verr\u00e0 sospesa l\u2019erogazione dell\u2019acqua ad Agordo\u00a0 \u00a0in via&hellip;<\/p>\n","protected":false},"author":4,"featured_media":306559,"comment_status":"closed","ping_status":"closed","sticky":false,"template":"","format":"standard","meta":{"_monsterinsights_skip_tracking":false,"_monsterinsights_sitenote_active":false,"_monsterinsights_sitenote_note":"","_monsterinsights_sitenote_category":0,"footnotes":""},"categories":[86,49],"tags":[],"class_list":["post-306476","post","type-post","status-publish","format-standard","has-post-thumbnail","hentry","category-gr","category-news-18","category-86","category-49","description-off"],"img_url":"https:\/\/www.radiopiu.net\/wordpress\/wp-content\/uploads\/2022\/11\/Senza-nome-62.jpg","_links":{"self":[{"href":"https:\/\/www.radiopiu.net\/wordpress\/wp-json\/wp\/v2\/posts\/306476","targetHints":{"allow":["GET"]}}],"collection":[{"href":"https:\/\/www.radiopiu.net\/wordpress\/wp-json\/wp\/v2\/posts"}],"about":[{"href":"https:\/\/www.radiopiu.net\/wordpress\/wp-json\/wp\/v2\/types\/post"}],"author":[{"embeddable":true,"href":"https:\/\/www.radiopiu.net\/wordpress\/wp-json\/wp\/v2\/users\/4"}],"replies":[{"embeddable":true,"href":"https:\/\/www.radiopiu.net\/wordpress\/wp-json\/wp\/v2\/comments?post=306476"}],"version-history":[{"count":0,"href":"https:\/\/www.radiopiu.net\/wordpress\/wp-json\/wp\/v2\/posts\/306476\/revisions"}],"wp:featuredmedia":[{"embeddable":true,"href":"https:\/\/www.radiopiu.net\/wordpress\/wp-json\/wp\/v2\/media\/306559"}],"wp:attachment":[{"href":"https:\/\/www.radiopiu.net\/wordpress\/wp-json\/wp\/v2\/media?parent=306476"}],"wp:term":[{"taxonomy":"category","embeddable":true,"href":"https:\/\/www.radiopiu.net\/wordpress\/wp-json\/wp\/v2\/categories?post=306476"},{"taxonomy":"post_tag","embeddable":true,"href":"https:\/\/www.radiopiu.net\/wordpress\/wp-json\/wp\/v2\/tags?post=306476"}],"curies":[{"name":"wp","href":"https:\/\/api.w.org\/{rel}","templated":true}]}}