{"id":306547,"date":"2022-11-15T20:56:29","date_gmt":"2022-11-15T19:56:29","guid":{"rendered":"https:\/\/www.radiopiu.net\/wordpress\/?p=306547"},"modified":"2022-11-15T21:02:24","modified_gmt":"2022-11-15T20:02:24","slug":"inaugurato-il-progetto-cittadinanza","status":"publish","type":"post","link":"https:\/\/www.radiopiu.net\/wordpress\/inaugurato-il-progetto-cittadinanza\/","title":{"rendered":"INAUGURATO\u00a0 IL PROGETTO CITTADINANZA"},"content":{"rendered":"<blockquote>\n<h3><\/h3>\n<\/blockquote>\n<p><em><strong>Accolti\u00a0 a Palazzo Rosso otto nuovi cittadini italiani<\/strong><\/em><\/p>\n<p><strong>BELLUNO<\/strong> \u00a0Con una cerimonia a Palazzo Rosso, \u00e8 stato inaugurato il progetto dell\u2019amministrazione De Pellegrin per valorizzare con un momento solenne e partecipato l\u2019acquisizione della cittadinanza italiana. Prima, i conferimenti avvenivano negli uffici di Stato civile. La cerimonia si \u00e8 svolta nella sala consiliare, protagonisti otto cittadini di origine albanese, ucraina, marocchina, moldava, kosovara, indiana e rumena: cinque donne e tre uomini di et\u00e0 compresa tra 49 e 24 anni. Una seconda cerimonia \u00e8 gi\u00e0 stata fissata per dicembre, con altri otto partecipanti. L\u2019acquisizione della cittadinanza italiana \u00e8 frutto di una scelta volontaria e rappresenta, per questi cittadini, il termine di un percorso che li ha allontanati, per motivi diversi, dal Paese d\u2019origine.<\/p>\n<p><strong>IL SINDACO OSCAR DE PELLEGRIN<\/strong><\/p>\n<div style=\"width: 1200px;\" class=\"wp-video\"><video class=\"wp-video-shortcode\" id=\"video-306547-1\" width=\"1200\" height=\"675\" preload=\"metadata\" controls=\"controls\"><source type=\"video\/mp4\" src=\"https:\/\/www.radiopiu.net\/wordpress\/wp-content\/uploads\/2022\/11\/IMG_6570.mp4?_=1\" \/><a href=\"https:\/\/www.radiopiu.net\/wordpress\/wp-content\/uploads\/2022\/11\/IMG_6570.mp4\">https:\/\/www.radiopiu.net\/wordpress\/wp-content\/uploads\/2022\/11\/IMG_6570.mp4<\/a><\/video><\/div>\n<p>&nbsp;<\/p>\n<p>&nbsp;<\/p>\n<hr \/>\n<p>&nbsp;<\/p>\n","protected":false},"excerpt":{"rendered":"<p>Accolti\u00a0 a Palazzo Rosso otto nuovi cittadini italiani BELLUNO \u00a0Con una cerimonia a Palazzo Rosso, \u00e8 stato inaugurato il progetto dell\u2019amministrazione De Pellegrin per valorizzare con un momento solenne e partecipato l\u2019acquisizione della cittadinanza italiana. Prima, i conferimenti avvenivano negli uffici di Stato civile. La cerimonia si \u00e8 svolta nella sala consiliare, protagonisti otto cittadini&hellip;<\/p>\n","protected":false},"author":4,"featured_media":306546,"comment_status":"closed","ping_status":"closed","sticky":false,"template":"","format":"standard","meta":{"_monsterinsights_skip_tracking":false,"_monsterinsights_sitenote_active":false,"_monsterinsights_sitenote_note":"","_monsterinsights_sitenote_category":0,"footnotes":""},"categories":[51,49],"tags":[],"class_list":["post-306547","post","type-post","status-publish","format-standard","has-post-thumbnail","hentry","category-evidenza-top","category-news-18","category-51","category-49","description-off"],"img_url":"https:\/\/www.radiopiu.net\/wordpress\/wp-content\/uploads\/2022\/11\/Senza-nome-61.jpg","_links":{"self":[{"href":"https:\/\/www.radiopiu.net\/wordpress\/wp-json\/wp\/v2\/posts\/306547","targetHints":{"allow":["GET"]}}],"collection":[{"href":"https:\/\/www.radiopiu.net\/wordpress\/wp-json\/wp\/v2\/posts"}],"about":[{"href":"https:\/\/www.radiopiu.net\/wordpress\/wp-json\/wp\/v2\/types\/post"}],"author":[{"embeddable":true,"href":"https:\/\/www.radiopiu.net\/wordpress\/wp-json\/wp\/v2\/users\/4"}],"replies":[{"embeddable":true,"href":"https:\/\/www.radiopiu.net\/wordpress\/wp-json\/wp\/v2\/comments?post=306547"}],"version-history":[{"count":0,"href":"https:\/\/www.radiopiu.net\/wordpress\/wp-json\/wp\/v2\/posts\/306547\/revisions"}],"wp:featuredmedia":[{"embeddable":true,"href":"https:\/\/www.radiopiu.net\/wordpress\/wp-json\/wp\/v2\/media\/306546"}],"wp:attachment":[{"href":"https:\/\/www.radiopiu.net\/wordpress\/wp-json\/wp\/v2\/media?parent=306547"}],"wp:term":[{"taxonomy":"category","embeddable":true,"href":"https:\/\/www.radiopiu.net\/wordpress\/wp-json\/wp\/v2\/categories?post=306547"},{"taxonomy":"post_tag","embeddable":true,"href":"https:\/\/www.radiopiu.net\/wordpress\/wp-json\/wp\/v2\/tags?post=306547"}],"curies":[{"name":"wp","href":"https:\/\/api.w.org\/{rel}","templated":true}]}}