{"id":306594,"date":"2022-11-16T05:11:31","date_gmt":"2022-11-16T04:11:31","guid":{"rendered":"https:\/\/www.radiopiu.net\/wordpress\/?p=306594"},"modified":"2022-11-16T05:11:25","modified_gmt":"2022-11-16T04:11:25","slug":"furto-in-casa-del-vecchio-in-centro-ad-agordo","status":"publish","type":"post","link":"https:\/\/www.radiopiu.net\/wordpress\/furto-in-casa-del-vecchio-in-centro-ad-agordo\/","title":{"rendered":"FURTO IN CASA DEL VECCHIO IN CENTRO AD AGORDO"},"content":{"rendered":"<p><strong><a class=\"dt-pswp-item\" href=\"https:\/\/www.radiopiu.net\/wordpress\/wp-content\/uploads\/2022\/11\/1dda1c47-e09c-4eb1-8939-99cdc7a09401.jpg\" data-dt-img-description=\"\" data-large_image_width=\"1920\" data-large_image_height=\"1080\"><img loading=\"lazy\" decoding=\"async\" class=\"size-medium wp-image-306626 alignleft\" src=\"https:\/\/www.radiopiu.net\/wordpress\/wp-content\/uploads\/2022\/11\/1dda1c47-e09c-4eb1-8939-99cdc7a09401-300x169.jpg\" alt=\"\" width=\"300\" height=\"169\" srcset=\"https:\/\/www.radiopiu.net\/wordpress\/wp-content\/uploads\/2022\/11\/1dda1c47-e09c-4eb1-8939-99cdc7a09401-300x169.jpg 300w, https:\/\/www.radiopiu.net\/wordpress\/wp-content\/uploads\/2022\/11\/1dda1c47-e09c-4eb1-8939-99cdc7a09401-1024x576.jpg 1024w, https:\/\/www.radiopiu.net\/wordpress\/wp-content\/uploads\/2022\/11\/1dda1c47-e09c-4eb1-8939-99cdc7a09401-768x432.jpg 768w, https:\/\/www.radiopiu.net\/wordpress\/wp-content\/uploads\/2022\/11\/1dda1c47-e09c-4eb1-8939-99cdc7a09401-1536x864.jpg 1536w, https:\/\/www.radiopiu.net\/wordpress\/wp-content\/uploads\/2022\/11\/1dda1c47-e09c-4eb1-8939-99cdc7a09401.jpg 1920w\" sizes=\"auto, (max-width: 300px) 100vw, 300px\" \/><\/a>AGORDO <\/strong>Furto in casa Del Vecchio, tanti i danni nell&#8217;appartamento messo a soqquadro, per ora ignoto il bottino del raid ladresco favorito dall&#8217;oscurit\u00e0. La situazione si fa preoccupante, forse \u00e8 la stessa persona, forse il branco che ha deciso di bivaccare nel capoluogo di vallata. L&#8217;asticella dell&#8217;attenzione comunque s&#8217;alza con l&#8217;invito a tenere gli occhi aperti e il dito sul telefono per digitare il numero della pi\u00f9 vicina stazione dei Carabinieri. Prima il blitz nei locali del Tennis Club di via Rova,\u00a0 messi sotto sopra (non \u00e8 stato trovato nulla da rubare), poi il tentativo di effrazione a Villa Fiore del dottor Galvano Dotta,\u00a0 dove lo sbandato &#8211; le telecamere confermano che ha agito in solitaria &#8211;\u00a0 non \u00e8 riuscito ad entrare nonostante abbia provato a forzare sette porte blindate, ma ha lasciato segni ovunque e, soprattutto, fotogrammi importanti sulla video sorveglianza. Ora la notizia di un nuovo episodio criminoso con lo stesso identico modus operandi di Villa Fiore,\u00a0 risale a una settimana fa, o almeno i proprietari (o i custodi della villa),\u00a0 si sono accorti del passaggio dei malviventi lo scorso 7 novembre. E&#8217; stata presa di mira l&#8217;abitazione della famiglia Del Vecchio dove per alcuni anni ha vissuto la figlia Paola oggi residente a Santo Domingo. Una volta all&#8217;interno l&#8217;appartamento \u00e8 stato messo sotto sopra, i danni e il malessere creato lo si pu\u00f2 facilmente immaginare. Cosa sia sparito dall&#8217;abitazione non \u00e8 noto, dovranno prima rientrare i proprietari e capire l&#8217;entit\u00e0 del furto. Indagano i Carabinieri della stazione di Agordo con i colleghi della scientifica del Comando di Belluno, da qualche giorno ad Agordo proprio in seguito alla catena di eventi criminosi. La casa Del Vecchio \u00e8 in prossimit\u00e0 del palazzetto di Luxottica, donato dal Cavaliere all&#8217;Unione Montana Agordina (allora Comunit\u00e0 Monana) e da tempo chiuso perch\u00e9 mancano i soldi per ristrutturarlo, sopra la piana dei Mogn dove ha\u00a0 invece sede il Pala Luxottica. La casa \u00e8\u00a0 accessibile dalla strada\u00a0 che porta all&#8217;eliporto in una zona decentrata e isolata.<\/p>\n<p>&nbsp;<\/p>\n<p>&nbsp;<\/p>\n<hr \/>\n<p>&nbsp;<\/p>\n<p>&nbsp;<\/p>\n","protected":false},"excerpt":{"rendered":"<p>AGORDO Furto in casa Del Vecchio, tanti i danni nell&#8217;appartamento messo a soqquadro, per ora ignoto il bottino del raid ladresco favorito dall&#8217;oscurit\u00e0. La situazione si fa preoccupante, forse \u00e8 la stessa persona, forse il branco che ha deciso di bivaccare nel capoluogo di vallata. L&#8217;asticella dell&#8217;attenzione comunque s&#8217;alza con l&#8217;invito a tenere gli occhi&hellip;<\/p>\n","protected":false},"author":4,"featured_media":306626,"comment_status":"closed","ping_status":"closed","sticky":false,"template":"","format":"standard","meta":{"_monsterinsights_skip_tracking":false,"_monsterinsights_sitenote_active":false,"_monsterinsights_sitenote_note":"","_monsterinsights_sitenote_category":0,"footnotes":""},"categories":[51,49],"tags":[],"class_list":["post-306594","post","type-post","status-publish","format-standard","has-post-thumbnail","hentry","category-evidenza-top","category-news-18","category-51","category-49","description-off"],"img_url":"https:\/\/www.radiopiu.net\/wordpress\/wp-content\/uploads\/2022\/11\/1dda1c47-e09c-4eb1-8939-99cdc7a09401.jpg","_links":{"self":[{"href":"https:\/\/www.radiopiu.net\/wordpress\/wp-json\/wp\/v2\/posts\/306594","targetHints":{"allow":["GET"]}}],"collection":[{"href":"https:\/\/www.radiopiu.net\/wordpress\/wp-json\/wp\/v2\/posts"}],"about":[{"href":"https:\/\/www.radiopiu.net\/wordpress\/wp-json\/wp\/v2\/types\/post"}],"author":[{"embeddable":true,"href":"https:\/\/www.radiopiu.net\/wordpress\/wp-json\/wp\/v2\/users\/4"}],"replies":[{"embeddable":true,"href":"https:\/\/www.radiopiu.net\/wordpress\/wp-json\/wp\/v2\/comments?post=306594"}],"version-history":[{"count":0,"href":"https:\/\/www.radiopiu.net\/wordpress\/wp-json\/wp\/v2\/posts\/306594\/revisions"}],"wp:featuredmedia":[{"embeddable":true,"href":"https:\/\/www.radiopiu.net\/wordpress\/wp-json\/wp\/v2\/media\/306626"}],"wp:attachment":[{"href":"https:\/\/www.radiopiu.net\/wordpress\/wp-json\/wp\/v2\/media?parent=306594"}],"wp:term":[{"taxonomy":"category","embeddable":true,"href":"https:\/\/www.radiopiu.net\/wordpress\/wp-json\/wp\/v2\/categories?post=306594"},{"taxonomy":"post_tag","embeddable":true,"href":"https:\/\/www.radiopiu.net\/wordpress\/wp-json\/wp\/v2\/tags?post=306594"}],"curies":[{"name":"wp","href":"https:\/\/api.w.org\/{rel}","templated":true}]}}