{"id":306649,"date":"2022-11-19T05:28:25","date_gmt":"2022-11-19T04:28:25","guid":{"rendered":"https:\/\/www.radiopiu.net\/wordpress\/?p=306649"},"modified":"2022-11-19T09:11:23","modified_gmt":"2022-11-19T08:11:23","slug":"venerdi-linaugurazione-del-centro-di-conservazione-della-biodiversita-coltivataoookkk","status":"publish","type":"post","link":"https:\/\/www.radiopiu.net\/wordpress\/venerdi-linaugurazione-del-centro-di-conservazione-della-biodiversita-coltivataoookkk\/","title":{"rendered":"L&#8217;INAUGURAZIONE DEL CENTRO DI CONSERVAZIONE DELLA BIODIVERSITA&#8217; COLTIVATA"},"content":{"rendered":"<p><strong>SAN TOMASO<\/strong> Tutto \u00e8 pronto per il taglio del nastro al \u00a0Centro di conservazione della biodiversit\u00e0 coltivata e di promozione del turismo rurale nell\u2019ambito del progetto di cooperazione transnazionale \u201cL\u2019orto ritrovato\u201d. Il Centro, denominato \u201cOrti rupestri\u201d, ha l\u2019obiettivo di conservare, a fini divulgativi e culturali, le sementi delle specie autoctone per promuovere presso le popolazioni e i turisti delle aree geografiche interessate la conoscenza dei vegetali antichi e recuperarne le coltivazioni. La cerimonia si svolger\u00e0\u00a0 venerdi alle\u00a0 11\u00a0 nella parte di edificio che ospitava la scuola primaria, ubicato nella frazione di Celat.<\/p>\n<p>&nbsp;<\/p>\n<p>DIRETTA RADIO PIU<\/p>\n<p><span style=\"color: #000000;\"><span style=\"font-family: Calibri, sans-serif;\"><span style=\"font-size: small;\"><span style=\"font-family: Times New Roman, serif;\"><span style=\"font-size: medium;\">Ieri inaugurato <\/span><\/span><span style=\"font-family: Times New Roman, serif;\">il \u201cCentro per la raccolta, conservazione e riproduzione dei semi delle antiche variet\u00e0 locali\u201d. Nella sale della ex scuola elementare di Celat di San Tomaso, girovagando tra le aule, si possono osservare le varie testimonianze di colture e le varie documentazioni sui \u201ccustodi\u201d delle sapienze antiche, in specifico quelle relative all\u2019orzo. All\u2019esterno dell\u2019edificio una opera artistica preannuncia la sede di raccolta e l\u2019autore \u00e8 il \u201cdipintore di muri\u201d falcadino Dunio Piccolin; a coordinare il progetto, a nome dell\u2019Amministrazione Comunale di San Tomaso guidata da Moreno De Val, \u00e8 il vice sindaco Maria Jose\u2019 Gaiardo. \u201cDetto e fatto\u201d e in breve spazio temporale dal 28 settembre all\u201911 novembre 2022 l\u2019opera a graffito \u00e8 iniziata ed inaugurata: ad accogliere i visitatori \u00e8 uno spazio di 7 metri quadrati con alcune sequenze di persone affaccendate nella lavorazione dell\u2019orzo e sullo sfondo la chiesa parrocchiale locale e il monte Civetta. La tecnica, illustrata brevemente dall\u2019autore, \u00e8 quella del graffito, o \u201csgraffito\u201d, che consiste nell\u2019applicare sulla parete due o tre strati di intonaco colorato per poi \u201cgraffiare\u201d, togliere la parte desiderata, con degli appositi attrezzi, per comporre il disegno finale. <\/span><\/span><\/span><\/span><span style=\"font-family: 'Times New Roman', serif; font-size: small; color: #000000;\">Una mattinata, quella di venerd\u00ec, proseguita con il conviviale benvenuto al nuovo sito museale annunciato dal sindaco Moreno De Val, dall\u2019Assessore della Regione Veneto Federio Caner, dal Consigliere Regionale Silvia Cestaro e dal sindaco di Cencenighe Agordino e Presidente del GAL Mauro Soppelsa. Relatore dell\u2019incontro \u00e8 Orazio Andrich che assieme al figlio Cesare \u00e8 uno degli ideatori del Centro. Un brindisi conviviale si \u00e8 poi svolto alla Vertik Arena organizzato dalla nuova gestione ad opera di tre giovani ai quali va un grande \u201cin bocca al lupo\u201d.<\/span><\/p>\n<p>https:\/\/www.facebook.com\/marco.baghy.1\/videos\/2126222004228820\/?<\/p>\n<p>&nbsp;<\/p>\n<p>&nbsp;<\/p>\n<p>&nbsp;<\/p>\n<p>&nbsp;<\/p>\n<hr \/>\n<p>&nbsp;<\/p>\n","protected":false},"excerpt":{"rendered":"<p>SAN TOMASO Tutto \u00e8 pronto per il taglio del nastro al \u00a0Centro di conservazione della biodiversit\u00e0 coltivata e di promozione del turismo rurale nell\u2019ambito del progetto di cooperazione transnazionale \u201cL\u2019orto ritrovato\u201d. Il Centro, denominato \u201cOrti rupestri\u201d, ha l\u2019obiettivo di conservare, a fini divulgativi e culturali, le sementi delle specie autoctone per promuovere presso le popolazioni&hellip;<\/p>\n","protected":false},"author":4,"featured_media":224233,"comment_status":"closed","ping_status":"closed","sticky":false,"template":"","format":"standard","meta":{"_monsterinsights_skip_tracking":false,"_monsterinsights_sitenote_active":false,"_monsterinsights_sitenote_note":"","_monsterinsights_sitenote_category":0,"footnotes":""},"categories":[104,49],"tags":[],"class_list":["post-306649","post","type-post","status-publish","format-standard","has-post-thumbnail","hentry","category-evidenza_3","category-news-18","category-104","category-49","description-off"],"img_url":"https:\/\/www.radiopiu.net\/wordpress\/wp-content\/uploads\/2021\/07\/SAN-TOMASO-AGORDINO.png","_links":{"self":[{"href":"https:\/\/www.radiopiu.net\/wordpress\/wp-json\/wp\/v2\/posts\/306649","targetHints":{"allow":["GET"]}}],"collection":[{"href":"https:\/\/www.radiopiu.net\/wordpress\/wp-json\/wp\/v2\/posts"}],"about":[{"href":"https:\/\/www.radiopiu.net\/wordpress\/wp-json\/wp\/v2\/types\/post"}],"author":[{"embeddable":true,"href":"https:\/\/www.radiopiu.net\/wordpress\/wp-json\/wp\/v2\/users\/4"}],"replies":[{"embeddable":true,"href":"https:\/\/www.radiopiu.net\/wordpress\/wp-json\/wp\/v2\/comments?post=306649"}],"version-history":[{"count":0,"href":"https:\/\/www.radiopiu.net\/wordpress\/wp-json\/wp\/v2\/posts\/306649\/revisions"}],"wp:featuredmedia":[{"embeddable":true,"href":"https:\/\/www.radiopiu.net\/wordpress\/wp-json\/wp\/v2\/media\/224233"}],"wp:attachment":[{"href":"https:\/\/www.radiopiu.net\/wordpress\/wp-json\/wp\/v2\/media?parent=306649"}],"wp:term":[{"taxonomy":"category","embeddable":true,"href":"https:\/\/www.radiopiu.net\/wordpress\/wp-json\/wp\/v2\/categories?post=306649"},{"taxonomy":"post_tag","embeddable":true,"href":"https:\/\/www.radiopiu.net\/wordpress\/wp-json\/wp\/v2\/tags?post=306649"}],"curies":[{"name":"wp","href":"https:\/\/api.w.org\/{rel}","templated":true}]}}