{"id":306660,"date":"2022-11-15T20:26:17","date_gmt":"2022-11-15T19:26:17","guid":{"rendered":"https:\/\/www.radiopiu.net\/wordpress\/?p=306660"},"modified":"2022-11-15T20:59:45","modified_gmt":"2022-11-15T19:59:45","slug":"306660-2aa","status":"publish","type":"post","link":"https:\/\/www.radiopiu.net\/wordpress\/306660-2aa\/","title":{"rendered":"&#8220;I LIBRI PARLANO&#8221; A ROMA L&#8217;INTERVENTO DELLA PRESIDENTE DEL CILP LUISA ALCHINI"},"content":{"rendered":"<blockquote><p>Oggi <em>presso l&#8217;Aula Lucchesi dell&#8217;Edificio di Geologia e mineralogia \u00e8 stato presentato il progetto di terza missione &#8220;I libri Sapienza parlano&#8221;, curato dal Sistema bibliotecario Sapienza. L&#8217;obiettivo \u00e8 quello di fornire alle persone con disabilit\u00e0 visive o Dsa (tra le quali ipovedenti, non vedenti, dislessici) la possibilit\u00e0 di consultare la stessa variet\u00e0 di testi di cui possono usufruire le altre persone e di farlo proprio a partire dalle biblioteche Sapienza<\/em><\/p><\/blockquote>\n<p><strong><a class=\"dt-pswp-item\" href=\"https:\/\/www.radiopiu.net\/wordpress\/wp-content\/uploads\/2022\/11\/c64462d4-c6b2-43af-9e5b-326969a8cc7f.jpg\" data-dt-img-description=\"\" data-large_image_width=\"2000\" data-large_image_height=\"1125\"><img loading=\"lazy\" decoding=\"async\" class=\" wp-image-306661 alignleft\" src=\"https:\/\/www.radiopiu.net\/wordpress\/wp-content\/uploads\/2022\/11\/c64462d4-c6b2-43af-9e5b-326969a8cc7f-300x169.jpg\" alt=\"\" width=\"266\" height=\"150\" srcset=\"https:\/\/www.radiopiu.net\/wordpress\/wp-content\/uploads\/2022\/11\/c64462d4-c6b2-43af-9e5b-326969a8cc7f-300x169.jpg 300w, https:\/\/www.radiopiu.net\/wordpress\/wp-content\/uploads\/2022\/11\/c64462d4-c6b2-43af-9e5b-326969a8cc7f-1024x576.jpg 1024w, https:\/\/www.radiopiu.net\/wordpress\/wp-content\/uploads\/2022\/11\/c64462d4-c6b2-43af-9e5b-326969a8cc7f-768x432.jpg 768w, https:\/\/www.radiopiu.net\/wordpress\/wp-content\/uploads\/2022\/11\/c64462d4-c6b2-43af-9e5b-326969a8cc7f-1536x864.jpg 1536w, https:\/\/www.radiopiu.net\/wordpress\/wp-content\/uploads\/2022\/11\/c64462d4-c6b2-43af-9e5b-326969a8cc7f.jpg 2000w\" sizes=\"auto, (max-width: 266px) 100vw, 266px\" \/><\/a>ROMA<\/strong> La nostra collaboratrice e Presidente del Centro Internazionale de Libro Parlato di Feltre, Luisa Alchini, ha presieduto una convention all&#8217;Universit\u00e0 la Sapienza di Roma. La Presidente \u00e8 stata invitata a parlare del progetto &#8220;I libri parlano&#8221;, che mira a creare un polo di libri accessibili, presso il sistema bibliotecario dell&#8217;Universit\u00e0 anche in collaborazione con 40 biblioteche romane. &#8220;<em>Noi siamo chiamati sia come partner per fare formazione a nuovi donatori di voce &#8211; spiega Luisa Alchini &#8211; per realizzare libri di testo all&#8217;Universit\u00e0. Alcuni dei nostri volontari leggeranno i libri richiesti, altri saranno letti dalle nove figure che saranno formate&#8221;<\/em>. A Roma erano presenti tutti gli autori del progetto.<em> &#8220;Un progetto ambizioso &#8211; conclude la President del Cilp di Feltre &#8211; in collaborazione con diverse associazioni, sar\u00e0 concretizzato nei prossimi mesi&#8221;.<\/em> Il progetto dunque\u00a0 prevede la realizzazione e la fornitura alle persone con disabilit\u00e0, sia di libri parlanti che di testi prodotti su differenti formati elettronici. A Roma sono intervenuti: Daniela De Leo &#8211; Prorettrice al public engagement;\u00a0 Francesca Romana Berno &#8211; Delegata della Rettrice per le biblioteche; Caterina Lombardo &#8211; Delegata della Rettrice per gli studenti disabili e DSA; Gianfranco Crupi &#8211; Commissione per le iniziative a favore degli studenti disabili e DSA; Laura Armiero e Alessandra Gulotta &#8211; Bibliotecarie; Giovanna Micaglio &#8211; Istituzione Sistema Biblioteche Centri culturali &#8211; Roma Capitale; Luisa Alchini &#8211; Centro internazionale del libro parlato &#8211; Feltre; Loredana Di Lucchio &#8211; Docente di Architettura &#8211; (Sapienza Design Factory) Sapienza; Domenico Bresciamorra &#8211; Centro di consulenza tiflodidattica Roma; Francesca Greco &#8211; Ricercatrice Universit\u00e0 di Udine;Viviana Teofili &#8211; Studentessa Sapienza<\/p>\n<hr \/>\n<p>&nbsp;<\/p>\n","protected":false},"excerpt":{"rendered":"<p>Oggi presso l&#8217;Aula Lucchesi dell&#8217;Edificio di Geologia e mineralogia \u00e8 stato presentato il progetto di terza missione &#8220;I libri Sapienza parlano&#8221;, curato dal Sistema bibliotecario Sapienza. L&#8217;obiettivo \u00e8 quello di fornire alle persone con disabilit\u00e0 visive o Dsa (tra le quali ipovedenti, non vedenti, dislessici) la possibilit\u00e0 di consultare la stessa variet\u00e0 di testi di&hellip;<\/p>\n","protected":false},"author":4,"featured_media":306661,"comment_status":"closed","ping_status":"closed","sticky":false,"template":"","format":"standard","meta":{"_monsterinsights_skip_tracking":false,"_monsterinsights_sitenote_active":false,"_monsterinsights_sitenote_note":"","_monsterinsights_sitenote_category":0,"footnotes":""},"categories":[51,49],"tags":[],"class_list":["post-306660","post","type-post","status-publish","format-standard","has-post-thumbnail","hentry","category-evidenza-top","category-news-18","category-51","category-49","description-off"],"img_url":"https:\/\/www.radiopiu.net\/wordpress\/wp-content\/uploads\/2022\/11\/c64462d4-c6b2-43af-9e5b-326969a8cc7f.jpg","_links":{"self":[{"href":"https:\/\/www.radiopiu.net\/wordpress\/wp-json\/wp\/v2\/posts\/306660","targetHints":{"allow":["GET"]}}],"collection":[{"href":"https:\/\/www.radiopiu.net\/wordpress\/wp-json\/wp\/v2\/posts"}],"about":[{"href":"https:\/\/www.radiopiu.net\/wordpress\/wp-json\/wp\/v2\/types\/post"}],"author":[{"embeddable":true,"href":"https:\/\/www.radiopiu.net\/wordpress\/wp-json\/wp\/v2\/users\/4"}],"replies":[{"embeddable":true,"href":"https:\/\/www.radiopiu.net\/wordpress\/wp-json\/wp\/v2\/comments?post=306660"}],"version-history":[{"count":0,"href":"https:\/\/www.radiopiu.net\/wordpress\/wp-json\/wp\/v2\/posts\/306660\/revisions"}],"wp:featuredmedia":[{"embeddable":true,"href":"https:\/\/www.radiopiu.net\/wordpress\/wp-json\/wp\/v2\/media\/306661"}],"wp:attachment":[{"href":"https:\/\/www.radiopiu.net\/wordpress\/wp-json\/wp\/v2\/media?parent=306660"}],"wp:term":[{"taxonomy":"category","embeddable":true,"href":"https:\/\/www.radiopiu.net\/wordpress\/wp-json\/wp\/v2\/categories?post=306660"},{"taxonomy":"post_tag","embeddable":true,"href":"https:\/\/www.radiopiu.net\/wordpress\/wp-json\/wp\/v2\/tags?post=306660"}],"curies":[{"name":"wp","href":"https:\/\/api.w.org\/{rel}","templated":true}]}}