{"id":306709,"date":"2022-11-17T05:16:39","date_gmt":"2022-11-17T04:16:39","guid":{"rendered":"https:\/\/www.radiopiu.net\/wordpress\/?p=306709"},"modified":"2022-11-17T06:08:39","modified_gmt":"2022-11-17T05:08:39","slug":"marmolada-i-presidenti-fugatti-e-zaia-comunicano-limminente-ripresa-dellattivita-sul-ghiacciaio","status":"publish","type":"post","link":"https:\/\/www.radiopiu.net\/wordpress\/marmolada-i-presidenti-fugatti-e-zaia-comunicano-limminente-ripresa-dellattivita-sul-ghiacciaio\/","title":{"rendered":"MARMOLADA. I PRESIDENTI FUGATTI E ZAIA COMUNICANO L\u2019IMMINENTE RIPRESA DELL\u2019ATTIVITA\u2019 SUL GHIACCIAIO"},"content":{"rendered":"<p align=\"JUSTIFY\"><span style=\"color: #222222;\"><span style=\"font-size: medium;\"><strong><img loading=\"lazy\" decoding=\"async\" class=\"alignleft\" src=\"https:\/\/www.radiopiu.net\/wordpress\/wp-content\/uploads\/2022\/02\/MARMOLADA.jpeg\" width=\"282\" height=\"185\" \/>VENEZIA<\/strong> I presidenti della Provincia autonoma di Trento e della Regione del Veneto, Maurizio Fugatti e Luca Zaia, si sono confrontati sulla riapertura del ghiacciaio della Marmolada, per permettere l\u2019accesso ai lavoratori, agli alpinisti e agli sportivi. Insieme, sulla scorta dei pareri tecnici forniti dagli uffici competenti, hanno affrontato attentamente tutti gli aspetti e i risvolti sulla scelta di permettere nuovamente l\u2019accesso alla montagna che quest\u2019estate \u00e8 stata teatro della sciagura causata dal distacco del seracco di Punta Rocca.<\/span><\/span><\/p>\n<p align=\"JUSTIFY\"><span style=\"color: #222222;\"><span style=\"font-size: medium;\">I presidenti hanno convenuto sull\u2019opportunit\u00e0 di riaprire l\u2019accesso alle aree interdette, permettendo cos\u00ec anche la preparazione delle piste per la stagione invernale, pur con alcune prescrizioni, per far fronte ai pericoli che da sempre interessano la zona del ghiacciaio dolomitico. Volendo nel contempo lanciare un messaggio di grande sinergia fra le due realt\u00e0, la Provincia autonoma di Trento e la Regione del Veneto, che nell\u2019occasione della sciagura hanno lavorato fianco a fianco fornendo congiuntamente soccorritori, attrezzature, professionisti dell\u2019emergenza. <\/span><\/span><\/p>\n<p align=\"JUSTIFY\"><span style=\"color: #222222;\">\u201c<span style=\"font-size: medium;\">La stagione sciistica sulla Marmolada potr\u00e0 ripartire con alcune prescrizioni \u2013 spiega il presidente Fugatti -. L\u2019apertura dovr\u00e0 tenere presente il pericolo, soprattutto nelle zone limitrofe alle piste da sci. Quanto avvenuto quest\u2019estate con la tragedia conseguente al distacco della massa di ghiaccio \u00e8 un evento luttuoso recente che porta con s\u00e9 il ricordo di undici vite stroncate che non si pu\u00f2 dimenticare ma la zona, meta sciistica e turistica da decenni, \u00e8 da sempre inserita nelle aree a rischio valanghe\u201d.<\/span><\/span><\/p>\n<p align=\"JUSTIFY\"><span style=\"color: #222222;\">\u201c<span style=\"font-size: medium;\">La tragedia del 3 luglio \u00e8 una catastrofe che rimarr\u00e0 indelebile per le undici vittime che ha costretto a piangere \u2013 sottolinea il presidente Zaia -. Undici appassionati che esprimevano il loro amore per la montagna, cercando tra le cime la bellezza e le opportunit\u00e0 offerte dalle Dolomiti patrimonio dell\u2019Umanit\u00e0. Un patrimonio che, nonostante il massimo rispetto per i lutti causati dalla tragedia, \u00e8 sempre a disposizione di chi vuole viverlo con lo stesso spirito. Non pu\u00f2 prescindere da questo qualsiasi decisione di riapertura delle attivit\u00e0 come non pu\u00f2 prescindere dal fatto che la montagna vive grazie al turismo e grazie al richiamo e lo sfruttamento degli impianti sportivi\u201d.<\/span><\/span><\/p>\n<p align=\"JUSTIFY\">\n<p align=\"JUSTIFY\">\n<p align=\"JUSTIFY\">\n<p align=\"JUSTIFY\">\n<hr \/>\n<p align=\"JUSTIFY\">\n","protected":false},"excerpt":{"rendered":"<p>VENEZIA I presidenti della Provincia autonoma di Trento e della Regione del Veneto, Maurizio Fugatti e Luca Zaia, si sono confrontati sulla riapertura del ghiacciaio della Marmolada, per permettere l\u2019accesso ai lavoratori, agli alpinisti e agli sportivi. Insieme, sulla scorta dei pareri tecnici forniti dagli uffici competenti, hanno affrontato attentamente tutti gli aspetti e i&hellip;<\/p>\n","protected":false},"author":4,"featured_media":261271,"comment_status":"closed","ping_status":"closed","sticky":false,"template":"","format":"standard","meta":{"_monsterinsights_skip_tracking":false,"_monsterinsights_sitenote_active":false,"_monsterinsights_sitenote_note":"","_monsterinsights_sitenote_category":0,"footnotes":""},"categories":[51,49],"tags":[],"class_list":["post-306709","post","type-post","status-publish","format-standard","has-post-thumbnail","hentry","category-evidenza-top","category-news-18","category-51","category-49","description-off"],"img_url":"https:\/\/www.radiopiu.net\/wordpress\/wp-content\/uploads\/2022\/02\/MARMOLADA.jpeg","_links":{"self":[{"href":"https:\/\/www.radiopiu.net\/wordpress\/wp-json\/wp\/v2\/posts\/306709","targetHints":{"allow":["GET"]}}],"collection":[{"href":"https:\/\/www.radiopiu.net\/wordpress\/wp-json\/wp\/v2\/posts"}],"about":[{"href":"https:\/\/www.radiopiu.net\/wordpress\/wp-json\/wp\/v2\/types\/post"}],"author":[{"embeddable":true,"href":"https:\/\/www.radiopiu.net\/wordpress\/wp-json\/wp\/v2\/users\/4"}],"replies":[{"embeddable":true,"href":"https:\/\/www.radiopiu.net\/wordpress\/wp-json\/wp\/v2\/comments?post=306709"}],"version-history":[{"count":0,"href":"https:\/\/www.radiopiu.net\/wordpress\/wp-json\/wp\/v2\/posts\/306709\/revisions"}],"wp:featuredmedia":[{"embeddable":true,"href":"https:\/\/www.radiopiu.net\/wordpress\/wp-json\/wp\/v2\/media\/261271"}],"wp:attachment":[{"href":"https:\/\/www.radiopiu.net\/wordpress\/wp-json\/wp\/v2\/media?parent=306709"}],"wp:term":[{"taxonomy":"category","embeddable":true,"href":"https:\/\/www.radiopiu.net\/wordpress\/wp-json\/wp\/v2\/categories?post=306709"},{"taxonomy":"post_tag","embeddable":true,"href":"https:\/\/www.radiopiu.net\/wordpress\/wp-json\/wp\/v2\/tags?post=306709"}],"curies":[{"name":"wp","href":"https:\/\/api.w.org\/{rel}","templated":true}]}}