{"id":306711,"date":"2022-11-17T05:17:52","date_gmt":"2022-11-17T04:17:52","guid":{"rendered":"https:\/\/www.radiopiu.net\/wordpress\/?p=306711"},"modified":"2022-11-17T06:08:24","modified_gmt":"2022-11-17T05:08:24","slug":"vota-ben-ma-mirko-non-si-puo-faccio-proprio-ben-di-cognome-io-e-loretta","status":"publish","type":"post","link":"https:\/\/www.radiopiu.net\/wordpress\/vota-ben-ma-mirko-non-si-puo-faccio-proprio-ben-di-cognome-io-e-loretta\/","title":{"rendered":"VOTA BEN&#8230; &#8220;MA MIRKO. NON SI PUO&#8217; FACCIO PROPRIO BEN DI COGNOME&#8221;. IO E LORETTA"},"content":{"rendered":"<ul>\n<li><strong><img loading=\"lazy\" decoding=\"async\" class=\"alignleft\" src=\"https:\/\/www.radiopiu.net\/wordpress\/wp-content\/uploads\/2021\/12\/loretta-.jpg\" width=\"240\" height=\"179\" \/>TAIBON<\/strong> &#8220;Mirko, ma sei sicuro di quello che fai?&#8221; &#8230;&#8221;Ma non tanto Loretta&#8221;.<em> &#8220;Ti rendi conto che ti apri la partita Iva e cambi la tua vita Mirko?&#8221;.<\/em> &#8220;Eh si, Loretta, ho avuto un anno di tempo durante la naja per pensarci, quindi ho deciso di farlo&#8221;.<br \/>\nIniziava pi\u00f9 o meno cos\u00ec il mio rapporto con Loretta Ben, lei seduta dietro la scrivania dell&#8217;Appia che aveva sede difronte all&#8217;Unione Montana Agordina, io dall&#8217;altra parte, con i capelli ancora rasati stile Naja, 22 anni, un diploma in perito chimico preso con fatica, perch\u00e9 sulla\u00a0 mia strada ho incontrato una professoressa di matematica e un professore di fisica che mi hanno fatto passare la voglia di studiare e bloccato al Follador per 7 anni, lui praticamente dal primo giorno di scuola mi aveva dato del <em>&#8220;mus&#8221;<\/em>. Non era un buon precedente e non facevo nemmeno parte dell&#8217;Agordo bene di allora. Ma tant&#8217;era. Loretta fin dal primo giorno di quel 1986 ha seguito la radio passo-passo, nei momenti felici (pochi) e in quelli particolarmente onerosi (un paio di volte al mese), ma non ha mai mancato di manifestarmi la sua stima dandomi la forza di pagare i soci liquidati dalla radio, le tasse, i debiti e tutto quello che imponeva la nuova Radio Pi\u00f9. Loretta, con Manuela Costa prima e Francesca Cagnati poi, sono state le tre donne dell&#8217;Appia (la radio non ha mai tradito il rapporto ormai quarantennale) che hanno fatto crescere RADIOPIU.\u00a0 Dopo la meritata pensione sulla mia strada ho ritrovato <a class=\"dt-pswp-item\" href=\"https:\/\/www.radiopiu.net\/wordpress\/wp-content\/uploads\/2018\/12\/loretta-ben-sindaco-di-taibon-agordino-1.jpg\" data-dt-img-description=\"\" data-large_image_width=\"122\" data-large_image_height=\"148\"><img loading=\"lazy\" decoding=\"async\" class=\"wp-image-69800 alignright\" src=\"https:\/\/www.radiopiu.net\/wordpress\/wp-content\/uploads\/2018\/12\/loretta-ben-sindaco-di-taibon-agordino-1.jpg\" alt=\"\" width=\"155\" height=\"188\" \/><\/a>Loretta, dieci anni da sindaco, la donna che \u00e8 riuscita a mettere fine al lungo periodo del precedente sindaco, una donna con le &#8220;palle&#8221; evidentemente. Nei giorni della campagna elettorale da sindaco gli avevo suggerito di mettersi fuori dalle urne e invitare la gente a votare bene, anz\u00ec <em>ben<\/em> in dialetto. <em>&#8220;Ma Mirko&#8230; non si pu\u00f2 faccio proprio Ben di cognome&#8221;<\/em>. Appunto. L&#8217;operazione di marketing, da sempre il mio lavoro, non era poi male. In dieci anni il rapporto \u00e8 stato davvero importante, ha sempre chiesto e trovato la collaborazione della Radio, nelle grandi cose, ma anche in quelle pi\u00f9 piccole, come le feste di paese e Forno Val, San Cipriano in centro al paese. Ogni volta ha finanziato le campagne pubblicitarie di tasca sua <em>&#8220;Non ci sono soldi per la Radio a bilancio, ma facciamo ugualmente&#8221;<\/em> e cos\u00ec metteva mano al misero salario da sindaco, perch\u00e9 in questo Paese funziona cos\u00ec, il salario del primo cittadino non \u00e8 quello dei parlamentari anche se lavorano, si impegnano e si dannano l&#8217;anima pi\u00f9 del senatore e, la pubblicit\u00e0 degli eventi era sempre e comunque garantita.\u00a0 Poi la malattia, quella che l&#8217;ha consumata giorno dopo giorno, fino all&#8217;ultimo respiro. Ma mi rimane una grande soddisfazione, quella dell&#8217;ultima sorpresa organizzata con il mio amico d&#8217;asilo Claudio Paganin. Una festa a sorpresa in Radio per i 10 anni della Farmacia comunale, una sua splendida idea, pensare che c&#8217;era chi l&#8217;aveva criticata&#8230; La ricordo ancora quel giorno, chiamata in redazione per un&#8217;intervista impossibile,\u00a0 della quale non sapeva dare spiegazione visto che sindaco non lo era pi\u00f9. Appena dentro dalla porta gli applausi, c&#8217;era l&#8217;intero corpo d&#8217;armata della Farmacia con Claudio Paganin a tirare le fila, il mazzo di fiori, la targa, le lacrime, gli articoli alla Radio e sul Corriere delle Alpi. Momento indimenticabile, l&#8217;ultimo. A proposito: 1-1, per i 30 anni della Radio nel 2013 ci aveva invitati in Municipio dove abbiamo trovato la meravigliosa opera di Dunio Piccolin donata per il trentennale della nostra RADIOPIU<\/li>\n<\/ul>\n<p>mirko<\/p>\n<p>Il Consiglio Di Amministrazione della Farmacia Comunale di Taibon: Claudio Paganin presidente, Iva Manfroi e Carolina Soccol consiglieri, con la direttrice Donella Masoch, a 10 anni dall&#8217;inaugurazione dell&#8217;importante servizio per tutta la comunit\u00e0 sono grati all&#8217;allora sindaco Loretta Ben, alla prima presidente Mery Bulf e al primo Consiglio d&#8217;Amministrazione per l&#8217;importante e lungimirante scelta di dare al paese una Farmacia che dopo due lustri ha messo in evidenza tutta la sua imporanza anche economicamente.<\/p>\n<p>Stamane festa a sorpresa per Loretta Ben nella redazione di radio Pi\u00f9<\/p>\n<h1><img loading=\"lazy\" decoding=\"async\" class=\"aligncenter wp-image-50530 size-large\" src=\"http:\/\/www.radiopiu.net\/wordpress\/wp-content\/uploads\/2018\/06\/WhatsApp-Image-2018-06-09-at-12.31.02-2-e1528540321328-1024x512.jpeg\" alt=\"\" width=\"1024\" height=\"512\" srcset=\"https:\/\/www.radiopiu.net\/wordpress\/wp-content\/uploads\/2018\/06\/WhatsApp-Image-2018-06-09-at-12.31.02-2-e1528540321328-1024x512.jpeg 1024w, https:\/\/www.radiopiu.net\/wordpress\/wp-content\/uploads\/2018\/06\/WhatsApp-Image-2018-06-09-at-12.31.02-2-e1528540321328-300x150.jpeg 300w, https:\/\/www.radiopiu.net\/wordpress\/wp-content\/uploads\/2018\/06\/WhatsApp-Image-2018-06-09-at-12.31.02-2-e1528540321328-768x384.jpeg 768w, https:\/\/www.radiopiu.net\/wordpress\/wp-content\/uploads\/2018\/06\/WhatsApp-Image-2018-06-09-at-12.31.02-2-e1528540321328.jpeg 1599w\" sizes=\"auto, (max-width: 1024px) 100vw, 1024px\" \/><\/h1>\n<p><img loading=\"lazy\" decoding=\"async\" class=\"aligncenter wp-image-50532 size-large\" src=\"http:\/\/www.radiopiu.net\/wordpress\/wp-content\/uploads\/2018\/06\/WhatsApp-Image-2018-06-09-at-12.31.02-1024x512.jpeg\" alt=\"\" width=\"1024\" height=\"512\" srcset=\"https:\/\/www.radiopiu.net\/wordpress\/wp-content\/uploads\/2018\/06\/WhatsApp-Image-2018-06-09-at-12.31.02-1024x512.jpeg 1024w, https:\/\/www.radiopiu.net\/wordpress\/wp-content\/uploads\/2018\/06\/WhatsApp-Image-2018-06-09-at-12.31.02-300x150.jpeg 300w, https:\/\/www.radiopiu.net\/wordpress\/wp-content\/uploads\/2018\/06\/WhatsApp-Image-2018-06-09-at-12.31.02-768x384.jpeg 768w, https:\/\/www.radiopiu.net\/wordpress\/wp-content\/uploads\/2018\/06\/WhatsApp-Image-2018-06-09-at-12.31.02.jpeg 1599w\" sizes=\"auto, (max-width: 1024px) 100vw, 1024px\" \/><img loading=\"lazy\" decoding=\"async\" class=\"aligncenter wp-image-50531 size-large\" src=\"http:\/\/www.radiopiu.net\/wordpress\/wp-content\/uploads\/2018\/06\/WhatsApp-Image-2018-06-09-at-12.31.02-1-1024x768.jpeg\" alt=\"\" width=\"1024\" height=\"768\" srcset=\"https:\/\/www.radiopiu.net\/wordpress\/wp-content\/uploads\/2018\/06\/WhatsApp-Image-2018-06-09-at-12.31.02-1-1024x768.jpeg 1024w, https:\/\/www.radiopiu.net\/wordpress\/wp-content\/uploads\/2018\/06\/WhatsApp-Image-2018-06-09-at-12.31.02-1-300x225.jpeg 300w, https:\/\/www.radiopiu.net\/wordpress\/wp-content\/uploads\/2018\/06\/WhatsApp-Image-2018-06-09-at-12.31.02-1-768x576.jpeg 768w, https:\/\/www.radiopiu.net\/wordpress\/wp-content\/uploads\/2018\/06\/WhatsApp-Image-2018-06-09-at-12.31.02-1.jpeg 1599w\" sizes=\"auto, (max-width: 1024px) 100vw, 1024px\" \/><\/p>\n<p>&nbsp;<\/p>\n<p>&nbsp;<\/p>\n","protected":false},"excerpt":{"rendered":"<p>TAIBON &#8220;Mirko, ma sei sicuro di quello che fai?&#8221; &#8230;&#8221;Ma non tanto Loretta&#8221;. &#8220;Ti rendi conto che ti apri la partita Iva e cambi la tua vita Mirko?&#8221;. &#8220;Eh si, Loretta, ho avuto un anno di tempo durante la naja per pensarci, quindi ho deciso di farlo&#8221;. Iniziava pi\u00f9 o meno cos\u00ec il mio rapporto&hellip;<\/p>\n","protected":false},"author":4,"featured_media":247690,"comment_status":"closed","ping_status":"closed","sticky":false,"template":"","format":"standard","meta":{"_monsterinsights_skip_tracking":false,"_monsterinsights_sitenote_active":false,"_monsterinsights_sitenote_note":"","_monsterinsights_sitenote_category":0,"footnotes":""},"categories":[104,49],"tags":[],"class_list":["post-306711","post","type-post","status-publish","format-standard","has-post-thumbnail","hentry","category-evidenza_3","category-news-18","category-104","category-49","description-off"],"img_url":"https:\/\/www.radiopiu.net\/wordpress\/wp-content\/uploads\/2021\/12\/loretta-.jpg","_links":{"self":[{"href":"https:\/\/www.radiopiu.net\/wordpress\/wp-json\/wp\/v2\/posts\/306711","targetHints":{"allow":["GET"]}}],"collection":[{"href":"https:\/\/www.radiopiu.net\/wordpress\/wp-json\/wp\/v2\/posts"}],"about":[{"href":"https:\/\/www.radiopiu.net\/wordpress\/wp-json\/wp\/v2\/types\/post"}],"author":[{"embeddable":true,"href":"https:\/\/www.radiopiu.net\/wordpress\/wp-json\/wp\/v2\/users\/4"}],"replies":[{"embeddable":true,"href":"https:\/\/www.radiopiu.net\/wordpress\/wp-json\/wp\/v2\/comments?post=306711"}],"version-history":[{"count":0,"href":"https:\/\/www.radiopiu.net\/wordpress\/wp-json\/wp\/v2\/posts\/306711\/revisions"}],"wp:featuredmedia":[{"embeddable":true,"href":"https:\/\/www.radiopiu.net\/wordpress\/wp-json\/wp\/v2\/media\/247690"}],"wp:attachment":[{"href":"https:\/\/www.radiopiu.net\/wordpress\/wp-json\/wp\/v2\/media?parent=306711"}],"wp:term":[{"taxonomy":"category","embeddable":true,"href":"https:\/\/www.radiopiu.net\/wordpress\/wp-json\/wp\/v2\/categories?post=306711"},{"taxonomy":"post_tag","embeddable":true,"href":"https:\/\/www.radiopiu.net\/wordpress\/wp-json\/wp\/v2\/tags?post=306711"}],"curies":[{"name":"wp","href":"https:\/\/api.w.org\/{rel}","templated":true}]}}