{"id":306811,"date":"2022-11-17T05:14:58","date_gmt":"2022-11-17T04:14:58","guid":{"rendered":"https:\/\/www.radiopiu.net\/wordpress\/?p=306811"},"modified":"2022-11-17T06:09:00","modified_gmt":"2022-11-17T05:09:00","slug":"riapre-lo-stadio-alvise-de-toni-di-alleghe","status":"publish","type":"post","link":"https:\/\/www.radiopiu.net\/wordpress\/riapre-lo-stadio-alvise-de-toni-di-alleghe\/","title":{"rendered":"RIAPRE LO STADIO ALVISE DE TONI DI ALLEGHE"},"content":{"rendered":"<p>&nbsp;<\/p>\n<blockquote>\n<h3><strong>DAL NOTIZIARIO SERALE, EDIZIONE DELLE 18 IL SINDACO\u00a0 DANILO DE TONI<\/strong><\/h3>\n<audio class=\"wp-audio-shortcode\" id=\"audio-306811-1\" preload=\"none\" style=\"width: 100%;\" controls=\"controls\"><source type=\"audio\/mpeg\" src=\"https:\/\/www.radiopiu.net\/wordpress\/wp-content\/uploads\/2022\/11\/dnilo-de-toni.mp3?_=1\" \/><a href=\"https:\/\/www.radiopiu.net\/wordpress\/wp-content\/uploads\/2022\/11\/dnilo-de-toni.mp3\">https:\/\/www.radiopiu.net\/wordpress\/wp-content\/uploads\/2022\/11\/dnilo-de-toni.mp3<\/a><\/audio>\n<p>&nbsp;<\/p>\n<p><strong>IL PRESIDENTE DELL&#8217;ALLEGHE HOCKEY ADRIANO LEVIS<\/strong><\/p>\n<audio class=\"wp-audio-shortcode\" id=\"audio-306811-2\" preload=\"none\" style=\"width: 100%;\" controls=\"controls\"><source type=\"audio\/mpeg\" src=\"https:\/\/www.radiopiu.net\/wordpress\/wp-content\/uploads\/2022\/11\/adriano-levis.mp3?_=2\" \/><a href=\"https:\/\/www.radiopiu.net\/wordpress\/wp-content\/uploads\/2022\/11\/adriano-levis.mp3\">https:\/\/www.radiopiu.net\/wordpress\/wp-content\/uploads\/2022\/11\/adriano-levis.mp3<\/a><\/audio>\n<p>&nbsp;<\/p><\/blockquote>\n<p>&nbsp;<\/p>\n<p><strong><a class=\"dt-pswp-item\" href=\"https:\/\/www.radiopiu.net\/wordpress\/wp-content\/uploads\/2022\/09\/PALAGHIACCIO-Alleghe.jpg\" data-dt-img-description=\"\" data-large_image_width=\"640\" data-large_image_height=\"480\"><img loading=\"lazy\" decoding=\"async\" class=\" wp-image-297105 alignleft\" src=\"https:\/\/www.radiopiu.net\/wordpress\/wp-content\/uploads\/2022\/09\/PALAGHIACCIO-Alleghe-300x225.jpg\" alt=\"\" width=\"187\" height=\"140\" srcset=\"https:\/\/www.radiopiu.net\/wordpress\/wp-content\/uploads\/2022\/09\/PALAGHIACCIO-Alleghe-300x225.jpg 300w, https:\/\/www.radiopiu.net\/wordpress\/wp-content\/uploads\/2022\/09\/PALAGHIACCIO-Alleghe.jpg 640w\" sizes=\"auto, (max-width: 187px) 100vw, 187px\" \/><\/a>ALLEGHE<\/strong> Le macchine del palaghiaccio \u201cAlvise De Toni\u201d saranno rimesse in funzione e prossimamente ricominceranno a produrre il ghiaccio. Dopodich\u00e9 la struttura sportiva potr\u00e0 riaprire all\u2019attivit\u00e0.\u2028\u00abIl Comune, con grandissimo impegno e senza l\u2019assistenza di nessun soggetto n\u00e9 pubblico n\u00e9 privato, riattiver\u00e0 presto il palaghiaccio. Contiamo di riaprire gi\u00e0 con l\u2019inizio della prossima settimana\u00bb annuncia il sindaco di Alleghe, Danilo De Toni.\u2028La struttura era stata \u201cfermata\u201d il 2 ottobre, a seguito di una bolletta elettrica da 53mila euro riferita al mese di agosto e ricevuta il 15 settembre. L&#8217;amministrazione comunale volle comunque consentire alle societ\u00e0 sportive di organizzarsi per tempo con altre strutture e in particolare all&#8217;Alleghe hockey di disputare un importante torneo interregionale giovanile. \u00abPer questo posticipammo la chiusura di due settimane &#8211; sottolinea il sindaco De Toni -. La decisione, anticipata e motivata alle societ\u00e0 e ai genitori dei ragazzi, fu assunta in quanto la spesa era diventata insostenibile e la centralina sullo Zunaia aveva definitivamente smesso di produrre anche quei pochi kilowatt che aveva garantito in agosto. Oltretutto non c&#8217;erano previsioni chiare sui costo energetici, tanto che si ipotizzavano ulteriori aumenti. Adesso, per\u00f2, con la riduzione dei prezzi energetici, seppur lieve, e soprattutto in considerazione del valore sociale rappresentato dal palaghiaccio per l\u2019attivit\u00e0 di ragazzi, giovani e societ\u00e0 sportive, fatte le necessarie e sofferte verifiche di bilancio, abbiamo prodotto uno sforzo ulteriore per poter riaprire\u00bb.\u2028L\u2019amministrazione comunale ricorda che la centralina sullo Zunaia \u00e8 al momento ferma, a causa della scarsit\u00e0 di precipitazioni e della mancanza d\u2019acqua. Ma la volont\u00e0 \u00e8 comunque di riaprire il palaghiaccio. \u00abAvevamo promesso che avremmo lavorato per riattivare il servizio. E fintanto che rimarranno queste condizioni, cercheremo di tenere aperto, nella consapevolezza che deve essere garantita la sostenibilit\u00e0 dell\u2019apertura. Naturalmente confidiamo nell\u2019erogazione dei contributi a fondo perduto previsti nel Decreto aiuti ter (DL 144\/2022)\u00bb conclude il sindaco De Toni. \u00abPer il futuro andranno fatte alcune considerazioni, perch\u00e9 non \u00e8 pi\u00f9 sostenibile che tutti i costi del palaghiaccio, struttura utilizzata dall\u2019intera vallata agordina, ricadano esclusivamente sul Comune di Alleghe\u00bb.<\/p>\n<p>&nbsp;<\/p>\n<p>&nbsp;<\/p>\n<p>*****<\/p>\n","protected":false},"excerpt":{"rendered":"<p>&nbsp; DAL NOTIZIARIO SERALE, EDIZIONE DELLE 18 IL SINDACO\u00a0 DANILO DE TONI &nbsp; IL PRESIDENTE DELL&#8217;ALLEGHE HOCKEY ADRIANO LEVIS &nbsp; &nbsp; ALLEGHE Le macchine del palaghiaccio \u201cAlvise De Toni\u201d saranno rimesse in funzione e prossimamente ricominceranno a produrre il ghiaccio. Dopodich\u00e9 la struttura sportiva potr\u00e0 riaprire all\u2019attivit\u00e0.\u2028\u00abIl Comune, con grandissimo impegno e senza l\u2019assistenza di&hellip;<\/p>\n","protected":false},"author":4,"featured_media":297105,"comment_status":"closed","ping_status":"closed","sticky":false,"template":"","format":"standard","meta":{"_monsterinsights_skip_tracking":false,"_monsterinsights_sitenote_active":false,"_monsterinsights_sitenote_note":"","_monsterinsights_sitenote_category":0,"footnotes":""},"categories":[51,49],"tags":[],"class_list":["post-306811","post","type-post","status-publish","format-standard","has-post-thumbnail","hentry","category-evidenza-top","category-news-18","category-51","category-49","description-off"],"img_url":"https:\/\/www.radiopiu.net\/wordpress\/wp-content\/uploads\/2022\/09\/PALAGHIACCIO-Alleghe.jpg","_links":{"self":[{"href":"https:\/\/www.radiopiu.net\/wordpress\/wp-json\/wp\/v2\/posts\/306811","targetHints":{"allow":["GET"]}}],"collection":[{"href":"https:\/\/www.radiopiu.net\/wordpress\/wp-json\/wp\/v2\/posts"}],"about":[{"href":"https:\/\/www.radiopiu.net\/wordpress\/wp-json\/wp\/v2\/types\/post"}],"author":[{"embeddable":true,"href":"https:\/\/www.radiopiu.net\/wordpress\/wp-json\/wp\/v2\/users\/4"}],"replies":[{"embeddable":true,"href":"https:\/\/www.radiopiu.net\/wordpress\/wp-json\/wp\/v2\/comments?post=306811"}],"version-history":[{"count":0,"href":"https:\/\/www.radiopiu.net\/wordpress\/wp-json\/wp\/v2\/posts\/306811\/revisions"}],"wp:featuredmedia":[{"embeddable":true,"href":"https:\/\/www.radiopiu.net\/wordpress\/wp-json\/wp\/v2\/media\/297105"}],"wp:attachment":[{"href":"https:\/\/www.radiopiu.net\/wordpress\/wp-json\/wp\/v2\/media?parent=306811"}],"wp:term":[{"taxonomy":"category","embeddable":true,"href":"https:\/\/www.radiopiu.net\/wordpress\/wp-json\/wp\/v2\/categories?post=306811"},{"taxonomy":"post_tag","embeddable":true,"href":"https:\/\/www.radiopiu.net\/wordpress\/wp-json\/wp\/v2\/tags?post=306811"}],"curies":[{"name":"wp","href":"https:\/\/api.w.org\/{rel}","templated":true}]}}