{"id":306847,"date":"2022-11-17T05:10:18","date_gmt":"2022-11-17T04:10:18","guid":{"rendered":"https:\/\/www.radiopiu.net\/wordpress\/?p=306847"},"modified":"2022-11-17T06:10:19","modified_gmt":"2022-11-17T05:10:19","slug":"si-pensa-alla-fusione-delle-societa-della-raccolta-rifiuti","status":"publish","type":"post","link":"https:\/\/www.radiopiu.net\/wordpress\/si-pensa-alla-fusione-delle-societa-della-raccolta-rifiuti\/","title":{"rendered":"SI PENSA ALLA FUSIONE DELLE SOCIETA&#8217; DELLA RACCOLTA RIFIUTI"},"content":{"rendered":"<p><strong><a class=\"dt-pswp-item\" href=\"https:\/\/www.radiopiu.net\/wordpress\/wp-content\/uploads\/2020\/10\/Raccolta_Ponte_nelle_Alpi.jpg\" data-dt-img-description=\"\" data-large_image_width=\"924\" data-large_image_height=\"616\"><img loading=\"lazy\" decoding=\"async\" class=\" wp-image-166380 alignleft\" src=\"https:\/\/www.radiopiu.net\/wordpress\/wp-content\/uploads\/2020\/10\/Raccolta_Ponte_nelle_Alpi-300x200.jpg\" alt=\"\" width=\"200\" height=\"133\" srcset=\"https:\/\/www.radiopiu.net\/wordpress\/wp-content\/uploads\/2020\/10\/Raccolta_Ponte_nelle_Alpi-300x200.jpg 300w, https:\/\/www.radiopiu.net\/wordpress\/wp-content\/uploads\/2020\/10\/Raccolta_Ponte_nelle_Alpi-768x512.jpg 768w, https:\/\/www.radiopiu.net\/wordpress\/wp-content\/uploads\/2020\/10\/Raccolta_Ponte_nelle_Alpi.jpg 924w\" sizes=\"auto, (max-width: 200px) 100vw, 200px\" \/><\/a>CENCENIGHE<\/strong><\/p>\n<p>di Gianni Santomaso<\/p>\n<audio class=\"wp-audio-shortcode\" id=\"audio-306847-1\" preload=\"none\" style=\"width: 100%;\" controls=\"controls\"><source type=\"audio\/mpeg\" src=\"https:\/\/www.radiopiu.net\/wordpress\/wp-content\/uploads\/2022\/11\/GIANNI-SI-PENSA-ALLA-FUSIONE-DELLE-SOCIETA-DELLA-RACCOLTA-RIFIUTI.mp3?_=1\" \/><a href=\"https:\/\/www.radiopiu.net\/wordpress\/wp-content\/uploads\/2022\/11\/GIANNI-SI-PENSA-ALLA-FUSIONE-DELLE-SOCIETA-DELLA-RACCOLTA-RIFIUTI.mp3\">https:\/\/www.radiopiu.net\/wordpress\/wp-content\/uploads\/2022\/11\/GIANNI-SI-PENSA-ALLA-FUSIONE-DELLE-SOCIETA-DELLA-RACCOLTA-RIFIUTI.mp3<\/a><\/audio>\n<p>&nbsp;<\/p>\n<p>&nbsp;<\/p>\n<blockquote>\n<h2>IN DIRETTA SU RADIOPIU IL CONSIGLIO DELL&#8217;UNIONE MONTANA AGORDINA L&#8217;INTERVENTO DI MAURO SOPPELSA AL 45esimo minuto<\/h2>\n<\/blockquote>\n<p><strong>AGORDO<\/strong> Ieri sera il consiglio dell&#8217;Unione Montana Agordina, il punto principale l&#8217;affidamento in house della gestione del ciclo integrato dei rifiuti da parte del consiglio di bacino, l&#8217;Agordino fa da capofila per l&#8217;intera provincia, il sindaco di Cencenighe Mauro Soppelsa ammonisce Valpe &#8220;Attenzione all&#8217;operazione Ponte Servizi, mi rimane un grosso dubbio dell&#8217;acquisizione perch\u00e9 societ\u00e0 in crisi. Sar\u00e0 un passaggio al quale prestare grande attenzione&#8221;<\/p>\n<p>&nbsp;<\/p>\n<p><a href=\"https:\/\/www.facebook.com\/marco.baghy.1\/videos\/2385560351599050\">https:\/\/www.facebook.com\/marco.baghy.1\/videos\/2385560351599050<\/a><\/p>\n<p>&nbsp;<\/p>\n<p>&nbsp;<\/p>\n<p>&nbsp;<\/p>\n<p>&nbsp;<\/p>\n<p>*****<\/p>\n","protected":false},"excerpt":{"rendered":"<p>CENCENIGHE di Gianni Santomaso &nbsp; &nbsp; IN DIRETTA SU RADIOPIU IL CONSIGLIO DELL&#8217;UNIONE MONTANA AGORDINA L&#8217;INTERVENTO DI MAURO SOPPELSA AL 45esimo minuto AGORDO Ieri sera il consiglio dell&#8217;Unione Montana Agordina, il punto principale l&#8217;affidamento in house della gestione del ciclo integrato dei rifiuti da parte del consiglio di bacino, l&#8217;Agordino fa da capofila per l&#8217;intera&hellip;<\/p>\n","protected":false},"author":4,"featured_media":166380,"comment_status":"closed","ping_status":"closed","sticky":false,"template":"","format":"standard","meta":{"_monsterinsights_skip_tracking":false,"_monsterinsights_sitenote_active":false,"_monsterinsights_sitenote_note":"","_monsterinsights_sitenote_category":0,"footnotes":""},"categories":[104,49],"tags":[],"class_list":["post-306847","post","type-post","status-publish","format-standard","has-post-thumbnail","hentry","category-evidenza_3","category-news-18","category-104","category-49","description-off"],"img_url":"https:\/\/www.radiopiu.net\/wordpress\/wp-content\/uploads\/2020\/10\/Raccolta_Ponte_nelle_Alpi.jpg","_links":{"self":[{"href":"https:\/\/www.radiopiu.net\/wordpress\/wp-json\/wp\/v2\/posts\/306847","targetHints":{"allow":["GET"]}}],"collection":[{"href":"https:\/\/www.radiopiu.net\/wordpress\/wp-json\/wp\/v2\/posts"}],"about":[{"href":"https:\/\/www.radiopiu.net\/wordpress\/wp-json\/wp\/v2\/types\/post"}],"author":[{"embeddable":true,"href":"https:\/\/www.radiopiu.net\/wordpress\/wp-json\/wp\/v2\/users\/4"}],"replies":[{"embeddable":true,"href":"https:\/\/www.radiopiu.net\/wordpress\/wp-json\/wp\/v2\/comments?post=306847"}],"version-history":[{"count":0,"href":"https:\/\/www.radiopiu.net\/wordpress\/wp-json\/wp\/v2\/posts\/306847\/revisions"}],"wp:featuredmedia":[{"embeddable":true,"href":"https:\/\/www.radiopiu.net\/wordpress\/wp-json\/wp\/v2\/media\/166380"}],"wp:attachment":[{"href":"https:\/\/www.radiopiu.net\/wordpress\/wp-json\/wp\/v2\/media?parent=306847"}],"wp:term":[{"taxonomy":"category","embeddable":true,"href":"https:\/\/www.radiopiu.net\/wordpress\/wp-json\/wp\/v2\/categories?post=306847"},{"taxonomy":"post_tag","embeddable":true,"href":"https:\/\/www.radiopiu.net\/wordpress\/wp-json\/wp\/v2\/tags?post=306847"}],"curies":[{"name":"wp","href":"https:\/\/api.w.org\/{rel}","templated":true}]}}