{"id":306870,"date":"2022-11-17T05:30:13","date_gmt":"2022-11-17T04:30:13","guid":{"rendered":"https:\/\/www.radiopiu.net\/wordpress\/?p=306870"},"modified":"2022-11-17T05:30:13","modified_gmt":"2022-11-17T04:30:13","slug":"ripetitori-sullarion-senza-corrente-danno-per-lemittente-radio-piu-che-nessuno-risarcira","status":"publish","type":"post","link":"https:\/\/www.radiopiu.net\/wordpress\/ripetitori-sullarion-senza-corrente-danno-per-lemittente-radio-piu-che-nessuno-risarcira\/","title":{"rendered":"RIPETITORI SULL&#8217;ARION SENZA CORRENTE, DANNO PER L&#8217;EMITTENTE RADIO PIU&#8217; CHE NESSUNO RISARCIRA&#8217;"},"content":{"rendered":"<blockquote>\n<h3>SPENTE RADIO, TELEVISIONI E PONTI RADIO DI SERVIZIO.<\/h3>\n<\/blockquote>\n<p><span style=\"color: #ff0000;\"><strong>OGGI SUL CORRIERE DELLE ALPI\u00a0<\/strong><\/span><\/p>\n<blockquote><p><em>Protesta il patron di Radio Pi\u00f9,\u00a0 Mirko Mezzacasa: \u00abEnel ha solamente affisso manifestini a Voltago <\/em><em>senza avvisare noi operatori\u00bb Ripetitori sull&#8217;Arion senza corrente: radio e tiv\u00f9 mute<\/em><\/p><\/blockquote>\n<p><strong><img loading=\"lazy\" decoding=\"async\" class=\"alignleft\" src=\"https:\/\/www.radiopiu.net\/wordpress\/wp-content\/uploads\/2022\/11\/8e00b201-4de2-4038-811e-528d49e1cace.jpg\" width=\"179\" height=\"239\" \/>TAIBON<\/strong> Una mattinata di blackout radiofonico e televisivo nella conca agordina, con la postazione dei ripetitori del monte Arion messa fuori servizio dalle otto a mezzogiorno da una interruzione di corrente attuata dall&#8217;Enel a Voltago. Una interruzione segnalata solo con i manifestini affissi in paese, senza comunicazioni ai tecnici o alle emittenti radiotelevisive. A contestarlo \u00e8 Mirko Mezzacasa, fondatore e anima di Radio Pi\u00f9, che ieri mattina durante la consueta rassegna stampa si \u00e8 trovato senza il segnale del monte Arion, che copre tutta la conca agordina, compresa Luxottica. \u00abNon siamo stati informati n\u00e9 noi n\u00e9 i nostri tecnici\u00bb, ha tuonato Mezzacasa dalla sua pagina Facebook, \u00abl&#8217;Enel si \u00e8 limitata a quattro locandine affisse in paese. Reputiamo grave questa mancanza di sensibilit\u00e0 che ha bloccato il nostro lavoro. \u00c8 stato danneggiato il nostro settore senza alcun preavviso: avremmo potuto informare gli utenti della nostra radio e non solo. Purtroppo non \u00e8 la prima volta, dimenticanze gravi che non succedono quando arrivano le sempre pi\u00f9 salate bollette elettriche\u00bb.Radio Pi\u00f9, sottolinea Mezzacasa, \u00e8 dotata di una seconda postazione di trasmissione radio proprio per i casi di emergenza e ha lo streaming su internet, dunque avvisando per tempo gli ascoltatori il disagio sarebbe stato minimizzato durante la mattinata, che \u00e8 il periodo di punta per l&#8217;emittente agordina. L&#8217;interruzione della corrente che alimenta i ripetitori del monte Arion, invece, ha colto di sorpresa tutti gli operatori del settore. \u00abSiamo stati bombardati di telefonate, anche dai tecnici\u00bb<\/p>\n<p>&nbsp;<\/p>\n<hr \/>\n<p>&nbsp;<\/p>\n","protected":false},"excerpt":{"rendered":"<p>SPENTE RADIO, TELEVISIONI E PONTI RADIO DI SERVIZIO. OGGI SUL CORRIERE DELLE ALPI\u00a0 Protesta il patron di Radio Pi\u00f9,\u00a0 Mirko Mezzacasa: \u00abEnel ha solamente affisso manifestini a Voltago senza avvisare noi operatori\u00bb Ripetitori sull&#8217;Arion senza corrente: radio e tiv\u00f9 mute TAIBON Una mattinata di blackout radiofonico e televisivo nella conca agordina, con la postazione dei&hellip;<\/p>\n","protected":false},"author":4,"featured_media":306871,"comment_status":"closed","ping_status":"closed","sticky":false,"template":"","format":"standard","meta":{"_monsterinsights_skip_tracking":false,"_monsterinsights_sitenote_active":false,"_monsterinsights_sitenote_note":"","_monsterinsights_sitenote_category":0,"footnotes":""},"categories":[104,49],"tags":[],"class_list":["post-306870","post","type-post","status-publish","format-standard","has-post-thumbnail","hentry","category-evidenza_3","category-news-18","category-104","category-49","description-off"],"img_url":"https:\/\/www.radiopiu.net\/wordpress\/wp-content\/uploads\/2022\/11\/8e00b201-4de2-4038-811e-528d49e1cace.jpg","_links":{"self":[{"href":"https:\/\/www.radiopiu.net\/wordpress\/wp-json\/wp\/v2\/posts\/306870","targetHints":{"allow":["GET"]}}],"collection":[{"href":"https:\/\/www.radiopiu.net\/wordpress\/wp-json\/wp\/v2\/posts"}],"about":[{"href":"https:\/\/www.radiopiu.net\/wordpress\/wp-json\/wp\/v2\/types\/post"}],"author":[{"embeddable":true,"href":"https:\/\/www.radiopiu.net\/wordpress\/wp-json\/wp\/v2\/users\/4"}],"replies":[{"embeddable":true,"href":"https:\/\/www.radiopiu.net\/wordpress\/wp-json\/wp\/v2\/comments?post=306870"}],"version-history":[{"count":0,"href":"https:\/\/www.radiopiu.net\/wordpress\/wp-json\/wp\/v2\/posts\/306870\/revisions"}],"wp:featuredmedia":[{"embeddable":true,"href":"https:\/\/www.radiopiu.net\/wordpress\/wp-json\/wp\/v2\/media\/306871"}],"wp:attachment":[{"href":"https:\/\/www.radiopiu.net\/wordpress\/wp-json\/wp\/v2\/media?parent=306870"}],"wp:term":[{"taxonomy":"category","embeddable":true,"href":"https:\/\/www.radiopiu.net\/wordpress\/wp-json\/wp\/v2\/categories?post=306870"},{"taxonomy":"post_tag","embeddable":true,"href":"https:\/\/www.radiopiu.net\/wordpress\/wp-json\/wp\/v2\/tags?post=306870"}],"curies":[{"name":"wp","href":"https:\/\/api.w.org\/{rel}","templated":true}]}}