{"id":306987,"date":"2022-11-17T17:22:21","date_gmt":"2022-11-17T16:22:21","guid":{"rendered":"https:\/\/www.radiopiu.net\/wordpress\/?p=306987"},"modified":"2022-11-17T17:23:35","modified_gmt":"2022-11-17T16:23:35","slug":"si-cerca-una-donna-a-longarone","status":"publish","type":"post","link":"https:\/\/www.radiopiu.net\/wordpress\/si-cerca-una-donna-a-longarone\/","title":{"rendered":"SI CERCA UNA DONNA A LONGARONE"},"content":{"rendered":"<p><strong><a class=\"dt-pswp-item\" href=\"https:\/\/www.radiopiu.net\/wordpress\/wp-content\/uploads\/2022\/11\/IMG-20221117-WA0002.jpg\" data-dt-img-description=\"\" data-large_image_width=\"328\" data-large_image_height=\"432\"><img loading=\"lazy\" decoding=\"async\" class=\" wp-image-306988 alignleft\" src=\"https:\/\/www.radiopiu.net\/wordpress\/wp-content\/uploads\/2022\/11\/IMG-20221117-WA0002-228x300.jpg\" alt=\"\" width=\"128\" height=\"168\" srcset=\"https:\/\/www.radiopiu.net\/wordpress\/wp-content\/uploads\/2022\/11\/IMG-20221117-WA0002-228x300.jpg 228w, https:\/\/www.radiopiu.net\/wordpress\/wp-content\/uploads\/2022\/11\/IMG-20221117-WA0002.jpg 328w\" sizes=\"auto, (max-width: 128px) 100vw, 128px\" \/><\/a> <\/strong><\/p>\n<p><strong>\u00a0<\/strong><\/p>\n<p><strong>LONGARONE <\/strong>Il Soccorso alpino di Longarone \u00e8 stato attivato attorno alle 13, per prendere parte alle ricerche di Doris, 51enne di Longarone (BL), di cui non si hanno pi\u00f9 notizie da marted\u00ec sera, quando \u00e8 stata sentita l&#8217;ultima volta dai familiari.\u00a0 Al momento i soccorritori, assieme a Vigili del fuoco e Soccorso alpino della Guardia di finanza stanno perlustrando le zone attorno all&#8217;abitato di Longarone. Doris \u00e8 alta 1 metro e 75, ha capelli e occhi castani. Chiunque l&#8217;avesse vista o abbia sue notizie \u00e8 pregato di chiamare i Carabinieri.<\/p>\n<p>&nbsp;<\/p>\n<p>&nbsp;<\/p>\n<p>*****<\/p>\n","protected":false},"excerpt":{"rendered":"<p>\u00a0 LONGARONE Il Soccorso alpino di Longarone \u00e8 stato attivato attorno alle 13, per prendere parte alle ricerche di Doris, 51enne di Longarone (BL), di cui non si hanno pi\u00f9 notizie da marted\u00ec sera, quando \u00e8 stata sentita l&#8217;ultima volta dai familiari.\u00a0 Al momento i soccorritori, assieme a Vigili del fuoco e Soccorso alpino della&hellip;<\/p>\n","protected":false},"author":4,"featured_media":306988,"comment_status":"closed","ping_status":"closed","sticky":false,"template":"","format":"standard","meta":{"_monsterinsights_skip_tracking":false,"_monsterinsights_sitenote_active":false,"_monsterinsights_sitenote_note":"","_monsterinsights_sitenote_category":0,"footnotes":""},"categories":[51,49],"tags":[],"class_list":["post-306987","post","type-post","status-publish","format-standard","has-post-thumbnail","hentry","category-evidenza-top","category-news-18","category-51","category-49","description-off"],"img_url":"https:\/\/www.radiopiu.net\/wordpress\/wp-content\/uploads\/2022\/11\/IMG-20221117-WA0002.jpg","_links":{"self":[{"href":"https:\/\/www.radiopiu.net\/wordpress\/wp-json\/wp\/v2\/posts\/306987","targetHints":{"allow":["GET"]}}],"collection":[{"href":"https:\/\/www.radiopiu.net\/wordpress\/wp-json\/wp\/v2\/posts"}],"about":[{"href":"https:\/\/www.radiopiu.net\/wordpress\/wp-json\/wp\/v2\/types\/post"}],"author":[{"embeddable":true,"href":"https:\/\/www.radiopiu.net\/wordpress\/wp-json\/wp\/v2\/users\/4"}],"replies":[{"embeddable":true,"href":"https:\/\/www.radiopiu.net\/wordpress\/wp-json\/wp\/v2\/comments?post=306987"}],"version-history":[{"count":0,"href":"https:\/\/www.radiopiu.net\/wordpress\/wp-json\/wp\/v2\/posts\/306987\/revisions"}],"wp:featuredmedia":[{"embeddable":true,"href":"https:\/\/www.radiopiu.net\/wordpress\/wp-json\/wp\/v2\/media\/306988"}],"wp:attachment":[{"href":"https:\/\/www.radiopiu.net\/wordpress\/wp-json\/wp\/v2\/media?parent=306987"}],"wp:term":[{"taxonomy":"category","embeddable":true,"href":"https:\/\/www.radiopiu.net\/wordpress\/wp-json\/wp\/v2\/categories?post=306987"},{"taxonomy":"post_tag","embeddable":true,"href":"https:\/\/www.radiopiu.net\/wordpress\/wp-json\/wp\/v2\/tags?post=306987"}],"curies":[{"name":"wp","href":"https:\/\/api.w.org\/{rel}","templated":true}]}}