{"id":307014,"date":"2022-11-19T05:46:22","date_gmt":"2022-11-19T04:46:22","guid":{"rendered":"https:\/\/www.radiopiu.net\/wordpress\/?p=307014"},"modified":"2022-11-19T09:10:20","modified_gmt":"2022-11-19T08:10:20","slug":"giornale-radiopiu-19-novembre-2022-direttore-mirko-mezzacasa","status":"publish","type":"post","link":"https:\/\/www.radiopiu.net\/wordpress\/giornale-radiopiu-19-novembre-2022-direttore-mirko-mezzacasa\/","title":{"rendered":"GIORNALE RADIOPIU 19 NOVEMBRE 2022 DIRETTORE MIRKO MEZZACASA"},"content":{"rendered":"<h3 class=\"kvgmc6g5 cxmmr5t8 oygrvhab hcukyx3x c1et5uql\"><span style=\"color: #0000ff;\"><strong>RADIO PIU INFORMAZIONE il canale su TELEGRAM informazione di prima\u00a0 <\/strong><strong>mano e in tempo reale. iscriviti ed aiutaci a farlo conoscere\u00a0 \u00a0 \u00a0<\/strong><\/span><\/h3>\n<p>&nbsp;<\/p>\n<blockquote>\n<h1>CIAO TOTO&#8217;<\/h1>\n<\/blockquote>\n<p><strong>UNO STRISCIONE PER &#8220;TOTO'&#8221; E QUEL VIDEO VIRALE DA CONDANNARE<\/strong><\/p>\n<blockquote><p><em>Si svolger\u00e0 a marted\u00ec alle 11 la cerimonia di commiato agli impianti sportivi del Boscherai. Sar\u00e0 quello in cui l&#8217;intero Rugby Feltre, gli sportivi feltrini e quanti lo desiderano, potranno stringersi alla famiglia di Tot\u00f2 facendo capire quanto il loro ragazzo fosse amato e benvoluto anche fuori dell&#8217;ambiente della palla ovale.<\/em><\/p><\/blockquote>\n<p><strong>Oggi invece il Rugby Feltre invita tutti alla camera ardente, al cimitero di Feltre, per salutare Tot\u00f2: sar\u00e0 aperta oggi dalle 9 alle 12 e domenica dalle 9 alle 11.\u00a0<\/strong><\/p>\n<div class=\"page-title-breadcrumbs\"><\/div>\n<p><strong><a class=\"dt-pswp-item\" href=\"https:\/\/www.radiopiu.net\/wordpress\/wp-content\/uploads\/2022\/11\/41347765_108976286729090_6472841990852575232_n.jpg\" data-dt-img-description=\"\" data-large_image_width=\"1066\" data-large_image_height=\"1066\"><img loading=\"lazy\" decoding=\"async\" class=\" wp-image-306761 alignleft\" src=\"https:\/\/www.radiopiu.net\/wordpress\/wp-content\/uploads\/2022\/11\/41347765_108976286729090_6472841990852575232_n-300x300.jpg\" alt=\"\" width=\"120\" height=\"120\" srcset=\"https:\/\/www.radiopiu.net\/wordpress\/wp-content\/uploads\/2022\/11\/41347765_108976286729090_6472841990852575232_n-300x300.jpg 300w, https:\/\/www.radiopiu.net\/wordpress\/wp-content\/uploads\/2022\/11\/41347765_108976286729090_6472841990852575232_n-1024x1024.jpg 1024w, https:\/\/www.radiopiu.net\/wordpress\/wp-content\/uploads\/2022\/11\/41347765_108976286729090_6472841990852575232_n-150x150.jpg 150w, https:\/\/www.radiopiu.net\/wordpress\/wp-content\/uploads\/2022\/11\/41347765_108976286729090_6472841990852575232_n-768x768.jpg 768w, https:\/\/www.radiopiu.net\/wordpress\/wp-content\/uploads\/2022\/11\/41347765_108976286729090_6472841990852575232_n.jpg 1066w\" sizes=\"auto, (max-width: 120px) 100vw, 120px\" \/><\/a>LO STRISCIONE all&#8217; agrario di Vellai dove ieri \u00e8 stato osservato 1 minuto di silenzio e raccoglimento nel ricordo di Salvatore<\/strong><\/p>\n<p>Ieri all&#8217;ingresso dell&#8217;Istituto agrario il grande &#8220;Tot\u00f2&#8221; scritto in rosso e, sotto, il disegno di un cuore ancora pi\u00f9 grande. Ragazzi e docenti dell&#8217;istituto agrario Della Lucia di Vellai hanno voluto ricordare cos\u00ec Salvatore Stefani, con un grande striscione affisso all&#8217;entrata della scuola frequentata per cinque anni dal giovane rugbista di Mogliano, che risiedeva come convittore nel complesso di Vellai.<\/p>\n<p>&nbsp;<\/p>\n<h3 class=\"entry-title\"><span style=\"color: #ff0000;\">IERI ALLA RADIO<\/span> QUEL VIDEO VIRALE DA CONDANNARE<\/h3>\n<p><strong>PRONTI A DENUNCIARE L\u2019AUTORE DELL\u2019IGNOBILE VIDEO<\/strong>\u00a0<strong>ANCHE PER OMISSIONE DI SOCCORSO. SARA\u2019 IDENTIFICATO DAI CARABINIERI E DALLA PROCURA<\/strong><\/p>\n<p><strong><img loading=\"lazy\" decoding=\"async\" class=\"alignleft\" src=\"https:\/\/www.radiopiu.net\/wordpress\/wp-content\/uploads\/2022\/11\/Senza-nome-67.jpg\" width=\"262\" height=\"188\" \/>REDAZIONE<\/strong> Alle 2.30 dell&#8217;altra notte un messaggio nei terminali di Radio Pi\u00f9, la voce \u00e8 di una nostra ascoltatrice, rotta dal pianto quando pronuncia il nome di Salvatore, o meglio Tot\u00f2, quel ragazzone compagno di scuola della figlia. Nelle sue parole,\u00a0 Il dolore per la scomparsa del giovane, ma anche la rabbia per\u00a0 la meschinit\u00e0 di quella persona che,\u00a0 nel giorno dell&#8217;incidente costato la vita al giocatore di rugby del Feltre, ha pensato di realizzare un lungo video riprendendo rottami sull&#8217;asfalto, i mezzi incidentati e sul resto sorvoliamo per rispetto della famiglia e di chi ci legge. Un video diventato virale, perch\u00e9 inviato ad amici, conoscenti che a loro volta hanno fatto altrettanto. In quei momenti l&#8217;improvvisato cameramen si sofferma su queste scene, a lungo, mentre nessuno, nemmeno lui, si preoccupa di avvicinarsi al furgone capovolto per capire se ci fosse bisogno di aiuto, quello concreto, <em>&#8220;Al di l\u00e0 della grave meschinit\u00e0 del personaggio &#8211; dice la nostra ascolatrice- \u00e8 un fatto che da soccorritrice volontaria condanno. Ripeto, condanno, in incidenti come questi i secondi sono preziosi per aiutare una persona, per salvare una vita&#8221;. <\/em>Purtroppo molto spesso, quando succedono incidenti, si scoprono reporter improvvisati dell&#8217;ultimo minuto alla ricerca di like sui social senza il minimo rispetto per famigliari ed amici delle persone coinvolte <em>&#8220;Che l&#8217;ignobile persona che ha messo in giro questo video, arrivato anche agli alunni della scuola, si faccia un esame di coscienza e sia da esempio negativo per molti&#8221;<\/em><\/p>\n\n\t\t\t<style type='text\/css'>\n\t\t\t\t#gallery-1 {\n\t\t\t\t\tmargin: auto;\n\t\t\t\t}\n\t\t\t\t#gallery-1 .gallery-item {\n\t\t\t\t\tfloat: left;\n\t\t\t\t\tmargin-top: 10px;\n\t\t\t\t\ttext-align: center;\n\t\t\t\t\twidth: 33%;\n\t\t\t\t}\n\t\t\t\t#gallery-1 img {\n\t\t\t\t\tborder: 2px solid #cfcfcf;\n\t\t\t\t}\n\t\t\t\t#gallery-1 .gallery-caption {\n\t\t\t\t\tmargin-left: 0;\n\t\t\t\t}\n\t\t\t\t\/* see gallery_shortcode() in wp-includes\/media.php *\/\n\t\t\t<\/style>\n\t\t<div id='gallery-1' class='dt-gallery-container gallery galleryid-307014 gallery-columns-3 gallery-size-thumbnail'><dl class='gallery-item'>\n\t\t\t\t<dt class='gallery-icon portrait'>\n\t\t\t\t\t<a class=\"rollover rollover-zoom dt-pswp-item\" title=\"315235760_747833943379321_621235090708740569_n\" data-dt-img-description=\"\" data-large_image_width=\"1200\" data-large_image_height=\"1600\"href='https:\/\/www.radiopiu.net\/wordpress\/wp-content\/uploads\/2022\/11\/315235760_747833943379321_621235090708740569_n.jpg'><img loading=\"lazy\" decoding=\"async\" width=\"150\" height=\"150\" src=\"https:\/\/www.radiopiu.net\/wordpress\/wp-content\/uploads\/2022\/11\/315235760_747833943379321_621235090708740569_n-150x150.jpg\" class=\"attachment-thumbnail size-thumbnail\" alt=\"\" \/><\/a>\n\t\t\t\t<\/dt><\/dl><dl class='gallery-item'>\n\t\t\t\t<dt class='gallery-icon portrait'>\n\t\t\t\t\t<a class=\"rollover rollover-zoom dt-pswp-item\" title=\"315521348_1195296511065877_3244501079017391283_n\" data-dt-img-description=\"\" data-large_image_width=\"921\" data-large_image_height=\"2048\"href='https:\/\/www.radiopiu.net\/wordpress\/wp-content\/uploads\/2022\/11\/315521348_1195296511065877_3244501079017391283_n.jpg'><img loading=\"lazy\" decoding=\"async\" width=\"150\" height=\"150\" src=\"https:\/\/www.radiopiu.net\/wordpress\/wp-content\/uploads\/2022\/11\/315521348_1195296511065877_3244501079017391283_n-150x150.jpg\" class=\"attachment-thumbnail size-thumbnail\" alt=\"\" \/><\/a>\n\t\t\t\t<\/dt><\/dl>\n\t\t\t\t<br style='clear: both' \/>\n\t\t\t<\/div>\n\n<p>&nbsp;<\/p>\n<p>&nbsp;<\/p>\n<p>&nbsp;<\/p>\n<hr \/>\n<p>&nbsp;<\/p>\n<blockquote>\n<h3>REVOCATA PARZIALMENTE L&#8217;ORDINANZA DI FADES A LA VALLE<\/h3>\n<\/blockquote>\n<p><strong>LA VALLE<\/strong> Stanno per essere ultimate le opere nella frazione di Fades a La Valle. Il comune con un&#8217;ordinanza ha revocato parzialmente il divieto di transito sul tratto interessato dai lavori, pi\u00f9 precisamente sul ponte che attraversa il torrente Missiaga, con l&#8217;apertura al transito pedonale.<\/p>\n<p>&nbsp;<\/p>\n<p>&nbsp;<\/p>\n<hr \/>\n<p>&nbsp;<\/p>\n<blockquote>\n<h3><a class=\"dt-pswp-item\" href=\"https:\/\/www.radiopiu.net\/wordpress\/wp-content\/uploads\/2021\/01\/Tamponi-Paludi-1.jpg\" data-dt-img-description=\"\" data-large_image_width=\"1600\" data-large_image_height=\"900\"><img loading=\"lazy\" decoding=\"async\" class=\" wp-image-186210 alignleft\" src=\"https:\/\/www.radiopiu.net\/wordpress\/wp-content\/uploads\/2021\/01\/Tamponi-Paludi-1-300x169.jpg\" alt=\"\" width=\"198\" height=\"112\" srcset=\"https:\/\/www.radiopiu.net\/wordpress\/wp-content\/uploads\/2021\/01\/Tamponi-Paludi-1-300x169.jpg 300w, https:\/\/www.radiopiu.net\/wordpress\/wp-content\/uploads\/2021\/01\/Tamponi-Paludi-1-1024x576.jpg 1024w, https:\/\/www.radiopiu.net\/wordpress\/wp-content\/uploads\/2021\/01\/Tamponi-Paludi-1-768x432.jpg 768w, https:\/\/www.radiopiu.net\/wordpress\/wp-content\/uploads\/2021\/01\/Tamponi-Paludi-1-1536x864.jpg 1536w, https:\/\/www.radiopiu.net\/wordpress\/wp-content\/uploads\/2021\/01\/Tamponi-Paludi-1.jpg 1600w\" sizes=\"auto, (max-width: 198px) 100vw, 198px\" \/><\/a>PUNTO TAMPONI STRAORDINARIO DOMANI A PALUDI<\/h3>\n<\/blockquote>\n<p><strong>BELLUNO <\/strong>L\u2019Ulss Dolomiti attiva per domani dalle 8.30 alle 12.30 un punto tamponi a Paludi per persone con sintomatologia covid, ad ACCESSO LIBERO. Sar\u00e0 presente un operatore sanitario per il triage all\u2019ingresso. NON \u00e8 quindi necessario chiamare il 118 o la Guardia medica per l\u2019impegnativa. Si invitano, quindi, le persone a NON rivolgersi al 118 per richieste di prescrizione di tampone.<\/p>\n<p>&nbsp;<\/p>\n<p>&nbsp;<\/p>\n<hr \/>\n<p>&nbsp;<\/p>\n<blockquote>\n<h3>E&#8217; MORTO GIORDANO TEGNER, TRA I FONDATORI DEL CORO MONTI DEL SOLE<\/h3>\n<\/blockquote>\n<p><strong><a class=\"dt-pswp-item\" href=\"https:\/\/www.radiopiu.net\/wordpress\/wp-content\/uploads\/2022\/11\/163356350-5aa676b1-5e70-4436-ae7d-9f3b8371578a.jpg\" data-dt-img-description=\"\" data-large_image_width=\"800\" data-large_image_height=\"450\"><img loading=\"lazy\" decoding=\"async\" class=\" wp-image-307177 alignleft\" src=\"https:\/\/www.radiopiu.net\/wordpress\/wp-content\/uploads\/2022\/11\/163356350-5aa676b1-5e70-4436-ae7d-9f3b8371578a-300x169.jpg\" alt=\"\" width=\"178\" height=\"100\" srcset=\"https:\/\/www.radiopiu.net\/wordpress\/wp-content\/uploads\/2022\/11\/163356350-5aa676b1-5e70-4436-ae7d-9f3b8371578a-300x169.jpg 300w, https:\/\/www.radiopiu.net\/wordpress\/wp-content\/uploads\/2022\/11\/163356350-5aa676b1-5e70-4436-ae7d-9f3b8371578a-768x432.jpg 768w, https:\/\/www.radiopiu.net\/wordpress\/wp-content\/uploads\/2022\/11\/163356350-5aa676b1-5e70-4436-ae7d-9f3b8371578a.jpg 800w\" sizes=\"auto, (max-width: 178px) 100vw, 178px\" \/><\/a>SOSPIROLO<\/strong> Il Coro Monti Del Sole piange uno dei suoi fondatori. Si \u00e8 spento a 84 anni Giordano Tegner, tenore del sodalizio nato nel 1971. Volto noto a Sospirolo ma non solo. In tanti in queste ore hanno appreso con tristezza la morte di Giordano. Lascia i figli Manuela, Katia e Luigi, il genero Silvano e parenti tutti. Le esequie si svolgeranno luned\u00ec alle 15 nella chiesa di Mas a Sedico. Giordano ultimamente era ospite della casa di riposo &#8220;Brandalise&#8221; a causa delle sue condizioni di salute. (FOTO: Corriere Delle Alpi)<\/p>\n<p>&nbsp;<\/p>\n<p>&nbsp;<\/p>\n<hr \/>\n<p>&nbsp;<\/p>\n<blockquote>\n<h3>RICERCHE CON ESITO NEGATIVO. DI DORIS NON C&#8217;E&#8217; TRACCIA<\/h3>\n<\/blockquote>\n<p><strong><a class=\"dt-pswp-item\" href=\"https:\/\/www.radiopiu.net\/wordpress\/wp-content\/uploads\/2022\/11\/IMG-20221118-WA0004.jpg\" data-dt-img-description=\"\" data-large_image_width=\"1600\" data-large_image_height=\"1200\"><img loading=\"lazy\" decoding=\"async\" class=\" wp-image-307180 alignleft\" src=\"https:\/\/www.radiopiu.net\/wordpress\/wp-content\/uploads\/2022\/11\/IMG-20221118-WA0004-300x225.jpg\" alt=\"\" width=\"160\" height=\"120\" srcset=\"https:\/\/www.radiopiu.net\/wordpress\/wp-content\/uploads\/2022\/11\/IMG-20221118-WA0004-300x225.jpg 300w, https:\/\/www.radiopiu.net\/wordpress\/wp-content\/uploads\/2022\/11\/IMG-20221118-WA0004-1024x768.jpg 1024w, https:\/\/www.radiopiu.net\/wordpress\/wp-content\/uploads\/2022\/11\/IMG-20221118-WA0004-768x576.jpg 768w, https:\/\/www.radiopiu.net\/wordpress\/wp-content\/uploads\/2022\/11\/IMG-20221118-WA0004-1536x1152.jpg 1536w, https:\/\/www.radiopiu.net\/wordpress\/wp-content\/uploads\/2022\/11\/IMG-20221118-WA0004.jpg 1600w\" sizes=\"auto, (max-width: 160px) 100vw, 160px\" \/><\/a>LONGARONE<\/strong> Sono proseguite per tutta la giornata le ricerche di Doris, la 51enne di Longarone, di cui non si hanno pi\u00f9 notizie dalla sera di marted\u00ec, giorno dell&#8217;ultimo <a class=\"dt-pswp-item\" href=\"https:\/\/www.radiopiu.net\/wordpress\/wp-content\/uploads\/2022\/11\/IMG-20221117-WA0002.jpg\" data-dt-img-description=\"\" data-large_image_width=\"328\" data-large_image_height=\"432\"><img loading=\"lazy\" decoding=\"async\" class=\"wp-image-306988 alignright\" src=\"https:\/\/www.radiopiu.net\/wordpress\/wp-content\/uploads\/2022\/11\/IMG-20221117-WA0002-228x300.jpg\" alt=\"\" width=\"136\" height=\"179\" srcset=\"https:\/\/www.radiopiu.net\/wordpress\/wp-content\/uploads\/2022\/11\/IMG-20221117-WA0002-228x300.jpg 228w, https:\/\/www.radiopiu.net\/wordpress\/wp-content\/uploads\/2022\/11\/IMG-20221117-WA0002.jpg 328w\" sizes=\"auto, (max-width: 136px) 100vw, 136px\" \/><\/a>contatto telefonico con i familiari. Ieri, fissato il campo base in zona Fiera, le squadre si sono spostate in vari punti per proseguire le perlustrazioni, dal momento che non c&#8217;\u00e8 alcuna indicazione precisa del luogo in cui la donna, allontanatasi a piedi, potesse essere diretta. Visionata tutta l&#8217;area della parte alta di Longarone, compresi i sentieri che era solita frequentare da ragazza. Controllata la diga del Vajont, le scarpate di Piave e Ma\u00e8, i percorsi tra Igne e Soffranco. Purtroppo non \u00e8 emerso nulla che possa ancora fare luce sulla sua scomparsa, come non \u00e8 arrivata alcuna segnalazione da persone che possano averla incrociata nei giorni scorsi. Le ricerche riprenderanno oggi alle 7.30. Erano presenti il Soccorso alpino di Longarone, Belluno, Alpago e Valle di Zoldo con i droni e il Gruppo forre, il Soccorso alpino della Guardia di finanza di Auronzo e Cortina, i Vigili del fuoco con i droni e l&#8217;elicottero che ha effettuato un sorvolo dall&#8217;alto.<\/p>\n<p>&nbsp;<\/p>\n<p>&nbsp;<\/p>\n<hr \/>\n<p>&nbsp;<\/p>\n<p><strong><a class=\"dt-pswp-item\" href=\"https:\/\/www.radiopiu.net\/wordpress\/wp-content\/uploads\/2022\/11\/Senza-nome-75.jpg\" data-dt-img-description=\"\" data-large_image_width=\"546\" data-large_image_height=\"611\"><img loading=\"lazy\" decoding=\"async\" class=\"wp-image-307211 alignleft\" src=\"https:\/\/www.radiopiu.net\/wordpress\/wp-content\/uploads\/2022\/11\/Senza-nome-75-268x300.jpg\" alt=\"\" width=\"124\" height=\"139\" srcset=\"https:\/\/www.radiopiu.net\/wordpress\/wp-content\/uploads\/2022\/11\/Senza-nome-75-268x300.jpg 268w, https:\/\/www.radiopiu.net\/wordpress\/wp-content\/uploads\/2022\/11\/Senza-nome-75.jpg 546w\" sizes=\"auto, (max-width: 124px) 100vw, 124px\" \/><\/a>TRICHIANA<\/strong> E&#8217; scomparsa un&#8217;altra persona a Trichiana. Si tratta di una donna anziana che i vigili del fuoco stanno cercando dal tardo pomeriggio di ieri. Insomma,\u00a0 con il fiato sospeso un&#8217;altra vallata. Il messaggio su facebook di <span dir=\"ltr\"><span class=\"\"><span class=\"xt0psk2\"><a class=\"x1i10hfl xjbqb8w x6umtig x1b1mbwd xaqea5y xav7gou x9f619 x1ypdohk xt0psk2 xe8uvvx xdj266r x11i5rnm xat24cr x1mh8g0r xexx8yu x4uap5 x18d9i69 xkhd6sd x16tdsg8 x1hl2dhg xggy1nq x1a2a7pz xt0b8zv xzsf02u x1s688f\" tabindex=\"0\" role=\"link\" href=\"https:\/\/www.facebook.com\/valery81974?__cft__[0]=AZWcPfUsfD2PBl_FetGfc8ojOBHbEHdyLgTof_iPbcmW8mt4tLqB9S-D76e3uRF7LZUORlmwEgD2oj62veKP5OueR-a6waFL1oy3lNy4fpiaUJtyRff4efILpnfFurRuOHeUu3pJGSHU3mNhrcCvbv0m&amp;__tn__=-UC%2CP-R\">Valeria Cristina Vilela<\/a><\/span><\/span><\/span><i class=\"x1b0d499 x1d69dk1\" data-visualcompletion=\"css-img\" aria-label=\"ha pubblicato qualcosa su\"><\/i> &#8220;Stiamo cercando Corina&#8230; Chi ha notizia ci contatti subito grazie 3298069277 Trichiana&#8221;<\/p>\n<p>Corina ha\u00a0 90 anni risiede in zona di Morgan,\u00a0 si \u00e8 allontanata di casa e intorno alle 18 chi era con lei si \u00e8 reso conto che era uscita. Non un segnale su dove potesse essere andata o sul suo rientro. Dunque si \u00e8 preferito dare l&#8217;allarme per le ricerche. Se ne sono perse le tracce nella zona di Morgan dove si \u00e8 concentrata la presenza dei soccorritori per tutta la notte: soccorso alpino, vigili del fuoco, polizia e carabinieri hanno mobilitato squadre su squadre per capire dove fosse finita la signora, classe 1932.Sono state battute anche le zone boscate nei dintorni della frazione come le strade, ma della donna nessuna traccia.<\/p>\n<p>&nbsp;<\/p>\n<p>&nbsp;<\/p>\n<hr \/>\n<p>&nbsp;<\/p>\n<blockquote>\n<h3>IL LADRO DELLA CONCA AGORDINA E&#8217; PURE ASSETATO E ADORA L&#8217;ALCOOL<\/h3>\n<\/blockquote>\n<p><a class=\"dt-pswp-item\" href=\"https:\/\/www.radiopiu.net\/wordpress\/wp-content\/uploads\/2022\/11\/Senza-nome-76.jpg\" data-dt-img-description=\"\" data-large_image_width=\"440\" data-large_image_height=\"287\"><img loading=\"lazy\" decoding=\"async\" class=\"size-medium wp-image-307216 alignleft\" src=\"https:\/\/www.radiopiu.net\/wordpress\/wp-content\/uploads\/2022\/11\/Senza-nome-76-300x196.jpg\" alt=\"\" width=\"300\" height=\"196\" srcset=\"https:\/\/www.radiopiu.net\/wordpress\/wp-content\/uploads\/2022\/11\/Senza-nome-76-300x196.jpg 300w, https:\/\/www.radiopiu.net\/wordpress\/wp-content\/uploads\/2022\/11\/Senza-nome-76.jpg 440w\" sizes=\"auto, (max-width: 300px) 100vw, 300px\" \/><\/a><strong>AGORDO<\/strong> Come gi\u00e0 ricordato nei precedenti notiziari alla radio sono cinque i furti messi a segno ad Agordo negli ultimi giorni sui quali indagano i Carabinieri di Agordo con la collaborazione dei colleghi della scientifica del Comando di Belluno. Per ora nessuna notizia circa il giovane\u00a0 &#8211; come confermano le immagini delle telecamere &#8211; ormai definito il topo d&#8217;appartamento di Agordo, a volte maldestro al punto da tentare per un&#8217;ora di aprire le porte di Villa Fiore arrivando al punto di prenderle a mazzate o tentare di incendiarla senza risultati concreti.\u00a0 Ai furti e tentati furti a Villa Fiore, alla casa di Paola Del Vecchio, alla Pizzeria Agordina e al bar del tennis, il quinto episodio di effrazione al bar, di propriet\u00e0 comunale, che serve sia il parco giochi che il bocciodromo in via Lungorova. L&#8217;episodio si \u00e8 verificato tra il 9 novembre e il 15 novembre. Ad accorgersi il gestore uscente, Ivan Bettini, \u00e8 andato al bar e ha constatato che qualcuno era entrato e aveva rubato quattro bottiglie di vino. Il bar del parco giochi \u00e8 stato chiuso dopo la fine della stagione estiva.<\/p>\n<p>&nbsp;<\/p>\n<p>&nbsp;<\/p>\n<hr \/>\n<p>&nbsp;<\/p>\n<blockquote>\n<h3>L&#8217;INAUGURAZIONE DEL CENTRO DI CONSERVAZIONE DELLA BIODIVERSITA&#8217; COLTIVATA<\/h3>\n<\/blockquote>\n<p><strong>SAN TOMASO<\/strong> Taglio del nastro al \u00a0Centro di conservazione della biodiversit\u00e0 coltivata e di promozione del turismo rurale nell\u2019ambito del progetto di cooperazione transnazionale \u201cL\u2019orto ritrovato\u201d. Il Centro, denominato \u201cOrti rupestri\u201d, ha l\u2019obiettivo di conservare, a fini divulgativi e culturali, le sementi delle specie autoctone per promuovere presso le popolazioni e i turisti delle aree geografiche interessate la conoscenza dei vegetali antichi e recuperarne le coltivazioni. La cerimonia si \u00e8 svolta ieri nella parte di edificio che ospitava la scuola primaria, ubicato nella frazione di Celat.<\/p>\n<p><strong>DIRETTA RADIO PIU<\/strong><\/p>\n<p lang=\"it-IT\" align=\"JUSTIFY\"><span style=\"color: #000000;\"><span style=\"font-family: Calibri, sans-serif;\"><span style=\"font-size: small;\"><span style=\"font-family: Times New Roman, serif;\"><span style=\"font-size: medium;\">Ieri inaugurato <\/span><\/span><span style=\"font-family: Times New Roman, serif;\">il \u201cCentro per la raccolta, conservazione e riproduzione dei semi delle antiche variet\u00e0 locali\u201d. Nella sale della ex scuola elementare di Celat di San Tomaso, girovagando tra le aule, si possono osservare le varie testimonianze di colture e le varie documentazioni sui \u201ccustodi\u201d delle sapienze antiche, in specifico quelle relative all\u2019orzo. All\u2019esterno dell\u2019edificio una opera artistica preannuncia la sede di raccolta e l\u2019autore \u00e8 il \u201cdipintore di muri\u201d falcadino Dunio Piccolin; a coordinare il progetto, a nome dell\u2019Amministrazione Comunale di San Tomaso guidata da Moreno De Val, \u00e8 il vice sindaco Maria Jose\u2019 Gaiardo. \u201cDetto e fatto\u201d e in breve spazio temporale dal 28 settembre all\u201911 novembre 2022 l\u2019opera a graffito \u00e8 iniziata ed inaugurata: ad accogliere i visitatori \u00e8 uno spazio di 7 metri quadrati con alcune sequenze di persone affaccendate nella lavorazione dell\u2019orzo e sullo sfondo la chiesa parrocchiale locale e il monte Civetta. La tecnica, illustrata brevemente dall\u2019autore, \u00e8 quella del graffito, o \u201csgraffito\u201d, che consiste nell\u2019applicare sulla parete due o tre strati di intonaco colorato per poi \u201cgraffiare\u201d, togliere la parte desiderata, con degli appositi attrezzi, per comporre il disegno finale. <\/span><\/span><\/span><\/span><span style=\"font-family: 'Times New Roman', serif; font-size: small; color: #000000;\">Una mattinata, quella di venerd\u00ec, proseguita con il conviviale benvenuto al nuovo sito museale annunciato dal sindaco Moreno De Val, dall\u2019Assessore della Regione Veneto Federio Caner, dal Consigliere Regionale Silvia Cestaro e dal sindaco di Cencenighe Agordino e Presidente del GAL Mauro Soppelsa. Relatore dell\u2019incontro \u00e8 Orazio Andrich che assieme al figlio Cesare \u00e8 uno degli ideatori del Centro. Un brindisi conviviale si \u00e8 poi svolto alla Vertik Arena organizzato dalla nuova gestione ad opera di tre giovani ai quali va un grande \u201cin bocca al lupo\u201d.<\/span><\/p>\n<p>https:\/\/www.facebook.com\/marco.baghy.1\/videos\/2126222004228820\/?<\/p>\n<p>&nbsp;<\/p>\n<hr \/>\n<p>&nbsp;<\/p>\n<div class=\"page-title-head hgroup\">\n<blockquote>\n<h3 class=\"entry-title\">APRE OGGI IL VERTIK RUSTIK BAR A SAN TOMASO -ARCHIVIO RADIOPIU-<\/h3>\n<\/blockquote>\n<\/div>\n<p><strong>DAI NOTIZIARI DEL 29 SETTEMBRE<\/strong><\/p>\n<p><strong><img loading=\"lazy\" decoding=\"async\" class=\"alignleft\" src=\"https:\/\/www.radiopiu.net\/wordpress\/wp-content\/uploads\/2022\/09\/af9ac705-49e3-4c0e-a9e4-03c37c3c43f4.jpg\" width=\"134\" height=\"238\" \/>SAN TOMASO.<\/strong> Sono Elisa Vattai, il fratello Mauro e Roberta D\u2019Arrigo i nuovi gestori del bar-ristorante di propriet\u00e0 comunale annesso alla Vertik Area, la palestra di arrampicata di San Tomaso. I tre, rispettivamente 36, 30 e 28 anni, sono stati gli unici a partecipare al bando pubblicato dal Comune il 24 agosto e scaduto a met\u00e0 settembre. Si apre una nuova fase<em>. \u00abTutti tre \u2013 spiega Elisa Vattai \u2013 abbiamo sempre lavorato nel settore (rifugi, ristoranti, alberghi); mio fratello Mauro \u00e8 inoltre accompagnatore di mezza montagna e quindi vicino a quello che viene proposto nella Vertik Area; Roberta \u00e8 invece maestra di snowboard a dimostrazione di un attaccamento alla montagna e alle opportunit\u00e0 che essa offre anche nell\u2019ambito sportivo e turistico\u00bb. <\/em>Per Elisa e Mauro (che abitano a Canale) e Roberta (originaria di Santa Giustina, ma da quasi dieci anni in Agordino) sar\u00e0 la prima esperienza in proprio dopo tanti anni da dipendenti<em>. \u00abLa cosa \u00e8 nata in maniera inattesa \u2013 spiega Elisa che da 17 anni lavorava al rifugio Gigio Picol \u2013 un giorno Valerio Scarpa, il gestore della Vertik Area, ci ha chiesto se conoscevamo qualcuno interessato al bar-ristorante annesso. Cos\u00ec ci siamo detti: &#8220;Perch\u00e9 non proviamo noi?&#8221;. Abbiamo partecipato al bando e lo abbiamo vinto. Il contratto, 4320 euro l\u2019anno, sar\u00e0 di sette anni con possibilit\u00e0 di rinnovo\u00bb. <\/em>I nuovi gestori sono animati da buona volont\u00e0 e da idee.<em> \u00abIdee \u2013 dicono \u2013 che in questi anni non abbiamo potuto mettere a frutto perch\u00e9 eravamo dipendenti. Ora proveremo. Al momento apriremo un bar-paninoteca con qualche possibilit\u00e0 di piatti. Sar\u00e0 ad ogni modo un\u2019offerta &#8220;easy&#8221;, veloce e agile, pensata soprattutto per gli utenti della palestra, ma non solo. Abbiamo gi\u00e0 il nostro giro di amici-clienti che sicuramente verranno a farci visita e questo ci consente di partire con fiducia. Poi, un po\u2019 alla volta, metteremo in campo nuove idee: la struttura \u00e8 isolata, dispone di un ampio parcheggio e dello spazio per fare musica\u00bb.<\/em> Soddisfatto il sindaco De Val. \u00ab<em>Noi siamo super contenti \u2013 dice &#8211; \u00c8 una squadra giovane e, tra l\u2019altro, il padre di Elisa e Mauro \u00e8 di San Tomaso\u00bb.<\/em><\/p>\n<p>&nbsp;<\/p>\n<hr \/>\n<p>&nbsp;<\/p>\n<blockquote>\n<h3>LA TERZA RINUNCIA PER L&#8217;UFFICIO TECNICO DI RIVAMONTE<\/h3>\n<\/blockquote>\n<p>&nbsp;<\/p>\n<p style=\"text-align: left;\"><strong><a class=\"dt-pswp-item\" href=\"https:\/\/www.radiopiu.net\/wordpress\/wp-content\/uploads\/2021\/05\/GIOVANNI-DEON.jpg\" data-dt-img-description=\"NINO DEON\" data-large_image_width=\"228\" data-large_image_height=\"221\"><img loading=\"lazy\" decoding=\"async\" class=\"size-full wp-image-212771 alignleft\" src=\"https:\/\/www.radiopiu.net\/wordpress\/wp-content\/uploads\/2021\/05\/GIOVANNI-DEON.jpg\" alt=\"\" width=\"228\" height=\"221\" \/><\/a>DI\u00a0 GIANNI SANTOMASO<\/strong><\/p>\n<p><strong>RIVAMONTE<\/strong>\u00a0 \u00a0Anche il terzo candidato al posto di responsabile dell&#8217;ufficio tecnico del Comune ha rinunciato all&#8217;incarico. Dunque \u00e8 tutto da rifare per l&#8217;amministrazione guidata da Nino Deon che dal 9 aprile \u00e8 di fatto senza il titolare dell&#8217;ufficio tecnico. Gi\u00e0 prima del pensionamento del geometra Luigi Fossen, infatti, era stato emesso un avviso per un incarico a contratto che, tuttavia, aveva avuto esito negativo: nessuna istanza. L&#8217;avviso era poi stato seguito da un bando per l&#8217;assunzione di un istruttore tecnico di categoria D1 ma l&#8217;unico candidato idoneo dei due presentatisi non aveva poi accettato il posto.Ora \u00e8 certo che anche il secondo bando lanciato il primo luglio non ha sortito gli effetti sperati. Dopo le rinunce dei primi due classificati, ieri \u00e8 arrivata pure quella del terzo. Al momento, dunque, l&#8217;ufficio tecnico rimarr\u00e0 sotto la responsabilit\u00e0 dell&#8217;assessore comunale Alessandro Maguolo che \u00e8 coadiuvato da due professionisti esterni, uno per i lavori pubblici e l&#8217;altro per l&#8217;urbanistica. &#8212;<\/p>\n<p>&nbsp;<\/p>\n<p><strong>IERI ALLA RADIO\u00a0<\/strong><\/p>\n<p><strong><img loading=\"lazy\" decoding=\"async\" class=\"alignleft\" src=\"https:\/\/www.radiopiu.net\/wordpress\/wp-content\/uploads\/2021\/09\/DJI_0034-300x225.jpg\" width=\"155\" height=\"116\" \/>RIVAMONTE<\/strong><br \/>\n<strong>DI GIANNI SANTOMASO\u00a0<\/strong><\/p>\n<p>&nbsp;<\/p>\n<audio class=\"wp-audio-shortcode\" id=\"audio-307014-1\" preload=\"none\" style=\"width: 100%;\" controls=\"controls\"><source type=\"audio\/mpeg\" src=\"https:\/\/www.radiopiu.net\/wordpress\/wp-content\/uploads\/2022\/11\/rivamonte-gianni.mp3?_=1\" \/><a href=\"https:\/\/www.radiopiu.net\/wordpress\/wp-content\/uploads\/2022\/11\/rivamonte-gianni.mp3\">https:\/\/www.radiopiu.net\/wordpress\/wp-content\/uploads\/2022\/11\/rivamonte-gianni.mp3<\/a><\/audio>\n<p>&nbsp;<\/p>\n<p>&nbsp;<\/p>\n<p>&nbsp;<\/p>\n<p>&nbsp;<\/p>\n<hr \/>\n<p>&nbsp;<\/p>\n<blockquote>\n<h3>L\u2019 ASSOCIAZIONE ITALIANA PERSONE DOWN (AIPD) IN VISITA ALLA SEDE DEI VIGILI DEL FUOCO DI BELLUNO<\/h3>\n<\/blockquote>\n<p style=\"font-weight: 400;\"><strong>BELLUNO <\/strong>Una visita per far conoscere ai ragazzi dell\u2019Associazione Italiana Persone Down (AIPD) ONLUS della sezione della provincia di Belluno, i mezzi e per provare alcune attivit\u00e0 come lo spegnimento di piccoli incendi con estintori e manichette. L\u2019incontro svolto nei giorni scorsi nella sede\u00a0 del comando provinciale dei vigili del fuoco di Belluno \u00e8 stato organizzato a seguito dell\u2019incontro formativo, svolto a fine aprile, che aveva avuto lo scopo di approfondire i temi della disabilit\u00e0 intellettiva, delle modalit\u00e0 di relazione ed approccio con le persone con sindrome di Down. In particolar modo nell\u2019incontro\u00a0 \u00e8 stata approfondita la gestione di una telefonata o un intervento di soccorso con persone con disabilit\u00e0 intellettiva. L\u2019ottima riuscita dell\u2019incontro con i ragazzi entusiasti di aver partecipato all\u2019esperienza, con la presenza di un assistente, ha dato il via ad una proficua collaborazione per incontri futuri. L\u2019esperienza \u00e8 stata possibile grazie alle \u201cazioni realizzate entro il Progetto Community UP!, finanziato dalla Regione Veneto con risorse Statali del Ministero del Lavoro e delle Politiche Sociali.\u201d<\/p>\n\n\t\t\t<style type='text\/css'>\n\t\t\t\t#gallery-2 {\n\t\t\t\t\tmargin: auto;\n\t\t\t\t}\n\t\t\t\t#gallery-2 .gallery-item {\n\t\t\t\t\tfloat: left;\n\t\t\t\t\tmargin-top: 10px;\n\t\t\t\t\ttext-align: center;\n\t\t\t\t\twidth: 25%;\n\t\t\t\t}\n\t\t\t\t#gallery-2 img {\n\t\t\t\t\tborder: 2px solid #cfcfcf;\n\t\t\t\t}\n\t\t\t\t#gallery-2 .gallery-caption {\n\t\t\t\t\tmargin-left: 0;\n\t\t\t\t}\n\t\t\t\t\/* see gallery_shortcode() in wp-includes\/media.php *\/\n\t\t\t<\/style>\n\t\t<div id='gallery-2' class='dt-gallery-container gallery galleryid-307014 gallery-columns-4 gallery-size-thumbnail'><dl class='gallery-item'>\n\t\t\t\t<dt class='gallery-icon portrait'>\n\t\t\t\t\t<a class=\"rollover rollover-zoom dt-pswp-item\" title=\"6EF76EC1-04CD-4191-A64F-7AE5F1E86FF3\" data-dt-img-description=\"\" data-large_image_width=\"900\" data-large_image_height=\"1312\"href='https:\/\/www.radiopiu.net\/wordpress\/wp-content\/uploads\/2022\/11\/6EF76EC1-04CD-4191-A64F-7AE5F1E86FF3.jpeg'><img loading=\"lazy\" decoding=\"async\" width=\"150\" height=\"150\" src=\"https:\/\/www.radiopiu.net\/wordpress\/wp-content\/uploads\/2022\/11\/6EF76EC1-04CD-4191-A64F-7AE5F1E86FF3-150x150.jpeg\" class=\"attachment-thumbnail size-thumbnail\" alt=\"\" \/><\/a>\n\t\t\t\t<\/dt><\/dl><dl class='gallery-item'>\n\t\t\t\t<dt class='gallery-icon landscape'>\n\t\t\t\t\t<a class=\"rollover rollover-zoom dt-pswp-item\" title=\"77B2A3DF-CE2D-44F0-A6CD-320C88B20643\" data-dt-img-description=\"\" data-large_image_width=\"900\" data-large_image_height=\"642\"href='https:\/\/www.radiopiu.net\/wordpress\/wp-content\/uploads\/2022\/11\/77B2A3DF-CE2D-44F0-A6CD-320C88B20643.jpeg'><img loading=\"lazy\" decoding=\"async\" width=\"150\" height=\"150\" src=\"https:\/\/www.radiopiu.net\/wordpress\/wp-content\/uploads\/2022\/11\/77B2A3DF-CE2D-44F0-A6CD-320C88B20643-150x150.jpeg\" class=\"attachment-thumbnail size-thumbnail\" alt=\"\" \/><\/a>\n\t\t\t\t<\/dt><\/dl><dl class='gallery-item'>\n\t\t\t\t<dt class='gallery-icon portrait'>\n\t\t\t\t\t<a class=\"rollover rollover-zoom dt-pswp-item\" title=\"82F64237-EFDF-4B72-9B26-6D8FF22CDB72\" data-dt-img-description=\"\" data-large_image_width=\"900\" data-large_image_height=\"1270\"href='https:\/\/www.radiopiu.net\/wordpress\/wp-content\/uploads\/2022\/11\/82F64237-EFDF-4B72-9B26-6D8FF22CDB72.jpeg'><img loading=\"lazy\" decoding=\"async\" width=\"150\" height=\"150\" src=\"https:\/\/www.radiopiu.net\/wordpress\/wp-content\/uploads\/2022\/11\/82F64237-EFDF-4B72-9B26-6D8FF22CDB72-150x150.jpeg\" class=\"attachment-thumbnail size-thumbnail\" alt=\"\" \/><\/a>\n\t\t\t\t<\/dt><\/dl><dl class='gallery-item'>\n\t\t\t\t<dt class='gallery-icon portrait'>\n\t\t\t\t\t<a class=\"rollover rollover-zoom dt-pswp-item\" title=\"B655E451-0443-4908-BFA5-9CC050E8F4ED\" data-dt-img-description=\"\" data-large_image_width=\"900\" data-large_image_height=\"1270\"href='https:\/\/www.radiopiu.net\/wordpress\/wp-content\/uploads\/2022\/11\/B655E451-0443-4908-BFA5-9CC050E8F4ED.jpeg'><img loading=\"lazy\" decoding=\"async\" width=\"150\" height=\"150\" src=\"https:\/\/www.radiopiu.net\/wordpress\/wp-content\/uploads\/2022\/11\/B655E451-0443-4908-BFA5-9CC050E8F4ED-150x150.jpeg\" class=\"attachment-thumbnail size-thumbnail\" alt=\"\" \/><\/a>\n\t\t\t\t<\/dt><\/dl><br style=\"clear: both\" \/><dl class='gallery-item'>\n\t\t\t\t<dt class='gallery-icon portrait'>\n\t\t\t\t\t<a class=\"rollover rollover-zoom dt-pswp-item\" title=\"C2D89E4D-05C1-4565-809F-CDB33C4B9558\" data-dt-img-description=\"\" data-large_image_width=\"900\" data-large_image_height=\"1060\"href='https:\/\/www.radiopiu.net\/wordpress\/wp-content\/uploads\/2022\/11\/C2D89E4D-05C1-4565-809F-CDB33C4B9558.jpeg'><img loading=\"lazy\" decoding=\"async\" width=\"150\" height=\"150\" src=\"https:\/\/www.radiopiu.net\/wordpress\/wp-content\/uploads\/2022\/11\/C2D89E4D-05C1-4565-809F-CDB33C4B9558-150x150.jpeg\" class=\"attachment-thumbnail size-thumbnail\" alt=\"\" \/><\/a>\n\t\t\t\t<\/dt><\/dl><dl class='gallery-item'>\n\t\t\t\t<dt class='gallery-icon portrait'>\n\t\t\t\t\t<a class=\"rollover rollover-zoom dt-pswp-item\" title=\"1107C274-F5BB-441F-9355-41AF9F4F0BCB\" data-dt-img-description=\"\" data-large_image_width=\"900\" data-large_image_height=\"1306\"href='https:\/\/www.radiopiu.net\/wordpress\/wp-content\/uploads\/2022\/11\/1107C274-F5BB-441F-9355-41AF9F4F0BCB.jpeg'><img loading=\"lazy\" decoding=\"async\" width=\"150\" height=\"150\" src=\"https:\/\/www.radiopiu.net\/wordpress\/wp-content\/uploads\/2022\/11\/1107C274-F5BB-441F-9355-41AF9F4F0BCB-150x150.jpeg\" class=\"attachment-thumbnail size-thumbnail\" alt=\"\" \/><\/a>\n\t\t\t\t<\/dt><\/dl><dl class='gallery-item'>\n\t\t\t\t<dt class='gallery-icon portrait'>\n\t\t\t\t\t<a class=\"rollover rollover-zoom dt-pswp-item\" title=\"7DEF519C-8EAA-4AB0-BD61-BB8F1978AE7A\" data-dt-img-description=\"\" data-large_image_width=\"900\" data-large_image_height=\"1288\"href='https:\/\/www.radiopiu.net\/wordpress\/wp-content\/uploads\/2022\/11\/7DEF519C-8EAA-4AB0-BD61-BB8F1978AE7A.jpeg'><img loading=\"lazy\" decoding=\"async\" width=\"150\" height=\"150\" src=\"https:\/\/www.radiopiu.net\/wordpress\/wp-content\/uploads\/2022\/11\/7DEF519C-8EAA-4AB0-BD61-BB8F1978AE7A-150x150.jpeg\" class=\"attachment-thumbnail size-thumbnail\" alt=\"\" \/><\/a>\n\t\t\t\t<\/dt><\/dl>\n\t\t\t\t<br style='clear: both' \/>\n\t\t\t<\/div>\n\n<p>&nbsp;<\/p>\n<hr \/>\n<p>&nbsp;<\/p>\n<blockquote>\n<h3>INVESTITA UNA LUPA A SAGROGNA<\/h3>\n<\/blockquote>\n<p><strong><a class=\"dt-pswp-item\" href=\"https:\/\/www.radiopiu.net\/wordpress\/wp-content\/uploads\/2022\/11\/PHOTO-2022-11-18-17-14-34.jpg\" data-dt-img-description=\"\" data-large_image_width=\"1134\" data-large_image_height=\"1512\"><img loading=\"lazy\" decoding=\"async\" class=\" wp-image-307159 alignleft\" src=\"https:\/\/www.radiopiu.net\/wordpress\/wp-content\/uploads\/2022\/11\/PHOTO-2022-11-18-17-14-34-225x300.jpg\" alt=\"\" width=\"158\" height=\"211\" srcset=\"https:\/\/www.radiopiu.net\/wordpress\/wp-content\/uploads\/2022\/11\/PHOTO-2022-11-18-17-14-34-225x300.jpg 225w, https:\/\/www.radiopiu.net\/wordpress\/wp-content\/uploads\/2022\/11\/PHOTO-2022-11-18-17-14-34-768x1024.jpg 768w, https:\/\/www.radiopiu.net\/wordpress\/wp-content\/uploads\/2022\/11\/PHOTO-2022-11-18-17-14-34.jpg 1134w\" sizes=\"auto, (max-width: 158px) 100vw, 158px\" \/><\/a><\/strong><strong>BELLUNO<\/strong> E&#8217; stata ritrovata ieri mattina a bordo strada una lupa che era stata investita da un veicolo. Il ritrovamento a Sagrogna dove la Polizia Provinciale \u00e8 intervenuta per recuperare l&#8217;animale morto. Non \u00e8 la prima volta che un lupo viene investito sulle strade del bellunese. Lo scorso aprile l&#8217;ultimo caso quando in Val di Zoldo sulla provinciale 347 era stato investito un esemplare maschio.\u00abSi tratta di un esemplare femmina, probabilmente di un anno e mezzo, nato nel corso del 2021\u00bb spiega il consigliere provinciale delegato a caccia e pesca, Franco De Bon. \u00abL\u2019animale pesava 28 chilogrammi ed \u00e8 stato investito nella zona dove appena qualche giorno fa era stata registrata una predazione su un piccolo gregge di pecore detenuto da un hobbista\u00bb. L\u2019investimento \u00e8 avvenuto con ogni probabilit\u00e0 durante la notte; l\u2019investitore non si \u00e8 fermato e non ha denunciato l\u2019accaduto. Le segnalazioni alla Polizia Provinciale, infatti, sono arrivate di prima mattina e gli agenti hanno provveduto a recarsi sul posto. I rilievi sono stati effettuati dal comandante Oscar Da Rold, che assieme ai suoi uomini ha portato la carcassa nella sede delle guardie provinciali. La lupa poi \u00e8 stata trasferita all\u2019Istituto zooprofilattico per gli esami del caso (genetici e anatomici), secondo protocollo.<\/p>\n<p>&nbsp;<\/p>\n<p>&nbsp;<\/p>\n<hr \/>\n<p>&nbsp;<\/p>\n<blockquote>\n<h3>UN ALTRO LUPO INVESTITO. QUESTA VOLTA A VALLADA<\/h3>\n<\/blockquote>\n<p><strong><a class=\"dt-pswp-item\" href=\"https:\/\/www.radiopiu.net\/wordpress\/wp-content\/uploads\/2022\/11\/Schermata-2022-11-18-alle-21.37.02.png\" data-dt-img-description=\"\" data-large_image_width=\"1390\" data-large_image_height=\"914\"><img loading=\"lazy\" decoding=\"async\" class=\" wp-image-307195 alignleft\" src=\"https:\/\/www.radiopiu.net\/wordpress\/wp-content\/uploads\/2022\/11\/Schermata-2022-11-18-alle-21.37.02-300x197.png\" alt=\"\" width=\"193\" height=\"127\" srcset=\"https:\/\/www.radiopiu.net\/wordpress\/wp-content\/uploads\/2022\/11\/Schermata-2022-11-18-alle-21.37.02-300x197.png 300w, https:\/\/www.radiopiu.net\/wordpress\/wp-content\/uploads\/2022\/11\/Schermata-2022-11-18-alle-21.37.02-1024x673.png 1024w, https:\/\/www.radiopiu.net\/wordpress\/wp-content\/uploads\/2022\/11\/Schermata-2022-11-18-alle-21.37.02-768x505.png 768w, https:\/\/www.radiopiu.net\/wordpress\/wp-content\/uploads\/2022\/11\/Schermata-2022-11-18-alle-21.37.02.png 1390w\" sizes=\"auto, (max-width: 193px) 100vw, 193px\" \/><\/a> <\/strong><\/p>\n<p><strong>\u00a0<\/strong><\/p>\n<p><strong>VALLADA<\/strong> Secondo esemplare di lupo investito in una giornata. Questa volta a Vallada dove un veicolo ha centrato in pieno l&#8217;animale. Un lupo giovane a quanto pare dalla foto. La carcassa dell&#8217;animale \u00e8 stata affidata a chi di dovere. Il fatto \u00e8 successo attorno alle 18:30 di ieri lungo la 346 del Passo San Pellegrino tra i comuni di Vallada e Canale D&#8217;Agordo.<\/p>\n<p>&nbsp;<\/p>\n<p>&nbsp;<\/p>\n<p>&nbsp;<\/p>\n<hr \/>\n<p>&nbsp;<\/p>\n<blockquote>\n<h3>GIUSTO PER RICORDARE AGLI ENTI PREPOSTI CHE ABBIAMO UN PROBLEMA<\/h3>\n<\/blockquote>\n<p><strong>SEDICO\u00a0<\/strong> Rettilineo di Candaten, non sappiamo chi sia l&#8217;autrice del video, ma mette in evidenza che il Parco Nazionale Dolomiti Bellunesi (sul suo territorio), Veneto Strade (sulla strade che gestisce), gli automobilisti in transito hanno un problemino. Quotidiano.<\/p>\n<div style=\"width: 426px;\" class=\"wp-video\"><video class=\"wp-video-shortcode\" id=\"video-307014-1\" width=\"426\" height=\"234\" preload=\"metadata\" controls=\"controls\"><source type=\"video\/mp4\" src=\"https:\/\/www.radiopiu.net\/wordpress\/wp-content\/uploads\/2022\/11\/WhatsApp-Video-2022-11-18-at-09.47.24-3.mp4?_=1\" \/><a href=\"https:\/\/www.radiopiu.net\/wordpress\/wp-content\/uploads\/2022\/11\/WhatsApp-Video-2022-11-18-at-09.47.24-3.mp4\">https:\/\/www.radiopiu.net\/wordpress\/wp-content\/uploads\/2022\/11\/WhatsApp-Video-2022-11-18-at-09.47.24-3.mp4<\/a><\/video><\/div>\n<p>&nbsp;<\/p>\n<hr \/>\n<p>&nbsp;<\/p>\n<blockquote>\n<h3>STRADE DI MONTAGNA, PERICOLI IN AGGUATO&#8230;<\/h3>\n<\/blockquote>\n<p><strong>LA VALLE<\/strong> Poco prima del ponte della Missiaga, non solo Candaten a conferma che tutto il tratto della regionale 203 agordina dalla Valbelluna ai passi dolomitici \u00e8 una continua roulette russa&#8230;Anche in questo caso il video \u00e8 in rete e non conosciamo l&#8217;autore.<\/p>\n<p>&nbsp;<\/p>\n<p>&nbsp;<\/p>\n<div style=\"width: 640px;\" class=\"wp-video\"><video class=\"wp-video-shortcode\" id=\"video-307014-2\" width=\"640\" height=\"352\" preload=\"metadata\" controls=\"controls\"><source type=\"video\/mp4\" src=\"https:\/\/www.radiopiu.net\/wordpress\/wp-content\/uploads\/2022\/11\/WhatsApp-Video-2022-11-18-at-17.01.32.mp4?_=2\" \/><a href=\"https:\/\/www.radiopiu.net\/wordpress\/wp-content\/uploads\/2022\/11\/WhatsApp-Video-2022-11-18-at-17.01.32.mp4\">https:\/\/www.radiopiu.net\/wordpress\/wp-content\/uploads\/2022\/11\/WhatsApp-Video-2022-11-18-at-17.01.32.mp4<\/a><\/video><\/div>\n<p>&nbsp;<\/p>\n<hr \/>\n<p>&nbsp;<\/p>\n<blockquote>\n<h3 class=\"entry-title\">LA PIAZZA DI PIEVE SARA\u2019 INTITOLATA A CATARINA LANZ<\/h3>\n<\/blockquote>\n<p><strong class=\"photoswipe-wrapper\"><a class=\"dt-pswp-item pspw-wrap-ready\" href=\"https:\/\/www.radiopiu.net\/wordpress\/wp-content\/uploads\/2022\/11\/89b21dcf-dfa1-4f41-9fe2-612166d5a32e.jpg\" data-dt-img-description=\"\" data-large_image_width=\"971\" data-large_image_height=\"1376\"><img loading=\"lazy\" decoding=\"async\" class=\"size-medium wp-image-307123 alignleft\" src=\"https:\/\/www.radiopiu.net\/wordpress\/wp-content\/uploads\/2022\/11\/89b21dcf-dfa1-4f41-9fe2-612166d5a32e-212x300.jpg\" sizes=\"auto, (max-width: 212px) 100vw, 212px\" srcset=\"https:\/\/www.radiopiu.net\/wordpress\/wp-content\/uploads\/2022\/11\/89b21dcf-dfa1-4f41-9fe2-612166d5a32e-212x300.jpg 212w, https:\/\/www.radiopiu.net\/wordpress\/wp-content\/uploads\/2022\/11\/89b21dcf-dfa1-4f41-9fe2-612166d5a32e-723x1024.jpg 723w, https:\/\/www.radiopiu.net\/wordpress\/wp-content\/uploads\/2022\/11\/89b21dcf-dfa1-4f41-9fe2-612166d5a32e-768x1088.jpg 768w, https:\/\/www.radiopiu.net\/wordpress\/wp-content\/uploads\/2022\/11\/89b21dcf-dfa1-4f41-9fe2-612166d5a32e.jpg 971w\" alt=\"\" width=\"212\" height=\"300\" \/><\/a>LIVINALLONGO<\/strong> La Giunta comunale presieduta dal sindaco, Leandro Grones, ha deliberato di approvare l\u2019intitolazione \u201cPiazza Catarina Lanz\/Plaza Catarina Lanz\u201d della piazza a Pieve di Livinallongo antistante al Municipio e continua alla Chiesa di San Giacomo Maggiore. Il provvedimento \u00e8 gi\u00e0 stato inviato agli uffici della Prefettura di Belluno, la formale intitolazione potr\u00e0 avvenire non appena sar\u00e0 fatta pervenire in Comune l\u2019autorizzazione del Prefetto. La piazza \u00e8 caratterizzata dalla presenza, da oltre un secolo, di una imponente statua che ritrae a figura intera Catarina Lanz, una donna di umili origini che si contraddistinse per il fervore profuso in difesa della libert\u00e0 e della vita dei suoi concittadini nella seconda met\u00e0 del XVIII secolo. Pur non risultando nell\u2019odonomastica, con una deliberazione del Regio Podest\u00e0 datata 26 novembre 1929 alla piazza fu dato il nome di \u201cPiazza 7 novembre 1918\u201d,\u00a0<a class=\"dt-pswp-item pspw-wrap-ready\" href=\"https:\/\/www.radiopiu.net\/wordpress\/wp-content\/uploads\/2022\/11\/14aa63be-c210-4175-b8eb-d42143626670.jpg\" data-dt-img-description=\"\" data-large_image_width=\"1125\" data-large_image_height=\"1516\"><img loading=\"lazy\" decoding=\"async\" class=\"size-medium wp-image-307124 alignright\" src=\"https:\/\/www.radiopiu.net\/wordpress\/wp-content\/uploads\/2022\/11\/14aa63be-c210-4175-b8eb-d42143626670-223x300.jpg\" sizes=\"auto, (max-width: 223px) 100vw, 223px\" srcset=\"https:\/\/www.radiopiu.net\/wordpress\/wp-content\/uploads\/2022\/11\/14aa63be-c210-4175-b8eb-d42143626670-223x300.jpg 223w, https:\/\/www.radiopiu.net\/wordpress\/wp-content\/uploads\/2022\/11\/14aa63be-c210-4175-b8eb-d42143626670-760x1024.jpg 760w, https:\/\/www.radiopiu.net\/wordpress\/wp-content\/uploads\/2022\/11\/14aa63be-c210-4175-b8eb-d42143626670-768x1035.jpg 768w, https:\/\/www.radiopiu.net\/wordpress\/wp-content\/uploads\/2022\/11\/14aa63be-c210-4175-b8eb-d42143626670.jpg 1125w\" alt=\"\" width=\"223\" height=\"300\" \/><\/a>riportando tale indicazione su una di targa sulla parete esterna dell\u2019Albergo Alpino che si affaccia sulla piazza. Le associazioni culturali locali e pi\u00f9 in generale la cittadinanza hanno reclamato in pi\u00f9 occasioni all\u2019Amministrazione di titolare la piazza in Pieve a Catarina Lanz, onorando cos\u00ec pi\u00f9 in generale l\u2019innegabile funzione ricoperta dalle donne per la crescita di realt\u00e0 povere e disagiate tipiche delle societ\u00e0 rurali-montane. Emerge dunque \u00a0il profilo di una donna dal forte temperamento, devota e molto apprezzata dalla comunit\u00e0. La volont\u00e0 dell\u2019 amministrazione \u00e8 dedicare la piazza capoluogo a Catarina Lanz anche quale segno tangibile del fondamentale ruolo che le donne rivestono a livello globale in ogni ambito dello scibile umano. Inoltre l\u2019amministrazione Grones gi\u00e0 ha intrapreso iniziative anche a favore delle donne in difficolt\u00e0 e oggetto di violenza, sostenendo l\u2019Associazione Belluno-Donna e aderito\u00a0 all\u2019iniziativa \u201cNon solo un simbolo\u201d promossa dall\u2019Associazione Scarpetta Rossa APS.<\/p>\n<p>&nbsp;<\/p>\n<blockquote><p><em><strong>USO DEL NOME CATARINA LANZ Dai documenti storici risulterebbe il nome di Catharina Lanz, poi tradotto negli idiomi ladini della Val Badia e Fodom in Catarina come riporta l\u2019opera biografica Catarina Lanz di Lois Craffonara ed Helga Dorsch e nel dizionario Ladino-Fodon-Italiano-Tedesco di Sergio Masarei.<\/strong><\/em><\/p><\/blockquote>\n<p>&nbsp;<\/p>\n<p>&nbsp;<\/p>\n<hr \/>\n<p>&nbsp;<\/p>\n<blockquote>\n<h3>VIOLENZA CONTRO LE DONNE. CONFINDUSTRIA BELLUNO DOLOMITI CON BELLUNO DONNA ORGANIZZA UN PERCORSO DI SENSIBILIZZAZIONE RIVOLTO ALLE IMPRESE<\/h3>\n<\/blockquote>\n<p><strong><a class=\"dt-pswp-item\" href=\"https:\/\/www.radiopiu.net\/wordpress\/wp-content\/uploads\/2019\/09\/Lorraine_Berton.jpg\" data-dt-img-description=\"\" data-large_image_width=\"767\" data-large_image_height=\"768\"><img loading=\"lazy\" decoding=\"async\" class=\" wp-image-99105 alignleft\" src=\"https:\/\/www.radiopiu.net\/wordpress\/wp-content\/uploads\/2019\/09\/Lorraine_Berton-300x300.jpg\" alt=\"\" width=\"140\" height=\"140\" srcset=\"https:\/\/www.radiopiu.net\/wordpress\/wp-content\/uploads\/2019\/09\/Lorraine_Berton-300x300.jpg 300w, https:\/\/www.radiopiu.net\/wordpress\/wp-content\/uploads\/2019\/09\/Lorraine_Berton-150x150.jpg 150w, https:\/\/www.radiopiu.net\/wordpress\/wp-content\/uploads\/2019\/09\/Lorraine_Berton.jpg 767w\" sizes=\"auto, (max-width: 140px) 100vw, 140px\" \/><\/a>BELLUNO <\/strong>Prevenire e combattere la violenza di genere dentro e fuori i luoghi di lavoro resta una priorit\u00e0 anche in provincia di Belluno. Per questo, Confindustria Belluno Dolomiti, nell\u2019ambito del Progetto per il Sociale, promuove accanto all\u2019Associazione Belluno Donna un percorso di sensibilizzazione rivolto alle imprese. \u201cNon solo il 25 novembre\u201d \u00e8 il titolo dell\u2019incontro che si terr\u00e0 gioved\u00ec 24 novembre alle ore 16.30 in villa Doglioni Dalmas in via San Lucano e che vedr\u00e0 gli interventi di Roberta Gallego, vice procuratore della Repubblica in Tribunale a Belluno, Valentina Benvegn\u00f9, commissario della Polizia di Stato, Claudia Bettiol, avvocato, Francesca Quaglia, Associazione Belluno Donna. A introdurre i lavori saranno Lorraine Berton, presidente di Confindustria Belluno Dolomiti, e Flavio Mares, delegato al sociale dell\u2019Associazione. \u201cIl 25 novembre ricorre la Giornata internazionale per l\u2019eliminazione della violenza contro le donne: si tratta di una data singola, ma la nostra mobilitazione deve essere permanente. Nessuno, su questo fronte, pu\u00f2 permettersi passi indietro\u201d, afferma Berton. \u201cCome imprenditori vogliamo continuare a fare la nostra parte per rendere le nostre fabbriche sicure e inclusive\u201d. \u201cCon questa iniziativa vogliamo dare strumenti concreti agli imprenditori e a chi ha responsabilit\u00e0 manageriali perch\u00e9 possano incidere su un fenomeno spesso silenzioso e nascosto\u201d, spiega, dal canto suo, Mares. \u201cQuesto significa intercettare non solo eventuali casi interni alle fabbriche, ma soprattutto sostenere quelle donne che vivono situazioni di violenza all\u2019esterno, magari tra le mura domestiche\u201d. \u201cDobbiamo rompere il muro di omert\u00e0 e vergogna che ancora esiste sul tema. Abbiamo la fortuna di avere ambienti di lavoro sempre pi\u00f9 innovativi e sostenibili: facciamo un passo ulteriore e occupiamoci ancor di pi\u00f9 degli altri e dei loro segnali di disagio, senza voltarci dall\u2019altra parte\u201d, prosegue Mares. \u201cFacciamo rete per davvero e non solo il 25 novembre, sempre\u201d.<\/p>\n<p>&nbsp;<\/p>\n<p>&nbsp;<\/p>\n<hr \/>\n<p>&nbsp;<\/p>\n<blockquote>\n<h3>PRESENTATO IL NUOVO BUS ELETTRICO DI DOLOMITIBUS. IN ARRIVO ALTRI 5 MEZZI<\/h3>\n<\/blockquote>\n<p><strong>BELLUNO<\/strong> Nuovi mezzi elettrici targati DolomitiBus in arrivo nel Comune di Belluno: presentato il primo autobus, altri quattro saranno operativi per l&#8217;autunno del 2023. 3,3 milioni di euro la spesa complessiva per i cinque mezzi e la realizzazione della struttura di ricarica, fondi in gran parte coperti da finanziamenti del PNRR.<\/p>\n<p><strong>di Daniele Dalvit<\/strong><\/p>\n<audio class=\"wp-audio-shortcode\" id=\"audio-307014-2\" preload=\"none\" style=\"width: 100%;\" controls=\"controls\"><source type=\"audio\/mpeg\" src=\"https:\/\/www.radiopiu.net\/wordpress\/wp-content\/uploads\/2022\/11\/DALVIT-BUS-ELETTRICO.mp3?_=2\" \/><a href=\"https:\/\/www.radiopiu.net\/wordpress\/wp-content\/uploads\/2022\/11\/DALVIT-BUS-ELETTRICO.mp3\">https:\/\/www.radiopiu.net\/wordpress\/wp-content\/uploads\/2022\/11\/DALVIT-BUS-ELETTRICO.mp3<\/a><\/audio>\n<div dir=\"auto\"><\/div>\n\n\t\t\t<style type='text\/css'>\n\t\t\t\t#gallery-3 {\n\t\t\t\t\tmargin: auto;\n\t\t\t\t}\n\t\t\t\t#gallery-3 .gallery-item {\n\t\t\t\t\tfloat: left;\n\t\t\t\t\tmargin-top: 10px;\n\t\t\t\t\ttext-align: center;\n\t\t\t\t\twidth: 25%;\n\t\t\t\t}\n\t\t\t\t#gallery-3 img {\n\t\t\t\t\tborder: 2px solid #cfcfcf;\n\t\t\t\t}\n\t\t\t\t#gallery-3 .gallery-caption {\n\t\t\t\t\tmargin-left: 0;\n\t\t\t\t}\n\t\t\t\t\/* see gallery_shortcode() in wp-includes\/media.php *\/\n\t\t\t<\/style>\n\t\t<div id='gallery-3' class='dt-gallery-container gallery galleryid-307014 gallery-columns-4 gallery-size-thumbnail'><dl class='gallery-item'>\n\t\t\t\t<dt class='gallery-icon landscape'>\n\t\t\t\t\t<a class=\"rollover rollover-zoom dt-pswp-item\" title=\"PHOTO-2022-11-18-16-17-46 2\" data-dt-img-description=\"\" data-large_image_width=\"1024\" data-large_image_height=\"682\"href='https:\/\/www.radiopiu.net\/wordpress\/wp-content\/uploads\/2022\/11\/PHOTO-2022-11-18-16-17-46-2.jpg'><img loading=\"lazy\" decoding=\"async\" width=\"150\" height=\"150\" src=\"https:\/\/www.radiopiu.net\/wordpress\/wp-content\/uploads\/2022\/11\/PHOTO-2022-11-18-16-17-46-2-150x150.jpg\" class=\"attachment-thumbnail size-thumbnail\" alt=\"\" \/><\/a>\n\t\t\t\t<\/dt><\/dl><dl class='gallery-item'>\n\t\t\t\t<dt class='gallery-icon landscape'>\n\t\t\t\t\t<a class=\"rollover rollover-zoom dt-pswp-item\" title=\"PHOTO-2022-11-18-16-17-46 3\" data-dt-img-description=\"\" data-large_image_width=\"1024\" data-large_image_height=\"682\"href='https:\/\/www.radiopiu.net\/wordpress\/wp-content\/uploads\/2022\/11\/PHOTO-2022-11-18-16-17-46-3.jpg'><img loading=\"lazy\" decoding=\"async\" width=\"150\" height=\"150\" src=\"https:\/\/www.radiopiu.net\/wordpress\/wp-content\/uploads\/2022\/11\/PHOTO-2022-11-18-16-17-46-3-150x150.jpg\" class=\"attachment-thumbnail size-thumbnail\" alt=\"\" \/><\/a>\n\t\t\t\t<\/dt><\/dl><dl class='gallery-item'>\n\t\t\t\t<dt class='gallery-icon landscape'>\n\t\t\t\t\t<a class=\"rollover rollover-zoom dt-pswp-item\" title=\"PHOTO-2022-11-18-16-17-46 4\" data-dt-img-description=\"\" data-large_image_width=\"1024\" data-large_image_height=\"682\"href='https:\/\/www.radiopiu.net\/wordpress\/wp-content\/uploads\/2022\/11\/PHOTO-2022-11-18-16-17-46-4.jpg'><img loading=\"lazy\" decoding=\"async\" width=\"150\" height=\"150\" src=\"https:\/\/www.radiopiu.net\/wordpress\/wp-content\/uploads\/2022\/11\/PHOTO-2022-11-18-16-17-46-4-150x150.jpg\" class=\"attachment-thumbnail size-thumbnail\" alt=\"\" \/><\/a>\n\t\t\t\t<\/dt><\/dl><dl class='gallery-item'>\n\t\t\t\t<dt class='gallery-icon landscape'>\n\t\t\t\t\t<a class=\"rollover rollover-zoom dt-pswp-item\" title=\"PHOTO-2022-11-18-16-17-46\" data-dt-img-description=\"\" data-large_image_width=\"1024\" data-large_image_height=\"682\"href='https:\/\/www.radiopiu.net\/wordpress\/wp-content\/uploads\/2022\/11\/PHOTO-2022-11-18-16-17-46.jpg'><img loading=\"lazy\" decoding=\"async\" width=\"150\" height=\"150\" src=\"https:\/\/www.radiopiu.net\/wordpress\/wp-content\/uploads\/2022\/11\/PHOTO-2022-11-18-16-17-46-150x150.jpg\" class=\"attachment-thumbnail size-thumbnail\" alt=\"\" \/><\/a>\n\t\t\t\t<\/dt><\/dl><br style=\"clear: both\" \/>\n\t\t\t<\/div>\n\n<p>&nbsp;<\/p>\n\n\t\t\t<style type='text\/css'>\n\t\t\t\t#gallery-4 {\n\t\t\t\t\tmargin: auto;\n\t\t\t\t}\n\t\t\t\t#gallery-4 .gallery-item {\n\t\t\t\t\tfloat: left;\n\t\t\t\t\tmargin-top: 10px;\n\t\t\t\t\ttext-align: center;\n\t\t\t\t\twidth: 25%;\n\t\t\t\t}\n\t\t\t\t#gallery-4 img {\n\t\t\t\t\tborder: 2px solid #cfcfcf;\n\t\t\t\t}\n\t\t\t\t#gallery-4 .gallery-caption {\n\t\t\t\t\tmargin-left: 0;\n\t\t\t\t}\n\t\t\t\t\/* see gallery_shortcode() in wp-includes\/media.php *\/\n\t\t\t<\/style>\n\t\t<div id='gallery-4' class='dt-gallery-container gallery galleryid-307014 gallery-columns-4 gallery-size-thumbnail'><dl class='gallery-item'>\n\t\t\t\t<dt class='gallery-icon landscape'>\n\t\t\t\t\t<a class=\"rollover rollover-zoom dt-pswp-item\" title=\"PHOTO-2022-11-18-16-17-46 2\" data-dt-img-description=\"\" data-large_image_width=\"1024\" data-large_image_height=\"682\"href='https:\/\/www.radiopiu.net\/wordpress\/wp-content\/uploads\/2022\/11\/PHOTO-2022-11-18-16-17-46-2.jpg'><img loading=\"lazy\" decoding=\"async\" width=\"150\" height=\"150\" src=\"https:\/\/www.radiopiu.net\/wordpress\/wp-content\/uploads\/2022\/11\/PHOTO-2022-11-18-16-17-46-2-150x150.jpg\" class=\"attachment-thumbnail size-thumbnail\" alt=\"\" \/><\/a>\n\t\t\t\t<\/dt><\/dl><dl class='gallery-item'>\n\t\t\t\t<dt class='gallery-icon landscape'>\n\t\t\t\t\t<a class=\"rollover rollover-zoom dt-pswp-item\" title=\"PHOTO-2022-11-18-16-17-46 3\" data-dt-img-description=\"\" data-large_image_width=\"1024\" data-large_image_height=\"682\"href='https:\/\/www.radiopiu.net\/wordpress\/wp-content\/uploads\/2022\/11\/PHOTO-2022-11-18-16-17-46-3.jpg'><img loading=\"lazy\" decoding=\"async\" width=\"150\" height=\"150\" src=\"https:\/\/www.radiopiu.net\/wordpress\/wp-content\/uploads\/2022\/11\/PHOTO-2022-11-18-16-17-46-3-150x150.jpg\" class=\"attachment-thumbnail size-thumbnail\" alt=\"\" \/><\/a>\n\t\t\t\t<\/dt><\/dl><dl class='gallery-item'>\n\t\t\t\t<dt class='gallery-icon landscape'>\n\t\t\t\t\t<a class=\"rollover rollover-zoom dt-pswp-item\" title=\"PHOTO-2022-11-18-16-17-46 4\" data-dt-img-description=\"\" data-large_image_width=\"1024\" data-large_image_height=\"682\"href='https:\/\/www.radiopiu.net\/wordpress\/wp-content\/uploads\/2022\/11\/PHOTO-2022-11-18-16-17-46-4.jpg'><img loading=\"lazy\" decoding=\"async\" width=\"150\" height=\"150\" src=\"https:\/\/www.radiopiu.net\/wordpress\/wp-content\/uploads\/2022\/11\/PHOTO-2022-11-18-16-17-46-4-150x150.jpg\" class=\"attachment-thumbnail size-thumbnail\" alt=\"\" \/><\/a>\n\t\t\t\t<\/dt><\/dl><dl class='gallery-item'>\n\t\t\t\t<dt class='gallery-icon landscape'>\n\t\t\t\t\t<a class=\"rollover rollover-zoom dt-pswp-item\" title=\"PHOTO-2022-11-18-16-17-46\" data-dt-img-description=\"\" data-large_image_width=\"1024\" data-large_image_height=\"682\"href='https:\/\/www.radiopiu.net\/wordpress\/wp-content\/uploads\/2022\/11\/PHOTO-2022-11-18-16-17-46.jpg'><img loading=\"lazy\" decoding=\"async\" width=\"150\" height=\"150\" src=\"https:\/\/www.radiopiu.net\/wordpress\/wp-content\/uploads\/2022\/11\/PHOTO-2022-11-18-16-17-46-150x150.jpg\" class=\"attachment-thumbnail size-thumbnail\" alt=\"\" \/><\/a>\n\t\t\t\t<\/dt><\/dl><br style=\"clear: both\" \/>\n\t\t\t<\/div>\n\n<p>&nbsp;<\/p>\n<p>&nbsp;<\/p>\n<hr \/>\n<p>&nbsp;<\/p>\n<blockquote>\n<h3>AUTONOMIA DEL VENETO. L&#8217;INCONTRO CON MELONI E MINISTRI<\/h3>\n<\/blockquote>\n<p><strong><a class=\"dt-pswp-item\" href=\"https:\/\/www.radiopiu.net\/wordpress\/wp-content\/uploads\/2022\/11\/ZAIA.jpg\" data-dt-img-description=\"\" data-large_image_width=\"1024\" data-large_image_height=\"761\"><img loading=\"lazy\" decoding=\"async\" class=\" wp-image-306973 alignleft\" src=\"https:\/\/www.radiopiu.net\/wordpress\/wp-content\/uploads\/2022\/11\/ZAIA-300x223.jpg\" alt=\"\" width=\"178\" height=\"132\" srcset=\"https:\/\/www.radiopiu.net\/wordpress\/wp-content\/uploads\/2022\/11\/ZAIA-300x223.jpg 300w, https:\/\/www.radiopiu.net\/wordpress\/wp-content\/uploads\/2022\/11\/ZAIA-768x571.jpg 768w, https:\/\/www.radiopiu.net\/wordpress\/wp-content\/uploads\/2022\/11\/ZAIA.jpg 1024w\" sizes=\"auto, (max-width: 178px) 100vw, 178px\" \/><\/a>VENEZIA <\/strong>\u201cOttime notizie arrivano dall\u2019incontro di oggi. Un\u2019occasione in pi\u00f9 per sperare che il percorso per l\u2019autonomia prenda corpo con questa maggioranza, l\u2019unica che sta dimostrando fin dal primo giorno di mantener fede agli impegni, introducendo il progetto dell\u2019autonomia definitivamente nel programma di Governo e affrontando di petto la questione\u201d. Il presidente della Regione del Veneto Luca Zaia commenta cos\u00ec l\u2019incontro di oggi tra il presidente del Consiglio Giorgia Meloni, i vicepresidenti Matteo Salvini e Antonio Tajani e i ministri degli Affari Regionali e le Autonomie Roberto Calderoli, e per gli Affari Ue Raffaele Fitto. \u201cDall\u2019incontro di oggi emerge che c\u2019\u00e8 sintonia nel portare avanti il progetto dell\u2019autonomia; nessuno interpreta questo percorso come la secessione dei ricchi n\u00e9 tantomeno intende lasciar indietro qualcun altro. \u00c8 pur vero che la visione di uno Stato moderno non prescinde dal doveroso impegno di assumersi responsabilit\u00e0, il che fa rima con autonomia e con federalismo \u2013 prosegue Zaia &#8211; Da parte del Veneto c&#8217;\u00e8 piena disponibilit\u00e0 a ragionare sulla legge di attuazione, in maniera costruttiva e propositiva. Nella speranza che anche tutti coloro che hanno ancora perplessit\u00e0 lo facciano in maniera costruttiva, perch\u00e9 dire \u2018no\u2019 a priori all\u2019autonomia vuol dire disconoscere la Costituzione. L\u2019autonomia \u00e8 la Costituzione, chi \u00e8 contro di essa \u00e8 contro la carta costituzionale\u201d.<\/p>\n<p>&nbsp;<\/p>\n<p>&nbsp;<\/p>\n<hr \/>\n<p>&nbsp;<\/p>\n<p><strong>DI TIZIANO DE COL\u00a0<\/strong><\/p>\n\n\t\t\t<style type='text\/css'>\n\t\t\t\t#gallery-5 {\n\t\t\t\t\tmargin: auto;\n\t\t\t\t}\n\t\t\t\t#gallery-5 .gallery-item {\n\t\t\t\t\tfloat: left;\n\t\t\t\t\tmargin-top: 10px;\n\t\t\t\t\ttext-align: center;\n\t\t\t\t\twidth: 33%;\n\t\t\t\t}\n\t\t\t\t#gallery-5 img {\n\t\t\t\t\tborder: 2px solid #cfcfcf;\n\t\t\t\t}\n\t\t\t\t#gallery-5 .gallery-caption {\n\t\t\t\t\tmargin-left: 0;\n\t\t\t\t}\n\t\t\t\t\/* see gallery_shortcode() in wp-includes\/media.php *\/\n\t\t\t<\/style>\n\t\t<div id='gallery-5' class='dt-gallery-container gallery galleryid-307014 gallery-columns-3 gallery-size-thumbnail'><dl class='gallery-item'>\n\t\t\t\t<dt class='gallery-icon landscape'>\n\t\t\t\t\t<a class=\"rollover rollover-zoom dt-pswp-item\" title=\"e821e2eb-b4a4-4823-90b8-bef16eae33d8\" data-dt-img-description=\"\" data-large_image_width=\"594\" data-large_image_height=\"361\"href='https:\/\/www.radiopiu.net\/wordpress\/wp-content\/uploads\/2022\/11\/e821e2eb-b4a4-4823-90b8-bef16eae33d8.jpg'><img loading=\"lazy\" decoding=\"async\" width=\"150\" height=\"150\" src=\"https:\/\/www.radiopiu.net\/wordpress\/wp-content\/uploads\/2022\/11\/e821e2eb-b4a4-4823-90b8-bef16eae33d8-150x150.jpg\" class=\"attachment-thumbnail size-thumbnail\" alt=\"\" \/><\/a>\n\t\t\t\t<\/dt><\/dl><dl class='gallery-item'>\n\t\t\t\t<dt class='gallery-icon landscape'>\n\t\t\t\t\t<a class=\"rollover rollover-zoom dt-pswp-item\" title=\"04c451ef-40b2-429e-a9b2-f09b570104ae\" data-dt-img-description=\"\" data-large_image_width=\"594\" data-large_image_height=\"367\"href='https:\/\/www.radiopiu.net\/wordpress\/wp-content\/uploads\/2022\/11\/04c451ef-40b2-429e-a9b2-f09b570104ae.jpg'><img loading=\"lazy\" decoding=\"async\" width=\"150\" height=\"150\" src=\"https:\/\/www.radiopiu.net\/wordpress\/wp-content\/uploads\/2022\/11\/04c451ef-40b2-429e-a9b2-f09b570104ae-150x150.jpg\" class=\"attachment-thumbnail size-thumbnail\" alt=\"\" \/><\/a>\n\t\t\t\t<\/dt><\/dl><dl class='gallery-item'>\n\t\t\t\t<dt class='gallery-icon landscape'>\n\t\t\t\t\t<a class=\"rollover rollover-zoom dt-pswp-item\" title=\"c0df1d98-92a6-484f-ba4b-4b0ba723e97e\" data-dt-img-description=\"\" data-large_image_width=\"582\" data-large_image_height=\"346\"href='https:\/\/www.radiopiu.net\/wordpress\/wp-content\/uploads\/2022\/11\/c0df1d98-92a6-484f-ba4b-4b0ba723e97e.jpg'><img loading=\"lazy\" decoding=\"async\" width=\"150\" height=\"150\" src=\"https:\/\/www.radiopiu.net\/wordpress\/wp-content\/uploads\/2022\/11\/c0df1d98-92a6-484f-ba4b-4b0ba723e97e-150x150.jpg\" class=\"attachment-thumbnail size-thumbnail\" alt=\"\" \/><\/a>\n\t\t\t\t<\/dt><\/dl><br style=\"clear: both\" \/><dl class='gallery-item'>\n\t\t\t\t<dt class='gallery-icon landscape'>\n\t\t\t\t\t<a class=\"rollover rollover-zoom dt-pswp-item\" title=\"9d659a8f-9775-48ff-8459-a97e1f2ad847\" data-dt-img-description=\"\" data-large_image_width=\"608\" data-large_image_height=\"339\"href='https:\/\/www.radiopiu.net\/wordpress\/wp-content\/uploads\/2022\/11\/9d659a8f-9775-48ff-8459-a97e1f2ad847.jpg'><img loading=\"lazy\" decoding=\"async\" width=\"150\" height=\"150\" src=\"https:\/\/www.radiopiu.net\/wordpress\/wp-content\/uploads\/2022\/11\/9d659a8f-9775-48ff-8459-a97e1f2ad847-150x150.jpg\" class=\"attachment-thumbnail size-thumbnail\" alt=\"\" \/><\/a>\n\t\t\t\t<\/dt><\/dl><dl class='gallery-item'>\n\t\t\t\t<dt class='gallery-icon landscape'>\n\t\t\t\t\t<a class=\"rollover rollover-zoom dt-pswp-item\" title=\"3c56f9ce-90da-4aa9-8e1d-15d91f1fb198\" data-dt-img-description=\"\" data-large_image_width=\"582\" data-large_image_height=\"346\"href='https:\/\/www.radiopiu.net\/wordpress\/wp-content\/uploads\/2022\/11\/3c56f9ce-90da-4aa9-8e1d-15d91f1fb198.jpg'><img loading=\"lazy\" decoding=\"async\" width=\"150\" height=\"150\" src=\"https:\/\/www.radiopiu.net\/wordpress\/wp-content\/uploads\/2022\/11\/3c56f9ce-90da-4aa9-8e1d-15d91f1fb198-150x150.jpg\" class=\"attachment-thumbnail size-thumbnail\" alt=\"\" \/><\/a>\n\t\t\t\t<\/dt><\/dl><dl class='gallery-item'>\n\t\t\t\t<dt class='gallery-icon landscape'>\n\t\t\t\t\t<a class=\"rollover rollover-zoom dt-pswp-item\" title=\"4f7f3a2c-8aa4-48f2-a094-9ffc71cc37aa\" data-dt-img-description=\"\" data-large_image_width=\"598\" data-large_image_height=\"348\"href='https:\/\/www.radiopiu.net\/wordpress\/wp-content\/uploads\/2022\/11\/4f7f3a2c-8aa4-48f2-a094-9ffc71cc37aa.jpg'><img loading=\"lazy\" decoding=\"async\" width=\"150\" height=\"150\" src=\"https:\/\/www.radiopiu.net\/wordpress\/wp-content\/uploads\/2022\/11\/4f7f3a2c-8aa4-48f2-a094-9ffc71cc37aa-150x150.jpg\" class=\"attachment-thumbnail size-thumbnail\" alt=\"\" \/><\/a>\n\t\t\t\t<\/dt><\/dl><br style=\"clear: both\" \/>\n\t\t\t<\/div>\n\n<p>&nbsp;<\/p>\n<blockquote class=\"wp-embedded-content\" data-secret=\"XCB2r824Nq\"><p><a href=\"https:\/\/www.radiopiu.net\/wordpress\/aziendazeronovembre18\/\">CINQUE DECESSI, PIU&#8217; DI 5 MILA NUOVI POSITIVI IN 24 ORE. RICOVERI IN AUMENTO<\/a><\/p><\/blockquote>\n<p><iframe loading=\"lazy\" class=\"wp-embedded-content\" sandbox=\"allow-scripts\" security=\"restricted\" style=\"position: absolute; clip: rect(1px, 1px, 1px, 1px);\" title=\"&#8220;CINQUE DECESSI, PIU&#8217; DI 5 MILA NUOVI POSITIVI IN 24 ORE. RICOVERI IN AUMENTO&#8221; &#8212; Radio Pi\u00f9\" src=\"https:\/\/www.radiopiu.net\/wordpress\/aziendazeronovembre18\/embed\/#?secret=noPybgS7yn#?secret=XCB2r824Nq\" data-secret=\"XCB2r824Nq\" width=\"600\" height=\"338\" frameborder=\"0\" marginwidth=\"0\" marginheight=\"0\" scrolling=\"no\"><\/iframe><\/p>\n<p>&nbsp;<\/p>\n<hr \/>\n<p>&nbsp;<\/p>\n<blockquote>\n<h3>VACCINAZIONE ANTINFLUENZALE: L\u2019ULSS DOLOMITI POTENZIA L\u2019OFFERTA<\/h3>\n<\/blockquote>\n<p><strong><a class=\"dt-pswp-item\" href=\"https:\/\/www.radiopiu.net\/wordpress\/wp-content\/uploads\/2020\/06\/vaccino.jpg\" data-dt-img-description=\"\" data-large_image_width=\"1920\" data-large_image_height=\"1280\"><img loading=\"lazy\" decoding=\"async\" class=\"wp-image-143923 alignleft\" src=\"https:\/\/www.radiopiu.net\/wordpress\/wp-content\/uploads\/2020\/06\/vaccino-300x200.jpg\" alt=\"\" width=\"160\" height=\"106\" srcset=\"https:\/\/www.radiopiu.net\/wordpress\/wp-content\/uploads\/2020\/06\/vaccino-300x200.jpg 300w, https:\/\/www.radiopiu.net\/wordpress\/wp-content\/uploads\/2020\/06\/vaccino-1024x683.jpg 1024w, https:\/\/www.radiopiu.net\/wordpress\/wp-content\/uploads\/2020\/06\/vaccino-768x512.jpg 768w, https:\/\/www.radiopiu.net\/wordpress\/wp-content\/uploads\/2020\/06\/vaccino-1536x1024.jpg 1536w, https:\/\/www.radiopiu.net\/wordpress\/wp-content\/uploads\/2020\/06\/vaccino.jpg 1920w\" sizes=\"auto, (max-width: 160px) 100vw, 160px\" \/><\/a>BELLUNO <\/strong>I medici di famiglia dell&#8217;Ulss Dolomiti stanno conducendo con buoni risultati di copertura, la campagna vaccinale antinfluenzale a favore di tutte le persone over 60 e dei soggetti con condizione di rischio. Al fine di migliorare ulteriormente i tassi di copertura vaccinale, con particolare riferimento alle persone over 60, l&#8217;Ulss Dolomiti attiva da oggi la prenotabilit\u00e0 della vaccinazione antinfluenzale presso i due principali CVP (centri vaccinali di popolazione), che affiancheranno quindi l&#8217;attivit\u00e0 dei Medici di Medicina Generale e di alcune Farmacie del territorio: CVP SALCE &#8211; c\/o Centro Commerciale Salce, Via Col di Salce; CVP FELTRE &#8211; c\/o Centro Prelievi dell&#8217;Ospedale. Per prenotare la vaccinazione antinfluenzale i cittadini over 60 (classe di nascita 1961 e precedenti) potranno accedere al portale MyPrenota: https:\/\/dolomiti.myprenota.it\/vaccinazioni<\/p>\n<p>&nbsp;<\/p>\n<p>&nbsp;<\/p>\n<hr \/>\n<p>&nbsp;<\/p>\n<blockquote>\n<h3>SVILUPPARE IL TURISMO DELLE RADICI<\/h3>\n<\/blockquote>\n<p><strong><a class=\"dt-pswp-item\" href=\"https:\/\/www.radiopiu.net\/wordpress\/wp-content\/uploads\/2022\/11\/Incontro-Famiglia-Dalla-Corte-Lucio.jpeg\" data-dt-img-description=\"\" data-large_image_width=\"1536\" data-large_image_height=\"1152\"><img loading=\"lazy\" decoding=\"async\" class=\" wp-image-307100 alignleft\" src=\"https:\/\/www.radiopiu.net\/wordpress\/wp-content\/uploads\/2022\/11\/Incontro-Famiglia-Dalla-Corte-Lucio-300x225.jpeg\" alt=\"\" width=\"161\" height=\"121\" srcset=\"https:\/\/www.radiopiu.net\/wordpress\/wp-content\/uploads\/2022\/11\/Incontro-Famiglia-Dalla-Corte-Lucio-300x225.jpeg 300w, https:\/\/www.radiopiu.net\/wordpress\/wp-content\/uploads\/2022\/11\/Incontro-Famiglia-Dalla-Corte-Lucio-1024x768.jpeg 1024w, https:\/\/www.radiopiu.net\/wordpress\/wp-content\/uploads\/2022\/11\/Incontro-Famiglia-Dalla-Corte-Lucio-768x576.jpeg 768w, https:\/\/www.radiopiu.net\/wordpress\/wp-content\/uploads\/2022\/11\/Incontro-Famiglia-Dalla-Corte-Lucio.jpeg 1536w\" sizes=\"auto, (max-width: 161px) 100vw, 161px\" \/><\/a>BELLUNO <\/strong>Sviluppare il turismo delle radici, potenziare i rapporti con i bellunesi emigrati e favorire i legami con la loro terra d\u2019origine. Sono stati i temi al centro dell\u2019incontro di questa mattina tra l\u2019assessore al turismo Paolo Luciani e i fratelli Ernestina e Ignacio Dalla Corte Lucio, membri della famiglia Abm dell\u2019Argentina. La famiglia Dalla Corte Lucio vive da generazioni in Argentina ma la sua origine \u00e8 bellunese. Da qui il desiderio dei fratelli Ernestina e Ignacio e dei genitori di tornare nella terra dei bisavoli e di conoscerla meglio. Ernestina \u00e8 membro del Consiglio Esecutivo e Direttivo dell&#8217;ABM, rappresentante giovane del Cava &#8211; Comitato delle Associazione Venete in Argentina (a federazione a cui partecipano le diverse associazioni venete dell&#8217;Argentina) e presidente della Famiglia Bellunese dell&#8217;Argentina. Da anni, insieme al fratello e alla madre, porta avanti con impegno iniziative volte a diffondere la conoscenza del Bellunese tra gli immigrati argentini e a mantenere e potenziare il loro legame con la terra degli avi.<\/p>\n<p>&nbsp;<\/p>\n<p>&nbsp;<\/p>\n<hr \/>\n<p>&nbsp;<\/p>\n<blockquote>\n<h3>NOVITA&#8217; PER GLI INGRESSI AI MUSEI DI FELTRE<\/h3>\n<\/blockquote>\n<p><strong><a class=\"dt-pswp-item\" href=\"https:\/\/www.radiopiu.net\/wordpress\/wp-content\/uploads\/2022\/04\/FELTRE.jpg\" data-dt-img-description=\"\" data-large_image_width=\"1920\" data-large_image_height=\"1080\"><img loading=\"lazy\" decoding=\"async\" class=\" wp-image-269866 alignleft\" src=\"https:\/\/www.radiopiu.net\/wordpress\/wp-content\/uploads\/2022\/04\/FELTRE-300x169.jpg\" alt=\"\" width=\"202\" height=\"114\" srcset=\"https:\/\/www.radiopiu.net\/wordpress\/wp-content\/uploads\/2022\/04\/FELTRE-300x169.jpg 300w, https:\/\/www.radiopiu.net\/wordpress\/wp-content\/uploads\/2022\/04\/FELTRE-1024x576.jpg 1024w, https:\/\/www.radiopiu.net\/wordpress\/wp-content\/uploads\/2022\/04\/FELTRE-768x432.jpg 768w, https:\/\/www.radiopiu.net\/wordpress\/wp-content\/uploads\/2022\/04\/FELTRE-1536x864.jpg 1536w, https:\/\/www.radiopiu.net\/wordpress\/wp-content\/uploads\/2022\/04\/FELTRE.jpg 1920w\" sizes=\"auto, (max-width: 202px) 100vw, 202px\" \/><\/a>FELTRE<\/strong> Novit\u00e0 a Feltre per quanto riguarda gli ingressi ai musei cittadini: l&#8217;amministrazione comunale ha infatti deciso di reintrodurre il biglietto che consente l&#8217;accesso ad un singolo museo, affiancandolo cos\u00ec alla Totem Card che consente di entrare in tutti i musei cittadini e che da maggio vedr\u00e0 variata la sua durata.<\/p>\n<p><strong>di Daniele Dalvit<\/strong><\/p>\n<audio class=\"wp-audio-shortcode\" id=\"audio-307014-3\" preload=\"none\" style=\"width: 100%;\" controls=\"controls\"><source type=\"audio\/mpeg\" src=\"https:\/\/www.radiopiu.net\/wordpress\/wp-content\/uploads\/2022\/11\/DALVIT-MIGLIETTI-MUSEI-FELTRE.mp3?_=3\" \/><a href=\"https:\/\/www.radiopiu.net\/wordpress\/wp-content\/uploads\/2022\/11\/DALVIT-MIGLIETTI-MUSEI-FELTRE.mp3\">https:\/\/www.radiopiu.net\/wordpress\/wp-content\/uploads\/2022\/11\/DALVIT-MIGLIETTI-MUSEI-FELTRE.mp3<\/a><\/audio>\n<p>&nbsp;<\/p>\n<hr \/>\n<p>&nbsp;<\/p>\n<blockquote>\n<h3>RITORNA \u201cFRATELLO ALBERO\u201d, L&#8217;INIZIATIVA DEDICATA AI NUOVI NATI NEL COMUNE DI FELTRE IN OCCASIONE DELLA GIORNATA NAZIONALE DEGLI ALBERI<\/h3>\n<\/blockquote>\n<p><strong><a class=\"dt-pswp-item\" href=\"https:\/\/www.radiopiu.net\/wordpress\/wp-content\/uploads\/2022\/11\/fratello-albero-2022.jpg\" data-dt-img-description=\"\" data-large_image_width=\"1587\" data-large_image_height=\"2245\"><img loading=\"lazy\" decoding=\"async\" class=\" wp-image-307112 alignleft\" src=\"https:\/\/www.radiopiu.net\/wordpress\/wp-content\/uploads\/2022\/11\/fratello-albero-2022-212x300.jpg\" alt=\"\" width=\"123\" height=\"174\" srcset=\"https:\/\/www.radiopiu.net\/wordpress\/wp-content\/uploads\/2022\/11\/fratello-albero-2022-212x300.jpg 212w, https:\/\/www.radiopiu.net\/wordpress\/wp-content\/uploads\/2022\/11\/fratello-albero-2022-724x1024.jpg 724w, https:\/\/www.radiopiu.net\/wordpress\/wp-content\/uploads\/2022\/11\/fratello-albero-2022-768x1086.jpg 768w, https:\/\/www.radiopiu.net\/wordpress\/wp-content\/uploads\/2022\/11\/fratello-albero-2022-1086x1536.jpg 1086w, https:\/\/www.radiopiu.net\/wordpress\/wp-content\/uploads\/2022\/11\/fratello-albero-2022-1448x2048.jpg 1448w, https:\/\/www.radiopiu.net\/wordpress\/wp-content\/uploads\/2022\/11\/fratello-albero-2022.jpg 1587w\" sizes=\"auto, (max-width: 123px) 100vw, 123px\" \/><\/a>FELTRE <\/strong>Luned\u00ec ricorre la Giornata Nazionale degli Alberi, che ha lo scopo di promuovere la cultura della consapevolezza ambientale e favorire scelte ed azioni di valorizzazione e qualificazione del patrimonio arboreo e dei boschi. L&#8217;obiettivo ultimo \u00e8 quello di favorire la riduzione delle emissioni in atmosfera, la prevenzione del dissesto idrogeologico, la protezione del suolo e delle biodiversit\u00e0, assieme al miglioramento della qualit\u00e0 dell\u2019aria e alla trasmissione intergenerazionale delle tradizioni legate all&#8217;albero nella cultura italiana. Tutto questo a partire dalle giovani generazioni. E cos\u00ec, in occasione della \u201cGiornata Nazionale degli Alberi\u201d, proprio luned\u00ec 21 novembre alle 10 ritorna l&#8217;appuntamento con \u201cFratello Albero\u201d, l&#8217;iniziativa di sensibilizzazione del Comune di Feltre che consiste nella messa a dimora di una nuova pianta per ogni nuovo bambino nato o adottato nel corso dell&#8217;anno (circa 130). L\u2019appuntamento, a cui sono stati invitati i genitori dei piccoli nuovi cittadini feltrini ed una delegazione delle scuole elementari e medie del Comune, \u00e8 fissato quest\u2019anno presso l&#8217;area verde pubblica denominata \u201cEx Casa Rossa\u201d, in via Peschiera.<\/p>\n<p>&nbsp;<\/p>\n<p>&nbsp;<\/p>\n<hr \/>\n<p>&nbsp;<\/p>\n<blockquote>\n<h3>L\u2019EX CASA CANTONIERA DIVENTA SEDE DEGLI UFFICI UNESCO E NON SOLO<\/h3>\n<\/blockquote>\n<p><strong class=\"photoswipe-wrapper\"><a class=\"dt-pswp-item pspw-wrap-ready\" href=\"https:\/\/www.radiopiu.net\/wordpress\/wp-content\/uploads\/2022\/11\/2-3.jpg\" data-dt-img-description=\"\" data-large_image_width=\"1458\" data-large_image_height=\"1093\"><img loading=\"lazy\" decoding=\"async\" class=\"size-medium wp-image-307089 alignleft\" src=\"https:\/\/www.radiopiu.net\/wordpress\/wp-content\/uploads\/2022\/11\/2-3-300x225.jpg\" sizes=\"auto, (max-width: 300px) 100vw, 300px\" srcset=\"https:\/\/www.radiopiu.net\/wordpress\/wp-content\/uploads\/2022\/11\/2-3-300x225.jpg 300w, https:\/\/www.radiopiu.net\/wordpress\/wp-content\/uploads\/2022\/11\/2-3-1024x768.jpg 1024w, https:\/\/www.radiopiu.net\/wordpress\/wp-content\/uploads\/2022\/11\/2-3-768x576.jpg 768w, https:\/\/www.radiopiu.net\/wordpress\/wp-content\/uploads\/2022\/11\/2-3.jpg 1458w\" alt=\"\" width=\"300\" height=\"225\" \/><\/a>CORTINA<\/strong>\u00a0L\u2019ex casa cantoniera ad Aquabona \u00e8 stata consegnata al Comune di Cortina\u00a0<em>\u201cGrazie alla collaborazione con Anas\u00bb, ha spiegato il sindaco Lorenzi, \u00abFondazione Unesco avr\u00e0 un nuovo punto informativo alla porte del paese. Un risultato che sottolinea l\u2019impegno dell\u2019amministrazione comunale, cos\u00ec come della precedente, per offrire ai nostri ospiti tutte le informazioni necessarie a conoscere e comprendere la bellezza del nostro territorio e dell\u2019Intero ecosistema dolomitico\u00bb<\/em>. La casa cantoniera \u00e8 stata oggetto di un importante intervento di restauro condotto con la stretta collaborazione ed osservanza delle prescrizioni della locale Soprintendenza per riportarla alle originarie condizioni dell\u2019epoca di costruzione ed \u00e8 dotate di un piano terra, due piani superiori oltre alle aree esterne. Oltre agli uffici Unesco fornir\u00e0 servizi all\u2019utenza stradale in vista dei grandi eventi sportivi che interesseranno Cortina d\u2019Ampezzo e le Dolomiti, ospiter\u00e0 anche gli uffici Anas per le attivit\u00e0 connesse al progetto Smart Road, che vede anche l\u2019impiego della Casa cantoniera Bigontina, gi\u00e0 sede della control room.<\/p>\n<p>&nbsp;<\/p>\n<hr \/>\n<p>&nbsp;<\/p>\n<blockquote>\n<h3>RIDAMMI I SOGNI, PATRIZIA COLORI E PAROLE<\/h3>\n<\/blockquote>\n<p><strong>di Brunella Moro<\/strong><\/p>\n<p><strong><a class=\"dt-pswp-item\" href=\"https:\/\/www.radiopiu.net\/wordpress\/wp-content\/uploads\/2022\/11\/8456dc8a-9d08-430d-90d3-d26eb79904da.jpg\" data-dt-img-description=\"\" data-large_image_width=\"1024\" data-large_image_height=\"768\"><img loading=\"lazy\" decoding=\"async\" class=\" wp-image-307192 alignleft\" src=\"https:\/\/www.radiopiu.net\/wordpress\/wp-content\/uploads\/2022\/11\/8456dc8a-9d08-430d-90d3-d26eb79904da-300x225.jpg\" alt=\"\" width=\"252\" height=\"189\" srcset=\"https:\/\/www.radiopiu.net\/wordpress\/wp-content\/uploads\/2022\/11\/8456dc8a-9d08-430d-90d3-d26eb79904da-300x225.jpg 300w, https:\/\/www.radiopiu.net\/wordpress\/wp-content\/uploads\/2022\/11\/8456dc8a-9d08-430d-90d3-d26eb79904da-768x576.jpg 768w, https:\/\/www.radiopiu.net\/wordpress\/wp-content\/uploads\/2022\/11\/8456dc8a-9d08-430d-90d3-d26eb79904da.jpg 1024w\" sizes=\"auto, (max-width: 252px) 100vw, 252px\" \/><\/a>BELLUNO <\/strong>Emozione. Patrizia Burigo, poetessa , pittrice e valente insegnante, si \u00e8 fatta amare tanto, in vita. Lo ha dimostrato la sala gremita di persone dell\u2019 ITIS Segato, che hanno assistito al commosso tributo che un insieme di poeti e lettori a Lei affezionati le hanno dedicato . Momenti di lettura intensa e musica dal vivo ,mentre sfilavano nella sala semibuia le immagini dei coloratissimi quadri di questa artista cosi talentosa. Hanno recitato le poesie Alice De Toni, Alessandra\u00a0 Servi, Paola Bettiol, Antonio Andrich, Carla Maresia e Maria Franco. Hanno suonato e cantato Stefania Pillon, Marco Valentino, Valentina De March, Gianni Carlin, Vanni Roccon.<\/p>\n<p>&nbsp;<\/p>\n<p><strong><span style=\"color: #ff0000;\">VALENTINA DE MARCH<\/span><\/strong><\/p>\n<div style=\"width: 848px;\" class=\"wp-video\"><video class=\"wp-video-shortcode\" id=\"video-307014-3\" width=\"848\" height=\"480\" preload=\"metadata\" controls=\"controls\"><source type=\"video\/mp4\" src=\"https:\/\/www.radiopiu.net\/wordpress\/wp-content\/uploads\/2022\/11\/WhatsApp-Video-2022-11-18-at-21.06.51.mp4?_=3\" \/><a href=\"https:\/\/www.radiopiu.net\/wordpress\/wp-content\/uploads\/2022\/11\/WhatsApp-Video-2022-11-18-at-21.06.51.mp4\">https:\/\/www.radiopiu.net\/wordpress\/wp-content\/uploads\/2022\/11\/WhatsApp-Video-2022-11-18-at-21.06.51.mp4<\/a><\/video><\/div>\n<p><span style=\"color: #ff0000;\"><strong>ALICE DE TONI<\/strong><\/span><\/p>\n<div style=\"width: 848px;\" class=\"wp-video\"><video class=\"wp-video-shortcode\" id=\"video-307014-4\" width=\"848\" height=\"480\" preload=\"metadata\" controls=\"controls\"><source type=\"video\/mp4\" src=\"https:\/\/www.radiopiu.net\/wordpress\/wp-content\/uploads\/2022\/11\/WhatsApp-Video-2022-11-18-at-21.07.51.mp4?_=4\" \/><a href=\"https:\/\/www.radiopiu.net\/wordpress\/wp-content\/uploads\/2022\/11\/WhatsApp-Video-2022-11-18-at-21.07.51.mp4\">https:\/\/www.radiopiu.net\/wordpress\/wp-content\/uploads\/2022\/11\/WhatsApp-Video-2022-11-18-at-21.07.51.mp4<\/a><\/video><\/div>\n<p><span style=\"color: #ff0000;\"><strong>ALESSANDRA SERVI<\/strong><\/span><\/p>\n<div style=\"width: 848px;\" class=\"wp-video\"><video class=\"wp-video-shortcode\" id=\"video-307014-5\" width=\"848\" height=\"480\" preload=\"metadata\" controls=\"controls\"><source type=\"video\/mp4\" src=\"https:\/\/www.radiopiu.net\/wordpress\/wp-content\/uploads\/2022\/11\/WhatsApp-Video-2022-11-18-at-21.08.55.mp4?_=5\" \/><a href=\"https:\/\/www.radiopiu.net\/wordpress\/wp-content\/uploads\/2022\/11\/WhatsApp-Video-2022-11-18-at-21.08.55.mp4\">https:\/\/www.radiopiu.net\/wordpress\/wp-content\/uploads\/2022\/11\/WhatsApp-Video-2022-11-18-at-21.08.55.mp4<\/a><\/video><\/div>\n<p><strong><span style=\"color: #ff0000;\">MARCO VALENTINO &#8211; STEFANIA PILLON<\/span><\/strong><\/p>\n<div style=\"width: 848px;\" class=\"wp-video\"><video class=\"wp-video-shortcode\" id=\"video-307014-6\" width=\"848\" height=\"480\" preload=\"metadata\" controls=\"controls\"><source type=\"video\/mp4\" src=\"https:\/\/www.radiopiu.net\/wordpress\/wp-content\/uploads\/2022\/11\/WhatsApp-Video-2022-11-18-at-21.10.49.mp4?_=6\" \/><a href=\"https:\/\/www.radiopiu.net\/wordpress\/wp-content\/uploads\/2022\/11\/WhatsApp-Video-2022-11-18-at-21.10.49.mp4\">https:\/\/www.radiopiu.net\/wordpress\/wp-content\/uploads\/2022\/11\/WhatsApp-Video-2022-11-18-at-21.10.49.mp4<\/a><\/video><\/div>\n<p>&nbsp;<\/p>\n<p>&nbsp;<\/p>\n<p>&nbsp;<\/p>\n<hr \/>\n<p>&nbsp;<\/p>\n<blockquote>\n<h3><a class=\"dt-pswp-item\" href=\"https:\/\/www.radiopiu.net\/wordpress\/wp-content\/uploads\/2022\/11\/964c5585-99e0-4d0d-9999-ef1440629980.jpg\" data-dt-img-description=\"\" data-large_image_width=\"1600\" data-large_image_height=\"900\"><img loading=\"lazy\" decoding=\"async\" class=\" wp-image-307164 alignleft\" src=\"https:\/\/www.radiopiu.net\/wordpress\/wp-content\/uploads\/2022\/11\/964c5585-99e0-4d0d-9999-ef1440629980-300x169.jpg\" alt=\"\" width=\"249\" height=\"140\" srcset=\"https:\/\/www.radiopiu.net\/wordpress\/wp-content\/uploads\/2022\/11\/964c5585-99e0-4d0d-9999-ef1440629980-300x169.jpg 300w, https:\/\/www.radiopiu.net\/wordpress\/wp-content\/uploads\/2022\/11\/964c5585-99e0-4d0d-9999-ef1440629980-1024x576.jpg 1024w, https:\/\/www.radiopiu.net\/wordpress\/wp-content\/uploads\/2022\/11\/964c5585-99e0-4d0d-9999-ef1440629980-768x432.jpg 768w, https:\/\/www.radiopiu.net\/wordpress\/wp-content\/uploads\/2022\/11\/964c5585-99e0-4d0d-9999-ef1440629980-1536x864.jpg 1536w, https:\/\/www.radiopiu.net\/wordpress\/wp-content\/uploads\/2022\/11\/964c5585-99e0-4d0d-9999-ef1440629980.jpg 1600w\" sizes=\"auto, (max-width: 249px) 100vw, 249px\" \/><\/a>IL BUSTO LIGNEO &#8220;DAMA DEL PALIO&#8221; ESPOSTO ALL&#8217;UFFICIO ANAGRAFE DEL COMUNE DI FELTRE<\/h3>\n<\/blockquote>\n<p><strong>FELTRE<\/strong> Si \u00e8 tenuta nel pomeriggio di ieri la breve cerimonia di esposizione del busto ligneo \u201cDama del Palio\u201d, realizzato dall&#8217;artista Aldo Pellencin e donato dallo stesso al Comune di Feltre lo scorso 30 luglio, in occasione della presentazione ufficiale del 43esimo Palio di Feltre. L&#8217;opera \u00e8 stata collocata nella sala antistante gli sportelli al pubblico dell&#8217;Ufficio Anagrafe, scelta in quanto luogo di maggior afflusso e frequentazione da parte dei cittadini.<\/p>\n<p>&nbsp;<\/p>\n<p>&nbsp;<\/p>\n<hr \/>\n<p>&nbsp;<\/p>\n<blockquote>\n<h3>SCAMBI GIOVANI DEL ROTARY CLUB<\/h3>\n<\/blockquote>\n<p><strong><a class=\"dt-pswp-item\" href=\"https:\/\/www.radiopiu.net\/wordpress\/wp-content\/uploads\/2022\/11\/RYA.jpg\" data-dt-img-description=\"\" data-large_image_width=\"1377\" data-large_image_height=\"501\"><img loading=\"lazy\" decoding=\"async\" class=\"size-medium wp-image-307099 alignleft\" src=\"https:\/\/www.radiopiu.net\/wordpress\/wp-content\/uploads\/2022\/11\/RYA-300x109.jpg\" alt=\"\" width=\"300\" height=\"109\" srcset=\"https:\/\/www.radiopiu.net\/wordpress\/wp-content\/uploads\/2022\/11\/RYA-300x109.jpg 300w, https:\/\/www.radiopiu.net\/wordpress\/wp-content\/uploads\/2022\/11\/RYA-1024x373.jpg 1024w, https:\/\/www.radiopiu.net\/wordpress\/wp-content\/uploads\/2022\/11\/RYA-768x279.jpg 768w, https:\/\/www.radiopiu.net\/wordpress\/wp-content\/uploads\/2022\/11\/RYA.jpg 1377w\" sizes=\"auto, (max-width: 300px) 100vw, 300px\" \/><\/a>BELLUNO<\/strong> Sono aperte le iscrizioni per gli \u201cScambi giovani 2023\u201d. Un\u2019opportunit\u00e0 offerta dal Rotary Club Belluno ai giovani, dai 15 ai 25 anni, intenzionati a vivere un\u2019esperienza &#8211; reciproca &#8211; all\u2019estero. \u00abLo \u201cScambio giovani\u201d &#8211; le parole del coordinare per il Club di Belluno, Angelo Paganin &#8211; vuole sviluppare nei ragazzi dello scambio il loro vero potenziale ovvero acquisire doti di leadership che durano una vita, ma anche imparare una nuova lingua e una cultura, oltre ad allacciare amicizie durature con altri giovani di tutto ii mondo e non da ultimo diventare cittadini del mondo\u00bb. Due le tipologie di scambi proposte dal Rotary Club Belluno: \u201cScambio annuale\u201d e \u201cScambio breve\u201d. \u00abIn quello annuale, normalmente durante il quarto anno della scuola superiore, un nostro ragazzo\/a va all&#8217;estero per un anno di studio (circa dieci mesi di soggiorno effettivo) ospite in 2\/3 famiglie di un Club Rotary, permettendo ad un giovane straniero di venire in Italia ospite in 3 famiglie con la supervisione dei nostri Club. Se per entrambi le tipologie vi \u00e8 l\u2019obbligo di reciprocit\u00e0 in quello breve la fascia di et\u00e0 coinvolta va dai 15 ai 17 anni e il nostro ragazzo\/a trascorre un periodo di 3\/4 settimane all&#8217;estero in una famiglia Rotariana o non; successivamente la famiglia italiana ospita il giovane della famiglia estera per un periodo della stessa durata. Pertanto, i due giovani rimangono in contatto per 6\/8 settimane\u00bb.<\/p>\n<p>&nbsp;<\/p>\n<p>&nbsp;<\/p>\n<hr \/>\n<p>&nbsp;<\/p>\n<blockquote>\n<h3>MIG, MOSTRA INTERNAZIONALE DEL GELATO. QUATTRO GIORNI DI ESPOSIZIONE, CONVEGNI E CONCORSI<\/h3>\n<\/blockquote>\n<p><strong><a class=\"dt-pswp-item\" href=\"https:\/\/www.radiopiu.net\/wordpress\/wp-content\/uploads\/2022\/11\/IMG_9813.jpg\" data-dt-img-description=\"\" data-large_image_width=\"2000\" data-large_image_height=\"1333\"><img loading=\"lazy\" decoding=\"async\" class=\" wp-image-307106 alignleft\" src=\"https:\/\/www.radiopiu.net\/wordpress\/wp-content\/uploads\/2022\/11\/IMG_9813-300x200.jpg\" alt=\"\" width=\"149\" height=\"99\" srcset=\"https:\/\/www.radiopiu.net\/wordpress\/wp-content\/uploads\/2022\/11\/IMG_9813-300x200.jpg 300w, https:\/\/www.radiopiu.net\/wordpress\/wp-content\/uploads\/2022\/11\/IMG_9813-1024x682.jpg 1024w, https:\/\/www.radiopiu.net\/wordpress\/wp-content\/uploads\/2022\/11\/IMG_9813-768x512.jpg 768w, https:\/\/www.radiopiu.net\/wordpress\/wp-content\/uploads\/2022\/11\/IMG_9813-1536x1024.jpg 1536w, https:\/\/www.radiopiu.net\/wordpress\/wp-content\/uploads\/2022\/11\/IMG_9813.jpg 2000w\" sizes=\"auto, (max-width: 149px) 100vw, 149px\" \/><\/a>LONGARONE <\/strong>Il gelato artigianale si d\u00e0 appuntamento a Longarone Fiere Dolomiti. Torna il pi\u00f9 tradizionale ed atteso evento dedicato esclusivamente al dolce freddo: la Mig &#8211; Mostra Internazionale del Gelato &#8211; celebra quest\u2019anno l\u2019edizione numero 62 con quattro giornate di fiera (dal 27 al 30 novembre), di cui la prima aperta al pubblico. In fiera saranno presenti oltre 130 marchi aziendali (da 12 regioni italiane e 11 Paesi esteri) con la conferma di leader internazionali in fatto di macchine, attrezzature, semilavorati, materie prime, arredamenti e accessori per la gelateria artigiana. Sul fronte operatori e gelatieri diverse delegazioni da tutta Europa, ma anche da molti altri Paesi. E per gli appassionati (ma anche per i golosi) sar\u00e0 l\u2019occasione di assaggiare i nuovi gusti proposti dalle Associazioni dei gelatieri, i prodotti che saranno lanciati nei prossimi mesi, o semplicemente il gelato classico, magari preparato con tecniche innovative, green, orientate alla sostenibilit\u00e0 ambientale ed energetica. Sar\u00e0 proprio questo &#8211; l\u2019attenzione all\u2019ambiente e il contrasto al caro-bollette &#8211; uno dei temi pi\u00f9 caldi della Mig 2022.<\/p>\n<p>&nbsp;<\/p>\n<p>&nbsp;<\/p>\n<hr \/>\n<p>&nbsp;<\/p>\n<blockquote>\n<h3>I CONSIGLI COMUNALI NELL&#8217;AGORDINO<\/h3>\n<\/blockquote>\n<p><strong>SELVA DI CADORE<\/strong> Il sindaco di Selva Di Cadore Luca Lorenzini ha convocato il consiglio comunale per venerd\u00ec alle 18. Saranno 6 i punti da discutere nella sala consigliare. Tra questi due variazioni al bilancio, la modifica del regolamento sull&#8217;imposta di soggiorno, l&#8217;assemblea ordinaria della societ\u00e0 Val Fiorentina SPA e l&#8217;approvazione della convenzione per l&#8217;istituzione e gestione della centrale unica di committenza con l&#8217;Unione Montana Agordina.<\/p>\n<p>&nbsp;<\/p>\n<p><strong>RIVAMONTE<\/strong> Saranno 4 i punti trattati nel consiglio comunale di Rivamonte convocato dal sindaco Giovanni Deon per mercoled\u00ec alle 18. Dopo la lettura e approvazione della seduta precedente, si approver\u00e0 il Documento unico di programmazione. In discussione anche la settima variazione a bilancio e l&#8217;affidamento in house providing della gestione del ciclo integrato dei rifiuti da parte del consiglio di bacino con l&#8217;atto d&#8217;indirizzo<\/p>\n<p>&nbsp;<\/p>\n<p>&nbsp;<\/p>\n<hr \/>\n<p>&nbsp;<\/p>\n<blockquote>\n<h3><span dir=\"ltr\" role=\"presentation\">AIUTI FINALIZZATI<\/span> <span dir=\"ltr\" role=\"presentation\">ALL&#8217;ACQUISTO<\/span> <span dir=\"ltr\" role=\"presentation\">DI <\/span><span dir=\"ltr\" role=\"presentation\">GENERI ALIMENTARI O PRODOTTI DI PRIMA<\/span> <span dir=\"ltr\" role=\"presentation\">NECESSIT\u00c0<\/span><\/h3>\n<\/blockquote>\n<p><strong>ALLEGHE<\/strong> Le<span dir=\"ltr\" role=\"presentation\"> persone e le famiglie residenti nel Comune che<\/span><span dir=\"ltr\" role=\"presentation\">, a causa degli effetti economici <\/span><span dir=\"ltr\" role=\"presentation\">derivanti dall\u2019emergenza epidemiologica<\/span> <span dir=\"ltr\" role=\"presentation\">dovuta alla diffusione del virus Covid<\/span><span dir=\"ltr\" role=\"presentation\">&#8211;<\/span><span dir=\"ltr\" role=\"presentation\">19,<\/span> <span dir=\"ltr\" role=\"presentation\">si trovino in uno <\/span><span dir=\"ltr\" role=\"presentation\">stato di bisogno per soddisfare le necessit\u00e0 pi\u00f9 urgenti ed essenziali<\/span><span dir=\"ltr\" role=\"presentation\">, <\/span><span dir=\"ltr\" role=\"presentation\">possono<\/span> <span dir=\"ltr\" role=\"presentation\">chiedere che vengano loro riconosciuti i buoni spesa per l&#8217;acquisto di generi alimentari o prodotti di prima necessit\u00e0. L<\/span><span dir=\"ltr\" role=\"presentation\">\u2019entit\u00e0 dell\u2019importo verr\u00e0 definito con successivo <\/span><span dir=\"ltr\" role=\"presentation\">provvedimento, partendo da un<\/span> <span dir=\"ltr\" role=\"presentation\">importo minimo di 50euro<\/span><span dir=\"ltr\" role=\"presentation\">, sulla base del numero dei <\/span><span dir=\"ltr\" role=\"presentation\">componenti il nucleo familiare e in consi<\/span><span dir=\"ltr\" role=\"presentation\">derazione delle necessit\u00e0 dichiarate dal richiedente. <\/span><span dir=\"ltr\" role=\"presentation\">Le richieste, <\/span><span dir=\"ltr\" role=\"presentation\">redatte sull\u2019apposito modulo dovranno <\/span><span dir=\"ltr\" role=\"presentation\">p<\/span><span dir=\"ltr\" role=\"presentation\">ervenire<\/span> <span dir=\"ltr\" role=\"presentation\">al<\/span> <span dir=\"ltr\" role=\"presentation\">Comune<\/span> <span dir=\"ltr\" role=\"presentation\">di<\/span> <span dir=\"ltr\" role=\"presentation\">Alleghe<\/span> <span dir=\"ltr\" role=\"presentation\">mediante<\/span> <span dir=\"ltr\" role=\"presentation\">invio<\/span> <span dir=\"ltr\" role=\"presentation\">di<\/span> <span dir=\"ltr\" role=\"presentation\">posta<\/span> <span dir=\"ltr\" role=\"presentation\">elettronica, s<\/span><span dir=\"ltr\" role=\"presentation\">olo via residuale<\/span> <span dir=\"ltr\" role=\"presentation\">la domanda potr\u00e0 essere presentata telefonicamente allo<\/span>\u00a0<span dir=\"ltr\" role=\"presentation\">0437 <\/span><span dir=\"ltr\" role=\"presentation\">523300<\/span> <span dir=\"ltr\" role=\"presentation\">dal luned\u00ec al venerd\u00ec<\/span> <span dir=\"ltr\" role=\"presentation\">dalle 8 alle 10<\/span><span dir=\"ltr\" role=\"presentation\">. <\/span><span dir=\"ltr\" role=\"presentation\">Il modulo \u00e8 scaricabile dal sito internet<\/span> <span dir=\"ltr\" role=\"presentation\">www.comune.alleghe.bl.it<\/span><span dir=\"ltr\" role=\"presentation\">, oppure ritirabile presso gli esercizi <\/span><span dir=\"ltr\" role=\"presentation\">comunali dei generi alimentari del territorio.<\/span><\/p>\n<p>&nbsp;<\/p>\n<p>&nbsp;<\/p>\n<hr \/>\n<p>&nbsp;<\/p>\n<blockquote>\n<blockquote>\n<h3>I 200 ANNI DELL&#8217;ISTITUTO CATULLO DI BELLUNO<\/h3>\n<\/blockquote>\n<\/blockquote>\n<p><strong><a class=\"dt-pswp-item\" href=\"https:\/\/www.radiopiu.net\/wordpress\/wp-content\/uploads\/2022\/11\/Senza-nome-66.jpg\" data-dt-img-description=\"\" data-large_image_width=\"431\" data-large_image_height=\"271\"><img loading=\"lazy\" decoding=\"async\" class=\" wp-image-306944 alignleft\" src=\"https:\/\/www.radiopiu.net\/wordpress\/wp-content\/uploads\/2022\/11\/Senza-nome-66-300x189.jpg\" alt=\"\" width=\"233\" height=\"147\" srcset=\"https:\/\/www.radiopiu.net\/wordpress\/wp-content\/uploads\/2022\/11\/Senza-nome-66-300x189.jpg 300w, https:\/\/www.radiopiu.net\/wordpress\/wp-content\/uploads\/2022\/11\/Senza-nome-66.jpg 431w\" sizes=\"auto, (max-width: 233px) 100vw, 233px\" \/><\/a>BELLUNO<\/strong> <span dir=\"ltr\" role=\"presentation\">Luned\u00ec<\/span> \u00a0<span dir=\"ltr\" role=\"presentation\">al<\/span> <span dir=\"ltr\" role=\"presentation\">Teatro<\/span> <span dir=\"ltr\" role=\"presentation\">Comunale<\/span> <span dir=\"ltr\" role=\"presentation\">di<\/span> <span dir=\"ltr\" role=\"presentation\">Belluno,<\/span> <span dir=\"ltr\" role=\"presentation\">avr\u00e0<\/span> <span dir=\"ltr\" role=\"presentation\">luogo <\/span><span dir=\"ltr\" role=\"presentation\">alle <\/span><span dir=\"ltr\" role=\"presentation\">10,<\/span> <span dir=\"ltr\" role=\"presentation\">la<\/span> <span dir=\"ltr\" role=\"presentation\">cerimonia<\/span> <span dir=\"ltr\" role=\"presentation\">di <\/span><span dir=\"ltr\" role=\"presentation\">apertura<\/span> <span dir=\"ltr\" role=\"presentation\">delle<\/span> <span dir=\"ltr\" role=\"presentation\">celebrazioni<\/span> <span dir=\"ltr\" role=\"presentation\">per<\/span> <span dir=\"ltr\" role=\"presentation\">i<\/span> <span dir=\"ltr\" role=\"presentation\">200<\/span> <span dir=\"ltr\" role=\"presentation\">anni<\/span> <span dir=\"ltr\" role=\"presentation\">della<\/span> <span dir=\"ltr\" role=\"presentation\">scuola<\/span> <span dir=\"ltr\" role=\"presentation\">pi\u00f9<\/span> <span dir=\"ltr\" role=\"presentation\">antica<\/span> <span dir=\"ltr\" role=\"presentation\">di<\/span> <span dir=\"ltr\" role=\"presentation\">Belluno,<\/span> <span dir=\"ltr\" role=\"presentation\">primo<\/span> <span dir=\"ltr\" role=\"presentation\">di<\/span> <span dir=\"ltr\" role=\"presentation\">una<\/span> <span dir=\"ltr\" role=\"presentation\">serie<\/span> <span dir=\"ltr\" role=\"presentation\">di<\/span><span dir=\"ltr\" role=\"presentation\">appuntamenti<\/span> <span dir=\"ltr\" role=\"presentation\">culturali<\/span> <span dir=\"ltr\" role=\"presentation\">che<\/span> <span dir=\"ltr\" role=\"presentation\">scandiranno<\/span> <span dir=\"ltr\" role=\"presentation\">l\u2019intero<\/span> <span dir=\"ltr\" role=\"presentation\">anno<\/span> <span dir=\"ltr\" role=\"presentation\">scolastico.<\/span> <span dir=\"ltr\" role=\"presentation\">In<\/span> <span dir=\"ltr\" role=\"presentation\">questa<\/span> <span dir=\"ltr\" role=\"presentation\">occasione,<\/span> <span dir=\"ltr\" role=\"presentation\">alla<\/span> <span dir=\"ltr\" role=\"presentation\">presenza<\/span> <span dir=\"ltr\" role=\"presentation\">di<\/span> <span dir=\"ltr\" role=\"presentation\">tutte<\/span> <span dir=\"ltr\" role=\"presentation\">le <\/span><span dir=\"ltr\" role=\"presentation\">autorit\u00e0<\/span> <span dir=\"ltr\" role=\"presentation\">cittadine<\/span> <span dir=\"ltr\" role=\"presentation\">e<\/span> <span dir=\"ltr\" role=\"presentation\">provinciali,<\/span> <span dir=\"ltr\" role=\"presentation\">di<\/span> <span dir=\"ltr\" role=\"presentation\">docenti,<\/span> <span dir=\"ltr\" role=\"presentation\">allievi<\/span> <span dir=\"ltr\" role=\"presentation\">ed<\/span> <span dir=\"ltr\" role=\"presentation\">ex<\/span> <span dir=\"ltr\" role=\"presentation\">allievi,<\/span> <span dir=\"ltr\" role=\"presentation\">il<\/span> <span dir=\"ltr\" role=\"presentation\">Dirigente<\/span> <span dir=\"ltr\" role=\"presentation\">Scolastico<\/span> <span dir=\"ltr\" role=\"presentation\">Michele<\/span> <span dir=\"ltr\" role=\"presentation\">Sardo<\/span> <span dir=\"ltr\" role=\"presentation\">ripercorrer\u00e0 <\/span><span dir=\"ltr\" role=\"presentation\">la<\/span> <span dir=\"ltr\" role=\"presentation\">storia<\/span> <span dir=\"ltr\" role=\"presentation\">dell&#8217;<\/span><span dir=\"ltr\" role=\"presentation\">istituto,<\/span> <span dir=\"ltr\" role=\"presentation\">che<\/span> <span dir=\"ltr\" role=\"presentation\">da<\/span> <span dir=\"ltr\" role=\"presentation\">200<\/span> <span dir=\"ltr\" role=\"presentation\">anni<\/span> <span dir=\"ltr\" role=\"presentation\">ormai<\/span> <span dir=\"ltr\" role=\"presentation\">si<\/span> <span dir=\"ltr\" role=\"presentation\">intreccia<\/span> <span dir=\"ltr\" role=\"presentation\">con<\/span> <span dir=\"ltr\" role=\"presentation\">quella<\/span> <span dir=\"ltr\" role=\"presentation\">della<\/span> <span dir=\"ltr\" role=\"presentation\">citt\u00e0<\/span> <span dir=\"ltr\" role=\"presentation\">di<\/span> <span dir=\"ltr\" role=\"presentation\">Belluno:<\/span> <span dir=\"ltr\" role=\"presentation\">dai<\/span> <span dir=\"ltr\" role=\"presentation\">primi<\/span> <span dir=\"ltr\" role=\"presentation\">11 <\/span><span dir=\"ltr\" role=\"presentation\">allievi<\/span> <span dir=\"ltr\" role=\"presentation\">della<\/span> <span dir=\"ltr\" role=\"presentation\">Scuola<\/span> <span dir=\"ltr\" role=\"presentation\">Comunale<\/span> <span dir=\"ltr\" role=\"presentation\">ai<\/span> <span dir=\"ltr\" role=\"presentation\">quasi<\/span> <span dir=\"ltr\" role=\"presentation\">800<\/span> <span dir=\"ltr\" role=\"presentation\">studenti<\/span> <span dir=\"ltr\" role=\"presentation\">di<\/span> <span dir=\"ltr\" role=\"presentation\">oggi. <\/span><span dir=\"ltr\" role=\"presentation\">Al<\/span> <span dir=\"ltr\" role=\"presentation\">termine<\/span> <span dir=\"ltr\" role=\"presentation\">della<\/span> <span dir=\"ltr\" role=\"presentation\">cerimonia,<\/span> <span dir=\"ltr\" role=\"presentation\">alle<\/span> \u00a0<span dir=\"ltr\" role=\"presentation\">12,<\/span> <span dir=\"ltr\" role=\"presentation\">sar\u00e0<\/span> <span dir=\"ltr\" role=\"presentation\">possibile<\/span> <span dir=\"ltr\" role=\"presentation\">partecipare<\/span> <span dir=\"ltr\" role=\"presentation\">all\u2019inaugurazione<\/span> <span dir=\"ltr\" role=\"presentation\">della<\/span> <span dir=\"ltr\" role=\"presentation\">mostra <\/span><span dir=\"ltr\" role=\"presentation\">organizzata<\/span> <span dir=\"ltr\" role=\"presentation\">nei<\/span> <span dir=\"ltr\" role=\"presentation\">locali<\/span> <span dir=\"ltr\" role=\"presentation\">di<\/span> <span dir=\"ltr\" role=\"presentation\">Palazzo<\/span> <span dir=\"ltr\" role=\"presentation\">Bembo.\u00a0<\/span><\/p>\n<h3><\/h3>\n<hr \/>\n<h3><\/h3>\n<blockquote>\n<h3><\/h3>\n<\/blockquote>\n<blockquote>\n<h3>LA VIOLENZA DI GENERE TRA ARTE E LETTERATURA<\/h3>\n<\/blockquote>\n<p><strong><a class=\"dt-pswp-item\" href=\"https:\/\/www.radiopiu.net\/wordpress\/wp-content\/uploads\/2020\/11\/VIOLENZA-DONNE.jpg\" data-dt-img-description=\"\" data-large_image_width=\"1920\" data-large_image_height=\"1565\"><img loading=\"lazy\" decoding=\"async\" class=\" wp-image-174279 alignleft\" src=\"https:\/\/www.radiopiu.net\/wordpress\/wp-content\/uploads\/2020\/11\/VIOLENZA-DONNE-300x245.jpg\" alt=\"\" width=\"67\" height=\"55\" srcset=\"https:\/\/www.radiopiu.net\/wordpress\/wp-content\/uploads\/2020\/11\/VIOLENZA-DONNE-300x245.jpg 300w, https:\/\/www.radiopiu.net\/wordpress\/wp-content\/uploads\/2020\/11\/VIOLENZA-DONNE-1024x835.jpg 1024w, https:\/\/www.radiopiu.net\/wordpress\/wp-content\/uploads\/2020\/11\/VIOLENZA-DONNE-768x626.jpg 768w, https:\/\/www.radiopiu.net\/wordpress\/wp-content\/uploads\/2020\/11\/VIOLENZA-DONNE-1536x1252.jpg 1536w, https:\/\/www.radiopiu.net\/wordpress\/wp-content\/uploads\/2020\/11\/VIOLENZA-DONNE.jpg 1920w\" sizes=\"auto, (max-width: 67px) 100vw, 67px\" \/><\/a>BELLUNO <\/strong>In occasione della giornata internazionale contro la violenza sulle donne, l\u2019Ulss Dolomiti, in collaborazione con Comune di Belluno, Comune di Sedico, Bellunodonna, Caritas Diocesana, Una Casa per l\u2019Uomo e il Consultorio Familiare socioeducativo di Belluno, organizza un momento di incontro e riflessione sul tema aperto a tutta la cittadinanza. L\u2019iniziativa si terr\u00e0 domani nella Sala del Polo Culturale di Sedico \u2013 via Alcide De Gasperi &#8211; con un doppio appuntamento: dalle 15.00 alle 17.00: Mostra di Quadri e biblioteca vivente; dalle 17.00 alle 18.00: si terr\u00e0 un incontro sul progetto svolto con le biblioteche di Belluno, Sedico, Limana e Agordo.<\/p>\n<p>&nbsp;<\/p>\n<p>&nbsp;<\/p>\n<hr \/>\n<p>&nbsp;<\/p>\n<blockquote>\n<h3><a class=\"dt-pswp-item\" href=\"https:\/\/www.radiopiu.net\/wordpress\/wp-content\/uploads\/2022\/11\/Cedro-dellHimalaya-Col-Cavalier.jpg\" data-dt-img-description=\"\" data-large_image_width=\"2048\" data-large_image_height=\"1536\"><img loading=\"lazy\" decoding=\"async\" class=\" wp-image-306550 alignleft\" src=\"https:\/\/www.radiopiu.net\/wordpress\/wp-content\/uploads\/2022\/11\/Cedro-dellHimalaya-Col-Cavalier-300x225.jpg\" alt=\"\" width=\"140\" height=\"105\" srcset=\"https:\/\/www.radiopiu.net\/wordpress\/wp-content\/uploads\/2022\/11\/Cedro-dellHimalaya-Col-Cavalier-300x225.jpg 300w, https:\/\/www.radiopiu.net\/wordpress\/wp-content\/uploads\/2022\/11\/Cedro-dellHimalaya-Col-Cavalier-1024x768.jpg 1024w, https:\/\/www.radiopiu.net\/wordpress\/wp-content\/uploads\/2022\/11\/Cedro-dellHimalaya-Col-Cavalier-768x576.jpg 768w, https:\/\/www.radiopiu.net\/wordpress\/wp-content\/uploads\/2022\/11\/Cedro-dellHimalaya-Col-Cavalier-1536x1152.jpg 1536w, https:\/\/www.radiopiu.net\/wordpress\/wp-content\/uploads\/2022\/11\/Cedro-dellHimalaya-Col-Cavalier.jpg 2048w\" sizes=\"auto, (max-width: 140px) 100vw, 140px\" \/><\/a>GIORNATA NAZIONALE DEGLI ALBERI<\/h3>\n<\/blockquote>\n<p><strong>BELLUNO <\/strong>\u00a0 Lunedi Giornata nazionale degli alberi, occasione per proporre\u00a0 eventi informativi ed educativi attorno al tema degli alberi e dell\u2019ambiente. Coinvolti nell\u2019organizzazione un distretto scolastico, l\u2019associazione Italia Nostra e il comando provinciale dei Carabinieri Forestali. \u00a0Per i pi\u00f9 piccoli sar\u00e0 riproposta la tradizionale \u201cFesta degli alberi\u201d al parco urbano di Villa Clizia.\u00a0 E poi il convegno, dal titolo \u201cAlberi monumentali del Comune di Belluno, alle 17.30 nella Sala Eliseo Dal Pont \u201cBianchi\u201d<\/p>\n<p>&nbsp;<\/p>\n<p>&nbsp;<\/p>\n<hr \/>\n<p>&nbsp;<\/p>\n<blockquote>\n<h3>OGGI E DOMANI AL TEATRO SAN GAETANO DI CASTION CON LA PROLOCO CASTIONESE<\/h3>\n<\/blockquote>\n<p><strong>BELLUNO<\/strong> Sono due gli spettacoli che propone la Pro Loco Pieve Castionese per il prossimo fine settimana al Teatro San Gaetano di Castion. Oggi alle 21 &#8220;Sic Transit Gloria Mundi. E se il prossimo Papa fosse donna?&#8221;, un monologo divertente, intelligente e fantasioso, che attraverso l\u2019inventatissima vicenda di Papa Elisabetta I, la prima donna a salire sul soglio di Pietro, affronta il verissimo tema del maschilismo del mondo occidentale. Domani sar\u00e0 la volta di Paolo Rech, pluripremiato artista, che ha girato il mondo intero portando in scena i suoi burattini. Lo spettacolo, divertente e poetico, ci porta \u201c&#8230;alla vigilia di Natale&#8221; insieme alla Compagnia dei Comici, che in mancanza di storie da rappresentare, si \u00e8 sciolta. Spettacolo consigliato a partire dai 5-6 anni<\/p>\n\n\t\t\t<style type='text\/css'>\n\t\t\t\t#gallery-6 {\n\t\t\t\t\tmargin: auto;\n\t\t\t\t}\n\t\t\t\t#gallery-6 .gallery-item {\n\t\t\t\t\tfloat: left;\n\t\t\t\t\tmargin-top: 10px;\n\t\t\t\t\ttext-align: center;\n\t\t\t\t\twidth: 50%;\n\t\t\t\t}\n\t\t\t\t#gallery-6 img {\n\t\t\t\t\tborder: 2px solid #cfcfcf;\n\t\t\t\t}\n\t\t\t\t#gallery-6 .gallery-caption {\n\t\t\t\t\tmargin-left: 0;\n\t\t\t\t}\n\t\t\t\t\/* see gallery_shortcode() in wp-includes\/media.php *\/\n\t\t\t<\/style>\n\t\t<div id='gallery-6' class='dt-gallery-container gallery galleryid-307014 gallery-columns-2 gallery-size-thumbnail'><dl class='gallery-item'>\n\t\t\t\t<dt class='gallery-icon landscape'>\n\t\t\t\t\t<a class=\"rollover rollover-zoom dt-pswp-item\" title=\"Sic transit gloria mundi\" data-dt-img-description=\"\" data-large_image_width=\"1600\" data-large_image_height=\"1066\"href='https:\/\/www.radiopiu.net\/wordpress\/wp-content\/uploads\/2022\/11\/Sic-transit-gloria-mundi.jpg'><img loading=\"lazy\" decoding=\"async\" width=\"150\" height=\"150\" src=\"https:\/\/www.radiopiu.net\/wordpress\/wp-content\/uploads\/2022\/11\/Sic-transit-gloria-mundi-150x150.jpg\" class=\"attachment-thumbnail size-thumbnail\" alt=\"\" \/><\/a>\n\t\t\t\t<\/dt><\/dl><dl class='gallery-item'>\n\t\t\t\t<dt class='gallery-icon landscape'>\n\t\t\t\t\t<a class=\"rollover rollover-zoom dt-pswp-item\" title=\"Natale con i tuoi\" data-dt-img-description=\"\" data-large_image_width=\"1579\" data-large_image_height=\"1239\"href='https:\/\/www.radiopiu.net\/wordpress\/wp-content\/uploads\/2022\/11\/Natale-con-i-tuoi-1.jpg'><img loading=\"lazy\" decoding=\"async\" width=\"150\" height=\"150\" src=\"https:\/\/www.radiopiu.net\/wordpress\/wp-content\/uploads\/2022\/11\/Natale-con-i-tuoi-1-150x150.jpg\" class=\"attachment-thumbnail size-thumbnail\" alt=\"\" \/><\/a>\n\t\t\t\t<\/dt><\/dl><br style=\"clear: both\" \/>\n\t\t\t<\/div>\n\n<div class=\"page\" title=\"Page 1\">\n<div class=\"layoutArea\">\n<div class=\"column\">\n<blockquote>\n<h3><\/h3>\n<\/blockquote>\n<\/div>\n<\/div>\n<\/div>\n<p>&nbsp;<\/p>\n<hr \/>\n<p>&nbsp;<\/p>\n<blockquote>\n<h3>DUE MESSE CON LA CONFRATERNITA DELLA BEATA VERGINE DELLA SALUTE<\/h3>\n<\/blockquote>\n<p><strong>AGORDO<\/strong> Sono due gli appuntamenti con la Confraternita della Beata Vergine della salute. Domani la Santa Messa nella chiesa arcidiaconale di Agordo alle 10:30, seguir\u00e0 il pranzo sociale al Ristorante Monte Civetta di Listolade.\u00a0 Lunedi nella chiesetta di Toccol la messa alle 17:30.<\/p>\n<p>&nbsp;<\/p>\n<p>&nbsp;<\/p>\n<hr \/>\n<p>&nbsp;<\/p>\n<blockquote>\n<h3>CON LA NUOVA CORALE-CORO PARROCCHIALE DI AGORDO LA MESSA PER I CADUTI SUL LAVORO<\/h3>\n<\/blockquote>\n<p><strong>AGORDO<\/strong> Domani alle 18 nella chiesa Arcidiaconale\u00a0 di Agordo, \u00e8&#8217; il 40\u00b0 anno in cui si svolge questa celebrazione, che vuole unirsi nel dolore e nel ricordo dei propri cari ai familiari dei caduti, oltre che sottolineare l&#8217;importanza dei valori della vita e del lavoro e quindi della sicurezza nei luoghi di lavoro. Molto spesso infatti gli adempimenti in tal senso vengono considerati solo come degli inutili vincoli burocratici, mentre \u00e8 importante cercare di evitare tutto quello che \u00e8 prevenibile, diffondendo una cultura della sicurezza. Quest&#8217;anno, all&#8217;elenco dei caduti ricordati in passato, si aggiunge Paolo Marcon, morto mentre lavorava nei boschi di Gosaldo il 7 aprile 2022.<\/p>\n<p>&nbsp;<\/p>\n<p>&nbsp;<\/p>\n<hr \/>\n<p>&nbsp;<\/p>\n<blockquote>\n<h3>AMORE&#8230;C&#8217;E&#8217; UN MORTO IN SALOTTO. A TEATRO A SANTO STEFANO DI CADORE<\/h3>\n<\/blockquote>\n<div class=\"xdj266r x11i5rnm xat24cr x1mh8g0r x1vvkbs x126k92a\">\n<div dir=\"auto\"><strong>REDAZIONE<\/strong>\u00a0 Domani\u00a0 alle\u00a0 17 al <a class=\"x1i10hfl xjbqb8w x6umtig x1b1mbwd xaqea5y xav7gou x9f619 x1ypdohk xt0psk2 xe8uvvx xdj266r x11i5rnm xat24cr x1mh8g0r xexx8yu x4uap5 x18d9i69 xkhd6sd x16tdsg8 x1hl2dhg xggy1nq x1a2a7pz xt0b8zv x1qq9wsj xo1l8bm\" tabindex=\"0\" role=\"link\" href=\"https:\/\/www.facebook.com\/CinemaPiave?__cft__[0]=AZUAYPCEbiClTp1yP7QKEHmCmVuPq0hx2gj1Y1y7h3Bk8vvZJ40w6sis0OmgE4GpUQSLpllKvwoV2B67Inf0GWDfHdr2jwrDLs0adu2YFHzldaIVv1GKv6XTRBY6H0jK3B6xPDA2_wfJZWfo6GIXrjCimUW7pR2pSPVSDBYJm3jE5nUm-PW3IMoD35nYHg0mJm78IQnuSHPdoXjfdgUKkPdy&amp;__tn__=-]K-y-R\"><span class=\"xt0psk2\">Cinema Piave<\/span><\/a> di Santo Stefano di Cadore &#8220;AMORE, C&#8217;E&#8217; UN MORTO IN SALOTTO&#8221;,\u00a0 commedia brillante, all&#8217; interno della rassegna Autunno a Teatro in Comelico. &#8220;<em>Come reagireste se una psicoterapeuta morta da vent\u2019anni piombasse in casa vostra? Comicit\u00e0, equivoci e colpi di scena per una terapia di coppia decisamente fuori dal normale&#8221;.<\/em><\/div>\n<\/div>\n<div class=\"x11i5rnm xat24cr x1mh8g0r x1vvkbs xtlvy1s x126k92a\">\n<div dir=\"auto\">Prenota on line su: <a class=\"x1i10hfl xjbqb8w x6umtig x1b1mbwd xaqea5y xav7gou x9f619 x1ypdohk xt0psk2 xe8uvvx xdj266r x11i5rnm xat24cr x1mh8g0r xexx8yu x4uap5 x18d9i69 xkhd6sd x16tdsg8 x1hl2dhg xggy1nq x1a2a7pz xt0b8zv x1fey0fg\" tabindex=\"0\" role=\"link\" href=\"https:\/\/l.facebook.com\/l.php?u=http%3A%2F%2Fwww.l2l.it%2Fautunnoateatro%3Ffbclid%3DIwAR0iI83ebsGES7W4K9SAPwCQW-fqu9KMwCS5Lz6EsyyKvnDbhOWV5Jdf3B0&amp;h=AT2aTlZ5nSKGWTex1BMLABT-pKvzEQsrkZ-5EmRB-KjoOdjKHNRZ585rYbS0-_deqgVzlzvUoro0klZ5gMpqAZLtksZEVeDXToxX_dN98TavFZTcEBjuzFZM5i2qmb2jWw&amp;__tn__=-UK-y-R&amp;c[0]=AT0cT2cdPLUl3L5Rg9L17zR3qHtMOdjMXZWidIcaQ_lQGtAx3ENHl-T1EELNZSUOUXItElRf-qO8HiinJN4XgP9zB8W-5lkFhVqTCpiYPcCeS7u3H1RRMaSJO5HQaMr5_zMFD_noGASCZ7vpev9eh3vrJvaoFQh9q-VJx-LEeuwU-GG1xbVbD3oPwVKvF9mioB-dlUcHsNTpO5Wc4W_mIiZmbL_QR8Y20TznAg\" target=\"_blank\" rel=\"nofollow noopener\">http:\/\/www.l2l.it\/autunnoateatro<\/a> Per info: info@icomelianti.it, 3471451453. Con Annamaria (Michelangela Battistella ), Oreste (<a class=\"x1i10hfl xjbqb8w x6umtig x1b1mbwd xaqea5y xav7gou x9f619 x1ypdohk xt0psk2 xe8uvvx xdj266r x11i5rnm xat24cr x1mh8g0r xexx8yu x4uap5 x18d9i69 xkhd6sd x16tdsg8 x1hl2dhg xggy1nq x1a2a7pz xt0b8zv x1qq9wsj xo1l8bm\" tabindex=\"0\" role=\"link\" href=\"https:\/\/www.facebook.com\/marco.demartinmodolado?__cft__[0]=AZUAYPCEbiClTp1yP7QKEHmCmVuPq0hx2gj1Y1y7h3Bk8vvZJ40w6sis0OmgE4GpUQSLpllKvwoV2B67Inf0GWDfHdr2jwrDLs0adu2YFHzldaIVv1GKv6XTRBY6H0jK3B6xPDA2_wfJZWfo6GIXrjCimUW7pR2pSPVSDBYJm3jE5nUm-PW3IMoD35nYHg0mJm78IQnuSHPdoXjfdgUKkPdy&amp;__tn__=-]K-y-R\"><span class=\"xt0psk2\">Marco De Martin Modolado<\/span><\/a> ) e Amelia (Silvia Saponaro ). Una produzione <a class=\"x1i10hfl xjbqb8w x6umtig x1b1mbwd xaqea5y xav7gou x9f619 x1ypdohk xt0psk2 xe8uvvx xdj266r x11i5rnm xat24cr x1mh8g0r xexx8yu x4uap5 x18d9i69 xkhd6sd x16tdsg8 x1hl2dhg xggy1nq x1a2a7pz xt0b8zv x1qq9wsj xo1l8bm\" tabindex=\"0\" role=\"link\" href=\"https:\/\/www.facebook.com\/SilviaSaponaroShockArti?__cft__[0]=AZUAYPCEbiClTp1yP7QKEHmCmVuPq0hx2gj1Y1y7h3Bk8vvZJ40w6sis0OmgE4GpUQSLpllKvwoV2B67Inf0GWDfHdr2jwrDLs0adu2YFHzldaIVv1GKv6XTRBY6H0jK3B6xPDA2_wfJZWfo6GIXrjCimUW7pR2pSPVSDBYJm3jE5nUm-PW3IMoD35nYHg0mJm78IQnuSHPdoXjfdgUKkPdy&amp;__tn__=-]K-y-R\"><span class=\"xt0psk2\">Silvia Saponaro<\/span><\/a> &#8211; ShockArti <a class=\"x1i10hfl xjbqb8w x6umtig x1b1mbwd xaqea5y xav7gou x9f619 x1ypdohk xt0psk2 xe8uvvx xdj266r x11i5rnm xat24cr x1mh8g0r xexx8yu x4uap5 x18d9i69 xkhd6sd x16tdsg8 x1hl2dhg xggy1nq x1a2a7pz xt0b8zv x1fey0fg\" tabindex=\"0\" role=\"link\" href=\"https:\/\/l.facebook.com\/l.php?u=https%3A%2F%2Fwww.silviasaponaro.it%2F%3Ffbclid%3DIwAR0I4PA9iij3TBFT8a811E0WkXq86s-L5szdou0cIaR1lxowdVJfCmVTHkM&amp;h=AT0BlMnYsHx0PYBL_ZNfrDgZC0pysnZt5tsr7-DRiUR3SZG365eYQj6EA3wtQSlMvpQ8TljBnNv4ta8S1WuBaJx0KvXchKS2Kcb2S8zchoiRUwbUiOrpVMzB6vyRAPsTKw&amp;__tn__=-UK-y-R&amp;c[0]=AT0cT2cdPLUl3L5Rg9L17zR3qHtMOdjMXZWidIcaQ_lQGtAx3ENHl-T1EELNZSUOUXItElRf-qO8HiinJN4XgP9zB8W-5lkFhVqTCpiYPcCeS7u3H1RRMaSJO5HQaMr5_zMFD_noGASCZ7vpev9eh3vrJvaoFQh9q-VJx-LEeuwU-GG1xbVbD3oPwVKvF9mioB-dlUcHsNTpO5Wc4W_mIiZmbL_QR8Y20TznAg\" target=\"_blank\" rel=\"nofollow noopener\">https:\/\/www.silviasaponaro.it\/<\/a><\/div>\n<\/div>\n<div dir=\"auto\"><\/div>\n<div dir=\"auto\"><\/div>\n<div dir=\"auto\"><img loading=\"lazy\" decoding=\"async\" class=\"aligncenter\" src=\"https:\/\/www.radiopiu.net\/wordpress\/wp-content\/uploads\/2022\/11\/314737847_582441327215303_7406926901587663432_n.jpg\" width=\"303\" height=\"203\" \/><\/div>\n<div dir=\"auto\"><\/div>\n<div dir=\"auto\"><\/div>\n<div dir=\"auto\"><strong>ALLA RADIO&#8230;. audio<\/strong><\/div>\n<div dir=\"auto\">\n<audio class=\"wp-audio-shortcode\" id=\"audio-307014-4\" preload=\"none\" style=\"width: 100%;\" controls=\"controls\"><source type=\"audio\/mpeg\" src=\"https:\/\/www.radiopiu.net\/wordpress\/wp-content\/uploads\/2022\/11\/marco-de-martin.mp3?_=4\" \/><a href=\"https:\/\/www.radiopiu.net\/wordpress\/wp-content\/uploads\/2022\/11\/marco-de-martin.mp3\">https:\/\/www.radiopiu.net\/wordpress\/wp-content\/uploads\/2022\/11\/marco-de-martin.mp3<\/a><\/audio>\n<\/div>\n<blockquote><p>&nbsp;<\/p><\/blockquote>\n<p dir=\"auto\"><strong>Guarda il trailer :<span style=\"color: #0000ff;\"> <a class=\"x1i10hfl xjbqb8w x6umtig x1b1mbwd xaqea5y xav7gou x9f619 x1ypdohk xt0psk2 xe8uvvx xdj266r x11i5rnm xat24cr x1mh8g0r xexx8yu x4uap5 x18d9i69 xkhd6sd x16tdsg8 x1hl2dhg xggy1nq x1a2a7pz xt0b8zv x1fey0fg\" style=\"color: #0000ff;\" tabindex=\"0\" role=\"link\" href=\"https:\/\/l.facebook.com\/l.php?u=https%3A%2F%2Fvimeo.com%2F697893074%3Ffbclid%3DIwAR0R4LYxV0k4iTQCwctCkAAaYY78_1NVgRlzZCQRRrf6VJ_g3fGxdX9knUw&amp;h=AT2lpaAhyr4gtwU60W_ERPOEJanMNTWI4rPao7fTFdhtk7daI3jfNoGcx_YJDc6X5w_msZv3AsyeE90PaodV1UZrtEfkw3nTuMzrPyvb7Qm7DzBcODvkl_rZp06aM_DHoQ&amp;__tn__=-UK-y-R&amp;c[0]=AT0cT2cdPLUl3L5Rg9L17zR3qHtMOdjMXZWidIcaQ_lQGtAx3ENHl-T1EELNZSUOUXItElRf-qO8HiinJN4XgP9zB8W-5lkFhVqTCpiYPcCeS7u3H1RRMaSJO5HQaMr5_zMFD_noGASCZ7vpev9eh3vrJvaoFQh9q-VJx-LEeuwU-GG1xbVbD3oPwVKvF9mioB-dlUcHsNTpO5Wc4W_mIiZmbL_QR8Y20TznAg\" target=\"_blank\" rel=\"nofollow noopener\">https:\/\/vimeo.com\/697893074<\/a><\/span><\/strong><\/p>\n<p>&nbsp;<\/p>\n<hr \/>\n<p>&nbsp;<\/p>\n<blockquote>\n<h3>LA FIERA DI SANT&#8217;ANDREA A CENCENIGHE<\/h3>\n<\/blockquote>\n<p><strong>CENCENIGHE <\/strong>Sabato 26 e domenica 27 novembre a Cencenighe torna la Fiera di Sant&#8217;Andrea. Dalle 9 alle 19 all&#8217;interno della sala del Nof Fil\u00f2 il mercatino dell&#8217;artigianato e servizio bar con possibilit\u00e0 di pranzo con prodotti tipici. Dalle 10 alle 16 sul piazzale del municipio giri in pony e cavallo per bambini e ragazzi, esposizione degli animali sul piazzale, dimostrazione di ferratura di cavallo ed esibizione di scultura su legno. Novit\u00e0 dell&#8217;edizione 2022 nella sola giornata di sabato, in sala consigliare del comune, la proiezione della commedia dialettale \u201cTrafeg\u00e0 Bestiam\u201d che racconta la storia dell&#8217;antica fiera di Sant&#8217;Andrea. Nel pomeriggio di sabato alle 14:30 breve convegno con la presidente dell&#8217;associazione ACTO Triveneto Petra De Zanet sull&#8217;alleanza contro i tumori ginecologici.<\/p>\n<p>&nbsp;<\/p>\n<p>&nbsp;<\/p>\n<hr \/>\n<p>&nbsp;<\/p>\n<blockquote>\n<h3>RACCONTI FRA PENSIERI E RICORDI<\/h3>\n<\/blockquote>\n<p><strong>BELLUNO<\/strong> \u201cRacconti fra pensieri e ricordi\u201d. \u00c8 il titolo dell\u2019evento culturale che l\u2019Associazione Bellunesi nel Mondo organizza per venerd\u00ec 25 novembre a Belluno, presso la propria sede in via Cavour 3. Appuntamento alle 16.30. Ingresso libero. L\u2019evento, moderato da Patrizia Burigo, vicepresidente Abm e presidente del comitato di gestione della Biblioteca delle migrazioni \u201cDino Buzzati\u201d, vedr\u00e0 gli autori presentare e approfondire le loro opere, il loro percorso di vita e il loro legame con l\u2019emigrazione e con la terra di origine. Per maggiori informazioni \u00e8 possibile contattare l\u2019Associazione Bellunesi nel Mondo al numero 0437 941160 o all\u2019email <a class=\"moz-txt-link-abbreviated\" href=\"mailto:biblioteca.migrazioni@bellunesinelmondo.it\">biblioteca.migrazioni@bellunesinelmondo.it<\/a>.<\/p>\n<p>&nbsp;<\/p>\n<p>&nbsp;<\/p>\n<hr \/>\n<p>&nbsp;<\/p>\n<h2><span style=\"color: #ff9900;\">IERI ALLA RADIO<\/span><\/h2>\n<h2><span style=\"color: #008000;\">EP CENTER &#8211; PUNTATA DEL 18 NOVEMBRE 2022<\/span><\/h2>\n<p><iframe loading=\"lazy\" title=\"EP CENTER  ATTUALIZZIAMO L&#039;ELETTRONICA\" width=\"1200\" height=\"675\" src=\"https:\/\/www.youtube.com\/embed\/cMgEUfNSLQM?feature=oembed\" frameborder=\"0\" allow=\"accelerometer; autoplay; clipboard-write; encrypted-media; gyroscope; picture-in-picture\" allowfullscreen><\/iframe><\/p>\n<p>&nbsp;<\/p>\n<hr \/>\n<p>&nbsp;<\/p>\n<p>&nbsp;<\/p>\n<h2><strong><a class=\"dt-pswp-item\" href=\"https:\/\/www.radiopiu.net\/wordpress\/wp-content\/uploads\/2020\/06\/cassa-solidarieta-luxottica.jpg\" data-dt-img-description=\"\" data-large_image_width=\"1167\" data-large_image_height=\"574\"><img loading=\"lazy\" decoding=\"async\" class=\"alignleft wp-image-145244 \" src=\"https:\/\/www.radiopiu.net\/wordpress\/wp-content\/uploads\/2020\/06\/cassa-solidarieta-luxottica-300x148.jpg\" alt=\"\" width=\"191\" height=\"94\" srcset=\"https:\/\/www.radiopiu.net\/wordpress\/wp-content\/uploads\/2020\/06\/cassa-solidarieta-luxottica-300x148.jpg 300w, https:\/\/www.radiopiu.net\/wordpress\/wp-content\/uploads\/2020\/06\/cassa-solidarieta-luxottica-1024x504.jpg 1024w, https:\/\/www.radiopiu.net\/wordpress\/wp-content\/uploads\/2020\/06\/cassa-solidarieta-luxottica-768x378.jpg 768w, https:\/\/www.radiopiu.net\/wordpress\/wp-content\/uploads\/2020\/06\/cassa-solidarieta-luxottica.jpg 1167w\" sizes=\"auto, (max-width: 191px) 100vw, 191px\" \/><\/a><\/strong><span style=\"color: #ff0000;\">SPECIALE CASSA SOLIDARIETA&#8217; AZIENDALE LAVORATORI LUXOTTICA &#8211; NOVEMBRE 2022<\/span><\/h2>\n<p><strong>di Mirko Mezzacasa<\/strong><\/p>\n<p>OSPITI: Paolo Chissal\u00e8 e Fabrizio Campedel<\/p>\n<audio class=\"wp-audio-shortcode\" id=\"audio-307014-5\" preload=\"none\" style=\"width: 100%;\" controls=\"controls\"><source type=\"audio\/mpeg\" src=\"https:\/\/www.radiopiu.net\/wordpress\/wp-content\/uploads\/2022\/11\/CSA-LUXOTTICA-NOVEMBRE.mp3?_=5\" \/><a href=\"https:\/\/www.radiopiu.net\/wordpress\/wp-content\/uploads\/2022\/11\/CSA-LUXOTTICA-NOVEMBRE.mp3\">https:\/\/www.radiopiu.net\/wordpress\/wp-content\/uploads\/2022\/11\/CSA-LUXOTTICA-NOVEMBRE.mp3<\/a><\/audio>\n<p>&nbsp;<\/p>\n<p>&nbsp;<\/p>\n<hr \/>\n<p>&nbsp;<\/p>\n<h2><span style=\"color: #008080;\">&#8220;DINTORN E FORA VIA&#8221;\u00a0<\/span><span style=\"color: #008080;\"> IL PROGRAMMA\u00a0 <\/span><span style=\"color: #008080;\">A CURA DEL MUSLA\u00a0<\/span><\/h2>\n<h2><span style=\"color: #008080;\">\u00a0 \u00a0<\/span><\/h2>\n<p><strong>PUNTATA DEL 19 NOVEMBRE ELEONORA TROI\u00a0<\/strong><\/p>\n<audio class=\"wp-audio-shortcode\" id=\"audio-307014-6\" preload=\"none\" style=\"width: 100%;\" controls=\"controls\"><source type=\"audio\/mpeg\" src=\"https:\/\/www.radiopiu.net\/wordpress\/wp-content\/uploads\/2022\/11\/MUSLA-1.mp3?_=6\" \/><a href=\"https:\/\/www.radiopiu.net\/wordpress\/wp-content\/uploads\/2022\/11\/MUSLA-1.mp3\">https:\/\/www.radiopiu.net\/wordpress\/wp-content\/uploads\/2022\/11\/MUSLA-1.mp3<\/a><\/audio>\n<p>&nbsp;<\/p>\n<p>&nbsp;<\/p>\n<p>&nbsp;<\/p>\n<hr \/>\n<p>&nbsp;<\/p>\n<div>\n<div class=\"b654a4as d2edcug0\">\n<div class=\"rq0escxv hkbzh7o3 jwdofwj8 n8tt0mok r8blr3vg hyh9befq\">\n<p><a class=\"dt-pswp-item\" href=\"https:\/\/www.radiopiu.net\/wordpress\/wp-content\/uploads\/2020\/10\/pp.jpg\" data-dt-img-description=\"\" data-large_image_width=\"640\" data-large_image_height=\"640\"><img loading=\"lazy\" decoding=\"async\" class=\"wp-image-163678 alignleft\" src=\"https:\/\/www.radiopiu.net\/wordpress\/wp-content\/uploads\/2020\/10\/pp-300x300.jpg\" alt=\"\" width=\"106\" height=\"106\" srcset=\"https:\/\/www.radiopiu.net\/wordpress\/wp-content\/uploads\/2020\/10\/pp-300x300.jpg 300w, https:\/\/www.radiopiu.net\/wordpress\/wp-content\/uploads\/2020\/10\/pp-150x150.jpg 150w, https:\/\/www.radiopiu.net\/wordpress\/wp-content\/uploads\/2020\/10\/pp-125x125.jpg 125w, https:\/\/www.radiopiu.net\/wordpress\/wp-content\/uploads\/2020\/10\/pp-200x200.jpg 200w, https:\/\/www.radiopiu.net\/wordpress\/wp-content\/uploads\/2020\/10\/pp-80x80.jpg 80w, https:\/\/www.radiopiu.net\/wordpress\/wp-content\/uploads\/2020\/10\/pp-480x480.jpg 480w, https:\/\/www.radiopiu.net\/wordpress\/wp-content\/uploads\/2020\/10\/pp.jpg 640w\" sizes=\"auto, (max-width: 106px) 100vw, 106px\" \/><\/a><\/p>\n<\/div>\n<\/div>\n<\/div>\n<div>\n<div class=\"page-title-head hgroup\">\n<div class=\"page-title-head hgroup\">\n<div class=\"b654a4as d2edcug0\">\n<div class=\"j83agx80 btwxx1t3 lhclo0ds hop8lmos nkwizq5d scwd0bx6 roh60bw9\">\n<div class=\"rq0escxv hkbzh7o3 jwdofwj8 n8tt0mok r8blr3vg hyh9befq\">\n<div class=\"do00u71z l9j0dhe7 k4urcfbm\">\n<h2><span style=\"color: #000080;\">DON CESARE, IL PENSIERO DEL GIORNO. ALLA RADIO ALLE 7 DEL MATTINO E ALLE 19.30 DELLA SERA<\/span><\/h2>\n<audio class=\"wp-audio-shortcode\" id=\"audio-307014-7\" preload=\"none\" style=\"width: 100%;\" controls=\"controls\"><source type=\"audio\/mpeg\" src=\"https:\/\/www.radiopiu.net\/wordpress\/wp-content\/uploads\/2022\/11\/CESARE-11.mp3?_=7\" \/><a href=\"https:\/\/www.radiopiu.net\/wordpress\/wp-content\/uploads\/2022\/11\/CESARE-11.mp3\">https:\/\/www.radiopiu.net\/wordpress\/wp-content\/uploads\/2022\/11\/CESARE-11.mp3<\/a><\/audio>\n<p>&nbsp;<\/p>\n<\/div>\n<\/div>\n<\/div>\n<\/div>\n<\/div>\n<\/div>\n<\/div>\n<p>&nbsp;<\/p>\n<hr \/>\n<p>&nbsp;<\/p>\n<h2><span style=\"color: #339966;\">COLLAGE OPERAZIONE NOSTALGIA<\/span><\/h2>\n<p><strong><a class=\"dt-pswp-item\" href=\"https:\/\/www.radiopiu.net\/wordpress\/wp-content\/uploads\/2022\/11\/Animals.jpg\" data-dt-img-description=\"\" data-large_image_width=\"600\" data-large_image_height=\"600\"><img loading=\"lazy\" decoding=\"async\" class=\"wp-image-306155 alignleft\" src=\"https:\/\/www.radiopiu.net\/wordpress\/wp-content\/uploads\/2022\/11\/Animals-300x300.jpg\" alt=\"\" width=\"115\" height=\"115\" srcset=\"https:\/\/www.radiopiu.net\/wordpress\/wp-content\/uploads\/2022\/11\/Animals-300x300.jpg 300w, https:\/\/www.radiopiu.net\/wordpress\/wp-content\/uploads\/2022\/11\/Animals-150x150.jpg 150w, https:\/\/www.radiopiu.net\/wordpress\/wp-content\/uploads\/2022\/11\/Animals.jpg 600w\" sizes=\"auto, (max-width: 115px) 100vw, 115px\" \/><\/a>di Loris Scussel<\/strong><\/p>\n<p>I complessi italiani degli anni 60 apriranno la settimana di Collage operazione nostalgia, marted\u00ec sar\u00e0 la volta dei gruppi stranieri dello stesso periodo, mercoled\u00ec puntata Juke Box, gioved\u00ec canzoni dalle hit parade degli anni 60 e venerd\u00ec da quelle degli anni 70. Ascolteremo brani come Bang bang, A salty dog, Il re dei pagliacci, Il mondo, In the summertime e cos\u00ec via. Collage va in onda dal luned\u00ec al venerd\u00ec alle 16,00 e alle 23,00 naturalmente su Radio Pi\u00f9.<\/p>\n<p><strong>PUNTATA DEL LUNEDI, 661<\/strong><\/p>\n<audio class=\"wp-audio-shortcode\" id=\"audio-307014-8\" preload=\"none\" style=\"width: 100%;\" controls=\"controls\"><source type=\"audio\/mpeg\" src=\"https:\/\/www.radiopiu.net\/wordpress\/wp-content\/uploads\/2022\/11\/Collage-661.mp3?_=8\" \/><a href=\"https:\/\/www.radiopiu.net\/wordpress\/wp-content\/uploads\/2022\/11\/Collage-661.mp3\">https:\/\/www.radiopiu.net\/wordpress\/wp-content\/uploads\/2022\/11\/Collage-661.mp3<\/a><\/audio>\n<p>&nbsp;<\/p>\n<p><strong>PUNTATA DEL MARTEDI, 662<\/strong><\/p>\n<audio class=\"wp-audio-shortcode\" id=\"audio-307014-9\" preload=\"none\" style=\"width: 100%;\" controls=\"controls\"><source type=\"audio\/mpeg\" src=\"https:\/\/www.radiopiu.net\/wordpress\/wp-content\/uploads\/2022\/11\/Collage-662.mp3?_=9\" \/><a href=\"https:\/\/www.radiopiu.net\/wordpress\/wp-content\/uploads\/2022\/11\/Collage-662.mp3\">https:\/\/www.radiopiu.net\/wordpress\/wp-content\/uploads\/2022\/11\/Collage-662.mp3<\/a><\/audio>\n<p>&nbsp;<\/p>\n<p><strong>PUNTATA DEL MERCOLEDI, 663<\/strong><\/p>\n<audio class=\"wp-audio-shortcode\" id=\"audio-307014-10\" preload=\"none\" style=\"width: 100%;\" controls=\"controls\"><source type=\"audio\/mpeg\" src=\"https:\/\/www.radiopiu.net\/wordpress\/wp-content\/uploads\/2022\/11\/Collage-663.mp3?_=10\" \/><a href=\"https:\/\/www.radiopiu.net\/wordpress\/wp-content\/uploads\/2022\/11\/Collage-663.mp3\">https:\/\/www.radiopiu.net\/wordpress\/wp-content\/uploads\/2022\/11\/Collage-663.mp3<\/a><\/audio>\n<p>&nbsp;<\/p>\n<p><strong>PUNTATA DEL GIOVEDI, 664<\/strong><\/p>\n<audio class=\"wp-audio-shortcode\" id=\"audio-307014-11\" preload=\"none\" style=\"width: 100%;\" controls=\"controls\"><source type=\"audio\/mpeg\" src=\"https:\/\/www.radiopiu.net\/wordpress\/wp-content\/uploads\/2022\/11\/Collage-664.mp3?_=11\" \/><a href=\"https:\/\/www.radiopiu.net\/wordpress\/wp-content\/uploads\/2022\/11\/Collage-664.mp3\">https:\/\/www.radiopiu.net\/wordpress\/wp-content\/uploads\/2022\/11\/Collage-664.mp3<\/a><\/audio>\n<p>&nbsp;<\/p>\n<p><strong>PUNTATA DEL VENERDI, 665<\/strong><\/p>\n<audio class=\"wp-audio-shortcode\" id=\"audio-307014-12\" preload=\"none\" style=\"width: 100%;\" controls=\"controls\"><source type=\"audio\/mpeg\" src=\"https:\/\/www.radiopiu.net\/wordpress\/wp-content\/uploads\/2022\/11\/Collage-665.mp3?_=12\" \/><a href=\"https:\/\/www.radiopiu.net\/wordpress\/wp-content\/uploads\/2022\/11\/Collage-665.mp3\">https:\/\/www.radiopiu.net\/wordpress\/wp-content\/uploads\/2022\/11\/Collage-665.mp3<\/a><\/audio>\n<p>&nbsp;<\/p>\n<hr \/>\n<p>&nbsp;<\/p>\n<p><img loading=\"lazy\" decoding=\"async\" class=\"aligncenter wp-image-61954 size-full\" src=\"https:\/\/www.radiopiu.net\/wordpress\/wp-content\/uploads\/2018\/09\/viabilita.jpeg\" sizes=\"auto, (max-width: 800px) 100vw, 800px\" srcset=\"https:\/\/www.radiopiu.net\/wordpress\/wp-content\/uploads\/2018\/09\/viabilita.jpeg 800w, https:\/\/www.radiopiu.net\/wordpress\/wp-content\/uploads\/2018\/09\/viabilita-300x38.jpeg 300w, https:\/\/www.radiopiu.net\/wordpress\/wp-content\/uploads\/2018\/09\/viabilita-768x96.jpeg 768w\" alt=\"\" width=\"800\" height=\"100\" \/><\/p>\n<p>&nbsp;<\/p>\n<p>&nbsp;<\/p>\n<p><strong>AGGIORNAMENTO VENETO STRADE, AGGIORNAMENTO CONTINUO H 24<\/strong><\/p>\n<blockquote class=\"wp-embedded-content\" data-secret=\"uO6mTStqmv\"><p><a href=\"https:\/\/www.radiopiu.net\/wordpress\/viabilita\/\">viabilita<\/a><\/p><\/blockquote>\n<p><iframe loading=\"lazy\" class=\"wp-embedded-content\" sandbox=\"allow-scripts\" security=\"restricted\" style=\"position: absolute; clip: rect(1px, 1px, 1px, 1px);\" title=\"&#8220;viabilita&#8221; &#8212; Radio Pi\u00f9\" src=\"https:\/\/www.radiopiu.net\/wordpress\/viabilita\/embed\/#?secret=SbtJv4xkHa#?secret=uO6mTStqmv\" data-secret=\"uO6mTStqmv\" width=\"600\" height=\"338\" frameborder=\"0\" marginwidth=\"0\" marginheight=\"0\" scrolling=\"no\"><\/iframe><\/p>\n<p>&nbsp;<\/p>\n<p>&nbsp;<\/p>\n<p>&nbsp;<\/p>\n<hr \/>\n<p>&nbsp;<\/p>\n<p><a class=\"dt-pswp-item\" href=\"https:\/\/www.radiopiu.net\/wordpress\/wp-content\/uploads\/2018\/09\/WhatsApp-Image-2018-09-20-at-16.04.06.jpeg\" data-dt-img-description=\"\" data-large_image_width=\"800\" data-large_image_height=\"100\"><img loading=\"lazy\" decoding=\"async\" class=\"wp-image-61378 size-full aligncenter\" src=\"https:\/\/www.radiopiu.net\/wordpress\/wp-content\/uploads\/2018\/09\/WhatsApp-Image-2018-09-20-at-16.04.06.jpeg\" alt=\"\" width=\"800\" height=\"100\" srcset=\"https:\/\/www.radiopiu.net\/wordpress\/wp-content\/uploads\/2018\/09\/WhatsApp-Image-2018-09-20-at-16.04.06.jpeg 800w, https:\/\/www.radiopiu.net\/wordpress\/wp-content\/uploads\/2018\/09\/WhatsApp-Image-2018-09-20-at-16.04.06-300x38.jpeg 300w, https:\/\/www.radiopiu.net\/wordpress\/wp-content\/uploads\/2018\/09\/WhatsApp-Image-2018-09-20-at-16.04.06-768x96.jpeg 768w\" sizes=\"auto, (max-width: 800px) 100vw, 800px\" \/><\/a><\/p>\n<p>&nbsp;<\/p>\n<div dir=\"auto\"><center><b>Sabato 19<\/b><\/center><b>Tempo atteso: <\/b>Cielo in prevalenza sereno o poco nuvoloso sulle Dolomiti, nuvoloso o parzialmente nuvoloso sulle zone prealpine dove non sar\u00e0 del tutto escluso qualche modestissimo fenomeno. Rasserenamenti ovunque nel pomeriggio. Possibili nubi basse o foschie in alcune valli nelle ore pi\u00f9 fredde.<br \/>\n<b>Precipitazioni: <\/b>Generalmente assenti; tuttavia non \u00e8 del tutto escluso (10%) qualche locale e debole precipitazione sulle Prealpi, eventualmente nevosa oltre i 1400-1700 m.<br \/>\n<b>Temperature: <\/b>In ulteriore lieve calo, specie le minime nelle valli, su valori normali o pi\u00f9 basse di qualche grado<\/p>\n<hr \/>\n<p><center><b>Domenica 20<\/b><\/center><b>Tempo atteso: <\/b>Tempo stabile e soleggiato fin dal mattino su tutte le Alpi, salvo il transito di qualche velatura, con ottima visibilit\u00e0 in alta montagna; non sono del tutto escluse formazioni di nubi basse, di foschie o banchi di nebbia in acune valli nelle ore pi\u00f9 fredde.<br \/>\n<b>Precipitazioni: <\/b>Assenti (0%).<br \/>\n<b>Temperature: <\/b>Ancora in lieve calo.<\/p>\n<hr \/>\n<p><center><b>Lunedi 21<\/b><\/center>Al mattino fino all&#8217;alba generalmente sereno o poco nuvoloso, specie in alta montagna, con possibili e temporanee nubi basse in molte valli. Nel corso della mattinata graduale aumento della nuvolosit\u00e0 dapprima per nubi alte e poi anche di quelle medie stratiformi soprattutto nel pomeriggio. Precipitazioni assenti per gran parte della giornata con possibile inizio delle precipitazioni verso sera o nella notte a partire dalle Prealpi occidentali, eventualmente nevose oltre i 1200-1500 m sulle Prealpi e oltre i 700-900 m sulle Dolomiti. Temperature senza notevoli variazioni.<\/p>\n<hr \/>\n<p><center><b>Martedi 22<\/b><\/center>Tempo perturbato con precipitazioni diffuse per gran parte della giornata; quota neve intorno a 700-1000 m sulle Dolomiti e circa 1400-1700 m sulle Prealpi. Attenuazione dei fenomeni dalla sera. Temperature minime in aumento, massime stazionarie o in lieve calo.<\/p>\n<\/div>\n<div dir=\"auto\">\n<p>&nbsp;<\/p>\n<\/div>\n<p>&nbsp;<\/p>\n<hr \/>\n<p>&nbsp;<\/p>\n<p><a class=\"dt-pswp-item\" href=\"https:\/\/www.radiopiu.net\/wordpress\/wp-content\/uploads\/2018\/09\/sport.jpg\" data-dt-img-description=\"\" data-large_image_width=\"800\" data-large_image_height=\"100\"><img loading=\"lazy\" decoding=\"async\" class=\"aligncenter wp-image-60761 size-full\" src=\"https:\/\/www.radiopiu.net\/wordpress\/wp-content\/uploads\/2018\/09\/sport.jpg\" alt=\"\" width=\"800\" height=\"100\" srcset=\"https:\/\/www.radiopiu.net\/wordpress\/wp-content\/uploads\/2018\/09\/sport.jpg 800w, https:\/\/www.radiopiu.net\/wordpress\/wp-content\/uploads\/2018\/09\/sport-300x38.jpg 300w, https:\/\/www.radiopiu.net\/wordpress\/wp-content\/uploads\/2018\/09\/sport-768x96.jpg 768w\" sizes=\"auto, (max-width: 800px) 100vw, 800px\" \/><\/a><\/p>\n<p>&nbsp;<\/p>\n<p><span style=\"color: #0000ff;\"><strong>CALCIO<\/strong><\/span><\/p>\n<blockquote>\n<h3>GIOVANILI E PRIMA SQUADRA DELL&#8217;AGORDINA IN CAMPO NEL FINE SETTIMANA<\/h3>\n<\/blockquote>\n<p><strong><a class=\"dt-pswp-item\" href=\"https:\/\/www.radiopiu.net\/wordpress\/wp-content\/uploads\/2021\/11\/CALCIO-2021.jpg\" data-dt-img-description=\"\" data-large_image_width=\"2560\" data-large_image_height=\"1707\"><img loading=\"lazy\" decoding=\"async\" class=\" wp-image-242798 alignleft\" src=\"https:\/\/www.radiopiu.net\/wordpress\/wp-content\/uploads\/2021\/11\/CALCIO-2021-300x200.jpg\" alt=\"\" width=\"161\" height=\"107\" srcset=\"https:\/\/www.radiopiu.net\/wordpress\/wp-content\/uploads\/2021\/11\/CALCIO-2021-300x200.jpg 300w, https:\/\/www.radiopiu.net\/wordpress\/wp-content\/uploads\/2021\/11\/CALCIO-2021-1024x683.jpg 1024w, https:\/\/www.radiopiu.net\/wordpress\/wp-content\/uploads\/2021\/11\/CALCIO-2021-768x512.jpg 768w, https:\/\/www.radiopiu.net\/wordpress\/wp-content\/uploads\/2021\/11\/CALCIO-2021-1536x1024.jpg 1536w, https:\/\/www.radiopiu.net\/wordpress\/wp-content\/uploads\/2021\/11\/CALCIO-2021-2048x1366.jpg 2048w\" sizes=\"auto, (max-width: 161px) 100vw, 161px\" \/><\/a>REDAZIONE<\/strong> Sono in pieno svolgimento i campionati FIGC dove sono iscritte le squadre dell&#8217;Agordina Calcio. Anche questo fine settimana tutte e quattro le squadre di Agordo continueranno la loro avventura calcistica nelle varie categorie. Il settore giovanile sar\u00e0 protagonista oggi pomeriggio. I Giovanissimi di De Bastiani saranno in campo alle 15 per giocare all&#8217;Ivano Dorigo di Agordo la gara contro l&#8217;LG Valbelluna. Trasferta a Longarone per la Juniores di De Zaiacomo che andranno alla ricerca di punti importanti nella sfida contro i longaronesi in programma oggi alle 15. Domani mattina sar\u00e0 il turno degli Allievi Regionali. La squadra allenata da Orzetti deve ancora incamerare la prima vittoria stagionale e alle 10:30 ci prover\u00e0 contro la Godigese. Trasferta in terra alpagotta per la prima squadra dell&#8217;Agordina. I ragazzi allenati da Lorenzi sono alla ricerca del riscatto dopo due sconfitte consecutive. Questa settimana la sfida con la Fulgor Farra, oltre a essere sentita da entrambe le squadre, sar\u00e0 la prova per confermare che l&#8217;Agordina \u00e8 ancora presente. Calcio d&#8217;inizio alle 14:30, partita che potrete seguire in diretta su Radio Pi\u00f9 all&#8217;interno di Domenica Pi\u00f9 Sport.<\/p>\n<p>&nbsp;<\/p>\n<hr \/>\n<p>&nbsp;<\/p>\n<p><span style=\"color: #0000ff;\"><strong>HOCKEY SU GHIACCIO<\/strong><\/span><\/p>\n<blockquote>\n<h3>ALLEGHE DI SCENA AL PALAFELTRE CONTRO IL PERGINE<\/h3>\n<\/blockquote>\n<p><strong><a class=\"dt-pswp-item\" href=\"https:\/\/www.radiopiu.net\/wordpress\/wp-content\/uploads\/2022\/11\/ADM_7019-scaled.jpg\" data-dt-img-description=\"\" data-large_image_width=\"2560\" data-large_image_height=\"1704\"><img loading=\"lazy\" decoding=\"async\" class=\" wp-image-307093 alignleft\" src=\"https:\/\/www.radiopiu.net\/wordpress\/wp-content\/uploads\/2022\/11\/ADM_7019-300x200.jpg\" alt=\"\" width=\"188\" height=\"125\" srcset=\"https:\/\/www.radiopiu.net\/wordpress\/wp-content\/uploads\/2022\/11\/ADM_7019-300x200.jpg 300w, https:\/\/www.radiopiu.net\/wordpress\/wp-content\/uploads\/2022\/11\/ADM_7019-1024x682.jpg 1024w, https:\/\/www.radiopiu.net\/wordpress\/wp-content\/uploads\/2022\/11\/ADM_7019-768x511.jpg 768w, https:\/\/www.radiopiu.net\/wordpress\/wp-content\/uploads\/2022\/11\/ADM_7019-1536x1023.jpg 1536w, https:\/\/www.radiopiu.net\/wordpress\/wp-content\/uploads\/2022\/11\/ADM_7019-2048x1364.jpg 2048w\" sizes=\"auto, (max-width: 188px) 100vw, 188px\" \/><\/a>di Roberto Miana, portavoce dell&#8217;Alleghe Hockey<\/strong><\/p>\n<p>Undicesima giornata (seconda del girone di ritorno) del campionato di Italian Hockey League 2022\/2023. Sabato 19 novembre alle 20:30 le Civette ospitano al PalaFeltre il Pergine. Si gioca a Feltre a causa della momentanea chiusura del &#8220;De Toni&#8221; di Alleghe che, notizia delle ultime ore, grazie all&#8217;impegno del sindaco e dell&#8217;amministrazione comunale alleghese riaprir\u00e0 la prossima settimana.<strong> L&#8217;ALLEGHE<\/strong> torna sul ghiaccio dopo la sconfitta 0-5 di sabato a Caldaro contro i Lucci, che grazie a questo successo hanno ripreso la testa solitaria della classifica. Si sapeva che la gara sarebbe stata proibitiva e cos\u00ec \u00e8 stato, contro un avversario che ha controllato bene la gara e concesso poco agli agordini. I Biancorossi continuano a faticare in zona offensiva, concedendosi qualche distrazione di troppo in fase difensiva. Contro le Linci i ragazzi di coach Fontana giocheranno l\u2019ultima gara \u201ccasalinga\u201d sul ghiaccio di Feltre, vista l\u2019ottima notizia dell\u2019imminente riapertura del palaghiaccio di Alleghe. Il <strong>PERGINE<\/strong> \u00e8 reduce dalla sorprendente sconfitta casalinga 1-2 contro l\u2019Appiano, in un match equilibrato nel quale ai trentini \u00e8 mancata la concretezza davanti alla porta avversaria. Le Linci, quarte in classifica a diciotto punti in coabitazione con il Varese, possono vantare la miglior retroguardia del torneo e a difesa della propria gabbia il ventenne goalie asiaghese Rudy Rigoni con l\u2019ottima percentuale del 93,5% di parate. Il trentino Andrea Meneghini, l\u2019italo-canadese Roy Sanvido e lo slovacco Jozef Foltin sono le bocche da fuoco dei valsuganotti. Dalla stagione 2013\/2014, da quando Alleghe e Pergine si affrontano nel campionato di serie B di hockey su ghiaccio (IHL), le Civette hanno incrociato le stecche con le Linci 26 volte. Il bilancio generale conta 13 vittorie alleghesi, 12 trentine ed 1 pareggio. Se prendiamo in considerazione le sole gare disputate al \u201cDe Toni\u201d di Alleghe in 13 sfide si sono registrati 7 successi dei padroni di casa, 5 degli ospiti ed 1 pareggio. Nell&#8217;ultima gara giocata tra le due squadre ai piedi del Civetta, l&#8217;8 marzo di quest&#8217;anno in gara 5 playoff, si sono imposte le Linci 2-1. Conteggiando le reti totali segnate in questa sfida l\u2019Alleghe ha messo a referto 91 marcature contro 82 del Pergine. Si invitano tutti i tifosi a seguire e sostenere i biancorossi anche al PalaFeltre, facendo sentire il proprio calore alla squadra<br \/>\n<strong>ALLEGHE &#8211; PERGINE <\/strong>Sabato 19 novembre ore 20:30, PalaFeltre di Feltre (BL). Arbitri: Luca Cassol e Mirco Da Pian con giudici di linea Fabrizio De Toni e Thomas Formaioni. Collegamenti in DIRETTA RADIOFONICA su Radio Pi\u00f9 (www.radiopiu.net) con \u201cHockey al punto giusto\u201d, in studio Marco Gaz e da Feltre interventi di Federico Paganin<\/p>\n<p>&nbsp;<\/p>\n<p>&nbsp;<\/p>\n<hr \/>\n<p>&nbsp;<\/p>\n<p><span style=\"color: #0000ff;\"><strong>PALLAVOLO<\/strong><\/span><\/p>\n<blockquote>\n<h3>LE LUPE A SOLESINO PER RIALZARE LA TESTA<\/h3>\n<\/blockquote>\n<p><strong><a class=\"dt-pswp-item\" href=\"https:\/\/www.radiopiu.net\/wordpress\/wp-content\/uploads\/2022\/11\/Fiabane_durante_il_riscaldamento.jpg\" data-dt-img-description=\"\" data-large_image_width=\"800\" data-large_image_height=\"400\"><img loading=\"lazy\" decoding=\"async\" class=\" wp-image-307110 alignleft\" src=\"https:\/\/www.radiopiu.net\/wordpress\/wp-content\/uploads\/2022\/11\/Fiabane_durante_il_riscaldamento-300x150.jpg\" alt=\"\" width=\"184\" height=\"92\" srcset=\"https:\/\/www.radiopiu.net\/wordpress\/wp-content\/uploads\/2022\/11\/Fiabane_durante_il_riscaldamento-300x150.jpg 300w, https:\/\/www.radiopiu.net\/wordpress\/wp-content\/uploads\/2022\/11\/Fiabane_durante_il_riscaldamento-768x384.jpg 768w, https:\/\/www.radiopiu.net\/wordpress\/wp-content\/uploads\/2022\/11\/Fiabane_durante_il_riscaldamento.jpg 800w\" sizes=\"auto, (max-width: 184px) 100vw, 184px\" \/><\/a>BELLUNO <\/strong>\u00abMancano continuit\u00e0 e fermezza nei momenti decisivi\u00bb. Claudia Fiabane va dritta al punto. E individua subito i nodi che la Pallavolo Femminile Belluno ha il compito di sciogliere, dopo tre passivi in sequenza. E soprattutto in vista della prossima trasferta: oggi alle 17:30, in provincia di Padova. E precisamente a Solesino, dove ad attendere le lupe ci saranno le padrone di casa del Dinamica Volley. Una squadra che veleggia a met\u00e0 classifica con un bilancio in perfetto equilibrio: due vittorie e altrettante sconfitte. In casa bellunese, invece, il successo manca dalla prima giornata: ovvero dal 3-2 stampato all\u2019Inglesina Altavilla Vicentina. \u00abSingolarmente siamo delle buone giocatrici &#8211; riprende la centrale &#8211; e se riuscissimo a trovare il collante, avremo buone possibilit\u00e0 di crescita\u00bb. L\u2019impegno in palestra non manca: \u00abStiamo lavorando dal punto di vista tecnico e mentale. In campo, infatti, cerchiamo di correggere le nostre debolezze, mentre fuori, seguite da una mental coach, abbiamo intrapreso un percorso per curare la comunicazione e l\u2019approccio alla partita\u00bb.<span class=\"gmail-Apple-converted-space\"> \u00a0<\/span><\/p>\n<p>&nbsp;<\/p>\n<blockquote>\n<h2>&#8220;Cercasi Mondiale&#8221; \u00e8 il nuovo singolo de Le Teste di Ozzak:<\/h2>\n<\/blockquote>\n<div>Il brano vuole sdrammatizzare sull\u2019assenza della nostra nazionale di calcio (per la seconda volta di fila) dai mondiali di calcio. Racconta di un momento storico particolare, caratterizzato dal \u201ccorsivo corretto\u201d, dal progresso tecnologico che sta vivendo una fase di stallo, dai Mondiali del Qatar (che per noi italiani sar\u00e0 un lontano miraggio), ma anche dei bei momenti del 2006 che dopo anni ci fanno ancora sognare!<\/div>\n<p>&nbsp;<\/p>\n<p><iframe loading=\"lazy\" title=\"Cercasi Mondiale - Le Teste di Ozzak feat. Leonardo Fiaschi\" width=\"1200\" height=\"675\" src=\"https:\/\/www.youtube.com\/embed\/LWgezWIlzf8?feature=oembed\" frameborder=\"0\" allow=\"accelerometer; autoplay; clipboard-write; encrypted-media; gyroscope; picture-in-picture\" allowfullscreen><\/iframe><\/p>\n<p>&nbsp;<\/p>\n","protected":false},"excerpt":{"rendered":"<p>RADIO PIU INFORMAZIONE il canale su TELEGRAM informazione di prima\u00a0 mano e in tempo reale. iscriviti ed aiutaci a farlo conoscere\u00a0 \u00a0 \u00a0 &nbsp; CIAO TOTO&#8217; UNO STRISCIONE PER &#8220;TOTO&#8217;&#8221; E QUEL VIDEO VIRALE DA CONDANNARE Si svolger\u00e0 a marted\u00ec alle 11 la cerimonia di commiato agli impianti sportivi del Boscherai. Sar\u00e0 quello in cui&hellip;<\/p>\n","protected":false},"author":4,"featured_media":307077,"comment_status":"closed","ping_status":"closed","sticky":false,"template":"","format":"standard","meta":{"_monsterinsights_skip_tracking":false,"_monsterinsights_sitenote_active":false,"_monsterinsights_sitenote_note":"","_monsterinsights_sitenote_category":0,"footnotes":""},"categories":[104,86,49],"tags":[],"class_list":["post-307014","post","type-post","status-publish","format-standard","has-post-thumbnail","hentry","category-evidenza_3","category-gr","category-news-18","category-104","category-86","category-49","description-off"],"img_url":"https:\/\/www.radiopiu.net\/wordpress\/wp-content\/uploads\/2022\/11\/77B2A3DF-CE2D-44F0-A6CD-320C88B20643.jpeg","_links":{"self":[{"href":"https:\/\/www.radiopiu.net\/wordpress\/wp-json\/wp\/v2\/posts\/307014","targetHints":{"allow":["GET"]}}],"collection":[{"href":"https:\/\/www.radiopiu.net\/wordpress\/wp-json\/wp\/v2\/posts"}],"about":[{"href":"https:\/\/www.radiopiu.net\/wordpress\/wp-json\/wp\/v2\/types\/post"}],"author":[{"embeddable":true,"href":"https:\/\/www.radiopiu.net\/wordpress\/wp-json\/wp\/v2\/users\/4"}],"replies":[{"embeddable":true,"href":"https:\/\/www.radiopiu.net\/wordpress\/wp-json\/wp\/v2\/comments?post=307014"}],"version-history":[{"count":0,"href":"https:\/\/www.radiopiu.net\/wordpress\/wp-json\/wp\/v2\/posts\/307014\/revisions"}],"wp:featuredmedia":[{"embeddable":true,"href":"https:\/\/www.radiopiu.net\/wordpress\/wp-json\/wp\/v2\/media\/307077"}],"wp:attachment":[{"href":"https:\/\/www.radiopiu.net\/wordpress\/wp-json\/wp\/v2\/media?parent=307014"}],"wp:term":[{"taxonomy":"category","embeddable":true,"href":"https:\/\/www.radiopiu.net\/wordpress\/wp-json\/wp\/v2\/categories?post=307014"},{"taxonomy":"post_tag","embeddable":true,"href":"https:\/\/www.radiopiu.net\/wordpress\/wp-json\/wp\/v2\/tags?post=307014"}],"curies":[{"name":"wp","href":"https:\/\/api.w.org\/{rel}","templated":true}]}}