{"id":307230,"date":"2022-11-19T06:45:57","date_gmt":"2022-11-19T05:45:57","guid":{"rendered":"https:\/\/www.radiopiu.net\/wordpress\/?p=307230"},"modified":"2022-11-19T07:10:32","modified_gmt":"2022-11-19T06:10:32","slug":"fatica-a-respirare-dimesso-muore-oggi-sul-corriere-del-veneto-corriere-della-sera","status":"publish","type":"post","link":"https:\/\/www.radiopiu.net\/wordpress\/fatica-a-respirare-dimesso-muore-oggi-sul-corriere-del-veneto-corriere-della-sera\/","title":{"rendered":"FATICA A RESPIRARE, DIMESSO MUORE. OGGI SUL CORRIERE DEL VENETO-CORRIERE DELLA SERA."},"content":{"rendered":"<p>&nbsp;<\/p>\n<p><strong><img loading=\"lazy\" decoding=\"async\" class=\"alignleft\" src=\"https:\/\/www.radiopiu.net\/wordpress\/wp-content\/uploads\/2022\/11\/Senza-nome-77.jpg\" width=\"304\" height=\"218\" \/>FELTRE<\/strong> Oggi sul Corriere del Veneto (di MNM) viene raccontato quanto successo al Pronto Soccorso dell\u2019ospedale \u00abSanta Maria del Prato\u00bb di Feltre nella notte dell\u201911 novembre, dopo le undici. Sebastiano Musumeci, settantenne residente a Trichiana di Borgo Valbelluna, \u00e8 stato accompagnato dal figlio perch\u00e9 non riusciva a respirare bene, aveva tosse e raffreddore. Negativo al tampone molecolare per la ricerca del Sars-Cov2, \u00e8 stato visitato dalla dottoressa di turno dalle 19.52 di quel giorno alle 10 della mattina successiva, cio\u00e8 del 12 novembre&#8230;.Ma qualche ora dopo si sente male a casa, sviene e muore. Viene informato il figlio e la Procura di Belluno apre un\u2019inchiesta per approfondire quanto accaduto. Il Pm di turno, che ha acquisito i verbali del Pronto Soccorso e le immagini dei due ingressi del paziente registrati dalle telecamere di videosorveglianza, ha disposto per luned\u00ec l\u2019autopsia sul corpo di Sebastiano Musemeci, al fine di appurarne con precisione le cause del decesso. Nel frattempo la dottoressa che l\u2019ha dimesso dal Pronto Soccorso \u00e8 stata iscritta nel registro degli indagati.<\/p>\n<blockquote class=\"wp-embedded-content\" data-secret=\"Cvk0B8pSMC\"><p><a href=\"https:\/\/www.radiopiu.net\/wordpress\/giornale-radiopiu-19-novembre-2022-direttore-mirko-mezzacasa\/\">GIORNALE RADIOPIU 19 NOVEMBRE 2022 DIRETTORE MIRKO MEZZACASA<\/a><\/p><\/blockquote>\n<p><iframe loading=\"lazy\" class=\"wp-embedded-content\" sandbox=\"allow-scripts\" security=\"restricted\" style=\"position: absolute; clip: rect(1px, 1px, 1px, 1px);\" title=\"&#8220;GIORNALE RADIOPIU 19 NOVEMBRE 2022 DIRETTORE MIRKO MEZZACASA&#8221; &#8212; Radio Pi\u00f9\" src=\"https:\/\/www.radiopiu.net\/wordpress\/giornale-radiopiu-19-novembre-2022-direttore-mirko-mezzacasa\/embed\/#?secret=DToWlml1ZD#?secret=Cvk0B8pSMC\" data-secret=\"Cvk0B8pSMC\" width=\"600\" height=\"338\" frameborder=\"0\" marginwidth=\"0\" marginheight=\"0\" scrolling=\"no\"><\/iframe><\/p>\n<p>&nbsp;<\/p>\n<p>::::<\/p>\n","protected":false},"excerpt":{"rendered":"<p>&nbsp; FELTRE Oggi sul Corriere del Veneto (di MNM) viene raccontato quanto successo al Pronto Soccorso dell\u2019ospedale \u00abSanta Maria del Prato\u00bb di Feltre nella notte dell\u201911 novembre, dopo le undici. Sebastiano Musumeci, settantenne residente a Trichiana di Borgo Valbelluna, \u00e8 stato accompagnato dal figlio perch\u00e9 non riusciva a respirare bene, aveva tosse e raffreddore. Negativo&hellip;<\/p>\n","protected":false},"author":4,"featured_media":307231,"comment_status":"closed","ping_status":"closed","sticky":false,"template":"","format":"standard","meta":{"_monsterinsights_skip_tracking":false,"_monsterinsights_sitenote_active":false,"_monsterinsights_sitenote_note":"","_monsterinsights_sitenote_category":0,"footnotes":""},"categories":[104,49],"tags":[],"class_list":["post-307230","post","type-post","status-publish","format-standard","has-post-thumbnail","hentry","category-evidenza_3","category-news-18","category-104","category-49","description-off"],"img_url":"https:\/\/www.radiopiu.net\/wordpress\/wp-content\/uploads\/2022\/11\/Senza-nome-77.jpg","_links":{"self":[{"href":"https:\/\/www.radiopiu.net\/wordpress\/wp-json\/wp\/v2\/posts\/307230","targetHints":{"allow":["GET"]}}],"collection":[{"href":"https:\/\/www.radiopiu.net\/wordpress\/wp-json\/wp\/v2\/posts"}],"about":[{"href":"https:\/\/www.radiopiu.net\/wordpress\/wp-json\/wp\/v2\/types\/post"}],"author":[{"embeddable":true,"href":"https:\/\/www.radiopiu.net\/wordpress\/wp-json\/wp\/v2\/users\/4"}],"replies":[{"embeddable":true,"href":"https:\/\/www.radiopiu.net\/wordpress\/wp-json\/wp\/v2\/comments?post=307230"}],"version-history":[{"count":0,"href":"https:\/\/www.radiopiu.net\/wordpress\/wp-json\/wp\/v2\/posts\/307230\/revisions"}],"wp:featuredmedia":[{"embeddable":true,"href":"https:\/\/www.radiopiu.net\/wordpress\/wp-json\/wp\/v2\/media\/307231"}],"wp:attachment":[{"href":"https:\/\/www.radiopiu.net\/wordpress\/wp-json\/wp\/v2\/media?parent=307230"}],"wp:term":[{"taxonomy":"category","embeddable":true,"href":"https:\/\/www.radiopiu.net\/wordpress\/wp-json\/wp\/v2\/categories?post=307230"},{"taxonomy":"post_tag","embeddable":true,"href":"https:\/\/www.radiopiu.net\/wordpress\/wp-json\/wp\/v2\/tags?post=307230"}],"curies":[{"name":"wp","href":"https:\/\/api.w.org\/{rel}","templated":true}]}}