{"id":307261,"date":"2022-11-21T04:53:47","date_gmt":"2022-11-21T03:53:47","guid":{"rendered":"https:\/\/www.radiopiu.net\/wordpress\/?p=307261"},"modified":"2022-11-21T05:48:53","modified_gmt":"2022-11-21T04:48:53","slug":"giornale-radiopiu-21-novembre-2022-direttore-mirko-mezzacasa","status":"publish","type":"post","link":"https:\/\/www.radiopiu.net\/wordpress\/giornale-radiopiu-21-novembre-2022-direttore-mirko-mezzacasa\/","title":{"rendered":"GIORNALE RADIOPIU 21 NOVEMBRE 2022 DIRETTORE MIRKO MEZZACASA"},"content":{"rendered":"<h3 class=\"kvgmc6g5 cxmmr5t8 oygrvhab hcukyx3x c1et5uql\"><span style=\"color: #0000ff;\"><strong>RADIO PIU INFORMAZIONE il canale su TELEGRAM informazione di prima\u00a0 <\/strong><strong>mano e in tempo reale. iscriviti ed aiutaci a farlo conoscere\u00a0 <\/strong><\/span><\/h3>\n<p>&nbsp;<\/p>\n<hr \/>\n<p>&nbsp;<\/p>\n<h1 class=\"entry-title\" style=\"text-align: center;\"><span style=\"color: #ff0000;\">DOMANI MALTEMPO IN ARRIVO\u00a0<\/span><\/h1>\n<p><b>SEGNALAZIONE METEO:\u00a0<\/b>Marted\u00ec 22 novembre sono previste precipitazioni localmente consistenti con limite delle nevicate in abbassamento fino attorno ai 1000 m su Prealpi e 700 m sulle Dolomiti. Temporaneo rinforzo dei venti in quota e lungo la costa.<\/p>\n<p>&nbsp;<\/p>\n<p>&nbsp;<\/p>\n<hr \/>\n<p>&nbsp;<\/p>\n<blockquote>\n<h3>CIAO GRANDE GIGANTE GENTILE<\/h3>\n<\/blockquote>\n<p><strong><a class=\"dt-pswp-item\" href=\"https:\/\/www.radiopiu.net\/wordpress\/wp-content\/uploads\/2022\/11\/316185359_576942461103793_2976737188992871101_n.jpg\" data-dt-img-description=\"\" data-large_image_width=\"526\" data-large_image_height=\"526\"><img loading=\"lazy\" decoding=\"async\" class=\" wp-image-307445 alignleft\" src=\"https:\/\/www.radiopiu.net\/wordpress\/wp-content\/uploads\/2022\/11\/316185359_576942461103793_2976737188992871101_n-300x300.jpg\" alt=\"\" width=\"237\" height=\"237\" srcset=\"https:\/\/www.radiopiu.net\/wordpress\/wp-content\/uploads\/2022\/11\/316185359_576942461103793_2976737188992871101_n-300x300.jpg 300w, https:\/\/www.radiopiu.net\/wordpress\/wp-content\/uploads\/2022\/11\/316185359_576942461103793_2976737188992871101_n-150x150.jpg 150w, https:\/\/www.radiopiu.net\/wordpress\/wp-content\/uploads\/2022\/11\/316185359_576942461103793_2976737188992871101_n.jpg 526w\" sizes=\"auto, (max-width: 237px) 100vw, 237px\" \/><\/a>REDAZIONE<\/strong> Ieri sul campo di Mogliano\u00a0 l&#8217;emozionante momento in cui i compagni di squadra del Feltre e gli amici del Mogliano hanno consegnato\u00a0 a pap\u00e0 Armando, alla mamma Elisabetta il pallone ovale autografato e una pianta di ulivo. Lo hanno fatto a nome di tutti Andrea Sartor capitano del Feltre, Enrico Endrizzi ed Alex Pesce, capitano e vice del Mogliano.\u00a0 \u00a0Domani alle 11 il funerale al Boscherai di Pedavena, poi il feretro sar\u00e0 trasferito allo stadio di Mogliano.<\/p>\n<p><strong>IL RUGBY FELTRE\u00a0<\/strong><\/p>\n<p><a class=\"dt-pswp-item\" href=\"https:\/\/www.radiopiu.net\/wordpress\/wp-content\/uploads\/2022\/11\/315913818_574834524647920_287974171088989907_n.jpg\" data-dt-img-description=\"\" data-large_image_width=\"822\" data-large_image_height=\"540\"><img loading=\"lazy\" decoding=\"async\" class=\"size-medium wp-image-307447 alignright\" src=\"https:\/\/www.radiopiu.net\/wordpress\/wp-content\/uploads\/2022\/11\/315913818_574834524647920_287974171088989907_n-300x197.jpg\" alt=\"\" width=\"300\" height=\"197\" srcset=\"https:\/\/www.radiopiu.net\/wordpress\/wp-content\/uploads\/2022\/11\/315913818_574834524647920_287974171088989907_n-300x197.jpg 300w, https:\/\/www.radiopiu.net\/wordpress\/wp-content\/uploads\/2022\/11\/315913818_574834524647920_287974171088989907_n-768x505.jpg 768w, https:\/\/www.radiopiu.net\/wordpress\/wp-content\/uploads\/2022\/11\/315913818_574834524647920_287974171088989907_n.jpg 822w\" sizes=\"auto, (max-width: 300px) 100vw, 300px\" \/><\/a>Ciao Tot\u00f2. Non avremmo mai voluto scrivere questo messaggio per salutarti e infatti abbiamo aspettato, aspettato, aspettato. Per\u00f2, tutto il cordoglio che il mondo dello sport e in particolare del rugby, ma anche della tua comunit\u00e0 d&#8217;adozione, ha espresso per la tua perdita \u00e8 giusto sottolinearlo. Sai Tot\u00f2, hanno scritto in tanti, tantissimi, pensa quanto hai dato, se cos\u00ec tante persone ti hanno pensato e ti stanno pensando. Hai passato la palla, ma sarai sempre con noi, non ti dimenticheremo. Oggi Tot\u00f2 ha giocato con noi. Grazie a tutte le persone che hanno voluto scendere a Mogliano e stringersi alla famiglia Stefani e al Rugby Feltre.<\/p>\n<div dir=\"auto\">Non piangere sulla mia tomba.<\/div>\n<div dir=\"auto\">Non ci sono. Non dormo l\u00ec.<\/div>\n<div dir=\"auto\">Sono nelle trame della divisa, armatura granata.<\/div>\n<div dir=\"auto\">Sono nel fragore dei Tori all\u2019ingresso in campo<\/div>\n<div dir=\"auto\">e nel boato oltre la linea di meta.<\/div>\n<div dir=\"auto\">Sono nel cuore palpitante della mischia.<\/div>\n<div dir=\"auto\">Quando entri in spogliatoio sono il saluto gentile che chiede come stai.<\/div>\n<div dir=\"auto\">Sono il banchetto dopo la partita, l\u2019acqua che disseta e lava le ferite.<\/div>\n<div dir=\"auto\">Sono lo spazio tra i compagni di squadra, il loro respiro.<\/div>\n<div dir=\"auto\">Sono il tuo sostegno.<\/div>\n<div dir=\"auto\">Perci\u00f2 non avvicinarti alla mia tomba piangendo.<\/div>\n<div dir=\"auto\">Non sono l\u00ec. Non morir\u00f2.<\/div>\n<p>&nbsp;<\/p>\n<p>&nbsp;<\/p>\n<hr \/>\n<p>&nbsp;<\/p>\n<blockquote>\n<h3>AD IGNE BOSCAIOLO MUORE COLPITO DA UNA PIANTA<\/h3>\n<\/blockquote>\n<p class=\"photoswipe-wrapper\"><strong>LONGARONE<\/strong>\u00a0Tragedia nei boschi di Longarone, pi\u00f9 precisamente ad Igne dove un boscaiolo, Siro Bez, 48 anni del posto era\u00a0 intento a fare legna,\u00a0 \u00e8 stato colpito da una pianta. L\u2019uomo, ha perso la vita in seguito alla caduta di un albero. I soccorsi\u00a0<a class=\"dt-pswp-item pspw-wrap-ready\" href=\"https:\/\/www.radiopiu.net\/wordpress\/wp-content\/uploads\/2022\/11\/299463320_105581888939046_3524969093582875389_n.jpg\" data-dt-img-description=\"\" data-large_image_width=\"713\" data-large_image_height=\"703\"><img loading=\"lazy\" decoding=\"async\" class=\" wp-image-307417 alignleft\" src=\"https:\/\/www.radiopiu.net\/wordpress\/wp-content\/uploads\/2022\/11\/299463320_105581888939046_3524969093582875389_n-300x296.jpg\" sizes=\"auto, (max-width: 300px) 100vw, 300px\" srcset=\"https:\/\/www.radiopiu.net\/wordpress\/wp-content\/uploads\/2022\/11\/299463320_105581888939046_3524969093582875389_n-300x296.jpg 300w, https:\/\/www.radiopiu.net\/wordpress\/wp-content\/uploads\/2022\/11\/299463320_105581888939046_3524969093582875389_n.jpg 713w\" alt=\"\" width=\"182\" height=\"179\" \/><\/a>sono stati subito attivati ma non c\u2019\u00e8 stato nulla da fare. Sul posto Soccorso Alpino, Forze dell\u2019Ordine ed elicottero del SUEM.<\/p>\n<p><strong>DAL SOCCORSO ALPINO<\/strong><\/p>\n<p>Questa mattina verso le 10 la Centrale del 118 \u00e8 stata attivata per una persona travolta da una pianta nella zona di Casera Perera, nei boschi sopra l\u2019ex statale 251, tra Igne e Soffranco. Sul posto il personale sanitario dell\u2019ambulanza ha iniziato subito a rianimare il 48enne incosciente, mentre con un verricello venivano sbarcati dall\u2019elicottero del Suem di Pieve di Cadore equipe medica e tecnico di elisoccorso, subentrati nelle manovre. Purtroppo al medico non \u00e8 rimasto altro che constatare il decesso dell\u2019uomo a seguito dei traumi riportati.<\/p>\n<blockquote><p><em>Bez lavorava per l&#8217;Unione montana di Longarone, i funerali si terranno domani alle 11 nella chiesa parrocchiale di Igne, in comune di Longarone, nelle epigrafi compare la richiesta di opere di bene e non fiori.<\/em><\/p><\/blockquote>\n<p>&nbsp;<\/p>\n<hr \/>\n<p>&nbsp;<\/p>\n<blockquote>\n<h3 class=\"entry-title\">MARIACRISTINA, 26 ANNI MUORE PRECIPITANDO SULLE VETTE FELTRINE<\/h3>\n<\/blockquote>\n<p><strong class=\"photoswipe-wrapper\"><a class=\"dt-pswp-item pspw-wrap-ready\" href=\"https:\/\/www.radiopiu.net\/wordpress\/wp-content\/uploads\/2022\/11\/f99e9d5a-9de9-466c-9536-7cfbeb94e6be.jpg\" data-dt-img-description=\"\" data-large_image_width=\"1012\" data-large_image_height=\"1024\"><img loading=\"lazy\" decoding=\"async\" class=\" wp-image-307422 alignleft\" src=\"https:\/\/www.radiopiu.net\/wordpress\/wp-content\/uploads\/2022\/11\/f99e9d5a-9de9-466c-9536-7cfbeb94e6be-296x300.jpg\" sizes=\"auto, (max-width: 296px) 100vw, 296px\" srcset=\"https:\/\/www.radiopiu.net\/wordpress\/wp-content\/uploads\/2022\/11\/f99e9d5a-9de9-466c-9536-7cfbeb94e6be-296x300.jpg 296w, https:\/\/www.radiopiu.net\/wordpress\/wp-content\/uploads\/2022\/11\/f99e9d5a-9de9-466c-9536-7cfbeb94e6be-768x777.jpg 768w, https:\/\/www.radiopiu.net\/wordpress\/wp-content\/uploads\/2022\/11\/f99e9d5a-9de9-466c-9536-7cfbeb94e6be.jpg 1012w\" alt=\"\" width=\"159\" height=\"161\" \/><\/a>CESIOMAGGIORE<\/strong> Poco prima delle 16 il 118 \u00e8 stato allertato dai tre compagni di una ragazza precipitata sulle Alpi Feltrine sopra la Val Canzoi. Da una prima ricostruzione i 4 amici, due maschi e due femmine, stavano scendendo dalla Punta del Comedon verso Passo del Comedon, quando i tre che erano pi\u00f9 indietro hanno sentito un urlo e rumore di sassi e non hanno pi\u00f9 visto Maria Cristina Masocco,\u00a0 26enne di Feltre (BL) che li precedeva sul tracciato roccioso, con passaggi di secondo grado, e non rispondeva ai loro richiami. Sul posto si \u00e8 portato l\u2019elicottero del Suem che dopo aver perlustrando il versante della montagna ha individuato il corpo senza vita a circa 2mila metri di quota. In supporto alle operazioni, l\u2019eliambulanza \u00e8 scesa a imbarcare un tecnico del Soccorso alpino di Feltre. A scadenza effemeridi, i soccorritori hanno subito imbarcato i tre compagni per trasportarli a valle a Soranzen. Per evitare i rischi legati a manovre su terreno ripido e ghiacciato ormai buio, l\u2019eliambulanza \u00e8 dovuta rientrare e la salma verr\u00e0 recuperata alle prime luci del giorno. La famiglia era gi\u00e0 stata segnata da un grave lutto nel 2015, quando il pap\u00e0 Narciso, dipendente Clivet ed ex amministratore del Comune di Feltre era deceduto improvvisamente durante una trasferta di lavoro a Trieste.<\/p>\n<blockquote><p><strong>foto linkedin<\/strong>, Mariacristina Masocco, avvocato praticante presso Studio Legale, con gli avvocati Rech, Paoletto, Zanella e Coppa, in attesa di sostenere l&#8217;esame che l&#8217;avrebbe abilitata alla professione forense all&#8217;Universit\u00e0 degli Studi di Padova.<\/p><\/blockquote>\n<p>&nbsp;<\/p>\n<blockquote>\n<h3><a class=\"dt-pswp-item\" href=\"https:\/\/www.radiopiu.net\/wordpress\/wp-content\/uploads\/2022\/11\/Senza-nome-82.jpg\" data-dt-img-description=\"\" data-large_image_width=\"323\" data-large_image_height=\"301\"><img loading=\"lazy\" decoding=\"async\" class=\" wp-image-307464 alignleft\" src=\"https:\/\/www.radiopiu.net\/wordpress\/wp-content\/uploads\/2022\/11\/Senza-nome-82-300x280.jpg\" alt=\"\" width=\"233\" height=\"217\" srcset=\"https:\/\/www.radiopiu.net\/wordpress\/wp-content\/uploads\/2022\/11\/Senza-nome-82-300x280.jpg 300w, https:\/\/www.radiopiu.net\/wordpress\/wp-content\/uploads\/2022\/11\/Senza-nome-82.jpg 323w\" sizes=\"auto, (max-width: 233px) 100vw, 233px\" \/><\/a>LA NOTA DI CORDOGLIO DEL SINDACO DI FELTRE<\/h3>\n<\/blockquote>\n<p><strong>FELTRE <\/strong>\u201cLa notizia arrivata questa sera della tragica morte della giovane Maria Cristina Masocco, avvenuta nel pomeriggio in montagna, ci colpisce in maniera davvero profonda. Nessuna parola pu\u00f2 lenire in queste ore la sofferenza intima della mamma, della sorella minore e degli amici, in una famiglia gi\u00e0 duramente colpita in passato. Voglio esprimere loro la vicinanza sincera di tutta la comunit\u00e0 cittadina, che si unisce in un abbraccio al loro grandissimo dolore\u201d. Queste le parole di cordoglio del sindaco di Feltre Viviana Fusaro a seguito del tragico fatto verificatosi nel pomeriggio di ieri, che segna profondamente un\u2019altra giornata di grande tristezza e dolore per la citt\u00e0.<\/p>\n<p><em>Foto: Summer Fest Arsi\u00e8<\/em><\/p>\n<blockquote>\n<h3>LO SCONFORTO DEL PALIO DI FELTRE<\/h3>\n<\/blockquote>\n<div dir=\"auto\"><a class=\"dt-pswp-item\" href=\"https:\/\/www.radiopiu.net\/wordpress\/wp-content\/uploads\/2022\/11\/315770203_2485370541612476_1296841509938624803_n.jpg\" data-dt-img-description=\"\" data-large_image_width=\"810\" data-large_image_height=\"540\"><img loading=\"lazy\" decoding=\"async\" class=\"size-medium wp-image-307440 alignleft\" src=\"https:\/\/www.radiopiu.net\/wordpress\/wp-content\/uploads\/2022\/11\/315770203_2485370541612476_1296841509938624803_n-300x200.jpg\" alt=\"\" width=\"300\" height=\"200\" srcset=\"https:\/\/www.radiopiu.net\/wordpress\/wp-content\/uploads\/2022\/11\/315770203_2485370541612476_1296841509938624803_n-300x200.jpg 300w, https:\/\/www.radiopiu.net\/wordpress\/wp-content\/uploads\/2022\/11\/315770203_2485370541612476_1296841509938624803_n-768x512.jpg 768w, https:\/\/www.radiopiu.net\/wordpress\/wp-content\/uploads\/2022\/11\/315770203_2485370541612476_1296841509938624803_n.jpg 810w\" sizes=\"auto, (max-width: 300px) 100vw, 300px\" \/><\/a>\u00c8 con il cuore triste e gonfio di dolore che l&#8217;Associazione Palio Citt\u00e0 di Feltre ha appreso la notizia della tragica scomparsa di Mariacristina Masocco.<\/div>\n<div dir=\"auto\">Cresciuta nel mondo del Palio, Mariacristina \u00e8 stata sbandieratrice prima del Gruppo Sbandieratori Citt\u00e0 di Feltre e poi del Quartiere Port&#8217;Oria. Proprio nel quartiere dell&#8217;aquila bicipite Mariacristina aveva anche ricoperto, con grande spirito di servizio, diversi ruoli di responsabilit\u00e0 ed altri ancora era pronta a ricoprirne negli anni a venire.<\/div>\n<div dir=\"auto\">Il mondo del Palio \u00e8 sconfortato e addolorato da questa notizia, ma sapr\u00e0 stringersi intorno alla mamma Angela e alla sorella Francesca, alla famiglia, agli amici e a tutti i contradaioli che erano legati a Mariacristina.<\/div>\n<p>&nbsp;<\/p>\n<hr \/>\n<p>&nbsp;<\/p>\n<blockquote>\n<h3>LA LIETA NOTIZIA. DORIS E&#8217; STATA RITROVATA<\/h3>\n<\/blockquote>\n<p><strong><a class=\"dt-pswp-item\" href=\"https:\/\/www.radiopiu.net\/wordpress\/wp-content\/uploads\/2022\/11\/IMG-20221118-WA0004.jpg\" data-dt-img-description=\"\" data-large_image_width=\"1600\" data-large_image_height=\"1200\"><img loading=\"lazy\" decoding=\"async\" class=\" wp-image-307180 alignleft\" src=\"https:\/\/www.radiopiu.net\/wordpress\/wp-content\/uploads\/2022\/11\/IMG-20221118-WA0004-300x225.jpg\" alt=\"\" width=\"125\" height=\"94\" srcset=\"https:\/\/www.radiopiu.net\/wordpress\/wp-content\/uploads\/2022\/11\/IMG-20221118-WA0004-300x225.jpg 300w, https:\/\/www.radiopiu.net\/wordpress\/wp-content\/uploads\/2022\/11\/IMG-20221118-WA0004-1024x768.jpg 1024w, https:\/\/www.radiopiu.net\/wordpress\/wp-content\/uploads\/2022\/11\/IMG-20221118-WA0004-768x576.jpg 768w, https:\/\/www.radiopiu.net\/wordpress\/wp-content\/uploads\/2022\/11\/IMG-20221118-WA0004-1536x1152.jpg 1536w, https:\/\/www.radiopiu.net\/wordpress\/wp-content\/uploads\/2022\/11\/IMG-20221118-WA0004.jpg 1600w\" sizes=\"auto, (max-width: 125px) 100vw, 125px\" \/><\/a>LONGARONE<\/strong> La lieta notizia \u00e8 arrivata ieri pomeriggio attorno alle 15. E&#8217; stata ritrovata la donna di cui non si avevano tracce da marted\u00ec scorso. Sono stati alcuni passanti che hanno ritrovato Doris Dell&#8217;Agnola, 51 anni, di Longarone, lungo il torrente Ma\u00e8. Provata, ma in buone condizioni, al momento la donna \u00e8 stata assistita dai Carabinieri. Le ricerche erano partite dopo che marted\u00ec scorso non aveva fatto rientro a casa. Le ricerche sono\u00a0 proseguite per tutta la settimana. Decine le persone che l&#8217;hanno cercata fino alla notizia che ha fatto tirare un sospiro si sollievo a tutta la provincia, dal longaronese all&#8217;Agordino.<\/p>\n<blockquote><p><em>La donna ha detto di aver trascorso questi giorni in giro per stare un po&#8217; da sola, senza per\u00f2 dare indicazioni precise su dove \u00e8 stata. Ha anche riferito di stare bene, anche se appariva comunque provata e ha rifiutato di andare all&#8217;ospedale per eventuali controlli. Cos\u00ec dopo poco, la longaronese ha lasciato la stazione dei militari dell&#8217;Arma<\/em><\/p><\/blockquote>\n<p>&nbsp;<\/p>\n<hr \/>\n<p>&nbsp;<\/p>\n<blockquote>\n<h3>L&#8217;ANZIANA DI TRICHIANA RITROVATA GRAZIE AD UNA SEGNALAZIONE AI VIGILI DEL FUOCO<\/h3>\n<\/blockquote>\n<p><strong><a class=\"dt-pswp-item\" href=\"https:\/\/www.radiopiu.net\/wordpress\/wp-content\/uploads\/2022\/11\/c5cf4f25-2a53-4d59-88a2-71abcf20b2aa.jpg\" data-dt-img-description=\"\" data-large_image_width=\"1200\" data-large_image_height=\"1600\"><img loading=\"lazy\" decoding=\"async\" class=\" wp-image-307268 alignleft\" src=\"https:\/\/www.radiopiu.net\/wordpress\/wp-content\/uploads\/2022\/11\/c5cf4f25-2a53-4d59-88a2-71abcf20b2aa-225x300.jpg\" alt=\"\" width=\"118\" height=\"157\" srcset=\"https:\/\/www.radiopiu.net\/wordpress\/wp-content\/uploads\/2022\/11\/c5cf4f25-2a53-4d59-88a2-71abcf20b2aa-225x300.jpg 225w, https:\/\/www.radiopiu.net\/wordpress\/wp-content\/uploads\/2022\/11\/c5cf4f25-2a53-4d59-88a2-71abcf20b2aa-768x1024.jpg 768w, https:\/\/www.radiopiu.net\/wordpress\/wp-content\/uploads\/2022\/11\/c5cf4f25-2a53-4d59-88a2-71abcf20b2aa-1152x1536.jpg 1152w, https:\/\/www.radiopiu.net\/wordpress\/wp-content\/uploads\/2022\/11\/c5cf4f25-2a53-4d59-88a2-71abcf20b2aa.jpg 1200w\" sizes=\"auto, (max-width: 118px) 100vw, 118px\" \/><\/a> <\/strong><\/p>\n<p><strong>\u00a0<\/strong><\/p>\n<p><strong>BORGO VALBELLUNA<\/strong> La storia lieto fine a Trichiana dove una donna anziana del posto \u00e8 tornata a casa dopo una notte all&#8217;addiaccio. Le ricerche erano partite nella giornata di venerd\u00ec dopo che la donna si era allontanata dalla sua abitazione senza fare ritorno a casa. Le ricerche si erano intensificate nella mattinata di sabato ma poi la lieta notizia con la 90enne che \u00e8 tornata a casa sua grazie ad una segnalazione arrivata ai Vigili del Fuoco che l&#8217;hanno accompagnata alla sua abitazione.<\/p>\n<p>&nbsp;<\/p>\n<p>&nbsp;<\/p>\n<p>&nbsp;<\/p>\n<hr \/>\n<p>&nbsp;<\/p>\n<blockquote>\n<h3>CORDOGLIO PER LA SCOMPARSA DI ELVIO SCOTTINI<\/h3>\n<\/blockquote>\n<p><strong><a class=\"dt-pswp-item\" href=\"https:\/\/www.radiopiu.net\/wordpress\/wp-content\/uploads\/2022\/11\/7a612444-aa60-4583-a0a9-4def16d9f2b1.jpg\" data-dt-img-description=\"\" data-large_image_width=\"1024\" data-large_image_height=\"796\"><img loading=\"lazy\" decoding=\"async\" class=\" wp-image-307344 alignleft\" src=\"https:\/\/www.radiopiu.net\/wordpress\/wp-content\/uploads\/2022\/11\/7a612444-aa60-4583-a0a9-4def16d9f2b1-300x233.jpg\" alt=\"\" width=\"188\" height=\"146\" srcset=\"https:\/\/www.radiopiu.net\/wordpress\/wp-content\/uploads\/2022\/11\/7a612444-aa60-4583-a0a9-4def16d9f2b1-300x233.jpg 300w, https:\/\/www.radiopiu.net\/wordpress\/wp-content\/uploads\/2022\/11\/7a612444-aa60-4583-a0a9-4def16d9f2b1-768x597.jpg 768w, https:\/\/www.radiopiu.net\/wordpress\/wp-content\/uploads\/2022\/11\/7a612444-aa60-4583-a0a9-4def16d9f2b1.jpg 1024w\" sizes=\"auto, (max-width: 188px) 100vw, 188px\" \/><\/a>FELTRE <\/strong>Il sindaco di Feltre, a nome personale e di tutta l\u2019Amministrazione, esprime cordoglio per la morte di Elvio Scottini. \u201cLa sua &#8211; ricorda il sindaco Fusaro &#8211; \u00e8 stata una figura poliedrica che molto ha fatto per la nostra citt\u00e0 in numerosi ambiti, da quello professionale, con l\u2019attivit\u00e0 di grafico che lo ha portato a lavorare per primarie aziende a livello nazionale e locale, a quello sociale, che lo ha visto impegnato in vari settori della vita cittadina, molto attivo in pi\u00f9 occasioni anche all\u2019interno delle nostre associazioni di volontariato. La creativit\u00e0, tratto distintivo della sua persona, \u00e8 stata spesso a servizio delle principali manifestazioni cittadine, come il Palio, di cui fu anche presidente, sempre con uno spirito di collaborazione innovativo e ricco di spunti. Ebbe modo di collaborare direttamente in pi\u00f9 di un\u2019occasione anche con le amministrazioni comunali della citt\u00e0. Ai i familiari, agli amici e ai collaboratori di Elvio giungano le condoglianze sincere della comunit\u00e0 tutta\u201d, conclude il sindaco Fusaro. (FOTO: Corriere Delle Alpi)<\/p>\n<p>&nbsp;<\/p>\n<blockquote>\n<h3>IL MESSAGGIO DI CORDOGLIO DEL PALIO DI FELTRE<\/h3>\n<\/blockquote>\n<div dir=\"auto\"><a class=\"dt-pswp-item\" href=\"https:\/\/www.radiopiu.net\/wordpress\/wp-content\/uploads\/2022\/11\/316115808_2484807645002099_7557222135557131055_n.jpg\" data-dt-img-description=\"\" data-large_image_width=\"466\" data-large_image_height=\"482\"><img loading=\"lazy\" decoding=\"async\" class=\"size-medium wp-image-307441 alignleft\" src=\"https:\/\/www.radiopiu.net\/wordpress\/wp-content\/uploads\/2022\/11\/316115808_2484807645002099_7557222135557131055_n-290x300.jpg\" alt=\"\" width=\"290\" height=\"300\" srcset=\"https:\/\/www.radiopiu.net\/wordpress\/wp-content\/uploads\/2022\/11\/316115808_2484807645002099_7557222135557131055_n-290x300.jpg 290w, https:\/\/www.radiopiu.net\/wordpress\/wp-content\/uploads\/2022\/11\/316115808_2484807645002099_7557222135557131055_n.jpg 466w\" sizes=\"auto, (max-width: 290px) 100vw, 290px\" \/><\/a>L&#8217;Associazione Palio Citt\u00e0 di Feltre si stringe ai cari familiari Gabriella, Raffaele e Roberto nel ricordare Elvio Scottini.<\/div>\n<div dir=\"auto\">Personalit\u00e0 eclettica e fuori dagli schemi, Elvio Scottini e il suo studio grafico hanno creato per anni quei supporti pubblicitari del Palio che sono poi diventati iconici e sono ancor oggi nell&#8217;immaginario di tanti appassionati.Sul finire degli anni Novanta ha preso poi il timone della manifestazione, portando anche in quest&#8217;avventura le sue capacit\u00e0 e la sua creativit\u00e0.Il Palio di Feltre e tutta la citt\u00e0 perdono un protagonista della loro storia recente.<\/div>\n<p>&nbsp;<\/p>\n<p>&nbsp;<\/p>\n<hr \/>\n<p>&nbsp;<\/p>\n<blockquote>\n<h3><a class=\"dt-pswp-item\" href=\"https:\/\/www.radiopiu.net\/wordpress\/wp-content\/uploads\/2022\/11\/Senza-nome-80.jpg\" data-dt-img-description=\"\" data-large_image_width=\"312\" data-large_image_height=\"344\"><img loading=\"lazy\" decoding=\"async\" class=\"wp-image-307451 alignleft\" src=\"https:\/\/www.radiopiu.net\/wordpress\/wp-content\/uploads\/2022\/11\/Senza-nome-80-272x300.jpg\" alt=\"\" width=\"130\" height=\"143\" srcset=\"https:\/\/www.radiopiu.net\/wordpress\/wp-content\/uploads\/2022\/11\/Senza-nome-80-272x300.jpg 272w, https:\/\/www.radiopiu.net\/wordpress\/wp-content\/uploads\/2022\/11\/Senza-nome-80.jpg 312w\" sizes=\"auto, (max-width: 130px) 100vw, 130px\" \/><\/a>L&#8217;ADDIO AL GENERALE INNECCO, GIA&#8217; COMANDANTE DELLA BRIGATA ALPINA CADORE.<\/h3>\n<\/blockquote>\n<p><strong>BELLUNO<\/strong> Sar\u00e0 sepolto a Belluno, il generale Domenico Innecco, gi\u00e0 comandante della brigata Cadore. Con il grado di generale, \u00e8 stato comandante dell&#8217;Artiglieria del Quarto Corpo d&#8217;Armata Alpino, comandante della Scuola di volo dell&#8217;Aviazione dell&#8217;Esercito e comandante della XXV Zona militare. \u00c8 stato insignito delle medaglie d&#8217;oro di Lungo comando e lunga navigazione aerea. Lo scorso 8 marzo aveva compiuto 91 anni.Di origini goriziane, Innecco \u00e8 morto a Vicenza<\/p>\n<p>&nbsp;<\/p>\n<hr \/>\n<p>&nbsp;<\/p>\n<blockquote>\n<h3 class=\"articlePlainTitle\"><a class=\"dt-pswp-item\" href=\"https:\/\/www.radiopiu.net\/wordpress\/wp-content\/uploads\/2022\/11\/Senza-nome-81.jpg\" data-dt-img-description=\"\" data-large_image_width=\"197\" data-large_image_height=\"231\"><img loading=\"lazy\" decoding=\"async\" class=\"wp-image-307461 alignleft\" src=\"https:\/\/www.radiopiu.net\/wordpress\/wp-content\/uploads\/2022\/11\/Senza-nome-81.jpg\" alt=\"\" width=\"111\" height=\"130\" \/><\/a>E&#8217; MORTO IRENO SITRAN<\/h3>\n<\/blockquote>\n<div class=\"addthis_sharing_toolbox\" data-url=\"http:\/\/sfoglio.corrierealpi.gelocal.it\/share_article.php?article_id=11331537\" data-title=\"Ritrovata dopo cinque giorni:camminava sulla riva del Ma\u00e8\u00c8 mortoIreno Sitranex presidentedell'Auser\"><\/div>\n<div class=\"articlePlainText\"><strong>ALPAGO<\/strong> L&#8217;Auser\u00a0 piange la scomparsa dell&#8217;ex presidente Ireno Sitran. Novantuno anni compiuti, Sitran era stato emigrante in Svizzera dove aveva lavorato in un&#8217;officina meccanica.\u00a0 I funerali domani, alle 14.30, nella chiesa di Tignes.<\/div>\n<p>&nbsp;<\/p>\n<hr \/>\n<blockquote>\n<h3><strong><a class=\"dt-pswp-item\" href=\"https:\/\/www.radiopiu.net\/wordpress\/wp-content\/uploads\/2021\/07\/1a445678-27ce-43b1-98ed-dc5893c44a8f.jpg\" data-dt-img-description=\"\" data-large_image_width=\"1080\" data-large_image_height=\"1350\"><img loading=\"lazy\" decoding=\"async\" class=\"wp-image-222515 alignleft\" src=\"https:\/\/www.radiopiu.net\/wordpress\/wp-content\/uploads\/2021\/07\/1a445678-27ce-43b1-98ed-dc5893c44a8f-240x300.jpg\" alt=\"\" width=\"121\" height=\"151\" srcset=\"https:\/\/www.radiopiu.net\/wordpress\/wp-content\/uploads\/2021\/07\/1a445678-27ce-43b1-98ed-dc5893c44a8f-240x300.jpg 240w, https:\/\/www.radiopiu.net\/wordpress\/wp-content\/uploads\/2021\/07\/1a445678-27ce-43b1-98ed-dc5893c44a8f-819x1024.jpg 819w, https:\/\/www.radiopiu.net\/wordpress\/wp-content\/uploads\/2021\/07\/1a445678-27ce-43b1-98ed-dc5893c44a8f-768x960.jpg 768w, https:\/\/www.radiopiu.net\/wordpress\/wp-content\/uploads\/2021\/07\/1a445678-27ce-43b1-98ed-dc5893c44a8f.jpg 1080w\" sizes=\"auto, (max-width: 121px) 100vw, 121px\" \/><\/a>CON LA JEPP NEL GIARDINO, INTERVENTO DEI VIGILI DEL FUOCO DI TREVISO.\u00a0<\/strong><\/h3>\n<\/blockquote>\n<p><strong>PIEVE DI CADORE<\/strong> I vigili del fuoco intervenuti ieri mattina a Domegge. Una jeep, facendo manovra, ha sfondato una recinzione finendo completamente in un&#8217;area verde di una casa. Illeso il conducente. I pompieri di Pieve di Cadore hanno lavorato per tre ore per tirare fuori dal giardino, la vettura. Sul posto i colleghi di Treviso avendo i\u00a0 bellunesi l&#8217;autogru in officina. Domani assicura il comandante provinciale Antonio Del Gallo l&#8217;autogru torner\u00e0 disponibile.<\/p>\n<p>&nbsp;<\/p>\n<hr \/>\n<p>&nbsp;<\/p>\n<blockquote>\n<h3>ENEL, UN ALTRO GUASTO LASCIA AL BUIO BOLZANO BELLUNESE<\/h3>\n<\/blockquote>\n<p><strong>BELLUNO<\/strong> Una cassetta di derivazione elettrica a fuoco a Bolzano Bellunese, al buio alcuni utenti dell&#8217;area. Sono dovuti intervenire i pompieri del comando di Belluno e anche i tecnici dell&#8217;Enel per riportare la luce nell&#8217;area artigianale tra Bolzano Bellunese e Tisoi<\/p>\n<p>&nbsp;<\/p>\n<p>&nbsp;<\/p>\n<hr \/>\n<p>&nbsp;<\/p>\n<blockquote>\n<h3>UN&#8217;OFFERTA TURISTICA CHE INVOGLIERA&#8217; A NON RINUNCIARE ALLA NEVE<\/h3>\n<\/blockquote>\n<p><strong><a class=\"dt-pswp-item\" href=\"https:\/\/www.radiopiu.net\/wordpress\/wp-content\/uploads\/2018\/12\/Marmolada-ridotta.jpg\" data-dt-img-description=\"\" data-large_image_width=\"1239\" data-large_image_height=\"697\"><img loading=\"lazy\" decoding=\"async\" class=\" wp-image-69507 alignleft\" src=\"https:\/\/www.radiopiu.net\/wordpress\/wp-content\/uploads\/2018\/12\/Marmolada-ridotta-300x169.jpg\" alt=\"\" width=\"215\" height=\"121\" srcset=\"https:\/\/www.radiopiu.net\/wordpress\/wp-content\/uploads\/2018\/12\/Marmolada-ridotta-300x169.jpg 300w, https:\/\/www.radiopiu.net\/wordpress\/wp-content\/uploads\/2018\/12\/Marmolada-ridotta-768x432.jpg 768w, https:\/\/www.radiopiu.net\/wordpress\/wp-content\/uploads\/2018\/12\/Marmolada-ridotta-1024x576.jpg 1024w, https:\/\/www.radiopiu.net\/wordpress\/wp-content\/uploads\/2018\/12\/Marmolada-ridotta.jpg 1239w\" sizes=\"auto, (max-width: 215px) 100vw, 215px\" \/><\/a>LIVINALLONGO<\/strong><\/p>\n<p>di Lorenzo Soratroi<\/p>\n<audio class=\"wp-audio-shortcode\" id=\"audio-307261-1\" preload=\"none\" style=\"width: 100%;\" controls=\"controls\"><source type=\"audio\/mpeg\" src=\"https:\/\/www.radiopiu.net\/wordpress\/wp-content\/uploads\/2022\/11\/SORATROI-SONDAGGIO.mp3?_=1\" \/><a href=\"https:\/\/www.radiopiu.net\/wordpress\/wp-content\/uploads\/2022\/11\/SORATROI-SONDAGGIO.mp3\">https:\/\/www.radiopiu.net\/wordpress\/wp-content\/uploads\/2022\/11\/SORATROI-SONDAGGIO.mp3<\/a><\/audio>\n<p>&nbsp;<\/p>\n<hr \/>\n<p>&nbsp;<\/p>\n<blockquote>\n<h3>ATTI VANDALICI A TAIBON. SFONDATO UN LUNOTTO POSTERIORE DI UN&#8217;AUTOMOBILE<\/h3>\n<\/blockquote>\n<p><strong><a class=\"dt-pswp-item\" href=\"https:\/\/www.radiopiu.net\/wordpress\/wp-content\/uploads\/2022\/11\/6a3aa7cf-7e25-49fd-8598-8cff8d4a6d73.jpg\" data-dt-img-description=\"\" data-large_image_width=\"1600\" data-large_image_height=\"1200\"><img loading=\"lazy\" decoding=\"async\" class=\" wp-image-307279 alignleft\" src=\"https:\/\/www.radiopiu.net\/wordpress\/wp-content\/uploads\/2022\/11\/6a3aa7cf-7e25-49fd-8598-8cff8d4a6d73-300x225.jpg\" alt=\"\" width=\"173\" height=\"130\" srcset=\"https:\/\/www.radiopiu.net\/wordpress\/wp-content\/uploads\/2022\/11\/6a3aa7cf-7e25-49fd-8598-8cff8d4a6d73-300x225.jpg 300w, https:\/\/www.radiopiu.net\/wordpress\/wp-content\/uploads\/2022\/11\/6a3aa7cf-7e25-49fd-8598-8cff8d4a6d73-1024x768.jpg 1024w, https:\/\/www.radiopiu.net\/wordpress\/wp-content\/uploads\/2022\/11\/6a3aa7cf-7e25-49fd-8598-8cff8d4a6d73-768x576.jpg 768w, https:\/\/www.radiopiu.net\/wordpress\/wp-content\/uploads\/2022\/11\/6a3aa7cf-7e25-49fd-8598-8cff8d4a6d73-1536x1152.jpg 1536w, https:\/\/www.radiopiu.net\/wordpress\/wp-content\/uploads\/2022\/11\/6a3aa7cf-7e25-49fd-8598-8cff8d4a6d73.jpg 1600w\" sizes=\"auto, (max-width: 173px) 100vw, 173px\" \/><\/a>TAIBON<\/strong> Era il pomeriggio di sabato quando a Taibon si \u00e8 consumato un atto vandalico. In pieno centro \u00e8 stato sfondato il lunotto posteriore di un&#8217;automobile. A quanto pare sembra sia stato usato un pezzo di legna per ridurre in frantumi il vetro della macchina. &#8220;<em>Erano le 14:15 quando ho sentito dei colpi provenire da sotto casa &#8211; dice il proprietario della vettura &#8211; ma non ci ho fatto pi\u00f9 di tanto caso anche perch\u00e8 ogni tanto si sente qualche colpo di qualcuno che lavora. Quando sono sceso ho trovato il lunotto posteriore della mia auto in frantumi e quindi ho chiamato i Carabinieri<\/em>&#8220;. \u00c8 successo in pieno centro a Taibon. Ignoti hanno preso di mira una Peugeot 208 colpendola probabilmente con un pezzo di legna preso dalla legnaia accanto. Un gesto fatto da qualche balordo che probabilmente era alla ricerca di qualcosa all&#8217;interno della macchina. I Carabinieri della stazione di Gosaldo sono arrivati immediatamente per raccogliere la denuncia del proprietario e le testimonianze di chi era con lui. Una denuncia contro ignoti visto che nella zona non ci sono telecamere comunali o private che abbiano potuto dare un volto all&#8217;autore del gesto. Tanta rabbia per il proprietario della vettura che ora dovr\u00e0 ricorrere alla riparazione del mezzo senza sapere chi dover ringraziare per il danno subito.<\/p>\n<p>&nbsp;<\/p>\n<p>&nbsp;<\/p>\n<hr \/>\n<p>&nbsp;<\/p>\n<blockquote>\n<h3>L&#8217;INAUGURAZIONE DEL CENTRO DI BIODIVERSITA&#8217; A SAN TOMASO<\/h3>\n<\/blockquote>\n<p><strong><a class=\"dt-pswp-item\" href=\"https:\/\/www.radiopiu.net\/wordpress\/wp-content\/uploads\/2022\/11\/316009482_10221413149388227_7132938253134718807_n.jpg\" data-dt-img-description=\"\" data-large_image_width=\"1536\" data-large_image_height=\"2048\"><img loading=\"lazy\" decoding=\"async\" class=\" wp-image-307337 alignleft\" src=\"https:\/\/www.radiopiu.net\/wordpress\/wp-content\/uploads\/2022\/11\/316009482_10221413149388227_7132938253134718807_n-225x300.jpg\" alt=\"\" width=\"142\" height=\"189\" srcset=\"https:\/\/www.radiopiu.net\/wordpress\/wp-content\/uploads\/2022\/11\/316009482_10221413149388227_7132938253134718807_n-225x300.jpg 225w, https:\/\/www.radiopiu.net\/wordpress\/wp-content\/uploads\/2022\/11\/316009482_10221413149388227_7132938253134718807_n-768x1024.jpg 768w, https:\/\/www.radiopiu.net\/wordpress\/wp-content\/uploads\/2022\/11\/316009482_10221413149388227_7132938253134718807_n-1152x1536.jpg 1152w, https:\/\/www.radiopiu.net\/wordpress\/wp-content\/uploads\/2022\/11\/316009482_10221413149388227_7132938253134718807_n.jpg 1536w\" sizes=\"auto, (max-width: 142px) 100vw, 142px\" \/><\/a>SAN TOMASO<\/strong><\/p>\n<p>di Luisa Manfroi<\/p>\n<audio class=\"wp-audio-shortcode\" id=\"audio-307261-2\" preload=\"none\" style=\"width: 100%;\" controls=\"controls\"><source type=\"audio\/mpeg\" src=\"https:\/\/www.radiopiu.net\/wordpress\/wp-content\/uploads\/2022\/11\/Inaugurazione-centro-biodiversita-San-Tomaso.mp3?_=2\" \/><a href=\"https:\/\/www.radiopiu.net\/wordpress\/wp-content\/uploads\/2022\/11\/Inaugurazione-centro-biodiversita-San-Tomaso.mp3\">https:\/\/www.radiopiu.net\/wordpress\/wp-content\/uploads\/2022\/11\/Inaugurazione-centro-biodiversita-San-Tomaso.mp3<\/a><\/audio>\n<p>&nbsp;<\/p>\n<p><strong>LA DIRETTA DI RADIOPIU<\/strong><\/p>\n<p>https:\/\/www.facebook.com\/marco.baghy.1\/videos\/2126222004228820<\/p>\n<p>&nbsp;<\/p>\n<p>&nbsp;<\/p>\n<hr \/>\n<p>&nbsp;<\/p>\n<blockquote>\n<h3>IL NUOVO GRAFFITO DI DUNIO PICCOLIN A SAN TOMASO<\/h3>\n<\/blockquote>\n<p><strong><a class=\"dt-pswp-item\" href=\"https:\/\/www.radiopiu.net\/wordpress\/wp-content\/uploads\/2022\/11\/Schermata-2022-11-20-alle-12.03.21.png\" data-dt-img-description=\"\" data-large_image_width=\"1378\" data-large_image_height=\"1202\"><img loading=\"lazy\" decoding=\"async\" class=\" wp-image-307332 alignleft\" src=\"https:\/\/www.radiopiu.net\/wordpress\/wp-content\/uploads\/2022\/11\/Schermata-2022-11-20-alle-12.03.21-300x262.png\" alt=\"\" width=\"189\" height=\"165\" srcset=\"https:\/\/www.radiopiu.net\/wordpress\/wp-content\/uploads\/2022\/11\/Schermata-2022-11-20-alle-12.03.21-300x262.png 300w, https:\/\/www.radiopiu.net\/wordpress\/wp-content\/uploads\/2022\/11\/Schermata-2022-11-20-alle-12.03.21-1024x893.png 1024w, https:\/\/www.radiopiu.net\/wordpress\/wp-content\/uploads\/2022\/11\/Schermata-2022-11-20-alle-12.03.21-768x670.png 768w, https:\/\/www.radiopiu.net\/wordpress\/wp-content\/uploads\/2022\/11\/Schermata-2022-11-20-alle-12.03.21.png 1378w\" sizes=\"auto, (max-width: 189px) 100vw, 189px\" \/><\/a>SAN TOMASO<\/strong><\/p>\n<p>di Luisa Manfroi<\/p>\n<audio class=\"wp-audio-shortcode\" id=\"audio-307261-3\" preload=\"none\" style=\"width: 100%;\" controls=\"controls\"><source type=\"audio\/mpeg\" src=\"https:\/\/www.radiopiu.net\/wordpress\/wp-content\/uploads\/2022\/11\/San-Tomaso-Scoprimento-graffito-Dunio.mp3?_=3\" \/><a href=\"https:\/\/www.radiopiu.net\/wordpress\/wp-content\/uploads\/2022\/11\/San-Tomaso-Scoprimento-graffito-Dunio.mp3\">https:\/\/www.radiopiu.net\/wordpress\/wp-content\/uploads\/2022\/11\/San-Tomaso-Scoprimento-graffito-Dunio.mp3<\/a><\/audio>\n<p>&nbsp;<\/p>\n<hr \/>\n<p>&nbsp;<\/p>\n<blockquote>\n<h3>DILLO A RADIO PIU&#8217;&#8230;TRASPORTI NEI GIORNI FESTIVI? IN AGORDINO NON SI PUO&#8217;<\/h3>\n<\/blockquote>\n<p><strong><a class=\"dt-pswp-item\" href=\"https:\/\/www.radiopiu.net\/wordpress\/wp-content\/uploads\/2020\/06\/f662441c-c6a1-40df-8978-3ff5202173f9.jpg\" data-dt-img-description=\"\" data-large_image_width=\"1280\" data-large_image_height=\"960\"><img loading=\"lazy\" decoding=\"async\" class=\" wp-image-145519 alignleft\" src=\"https:\/\/www.radiopiu.net\/wordpress\/wp-content\/uploads\/2020\/06\/f662441c-c6a1-40df-8978-3ff5202173f9-300x225.jpg\" alt=\"\" width=\"175\" height=\"131\" srcset=\"https:\/\/www.radiopiu.net\/wordpress\/wp-content\/uploads\/2020\/06\/f662441c-c6a1-40df-8978-3ff5202173f9-300x225.jpg 300w, https:\/\/www.radiopiu.net\/wordpress\/wp-content\/uploads\/2020\/06\/f662441c-c6a1-40df-8978-3ff5202173f9-1024x768.jpg 1024w, https:\/\/www.radiopiu.net\/wordpress\/wp-content\/uploads\/2020\/06\/f662441c-c6a1-40df-8978-3ff5202173f9-768x576.jpg 768w, https:\/\/www.radiopiu.net\/wordpress\/wp-content\/uploads\/2020\/06\/f662441c-c6a1-40df-8978-3ff5202173f9.jpg 1280w\" sizes=\"auto, (max-width: 175px) 100vw, 175px\" \/><\/a>REDAZIONE<\/strong> Riceviamo e pubblichiamo delle considerazioni di un nostro ascoltatore sulla mancanza di corse DolomitiBus in Agordino nei giorni festivi.<\/p>\n<p><em>Ancora una volta,scrivo per l&#8217;assenza di corse da parte di Dolomiti Bus nei giorni festivi che transitano nell&#8217;Agordino e provincia. Dolomiti Bus d\u00e0 sempre la stessa identica risposta: &#8220;MANCANZA DI PERSONALE&#8221;. Io dico, almeno due corse in andata e due di ritorno nei giorni festivi potrebbero metterle. In fin dei conti c&#8217;e&#8217; gente che fa l&#8217;abbonamento mensile ,ci sono locali, anziani, giovani ,turisti e persone non automunite che potrebbero aver bisogno del mezzo di trasporto pubblico. Tenendo conto che in tutte le altre province venete i bus e mezzi di trasporto pubblico funzionano anche nei giorni festivi.<\/em><\/p>\n<p><em>D.R.<\/em><\/p>\n<hr \/>\n<p>&nbsp;<\/p>\n<blockquote>\n<h3>PREZIOSI SERVIZI DI AUTOCORRIERA GARANTITI IN ALPAGO DALLE DITTE PAJER, SAAB.-DA ROLT<\/h3>\n<\/blockquote>\n<p><strong>DI RENATO BONA<\/strong><\/p>\n<p>\u201cCon la ditta Pajer in viaggio dall\u2019Alpago a Venezia\u201d e \u201cLa Societ\u00e0 Autoservizi Alpago Belluno dei f.lli Da Rolt di Tambre\u201d. Sono i titoli dei capitoli di cui ci occupiamo in questa occasione, traendo notizie e curiosit\u00e0 dall\u2019ottimo libro di Renato Fiabane e Lionello Fiori (ai quali ha garantito preziosa collaborazione, fra i tanti, pure benemeriti, Gianni De Vecchi) realizzato nel luglio 2000 (stampa tipografia Piave) ad iniziativa di DolomitiBus e con il contributo di Provincia di Belluno, comuni di Belluno e Sedico, Comitato festeggiamenti Bribano, Circolo bellunese \u201cBerto Gidoni\u201d Auto-moto d\u2019epoca.<br \/>\nLa ditta Pajer Giuseppe &#8211; si legge &#8211; inizi\u00f2 il servizio di linea nel 1911 con le carrozze a cavalli, trasportando posta, merci e persone dall\u2019Alpago a Venezia; il tempo impiegato fra andata e ritorno era di giorni, poi ridotti ad uno. Il servizio era svolto nei giorni 10, 20 e 30 di ogni mese, anche se festivi. A Natale si garantiva lo scambio dei prodotti locali: dall\u2019Alpago col camion prima e la corriera poi scendevano in laguna vischio ed altri prodotti, al ritorno saliva in Alpago pesce, inserito in una borsa di foglie acquatiche. Questo corriere, dove i passeggeri dovevano \u201caccomodarsi alla bell\u2019e meglio sopra i pacchi, era il \u201cTrasmissiere\u201d che impiegava 6 ore per giungere a Mestre dove la merce veniva caricata su una barca diretta a Rialto. Le persone si trasferivano a Venezia portandovi burro, uova, patate e qualcuno, pi\u00f9 intraprendente, vi aveva avviato attivit\u00e0 commerciali varie. Conducente della corriera oltre che bravo meccanico era Giulio Fullin che, al ritorno, portava reti metalliche, tubi di ferro, mobili per la casa, tanto da aprire un negozio gestito dalla moglie. Cessata l\u2019attivit\u00e0 della Pajer, Fullin pass\u00f2 alla Da Rolt, quindi alla Zasio ed infine alla Autoservizi Buzzatti di Bribano, dovendo traslocare per ben 11 volte! Resta da dire, con parole di Giovanni Pajer di Chies d\u2019Alpago, che nel 1934 la ditta Pajer Giuseppe cess\u00f2 l\u2019attivit\u00e0 e venne assorbita dall\u2019altra ditta alpagota di Da Rolt Pietro.<br \/>\nEd eccoci alla Saab dei fratelli Da Rolt di Tambre. In base a notizie fornite agli autori del libro dall\u2019ing. Mario Da Rolt di Ponte nelle Alpi, dall\u2019autista Giovanni Pajer, dal bigliettaio Gildo De Filip e dall\u2019altro bigliettaio, Vittorio Tona, di Chies si apprende che la Societ\u00e0 Autoservizi Alpago Belluno inizi\u00f2 l\u2019attivit\u00e0 negli anni 1921-22 con il trasporto di cose e persone, Nel 1925 entr\u00f2 in servizio il primo autobus Cma americano, residuato della Grande Guerra, in seguito affiancato da un 18P acquistato dal Genio americano; \u00e8 dello stesso anno l\u2019assunzione del primo dipendente, Emilio Bortoluzzi. Titolare dell\u2019azienda era Pietro Da Rolt, coadiuvato dai figli Raniero, Rolando, Bettino ed Angelo. Prima linea esercitata la Belluno-Cadola-Reveane-Pieve d\u2019Alpago-Bivio Schiucaz-Cornei-Borsoi, successivamente prolungata fino a Tambre-Broz. Risale agli anni 1937-38 l\u2019acquisto di due autobus 621 e di un Bianchi Mediolanum. Il servizio venne interrotto dal 1943 al 1945 in conseguenza della seconda guerra mondiale. Riprese con due autobus: un 635 ed un Open Bliz sei cilindri a benzina, residuato bellico recuperato sul greto del Piave. Il primo disponeva di 35 posti a sedere ed era in grado di toccare gli 80 chilometri all\u2019ora; era costato 400 mila lire. E\u2019 proprio con questo veicolo che prese il via anche l\u2019attivit\u00e0 di noleggio che all\u2019epoca interessava in Svizzera gli emigranti alla ricerca di un\u2019occupazione.<br \/>\nIl collegamento Alpago-Venezia fu attivato nel 1946 per esigenze di carattere turistico e commerciale; una corsa costava 250 lire. Nel 1948 ecco l\u2019acquisto di un 66 Sicca, due anni pi\u00f9 tardi di un Leoncino Om col quale prese il via il servizio urbano nella zona bellunese di Castion. L\u2019anno successivo altro acquisto: l\u2019autobus urbano Leoncino prelevato dalla Menarini di Bologna per ampliare ed intensificare le corse, grazie anche al consolidamento dell\u2019azienda che erog\u00f2 servizi dall\u2019Alpago a Belluno e nella direttrice verso Venezia. Col tempo la Saab dei Da Rolt, che aveva sede amministrativa a Belluno e officina a Puos d\u2019Alpago, vantava questa dimensione: autobus 23, dipendenti 30, percorrenze 650 mila chilometri, 8 le linee esercitate. Nel 1982, come la quasi totalit\u00e0 di quelle che operavano in provincia di Belluno, conflu\u00ec nella DolomitiBus.<\/p>\n\n\t\t\t<style type='text\/css'>\n\t\t\t\t#gallery-1 {\n\t\t\t\t\tmargin: auto;\n\t\t\t\t}\n\t\t\t\t#gallery-1 .gallery-item {\n\t\t\t\t\tfloat: left;\n\t\t\t\t\tmargin-top: 10px;\n\t\t\t\t\ttext-align: center;\n\t\t\t\t\twidth: 25%;\n\t\t\t\t}\n\t\t\t\t#gallery-1 img {\n\t\t\t\t\tborder: 2px solid #cfcfcf;\n\t\t\t\t}\n\t\t\t\t#gallery-1 .gallery-caption {\n\t\t\t\t\tmargin-left: 0;\n\t\t\t\t}\n\t\t\t\t\/* see gallery_shortcode() in wp-includes\/media.php *\/\n\t\t\t<\/style>\n\t\t<div id='gallery-1' class='dt-gallery-container gallery galleryid-307261 gallery-columns-4 gallery-size-thumbnail'><dl class='gallery-item'>\n\t\t\t\t<dt class='gallery-icon landscape'>\n\t\t\t\t\t<a class=\"rollover rollover-zoom dt-pswp-item\" title=\"313742644_592595805968566_5314393004799072928_n\" data-dt-img-description=\"\" data-large_image_width=\"2030\" data-large_image_height=\"1233\"href='https:\/\/www.radiopiu.net\/wordpress\/wp-content\/uploads\/2022\/11\/313742644_592595805968566_5314393004799072928_n.jpg'><img loading=\"lazy\" decoding=\"async\" width=\"150\" height=\"150\" src=\"https:\/\/www.radiopiu.net\/wordpress\/wp-content\/uploads\/2022\/11\/313742644_592595805968566_5314393004799072928_n-150x150.jpg\" class=\"attachment-thumbnail size-thumbnail\" alt=\"\" \/><\/a>\n\t\t\t\t<\/dt><\/dl><dl class='gallery-item'>\n\t\t\t\t<dt class='gallery-icon portrait'>\n\t\t\t\t\t<a class=\"rollover rollover-zoom dt-pswp-item\" title=\"313464681_670225314492995_1152184109092430419_n\" data-dt-img-description=\"\" data-large_image_width=\"1312\" data-large_image_height=\"1357\"href='https:\/\/www.radiopiu.net\/wordpress\/wp-content\/uploads\/2022\/11\/313464681_670225314492995_1152184109092430419_n.jpg'><img loading=\"lazy\" decoding=\"async\" width=\"150\" height=\"150\" src=\"https:\/\/www.radiopiu.net\/wordpress\/wp-content\/uploads\/2022\/11\/313464681_670225314492995_1152184109092430419_n-150x150.jpg\" class=\"attachment-thumbnail size-thumbnail\" alt=\"\" \/><\/a>\n\t\t\t\t<\/dt><\/dl><dl class='gallery-item'>\n\t\t\t\t<dt class='gallery-icon landscape'>\n\t\t\t\t\t<a class=\"rollover rollover-zoom dt-pswp-item\" title=\"313197994_1073818576631748_6395894889666752486_n\" data-dt-img-description=\"\" data-large_image_width=\"2030\" data-large_image_height=\"1329\"href='https:\/\/www.radiopiu.net\/wordpress\/wp-content\/uploads\/2022\/11\/313197994_1073818576631748_6395894889666752486_n.jpg'><img loading=\"lazy\" decoding=\"async\" width=\"150\" height=\"150\" src=\"https:\/\/www.radiopiu.net\/wordpress\/wp-content\/uploads\/2022\/11\/313197994_1073818576631748_6395894889666752486_n-150x150.jpg\" class=\"attachment-thumbnail size-thumbnail\" alt=\"\" \/><\/a>\n\t\t\t\t<\/dt><\/dl><dl class='gallery-item'>\n\t\t\t\t<dt class='gallery-icon landscape'>\n\t\t\t\t\t<a class=\"rollover rollover-zoom dt-pswp-item\" title=\"313190727_854363042259504_2700872476087454703_n\" data-dt-img-description=\"\" data-large_image_width=\"2048\" data-large_image_height=\"1179\"href='https:\/\/www.radiopiu.net\/wordpress\/wp-content\/uploads\/2022\/11\/313190727_854363042259504_2700872476087454703_n.jpg'><img loading=\"lazy\" decoding=\"async\" width=\"150\" height=\"150\" src=\"https:\/\/www.radiopiu.net\/wordpress\/wp-content\/uploads\/2022\/11\/313190727_854363042259504_2700872476087454703_n-150x150.jpg\" class=\"attachment-thumbnail size-thumbnail\" alt=\"\" \/><\/a>\n\t\t\t\t<\/dt><\/dl><br style=\"clear: both\" \/><dl class='gallery-item'>\n\t\t\t\t<dt class='gallery-icon landscape'>\n\t\t\t\t\t<a class=\"rollover rollover-zoom dt-pswp-item\" title=\"316195921_678952216978544_5345365264760471431_n\" data-dt-img-description=\"\" data-large_image_width=\"1337\" data-large_image_height=\"860\"href='https:\/\/www.radiopiu.net\/wordpress\/wp-content\/uploads\/2022\/11\/316195921_678952216978544_5345365264760471431_n.jpg'><img loading=\"lazy\" decoding=\"async\" width=\"150\" height=\"150\" src=\"https:\/\/www.radiopiu.net\/wordpress\/wp-content\/uploads\/2022\/11\/316195921_678952216978544_5345365264760471431_n-150x150.jpg\" class=\"attachment-thumbnail size-thumbnail\" alt=\"\" \/><\/a>\n\t\t\t\t<\/dt><\/dl><dl class='gallery-item'>\n\t\t\t\t<dt class='gallery-icon landscape'>\n\t\t\t\t\t<a class=\"rollover rollover-zoom dt-pswp-item\" title=\"315301291_531854605452964_1375852606617934204_n\" data-dt-img-description=\"\" data-large_image_width=\"1773\" data-large_image_height=\"649\"href='https:\/\/www.radiopiu.net\/wordpress\/wp-content\/uploads\/2022\/11\/315301291_531854605452964_1375852606617934204_n.jpg'><img loading=\"lazy\" decoding=\"async\" width=\"150\" height=\"150\" src=\"https:\/\/www.radiopiu.net\/wordpress\/wp-content\/uploads\/2022\/11\/315301291_531854605452964_1375852606617934204_n-150x150.jpg\" class=\"attachment-thumbnail size-thumbnail\" alt=\"\" \/><\/a>\n\t\t\t\t<\/dt><\/dl><dl class='gallery-item'>\n\t\t\t\t<dt class='gallery-icon landscape'>\n\t\t\t\t\t<a class=\"rollover rollover-zoom dt-pswp-item\" title=\"314902538_655211312905506_7574811676595780210_n\" data-dt-img-description=\"\" data-large_image_width=\"2048\" data-large_image_height=\"1300\"href='https:\/\/www.radiopiu.net\/wordpress\/wp-content\/uploads\/2022\/11\/314902538_655211312905506_7574811676595780210_n.jpg'><img loading=\"lazy\" decoding=\"async\" width=\"150\" height=\"150\" src=\"https:\/\/www.radiopiu.net\/wordpress\/wp-content\/uploads\/2022\/11\/314902538_655211312905506_7574811676595780210_n-150x150.jpg\" class=\"attachment-thumbnail size-thumbnail\" alt=\"\" \/><\/a>\n\t\t\t\t<\/dt><\/dl><dl class='gallery-item'>\n\t\t\t\t<dt class='gallery-icon landscape'>\n\t\t\t\t\t<a class=\"rollover rollover-zoom dt-pswp-item\" title=\"314461916_1532334500550523_2235713482995872445_n\" data-dt-img-description=\"\" data-large_image_width=\"1964\" data-large_image_height=\"1366\"href='https:\/\/www.radiopiu.net\/wordpress\/wp-content\/uploads\/2022\/11\/314461916_1532334500550523_2235713482995872445_n.jpg'><img loading=\"lazy\" decoding=\"async\" width=\"150\" height=\"150\" src=\"https:\/\/www.radiopiu.net\/wordpress\/wp-content\/uploads\/2022\/11\/314461916_1532334500550523_2235713482995872445_n-150x150.jpg\" class=\"attachment-thumbnail size-thumbnail\" alt=\"\" \/><\/a>\n\t\t\t\t<\/dt><\/dl><br style=\"clear: both\" \/>\n\t\t\t<\/div>\n\n<p>NELLE FOTO (riproduzioni dal libro di Fiabane-Fiori): anni \u201820: una eccezionale autocorriera Fiat 18 BL della Pajer in servizio sulla linea Belluno-Alpago-Venezia ogni 10 giorni; stessa epoca con l\u2019autocorriera Fiat 18 BL della ditta Pajer Giuseppe; patente di guida di primo grado rilasciata nel 1982 a Giulio Fullin; autocorriera Bianchi Mediolanum, funzionante a gasogeno, della ditta Da Rolt, in sosta al bivio di Cornei; trasbordo di merci dal pullman Fiat 62 al Bianchi Mediolanum entrambi della Da Rolt, al bivio di Cornei; anno 1958: Alfa Romeo 900 pure della Da Rolt in sosta a La Secca; anno 1960: autisti delle ditte Da Rolt e Buzzatti in posa davanti al Fiat 306 a Possagno in occasione di una gita turistica al tempio del Canova; anno 1938: Fiat 635 della Da Rolt in servizio sulla linea Belluno-Alpago-Venezia.<\/p>\n<p>&nbsp;<\/p>\n<p>&nbsp;<\/p>\n<hr \/>\n<p>&nbsp;<\/p>\n<p><strong><em>DI TIZIANO DE COL<\/em><\/strong><\/p>\n\n\t\t\t<style type='text\/css'>\n\t\t\t\t#gallery-2 {\n\t\t\t\t\tmargin: auto;\n\t\t\t\t}\n\t\t\t\t#gallery-2 .gallery-item {\n\t\t\t\t\tfloat: left;\n\t\t\t\t\tmargin-top: 10px;\n\t\t\t\t\ttext-align: center;\n\t\t\t\t\twidth: 25%;\n\t\t\t\t}\n\t\t\t\t#gallery-2 img {\n\t\t\t\t\tborder: 2px solid #cfcfcf;\n\t\t\t\t}\n\t\t\t\t#gallery-2 .gallery-caption {\n\t\t\t\t\tmargin-left: 0;\n\t\t\t\t}\n\t\t\t\t\/* see gallery_shortcode() in wp-includes\/media.php *\/\n\t\t\t<\/style>\n\t\t<div id='gallery-2' class='dt-gallery-container gallery galleryid-307261 gallery-columns-4 gallery-size-medium'><dl class='gallery-item'>\n\t\t\t\t<dt class='gallery-icon landscape'>\n\t\t\t\t\t<a class=\"rollover rollover-zoom dt-pswp-item\" title=\"e75f6180-0f94-41ed-87e2-2947835f1348\" data-dt-img-description=\"\" data-large_image_width=\"605\" data-large_image_height=\"379\"href='https:\/\/www.radiopiu.net\/wordpress\/wp-content\/uploads\/2022\/11\/e75f6180-0f94-41ed-87e2-2947835f1348.jpg'><img loading=\"lazy\" decoding=\"async\" width=\"300\" height=\"188\" src=\"https:\/\/www.radiopiu.net\/wordpress\/wp-content\/uploads\/2022\/11\/e75f6180-0f94-41ed-87e2-2947835f1348-300x188.jpg\" class=\"attachment-medium size-medium\" alt=\"\" srcset=\"https:\/\/www.radiopiu.net\/wordpress\/wp-content\/uploads\/2022\/11\/e75f6180-0f94-41ed-87e2-2947835f1348-300x188.jpg 300w, https:\/\/www.radiopiu.net\/wordpress\/wp-content\/uploads\/2022\/11\/e75f6180-0f94-41ed-87e2-2947835f1348.jpg 605w\" sizes=\"auto, (max-width: 300px) 100vw, 300px\" \/><\/a>\n\t\t\t\t<\/dt><\/dl><dl class='gallery-item'>\n\t\t\t\t<dt class='gallery-icon landscape'>\n\t\t\t\t\t<a class=\"rollover rollover-zoom dt-pswp-item\" title=\"80623789-8a7e-4945-91ef-7072b1b738b5\" data-dt-img-description=\"\" data-large_image_width=\"607\" data-large_image_height=\"370\"href='https:\/\/www.radiopiu.net\/wordpress\/wp-content\/uploads\/2022\/11\/80623789-8a7e-4945-91ef-7072b1b738b5.jpg'><img loading=\"lazy\" decoding=\"async\" width=\"300\" height=\"183\" src=\"https:\/\/www.radiopiu.net\/wordpress\/wp-content\/uploads\/2022\/11\/80623789-8a7e-4945-91ef-7072b1b738b5-300x183.jpg\" class=\"attachment-medium size-medium\" alt=\"\" srcset=\"https:\/\/www.radiopiu.net\/wordpress\/wp-content\/uploads\/2022\/11\/80623789-8a7e-4945-91ef-7072b1b738b5-300x183.jpg 300w, https:\/\/www.radiopiu.net\/wordpress\/wp-content\/uploads\/2022\/11\/80623789-8a7e-4945-91ef-7072b1b738b5.jpg 607w\" sizes=\"auto, (max-width: 300px) 100vw, 300px\" \/><\/a>\n\t\t\t\t<\/dt><\/dl><dl class='gallery-item'>\n\t\t\t\t<dt class='gallery-icon landscape'>\n\t\t\t\t\t<a class=\"rollover rollover-zoom dt-pswp-item\" title=\"802ee7cd-2954-4b4d-abc2-00066ea25206\" data-dt-img-description=\"\" data-large_image_width=\"606\" data-large_image_height=\"365\"href='https:\/\/www.radiopiu.net\/wordpress\/wp-content\/uploads\/2022\/11\/802ee7cd-2954-4b4d-abc2-00066ea25206.jpg'><img loading=\"lazy\" decoding=\"async\" width=\"300\" height=\"181\" src=\"https:\/\/www.radiopiu.net\/wordpress\/wp-content\/uploads\/2022\/11\/802ee7cd-2954-4b4d-abc2-00066ea25206-300x181.jpg\" class=\"attachment-medium size-medium\" alt=\"\" srcset=\"https:\/\/www.radiopiu.net\/wordpress\/wp-content\/uploads\/2022\/11\/802ee7cd-2954-4b4d-abc2-00066ea25206-300x181.jpg 300w, https:\/\/www.radiopiu.net\/wordpress\/wp-content\/uploads\/2022\/11\/802ee7cd-2954-4b4d-abc2-00066ea25206.jpg 606w\" sizes=\"auto, (max-width: 300px) 100vw, 300px\" \/><\/a>\n\t\t\t\t<\/dt><\/dl><dl class='gallery-item'>\n\t\t\t\t<dt class='gallery-icon landscape'>\n\t\t\t\t\t<a class=\"rollover rollover-zoom dt-pswp-item\" title=\"1dbb2551-8bd7-46f0-bd43-fc9efdfbf731\" data-dt-img-description=\"\" data-large_image_width=\"600\" data-large_image_height=\"367\"href='https:\/\/www.radiopiu.net\/wordpress\/wp-content\/uploads\/2022\/11\/1dbb2551-8bd7-46f0-bd43-fc9efdfbf731.jpg'><img loading=\"lazy\" decoding=\"async\" width=\"300\" height=\"184\" src=\"https:\/\/www.radiopiu.net\/wordpress\/wp-content\/uploads\/2022\/11\/1dbb2551-8bd7-46f0-bd43-fc9efdfbf731-300x184.jpg\" class=\"attachment-medium size-medium\" alt=\"\" srcset=\"https:\/\/www.radiopiu.net\/wordpress\/wp-content\/uploads\/2022\/11\/1dbb2551-8bd7-46f0-bd43-fc9efdfbf731-300x184.jpg 300w, https:\/\/www.radiopiu.net\/wordpress\/wp-content\/uploads\/2022\/11\/1dbb2551-8bd7-46f0-bd43-fc9efdfbf731.jpg 600w\" sizes=\"auto, (max-width: 300px) 100vw, 300px\" \/><\/a>\n\t\t\t\t<\/dt><\/dl><br style=\"clear: both\" \/>\n\t\t\t<\/div>\n\n<p>&nbsp;<\/p>\n<blockquote class=\"wp-embedded-content\" data-secret=\"l0nSYzu0bt\"><p><a href=\"https:\/\/www.radiopiu.net\/wordpress\/aziendazeronovembre20\/\">SONO PIU&#8217; DI 4 MILA I NUOVI POSITIVI IN VENETO DELLE ULTIME 24 ORE. SEI DECESSI, RICOVERI STABILI<\/a><\/p><\/blockquote>\n<p><iframe loading=\"lazy\" class=\"wp-embedded-content\" sandbox=\"allow-scripts\" security=\"restricted\" style=\"position: absolute; clip: rect(1px, 1px, 1px, 1px);\" title=\"&#8220;SONO PIU&#8217; DI 4 MILA I NUOVI POSITIVI IN VENETO DELLE ULTIME 24 ORE. SEI DECESSI, RICOVERI STABILI&#8221; &#8212; Radio Pi\u00f9\" src=\"https:\/\/www.radiopiu.net\/wordpress\/aziendazeronovembre20\/embed\/#?secret=0seisUxpKa#?secret=l0nSYzu0bt\" data-secret=\"l0nSYzu0bt\" width=\"600\" height=\"338\" frameborder=\"0\" marginwidth=\"0\" marginheight=\"0\" scrolling=\"no\"><\/iframe><\/p>\n<p>&nbsp;<\/p>\n<hr \/>\n<p>&nbsp;<\/p>\n<blockquote>\n<h3>SCREENING DEL COLON RETTO: ADESIONE BUONA MA MIGLIORABILE<\/h3>\n<\/blockquote>\n<p><strong><a class=\"dt-pswp-item\" href=\"https:\/\/www.radiopiu.net\/wordpress\/wp-content\/uploads\/2021\/03\/ULSS-1.jpg\" data-dt-img-description=\"\" data-large_image_width=\"776\" data-large_image_height=\"408\"><img loading=\"lazy\" decoding=\"async\" class=\" wp-image-198838 alignleft\" src=\"https:\/\/www.radiopiu.net\/wordpress\/wp-content\/uploads\/2021\/03\/ULSS-1-300x158.jpg\" alt=\"\" width=\"161\" height=\"85\" srcset=\"https:\/\/www.radiopiu.net\/wordpress\/wp-content\/uploads\/2021\/03\/ULSS-1-300x158.jpg 300w, https:\/\/www.radiopiu.net\/wordpress\/wp-content\/uploads\/2021\/03\/ULSS-1-768x404.jpg 768w, https:\/\/www.radiopiu.net\/wordpress\/wp-content\/uploads\/2021\/03\/ULSS-1.jpg 776w\" sizes=\"auto, (max-width: 161px) 100vw, 161px\" \/><\/a>BELLUNO <\/strong>Il tumore del colon retto \u00e8 il 2\u00b0 tumore pi\u00f9 diagnosticato nelle donne e il 3\u00b0 negli uomini. Da quando \u00e8 attivo lo screening, la mortalit\u00e0 \u00e8 diminuita del 30%, con un significativo decremento anche dell\u2019incidenza (nuovi casi). Nei primi 6 mesi del 2022 hanno aderito allo screening in Ulss Dolomiti il 63% dei cittadini che sono stati invitati ad eseguire il test: un dato che si pu\u00f2 migliorare per prevenire questo tipo di cancro. Lo sviluppo del tumore del colon retto \u00e8 quasi sempre preceduto dalla comparsa di lesioni benigne nell\u2019intestino (polipi), lesioni che possono essere individuate precocemente intervenendo in tempo con trattamenti efficaci. Lo screening colorettale \u00e8 un programma di prevenzione che ha l&#8217;obiettivo di ridurre la mortalit\u00e0 e l\u2019incidenza del tumore del colon-retto, tramite una diagnosi precoce di malattia e l\u2019identificazione di lesioni precancerose (polipi) che hanno elevata probabilit\u00e0 di evolvere in tumore.<\/p>\n<p>&nbsp;<\/p>\n<p>&nbsp;<\/p>\n<hr \/>\n<p>&nbsp;<\/p>\n<blockquote>\n<h3>VERSO MILANO CORTINA 2026: LA SICUREZZA NEI CANTIERI<\/h3>\n<\/blockquote>\n<p><strong><a class=\"dt-pswp-item\" href=\"https:\/\/www.radiopiu.net\/wordpress\/wp-content\/uploads\/2022\/11\/20221118_094008-1-1-scaled.jpg\" data-dt-img-description=\"\" data-large_image_width=\"2560\" data-large_image_height=\"1920\"><img loading=\"lazy\" decoding=\"async\" class=\" wp-image-307290 alignleft\" src=\"https:\/\/www.radiopiu.net\/wordpress\/wp-content\/uploads\/2022\/11\/20221118_094008-1-1-300x225.jpg\" alt=\"\" width=\"172\" height=\"129\" srcset=\"https:\/\/www.radiopiu.net\/wordpress\/wp-content\/uploads\/2022\/11\/20221118_094008-1-1-300x225.jpg 300w, https:\/\/www.radiopiu.net\/wordpress\/wp-content\/uploads\/2022\/11\/20221118_094008-1-1-1024x768.jpg 1024w, https:\/\/www.radiopiu.net\/wordpress\/wp-content\/uploads\/2022\/11\/20221118_094008-1-1-768x576.jpg 768w, https:\/\/www.radiopiu.net\/wordpress\/wp-content\/uploads\/2022\/11\/20221118_094008-1-1-1536x1152.jpg 1536w, https:\/\/www.radiopiu.net\/wordpress\/wp-content\/uploads\/2022\/11\/20221118_094008-1-1-2048x1536.jpg 2048w\" sizes=\"auto, (max-width: 172px) 100vw, 172px\" \/><\/a>BELLUNO <\/strong>Venerd\u00ec mattina, a Sedico, si \u00e8 svolto un Convegno organizzato dal servizio S.P.I.S.A.L. dell\u2019Azienda U.L.S.S. n.1 Dolomiti in collaborazione con la Cassa Edile di Belluno e il Centro per la Formazione e Sicurezza C.F.S. di Sedico (BL) dal titolo: \u201cla sicurezza nella grandi opere in preparazione di Milano Cortina\u201d. L\u2019incontro aveva l\u2019obiettivo di fornire alle aziende\u00a0 e ai Coordinatori per la Sicurezza coinvolti nei cantieri delle Grandi Opere in vista delle Olimpiadi, informazioni in merito ad alcuni aspetti organizzativi essenziali e alle criticit\u00e0 legate alla salute e sicurezza sul lavoro. La costruzione di grandi opere infrastrutturali e stradali interessa in maniera particolare negli ultimi anni il territorio della Provincia di Belluno, principalmente in relazione ai Campionati mondiali di sci alpino Cortina 2021 alle Olimpiadi Milano-Cortina che si terranno nel 2026. La realizzazione di opere cos\u00ec complesse comporta un grande impegno di natura organizzativa, tecnica ed ingegneristica, accompagnato anche dalle difficolt\u00e0 intrinseche alle caratteristiche del territorio montano. Il convegno ha rappresentato un momento formativo e di confronto utile tra imprese, consulenti ed enti di vigilanza al fine di lavorare insieme per costruire la salute e sicurezza nei luoghi di lavoro. Hanno partecipato circa 85 persone (rappresentanti di imprese edili, rappresentanti sindacali, figure per la sicurezza in cantiere (Coordinatori per la Sicurezza) quali Geometri, ingegneri, architetti, periti edili, ecc\u2026) e il vice prefetto Alessandro Sallusto. Ad aprire i lavori il direttore del Dipartimento di prevenzione Sandro Cinquetti e il direttore dello Spisal Gianfranco Albertin. La preparazione al grande evento che aspetta la nostra provincia passa anche dalla formazione degli addetti ai lavori.<\/p>\n<p>&nbsp;<\/p>\n<p>&nbsp;<\/p>\n<hr \/>\n<p>&nbsp;<\/p>\n<blockquote>\n<h3>LA CASSA RURALE DOLOMITI AMPLIA LA FILIALE DI LENTIAI<\/h3>\n<\/blockquote>\n<p><strong><a class=\"dt-pswp-item\" href=\"https:\/\/www.radiopiu.net\/wordpress\/wp-content\/uploads\/2022\/11\/7b0fb510-401f-4559-986a-8cf51375b6cc.jpg\" data-dt-img-description=\"\" data-large_image_width=\"1600\" data-large_image_height=\"945\"><img loading=\"lazy\" decoding=\"async\" class=\"size-medium wp-image-307275 alignleft\" src=\"https:\/\/www.radiopiu.net\/wordpress\/wp-content\/uploads\/2022\/11\/7b0fb510-401f-4559-986a-8cf51375b6cc-300x177.jpg\" alt=\"\" width=\"300\" height=\"177\" srcset=\"https:\/\/www.radiopiu.net\/wordpress\/wp-content\/uploads\/2022\/11\/7b0fb510-401f-4559-986a-8cf51375b6cc-300x177.jpg 300w, https:\/\/www.radiopiu.net\/wordpress\/wp-content\/uploads\/2022\/11\/7b0fb510-401f-4559-986a-8cf51375b6cc-1024x605.jpg 1024w, https:\/\/www.radiopiu.net\/wordpress\/wp-content\/uploads\/2022\/11\/7b0fb510-401f-4559-986a-8cf51375b6cc-768x454.jpg 768w, https:\/\/www.radiopiu.net\/wordpress\/wp-content\/uploads\/2022\/11\/7b0fb510-401f-4559-986a-8cf51375b6cc-1536x907.jpg 1536w, https:\/\/www.radiopiu.net\/wordpress\/wp-content\/uploads\/2022\/11\/7b0fb510-401f-4559-986a-8cf51375b6cc.jpg 1600w\" sizes=\"auto, (max-width: 300px) 100vw, 300px\" \/><\/a>BORGO VALBELLUNA<\/strong><\/p>\n<p>di Moreno Gioli<\/p>\n<audio class=\"wp-audio-shortcode\" id=\"audio-307261-4\" preload=\"none\" style=\"width: 100%;\" controls=\"controls\"><source type=\"audio\/mpeg\" src=\"https:\/\/www.radiopiu.net\/wordpress\/wp-content\/uploads\/2022\/11\/GIOLI-CASSA-RURALE.mp3?_=4\" \/><a href=\"https:\/\/www.radiopiu.net\/wordpress\/wp-content\/uploads\/2022\/11\/GIOLI-CASSA-RURALE.mp3\">https:\/\/www.radiopiu.net\/wordpress\/wp-content\/uploads\/2022\/11\/GIOLI-CASSA-RURALE.mp3<\/a><\/audio>\n<p>&nbsp;<\/p>\n<hr \/>\n<p>&nbsp;<\/p>\n<blockquote>\n<h3>UNA MOZIONE DEL PD PER SALVARE LE PISCINE<\/h3>\n<\/blockquote>\n<p><strong><a class=\"dt-pswp-item\" href=\"https:\/\/www.radiopiu.net\/wordpress\/wp-content\/uploads\/2021\/11\/piscina-2.jpg\" data-dt-img-description=\"\" data-large_image_width=\"960\" data-large_image_height=\"539\"><img loading=\"lazy\" decoding=\"async\" class=\" wp-image-245598 alignleft\" src=\"https:\/\/www.radiopiu.net\/wordpress\/wp-content\/uploads\/2021\/11\/piscina-2-300x168.jpg\" alt=\"\" width=\"191\" height=\"107\" srcset=\"https:\/\/www.radiopiu.net\/wordpress\/wp-content\/uploads\/2021\/11\/piscina-2-300x168.jpg 300w, https:\/\/www.radiopiu.net\/wordpress\/wp-content\/uploads\/2021\/11\/piscina-2-768x431.jpg 768w, https:\/\/www.radiopiu.net\/wordpress\/wp-content\/uploads\/2021\/11\/piscina-2.jpg 960w\" sizes=\"auto, (max-width: 191px) 100vw, 191px\" \/><\/a>VENEZIA<\/strong> &#8220;<em>Gli impianti natatori stanno attraversando un periodo di profonda crisi. Gi\u00e0 hanno subito pi\u00f9 delle altre le restrizioni connesse alla gestione della pandemia e la loro ripartenza \u00e8 stata molto difficoltosa, dato il crollo generalizzato delle iscrizioni e i timori ancora diffusi sulla possibilit\u00e0 di contagio. Ora, trattandosi di impianti sportivi in assoluto tra i pi\u00f9 energivori, di fronte agli aumenti esponenziali dei costi del gas e dell\u2019energia, sono destinati alla chiusura se non si interviene a livello istituzionale con provvedimenti mirati e con solidi aiuti finanziari<\/em>&#8220;. Questo lo scenario tracciato dalla mozione che ha come primo firmatario il consigliere regionale del PD Veneto, Andrea Zanoni, sottoscritta dai colleghi dell&#8217;opposizione, Giacomo Possamai, Bigon, Camani, Montanariello, Zottis, Baldin, Guarda, Lorenzoni e Ostanel.<\/p>\n<p>&nbsp;<\/p>\n<hr \/>\n<p>&nbsp;<\/p>\n<p>&nbsp;<\/p>\n<h2><strong><a class=\"dt-pswp-item\" href=\"https:\/\/www.radiopiu.net\/wordpress\/wp-content\/uploads\/2022\/11\/a50805cd-16e0-432e-9f53-f9d78660f361.jpg\" data-dt-img-description=\"\" data-large_image_width=\"1600\" data-large_image_height=\"757\"><img loading=\"lazy\" decoding=\"async\" class=\"size-medium wp-image-307308 alignleft\" src=\"https:\/\/www.radiopiu.net\/wordpress\/wp-content\/uploads\/2022\/11\/a50805cd-16e0-432e-9f53-f9d78660f361-300x142.jpg\" alt=\"\" width=\"300\" height=\"142\" srcset=\"https:\/\/www.radiopiu.net\/wordpress\/wp-content\/uploads\/2022\/11\/a50805cd-16e0-432e-9f53-f9d78660f361-300x142.jpg 300w, https:\/\/www.radiopiu.net\/wordpress\/wp-content\/uploads\/2022\/11\/a50805cd-16e0-432e-9f53-f9d78660f361-1024x484.jpg 1024w, https:\/\/www.radiopiu.net\/wordpress\/wp-content\/uploads\/2022\/11\/a50805cd-16e0-432e-9f53-f9d78660f361-768x363.jpg 768w, https:\/\/www.radiopiu.net\/wordpress\/wp-content\/uploads\/2022\/11\/a50805cd-16e0-432e-9f53-f9d78660f361-1536x727.jpg 1536w, https:\/\/www.radiopiu.net\/wordpress\/wp-content\/uploads\/2022\/11\/a50805cd-16e0-432e-9f53-f9d78660f361.jpg 1600w\" sizes=\"auto, (max-width: 300px) 100vw, 300px\" \/><\/a><\/strong><span style=\"color: #339966;\">LA RASSEGNA STAMPA DA L&#8217;AMICO DEL POPOLO<\/span><\/h2>\n<p><strong>di Gianni Santomaso<\/strong><\/p>\n<p>OSPITE: Giorgia Ascari<\/p>\n<audio class=\"wp-audio-shortcode\" id=\"audio-307261-5\" preload=\"none\" style=\"width: 100%;\" controls=\"controls\"><source type=\"audio\/mpeg\" src=\"https:\/\/www.radiopiu.net\/wordpress\/wp-content\/uploads\/2022\/11\/RASSEGNA-GIANNI-3.mp3?_=5\" \/><a href=\"https:\/\/www.radiopiu.net\/wordpress\/wp-content\/uploads\/2022\/11\/RASSEGNA-GIANNI-3.mp3\">https:\/\/www.radiopiu.net\/wordpress\/wp-content\/uploads\/2022\/11\/RASSEGNA-GIANNI-3.mp3<\/a><\/audio>\n<p>&nbsp;<\/p>\n<p>&nbsp;<\/p>\n<hr \/>\n<p>&nbsp;<\/p>\n<blockquote>\n<h3>A BEPI PELLEGRINON IL PREMIO MARCELLO MERONI<\/h3>\n<\/blockquote>\n<p><a class=\"dt-pswp-item\" href=\"https:\/\/www.radiopiu.net\/wordpress\/wp-content\/uploads\/2022\/08\/Bepi-Pellegrinon-con-la-moglie-Lucina-Zanvit-scaled.jpg\" data-dt-img-description=\"dav\" data-large_image_width=\"2560\" data-large_image_height=\"1443\"><img loading=\"lazy\" decoding=\"async\" class=\"wp-image-295368 alignleft\" src=\"https:\/\/www.radiopiu.net\/wordpress\/wp-content\/uploads\/2022\/08\/Bepi-Pellegrinon-con-la-moglie-Lucina-Zanvit-300x169.jpg\" alt=\"\" width=\"187\" height=\"105\" srcset=\"https:\/\/www.radiopiu.net\/wordpress\/wp-content\/uploads\/2022\/08\/Bepi-Pellegrinon-con-la-moglie-Lucina-Zanvit-300x169.jpg 300w, https:\/\/www.radiopiu.net\/wordpress\/wp-content\/uploads\/2022\/08\/Bepi-Pellegrinon-con-la-moglie-Lucina-Zanvit-1024x577.jpg 1024w, https:\/\/www.radiopiu.net\/wordpress\/wp-content\/uploads\/2022\/08\/Bepi-Pellegrinon-con-la-moglie-Lucina-Zanvit-768x433.jpg 768w, https:\/\/www.radiopiu.net\/wordpress\/wp-content\/uploads\/2022\/08\/Bepi-Pellegrinon-con-la-moglie-Lucina-Zanvit-1536x866.jpg 1536w, https:\/\/www.radiopiu.net\/wordpress\/wp-content\/uploads\/2022\/08\/Bepi-Pellegrinon-con-la-moglie-Lucina-Zanvit-2048x1155.jpg 2048w\" sizes=\"auto, (max-width: 187px) 100vw, 187px\" \/><\/a><strong>FALCADE<\/strong> Nell&#8217;anno del suo ottantesimo compleanno, Bepi Pellegrinon ricever\u00e0 un premio a Milano nei prossimi giorni. Pellegrinon \u00e8 stato scelto dalla giuria del Premio Marcello Meroni per l&#8217;edizione 2022. Il premio sar\u00e0 consegnato il 25 novembre prossimo nela Sala Vitman dell&#8217;Acquario Civico di Milano. Pellegrinon \u00e8 stato scelto dalla giuria per l&#8217;impegno nel riannodare il filo rosso che unisce le numerose iniziative legate, nei modi pi\u00f9 opportuni, alla montagna. Complimenti a Bepi Pellegrinon da tutta la redazione di Radio PIu&#8217;<\/p>\n<p><span style=\"font-family: Calibri, serif;\"><span style=\"font-size: small;\"><a class=\"dt-pswp-item\" href=\"https:\/\/www.radiopiu.net\/wordpress\/wp-content\/uploads\/2022\/11\/FALCADE-Bepi-Pellegrinon.jpg\" data-dt-img-description=\"\" data-large_image_width=\"549\" data-large_image_height=\"989\"><img loading=\"lazy\" decoding=\"async\" class=\"size-medium wp-image-307427 alignleft\" src=\"https:\/\/www.radiopiu.net\/wordpress\/wp-content\/uploads\/2022\/11\/FALCADE-Bepi-Pellegrinon-167x300.jpg\" alt=\"\" width=\"167\" height=\"300\" srcset=\"https:\/\/www.radiopiu.net\/wordpress\/wp-content\/uploads\/2022\/11\/FALCADE-Bepi-Pellegrinon-167x300.jpg 167w, https:\/\/www.radiopiu.net\/wordpress\/wp-content\/uploads\/2022\/11\/FALCADE-Bepi-Pellegrinon.jpg 549w\" sizes=\"auto, (max-width: 167px) 100vw, 167px\" \/><\/a>Un prestigioso premio a Bepi Pellegrinon per l\u2019impegno profuso in ambito montano. Festeggiato lo scorso 1\u00b0 settembre l\u201980\u00b0 compleanno in sordina, ma attorniato da una ristretta cerchia di amici convocati a sorpresa da Silvio Antiga nella sua Tipoteca italiana di Cornuda, \u00e8 giunto in questi giorno un significativo riconoscimento al noto editore, scrittore, accademico del Cai di Falcade.<\/span><\/span><span style=\"font-family: Calibri, serif;\"><span style=\"font-size: small;\">Il Comitato organizzatore del premio \u201cMarcello Meroni\u201d di Milano lo infatti inserito fra i premiati della XIV edizione della manifestazione, in programma venerd\u00ec prossimo, 25 novembre, alle 19,45 nella Sala Vitman dell\u2019Acquario civico di via Gadio a Milano. <\/span><\/span><span style=\"font-family: Calibri, serif;\"><span style=\"font-size: small;\">Nella motivazione del conferimento del premio a Pellegrinon, il Comitato del \u201cMeroni\u201d ha posto l\u2019accento \u201csull\u2019impegno nel riannodare, con questo riconoscimento, il filo rosso che unisce le numerose iniziative legate, nei modi pi\u00f9 opportuni, alla montagna\u201d. <\/span><\/span><span style=\"font-family: Calibri, serif;\"><span style=\"font-size: small;\">Promosso dalla Scuola di Alpinismo e SciAlpinismo \u201cSilvio Saglio\u201d della Sezione CAI-SEM di Milano e dalla Scuola regionale lombarda di alpinismo del Cai, con il patrocinio del Club Alpino Italiano, del Comune di Milano, di ARCUS dell\u2019Universit\u00e0 statale di Milano e dell\u2019Universit\u00e0 della Montagna UNIMONT, il premio <\/span><\/span><span style=\"font-family: Calibri, serif;\"><span style=\"font-size: small;\">ha la peculiarit\u00e0 e l&#8217;obiettivo di individuare \u201ctalenti che per conoscenze, capacit\u00e0 e doti umane rappresentano importanti esempi positivi da far conoscere e -si spera- anche imitare\u201d. <\/span><\/span>\u201c<span style=\"font-family: Calibri, serif;\"><span style=\"font-size: small;\">Non supereroi, quindi, &#8211; nelle finalit\u00e0 del premio &#8211; ma persone \u2018<\/span><\/span><span style=\"font-family: Calibri, serif;\"><span style=\"font-size: small;\">eccezionalmente normali\u2019<\/span><\/span><span style=\"font-family: Calibri, serif;\"><span style=\"font-size: small;\"> che si sono contraddistinte per l&#8217;aver portato a termine iniziative legate alla montagna a favore della <\/span><\/span><span style=\"font-family: Calibri, serif;\"><span style=\"font-size: small;\">cultura, ambiente, alpinismo o solidariet\u00e0 <\/span><\/span><span style=\"font-family: Calibri, serif;\"><span style=\"font-size: small;\">e caratterizzate da <\/span><\/span><span style=\"font-family: Calibri, serif;\"><span style=\"font-size: small;\">originalit\u00e0, valenza sociale, solidariet\u00e0, dedizione e meriti etici e culturali\u201d<\/span><\/span><span style=\"font-family: Calibri, serif;\"><span style=\"font-size: small;\">. Caratteristiche che si attagliano perfettamente alla poliedrica e benemerita attivit\u00e0 che Bepi Pellegrinon va svolgendo da oltre sessant\u2019anni e che gli hanno quindi meritato questo importante riconoscimento.<\/span><\/span><\/p>\n<p>&nbsp;<\/p>\n<hr \/>\n<p>&nbsp;<\/p>\n<h2><span style=\"color: #ff9900;\"><a class=\"dt-pswp-item\" href=\"https:\/\/www.radiopiu.net\/wordpress\/wp-content\/uploads\/2022\/11\/0.png\" data-dt-img-description=\"\" data-large_image_width=\"1755\" data-large_image_height=\"1926\"><img loading=\"lazy\" decoding=\"async\" class=\" wp-image-307374 alignleft\" src=\"https:\/\/www.radiopiu.net\/wordpress\/wp-content\/uploads\/2022\/11\/0-273x300.png\" alt=\"\" width=\"103\" height=\"114\" srcset=\"https:\/\/www.radiopiu.net\/wordpress\/wp-content\/uploads\/2022\/11\/0-273x300.png 273w, https:\/\/www.radiopiu.net\/wordpress\/wp-content\/uploads\/2022\/11\/0-933x1024.png 933w, https:\/\/www.radiopiu.net\/wordpress\/wp-content\/uploads\/2022\/11\/0-768x843.png 768w, https:\/\/www.radiopiu.net\/wordpress\/wp-content\/uploads\/2022\/11\/0-1400x1536.png 1400w, https:\/\/www.radiopiu.net\/wordpress\/wp-content\/uploads\/2022\/11\/0.png 1755w\" sizes=\"auto, (max-width: 103px) 100vw, 103px\" \/><\/a>DAL CORRIERE DELLE ALPI&#8230;VIVERE L&#8217;AGORDINO<\/span><\/h2>\n<h3>NICOLA BOTTER: LA SUA PASSIONE PER I VIAGGI MA SOPRATTUTTO PER LA CUCINA<\/h3>\n<p><strong>di Gianni Santomaso<\/strong><\/p>\n<p>&nbsp;<\/p>\n<hr \/>\n<p>&nbsp;<\/p>\n<blockquote>\n<h3>IMPRESE ED AVVENTURE, WILLIAM AD ATENE, I CADORINI ALLA DAKAR<\/h3>\n<\/blockquote>\n<p><strong><img loading=\"lazy\" decoding=\"async\" class=\"alignleft\" src=\"https:\/\/www.radiopiu.net\/wordpress\/wp-content\/uploads\/2018\/06\/WhatsApp-Image-2018-06-19-at-05.42.14.jpeg\" width=\"266\" height=\"200\" \/>LA VALLE AGORDINA<\/strong> RIeccolo, pronto per ripartire per un&#8217;altra avventura da quasi 500 chilometri. In questi mesi ne ha macinati parecchi sulle strade della Conca Agordina per prepararsi all&#8217;evento. William Da Roit ha deciso di ripartire per la settima Run Atene-Sparta-Atene, proprio cos\u00ec, questa volta non solo andata (come nell&#8217;occasione precedente) ma andata e ritorno, dal 24 novembre alle sei del mattino, 104 ore di tempo per chiudere la prova assieme ad altri 44 atleti, solo tre gli italiani ammessi, con William, Leonardo Curatolo e Francesca Ferraro<strong>. <\/strong>La manifestazione greca \u00e8 organizzata dal club dei corridori ateniesi che iscrive atleti di 14 nazioni. In bocca al lupo a William che RADIOPIU non mancher\u00e0 di seguire in questa ennesima impresa.<\/p>\n<p><strong>AUDIO ALLA RADIO<\/strong><\/p>\n<audio class=\"wp-audio-shortcode\" id=\"audio-307261-6\" preload=\"none\" style=\"width: 100%;\" controls=\"controls\"><source type=\"audio\/mpeg\" src=\"https:\/\/www.radiopiu.net\/wordpress\/wp-content\/uploads\/2022\/11\/william.mp3?_=6\" \/><a href=\"https:\/\/www.radiopiu.net\/wordpress\/wp-content\/uploads\/2022\/11\/william.mp3\">https:\/\/www.radiopiu.net\/wordpress\/wp-content\/uploads\/2022\/11\/william.mp3<\/a><\/audio>\n<p>&nbsp;<\/p>\n<p>&nbsp;<\/p>\n<p>&nbsp;<\/p>\n<blockquote>\n<h3><span style=\"color: #0000ff;\"><a class=\"dt-pswp-item\" href=\"https:\/\/www.radiopiu.net\/wordpress\/wp-content\/uploads\/2022\/11\/2e4f1f00-dbd6-4a1b-a757-07e2f86d88b8.jpg\" data-dt-img-description=\"\" data-large_image_width=\"1600\" data-large_image_height=\"1200\"><img loading=\"lazy\" decoding=\"async\" class=\"wp-image-305056 alignleft\" src=\"https:\/\/www.radiopiu.net\/wordpress\/wp-content\/uploads\/2022\/11\/2e4f1f00-dbd6-4a1b-a757-07e2f86d88b8-300x225.jpg\" alt=\"\" width=\"179\" height=\"134\" srcset=\"https:\/\/www.radiopiu.net\/wordpress\/wp-content\/uploads\/2022\/11\/2e4f1f00-dbd6-4a1b-a757-07e2f86d88b8-300x225.jpg 300w, https:\/\/www.radiopiu.net\/wordpress\/wp-content\/uploads\/2022\/11\/2e4f1f00-dbd6-4a1b-a757-07e2f86d88b8-1024x768.jpg 1024w, https:\/\/www.radiopiu.net\/wordpress\/wp-content\/uploads\/2022\/11\/2e4f1f00-dbd6-4a1b-a757-07e2f86d88b8-768x576.jpg 768w, https:\/\/www.radiopiu.net\/wordpress\/wp-content\/uploads\/2022\/11\/2e4f1f00-dbd6-4a1b-a757-07e2f86d88b8-1536x1152.jpg 1536w, https:\/\/www.radiopiu.net\/wordpress\/wp-content\/uploads\/2022\/11\/2e4f1f00-dbd6-4a1b-a757-07e2f86d88b8.jpg 1600w\" sizes=\"auto, (max-width: 179px) 100vw, 179px\" \/><\/a>L&#8217;AVVENTURA\u00a0<\/span><\/h3>\n<p>Equipaggio tutto cadorino per la Dakar<\/p><\/blockquote>\n<p><strong>DI BARBARA PAOLAZZI, RADIOCLUB 103<\/strong><\/p>\n<audio class=\"wp-audio-shortcode\" id=\"audio-307261-7\" preload=\"none\" style=\"width: 100%;\" controls=\"controls\"><source type=\"audio\/mpeg\" src=\"https:\/\/www.radiopiu.net\/wordpress\/wp-content\/uploads\/2022\/11\/barbara.mp3?_=7\" \/><a href=\"https:\/\/www.radiopiu.net\/wordpress\/wp-content\/uploads\/2022\/11\/barbara.mp3\">https:\/\/www.radiopiu.net\/wordpress\/wp-content\/uploads\/2022\/11\/barbara.mp3<\/a><\/audio>\n<p>&nbsp;<\/p>\n<p>&nbsp;<\/p>\n<p>&nbsp;<\/p>\n<hr \/>\n<p>&nbsp;<\/p>\n<h3 class=\"entry-title\">MATERIE PRIME: PREZZI ORA IN CALO, MA RISPETTO AL PRE COVID CI COSTANO 80 MILIARDI IN PIU\u2019<\/h3>\n<p><strong class=\"photoswipe-wrapper\"><a class=\"dt-pswp-item pspw-wrap-ready\" href=\"https:\/\/www.radiopiu.net\/wordpress\/wp-content\/uploads\/2022\/11\/Schermata-2022-11-19-alle-09.24.36.png\" data-dt-img-description=\"\" data-large_image_width=\"1262\" data-large_image_height=\"956\"><img loading=\"lazy\" decoding=\"async\" class=\"alignleft size-medium wp-image-307250\" src=\"https:\/\/www.radiopiu.net\/wordpress\/wp-content\/uploads\/2022\/11\/Schermata-2022-11-19-alle-09.24.36-300x227.png\" sizes=\"auto, (max-width: 300px) 100vw, 300px\" srcset=\"https:\/\/www.radiopiu.net\/wordpress\/wp-content\/uploads\/2022\/11\/Schermata-2022-11-19-alle-09.24.36-300x227.png 300w, https:\/\/www.radiopiu.net\/wordpress\/wp-content\/uploads\/2022\/11\/Schermata-2022-11-19-alle-09.24.36-1024x776.png 1024w, https:\/\/www.radiopiu.net\/wordpress\/wp-content\/uploads\/2022\/11\/Schermata-2022-11-19-alle-09.24.36-768x582.png 768w, https:\/\/www.radiopiu.net\/wordpress\/wp-content\/uploads\/2022\/11\/Schermata-2022-11-19-alle-09.24.36.png 1262w\" alt=\"\" width=\"300\" height=\"227\" \/><\/a>Sebbene negli ultimi mesi i prezzi delle materie prime siano in calo, l\u2019importazione di questi prodotti potrebbe costare quest\u2019anno al sistema Paese almeno 80 miliardi di euro in pi\u00f9 rispetto al periodo pre Covid. A dirlo \u00e8 l\u2019Ufficio studi della CGIA.<\/strong><\/p>\n<p>I prezzi dei metalli e dei minerali, ad esempio, in questi ultimi tre anni sono rincarati mediamente del 25,7 per cento; quelli energetici, invece, sono raddoppiati (+101,3 per cento) (vedi Graf. 1). Va tuttavia segnalato che tra gli energetici l\u2019aumento del prezzo del carbone \u00e8 stato del 463,3 per cento e del gas naturale addirittura del 671,6 per cento. Pi\u00f9 contenuti, invece, i rincari registrati dal ferro (+4,6 per cento), dallo stagno (+16,8 per cento), dallo zinco (+21 per cento), dal nickel (+29,3 per cento), dall\u2019alluminio (+30,7 per cento), dal rame (+32,9 per cento) e dal petrolio (+57,7 per cento). Sempre rispetto al 2019, tra le materie prime prese in esame dalla CGIA su dati della Banca Mondiale, solo il piombo ha subito una diminuzione del prezzo dell\u20198,4 per cento.<\/p>\n<p><strong>La ripresa della domanda mondiale ha spinto all\u2019ins\u00f9 i prezzi<\/strong><br \/>\nPi\u00f9 in generale possiamo affermare che dopo un 2019 segnato da una sostanziale stabilit\u00e0 dell\u2019indice dei prezzi di questi due gruppi di commodity, a partire da febbraio del 2020 (con l\u2019avvento del Covid-19 e la conseguente riduzione della domanda mondiale) si \u00e8 assistito ad una flessione dei prezzi (pi\u00f9 marcata per l\u2019energia) che culmina nell\u2019aprile del 2020. Da maggio 2020, invece, si registra una escalation tendenziale degli indici dei due gruppi che prende sempre pi\u00f9 forma nei mesi successivi a seguito della ripresa economica mondiale. Questo trend, infine, si \u00e8 interrotto, significativamente, solo ad aprile 2022 per i metalli e a settembre 2022 per l\u2019energia.<\/p>\n<p>Si nota, altres\u00ec, che nel 2019, il prezzo dei 2 gruppi di commodity risultava ben al di sotto dei livelli medi del 2010 (anno che rappresenta la base 100 del grafico) in quanto dopo la crisi del 2009 si \u00e8 assistito (come accade solitamente dopo una forte recessione) ad un aumento progressivo dei livelli dei prezzi che ha azzerato del tutto le diminuzioni verificatesi nel periodo della recessione e ha riportato i prezzi su livelli superiori a quelli pre-crisi (2008). Da ultimo si nota anche che, per i metalli, l\u2019indice dei prezzi del mese di ottobre 2022 risulta di poco inferiore rispetto al dato medio del lontano 2010; nonostante il sensibile calo degli ultimi mesi i prezzi dell\u2019energia rimangono invece su livelli molto alti che, come dicevamo pi\u00f9 sopra, in ottobre 2022 erano doppi rispetto allo stesso periodo del 2019.<\/p>\n<p><strong class=\"photoswipe-wrapper\"><a class=\"dt-pswp-item pspw-wrap-ready\" href=\"https:\/\/www.radiopiu.net\/wordpress\/wp-content\/uploads\/2022\/11\/Schermata-2022-11-19-alle-09.24.52.png\" data-dt-img-description=\"\" data-large_image_width=\"1262\" data-large_image_height=\"956\"><img loading=\"lazy\" decoding=\"async\" class=\"alignleft size-medium wp-image-307251\" src=\"https:\/\/www.radiopiu.net\/wordpress\/wp-content\/uploads\/2022\/11\/Schermata-2022-11-19-alle-09.24.52-300x227.png\" sizes=\"auto, (max-width: 300px) 100vw, 300px\" srcset=\"https:\/\/www.radiopiu.net\/wordpress\/wp-content\/uploads\/2022\/11\/Schermata-2022-11-19-alle-09.24.52-300x227.png 300w, https:\/\/www.radiopiu.net\/wordpress\/wp-content\/uploads\/2022\/11\/Schermata-2022-11-19-alle-09.24.52-1024x776.png 1024w, https:\/\/www.radiopiu.net\/wordpress\/wp-content\/uploads\/2022\/11\/Schermata-2022-11-19-alle-09.24.52-768x582.png 768w, https:\/\/www.radiopiu.net\/wordpress\/wp-content\/uploads\/2022\/11\/Schermata-2022-11-19-alle-09.24.52.png 1262w\" alt=\"\" width=\"300\" height=\"227\" \/><\/a>Hanno contribuito anche i noli marittimi<\/strong><br \/>\nAd aver sicuramente spinto all\u2019ins\u00f9 i prezzi delle materie prime ha concorso anche il costo dei noli marittimi dei container che sebbene nell\u2019ultimo anno abbia subito una contrazione media del 68 per cento, rispetto all\u2019avvento della pandemia \u00e8 cresciuto del 170 per cento. Va ricordato che il 90 per cento circa del trasporto internazionale di merci viaggia per mare e un ruolo determinante nel trasporto container \u00e8 tenuto dai paesi dell\u2019estremo oriente. La Cina, ad esempio, con 14 porti nella top 20 generale controlla oltre il 54 per cento della quota di mercato mondiale.<\/p>\n<p><strong>Tagliare il cuneo fiscale per non far pagare il conto ai dipendenti<\/strong><br \/>\nL\u2019incremento dei prezzi delle materie prime ha provocato il conseguente aumento dell\u2019inflazione che nel nostro Paese ormai viaggia su doppia cifra. Questa situazione, ovviamente, colpisce tutti; in particolar modo i contribuenti a reddito fisso che subiscono una forte perdita di potere d\u2019acquisto. Con \u201cmeno\u201d soldi in tasca, evidentemente anche la domanda interna \u00e8 destinata a ridursi. Gli ultimi dati previsionali presentati dalla Commissione europea, ci dicono che nel 2023 i consumi delle famiglie italiane sono destinati ad aumentare di un impercettibile 0,1 per cento che, indirettamente, penalizzer\u00e0 anche le imprese e i lavoratori autonomi. Se buona parte dei consumatori non acquista \u00e8 del tutto superfluo anche produrre. Pertanto, per uscire da questo circolo vizioso non c\u2019\u00e8 che una strada da percorrere: quella della riduzione del cuneo che consenta alle busta paga di diventare pi\u00f9 \u201cpesanti\u201d.<\/p>\n<p>&nbsp;<\/p>\n<p>&nbsp;<\/p>\n<hr \/>\n<p>&nbsp;<\/p>\n<blockquote>\n<h3>RITORNA \u201cFRATELLO ALBERO\u201d, L&#8217;INIZIATIVA DEDICATA AI NUOVI NATI NEL COMUNE DI FELTRE IN OCCASIONE DELLA GIORNATA NAZIONALE DEGLI ALBERI<\/h3>\n<\/blockquote>\n<p><strong><a class=\"dt-pswp-item\" href=\"https:\/\/www.radiopiu.net\/wordpress\/wp-content\/uploads\/2022\/11\/fratello-albero-2022.jpg\" data-dt-img-description=\"\" data-large_image_width=\"1587\" data-large_image_height=\"2245\"><img loading=\"lazy\" decoding=\"async\" class=\" wp-image-307112 alignleft\" src=\"https:\/\/www.radiopiu.net\/wordpress\/wp-content\/uploads\/2022\/11\/fratello-albero-2022-212x300.jpg\" alt=\"\" width=\"123\" height=\"174\" srcset=\"https:\/\/www.radiopiu.net\/wordpress\/wp-content\/uploads\/2022\/11\/fratello-albero-2022-212x300.jpg 212w, https:\/\/www.radiopiu.net\/wordpress\/wp-content\/uploads\/2022\/11\/fratello-albero-2022-724x1024.jpg 724w, https:\/\/www.radiopiu.net\/wordpress\/wp-content\/uploads\/2022\/11\/fratello-albero-2022-768x1086.jpg 768w, https:\/\/www.radiopiu.net\/wordpress\/wp-content\/uploads\/2022\/11\/fratello-albero-2022-1086x1536.jpg 1086w, https:\/\/www.radiopiu.net\/wordpress\/wp-content\/uploads\/2022\/11\/fratello-albero-2022-1448x2048.jpg 1448w, https:\/\/www.radiopiu.net\/wordpress\/wp-content\/uploads\/2022\/11\/fratello-albero-2022.jpg 1587w\" sizes=\"auto, (max-width: 123px) 100vw, 123px\" \/><\/a>FELTRE <\/strong>Ricorre la Giornata Nazionale degli Alberi, che ha lo scopo di promuovere la cultura della consapevolezza ambientale e favorire scelte ed azioni di valorizzazione e qualificazione del patrimonio arboreo e dei boschi. L&#8217;obiettivo ultimo \u00e8 quello di favorire la riduzione delle emissioni in atmosfera, la prevenzione del dissesto idrogeologico, la protezione del suolo e delle biodiversit\u00e0, assieme al miglioramento della qualit\u00e0 dell\u2019aria e alla trasmissione intergenerazionale delle tradizioni legate all&#8217;albero nella cultura italiana. Tutto questo a partire dalle giovani generazioni. E cos\u00ec, in occasione della \u201cGiornata Nazionale degli Alberi\u201d, proprio luned\u00ec 21 novembre alle 10 ritorna l&#8217;appuntamento con \u201cFratello Albero\u201d, l&#8217;iniziativa di sensibilizzazione del Comune di Feltre che consiste nella messa a dimora di una nuova pianta per ogni nuovo bambino nato o adottato nel corso dell&#8217;anno (circa 130). L\u2019appuntamento, a cui sono stati invitati i genitori dei piccoli nuovi cittadini feltrini ed una delegazione delle scuole elementari e medie del Comune, \u00e8 fissato quest\u2019anno presso l&#8217;area verde pubblica denominata \u201cEx Casa Rossa\u201d, in via Peschiera.<\/p>\n<p>&nbsp;<\/p>\n<p>&nbsp;<\/p>\n<hr \/>\n<p>&nbsp;<\/p>\n<blockquote>\n<h3>I CONSIGLI COMUNALI NELL&#8217;AGORDINO<\/h3>\n<\/blockquote>\n<p><strong>SELVA DI CADORE<\/strong> Il sindaco di Selva Di Cadore Luca Lorenzini ha convocato il consiglio comunale per venerd\u00ec alle 18. Saranno 6 i punti da discutere nella sala consigliare. Tra questi due variazioni al bilancio, la modifica del regolamento sull&#8217;imposta di soggiorno, l&#8217;assemblea ordinaria della societ\u00e0 Val Fiorentina SPA e l&#8217;approvazione della convenzione per l&#8217;istituzione e gestione della centrale unica di committenza con l&#8217;Unione Montana Agordina.<\/p>\n<p>&nbsp;<\/p>\n<p><strong>RIVAMONTE<\/strong> Saranno 4 i punti trattati nel consiglio comunale di Rivamonte convocato dal sindaco Giovanni Deon per mercoled\u00ec alle 18. Dopo la lettura e approvazione della seduta precedente, si approver\u00e0 il Documento unico di programmazione. In discussione anche la settima variazione a bilancio e l&#8217;affidamento in house providing della gestione del ciclo integrato dei rifiuti da parte del consiglio di bacino con l&#8217;atto d&#8217;indirizzo<\/p>\n<p>&nbsp;<\/p>\n<p>&nbsp;<\/p>\n<hr \/>\n<p>&nbsp;<\/p>\n<blockquote>\n<h3><span dir=\"ltr\" role=\"presentation\">AIUTI FINALIZZATI<\/span> <span dir=\"ltr\" role=\"presentation\">ALL&#8217;ACQUISTO<\/span> <span dir=\"ltr\" role=\"presentation\">DI <\/span><span dir=\"ltr\" role=\"presentation\">GENERI ALIMENTARI O PRODOTTI DI PRIMA<\/span> <span dir=\"ltr\" role=\"presentation\">NECESSIT\u00c0<\/span><\/h3>\n<\/blockquote>\n<p><strong>ALLEGHE<\/strong> Le<span dir=\"ltr\" role=\"presentation\"> persone e le famiglie residenti nel Comune che<\/span><span dir=\"ltr\" role=\"presentation\">, a causa degli effetti economici <\/span><span dir=\"ltr\" role=\"presentation\">derivanti dall\u2019emergenza epidemiologica<\/span> <span dir=\"ltr\" role=\"presentation\">dovuta alla diffusione del virus Covid<\/span><span dir=\"ltr\" role=\"presentation\">&#8211;<\/span><span dir=\"ltr\" role=\"presentation\">19,<\/span> <span dir=\"ltr\" role=\"presentation\">si trovino in uno <\/span><span dir=\"ltr\" role=\"presentation\">stato di bisogno per soddisfare le necessit\u00e0 pi\u00f9 urgenti ed essenziali<\/span><span dir=\"ltr\" role=\"presentation\">, <\/span><span dir=\"ltr\" role=\"presentation\">possono<\/span> <span dir=\"ltr\" role=\"presentation\">chiedere che vengano loro riconosciuti i buoni spesa per l&#8217;acquisto di generi alimentari o prodotti di prima necessit\u00e0. L<\/span><span dir=\"ltr\" role=\"presentation\">\u2019entit\u00e0 dell\u2019importo verr\u00e0 definito con successivo <\/span><span dir=\"ltr\" role=\"presentation\">provvedimento, partendo da un<\/span> <span dir=\"ltr\" role=\"presentation\">importo minimo di 50euro<\/span><span dir=\"ltr\" role=\"presentation\">, sulla base del numero dei <\/span><span dir=\"ltr\" role=\"presentation\">componenti il nucleo familiare e in consi<\/span><span dir=\"ltr\" role=\"presentation\">derazione delle necessit\u00e0 dichiarate dal richiedente. <\/span><span dir=\"ltr\" role=\"presentation\">Le richieste, <\/span><span dir=\"ltr\" role=\"presentation\">redatte sull\u2019apposito modulo dovranno <\/span><span dir=\"ltr\" role=\"presentation\">p<\/span><span dir=\"ltr\" role=\"presentation\">ervenire<\/span> <span dir=\"ltr\" role=\"presentation\">al<\/span> <span dir=\"ltr\" role=\"presentation\">Comune<\/span> <span dir=\"ltr\" role=\"presentation\">di<\/span> <span dir=\"ltr\" role=\"presentation\">Alleghe<\/span> <span dir=\"ltr\" role=\"presentation\">mediante<\/span> <span dir=\"ltr\" role=\"presentation\">invio<\/span> <span dir=\"ltr\" role=\"presentation\">di<\/span> <span dir=\"ltr\" role=\"presentation\">posta<\/span> <span dir=\"ltr\" role=\"presentation\">elettronica, s<\/span><span dir=\"ltr\" role=\"presentation\">olo via residuale<\/span> <span dir=\"ltr\" role=\"presentation\">la domanda potr\u00e0 essere presentata telefonicamente allo<\/span>\u00a0<span dir=\"ltr\" role=\"presentation\">0437 <\/span><span dir=\"ltr\" role=\"presentation\">523300<\/span> <span dir=\"ltr\" role=\"presentation\">dal luned\u00ec al venerd\u00ec<\/span> <span dir=\"ltr\" role=\"presentation\">dalle 8 alle 10<\/span><span dir=\"ltr\" role=\"presentation\">. <\/span><span dir=\"ltr\" role=\"presentation\">Il modulo \u00e8 scaricabile dal sito internet<\/span> <span dir=\"ltr\" role=\"presentation\">www.comune.alleghe.bl.it<\/span><span dir=\"ltr\" role=\"presentation\">, oppure ritirabile presso gli esercizi <\/span><span dir=\"ltr\" role=\"presentation\">comunali dei generi alimentari del territorio.<\/span><\/p>\n<p>&nbsp;<\/p>\n<p>&nbsp;<\/p>\n<hr \/>\n<p>&nbsp;<\/p>\n<blockquote>\n<blockquote>\n<h3>I 200 ANNI DELL&#8217;ISTITUTO CATULLO DI BELLUNO<\/h3>\n<\/blockquote>\n<\/blockquote>\n<p><strong><a class=\"dt-pswp-item\" href=\"https:\/\/www.radiopiu.net\/wordpress\/wp-content\/uploads\/2022\/11\/Senza-nome-66.jpg\" data-dt-img-description=\"\" data-large_image_width=\"431\" data-large_image_height=\"271\"><img loading=\"lazy\" decoding=\"async\" class=\" wp-image-306944 alignleft\" src=\"https:\/\/www.radiopiu.net\/wordpress\/wp-content\/uploads\/2022\/11\/Senza-nome-66-300x189.jpg\" alt=\"\" width=\"181\" height=\"114\" srcset=\"https:\/\/www.radiopiu.net\/wordpress\/wp-content\/uploads\/2022\/11\/Senza-nome-66-300x189.jpg 300w, https:\/\/www.radiopiu.net\/wordpress\/wp-content\/uploads\/2022\/11\/Senza-nome-66.jpg 431w\" sizes=\"auto, (max-width: 181px) 100vw, 181px\" \/><\/a>BELLUNO<\/strong> A<span dir=\"ltr\" role=\"presentation\">l<\/span> <span dir=\"ltr\" role=\"presentation\">Teatro<\/span> <span dir=\"ltr\" role=\"presentation\">Comunale<\/span> <span dir=\"ltr\" role=\"presentation\">di<\/span> <span dir=\"ltr\" role=\"presentation\">Belluno,<\/span> <span dir=\"ltr\" role=\"presentation\">avr\u00e0<\/span> <span dir=\"ltr\" role=\"presentation\">luogo <\/span><span dir=\"ltr\" role=\"presentation\">alle <\/span><span dir=\"ltr\" role=\"presentation\">10,<\/span> <span dir=\"ltr\" role=\"presentation\">la<\/span> <span dir=\"ltr\" role=\"presentation\">cerimonia<\/span> <span dir=\"ltr\" role=\"presentation\">di <\/span><span dir=\"ltr\" role=\"presentation\">apertura<\/span> <span dir=\"ltr\" role=\"presentation\">delle<\/span> <span dir=\"ltr\" role=\"presentation\">celebrazioni<\/span> <span dir=\"ltr\" role=\"presentation\">per<\/span> <span dir=\"ltr\" role=\"presentation\">i<\/span> <span dir=\"ltr\" role=\"presentation\">200<\/span> <span dir=\"ltr\" role=\"presentation\">anni<\/span> <span dir=\"ltr\" role=\"presentation\">della<\/span> <span dir=\"ltr\" role=\"presentation\">scuola<\/span> <span dir=\"ltr\" role=\"presentation\">pi\u00f9<\/span> <span dir=\"ltr\" role=\"presentation\">antica<\/span> <span dir=\"ltr\" role=\"presentation\">di<\/span> <span dir=\"ltr\" role=\"presentation\">Belluno,<\/span> <span dir=\"ltr\" role=\"presentation\">primo<\/span> <span dir=\"ltr\" role=\"presentation\">di<\/span> <span dir=\"ltr\" role=\"presentation\">una<\/span> <span dir=\"ltr\" role=\"presentation\">serie<\/span> <span dir=\"ltr\" role=\"presentation\">di<\/span><span dir=\"ltr\" role=\"presentation\">appuntamenti<\/span> <span dir=\"ltr\" role=\"presentation\">culturali<\/span> <span dir=\"ltr\" role=\"presentation\">che<\/span> <span dir=\"ltr\" role=\"presentation\">scandiranno<\/span> <span dir=\"ltr\" role=\"presentation\">l\u2019intero<\/span> <span dir=\"ltr\" role=\"presentation\">anno<\/span> <span dir=\"ltr\" role=\"presentation\">scolastico.<\/span> <span dir=\"ltr\" role=\"presentation\">In<\/span> <span dir=\"ltr\" role=\"presentation\">questa<\/span> <span dir=\"ltr\" role=\"presentation\">occasione,<\/span> <span dir=\"ltr\" role=\"presentation\">alla<\/span> <span dir=\"ltr\" role=\"presentation\">presenza<\/span> <span dir=\"ltr\" role=\"presentation\">di<\/span> <span dir=\"ltr\" role=\"presentation\">tutte<\/span> <span dir=\"ltr\" role=\"presentation\">le <\/span><span dir=\"ltr\" role=\"presentation\">autorit\u00e0<\/span> <span dir=\"ltr\" role=\"presentation\">cittadine<\/span> <span dir=\"ltr\" role=\"presentation\">e<\/span> <span dir=\"ltr\" role=\"presentation\">provinciali,<\/span> <span dir=\"ltr\" role=\"presentation\">di<\/span> <span dir=\"ltr\" role=\"presentation\">docenti,<\/span> <span dir=\"ltr\" role=\"presentation\">allievi<\/span> <span dir=\"ltr\" role=\"presentation\">ed<\/span> <span dir=\"ltr\" role=\"presentation\">ex<\/span> <span dir=\"ltr\" role=\"presentation\">allievi,<\/span> <span dir=\"ltr\" role=\"presentation\">il<\/span> <span dir=\"ltr\" role=\"presentation\">Dirigente<\/span> <span dir=\"ltr\" role=\"presentation\">Scolastico<\/span> <span dir=\"ltr\" role=\"presentation\">Michele<\/span> <span dir=\"ltr\" role=\"presentation\">Sardo<\/span> <span dir=\"ltr\" role=\"presentation\">ripercorrer\u00e0 <\/span><span dir=\"ltr\" role=\"presentation\">la<\/span> <span dir=\"ltr\" role=\"presentation\">storia<\/span> <span dir=\"ltr\" role=\"presentation\">dell&#8217;<\/span><span dir=\"ltr\" role=\"presentation\">istituto,<\/span> <span dir=\"ltr\" role=\"presentation\">che<\/span> <span dir=\"ltr\" role=\"presentation\">da<\/span> <span dir=\"ltr\" role=\"presentation\">200<\/span> <span dir=\"ltr\" role=\"presentation\">anni<\/span> <span dir=\"ltr\" role=\"presentation\">ormai<\/span> <span dir=\"ltr\" role=\"presentation\">si<\/span> <span dir=\"ltr\" role=\"presentation\">intreccia<\/span> <span dir=\"ltr\" role=\"presentation\">con<\/span> <span dir=\"ltr\" role=\"presentation\">quella<\/span> <span dir=\"ltr\" role=\"presentation\">della<\/span> <span dir=\"ltr\" role=\"presentation\">citt\u00e0<\/span> <span dir=\"ltr\" role=\"presentation\">di<\/span> <span dir=\"ltr\" role=\"presentation\">Belluno:<\/span> <span dir=\"ltr\" role=\"presentation\">dai<\/span> <span dir=\"ltr\" role=\"presentation\">primi<\/span> <span dir=\"ltr\" role=\"presentation\">11 <\/span><span dir=\"ltr\" role=\"presentation\">allievi<\/span> <span dir=\"ltr\" role=\"presentation\">della<\/span> <span dir=\"ltr\" role=\"presentation\">Scuola<\/span> <span dir=\"ltr\" role=\"presentation\">Comunale<\/span> <span dir=\"ltr\" role=\"presentation\">ai<\/span> <span dir=\"ltr\" role=\"presentation\">quasi<\/span> <span dir=\"ltr\" role=\"presentation\">800<\/span> <span dir=\"ltr\" role=\"presentation\">studenti<\/span> <span dir=\"ltr\" role=\"presentation\">di<\/span> <span dir=\"ltr\" role=\"presentation\">oggi. <\/span><span dir=\"ltr\" role=\"presentation\">Al<\/span> <span dir=\"ltr\" role=\"presentation\">termine<\/span> <span dir=\"ltr\" role=\"presentation\">della<\/span> <span dir=\"ltr\" role=\"presentation\">cerimonia,<\/span> <span dir=\"ltr\" role=\"presentation\">alle<\/span> \u00a0<span dir=\"ltr\" role=\"presentation\">12,<\/span> <span dir=\"ltr\" role=\"presentation\">sar\u00e0<\/span> <span dir=\"ltr\" role=\"presentation\">possibile<\/span> <span dir=\"ltr\" role=\"presentation\">partecipare<\/span> <span dir=\"ltr\" role=\"presentation\">all\u2019inaugurazione<\/span> <span dir=\"ltr\" role=\"presentation\">della<\/span> <span dir=\"ltr\" role=\"presentation\">mostra <\/span><span dir=\"ltr\" role=\"presentation\">organizzata<\/span> <span dir=\"ltr\" role=\"presentation\">nei<\/span> <span dir=\"ltr\" role=\"presentation\">locali<\/span> <span dir=\"ltr\" role=\"presentation\">di<\/span> <span dir=\"ltr\" role=\"presentation\">Palazzo<\/span> <span dir=\"ltr\" role=\"presentation\">Bembo.\u00a0<\/span><\/p>\n<h3><\/h3>\n<p>&nbsp;<\/p>\n<hr \/>\n<p>&nbsp;<\/p>\n<blockquote>\n<h3><a class=\"dt-pswp-item\" href=\"https:\/\/www.radiopiu.net\/wordpress\/wp-content\/uploads\/2022\/11\/Cedro-dellHimalaya-Col-Cavalier.jpg\" data-dt-img-description=\"\" data-large_image_width=\"2048\" data-large_image_height=\"1536\"><img loading=\"lazy\" decoding=\"async\" class=\" wp-image-306550 alignleft\" src=\"https:\/\/www.radiopiu.net\/wordpress\/wp-content\/uploads\/2022\/11\/Cedro-dellHimalaya-Col-Cavalier-300x225.jpg\" alt=\"\" width=\"140\" height=\"105\" srcset=\"https:\/\/www.radiopiu.net\/wordpress\/wp-content\/uploads\/2022\/11\/Cedro-dellHimalaya-Col-Cavalier-300x225.jpg 300w, https:\/\/www.radiopiu.net\/wordpress\/wp-content\/uploads\/2022\/11\/Cedro-dellHimalaya-Col-Cavalier-1024x768.jpg 1024w, https:\/\/www.radiopiu.net\/wordpress\/wp-content\/uploads\/2022\/11\/Cedro-dellHimalaya-Col-Cavalier-768x576.jpg 768w, https:\/\/www.radiopiu.net\/wordpress\/wp-content\/uploads\/2022\/11\/Cedro-dellHimalaya-Col-Cavalier-1536x1152.jpg 1536w, https:\/\/www.radiopiu.net\/wordpress\/wp-content\/uploads\/2022\/11\/Cedro-dellHimalaya-Col-Cavalier.jpg 2048w\" sizes=\"auto, (max-width: 140px) 100vw, 140px\" \/><\/a>GIORNATA NAZIONALE DEGLI ALBERI<\/h3>\n<\/blockquote>\n<p><strong>BELLUNO <\/strong>Oggi Giornata nazionale degli alberi, occasione per proporre\u00a0 eventi informativi ed educativi attorno al tema degli alberi e dell\u2019ambiente. Coinvolti nell\u2019organizzazione un distretto scolastico, l\u2019associazione Italia Nostra e il comando provinciale dei Carabinieri Forestali. \u00a0Per i pi\u00f9 piccoli sar\u00e0 riproposta la tradizionale \u201cFesta degli alberi\u201d al parco urbano di Villa Clizia.\u00a0 E poi il convegno, dal titolo \u201cAlberi monumentali del Comune di Belluno, alle 17.30 nella Sala Eliseo Dal Pont \u201cBianchi\u201d<\/p>\n<p>&nbsp;<\/p>\n<p>&nbsp;<\/p>\n<hr \/>\n<p>&nbsp;<\/p>\n<blockquote>\n<h3>LA FIERA DI SANT&#8217;ANDREA A CENCENIGHE<\/h3>\n<\/blockquote>\n<p><strong>CENCENIGHE <\/strong>Sabato 26 e domenica 27 novembre a Cencenighe torna la Fiera di Sant&#8217;Andrea. Dalle 9 alle 19 all&#8217;interno della sala del Nof Fil\u00f2 il mercatino dell&#8217;artigianato e servizio bar con possibilit\u00e0 di pranzo con prodotti tipici. Dalle 10 alle 16 sul piazzale del municipio giri in pony e cavallo per bambini e ragazzi, esposizione degli animali sul piazzale, dimostrazione di ferratura di cavallo ed esibizione di scultura su legno. Novit\u00e0 dell&#8217;edizione 2022 nella sola giornata di sabato, in sala consigliare del comune, la proiezione della commedia dialettale \u201cTrafeg\u00e0 Bestiam\u201d che racconta la storia dell&#8217;antica fiera di Sant&#8217;Andrea. Nel pomeriggio di sabato alle 14:30 breve convegno con la presidente dell&#8217;associazione ACTO Triveneto Petra De Zanet sull&#8217;alleanza contro i tumori ginecologici.<\/p>\n<p>&nbsp;<\/p>\n<p>&nbsp;<\/p>\n<hr \/>\n<p>&nbsp;<\/p>\n<blockquote>\n<h3>RACCONTI FRA PENSIERI E RICORDI<\/h3>\n<\/blockquote>\n<p><strong>BELLUNO<\/strong> \u201cRacconti fra pensieri e ricordi\u201d. \u00c8 il titolo dell\u2019evento culturale che l\u2019Associazione Bellunesi nel Mondo organizza per venerd\u00ec 25 novembre a Belluno, presso la propria sede in via Cavour 3. Appuntamento alle 16.30. Ingresso libero. L\u2019evento, moderato da Patrizia Burigo, vicepresidente Abm e presidente del comitato di gestione della Biblioteca delle migrazioni \u201cDino Buzzati\u201d, vedr\u00e0 gli autori presentare e approfondire le loro opere, il loro percorso di vita e il loro legame con l\u2019emigrazione e con la terra di origine. Per maggiori informazioni \u00e8 possibile contattare l\u2019Associazione Bellunesi nel Mondo al numero 0437 941160 o all\u2019email <a class=\"moz-txt-link-abbreviated\" href=\"mailto:biblioteca.migrazioni@bellunesinelmondo.it\">biblioteca.migrazioni@bellunesinelmondo.it<\/a>.<\/p>\n<p>&nbsp;<\/p>\n<p>&nbsp;<\/p>\n<hr \/>\n<p>&nbsp;<\/p>\n<blockquote>\n<h3>UN INCONTRO SUL FUTURO DELL&#8217;AGRICOLTURA BELLUNESE<\/h3>\n<\/blockquote>\n<p><strong>BORGO VALBELLUNA<\/strong> Si terr\u00e0 venerd\u00ec nella sala San Felice di Trichiana un incontro sul futuro dell&#8217;agricoltura bellunese dal titolo &#8220;Difendi la tua salute e la tua terra&#8221;. Inizio alle 20:15. Interverranno l&#8217;agronomo Carlo Murer, Ernesto Roani medico endocrinologo, Danilo Gusatto ed Emanuele Prest. Coordiner\u00e0 l&#8217;incontro Ilario Tancon.<\/p>\n<p>&nbsp;<\/p>\n<p>&nbsp;<\/p>\n<hr \/>\n<p>&nbsp;<\/p>\n<blockquote>\n<h3>CROZZA &#8211; ZAIA E IL NUMERO DI TELEFONO DI MIRKO DI RADIO PIU&#8217;<\/h3>\n<\/blockquote>\n<p><strong>REDAZIONE<\/strong> Come ogni venerd\u00ec sera l&#8217;appuntamento con Fratelli Di Crozza, il programma in onda sul NOVE del gruppo Warner-Discovery, non si smentisce. Anche questa settimana il comico genovese Maurizio Crozza ha imitato il governatore del Veneto Luca Zaia e, come succede quasi sempre, \u00e8 stato tirato in ballo anche Mirko di Radio Pi\u00f9. Questa settimana Crozza-Zaia doveva elencare dei dati e per non dimenticarli se li \u00e8 scritti su una mano&#8230;ma nell&#8217;altra mano aveva annotato il numero di casa di Mirko di Radio Pi\u00f9.<\/p>\n<div style=\"width: 1200px;\" class=\"wp-video\"><video class=\"wp-video-shortcode\" id=\"video-307261-1\" width=\"1200\" height=\"675\" preload=\"metadata\" controls=\"controls\"><source type=\"video\/mp4\" src=\"https:\/\/www.radiopiu.net\/wordpress\/wp-content\/uploads\/2022\/11\/CROZZA-ZAIA-NUMERO-MIRKO.mp4?_=1\" \/><a href=\"https:\/\/www.radiopiu.net\/wordpress\/wp-content\/uploads\/2022\/11\/CROZZA-ZAIA-NUMERO-MIRKO.mp4\">https:\/\/www.radiopiu.net\/wordpress\/wp-content\/uploads\/2022\/11\/CROZZA-ZAIA-NUMERO-MIRKO.mp4<\/a><\/video><\/div>\n<p>&nbsp;<\/p>\n<p>&nbsp;<\/p>\n<p>&nbsp;<\/p>\n<hr \/>\n<p>&nbsp;<\/p>\n<h2><span style=\"color: #ff9900;\">IERI ALLA RADIO<\/span><\/h2>\n<h2><strong><a class=\"dt-pswp-item\" href=\"https:\/\/www.radiopiu.net\/wordpress\/wp-content\/uploads\/2020\/12\/DON-GIORGIO-LISE.jpg\" data-dt-img-description=\"\" data-large_image_width=\"1600\" data-large_image_height=\"901\"><img loading=\"lazy\" decoding=\"async\" class=\" wp-image-177420 alignleft\" src=\"https:\/\/www.radiopiu.net\/wordpress\/wp-content\/uploads\/2020\/12\/DON-GIORGIO-LISE-300x169.jpg\" alt=\"\" width=\"208\" height=\"117\" srcset=\"https:\/\/www.radiopiu.net\/wordpress\/wp-content\/uploads\/2020\/12\/DON-GIORGIO-LISE-300x169.jpg 300w, https:\/\/www.radiopiu.net\/wordpress\/wp-content\/uploads\/2020\/12\/DON-GIORGIO-LISE-1024x577.jpg 1024w, https:\/\/www.radiopiu.net\/wordpress\/wp-content\/uploads\/2020\/12\/DON-GIORGIO-LISE-768x432.jpg 768w, https:\/\/www.radiopiu.net\/wordpress\/wp-content\/uploads\/2020\/12\/DON-GIORGIO-LISE-1536x865.jpg 1536w, https:\/\/www.radiopiu.net\/wordpress\/wp-content\/uploads\/2020\/12\/DON-GIORGIO-LISE.jpg 1600w\" sizes=\"auto, (max-width: 208px) 100vw, 208px\" \/><\/a><span style=\"color: #0000ff;\">DUE MINUTI PER TE<\/span><\/strong><\/h2>\n<p><strong>APPUNTAMENTO DELLA DOMENICA CON MONSIGNOR GIORGIO LISE<\/strong><\/p>\n<audio class=\"wp-audio-shortcode\" id=\"audio-307261-8\" preload=\"none\" style=\"width: 100%;\" controls=\"controls\"><source type=\"audio\/mpeg\" src=\"https:\/\/www.radiopiu.net\/wordpress\/wp-content\/uploads\/2022\/11\/DON-GIORGIO-2.mp3?_=8\" \/><a href=\"https:\/\/www.radiopiu.net\/wordpress\/wp-content\/uploads\/2022\/11\/DON-GIORGIO-2.mp3\">https:\/\/www.radiopiu.net\/wordpress\/wp-content\/uploads\/2022\/11\/DON-GIORGIO-2.mp3<\/a><\/audio>\n<p>&nbsp;<\/p>\n<p>&nbsp;<\/p>\n<hr \/>\n<p>&nbsp;<\/p>\n<div>\n<div class=\"b654a4as d2edcug0\">\n<div class=\"rq0escxv hkbzh7o3 jwdofwj8 n8tt0mok r8blr3vg hyh9befq\">\n<p><a class=\"dt-pswp-item\" href=\"https:\/\/www.radiopiu.net\/wordpress\/wp-content\/uploads\/2020\/10\/pp.jpg\" data-dt-img-description=\"\" data-large_image_width=\"640\" data-large_image_height=\"640\"><img loading=\"lazy\" decoding=\"async\" class=\"wp-image-163678 alignleft\" src=\"https:\/\/www.radiopiu.net\/wordpress\/wp-content\/uploads\/2020\/10\/pp-300x300.jpg\" alt=\"\" width=\"106\" height=\"106\" srcset=\"https:\/\/www.radiopiu.net\/wordpress\/wp-content\/uploads\/2020\/10\/pp-300x300.jpg 300w, https:\/\/www.radiopiu.net\/wordpress\/wp-content\/uploads\/2020\/10\/pp-150x150.jpg 150w, https:\/\/www.radiopiu.net\/wordpress\/wp-content\/uploads\/2020\/10\/pp-125x125.jpg 125w, https:\/\/www.radiopiu.net\/wordpress\/wp-content\/uploads\/2020\/10\/pp-200x200.jpg 200w, https:\/\/www.radiopiu.net\/wordpress\/wp-content\/uploads\/2020\/10\/pp-80x80.jpg 80w, https:\/\/www.radiopiu.net\/wordpress\/wp-content\/uploads\/2020\/10\/pp-480x480.jpg 480w, https:\/\/www.radiopiu.net\/wordpress\/wp-content\/uploads\/2020\/10\/pp.jpg 640w\" sizes=\"auto, (max-width: 106px) 100vw, 106px\" \/><\/a><\/p>\n<\/div>\n<\/div>\n<\/div>\n<div>\n<div class=\"page-title-head hgroup\">\n<div class=\"page-title-head hgroup\">\n<div class=\"b654a4as d2edcug0\">\n<div class=\"j83agx80 btwxx1t3 lhclo0ds hop8lmos nkwizq5d scwd0bx6 roh60bw9\">\n<div class=\"rq0escxv hkbzh7o3 jwdofwj8 n8tt0mok r8blr3vg hyh9befq\">\n<div class=\"do00u71z l9j0dhe7 k4urcfbm\">\n<h2><span style=\"color: #000080;\">DON CESARE, IL PENSIERO DEL GIORNO. ALLA RADIO ALLE 7 DEL MATTINO E ALLE 19.30 DELLA SERA<\/span><\/h2>\n<audio class=\"wp-audio-shortcode\" id=\"audio-307261-9\" preload=\"none\" style=\"width: 100%;\" controls=\"controls\"><source type=\"audio\/mpeg\" src=\"https:\/\/www.radiopiu.net\/wordpress\/wp-content\/uploads\/2022\/11\/CESARE-12.mp3?_=9\" \/><a href=\"https:\/\/www.radiopiu.net\/wordpress\/wp-content\/uploads\/2022\/11\/CESARE-12.mp3\">https:\/\/www.radiopiu.net\/wordpress\/wp-content\/uploads\/2022\/11\/CESARE-12.mp3<\/a><\/audio>\n<\/div>\n<\/div>\n<\/div>\n<\/div>\n<\/div>\n<\/div>\n<\/div>\n<p>&nbsp;<\/p>\n<hr \/>\n<p>&nbsp;<\/p>\n<h2><span style=\"color: #339966;\">COLLAGE OPERAZIONE NOSTALGIA<\/span><\/h2>\n<p><strong><a class=\"dt-pswp-item\" href=\"https:\/\/www.radiopiu.net\/wordpress\/wp-content\/uploads\/2022\/11\/I-Delfini.jpg\" data-dt-img-description=\"\" data-large_image_width=\"1083\" data-large_image_height=\"712\"><img loading=\"lazy\" decoding=\"async\" class=\" wp-image-307304 alignleft\" src=\"https:\/\/www.radiopiu.net\/wordpress\/wp-content\/uploads\/2022\/11\/I-Delfini-300x197.jpg\" alt=\"\" width=\"207\" height=\"136\" srcset=\"https:\/\/www.radiopiu.net\/wordpress\/wp-content\/uploads\/2022\/11\/I-Delfini-300x197.jpg 300w, https:\/\/www.radiopiu.net\/wordpress\/wp-content\/uploads\/2022\/11\/I-Delfini-1024x673.jpg 1024w, https:\/\/www.radiopiu.net\/wordpress\/wp-content\/uploads\/2022\/11\/I-Delfini-768x505.jpg 768w, https:\/\/www.radiopiu.net\/wordpress\/wp-content\/uploads\/2022\/11\/I-Delfini.jpg 1083w\" sizes=\"auto, (max-width: 207px) 100vw, 207px\" \/><\/a>di Loris Scussel<\/strong><\/p>\n<p>Lou Reed con la sua \u201cVicious\u201d inaugurer\u00e0 la nuova settimana di Collage operazione nostalgia in una puntata dedicata ai cantautori stranieri, marted\u00ec sar\u00e0 la volta dei Delfini di \u201cTu te ne vai\u201d e dei complessi italiani, mercoled\u00ec i Tokens di \u201cThe lion sleeps tonight\u201d apriranno lo spazio riservato ai successi internazionali, gioved\u00ec sar\u00e0 la volta delle voci femminili italiane iniziando da\u00a0 Dalida con \u201cL\u2019ultimo valzer\u201d, venerd\u00ec infine ritroveremo i cantautori di casa nostra Luigi Tenco, Roberto Vecchioni, Pierangelo Bertoli e cos\u00ec via. Collage va in onda dal luned\u00ec al venerd\u00ec alle 16,00 e alle 23,00 naturalmente su Radio Pi\u00f9.<\/p>\n<p>&nbsp;<\/p>\n<hr \/>\n<p>&nbsp;<\/p>\n<p><img loading=\"lazy\" decoding=\"async\" class=\"aligncenter wp-image-61954 size-full\" src=\"https:\/\/www.radiopiu.net\/wordpress\/wp-content\/uploads\/2018\/09\/viabilita.jpeg\" sizes=\"auto, (max-width: 800px) 100vw, 800px\" srcset=\"https:\/\/www.radiopiu.net\/wordpress\/wp-content\/uploads\/2018\/09\/viabilita.jpeg 800w, https:\/\/www.radiopiu.net\/wordpress\/wp-content\/uploads\/2018\/09\/viabilita-300x38.jpeg 300w, https:\/\/www.radiopiu.net\/wordpress\/wp-content\/uploads\/2018\/09\/viabilita-768x96.jpeg 768w\" alt=\"\" width=\"800\" height=\"100\" \/><\/p>\n<p>&nbsp;<\/p>\n<p>&nbsp;<\/p>\n<p><strong>AGGIORNAMENTO VENETO STRADE, AGGIORNAMENTO CONTINUO H 24<\/strong><\/p>\n<blockquote class=\"wp-embedded-content\" data-secret=\"L8ahywiWoI\"><p><a href=\"https:\/\/www.radiopiu.net\/wordpress\/viabilita\/\">viabilita<\/a><\/p><\/blockquote>\n<p><iframe loading=\"lazy\" class=\"wp-embedded-content\" sandbox=\"allow-scripts\" security=\"restricted\" style=\"position: absolute; clip: rect(1px, 1px, 1px, 1px);\" title=\"&#8220;viabilita&#8221; &#8212; Radio Pi\u00f9\" src=\"https:\/\/www.radiopiu.net\/wordpress\/viabilita\/embed\/#?secret=Vd6Cg6qdYo#?secret=L8ahywiWoI\" data-secret=\"L8ahywiWoI\" width=\"600\" height=\"338\" frameborder=\"0\" marginwidth=\"0\" marginheight=\"0\" scrolling=\"no\"><\/iframe><\/p>\n<p>&nbsp;<\/p>\n<p>&nbsp;<\/p>\n<p>&nbsp;<\/p>\n<hr \/>\n<p>&nbsp;<\/p>\n<p><a class=\"dt-pswp-item\" href=\"https:\/\/www.radiopiu.net\/wordpress\/wp-content\/uploads\/2018\/09\/WhatsApp-Image-2018-09-20-at-16.04.06.jpeg\" data-dt-img-description=\"\" data-large_image_width=\"800\" data-large_image_height=\"100\"><img loading=\"lazy\" decoding=\"async\" class=\"wp-image-61378 size-full aligncenter\" src=\"https:\/\/www.radiopiu.net\/wordpress\/wp-content\/uploads\/2018\/09\/WhatsApp-Image-2018-09-20-at-16.04.06.jpeg\" alt=\"\" width=\"800\" height=\"100\" srcset=\"https:\/\/www.radiopiu.net\/wordpress\/wp-content\/uploads\/2018\/09\/WhatsApp-Image-2018-09-20-at-16.04.06.jpeg 800w, https:\/\/www.radiopiu.net\/wordpress\/wp-content\/uploads\/2018\/09\/WhatsApp-Image-2018-09-20-at-16.04.06-300x38.jpeg 300w, https:\/\/www.radiopiu.net\/wordpress\/wp-content\/uploads\/2018\/09\/WhatsApp-Image-2018-09-20-at-16.04.06-768x96.jpeg 768w\" sizes=\"auto, (max-width: 800px) 100vw, 800px\" \/><\/a><\/p>\n<p>&nbsp;<\/p>\n<div dir=\"auto\"><center><b>Lunedi 21<\/b><\/center><b>Tempo atteso: <\/b>Al mattino fino all&#8217;alba generalmente sereno o poco nuvoloso, specie in alta montagna e sulle Dolomiti, con possibili e temporanee nubi basse in molte valli. Dalla tarda mattinata graduale aumento della nuvolosit\u00e0 per nubi medio-alte stratiformi con inizio dei primi ma modesti fenomeni verso sera a partire da ovest.<br \/>\n<b>Precipitazioni: <\/b>Assenti (0%) al mattino; aumento della probabilit\u00e0 dopo il tramonto (20%-40%) a partire dalle Prealpi occidentali, eventualmente nevose oltre i 1100-1400 m sulle Prealpi e oltre 700-1000 m sulle Dolomiti, ma le precipitazioni saranno perlopi\u00f9 ancora di entit\u00e0 modesta.<br \/>\n<b>Temperature: <\/b>Senza variazioni di rilievo, salvo un lieve o contenuto calo delle massime sulle zone prealpine, su valori prossimi o di qualche grado inferiori alle medie del periodo.<\/p>\n<hr \/>\n<p><center><b>Martedi 22<\/b><\/center><b>Tempo atteso: <\/b>Giornata quasi di stampo invernale; tempo diffusamente perturbato con cielo molto nuvoloso o coperto e precipitazioni su tutte le zone montane per gran parte della giornata. Attenuazione dei fenomeni in serata a partire da ovest con le prime schiarite a fine giornata.<br \/>\n<b>Precipitazioni: <\/b>Probabilit\u00e0 alta (100%) di precipitazioni per gran parte della giornata. Inizialmente nelle prime ore deboli, in intensificazione intorno all&#8217;alba in genere di moderata a tratti anche di forte intensit\u00e0, specie nella mattinata; limite delle nevicate intorno ai 1000-1300 m sulle Prealpi e ai 700-1000 m sulle Dolomiti, localmente a quote pi\u00f9 basse in relazione all&#8217;intensit\u00e0 e alla direzione dei venti che durante la giornata saranno di direzione variabile. Sono previsti quantitativi in media compresi tra i 35 e i 60 mm, con punte di 70\/90 mm, specie sulle Prealpi centro-orientali e sul Comelico, con altrettanti cm di neve fresca oltre i 1800 m. Attenuazione dei fenomeni dalla sera.<br \/>\n<b>Temperature: <\/b>Senza variazioni di rilievo in alta montagna, nelle valli minime in aumento, massime in diminuzione, con escursione termica giornaliera molto bassa.<\/p>\n<hr \/>\n<p><center><b>Mercoledi 23<\/b><\/center>Salvo una residua e innocua nuvolosit\u00e0 al mattino sulle Dolomiti, tempo stabile e soleggiato con cielo in prevalenza sereno, salvo formazione di temporanee nubi basse di foschie o locale banco di nebbia nelle ore pi\u00f9 fredde in molte valli, in dissolvimento dopo l&#8217;alba. Minime in calo anche sensibile, massime in aumento, su valori leggermente inferiori alla norma. Importante escursione termica giornaliera specie nelle valli esposte al soleggiamento.<\/p>\n<hr \/>\n<p><center><b>Giovedi 24<\/b><\/center>Tempo ancora stabile e soleggiato, salvo formazioni di nubi basse, di foschie e qualche banco di nebbia nelle ore pi\u00f9 fredde. Temperature minime in lieve diminuzione, massime stazionarie o in lieve aumento.<\/p>\n<\/div>\n<div dir=\"auto\">\n<p>&nbsp;<\/p>\n<\/div>\n<p>&nbsp;<\/p>\n<hr \/>\n<p>&nbsp;<\/p>\n<p><a class=\"dt-pswp-item\" href=\"https:\/\/www.radiopiu.net\/wordpress\/wp-content\/uploads\/2018\/09\/sport.jpg\" data-dt-img-description=\"\" data-large_image_width=\"800\" data-large_image_height=\"100\"><img loading=\"lazy\" decoding=\"async\" class=\"aligncenter wp-image-60761 size-full\" src=\"https:\/\/www.radiopiu.net\/wordpress\/wp-content\/uploads\/2018\/09\/sport.jpg\" alt=\"\" width=\"800\" height=\"100\" srcset=\"https:\/\/www.radiopiu.net\/wordpress\/wp-content\/uploads\/2018\/09\/sport.jpg 800w, https:\/\/www.radiopiu.net\/wordpress\/wp-content\/uploads\/2018\/09\/sport-300x38.jpg 300w, https:\/\/www.radiopiu.net\/wordpress\/wp-content\/uploads\/2018\/09\/sport-768x96.jpg 768w\" sizes=\"auto, (max-width: 800px) 100vw, 800px\" \/><\/a><\/p>\n<p>&nbsp;<\/p>\n<p><span style=\"color: #0000ff;\"><strong>CALCIO<\/strong><\/span><\/p>\n<blockquote>\n<h3>AGORDINA SCONFITTA DI MISURA DALLA FULGOR FARRA. PARTITA DECISA DA UN EPISODIO<\/h3>\n<\/blockquote>\n<p><strong><a class=\"dt-pswp-item\" href=\"https:\/\/www.radiopiu.net\/wordpress\/wp-content\/uploads\/2022\/11\/CALCIO-2022.jpg\" data-dt-img-description=\"\" data-large_image_width=\"1920\" data-large_image_height=\"1280\"><img loading=\"lazy\" decoding=\"async\" class=\" wp-image-305390 alignleft\" src=\"https:\/\/www.radiopiu.net\/wordpress\/wp-content\/uploads\/2022\/11\/CALCIO-2022-300x200.jpg\" alt=\"\" width=\"182\" height=\"121\" srcset=\"https:\/\/www.radiopiu.net\/wordpress\/wp-content\/uploads\/2022\/11\/CALCIO-2022-300x200.jpg 300w, https:\/\/www.radiopiu.net\/wordpress\/wp-content\/uploads\/2022\/11\/CALCIO-2022-1024x683.jpg 1024w, https:\/\/www.radiopiu.net\/wordpress\/wp-content\/uploads\/2022\/11\/CALCIO-2022-768x512.jpg 768w, https:\/\/www.radiopiu.net\/wordpress\/wp-content\/uploads\/2022\/11\/CALCIO-2022-1536x1024.jpg 1536w, https:\/\/www.radiopiu.net\/wordpress\/wp-content\/uploads\/2022\/11\/CALCIO-2022.jpg 1920w\" sizes=\"auto, (max-width: 182px) 100vw, 182px\" \/><\/a>SECONDA CATEGORIA GIR. T \/ FULGOR FARRA \u2013 AGORDINA 1-0<\/strong><\/p>\n<p>\u00c8 bastato un gol a deciedere la sfida tra Fulgor Farra ed Agordina. Ad incamerare i tre punti in palio sono stati gli alpagoti che grazie ad un episodio sono riusciti a sbloccare la partita nella ripresa dopo una gara che ha visto le due compagini battagliare dall\u2019inizio alla fine. Ancora una sconfitta per l\u2019Agordina di Lorenzi che rimane in fondo alla classifica, in zona playout. Domenica prossima gli agordini giocheranno in casa contro il San Michele Salsa, un match difficile ma importante per la squadra di Agordo che deve raggiungere il prima possibile la salvezza matematica. Primi minuti di gara con le squadre che si studiano a lungo. La Fulgor Farra prova ad uscire per prima ma non riesce ad impensierire il portiere agordino. Non mancano le occasioni da entrambi i lati ma il punteggio non si vuole sbloccare. A fare la partita sono le difese e le vere occasioni arrivano da calci piazzati. L\u2019Agordina ci prova ma la mira non \u00e8 delle migliori. La sfida \u00e8 in bilico ma si va al riposo a reti inviolate. Nella ripresa i padroni di casa trovano la rete del vantaggio con Padovan che in contropiede si trova davanti al portiere agordino e con un pallonetto lo batte. Gli uomini di Lorenzi non ci stanno e provano subito a pareggiare i conti con Zannoni che serve egregiamente Del Din ma la sua conclusione viene rimpallata da un difensore. Gli allenatori provano a cambiare le carte in tavola inserendo giocatori freschi. A reagire meglio \u00e8 la Fulgor che prova a chiudere la sfida ma la mira delle conclusioni lascia a desiderare. Nel finale di gara i ragazzi di Lorenzi ci provano ma i padroni di casa riescono a salvare il risultato.<\/p>\n<p>&nbsp;<\/p>\n<p><strong>GIOVANISSIMI PROVINCIALI \/ AGORDINA \u2013 LG VALBELLUNA 1-1<\/strong><\/p>\n<p>Al termine di una gara combattuta e ben giocata da entrambe le squadre, L&#8217;Agordina ferma la corsa di una delle capoliste del torneo, rompendo l&#8217;equilibrio al vertice e consolidando il terzo posto in classifica. Match giocato alla pari che per la squadra di Agordo ha visto andare a segno il solito Manuel Soccol.<\/p>\n<p>&nbsp;<\/p>\n<p><strong>ALLIEVI REGIONALI \/ AGORDINA \u2013 GODIGENSE 0-4<\/strong><\/p>\n<p>Ancora una sconfitta e ancora una volta con quattro gol di scarto per gli Allievi di Orzetti. Una partita a senso unico con un\u2019Agordina che arranca per tutti i 90\u2019 senza mai creare delle vere e proprie occasioni da gol. I trevigiani chiudono la prima frazione in vantaggio per 2 a 0 e nella ripresa vanno a segno altre due volte. Da segnalare un rigore sbagliato per la Godigense. Un campionato difficile che nelle prossime settimane diventer\u00e0 impossibile per gli agordini che si dovranno scontrare con le formazioni che sono in testa al campionato regionale.<\/p>\n<p>&nbsp;<\/p>\n<p><strong>JUNIORES PROVINCIALI \/ LONGARONE ALPINA \u2013 AGORDINA 2-2<\/strong><\/p>\n<p>Pari e patta tra Longarone Alpina ed Agordina nella sfida valida per il campionato provinciale Juniores. Un punto a testa dopo una sfida giocata alla pari dalle due formazioni ma un pareggio che sta stretto alla compagine di Agordo. 16 punti in classifica per gli agordini che restano al secondo posto del torneo alle spalle della corazzata Limana Cavarzano. Nella sfida di sabato l\u2019Agordina trova le due reti con Fontanive, autore di una doppietta.<\/p>\n<p>&nbsp;<\/p>\n<p><strong>JUNIORES REGIONALI \/ FIORI BARP \u2013 MARENO 2-5<\/strong><\/p>\n<p>Ennesima sconfitta per la squadra giovanile del Fiori Barp. Non sono bastati i gol di Vieceli e Fumei per tenere a bada il Mareno. Una partita che ha visto la compagine trevigiana essere pi\u00f9 incisiva sotto porta. I sedicensi peccano di qualche errore in fase difensiva e per l\u2019ennesima volta restano a bocca asciutta restando in fondo alla classifica del campionato Juniores Regionale con \u00a04 punti.<\/p>\n<p>&nbsp;<\/p>\n<hr \/>\n<p>&nbsp;<\/p>\n<p><span style=\"color: #0000ff;\"><strong>HOCKEY SU GHIACCIO<\/strong><\/span><\/p>\n<blockquote>\n<h3 class=\"entry-title\">UNA BELLA PRESTAZIONE NON BASTA ALL\u2019ALLEGHE CHE PERDE CON IL PERGINE<\/h3>\n<\/blockquote>\n<p><strong class=\"photoswipe-wrapper\"><a class=\"dt-pswp-item pspw-wrap-ready\" href=\"https:\/\/www.radiopiu.net\/wordpress\/wp-content\/uploads\/2022\/11\/BBB3409.jpg\" data-dt-img-description=\"\" data-large_image_width=\"2000\" data-large_image_height=\"1689\"><img loading=\"lazy\" decoding=\"async\" class=\" wp-image-307302 alignleft\" src=\"https:\/\/www.radiopiu.net\/wordpress\/wp-content\/uploads\/2022\/11\/BBB3409-300x253.jpg\" sizes=\"auto, (max-width: 174px) 100vw, 174px\" srcset=\"https:\/\/www.radiopiu.net\/wordpress\/wp-content\/uploads\/2022\/11\/BBB3409-300x253.jpg 300w, https:\/\/www.radiopiu.net\/wordpress\/wp-content\/uploads\/2022\/11\/BBB3409-1024x865.jpg 1024w, https:\/\/www.radiopiu.net\/wordpress\/wp-content\/uploads\/2022\/11\/BBB3409-768x649.jpg 768w, https:\/\/www.radiopiu.net\/wordpress\/wp-content\/uploads\/2022\/11\/BBB3409-1536x1297.jpg 1536w, https:\/\/www.radiopiu.net\/wordpress\/wp-content\/uploads\/2022\/11\/BBB3409.jpg 2000w\" alt=\"\" width=\"174\" height=\"147\" \/><\/a>ALLEGHE \u2013 PERGINE 1-3<\/strong><br \/>\nPARZIALI: 1-1, 0-1, 0-1<br \/>\nGOL: pt. 13\u201953\u201d Andreotti, 18\u201921\u201d Ganz. st. 15\u201956\u201d Meneghini. tt. 15\u201931\u201d Foltin<\/p>\n<p>Ancora una bella prestazione dell\u2019Alleghe che per\u00f2 non riesce a vincere. Undicesima sconfitta su altrettante partite giocate e ultima posizione in classifica a zero punti. Un ruolino di marcia bugiardo, e lo si \u00e8 visto nella sfida con il Pergine. Al PalaFeltre le civette hanno messo grinta e voglia di vincere. Per 50\u2019 gli agordini sono stati al passo con i trentini ma la dea bendata non \u00e8 stata dalla loro parte anche grazie ad un Rigoni para tutto. Sabato prossima trasferta in terra lombarda per affrontare il Varese. Primi minuti con le squadre che fanno botta e risposta. Le civette si divorano un gol con Giolai che, in contropiede, si fa ipnotizzare dal golie trentino. Il Pergine si fa pericoloso e replica colpo su colpo alle azione offensive degli agordini. Match piacevole e carico di emozioni. Ad avere la meglio sono le linci che passano in vantaggio alla prima piccola disattenzione alleghese. \u00c8 Andreotti che batte Zanardi. Alla prima penalit\u00e0 l\u2019Alleghe prende di mira la gabbia trentina senza riuscire a pareggiare i conti. A poco pi\u00f9 di un minuto dalla fine del primo tempo Ganz pareggia i conti dopo un assedio biancorosso. Secondo drittel con le civette in affanno e il Pergine che prova a riportarsi in vantaggio. Provano a rialzare la testa i ragazzi di Fontana che con Frescura si avvicinano al secondo gol. Agordini all\u2019attacco che impegnare pi\u00f9 volte Rigoni. Al primo vero contropiede del Pergine la sfida si sblocca di nuovo. Tiro di Sanvido, parata di Zanardi e rebound di Meneghini. A fine frazione alleghesi che si divorano il pareggio con Colton e Soppelsa. Terza frazione con gli alleghesi che continuano a spingere ma la gabbia trentina sembra stregata. Si lotta su ogni disco e il match si fa maschio. Gli arbitri sono costretti a calmare gli animi pi\u00f9 volte. Alleghe che cala il ritmo e trentini che spingono riuscendo a mettere a segno la terza marcatura della serata. Questa volta \u00e8 Foltin che mette la firma al gol.<\/p>\n<p>&nbsp;<\/p>\n<blockquote>\n<h3>ZERO PUNTI PER L&#8217;ALLEGHE UNDER 17 CONTRO IL VALPELLICE<\/h3>\n<\/blockquote>\n<p><strong><a class=\"dt-pswp-item\" href=\"https:\/\/www.radiopiu.net\/wordpress\/wp-content\/uploads\/2019\/08\/logo-alleghe-hockey.png\" data-dt-img-description=\"\" data-large_image_width=\"547\" data-large_image_height=\"512\"><img loading=\"lazy\" decoding=\"async\" class=\" wp-image-95699 alignleft\" src=\"https:\/\/www.radiopiu.net\/wordpress\/wp-content\/uploads\/2019\/08\/logo-alleghe-hockey-300x281.png\" alt=\"\" width=\"159\" height=\"149\" srcset=\"https:\/\/www.radiopiu.net\/wordpress\/wp-content\/uploads\/2019\/08\/logo-alleghe-hockey-300x281.png 300w, https:\/\/www.radiopiu.net\/wordpress\/wp-content\/uploads\/2019\/08\/logo-alleghe-hockey.png 547w\" sizes=\"auto, (max-width: 159px) 100vw, 159px\" \/><\/a>UNDER 17<\/strong><\/p>\n<p><strong>ALLEGHE &#8211; VALPELLICE 3-5<\/strong><\/p>\n<p><strong>GOL ALLEGHE: <\/strong>Sudiro, Talamini, Zandegiacomo<\/p>\n<p>La formazione Under 17 dell&#8217;Alleghe non riesce a fare punti contro il Valpellice. Allo stadio Olimpico di Cortina i piemontesi rifilano 5 gol alla squadra mista di agordini e ampezzani. Le civette restano in partita per 40&#8242; poi crollano. Valpe in vantaggio e subito pareggio dei padroni di casa con Sudiro. Nel secondo drittel sono ancora gli ospiti che passano in vantaggio. L&#8217;Alleghe risponde con due reti in rapida sucessione di Talamini e Zandegiacomo ma non bastano perch\u00e8 i piemontesi ingranano la marcia giusta e chiudono il match con altre 3 reti.<\/p>\n<p>&nbsp;<\/p>\n<p>&nbsp;<\/p>\n<hr \/>\n<p>&nbsp;<\/p>\n<p><span style=\"color: #0000ff;\"><strong>CALCIO A 5<\/strong><\/span><\/p>\n<blockquote>\n<h3>VITTORIA IN RIMONTA PER LA CANOTTIERI BELLUNO<\/h3>\n<\/blockquote>\n<p><strong><a class=\"dt-pswp-item\" href=\"https:\/\/www.radiopiu.net\/wordpress\/wp-content\/uploads\/2022\/11\/316096598_561101699354996_5806290740707686246_n.jpg\" data-dt-img-description=\"\" data-large_image_width=\"2048\" data-large_image_height=\"1152\"><img loading=\"lazy\" decoding=\"async\" class=\" wp-image-307312 alignleft\" src=\"https:\/\/www.radiopiu.net\/wordpress\/wp-content\/uploads\/2022\/11\/316096598_561101699354996_5806290740707686246_n-300x169.jpg\" alt=\"\" width=\"209\" height=\"118\" srcset=\"https:\/\/www.radiopiu.net\/wordpress\/wp-content\/uploads\/2022\/11\/316096598_561101699354996_5806290740707686246_n-300x169.jpg 300w, https:\/\/www.radiopiu.net\/wordpress\/wp-content\/uploads\/2022\/11\/316096598_561101699354996_5806290740707686246_n-1024x576.jpg 1024w, https:\/\/www.radiopiu.net\/wordpress\/wp-content\/uploads\/2022\/11\/316096598_561101699354996_5806290740707686246_n-768x432.jpg 768w, https:\/\/www.radiopiu.net\/wordpress\/wp-content\/uploads\/2022\/11\/316096598_561101699354996_5806290740707686246_n-1536x864.jpg 1536w, https:\/\/www.radiopiu.net\/wordpress\/wp-content\/uploads\/2022\/11\/316096598_561101699354996_5806290740707686246_n.jpg 2048w\" sizes=\"auto, (max-width: 209px) 100vw, 209px\" \/><\/a>SERIE B GIRONE B<\/strong><\/p>\n<p><strong>CANOTTIERI BELLUNO &#8211; LUPARENSE 2-1<\/strong><\/p>\n<p>Alla fine del primo tempo, siamo sotto, by Guidolin. Ma la ripresa \u00e8 un&#8217;altra cosa, e un&#8217;altra Canottieri: doppio sontuoso Reolon, Canottieri batte Gifema Luparense 2 a 1. (FOTO: Dalla Libera)<\/p>\n<p><strong>di Antonio Fiabane<\/strong><\/p>\n<audio class=\"wp-audio-shortcode\" id=\"audio-307261-10\" preload=\"none\" style=\"width: 100%;\" controls=\"controls\"><source type=\"audio\/mpeg\" src=\"https:\/\/www.radiopiu.net\/wordpress\/wp-content\/uploads\/2022\/11\/CANOTTIERI-SITO-2.mp3?_=10\" \/><a href=\"https:\/\/www.radiopiu.net\/wordpress\/wp-content\/uploads\/2022\/11\/CANOTTIERI-SITO-2.mp3\">https:\/\/www.radiopiu.net\/wordpress\/wp-content\/uploads\/2022\/11\/CANOTTIERI-SITO-2.mp3<\/a><\/audio>\n<p>&nbsp;<\/p>\n<hr \/>\n<p>&nbsp;<\/p>\n<p>&nbsp;<\/p>\n<p><span style=\"color: #0000ff;\"><strong>PALLAVOLO<\/strong><\/span><\/p>\n<blockquote>\n<h3>PRIMA SCONFITTA IN CAMPIONATO PER IL VOLLEY CLUB AGORDINO<\/h3>\n<\/blockquote>\n<p><strong><a class=\"dt-pswp-item\" href=\"https:\/\/www.radiopiu.net\/wordpress\/wp-content\/uploads\/2022\/04\/VOLLEY-CLUB-AGORDINO.jpg\" data-dt-img-description=\"\" data-large_image_width=\"500\" data-large_image_height=\"512\"><img loading=\"lazy\" decoding=\"async\" class=\" wp-image-268787 alignleft\" src=\"https:\/\/www.radiopiu.net\/wordpress\/wp-content\/uploads\/2022\/04\/VOLLEY-CLUB-AGORDINO-293x300.jpg\" alt=\"\" width=\"153\" height=\"157\" srcset=\"https:\/\/www.radiopiu.net\/wordpress\/wp-content\/uploads\/2022\/04\/VOLLEY-CLUB-AGORDINO-293x300.jpg 293w, https:\/\/www.radiopiu.net\/wordpress\/wp-content\/uploads\/2022\/04\/VOLLEY-CLUB-AGORDINO.jpg 500w\" sizes=\"auto, (max-width: 153px) 100vw, 153px\" \/><\/a>PRIMA DIVISIONE<\/strong><\/p>\n<p><strong>CESSALTO &#8211; VOLLEY CLUB AGORDINO 3-0 (25-14, 25-18, 25-13)<\/strong><\/p>\n<p>Un match da dimenticare in fretta per le ragazze di Agordo che in terra trevigiana non riescono a tenere il passo del Cessalto. Seconda sconfitta, dopo quella in semifinlae di Coppa, per il Volley Club Agordino che deve rialzare la testa per tenere il passo delle squadre che sono in cima alla classifica del torneo. Una brutta prestazione quella di sabato sera con le padrone di casa che chiudono la sfida in tre set e con facilit\u00e0.<\/p>\n<p><strong>ALEXANDRA PUGLIA, GIOCATRICE DEL VOLLEY CLUB AGORDINO<\/strong><\/p>\n<audio class=\"wp-audio-shortcode\" id=\"audio-307261-11\" preload=\"none\" style=\"width: 100%;\" controls=\"controls\"><source type=\"audio\/mpeg\" src=\"https:\/\/www.radiopiu.net\/wordpress\/wp-content\/uploads\/2022\/11\/ALEXANDRA-VOLLEY.mp3?_=11\" \/><a href=\"https:\/\/www.radiopiu.net\/wordpress\/wp-content\/uploads\/2022\/11\/ALEXANDRA-VOLLEY.mp3\">https:\/\/www.radiopiu.net\/wordpress\/wp-content\/uploads\/2022\/11\/ALEXANDRA-VOLLEY.mp3<\/a><\/audio>\n<p>&nbsp;<\/p>\n<p>&nbsp;<\/p>\n<p>&nbsp;<\/p>\n<hr \/>\n<p>&nbsp;<\/p>\n<p><span style=\"color: #0000ff;\"><strong>MOTORI<\/strong><\/span><\/p>\n<blockquote>\n<h3>TANTI I BELLUNESI AL RALLY CITTA&#8217; DI SCHIO<\/h3>\n<\/blockquote>\n<p><strong><a class=\"dt-pswp-item\" href=\"https:\/\/www.radiopiu.net\/wordpress\/wp-content\/uploads\/2019\/05\/DOLOMITIRALLY2.jpg\" data-dt-img-description=\"\" data-large_image_width=\"4041\" data-large_image_height=\"2474\"><img loading=\"lazy\" decoding=\"async\" class=\" wp-image-86331 alignleft\" src=\"https:\/\/www.radiopiu.net\/wordpress\/wp-content\/uploads\/2019\/05\/DOLOMITIRALLY2-300x184.jpg\" alt=\"\" width=\"214\" height=\"131\" srcset=\"https:\/\/www.radiopiu.net\/wordpress\/wp-content\/uploads\/2019\/05\/DOLOMITIRALLY2-300x184.jpg 300w, https:\/\/www.radiopiu.net\/wordpress\/wp-content\/uploads\/2019\/05\/DOLOMITIRALLY2-768x470.jpg 768w, https:\/\/www.radiopiu.net\/wordpress\/wp-content\/uploads\/2019\/05\/DOLOMITIRALLY2-1024x627.jpg 1024w\" sizes=\"auto, (max-width: 214px) 100vw, 214px\" \/><\/a>SCHIO (VI)<\/strong><\/p>\n<p>di Roberto Bona<\/p>\n<audio class=\"wp-audio-shortcode\" id=\"audio-307261-12\" preload=\"none\" style=\"width: 100%;\" controls=\"controls\"><source type=\"audio\/mpeg\" src=\"https:\/\/www.radiopiu.net\/wordpress\/wp-content\/uploads\/2022\/11\/BONA-RALLY-CITTA-DI-SCHIO.mp3?_=12\" \/><a href=\"https:\/\/www.radiopiu.net\/wordpress\/wp-content\/uploads\/2022\/11\/BONA-RALLY-CITTA-DI-SCHIO.mp3\">https:\/\/www.radiopiu.net\/wordpress\/wp-content\/uploads\/2022\/11\/BONA-RALLY-CITTA-DI-SCHIO.mp3<\/a><\/audio>\n<p>&nbsp;<\/p>\n<blockquote>\n<h3>CONCLUSA LA SECONDA STAGIONE IN SUPERBIKE DI AXEL BASSANI<\/h3>\n<\/blockquote>\n<p><strong>SEREN DEL GRAPPA<\/strong><\/p>\n<p>di Roberto Bona<\/p>\n<audio class=\"wp-audio-shortcode\" id=\"audio-307261-13\" preload=\"none\" style=\"width: 100%;\" controls=\"controls\"><source type=\"audio\/mpeg\" src=\"https:\/\/www.radiopiu.net\/wordpress\/wp-content\/uploads\/2022\/11\/BONA-AXEL-BASSANI-SUPERBIKE.mp3?_=13\" \/><a href=\"https:\/\/www.radiopiu.net\/wordpress\/wp-content\/uploads\/2022\/11\/BONA-AXEL-BASSANI-SUPERBIKE.mp3\">https:\/\/www.radiopiu.net\/wordpress\/wp-content\/uploads\/2022\/11\/BONA-AXEL-BASSANI-SUPERBIKE.mp3<\/a><\/audio>\n<p>&nbsp;<\/p>\n\n\t\t\t<style type='text\/css'>\n\t\t\t\t#gallery-3 {\n\t\t\t\t\tmargin: auto;\n\t\t\t\t}\n\t\t\t\t#gallery-3 .gallery-item {\n\t\t\t\t\tfloat: left;\n\t\t\t\t\tmargin-top: 10px;\n\t\t\t\t\ttext-align: center;\n\t\t\t\t\twidth: 50%;\n\t\t\t\t}\n\t\t\t\t#gallery-3 img {\n\t\t\t\t\tborder: 2px solid #cfcfcf;\n\t\t\t\t}\n\t\t\t\t#gallery-3 .gallery-caption {\n\t\t\t\t\tmargin-left: 0;\n\t\t\t\t}\n\t\t\t\t\/* see gallery_shortcode() in wp-includes\/media.php *\/\n\t\t\t<\/style>\n\t\t<div id='gallery-3' class='dt-gallery-container gallery galleryid-307261 gallery-columns-2 gallery-size-medium'><dl class='gallery-item'>\n\t\t\t\t<dt class='gallery-icon landscape'>\n\t\t\t\t\t<a class=\"rollover rollover-zoom dt-pswp-item\" title=\"f87b9c7d-bed1-403b-a68d-7a49b286c3af\" data-dt-img-description=\"\" data-large_image_width=\"1049\" data-large_image_height=\"700\"href='https:\/\/www.radiopiu.net\/wordpress\/wp-content\/uploads\/2022\/11\/f87b9c7d-bed1-403b-a68d-7a49b286c3af.jpg'><img loading=\"lazy\" decoding=\"async\" width=\"300\" height=\"200\" src=\"https:\/\/www.radiopiu.net\/wordpress\/wp-content\/uploads\/2022\/11\/f87b9c7d-bed1-403b-a68d-7a49b286c3af-300x200.jpg\" class=\"attachment-medium size-medium\" alt=\"\" srcset=\"https:\/\/www.radiopiu.net\/wordpress\/wp-content\/uploads\/2022\/11\/f87b9c7d-bed1-403b-a68d-7a49b286c3af-300x200.jpg 300w, https:\/\/www.radiopiu.net\/wordpress\/wp-content\/uploads\/2022\/11\/f87b9c7d-bed1-403b-a68d-7a49b286c3af-1024x683.jpg 1024w, https:\/\/www.radiopiu.net\/wordpress\/wp-content\/uploads\/2022\/11\/f87b9c7d-bed1-403b-a68d-7a49b286c3af-768x512.jpg 768w, https:\/\/www.radiopiu.net\/wordpress\/wp-content\/uploads\/2022\/11\/f87b9c7d-bed1-403b-a68d-7a49b286c3af.jpg 1049w\" sizes=\"auto, (max-width: 300px) 100vw, 300px\" \/><\/a>\n\t\t\t\t<\/dt><\/dl><dl class='gallery-item'>\n\t\t\t\t<dt class='gallery-icon landscape'>\n\t\t\t\t\t<a class=\"rollover rollover-zoom dt-pswp-item\" title=\"ed725aae-5bc5-48c1-83bc-395d4ca11437\" data-dt-img-description=\"\" data-large_image_width=\"1600\" data-large_image_height=\"1066\"href='https:\/\/www.radiopiu.net\/wordpress\/wp-content\/uploads\/2022\/11\/ed725aae-5bc5-48c1-83bc-395d4ca11437.jpg'><img loading=\"lazy\" decoding=\"async\" width=\"300\" height=\"200\" src=\"https:\/\/www.radiopiu.net\/wordpress\/wp-content\/uploads\/2022\/11\/ed725aae-5bc5-48c1-83bc-395d4ca11437-300x200.jpg\" class=\"attachment-medium size-medium\" alt=\"\" srcset=\"https:\/\/www.radiopiu.net\/wordpress\/wp-content\/uploads\/2022\/11\/ed725aae-5bc5-48c1-83bc-395d4ca11437-300x200.jpg 300w, https:\/\/www.radiopiu.net\/wordpress\/wp-content\/uploads\/2022\/11\/ed725aae-5bc5-48c1-83bc-395d4ca11437-1024x682.jpg 1024w, https:\/\/www.radiopiu.net\/wordpress\/wp-content\/uploads\/2022\/11\/ed725aae-5bc5-48c1-83bc-395d4ca11437-768x512.jpg 768w, https:\/\/www.radiopiu.net\/wordpress\/wp-content\/uploads\/2022\/11\/ed725aae-5bc5-48c1-83bc-395d4ca11437-1536x1023.jpg 1536w, https:\/\/www.radiopiu.net\/wordpress\/wp-content\/uploads\/2022\/11\/ed725aae-5bc5-48c1-83bc-395d4ca11437.jpg 1600w\" sizes=\"auto, (max-width: 300px) 100vw, 300px\" \/><\/a>\n\t\t\t\t<\/dt><\/dl><br style=\"clear: both\" \/>\n\t\t\t<\/div>\n\n<p>&nbsp;<\/p>\n<hr \/>\n<p>&nbsp;<\/p>\n<p><span style=\"color: #0000ff;\"><strong>PALLANUOTO<\/strong><\/span><\/p>\n<blockquote>\n<h3>NICOLA LEVIS E LA SUA CARRIERA NELLA PALLANUOTO<\/h3>\n<\/blockquote>\n<p><strong><a class=\"dt-pswp-item\" href=\"https:\/\/www.radiopiu.net\/wordpress\/wp-content\/uploads\/2022\/11\/9ddfacaa-c669-4e31-b15a-6fb56be3f496.jpg\" data-dt-img-description=\"\" data-large_image_width=\"1066\" data-large_image_height=\"711\"><img loading=\"lazy\" decoding=\"async\" class=\" wp-image-307368 alignleft\" src=\"https:\/\/www.radiopiu.net\/wordpress\/wp-content\/uploads\/2022\/11\/9ddfacaa-c669-4e31-b15a-6fb56be3f496-300x200.jpg\" alt=\"\" width=\"203\" height=\"135\" srcset=\"https:\/\/www.radiopiu.net\/wordpress\/wp-content\/uploads\/2022\/11\/9ddfacaa-c669-4e31-b15a-6fb56be3f496-300x200.jpg 300w, https:\/\/www.radiopiu.net\/wordpress\/wp-content\/uploads\/2022\/11\/9ddfacaa-c669-4e31-b15a-6fb56be3f496-1024x683.jpg 1024w, https:\/\/www.radiopiu.net\/wordpress\/wp-content\/uploads\/2022\/11\/9ddfacaa-c669-4e31-b15a-6fb56be3f496-768x512.jpg 768w, https:\/\/www.radiopiu.net\/wordpress\/wp-content\/uploads\/2022\/11\/9ddfacaa-c669-4e31-b15a-6fb56be3f496.jpg 1066w\" sizes=\"auto, (max-width: 203px) 100vw, 203px\" \/><\/a>ROMA<\/strong><\/p>\n<p>di Roberto Bona<\/p>\n<audio class=\"wp-audio-shortcode\" id=\"audio-307261-14\" preload=\"none\" style=\"width: 100%;\" controls=\"controls\"><source type=\"audio\/mpeg\" src=\"https:\/\/www.radiopiu.net\/wordpress\/wp-content\/uploads\/2022\/11\/BONA-NICOLA-LEVIS-PALLANUOTO.mp3?_=14\" \/><a href=\"https:\/\/www.radiopiu.net\/wordpress\/wp-content\/uploads\/2022\/11\/BONA-NICOLA-LEVIS-PALLANUOTO.mp3\">https:\/\/www.radiopiu.net\/wordpress\/wp-content\/uploads\/2022\/11\/BONA-NICOLA-LEVIS-PALLANUOTO.mp3<\/a><\/audio>\n<p>&nbsp;<\/p>\n<hr \/>\n<p>&nbsp;<\/p>\n<p><strong>CORSA CAMPESTRE<\/strong><\/p>\n<blockquote>\n<h3>ATLETICA LAMON PROFETA IN PATRIA<\/h3>\n<\/blockquote>\n<p><strong><a class=\"dt-pswp-item\" href=\"https:\/\/www.radiopiu.net\/wordpress\/wp-content\/uploads\/2020\/07\/download-2.png\" data-dt-img-description=\"\" data-large_image_width=\"212\" data-large_image_height=\"238\"><img loading=\"lazy\" decoding=\"async\" class=\" wp-image-149386 alignleft\" src=\"https:\/\/www.radiopiu.net\/wordpress\/wp-content\/uploads\/2020\/07\/download-2.png\" alt=\"\" width=\"128\" height=\"144\" \/><\/a>LAMON <\/strong>Sono stati 518 i concorrenti che domenica 20 novembre hanno dato vita alla quarta prova del Campionato provinciale di corsa campestre del Centro sportivo italiano, evento proposto dal Comitato Csi di Belluno in sinergia con quello di Feltre e valido per l\u2019assegnazione del Memorial Serafino Barp (classifica a squadre dedicata alle categorie giovanili) e per l\u2019assegnazione del Trofeo Passsport (classifica a squadre complessiva). Si \u00e8 gareggiato a Lamon, per l\u2019organizzazione dell\u2019Atletica Lamon. Per la prima volta nella sua storia il sodalizio presieduto da Adriano Coldebella organizzava una prova del campionato provinciale Csi ed \u00e8 stata una \u201cprima\u201d da applausi: la societ\u00e0 organizzatrice ha infatti raccolto consensi unanimi per quanto riguarda l\u2019allestimento delle gare (disputate su un tracciato pianeggiante ma allo stesso tempo tecnico) e si \u00e8 portato a casa il successo nella graduatoria generale per societ\u00e0 imponendosi con 677 punti davanti al Gs Astra Quero (655) e al Gs La Piave 2000 (645). L\u2019Atletica Lamon si \u00e8 imposta anche nella graduatoria riservata alle categorie assolute mentre nella classifica per le categorie giovanili il successo \u00e8 andato al Gs La Piave 2000. Per quanto riguarda le graduatorie individuali assolute, monologo per Manuela Bulf (Atletica Agordina) e per Francesco Da Vi\u00e0 (La Piave 2000).<\/p>\n<p>&nbsp;<\/p>\n<hr \/>\n<p>&nbsp;<\/p>\n<p>&nbsp;<\/p>\n<hr \/>\n<p>&nbsp;<\/p>\n<div><span style=\"color: #0000ff;\">PALLAVOLO<\/span><\/div>\n<div>\n<blockquote>\n<h2><b>Cade l\u2019imbattibilit\u00e0 casalinga: Belluno ko con Savigliano<\/b><\/h2>\n<\/blockquote>\n<\/div>\n<p><a class=\"dt-pswp-item\" href=\"https:\/\/www.radiopiu.net\/wordpress\/wp-content\/uploads\/2022\/11\/La_delusione_dei_rinoceronti.jpg\" data-dt-img-description=\"\" data-large_image_width=\"1500\" data-large_image_height=\"1000\"><img loading=\"lazy\" decoding=\"async\" class=\" wp-image-307462 alignleft\" src=\"https:\/\/www.radiopiu.net\/wordpress\/wp-content\/uploads\/2022\/11\/La_delusione_dei_rinoceronti-300x200.jpg\" alt=\"\" width=\"225\" height=\"150\" srcset=\"https:\/\/www.radiopiu.net\/wordpress\/wp-content\/uploads\/2022\/11\/La_delusione_dei_rinoceronti-300x200.jpg 300w, https:\/\/www.radiopiu.net\/wordpress\/wp-content\/uploads\/2022\/11\/La_delusione_dei_rinoceronti-1024x683.jpg 1024w, https:\/\/www.radiopiu.net\/wordpress\/wp-content\/uploads\/2022\/11\/La_delusione_dei_rinoceronti-768x512.jpg 768w, https:\/\/www.radiopiu.net\/wordpress\/wp-content\/uploads\/2022\/11\/La_delusione_dei_rinoceronti.jpg 1500w\" sizes=\"auto, (max-width: 225px) 100vw, 225px\" \/><\/a><strong>BELLUNO<\/strong> \u00c8 la terza sconfitta di fila. E la prima tra le mura amiche della Spes Arena. A imporre lo stop ai rinoceronti \u00e8 un Monge-Gerbaudo Savigliano concreto e spietato nei momenti clou della sfida. E incisivo a muro. Eloquente, in tal senso, il dato relativo al fondamentale: 9-2 per gli ospiti. In ogni caso, la pallavolo Belluno esce fra gli applausi di un pubblico che ha potuto apprezzare lo splendido duello a distanza tra gli opposti, Novello e Spagnol: due \u201cportatori sani\u201d di spettacolo, di colpi d\u2019alta scuola. E ad alta quota. Anche se alla fine festeggia solo Spagnol, con i suoi compagni. Ora i rinoceronti sono\u00a0 scavalcati da Montecchio e San Giustino.<span class=\"gmail-Apple-converted-space\">\u00a0<\/span><\/p>\n<blockquote><p><em>&#8220;A muro e in difesa non ci siamo espressi al meglio &#8211; \u00e8 l\u2019analisi di coach Gian Luca Colussi &#8211; e siamo mancati nelle piccole cose. Tuttavia, queste tre sconfitte mi preoccupano in maniera relativa. Siamo un po\u2019 delusi, amareggiati, \u201cincavolati\u201d, per\u00f2 ci rifaremo. \u00c8 chiaro che dobbiamo lavorare, ma avevamo gi\u00e0 messo in preventivo il fatto che in alcune fasi della stagione avremmo sofferto. Gi\u00e0 domenica prossima, a San Giustino, si presenta l\u2019occasione di portare a casa dei punti importanti\u00bb.<span class=\"gmail-Apple-converted-space\"> \u00a0<\/span><\/em><\/p><\/blockquote>\n<p>&nbsp;<\/p>\n<hr \/>\n<blockquote>\n<h3><\/h3>\n<h3>LE LUPE PERDONO LA QUARTA PARTITA CONSECUTIVA<\/h3>\n<\/blockquote>\n<p><b><a class=\"dt-pswp-item\" href=\"https:\/\/www.radiopiu.net\/wordpress\/wp-content\/uploads\/2022\/11\/Non_bastano_i_10_punti_di_Fantinel.jpg\" data-dt-img-description=\"\" data-large_image_width=\"1280\" data-large_image_height=\"855\"><img loading=\"lazy\" decoding=\"async\" class=\" wp-image-307323 alignleft\" src=\"https:\/\/www.radiopiu.net\/wordpress\/wp-content\/uploads\/2022\/11\/Non_bastano_i_10_punti_di_Fantinel-300x200.jpg\" alt=\"\" width=\"179\" height=\"119\" srcset=\"https:\/\/www.radiopiu.net\/wordpress\/wp-content\/uploads\/2022\/11\/Non_bastano_i_10_punti_di_Fantinel-300x200.jpg 300w, https:\/\/www.radiopiu.net\/wordpress\/wp-content\/uploads\/2022\/11\/Non_bastano_i_10_punti_di_Fantinel-1024x684.jpg 1024w, https:\/\/www.radiopiu.net\/wordpress\/wp-content\/uploads\/2022\/11\/Non_bastano_i_10_punti_di_Fantinel-768x513.jpg 768w, https:\/\/www.radiopiu.net\/wordpress\/wp-content\/uploads\/2022\/11\/Non_bastano_i_10_punti_di_Fantinel.jpg 1280w\" sizes=\"auto, (max-width: 179px) 100vw, 179px\" \/><\/a>DINAMICA SOLESINO-HL IMMOBILIARE VOLLEY 3-0 (<\/b><strong>30-28, 25-22, 25-19)<\/strong><\/p>\n<p>La pallavolo Belluno Femminile non riesce a sbloccarsi e, a Solesino, rimedia la quarta sconfitta consecutiva. Senza coach Paolo Viel (a casa malato, \u00e8 stato sostituito in panchina dal dirigente Fabio Candussi), le lupe hanno lottato con le unghie e con i denti in un parziale d\u2019apertura deciso solo ai vantaggi. E anche il secondo round \u00e8 vissuto a lungo sul filo dell\u2019equilibrio, mentre nel terzo atto le padrone di casa, ormai in fiducia, hanno preso letteralmente il largo.<span class=\"gmail-Apple-converted-space\"> \u00a0<\/span>Le bellunesi masticano amaro, quindi. Perch\u00e9 sono sempre rimaste a contatto con le avversarie. E, spesso, perfino avanti nel punteggio. Poi, per\u00f2, attorno a quota 15 di ogni set, si \u00e8 sempre manifestato un calo di rendimento. E le atlete di Solesino hanno avuto il merito di approfittarne.<\/p>\n<p>&nbsp;<\/p>\n<p>&nbsp;<\/p>\n<hr \/>\n<p>&nbsp;<\/p>\n<p>&nbsp;<\/p>\n","protected":false},"excerpt":{"rendered":"<p>RADIO PIU INFORMAZIONE il canale su TELEGRAM informazione di prima\u00a0 mano e in tempo reale. iscriviti ed aiutaci a farlo conoscere\u00a0 &nbsp; &nbsp; DOMANI MALTEMPO IN ARRIVO\u00a0 SEGNALAZIONE METEO:\u00a0Marted\u00ec 22 novembre sono previste precipitazioni localmente consistenti con limite delle nevicate in abbassamento fino attorno ai 1000 m su Prealpi e 700 m sulle Dolomiti. Temporaneo&hellip;<\/p>\n","protected":false},"author":4,"featured_media":307445,"comment_status":"closed","ping_status":"closed","sticky":false,"template":"","format":"standard","meta":{"_monsterinsights_skip_tracking":false,"_monsterinsights_sitenote_active":false,"_monsterinsights_sitenote_note":"","_monsterinsights_sitenote_category":0,"footnotes":""},"categories":[86,49],"tags":[],"class_list":["post-307261","post","type-post","status-publish","format-standard","has-post-thumbnail","hentry","category-gr","category-news-18","category-86","category-49","description-off"],"img_url":"https:\/\/www.radiopiu.net\/wordpress\/wp-content\/uploads\/2022\/11\/316185359_576942461103793_2976737188992871101_n.jpg","_links":{"self":[{"href":"https:\/\/www.radiopiu.net\/wordpress\/wp-json\/wp\/v2\/posts\/307261","targetHints":{"allow":["GET"]}}],"collection":[{"href":"https:\/\/www.radiopiu.net\/wordpress\/wp-json\/wp\/v2\/posts"}],"about":[{"href":"https:\/\/www.radiopiu.net\/wordpress\/wp-json\/wp\/v2\/types\/post"}],"author":[{"embeddable":true,"href":"https:\/\/www.radiopiu.net\/wordpress\/wp-json\/wp\/v2\/users\/4"}],"replies":[{"embeddable":true,"href":"https:\/\/www.radiopiu.net\/wordpress\/wp-json\/wp\/v2\/comments?post=307261"}],"version-history":[{"count":0,"href":"https:\/\/www.radiopiu.net\/wordpress\/wp-json\/wp\/v2\/posts\/307261\/revisions"}],"wp:featuredmedia":[{"embeddable":true,"href":"https:\/\/www.radiopiu.net\/wordpress\/wp-json\/wp\/v2\/media\/307445"}],"wp:attachment":[{"href":"https:\/\/www.radiopiu.net\/wordpress\/wp-json\/wp\/v2\/media?parent=307261"}],"wp:term":[{"taxonomy":"category","embeddable":true,"href":"https:\/\/www.radiopiu.net\/wordpress\/wp-json\/wp\/v2\/categories?post=307261"},{"taxonomy":"post_tag","embeddable":true,"href":"https:\/\/www.radiopiu.net\/wordpress\/wp-json\/wp\/v2\/tags?post=307261"}],"curies":[{"name":"wp","href":"https:\/\/api.w.org\/{rel}","templated":true}]}}