{"id":307382,"date":"2022-11-20T17:39:54","date_gmt":"2022-11-20T16:39:54","guid":{"rendered":"https:\/\/www.radiopiu.net\/wordpress\/?p=307382"},"modified":"2022-11-20T20:44:49","modified_gmt":"2022-11-20T19:44:49","slug":"crozza-zaia-e-il-numero-di-telefono-di-mirko-di-radio-piu","status":"publish","type":"post","link":"https:\/\/www.radiopiu.net\/wordpress\/crozza-zaia-e-il-numero-di-telefono-di-mirko-di-radio-piu\/","title":{"rendered":"CROZZA &#8211; ZAIA E IL NUMERO DI TELEFONO DI MIRKO DI RADIO PIU&#8217;"},"content":{"rendered":"<p><strong>REDAZIONE<\/strong> Come ogni venerd\u00ec sera l&#8217;appuntamento con Fratelli Di Crozza, il programma in onda sul NOVE del gruppo Warner-Discovery, non si smentisce. Anche questa settimana il comico genovese Maurizio Crozza ha imitato il governatore del Veneto Luca Zaia che come succede quasi sempre anche Mirko di Radio Pi\u00f9. Questa settimana Crozza-Zaia doveva elencare dei dati e per non dimenticarli se li \u00e8 scritti su una mano&#8230;ma nell&#8217;altra mano aveva annotato il numero di casa di Mirko di Radio Pi\u00f9.<\/p>\n<div style=\"width: 1200px;\" class=\"wp-video\"><video class=\"wp-video-shortcode\" id=\"video-307382-1\" width=\"1200\" height=\"675\" preload=\"metadata\" controls=\"controls\"><source type=\"video\/mp4\" src=\"https:\/\/www.radiopiu.net\/wordpress\/wp-content\/uploads\/2022\/11\/CROZZA-ZAIA-NUMERO-MIRKO.mp4?_=1\" \/><a href=\"https:\/\/www.radiopiu.net\/wordpress\/wp-content\/uploads\/2022\/11\/CROZZA-ZAIA-NUMERO-MIRKO.mp4\">https:\/\/www.radiopiu.net\/wordpress\/wp-content\/uploads\/2022\/11\/CROZZA-ZAIA-NUMERO-MIRKO.mp4<\/a><\/video><\/div>\n<p>&nbsp;<\/p>\n<p>&nbsp;<\/p>\n<p>*****<\/p>\n","protected":false},"excerpt":{"rendered":"<p>REDAZIONE Come ogni venerd\u00ec sera l&#8217;appuntamento con Fratelli Di Crozza, il programma in onda sul NOVE del gruppo Warner-Discovery, non si smentisce. Anche questa settimana il comico genovese Maurizio Crozza ha imitato il governatore del Veneto Luca Zaia che come succede quasi sempre anche Mirko di Radio Pi\u00f9. Questa settimana Crozza-Zaia doveva elencare dei dati&hellip;<\/p>\n","protected":false},"author":4,"featured_media":307389,"comment_status":"closed","ping_status":"closed","sticky":false,"template":"","format":"standard","meta":{"_monsterinsights_skip_tracking":false,"_monsterinsights_sitenote_active":false,"_monsterinsights_sitenote_note":"","_monsterinsights_sitenote_category":0,"footnotes":""},"categories":[104,49],"tags":[],"class_list":["post-307382","post","type-post","status-publish","format-standard","has-post-thumbnail","hentry","category-evidenza_3","category-news-18","category-104","category-49","description-off"],"img_url":"https:\/\/www.radiopiu.net\/wordpress\/wp-content\/uploads\/2022\/11\/Schermata-2022-11-20-alle-17.34.55.png","_links":{"self":[{"href":"https:\/\/www.radiopiu.net\/wordpress\/wp-json\/wp\/v2\/posts\/307382","targetHints":{"allow":["GET"]}}],"collection":[{"href":"https:\/\/www.radiopiu.net\/wordpress\/wp-json\/wp\/v2\/posts"}],"about":[{"href":"https:\/\/www.radiopiu.net\/wordpress\/wp-json\/wp\/v2\/types\/post"}],"author":[{"embeddable":true,"href":"https:\/\/www.radiopiu.net\/wordpress\/wp-json\/wp\/v2\/users\/4"}],"replies":[{"embeddable":true,"href":"https:\/\/www.radiopiu.net\/wordpress\/wp-json\/wp\/v2\/comments?post=307382"}],"version-history":[{"count":0,"href":"https:\/\/www.radiopiu.net\/wordpress\/wp-json\/wp\/v2\/posts\/307382\/revisions"}],"wp:featuredmedia":[{"embeddable":true,"href":"https:\/\/www.radiopiu.net\/wordpress\/wp-json\/wp\/v2\/media\/307389"}],"wp:attachment":[{"href":"https:\/\/www.radiopiu.net\/wordpress\/wp-json\/wp\/v2\/media?parent=307382"}],"wp:term":[{"taxonomy":"category","embeddable":true,"href":"https:\/\/www.radiopiu.net\/wordpress\/wp-json\/wp\/v2\/categories?post=307382"},{"taxonomy":"post_tag","embeddable":true,"href":"https:\/\/www.radiopiu.net\/wordpress\/wp-json\/wp\/v2\/tags?post=307382"}],"curies":[{"name":"wp","href":"https:\/\/api.w.org\/{rel}","templated":true}]}}