{"id":307429,"date":"2022-11-22T06:00:14","date_gmt":"2022-11-22T05:00:14","guid":{"rendered":"https:\/\/www.radiopiu.net\/wordpress\/?p=307429"},"modified":"2022-11-22T06:49:39","modified_gmt":"2022-11-22T05:49:39","slug":"giornale-radiopiu-22-novembre-2022-direttore-mirko-mezzacasa","status":"publish","type":"post","link":"https:\/\/www.radiopiu.net\/wordpress\/giornale-radiopiu-22-novembre-2022-direttore-mirko-mezzacasa\/","title":{"rendered":"GIORNALE RADIOPIU 22 NOVEMBRE 2022 DIRETTORE MIRKO MEZZACASA"},"content":{"rendered":"<h3 class=\"kvgmc6g5 cxmmr5t8 oygrvhab hcukyx3x c1et5uql\"><span style=\"color: #0000ff;\"><strong>RADIO PIU INFORMAZIONE il canale su TELEGRAM informazione di prima\u00a0 <\/strong><strong>mano e in tempo reale. iscriviti ed aiutaci a farlo conoscere\u00a0 <\/strong><\/span><\/h3>\n<p>&nbsp;<\/p>\n<hr \/>\n<p>&nbsp;<\/p>\n<blockquote>\n<h3>REVOCATA PARZIALMENTE L&#8217;ORDINANZA DI FADES A LA VALLE<\/h3>\n<\/blockquote>\n<p><strong>LA VALLE<\/strong> Stanno per essere ultimate le opere nella frazione di Fades a La Valle. Il comune con un&#8217;ordinanza ha revocato parzialmente il divieto di transito sul tratto interessato dai lavori, pi\u00f9 precisamente sul ponte che attraversa il torrente Missiaga, con l&#8217;apertura al transito pedonale.<\/p>\n<p>&nbsp;<\/p>\n<p>&nbsp;<\/p>\n<hr \/>\n<p>&nbsp;<\/p>\n<blockquote>\n<h3><a class=\"dt-pswp-item\" href=\"https:\/\/www.radiopiu.net\/wordpress\/wp-content\/uploads\/2021\/06\/th-12.jpg\" data-dt-img-description=\"\" data-large_image_width=\"282\" data-large_image_height=\"188\"><img loading=\"lazy\" decoding=\"async\" class=\" wp-image-216172 alignleft\" src=\"https:\/\/www.radiopiu.net\/wordpress\/wp-content\/uploads\/2021\/06\/th-12.jpg\" alt=\"\" width=\"144\" height=\"96\" \/><\/a>INTERRUZIONI PROGRAMMATE<\/h3>\n<\/blockquote>\n<p>Gestione Servizi Pubblici informa che, per lavori alla rete idrica comunale, mercoled\u00ec e gioved\u00ec2 dalle 08 alle 17 verr\u00e0 sospesa l\u2019erogazione dell\u2019acqua a VOLTAGO AGORDINO in Loc. CAPOLUOGO. Il personale addetto operer\u00e0 per limitare il pi\u00f9 possibile i disagi alla popolazione.<\/p>\n<p>&nbsp;<\/p>\n<hr \/>\n<p>&nbsp;<\/p>\n<blockquote>\n<h3>GIOVEDI IN DUOMO I FUNERALI DI MERY, IL DOLORE DEL PRESIDENTE DEL PALIO DI FELTRE<\/h3>\n<\/blockquote>\n<p><strong><img loading=\"lazy\" decoding=\"async\" class=\"alignleft\" src=\"https:\/\/www.radiopiu.net\/wordpress\/wp-content\/uploads\/2022\/11\/215347940-e1e14e97-3b85-4719-9438-f2c7808b78cc.webp\" width=\"295\" height=\"166\" \/>FELTRE<\/strong><\/p>\n<p><strong>DI MORENO GIOLI<\/strong><\/p>\n<p>&nbsp;<\/p>\n<p><strong>AUDIO<\/strong><\/p>\n<audio class=\"wp-audio-shortcode\" id=\"audio-307429-1\" preload=\"none\" style=\"width: 100%;\" controls=\"controls\"><source type=\"audio\/mpeg\" src=\"https:\/\/www.radiopiu.net\/wordpress\/wp-content\/uploads\/2022\/11\/MERY-MORENO.mp3?_=1\" \/><a href=\"https:\/\/www.radiopiu.net\/wordpress\/wp-content\/uploads\/2022\/11\/MERY-MORENO.mp3\">https:\/\/www.radiopiu.net\/wordpress\/wp-content\/uploads\/2022\/11\/MERY-MORENO.mp3<\/a><\/audio>\n<p><em>Foto: Summer Fest Arsi\u00e8\u00a0\u00a0<\/em><\/p>\n<blockquote>\n<h3>RECUPERATO E PORTATO A VALLE IL CORPO DI MARIACRISTINA<\/h3>\n<\/blockquote>\n<p><strong><a class=\"dt-pswp-item\" href=\"https:\/\/www.radiopiu.net\/wordpress\/wp-content\/uploads\/2018\/08\/soccorsoalpino.jpg\" data-dt-img-description=\"\" data-large_image_width=\"1200\" data-large_image_height=\"1200\"><img loading=\"lazy\" decoding=\"async\" class=\" wp-image-59164 alignleft\" src=\"https:\/\/www.radiopiu.net\/wordpress\/wp-content\/uploads\/2018\/08\/soccorsoalpino-300x300.jpg\" alt=\"\" width=\"138\" height=\"138\" srcset=\"https:\/\/www.radiopiu.net\/wordpress\/wp-content\/uploads\/2018\/08\/soccorsoalpino-300x300.jpg 300w, https:\/\/www.radiopiu.net\/wordpress\/wp-content\/uploads\/2018\/08\/soccorsoalpino-150x150.jpg 150w, https:\/\/www.radiopiu.net\/wordpress\/wp-content\/uploads\/2018\/08\/soccorsoalpino-768x768.jpg 768w, https:\/\/www.radiopiu.net\/wordpress\/wp-content\/uploads\/2018\/08\/soccorsoalpino-1024x1024.jpg 1024w, https:\/\/www.radiopiu.net\/wordpress\/wp-content\/uploads\/2018\/08\/soccorsoalpino.jpg 1200w\" sizes=\"auto, (max-width: 138px) 100vw, 138px\" \/><\/a>CESIOMAGGIORE<\/strong> \u00c8 stato recuperato e riportato a valle il corpo senza vita di Mariacristina, la 26enne di Feltre (BL) precipitata durante la discesa dal Comedon, sulle vette Feltrine. Dopo aver sbarcato con un verricello di 20 metri il tecnico di elisoccorso a circa 2milla metri di quota, poco pi\u00f9 in basso del Passo del Comedon, l&#8217;elicottero del Suem di Pieve di Cadore \u00e8 volato a imbarcare due tecnici del Soccorso alpino di Feltre in supporto alle operazioni. Dopo essere inciampata o scivolata dalla traccia delle creste nord, che stava percorrendo con tre amici, la ragazza era infatti ruzzolata a ovest tra le rocce per alcune decine di metri finendo su una cengia ghiacciata. Una volta allestito un ancoraggio per portare a termine le manovre in sicurezza, i soccorritori hanno provveduto al recupero della salma, che \u00e8 stata spostata utilizzando il verricello e poi trasportata all&#8217;ospedale di Feltre.<\/p>\n<p>&nbsp;<\/p>\n<hr \/>\n<p>&nbsp;<\/p>\n<blockquote>\n<h3>MALORE IMPROVVISO IN COMELICO, MUORE TRA LE MURA DI CASA UN GIOVANE DI 32 ANNI <a class=\"dt-pswp-item\" href=\"https:\/\/www.radiopiu.net\/wordpress\/wp-content\/uploads\/2022\/11\/Senza-nome-86.jpg\" data-dt-img-description=\"\" data-large_image_width=\"457\" data-large_image_height=\"392\"><img loading=\"lazy\" decoding=\"async\" class=\" wp-image-307661 alignleft\" src=\"https:\/\/www.radiopiu.net\/wordpress\/wp-content\/uploads\/2022\/11\/Senza-nome-86-300x257.jpg\" alt=\"\" width=\"251\" height=\"215\" srcset=\"https:\/\/www.radiopiu.net\/wordpress\/wp-content\/uploads\/2022\/11\/Senza-nome-86-300x257.jpg 300w, https:\/\/www.radiopiu.net\/wordpress\/wp-content\/uploads\/2022\/11\/Senza-nome-86.jpg 457w\" sizes=\"auto, (max-width: 251px) 100vw, 251px\" \/><\/a><\/h3>\n<\/blockquote>\n<p><strong>COMELICO SUPERIORE\u00a0<\/strong> Gianni Sacco Sonador, 32 anni, \u00e8 stato ritrovato privo di vita nella casa di\u00a0Sega Digon,\u00a0 vittima di un malore improvviso. Una morte naturale come ha stabilito il medico legale che lo ha riferito ai genitori, proprio loro hanno ritrovato il figlio ormai esanime nel pomeriggio di venerd\u00ec. Nessuna inchiesta da parte della magistratura, i funerali sono stati fissati per oggi pomeriggio, alle 14, nella chiesa Pievanale di Candide di Comelico Superiore.\u00a0 Il giovane godeva di buona salute ed era molto impegnato nel campo del volontariato con la Seas Soccorso e aiuto sociale. Guidava le ambulanze ed era parecchio apprezzato da tutti i colleghi. La famiglia Sacco Sonador \u00e8 molto conosciuta nella zona per la sua attivit\u00e0 di falegnameria e anche di antiquariato. Gianni lavorava nell&#8217;azienda del padre e, nel tempo libero, si dedicava all&#8217;impegno sociale. Il sindaco di Comelico Superiore, Marco Staunovo Polacco ha portato alla famiglia parole di vicinanza a nome dell&#8217;intera comunit\u00e0.<\/p>\n<p>&nbsp;<\/p>\n<p>&nbsp;<\/p>\n<hr \/>\n<p>&nbsp;<\/p>\n<blockquote>\n<h3><a class=\"dt-pswp-item\" href=\"https:\/\/www.radiopiu.net\/wordpress\/wp-content\/uploads\/2022\/11\/7a612444-aa60-4583-a0a9-4def16d9f2b1.jpg\" data-dt-img-description=\"\" data-large_image_width=\"1024\" data-large_image_height=\"796\"><img loading=\"lazy\" decoding=\"async\" class=\"wp-image-307344 alignleft\" src=\"https:\/\/www.radiopiu.net\/wordpress\/wp-content\/uploads\/2022\/11\/7a612444-aa60-4583-a0a9-4def16d9f2b1-300x233.jpg\" alt=\"\" width=\"171\" height=\"133\" srcset=\"https:\/\/www.radiopiu.net\/wordpress\/wp-content\/uploads\/2022\/11\/7a612444-aa60-4583-a0a9-4def16d9f2b1-300x233.jpg 300w, https:\/\/www.radiopiu.net\/wordpress\/wp-content\/uploads\/2022\/11\/7a612444-aa60-4583-a0a9-4def16d9f2b1-768x597.jpg 768w, https:\/\/www.radiopiu.net\/wordpress\/wp-content\/uploads\/2022\/11\/7a612444-aa60-4583-a0a9-4def16d9f2b1.jpg 1024w\" sizes=\"auto, (max-width: 171px) 100vw, 171px\" \/><\/a>OGGI I FUNERALI DI\u00a0 ELVIO SCOTTINI<\/h3>\n<\/blockquote>\n<p><strong>FELTRE<\/strong> Oggi in Duomo alle 15\u00a0 sono previsti i funerali di\u00a0 Elvio Scottini, mancato a 79 anni. Geometra e grafico di professione \u00e8 stato anche presidente del Palio\u00a0 e ha collaborato con il Santa Maria del Prato dove aveva ideato un efficace sistema di segnaletica del reparto tracciando a terra strisce colorate per raggiungere le differenti mete. Ad inizio attivit\u00e0 ha anche lavorato a Milano\u00a0 per\u00a0 promuovere prodotti ma anche a crearli e disegnarli. Suoi sono gli espositori ad esempio della Nutella e dei Tic Tac Ferrero.<\/p>\n<p>&nbsp;<\/p>\n<hr \/>\n<p>&nbsp;<\/p>\n<blockquote>\n<h3><a class=\"dt-pswp-item\" href=\"https:\/\/www.radiopiu.net\/wordpress\/wp-content\/uploads\/2022\/11\/316239970_576224081175631_3347281153665880473_n.jpg\" data-dt-img-description=\"\" data-large_image_width=\"522\" data-large_image_height=\"640\"><img loading=\"lazy\" decoding=\"async\" class=\" wp-image-307446 alignleft\" src=\"https:\/\/www.radiopiu.net\/wordpress\/wp-content\/uploads\/2022\/11\/316239970_576224081175631_3347281153665880473_n-245x300.jpg\" alt=\"\" width=\"144\" height=\"176\" srcset=\"https:\/\/www.radiopiu.net\/wordpress\/wp-content\/uploads\/2022\/11\/316239970_576224081175631_3347281153665880473_n-245x300.jpg 245w, https:\/\/www.radiopiu.net\/wordpress\/wp-content\/uploads\/2022\/11\/316239970_576224081175631_3347281153665880473_n.jpg 522w\" sizes=\"auto, (max-width: 144px) 100vw, 144px\" \/><\/a>TOTO&#8217; SCENDE IN CAMPO, L&#8217;ABBRACCIO DELLA CITTA&#8217;<\/h3>\n<\/blockquote>\n<p><strong>PEDAVENA<\/strong> Oggi alle 11 a Boscherai l&#8217;ultimo saluto a\u00a0Salvatore Stefani, il 19enne morto nell&#8217;incidente di mercoledi sulla Feltrina. Un ultimo abbraccio tutto feltrino a mamma Elisabetta, pap\u00e0 Armando e alle sorelle Sofia e Beatrice. Un abbraccio dal rugby, dallo sport, scuola,\u00a0 colleghi di lavoro, amici, e istituzioni.\u00a0Per volere della famiglia, nessun funerale ma due riti civili, uno oggi al campo sportivo del Boscherai ed uno, alle 14, al campo sportivo del Mogliano. Sar\u00e0 presente anche una delegazione dell&#8217;istituto agrario Della Lucia di Feltre, scuola frequentata da Salvatore, ma anche della Vipa, l&#8217;azienda di ristorazione di Anz\u00f9 dove il ventenne lavorava.<\/p>\n<p>&nbsp;<\/p>\n<hr \/>\n<p>&nbsp;<\/p>\n<blockquote>\n<h3><a class=\"dt-pswp-item\" href=\"https:\/\/www.radiopiu.net\/wordpress\/wp-content\/uploads\/2022\/11\/Senza-nome-3.png\" data-dt-img-description=\"\" data-large_image_width=\"217\" data-large_image_height=\"271\"><img loading=\"lazy\" decoding=\"async\" class=\"wp-image-307654 alignleft\" src=\"https:\/\/www.radiopiu.net\/wordpress\/wp-content\/uploads\/2022\/11\/Senza-nome-3.png\" alt=\"\" width=\"147\" height=\"184\" \/><\/a>OGGI I FUNERALI DI SIRO<\/h3>\n<\/blockquote>\n<p><strong>LONGARONE<\/strong> Oggi alle 11 nella chiesa parrochiale di Igne i funerali di Siro Bez, 48 anni, morto domenica nell&#8217;incidente nel bosco, travolto da una pianta. Ne danno notizia la compagna Laura, la sorella Angelita con Stefano, i nipoti Devid e Lisa con Marco, gli zii. Per espressa volont\u00e0 la salma sar\u00e0 cremata, non fiori ma opere di bene per onorarne la memoria.<\/p>\n<p>&nbsp;<\/p>\n<p>&nbsp;<\/p>\n<hr \/>\n<p>&nbsp;<\/p>\n<p>&nbsp;<\/p>\n<blockquote>\n<h3>IL ROTARY CLUB BELLUNO PIANGE LA SCOMPARSA DI DIEGO TRICHES<\/h3>\n<\/blockquote>\n<p><a class=\"dt-pswp-item\" href=\"https:\/\/www.radiopiu.net\/wordpress\/wp-content\/uploads\/2022\/11\/diego_triches.png\" data-dt-img-description=\"\" data-large_image_width=\"542\" data-large_image_height=\"882\"><img loading=\"lazy\" decoding=\"async\" class=\" wp-image-307580 alignleft\" src=\"https:\/\/www.radiopiu.net\/wordpress\/wp-content\/uploads\/2022\/11\/diego_triches-184x300.png\" alt=\"\" width=\"144\" height=\"235\" srcset=\"https:\/\/www.radiopiu.net\/wordpress\/wp-content\/uploads\/2022\/11\/diego_triches-184x300.png 184w, https:\/\/www.radiopiu.net\/wordpress\/wp-content\/uploads\/2022\/11\/diego_triches.png 542w\" sizes=\"auto, (max-width: 144px) 100vw, 144px\" \/><\/a><strong>BELLUNO<\/strong> Il Rotary Club Belluno perde un socio storico e un grande imprenditore. \u00c8 venuto a mancare all\u2019et\u00e0 di 87 anni, Diego Triches, socio del Club dal 1977 e fondatore della \u201cTriches Enrico &amp; Diego srl\u201d.\u00a0 Dotato di grandi capacit\u00e0 comunicative aveva fatto crescere la sua azienda in modo esponenziale e di certo le sue doti umane venivano trasmesse a tutti i suoi dipendenti e collaboratori. La sua azienda era una vera famiglia e fino a poco tempo fa, ogni giorno, si sentiva con la segretaria per chiedere aggiornamenti in merito alle attivit\u00e0 e al bilancio. Un\u2019azienda che era passata nelle valide mani del figlio Enrico. <em>\u00abGrande benefattore, bastava chiedere e lui rispondeva sempre \u201cCi sono!\u201d. Perdiamo come Rotary un socio stimato e personalmente perdo un caro amico, con cui ho condiviso una vita di progetti positivi. Diego mancher\u00e0 a tutti noi Rotariani, un sentito pensiero ai figli Enrico e Marta e a tutti i <strong><a class=\"dt-pswp-item\" href=\"https:\/\/www.radiopiu.net\/wordpress\/wp-content\/uploads\/2022\/11\/Senza-nome-84.jpg\" data-dt-img-description=\"\" data-large_image_width=\"214\" data-large_image_height=\"267\"><img loading=\"lazy\" decoding=\"async\" class=\" wp-image-307653 alignright\" src=\"https:\/\/www.radiopiu.net\/wordpress\/wp-content\/uploads\/2022\/11\/Senza-nome-84.jpg\" alt=\"\" width=\"142\" height=\"177\" \/><\/a><\/strong>famigliari\u00bb. <\/em>Una famiglia di cui era legatissimo, in particolare con sua moglie Rosi, venuta a mancare pochi anni fa e che aveva conosciuto ancora alle Elementari.<\/p>\n<p>&nbsp;<\/p>\n<p><strong>BERTON: \u201cCREDEVA NELL\u2019IMPRESA E NEL TERRITORIO\u201d<\/strong><\/p>\n<p><strong>BELLUNO\u00a0 <\/strong><strong>\u00a0<\/strong>&#8220;Con Diego Triches se ne va un altro grande imprenditore bellunese, impegnato e sempre presente. Credeva nel valore dell\u2019impresa e del territorio. Ci stringiamo ai suoi familiari e collaboratori\u201d. Cos\u00ec Lorraine Berton, presidente di Confindustria Belluno Dolomiti.\u00a0<em> \u201cNon si \u00e8 mai risparmiato fino all\u2019ultimo, facendo sentire la sua presenza \u2013 professionale e umana \u2013 a dipendenti e collaboratori. Un uomo d&#8217;altri tempi che si \u00e8 sempre speso per la propria comunit\u00e0, spesso in silenzio\u201d, afferma Berton. \u201cSono certa che Enrico sapr\u00e0 portare avanti il suo esempio e i suoi valori, che fanno parte di quel patrimonio imprenditoriale che ha fatto grande la manifattura del nostro territorio\u201d.<\/em><\/p>\n<p>&nbsp;<\/p>\n<p>&nbsp;<\/p>\n<p>&nbsp;<\/p>\n<hr \/>\n<p>&nbsp;<\/p>\n<div class=\"page-title-head hgroup\">\n<blockquote>\n<h3 class=\"entry-title\">LA PRIMA NEVE, AUTO CONTRO IL MURO AD AVOSCAN<\/h3>\n<\/blockquote>\n<\/div>\n<div class=\"page-title-breadcrumbs\">\n<p><strong>SAN TOMASO <\/strong> La giornata inizia con un incidente sulla 203 agordina tra Cencenighe ed Avoscan di San Tomaso all&#8217;uscita del paravalanghe. A tradire l&#8217;autista della Fiesta la prima neve e il fondo stradale ghiacciato. Fortunatamente nessun ferito, ma un invito alla prudenza. Strade insidiose da Cencenighe verso l&#8217;Alto Agordino. L&#8217;Arpav di Arabba prevede \u00abforti precipitazioni fino in fondo valle\u00bb. A quota 2000 metri gli apporti saranno di 15-30 centimetri, con punte anche di mezzo metro. La Protezione civile, nell&#8217;avviso di criticit\u00e0 diffuso ieri, precisa che il limite della neve sar\u00e0 intorno ai 1000 metri, localmente anche pi\u00f9 basso in alcune valli. Sulle Prealpi lo scambio neve-pioggia potrebbe avvenire, in alcuni casi, gi\u00e0 a quota 800 metri.Il pericolo di valanghe salir\u00e0 a 3-marcato su tutto il territorio e saranno possibili valanghe spontanee lungo tutti i pendii ripidi. Oggi, in ogni caso, i forti venti determineranno accumuli in quota, dove gli inneschi di valanghe potranno esserci gi\u00e0 con deboli sovraccarichi.<\/p>\n<p><a class=\"dt-pswp-item\" href=\"https:\/\/www.radiopiu.net\/wordpress\/wp-content\/uploads\/2022\/11\/3f209249-4bd1-4a86-9d18-4bf934d2c9d7.jpg\" data-dt-img-description=\"\" data-large_image_width=\"1200\" data-large_image_height=\"1600\"><img loading=\"lazy\" decoding=\"async\" class=\"alignnone size-medium wp-image-307649\" src=\"https:\/\/www.radiopiu.net\/wordpress\/wp-content\/uploads\/2022\/11\/3f209249-4bd1-4a86-9d18-4bf934d2c9d7-225x300.jpg\" alt=\"\" width=\"225\" height=\"300\" srcset=\"https:\/\/www.radiopiu.net\/wordpress\/wp-content\/uploads\/2022\/11\/3f209249-4bd1-4a86-9d18-4bf934d2c9d7-225x300.jpg 225w, https:\/\/www.radiopiu.net\/wordpress\/wp-content\/uploads\/2022\/11\/3f209249-4bd1-4a86-9d18-4bf934d2c9d7-768x1024.jpg 768w, https:\/\/www.radiopiu.net\/wordpress\/wp-content\/uploads\/2022\/11\/3f209249-4bd1-4a86-9d18-4bf934d2c9d7-1152x1536.jpg 1152w, https:\/\/www.radiopiu.net\/wordpress\/wp-content\/uploads\/2022\/11\/3f209249-4bd1-4a86-9d18-4bf934d2c9d7.jpg 1200w\" sizes=\"auto, (max-width: 225px) 100vw, 225px\" \/>\u00a0<\/a><\/p>\n<p>&nbsp;<\/p>\n<hr \/>\n<p>&nbsp;<\/p>\n<p><span style=\"color: #0000ff;\"><strong>ore 5.22\u00a0 TELEGRAM,\u00a0 viabilta&#8217; provincia di Belluno VPB\u00a0 https:\/\/t.me\/viabilitaBelluno\/27181<\/strong><\/span><\/p>\n<blockquote><p>A Falcade la strada regionale 346\u00a0 come da foto. Percorribile senza problemi con gomme da neve<br \/>\n<a class=\"dt-pswp-item\" href=\"https:\/\/www.radiopiu.net\/wordpress\/wp-content\/uploads\/2022\/11\/4c333811-a5e6-4abc-b10b-597e08348840.jpg\" data-dt-img-description=\"\" data-large_image_width=\"598\" data-large_image_height=\"800\"><img loading=\"lazy\" decoding=\"async\" class=\"alignnone size-medium wp-image-307665\" src=\"https:\/\/www.radiopiu.net\/wordpress\/wp-content\/uploads\/2022\/11\/4c333811-a5e6-4abc-b10b-597e08348840-224x300.jpg\" alt=\"\" width=\"224\" height=\"300\" srcset=\"https:\/\/www.radiopiu.net\/wordpress\/wp-content\/uploads\/2022\/11\/4c333811-a5e6-4abc-b10b-597e08348840-224x300.jpg 224w, https:\/\/www.radiopiu.net\/wordpress\/wp-content\/uploads\/2022\/11\/4c333811-a5e6-4abc-b10b-597e08348840.jpg 598w\" sizes=\"auto, (max-width: 224px) 100vw, 224px\" \/><\/a><\/p><\/blockquote>\n<\/div>\n<p>Arabba Passo Campolongo<\/p>\n\n\t\t\t<style type='text\/css'>\n\t\t\t\t#gallery-1 {\n\t\t\t\t\tmargin: auto;\n\t\t\t\t}\n\t\t\t\t#gallery-1 .gallery-item {\n\t\t\t\t\tfloat: left;\n\t\t\t\t\tmargin-top: 10px;\n\t\t\t\t\ttext-align: center;\n\t\t\t\t\twidth: 50%;\n\t\t\t\t}\n\t\t\t\t#gallery-1 img {\n\t\t\t\t\tborder: 2px solid #cfcfcf;\n\t\t\t\t}\n\t\t\t\t#gallery-1 .gallery-caption {\n\t\t\t\t\tmargin-left: 0;\n\t\t\t\t}\n\t\t\t\t\/* see gallery_shortcode() in wp-includes\/media.php *\/\n\t\t\t<\/style>\n\t\t<div id='gallery-1' class='dt-gallery-container gallery galleryid-307429 gallery-columns-2 gallery-size-medium'><dl class='gallery-item'>\n\t\t\t\t<dt class='gallery-icon landscape'>\n\t\t\t\t\t<a class=\"rollover rollover-zoom dt-pswp-item\" title=\"887ac8bf-0572-4277-bdc0-5facee7277ac\" data-dt-img-description=\"\" data-large_image_width=\"800\" data-large_image_height=\"762\"href='https:\/\/www.radiopiu.net\/wordpress\/wp-content\/uploads\/2022\/11\/887ac8bf-0572-4277-bdc0-5facee7277ac.jpg'><img loading=\"lazy\" decoding=\"async\" width=\"300\" height=\"286\" src=\"https:\/\/www.radiopiu.net\/wordpress\/wp-content\/uploads\/2022\/11\/887ac8bf-0572-4277-bdc0-5facee7277ac-300x286.jpg\" class=\"attachment-medium size-medium\" alt=\"\" srcset=\"https:\/\/www.radiopiu.net\/wordpress\/wp-content\/uploads\/2022\/11\/887ac8bf-0572-4277-bdc0-5facee7277ac-300x286.jpg 300w, https:\/\/www.radiopiu.net\/wordpress\/wp-content\/uploads\/2022\/11\/887ac8bf-0572-4277-bdc0-5facee7277ac-768x732.jpg 768w, https:\/\/www.radiopiu.net\/wordpress\/wp-content\/uploads\/2022\/11\/887ac8bf-0572-4277-bdc0-5facee7277ac.jpg 800w\" sizes=\"auto, (max-width: 300px) 100vw, 300px\" \/><\/a>\n\t\t\t\t<\/dt><\/dl><dl class='gallery-item'>\n\t\t\t\t<dt class='gallery-icon portrait'>\n\t\t\t\t\t<a class=\"rollover rollover-zoom dt-pswp-item\" title=\"7cd82c3c-3539-4b1c-9bf6-8a7d66d70093\" data-dt-img-description=\"\" data-large_image_width=\"600\" data-large_image_height=\"800\"href='https:\/\/www.radiopiu.net\/wordpress\/wp-content\/uploads\/2022\/11\/7cd82c3c-3539-4b1c-9bf6-8a7d66d70093.jpg'><img loading=\"lazy\" decoding=\"async\" width=\"225\" height=\"300\" src=\"https:\/\/www.radiopiu.net\/wordpress\/wp-content\/uploads\/2022\/11\/7cd82c3c-3539-4b1c-9bf6-8a7d66d70093-225x300.jpg\" class=\"attachment-medium size-medium\" alt=\"\" srcset=\"https:\/\/www.radiopiu.net\/wordpress\/wp-content\/uploads\/2022\/11\/7cd82c3c-3539-4b1c-9bf6-8a7d66d70093-225x300.jpg 225w, https:\/\/www.radiopiu.net\/wordpress\/wp-content\/uploads\/2022\/11\/7cd82c3c-3539-4b1c-9bf6-8a7d66d70093.jpg 600w\" sizes=\"auto, (max-width: 225px) 100vw, 225px\" \/><\/a>\n\t\t\t\t<\/dt><\/dl><br style=\"clear: both\" \/>\n\t\t\t<\/div>\n\n<p>&nbsp;<\/p>\n<p>&nbsp;<\/p>\n<hr \/>\n<p>&nbsp;<\/p>\n<blockquote>\n<h3>RICATTO PEDOPORNO SUL SOCIAL, STANATO DALLA MADRE CONFESSA<\/h3>\n<\/blockquote>\n<p><strong>OGGI SUL CORRIERE DELLE ALPI<\/strong><\/p>\n<p><span style=\"color: #ff0000;\"><strong>di GIGI SOSSO<\/strong><\/span><\/p>\n<p><a class=\"dt-pswp-item\" href=\"https:\/\/www.radiopiu.net\/wordpress\/wp-content\/uploads\/2022\/11\/130208021500-smartphone-iphone-xxx-jc-tablet-large.jpg\" data-dt-img-description=\"\" data-large_image_width=\"1024\" data-large_image_height=\"576\"><img loading=\"lazy\" decoding=\"async\" class=\"size-medium wp-image-307656 alignleft\" src=\"https:\/\/www.radiopiu.net\/wordpress\/wp-content\/uploads\/2022\/11\/130208021500-smartphone-iphone-xxx-jc-tablet-large-300x169.jpg\" alt=\"\" width=\"300\" height=\"169\" srcset=\"https:\/\/www.radiopiu.net\/wordpress\/wp-content\/uploads\/2022\/11\/130208021500-smartphone-iphone-xxx-jc-tablet-large-300x169.jpg 300w, https:\/\/www.radiopiu.net\/wordpress\/wp-content\/uploads\/2022\/11\/130208021500-smartphone-iphone-xxx-jc-tablet-large-768x432.jpg 768w, https:\/\/www.radiopiu.net\/wordpress\/wp-content\/uploads\/2022\/11\/130208021500-smartphone-iphone-xxx-jc-tablet-large.jpg 1024w\" sizes=\"auto, (max-width: 300px) 100vw, 300px\" \/><\/a><\/p>\n<p>Ricatto pedoporno a una 12enne feltrina: imputato di adescamento di minore e tentata estorsione, il 16enne &#8220;Peppe&#8221; ha confessato davanti al giudice. E le sue ammissioni, sulle foto ottenute via whatsapp, gli hanno permesso di chiedere e ottenere la messa alla prova dal Tribunale dei Minori di Catania. In poche parole, dovr\u00e0 rigare dritto e fare del volontariato, non prima di aver versato una somma alla famiglia della ragazzina. I genitori si sono costituiti parte civile con l&#8217;avvocato feltrino Roberta Resenterra: la richiesta iniziale era di 5 mila euro, ma potrebbero anche accontentarsi di una cifra inferiore.I fatti sono del 2019.\u00a0 Il ragazzo l&#8217;ha prima contattata e poi convinta a inviargli \u00abquattro immagini che ritraevano la stessa nuda in pose pornografiche\u00bb. In un secondo momento, \u00e8 diventato molto pi\u00f9 pressante e ha insistito per farsi mandare anche quello che ha definito \u00abvideo sull&#8217;amore\u00bb&#8230;La madrea ha architettato la trappola spacciandosi\u00a0 per la figlia &#8230;<\/p>\n<p>&nbsp;<\/p>\n<p>&nbsp;<\/p>\n<hr \/>\n<p>&nbsp;<\/p>\n<blockquote>\n<h3>COVID, RISALE L&#8217;INCIDENZA, DUE DECESSI IN SETTE GIORNI<\/h3>\n<\/blockquote>\n<p><strong>BELLUNO<\/strong> L\u2019incidenza settimanale tende a risalire oltre i 400 casi su 100 mila abitanti. Tale incidenza \u00e8 stata calcolata, come da ultime indicazioni, tenendo conto delle reinfezioni a carico di soggetti precedentemente classificati come casi covid. <span class=\"Carpredefinitoparagrafo1\"><span lang=\"IT\" style=\"color: black;\">Nella settimana qui analizzata i nuovi casi si collocano prevalentemente nella fascia d\u2019et\u00e0 centrale 45-64 anni. In ospedale: 47 pazienti in area non critica, nessuno in terapia intensiva, 7 negli ospedali di comunit\u00e0. Due i decessi, una donna di 98 anni e un uomo di 80. Nella consueta mappa settimanale dei contagi un solo Comune con oltre 2000 casi ogni 100mila abitanti, Arsi\u00e8. Fa fa contraltare il numero di Comuni tra Agordino e Cadore (ma anche in Alpago) che non fanno registrare novi casi.<\/span><\/span><\/p>\n\n\t\t\t<style type='text\/css'>\n\t\t\t\t#gallery-2 {\n\t\t\t\t\tmargin: auto;\n\t\t\t\t}\n\t\t\t\t#gallery-2 .gallery-item {\n\t\t\t\t\tfloat: left;\n\t\t\t\t\tmargin-top: 10px;\n\t\t\t\t\ttext-align: center;\n\t\t\t\t\twidth: 33%;\n\t\t\t\t}\n\t\t\t\t#gallery-2 img {\n\t\t\t\t\tborder: 2px solid #cfcfcf;\n\t\t\t\t}\n\t\t\t\t#gallery-2 .gallery-caption {\n\t\t\t\t\tmargin-left: 0;\n\t\t\t\t}\n\t\t\t\t\/* see gallery_shortcode() in wp-includes\/media.php *\/\n\t\t\t<\/style>\n\t\t<div id='gallery-2' class='dt-gallery-container gallery galleryid-307429 gallery-columns-3 gallery-size-thumbnail'><dl class='gallery-item'>\n\t\t\t\t<dt class='gallery-icon portrait'>\n\t\t\t\t\t<a class=\"rollover rollover-zoom dt-pswp-item\" title=\"889c7a99-e787-494e-86d7-7eae7cf88beb\" data-dt-img-description=\"\" data-large_image_width=\"962\" data-large_image_height=\"1037\"href='https:\/\/www.radiopiu.net\/wordpress\/wp-content\/uploads\/2022\/11\/889c7a99-e787-494e-86d7-7eae7cf88beb.jpg'><img loading=\"lazy\" decoding=\"async\" width=\"150\" height=\"150\" src=\"https:\/\/www.radiopiu.net\/wordpress\/wp-content\/uploads\/2022\/11\/889c7a99-e787-494e-86d7-7eae7cf88beb-150x150.jpg\" class=\"attachment-thumbnail size-thumbnail\" alt=\"\" \/><\/a>\n\t\t\t\t<\/dt><\/dl><dl class='gallery-item'>\n\t\t\t\t<dt class='gallery-icon landscape'>\n\t\t\t\t\t<a class=\"rollover rollover-zoom dt-pswp-item\" title=\"36bde2cb-14bf-4543-a3e7-2193c0cbdf66\" data-dt-img-description=\"\" data-large_image_width=\"1734\" data-large_image_height=\"892\"href='https:\/\/www.radiopiu.net\/wordpress\/wp-content\/uploads\/2022\/11\/36bde2cb-14bf-4543-a3e7-2193c0cbdf66.jpg'><img loading=\"lazy\" decoding=\"async\" width=\"150\" height=\"150\" src=\"https:\/\/www.radiopiu.net\/wordpress\/wp-content\/uploads\/2022\/11\/36bde2cb-14bf-4543-a3e7-2193c0cbdf66-150x150.jpg\" class=\"attachment-thumbnail size-thumbnail\" alt=\"\" \/><\/a>\n\t\t\t\t<\/dt><\/dl><dl class='gallery-item'>\n\t\t\t\t<dt class='gallery-icon landscape'>\n\t\t\t\t\t<a class=\"rollover rollover-zoom dt-pswp-item\" title=\"97d12f1b-ff4a-48c5-99c1-00e65b108f88\" data-dt-img-description=\"\" data-large_image_width=\"1550\" data-large_image_height=\"991\"href='https:\/\/www.radiopiu.net\/wordpress\/wp-content\/uploads\/2022\/11\/97d12f1b-ff4a-48c5-99c1-00e65b108f88.jpg'><img loading=\"lazy\" decoding=\"async\" width=\"150\" height=\"150\" src=\"https:\/\/www.radiopiu.net\/wordpress\/wp-content\/uploads\/2022\/11\/97d12f1b-ff4a-48c5-99c1-00e65b108f88-150x150.jpg\" class=\"attachment-thumbnail size-thumbnail\" alt=\"\" \/><\/a>\n\t\t\t\t<\/dt><\/dl><br style=\"clear: both\" \/>\n\t\t\t<\/div>\n\n<p>&nbsp;<\/p>\n<p>&nbsp;<\/p>\n<hr \/>\n<p>&nbsp;<\/p>\n<p>&nbsp;<\/p>\n<blockquote>\n<h3>EPTA: PROCLAMATO LO SCIOPERO<\/h3>\n<\/blockquote>\n<p><strong><img loading=\"lazy\" decoding=\"async\" class=\"alignleft\" src=\"https:\/\/www.radiopiu.net\/wordpress\/wp-content\/uploads\/2021\/03\/th-15.jpg\" width=\"194\" height=\"130\" \/>REDAZIONE<\/strong> Anche la Cgil, a seguito della comunicazione dell&#8217;Azienda Epta e quindi della decisione di non rinnovare tutti i 253 contratti dei lavoratori a termine somministrati in scadenza a novembre e dicembre ha deciso di aderire allo stato di agitazione proclamato dalla sigle Fim Cisl, Fiom Cgil e Uilm-Uil. Previsto il blocco dello straordinario e della flessibilit\u00e0. Inoltre lo sciopero domani, \u00a02 ore a fine di ogni turno di lavoro<br \/>\nMercoled\u00ec 4 ore alla fine di ogni turno di lavoro con presidio ai cancelli a partire dalle\u00a0 10 e 18.\u00a0 Gioved\u00ec 23 Novembre 2 ore alla fine di ogni turno di lavoro.<\/p>\n<blockquote><p><em>&#8220;Non possiamo accettare &#8211; dice la Cgil &#8211; che ancora una volta a pagare le conseguenze delle logiche di mercato siano i lavoratori somministrati. Dietro quei numeri ci sono donne, uomini, famiglie, che vedranno disattesa, per l&#8217;ennesima volta, ogni aspettativa di stabilit\u00e0&#8221;<\/em><\/p><\/blockquote>\n<p>&nbsp;<\/p>\n<hr \/>\n<p>&nbsp;<\/p>\n<blockquote>\n<h3>LA STAGIONE DELLA PISCINA COMPRENSORIALE DI AGORDO E&#8217; SALVA<\/h3>\n<\/blockquote>\n<p><img loading=\"lazy\" decoding=\"async\" class=\"alignleft\" src=\"https:\/\/www.radiopiu.net\/wordpress\/wp-content\/uploads\/2022\/06\/Piscina_di_Belluno.jpg\" width=\"235\" height=\"196\" \/><\/p>\n<p><strong>AGORDO<\/strong><\/p>\n<p><strong>DI GIANNI SANTOMASO<\/strong><\/p>\n<audio class=\"wp-audio-shortcode\" id=\"audio-307429-2\" preload=\"none\" style=\"width: 100%;\" controls=\"controls\"><source type=\"audio\/mpeg\" src=\"https:\/\/www.radiopiu.net\/wordpress\/wp-content\/uploads\/2022\/11\/PISCINA-SALVA.mp3?_=2\" \/><a href=\"https:\/\/www.radiopiu.net\/wordpress\/wp-content\/uploads\/2022\/11\/PISCINA-SALVA.mp3\">https:\/\/www.radiopiu.net\/wordpress\/wp-content\/uploads\/2022\/11\/PISCINA-SALVA.mp3<\/a><\/audio>\n<p><strong>GRAZIE&#8230; FILIPPO MONESTIER<\/strong><\/p>\n<blockquote><p><em>Soldi che sono arrivati solo in questi ultimi giorni. Raddoppiati grazie all&#8217;impegno sportivo del giovane Filippo Monestier, classe 2007, che in agosto a Rimini si \u00e8 fatto valere ai campionati italiani giovanili in vasca lunga e che, in questa stagione, si \u00e8 anche laureato campione regionale nei 50 stile libero in vasca corta.<\/em><br \/>\n<a class=\"dt-pswp-item\" href=\"https:\/\/www.radiopiu.net\/wordpress\/wp-content\/uploads\/2022\/11\/Senza-nome-85.jpg\" data-dt-img-description=\"\" data-large_image_width=\"461\" data-large_image_height=\"363\"><img loading=\"lazy\" decoding=\"async\" class=\"alignnone size-medium wp-image-307659\" src=\"https:\/\/www.radiopiu.net\/wordpress\/wp-content\/uploads\/2022\/11\/Senza-nome-85-300x236.jpg\" alt=\"\" width=\"300\" height=\"236\" srcset=\"https:\/\/www.radiopiu.net\/wordpress\/wp-content\/uploads\/2022\/11\/Senza-nome-85-300x236.jpg 300w, https:\/\/www.radiopiu.net\/wordpress\/wp-content\/uploads\/2022\/11\/Senza-nome-85.jpg 461w\" sizes=\"auto, (max-width: 300px) 100vw, 300px\" \/><\/a><\/p><\/blockquote>\n<p>&nbsp;<\/p>\n<p>&nbsp;<\/p>\n<p>&nbsp;<\/p>\n<hr \/>\n<p>&nbsp;<\/p>\n<blockquote>\n<h3>ANCHE AD AGORDO LAMPIONI SPENTI PER RISPARMIARE<\/h3>\n<\/blockquote>\n<p><strong><img loading=\"lazy\" decoding=\"async\" class=\"alignleft\" src=\"https:\/\/www.radiopiu.net\/wordpress\/wp-content\/uploads\/2021\/10\/lampioni-spenti-491853.large_.jpg\" width=\"240\" height=\"180\" \/>AGORDO<\/strong><\/p>\n<p><strong>DI GIANNI SANTOMASO<\/strong><\/p>\n<audio class=\"wp-audio-shortcode\" id=\"audio-307429-3\" preload=\"none\" style=\"width: 100%;\" controls=\"controls\"><source type=\"audio\/mpeg\" src=\"https:\/\/www.radiopiu.net\/wordpress\/wp-content\/uploads\/2022\/11\/gianni-agordo.mp3?_=3\" \/><a href=\"https:\/\/www.radiopiu.net\/wordpress\/wp-content\/uploads\/2022\/11\/gianni-agordo.mp3\">https:\/\/www.radiopiu.net\/wordpress\/wp-content\/uploads\/2022\/11\/gianni-agordo.mp3<\/a><\/audio>\n<p>&nbsp;<\/p>\n<hr \/>\n<p>&nbsp;<\/p>\n<p>&nbsp;<\/p>\n<h3>&#8230;.E IL PARROCO TAGLIA LE MESSE<\/h3>\n<p><a class=\"dt-pswp-item\" href=\"https:\/\/www.radiopiu.net\/wordpress\/wp-content\/uploads\/2022\/11\/th-11.jpg\" data-dt-img-description=\"\" data-large_image_width=\"474\" data-large_image_height=\"474\"><img loading=\"lazy\" decoding=\"async\" class=\"wp-image-307646 alignleft\" src=\"https:\/\/www.radiopiu.net\/wordpress\/wp-content\/uploads\/2022\/11\/th-11-300x300.jpg\" alt=\"\" width=\"94\" height=\"94\" srcset=\"https:\/\/www.radiopiu.net\/wordpress\/wp-content\/uploads\/2022\/11\/th-11-300x300.jpg 300w, https:\/\/www.radiopiu.net\/wordpress\/wp-content\/uploads\/2022\/11\/th-11-150x150.jpg 150w, https:\/\/www.radiopiu.net\/wordpress\/wp-content\/uploads\/2022\/11\/th-11.jpg 474w\" sizes=\"auto, (max-width: 94px) 100vw, 94px\" \/><\/a><strong>FONZASO<\/strong> Non ci sono soldi, peggio, ci sono 6000 euro di debito da pagare alla societ\u00e0 elettrica, don Stefano Vanzetto che a inizio novembre ha preso il posto di don Alberto Vallotto\u00a0 \u00e8 disperato e il vescovo Claudio Cipolla (Fonzaso fa parte della Dioscesi di Padova) ne \u00e8 a conoscenza. Per questo la decisione: oltre a rinunciare al\u00a0 riscaldamento arriva il taglio delle messe. Sar\u00e0 mantenuta la funzione delle 9 e al pomeriggio ci sar\u00e0 solo una messa Prefestiva alle\u00a0 17 nella parrocchiale.\u00a0\u00abS&#8217;intende &#8211; scrive il parroco sul bollettino parrocchiale &#8211;\u00a0 che in questa situazione, anche in considerazione dei prezzi di luce, gas e gasolio; non avremo sicuramente la possibilit\u00e0 di accendere i riscaldamenti, come magari eravamo abituati nel passato, e dovremo far uso accorto e responsabile anche dell&#8217;energia elettrica. Stiamo attenti nel chiudere le porte\u00bb.<\/p>\n<p>&nbsp;<\/p>\n<p>&nbsp;<\/p>\n<hr \/>\n<p>&nbsp;<\/p>\n<blockquote>\n<h2>AGGIORNAMENTO SULL&#8217;ECOCENTRO DI AGORDO E SULLA STRADA RIF PIASENT<\/h2>\n<\/blockquote>\n<p><strong><a class=\"dt-pswp-item\" href=\"https:\/\/www.radiopiu.net\/wordpress\/wp-content\/uploads\/2020\/03\/CONSIGLIO-AGORDO.jpg\" data-dt-img-description=\"\" data-large_image_width=\"1477\" data-large_image_height=\"832\"><img loading=\"lazy\" decoding=\"async\" class=\" wp-image-122996 alignleft\" src=\"https:\/\/www.radiopiu.net\/wordpress\/wp-content\/uploads\/2020\/03\/CONSIGLIO-AGORDO-300x169.jpg\" alt=\"\" width=\"229\" height=\"129\" srcset=\"https:\/\/www.radiopiu.net\/wordpress\/wp-content\/uploads\/2020\/03\/CONSIGLIO-AGORDO-300x169.jpg 300w, https:\/\/www.radiopiu.net\/wordpress\/wp-content\/uploads\/2020\/03\/CONSIGLIO-AGORDO-1024x577.jpg 1024w, https:\/\/www.radiopiu.net\/wordpress\/wp-content\/uploads\/2020\/03\/CONSIGLIO-AGORDO-768x433.jpg 768w, https:\/\/www.radiopiu.net\/wordpress\/wp-content\/uploads\/2020\/03\/CONSIGLIO-AGORDO.jpg 1477w\" sizes=\"auto, (max-width: 229px) 100vw, 229px\" \/><\/a>AGORDO<\/strong> L&#8217;ecocentro di Agordo aprir\u00e0 a dicembre,\u00a0 ha detto il sindaco Roberto Chissal\u00e8 nell&#8217;ultimo consiglio comunale<em> &#8220;Ci sono stati dei rallentamenti dovuti al reperimento delle materie primem, sar\u00e0 un bel lavoro&#8221;.\u00a0<\/em>La strada per Piasent \u00e8 un lavoro impegnativo fin dalla progettazione<em> &#8220;Le banchine ora sono in sicurezza- ha detto il vice sindaco Giulio Favretti &#8211; slitta a primavera la realizzazione del canale di scolo&#8221;.<\/em><\/p>\n<p><strong>L&#8217;INTERVENTO IN CONSIGLIO COMUNALE DI AGORDO\u00a0<\/strong><\/p>\n<audio class=\"wp-audio-shortcode\" id=\"audio-307429-4\" preload=\"none\" style=\"width: 100%;\" controls=\"controls\"><source type=\"audio\/mpeg\" src=\"https:\/\/www.radiopiu.net\/wordpress\/wp-content\/uploads\/2022\/11\/consiglio-comunale.mp3?_=4\" \/><a href=\"https:\/\/www.radiopiu.net\/wordpress\/wp-content\/uploads\/2022\/11\/consiglio-comunale.mp3\">https:\/\/www.radiopiu.net\/wordpress\/wp-content\/uploads\/2022\/11\/consiglio-comunale.mp3<\/a><\/audio>\n<p>&nbsp;<\/p>\n<p>&nbsp;<\/p>\n<p>&nbsp;<\/p>\n<hr \/>\n<h3 align=\"CENTER\">CON LA NEVE IL VADEMECUM PER LE BUONE PRATICHE<\/h3>\n<p><img loading=\"lazy\" decoding=\"async\" class=\"alignleft\" src=\"https:\/\/www.radiopiu.net\/wordpress\/wp-content\/uploads\/2022\/11\/091222-09.jpg\" width=\"148\" height=\"111\" \/><strong>BELLUNO<\/strong><\/p>\n<p><strong>DI MORENO GIOLI<\/strong><\/p>\n<audio class=\"wp-audio-shortcode\" id=\"audio-307429-5\" preload=\"none\" style=\"width: 100%;\" controls=\"controls\"><source type=\"audio\/mpeg\" src=\"https:\/\/www.radiopiu.net\/wordpress\/wp-content\/uploads\/2022\/11\/piano-neve-gioli-alla-radio.mp3?_=5\" \/><a href=\"https:\/\/www.radiopiu.net\/wordpress\/wp-content\/uploads\/2022\/11\/piano-neve-gioli-alla-radio.mp3\">https:\/\/www.radiopiu.net\/wordpress\/wp-content\/uploads\/2022\/11\/piano-neve-gioli-alla-radio.mp3<\/a><\/audio>\n<p><strong>FOTO forum.meteotriveneto.it \u00a0<\/strong><\/p>\n<p>&nbsp;<\/p>\n<p>&nbsp;<\/p>\n<hr \/>\n<blockquote>\n<h3><\/h3>\n<h3>SCUOLA APERTA ALL\u2019ISTITUTO SUPERIORE DI FELTRE<\/h3>\n<\/blockquote>\n<p><strong><a class=\"dt-pswp-item\" href=\"https:\/\/www.radiopiu.net\/wordpress\/wp-content\/uploads\/2022\/11\/dublino-1.jpg\" data-dt-img-description=\"\" data-large_image_width=\"1024\" data-large_image_height=\"766\"><img loading=\"lazy\" decoding=\"async\" class=\" wp-image-307557 alignleft\" src=\"https:\/\/www.radiopiu.net\/wordpress\/wp-content\/uploads\/2022\/11\/dublino-1-300x224.jpg\" alt=\"\" width=\"283\" height=\"211\" srcset=\"https:\/\/www.radiopiu.net\/wordpress\/wp-content\/uploads\/2022\/11\/dublino-1-300x224.jpg 300w, https:\/\/www.radiopiu.net\/wordpress\/wp-content\/uploads\/2022\/11\/dublino-1-768x575.jpg 768w, https:\/\/www.radiopiu.net\/wordpress\/wp-content\/uploads\/2022\/11\/dublino-1.jpg 1024w\" sizes=\"auto, (max-width: 283px) 100vw, 283px\" \/><\/a>FELTRE<\/strong> Sabato l\u2019Istituto Superiore di Feltre organizza il primo appuntamento di \u201cSCUOLA APERTA\u201d per studenti e genitori della scuola secondaria di primo grado. In tale occasione genitori e studenti della scuola secondaria di 1\u00b0 grado avranno l\u2019opportunit\u00e0 di visitare le diverse sedi dell\u2019Istituto Superiore di Feltre, dove saranno accolte da docenti che presenteranno l\u2019offerta formativa delle rispettive sezioni e dei diversi indirizzi di studio.<\/p>\n<p>E nell\u2019ambito del progetto MOVE, finanziato con il Fondo Sociale Europeo, 30 allievi ed allieve di classe terza dell\u2019Istituto Superiore di Feltre (sezioni \u201cNegrelli\u201d e \u201cColotti\u201d, foto) hanno partecipato all\u2019intervento di formazione linguistica a Dublino (Repubblica d\u2019Irlanda) accompagnati dalle docenti di inglese dell\u2019Istituto, referenti del progetto, Stefania Salton e Nicoletta Marini. L\u2019esperienza \u00e8 risultata di grande interesse per gli studenti coinvolti che ora proseguiranno il percorso di formazione linguistica presso l\u2019Istituto Superiore di Feltre per altre 16 ore di lezione, al termine delle quali sosterranno l\u2019esame di certificazione linguistica<\/p>\n<p>&nbsp;<\/p>\n<p>&nbsp;<\/p>\n<hr \/>\n<p>&nbsp;<\/p>\n<blockquote>\n<h3>NELLA GIORNATA NAZIONALE DEGLI ALBERI&#8230;LA FESTA DEGLI ALBERI<\/h3>\n<p><strong>BELLUNO<\/strong><\/p>\n<p><strong>DI DANIELE DALVIT<\/strong><\/p>\n<p>&nbsp;<\/p>\n\n\t\t\t<style type='text\/css'>\n\t\t\t\t#gallery-3 {\n\t\t\t\t\tmargin: auto;\n\t\t\t\t}\n\t\t\t\t#gallery-3 .gallery-item {\n\t\t\t\t\tfloat: left;\n\t\t\t\t\tmargin-top: 10px;\n\t\t\t\t\ttext-align: center;\n\t\t\t\t\twidth: 33%;\n\t\t\t\t}\n\t\t\t\t#gallery-3 img {\n\t\t\t\t\tborder: 2px solid #cfcfcf;\n\t\t\t\t}\n\t\t\t\t#gallery-3 .gallery-caption {\n\t\t\t\t\tmargin-left: 0;\n\t\t\t\t}\n\t\t\t\t\/* see gallery_shortcode() in wp-includes\/media.php *\/\n\t\t\t<\/style>\n\t\t<div id='gallery-3' class='dt-gallery-container gallery galleryid-307429 gallery-columns-3 gallery-size-thumbnail'><dl class='gallery-item'>\n\t\t\t\t<dt class='gallery-icon landscape'>\n\t\t\t\t\t<a class=\"rollover rollover-zoom dt-pswp-item\" title=\"b207ccd2-e581-4aaa-b2ed-fd6d2993c13a\" data-dt-img-description=\"\" data-large_image_width=\"1600\" data-large_image_height=\"738\"href='https:\/\/www.radiopiu.net\/wordpress\/wp-content\/uploads\/2022\/11\/b207ccd2-e581-4aaa-b2ed-fd6d2993c13a.jpg'><img loading=\"lazy\" decoding=\"async\" width=\"150\" height=\"150\" src=\"https:\/\/www.radiopiu.net\/wordpress\/wp-content\/uploads\/2022\/11\/b207ccd2-e581-4aaa-b2ed-fd6d2993c13a-150x150.jpg\" class=\"attachment-thumbnail size-thumbnail\" alt=\"\" aria-describedby=\"gallery-3-307607\" \/><\/a>\n\t\t\t\t<\/dt>\n\t\t\t\t\t<dd class='wp-caption-text gallery-caption' id='gallery-3-307607'>\n\t\t\t\t\tBELLUNO\n\t\t\t\t\t<\/dd><\/dl><dl class='gallery-item'>\n\t\t\t\t<dt class='gallery-icon landscape'>\n\t\t\t\t\t<a class=\"rollover rollover-zoom dt-pswp-item\" title=\"e9d44038-8db0-4cab-a931-fb90e1b4a421\" data-dt-img-description=\"\" data-large_image_width=\"1075\" data-large_image_height=\"566\"href='https:\/\/www.radiopiu.net\/wordpress\/wp-content\/uploads\/2022\/11\/e9d44038-8db0-4cab-a931-fb90e1b4a421.jpg'><img loading=\"lazy\" decoding=\"async\" width=\"150\" height=\"150\" src=\"https:\/\/www.radiopiu.net\/wordpress\/wp-content\/uploads\/2022\/11\/e9d44038-8db0-4cab-a931-fb90e1b4a421-150x150.jpg\" class=\"attachment-thumbnail size-thumbnail\" alt=\"\" aria-describedby=\"gallery-3-307608\" \/><\/a>\n\t\t\t\t<\/dt>\n\t\t\t\t\t<dd class='wp-caption-text gallery-caption' id='gallery-3-307608'>\n\t\t\t\t\tBELLUNO\n\t\t\t\t\t<\/dd><\/dl><dl class='gallery-item'>\n\t\t\t\t<dt class='gallery-icon portrait'>\n\t\t\t\t\t<a class=\"rollover rollover-zoom dt-pswp-item\" title=\"1101f7cc-a387-4aa3-b8cf-22884d37ce50\" data-dt-img-description=\"\" data-large_image_width=\"738\" data-large_image_height=\"1600\"href='https:\/\/www.radiopiu.net\/wordpress\/wp-content\/uploads\/2022\/11\/1101f7cc-a387-4aa3-b8cf-22884d37ce50.jpg'><img loading=\"lazy\" decoding=\"async\" width=\"150\" height=\"150\" src=\"https:\/\/www.radiopiu.net\/wordpress\/wp-content\/uploads\/2022\/11\/1101f7cc-a387-4aa3-b8cf-22884d37ce50-150x150.jpg\" class=\"attachment-thumbnail size-thumbnail\" alt=\"\" aria-describedby=\"gallery-3-307609\" \/><\/a>\n\t\t\t\t<\/dt>\n\t\t\t\t\t<dd class='wp-caption-text gallery-caption' id='gallery-3-307609'>\n\t\t\t\t\tBELLUNO\n\t\t\t\t\t<\/dd><\/dl><br style=\"clear: both\" \/><dl class='gallery-item'>\n\t\t\t\t<dt class='gallery-icon landscape'>\n\t\t\t\t\t<a class=\"rollover rollover-zoom dt-pswp-item\" title=\"1669025587810\" data-dt-img-description=\"\" data-large_image_width=\"2560\" data-large_image_height=\"1440\"href='https:\/\/www.radiopiu.net\/wordpress\/wp-content\/uploads\/2022\/11\/1669025587810-1-scaled.jpg'><img loading=\"lazy\" decoding=\"async\" width=\"150\" height=\"150\" src=\"https:\/\/www.radiopiu.net\/wordpress\/wp-content\/uploads\/2022\/11\/1669025587810-1-150x150.jpg\" class=\"attachment-thumbnail size-thumbnail\" alt=\"\" aria-describedby=\"gallery-3-307610\" \/><\/a>\n\t\t\t\t<\/dt>\n\t\t\t\t\t<dd class='wp-caption-text gallery-caption' id='gallery-3-307610'>\n\t\t\t\t\tFELTREBELLU\n\t\t\t\t\t<\/dd><\/dl><dl class='gallery-item'>\n\t\t\t\t<dt class='gallery-icon landscape'>\n\t\t\t\t\t<a class=\"rollover rollover-zoom dt-pswp-item\" title=\"1669025587836\" data-dt-img-description=\"\" data-large_image_width=\"2560\" data-large_image_height=\"1440\"href='https:\/\/www.radiopiu.net\/wordpress\/wp-content\/uploads\/2022\/11\/1669025587836-1-scaled.jpg'><img loading=\"lazy\" decoding=\"async\" width=\"150\" height=\"150\" src=\"https:\/\/www.radiopiu.net\/wordpress\/wp-content\/uploads\/2022\/11\/1669025587836-1-150x150.jpg\" class=\"attachment-thumbnail size-thumbnail\" alt=\"\" aria-describedby=\"gallery-3-307611\" \/><\/a>\n\t\t\t\t<\/dt>\n\t\t\t\t\t<dd class='wp-caption-text gallery-caption' id='gallery-3-307611'>\n\t\t\t\t\tFELTRE\n\t\t\t\t\t<\/dd><\/dl><dl class='gallery-item'>\n\t\t\t\t<dt class='gallery-icon landscape'>\n\t\t\t\t\t<a class=\"rollover rollover-zoom dt-pswp-item\" title=\"1669025587865\" data-dt-img-description=\"\" data-large_image_width=\"2560\" data-large_image_height=\"1440\"href='https:\/\/www.radiopiu.net\/wordpress\/wp-content\/uploads\/2022\/11\/1669025587865-1-scaled.jpg'><img loading=\"lazy\" decoding=\"async\" width=\"150\" height=\"150\" src=\"https:\/\/www.radiopiu.net\/wordpress\/wp-content\/uploads\/2022\/11\/1669025587865-1-150x150.jpg\" class=\"attachment-thumbnail size-thumbnail\" alt=\"\" aria-describedby=\"gallery-3-307612\" \/><\/a>\n\t\t\t\t<\/dt>\n\t\t\t\t\t<dd class='wp-caption-text gallery-caption' id='gallery-3-307612'>\n\t\t\t\t\tFELTRE\n\t\t\t\t\t<\/dd><\/dl><br style=\"clear: both\" \/>\n\t\t\t<\/div>\n\n<p>&nbsp;<\/p><\/blockquote>\n<hr \/>\n<blockquote><p>&nbsp;<\/p>\n<h3>BRUNELLO CUCINELLI ED ESSILORLUXOTTICA, INSIEME PER IL PROSSIMO DECENNIO<\/h3>\n<\/blockquote>\n<p><strong><a class=\"dt-pswp-item\" href=\"https:\/\/www.radiopiu.net\/wordpress\/wp-content\/uploads\/2022\/11\/INBOX-433826.jpg\" data-dt-img-description=\"\" data-large_image_width=\"1280\" data-large_image_height=\"960\"><img loading=\"lazy\" decoding=\"async\" class=\"size-medium wp-image-307622 alignleft\" src=\"https:\/\/www.radiopiu.net\/wordpress\/wp-content\/uploads\/2022\/11\/INBOX-433826-300x225.jpg\" alt=\"\" width=\"300\" height=\"225\" srcset=\"https:\/\/www.radiopiu.net\/wordpress\/wp-content\/uploads\/2022\/11\/INBOX-433826-300x225.jpg 300w, https:\/\/www.radiopiu.net\/wordpress\/wp-content\/uploads\/2022\/11\/INBOX-433826-1024x768.jpg 1024w, https:\/\/www.radiopiu.net\/wordpress\/wp-content\/uploads\/2022\/11\/INBOX-433826-768x576.jpg 768w, https:\/\/www.radiopiu.net\/wordpress\/wp-content\/uploads\/2022\/11\/INBOX-433826.jpg 1280w\" sizes=\"auto, (max-width: 300px) 100vw, 300px\" \/><\/a>BELLUNO<\/strong>\u00a0 \u00a0La Casa di Moda Brunello Cucinelli ed EssilorLuxottica hanno firmato, presso Casa Cucinelli in Milano, un accordo esclusivo di licenza avente ad oggetto la progettazione, produzione e distribuzione di occhiali da vista e da sole \u201cBrunello Cucinelli\u201d, che legher\u00e0 le due realt\u00e0 per il prossimo decennio. Il nuovo accordo entrer\u00e0 in vigore il 1\u00b0 gennaio 2023 e durer\u00e0 fino al 31 dicembre 2032, con la prima collezione che uscir\u00e0 nel primo trimestre 2024, e rappresenta un\u2019estensione della collaborazione in corso tra le due societ\u00e0, che aveva visto nel 2021 il lancio della prima capsule di occhiali con il logo Brunello Cucinelli e Oliver Peoples, esclusivo marchio di EssilorLuxottica. La partnership trova ispirazione nella cultura e nella bellezza e si fonda sulla passione condivisa per la qualit\u00e0 superiore, l\u2019altissima artigianalit\u00e0, l&#8217;estetica raffinata e l&#8217;approccio sobrio al lusso. Prosegue cos\u00ec il bellissimo rapporto gi\u00e0 negli anni consolidatosi in virt\u00f9 di una comune visione, attenzione al bello, al gusto e all\u2019eleganza dello stile italiano, ma al tempo stesso anche di relazioni umane basate sulla reciproca stima e fiducia. Si tratta di una significativa proiezione nel tempo, pensata anche per rinsaldare ulteriormente l\u2019intesa tra le future generazioni delle rispettive imprese, come \u00e8 nella speranza di Brunello Cucinelli e dei suoi famigliari, che hanno sempre avuto in Leonardo Del Vecchio un modello di grande umanit\u00e0 oltre che di grande classe e raffinata competenza. Brunello Cucinelli, Presidente Esecutivo e Direttore Creativo della Casa di Moda ha commentato: \u00abQuesta scelta che abbiamo condiviso con la stimatissima EssilorLuxottica \u00e8 molto di pi\u00f9 di una firma. \u00c8 unatto di reciproco affetto e stima tra due realt\u00e0 che nascono dalla passione per la bellezza e per la cura delle cose fatte per bene. Con il compianto Leonardo Del Vecchio, del resto, ho sempre avuto un rapporto speciale e non dimenticher\u00f2 mai quando mi disse: \u201cGuarda Brunello, non so se gli occhiali sono belli, quello che posso dirti \u00e8 che sono fatti nel miglior modo possibile\u201d. \u00c8 una frase che sento molto vicina al mio modo di vedere il lavoro. Poi ho nel cuore quando, negli ultimi giorni della sua vita parlava della \u201cbella fabbrica\u201d di Agordo: per me \u00e8 valso come una vera e propria ispirazione e, non a caso, il nostro costante impegno \u00e8 diretto proprio a rendere sempre pi\u00f9 bella la nostra fabbrica di Solomeo. Anche per questo sono profondamente fiducioso per questa preziosa intesa che le nostre rispettive, nuove generazioni sono chiamate a coltivare per l\u2019avvenire\u00bb. Francesco Milleri, Presidente e CEO di EssilorLuxottica ha commentato: \u00abSiamo entusiasti di continuare il nostro viaggio con Brunello Cucinelli, un marchio di lifestyle di lusso che rappresenta il glamour dello stile italiano contemporaneo. Attraverso le nostre nuove collezioni, continueremo a offrire ai consumatori di tutto il mondo occhiali dal design e dalla lavorazione meravigliosi che incarnano il meglio dello stile Brunello Cucinelli\u00bb.<\/p>\n<p>&nbsp;<\/p>\n<p>&nbsp;<\/p>\n<hr \/>\n<p>&nbsp;<\/p>\n<blockquote>\n<h3>ANAS, RICERCA SU STILI DI GUIDA: GLI AUTOMOBILISTI SI AUTOPROMUOVONO, LA COLPA \u00c8 SEMPRE DEGLI ALTRI<\/h3>\n<\/blockquote>\n<p><strong><a class=\"dt-pswp-item\" href=\"https:\/\/www.radiopiu.net\/wordpress\/wp-content\/uploads\/2021\/06\/anas.png\" data-dt-img-description=\"\" data-large_image_width=\"299\" data-large_image_height=\"169\"><img loading=\"lazy\" decoding=\"async\" class=\"wp-image-213422 alignleft\" src=\"https:\/\/www.radiopiu.net\/wordpress\/wp-content\/uploads\/2021\/06\/anas.png\" alt=\"\" width=\"156\" height=\"88\" \/><\/a>ROMA <\/strong>Gli automobilisti al volante hanno una percezione di s\u00e9 e dei propri comportamenti decisamente indulgente e il dito puntato contro gli altri. I pericoli che causano incidenti o situazioni potenzialmente a rischio vengono attribuiti alle condotte altrui. \u00c8 la fotografia ai guidatori in viaggio, scattata dalla seconda edizione della ricerca sugli stili di guida degli utenti, commissionata da Anas (Gruppo FS Italiane) e condotta da CSA Research &#8211; Centro Statistica Aziendale &#8211; con interviste su un campione di oltre 3mila persone e con circa 5mila osservazioni dirette su strada, presentata nell\u2019ambito del convegno \u201cSicurezza stradale: obiettivo zero vittime\u201d organizzato in occasione della giornata mondiale in ricordo delle vittime della strada. La rilevazione condotta dall\u2019Istituto CSA Research evidenzia che il 54,1% dei conducenti non utilizza la freccia al momento del sorpasso. Nel 41,7% dei casi non vengono utilizzati i dispositivi per la ritenuta dei bambini nei sedili anteriori; la percentuale sale al 48,4% in caso di bambini nei sedili posteriori.<\/p>\n<p>&nbsp;<\/p>\n<p>&nbsp;<\/p>\n<hr \/>\n<p>&nbsp;<\/p>\n<p><em><strong>DI TIZIANO DE COL\u00a0<\/strong><\/em><\/p>\n\n\t\t\t<style type='text\/css'>\n\t\t\t\t#gallery-4 {\n\t\t\t\t\tmargin: auto;\n\t\t\t\t}\n\t\t\t\t#gallery-4 .gallery-item {\n\t\t\t\t\tfloat: left;\n\t\t\t\t\tmargin-top: 10px;\n\t\t\t\t\ttext-align: center;\n\t\t\t\t\twidth: 25%;\n\t\t\t\t}\n\t\t\t\t#gallery-4 img {\n\t\t\t\t\tborder: 2px solid #cfcfcf;\n\t\t\t\t}\n\t\t\t\t#gallery-4 .gallery-caption {\n\t\t\t\t\tmargin-left: 0;\n\t\t\t\t}\n\t\t\t\t\/* see gallery_shortcode() in wp-includes\/media.php *\/\n\t\t\t<\/style>\n\t\t<div id='gallery-4' class='dt-gallery-container gallery galleryid-307429 gallery-columns-4 gallery-size-thumbnail'><dl class='gallery-item'>\n\t\t\t\t<dt class='gallery-icon landscape'>\n\t\t\t\t\t<a class=\"rollover\" href='https:\/\/www.radiopiu.net\/wordpress\/giornale-radiopiu-22-novembre-2022-direttore-mirko-mezzacasa\/4c465d3b-b3f8-466e-bcc6-90a999a7c129-2\/'><img loading=\"lazy\" decoding=\"async\" width=\"150\" height=\"150\" src=\"https:\/\/www.radiopiu.net\/wordpress\/wp-content\/uploads\/2022\/11\/4c465d3b-b3f8-466e-bcc6-90a999a7c129-1-150x150.jpg\" class=\"attachment-thumbnail size-thumbnail\" alt=\"\" \/><\/a>\n\t\t\t\t<\/dt><\/dl><dl class='gallery-item'>\n\t\t\t\t<dt class='gallery-icon landscape'>\n\t\t\t\t\t<a class=\"rollover\" href='https:\/\/www.radiopiu.net\/wordpress\/giornale-radiopiu-22-novembre-2022-direttore-mirko-mezzacasa\/fd6df96d-7d07-4f8c-b438-04c2b6f81c9e-2\/'><img loading=\"lazy\" decoding=\"async\" width=\"150\" height=\"150\" src=\"https:\/\/www.radiopiu.net\/wordpress\/wp-content\/uploads\/2022\/11\/fd6df96d-7d07-4f8c-b438-04c2b6f81c9e-1-150x150.jpg\" class=\"attachment-thumbnail size-thumbnail\" alt=\"\" \/><\/a>\n\t\t\t\t<\/dt><\/dl><dl class='gallery-item'>\n\t\t\t\t<dt class='gallery-icon landscape'>\n\t\t\t\t\t<a class=\"rollover\" href='https:\/\/www.radiopiu.net\/wordpress\/giornale-radiopiu-22-novembre-2022-direttore-mirko-mezzacasa\/3b339ece-2e73-4f25-bcae-e0bf4c6d95f2-2\/'><img loading=\"lazy\" decoding=\"async\" width=\"150\" height=\"150\" src=\"https:\/\/www.radiopiu.net\/wordpress\/wp-content\/uploads\/2022\/11\/3b339ece-2e73-4f25-bcae-e0bf4c6d95f2-1-150x150.jpg\" class=\"attachment-thumbnail size-thumbnail\" alt=\"\" \/><\/a>\n\t\t\t\t<\/dt><\/dl><dl class='gallery-item'>\n\t\t\t\t<dt class='gallery-icon landscape'>\n\t\t\t\t\t<a class=\"rollover\" href='https:\/\/www.radiopiu.net\/wordpress\/giornale-radiopiu-22-novembre-2022-direttore-mirko-mezzacasa\/690be1e2-931b-4f21-aad1-de19492bb97e-2\/'><img loading=\"lazy\" decoding=\"async\" width=\"150\" height=\"150\" src=\"https:\/\/www.radiopiu.net\/wordpress\/wp-content\/uploads\/2022\/11\/690be1e2-931b-4f21-aad1-de19492bb97e-1-150x150.jpg\" class=\"attachment-thumbnail size-thumbnail\" alt=\"\" \/><\/a>\n\t\t\t\t<\/dt><\/dl><br style=\"clear: both\" \/>\n\t\t\t<\/div>\n\n<p>&nbsp;<\/p>\n<blockquote class=\"wp-embedded-content\" data-secret=\"Vch0cNSEuG\"><p><a href=\"https:\/\/www.radiopiu.net\/wordpress\/aziendazeronovembre21\/\">TRE DECESSI E 1406 NUOVE POSITIVITA&#8217; NELLE ULTIME 24 ORE IN VENETO. RICOVERI IN AUMENTO<\/a><\/p><\/blockquote>\n<p><iframe loading=\"lazy\" class=\"wp-embedded-content\" sandbox=\"allow-scripts\" security=\"restricted\" style=\"position: absolute; clip: rect(1px, 1px, 1px, 1px);\" title=\"&#8220;TRE DECESSI E 1406 NUOVE POSITIVITA&#8217; NELLE ULTIME 24 ORE IN VENETO. RICOVERI IN AUMENTO&#8221; &#8212; Radio Pi\u00f9\" src=\"https:\/\/www.radiopiu.net\/wordpress\/aziendazeronovembre21\/embed\/#?secret=1n3uJkdCKx#?secret=Vch0cNSEuG\" data-secret=\"Vch0cNSEuG\" width=\"600\" height=\"338\" frameborder=\"0\" marginwidth=\"0\" marginheight=\"0\" scrolling=\"no\"><\/iframe><\/p>\n<p>&nbsp;<\/p>\n<hr \/>\n<p>&nbsp;<\/p>\n<blockquote>\n<h3>L\u2019INVERNO DEMOGRAFICO DELL\u2019ITALIA: IL CALO DELLA POPOLAZIONE COLPISCE DI PI\u00d9 I PICCOLI COMUNI<\/h3>\n<\/blockquote>\n<p><strong><a class=\"dt-pswp-item\" href=\"https:\/\/www.radiopiu.net\/wordpress\/wp-content\/uploads\/2021\/03\/THINK-THANK-NORD-EST.png\" data-dt-img-description=\"\" data-large_image_width=\"340\" data-large_image_height=\"292\"><img loading=\"lazy\" decoding=\"async\" class=\" wp-image-197788 alignleft\" src=\"https:\/\/www.radiopiu.net\/wordpress\/wp-content\/uploads\/2021\/03\/THINK-THANK-NORD-EST-300x258.png\" alt=\"\" width=\"151\" height=\"130\" srcset=\"https:\/\/www.radiopiu.net\/wordpress\/wp-content\/uploads\/2021\/03\/THINK-THANK-NORD-EST-300x258.png 300w, https:\/\/www.radiopiu.net\/wordpress\/wp-content\/uploads\/2021\/03\/THINK-THANK-NORD-EST.png 340w\" sizes=\"auto, (max-width: 151px) 100vw, 151px\" \/><\/a>VENEZIA <\/strong>Piccoli e grandi Comuni d\u2019Italia siederanno fianco a fianco all\u2019Assemblea Nazionale Anci in programma in questi giorni a Bergamo. Eppure, dal 2012 ad oggi, secondo l\u2019analisi della Fondazione Think Tank Nord Est, che ha suddiviso i Comuni in classi sulla base del numero di abitanti, i 7.904 Municipi del Paese hanno mostrato tendenze demografiche differenti. Negli ultimi dieci anni si registra un calo generale della popolazione: in media tutti gli Enti locali mostrano trend negativi, ma con differenze anche significative a seconda delle dimensioni. Infatti, sono soprattutto i Municipi con meno di 3.000 abitanti ad evidenziare una forte diminuzione dei residenti: pi\u00f9 in generale, la performance peggiora man mano che diminuisce la dimensione demografica. Nel dettaglio, i micro Comuni con meno di 500 abitanti hanno perso in media l\u201911,6% della popolazione. Quelli con un numero di residenti compreso tra 500 e 1.000 hanno segnato un calo del 9%. I Municipi con una popolazione tra 1.000 e 3.000 cittadini evidenziano una flessione del 7%. Gli Enti locali con un totale di abitanti compreso tra 3.000 e 5.000 mostrano una diminuzione del 3,8%, mentre quelli con un numero di residenti compreso tra 5.000 e 10.000 sono in calo del 2,1%. Bisogna quindi arrivare ai Comuni con pi\u00f9 di 10 mila abitanti per osservare l\u2019andamento relativamente migliore: infatti si registra una sostanziale invarianza (-0,6%) tra 10.000 e 20.000 residenti, mentre nelle realt\u00e0 urbane con pi\u00f9 di 20.000 cittadini la diminuzione \u00e8 dell\u20191%.<\/p>\n\n\t\t\t<style type='text\/css'>\n\t\t\t\t#gallery-5 {\n\t\t\t\t\tmargin: auto;\n\t\t\t\t}\n\t\t\t\t#gallery-5 .gallery-item {\n\t\t\t\t\tfloat: left;\n\t\t\t\t\tmargin-top: 10px;\n\t\t\t\t\ttext-align: center;\n\t\t\t\t\twidth: 50%;\n\t\t\t\t}\n\t\t\t\t#gallery-5 img {\n\t\t\t\t\tborder: 2px solid #cfcfcf;\n\t\t\t\t}\n\t\t\t\t#gallery-5 .gallery-caption {\n\t\t\t\t\tmargin-left: 0;\n\t\t\t\t}\n\t\t\t\t\/* see gallery_shortcode() in wp-includes\/media.php *\/\n\t\t\t<\/style>\n\t\t<div id='gallery-5' class='dt-gallery-container gallery galleryid-307429 gallery-columns-2 gallery-size-medium'><dl class='gallery-item'>\n\t\t\t\t<dt class='gallery-icon landscape'>\n\t\t\t\t\t<a class=\"rollover rollover-zoom dt-pswp-item\" title=\"Schermata 2022-11-21 alle 12.30.28\" data-dt-img-description=\"\" data-large_image_width=\"1162\" data-large_image_height=\"748\"href='https:\/\/www.radiopiu.net\/wordpress\/wp-content\/uploads\/2022\/11\/Schermata-2022-11-21-alle-12.30.28.png'><img loading=\"lazy\" decoding=\"async\" width=\"300\" height=\"193\" src=\"https:\/\/www.radiopiu.net\/wordpress\/wp-content\/uploads\/2022\/11\/Schermata-2022-11-21-alle-12.30.28-300x193.png\" class=\"attachment-medium size-medium\" alt=\"\" srcset=\"https:\/\/www.radiopiu.net\/wordpress\/wp-content\/uploads\/2022\/11\/Schermata-2022-11-21-alle-12.30.28-300x193.png 300w, https:\/\/www.radiopiu.net\/wordpress\/wp-content\/uploads\/2022\/11\/Schermata-2022-11-21-alle-12.30.28-1024x659.png 1024w, https:\/\/www.radiopiu.net\/wordpress\/wp-content\/uploads\/2022\/11\/Schermata-2022-11-21-alle-12.30.28-768x494.png 768w, https:\/\/www.radiopiu.net\/wordpress\/wp-content\/uploads\/2022\/11\/Schermata-2022-11-21-alle-12.30.28.png 1162w\" sizes=\"auto, (max-width: 300px) 100vw, 300px\" \/><\/a>\n\t\t\t\t<\/dt><\/dl><dl class='gallery-item'>\n\t\t\t\t<dt class='gallery-icon landscape'>\n\t\t\t\t\t<a class=\"rollover rollover-zoom dt-pswp-item\" title=\"Schermata 2022-11-21 alle 12.30.42\" data-dt-img-description=\"\" data-large_image_width=\"1172\" data-large_image_height=\"944\"href='https:\/\/www.radiopiu.net\/wordpress\/wp-content\/uploads\/2022\/11\/Schermata-2022-11-21-alle-12.30.42.png'><img loading=\"lazy\" decoding=\"async\" width=\"300\" height=\"242\" src=\"https:\/\/www.radiopiu.net\/wordpress\/wp-content\/uploads\/2022\/11\/Schermata-2022-11-21-alle-12.30.42-300x242.png\" class=\"attachment-medium size-medium\" alt=\"\" srcset=\"https:\/\/www.radiopiu.net\/wordpress\/wp-content\/uploads\/2022\/11\/Schermata-2022-11-21-alle-12.30.42-300x242.png 300w, https:\/\/www.radiopiu.net\/wordpress\/wp-content\/uploads\/2022\/11\/Schermata-2022-11-21-alle-12.30.42-1024x825.png 1024w, https:\/\/www.radiopiu.net\/wordpress\/wp-content\/uploads\/2022\/11\/Schermata-2022-11-21-alle-12.30.42-768x619.png 768w, https:\/\/www.radiopiu.net\/wordpress\/wp-content\/uploads\/2022\/11\/Schermata-2022-11-21-alle-12.30.42.png 1172w\" sizes=\"auto, (max-width: 300px) 100vw, 300px\" \/><\/a>\n\t\t\t\t<\/dt><\/dl><br style=\"clear: both\" \/>\n\t\t\t<\/div>\n\n<p>&nbsp;<\/p>\n<hr \/>\n<p>&nbsp;<\/p>\n<p>&nbsp;<\/p>\n<blockquote>\n<h3><a class=\"dt-pswp-item\" href=\"https:\/\/www.radiopiu.net\/wordpress\/wp-content\/uploads\/2022\/11\/collett-alimentare-21-1.jpg\" data-dt-img-description=\"\" data-large_image_width=\"2080\" data-large_image_height=\"1552\"><img loading=\"lazy\" decoding=\"async\" class=\" wp-image-307591 alignleft\" src=\"https:\/\/www.radiopiu.net\/wordpress\/wp-content\/uploads\/2022\/11\/collett-alimentare-21-1-300x224.jpg\" alt=\"\" width=\"183\" height=\"137\" srcset=\"https:\/\/www.radiopiu.net\/wordpress\/wp-content\/uploads\/2022\/11\/collett-alimentare-21-1-300x224.jpg 300w, https:\/\/www.radiopiu.net\/wordpress\/wp-content\/uploads\/2022\/11\/collett-alimentare-21-1-1024x764.jpg 1024w, https:\/\/www.radiopiu.net\/wordpress\/wp-content\/uploads\/2022\/11\/collett-alimentare-21-1-768x573.jpg 768w, https:\/\/www.radiopiu.net\/wordpress\/wp-content\/uploads\/2022\/11\/collett-alimentare-21-1-1536x1146.jpg 1536w, https:\/\/www.radiopiu.net\/wordpress\/wp-content\/uploads\/2022\/11\/collett-alimentare-21-1-2048x1528.jpg 2048w\" sizes=\"auto, (max-width: 183px) 100vw, 183px\" \/><\/a>COLLETTA ALIMENTARE IN CADORE<\/h3>\n<\/blockquote>\n<p>La Giornata Nazionale della Colletta Alimentare si far\u00e0 anche quest&#8217;anno, si terr\u00e0 sabato dalle 8 alle 20, secondo gli orari di apertura degli esercizi commerciali in tutto il Cadore.\u00a0 I volontari saranno presenti nei supermercati per raccogliere quanto i bellunesi vorranno donare per aiutare chi ha bisogno. Tutte le derrate raccolte in Cadore saranno portate\u00a0 alla Caritas al magazzino centrale provinciale.\u00a0 Esiste comunque, anche quest&#8217;anno la possibilit\u00e0 per i cittadini che intendono partecipare alla colletta alimentare dare il loro contributo anche on line: oltre che sabato nei punti vendita dove saranno esposte le indicazioni, c&#8217;\u00e8 anche il sito per poterlo fare da casa, senza passare in negozio. Il sito \u00e8 https:\/\/www.collettaalimentare.it\/.<\/p>\n<hr \/>\n<blockquote>\n<h3><\/h3>\n<h3>LAVORO, CONCILIAZIONE E VIOLENZA DI GENERE: IL PUNTO DELLA CISL<\/h3>\n<\/blockquote>\n<p><strong>BELLUNO <\/strong><span style=\"color: #000000; font-family: Helvetica;\">In occasione della Giornata internazionale per l\u2019eliminazione della violenza contro le donne 2022 (25 novembre) Cisl Belluno Treviso con il Coordinamento Donne e per le Politiche di genere e le Pari opportunit\u00e0 convoca una conferenza stampa per fare il punto sulla condizione femminile nelle due province. L\u2019incontro si svolger\u00e0 in presenza sia a Treviso che a Belluno.\u00a0 <\/span><span style=\"color: #000000; font-family: Helvetica;\">L\u2019appuntamento \u00e8 per domani alle <\/span>10<span style=\"color: #000000; font-family: Helvetica;\"> in Sala Toigo della sede Cisl di <\/span>Belluno<span style=\"color: #000000; font-family: Helvetica;\"> in via Vittorio Veneto 284<\/span><\/p>\n<p>&nbsp;<\/p>\n<hr \/>\n<p>&nbsp;<\/p>\n<blockquote>\n<h3>VARIAZIONI AL BILANCIO E COMUNICAZIONI DI PAOLO FRENA<\/h3>\n<\/blockquote>\n<p><strong>AGORDO<\/strong>\u00a0 Il consiglio dell&#8217;Unione Montana Agordina \u00e8 convocato per lunedi alle 20 in sala Don Tamis. Due i punti sui quali deliberare, il provvedimento di variazione al bilancio di esercizio e le comunicazioni del Presidente Paolo Frena. In diretta sul sito internet e\u00a0 canali facebook di RADIOPIU<\/p>\n<p>&nbsp;<\/p>\n<hr \/>\n<p>&nbsp;<\/p>\n<blockquote>\n<h3>NICOLA BOTTER: LA SUA PASSIONE PER I VIAGGI MA SOPRATTUTTO PER LA CUCINA<\/h3>\n<\/blockquote>\n<p><strong>AGORDO<\/strong><\/p>\n<p>di Gianni Santomaso<\/p>\n<audio class=\"wp-audio-shortcode\" id=\"audio-307429-6\" preload=\"none\" style=\"width: 100%;\" controls=\"controls\"><source type=\"audio\/mpeg\" src=\"https:\/\/www.radiopiu.net\/wordpress\/wp-content\/uploads\/2022\/11\/GIANNI-VIVERE-AGORDINO-NICOLA-BOTTER.mp3?_=6\" \/><a href=\"https:\/\/www.radiopiu.net\/wordpress\/wp-content\/uploads\/2022\/11\/GIANNI-VIVERE-AGORDINO-NICOLA-BOTTER.mp3\">https:\/\/www.radiopiu.net\/wordpress\/wp-content\/uploads\/2022\/11\/GIANNI-VIVERE-AGORDINO-NICOLA-BOTTER.mp3<\/a><\/audio>\n<p>&nbsp;<\/p>\n\n\t\t\t<style type='text\/css'>\n\t\t\t\t#gallery-6 {\n\t\t\t\t\tmargin: auto;\n\t\t\t\t}\n\t\t\t\t#gallery-6 .gallery-item {\n\t\t\t\t\tfloat: left;\n\t\t\t\t\tmargin-top: 10px;\n\t\t\t\t\ttext-align: center;\n\t\t\t\t\twidth: 50%;\n\t\t\t\t}\n\t\t\t\t#gallery-6 img {\n\t\t\t\t\tborder: 2px solid #cfcfcf;\n\t\t\t\t}\n\t\t\t\t#gallery-6 .gallery-caption {\n\t\t\t\t\tmargin-left: 0;\n\t\t\t\t}\n\t\t\t\t\/* see gallery_shortcode() in wp-includes\/media.php *\/\n\t\t\t<\/style>\n\t\t<div id='gallery-6' class='dt-gallery-container gallery galleryid-307429 gallery-columns-2 gallery-size-thumbnail'><dl class='gallery-item'>\n\t\t\t\t<dt class='gallery-icon landscape'>\n\t\t\t\t\t<a class=\"rollover rollover-zoom dt-pswp-item\" title=\"f2c9bd65-2c0d-4894-b08b-bac8c0790a43\" data-dt-img-description=\"\" data-large_image_width=\"1600\" data-large_image_height=\"901\"href='https:\/\/www.radiopiu.net\/wordpress\/wp-content\/uploads\/2022\/11\/f2c9bd65-2c0d-4894-b08b-bac8c0790a43.jpg'><img loading=\"lazy\" decoding=\"async\" width=\"150\" height=\"150\" src=\"https:\/\/www.radiopiu.net\/wordpress\/wp-content\/uploads\/2022\/11\/f2c9bd65-2c0d-4894-b08b-bac8c0790a43-150x150.jpg\" class=\"attachment-thumbnail size-thumbnail\" alt=\"\" \/><\/a>\n\t\t\t\t<\/dt><\/dl><dl class='gallery-item'>\n\t\t\t\t<dt class='gallery-icon portrait'>\n\t\t\t\t\t<a class=\"rollover rollover-zoom dt-pswp-item\" title=\"0\" data-dt-img-description=\"\" data-large_image_width=\"1755\" data-large_image_height=\"1926\"href='https:\/\/www.radiopiu.net\/wordpress\/wp-content\/uploads\/2022\/11\/0.png'><img loading=\"lazy\" decoding=\"async\" width=\"150\" height=\"150\" src=\"https:\/\/www.radiopiu.net\/wordpress\/wp-content\/uploads\/2022\/11\/0-150x150.png\" class=\"attachment-thumbnail size-thumbnail\" alt=\"\" \/><\/a>\n\t\t\t\t<\/dt><\/dl><br style=\"clear: both\" \/>\n\t\t\t<\/div>\n\n<p>&nbsp;<\/p>\n<hr \/>\n<p>&nbsp;<\/p>\n<p>&nbsp;<\/p>\n<blockquote>\n<h3><a class=\"dt-pswp-item\" href=\"https:\/\/www.radiopiu.net\/wordpress\/wp-content\/uploads\/2022\/11\/download.jpg\" data-dt-img-description=\"\" data-large_image_width=\"379\" data-large_image_height=\"573\"><img loading=\"lazy\" decoding=\"async\" class=\" wp-image-307645 alignleft\" src=\"https:\/\/www.radiopiu.net\/wordpress\/wp-content\/uploads\/2022\/11\/download-198x300.jpg\" alt=\"\" width=\"90\" height=\"136\" srcset=\"https:\/\/www.radiopiu.net\/wordpress\/wp-content\/uploads\/2022\/11\/download-198x300.jpg 198w, https:\/\/www.radiopiu.net\/wordpress\/wp-content\/uploads\/2022\/11\/download.jpg 379w\" sizes=\"auto, (max-width: 90px) 100vw, 90px\" \/><\/a>UNO CHEF STELLATO PER COL MARGHERITA<\/h3>\n<\/blockquote>\n<p><strong>FALCADE<\/strong> La stagione nella Ski area San Pellegrino apre il 3 dicembre con una grande novit\u00e0, ai fornelli del rifugio InAlto a Col Margherita ci sar\u00e0 lo\u00a0 chef stellato Alfio Ghezzi, il\u00a0 cuoco\u00a0 del\u00a0 ristorante Senso Mart a Rovereto, si avvarr\u00e0 della collaborazione dello chef Gianluca Pittigher. Ghezzi \u00e8 noto alle cronache anche per le sue imprese col parapendio, come l&#8217;attraversata delle Alpi. Novit\u00e0 anche in cantina con Marco Donazzolo, restaurant manager<\/p>\n<p>&nbsp;<\/p>\n<p>&nbsp;<\/p>\n<hr \/>\n<p>&nbsp;<\/p>\n<blockquote>\n<h3>PATTINANDO ALL&#8217;OMBRA DEL DUOMO, C&#8217;E&#8217; L&#8217;ACCORDO COMUNE-PRIVATO<\/h3>\n<\/blockquote>\n<p><strong>BELLUNO<\/strong> Aprir\u00e0 a breve la pista da pattinaggio in Piazza Duomo a Belluno: l&#8217;amministrazione comunale ha infatti approvato la convenzione con il soggetto privato che gestir\u00e0 la struttura per i prossimi due mesi.<\/p>\n<p><strong>DI DANIELE DALVIT<\/strong><\/p>\n<audio class=\"wp-audio-shortcode\" id=\"audio-307429-7\" preload=\"none\" style=\"width: 100%;\" controls=\"controls\"><source type=\"audio\/mpeg\" src=\"https:\/\/www.radiopiu.net\/wordpress\/wp-content\/uploads\/2022\/11\/daniele-pattinaggio.mp3?_=7\" \/><a href=\"https:\/\/www.radiopiu.net\/wordpress\/wp-content\/uploads\/2022\/11\/daniele-pattinaggio.mp3\">https:\/\/www.radiopiu.net\/wordpress\/wp-content\/uploads\/2022\/11\/daniele-pattinaggio.mp3<\/a><\/audio>\n<p>&nbsp;<\/p>\n\n\t\t\t<style type='text\/css'>\n\t\t\t\t#gallery-7 {\n\t\t\t\t\tmargin: auto;\n\t\t\t\t}\n\t\t\t\t#gallery-7 .gallery-item {\n\t\t\t\t\tfloat: left;\n\t\t\t\t\tmargin-top: 10px;\n\t\t\t\t\ttext-align: center;\n\t\t\t\t\twidth: 50%;\n\t\t\t\t}\n\t\t\t\t#gallery-7 img {\n\t\t\t\t\tborder: 2px solid #cfcfcf;\n\t\t\t\t}\n\t\t\t\t#gallery-7 .gallery-caption {\n\t\t\t\t\tmargin-left: 0;\n\t\t\t\t}\n\t\t\t\t\/* see gallery_shortcode() in wp-includes\/media.php *\/\n\t\t\t<\/style>\n\t\t<div id='gallery-7' class='dt-gallery-container gallery galleryid-307429 gallery-columns-2 gallery-size-medium'><dl class='gallery-item'>\n\t\t\t\t<dt class='gallery-icon landscape'>\n\t\t\t\t\t<a class=\"rollover rollover-zoom dt-pswp-item\" title=\"adf2bd33-7fcb-48aa-b5de-c5bf46a93f70\" data-dt-img-description=\"\" data-large_image_width=\"2048\" data-large_image_height=\"1536\"href='https:\/\/www.radiopiu.net\/wordpress\/wp-content\/uploads\/2022\/11\/adf2bd33-7fcb-48aa-b5de-c5bf46a93f70.jpg'><img loading=\"lazy\" decoding=\"async\" width=\"300\" height=\"225\" src=\"https:\/\/www.radiopiu.net\/wordpress\/wp-content\/uploads\/2022\/11\/adf2bd33-7fcb-48aa-b5de-c5bf46a93f70-300x225.jpg\" class=\"attachment-medium size-medium\" alt=\"\" srcset=\"https:\/\/www.radiopiu.net\/wordpress\/wp-content\/uploads\/2022\/11\/adf2bd33-7fcb-48aa-b5de-c5bf46a93f70-300x225.jpg 300w, https:\/\/www.radiopiu.net\/wordpress\/wp-content\/uploads\/2022\/11\/adf2bd33-7fcb-48aa-b5de-c5bf46a93f70-1024x768.jpg 1024w, https:\/\/www.radiopiu.net\/wordpress\/wp-content\/uploads\/2022\/11\/adf2bd33-7fcb-48aa-b5de-c5bf46a93f70-768x576.jpg 768w, https:\/\/www.radiopiu.net\/wordpress\/wp-content\/uploads\/2022\/11\/adf2bd33-7fcb-48aa-b5de-c5bf46a93f70-1536x1152.jpg 1536w, https:\/\/www.radiopiu.net\/wordpress\/wp-content\/uploads\/2022\/11\/adf2bd33-7fcb-48aa-b5de-c5bf46a93f70.jpg 2048w\" sizes=\"auto, (max-width: 300px) 100vw, 300px\" \/><\/a>\n\t\t\t\t<\/dt><\/dl><dl class='gallery-item'>\n\t\t\t\t<dt class='gallery-icon landscape'>\n\t\t\t\t\t<a class=\"rollover rollover-zoom dt-pswp-item\" title=\"7cf72a3f-5aeb-459a-9d5a-a2f7cf513c6a\" data-dt-img-description=\"\" data-large_image_width=\"2048\" data-large_image_height=\"1536\"href='https:\/\/www.radiopiu.net\/wordpress\/wp-content\/uploads\/2022\/11\/7cf72a3f-5aeb-459a-9d5a-a2f7cf513c6a-1.jpg'><img loading=\"lazy\" decoding=\"async\" width=\"300\" height=\"225\" src=\"https:\/\/www.radiopiu.net\/wordpress\/wp-content\/uploads\/2022\/11\/7cf72a3f-5aeb-459a-9d5a-a2f7cf513c6a-1-300x225.jpg\" class=\"attachment-medium size-medium\" alt=\"\" srcset=\"https:\/\/www.radiopiu.net\/wordpress\/wp-content\/uploads\/2022\/11\/7cf72a3f-5aeb-459a-9d5a-a2f7cf513c6a-1-300x225.jpg 300w, https:\/\/www.radiopiu.net\/wordpress\/wp-content\/uploads\/2022\/11\/7cf72a3f-5aeb-459a-9d5a-a2f7cf513c6a-1-1024x768.jpg 1024w, https:\/\/www.radiopiu.net\/wordpress\/wp-content\/uploads\/2022\/11\/7cf72a3f-5aeb-459a-9d5a-a2f7cf513c6a-1-768x576.jpg 768w, https:\/\/www.radiopiu.net\/wordpress\/wp-content\/uploads\/2022\/11\/7cf72a3f-5aeb-459a-9d5a-a2f7cf513c6a-1-1536x1152.jpg 1536w, https:\/\/www.radiopiu.net\/wordpress\/wp-content\/uploads\/2022\/11\/7cf72a3f-5aeb-459a-9d5a-a2f7cf513c6a-1.jpg 2048w\" sizes=\"auto, (max-width: 300px) 100vw, 300px\" \/><\/a>\n\t\t\t\t<\/dt><\/dl><br style=\"clear: both\" \/>\n\t\t\t<\/div>\n\n<p>&nbsp;<\/p>\n<hr \/>\n<p>&nbsp;<\/p>\n<p>&nbsp;<\/p>\n<blockquote>\n<h2>PIETRO DALLA CORTE E GIOVANNI LARESE VINCITORI A SOSPIROLO<\/h2>\n<\/blockquote>\n<p><strong><a class=\"dt-pswp-item\" href=\"https:\/\/www.radiopiu.net\/wordpress\/wp-content\/uploads\/2022\/11\/premiati-scaled.jpeg\" data-dt-img-description=\"\" data-large_image_width=\"2560\" data-large_image_height=\"1707\"><img loading=\"lazy\" decoding=\"async\" class=\" wp-image-307584 alignleft\" src=\"https:\/\/www.radiopiu.net\/wordpress\/wp-content\/uploads\/2022\/11\/premiati-300x200.jpeg\" alt=\"\" width=\"342\" height=\"228\" srcset=\"https:\/\/www.radiopiu.net\/wordpress\/wp-content\/uploads\/2022\/11\/premiati-300x200.jpeg 300w, https:\/\/www.radiopiu.net\/wordpress\/wp-content\/uploads\/2022\/11\/premiati-1024x683.jpeg 1024w, https:\/\/www.radiopiu.net\/wordpress\/wp-content\/uploads\/2022\/11\/premiati-768x512.jpeg 768w, https:\/\/www.radiopiu.net\/wordpress\/wp-content\/uploads\/2022\/11\/premiati-1536x1024.jpeg 1536w, https:\/\/www.radiopiu.net\/wordpress\/wp-content\/uploads\/2022\/11\/premiati-2048x1365.jpeg 2048w\" sizes=\"auto, (max-width: 342px) 100vw, 342px\" \/><\/a>SOSPIROLO<\/strong> Si \u00e8 svolta\u00a0 al Centro civico di Sospirolo, la tredicesima edizione del concorso letterario &#8220;Sospirolo tra leggende e misteri\u201d promossa dalla Pro Loco \u201cMonti del Sole\u201d in collaborazione col Comune di Sospirolo. Presidente di giuria la nota scrittrice Antonia Arslan, cittadina onoraria di Sospirolo. 64 i testi pervenuti tra la sezione A (6-14 anni), che includeva anche lavori di gruppi di alunni o intere classi, e la B (dai 15 anni).<strong> Nella prima sezione<\/strong> si \u00e8 imposto il racconto \u201cIl lungo viaggio\u201d di Pietro Dalla Corte, 13 anni, di Belluno, dedicato al torrente Ardo. Segnalati \u201cUn giorno di scuola\u201d della classe IV della Scuola Primaria \u201cGregorio XVI\u201ddi Bolzano Bellunese, seguita dalle insegnanti Paola Zambelli ed Elisa Gabrielli (dove la natura diventa maestra ed educatrice), e \u201cPaesaggi\u201d di Sofia Tonin di Feltre della Scuola Secondaria di I grado paritaria &#8220;Vittorino da Feltre&#8221;, seguita dalla prof.ssa Sabina D&#8217;Isep \u00a0(testo dedicato al rapporto uomo-natura). <strong>Per la sezione B<\/strong> primo posto per \u201cIl paesaggio del cuore\u201d di Giovanni Larese di Belluno, dedicato alla figura di Ippolito Caffi e al suo rapporto con la terra-natale anche nella pittura. Segnalati quattro racconti: \u201cL&#8217;ascesa alla montagna misteriosa\u201d di Lina De Biasio di Alleghe (paesaggio come metafora di vita), \u201cBorgo Antico\u201d di Loretta Casagrande di Cison di Valmarino (confronto tra passato e presente), \u201cAttraverso il paesaggio\u201d di Cosetta Vedana di Sospirolo (il paesaggio tradotto in linguaggio poetico)\u00a0 e \u201cAl cagnon del Terne\u201d di Chiara Villabruna di Belluno (un paesaggio d\u2019infanzia visto in modo consolatorio). Hanno collaborato e patrocinato l\u2019iniziativa Provincia di Belluno, Unione montana Valbelluna, associazione culturale il Veses, Ana Sospirolo, latteria di Camolino.<\/p>\n<p>&nbsp;<\/p>\n<hr \/>\n<p>&nbsp;<\/p>\n<blockquote>\n<h2>Zecche e rischio di infezioni nei lavoratori esposti: al via uno studio<\/h2>\n<\/blockquote>\n<p><img loading=\"lazy\" decoding=\"async\" class=\"alignleft\" src=\"https:\/\/www.radiopiu.net\/wordpress\/wp-content\/uploads\/2022\/06\/zecca.jpg\" width=\"345\" height=\"230\" \/><strong>BELLUNO\u00a0<\/strong> <span style=\"font-family: Times New Roman, serif;\"><span style=\"font-size: medium;\"><span style=\"color: #222222;\"><span style=\"font-family: Arial, serif;\">L\u2019ulss Dolomiti ha autorizzato uno studio Studio osservazionale, no-profit \u201cValutazione del rischio di infezioni trasmesse da zecche in lavoratori esposti\u201d: oltre ad attivit\u00e0 clinica, a Belluno, riferimento per le patologia da zecche, \u00e8 attiva anche la ricerca scientifica. <\/span><\/span><\/span><\/span><span style=\"font-family: Times New Roman, serif;\"><span style=\"font-size: medium;\"><span style=\"color: #222222;\"><span style=\"font-family: Arial, serif;\">l Dipartimento di Medicina Molecolare, nel contesto di una collaborazione con l\u2019Istituto Zooprofilattico Sperimentale delle Venezie (IZSV<\/span><\/span><span style=\"color: #222222;\"><span style=\"font-family: Arial, serif;\">E<\/span><\/span><span style=\"color: #222222;\"><span style=\"font-family: Arial, serif;\">) e l\u2019Istituto Nazionale Assicurazione Infortuni sul Lavoro (INAIL) volta ad incrementare le conoscenze relative alle malattie trasmesse da zecche, promuove uno studio fisiopatologico per valutare il rischio di infezione da parte di patogeni trasmessi da zecche<\/span><\/span><span style=\"color: #222222;\"><span style=\"font-family: Arial, serif;\"><i>\u00a0<\/i><\/span><\/span><span style=\"color: #222222;\"><span style=\"font-family: Arial, serif;\">in lavoratori \u201cesposti\u201d rispetto a soggetti \u201cnon esposti\u201d. <\/span><\/span><\/span><\/span><span style=\"font-family: Times New Roman, serif;\"><span style=\"font-size: medium;\"><span style=\"color: #222222;\"><span style=\"font-family: Arial, serif;\">\u00abData la peculiare localizzazione geografica dell\u2019Ospedale di Belluno, e della nota presenza di diversi patogeni trasmessi da zecche nel territorio di competenza, il Promotore ha richiesto alla UOC Laboratorio Analisi di Belluno di condurre uno studio volto alla determinazione della sieroprevalenza dei principali patogeni circolanti nelle zecche al fine di valutare se l\u2019esposizione all\u2019ambiente silvestre ed ad animali selvatici sia un fattore di rischio per quei professionisti che possono avere rischi maggiori di contatto con le zecche. In parallelo, verranno anche analizzati i dati d\u2019archivio relativi agli esami diagnostici condotti dal 2015 per valutare il trend delle infezioni trasmesse da zecche diagnosticate nel territorio di competenza. Questa attivit\u00e0 rappresenta uno studio pilota per una prima valutazione della sieroprevalenza delle principali malattie trasmesse da zecche nel territorio bellunese e del loro impatto in termini di attivit\u00e0 diagnostica, nell\u2019ottica di uno studio futuro che idealmente possa coinvolgere tutto il nordest\u00bb, spiega Gerardo Del Giudice,direttore del Laboratorio Analisi di Belluno. <\/span><\/span><\/span><\/span><span style=\"font-family: Times New Roman, serif;\"><span style=\"font-size: medium;\"><span style=\"color: #222222;\"><span style=\"font-family: Arial, serif;\">\u00abLo studio che proponiamo \u00e8 parte di un progetto pi\u00f9 ampio coordinato dal Prof. Cristiano Salata (Dipartimento di Medicina Molecolare, Universit\u00e0 degli Studi di Padova), finanziato nell\u2019ambito dei Progetti in collaborazione dell\u2019INAIL, il cui titolo \u00e8 \u201cSviluppo di sistemi integrati per la gestione di dati geo-epidemiologici per la valutazione e prevenzione del rischio occupazionale da zoonosi trasmesse da zecche\u201d. Questo progetto ha come obiettivo generale quello di sviluppare un modello di valutazione del rischio per le malattie trasmesse da zecche che fornisca indicazioni sulla natura e l&#8217;entit\u00e0 di tale rischio nelle categorie professionali maggiormente esposte alle zecche nel nordest Italia e potenzialmente in altre regioni, consentendo altres\u00ec la realizzazione di un portale web dedicato alla comunicazione di informazioni legate al rischio di infezioni veicolate da zecche e alle misure di prevenzione\u00bb conclude Del Giudice. <\/span><\/span><\/span><\/span><span style=\"color: #222222;\"><span style=\"font-family: Arial, serif;\"><span style=\"font-size: medium;\">I dati saranno condivisi anche col Dipartimento di Prevenzione dell\u2019Ulss Dolomiti.<\/span><\/span><\/span><\/p>\n<p>&nbsp;<\/p>\n<p>&nbsp;<\/p>\n<p>&nbsp;<\/p>\n<p>&nbsp;<\/p>\n<hr \/>\n<p>&nbsp;<\/p>\n<p>&nbsp;<\/p>\n<blockquote>\n<h3><span style=\"font-size: large;\"><b>Mig 2022 premia la famiglia Giolitti, cinque generazioni di storia e gelaterie sparse in tutto il mondo<\/b><\/span><\/h3>\n<\/blockquote>\n<p><i><b>La cerimonia mercoled\u00ec 30 novembre alle 15<\/b><\/i><\/p>\n<p>Un riconoscimento all\u2019autenticit\u00e0 e al Made in Italy, a quel sapere artigiano che diventa storia. Mig 2022 premier\u00e0 la famiglia Giolitti, che ha scritto pagine di storia non solo nel campo della gelateria artigianale, ma anche nelle vicende del Bel Paese. Arrivata alla quinta generazione, manda avanti lo storico locale nel cuore di Roma, a due passi dalla Camera dei Deputati e da Palazzo Chigi, meta di visitatori, golosi e vip. Ed esporta il gusto e il sapore italiano in giro per il mondo. Da qui nasce il premio che mercoled\u00ec prossimo verr\u00e0 consegnato a Nazzareno Giolitti, caposquadra della quarta generazione di gelatieri.<\/p>\n\n\t\t\t<style type='text\/css'>\n\t\t\t\t#gallery-8 {\n\t\t\t\t\tmargin: auto;\n\t\t\t\t}\n\t\t\t\t#gallery-8 .gallery-item {\n\t\t\t\t\tfloat: left;\n\t\t\t\t\tmargin-top: 10px;\n\t\t\t\t\ttext-align: center;\n\t\t\t\t\twidth: 25%;\n\t\t\t\t}\n\t\t\t\t#gallery-8 img {\n\t\t\t\t\tborder: 2px solid #cfcfcf;\n\t\t\t\t}\n\t\t\t\t#gallery-8 .gallery-caption {\n\t\t\t\t\tmargin-left: 0;\n\t\t\t\t}\n\t\t\t\t\/* see gallery_shortcode() in wp-includes\/media.php *\/\n\t\t\t<\/style>\n\t\t<div id='gallery-8' class='dt-gallery-container gallery galleryid-307429 gallery-columns-4 gallery-size-thumbnail'><dl class='gallery-item'>\n\t\t\t\t<dt class='gallery-icon landscape'>\n\t\t\t\t\t<a class=\"rollover rollover-zoom dt-pswp-item\" title=\"giolitti-storia\" data-dt-img-description=\"\" data-large_image_width=\"500\" data-large_image_height=\"336\"href='https:\/\/www.radiopiu.net\/wordpress\/wp-content\/uploads\/2022\/11\/giolitti-storia.jpg'><img loading=\"lazy\" decoding=\"async\" width=\"150\" height=\"150\" src=\"https:\/\/www.radiopiu.net\/wordpress\/wp-content\/uploads\/2022\/11\/giolitti-storia-150x150.jpg\" class=\"attachment-thumbnail size-thumbnail\" alt=\"\" \/><\/a>\n\t\t\t\t<\/dt><\/dl><dl class='gallery-item'>\n\t\t\t\t<dt class='gallery-icon landscape'>\n\t\t\t\t\t<a class=\"rollover rollover-zoom dt-pswp-item\" title=\"vicario\" data-dt-img-description=\"\" data-large_image_width=\"1100\" data-large_image_height=\"825\"href='https:\/\/www.radiopiu.net\/wordpress\/wp-content\/uploads\/2022\/11\/vicario.jpg'><img loading=\"lazy\" decoding=\"async\" width=\"150\" height=\"150\" src=\"https:\/\/www.radiopiu.net\/wordpress\/wp-content\/uploads\/2022\/11\/vicario-150x150.jpg\" class=\"attachment-thumbnail size-thumbnail\" alt=\"\" \/><\/a>\n\t\t\t\t<\/dt><\/dl><dl class='gallery-item'>\n\t\t\t\t<dt class='gallery-icon landscape'>\n\t\t\t\t\t<a class=\"rollover rollover-zoom dt-pswp-item\" title=\"eur\" data-dt-img-description=\"\" data-large_image_width=\"1100\" data-large_image_height=\"825\"href='https:\/\/www.radiopiu.net\/wordpress\/wp-content\/uploads\/2022\/11\/eur.jpg'><img loading=\"lazy\" decoding=\"async\" width=\"150\" height=\"150\" src=\"https:\/\/www.radiopiu.net\/wordpress\/wp-content\/uploads\/2022\/11\/eur-150x150.jpg\" class=\"attachment-thumbnail size-thumbnail\" alt=\"\" \/><\/a>\n\t\t\t\t<\/dt><\/dl><dl class='gallery-item'>\n\t\t\t\t<dt class='gallery-icon landscape'>\n\t\t\t\t\t<a class=\"rollover rollover-zoom dt-pswp-item\" title=\"01\" data-dt-img-description=\"\" data-large_image_width=\"1600\" data-large_image_height=\"1200\"href='https:\/\/www.radiopiu.net\/wordpress\/wp-content\/uploads\/2022\/11\/01.jpg'><img loading=\"lazy\" decoding=\"async\" width=\"150\" height=\"150\" src=\"https:\/\/www.radiopiu.net\/wordpress\/wp-content\/uploads\/2022\/11\/01-150x150.jpg\" class=\"attachment-thumbnail size-thumbnail\" alt=\"\" \/><\/a>\n\t\t\t\t<\/dt><\/dl><br style=\"clear: both\" \/>\n\t\t\t<\/div>\n\n<p>La storia del gelato Giolitti non ha certo intenzione di fermarsi. \u00c8 lanciatissima verso nuovi traguardi, senza mai abbandonare il know-how artigiano che l\u2019ha resa grande. Ed \u00e8 questo che sar\u00e0 premiato a Longarone, in occasione della Mig 2022 (in programma dal 27 al 30 novembre). La famiglia Giolitti ricever\u00e0 il premio \u201cMastri gelatieri\u201d mercoled\u00ec 30 alle 15. Un riconoscimento al gelato come simbolo del grande Made in Italy.<\/p>\n<p>&nbsp;<\/p>\n<p>&nbsp;<\/p>\n<hr \/>\n<p>&nbsp;<\/p>\n<blockquote>\n<h3>LA PRESENTAZIONE DELL&#8217;INDAGINE SU SPORT E CULTURA IN PROVINCIA<\/h3>\n<\/blockquote>\n<p><strong>BELLUNO<\/strong> Domani alle 11:30 nella sala riunioni del CSV di Belluno verr\u00e0 presentata la ricerca dal titolo \u201cUniverso sport e cultura in provincia di Belluno\u201d; si tratta di un\u2019indagine conoscitiva sulle associazioni affiliate ad Aics Belluno (Associazione italiana cultura sport) svolta proprio dall\u2019Aics provinciale in collaborazione con il Csv Belluno Treviso con l\u2019obiettivo di avere, dati in mano, un quadro fedele e preciso in riferimento alle richieste e necessit\u00e0 delle associazioni locali.<\/p>\n<p>&nbsp;<\/p>\n<p>&nbsp;<\/p>\n<hr \/>\n<p>&nbsp;<\/p>\n<blockquote>\n<h3>I CONSIGLI COMUNALI NELL&#8217;AGORDINO<\/h3>\n<\/blockquote>\n<p><strong>SELVA DI CADORE<\/strong> Il sindaco di Selva Di Cadore Luca Lorenzini ha convocato il consiglio comunale per venerd\u00ec alle 18. Saranno 6 i punti da discutere nella sala consigliare. Tra questi due variazioni al bilancio, la modifica del regolamento sull&#8217;imposta di soggiorno, l&#8217;assemblea ordinaria della societ\u00e0 Val Fiorentina SPA e l&#8217;approvazione della convenzione per l&#8217;istituzione e gestione della centrale unica di committenza con l&#8217;Unione Montana Agordina.<\/p>\n<p>&nbsp;<\/p>\n<p><strong>RIVAMONTE<\/strong> Saranno 4 i punti trattati nel consiglio comunale di Rivamonte convocato dal sindaco Giovanni Deon per mercoled\u00ec alle 18. Dopo la lettura e approvazione della seduta precedente, si approver\u00e0 il Documento unico di programmazione. In discussione anche la settima variazione a bilancio e l&#8217;affidamento in house providing della gestione del ciclo integrato dei rifiuti da parte del consiglio di bacino con l&#8217;atto d&#8217;indirizzo<\/p>\n<p>&nbsp;<\/p>\n<p>&nbsp;<\/p>\n<hr \/>\n<p>&nbsp;<\/p>\n<blockquote>\n<h3><span dir=\"ltr\" role=\"presentation\">AIUTI FINALIZZATI<\/span> <span dir=\"ltr\" role=\"presentation\">ALL&#8217;ACQUISTO<\/span> <span dir=\"ltr\" role=\"presentation\">DI <\/span><span dir=\"ltr\" role=\"presentation\">GENERI ALIMENTARI O PRODOTTI DI PRIMA<\/span> <span dir=\"ltr\" role=\"presentation\">NECESSIT\u00c0<\/span><\/h3>\n<\/blockquote>\n<p><strong>ALLEGHE<\/strong> Le<span dir=\"ltr\" role=\"presentation\"> persone e le famiglie residenti nel Comune che<\/span><span dir=\"ltr\" role=\"presentation\">, a causa degli effetti economici <\/span><span dir=\"ltr\" role=\"presentation\">derivanti dall\u2019emergenza epidemiologica<\/span> <span dir=\"ltr\" role=\"presentation\">dovuta alla diffusione del virus Covid<\/span><span dir=\"ltr\" role=\"presentation\">&#8211;<\/span><span dir=\"ltr\" role=\"presentation\">19,<\/span> <span dir=\"ltr\" role=\"presentation\">si trovino in uno <\/span><span dir=\"ltr\" role=\"presentation\">stato di bisogno per soddisfare le necessit\u00e0 pi\u00f9 urgenti ed essenziali<\/span><span dir=\"ltr\" role=\"presentation\">, <\/span><span dir=\"ltr\" role=\"presentation\">possono<\/span> <span dir=\"ltr\" role=\"presentation\">chiedere che vengano loro riconosciuti i buoni spesa per l&#8217;acquisto di generi alimentari o prodotti di prima necessit\u00e0. L<\/span><span dir=\"ltr\" role=\"presentation\">\u2019entit\u00e0 dell\u2019importo verr\u00e0 definito con successivo <\/span><span dir=\"ltr\" role=\"presentation\">provvedimento, partendo da un<\/span> <span dir=\"ltr\" role=\"presentation\">importo minimo di 50euro<\/span><span dir=\"ltr\" role=\"presentation\">, sulla base del numero dei <\/span><span dir=\"ltr\" role=\"presentation\">componenti il nucleo familiare e in consi<\/span><span dir=\"ltr\" role=\"presentation\">derazione delle necessit\u00e0 dichiarate dal richiedente. <\/span><span dir=\"ltr\" role=\"presentation\">Le richieste, <\/span><span dir=\"ltr\" role=\"presentation\">redatte sull\u2019apposito modulo dovranno <\/span><span dir=\"ltr\" role=\"presentation\">p<\/span><span dir=\"ltr\" role=\"presentation\">ervenire<\/span> <span dir=\"ltr\" role=\"presentation\">al<\/span> <span dir=\"ltr\" role=\"presentation\">Comune<\/span> <span dir=\"ltr\" role=\"presentation\">di<\/span> <span dir=\"ltr\" role=\"presentation\">Alleghe<\/span> <span dir=\"ltr\" role=\"presentation\">mediante<\/span> <span dir=\"ltr\" role=\"presentation\">invio<\/span> <span dir=\"ltr\" role=\"presentation\">di<\/span> <span dir=\"ltr\" role=\"presentation\">posta<\/span> <span dir=\"ltr\" role=\"presentation\">elettronica, s<\/span><span dir=\"ltr\" role=\"presentation\">olo via residuale<\/span> <span dir=\"ltr\" role=\"presentation\">la domanda potr\u00e0 essere presentata telefonicamente allo<\/span>\u00a0<span dir=\"ltr\" role=\"presentation\">0437 <\/span><span dir=\"ltr\" role=\"presentation\">523300<\/span> <span dir=\"ltr\" role=\"presentation\">dal luned\u00ec al venerd\u00ec<\/span> <span dir=\"ltr\" role=\"presentation\">dalle 8 alle 10<\/span><span dir=\"ltr\" role=\"presentation\">. <\/span><span dir=\"ltr\" role=\"presentation\">Il modulo \u00e8 scaricabile dal sito internet<\/span> <span dir=\"ltr\" role=\"presentation\">www.comune.alleghe.bl.it<\/span><span dir=\"ltr\" role=\"presentation\">, oppure ritirabile presso gli esercizi <\/span><span dir=\"ltr\" role=\"presentation\">comunali dei generi alimentari del territorio.<\/span><\/p>\n<p>&nbsp;<\/p>\n<p>&nbsp;<\/p>\n<hr \/>\n<p>&nbsp;<\/p>\n<blockquote>\n<h3>IMPRESE ED AVVENTURE, WILLIAM AD ATENE, I CADORINI ALLA DAKAR<\/h3>\n<\/blockquote>\n<p><strong><img loading=\"lazy\" decoding=\"async\" class=\"alignleft\" src=\"https:\/\/www.radiopiu.net\/wordpress\/wp-content\/uploads\/2018\/06\/WhatsApp-Image-2018-06-19-at-05.42.14.jpeg\" width=\"266\" height=\"200\" \/>LA VALLE AGORDINA<\/strong> RIeccolo, pronto per ripartire per un&#8217;altra avventura da quasi 500 chilometri. In questi mesi ne ha macinati parecchi sulle strade della Conca Agordina per prepararsi all&#8217;evento. William Da Roit ha deciso di ripartire per la settima Run Atene-Sparta-Atene, proprio cos\u00ec, questa volta non solo andata (come nell&#8217;occasione precedente) ma andata e ritorno, dal 24 novembre alle sei del mattino, 104 ore di tempo per chiudere la prova assieme ad altri 44 atleti, solo tre gli italiani ammessi, con William, Leonardo Curatolo e Francesca Ferraro<strong>. <\/strong>La manifestazione greca \u00e8 organizzata dal club dei corridori ateniesi che iscrive atleti di 14 nazioni. In bocca al lupo a William che RADIOPIU non mancher\u00e0 di seguire in questa ennesima impresa.<\/p>\n<p><strong>AUDIO ALLA RADIO<\/strong><\/p>\n<audio class=\"wp-audio-shortcode\" id=\"audio-307429-8\" preload=\"none\" style=\"width: 100%;\" controls=\"controls\"><source type=\"audio\/mpeg\" src=\"https:\/\/www.radiopiu.net\/wordpress\/wp-content\/uploads\/2022\/11\/william.mp3?_=8\" \/><a href=\"https:\/\/www.radiopiu.net\/wordpress\/wp-content\/uploads\/2022\/11\/william.mp3\">https:\/\/www.radiopiu.net\/wordpress\/wp-content\/uploads\/2022\/11\/william.mp3<\/a><\/audio>\n<p>&nbsp;<\/p>\n<p>&nbsp;<\/p>\n<p>&nbsp;<\/p>\n<blockquote>\n<h3><span style=\"color: #0000ff;\"><a class=\"dt-pswp-item\" href=\"https:\/\/www.radiopiu.net\/wordpress\/wp-content\/uploads\/2022\/11\/2e4f1f00-dbd6-4a1b-a757-07e2f86d88b8.jpg\" data-dt-img-description=\"\" data-large_image_width=\"1600\" data-large_image_height=\"1200\"><img loading=\"lazy\" decoding=\"async\" class=\"wp-image-305056 alignleft\" src=\"https:\/\/www.radiopiu.net\/wordpress\/wp-content\/uploads\/2022\/11\/2e4f1f00-dbd6-4a1b-a757-07e2f86d88b8-300x225.jpg\" alt=\"\" width=\"179\" height=\"134\" srcset=\"https:\/\/www.radiopiu.net\/wordpress\/wp-content\/uploads\/2022\/11\/2e4f1f00-dbd6-4a1b-a757-07e2f86d88b8-300x225.jpg 300w, https:\/\/www.radiopiu.net\/wordpress\/wp-content\/uploads\/2022\/11\/2e4f1f00-dbd6-4a1b-a757-07e2f86d88b8-1024x768.jpg 1024w, https:\/\/www.radiopiu.net\/wordpress\/wp-content\/uploads\/2022\/11\/2e4f1f00-dbd6-4a1b-a757-07e2f86d88b8-768x576.jpg 768w, https:\/\/www.radiopiu.net\/wordpress\/wp-content\/uploads\/2022\/11\/2e4f1f00-dbd6-4a1b-a757-07e2f86d88b8-1536x1152.jpg 1536w, https:\/\/www.radiopiu.net\/wordpress\/wp-content\/uploads\/2022\/11\/2e4f1f00-dbd6-4a1b-a757-07e2f86d88b8.jpg 1600w\" sizes=\"auto, (max-width: 179px) 100vw, 179px\" \/><\/a>L&#8217;AVVENTURA\u00a0<\/span><\/h3>\n<p>Equipaggio tutto cadorino per la Dakar<\/p><\/blockquote>\n<p><strong>DI BARBARA PAOLAZZI, RADIOCLUB 103<\/strong><\/p>\n<audio class=\"wp-audio-shortcode\" id=\"audio-307429-9\" preload=\"none\" style=\"width: 100%;\" controls=\"controls\"><source type=\"audio\/mpeg\" src=\"https:\/\/www.radiopiu.net\/wordpress\/wp-content\/uploads\/2022\/11\/barbara.mp3?_=9\" \/><a href=\"https:\/\/www.radiopiu.net\/wordpress\/wp-content\/uploads\/2022\/11\/barbara.mp3\">https:\/\/www.radiopiu.net\/wordpress\/wp-content\/uploads\/2022\/11\/barbara.mp3<\/a><\/audio>\n<p>&nbsp;<\/p>\n<hr \/>\n<p>&nbsp;<\/p>\n<blockquote>\n<h3>LE DIVINE A PALAZZO FULCIS<\/h3>\n<\/blockquote>\n<p><strong>BELLUNO<\/strong> Oggi alle 11 a Palazzo Fulcis di belluno verr\u00e0 presentata la seconda edizione di &#8220;Le Divine&#8221;. Sempre a Palazzo Fulcis la mostra fotografica di Alberto Bogo visitabile fino al 4 dicembre .<\/p>\n<p>&nbsp;<\/p>\n<p>&nbsp;<\/p>\n<hr \/>\n<p>&nbsp;<\/p>\n<blockquote>\n<h3>DOMANI L&#8217;INCONTRO SULL&#8217;ILLUMINAZIONE STRADALE PUBBLICA<\/h3>\n<\/blockquote>\n<p><strong>LOZZO DI CADORE<\/strong> Si svolger\u00e0 al Palazzo Pellegrini di Lozzo di Cadore un incontro in stretta collaborazione con il Comune di Lozzo di Cadore, il Comune di Virgen ed il GAL Alto Bellunese. Il tema sar\u00e0 l&#8217;illuminazione stradale pubblica. Nel corso dell\u2019incontro, verranno presentati: i risultati di progetto relativi alla mappatura dei punti luce ed integrazione nel Sistema Informativo Territoriale: il caso pilota di Lozzo di Cadore e la restituzione dei dati al pubblico, l&#8217;esperienza del Comune di Virgen per l&#8217;efficientamento dei sistemi di illuminazione pubblica. verso una gestione energetica efficiente: sistemi integrati di gestione e dialogo tra amministrazioni locali.<\/p>\n<p>&nbsp;<\/p>\n<p>&nbsp;<\/p>\n<hr \/>\n<p>&nbsp;<\/p>\n<blockquote>\n<h3>LA FIERA DI SANT&#8217;ANDREA A CENCENIGHE<\/h3>\n<\/blockquote>\n<p><strong>CENCENIGHE <\/strong>Sabato 26 e domenica 27 novembre a Cencenighe torna la Fiera di Sant&#8217;Andrea. Dalle 9 alle 19 all&#8217;interno della sala del Nof Fil\u00f2 il mercatino dell&#8217;artigianato e servizio bar con possibilit\u00e0 di pranzo con prodotti tipici. Dalle 10 alle 16 sul piazzale del municipio giri in pony e cavallo per bambini e ragazzi, esposizione degli animali sul piazzale, dimostrazione di ferratura di cavallo ed esibizione di scultura su legno. Novit\u00e0 dell&#8217;edizione 2022 nella sola giornata di sabato, in sala consigliare del comune, la proiezione della commedia dialettale \u201cTrafeg\u00e0 Bestiam\u201d che racconta la storia dell&#8217;antica fiera di Sant&#8217;Andrea. Nel pomeriggio di sabato alle 14:30 breve convegno con la presidente dell&#8217;associazione ACTO Triveneto Petra De Zanet sull&#8217;alleanza contro i tumori ginecologici.<\/p>\n<p>&nbsp;<\/p>\n<p>&nbsp;<\/p>\n<hr \/>\n<p>&nbsp;<\/p>\n<blockquote>\n<h3>RACCONTI FRA PENSIERI E RICORDI<\/h3>\n<\/blockquote>\n<p><strong>BELLUNO<\/strong> \u201cRacconti fra pensieri e ricordi\u201d. \u00c8 il titolo dell\u2019evento culturale che l\u2019Associazione Bellunesi nel Mondo organizza per venerd\u00ec 25 novembre a Belluno, presso la propria sede in via Cavour 3. Appuntamento alle 16.30. Ingresso libero. L\u2019evento, moderato da Patrizia Burigo, vicepresidente Abm e presidente del comitato di gestione della Biblioteca delle migrazioni \u201cDino Buzzati\u201d, vedr\u00e0 gli autori presentare e approfondire le loro opere, il loro percorso di vita e il loro legame con l\u2019emigrazione e con la terra di origine. Per maggiori informazioni \u00e8 possibile contattare l\u2019Associazione Bellunesi nel Mondo al numero 0437 941160 o all\u2019email <a class=\"moz-txt-link-abbreviated\" href=\"mailto:biblioteca.migrazioni@bellunesinelmondo.it\">biblioteca.migrazioni@bellunesinelmondo.it<\/a>.<\/p>\n<p>&nbsp;<\/p>\n<p>&nbsp;<\/p>\n<hr \/>\n<p>&nbsp;<\/p>\n<blockquote>\n<h3>UN INCONTRO SUL FUTURO DELL&#8217;AGRICOLTURA BELLUNESE<\/h3>\n<\/blockquote>\n<p><strong>BORGO VALBELLUNA<\/strong> Si terr\u00e0 venerd\u00ec nella sala San Felice di Trichiana un incontro sul futuro dell&#8217;agricoltura bellunese dal titolo &#8220;Difendi la tua salute e la tua terra&#8221;. Inizio alle 20:15. Interverranno l&#8217;agronomo Carlo Murer, Ernesto Roani medico endocrinologo, Danilo Gusatto ed Emanuele Prest. Coordiner\u00e0 l&#8217;incontro Ilario Tancon.<\/p>\n<p>&nbsp;<\/p>\n<hr \/>\n<p><strong><a class=\"dt-pswp-item\" href=\"https:\/\/www.radiopiu.net\/wordpress\/wp-content\/uploads\/2022\/11\/Locandina-Barbarina_LOGHI-TUTTI.jpg\" data-dt-img-description=\"\" data-large_image_width=\"826\" data-large_image_height=\"1169\">\u00a0<\/a><\/strong><\/p>\n<p><strong><a class=\"dt-pswp-item\" href=\"https:\/\/www.radiopiu.net\/wordpress\/wp-content\/uploads\/2022\/11\/Locandina-Barbarina_LOGHI-TUTTI.jpg\" data-dt-img-description=\"\" data-large_image_width=\"826\" data-large_image_height=\"1169\">\u00a0<\/a><\/strong><\/p>\n<p><strong><a class=\"dt-pswp-item\" href=\"https:\/\/www.radiopiu.net\/wordpress\/wp-content\/uploads\/2022\/11\/Locandina-Barbarina_LOGHI-TUTTI.jpg\" data-dt-img-description=\"\" data-large_image_width=\"826\" data-large_image_height=\"1169\"><img loading=\"lazy\" decoding=\"async\" class=\"size-medium wp-image-307574 alignleft\" src=\"https:\/\/www.radiopiu.net\/wordpress\/wp-content\/uploads\/2022\/11\/Locandina-Barbarina_LOGHI-TUTTI-212x300.jpg\" alt=\"\" width=\"212\" height=\"300\" srcset=\"https:\/\/www.radiopiu.net\/wordpress\/wp-content\/uploads\/2022\/11\/Locandina-Barbarina_LOGHI-TUTTI-212x300.jpg 212w, https:\/\/www.radiopiu.net\/wordpress\/wp-content\/uploads\/2022\/11\/Locandina-Barbarina_LOGHI-TUTTI-724x1024.jpg 724w, https:\/\/www.radiopiu.net\/wordpress\/wp-content\/uploads\/2022\/11\/Locandina-Barbarina_LOGHI-TUTTI-768x1087.jpg 768w, https:\/\/www.radiopiu.net\/wordpress\/wp-content\/uploads\/2022\/11\/Locandina-Barbarina_LOGHI-TUTTI.jpg 826w\" sizes=\"auto, (max-width: 212px) 100vw, 212px\" \/><\/a><\/strong><\/p>\n<blockquote>\n<h3>C&#8217;ERA UNA VOLTA&#8230; BARBARINA E I NOVE COLOMBI<\/h3>\n<\/blockquote>\n<p><strong>FELTRE\u00a0<\/strong> Gioved\u00ec 1 dicembre Alle 17.30 il Polo Bibliotecario di Feltre ospiter\u00e0 la presentazione del libro illustrato \u201cBarbarina e i nove colombi\u201d di Flavio Faoro e Marta Farina, vincitore nella sezione Best Illustration for Fiction 2019\u201d della dodicesima edizione del premio internazionale \u201cImage of the book\u201d di Mosca. All\u2019incontro interverr\u00e0 l\u2019Editore Roberto Da Re Giustiniani. Brani del libro letti da Silvana Vignaga.<\/p>\n<p>&nbsp;<\/p>\n<p>&nbsp;<\/p>\n<p>&nbsp;<\/p>\n<p>&nbsp;<\/p>\n<p>&nbsp;<\/p>\n<hr \/>\n<p>&nbsp;<\/p>\n<blockquote>\n<h3>DAL FOTO LIBRO DI ELIO ARICO&#8217;, QUANDO AUGUSTO MURER MODELLAVA L&#8217;ARGILLA<\/h3>\n<\/blockquote>\n<p>REDAZIONE Ancora alcune pagine di storia del fotografo romano Elio Arico&#8217;, ecco l&#8217;artista falcadino intento a modellare l&#8217;argilla<\/p>\n<p>&nbsp;<\/p>\n\n\t\t\t<style type='text\/css'>\n\t\t\t\t#gallery-9 {\n\t\t\t\t\tmargin: auto;\n\t\t\t\t}\n\t\t\t\t#gallery-9 .gallery-item {\n\t\t\t\t\tfloat: left;\n\t\t\t\t\tmargin-top: 10px;\n\t\t\t\t\ttext-align: center;\n\t\t\t\t\twidth: 33%;\n\t\t\t\t}\n\t\t\t\t#gallery-9 img {\n\t\t\t\t\tborder: 2px solid #cfcfcf;\n\t\t\t\t}\n\t\t\t\t#gallery-9 .gallery-caption {\n\t\t\t\t\tmargin-left: 0;\n\t\t\t\t}\n\t\t\t\t\/* see gallery_shortcode() in wp-includes\/media.php *\/\n\t\t\t<\/style>\n\t\t<div id='gallery-9' class='dt-gallery-container gallery galleryid-307429 gallery-columns-3 gallery-size-full'><dl class='gallery-item'>\n\t\t\t\t<dt class='gallery-icon landscape'>\n\t\t\t\t\t<a class=\"rollover rollover-zoom dt-pswp-item\" title=\"Diapositiva44\" data-dt-img-description=\"\" data-large_image_width=\"960\" data-large_image_height=\"720\"href='https:\/\/www.radiopiu.net\/wordpress\/wp-content\/uploads\/2022\/11\/Diapositiva44.jpg'><img loading=\"lazy\" decoding=\"async\" width=\"960\" height=\"720\" src=\"https:\/\/www.radiopiu.net\/wordpress\/wp-content\/uploads\/2022\/11\/Diapositiva44.jpg\" class=\"attachment-full size-full\" alt=\"\" srcset=\"https:\/\/www.radiopiu.net\/wordpress\/wp-content\/uploads\/2022\/11\/Diapositiva44.jpg 960w, https:\/\/www.radiopiu.net\/wordpress\/wp-content\/uploads\/2022\/11\/Diapositiva44-300x225.jpg 300w, https:\/\/www.radiopiu.net\/wordpress\/wp-content\/uploads\/2022\/11\/Diapositiva44-768x576.jpg 768w\" sizes=\"auto, (max-width: 960px) 100vw, 960px\" \/><\/a>\n\t\t\t\t<\/dt><\/dl><dl class='gallery-item'>\n\t\t\t\t<dt class='gallery-icon landscape'>\n\t\t\t\t\t<a class=\"rollover rollover-zoom dt-pswp-item\" title=\"Diapositiva45\" data-dt-img-description=\"\" data-large_image_width=\"960\" data-large_image_height=\"720\"href='https:\/\/www.radiopiu.net\/wordpress\/wp-content\/uploads\/2022\/11\/Diapositiva45.jpg'><img loading=\"lazy\" decoding=\"async\" width=\"960\" height=\"720\" src=\"https:\/\/www.radiopiu.net\/wordpress\/wp-content\/uploads\/2022\/11\/Diapositiva45.jpg\" class=\"attachment-full size-full\" alt=\"\" srcset=\"https:\/\/www.radiopiu.net\/wordpress\/wp-content\/uploads\/2022\/11\/Diapositiva45.jpg 960w, https:\/\/www.radiopiu.net\/wordpress\/wp-content\/uploads\/2022\/11\/Diapositiva45-300x225.jpg 300w, https:\/\/www.radiopiu.net\/wordpress\/wp-content\/uploads\/2022\/11\/Diapositiva45-768x576.jpg 768w\" sizes=\"auto, (max-width: 960px) 100vw, 960px\" \/><\/a>\n\t\t\t\t<\/dt><\/dl><dl class='gallery-item'>\n\t\t\t\t<dt class='gallery-icon landscape'>\n\t\t\t\t\t<a class=\"rollover rollover-zoom dt-pswp-item\" title=\"Diapositiva46\" data-dt-img-description=\"\" data-large_image_width=\"960\" data-large_image_height=\"720\"href='https:\/\/www.radiopiu.net\/wordpress\/wp-content\/uploads\/2022\/11\/Diapositiva46.jpg'><img loading=\"lazy\" decoding=\"async\" width=\"960\" height=\"720\" src=\"https:\/\/www.radiopiu.net\/wordpress\/wp-content\/uploads\/2022\/11\/Diapositiva46.jpg\" class=\"attachment-full size-full\" alt=\"\" srcset=\"https:\/\/www.radiopiu.net\/wordpress\/wp-content\/uploads\/2022\/11\/Diapositiva46.jpg 960w, https:\/\/www.radiopiu.net\/wordpress\/wp-content\/uploads\/2022\/11\/Diapositiva46-300x225.jpg 300w, https:\/\/www.radiopiu.net\/wordpress\/wp-content\/uploads\/2022\/11\/Diapositiva46-768x576.jpg 768w\" sizes=\"auto, (max-width: 960px) 100vw, 960px\" \/><\/a>\n\t\t\t\t<\/dt><\/dl><br style=\"clear: both\" \/><dl class='gallery-item'>\n\t\t\t\t<dt class='gallery-icon landscape'>\n\t\t\t\t\t<a class=\"rollover rollover-zoom dt-pswp-item\" title=\"Diapositiva47\" data-dt-img-description=\"\" data-large_image_width=\"960\" data-large_image_height=\"720\"href='https:\/\/www.radiopiu.net\/wordpress\/wp-content\/uploads\/2022\/11\/Diapositiva47.jpg'><img loading=\"lazy\" decoding=\"async\" width=\"960\" height=\"720\" src=\"https:\/\/www.radiopiu.net\/wordpress\/wp-content\/uploads\/2022\/11\/Diapositiva47.jpg\" class=\"attachment-full size-full\" alt=\"\" srcset=\"https:\/\/www.radiopiu.net\/wordpress\/wp-content\/uploads\/2022\/11\/Diapositiva47.jpg 960w, https:\/\/www.radiopiu.net\/wordpress\/wp-content\/uploads\/2022\/11\/Diapositiva47-300x225.jpg 300w, https:\/\/www.radiopiu.net\/wordpress\/wp-content\/uploads\/2022\/11\/Diapositiva47-768x576.jpg 768w\" sizes=\"auto, (max-width: 960px) 100vw, 960px\" \/><\/a>\n\t\t\t\t<\/dt><\/dl><dl class='gallery-item'>\n\t\t\t\t<dt class='gallery-icon landscape'>\n\t\t\t\t\t<a class=\"rollover rollover-zoom dt-pswp-item\" title=\"Diapositiva48\" data-dt-img-description=\"\" data-large_image_width=\"960\" data-large_image_height=\"720\"href='https:\/\/www.radiopiu.net\/wordpress\/wp-content\/uploads\/2022\/11\/Diapositiva48.jpg'><img loading=\"lazy\" decoding=\"async\" width=\"960\" height=\"720\" src=\"https:\/\/www.radiopiu.net\/wordpress\/wp-content\/uploads\/2022\/11\/Diapositiva48.jpg\" class=\"attachment-full size-full\" alt=\"\" srcset=\"https:\/\/www.radiopiu.net\/wordpress\/wp-content\/uploads\/2022\/11\/Diapositiva48.jpg 960w, https:\/\/www.radiopiu.net\/wordpress\/wp-content\/uploads\/2022\/11\/Diapositiva48-300x225.jpg 300w, https:\/\/www.radiopiu.net\/wordpress\/wp-content\/uploads\/2022\/11\/Diapositiva48-768x576.jpg 768w\" sizes=\"auto, (max-width: 960px) 100vw, 960px\" \/><\/a>\n\t\t\t\t<\/dt><\/dl><dl class='gallery-item'>\n\t\t\t\t<dt class='gallery-icon landscape'>\n\t\t\t\t\t<a class=\"rollover rollover-zoom dt-pswp-item\" title=\"Diapositiva49\" data-dt-img-description=\"\" data-large_image_width=\"960\" data-large_image_height=\"720\"href='https:\/\/www.radiopiu.net\/wordpress\/wp-content\/uploads\/2022\/11\/Diapositiva49.jpg'><img loading=\"lazy\" decoding=\"async\" width=\"960\" height=\"720\" src=\"https:\/\/www.radiopiu.net\/wordpress\/wp-content\/uploads\/2022\/11\/Diapositiva49.jpg\" class=\"attachment-full size-full\" alt=\"\" srcset=\"https:\/\/www.radiopiu.net\/wordpress\/wp-content\/uploads\/2022\/11\/Diapositiva49.jpg 960w, https:\/\/www.radiopiu.net\/wordpress\/wp-content\/uploads\/2022\/11\/Diapositiva49-300x225.jpg 300w, https:\/\/www.radiopiu.net\/wordpress\/wp-content\/uploads\/2022\/11\/Diapositiva49-768x576.jpg 768w\" sizes=\"auto, (max-width: 960px) 100vw, 960px\" \/><\/a>\n\t\t\t\t<\/dt><\/dl><br style=\"clear: both\" \/>\n\t\t\t<\/div>\n\n<p>&nbsp;<\/p>\n<p>&nbsp;<\/p>\n<p>&nbsp;<\/p>\n<hr \/>\n<h2><span style=\"color: #ff9900;\">\u00a0<\/span><\/h2>\n<h2><span style=\"color: #ff9900;\">IERI ALLA RADIO<\/span><\/h2>\n<blockquote>\n<h3>IL VOLLEY CLUB AGORDINO OSPITE DI RADIO PIU&#8217;<\/h3>\n<\/blockquote>\n<p><strong><a class=\"dt-pswp-item\" href=\"https:\/\/www.radiopiu.net\/wordpress\/wp-content\/uploads\/2022\/04\/VOLLEY-CLUB-AGORDINO.jpg\" data-dt-img-description=\"\" data-large_image_width=\"500\" data-large_image_height=\"512\"><img loading=\"lazy\" decoding=\"async\" class=\" wp-image-268787 alignleft\" src=\"https:\/\/www.radiopiu.net\/wordpress\/wp-content\/uploads\/2022\/04\/VOLLEY-CLUB-AGORDINO-293x300.jpg\" alt=\"\" width=\"116\" height=\"119\" srcset=\"https:\/\/www.radiopiu.net\/wordpress\/wp-content\/uploads\/2022\/04\/VOLLEY-CLUB-AGORDINO-293x300.jpg 293w, https:\/\/www.radiopiu.net\/wordpress\/wp-content\/uploads\/2022\/04\/VOLLEY-CLUB-AGORDINO.jpg 500w\" sizes=\"auto, (max-width: 116px) 100vw, 116px\" \/><\/a>di Marco Gaz<\/strong><\/p>\n<p>Ospiti: Livio De Nardin (allenatore), Alexandra Puglia (giocatrice prima squadra), Bianca Schena (giocatrice under 16) e Dina Luciani (presidente del Volley Club Agordino)<\/p>\n<audio class=\"wp-audio-shortcode\" id=\"audio-307429-10\" preload=\"none\" style=\"width: 100%;\" controls=\"controls\"><source type=\"audio\/mpeg\" src=\"https:\/\/www.radiopiu.net\/wordpress\/wp-content\/uploads\/2022\/11\/SPECIALE-VOLLEY-CLUB-AGORDINO.mp3?_=10\" \/><a href=\"https:\/\/www.radiopiu.net\/wordpress\/wp-content\/uploads\/2022\/11\/SPECIALE-VOLLEY-CLUB-AGORDINO.mp3\">https:\/\/www.radiopiu.net\/wordpress\/wp-content\/uploads\/2022\/11\/SPECIALE-VOLLEY-CLUB-AGORDINO.mp3<\/a><\/audio>\n<p>&nbsp;<\/p>\n<hr \/>\n<p>&nbsp;<\/p>\n<h2><span style=\"color: #333399;\">SALUTE &amp; SOCIETA&#8217;<\/span><\/h2>\n<p><strong><a class=\"dt-pswp-item\" href=\"https:\/\/www.radiopiu.net\/wordpress\/wp-content\/uploads\/2022\/11\/7a754e72-1eb8-bf29-5230-77d6c2f504ba.jpg\" data-dt-img-description=\"\" data-large_image_width=\"1200\" data-large_image_height=\"633\"><img loading=\"lazy\" decoding=\"async\" class=\" wp-image-307486 alignleft\" src=\"https:\/\/www.radiopiu.net\/wordpress\/wp-content\/uploads\/2022\/11\/7a754e72-1eb8-bf29-5230-77d6c2f504ba-300x158.jpg\" alt=\"\" width=\"199\" height=\"105\" srcset=\"https:\/\/www.radiopiu.net\/wordpress\/wp-content\/uploads\/2022\/11\/7a754e72-1eb8-bf29-5230-77d6c2f504ba-300x158.jpg 300w, https:\/\/www.radiopiu.net\/wordpress\/wp-content\/uploads\/2022\/11\/7a754e72-1eb8-bf29-5230-77d6c2f504ba-1024x540.jpg 1024w, https:\/\/www.radiopiu.net\/wordpress\/wp-content\/uploads\/2022\/11\/7a754e72-1eb8-bf29-5230-77d6c2f504ba-768x405.jpg 768w, https:\/\/www.radiopiu.net\/wordpress\/wp-content\/uploads\/2022\/11\/7a754e72-1eb8-bf29-5230-77d6c2f504ba.jpg 1200w\" sizes=\"auto, (max-width: 199px) 100vw, 199px\" \/><\/a>Paracetamolo e Covid 19 <\/strong>Nell\u2019ultimo anno e mezzo si \u00e8 sviluppato un animato dibattito sul ruolo del paracetamolo nei pazienti con Covid 19. \u00a0Il tema \u00e8 stato approfondito nel corso di un Media Tutorial dal titolo \u00a0\u201cAppropriatezza clinica nella gestione del paziente covid: paracetamolo tra disinformazione e fake news\u201d.<br \/>\n<strong>Screening del tumore del polmone\u00a0<\/strong>Lo screening del tumore del polmone potrebbe evitare ogni anno, in Italia, oltre 5mila decessi, consentendo di candidare i pazienti a un intervento chirurgico meno invasivo e al trattamento con farmaci innovativi.<\/p>\n<p><strong>LA PUNTATA DEL 21 NOVEMBRE 2021<\/strong><\/p>\n<audio class=\"wp-audio-shortcode\" id=\"audio-307429-11\" preload=\"none\" style=\"width: 100%;\" controls=\"controls\"><source type=\"audio\/mpeg\" src=\"https:\/\/www.radiopiu.net\/wordpress\/wp-content\/uploads\/2022\/11\/SALUTE-2.mp3?_=11\" \/><a href=\"https:\/\/www.radiopiu.net\/wordpress\/wp-content\/uploads\/2022\/11\/SALUTE-2.mp3\">https:\/\/www.radiopiu.net\/wordpress\/wp-content\/uploads\/2022\/11\/SALUTE-2.mp3<\/a><\/audio>\n<p>&nbsp;<\/p>\n<hr \/>\n<p>&nbsp;<\/p>\n<h2><span style=\"color: #00ffff;\">I RACCONTI DI PAOLO SOPPELSA<\/span><\/h2>\n<p><strong>NEBBIA DI QUASI INVERNO<\/strong><\/p>\n<p><strong>AUDIO<\/strong><\/p>\n<audio class=\"wp-audio-shortcode\" id=\"audio-307429-12\" preload=\"none\" style=\"width: 100%;\" controls=\"controls\"><source type=\"audio\/mpeg\" src=\"https:\/\/www.radiopiu.net\/wordpress\/wp-content\/uploads\/2022\/11\/PAOLO-SOPPELSA-nebbia-di-quasi-inverno.mp3?_=12\" \/><a href=\"https:\/\/www.radiopiu.net\/wordpress\/wp-content\/uploads\/2022\/11\/PAOLO-SOPPELSA-nebbia-di-quasi-inverno.mp3\">https:\/\/www.radiopiu.net\/wordpress\/wp-content\/uploads\/2022\/11\/PAOLO-SOPPELSA-nebbia-di-quasi-inverno.mp3<\/a><\/audio>\n<p>&nbsp;<\/p>\n<p><a class=\"dt-pswp-item\" href=\"https:\/\/www.radiopiu.net\/wordpress\/wp-content\/uploads\/2022\/11\/45834c22-7a31-4a82-b070-5eae0a763a96.jpg\" data-dt-img-description=\"\" data-large_image_width=\"1080\" data-large_image_height=\"586\"><img loading=\"lazy\" decoding=\"async\" class=\" wp-image-307380 alignleft\" src=\"https:\/\/www.radiopiu.net\/wordpress\/wp-content\/uploads\/2022\/11\/45834c22-7a31-4a82-b070-5eae0a763a96-300x163.jpg\" alt=\"\" width=\"190\" height=\"103\" srcset=\"https:\/\/www.radiopiu.net\/wordpress\/wp-content\/uploads\/2022\/11\/45834c22-7a31-4a82-b070-5eae0a763a96-300x163.jpg 300w, https:\/\/www.radiopiu.net\/wordpress\/wp-content\/uploads\/2022\/11\/45834c22-7a31-4a82-b070-5eae0a763a96-1024x556.jpg 1024w, https:\/\/www.radiopiu.net\/wordpress\/wp-content\/uploads\/2022\/11\/45834c22-7a31-4a82-b070-5eae0a763a96-768x417.jpg 768w, https:\/\/www.radiopiu.net\/wordpress\/wp-content\/uploads\/2022\/11\/45834c22-7a31-4a82-b070-5eae0a763a96.jpg 1080w\" sizes=\"auto, (max-width: 190px) 100vw, 190px\" \/><\/a>Era tempo di neve precoce, di freddo inverno che aveva gi\u00e0 avvolto la piccola citt\u00e0. Giorni umidi, foschie che a met\u00e0 pomeriggio si tramutavano in nebbia e la prima neve, che scintillava alla luce dei lampioni che ormai si accendevano alle sedici e trenta. Era tempo di fari, che al calar della sera correvano veloci e indifferenti lungo via Prade sciabolando lampi di luce che rischiaravano per un momento i severi cipressi che attendevano la notte imminente. Era a met\u00e0 pomeriggio che mi apprestavo ad inoltrarmi lungo il dritto viale alberato. Lasciavo il rumore di traffico e ad ogni passo mi avvicinavo a quel luogo di eterni silenzi; nel mezzo, lo stanco gorgogliare delle malinconiche acque del R\u00f9 delle Moneghe, il cui quieto scorrere accompagnava il mio camminare. Mentre il rumore di automobili andava sfumando, nella nebbia si materializzava il monumentale ingresso del camposanto. Appena varcato l&#8217;austero cancello inizi\u00f2 a nevicare; ed il silenzio divenne ancora pi\u00f9 silenzio. Candele consumate e fiori sfiniti raccontavano del due novembre che, per un giorno appena, aveva unito vivi e morti all&#8217;ombra dei cipressi. Un tacere di fine novembre regnava sul camposanto. Malinconie d&#8217;archi di pietra e muri giallini; e lapidi e statue e croci spuntavano severe dal bianco che andava ghiacciando. Foto in bianco e nero, talune invece a colori, date di nascita e di morte; e in mezzo a quelle date, la vita. Nell&#8217;intervallo scandito da quei freddi numeri d&#8217;ottone la storia di ognuna di quelle esistenze che ora vivevano un silenzio di neve. Sussurri che nel silenzio dell&#8217;imbrunire diventavano grida. Frasi auliche, parole severe che si scorgevano appena sulle antiche lapidi sbiadite. Sguardi vecchi di oltre un secolo incrociavano i miei occhi. Baffi all&#8217;ins\u00f9, cappelli neri, talvolta uniformi cariche di medaglie. E poi visi seri eppure gentili ornati da trecce e scriminature precise. Volti di persone che oggi sono anime raccontavano sottovoce, sul far di una sera di fine novembre, le loro vite diverse e lontane. Facce in bianco e nero ed echi di voci che si accavallavano nel quadrilatero di marmo e morte. E poi frusciare di quella neve nuova che si staccava dai tetti delle colombaie, giorno che andava morendo e tenui lumini ad illuminare porticati silenti. Croci di bronzo, fregi di pietra e lettere di ottone ossidato che componevano memorie e date intrise di pianto e dolore antico. Aldil\u00e0 degli archi, scure tombe emergevano dai prati imbiancati. E poi ancora altre croci e vasi, fiori rinsecchiti e lumini consumati e spenti. Altre anime vagavano lungo i viali fangosi e deserti sfiorando i muti cipressi. Poi la sera, con la neve che ghiaccia e il ghiaino che scricchiola. Era ora di andare, lasciando dietro ai puntuti cancelli i sussurri gridati da quelle anime che raccontavano storie lontane e forse quasi dimenticate.<\/p>\n<p>&nbsp;<\/p>\n<p>&nbsp;<\/p>\n<hr \/>\n<p>&nbsp;<\/p>\n<h2><strong><a class=\"dt-pswp-item\" href=\"https:\/\/www.radiopiu.net\/wordpress\/wp-content\/uploads\/2022\/11\/a50805cd-16e0-432e-9f53-f9d78660f361.jpg\" data-dt-img-description=\"\" data-large_image_width=\"1600\" data-large_image_height=\"757\"><img loading=\"lazy\" decoding=\"async\" class=\"size-medium wp-image-307308 alignleft\" src=\"https:\/\/www.radiopiu.net\/wordpress\/wp-content\/uploads\/2022\/11\/a50805cd-16e0-432e-9f53-f9d78660f361-300x142.jpg\" alt=\"\" width=\"300\" height=\"142\" srcset=\"https:\/\/www.radiopiu.net\/wordpress\/wp-content\/uploads\/2022\/11\/a50805cd-16e0-432e-9f53-f9d78660f361-300x142.jpg 300w, https:\/\/www.radiopiu.net\/wordpress\/wp-content\/uploads\/2022\/11\/a50805cd-16e0-432e-9f53-f9d78660f361-1024x484.jpg 1024w, https:\/\/www.radiopiu.net\/wordpress\/wp-content\/uploads\/2022\/11\/a50805cd-16e0-432e-9f53-f9d78660f361-768x363.jpg 768w, https:\/\/www.radiopiu.net\/wordpress\/wp-content\/uploads\/2022\/11\/a50805cd-16e0-432e-9f53-f9d78660f361-1536x727.jpg 1536w, https:\/\/www.radiopiu.net\/wordpress\/wp-content\/uploads\/2022\/11\/a50805cd-16e0-432e-9f53-f9d78660f361.jpg 1600w\" sizes=\"auto, (max-width: 300px) 100vw, 300px\" \/><\/a><\/strong><span style=\"color: #339966;\">LA RASSEGNA STAMPA DA L&#8217;AMICO DEL POPOLO<\/span><\/h2>\n<p><strong>di Gianni Santomaso<\/strong><\/p>\n<p>OSPITE: Giorgia Ascari<\/p>\n<audio class=\"wp-audio-shortcode\" id=\"audio-307429-13\" preload=\"none\" style=\"width: 100%;\" controls=\"controls\"><source type=\"audio\/mpeg\" src=\"https:\/\/www.radiopiu.net\/wordpress\/wp-content\/uploads\/2022\/11\/RASSEGNA-GIANNI-3.mp3?_=13\" \/><a href=\"https:\/\/www.radiopiu.net\/wordpress\/wp-content\/uploads\/2022\/11\/RASSEGNA-GIANNI-3.mp3\">https:\/\/www.radiopiu.net\/wordpress\/wp-content\/uploads\/2022\/11\/RASSEGNA-GIANNI-3.mp3<\/a><\/audio>\n<p>&nbsp;<\/p>\n<hr \/>\n<p>&nbsp;<\/p>\n<div>\n<div class=\"b654a4as d2edcug0\">\n<div class=\"rq0escxv hkbzh7o3 jwdofwj8 n8tt0mok r8blr3vg hyh9befq\">\n<p><a class=\"dt-pswp-item\" href=\"https:\/\/www.radiopiu.net\/wordpress\/wp-content\/uploads\/2020\/10\/pp.jpg\" data-dt-img-description=\"\" data-large_image_width=\"640\" data-large_image_height=\"640\"><img loading=\"lazy\" decoding=\"async\" class=\"wp-image-163678 alignleft\" src=\"https:\/\/www.radiopiu.net\/wordpress\/wp-content\/uploads\/2020\/10\/pp-300x300.jpg\" alt=\"\" width=\"106\" height=\"106\" srcset=\"https:\/\/www.radiopiu.net\/wordpress\/wp-content\/uploads\/2020\/10\/pp-300x300.jpg 300w, https:\/\/www.radiopiu.net\/wordpress\/wp-content\/uploads\/2020\/10\/pp-150x150.jpg 150w, https:\/\/www.radiopiu.net\/wordpress\/wp-content\/uploads\/2020\/10\/pp-125x125.jpg 125w, https:\/\/www.radiopiu.net\/wordpress\/wp-content\/uploads\/2020\/10\/pp-200x200.jpg 200w, https:\/\/www.radiopiu.net\/wordpress\/wp-content\/uploads\/2020\/10\/pp-80x80.jpg 80w, https:\/\/www.radiopiu.net\/wordpress\/wp-content\/uploads\/2020\/10\/pp-480x480.jpg 480w, https:\/\/www.radiopiu.net\/wordpress\/wp-content\/uploads\/2020\/10\/pp.jpg 640w\" sizes=\"auto, (max-width: 106px) 100vw, 106px\" \/><\/a><\/p>\n<\/div>\n<\/div>\n<\/div>\n<div>\n<div class=\"page-title-head hgroup\">\n<div class=\"page-title-head hgroup\">\n<div class=\"b654a4as d2edcug0\">\n<div class=\"j83agx80 btwxx1t3 lhclo0ds hop8lmos nkwizq5d scwd0bx6 roh60bw9\">\n<div class=\"rq0escxv hkbzh7o3 jwdofwj8 n8tt0mok r8blr3vg hyh9befq\">\n<div class=\"do00u71z l9j0dhe7 k4urcfbm\">\n<h2><span style=\"color: #000080;\">DON CESARE, IL PENSIERO DEL GIORNO. ALLA RADIO ALLE 7 DEL MATTINO E ALLE 19.30 DELLA SERA<\/span><\/h2>\n<audio class=\"wp-audio-shortcode\" id=\"audio-307429-14\" preload=\"none\" style=\"width: 100%;\" controls=\"controls\"><source type=\"audio\/mpeg\" src=\"https:\/\/www.radiopiu.net\/wordpress\/wp-content\/uploads\/2022\/11\/CESARE-13.mp3?_=14\" \/><a href=\"https:\/\/www.radiopiu.net\/wordpress\/wp-content\/uploads\/2022\/11\/CESARE-13.mp3\">https:\/\/www.radiopiu.net\/wordpress\/wp-content\/uploads\/2022\/11\/CESARE-13.mp3<\/a><\/audio>\n<\/div>\n<\/div>\n<\/div>\n<\/div>\n<\/div>\n<\/div>\n<\/div>\n<p>&nbsp;<\/p>\n<hr \/>\n<p>&nbsp;<\/p>\n<blockquote>\n<h3>PERCORSO DI FORMAZIONE E RIFLESSIONE CON LA CARITAS DI BELLUNO-FELTRE SUL TEMA: \u201cL\u2019ALTRO MI INTERESSA\u201d<\/h3>\n<\/blockquote>\n<p>DI\u00a0 RENATO BONA<\/p>\n<p><strong>BELLUNO<\/strong> La Caritas della Diocesi di Belluno-Feltre non perde l\u2019occasione del tempo liturgico dell\u2019Avvento per proporre alle comunit\u00e0 un percorso di formazione e riflessione che &#8211; come si pu\u00f2 leggere nel sito diocesano \u201cchiesabellunofeltre\u201d a firma del diacono Francesco D\u2019Alfonso &#8211; intende porre al centro \u201cla necessit\u00e0 di passare dall\u2019io al noi\u201d, con iniziative di carit\u00e0 operosa nei confronti dei pi\u00f9 deboli. Ecco che, sulla base del tema voluto da Papa Francesco per la sesta \u201cGiornata mondiale dei poveri\u201d, le comunit\u00e0 dei fedeli sono sollecitate \u201cad interrogarsi sul proprio impegno a superare il personalismo e l\u2019indifferenza e a discernere con quali modalit\u00e0 servire i pi\u00f9 deboli\u2026 affinch\u00e9 la salvezza diventi visibile nella nostra vita e nelle nostre relazioni\u201d. In questo contesto, la Caritas di Belluno-Feltre propone ai volontari delle Caritas parrocchialie a quanti altri intendano condividere questo impegno, un incontro di formazione per sabato 3 dicembre prossimo, dalle 15 alle 18, d operatori delle Caritas parrocchiali e delle associazioni solidaristico-.caritative sul tema di cui si \u00e8 detto sopra: \u201cL\u2019altro mi interessa\u201d. I lavori &#8211; l\u2019animazione sar\u00e0 a cura di don Davide Schiavon, direttore della Caritas diocesana di Treviso &#8211; si svolgeranno nella sede dell\u2019istituto salesiano \u201cAgosti\u201d di Piazza San Giovanni Bosco di Belluno. E\u2019 annunciata la partecipazione del vescovo mons. Renato Marangoni che presieder\u00e0 a partire dalle 18,30 la celebrazione della messa nella vicina parrocchiale di don Bosco. Dalle 19,30 buffet nei locali dell\u2019Oratorio e dalle 20,30, in chiesa, il concerto di cori \u201cVoci per la pace\u201d. Leggiamo ancora D\u2019Alfonso, direttore dell\u2019Ufficio pastorale diocesano per la carit\u00e0 oltre che collaboratore pastorale della parrocchia di Bolzano Bellunese: \u201cLa terza domenica di Avvento, quest\u2019anno l\u201911 dicembre prossimo, tradizionalmente considerata la \u2018Domenica della carit\u00e0 offre un\u2019occasione preziosa per sensibilizzare le comunit\u00e0 cristiane alle necessit\u00e0 di chi vive situazioni di disagio e di sofferenza, non solo qui nel nostro territorio, ma anche in luoghi del mondo divenuti veri e propri calvari per una umanit\u00e0 debole e dimenticata, particolarmente nell\u2019Ucraina, dove milioni di persone vivono in condizioni terribili, con scarsit\u00e0 di cibo, senza acqua n\u00e9 elettricit\u00e0 n\u00e9 cure mediche\u201d. In concreto viene suggerito di guardare ad alcuni obiettivi: sostenere i servizi Caritas di parrocchie e foranie, particolarmente i centri di ascolto; partecipare all\u2019impegno della Caritas diocesana per l\u2019emergenza Ucraina; sostenere l\u2019accoglienza e l\u2019inclusione sociale dei migranti e dei rifugiati molti dei quali vivono in un vero e proprio limbo. Conclude con l\u2019annuncio che la Caritas diocesana \u00e8 a disposizione delle Parrocchie e dei Coordinamenti foraniali per incontri e momenti formativi.<\/p>\n<p>&nbsp;<\/p>\n\n\t\t\t<style type='text\/css'>\n\t\t\t\t#gallery-10 {\n\t\t\t\t\tmargin: auto;\n\t\t\t\t}\n\t\t\t\t#gallery-10 .gallery-item {\n\t\t\t\t\tfloat: left;\n\t\t\t\t\tmargin-top: 10px;\n\t\t\t\t\ttext-align: center;\n\t\t\t\t\twidth: 16%;\n\t\t\t\t}\n\t\t\t\t#gallery-10 img {\n\t\t\t\t\tborder: 2px solid #cfcfcf;\n\t\t\t\t}\n\t\t\t\t#gallery-10 .gallery-caption {\n\t\t\t\t\tmargin-left: 0;\n\t\t\t\t}\n\t\t\t\t\/* see gallery_shortcode() in wp-includes\/media.php *\/\n\t\t\t<\/style>\n\t\t<div id='gallery-10' class='dt-gallery-container gallery galleryid-307429 gallery-columns-6 gallery-size-thumbnail'><dl class='gallery-item'>\n\t\t\t\t<dt class='gallery-icon portrait'>\n\t\t\t\t\t<a class=\"rollover rollover-zoom dt-pswp-item\" title=\"1\" data-dt-img-description=\"\" data-large_image_width=\"159\" data-large_image_height=\"225\"href='https:\/\/www.radiopiu.net\/wordpress\/wp-content\/uploads\/2022\/11\/1-4.jpg'><img loading=\"lazy\" decoding=\"async\" width=\"150\" height=\"150\" src=\"https:\/\/www.radiopiu.net\/wordpress\/wp-content\/uploads\/2022\/11\/1-4-150x150.jpg\" class=\"attachment-thumbnail size-thumbnail\" alt=\"\" \/><\/a>\n\t\t\t\t<\/dt><\/dl><dl class='gallery-item'>\n\t\t\t\t<dt class='gallery-icon landscape'>\n\t\t\t\t\t<a class=\"rollover rollover-zoom dt-pswp-item\" title=\"2\" data-dt-img-description=\"\" data-large_image_width=\"320\" data-large_image_height=\"202\"href='https:\/\/www.radiopiu.net\/wordpress\/wp-content\/uploads\/2022\/11\/2-4.jpg'><img loading=\"lazy\" decoding=\"async\" width=\"150\" height=\"150\" src=\"https:\/\/www.radiopiu.net\/wordpress\/wp-content\/uploads\/2022\/11\/2-4-150x150.jpg\" class=\"attachment-thumbnail size-thumbnail\" alt=\"\" \/><\/a>\n\t\t\t\t<\/dt><\/dl><dl class='gallery-item'>\n\t\t\t\t<dt class='gallery-icon landscape'>\n\t\t\t\t\t<a class=\"rollover rollover-zoom dt-pswp-item\" title=\"3\" data-dt-img-description=\"\" data-large_image_width=\"370\" data-large_image_height=\"203\"href='https:\/\/www.radiopiu.net\/wordpress\/wp-content\/uploads\/2022\/11\/3-3.jpg'><img loading=\"lazy\" decoding=\"async\" width=\"150\" height=\"150\" src=\"https:\/\/www.radiopiu.net\/wordpress\/wp-content\/uploads\/2022\/11\/3-3-150x150.jpg\" class=\"attachment-thumbnail size-thumbnail\" alt=\"\" \/><\/a>\n\t\t\t\t<\/dt><\/dl><dl class='gallery-item'>\n\t\t\t\t<dt class='gallery-icon portrait'>\n\t\t\t\t\t<a class=\"rollover rollover-zoom dt-pswp-item\" title=\"4\" data-dt-img-description=\"\" data-large_image_width=\"115\" data-large_image_height=\"173\"href='https:\/\/www.radiopiu.net\/wordpress\/wp-content\/uploads\/2022\/11\/4-3.jpg'><img loading=\"lazy\" decoding=\"async\" width=\"115\" height=\"150\" src=\"https:\/\/www.radiopiu.net\/wordpress\/wp-content\/uploads\/2022\/11\/4-3-115x150.jpg\" class=\"attachment-thumbnail size-thumbnail\" alt=\"\" \/><\/a>\n\t\t\t\t<\/dt><\/dl><dl class='gallery-item'>\n\t\t\t\t<dt class='gallery-icon portrait'>\n\t\t\t\t\t<a class=\"rollover rollover-zoom dt-pswp-item\" title=\"5\" data-dt-img-description=\"\" data-large_image_width=\"198\" data-large_image_height=\"206\"href='https:\/\/www.radiopiu.net\/wordpress\/wp-content\/uploads\/2022\/11\/5-3.jpg'><img loading=\"lazy\" decoding=\"async\" width=\"150\" height=\"150\" src=\"https:\/\/www.radiopiu.net\/wordpress\/wp-content\/uploads\/2022\/11\/5-3-150x150.jpg\" class=\"attachment-thumbnail size-thumbnail\" alt=\"\" \/><\/a>\n\t\t\t\t<\/dt><\/dl><dl class='gallery-item'>\n\t\t\t\t<dt class='gallery-icon landscape'>\n\t\t\t\t\t<a class=\"rollover rollover-zoom dt-pswp-item\" title=\"6\" data-dt-img-description=\"\" data-large_image_width=\"300\" data-large_image_height=\"168\"href='https:\/\/www.radiopiu.net\/wordpress\/wp-content\/uploads\/2022\/11\/6-3.jpg'><img loading=\"lazy\" decoding=\"async\" width=\"150\" height=\"150\" src=\"https:\/\/www.radiopiu.net\/wordpress\/wp-content\/uploads\/2022\/11\/6-3-150x150.jpg\" class=\"attachment-thumbnail size-thumbnail\" alt=\"\" \/><\/a>\n\t\t\t\t<\/dt><\/dl><br style=\"clear: both\" \/>\n\t\t\t<\/div>\n\n<p>NELLE FOTO (riproduzioni dal sito \u201cchiesabellunofeltre\u201d e Renato Bona): il programma dell\u2019iniziativa formativa Caritas; la sede dell\u2019istituto \u201cAgosti\u201d; la parrocchiale bellunese di San Giovanni Bosco; il vescovo di Belluno-Feltre, monsignor Renato Marangoni; il direttore della Caritas di Treviso don Davide Schiavon; il direttore della Caritas di Belluno, diacono Francesco D\u2019Alfonso.<\/p>\n<p>&nbsp;<\/p>\n<p>&nbsp;<\/p>\n<hr \/>\n<p>&nbsp;<\/p>\n<h2><span style=\"color: #339966;\">COLLAGE OPERAZIONE NOSTALGIA<\/span><\/h2>\n<p><strong><a class=\"dt-pswp-item\" href=\"https:\/\/www.radiopiu.net\/wordpress\/wp-content\/uploads\/2022\/11\/I-Delfini.jpg\" data-dt-img-description=\"\" data-large_image_width=\"1083\" data-large_image_height=\"712\"><img loading=\"lazy\" decoding=\"async\" class=\" wp-image-307304 alignleft\" src=\"https:\/\/www.radiopiu.net\/wordpress\/wp-content\/uploads\/2022\/11\/I-Delfini-300x197.jpg\" alt=\"\" width=\"207\" height=\"136\" srcset=\"https:\/\/www.radiopiu.net\/wordpress\/wp-content\/uploads\/2022\/11\/I-Delfini-300x197.jpg 300w, https:\/\/www.radiopiu.net\/wordpress\/wp-content\/uploads\/2022\/11\/I-Delfini-1024x673.jpg 1024w, https:\/\/www.radiopiu.net\/wordpress\/wp-content\/uploads\/2022\/11\/I-Delfini-768x505.jpg 768w, https:\/\/www.radiopiu.net\/wordpress\/wp-content\/uploads\/2022\/11\/I-Delfini.jpg 1083w\" sizes=\"auto, (max-width: 207px) 100vw, 207px\" \/><\/a>di Loris Scussel<\/strong><\/p>\n<p>Lou Reed con la sua \u201cVicious\u201d inaugurer\u00e0 la nuova settimana di Collage operazione nostalgia in una puntata dedicata ai cantautori stranieri, marted\u00ec sar\u00e0 la volta dei Delfini di \u201cTu te ne vai\u201d e dei complessi italiani, mercoled\u00ec i Tokens di \u201cThe lion sleeps tonight\u201d apriranno lo spazio riservato ai successi internazionali, gioved\u00ec sar\u00e0 la volta delle voci femminili italiane iniziando da\u00a0 Dalida con \u201cL\u2019ultimo valzer\u201d, venerd\u00ec infine ritroveremo i cantautori di casa nostra Luigi Tenco, Roberto Vecchioni, Pierangelo Bertoli e cos\u00ec via. Collage va in onda dal luned\u00ec al venerd\u00ec alle 16,00 e alle 23,00 naturalmente su Radio Pi\u00f9.<\/p>\n<p><strong>PUNTATA DEL LUNEDI, 666<\/strong><\/p>\n<audio class=\"wp-audio-shortcode\" id=\"audio-307429-15\" preload=\"none\" style=\"width: 100%;\" controls=\"controls\"><source type=\"audio\/mpeg\" src=\"https:\/\/www.radiopiu.net\/wordpress\/wp-content\/uploads\/2022\/11\/Collage-666.mp3?_=15\" \/><a href=\"https:\/\/www.radiopiu.net\/wordpress\/wp-content\/uploads\/2022\/11\/Collage-666.mp3\">https:\/\/www.radiopiu.net\/wordpress\/wp-content\/uploads\/2022\/11\/Collage-666.mp3<\/a><\/audio>\n<p>&nbsp;<\/p>\n<hr \/>\n<p>&nbsp;<\/p>\n<p><img loading=\"lazy\" decoding=\"async\" class=\"aligncenter wp-image-61954 size-full\" src=\"https:\/\/www.radiopiu.net\/wordpress\/wp-content\/uploads\/2018\/09\/viabilita.jpeg\" sizes=\"auto, (max-width: 800px) 100vw, 800px\" srcset=\"https:\/\/www.radiopiu.net\/wordpress\/wp-content\/uploads\/2018\/09\/viabilita.jpeg 800w, https:\/\/www.radiopiu.net\/wordpress\/wp-content\/uploads\/2018\/09\/viabilita-300x38.jpeg 300w, https:\/\/www.radiopiu.net\/wordpress\/wp-content\/uploads\/2018\/09\/viabilita-768x96.jpeg 768w\" alt=\"\" width=\"800\" height=\"100\" \/><\/p>\n<p>&nbsp;<\/p>\n<p>&nbsp;<\/p>\n<p><strong>AGGIORNAMENTO VENETO STRADE, AGGIORNAMENTO CONTINUO H 24<\/strong><\/p>\n<blockquote class=\"wp-embedded-content\" data-secret=\"jGrYb3gqaa\"><p><a href=\"https:\/\/www.radiopiu.net\/wordpress\/viabilita\/\">viabilita<\/a><\/p><\/blockquote>\n<p><iframe loading=\"lazy\" class=\"wp-embedded-content\" sandbox=\"allow-scripts\" security=\"restricted\" style=\"position: absolute; clip: rect(1px, 1px, 1px, 1px);\" title=\"&#8220;viabilita&#8221; &#8212; Radio Pi\u00f9\" src=\"https:\/\/www.radiopiu.net\/wordpress\/viabilita\/embed\/#?secret=ItPqjn9dza#?secret=jGrYb3gqaa\" data-secret=\"jGrYb3gqaa\" width=\"600\" height=\"338\" frameborder=\"0\" marginwidth=\"0\" marginheight=\"0\" scrolling=\"no\"><\/iframe><\/p>\n<p>&nbsp;<\/p>\n<p>&nbsp;<\/p>\n<p>&nbsp;<\/p>\n<hr \/>\n<p>&nbsp;<\/p>\n<p><a class=\"dt-pswp-item\" href=\"https:\/\/www.radiopiu.net\/wordpress\/wp-content\/uploads\/2018\/09\/WhatsApp-Image-2018-09-20-at-16.04.06.jpeg\" data-dt-img-description=\"\" data-large_image_width=\"800\" data-large_image_height=\"100\"><img loading=\"lazy\" decoding=\"async\" class=\"wp-image-61378 size-full aligncenter\" src=\"https:\/\/www.radiopiu.net\/wordpress\/wp-content\/uploads\/2018\/09\/WhatsApp-Image-2018-09-20-at-16.04.06.jpeg\" alt=\"\" width=\"800\" height=\"100\" srcset=\"https:\/\/www.radiopiu.net\/wordpress\/wp-content\/uploads\/2018\/09\/WhatsApp-Image-2018-09-20-at-16.04.06.jpeg 800w, https:\/\/www.radiopiu.net\/wordpress\/wp-content\/uploads\/2018\/09\/WhatsApp-Image-2018-09-20-at-16.04.06-300x38.jpeg 300w, https:\/\/www.radiopiu.net\/wordpress\/wp-content\/uploads\/2018\/09\/WhatsApp-Image-2018-09-20-at-16.04.06-768x96.jpeg 768w\" sizes=\"auto, (max-width: 800px) 100vw, 800px\" \/><\/a><\/p>\n<p>&nbsp;<\/p>\n<p>&nbsp;<\/p>\n<div dir=\"auto\">\n<p><b>Oggi <\/b><b>: <\/b>Perturbato con cielo molto nuvoloso o coperto e precipitazioni diffuse. Attenuazione dei fenomeni a partire da prealpi occidentali nel pomeriggio con qualche schiarita possibile in serata. <b>Precipitazioni: <\/b>Probabilit\u00e0 alta di precipitazioni fino al tardo pomeriggio\/sera. Dalla notte in intensificazione fino a moderate o a tratti forti specie nella mattinata, poi in attenuazione a partire da Prealpi occidentali nel pomeriggio. Limite delle nevicate intorno ai 900-1300 m sulle Prealpi e ai 800-1200 m sulle Dolomiti, localmente fino a fondovalle durante la notte e il primo mattino. Sono previsti mediamente 20-40 mm su Dolomiti, e 30-50 mm su Prealpi, localmente non esclusi valori superiori fino a 60-80 mm. Altrettanti cm di neve fresca sono attesi oltre i 1600\/1800 m; valori anche un po&#8217; pi\u00f9 alti oltre i 2000 m per neve soffice. Attenuazione dei fenomeni dalla sera.<\/p>\n<p><b>Mercoledi 23<\/b> <b>Tempo atteso: <\/b>Salvo una residua nuvolosit\u00e0 al mattino sulle Dolomiti, tempo stabile e soleggiato con cielo in prevalenza sereno, salvo formazione di temporanee nubi basse di foschie o locale banco di nebbia nelle ore pi\u00f9 fredde nei fondovalle, in dissolvimento dopo l&#8217;alba.<\/p>\n<p><b>Giovedi 24<\/b>Tempo stabile e soleggiato, salvo formazioni di nubi basse, di foschie e qualche banco di nebbia nelle ore pi\u00f9 fredde. Temperature minime in lieve diminuzione, massime stazionarie o in lieve aumento. Venti in quota moderati o tesi da nord ovest.<\/p>\n<hr \/>\n<p><b>Venerdi 25<\/b>Maggior nuvolosit\u00e0 con cielo da poco a parzialmente nuvoloso.Temperature stazionarie o in lieve aumento in quota. Venti in quota moderati\/tesi occidentali. Previsore: DDL<\/p>\n<\/div>\n<p>&nbsp;<\/p>\n<hr \/>\n<p>&nbsp;<\/p>\n<p><a class=\"dt-pswp-item\" href=\"https:\/\/www.radiopiu.net\/wordpress\/wp-content\/uploads\/2018\/09\/sport.jpg\" data-dt-img-description=\"\" data-large_image_width=\"800\" data-large_image_height=\"100\"><img loading=\"lazy\" decoding=\"async\" class=\"aligncenter wp-image-60761 size-full\" src=\"https:\/\/www.radiopiu.net\/wordpress\/wp-content\/uploads\/2018\/09\/sport.jpg\" alt=\"\" width=\"800\" height=\"100\" srcset=\"https:\/\/www.radiopiu.net\/wordpress\/wp-content\/uploads\/2018\/09\/sport.jpg 800w, https:\/\/www.radiopiu.net\/wordpress\/wp-content\/uploads\/2018\/09\/sport-300x38.jpg 300w, https:\/\/www.radiopiu.net\/wordpress\/wp-content\/uploads\/2018\/09\/sport-768x96.jpg 768w\" sizes=\"auto, (max-width: 800px) 100vw, 800px\" \/><\/a><\/p>\n<p>&nbsp;<\/p>\n<p><span style=\"color: #0000ff;\"><strong>CALCIO<\/strong><\/span><\/p>\n<blockquote>\n<h3>UN PAREGGIO CHE STA STRETTO AL LE VILLE<\/h3>\n<\/blockquote>\n<p><strong><a class=\"dt-pswp-item\" href=\"https:\/\/www.radiopiu.net\/wordpress\/wp-content\/uploads\/2020\/09\/US-LE-VILLE.jpg\" data-dt-img-description=\"\" data-large_image_width=\"585\" data-large_image_height=\"576\"><img loading=\"lazy\" decoding=\"async\" class=\" wp-image-163077 alignleft\" src=\"https:\/\/www.radiopiu.net\/wordpress\/wp-content\/uploads\/2020\/09\/US-LE-VILLE-300x295.jpg\" alt=\"\" width=\"115\" height=\"113\" srcset=\"https:\/\/www.radiopiu.net\/wordpress\/wp-content\/uploads\/2020\/09\/US-LE-VILLE-300x295.jpg 300w, https:\/\/www.radiopiu.net\/wordpress\/wp-content\/uploads\/2020\/09\/US-LE-VILLE-80x80.jpg 80w, https:\/\/www.radiopiu.net\/wordpress\/wp-content\/uploads\/2020\/09\/US-LE-VILLE-488x480.jpg 488w, https:\/\/www.radiopiu.net\/wordpress\/wp-content\/uploads\/2020\/09\/US-LE-VILLE.jpg 585w\" sizes=\"auto, (max-width: 115px) 100vw, 115px\" \/><\/a>REDAZIONE<\/strong> Continua il campionato CSI Open per il Le Ville. L&#8217;unica squadra dell&#8217;Agordino iscritta al torneo si sta comportando bene nonostante la terzultima posizione in classifica. Un p\u00f2 di sfortuna non ha permesso ai ragazzi di Costantini di avere qualche vittoria in pi\u00f9. Sabato scorso il pareggio per 1 a 1 nella sfida con il Bar Quadrifoglio in quella che ufficialmente era l&#8217;ultima partita prima della pausa invernale. Ma il Le Ville torner\u00e0 in campo sabato prossimo per recuperare la sfida con il Sedico.<\/p>\n<p><strong>DANIELE CHISSALE&#8217;, GIOCATORE DEL LE VILLE<\/strong><\/p>\n<audio class=\"wp-audio-shortcode\" id=\"audio-307429-16\" preload=\"none\" style=\"width: 100%;\" controls=\"controls\"><source type=\"audio\/mpeg\" src=\"https:\/\/www.radiopiu.net\/wordpress\/wp-content\/uploads\/2022\/11\/CHISSALE-DANIELE-BIANCO.mp3?_=16\" \/><a href=\"https:\/\/www.radiopiu.net\/wordpress\/wp-content\/uploads\/2022\/11\/CHISSALE-DANIELE-BIANCO.mp3\">https:\/\/www.radiopiu.net\/wordpress\/wp-content\/uploads\/2022\/11\/CHISSALE-DANIELE-BIANCO.mp3<\/a><\/audio>\n<p>&nbsp;<\/p>\n<hr \/>\n<p>&nbsp;<\/p>\n<p><span style=\"color: #0000ff;\"><strong>PALLAVOLO<\/strong><\/span><\/p>\n<blockquote>\n<h3>TRE SCONFITTE DI FILA PER LA PALLAVOLO BELLUNO MASCHILE<\/h3>\n<\/blockquote>\n<p><strong><a class=\"dt-pswp-item\" href=\"https:\/\/www.radiopiu.net\/wordpress\/wp-content\/uploads\/2022\/11\/Paganin_sotto_rete_contro_Savigliano.jpg\" data-dt-img-description=\"\" data-large_image_width=\"1923\" data-large_image_height=\"1282\"><img loading=\"lazy\" decoding=\"async\" class=\"wp-image-307518 alignleft\" src=\"https:\/\/www.radiopiu.net\/wordpress\/wp-content\/uploads\/2022\/11\/Paganin_sotto_rete_contro_Savigliano-300x200.jpg\" alt=\"\" width=\"153\" height=\"102\" srcset=\"https:\/\/www.radiopiu.net\/wordpress\/wp-content\/uploads\/2022\/11\/Paganin_sotto_rete_contro_Savigliano-300x200.jpg 300w, https:\/\/www.radiopiu.net\/wordpress\/wp-content\/uploads\/2022\/11\/Paganin_sotto_rete_contro_Savigliano-1024x683.jpg 1024w, https:\/\/www.radiopiu.net\/wordpress\/wp-content\/uploads\/2022\/11\/Paganin_sotto_rete_contro_Savigliano-768x512.jpg 768w, https:\/\/www.radiopiu.net\/wordpress\/wp-content\/uploads\/2022\/11\/Paganin_sotto_rete_contro_Savigliano-1536x1024.jpg 1536w, https:\/\/www.radiopiu.net\/wordpress\/wp-content\/uploads\/2022\/11\/Paganin_sotto_rete_contro_Savigliano.jpg 1923w\" sizes=\"auto, (max-width: 153px) 100vw, 153px\" \/><\/a>BELLUNO<\/strong> La Pallavolo maschile Belluno archivia con rammarico il quarto passivo nel campionato di Serie A3 Credem Banca. E terzo in sequenza. Anche se contro il Monge-Gerbaudo Savigliano la sfida \u00e8 vissuta a lungo sul filo dell\u2019equilibrio. Come rimarca capitan Alex Paganin: \u00abNonostante il risultato, abbiamo dato vita a una buona prestazione. Soprattutto se si considerano le ultime uscite. Gi\u00e0 a Pineto si erano visti dei miglioramenti, ma \u00e8 indubbio che ci manchi ancora qualcosina. In particolare nei momenti decisivi, quando serve un po\u2019 di esperienza, oltre che di malizia, per condurre in porto i set\u00bb.<span class=\"gmail-Apple-converted-space\">\u00a0<\/span><\/p>\n<p>&nbsp;<\/p>\n<p>&nbsp;<\/p>\n<hr \/>\n<p>&nbsp;<\/p>\n<p><span style=\"color: #0000ff;\"><strong>NUOTO<\/strong><\/span><\/p>\n<blockquote>\n<h3>MASTER PROTAGONISTI A BOLOGNA: FIOCCANO MEDAGLIE AL TROFEO DEAKKER SPRINT<\/h3>\n<\/blockquote>\n<p><strong><a class=\"dt-pswp-item\" href=\"https:\/\/www.radiopiu.net\/wordpress\/wp-content\/uploads\/2022\/11\/Master_a_Bologna.jpg\" data-dt-img-description=\"\" data-large_image_width=\"1024\" data-large_image_height=\"833\"><img loading=\"lazy\" decoding=\"async\" class=\" wp-image-307538 alignleft\" src=\"https:\/\/www.radiopiu.net\/wordpress\/wp-content\/uploads\/2022\/11\/Master_a_Bologna-300x244.jpg\" alt=\"\" width=\"157\" height=\"128\" srcset=\"https:\/\/www.radiopiu.net\/wordpress\/wp-content\/uploads\/2022\/11\/Master_a_Bologna-300x244.jpg 300w, https:\/\/www.radiopiu.net\/wordpress\/wp-content\/uploads\/2022\/11\/Master_a_Bologna-768x625.jpg 768w, https:\/\/www.radiopiu.net\/wordpress\/wp-content\/uploads\/2022\/11\/Master_a_Bologna.jpg 1024w\" sizes=\"auto, (max-width: 157px) 100vw, 157px\" \/><\/a>BELLUNO <\/strong>Decolla nel migliore dei modi la stagione della squadra Master legata alla Sportivamente Belluno. A Bologna, nella piscina \u201cCarmen Longo\u201d, i nuotatori dolomitici si ritagliano un ruolo di assoluto rilievo in occasione del Trofeo Deakker Sprint. La prova era estremamente impegnativa, soprattutto se si considera che siamo a inizio stagione, ma i sette bellunesi l\u2019hanno affrontata al meglio, ottenendo ottimi tempi e piazzamenti di rilievo. Sette, come gli ori conquistati: da Laura Etzi (nei 50 delfino e 200 misti), Daniela Piermarini (100 dorso e 800 stile), Marta Rossa (50 delfino e 200 misti) e Franz Bossems (100 stile). Due, invece, le medaglie d\u2019argento: entrambe conquistate da Giulia Bortot, nei 50 delfino e stile, mentre sul gradino pi\u00f9 basso del podio si sono piazzati il gi\u00e0 citato Franz Bossems nei 50 stile e Matteo Sogne negli 800 stile. Divertimento e soddisfazioni, quindi: le premesse per una stagione di grandi risultati non mancano. Ora, per\u00f2, si volta pagina. E, soprattutto, si lavora ora per ultimare l\u2019organizzazione della gara di casa, abbinata al quinto Trofeo Citt\u00e0 di Belluno e in calendario domenica 4 dicembre: l\u2019evento richiamer\u00e0 in citt\u00e0 pi\u00f9 di 600 atleti provenienti da tutta Italia.<\/p>\n<p>&nbsp;<\/p>\n<p>&nbsp;<\/p>\n<hr \/>\n<p>&nbsp;<\/p>\n","protected":false},"excerpt":{"rendered":"<p>RADIO PIU INFORMAZIONE il canale su TELEGRAM informazione di prima\u00a0 mano e in tempo reale. iscriviti ed aiutaci a farlo conoscere\u00a0 &nbsp; &nbsp; REVOCATA PARZIALMENTE L&#8217;ORDINANZA DI FADES A LA VALLE LA VALLE Stanno per essere ultimate le opere nella frazione di Fades a La Valle. Il comune con un&#8217;ordinanza ha revocato parzialmente il divieto&hellip;<\/p>\n","protected":false},"author":4,"featured_media":307665,"comment_status":"closed","ping_status":"closed","sticky":false,"template":"","format":"standard","meta":{"_monsterinsights_skip_tracking":false,"_monsterinsights_sitenote_active":false,"_monsterinsights_sitenote_note":"","_monsterinsights_sitenote_category":0,"footnotes":""},"categories":[86,49],"tags":[],"class_list":["post-307429","post","type-post","status-publish","format-standard","has-post-thumbnail","hentry","category-gr","category-news-18","category-86","category-49","description-off"],"img_url":"https:\/\/www.radiopiu.net\/wordpress\/wp-content\/uploads\/2022\/11\/4c333811-a5e6-4abc-b10b-597e08348840.jpg","_links":{"self":[{"href":"https:\/\/www.radiopiu.net\/wordpress\/wp-json\/wp\/v2\/posts\/307429","targetHints":{"allow":["GET"]}}],"collection":[{"href":"https:\/\/www.radiopiu.net\/wordpress\/wp-json\/wp\/v2\/posts"}],"about":[{"href":"https:\/\/www.radiopiu.net\/wordpress\/wp-json\/wp\/v2\/types\/post"}],"author":[{"embeddable":true,"href":"https:\/\/www.radiopiu.net\/wordpress\/wp-json\/wp\/v2\/users\/4"}],"replies":[{"embeddable":true,"href":"https:\/\/www.radiopiu.net\/wordpress\/wp-json\/wp\/v2\/comments?post=307429"}],"version-history":[{"count":0,"href":"https:\/\/www.radiopiu.net\/wordpress\/wp-json\/wp\/v2\/posts\/307429\/revisions"}],"wp:featuredmedia":[{"embeddable":true,"href":"https:\/\/www.radiopiu.net\/wordpress\/wp-json\/wp\/v2\/media\/307665"}],"wp:attachment":[{"href":"https:\/\/www.radiopiu.net\/wordpress\/wp-json\/wp\/v2\/media?parent=307429"}],"wp:term":[{"taxonomy":"category","embeddable":true,"href":"https:\/\/www.radiopiu.net\/wordpress\/wp-json\/wp\/v2\/categories?post=307429"},{"taxonomy":"post_tag","embeddable":true,"href":"https:\/\/www.radiopiu.net\/wordpress\/wp-json\/wp\/v2\/tags?post=307429"}],"curies":[{"name":"wp","href":"https:\/\/api.w.org\/{rel}","templated":true}]}}