{"id":307448,"date":"2022-11-21T02:21:41","date_gmt":"2022-11-21T01:21:41","guid":{"rendered":"https:\/\/www.radiopiu.net\/wordpress\/?p=307448"},"modified":"2022-11-21T02:21:41","modified_gmt":"2022-11-21T01:21:41","slug":"ciao-grande-gigante-gentile","status":"publish","type":"post","link":"https:\/\/www.radiopiu.net\/wordpress\/ciao-grande-gigante-gentile\/","title":{"rendered":"CIAO GRANDE GIGANTE GENTILE\u00a0"},"content":{"rendered":"<blockquote>\n<h3><\/h3>\n<\/blockquote>\n<p><strong><a class=\"dt-pswp-item\" href=\"https:\/\/www.radiopiu.net\/wordpress\/wp-content\/uploads\/2022\/11\/316185359_576942461103793_2976737188992871101_n.jpg\" data-dt-img-description=\"\" data-large_image_width=\"526\" data-large_image_height=\"526\"><img loading=\"lazy\" decoding=\"async\" class=\" wp-image-307445 alignleft\" src=\"https:\/\/www.radiopiu.net\/wordpress\/wp-content\/uploads\/2022\/11\/316185359_576942461103793_2976737188992871101_n-300x300.jpg\" alt=\"\" width=\"237\" height=\"237\" srcset=\"https:\/\/www.radiopiu.net\/wordpress\/wp-content\/uploads\/2022\/11\/316185359_576942461103793_2976737188992871101_n-300x300.jpg 300w, https:\/\/www.radiopiu.net\/wordpress\/wp-content\/uploads\/2022\/11\/316185359_576942461103793_2976737188992871101_n-150x150.jpg 150w, https:\/\/www.radiopiu.net\/wordpress\/wp-content\/uploads\/2022\/11\/316185359_576942461103793_2976737188992871101_n.jpg 526w\" sizes=\"auto, (max-width: 237px) 100vw, 237px\" \/><\/a>REDAZIONE<\/strong> Ieri sul campo di Mogliano\u00a0 l&#8217;emozionante momento in cui i compagni di squadra del Feltre e gli amici del Mogliano hanno consegnato\u00a0 a pap\u00e0 Armando, alla mamma Elisabetta il pallone ovale autografato. Lo hanno fatto a nome di tutti Andrea Sartor capitano del Feltre, Enrico Endrizzi ed Alex Pesce, capitano e vice del Mogliano.\u00a0 \u00a0Domani alle 11 il funerale al Boscherai di Pedavena, poi il feretro sar\u00e0 trasferito allo stadio di Mogliano.<\/p>\n<p><strong>IL RUGBY FELTRE\u00a0<\/strong><\/p>\n<p><a class=\"dt-pswp-item\" href=\"https:\/\/www.radiopiu.net\/wordpress\/wp-content\/uploads\/2022\/11\/315913818_574834524647920_287974171088989907_n.jpg\" data-dt-img-description=\"\" data-large_image_width=\"822\" data-large_image_height=\"540\"><img loading=\"lazy\" decoding=\"async\" class=\"size-medium wp-image-307447 alignright\" src=\"https:\/\/www.radiopiu.net\/wordpress\/wp-content\/uploads\/2022\/11\/315913818_574834524647920_287974171088989907_n-300x197.jpg\" alt=\"\" width=\"300\" height=\"197\" srcset=\"https:\/\/www.radiopiu.net\/wordpress\/wp-content\/uploads\/2022\/11\/315913818_574834524647920_287974171088989907_n-300x197.jpg 300w, https:\/\/www.radiopiu.net\/wordpress\/wp-content\/uploads\/2022\/11\/315913818_574834524647920_287974171088989907_n-768x505.jpg 768w, https:\/\/www.radiopiu.net\/wordpress\/wp-content\/uploads\/2022\/11\/315913818_574834524647920_287974171088989907_n.jpg 822w\" sizes=\"auto, (max-width: 300px) 100vw, 300px\" \/><\/a>Ciao Tot\u00f2. Non avremmo mai voluto scrivere questo messaggio per salutarti e infatti abbiamo aspettato, aspettato, aspettato. Per\u00f2, tutto il cordoglio che il mondo dello sport e in particolare del rugby, ma anche della tua comunit\u00e0 d&#8217;adozione, ha espresso per la tua perdita \u00e8 giusto sottolinearlo. Sai Tot\u00f2, hanno scritto in tanti, tantissimi, pensa quanto hai dato, se cos\u00ec tante persone ti hanno pensato e ti stanno pensando. Hai passato la palla, ma sarai sempre con noi, non ti dimenticheremo. Oggi Tot\u00f2 ha giocato con noi. Grazie a tutte le persone che hanno voluto scendere a Mogliano e stringersi alla famiglia Stefani e al Rugby Feltre.<\/p>\n<div dir=\"auto\">Non piangere sulla mia tomba.<\/div>\n<div dir=\"auto\">Non ci sono. Non dormo l\u00ec.<\/div>\n<div dir=\"auto\">Sono nelle trame della divisa, armatura granata.<\/div>\n<div dir=\"auto\">Sono nel fragore dei Tori all\u2019ingresso in campo<\/div>\n<div dir=\"auto\">e nel boato oltre la linea di meta.<\/div>\n<div dir=\"auto\">Sono nel cuore palpitante della mischia.<\/div>\n<div dir=\"auto\">Quando entri in spogliatoio sono il saluto gentile che chiede come stai.<\/div>\n<div dir=\"auto\">Sono il banchetto dopo la partita, l\u2019acqua che disseta e lava le ferite.<\/div>\n<div dir=\"auto\">Sono lo spazio tra i compagni di squadra, il loro respiro.<\/div>\n<div dir=\"auto\">Sono il tuo sostegno.<\/div>\n<div dir=\"auto\">Perci\u00f2 non avvicinarti alla mia tomba piangendo.<\/div>\n<div dir=\"auto\">Non sono l\u00ec. Non morir\u00f2.<\/div>\n<p>&nbsp;<\/p>\n<p>&nbsp;<\/p>\n<hr \/>\n<p>&nbsp;<\/p>\n","protected":false},"excerpt":{"rendered":"<p>REDAZIONE Ieri sul campo di Mogliano\u00a0 l&#8217;emozionante momento in cui i compagni di squadra del Feltre e gli amici del Mogliano hanno consegnato\u00a0 a pap\u00e0 Armando, alla mamma Elisabetta il pallone ovale autografato. Lo hanno fatto a nome di tutti Andrea Sartor capitano del Feltre, Enrico Endrizzi ed Alex Pesce, capitano e vice del Mogliano.\u00a0&hellip;<\/p>\n","protected":false},"author":4,"featured_media":307449,"comment_status":"closed","ping_status":"closed","sticky":false,"template":"","format":"standard","meta":{"_monsterinsights_skip_tracking":false,"_monsterinsights_sitenote_active":false,"_monsterinsights_sitenote_note":"","_monsterinsights_sitenote_category":0,"footnotes":""},"categories":[104,49],"tags":[],"class_list":["post-307448","post","type-post","status-publish","format-standard","has-post-thumbnail","hentry","category-evidenza_3","category-news-18","category-104","category-49","description-off"],"img_url":"https:\/\/www.radiopiu.net\/wordpress\/wp-content\/uploads\/2022\/11\/315913818_574834524647920_287974171088989907_n-1.jpg","_links":{"self":[{"href":"https:\/\/www.radiopiu.net\/wordpress\/wp-json\/wp\/v2\/posts\/307448","targetHints":{"allow":["GET"]}}],"collection":[{"href":"https:\/\/www.radiopiu.net\/wordpress\/wp-json\/wp\/v2\/posts"}],"about":[{"href":"https:\/\/www.radiopiu.net\/wordpress\/wp-json\/wp\/v2\/types\/post"}],"author":[{"embeddable":true,"href":"https:\/\/www.radiopiu.net\/wordpress\/wp-json\/wp\/v2\/users\/4"}],"replies":[{"embeddable":true,"href":"https:\/\/www.radiopiu.net\/wordpress\/wp-json\/wp\/v2\/comments?post=307448"}],"version-history":[{"count":0,"href":"https:\/\/www.radiopiu.net\/wordpress\/wp-json\/wp\/v2\/posts\/307448\/revisions"}],"wp:featuredmedia":[{"embeddable":true,"href":"https:\/\/www.radiopiu.net\/wordpress\/wp-json\/wp\/v2\/media\/307449"}],"wp:attachment":[{"href":"https:\/\/www.radiopiu.net\/wordpress\/wp-json\/wp\/v2\/media?parent=307448"}],"wp:term":[{"taxonomy":"category","embeddable":true,"href":"https:\/\/www.radiopiu.net\/wordpress\/wp-json\/wp\/v2\/categories?post=307448"},{"taxonomy":"post_tag","embeddable":true,"href":"https:\/\/www.radiopiu.net\/wordpress\/wp-json\/wp\/v2\/tags?post=307448"}],"curies":[{"name":"wp","href":"https:\/\/api.w.org\/{rel}","templated":true}]}}