{"id":307567,"date":"2022-11-21T14:56:28","date_gmt":"2022-11-21T13:56:28","guid":{"rendered":"https:\/\/www.radiopiu.net\/wordpress\/?p=307567"},"modified":"2022-11-22T06:03:08","modified_gmt":"2022-11-22T05:03:08","slug":"linverno-demografico-dellitalia-il-calo-della-popolazione-colpisce-di-piu-i-piccoli-comuni","status":"publish","type":"post","link":"https:\/\/www.radiopiu.net\/wordpress\/linverno-demografico-dellitalia-il-calo-della-popolazione-colpisce-di-piu-i-piccoli-comuni\/","title":{"rendered":"L\u2019INVERNO DEMOGRAFICO DELL\u2019ITALIA: IL CALO DELLA POPOLAZIONE COLPISCE DI PI\u00d9 I PICCOLI COMUNI"},"content":{"rendered":"<blockquote>\n<h3><\/h3>\n<\/blockquote>\n<p><strong><a class=\"dt-pswp-item\" href=\"https:\/\/www.radiopiu.net\/wordpress\/wp-content\/uploads\/2021\/03\/THINK-THANK-NORD-EST.png\" data-dt-img-description=\"\" data-large_image_width=\"340\" data-large_image_height=\"292\"><img loading=\"lazy\" decoding=\"async\" class=\" wp-image-197788 alignleft\" src=\"https:\/\/www.radiopiu.net\/wordpress\/wp-content\/uploads\/2021\/03\/THINK-THANK-NORD-EST-300x258.png\" alt=\"\" width=\"151\" height=\"130\" srcset=\"https:\/\/www.radiopiu.net\/wordpress\/wp-content\/uploads\/2021\/03\/THINK-THANK-NORD-EST-300x258.png 300w, https:\/\/www.radiopiu.net\/wordpress\/wp-content\/uploads\/2021\/03\/THINK-THANK-NORD-EST.png 340w\" sizes=\"auto, (max-width: 151px) 100vw, 151px\" \/><\/a>VENEZIA <\/strong>Piccoli e grandi Comuni d\u2019Italia siederanno fianco a fianco all\u2019Assemblea Nazionale Anci in programma in questi giorni a Bergamo. Eppure, dal 2012 ad oggi, secondo l\u2019analisi della Fondazione Think Tank Nord Est, che ha suddiviso i Comuni in classi sulla base del numero di abitanti, i 7.904 Municipi del Paese hanno mostrato tendenze demografiche differenti. Negli ultimi dieci anni si registra un calo generale della popolazione: in media tutti gli Enti locali mostrano trend negativi, ma con differenze anche significative a seconda delle dimensioni. Infatti, sono soprattutto i Municipi con meno di 3.000 abitanti ad evidenziare una forte diminuzione dei residenti: pi\u00f9 in generale, la performance peggiora man mano che diminuisce la dimensione demografica. Nel dettaglio, i micro Comuni con meno di 500 abitanti hanno perso in media l\u201911,6% della popolazione. Quelli con un numero di residenti compreso tra 500 e 1.000 hanno segnato un calo del 9%. I Municipi con una popolazione tra 1.000 e 3.000 cittadini evidenziano una flessione del 7%. Gli Enti locali con un totale di abitanti compreso tra 3.000 e 5.000 mostrano una diminuzione del 3,8%, mentre quelli con un numero di residenti compreso tra 5.000 e 10.000 sono in calo del 2,1%. Bisogna quindi arrivare ai Comuni con pi\u00f9 di 10 mila abitanti per osservare l\u2019andamento relativamente migliore: infatti si registra una sostanziale invarianza (-0,6%) tra 10.000 e 20.000 residenti, mentre nelle realt\u00e0 urbane con pi\u00f9 di 20.000 cittadini la diminuzione \u00e8 dell\u20191%.<\/p>\n\n\t\t\t<style type='text\/css'>\n\t\t\t\t#gallery-1 {\n\t\t\t\t\tmargin: auto;\n\t\t\t\t}\n\t\t\t\t#gallery-1 .gallery-item {\n\t\t\t\t\tfloat: left;\n\t\t\t\t\tmargin-top: 10px;\n\t\t\t\t\ttext-align: center;\n\t\t\t\t\twidth: 50%;\n\t\t\t\t}\n\t\t\t\t#gallery-1 img {\n\t\t\t\t\tborder: 2px solid #cfcfcf;\n\t\t\t\t}\n\t\t\t\t#gallery-1 .gallery-caption {\n\t\t\t\t\tmargin-left: 0;\n\t\t\t\t}\n\t\t\t\t\/* see gallery_shortcode() in wp-includes\/media.php *\/\n\t\t\t<\/style>\n\t\t<div id='gallery-1' class='dt-gallery-container gallery galleryid-307567 gallery-columns-2 gallery-size-medium'><dl class='gallery-item'>\n\t\t\t\t<dt class='gallery-icon landscape'>\n\t\t\t\t\t<a class=\"rollover rollover-zoom dt-pswp-item\" title=\"Schermata 2022-11-21 alle 12.30.28\" data-dt-img-description=\"\" data-large_image_width=\"1162\" data-large_image_height=\"748\"href='https:\/\/www.radiopiu.net\/wordpress\/wp-content\/uploads\/2022\/11\/Schermata-2022-11-21-alle-12.30.28.png'><img loading=\"lazy\" decoding=\"async\" width=\"300\" height=\"193\" src=\"https:\/\/www.radiopiu.net\/wordpress\/wp-content\/uploads\/2022\/11\/Schermata-2022-11-21-alle-12.30.28-300x193.png\" class=\"attachment-medium size-medium\" alt=\"\" srcset=\"https:\/\/www.radiopiu.net\/wordpress\/wp-content\/uploads\/2022\/11\/Schermata-2022-11-21-alle-12.30.28-300x193.png 300w, https:\/\/www.radiopiu.net\/wordpress\/wp-content\/uploads\/2022\/11\/Schermata-2022-11-21-alle-12.30.28-1024x659.png 1024w, https:\/\/www.radiopiu.net\/wordpress\/wp-content\/uploads\/2022\/11\/Schermata-2022-11-21-alle-12.30.28-768x494.png 768w, https:\/\/www.radiopiu.net\/wordpress\/wp-content\/uploads\/2022\/11\/Schermata-2022-11-21-alle-12.30.28.png 1162w\" sizes=\"auto, (max-width: 300px) 100vw, 300px\" \/><\/a>\n\t\t\t\t<\/dt><\/dl><dl class='gallery-item'>\n\t\t\t\t<dt class='gallery-icon landscape'>\n\t\t\t\t\t<a class=\"rollover rollover-zoom dt-pswp-item\" title=\"Schermata 2022-11-21 alle 12.30.42\" data-dt-img-description=\"\" data-large_image_width=\"1172\" data-large_image_height=\"944\"href='https:\/\/www.radiopiu.net\/wordpress\/wp-content\/uploads\/2022\/11\/Schermata-2022-11-21-alle-12.30.42.png'><img loading=\"lazy\" decoding=\"async\" width=\"300\" height=\"242\" src=\"https:\/\/www.radiopiu.net\/wordpress\/wp-content\/uploads\/2022\/11\/Schermata-2022-11-21-alle-12.30.42-300x242.png\" class=\"attachment-medium size-medium\" alt=\"\" srcset=\"https:\/\/www.radiopiu.net\/wordpress\/wp-content\/uploads\/2022\/11\/Schermata-2022-11-21-alle-12.30.42-300x242.png 300w, https:\/\/www.radiopiu.net\/wordpress\/wp-content\/uploads\/2022\/11\/Schermata-2022-11-21-alle-12.30.42-1024x825.png 1024w, https:\/\/www.radiopiu.net\/wordpress\/wp-content\/uploads\/2022\/11\/Schermata-2022-11-21-alle-12.30.42-768x619.png 768w, https:\/\/www.radiopiu.net\/wordpress\/wp-content\/uploads\/2022\/11\/Schermata-2022-11-21-alle-12.30.42.png 1172w\" sizes=\"auto, (max-width: 300px) 100vw, 300px\" \/><\/a>\n\t\t\t\t<\/dt><\/dl><br style=\"clear: both\" \/>\n\t\t\t<\/div>\n\n<p>&nbsp;<\/p>\n<p>&nbsp;<\/p>\n<p>&nbsp;<\/p>\n<hr \/>\n<p>&nbsp;<\/p>\n","protected":false},"excerpt":{"rendered":"<p>VENEZIA Piccoli e grandi Comuni d\u2019Italia siederanno fianco a fianco all\u2019Assemblea Nazionale Anci in programma in questi giorni a Bergamo. Eppure, dal 2012 ad oggi, secondo l\u2019analisi della Fondazione Think Tank Nord Est, che ha suddiviso i Comuni in classi sulla base del numero di abitanti, i 7.904 Municipi del Paese hanno mostrato tendenze demografiche&hellip;<\/p>\n","protected":false},"author":4,"featured_media":197788,"comment_status":"closed","ping_status":"closed","sticky":false,"template":"","format":"standard","meta":{"_monsterinsights_skip_tracking":false,"_monsterinsights_sitenote_active":false,"_monsterinsights_sitenote_note":"","_monsterinsights_sitenote_category":0,"footnotes":""},"categories":[51,49],"tags":[],"class_list":["post-307567","post","type-post","status-publish","format-standard","has-post-thumbnail","hentry","category-evidenza-top","category-news-18","category-51","category-49","description-off"],"img_url":"https:\/\/www.radiopiu.net\/wordpress\/wp-content\/uploads\/2021\/03\/THINK-THANK-NORD-EST.png","_links":{"self":[{"href":"https:\/\/www.radiopiu.net\/wordpress\/wp-json\/wp\/v2\/posts\/307567","targetHints":{"allow":["GET"]}}],"collection":[{"href":"https:\/\/www.radiopiu.net\/wordpress\/wp-json\/wp\/v2\/posts"}],"about":[{"href":"https:\/\/www.radiopiu.net\/wordpress\/wp-json\/wp\/v2\/types\/post"}],"author":[{"embeddable":true,"href":"https:\/\/www.radiopiu.net\/wordpress\/wp-json\/wp\/v2\/users\/4"}],"replies":[{"embeddable":true,"href":"https:\/\/www.radiopiu.net\/wordpress\/wp-json\/wp\/v2\/comments?post=307567"}],"version-history":[{"count":0,"href":"https:\/\/www.radiopiu.net\/wordpress\/wp-json\/wp\/v2\/posts\/307567\/revisions"}],"wp:featuredmedia":[{"embeddable":true,"href":"https:\/\/www.radiopiu.net\/wordpress\/wp-json\/wp\/v2\/media\/197788"}],"wp:attachment":[{"href":"https:\/\/www.radiopiu.net\/wordpress\/wp-json\/wp\/v2\/media?parent=307567"}],"wp:term":[{"taxonomy":"category","embeddable":true,"href":"https:\/\/www.radiopiu.net\/wordpress\/wp-json\/wp\/v2\/categories?post=307567"},{"taxonomy":"post_tag","embeddable":true,"href":"https:\/\/www.radiopiu.net\/wordpress\/wp-json\/wp\/v2\/tags?post=307567"}],"curies":[{"name":"wp","href":"https:\/\/api.w.org\/{rel}","templated":true}]}}