{"id":307621,"date":"2022-11-21T17:59:52","date_gmt":"2022-11-21T16:59:52","guid":{"rendered":"https:\/\/www.radiopiu.net\/wordpress\/?p=307621"},"modified":"2022-11-22T06:02:12","modified_gmt":"2022-11-22T05:02:12","slug":"brunello-cucinelli-ed-essilorluxottica-insieme-per-il-prossimo-decennio","status":"publish","type":"post","link":"https:\/\/www.radiopiu.net\/wordpress\/brunello-cucinelli-ed-essilorluxottica-insieme-per-il-prossimo-decennio\/","title":{"rendered":"BRUNELLO CUCINELLI ED ESSILORLUXOTTICA, INSIEME PER IL PROSSIMO DECENNIO"},"content":{"rendered":"<p><strong><a class=\"dt-pswp-item\" href=\"https:\/\/www.radiopiu.net\/wordpress\/wp-content\/uploads\/2022\/11\/INBOX-433826.jpg\" data-dt-img-description=\"\" data-large_image_width=\"1280\" data-large_image_height=\"960\"><img loading=\"lazy\" decoding=\"async\" class=\"size-medium wp-image-307622 alignleft\" src=\"https:\/\/www.radiopiu.net\/wordpress\/wp-content\/uploads\/2022\/11\/INBOX-433826-300x225.jpg\" alt=\"\" width=\"300\" height=\"225\" srcset=\"https:\/\/www.radiopiu.net\/wordpress\/wp-content\/uploads\/2022\/11\/INBOX-433826-300x225.jpg 300w, https:\/\/www.radiopiu.net\/wordpress\/wp-content\/uploads\/2022\/11\/INBOX-433826-1024x768.jpg 1024w, https:\/\/www.radiopiu.net\/wordpress\/wp-content\/uploads\/2022\/11\/INBOX-433826-768x576.jpg 768w, https:\/\/www.radiopiu.net\/wordpress\/wp-content\/uploads\/2022\/11\/INBOX-433826.jpg 1280w\" sizes=\"auto, (max-width: 300px) 100vw, 300px\" \/><\/a>BELLUNO<\/strong>\u00a0 \u00a0La Casa di Moda Brunello Cucinelli ed EssilorLuxottica hanno firmato, presso Casa Cucinelli in Milano, un accordo esclusivo di licenza avente ad oggetto la progettazione, produzione e distribuzione di occhiali da vista e da sole \u201cBrunello Cucinelli\u201d, che legher\u00e0 le due realt\u00e0 per il prossimo decennio. Il nuovo accordo entrer\u00e0 in vigore il 1\u00b0 gennaio 2023 e durer\u00e0 fino al 31 dicembre 2032, con la prima collezione che uscir\u00e0 nel primo trimestre 2024, e rappresenta un\u2019estensione della collaborazione in corso tra le due societ\u00e0, che aveva visto nel 2021 il lancio della prima capsule di occhiali con il logo Brunello Cucinelli e Oliver Peoples, esclusivo marchio di EssilorLuxottica.\u00a0 Si tratta di una significativa proiezione nel tempo, pensata anche per rinsaldare ulteriormente l\u2019intesa tra le future generazioni delle rispettive imprese, come \u00e8 nella speranza di Brunello Cucinelli e dei suoi famigliari, che hanno sempre avuto in Leonardo Del Vecchio un modello di grande umanit\u00e0 oltre che di grande classe e raffinata competenza. Brunello Cucinelli, Presidente Esecutivo e Direttore Creativo della Casa di Moda ha commentato:<em> \u00abQuesta scelta che abbiamo condiviso con la stimatissima EssilorLuxottica \u00e8 molto di pi\u00f9 di una firma. \u00c8 unatto di reciproco affetto e stima tra due realt\u00e0 che nascono dalla passione per la bellezza e per la cura delle cose fatte per bene. Con il compianto Leonardo Del Vecchio, del resto, ho sempre avuto un rapporto speciale e non dimenticher\u00f2 mai quando mi disse: \u201cGuarda Brunello, non so se gli occhiali sono belli, quello che posso dirti \u00e8 che sono fatti nel miglior modo possibile\u201d. \u00c8 una frase che sento molto vicina al mio modo di vedere il lavoro. Poi ho nel cuore quando, negli ultimi giorni della sua vita parlava della \u201cbella fabbrica\u201d di Agordo: per me \u00e8 valso come una vera e propria ispirazione e, non a caso, il nostro costante impegno \u00e8 diretto proprio a rendere sempre pi\u00f9 bella la nostra fabbrica di Solomeo. Anche per questo sono profondamente fiducioso per questa preziosa intesa che le nostre rispettive, nuove generazioni sono chiamate a coltivare per l\u2019avvenire\u00bb.<\/em> Francesco Milleri, Presidente e CEO di EssilorLuxottica ha commentato:<em> \u00abSiamo entusiasti di continuare il nostro viaggio con Brunello Cucinelli, un marchio di lifestyle di lusso che rappresenta il glamour dello stile italiano contemporaneo. Attraverso le nostre nuove collezioni, continueremo a offrire ai consumatori di tutto il mondo occhiali dal design e dalla lavorazione meravigliosi che incarnano il meglio dello stile Brunello Cucinelli\u00bb.<\/em><\/p>\n<p>&nbsp;<\/p>\n<p>&nbsp;<\/p>\n","protected":false},"excerpt":{"rendered":"<p>BELLUNO\u00a0 \u00a0La Casa di Moda Brunello Cucinelli ed EssilorLuxottica hanno firmato, presso Casa Cucinelli in Milano, un accordo esclusivo di licenza avente ad oggetto la progettazione, produzione e distribuzione di occhiali da vista e da sole \u201cBrunello Cucinelli\u201d, che legher\u00e0 le due realt\u00e0 per il prossimo decennio. Il nuovo accordo entrer\u00e0 in vigore il 1\u00b0&hellip;<\/p>\n","protected":false},"author":4,"featured_media":307622,"comment_status":"closed","ping_status":"closed","sticky":false,"template":"","format":"standard","meta":{"_monsterinsights_skip_tracking":false,"_monsterinsights_sitenote_active":false,"_monsterinsights_sitenote_note":"","_monsterinsights_sitenote_category":0,"footnotes":""},"categories":[51,49],"tags":[],"class_list":["post-307621","post","type-post","status-publish","format-standard","has-post-thumbnail","hentry","category-evidenza-top","category-news-18","category-51","category-49","description-off"],"img_url":"https:\/\/www.radiopiu.net\/wordpress\/wp-content\/uploads\/2022\/11\/INBOX-433826.jpg","_links":{"self":[{"href":"https:\/\/www.radiopiu.net\/wordpress\/wp-json\/wp\/v2\/posts\/307621","targetHints":{"allow":["GET"]}}],"collection":[{"href":"https:\/\/www.radiopiu.net\/wordpress\/wp-json\/wp\/v2\/posts"}],"about":[{"href":"https:\/\/www.radiopiu.net\/wordpress\/wp-json\/wp\/v2\/types\/post"}],"author":[{"embeddable":true,"href":"https:\/\/www.radiopiu.net\/wordpress\/wp-json\/wp\/v2\/users\/4"}],"replies":[{"embeddable":true,"href":"https:\/\/www.radiopiu.net\/wordpress\/wp-json\/wp\/v2\/comments?post=307621"}],"version-history":[{"count":0,"href":"https:\/\/www.radiopiu.net\/wordpress\/wp-json\/wp\/v2\/posts\/307621\/revisions"}],"wp:featuredmedia":[{"embeddable":true,"href":"https:\/\/www.radiopiu.net\/wordpress\/wp-json\/wp\/v2\/media\/307622"}],"wp:attachment":[{"href":"https:\/\/www.radiopiu.net\/wordpress\/wp-json\/wp\/v2\/media?parent=307621"}],"wp:term":[{"taxonomy":"category","embeddable":true,"href":"https:\/\/www.radiopiu.net\/wordpress\/wp-json\/wp\/v2\/categories?post=307621"},{"taxonomy":"post_tag","embeddable":true,"href":"https:\/\/www.radiopiu.net\/wordpress\/wp-json\/wp\/v2\/tags?post=307621"}],"curies":[{"name":"wp","href":"https:\/\/api.w.org\/{rel}","templated":true}]}}