{"id":307648,"date":"2022-11-22T05:28:53","date_gmt":"2022-11-22T04:28:53","guid":{"rendered":"https:\/\/www.radiopiu.net\/wordpress\/?p=307648"},"modified":"2022-11-22T05:32:50","modified_gmt":"2022-11-22T04:32:50","slug":"la-prima-neve-auto-contro-il-muro-ad-avoscan","status":"publish","type":"post","link":"https:\/\/www.radiopiu.net\/wordpress\/la-prima-neve-auto-contro-il-muro-ad-avoscan\/","title":{"rendered":"LA PRIMA NEVE, AUTO CONTRO IL MURO AD AVOSCAN"},"content":{"rendered":"<p>&nbsp;<\/p>\n<p><strong>SAN TOMASO <\/strong> La giornata inizia con un incidente sulla 203 agordina tra Cencenighe ed Avoscan di San Tomaso all&#8217;uscita del paravalanghe. A tradire l&#8217;autista della Fiesta la prima neve e il fondo stradale ghiacciato. Fortunatamente nessun ferito, ma un invito alla prudenza. Strade insidiose da Cencenighe verso l&#8217;Alto Agordino. L&#8217;Arpav di Arabba prevede \u00abforti precipitazioni fino in fondo valle\u00bb. A quota 2000 metri gli apporti saranno di 15-30 centimetri, con punte anche di mezzo metro. La Protezione civile, nell&#8217;avviso di criticit\u00e0 diffuso ieri, precisa che il limite della neve sar\u00e0 intorno ai 1000 metri, localmente anche pi\u00f9 basso in alcune valli. Sulle Prealpi lo scambio neve-pioggia potrebbe avvenire, in alcuni casi, gi\u00e0 a quota 800 metri.Il pericolo di valanghe salir\u00e0 a 3-marcato su tutto il territorio e saranno possibili valanghe spontanee lungo tutti i pendii ripidi. Oggi, in ogni caso, i forti venti determineranno accumuli in quota, dove gli inneschi di valanghe potranno esserci gi\u00e0 con deboli sovraccarichi.<\/p>\n<p><a class=\"dt-pswp-item\" href=\"https:\/\/www.radiopiu.net\/wordpress\/wp-content\/uploads\/2022\/11\/3f209249-4bd1-4a86-9d18-4bf934d2c9d7.jpg\" data-dt-img-description=\"\" data-large_image_width=\"1200\" data-large_image_height=\"1600\"><img loading=\"lazy\" decoding=\"async\" class=\"alignnone size-medium wp-image-307649\" src=\"https:\/\/www.radiopiu.net\/wordpress\/wp-content\/uploads\/2022\/11\/3f209249-4bd1-4a86-9d18-4bf934d2c9d7-225x300.jpg\" alt=\"\" width=\"225\" height=\"300\" srcset=\"https:\/\/www.radiopiu.net\/wordpress\/wp-content\/uploads\/2022\/11\/3f209249-4bd1-4a86-9d18-4bf934d2c9d7-225x300.jpg 225w, https:\/\/www.radiopiu.net\/wordpress\/wp-content\/uploads\/2022\/11\/3f209249-4bd1-4a86-9d18-4bf934d2c9d7-768x1024.jpg 768w, https:\/\/www.radiopiu.net\/wordpress\/wp-content\/uploads\/2022\/11\/3f209249-4bd1-4a86-9d18-4bf934d2c9d7-1152x1536.jpg 1152w, https:\/\/www.radiopiu.net\/wordpress\/wp-content\/uploads\/2022\/11\/3f209249-4bd1-4a86-9d18-4bf934d2c9d7.jpg 1200w\" sizes=\"auto, (max-width: 225px) 100vw, 225px\" \/><\/a><\/p>\n","protected":false},"excerpt":{"rendered":"<p>&nbsp; SAN TOMASO La giornata inizia con un incidente sulla 203 agordina tra Cencenighe ed Avoscan di San Tomaso all&#8217;uscita del paravalanghe. A tradire l&#8217;autista della Fiesta la prima neve e il fondo stradale ghiacciato. Fortunatamente nessun ferito, ma un invito alla prudenza. Strade insidiose da Cencenighe verso l&#8217;Alto Agordino. L&#8217;Arpav di Arabba prevede \u00abforti&hellip;<\/p>\n","protected":false},"author":4,"featured_media":307649,"comment_status":"closed","ping_status":"closed","sticky":false,"template":"","format":"standard","meta":{"_monsterinsights_skip_tracking":false,"_monsterinsights_sitenote_active":false,"_monsterinsights_sitenote_note":"","_monsterinsights_sitenote_category":0,"footnotes":""},"categories":[51,49],"tags":[],"class_list":["post-307648","post","type-post","status-publish","format-standard","has-post-thumbnail","hentry","category-evidenza-top","category-news-18","category-51","category-49","description-off"],"img_url":"https:\/\/www.radiopiu.net\/wordpress\/wp-content\/uploads\/2022\/11\/3f209249-4bd1-4a86-9d18-4bf934d2c9d7.jpg","_links":{"self":[{"href":"https:\/\/www.radiopiu.net\/wordpress\/wp-json\/wp\/v2\/posts\/307648","targetHints":{"allow":["GET"]}}],"collection":[{"href":"https:\/\/www.radiopiu.net\/wordpress\/wp-json\/wp\/v2\/posts"}],"about":[{"href":"https:\/\/www.radiopiu.net\/wordpress\/wp-json\/wp\/v2\/types\/post"}],"author":[{"embeddable":true,"href":"https:\/\/www.radiopiu.net\/wordpress\/wp-json\/wp\/v2\/users\/4"}],"replies":[{"embeddable":true,"href":"https:\/\/www.radiopiu.net\/wordpress\/wp-json\/wp\/v2\/comments?post=307648"}],"version-history":[{"count":0,"href":"https:\/\/www.radiopiu.net\/wordpress\/wp-json\/wp\/v2\/posts\/307648\/revisions"}],"wp:featuredmedia":[{"embeddable":true,"href":"https:\/\/www.radiopiu.net\/wordpress\/wp-json\/wp\/v2\/media\/307649"}],"wp:attachment":[{"href":"https:\/\/www.radiopiu.net\/wordpress\/wp-json\/wp\/v2\/media?parent=307648"}],"wp:term":[{"taxonomy":"category","embeddable":true,"href":"https:\/\/www.radiopiu.net\/wordpress\/wp-json\/wp\/v2\/categories?post=307648"},{"taxonomy":"post_tag","embeddable":true,"href":"https:\/\/www.radiopiu.net\/wordpress\/wp-json\/wp\/v2\/tags?post=307648"}],"curies":[{"name":"wp","href":"https:\/\/api.w.org\/{rel}","templated":true}]}}