{"id":307685,"date":"2022-11-22T08:56:34","date_gmt":"2022-11-22T07:56:34","guid":{"rendered":"https:\/\/www.radiopiu.net\/wordpress\/?p=307685"},"modified":"2022-11-22T08:58:03","modified_gmt":"2022-11-22T07:58:03","slug":"final-four-di-coppa-italia","status":"publish","type":"post","link":"https:\/\/www.radiopiu.net\/wordpress\/final-four-di-coppa-italia\/","title":{"rendered":"FINAL FOUR DELLA COPPA ITALIA DI HOCKEY A VARESE PER LE PROSSIME DUE EDIZIONI"},"content":{"rendered":"<p><strong><a class=\"dt-pswp-item\" href=\"https:\/\/www.radiopiu.net\/wordpress\/wp-content\/uploads\/2022\/11\/316311223_193305263211023_3001713402814709895_n.jpg\" data-dt-img-description=\"\" data-large_image_width=\"828\" data-large_image_height=\"817\"><img loading=\"lazy\" decoding=\"async\" class=\" wp-image-307687 alignleft\" src=\"https:\/\/www.radiopiu.net\/wordpress\/wp-content\/uploads\/2022\/11\/316311223_193305263211023_3001713402814709895_n-300x296.jpg\" alt=\"\" width=\"96\" height=\"95\" srcset=\"https:\/\/www.radiopiu.net\/wordpress\/wp-content\/uploads\/2022\/11\/316311223_193305263211023_3001713402814709895_n-300x296.jpg 300w, https:\/\/www.radiopiu.net\/wordpress\/wp-content\/uploads\/2022\/11\/316311223_193305263211023_3001713402814709895_n-150x150.jpg 150w, https:\/\/www.radiopiu.net\/wordpress\/wp-content\/uploads\/2022\/11\/316311223_193305263211023_3001713402814709895_n-768x758.jpg 768w, https:\/\/www.radiopiu.net\/wordpress\/wp-content\/uploads\/2022\/11\/316311223_193305263211023_3001713402814709895_n.jpg 828w\" sizes=\"auto, (max-width: 96px) 100vw, 96px\" \/><\/a>REDAZIONE<\/strong> Sar\u00e0 il palaghiaccio di Varese che ospiter\u00e0 la fase finale della Coppa Italia di hockey e lo far\u00e0 per le prossime due edizioni. La notizia l&#8217;ha confermata l&#8217;Associazione Italiana Hockey Ghiaccio sulla sua pagina Facebook. Dopo la riunione tra le societ\u00e0, la decisione \u00e8 stata unanime di affidare alla squadra lombarda l&#8217;organizzazione della fase finale del torneo. Intanto le squadre sono in attesa di sapere quando inizier\u00e0 la competizione. Infatti la federazione non ha ancora comunicato alle societ\u00e0 un calendario ufficiale per l&#8217;inizio della Coppa.<\/p>\n<p>&nbsp;<\/p>\n<p>&nbsp;<\/p>\n<p>&nbsp;<\/p>\n<p>******<\/p>\n","protected":false},"excerpt":{"rendered":"<p>REDAZIONE Sar\u00e0 il palaghiaccio di Varese che ospiter\u00e0 la fase finale della Coppa Italia di hockey e lo far\u00e0 per le prossime due edizioni. La notizia l&#8217;ha confermata l&#8217;Associazione Italiana Hockey Ghiaccio sulla sua pagina Facebook. Dopo la riunione tra le societ\u00e0, la decisione \u00e8 stata unanime di affidare alla squadra lombarda l&#8217;organizzazione della fase&hellip;<\/p>\n","protected":false},"author":4,"featured_media":307687,"comment_status":"closed","ping_status":"closed","sticky":false,"template":"","format":"standard","meta":{"_monsterinsights_skip_tracking":false,"_monsterinsights_sitenote_active":false,"_monsterinsights_sitenote_note":"","_monsterinsights_sitenote_category":0,"footnotes":""},"categories":[49],"tags":[],"class_list":["post-307685","post","type-post","status-publish","format-standard","has-post-thumbnail","hentry","category-news-18","category-49","description-off"],"img_url":"https:\/\/www.radiopiu.net\/wordpress\/wp-content\/uploads\/2022\/11\/316311223_193305263211023_3001713402814709895_n.jpg","_links":{"self":[{"href":"https:\/\/www.radiopiu.net\/wordpress\/wp-json\/wp\/v2\/posts\/307685","targetHints":{"allow":["GET"]}}],"collection":[{"href":"https:\/\/www.radiopiu.net\/wordpress\/wp-json\/wp\/v2\/posts"}],"about":[{"href":"https:\/\/www.radiopiu.net\/wordpress\/wp-json\/wp\/v2\/types\/post"}],"author":[{"embeddable":true,"href":"https:\/\/www.radiopiu.net\/wordpress\/wp-json\/wp\/v2\/users\/4"}],"replies":[{"embeddable":true,"href":"https:\/\/www.radiopiu.net\/wordpress\/wp-json\/wp\/v2\/comments?post=307685"}],"version-history":[{"count":0,"href":"https:\/\/www.radiopiu.net\/wordpress\/wp-json\/wp\/v2\/posts\/307685\/revisions"}],"wp:featuredmedia":[{"embeddable":true,"href":"https:\/\/www.radiopiu.net\/wordpress\/wp-json\/wp\/v2\/media\/307687"}],"wp:attachment":[{"href":"https:\/\/www.radiopiu.net\/wordpress\/wp-json\/wp\/v2\/media?parent=307685"}],"wp:term":[{"taxonomy":"category","embeddable":true,"href":"https:\/\/www.radiopiu.net\/wordpress\/wp-json\/wp\/v2\/categories?post=307685"},{"taxonomy":"post_tag","embeddable":true,"href":"https:\/\/www.radiopiu.net\/wordpress\/wp-json\/wp\/v2\/tags?post=307685"}],"curies":[{"name":"wp","href":"https:\/\/api.w.org\/{rel}","templated":true}]}}