{"id":307691,"date":"2022-11-23T05:30:47","date_gmt":"2022-11-23T04:30:47","guid":{"rendered":"https:\/\/www.radiopiu.net\/wordpress\/?p=307691"},"modified":"2022-11-23T10:43:50","modified_gmt":"2022-11-23T09:43:50","slug":"giornale-radiopiu-23-novembre-2022-direttore-mirko-mezzacasa","status":"publish","type":"post","link":"https:\/\/www.radiopiu.net\/wordpress\/giornale-radiopiu-23-novembre-2022-direttore-mirko-mezzacasa\/","title":{"rendered":"GIORNALE RADIOPIU 23 NOVEMBRE 2022 DIRETTORE MIRKO MEZZACASA"},"content":{"rendered":"<h3 class=\"kvgmc6g5 cxmmr5t8 oygrvhab hcukyx3x c1et5uql\"><span style=\"color: #0000ff;\"><strong>RADIO PIU INFORMAZIONE il canale su TELEGRAM informazione di prima\u00a0 <\/strong><strong>mano e in tempo reale. iscriviti ed aiutaci a farlo conoscere\u00a0 <\/strong><\/span><\/h3>\n<p>&nbsp;<\/p>\n<p style=\"text-align: left;\"><a class=\"dt-pswp-item\" href=\"https:\/\/www.radiopiu.net\/wordpress\/wp-content\/uploads\/2022\/11\/8e77f742-80b0-4a77-ac74-d33a62061fba.jpg\" data-dt-img-description=\"\" data-large_image_width=\"1536\" data-large_image_height=\"2048\"><img loading=\"lazy\" decoding=\"async\" class=\"size-medium wp-image-307830 aligncenter\" src=\"https:\/\/www.radiopiu.net\/wordpress\/wp-content\/uploads\/2022\/11\/8e77f742-80b0-4a77-ac74-d33a62061fba-225x300.jpg\" alt=\"\" width=\"225\" height=\"300\" srcset=\"https:\/\/www.radiopiu.net\/wordpress\/wp-content\/uploads\/2022\/11\/8e77f742-80b0-4a77-ac74-d33a62061fba-225x300.jpg 225w, https:\/\/www.radiopiu.net\/wordpress\/wp-content\/uploads\/2022\/11\/8e77f742-80b0-4a77-ac74-d33a62061fba-768x1024.jpg 768w, https:\/\/www.radiopiu.net\/wordpress\/wp-content\/uploads\/2022\/11\/8e77f742-80b0-4a77-ac74-d33a62061fba-1152x1536.jpg 1152w, https:\/\/www.radiopiu.net\/wordpress\/wp-content\/uploads\/2022\/11\/8e77f742-80b0-4a77-ac74-d33a62061fba.jpg 1536w\" sizes=\"auto, (max-width: 225px) 100vw, 225px\" \/><\/a><\/p>\n<h3>LA FOTO DELLA NEVICATA, DA RENON\u00a0 FRAZIONE DI GOSALDO AGORDINO CON UN COMMENTO SIGNIFICATIVO A QUATTRO ANNI DALL&#8217;URAGANO VAIA:<br \/>\n<em>&#8220;Speriamo ne faccia tanta di neve&#8230; cos\u00ec si copre tutto quel disastro di piante mezze marce lungo la strada&#8221;\u00a0\u00a0<\/em><\/h3>\n<p>&nbsp;<\/p>\n<hr \/>\n<p>&nbsp;<\/p>\n<blockquote>\n<h3>REVOCATA PARZIALMENTE L&#8217;ORDINANZA DI FADES A LA VALLE<\/h3>\n<\/blockquote>\n<p><strong>LA VALLE<\/strong> Stanno per essere ultimate le opere nella frazione di Fades a La Valle. Il comune con un&#8217;ordinanza ha revocato parzialmente il divieto di transito sul tratto interessato dai lavori, pi\u00f9 precisamente sul ponte che attraversa il torrente Missiaga, con l&#8217;apertura al transito pedonale.<\/p>\n<p>&nbsp;<\/p>\n<p>&nbsp;<\/p>\n<hr \/>\n<p>&nbsp;<\/p>\n<blockquote>\n<h3><a class=\"dt-pswp-item\" href=\"https:\/\/www.radiopiu.net\/wordpress\/wp-content\/uploads\/2021\/06\/th-12.jpg\" data-dt-img-description=\"\" data-large_image_width=\"282\" data-large_image_height=\"188\"><img loading=\"lazy\" decoding=\"async\" class=\" wp-image-216172 alignleft\" src=\"https:\/\/www.radiopiu.net\/wordpress\/wp-content\/uploads\/2021\/06\/th-12.jpg\" alt=\"\" width=\"144\" height=\"96\" \/><\/a>INTERRUZIONI PROGRAMMATE<\/h3>\n<\/blockquote>\n<p>Gestione Servizi Pubblici informa che, per lavori alla rete idrica comunale, oggi e domani dalle 8 alle 17 verr\u00e0 sospesa l\u2019erogazione dell\u2019acqua a VOLTAGO AGORDINO in Loc. CAPOLUOGO. Il personale addetto operer\u00e0 per limitare il pi\u00f9 possibile i disagi alla popolazione.<\/p>\n<p>&nbsp;<\/p>\n<p>&nbsp;<\/p>\n<hr \/>\n<p>&nbsp;<\/p>\n<blockquote>\n<h3 class=\"entry-title\">IL LADRO AD AGORDO\u2026BECCATO CON LE MANI NEL SACCO<\/h3>\n<p><span style=\"color: #ff0000;\">IERI ALLA RADIO<\/span><\/p><\/blockquote>\n<p><strong><img loading=\"lazy\" decoding=\"async\" class=\"alignleft\" src=\"https:\/\/www.radiopiu.net\/wordpress\/wp-content\/uploads\/2022\/11\/043757c0-586e-4344-a00b-4ece9fbd4887.jpg\" width=\"274\" height=\"212\" \/>AGORDO<\/strong> Tanto va la gatta al lardo\u2026 Infatti lo zampino questa volta lo ha lasciato. Dopo cinque furti commessi ad Agordo,\u00a0 ieri mattina alle 4 un giovane extracomunitario domiciliato ad Agordo da qualche tempo, \u00e8 stato pizzicato con le mani nel sacco. Potrebbe essere lui l\u2019autore dei precedenti furti, ma questo lo stabiliranno i Carabinieri di Agordo che lo hanno preso in consegna di primo mattino e da giorni stanno lavorando sulle prove lasciate in giro, tra Villa Fiore, casa del Vecchio, Pizzeria Agordina, bar del Tennis e del Parco Giochi, ovvero dove sono stati commessi i furti nelle ultime settimane, tutti con lo stesso modus operandi: scasso, furto, fuga sempre con un misero bottino, ma rimangono i danni ad appartamenti e strutture. Ieri mattina alle 4, in localit\u00e0 Le Campe lungo la regionale 203 agordina. Germano Moretti, il volto noto del distributore dell\u2019area 203 agordina (Botol Group) si \u00e8 alzato e,\u00a0 guardando\u00a0 dalla finestra ha visto il giovane in bicicletta. Non ha esitato, ha subito chiamato Fabrizio Vigilante, il patron del gruppo,\u00a0 assieme hanno iniziato anche mediante le video camere a seguire le sue mosse. Prima ha messo le mani sul cambiamonete dell\u2019autolavaggio causando i primi danni, poi si \u00e8 spostato al supermercato del gruppo Walber. Germano e Fabrizio lo hanno lasciato fare mentre\u00a0 forzava le prime porte del WStore, quindi \u00e8 stato fermato. Sono poi stati chiamati i Carabinieri ai quali dovr\u00e0 spiegare parecchie cose. Ad Agordo\u00a0 si tira un sospiro di sollievo, con una pacca sulle spalle a Germano, attento, preciso e velocissimo ad organizzare l\u2019azione che ha portato il giovane brasiliano &#8211; domiciliato ad Agordo in frazione Ponte Alto &#8211;\u00a0 diritto in caserma dei Carabinieri di via LungoRova.<\/p>\n<p>&nbsp;<\/p>\n<p><span style=\"font-family: Book Antiqua, serif;\"><strong><img loading=\"lazy\" decoding=\"async\" class=\"alignleft\" src=\"https:\/\/www.radiopiu.net\/wordpress\/wp-content\/uploads\/2022\/11\/043757c0-586e-4344-a00b-4ece9fbd4887.jpg\" width=\"183\" height=\"142\" \/>BELLUNO<\/strong> I Carabinieri della Compagnia di Belluno sono intervenuti ieri notte nel comune di La Valle Agordina per il tentato furto ai danni dell&#8217;autolavaggio della Botol Group e vicino supermercato del gruppo Walber.\u00a0 Segnalato il\u00a0 tentativo di furto ai danni delle due aziende come ricordiamo nell&#8217;articolo che segue pubblicato in mattina.\u00a0 I militari delle Stazioni di Agordo e Falcade sono giunti sul posto dopo una telefonata al 112 che segnalava la presenza del soggetto sospetto che poi \u00e8 stato effettivamente rintracciato mentre era intento a forzare la porta di ingresso del supermercato. L\u2019uomo, Mateus Rossi 19 anni domiciliato ad Agordo in frazione Ponte Alto non ha opposto resistenza ed \u00e8 stato condotto, per ulteriori accertamenti e col supporto dell\u2019Aliquota Radiomobile del capoluogo, presso la Caserma dell\u2019Arma e tratto in arresto per tentato furto. Ieri mattina i Carabinieri lo hanno condotto presso il Tribunale di Belluno dove \u00e8 stato sottoposto a giudizio direttissimo, nel corso del quale \u00e8 stato convalidato l\u2019arresto e disposto l\u2019obbligo di firma giornaliero presso i Carabinieri di Agordo. Nel corso dell\u2019operazione i militari dell\u2019Arma hanno anche rinvenuto e sottoposto a sequestro alcuni materiali di scasso che l\u2019uomo aveva con se al momento dell\u2019arresto. Si tratta di un risultato importante, che scaturisce dall\u2019intensificazione dei servizi preventivi disposti dalla Compagnia di Belluno nella valle agordina, dopo alcuni episodi di furto e tentato furto che si erano verificati nelle scorse settimane. L\u2019analisi dei fenomeni aveva indotto a aumentare la presenza delle pattuglie dei Carabinieri, supportate anche da alcuni servizi di prevenzione, su autovetture civili, svolti da militari dell\u2019Arma proprio per intercettare gli autori di questi reati. I servizi preventivi nell\u2019area comunque continueranno, al fine di aumentare la generale cornice di sicurezza sia nell\u2019area dell\u2019agordino, sia in altre aree della provincia, con attivit\u00e0 coordinate di controllo del territorio.<\/span><\/p>\n<p>&nbsp;<\/p>\n<p><span style=\"color: #ff0000;\"><strong>LA DIRETTISSIMA<\/strong><\/span><\/p>\n<p><a class=\"dt-pswp-item\" href=\"https:\/\/www.radiopiu.net\/wordpress\/wp-content\/uploads\/2021\/09\/tribunale-belluno.jpg\" data-dt-img-description=\"\" data-large_image_width=\"778\" data-large_image_height=\"518\"><img loading=\"lazy\" decoding=\"async\" class=\"size-medium wp-image-232453 alignleft\" src=\"https:\/\/www.radiopiu.net\/wordpress\/wp-content\/uploads\/2021\/09\/tribunale-belluno-300x200.jpg\" alt=\"\" width=\"300\" height=\"200\" srcset=\"https:\/\/www.radiopiu.net\/wordpress\/wp-content\/uploads\/2021\/09\/tribunale-belluno-300x200.jpg 300w, https:\/\/www.radiopiu.net\/wordpress\/wp-content\/uploads\/2021\/09\/tribunale-belluno-768x511.jpg 768w, https:\/\/www.radiopiu.net\/wordpress\/wp-content\/uploads\/2021\/09\/tribunale-belluno.jpg 778w\" sizes=\"auto, (max-width: 300px) 100vw, 300px\" \/><\/a><strong>DAL CORRIERE DELLE ALPI, GIGI SOSSO\u00a0<\/strong><\/p>\n<div class=\"articlePlainText\">Un ragazzino. Un 19enne dai tipici lineamenti sudamericani che ieri mattina in tribunale \u00e8 sembrato anche pentito. All&#8217;uscita dall&#8217;udienza a porte chiuse delle 12.30, lo si \u00e8 sentito chiaramente offrire una sorta di risarcimento a Germano Moretti e Fabrizio Vigilante con la tipica cadenza brasiliana: \u00abSe posso fare qualcosa per rimediare, io lo faccio volentieri\u00bb. I due hanno risposto con un saluto. Non sarebbero stati sentiti dal giudice per le indagini preliminari Montalto e dal pubblico ministero Primavera e hanno preferito non rilasciare dichiarazioni, ma avevano gi\u00e0 parlato a verbale con i carabinieri, descrivendo quello che era successo solo poche ore prima.<\/div>\n<p>&nbsp;<\/p>\n<p>&nbsp;<\/p>\n<p>&nbsp;<\/p>\n<hr \/>\n<p>&nbsp;<\/p>\n<blockquote>\n<h3><a class=\"dt-pswp-item\" href=\"https:\/\/www.radiopiu.net\/wordpress\/wp-content\/uploads\/2022\/11\/Senza-nome-93.jpg\" data-dt-img-description=\"\" data-large_image_width=\"598\" data-large_image_height=\"389\"><img loading=\"lazy\" decoding=\"async\" class=\"size-medium wp-image-307817 alignleft\" src=\"https:\/\/www.radiopiu.net\/wordpress\/wp-content\/uploads\/2022\/11\/Senza-nome-93-300x195.jpg\" alt=\"\" width=\"300\" height=\"195\" srcset=\"https:\/\/www.radiopiu.net\/wordpress\/wp-content\/uploads\/2022\/11\/Senza-nome-93-300x195.jpg 300w, https:\/\/www.radiopiu.net\/wordpress\/wp-content\/uploads\/2022\/11\/Senza-nome-93.jpg 598w\" sizes=\"auto, (max-width: 300px) 100vw, 300px\" \/><\/a>L&#8217;ULTIMO VIAGGIO DI TOTO&#8217; SULLE SPALLE DEI COMPAGNI DI SQUADRA<\/h3>\n<\/blockquote>\n<p><strong>PEDAVENA<\/strong> Un saluto struggente, sulle note della cornamusa suonata dal maestro Pio Sagrillo. Il Rugby Feltre e la citt\u00e0 di Feltre hanno accompagnato Salvatore Stefani verso l&#8217;ultimo viaggio in direzione Mogliano Veneto con il calore e la partecipazione che il ragazzo meritava. Il ringraziamento commosso del pap\u00e0 Armando alla fine della breve cerimonia che si \u00e8 svolta agli impianti sportivi del Boscherai, testimonia quanto la famiglia si sia resa conto dell&#8217;affetto che il loro Tot\u00f2 aveva saputo ritagliarsi nei suoi anni a Feltre, prima come studente dell&#8217;Istituto agrario Della Lucia di Vellai, poi come elemento della prima squadra del Rugby Feltre.<\/p>\n<p><strong>FELTRE<\/strong> Ieri si sono svolti i funerali di Elvio Scottini tra i tanti amici e una citt\u00e0 commossa attorno alla moglie Gabriella e ai figli Raffaele e Roberto. \u00ab\u00c8 vissuto con il desiderio di dare forma e colore alle cose e adesso incontra la creativit\u00e0 <a href=\"https:\/\/www.radiopiu.net\/wordpress\/wp-content\/uploads\/2022\/11\/215347940-e1e14e97-3b85-4719-9438-f2c7808b78cc.webp\"><img loading=\"lazy\" decoding=\"async\" class=\"size-medium wp-image-307642 alignleft\" src=\"https:\/\/www.radiopiu.net\/wordpress\/wp-content\/uploads\/2022\/11\/215347940-e1e14e97-3b85-4719-9438-f2c7808b78cc-300x169.webp\" alt=\"\" width=\"300\" height=\"169\" srcset=\"https:\/\/www.radiopiu.net\/wordpress\/wp-content\/uploads\/2022\/11\/215347940-e1e14e97-3b85-4719-9438-f2c7808b78cc-300x169.webp 300w, https:\/\/www.radiopiu.net\/wordpress\/wp-content\/uploads\/2022\/11\/215347940-e1e14e97-3b85-4719-9438-f2c7808b78cc-768x432.webp 768w, https:\/\/www.radiopiu.net\/wordpress\/wp-content\/uploads\/2022\/11\/215347940-e1e14e97-3b85-4719-9438-f2c7808b78cc.webp 800w\" sizes=\"auto, (max-width: 300px) 100vw, 300px\" \/><\/a>di Dio\u00bb, ha detto don Sandro nell&#8217;omelia funebre, \u00abpronto al banchetto, avendo lasciato un assaggio di immortalit\u00e0, cui si danno appuntamento tutti i popoli della terra\u00bb.<\/p>\n<p>Domani per la citt\u00e0 sar\u00e0 un altro giorno di dolore, in cattedrale alle 14.30 si terranno i funerali di\u00a0 Mery Masocco, deceduta domenica pomeriggio mentre con altri tre amici stava rientrando da un&#8217;escursione sulle Vette Feltrine, sul Passo del Comedon.\u00a0 Anche sui social proseguono i commenti a ricordo della giovane, con un attenzione speciale per una famiglia gi\u00e0 duramente colpita. Questra sera alle 20 la chiesa del Sacro cuore ospiter\u00e0 un rosario<\/p>\n<p>&nbsp;<\/p>\n<p><a class=\"dt-pswp-item\" href=\"https:\/\/www.radiopiu.net\/wordpress\/wp-content\/uploads\/2022\/11\/Senza-nome-94.jpg\" data-dt-img-description=\"\" data-large_image_width=\"296\" data-large_image_height=\"230\"><img loading=\"lazy\" decoding=\"async\" class=\"wp-image-307818 alignleft\" src=\"https:\/\/www.radiopiu.net\/wordpress\/wp-content\/uploads\/2022\/11\/Senza-nome-94.jpg\" alt=\"\" width=\"153\" height=\"119\" \/><\/a><strong>LONGARONE<\/strong>\u00a0 \u00a0Igne ha salutato Siro Bez travolto dal tronco di un albero domenica scorsa, mentre stava facendo legna per l&#8217;inverno in un bosco di Casera Perera.\u00a0 Una dimostrazione di grande vicinanza alla famiglia del 48enne operaio della Comunit\u00e0 montana, in particolare alla sua compagna Laura e alla sorella Angelita. \u00abPoteva anche sembrare una persona burbera e con un carattere ruvido, ma sotto la scorza dura del montanaro c&#8217;era un cuore generoso e cordiale\u00bb, ha sottolineato nella sua omelia don Augusto Antoniol.<\/p>\n<p>&nbsp;<\/p>\n<p>&nbsp;<\/p>\n<hr \/>\n<p>&nbsp;<\/p>\n<blockquote>\n<h3>ADDIO &#8220;BOBO&#8221; IL MINISTRO CHE AMAVA LA MONTAGNA<\/h3>\n<\/blockquote>\n<p><strong>REDAZIONE<\/strong> \u201cUna di quelle notizie che non si vorrebbero mai ricevere&#8221;. Sono le parole di cordoglio per la scomparsa dell\u2019esponente della Lega, ex ministro degli Interni e presidente della Lombardia, Roberto Maroni, espresse dal commissario provinciale della Lega Franco Gidoni.\u00a0 L\u2019ex ministro era legato al Bellunese e al gruppo provinciale della Lega da una sincera affinit\u00e0, dovuta alle sue origini varesine. L\u2019amore per la montagna e le battaglie a favore di chi vive nelle terre alte sono sempre stati il terreno comune di tanti confronti con il gruppo di bellunese del partito, che oggi<\/p>\n<p><strong>FRANCO GIDONI<\/strong><\/p>\n<audio class=\"wp-audio-shortcode\" id=\"audio-307691-1\" preload=\"none\" style=\"width: 100%;\" controls=\"controls\"><source type=\"audio\/mpeg\" src=\"https:\/\/www.radiopiu.net\/wordpress\/wp-content\/uploads\/2022\/11\/GIDONI.mp3?_=1\" \/><a href=\"https:\/\/www.radiopiu.net\/wordpress\/wp-content\/uploads\/2022\/11\/GIDONI.mp3\">https:\/\/www.radiopiu.net\/wordpress\/wp-content\/uploads\/2022\/11\/GIDONI.mp3<\/a><\/audio>\n<p>&nbsp;<\/p>\n<p><strong>ARCHIVIO RADIOPIU, MARONI AL CONVEGNO DI AGORDO, FEBBRAIO 2004<\/strong><\/p>\n\n\t\t\t<style type='text\/css'>\n\t\t\t\t#gallery-1 {\n\t\t\t\t\tmargin: auto;\n\t\t\t\t}\n\t\t\t\t#gallery-1 .gallery-item {\n\t\t\t\t\tfloat: left;\n\t\t\t\t\tmargin-top: 10px;\n\t\t\t\t\ttext-align: center;\n\t\t\t\t\twidth: 25%;\n\t\t\t\t}\n\t\t\t\t#gallery-1 img {\n\t\t\t\t\tborder: 2px solid #cfcfcf;\n\t\t\t\t}\n\t\t\t\t#gallery-1 .gallery-caption {\n\t\t\t\t\tmargin-left: 0;\n\t\t\t\t}\n\t\t\t\t\/* see gallery_shortcode() in wp-includes\/media.php *\/\n\t\t\t<\/style>\n\t\t<div id='gallery-1' class='dt-gallery-container gallery galleryid-307691 gallery-columns-4 gallery-size-thumbnail'><dl class='gallery-item'>\n\t\t\t\t<dt class='gallery-icon landscape'>\n\t\t\t\t\t<a class=\"rollover rollover-zoom dt-pswp-item\" title=\"DSCF1223\" data-dt-img-description=\"\" data-large_image_width=\"1280\" data-large_image_height=\"960\"href='https:\/\/www.radiopiu.net\/wordpress\/wp-content\/uploads\/2022\/11\/DSCF1223.jpg'><img loading=\"lazy\" decoding=\"async\" width=\"150\" height=\"150\" src=\"https:\/\/www.radiopiu.net\/wordpress\/wp-content\/uploads\/2022\/11\/DSCF1223-150x150.jpg\" class=\"attachment-thumbnail size-thumbnail\" alt=\"\" \/><\/a>\n\t\t\t\t<\/dt><\/dl><dl class='gallery-item'>\n\t\t\t\t<dt class='gallery-icon landscape'>\n\t\t\t\t\t<a class=\"rollover rollover-zoom dt-pswp-item\" title=\"ltm2\" data-dt-img-description=\"\" data-large_image_width=\"640\" data-large_image_height=\"480\"href='https:\/\/www.radiopiu.net\/wordpress\/wp-content\/uploads\/2022\/11\/ltm2.jpg'><img loading=\"lazy\" decoding=\"async\" width=\"150\" height=\"150\" src=\"https:\/\/www.radiopiu.net\/wordpress\/wp-content\/uploads\/2022\/11\/ltm2-150x150.jpg\" class=\"attachment-thumbnail size-thumbnail\" alt=\"\" \/><\/a>\n\t\t\t\t<\/dt><\/dl><dl class='gallery-item'>\n\t\t\t\t<dt class='gallery-icon landscape'>\n\t\t\t\t\t<a class=\"rollover rollover-zoom dt-pswp-item\" title=\"ltm1\" data-dt-img-description=\"\" data-large_image_width=\"640\" data-large_image_height=\"480\"href='https:\/\/www.radiopiu.net\/wordpress\/wp-content\/uploads\/2022\/11\/ltm1.jpg'><img loading=\"lazy\" decoding=\"async\" width=\"150\" height=\"150\" src=\"https:\/\/www.radiopiu.net\/wordpress\/wp-content\/uploads\/2022\/11\/ltm1-150x150.jpg\" class=\"attachment-thumbnail size-thumbnail\" alt=\"\" \/><\/a>\n\t\t\t\t<\/dt><\/dl><dl class='gallery-item'>\n\t\t\t\t<dt class='gallery-icon landscape'>\n\t\t\t\t\t<a class=\"rollover rollover-zoom dt-pswp-item\" title=\"DSCF1231\" data-dt-img-description=\"\" data-large_image_width=\"1280\" data-large_image_height=\"960\"href='https:\/\/www.radiopiu.net\/wordpress\/wp-content\/uploads\/2022\/11\/DSCF1231.jpg'><img loading=\"lazy\" decoding=\"async\" width=\"150\" height=\"150\" src=\"https:\/\/www.radiopiu.net\/wordpress\/wp-content\/uploads\/2022\/11\/DSCF1231-150x150.jpg\" class=\"attachment-thumbnail size-thumbnail\" alt=\"\" \/><\/a>\n\t\t\t\t<\/dt><\/dl><br style=\"clear: both\" \/>\n\t\t\t<\/div>\n\n<blockquote><p><strong>E&#8217; morto Roberto Maroni, 67 anni, ex segretario della Lega, governatore lombardo e ministro dell&#8217;Interno e del Welfare. Maroni lottava da tempo contro una grave malattia e si \u00e8 spento nella sua casa nel Varesotto dove ha trascorso gli ultimi mesi. Ad annunciare la scomparsa, i familiari con parole commosse: &#8220;Ieri notte alle 4\u00a0 &#8211; si legge nel messaggio della famiglia &#8211; il nostro caro Bobo ci ha lasciato. A chi gli chiedeva come stava, anche negli ultimi istanti, ha sempre risposto &#8216;bene&#8217;. Eri cos\u00ec Bobo, un inguaribile ottimista. Sei stato un grande marito, padre e amico&#8221;. &#8220;Chi \u00e8 amato non conosce morte, perch\u00e9 l&#8217;amore \u00e8 immortalit\u00e0, o meglio, \u00e8 sostanza divina (Emily Dickinson). Ciao Bobo&#8221;, conclude la nota. I funerali, ha reso noto il leader della Lega Matteo Salvini, si terranno venerd\u00ec mattina a Varese.<\/strong><\/p><\/blockquote>\n<div id=\"outbrain_widget_0\" class=\"OUTBRAIN\" data-src=\"https:\/\/tg24.sky.it\/cronaca\/2022\/11\/22\/roberto-maroni-morto\" data-widget-id=\"AR_10\" data-intcmp=\"skytg24_null_outbrain_null\" data-ob-mark=\"true\" data-browser=\"chrome\" data-os=\"win32\" data-dynload=\"\" data-idx=\"0\">\n<div class=\"ob-widget ob-grid-layout CR_1\" data-dynamic-truncate=\"true\"><\/div>\n<div data-dynamic-truncate=\"true\"><\/div>\n<div data-dynamic-truncate=\"true\">\n<hr \/>\n<\/div>\n<div data-dynamic-truncate=\"true\"><\/div>\n<div data-dynamic-truncate=\"true\"><\/div>\n<blockquote>\n<h3 data-dynamic-truncate=\"true\">AL VOLANTE DEL FURGONE UBRIACO E SOTTO L&#8217;EFFETTO DI SOSTANZE STUPEFACENTI<\/h3>\n<\/blockquote>\n<div data-dynamic-truncate=\"true\">\n<p><strong><img loading=\"lazy\" decoding=\"async\" class=\"alignleft\" src=\"https:\/\/www.radiopiu.net\/wordpress\/wp-content\/uploads\/2021\/04\/Stradale-foto-3.jpg\" width=\"250\" height=\"183\" \/>BELLUNO<\/strong> Sabato<span style=\"font-family: Georgia, serif;\"><span style=\"font-size: medium;\"> alla vigilia\u00a0 della <\/span><\/span><sup><span style=\"font-family: Georgia, serif;\"><span style=\"font-size: medium;\">\u201c<\/span><\/span><\/sup><span style=\"font-family: Georgia, serif;\"><span style=\"font-size: medium;\">Giornata nazionale in memoria delle vittime della strada\u201d, dedicata a quanti hanno perso la vita sulla strada ed ai loro familiari\u00a0 un uomo \u00e8 stato fermato alle 23.20 mentre guidava\u00a0 un furgone. Gli agenti della stradale hanno subito notato come manifestasse un comportamento sintomatico dell\u2019ebbrezza alcolica. Alzando la voce faceva peraltro trasparire <\/span><\/span><span style=\"font-family: Georgia, serif;\"><span style=\"font-size: medium;\">difficolt\u00e0 di deambulazione e di coordinamento, per non parlare dell&#8217;alito tipico dell&#8217;avvinazzato: tasso alcoolemico <\/span><\/span><span style=\"font-family: Georgia, serif;\"><span style=\"font-size: medium;\">2,94 grammi per litro, cio\u00e8 6 volte superiore al consentito. Era privo di patente, gi\u00e0 revocata per guida in stato di ebbrezza. E&#8217; quindi<\/span><\/span><span style=\"font-family: Georgia, serif;\"><span style=\"font-size: medium;\"> scattata\u00a0 la denuncia all\u2019Autorit\u00e0 Giudiziaria per il reato di guida in stato di ebbrezza, aggravato per essere stato commesso nelle ore notturne,\u00a0 rischia il massimo della sanzione: l\u2019arresto fino a un anno e l\u2019ammenda fino a 6mila euro. Dovr\u00e0 pagare altri 5100 euro per la guida senza patente.<\/span><\/span><\/p>\n<p>&nbsp;<\/p>\n<p align=\"JUSTIFY\"><span style=\"font-family: Georgia, serif;\"><span style=\"font-size: medium;\">Il Comandante della Polizia Stradale di Belluno, Atorino Salvatore Erich, dichiara: \u201c<\/span><\/span><span style=\"font-family: Georgia, serif;\"><span style=\"font-size: medium;\"><i>Appena ieri si \u00e8 celebrata la Giornata nazionale in memoria delle vittime della strada, in occasione della quale, da sempre, La Polizia di Stato tutta ci tiene a far sentire la sua vicinanza al fianco delle vittime e ai loro familiari, aiutando chi \u00e8 sopravvissuto all\u2019incidente o magari i familiari della persona deceduta a riprendere il controllo della propria vita e\/o ad elaborare il lutto. Nella prospettiva di anticipare e prontamente fermare le condotte rischiose per la sicurezza della circolazione autostradale, per quanto riguarda l\u2019attivit\u00e0 nell\u2019ambito della nostra Provincia, continueranno ad essere assicurati incessantemente da parte della Sezione di Polizia Stradale di Belluno costanti servizi di controllo della velocit\u00e0 e rispetto segnaletica stradale, dello stato di alterazione da alcol o droghe, del divieto di utilizzo smartphone alla guida, dell\u2019utilizzo delle cinture di sicurezza e sistemi di ritenuta bambini, del rispetto delle norme previste in tema di tempi di guida e riposo da parte dei conducenti dei mezzi pesanti, della regolarit\u00e0 documentale (assicurazioni e revisioni) ed efficienza dei veicoli, dei trasporti sostanze alimentari e merci pericolose (es. infiammabili). Insomma, di tutto ci\u00f2 che riguarda l\u2019attivit\u00e0 specialistica propria della Specialit\u00e0 Polizia Stradale. E, continuer\u00e0 ancora e senza sosta ogni attivit\u00e0 di prevenzione verso i fenomeni potenzialmente rischiosi per la vita e la salute dei passeggeri dei veicoli che circolano sulle principali arterie della viabilit\u00e0 della Provincia. In occasione della giornata dedicata a tutte le vittime di incidenti, infine, mi preme dedicare un ricordo particolare agli appartenenti alle Forze di Polizia che sono sulla strada tutti i giorni per compiere il proprio dovere e che in certi casi, tutt\u2019altro che infrequenti purtroppo, pagano un tributo altissimo per l\u2019espletamento dei loro doveri<\/i><\/span><\/span><span style=\"font-family: Georgia, serif;\"><span style=\"font-size: medium;\">\u201d.\u00a0<\/span><\/span><\/p>\n<hr \/>\n<blockquote>\n<h3 align=\"JUSTIFY\"><\/h3>\n<h3 align=\"JUSTIFY\">INCIDENTE A PUNER, IMPATTO TRA AUTO E PICK UP<\/h3>\n<\/blockquote>\n<p align=\"JUSTIFY\"><span style=\"color: #ff0000;\"><strong>IERI SERA ALLA RADIO\u00a0<\/strong><\/span><\/p>\n<p><img loading=\"lazy\" decoding=\"async\" class=\"alignleft\" src=\"https:\/\/www.radiopiu.net\/wordpress\/wp-content\/uploads\/2021\/10\/1c915191-2a89-4254-b684-35ee87f63135.jpg\" width=\"211\" height=\"158\" \/><\/p>\n<p><strong>DI MORENO GIOLI<\/strong><\/p>\n<audio class=\"wp-audio-shortcode\" id=\"audio-307691-2\" preload=\"none\" style=\"width: 100%;\" controls=\"controls\"><source type=\"audio\/mpeg\" src=\"https:\/\/www.radiopiu.net\/wordpress\/wp-content\/uploads\/2022\/11\/MORENO-INCIDENTE.mp3?_=2\" \/><a href=\"https:\/\/www.radiopiu.net\/wordpress\/wp-content\/uploads\/2022\/11\/MORENO-INCIDENTE.mp3\">https:\/\/www.radiopiu.net\/wordpress\/wp-content\/uploads\/2022\/11\/MORENO-INCIDENTE.mp3<\/a><\/audio>\n<p>&nbsp;<\/p>\n\n\t\t\t<style type='text\/css'>\n\t\t\t\t#gallery-2 {\n\t\t\t\t\tmargin: auto;\n\t\t\t\t}\n\t\t\t\t#gallery-2 .gallery-item {\n\t\t\t\t\tfloat: left;\n\t\t\t\t\tmargin-top: 10px;\n\t\t\t\t\ttext-align: center;\n\t\t\t\t\twidth: 33%;\n\t\t\t\t}\n\t\t\t\t#gallery-2 img {\n\t\t\t\t\tborder: 2px solid #cfcfcf;\n\t\t\t\t}\n\t\t\t\t#gallery-2 .gallery-caption {\n\t\t\t\t\tmargin-left: 0;\n\t\t\t\t}\n\t\t\t\t\/* see gallery_shortcode() in wp-includes\/media.php *\/\n\t\t\t<\/style>\n\t\t<div id='gallery-2' class='dt-gallery-container gallery galleryid-307691 gallery-columns-3 gallery-size-thumbnail'><dl class='gallery-item'>\n\t\t\t\t<dt class='gallery-icon portrait'>\n\t\t\t\t\t<a class=\"rollover rollover-zoom dt-pswp-item\" title=\"655a4bbd-af50-43c7-a2b3-447ba9d2d31f\" data-dt-img-description=\"\" data-large_image_width=\"576\" data-large_image_height=\"818\"href='https:\/\/www.radiopiu.net\/wordpress\/wp-content\/uploads\/2022\/11\/655a4bbd-af50-43c7-a2b3-447ba9d2d31f.jpg'><img loading=\"lazy\" decoding=\"async\" width=\"150\" height=\"150\" src=\"https:\/\/www.radiopiu.net\/wordpress\/wp-content\/uploads\/2022\/11\/655a4bbd-af50-43c7-a2b3-447ba9d2d31f-150x150.jpg\" class=\"attachment-thumbnail size-thumbnail\" alt=\"\" \/><\/a>\n\t\t\t\t<\/dt><\/dl><dl class='gallery-item'>\n\t\t\t\t<dt class='gallery-icon landscape'>\n\t\t\t\t\t<a class=\"rollover rollover-zoom dt-pswp-item\" title=\"2635a275-d15a-487b-998b-ea66f1df1285\" data-dt-img-description=\"\" data-large_image_width=\"576\" data-large_image_height=\"440\"href='https:\/\/www.radiopiu.net\/wordpress\/wp-content\/uploads\/2022\/11\/2635a275-d15a-487b-998b-ea66f1df1285.jpg'><img loading=\"lazy\" decoding=\"async\" width=\"150\" height=\"150\" src=\"https:\/\/www.radiopiu.net\/wordpress\/wp-content\/uploads\/2022\/11\/2635a275-d15a-487b-998b-ea66f1df1285-150x150.jpg\" class=\"attachment-thumbnail size-thumbnail\" alt=\"\" \/><\/a>\n\t\t\t\t<\/dt><\/dl><dl class='gallery-item'>\n\t\t\t\t<dt class='gallery-icon landscape'>\n\t\t\t\t\t<a class=\"rollover rollover-zoom dt-pswp-item\" title=\"33c984d8-ba44-4456-bb61-248fec9386b4\" data-dt-img-description=\"\" data-large_image_width=\"576\" data-large_image_height=\"446\"href='https:\/\/www.radiopiu.net\/wordpress\/wp-content\/uploads\/2022\/11\/33c984d8-ba44-4456-bb61-248fec9386b4.jpg'><img loading=\"lazy\" decoding=\"async\" width=\"150\" height=\"150\" src=\"https:\/\/www.radiopiu.net\/wordpress\/wp-content\/uploads\/2022\/11\/33c984d8-ba44-4456-bb61-248fec9386b4-150x150.jpg\" class=\"attachment-thumbnail size-thumbnail\" alt=\"\" \/><\/a>\n\t\t\t\t<\/dt><\/dl><br style=\"clear: both\" \/><dl class='gallery-item'>\n\t\t\t\t<dt class='gallery-icon landscape'>\n\t\t\t\t\t<a class=\"rollover rollover-zoom dt-pswp-item\" title=\"36fc848b-7567-49c8-a25b-872b74431e89\" data-dt-img-description=\"\" data-large_image_width=\"576\" data-large_image_height=\"440\"href='https:\/\/www.radiopiu.net\/wordpress\/wp-content\/uploads\/2022\/11\/36fc848b-7567-49c8-a25b-872b74431e89.jpg'><img loading=\"lazy\" decoding=\"async\" width=\"150\" height=\"150\" src=\"https:\/\/www.radiopiu.net\/wordpress\/wp-content\/uploads\/2022\/11\/36fc848b-7567-49c8-a25b-872b74431e89-150x150.jpg\" class=\"attachment-thumbnail size-thumbnail\" alt=\"\" \/><\/a>\n\t\t\t\t<\/dt><\/dl><dl class='gallery-item'>\n\t\t\t\t<dt class='gallery-icon landscape'>\n\t\t\t\t\t<a class=\"rollover rollover-zoom dt-pswp-item\" title=\"d1f0a37a-d53a-4732-b67d-38547a23df70\" data-dt-img-description=\"\" data-large_image_width=\"576\" data-large_image_height=\"458\"href='https:\/\/www.radiopiu.net\/wordpress\/wp-content\/uploads\/2022\/11\/d1f0a37a-d53a-4732-b67d-38547a23df70.jpg'><img loading=\"lazy\" decoding=\"async\" width=\"150\" height=\"150\" src=\"https:\/\/www.radiopiu.net\/wordpress\/wp-content\/uploads\/2022\/11\/d1f0a37a-d53a-4732-b67d-38547a23df70-150x150.jpg\" class=\"attachment-thumbnail size-thumbnail\" alt=\"\" \/><\/a>\n\t\t\t\t<\/dt><\/dl>\n\t\t\t\t<br style='clear: both' \/>\n\t\t\t<\/div>\n\n<p>&nbsp;<\/p>\n<hr \/>\n<p>&nbsp;<\/p>\n<blockquote>\n<h3>&#8220;LAZZARONI E ASSISTENZIALISTI&#8221; NUOVA CONDANNA PER LA INTERNICOLA<\/h3>\n<\/blockquote>\n<p><strong>OGGI SUL CORRIERE DELLE ALPI<\/strong><\/p>\n<p><strong>DI GIGI SOSSO<\/strong><\/p>\n<p><strong><a class=\"dt-pswp-item\" href=\"https:\/\/www.radiopiu.net\/wordpress\/wp-content\/uploads\/2022\/11\/Rocca-Pietore-colpita-dal-maltempo-foto-di-Roberto-Bristot-lab.-Inquadrati-768x432-1.jpg\" data-dt-img-description=\"\" data-large_image_width=\"768\" data-large_image_height=\"432\"><img loading=\"lazy\" decoding=\"async\" class=\"size-medium wp-image-307821 alignleft\" src=\"https:\/\/www.radiopiu.net\/wordpress\/wp-content\/uploads\/2022\/11\/Rocca-Pietore-colpita-dal-maltempo-foto-di-Roberto-Bristot-lab.-Inquadrati-768x432-1-300x169.jpg\" alt=\"\" width=\"300\" height=\"169\" srcset=\"https:\/\/www.radiopiu.net\/wordpress\/wp-content\/uploads\/2022\/11\/Rocca-Pietore-colpita-dal-maltempo-foto-di-Roberto-Bristot-lab.-Inquadrati-768x432-1-300x169.jpg 300w, https:\/\/www.radiopiu.net\/wordpress\/wp-content\/uploads\/2022\/11\/Rocca-Pietore-colpita-dal-maltempo-foto-di-Roberto-Bristot-lab.-Inquadrati-768x432-1.jpg 768w\" sizes=\"auto, (max-width: 300px) 100vw, 300px\" \/><\/a>ROCCA PIETORE<\/strong> \u00abLazzaroni e assistenzialisti\u00bb: aver definito cos\u00ec gli abitanti di Rocca Pietore costa un&#8217;altra condanna a Laura Internicola. La turista bresciana di Carpenedolo \u00e8 stata ritenuta responsabile del post diffamatorio su Facebook e condannata alla pena di 1.200 euro di multa e il pagamento delle spese processuali dal giudice Cristina Cittolin con pena sospesa, oltre a un anticipo di 4 mila euro sul risarcimento danni, che dovr\u00e0 essere definito compiutamente in sede civile. Il sindaco Andrea De Bernardin ha gi\u00e0 avviato una causa civile da un milione di euro, attraverso gli avvocati Antonio Prade e Massimo Montino e potr\u00e0 contare su questa sentenza favorevole, che segue quella alla multa di 344 euro pronunciata dal giudice Angela Feletto per il post nel quale Internicola aveva definito il sindaco di Livinallongo del Col di Lana, Leandro Grones&#8230; ma anche il giudice Cittolin ha preferito la pena pecuniaria. Il difensore mantovano Giatti, invece, aveva prospettato l&#8217;assoluzione, almeno per insufficienza o contraddittoriet\u00e0 della prova. A differenza dell&#8217;altra volta, Internicola non era presente in aula.<\/p>\n<p>&nbsp;<\/p>\n<hr \/>\n<\/div>\n<blockquote>\n<h3 style=\"text-align: center;\" align=\"JUSTIFY\"><\/h3>\n<h3 style=\"text-align: center;\" align=\"JUSTIFY\">STAMANE AD AGORDO IL CAMPER &#8220;QUESTO NON E&#8217; AMORE<a class=\"dt-pswp-item\" href=\"https:\/\/www.radiopiu.net\/wordpress\/wp-content\/uploads\/2022\/11\/316091422_514072867435113_5458488970504699079_n.jpg\" data-dt-img-description=\"\" data-large_image_width=\"960\" data-large_image_height=\"540\"><br \/>\n<img loading=\"lazy\" decoding=\"async\" class=\"size-medium wp-image-307795 aligncenter\" src=\"https:\/\/www.radiopiu.net\/wordpress\/wp-content\/uploads\/2022\/11\/316091422_514072867435113_5458488970504699079_n-300x169.jpg\" alt=\"\" width=\"300\" height=\"169\" srcset=\"https:\/\/www.radiopiu.net\/wordpress\/wp-content\/uploads\/2022\/11\/316091422_514072867435113_5458488970504699079_n-300x169.jpg 300w, https:\/\/www.radiopiu.net\/wordpress\/wp-content\/uploads\/2022\/11\/316091422_514072867435113_5458488970504699079_n-768x432.jpg 768w, https:\/\/www.radiopiu.net\/wordpress\/wp-content\/uploads\/2022\/11\/316091422_514072867435113_5458488970504699079_n.jpg 960w\" sizes=\"auto, (max-width: 300px) 100vw, 300px\" \/><\/a><\/h3>\n<\/blockquote>\n<div data-dynamic-truncate=\"true\">\n<div dir=\"auto\"><strong>AGORDO<\/strong> Oggi dalle 9,30 alle 12, nell&#8217;ambito della campagna permanente della <a class=\"x1i10hfl xjbqb8w x6umtig x1b1mbwd xaqea5y xav7gou x9f619 x1ypdohk xt0psk2 xe8uvvx xdj266r x11i5rnm xat24cr x1mh8g0r xexx8yu x4uap5 x18d9i69 xkhd6sd x16tdsg8 x1hl2dhg xggy1nq x1a2a7pz xt0b8zv x1qq9wsj xo1l8bm\" tabindex=\"0\" role=\"link\" href=\"https:\/\/www.facebook.com\/hashtag\/poliziadistato?__eep__=6&amp;__cft__[0]=AZXSuluU-VZ8pkAV6oj4R7sxLm0UBSVad2LBmqFBGy92_jIugxxeCrAtKqL7ifnsE2Y_DWcFO87Zifoy2D7YtvreXaV1OGtrF55cNnPeVJvgki0s4IpNZwvHc07OAjTxiUaCQMyLFZ8Q5Wd5CbO7junUHglmFOEQ2WUi8RgPwRKXo-6SUalyKhIJiumShnsZNwM&amp;__tn__=*NK-R\">\u00a0poliziadistato<\/a> &#8220;Questo non \u00e8 amore&#8221; contro la violenza sulle donne il camper della Polizia di Stato (allestito come ufficio mobile) sar\u00e0 ad Agordo in occasione del mercato settimanale, per un&#8217;attivit\u00e0 di informazione e prevenzione.<\/div>\n<p align=\"JUSTIFY\">\n<\/div>\n<div data-dynamic-truncate=\"true\"><\/div>\n<div data-dynamic-truncate=\"true\"><\/div>\n<\/div>\n<hr \/>\n<p>&nbsp;<\/p>\n<blockquote>\n<h3>PERICOLO UNGULATI, LA PROVINCIA FARA&#8217; UN ATTRAVERSAMENTO L&#8217;ANNO, VENETO STRADE METTE SUL PIATTO 400MILA EURO<\/h3>\n<\/blockquote>\n<blockquote><p><em>De Bon: \u00abPartiamo con i primi interventi sulla viabilit\u00e0 provinciale. A tutela degli automobilisti e della fauna selvatica\u00bb\u00a0<\/em><\/p><\/blockquote>\n<p><strong>IERI alla Radio DI MORENO GIOLI<\/strong><\/p>\n<audio class=\"wp-audio-shortcode\" id=\"audio-307691-3\" preload=\"none\" style=\"width: 100%;\" controls=\"controls\"><source type=\"audio\/mpeg\" src=\"https:\/\/www.radiopiu.net\/wordpress\/wp-content\/uploads\/2022\/11\/MORENO-FAUNA.mp3?_=3\" \/><a href=\"https:\/\/www.radiopiu.net\/wordpress\/wp-content\/uploads\/2022\/11\/MORENO-FAUNA.mp3\">https:\/\/www.radiopiu.net\/wordpress\/wp-content\/uploads\/2022\/11\/MORENO-FAUNA.mp3<\/a><\/audio>\n<p>&nbsp;<\/p>\n<p><strong><img loading=\"lazy\" decoding=\"async\" class=\"alignleft\" src=\"https:\/\/www.radiopiu.net\/wordpress\/wp-content\/uploads\/2022\/11\/250a4000-ca9d-4ebb-9d79-1a4c6bb672ee.jpg\" width=\"256\" height=\"169\" \/>BELLUNO<\/strong> Sulla rete stradale bellunese si verifica in media un incidente al giorno con ungulati. Un problema su cui oggi si \u00e8 incentrato un tavolo tra Provincia e Veneto Strade. che\u00a0 ha assicurato massima collaborazione, con un finanziamento gi\u00e0 disponibile di circa 400mila euro.<em> \u00abAbbiamo un contributo del Ministero dei Trasporti per una messa in sicurezza da ungulati in Sinistra Piave\u00ab spiega l\u2019ingegner Michele Artusato, direttore operativo di Veneto Strade per il comparto di Belluno. \u00abCon la Provincia individueremo le aree pi\u00f9 sensibili al problema degli attraversamenti e poi prepareremo una progettazione. Ovviamente studieremo la situazione anche lungo la Sr203 Agordina, dove per\u00f2 la componente idraulica data dal Cordevole presuppone studi pi\u00f9 ampi e la necessit\u00e0 di realizzare &#8211; insieme al passaggio faunistico &#8211; anche delle zone di espansione del corso d\u2019acqua\u00bb<\/em>. Una riunione preliminare quella di oggi per definire modalit\u00e0 e luoghi di intervento per i cosiddetti \u201cattraversamenti faunistici\u201d, unico sistema in grado di mettere in sicurezza i tratti stradali interessati dal fenomeno dei passaggi di ungulati, e pi\u00f9 in generale della fauna selvatica.\u00a0 \u00a0\u00abNe esiste gi\u00e0 uno, realizzato sulla Sp1 tra Belluno e Levego. Dalla strada non si vede ma funziona, dato che negli ultimi anni non si sono pi\u00f9 verificati investimenti di animali selvatici in quell\u2019area\u00bb spiega il consigliere provinciale delegato a caccia e pesca, Franco De Bon. <em>\u00abL\u2019intenzione \u00e8 di realizzare un attraversamento l\u2019anno sulla rete stradale di competenza&#8221;<\/em> Il programma proposto dalla Provincia prevede di realizzare un attraversamento gi\u00e0 il prossimo anno, in via sperimentale, seguendo la cartografia realizzata dagli uffici di Palazzo Piloni, che individua le aree maggiormente interessate dal fenomeno del passaggio della fauna selvatica (soprattutto cervi e caprioli). <em>\u00abLa sicurezza \u00e8 una componente fondamentale nella gestione delle strade e il fatto che si verifichi un <a class=\"dt-pswp-item\" href=\"https:\/\/www.radiopiu.net\/wordpress\/wp-content\/uploads\/2022\/09\/Franco-De-Bon-Screenshot-13_edited-1024x537-1.jpg\" data-dt-img-description=\"\" data-large_image_width=\"1024\" data-large_image_height=\"537\"><img loading=\"lazy\" decoding=\"async\" class=\"size-medium wp-image-298093 alignright\" src=\"https:\/\/www.radiopiu.net\/wordpress\/wp-content\/uploads\/2022\/09\/Franco-De-Bon-Screenshot-13_edited-1024x537-1-300x157.jpg\" alt=\"\" width=\"300\" height=\"157\" \/><\/a>incidente al giorno con la fauna selvatica impone interventi in grado di ridurre il rischio\u00bb sottolinea Fabio Luchetta, consigliere provinciale con delega alla viabilit\u00e0. \u00abLa Provincia sta affrontando la questione gi\u00e0 da tempo, con studi e monitoraggi; adesso entriamo nella fase operativa, consapevoli in ogni caso che percorrere le strade di montagna richiede sempre un certo grado di prudenza\u00bb.<\/em><\/p>\n<p><strong>IL CONSIGLIERE PROVINCIALE FRANCO DE BON<\/strong><\/p>\n<audio class=\"wp-audio-shortcode\" id=\"audio-307691-4\" preload=\"none\" style=\"width: 100%;\" controls=\"controls\"><source type=\"audio\/mpeg\" src=\"https:\/\/www.radiopiu.net\/wordpress\/wp-content\/uploads\/2022\/11\/de-bon.mp3?_=4\" \/><a href=\"https:\/\/www.radiopiu.net\/wordpress\/wp-content\/uploads\/2022\/11\/de-bon.mp3\">https:\/\/www.radiopiu.net\/wordpress\/wp-content\/uploads\/2022\/11\/de-bon.mp3<\/a><\/audio>\n<p>&nbsp;<\/p>\n<p>&nbsp;<\/p>\n<p>&nbsp;<\/p>\n<hr \/>\n<blockquote>\n<h3><\/h3>\n<h3>STAMBECCO MORTO AD AGOSTO, ZANONI A NOVEMBRE &#8220;SERVE UN CRAS PER IL BELLUNESE&#8221;<\/h3>\n<\/blockquote>\n<p><strong><img loading=\"lazy\" decoding=\"async\" class=\"alignleft\" src=\"https:\/\/www.radiopiu.net\/wordpress\/wp-content\/uploads\/2022\/11\/302142328_633442858137447_6099406842053034047_n.jpg\" width=\"311\" height=\"261\" \/>VENEZIA\u00a0<\/strong> \u201cLa vicenda dello stambecco ritrovato lo scorso agosto nei pressi del lago di Sorapis con una scatoletta di tonno incastrata in bocca, morto dopo un intervento al quale non hanno fatto seguito le necessarie cure, \u00e8 emblematica di una pessima gestione della Regioen sul fronte della tutela della fauna selvatica\u201d. Il giudizio \u00e8 del consigliere regionale del PD Veneto, Andrea Zanoni, in occasione della risposta d\u2019aula ad una sua interrogazione sul caso. L\u2019esponente dem\u00a0 quattro mesi dopo\u00a0 ricordato come \u201csuccessivamente all\u2019intervento chirurgico eseguito per liberarlo dalla scatoletta incastrata e medicarne le ferite, l\u2019animale \u00e8 stato lasciato nuovamente in libert\u00e0 non appena terminato l\u2019effetto dell\u2019anestesia. Questo gli \u00e8 stato fatale. Ma se ci fosse stato un Centro di recupero per gli animali selvatici nel territorio bellunese, questa morte dolorosa sarebbe stata scongiurata\u201d. Secondo Zanoni, che ha contestato all\u2019assessore Corazzari \u201cuna risposta da antologia veterinaria ma priva di spiegazioni convincenti\u201d, il motivo che sta a monte di questo epilogo va ricercato nella \u201cmiope programmazione regionale in materia di tutela degli animali selvatici, cui si aggiunge un mancato rispetto delle stesse leggi regionali e nazionali. La creazione dei CRAS territoriali \u00e8 infatti prevista dalla normativa vigente, ma di questo il governo regionale non ha tenuto conto. Ricordo che in Triveneto gli esemplari di stambecco sono 6-700: un patrimonio che doverosamente deve essere tutelato\u201d. Ed in conclusione osserva come \u201cZaia ha dedicato a questo stambecco addirittura un paio post sulla sua pagina Facebook: inviterei il presidente a fare qualche post in meno e a realizzare un centro di recupero fauna selvatica in pi\u00f9, quello per la provincia di Belluno. Una carenza di cui \u00e8 perfettamente a conoscenza visto che nel tempo ho indirizzato alla sua Giunta una decina di interrogazioni sulla questione\u201d.<\/p>\n<p>&nbsp;<\/p>\n<hr \/>\n<p>&nbsp;<\/p>\n<blockquote>\n<h3>VIRGO FIDELIS NELLA CATTEDRALE DI BELLUNO GREMITA DI GENTE<\/h3>\n<\/blockquote>\n<p><strong>BELLUNO <\/strong>Il Prefetto, il Presidente della Provincia, i Sindaci e il Procuratore Capo, le massime autorit\u00e0 civili e militari ma anche tanti giovani nella Basilica Cattedrale di Belluno per celebrare, insieme ai Carabinieri di Belluno, la Patrona dell\u2019Arma, la \u201cVirgo Fidelis\u201d. \u00c8 stata una cerimonia molto partecipata quella che ieri sera alle 18 si \u00e8 svolta in Cattedrale, officiata da monsignor Attilio Zanderigo Jona, presenti tutti gli Ufficiali e i Comandanti di Stazione della provincia. I pennacchi rossi e blu delle Grandi Uniformi dei Carabinieri hanno fatto da cornice ad una celebrazione particolarmente sentita, con i Labari dell\u2019Associazione Nazionale Carabinieri e delle Associazioni Combattentistiche e d\u2019Arma ad avvolgere l\u2019immagine della \u201cVirgo Fidelis\u201d, posta accanto all\u2019altare maggiore. Il Comandante Provinciale ha voluto rivolgere un ringraziamento particolare per la loro presenza ai ragazzi della Consulta Provinciale degli Studenti e a giovani dell\u2019Istituto Segato Brustolon, ai quali il 4 novembre scorso, nel corso delle celebrazioni per la giornata dell\u2019Unit\u00e0 Nazionale e delle Forze Armate, era stato donato il Tricolore \u201c<em>la vostra presenza \u00e8 davvero preziosa\u201d<\/em> \u2013 ha detto il Colonnello Pigozzo \u2013<em> \u201cperch\u00e9 queste cerimonie non sono un momento meramente formale, ma di reale condivisione di Valori e forse anche di ideale passaggio del testimone verso le nuove generazioni\u201d. <\/em>Era il 1949 quando il Papa Pio XII pose i Carabinieri sotto la protezione della Virgo Fidelis. E anche quest\u2019anno, in una atmosfera diversa dagli anni passati, quando la pandemia aveva costretto a cerimonie pi\u00f9 contenute senza la partecipazione di ospiti, si \u00e8 celebrata la Santa Messa per la Patrona, ricorrendo anche la \u201cgiornata dell\u2019orfano\u201d, per ricordare la costante opera di sostegno delle famiglie dell\u2019Arma da parte dell\u2019Opera Nazionale di Assistenza per gli Orfani dei Militari dell\u2019Arma dei Carabinieri (ONAOMAC, ente fondato nel 1948 e che, sin dalla sua origine, ha il compito di assistere, fino al conseguimento della laurea, gli orfani dei militari dell\u2019Arma dei Carabinieri). \u201c<em>\u00c8 un giorno di festa ma anche di riflessione su molti aspetti del nostro essere Carabinieri. Sicuramente sui Valori che sono propri di ogni uomo con gli Alamari, di ciascun uomo che, credendo profondamente nell\u2019impegno a mettere la propria vita al servizio della Patria, ha scelto di indossare questa uniforme. Un uniforme che significa Onore, Dovere, Sacrificio, Coraggio, Fedelt\u00e0. Significa tutto questo e molto di pi\u00f9 per ciascuno di noi che viviamo, con intima convinzione, il senso della missione affidataci, nel servizio di ogni giorno, in mezzo alla gente<\/em>\u201d ha detto il Comandante Provinciale nel corso del suo intervento. \u00c8 stato poi ricordato l\u201981\u00b0 anniversario della battaglia di Culqualber, in Africa Orientale, nel corso della quale persero la vita, in uno straordinario slancio di eroiche virt\u00f9, quasi duemila Carabinieri del 1\u00b0 Battaglione Coloniale, evento che valse la Medaglia d\u2019Oro al Valor Militare alla Bandiera dell\u2019Arma dei Carabinieri. Con un intervento particolarmente intenso, il Comandante ha ricordato come quei Carabinieri avessero \u201c<em>fedelmente creduto nella Patria e, mentre tutto intorno a loro stava crollando, con il loro coraggio sublimarono il significato delle parole Fedelt\u00e0 e Onore\u201d<\/em> e, rivolgendosi ai Carabinieri in Chiesa ha concluso dicendo <em>\u201cvi sono stati ricordati i fatti d\u2019arme di Culqualber perch\u00e9 i Valori in cui credevano quei nostri fratelli caduti, sono gli stessi che hanno fondato la nostra istituzione nel 1814, gli stessi che ogni giorno, con il nostro diuturno servizio, portiamo tra la gente, con la bandoliera a tracolla e il sorriso sulle labbra, gli stessi Valori che ci devono guidare nell\u2019essere generosi servitori dello Stato, limpidi difensori della Legge, saldo sostegno e conforto dei pi\u00f9 deboli\u201d.<\/em><\/p>\n\n\t\t\t<style type='text\/css'>\n\t\t\t\t#gallery-3 {\n\t\t\t\t\tmargin: auto;\n\t\t\t\t}\n\t\t\t\t#gallery-3 .gallery-item {\n\t\t\t\t\tfloat: left;\n\t\t\t\t\tmargin-top: 10px;\n\t\t\t\t\ttext-align: center;\n\t\t\t\t\twidth: 25%;\n\t\t\t\t}\n\t\t\t\t#gallery-3 img {\n\t\t\t\t\tborder: 2px solid #cfcfcf;\n\t\t\t\t}\n\t\t\t\t#gallery-3 .gallery-caption {\n\t\t\t\t\tmargin-left: 0;\n\t\t\t\t}\n\t\t\t\t\/* see gallery_shortcode() in wp-includes\/media.php *\/\n\t\t\t<\/style>\n\t\t<div id='gallery-3' class='dt-gallery-container gallery galleryid-307691 gallery-columns-4 gallery-size-medium'><dl class='gallery-item'>\n\t\t\t\t<dt class='gallery-icon landscape'>\n\t\t\t\t\t<a class=\"rollover rollover-zoom dt-pswp-item\" title=\"funzione per la Patrona dei Carabinieri_1_Luca Bellus Fotografo_r\" data-dt-img-description=\"\" data-large_image_width=\"1773\" data-large_image_height=\"1182\"href='https:\/\/www.radiopiu.net\/wordpress\/wp-content\/uploads\/2022\/11\/funzione-per-la-Patrona-dei-Carabinieri_1_Luca-Bellus-Fotografo_r.jpg'><img loading=\"lazy\" decoding=\"async\" width=\"300\" height=\"200\" src=\"https:\/\/www.radiopiu.net\/wordpress\/wp-content\/uploads\/2022\/11\/funzione-per-la-Patrona-dei-Carabinieri_1_Luca-Bellus-Fotografo_r-300x200.jpg\" class=\"attachment-medium size-medium\" alt=\"\" srcset=\"https:\/\/www.radiopiu.net\/wordpress\/wp-content\/uploads\/2022\/11\/funzione-per-la-Patrona-dei-Carabinieri_1_Luca-Bellus-Fotografo_r-300x200.jpg 300w, https:\/\/www.radiopiu.net\/wordpress\/wp-content\/uploads\/2022\/11\/funzione-per-la-Patrona-dei-Carabinieri_1_Luca-Bellus-Fotografo_r-1024x683.jpg 1024w, https:\/\/www.radiopiu.net\/wordpress\/wp-content\/uploads\/2022\/11\/funzione-per-la-Patrona-dei-Carabinieri_1_Luca-Bellus-Fotografo_r-768x512.jpg 768w, https:\/\/www.radiopiu.net\/wordpress\/wp-content\/uploads\/2022\/11\/funzione-per-la-Patrona-dei-Carabinieri_1_Luca-Bellus-Fotografo_r-1536x1024.jpg 1536w, https:\/\/www.radiopiu.net\/wordpress\/wp-content\/uploads\/2022\/11\/funzione-per-la-Patrona-dei-Carabinieri_1_Luca-Bellus-Fotografo_r.jpg 1773w\" sizes=\"auto, (max-width: 300px) 100vw, 300px\" \/><\/a>\n\t\t\t\t<\/dt><\/dl><dl class='gallery-item'>\n\t\t\t\t<dt class='gallery-icon landscape'>\n\t\t\t\t\t<a class=\"rollover rollover-zoom dt-pswp-item\" title=\"funzione per la Patrona dei Carabinieri_2_Luca Bellus Fotografo_r\" data-dt-img-description=\"\" data-large_image_width=\"1773\" data-large_image_height=\"1182\"href='https:\/\/www.radiopiu.net\/wordpress\/wp-content\/uploads\/2022\/11\/funzione-per-la-Patrona-dei-Carabinieri_2_Luca-Bellus-Fotografo_r.jpg'><img loading=\"lazy\" decoding=\"async\" width=\"300\" height=\"200\" src=\"https:\/\/www.radiopiu.net\/wordpress\/wp-content\/uploads\/2022\/11\/funzione-per-la-Patrona-dei-Carabinieri_2_Luca-Bellus-Fotografo_r-300x200.jpg\" class=\"attachment-medium size-medium\" alt=\"\" srcset=\"https:\/\/www.radiopiu.net\/wordpress\/wp-content\/uploads\/2022\/11\/funzione-per-la-Patrona-dei-Carabinieri_2_Luca-Bellus-Fotografo_r-300x200.jpg 300w, https:\/\/www.radiopiu.net\/wordpress\/wp-content\/uploads\/2022\/11\/funzione-per-la-Patrona-dei-Carabinieri_2_Luca-Bellus-Fotografo_r-1024x683.jpg 1024w, https:\/\/www.radiopiu.net\/wordpress\/wp-content\/uploads\/2022\/11\/funzione-per-la-Patrona-dei-Carabinieri_2_Luca-Bellus-Fotografo_r-768x512.jpg 768w, https:\/\/www.radiopiu.net\/wordpress\/wp-content\/uploads\/2022\/11\/funzione-per-la-Patrona-dei-Carabinieri_2_Luca-Bellus-Fotografo_r-1536x1024.jpg 1536w, https:\/\/www.radiopiu.net\/wordpress\/wp-content\/uploads\/2022\/11\/funzione-per-la-Patrona-dei-Carabinieri_2_Luca-Bellus-Fotografo_r.jpg 1773w\" sizes=\"auto, (max-width: 300px) 100vw, 300px\" \/><\/a>\n\t\t\t\t<\/dt><\/dl><dl class='gallery-item'>\n\t\t\t\t<dt class='gallery-icon landscape'>\n\t\t\t\t\t<a class=\"rollover rollover-zoom dt-pswp-item\" title=\"funzione per la Patrona dei Carabinieri_3_Luca Bellus Fotografo_r\" data-dt-img-description=\"\" data-large_image_width=\"1773\" data-large_image_height=\"1182\"href='https:\/\/www.radiopiu.net\/wordpress\/wp-content\/uploads\/2022\/11\/funzione-per-la-Patrona-dei-Carabinieri_3_Luca-Bellus-Fotografo_r.jpg'><img loading=\"lazy\" decoding=\"async\" width=\"300\" height=\"200\" src=\"https:\/\/www.radiopiu.net\/wordpress\/wp-content\/uploads\/2022\/11\/funzione-per-la-Patrona-dei-Carabinieri_3_Luca-Bellus-Fotografo_r-300x200.jpg\" class=\"attachment-medium size-medium\" alt=\"\" srcset=\"https:\/\/www.radiopiu.net\/wordpress\/wp-content\/uploads\/2022\/11\/funzione-per-la-Patrona-dei-Carabinieri_3_Luca-Bellus-Fotografo_r-300x200.jpg 300w, https:\/\/www.radiopiu.net\/wordpress\/wp-content\/uploads\/2022\/11\/funzione-per-la-Patrona-dei-Carabinieri_3_Luca-Bellus-Fotografo_r-1024x683.jpg 1024w, https:\/\/www.radiopiu.net\/wordpress\/wp-content\/uploads\/2022\/11\/funzione-per-la-Patrona-dei-Carabinieri_3_Luca-Bellus-Fotografo_r-768x512.jpg 768w, https:\/\/www.radiopiu.net\/wordpress\/wp-content\/uploads\/2022\/11\/funzione-per-la-Patrona-dei-Carabinieri_3_Luca-Bellus-Fotografo_r-1536x1024.jpg 1536w, https:\/\/www.radiopiu.net\/wordpress\/wp-content\/uploads\/2022\/11\/funzione-per-la-Patrona-dei-Carabinieri_3_Luca-Bellus-Fotografo_r.jpg 1773w\" sizes=\"auto, (max-width: 300px) 100vw, 300px\" \/><\/a>\n\t\t\t\t<\/dt><\/dl><dl class='gallery-item'>\n\t\t\t\t<dt class='gallery-icon landscape'>\n\t\t\t\t\t<a class=\"rollover rollover-zoom dt-pswp-item\" title=\"funzione per la Patrona dei Carabinieri_4_Luca Bellus Fotografo_r\" data-dt-img-description=\"\" data-large_image_width=\"1773\" data-large_image_height=\"1182\"href='https:\/\/www.radiopiu.net\/wordpress\/wp-content\/uploads\/2022\/11\/funzione-per-la-Patrona-dei-Carabinieri_4_Luca-Bellus-Fotografo_r.jpg'><img loading=\"lazy\" decoding=\"async\" width=\"300\" height=\"200\" src=\"https:\/\/www.radiopiu.net\/wordpress\/wp-content\/uploads\/2022\/11\/funzione-per-la-Patrona-dei-Carabinieri_4_Luca-Bellus-Fotografo_r-300x200.jpg\" class=\"attachment-medium size-medium\" alt=\"\" srcset=\"https:\/\/www.radiopiu.net\/wordpress\/wp-content\/uploads\/2022\/11\/funzione-per-la-Patrona-dei-Carabinieri_4_Luca-Bellus-Fotografo_r-300x200.jpg 300w, https:\/\/www.radiopiu.net\/wordpress\/wp-content\/uploads\/2022\/11\/funzione-per-la-Patrona-dei-Carabinieri_4_Luca-Bellus-Fotografo_r-1024x683.jpg 1024w, https:\/\/www.radiopiu.net\/wordpress\/wp-content\/uploads\/2022\/11\/funzione-per-la-Patrona-dei-Carabinieri_4_Luca-Bellus-Fotografo_r-768x512.jpg 768w, https:\/\/www.radiopiu.net\/wordpress\/wp-content\/uploads\/2022\/11\/funzione-per-la-Patrona-dei-Carabinieri_4_Luca-Bellus-Fotografo_r-1536x1024.jpg 1536w, https:\/\/www.radiopiu.net\/wordpress\/wp-content\/uploads\/2022\/11\/funzione-per-la-Patrona-dei-Carabinieri_4_Luca-Bellus-Fotografo_r.jpg 1773w\" sizes=\"auto, (max-width: 300px) 100vw, 300px\" \/><\/a>\n\t\t\t\t<\/dt><\/dl><br style=\"clear: both\" \/>\n\t\t\t<\/div>\n\n<p>&nbsp;<\/p>\n<hr \/>\n<p>&nbsp;<\/p>\n<blockquote>\n<h3>LUXOTTICA DA VOCE ALLE EMOZIONI 1935-2022<\/h3>\n<\/blockquote>\n<p><strong><a class=\"dt-pswp-item\" href=\"https:\/\/www.radiopiu.net\/wordpress\/wp-content\/uploads\/2022\/11\/Senza-nome-89.jpg\" data-dt-img-description=\"\" data-large_image_width=\"486\" data-large_image_height=\"339\"><img loading=\"lazy\" decoding=\"async\" class=\" wp-image-307761 alignleft\" src=\"https:\/\/www.radiopiu.net\/wordpress\/wp-content\/uploads\/2022\/11\/Senza-nome-89-300x209.jpg\" alt=\"\" width=\"241\" height=\"168\" srcset=\"https:\/\/www.radiopiu.net\/wordpress\/wp-content\/uploads\/2022\/11\/Senza-nome-89-300x209.jpg 300w, https:\/\/www.radiopiu.net\/wordpress\/wp-content\/uploads\/2022\/11\/Senza-nome-89.jpg 486w\" sizes=\"auto, (max-width: 241px) 100vw, 241px\" \/><\/a>REDAZIONE<\/strong> Il numero 48 del novembre 2022 di &#8220;Asta la Vista&#8221; emoziona il popolo di Luxottica, ma anche coloro che fuori dalla &#8220;fabbrica di Agordo&#8221; avranno modo di leggere i pensieri del Cavaliere, rivivere i momenti della storia di Luxottica, rinverdire i ricordi di quell&#8217;uomo simbolo per una vallata, poi per il resto del mondo. Che regalo! E che doccia di emozioni fin dal primo pensiero del Cavaliere, quello diventato storia\u00a0<em> &#8220;In tutte le fasi della mia vita e di quella di Luxottica, i collaboratori hanno fatto la differenza. Pi\u00f9 dei marchi, pi\u00f9 delle catene di distribuzione, pi\u00f9 dei macchinari di produzione. Le persone, in fabbrica o nei mercati, con la loro passione per il lavoro, l\u2019attaccamento all\u2019azienda e la capacit\u00e0 di fare squadra hanno permesso di affermarci in tutto il mondo, di resistere nei momenti difficili e di cogliere appieno ogni opportunit\u00e0&#8221;.<\/em><\/p>\n<p><a class=\"dt-pswp-item\" href=\"https:\/\/www.radiopiu.net\/wordpress\/wp-content\/uploads\/2022\/11\/Senza-nome-91.jpg\" data-dt-img-description=\"\" data-large_image_width=\"191\" data-large_image_height=\"255\"><img loading=\"lazy\" decoding=\"async\" class=\"size-full wp-image-307763 alignright\" src=\"https:\/\/www.radiopiu.net\/wordpress\/wp-content\/uploads\/2022\/11\/Senza-nome-91.jpg\" alt=\"\" width=\"191\" height=\"255\" \/><\/a>Le prime foto, le prime parole sono per il giorno dell&#8217;addio, quando Agordo si \u00e8 stretto attorno ai famigliari ed amici di Leonardo Del Vecchio al PalaLuxottica, e poi via via gli omaggi al fondatore, il ricordo di Luigi Francavilla <em>&#8220;Lavorare per lui \u00e8 stato tutto per me&#8221;,<\/em> Tito Dorigo <em>&#8220;Non potevamo lasciarlo da solo&#8221;,<\/em> Claudio Renon<em> &#8220;Qui era felice come un bambino&#8221;,<\/em> Gino Fossen <em>&#8220;Eravamo una famiglia felice&#8221;,<\/em> Bortolo Carrera <em>&#8220;Vorrei che fosse ricordato per quello che ha fatto per Agordo e l&#8217;Italia<\/em>&#8220;, Osvaldo Cadorin <em>&#8220;Trasmetteva entusiasmo&#8221;,<\/em> Riccardo Fontanive &#8220;<em>Al suo fianco ho capito la differenza tra un capo e un leader&#8221;<\/em>, Ernesto Fossen <em>&#8220;Pi\u00f9 che imprenditore e cavaliere un signore&#8221;<\/em>, Arcangelo Scussel<em> &#8220;La sua fabbrica e dipendenti erano tutto per lui&#8221;,<\/em> Roberto Chemello<em> &#8220;Ci\u00f2 che contava di pi\u00f9 per lui, che l&#8217;azienda rimanesse agordina&#8221;. <\/em>Un bel ricordo, ancora pi\u00f9 dolce in prossimit\u00e0 del Natale grazie al direttore responsabile\u00a0 Marco Catalani e al suo pool di collaboratori della redazione:\u00a0 Sonia Casagrande, Lorenzo Federzoni, Ambra Genovese, Gaja Risina, Eliana Rizzi, Chiara Varaschin. Una storia e una raccolta di pensieri <em>&#8220;I giorni successivi alla scomparsa del nostro fondatore sono stati <\/em><em>ricchi di partecipazione e commozione. Circondati dall\u2019affetto di tutte le persone che hanno lavorato con lui e per lui, abbiamo voluto raccogliere i loro tributi, aneddoti e pensieri&#8221; <\/em>&#8220;Asta La Vista&#8221; un numero da divorare con la lettura,\u00a0 \u00a0riempendosi gli occhi delle foto di Leonardo Del Vecchio, imprenditore, lavoratore, uomo di montagna e dello sport,\u00a0 molte inedite&#8230;fino a quell&#8217;ultimo scatto, seduto sui suoi occhiali a salutare quanti, tanti, gli hanno voluto bene<\/p>\n<p>&nbsp;<\/p>\n<p><a class=\"dt-pswp-item\" href=\"https:\/\/www.radiopiu.net\/wordpress\/wp-content\/uploads\/2022\/11\/Senza-nome-92.jpg\" data-dt-img-description=\"\" data-large_image_width=\"224\" data-large_image_height=\"253\"><img loading=\"lazy\" decoding=\"async\" class=\"size-full wp-image-307764 aligncenter\" src=\"https:\/\/www.radiopiu.net\/wordpress\/wp-content\/uploads\/2022\/11\/Senza-nome-92.jpg\" alt=\"\" width=\"224\" height=\"253\" \/><\/a><\/p>\n<p>&nbsp;<\/p>\n<p>&nbsp;<\/p>\n<p>&nbsp;<\/p>\n<hr \/>\n<p>&nbsp;<\/p>\n<blockquote>\n<h3>DUE PRESTIGIOSI RICONOSCIMENTI AL RETAIL DI ESSILORLUXOTTICA<\/h3>\n<\/blockquote>\n<p><strong><a class=\"dt-pswp-item\" href=\"https:\/\/www.radiopiu.net\/wordpress\/wp-content\/uploads\/2022\/02\/EL_Logotype_black.png\" data-dt-img-description=\"\" data-large_image_width=\"4831\" data-large_image_height=\"525\"><img loading=\"lazy\" decoding=\"async\" class=\" wp-image-257725 alignleft\" src=\"https:\/\/www.radiopiu.net\/wordpress\/wp-content\/uploads\/2022\/02\/EL_Logotype_black-300x33.png\" alt=\"\" width=\"218\" height=\"24\" srcset=\"https:\/\/www.radiopiu.net\/wordpress\/wp-content\/uploads\/2022\/02\/EL_Logotype_black-300x33.png 300w, https:\/\/www.radiopiu.net\/wordpress\/wp-content\/uploads\/2022\/02\/EL_Logotype_black-1024x111.png 1024w, https:\/\/www.radiopiu.net\/wordpress\/wp-content\/uploads\/2022\/02\/EL_Logotype_black-768x83.png 768w, https:\/\/www.radiopiu.net\/wordpress\/wp-content\/uploads\/2022\/02\/EL_Logotype_black-1536x167.png 1536w, https:\/\/www.radiopiu.net\/wordpress\/wp-content\/uploads\/2022\/02\/EL_Logotype_black-2048x223.png 2048w\" sizes=\"auto, (max-width: 218px) 100vw, 218px\" \/><\/a>MILANO <\/strong>Salmoiraghi &amp; Vigano\u0300 e GrandVision Italy, marchi retail di EssilorLuxottica in Italia, hanno ottenuto rispettivamente il titolo di Insegna dell\u2019Anno e Migliore Insegna 2023 in due delle piu\u0300 importanti classifiche di settore a livello nazionale. Salmoiraghi &amp; Vigano\u0300 vince nella categoria Ottica il premio Insegna dell\u2019Anno. Insegna dell\u2019Anno coinvolge i consumatori tramite una votazione relativa a diversi indicatori, tra i quali qualita\u0300, prezzo, cortesia degli addetti e atmosfera del punto vendita. Grazie alla votazione espressa, i consumatori hanno portato Salmoiraghi &amp; Vigano\u0300 ad aggiudicarsi l\u2019importante premio, confermandosi da tredici anni tra le realta\u0300 distributive di maggior successo in Italia. Con questo premio Salmoiraghi &amp; Vigano\u0300 viene riconosciuto come eccellenza leader nel settore retail che sa parlare al cuore delle persone con un messaggio forte e di grande impatto, capace di emozionare. GrandVision Italy e\u0300 stata eletta come Migliore Insegna 2023 nella categoria Ottica, in Italia. Il riconoscumento nella classifica \u2013 giunta alla sua terza edizione \u2013 arriva a seguito dell\u2019annuale indagine realizzata da Ipsos e promossa da Largo Consumo, con l\u2019obiettivo di misurare la qualita\u0300 della relazione tra il consumatore e le diverse insegne. La ricerca ha visto il coinvolgimento di 129 brand in 24 settori merceologici, valutati attraverso un\u2019indagine imparziale svolta dalla retail community con il supporto delle associazioni di categoria. E\u0300 un importante riconoscimento che il retailer si aggiudica per la capacita\u0300 di rispondere al meglio alle esigenze dei propri clienti, grazie alla presenza di un personale qualificato e alla particolare attenzione ai temi legati alla social responsability. Silvia Caselli, Head of Optical Retail Italia ha commentato: \u201c<em>Siamo felici di essere stati premiati con due riconoscimenti molto importanti che confermano ancora una volta la capacita\u0300 del Retail EssilorLuxottica di mettere al centro la relazione con i propri clienti. Inoltre, ci rende particolarmente orgogliosi che il premio a GrandVision sia stato assegnato proprio nel primo anno di appartenenza alla famiglia di EssilorLuxottica. Un grazie di cuore a tutto il team Retail Italia per aver reso possibile questi risultati e in modo particolare ai nostri ottici, che ogni giorno fanno la differenza con la loro passione e la loro professionalita\u0300<\/em>\u201d.<\/p>\n<p>&nbsp;<\/p>\n<hr \/>\n<p>&nbsp;<\/p>\n<p><strong>OGGI, IL CORRIERE DELLE ALPI\u00a0 \u00a0<\/strong><\/p>\n<p><strong>LUIGI DELL&#8217;OLIO<\/strong><\/p>\n<p>C&#8217;\u00e8 aria di maretta in merito alla successione di Leonardo Del Vecchio. Secondo voci di stampa, il testamento lasciato dal fondatore di Luxottica ha sollevato malumori tra i figli pi\u00f9 giovani (Clemente e Luca, avuti con Sabina Grossi), i quali avrebbero preso di mira gli equilibri definiti relativamente Delfin, la cassaforte lussemburghese a capo dell&#8217;impero che controlla Essilor Luxottica e Covivio, oltre alle quote in Mediobanca e Generali. Addirittura si \u00e8 vociferato di una possibile impugnazione del documento, anche se al momento non \u00e8 dato sapere quante siano le probabilit\u00e0 di riuscita di una simile azione. \u00c8 difficile infatti immaginare che si avvii una battaglia legale, che comunque sarebbe foriera di tensioni anche a livello personale tra le figure coinvolte, a fronte di possibilit\u00e0 di successo ridotte all&#8217;osso&#8230;.<\/p>\n<p><a class=\"dt-pswp-item\" href=\"https:\/\/www.radiopiu.net\/wordpress\/wp-content\/uploads\/2022\/11\/Senza-nome-96.jpg\" data-dt-img-description=\"\" data-large_image_width=\"460\" data-large_image_height=\"238\"><img loading=\"lazy\" decoding=\"async\" class=\"alignnone wp-image-307828 size-full\" src=\"https:\/\/www.radiopiu.net\/wordpress\/wp-content\/uploads\/2022\/11\/Senza-nome-96.jpg\" alt=\"\" width=\"460\" height=\"238\" srcset=\"https:\/\/www.radiopiu.net\/wordpress\/wp-content\/uploads\/2022\/11\/Senza-nome-96.jpg 460w, https:\/\/www.radiopiu.net\/wordpress\/wp-content\/uploads\/2022\/11\/Senza-nome-96-300x155.jpg 300w\" sizes=\"auto, (max-width: 460px) 100vw, 460px\" \/><\/a><\/p>\n<p>&nbsp;<\/p>\n<hr \/>\n<p>&nbsp;<\/p>\n<p>&nbsp;<\/p>\n<blockquote>\n<h3>ANNO ALTALENANTE, CASSA EDILE 2022 E PREMI FEDELTA&#8217;<\/h3>\n<\/blockquote>\n<p><strong><img loading=\"lazy\" decoding=\"async\" class=\"alignleft\" src=\"https:\/\/www.radiopiu.net\/wordpress\/wp-content\/uploads\/2022\/11\/th-12.jpg\" width=\"218\" height=\"136\" \/>BELLUNO<\/strong><\/p>\n<p><strong>DANIELE DALVIT<\/strong><\/p>\n<audio class=\"wp-audio-shortcode\" id=\"audio-307691-5\" preload=\"none\" style=\"width: 100%;\" controls=\"controls\"><source type=\"audio\/mpeg\" src=\"https:\/\/www.radiopiu.net\/wordpress\/wp-content\/uploads\/2022\/11\/daniele-dalvit.mp3?_=5\" \/><a href=\"https:\/\/www.radiopiu.net\/wordpress\/wp-content\/uploads\/2022\/11\/daniele-dalvit.mp3\">https:\/\/www.radiopiu.net\/wordpress\/wp-content\/uploads\/2022\/11\/daniele-dalvit.mp3<\/a><\/audio>\n<p>&nbsp;<\/p>\n<p>&nbsp;<\/p>\n<hr \/>\n<p>&nbsp;<\/p>\n<blockquote>\n<h3>L&#8217;ALLEGHE TORNA A CASA. LEVIS &#8220;CI MANCAVA<\/h3>\n<\/blockquote>\n<blockquote><p><strong><img loading=\"lazy\" decoding=\"async\" class=\"\" src=\"https:\/\/www.radiopiu.net\/wordpress\/wp-content\/uploads\/2020\/06\/Adriano-LEVIS.jpg\" width=\"149\" height=\"122\" \/>ALLEGHE\u00a0<\/strong><\/p><\/blockquote>\n<audio class=\"wp-audio-shortcode\" id=\"audio-307691-6\" preload=\"none\" style=\"width: 100%;\" controls=\"controls\"><source type=\"audio\/mpeg\" src=\"https:\/\/www.radiopiu.net\/wordpress\/wp-content\/uploads\/2022\/11\/STADIO-ALLEGHE.mp3?_=6\" \/><a href=\"https:\/\/www.radiopiu.net\/wordpress\/wp-content\/uploads\/2022\/11\/STADIO-ALLEGHE.mp3\">https:\/\/www.radiopiu.net\/wordpress\/wp-content\/uploads\/2022\/11\/STADIO-ALLEGHE.mp3<\/a><\/audio>\n<p>&nbsp;<\/p>\n<p>&nbsp;<\/p>\n<p>&nbsp;<\/p>\n<hr \/>\n<p>&nbsp;<\/p>\n<p><em><strong>DI TIZIANO DE COL<\/strong><\/em><\/p>\n\n\t\t\t<style type='text\/css'>\n\t\t\t\t#gallery-4 {\n\t\t\t\t\tmargin: auto;\n\t\t\t\t}\n\t\t\t\t#gallery-4 .gallery-item {\n\t\t\t\t\tfloat: left;\n\t\t\t\t\tmargin-top: 10px;\n\t\t\t\t\ttext-align: center;\n\t\t\t\t\twidth: 33%;\n\t\t\t\t}\n\t\t\t\t#gallery-4 img {\n\t\t\t\t\tborder: 2px solid #cfcfcf;\n\t\t\t\t}\n\t\t\t\t#gallery-4 .gallery-caption {\n\t\t\t\t\tmargin-left: 0;\n\t\t\t\t}\n\t\t\t\t\/* see gallery_shortcode() in wp-includes\/media.php *\/\n\t\t\t<\/style>\n\t\t<div id='gallery-4' class='dt-gallery-container gallery galleryid-307691 gallery-columns-3 gallery-size-thumbnail'><dl class='gallery-item'>\n\t\t\t\t<dt class='gallery-icon landscape'>\n\t\t\t\t\t<a class=\"rollover rollover-zoom dt-pswp-item\" title=\"571d1ece-3819-4f2d-b4b5-309b21746232\" data-dt-img-description=\"\" data-large_image_width=\"596\" data-large_image_height=\"362\"href='https:\/\/www.radiopiu.net\/wordpress\/wp-content\/uploads\/2022\/11\/571d1ece-3819-4f2d-b4b5-309b21746232.jpg'><img loading=\"lazy\" decoding=\"async\" width=\"150\" height=\"150\" src=\"https:\/\/www.radiopiu.net\/wordpress\/wp-content\/uploads\/2022\/11\/571d1ece-3819-4f2d-b4b5-309b21746232-150x150.jpg\" class=\"attachment-thumbnail size-thumbnail\" alt=\"\" \/><\/a>\n\t\t\t\t<\/dt><\/dl><dl class='gallery-item'>\n\t\t\t\t<dt class='gallery-icon landscape'>\n\t\t\t\t\t<a class=\"rollover rollover-zoom dt-pswp-item\" title=\"66794ec6-877d-4ea4-961d-150ca598becd\" data-dt-img-description=\"\" data-large_image_width=\"588\" data-large_image_height=\"357\"href='https:\/\/www.radiopiu.net\/wordpress\/wp-content\/uploads\/2022\/11\/66794ec6-877d-4ea4-961d-150ca598becd.jpg'><img loading=\"lazy\" decoding=\"async\" width=\"150\" height=\"150\" src=\"https:\/\/www.radiopiu.net\/wordpress\/wp-content\/uploads\/2022\/11\/66794ec6-877d-4ea4-961d-150ca598becd-150x150.jpg\" class=\"attachment-thumbnail size-thumbnail\" alt=\"\" \/><\/a>\n\t\t\t\t<\/dt><\/dl><dl class='gallery-item'>\n\t\t\t\t<dt class='gallery-icon landscape'>\n\t\t\t\t\t<a class=\"rollover rollover-zoom dt-pswp-item\" title=\"52377837-8b4c-428d-91d2-58119cd1efd1\" data-dt-img-description=\"\" data-large_image_width=\"600\" data-large_image_height=\"371\"href='https:\/\/www.radiopiu.net\/wordpress\/wp-content\/uploads\/2022\/11\/52377837-8b4c-428d-91d2-58119cd1efd1.jpg'><img loading=\"lazy\" decoding=\"async\" width=\"150\" height=\"150\" src=\"https:\/\/www.radiopiu.net\/wordpress\/wp-content\/uploads\/2022\/11\/52377837-8b4c-428d-91d2-58119cd1efd1-150x150.jpg\" class=\"attachment-thumbnail size-thumbnail\" alt=\"\" \/><\/a>\n\t\t\t\t<\/dt><\/dl><br style=\"clear: both\" \/>\n\t\t\t<\/div>\n\n<p>&nbsp;<\/p>\n<blockquote class=\"wp-embedded-content\" data-secret=\"sEFyls0Wyr\"><p><a href=\"https:\/\/www.radiopiu.net\/wordpress\/aziendazeronovembre22\/\">IN 24 ORE 7411 NUOVI POSITIVI E 9 DECESSI IN VENETO. RICOVERI IN LIEVE AUMENTO<\/a><\/p><\/blockquote>\n<p><iframe loading=\"lazy\" class=\"wp-embedded-content\" sandbox=\"allow-scripts\" security=\"restricted\" style=\"position: absolute; clip: rect(1px, 1px, 1px, 1px);\" title=\"&#8220;IN 24 ORE 7411 NUOVI POSITIVI E 9 DECESSI IN VENETO. RICOVERI IN LIEVE AUMENTO&#8221; &#8212; Radio Pi\u00f9\" src=\"https:\/\/www.radiopiu.net\/wordpress\/aziendazeronovembre22\/embed\/#?secret=8TwK5Ydxws#?secret=sEFyls0Wyr\" data-secret=\"sEFyls0Wyr\" width=\"600\" height=\"338\" frameborder=\"0\" marginwidth=\"0\" marginheight=\"0\" scrolling=\"no\"><\/iframe><\/p>\n<p>&nbsp;<\/p>\n<hr \/>\n<p>&nbsp;<\/p>\n<blockquote>\n<h3>SI AMPLIA L\u2019ORARIO DELLA BIBLIOTECA CIVICA DI BELLUNO<\/h3>\n<\/blockquote>\n<p><a class=\"dt-pswp-item\" href=\"https:\/\/www.radiopiu.net\/wordpress\/wp-content\/uploads\/2022\/02\/Palazzo-Rosso-illuminato-scaled.jpg\" data-dt-img-description=\"ACCESO\" data-large_image_width=\"2560\" data-large_image_height=\"1707\"><img loading=\"lazy\" decoding=\"async\" class=\"wp-image-259024 alignleft\" src=\"https:\/\/www.radiopiu.net\/wordpress\/wp-content\/uploads\/2022\/02\/Palazzo-Rosso-illuminato-300x200.jpg\" alt=\"\" width=\"183\" height=\"122\" srcset=\"https:\/\/www.radiopiu.net\/wordpress\/wp-content\/uploads\/2022\/02\/Palazzo-Rosso-illuminato-300x200.jpg 300w, https:\/\/www.radiopiu.net\/wordpress\/wp-content\/uploads\/2022\/02\/Palazzo-Rosso-illuminato-1024x683.jpg 1024w, https:\/\/www.radiopiu.net\/wordpress\/wp-content\/uploads\/2022\/02\/Palazzo-Rosso-illuminato-768x512.jpg 768w, https:\/\/www.radiopiu.net\/wordpress\/wp-content\/uploads\/2022\/02\/Palazzo-Rosso-illuminato-1536x1024.jpg 1536w, https:\/\/www.radiopiu.net\/wordpress\/wp-content\/uploads\/2022\/02\/Palazzo-Rosso-illuminato-2048x1365.jpg 2048w\" sizes=\"auto, (max-width: 183px) 100vw, 183px\" \/><\/a><strong>BELLUNO<\/strong> Ampliata l\u2019apertura della Biblioteca civica di Belluno: a partire dal primo dicembre lo spazio di studio sar\u00e0 disponibile e fruibile anche il venerd\u00ec pomeriggio, dalle 14.30 alle 18. Da dicembre dunque il servizio, ancora ospitato all\u2019interno di Palazzo Bembo in attesa della fine del cantiere alla Mediateca delle Dolomiti di Palazzo Crepadona, sar\u00e0 fruibile il marted\u00ec dalle 9 alle 12.30 e dalle 14.30 alle 18, il mercoled\u00ec dalle 9 alle 12.30, il gioved\u00ec e il venerd\u00ec dalle 9 alle 12.30 e dalle 14.30 alle 18. E\u2019 stato aggiunto il pomeriggio del venerd\u00ec, giorno di rientro in citt\u00e0 degli studenti che studiano fuori sede, grazie ad una riorganizzazione dei turni dei quattro dipendenti operativi all\u2019interno del servizio.<\/p>\n<p><strong>RAFFAELE ADDAMIANO, ASSESSORE ALLA CULTURA DEL COMUNE DI BELLUNO<\/strong><\/p>\n<audio class=\"wp-audio-shortcode\" id=\"audio-307691-7\" preload=\"none\" style=\"width: 100%;\" controls=\"controls\"><source type=\"audio\/mpeg\" src=\"https:\/\/www.radiopiu.net\/wordpress\/wp-content\/uploads\/2022\/11\/Addamiano-su-ampliamento-orario-biblioteca.mp3?_=7\" \/><a href=\"https:\/\/www.radiopiu.net\/wordpress\/wp-content\/uploads\/2022\/11\/Addamiano-su-ampliamento-orario-biblioteca.mp3\">https:\/\/www.radiopiu.net\/wordpress\/wp-content\/uploads\/2022\/11\/Addamiano-su-ampliamento-orario-biblioteca.mp3<\/a><\/audio>\n<p>&nbsp;<\/p>\n<p>&nbsp;<\/p>\n<hr \/>\n<p>&nbsp;<\/p>\n<blockquote>\n<h3>BELLUNO ALL&#8217;ASSEMBLEA NAZIONALE DI CONFARTIGIANATO<\/h3>\n<\/blockquote>\n<p><strong><a class=\"dt-pswp-item\" href=\"https:\/\/www.radiopiu.net\/wordpress\/wp-content\/uploads\/2022\/11\/Da-sx-Basso-De-Carlo-Granelli-Scarzanella.jpg\" data-dt-img-description=\"\" data-large_image_width=\"1440\" data-large_image_height=\"1085\"><img loading=\"lazy\" decoding=\"async\" class=\" wp-image-307765 alignleft\" src=\"https:\/\/www.radiopiu.net\/wordpress\/wp-content\/uploads\/2022\/11\/Da-sx-Basso-De-Carlo-Granelli-Scarzanella-300x226.jpg\" alt=\"\" width=\"226\" height=\"170\" srcset=\"https:\/\/www.radiopiu.net\/wordpress\/wp-content\/uploads\/2022\/11\/Da-sx-Basso-De-Carlo-Granelli-Scarzanella-300x226.jpg 300w, https:\/\/www.radiopiu.net\/wordpress\/wp-content\/uploads\/2022\/11\/Da-sx-Basso-De-Carlo-Granelli-Scarzanella-1024x772.jpg 1024w, https:\/\/www.radiopiu.net\/wordpress\/wp-content\/uploads\/2022\/11\/Da-sx-Basso-De-Carlo-Granelli-Scarzanella-768x579.jpg 768w, https:\/\/www.radiopiu.net\/wordpress\/wp-content\/uploads\/2022\/11\/Da-sx-Basso-De-Carlo-Granelli-Scarzanella.jpg 1440w\" sizes=\"auto, (max-width: 226px) 100vw, 226px\" \/><\/a>ROMA<\/strong>\u00a0 A Roma, all\u2019Auditorium Conciliazione, si \u00e8 tenuta l\u2019assemblea nazionale di Confartigianato, alla presenza dei delegati del sistema confederale, dei vertici del governo e dei rappresentanti del Parlamento. Era presente anche Confartigianato Belluno con la presidente Claudia Scarzanella, il vice presidente Gino D\u2019Inc\u00e0, i componenti di giunta Guerrino Argenta e Cristiano Gaggion, e il direttore Michele Basso. <em>\u00ab\u00c8 stato un momento importante per presentare alla premier Meloni e al nuovo governo le nostre proposte finalizzate a superare la delicata congiuntura economica e sociale, per contribuire a riprendere un cammino di crescita e sviluppo\u00bb<\/em> commenta la presidente Scarzanella. <em>\u00abL\u2019artigianato &#8211; il commento del senatore Luca De Carlo &#8211; va tutelato come sottolineato oggi in assemblea oltre che per l\u2019economia anche per l\u2019importanza sociale e di presidio del territorio, tanto pi\u00f9 in montagna\u00bb.<\/em><\/p>\n<h3><\/h3>\n<p>&nbsp;<\/p>\n<hr \/>\n<blockquote>\n<h3><\/h3>\n<h3><strong>\u201c1km al giorno nel tuo Comune\u201d anche a San Gregorio nelle Alpi<\/strong><\/h3>\n<\/blockquote>\n<p><strong>SAN GREGORIO<\/strong> \u00a0Il Comune in collaborazione con l\u2019Ulss Dolomiti, organizza una breve camminata all\u2019aperto per promuovere dei percorsi in sicurezza e sempre disponibili ai cittadini come opportunit\u00e0 di movimento per mantenersi in salute. L\u2019appuntamento \u00e8 per gioved\u00ec 24 novembre 2022 alle 10 presso la Piazza fronte Municipio (San Gregorio nelle Alpi). La camminata si terr\u00e0 lungo il percorso Piazza del Municipio fino a Saltoi, a cui seguir\u00e0 un piccolo momento conviviale. Parteciperanno, inoltre, tutti gli alunni della scuola primaria di San Gregorio nelle Alpi. Anche il Comune di San Gregorio nelle Alpi, infatti, ha aderito al progetto \u201c1 km al giorno nel tuo Comune\u201d, promosso dalla Regione Veneto e dall\u2019Ulss Dolomiti, individuando dei percorsi accessibili di 1 km da svolgere in sicurezza per stimolare i cittadini a mantenersi in salute attraverso il movimento e l\u2019attivit\u00e0 fisica. L\u2019iniziativa si inserisce all\u2019interno del Piano della Prevenzione Regionale 2022-2025 con l\u2019obiettivo di creare e consolidare le Comunit\u00e0 Attive. In particolare, il Dipartimento di Prevenzione sta lavorando con i comuni per promuovere un approccio alla lotta alla sedentariet\u00e0 e alla promozione del movimento.<\/p>\n<p>&nbsp;<\/p>\n<hr \/>\n<p>&nbsp;<\/p>\n<p>&nbsp;<\/p>\n<p><a class=\"dt-pswp-item\" href=\"https:\/\/www.radiopiu.net\/wordpress\/wp-content\/uploads\/2022\/03\/FOLLADOR-AGORDO-1.jpg\" data-dt-img-description=\"\" data-large_image_width=\"1280\" data-large_image_height=\"720\"><img loading=\"lazy\" decoding=\"async\" class=\"size-medium wp-image-267095 alignleft\" src=\"https:\/\/www.radiopiu.net\/wordpress\/wp-content\/uploads\/2022\/03\/FOLLADOR-AGORDO-1-300x169.jpg\" alt=\"\" width=\"300\" height=\"169\" srcset=\"https:\/\/www.radiopiu.net\/wordpress\/wp-content\/uploads\/2022\/03\/FOLLADOR-AGORDO-1-300x169.jpg 300w, https:\/\/www.radiopiu.net\/wordpress\/wp-content\/uploads\/2022\/03\/FOLLADOR-AGORDO-1-1024x576.jpg 1024w, https:\/\/www.radiopiu.net\/wordpress\/wp-content\/uploads\/2022\/03\/FOLLADOR-AGORDO-1-768x432.jpg 768w, https:\/\/www.radiopiu.net\/wordpress\/wp-content\/uploads\/2022\/03\/FOLLADOR-AGORDO-1.jpg 1280w\" sizes=\"auto, (max-width: 300px) 100vw, 300px\" \/><\/a><\/p>\n<p><strong>SCUOLA APERTA AL FOLLADOR DI AGORDO, L&#8217;INVITO ALLA RADIO DEGLI STUDENTI DELLA SCUOLA AGORDINA, DALLA PROSSIMA SETTIMANA LE VOCI CI INSEGNANTI ALUNNI ED EX ALUNNI.<\/strong><\/p>\n<audio class=\"wp-audio-shortcode\" id=\"audio-307691-8\" preload=\"none\" style=\"width: 100%;\" controls=\"controls\"><source type=\"audio\/mpeg\" src=\"https:\/\/www.radiopiu.net\/wordpress\/wp-content\/uploads\/2022\/11\/FOLLADOR-4.mp3?_=8\" \/><a href=\"https:\/\/www.radiopiu.net\/wordpress\/wp-content\/uploads\/2022\/11\/FOLLADOR-4.mp3\">https:\/\/www.radiopiu.net\/wordpress\/wp-content\/uploads\/2022\/11\/FOLLADOR-4.mp3<\/a><\/audio>\n<p>&nbsp;<\/p>\n<p>&nbsp;<\/p>\n<p>&nbsp;<\/p>\n<hr \/>\n<p align=\"CENTER\"><span style=\"color: #222222;\"><span style=\"font-family: Georgia, serif;\"><span style=\"font-size: medium;\"><b>\u00a0<\/b><\/span><\/span><\/span><\/p>\n<p align=\"CENTER\"><span style=\"color: #222222;\"><span style=\"font-family: Georgia, serif;\"><span style=\"font-size: medium;\"><b>\u00a0<\/b><\/span><\/span><\/span><\/p>\n<p align=\"CENTER\"><span style=\"color: #222222;\"><span style=\"font-family: Georgia, serif;\"><span style=\"font-size: medium;\"><b>SCUOLA APERTA AI LICEI GALILEI-TIZIANO<\/b><\/span><\/span><\/span><\/p>\n<p align=\"JUSTIFY\"><strong>BELLUNO\u00a0<\/strong>Sei sono le occasioni in cui, da qui a gennaio, ragazzi e genitori potranno partecipare agli incontri di presentazione delle tre proposte formative della scuola. Quattro saranno gli appuntamenti per il Liceo Scientifico Galilei e il Liceo delle Scienze applicate: sabato 26 novembre (primo turno ore 15:00-16:30; secondo turno ore 17:00-18:30), venerd\u00ec 16 dicembre (turno unico ore 17:00-18:30), sabato 17 dicembre (turno unico ore 15:00-16:30), sabato 14 gennaio (turno unico ore 17:00-18:30). Due gli appuntamenti per il Liceo Classico Tiziano: venerd\u00ec 2 dicembre (turno unico ore 17:00-18:30) e sabato 14 gennaio (sempre turno unico ore 15:00-16:30).<\/p>\n<p>&nbsp;<\/p>\n<hr \/>\n<p>&nbsp;<\/p>\n<blockquote>\n<h3>DILLO A RADIO PIU&#8230;.A BELLUNO PEGGIORA SENSIBILMENTE LA QUALITA\u2019 DELL\u2019ARIA.<\/h3>\n<\/blockquote>\n<p><strong>di ANACLETO BORANGA<\/strong><\/p>\n<p><span style=\"font-size: medium;\"><strong>BELLUNO<\/strong>\u00a0 \u00e8 il terzo capoluogo provinciale in Italia nella classifica dell\u2019indagine del Sole 24 ore sull\u2019 ecosistema urbano. Ne possiamo andar orgogliosi, ma si pu\u00f2 fare meglio per la qualit\u00e0 dell\u2019aria ove non siamo per niente ai vertici e non si pu\u00f2 certo dire che Belluno sia una citt\u00e0 verde. Ormai da molti anni si assiste ad un progressivo impoverimento della dotazione arborea urbana per gli abbattimenti per motivi di sicurezza, per morti premature anche a seguito di potature drastiche o per creare spazi per altri usi. Da diversi anni non si provvede a compensare le perdite con ripiantumazioni e, poco o nulla, contano i boschi della cintura verde extraurbana, perch\u00e8 \u00e8 nel centro cittadino che c\u2019\u00e8 pi\u00f9 inquinamento dovuto soprattutto al traffico automobilistico ed ai fumi del riscaldamento <\/span><span style=\"font-size: medium;\">e serve fruire del filtro depuratore degli alberi<\/span><span style=\"font-size: medium;\"> Studi recenti hanno infatti dimostrato che un albero maturo \u00e8 in grado di assorbire il 20% delle polveri sottili (PM 5 e 10)\u00a0<\/span><\/p>\n\n\t\t\t<style type='text\/css'>\n\t\t\t\t#gallery-5 {\n\t\t\t\t\tmargin: auto;\n\t\t\t\t}\n\t\t\t\t#gallery-5 .gallery-item {\n\t\t\t\t\tfloat: left;\n\t\t\t\t\tmargin-top: 10px;\n\t\t\t\t\ttext-align: center;\n\t\t\t\t\twidth: 50%;\n\t\t\t\t}\n\t\t\t\t#gallery-5 img {\n\t\t\t\t\tborder: 2px solid #cfcfcf;\n\t\t\t\t}\n\t\t\t\t#gallery-5 .gallery-caption {\n\t\t\t\t\tmargin-left: 0;\n\t\t\t\t}\n\t\t\t\t\/* see gallery_shortcode() in wp-includes\/media.php *\/\n\t\t\t<\/style>\n\t\t<div id='gallery-5' class='dt-gallery-container gallery galleryid-307691 gallery-columns-2 gallery-size-medium'><dl class='gallery-item'>\n\t\t\t\t<dt class='gallery-icon portrait'>\n\t\t\t\t\t<a class=\"rollover rollover-zoom dt-pswp-item\" title=\"alb e auto\" data-dt-img-description=\"\" data-large_image_width=\"662\" data-large_image_height=\"960\"href='https:\/\/www.radiopiu.net\/wordpress\/wp-content\/uploads\/2022\/11\/alb-e-auto.jpg'><img loading=\"lazy\" decoding=\"async\" width=\"207\" height=\"300\" src=\"https:\/\/www.radiopiu.net\/wordpress\/wp-content\/uploads\/2022\/11\/alb-e-auto-207x300.jpg\" class=\"attachment-medium size-medium\" alt=\"\" srcset=\"https:\/\/www.radiopiu.net\/wordpress\/wp-content\/uploads\/2022\/11\/alb-e-auto-207x300.jpg 207w, https:\/\/www.radiopiu.net\/wordpress\/wp-content\/uploads\/2022\/11\/alb-e-auto.jpg 662w\" sizes=\"auto, (max-width: 207px) 100vw, 207px\" \/><\/a>\n\t\t\t\t<\/dt><\/dl><dl class='gallery-item'>\n\t\t\t\t<dt class='gallery-icon portrait'>\n\t\t\t\t\t<a class=\"rollover rollover-zoom dt-pswp-item\" title=\"PhotoScan - Copia\" data-dt-img-description=\"\" data-large_image_width=\"1548\" data-large_image_height=\"1892\"href='https:\/\/www.radiopiu.net\/wordpress\/wp-content\/uploads\/2022\/11\/PhotoScan-Copia.jpg'><img loading=\"lazy\" decoding=\"async\" width=\"245\" height=\"300\" src=\"https:\/\/www.radiopiu.net\/wordpress\/wp-content\/uploads\/2022\/11\/PhotoScan-Copia-245x300.jpg\" class=\"attachment-medium size-medium\" alt=\"\" srcset=\"https:\/\/www.radiopiu.net\/wordpress\/wp-content\/uploads\/2022\/11\/PhotoScan-Copia-245x300.jpg 245w, https:\/\/www.radiopiu.net\/wordpress\/wp-content\/uploads\/2022\/11\/PhotoScan-Copia-838x1024.jpg 838w, https:\/\/www.radiopiu.net\/wordpress\/wp-content\/uploads\/2022\/11\/PhotoScan-Copia-768x939.jpg 768w, https:\/\/www.radiopiu.net\/wordpress\/wp-content\/uploads\/2022\/11\/PhotoScan-Copia-1257x1536.jpg 1257w, https:\/\/www.radiopiu.net\/wordpress\/wp-content\/uploads\/2022\/11\/PhotoScan-Copia.jpg 1548w\" sizes=\"auto, (max-width: 245px) 100vw, 245px\" \/><\/a>\n\t\t\t\t<\/dt><\/dl><br style=\"clear: both\" \/>\n\t\t\t<\/div>\n\n<p>&nbsp;<\/p>\n<p>&nbsp;<\/p>\n<p>&nbsp;<\/p>\n<hr \/>\n<p>&nbsp;<\/p>\n<blockquote>\n<h3>LAVORO, CONCILIAZIONE E VIOLENZA DI GENERE: IL PUNTO DELLA CISL<\/h3>\n<\/blockquote>\n<p><strong>BELLUNO <\/strong><span style=\"color: #000000; font-family: Helvetica;\">In occasione della Giornata internazionale per l\u2019eliminazione della violenza contro le donne 2022 (25 novembre) Cisl Belluno Treviso con il Coordinamento Donne e per le Politiche di genere e le Pari opportunit\u00e0 convoca una conferenza stampa per fare il punto sulla condizione femminile nelle due province. L\u2019incontro si svolger\u00e0 in presenza sia a Treviso che a Belluno.\u00a0 <\/span><span style=\"color: #000000; font-family: Helvetica;\">L\u2019appuntamento \u00e8 per oggi alle <\/span>10<span style=\"color: #000000; font-family: Helvetica;\"> in Sala Toigo della sede Cisl di <\/span>Belluno<span style=\"color: #000000; font-family: Helvetica;\"> in via Vittorio Veneto 284<\/span><\/p>\n<p>&nbsp;<\/p>\n<hr \/>\n<p>&nbsp;<\/p>\n<blockquote>\n<h3>VARIAZIONI AL BILANCIO E COMUNICAZIONI DI PAOLO FRENA<\/h3>\n<\/blockquote>\n<p><strong>AGORDO<\/strong>\u00a0 Il consiglio dell&#8217;Unione Montana Agordina \u00e8 convocato per luned\u00ec alle 20 in sala Don Tamis. Due i punti sui quali deliberare, il provvedimento di variazione al bilancio di esercizio e le comunicazioni del Presidente Paolo Frena. In diretta sul sito internet e\u00a0 canali facebook di RADIOPIU<\/p>\n<p>&nbsp;<\/p>\n<hr \/>\n<p>&nbsp;<\/p>\n<blockquote>\n<h3>I CONSIGLI COMUNALI NELL&#8217;AGORDINO<\/h3>\n<\/blockquote>\n<p><strong>SELVA DI CADORE<\/strong> Il sindaco di Selva Di Cadore Luca Lorenzini ha convocato il consiglio comunale per venerd\u00ec alle 18. Saranno 6 i punti da discutere nella sala consigliare. Tra questi due variazioni al bilancio, la modifica del regolamento sull&#8217;imposta di soggiorno, l&#8217;assemblea ordinaria della societ\u00e0 Val Fiorentina SPA e l&#8217;approvazione della convenzione per l&#8217;istituzione e gestione della centrale unica di committenza con l&#8217;Unione Montana Agordina.<\/p>\n<p>&nbsp;<\/p>\n<p><strong>RIVAMONTE<\/strong> Saranno 4 i punti trattati nel consiglio comunale di Rivamonte convocato dal sindaco Giovanni Deon per oggi alle 18. Dopo la lettura e approvazione della seduta precedente, si approver\u00e0 il Documento unico di programmazione. In discussione anche la settima variazione\u00a0 bilancio e l&#8217;affidamento in house providing della gestione del ciclo integrato dei rifiuti da parte del consiglio di bacino con l&#8217;atto d&#8217;indirizzo<\/p>\n<p>&nbsp;<\/p>\n<p><strong>CANALE D&#8217;AGORDO<\/strong> Mercoled\u00ec 30 novembre nella sala Lina Zand\u00f2 di Canale D&#8217;Agordo \u00e8 stato convocato il consiglio comunale. Il sindaco Flavio Colcergnan ha chiamato a rapporto i consiglieri per trattare 5 punti tra cui una variazione a bilancio, il regolamento per l&#8217;utilizzo delle baite, casere e casogn del comune e il regolamento comunale sul procedimento amministrativo.<\/p>\n<p>&nbsp;<\/p>\n<hr \/>\n<p>&nbsp;<\/p>\n<blockquote>\n<h3>LA PRESENTAZIONE DELL&#8217;INDAGINE SU SPORT E CULTURA IN PROVINCIA<\/h3>\n<\/blockquote>\n<p><strong>BELLUNO<\/strong> Oggi alle 11:30 nella sala riunioni del CSV di Belluno verr\u00e0 presentata la ricerca dal titolo \u201cUniverso sport e cultura in provincia di Belluno\u201d; si tratta di un\u2019indagine conoscitiva sulle associazioni affiliate ad Aics Belluno (Associazione italiana cultura sport) svolta proprio dall\u2019Aics provinciale in collaborazione con il Csv Belluno Treviso con l\u2019obiettivo di avere, dati in mano, un quadro fedele e preciso in riferimento alle richieste e necessit\u00e0 delle associazioni locali.<\/p>\n<p>&nbsp;<\/p>\n<p>&nbsp;<\/p>\n<hr \/>\n<p>&nbsp;<\/p>\n<blockquote>\n<h3><span dir=\"ltr\" role=\"presentation\">AIUTI FINALIZZATI<\/span> <span dir=\"ltr\" role=\"presentation\">ALL&#8217;ACQUISTO<\/span> <span dir=\"ltr\" role=\"presentation\">DI <\/span><span dir=\"ltr\" role=\"presentation\">GENERI ALIMENTARI O PRODOTTI DI PRIMA<\/span> <span dir=\"ltr\" role=\"presentation\">NECESSIT\u00c0<\/span><\/h3>\n<\/blockquote>\n<p><strong>ALLEGHE<\/strong> Le<span dir=\"ltr\" role=\"presentation\"> persone e le famiglie residenti nel Comune che<\/span><span dir=\"ltr\" role=\"presentation\">, a causa degli effetti economici <\/span><span dir=\"ltr\" role=\"presentation\">derivanti dall\u2019emergenza epidemiologica<\/span> <span dir=\"ltr\" role=\"presentation\">dovuta alla diffusione del virus Covid<\/span><span dir=\"ltr\" role=\"presentation\">&#8211;<\/span><span dir=\"ltr\" role=\"presentation\">19,<\/span> <span dir=\"ltr\" role=\"presentation\">si trovino in uno <\/span><span dir=\"ltr\" role=\"presentation\">stato di bisogno per soddisfare le necessit\u00e0 pi\u00f9 urgenti ed essenziali<\/span><span dir=\"ltr\" role=\"presentation\">, <\/span><span dir=\"ltr\" role=\"presentation\">possono<\/span> <span dir=\"ltr\" role=\"presentation\">chiedere che vengano loro riconosciuti i buoni spesa per l&#8217;acquisto di generi alimentari o prodotti di prima necessit\u00e0. L<\/span><span dir=\"ltr\" role=\"presentation\">\u2019entit\u00e0 dell\u2019importo verr\u00e0 definito con successivo <\/span><span dir=\"ltr\" role=\"presentation\">provvedimento, partendo da un<\/span> <span dir=\"ltr\" role=\"presentation\">importo minimo di 50euro<\/span><span dir=\"ltr\" role=\"presentation\">, sulla base del numero dei <\/span><span dir=\"ltr\" role=\"presentation\">componenti il nucleo familiare e in consi<\/span><span dir=\"ltr\" role=\"presentation\">derazione delle necessit\u00e0 dichiarate dal richiedente. <\/span><span dir=\"ltr\" role=\"presentation\">Le richieste, <\/span><span dir=\"ltr\" role=\"presentation\">redatte sull\u2019apposito modulo dovranno <\/span><span dir=\"ltr\" role=\"presentation\">p<\/span><span dir=\"ltr\" role=\"presentation\">ervenire<\/span> <span dir=\"ltr\" role=\"presentation\">al<\/span> <span dir=\"ltr\" role=\"presentation\">Comune<\/span> <span dir=\"ltr\" role=\"presentation\">di<\/span> <span dir=\"ltr\" role=\"presentation\">Alleghe<\/span> <span dir=\"ltr\" role=\"presentation\">mediante<\/span> <span dir=\"ltr\" role=\"presentation\">invio<\/span> <span dir=\"ltr\" role=\"presentation\">di<\/span> <span dir=\"ltr\" role=\"presentation\">posta<\/span> <span dir=\"ltr\" role=\"presentation\">elettronica, s<\/span><span dir=\"ltr\" role=\"presentation\">olo via residuale<\/span> <span dir=\"ltr\" role=\"presentation\">la domanda potr\u00e0 essere presentata telefonicamente allo<\/span>\u00a0<span dir=\"ltr\" role=\"presentation\">0437 <\/span><span dir=\"ltr\" role=\"presentation\">523300<\/span> <span dir=\"ltr\" role=\"presentation\">dal luned\u00ec al venerd\u00ec<\/span> <span dir=\"ltr\" role=\"presentation\">dalle 8 alle 10<\/span><span dir=\"ltr\" role=\"presentation\">. <\/span><span dir=\"ltr\" role=\"presentation\">Il modulo \u00e8 scaricabile dal sito internet<\/span> <span dir=\"ltr\" role=\"presentation\">www.comune.alleghe.bl.it<\/span><span dir=\"ltr\" role=\"presentation\">, oppure ritirabile presso gli esercizi <\/span><span dir=\"ltr\" role=\"presentation\">comunali dei generi alimentari del territorio.<\/span><\/p>\n<p>&nbsp;<\/p>\n<p>&nbsp;<\/p>\n<hr \/>\n<p>&nbsp;<\/p>\n<blockquote>\n<h3>WILLIAM ALLA ATENE-SPARTA-ATENE IL RACCONTO ALLA RADIO<\/h3>\n<\/blockquote>\n<p><strong>PUNTATA 2 WILLIAM AD ATENE 22 NOVEMBRE 2022<\/strong><\/p>\n<blockquote><p><em>&#8220;Arrivati oggi ad Atene, domani mattina libera e pomeriggio briefing per gara con l&#8221;organizzazione e gioved\u00ec mattina ore 6 locali, le 5 in Italia partenza!&#8221;<\/em><\/p><\/blockquote>\n<div style=\"width: 1200px;\" class=\"wp-video\"><video class=\"wp-video-shortcode\" id=\"video-307691-1\" width=\"1200\" height=\"675\" preload=\"metadata\" controls=\"controls\"><source type=\"video\/mp4\" src=\"https:\/\/www.radiopiu.net\/wordpress\/wp-content\/uploads\/2022\/11\/WhatsApp-Video-2022-11-22-at-21.02.17.mp4?_=1\" \/><a href=\"https:\/\/www.radiopiu.net\/wordpress\/wp-content\/uploads\/2022\/11\/WhatsApp-Video-2022-11-22-at-21.02.17.mp4\">https:\/\/www.radiopiu.net\/wordpress\/wp-content\/uploads\/2022\/11\/WhatsApp-Video-2022-11-22-at-21.02.17.mp4<\/a><\/video><\/div>\n<p>&nbsp;<\/p>\n<p>&nbsp;<\/p>\n<p><strong>PUNTATA 1 LA PRESENTAZIONE\u00a0 20 NOVEMBRE 2022<\/strong><\/p>\n<p>&nbsp;<\/p>\n<p><strong><img loading=\"lazy\" decoding=\"async\" class=\"alignleft\" src=\"https:\/\/www.radiopiu.net\/wordpress\/wp-content\/uploads\/2018\/06\/WhatsApp-Image-2018-06-19-at-05.42.14.jpeg\" width=\"266\" height=\"200\" \/>LA VALLE AGORDINA<\/strong> RIeccolo, pronto per ripartire per un&#8217;altra avventura da quasi 500 chilometri. In questi mesi ne ha macinati parecchi sulle strade della Conca Agordina per prepararsi all&#8217;evento. William Da Roit ha deciso di ripartire per la settima Run Atene-Sparta-Atene, proprio cos\u00ec, questa volta non solo andata (come nell&#8217;occasione precedente) ma andata e ritorno, dal 24 novembre alle sei del mattino, 104 ore di tempo per chiudere la prova assieme ad altri 44 atleti, solo tre gli italiani ammessi, con William, Leonardo Curatolo e Francesca Ferraro<strong>. <\/strong>La manifestazione greca \u00e8 organizzata dal club dei corridori ateniesi che iscrive atleti di 14 nazioni. In bocca al lupo a William che RADIOPIU non mancher\u00e0 di seguire in questa ennesima impresa.<\/p>\n<p><strong>AUDIO ALLA RADIO<\/strong><\/p>\n<audio class=\"wp-audio-shortcode\" id=\"audio-307691-9\" preload=\"none\" style=\"width: 100%;\" controls=\"controls\"><source type=\"audio\/mpeg\" src=\"https:\/\/www.radiopiu.net\/wordpress\/wp-content\/uploads\/2022\/11\/william.mp3?_=9\" \/><a href=\"https:\/\/www.radiopiu.net\/wordpress\/wp-content\/uploads\/2022\/11\/william.mp3\">https:\/\/www.radiopiu.net\/wordpress\/wp-content\/uploads\/2022\/11\/william.mp3<\/a><\/audio>\n<p>&nbsp;<\/p>\n<p>&nbsp;<\/p>\n<hr \/>\n<p>&nbsp;<\/p>\n<blockquote>\n<h3>LA SANTA BARBARA DEI PERITI MINERARI<\/h3>\n<\/blockquote>\n<p><strong>AGORDO<\/strong> I periti minerari\u00a0 dell&#8217;Apim si preparano a festeggiare la loro patrona, santa Barbara. L&#8217;appuntamento \u00e8 per sabato 3 dicembre, con il ritrovo alle 9,45 nella chiesa arcidiaconale e poi alle 10 la celebrazione della messa, accompagnata dalla Schola cantorum di La Valle, diretta da Lucio De Cassan. Alle 11\u00a0 in sala &#8220;Don Tamis&#8221;,\u00a0 tradizionale cerimonia di consegna delle borse di studio agli studenti del Follador pi\u00f9 meritevoli.<\/p>\n<p>&nbsp;<\/p>\n<p>23<\/p>\n<hr \/>\n<p>&nbsp;<\/p>\n<blockquote>\n<h3>OGGI L&#8217;INCONTRO SULL&#8217;ILLUMINAZIONE STRADALE PUBBLICA<\/h3>\n<\/blockquote>\n<p><strong>LOZZO DI CADORE<\/strong> Si svolger\u00e0 oggi al Palazzo Pellegrini di Lozzo di Cadore un incontro in stretta collaborazione con il Comune di Lozzo di Cadore, il Comune di Virgen ed il GAL Alto Bellunese. Il tema sar\u00e0 l&#8217;illuminazione stradale pubblica. Nel corso dell\u2019incontro, verranno presentati: i risultati di progetto relativi alla mappatura dei punti luce ed integrazione nel Sistema Informativo Territoriale: il caso pilota di Lozzo di Cadore e la restituzione dei dati al pubblico, l&#8217;esperienza del Comune di Virgen per l&#8217;efficientamento dei sistemi di illuminazione pubblica. verso una gestione energetica efficiente: sistemi integrati di gestione e dialogo tra amministrazioni locali.<\/p>\n<p>&nbsp;<\/p>\n<p>&nbsp;<\/p>\n<hr \/>\n<p>&nbsp;<\/p>\n<blockquote>\n<h3>LA FIERA DI SANT&#8217;ANDREA A CENCENIGHE<\/h3>\n<\/blockquote>\n<p><strong>CENCENIGHE <\/strong>Sabato 26 e domenica 27 novembre a Cencenighe torna la Fiera di Sant&#8217;Andrea. Dalle 9 alle 19 all&#8217;interno della sala del Nof Fil\u00f2 il mercatino dell&#8217;artigianato e servizio bar con possibilit\u00e0 di pranzo con prodotti tipici. Dalle 10 alle 16 sul piazzale del municipio giri in pony e cavallo per bambini e ragazzi, esposizione degli animali sul piazzale, dimostrazione di ferratura di cavallo ed esibizione di scultura su legno. Novit\u00e0 dell&#8217;edizione 2022 nella sola giornata di sabato, in sala consigliare del comune, la proiezione della commedia dialettale \u201cTrafeg\u00e0 Bestiam\u201d che racconta la storia dell&#8217;antica fiera di Sant&#8217;Andrea. Nel pomeriggio di sabato alle 14:30 breve convegno con la presidente dell&#8217;associazione ACTO Triveneto Petra De Zanet sull&#8217;alleanza contro i tumori ginecologici.<\/p>\n<p>&nbsp;<\/p>\n<p>&nbsp;<\/p>\n<hr \/>\n<p>&nbsp;<\/p>\n<blockquote>\n<h3>RACCONTI FRA PENSIERI E RICORDI<\/h3>\n<\/blockquote>\n<p><strong>BELLUNO<\/strong> \u201cRacconti fra pensieri e ricordi\u201d. \u00c8 il titolo dell\u2019evento culturale che l\u2019Associazione Bellunesi nel Mondo organizza per venerd\u00ec 25 novembre a Belluno, presso la propria sede in via Cavour 3. Appuntamento alle 16.30. Ingresso libero. L\u2019evento, moderato da Patrizia Burigo, vicepresidente Abm e presidente del comitato di gestione della Biblioteca delle migrazioni \u201cDino Buzzati\u201d, vedr\u00e0 gli autori presentare e approfondire le loro opere, il loro percorso di vita e il loro legame con l\u2019emigrazione e con la terra di origine. Per maggiori informazioni \u00e8 possibile contattare l\u2019Associazione Bellunesi nel Mondo al numero 0437 941160 o all\u2019email <a class=\"moz-txt-link-abbreviated\" href=\"mailto:biblioteca.migrazioni@bellunesinelmondo.it\">biblioteca.migrazioni@bellunesinelmondo.it<\/a>.<\/p>\n<p>&nbsp;<\/p>\n<p>&nbsp;<\/p>\n<hr \/>\n<p>&nbsp;<\/p>\n<blockquote>\n<h3>UN INCONTRO SUL FUTURO DELL&#8217;AGRICOLTURA BELLUNESE<\/h3>\n<\/blockquote>\n<p><strong>BORGO VALBELLUNA<\/strong> Si terr\u00e0 venerd\u00ec nella sala San Felice di Trichiana un incontro sul futuro dell&#8217;agricoltura bellunese dal titolo &#8220;Difendi la tua salute e la tua terra&#8221;. Inizio alle 20:15. Interverranno l&#8217;agronomo Carlo Murer, Ernesto Roani medico endocrinologo, Danilo Gusatto ed Emanuele Prest. Coordiner\u00e0 l&#8217;incontro Ilario Tancon.<\/p>\n<p>&nbsp;<\/p>\n<hr \/>\n<p><strong><a class=\"dt-pswp-item\" href=\"https:\/\/www.radiopiu.net\/wordpress\/wp-content\/uploads\/2022\/11\/Locandina-Barbarina_LOGHI-TUTTI.jpg\" data-dt-img-description=\"\" data-large_image_width=\"826\" data-large_image_height=\"1169\">\u00a0<\/a><\/strong><\/p>\n<p><strong><a class=\"dt-pswp-item\" href=\"https:\/\/www.radiopiu.net\/wordpress\/wp-content\/uploads\/2022\/11\/Locandina-Barbarina_LOGHI-TUTTI.jpg\" data-dt-img-description=\"\" data-large_image_width=\"826\" data-large_image_height=\"1169\">\u00a0<\/a><\/strong><\/p>\n<p><strong><a class=\"dt-pswp-item\" href=\"https:\/\/www.radiopiu.net\/wordpress\/wp-content\/uploads\/2022\/11\/Locandina-Barbarina_LOGHI-TUTTI.jpg\" data-dt-img-description=\"\" data-large_image_width=\"826\" data-large_image_height=\"1169\"><img loading=\"lazy\" decoding=\"async\" class=\" wp-image-307574 alignleft\" src=\"https:\/\/www.radiopiu.net\/wordpress\/wp-content\/uploads\/2022\/11\/Locandina-Barbarina_LOGHI-TUTTI-212x300.jpg\" alt=\"\" width=\"108\" height=\"153\" srcset=\"https:\/\/www.radiopiu.net\/wordpress\/wp-content\/uploads\/2022\/11\/Locandina-Barbarina_LOGHI-TUTTI-212x300.jpg 212w, https:\/\/www.radiopiu.net\/wordpress\/wp-content\/uploads\/2022\/11\/Locandina-Barbarina_LOGHI-TUTTI-724x1024.jpg 724w, https:\/\/www.radiopiu.net\/wordpress\/wp-content\/uploads\/2022\/11\/Locandina-Barbarina_LOGHI-TUTTI-768x1087.jpg 768w, https:\/\/www.radiopiu.net\/wordpress\/wp-content\/uploads\/2022\/11\/Locandina-Barbarina_LOGHI-TUTTI.jpg 826w\" sizes=\"auto, (max-width: 108px) 100vw, 108px\" \/><\/a><\/strong><\/p>\n<blockquote>\n<h3>C&#8217;ERA UNA VOLTA&#8230; BARBARINA E I NOVE COLOMBI<\/h3>\n<\/blockquote>\n<p><strong>FELTRE\u00a0<\/strong> Gioved\u00ec 1 dicembre Alle 17.30 il Polo Bibliotecario di Feltre ospiter\u00e0 la presentazione del libro illustrato \u201cBarbarina e i nove colombi\u201d di Flavio Faoro e Marta Farina, vincitore nella sezione Best Illustration for Fiction 2019\u201d della dodicesima edizione del premio internazionale \u201cImage of the book\u201d di Mosca. All\u2019incontro interverr\u00e0 l\u2019Editore Roberto Da Re Giustiniani. Brani del libro letti da Silvana Vignaga.<\/p>\n<p>&nbsp;<\/p>\n<p>&nbsp;<\/p>\n<p>&nbsp;<\/p>\n<hr \/>\n<p>&nbsp;<\/p>\n<h2><span style=\"color: #ff9900;\">IERI ALLA RADIO<\/span><\/h2>\n<h2><span style=\"color: #008080;\">&#8220;DINTORN E FORA VIA&#8221;\u00a0<\/span><span style=\"color: #008080;\"> IL PROGRAMMA\u00a0 <\/span><span style=\"color: #008080;\">A CURA DEL MUSLA\u00a0<\/span><\/h2>\n<h2><span style=\"color: #008080;\">\u00a0 <a class=\"dt-pswp-item\" href=\"https:\/\/www.radiopiu.net\/wordpress\/wp-content\/uploads\/2022\/11\/4bd6d389-e625-4d3e-a805-af9d39097dce.jpg\" data-dt-img-description=\"\" data-large_image_width=\"709\" data-large_image_height=\"460\"><img loading=\"lazy\" decoding=\"async\" class=\"wp-image-307682 alignleft\" src=\"https:\/\/www.radiopiu.net\/wordpress\/wp-content\/uploads\/2022\/11\/4bd6d389-e625-4d3e-a805-af9d39097dce-300x195.jpg\" alt=\"\" width=\"162\" height=\"105\" srcset=\"https:\/\/www.radiopiu.net\/wordpress\/wp-content\/uploads\/2022\/11\/4bd6d389-e625-4d3e-a805-af9d39097dce-300x195.jpg 300w, https:\/\/www.radiopiu.net\/wordpress\/wp-content\/uploads\/2022\/11\/4bd6d389-e625-4d3e-a805-af9d39097dce.jpg 709w\" sizes=\"auto, (max-width: 162px) 100vw, 162px\" \/><\/a><\/span><\/h2>\n<p><strong>PUNTATA 22 NOVEMBRE BEATRICE COLCUC<\/strong><\/p>\n<audio class=\"wp-audio-shortcode\" id=\"audio-307691-10\" preload=\"none\" style=\"width: 100%;\" controls=\"controls\"><source type=\"audio\/mpeg\" src=\"https:\/\/www.radiopiu.net\/wordpress\/wp-content\/uploads\/2022\/11\/MUSLA-2.mp3?_=10\" \/><a href=\"https:\/\/www.radiopiu.net\/wordpress\/wp-content\/uploads\/2022\/11\/MUSLA-2.mp3\">https:\/\/www.radiopiu.net\/wordpress\/wp-content\/uploads\/2022\/11\/MUSLA-2.mp3<\/a><\/audio>\n<p>&nbsp;<\/p>\n<p>&nbsp;<\/p>\n<p>&nbsp;<\/p>\n<p>https:\/\/www.facebook.com\/solidarietaveneto\/videos\/1285564742235459<\/p>\n<p>&nbsp;<\/p>\n<p>&nbsp;<\/p>\n<hr \/>\n<p>&nbsp;<\/p>\n<h2><strong><a class=\"dt-pswp-item\" href=\"https:\/\/www.radiopiu.net\/wordpress\/wp-content\/uploads\/2022\/11\/a50805cd-16e0-432e-9f53-f9d78660f361.jpg\" data-dt-img-description=\"\" data-large_image_width=\"1600\" data-large_image_height=\"757\"><img loading=\"lazy\" decoding=\"async\" class=\"size-medium wp-image-307308 alignleft\" src=\"https:\/\/www.radiopiu.net\/wordpress\/wp-content\/uploads\/2022\/11\/a50805cd-16e0-432e-9f53-f9d78660f361-300x142.jpg\" alt=\"\" width=\"300\" height=\"142\" srcset=\"https:\/\/www.radiopiu.net\/wordpress\/wp-content\/uploads\/2022\/11\/a50805cd-16e0-432e-9f53-f9d78660f361-300x142.jpg 300w, https:\/\/www.radiopiu.net\/wordpress\/wp-content\/uploads\/2022\/11\/a50805cd-16e0-432e-9f53-f9d78660f361-1024x484.jpg 1024w, https:\/\/www.radiopiu.net\/wordpress\/wp-content\/uploads\/2022\/11\/a50805cd-16e0-432e-9f53-f9d78660f361-768x363.jpg 768w, https:\/\/www.radiopiu.net\/wordpress\/wp-content\/uploads\/2022\/11\/a50805cd-16e0-432e-9f53-f9d78660f361-1536x727.jpg 1536w, https:\/\/www.radiopiu.net\/wordpress\/wp-content\/uploads\/2022\/11\/a50805cd-16e0-432e-9f53-f9d78660f361.jpg 1600w\" sizes=\"auto, (max-width: 300px) 100vw, 300px\" \/><\/a><\/strong><span style=\"color: #339966;\">LA RASSEGNA STAMPA DA L&#8217;AMICO DEL POPOLO<\/span><\/h2>\n<p><strong>di Gianni Santomaso<\/strong><\/p>\n<p>OSPITE: Giorgia Ascari<\/p>\n<audio class=\"wp-audio-shortcode\" id=\"audio-307691-11\" preload=\"none\" style=\"width: 100%;\" controls=\"controls\"><source type=\"audio\/mpeg\" src=\"https:\/\/www.radiopiu.net\/wordpress\/wp-content\/uploads\/2022\/11\/RASSEGNA-GIANNI-3.mp3?_=11\" \/><a href=\"https:\/\/www.radiopiu.net\/wordpress\/wp-content\/uploads\/2022\/11\/RASSEGNA-GIANNI-3.mp3\">https:\/\/www.radiopiu.net\/wordpress\/wp-content\/uploads\/2022\/11\/RASSEGNA-GIANNI-3.mp3<\/a><\/audio>\n<p>&nbsp;<\/p>\n<hr \/>\n<p>&nbsp;<\/p>\n<div>\n<div class=\"b654a4as d2edcug0\">\n<div class=\"rq0escxv hkbzh7o3 jwdofwj8 n8tt0mok r8blr3vg hyh9befq\">\n<p><a class=\"dt-pswp-item\" href=\"https:\/\/www.radiopiu.net\/wordpress\/wp-content\/uploads\/2020\/10\/pp.jpg\" data-dt-img-description=\"\" data-large_image_width=\"640\" data-large_image_height=\"640\"><img loading=\"lazy\" decoding=\"async\" class=\"wp-image-163678 alignleft\" src=\"https:\/\/www.radiopiu.net\/wordpress\/wp-content\/uploads\/2020\/10\/pp-300x300.jpg\" alt=\"\" width=\"106\" height=\"106\" srcset=\"https:\/\/www.radiopiu.net\/wordpress\/wp-content\/uploads\/2020\/10\/pp-300x300.jpg 300w, https:\/\/www.radiopiu.net\/wordpress\/wp-content\/uploads\/2020\/10\/pp-150x150.jpg 150w, https:\/\/www.radiopiu.net\/wordpress\/wp-content\/uploads\/2020\/10\/pp-125x125.jpg 125w, https:\/\/www.radiopiu.net\/wordpress\/wp-content\/uploads\/2020\/10\/pp-200x200.jpg 200w, https:\/\/www.radiopiu.net\/wordpress\/wp-content\/uploads\/2020\/10\/pp-80x80.jpg 80w, https:\/\/www.radiopiu.net\/wordpress\/wp-content\/uploads\/2020\/10\/pp-480x480.jpg 480w, https:\/\/www.radiopiu.net\/wordpress\/wp-content\/uploads\/2020\/10\/pp.jpg 640w\" sizes=\"auto, (max-width: 106px) 100vw, 106px\" \/><\/a><\/p>\n<\/div>\n<\/div>\n<\/div>\n<div>\n<div class=\"page-title-head hgroup\">\n<div class=\"page-title-head hgroup\">\n<div class=\"b654a4as d2edcug0\">\n<div class=\"j83agx80 btwxx1t3 lhclo0ds hop8lmos nkwizq5d scwd0bx6 roh60bw9\">\n<div class=\"rq0escxv hkbzh7o3 jwdofwj8 n8tt0mok r8blr3vg hyh9befq\">\n<div class=\"do00u71z l9j0dhe7 k4urcfbm\">\n<h2><span style=\"color: #000080;\">DON CESARE, IL PENSIERO DEL GIORNO. ALLA RADIO ALLE 7 DEL MATTINO E ALLE 19.30 DELLA SERA<\/span><\/h2>\n<\/div>\n<\/div>\n<\/div>\n<\/div>\n<\/div>\n<\/div>\n<\/div>\n<audio class=\"wp-audio-shortcode\" id=\"audio-307691-12\" preload=\"none\" style=\"width: 100%;\" controls=\"controls\"><source type=\"audio\/mpeg\" src=\"https:\/\/www.radiopiu.net\/wordpress\/wp-content\/uploads\/2022\/11\/CESARE-14.mp3?_=12\" \/><a href=\"https:\/\/www.radiopiu.net\/wordpress\/wp-content\/uploads\/2022\/11\/CESARE-14.mp3\">https:\/\/www.radiopiu.net\/wordpress\/wp-content\/uploads\/2022\/11\/CESARE-14.mp3<\/a><\/audio>\n<p>&nbsp;<\/p>\n<p>&nbsp;<\/p>\n<p>&nbsp;<\/p>\n<hr \/>\n<p>&nbsp;<\/p>\n<h2><span style=\"color: #339966;\">COLLAGE OPERAZIONE NOSTALGIA<\/span><\/h2>\n<p><strong><a class=\"dt-pswp-item\" href=\"https:\/\/www.radiopiu.net\/wordpress\/wp-content\/uploads\/2022\/11\/I-Delfini.jpg\" data-dt-img-description=\"\" data-large_image_width=\"1083\" data-large_image_height=\"712\"><img loading=\"lazy\" decoding=\"async\" class=\" wp-image-307304 alignleft\" src=\"https:\/\/www.radiopiu.net\/wordpress\/wp-content\/uploads\/2022\/11\/I-Delfini-300x197.jpg\" alt=\"\" width=\"207\" height=\"136\" srcset=\"https:\/\/www.radiopiu.net\/wordpress\/wp-content\/uploads\/2022\/11\/I-Delfini-300x197.jpg 300w, https:\/\/www.radiopiu.net\/wordpress\/wp-content\/uploads\/2022\/11\/I-Delfini-1024x673.jpg 1024w, https:\/\/www.radiopiu.net\/wordpress\/wp-content\/uploads\/2022\/11\/I-Delfini-768x505.jpg 768w, https:\/\/www.radiopiu.net\/wordpress\/wp-content\/uploads\/2022\/11\/I-Delfini.jpg 1083w\" sizes=\"auto, (max-width: 207px) 100vw, 207px\" \/><\/a>di Loris Scussel<\/strong><\/p>\n<p>Lou Reed con la sua \u201cVicious\u201d inaugurer\u00e0 la nuova settimana di Collage operazione nostalgia in una puntata dedicata ai cantautori stranieri, marted\u00ec sar\u00e0 la volta dei Delfini di \u201cTu te ne vai\u201d e dei complessi italiani, mercoled\u00ec i Tokens di \u201cThe lion sleeps tonight\u201d apriranno lo spazio riservato ai successi internazionali, gioved\u00ec sar\u00e0 la volta delle voci femminili italiane iniziando da\u00a0 Dalida con \u201cL\u2019ultimo valzer\u201d, venerd\u00ec infine ritroveremo i cantautori di casa nostra Luigi Tenco, Roberto Vecchioni, Pierangelo Bertoli e cos\u00ec via. Collage va in onda dal luned\u00ec al venerd\u00ec alle 16,00 e alle 23,00 naturalmente su Radio Pi\u00f9.<\/p>\n<p><strong>PUNTATA DEL LUNEDI, 666<\/strong><\/p>\n<audio class=\"wp-audio-shortcode\" id=\"audio-307691-13\" preload=\"none\" style=\"width: 100%;\" controls=\"controls\"><source type=\"audio\/mpeg\" src=\"https:\/\/www.radiopiu.net\/wordpress\/wp-content\/uploads\/2022\/11\/Collage-666.mp3?_=13\" \/><a href=\"https:\/\/www.radiopiu.net\/wordpress\/wp-content\/uploads\/2022\/11\/Collage-666.mp3\">https:\/\/www.radiopiu.net\/wordpress\/wp-content\/uploads\/2022\/11\/Collage-666.mp3<\/a><\/audio>\n<p>&nbsp;<\/p>\n<p><strong>PUNTATA DEL MARTEDI, 667<\/strong><\/p>\n<audio class=\"wp-audio-shortcode\" id=\"audio-307691-14\" preload=\"none\" style=\"width: 100%;\" controls=\"controls\"><source type=\"audio\/mpeg\" src=\"https:\/\/www.radiopiu.net\/wordpress\/wp-content\/uploads\/2022\/11\/Collage-667.mp3?_=14\" \/><a href=\"https:\/\/www.radiopiu.net\/wordpress\/wp-content\/uploads\/2022\/11\/Collage-667.mp3\">https:\/\/www.radiopiu.net\/wordpress\/wp-content\/uploads\/2022\/11\/Collage-667.mp3<\/a><\/audio>\n<p>&nbsp;<\/p>\n<hr \/>\n<p>&nbsp;<\/p>\n<p><img loading=\"lazy\" decoding=\"async\" class=\"aligncenter wp-image-61954 size-full\" src=\"https:\/\/www.radiopiu.net\/wordpress\/wp-content\/uploads\/2018\/09\/viabilita.jpeg\" sizes=\"auto, (max-width: 800px) 100vw, 800px\" srcset=\"https:\/\/www.radiopiu.net\/wordpress\/wp-content\/uploads\/2018\/09\/viabilita.jpeg 800w, https:\/\/www.radiopiu.net\/wordpress\/wp-content\/uploads\/2018\/09\/viabilita-300x38.jpeg 300w, https:\/\/www.radiopiu.net\/wordpress\/wp-content\/uploads\/2018\/09\/viabilita-768x96.jpeg 768w\" alt=\"\" width=\"800\" height=\"100\" \/><\/p>\n<p>&nbsp;<\/p>\n<p>&nbsp;<\/p>\n<p><strong>AGGIORNAMENTO VENETO STRADE, AGGIORNAMENTO CONTINUO H 24<\/strong><\/p>\n<blockquote class=\"wp-embedded-content\" data-secret=\"3huqxlM5cl\"><p><a href=\"https:\/\/www.radiopiu.net\/wordpress\/viabilita\/\">viabilita<\/a><\/p><\/blockquote>\n<p><iframe loading=\"lazy\" class=\"wp-embedded-content\" sandbox=\"allow-scripts\" security=\"restricted\" style=\"position: absolute; clip: rect(1px, 1px, 1px, 1px);\" title=\"&#8220;viabilita&#8221; &#8212; Radio Pi\u00f9\" src=\"https:\/\/www.radiopiu.net\/wordpress\/viabilita\/embed\/#?secret=10kNERiBu8#?secret=3huqxlM5cl\" data-secret=\"3huqxlM5cl\" width=\"600\" height=\"338\" frameborder=\"0\" marginwidth=\"0\" marginheight=\"0\" scrolling=\"no\"><\/iframe><\/p>\n<p>&nbsp;<\/p>\n<p>&nbsp;<\/p>\n<p>&nbsp;<\/p>\n<hr \/>\n<p>&nbsp;<\/p>\n<p><a class=\"dt-pswp-item\" href=\"https:\/\/www.radiopiu.net\/wordpress\/wp-content\/uploads\/2018\/09\/WhatsApp-Image-2018-09-20-at-16.04.06.jpeg\" data-dt-img-description=\"\" data-large_image_width=\"800\" data-large_image_height=\"100\"><img loading=\"lazy\" decoding=\"async\" class=\"wp-image-61378 size-full aligncenter\" src=\"https:\/\/www.radiopiu.net\/wordpress\/wp-content\/uploads\/2018\/09\/WhatsApp-Image-2018-09-20-at-16.04.06.jpeg\" alt=\"\" width=\"800\" height=\"100\" srcset=\"https:\/\/www.radiopiu.net\/wordpress\/wp-content\/uploads\/2018\/09\/WhatsApp-Image-2018-09-20-at-16.04.06.jpeg 800w, https:\/\/www.radiopiu.net\/wordpress\/wp-content\/uploads\/2018\/09\/WhatsApp-Image-2018-09-20-at-16.04.06-300x38.jpeg 300w, https:\/\/www.radiopiu.net\/wordpress\/wp-content\/uploads\/2018\/09\/WhatsApp-Image-2018-09-20-at-16.04.06-768x96.jpeg 768w\" sizes=\"auto, (max-width: 800px) 100vw, 800px\" \/><\/a><\/p>\n<p>&nbsp;<\/p>\n<p><center><center><b>OGGI<\/b><\/center><\/center><\/p>\n<p align=\"JUSTIFY\">Residua nuvolosit\u00e0 fino al primo mattino sul bellunese, poi tempo stabile e soleggiato con cielo in prevalenza sereno ovunque. <b>Precipitazioni: <\/b>Assenti <b>Temperature: <\/b>Minime stazionarie o in calo nei settori interessati da ampie schiarite notturne, massime in generale aumento.<\/p>\n<hr \/>\n<p><center><b>DOMANI<\/b><\/center><\/p>\n<p align=\"JUSTIFY\">Tempo stabile con cielo sereno o al pi\u00f9 poco nuvoloso per il passaggio di qualche nube medio-alta attorno al mezzogiorno. In serata arrivo di velature su Prealpi occidentali. <b>Precipitazioni: <\/b>Assenti.\u00a0 <b>Temperature: <\/b>Minime in diminuzione nelle valli, massime stazionarie o in lieve aumento.<\/p>\n<hr \/>\n<p><center><b>Venerdi 25<\/b><\/center><\/p>\n<p align=\"JUSTIFY\">Tempo stabile con cielo generalmente poco nuvoloso in giornata, nel pomeriggio\/sera possibile aumento della nuvolosit\u00e0. Temperature stazionarie o in lieve aumento in quota. Venti in quota al mattino moderati\/tesi occidentali, poi deboli\/moderati nel pomeriggio.<\/p>\n<hr \/>\n<p><center><b>Sabato 26<\/b><\/center><\/p>\n<p align=\"JUSTIFY\">Persistono condizioni di tempo stabile con cielo sereno o poco nuvoloso. Temperature pressoch\u00e8 stazionarie o in lieve aumento le minime. Venti in quota moderati\/tesi settentrionali.<\/p>\n<p>&nbsp;<\/p>\n<blockquote class=\"wp-embedded-content\" data-secret=\"cIe10CJ8XA\"><p><a href=\"https:\/\/www.radiopiu.net\/wordpress\/nevica-di-piu-nel-veronese-che-nel-bellunese-il-bollettino-neve-al-suolo-di-arpav\/\">NEVICA DI PIU&#8217; NEL VERONESE CHE NEL BELLUNESE. IL BOLLETTINO NEVE AL SUOLO DI ARPAV<\/a><\/p><\/blockquote>\n<p><iframe loading=\"lazy\" class=\"wp-embedded-content\" sandbox=\"allow-scripts\" security=\"restricted\" style=\"position: absolute; clip: rect(1px, 1px, 1px, 1px);\" title=\"&#8220;NEVICA DI PIU&#8217; NEL VERONESE CHE NEL BELLUNESE. IL BOLLETTINO NEVE AL SUOLO DI ARPAV&#8221; &#8212; Radio Pi\u00f9\" src=\"https:\/\/www.radiopiu.net\/wordpress\/nevica-di-piu-nel-veronese-che-nel-bellunese-il-bollettino-neve-al-suolo-di-arpav\/embed\/#?secret=eJ1QWb81rS#?secret=cIe10CJ8XA\" data-secret=\"cIe10CJ8XA\" width=\"600\" height=\"338\" frameborder=\"0\" marginwidth=\"0\" marginheight=\"0\" scrolling=\"no\"><\/iframe><\/p>\n<p>&nbsp;<\/p>\n<hr \/>\n<p>&nbsp;<\/p>\n<p><a class=\"dt-pswp-item\" href=\"https:\/\/www.radiopiu.net\/wordpress\/wp-content\/uploads\/2018\/09\/sport.jpg\" data-dt-img-description=\"\" data-large_image_width=\"800\" data-large_image_height=\"100\"><img loading=\"lazy\" decoding=\"async\" class=\"aligncenter wp-image-60761 size-full\" src=\"https:\/\/www.radiopiu.net\/wordpress\/wp-content\/uploads\/2018\/09\/sport.jpg\" alt=\"\" width=\"800\" height=\"100\" srcset=\"https:\/\/www.radiopiu.net\/wordpress\/wp-content\/uploads\/2018\/09\/sport.jpg 800w, https:\/\/www.radiopiu.net\/wordpress\/wp-content\/uploads\/2018\/09\/sport-300x38.jpg 300w, https:\/\/www.radiopiu.net\/wordpress\/wp-content\/uploads\/2018\/09\/sport-768x96.jpg 768w\" sizes=\"auto, (max-width: 800px) 100vw, 800px\" \/><\/a><\/p>\n<p>&nbsp;<\/p>\n<p><span style=\"color: #0000ff;\"><strong>NUOTO<\/strong><\/span><\/p>\n<blockquote>\n<h3>NUOTO PARALIMPICO: DAL PAOS E GIACOMIN CENTRANO I LORO RECORD PERSONALI A LIGNANO<\/h3>\n<\/blockquote>\n<p><strong><a class=\"dt-pswp-item\" href=\"https:\/\/www.radiopiu.net\/wordpress\/wp-content\/uploads\/2022\/11\/La_squadra_di_nuoto_paralimpico.jpg\" data-dt-img-description=\"\" data-large_image_width=\"1600\" data-large_image_height=\"1200\"><img loading=\"lazy\" decoding=\"async\" class=\" wp-image-307703 alignleft\" src=\"https:\/\/www.radiopiu.net\/wordpress\/wp-content\/uploads\/2022\/11\/La_squadra_di_nuoto_paralimpico-300x225.jpg\" alt=\"\" width=\"159\" height=\"119\" srcset=\"https:\/\/www.radiopiu.net\/wordpress\/wp-content\/uploads\/2022\/11\/La_squadra_di_nuoto_paralimpico-300x225.jpg 300w, https:\/\/www.radiopiu.net\/wordpress\/wp-content\/uploads\/2022\/11\/La_squadra_di_nuoto_paralimpico-1024x768.jpg 1024w, https:\/\/www.radiopiu.net\/wordpress\/wp-content\/uploads\/2022\/11\/La_squadra_di_nuoto_paralimpico-768x576.jpg 768w, https:\/\/www.radiopiu.net\/wordpress\/wp-content\/uploads\/2022\/11\/La_squadra_di_nuoto_paralimpico-1536x1152.jpg 1536w, https:\/\/www.radiopiu.net\/wordpress\/wp-content\/uploads\/2022\/11\/La_squadra_di_nuoto_paralimpico.jpg 1600w\" sizes=\"auto, (max-width: 159px) 100vw, 159px\" \/><\/a>BELLUNO <\/strong><span lang=\"it-IT\">Nuovi impegni, nuovi obiettivi. E nuovi record personali. Due, in particolare, per aprire la stagione del nuoto paralimpico: la Sportivamente Belluno, infatti, ha schierato tre atleti in occasione del Trofeo Ori e Valori. Ovvero, delle gare interregionali targate Finp e Fisdir, organizzate dalla Asd Pinna Sub San Vito. E andate in scena nella piscina olimpionica di Lignano Sabbiadoro.\u00a0 <\/span><span lang=\"it-IT\">In questo contesto, Eleonora Dal Paos \u00e8 riuscita a limare il suo miglior tempo nei 100 stile. E a fermare il cronometro sul 2\u201958\u201d23. Un grande traguardo, soprattutto se si considera che la vasca era da 50 metri, mentre Eleonora si allena sui 25 metri.\u00a0 <\/span><span lang=\"it-IT\">Sugli scudi anche Enrico Giacomin, capace di centrare il proprio personale (12\u201944\u201d) negli 800 stile. E merita uno scrosciante applauso pure Daniela Belletti, protagonista nei 50 stile e 50 dorso.\u00a0 <\/span><span lang=\"it-IT\">La Sportivamente Belluno manda cos\u00ec in archivio il primo appuntamento del calendario: primo di una lunga serie. \u00abLavoreremo in questa direzione &#8211; afferma il tecnico Silvia Casagrande &#8211; per ritagliarci ulteriori soddisfazioni e ottenere risultati di rilievo\u00bb. Ma, oltre all\u2019aspetto agonistico, non viene trascurata la sfera inclusiva: \u00abIl prossimo appuntamento in acqua \u00e8 in programma il 4 dicembre, quando si terr\u00e0 il Trofeo Citt\u00e0 di Belluno. E i nostri atleti della squadra paralimpica gareggeranno insieme ai Master riconosciuti dalla Fin, in un connubio che potr\u00e0 arricchire tutti e alimentare quel concetto di inclusione che tanto ci sta a cuore\u00bb.<\/span><\/p>\n<p>&nbsp;<\/p>\n<hr \/>\n<p>&nbsp;<\/p>\n<p><strong><span style=\"color: #0000ff;\">HOCKEY SU GHIACCIO<\/span><\/strong><\/p>\n<blockquote>\n<h3>FINAL FOUR DELLA COPPA ITALIA DI HOCKEY A VARESE PER LE PROSSIME DUE EDIZIONI<\/h3>\n<\/blockquote>\n<p><strong><a class=\"dt-pswp-item\" href=\"https:\/\/www.radiopiu.net\/wordpress\/wp-content\/uploads\/2022\/11\/316311223_193305263211023_3001713402814709895_n.jpg\" data-dt-img-description=\"\" data-large_image_width=\"828\" data-large_image_height=\"817\"><img loading=\"lazy\" decoding=\"async\" class=\" wp-image-307687 alignleft\" src=\"https:\/\/www.radiopiu.net\/wordpress\/wp-content\/uploads\/2022\/11\/316311223_193305263211023_3001713402814709895_n-300x296.jpg\" alt=\"\" width=\"96\" height=\"95\" srcset=\"https:\/\/www.radiopiu.net\/wordpress\/wp-content\/uploads\/2022\/11\/316311223_193305263211023_3001713402814709895_n-300x296.jpg 300w, https:\/\/www.radiopiu.net\/wordpress\/wp-content\/uploads\/2022\/11\/316311223_193305263211023_3001713402814709895_n-150x150.jpg 150w, https:\/\/www.radiopiu.net\/wordpress\/wp-content\/uploads\/2022\/11\/316311223_193305263211023_3001713402814709895_n-768x758.jpg 768w, https:\/\/www.radiopiu.net\/wordpress\/wp-content\/uploads\/2022\/11\/316311223_193305263211023_3001713402814709895_n.jpg 828w\" sizes=\"auto, (max-width: 96px) 100vw, 96px\" \/><\/a>REDAZIONE<\/strong> Sar\u00e0 il palaghiaccio di Varese che ospiter\u00e0 la fase finale della Coppa Italia di hockey e lo far\u00e0 per le prossime due edizioni. La notizia l&#8217;ha confermata l&#8217;Associazione Italiana Hockey Ghiaccio sulla sua pagina Facebook. Dopo la riunione tra le societ\u00e0, la decisione \u00e8 stata unanime di affidare alla squadra lombarda l&#8217;organizzazione della fase finale del torneo. Intanto le squadre sono in attesa di sapere quando inizier\u00e0 la competizione. Infatti la federazione non ha ancora comunicato alle societ\u00e0 un calendario ufficiale per l&#8217;inizio della Coppa.<\/p>\n<p>&nbsp;<\/p>\n<p>&nbsp;<\/p>\n<p>&nbsp;<\/p>\n","protected":false},"excerpt":{"rendered":"<p>RADIO PIU INFORMAZIONE il canale su TELEGRAM informazione di prima\u00a0 mano e in tempo reale. iscriviti ed aiutaci a farlo conoscere\u00a0 &nbsp; LA FOTO DELLA NEVICATA, DA RENON\u00a0 FRAZIONE DI GOSALDO AGORDINO CON UN COMMENTO SIGNIFICATIVO A QUATTRO ANNI DALL&#8217;URAGANO VAIA: &#8220;Speriamo ne faccia tanta di neve&#8230; cos\u00ec si copre tutto quel disastro di piante&hellip;<\/p>\n","protected":false},"author":4,"featured_media":307807,"comment_status":"closed","ping_status":"closed","sticky":false,"template":"","format":"standard","meta":{"_monsterinsights_skip_tracking":false,"_monsterinsights_sitenote_active":false,"_monsterinsights_sitenote_note":"","_monsterinsights_sitenote_category":0,"footnotes":""},"categories":[86,49],"tags":[],"class_list":["post-307691","post","type-post","status-publish","format-standard","has-post-thumbnail","hentry","category-gr","category-news-18","category-86","category-49","description-off"],"img_url":"https:\/\/www.radiopiu.net\/wordpress\/wp-content\/uploads\/2022\/11\/36fc848b-7567-49c8-a25b-872b74431e89.jpg","_links":{"self":[{"href":"https:\/\/www.radiopiu.net\/wordpress\/wp-json\/wp\/v2\/posts\/307691","targetHints":{"allow":["GET"]}}],"collection":[{"href":"https:\/\/www.radiopiu.net\/wordpress\/wp-json\/wp\/v2\/posts"}],"about":[{"href":"https:\/\/www.radiopiu.net\/wordpress\/wp-json\/wp\/v2\/types\/post"}],"author":[{"embeddable":true,"href":"https:\/\/www.radiopiu.net\/wordpress\/wp-json\/wp\/v2\/users\/4"}],"replies":[{"embeddable":true,"href":"https:\/\/www.radiopiu.net\/wordpress\/wp-json\/wp\/v2\/comments?post=307691"}],"version-history":[{"count":0,"href":"https:\/\/www.radiopiu.net\/wordpress\/wp-json\/wp\/v2\/posts\/307691\/revisions"}],"wp:featuredmedia":[{"embeddable":true,"href":"https:\/\/www.radiopiu.net\/wordpress\/wp-json\/wp\/v2\/media\/307807"}],"wp:attachment":[{"href":"https:\/\/www.radiopiu.net\/wordpress\/wp-json\/wp\/v2\/media?parent=307691"}],"wp:term":[{"taxonomy":"category","embeddable":true,"href":"https:\/\/www.radiopiu.net\/wordpress\/wp-json\/wp\/v2\/categories?post=307691"},{"taxonomy":"post_tag","embeddable":true,"href":"https:\/\/www.radiopiu.net\/wordpress\/wp-json\/wp\/v2\/tags?post=307691"}],"curies":[{"name":"wp","href":"https:\/\/api.w.org\/{rel}","templated":true}]}}