{"id":307702,"date":"2022-11-22T10:25:14","date_gmt":"2022-11-22T09:25:14","guid":{"rendered":"https:\/\/www.radiopiu.net\/wordpress\/?p=307702"},"modified":"2022-11-22T10:25:14","modified_gmt":"2022-11-22T09:25:14","slug":"nuoto-paralimpico-dal-paos-e-giacomin-centrano-i-loro-record-personali-a-lignano","status":"publish","type":"post","link":"https:\/\/www.radiopiu.net\/wordpress\/nuoto-paralimpico-dal-paos-e-giacomin-centrano-i-loro-record-personali-a-lignano\/","title":{"rendered":"NUOTO PARALIMPICO: DAL PAOS E GIACOMIN CENTRANO I LORO RECORD PERSONALI A LIGNANO"},"content":{"rendered":"<p><strong><a class=\"dt-pswp-item\" href=\"https:\/\/www.radiopiu.net\/wordpress\/wp-content\/uploads\/2022\/11\/La_squadra_di_nuoto_paralimpico.jpg\" data-dt-img-description=\"\" data-large_image_width=\"1600\" data-large_image_height=\"1200\"><img loading=\"lazy\" decoding=\"async\" class=\" wp-image-307703 alignleft\" src=\"https:\/\/www.radiopiu.net\/wordpress\/wp-content\/uploads\/2022\/11\/La_squadra_di_nuoto_paralimpico-300x225.jpg\" alt=\"\" width=\"159\" height=\"119\" srcset=\"https:\/\/www.radiopiu.net\/wordpress\/wp-content\/uploads\/2022\/11\/La_squadra_di_nuoto_paralimpico-300x225.jpg 300w, https:\/\/www.radiopiu.net\/wordpress\/wp-content\/uploads\/2022\/11\/La_squadra_di_nuoto_paralimpico-1024x768.jpg 1024w, https:\/\/www.radiopiu.net\/wordpress\/wp-content\/uploads\/2022\/11\/La_squadra_di_nuoto_paralimpico-768x576.jpg 768w, https:\/\/www.radiopiu.net\/wordpress\/wp-content\/uploads\/2022\/11\/La_squadra_di_nuoto_paralimpico-1536x1152.jpg 1536w, https:\/\/www.radiopiu.net\/wordpress\/wp-content\/uploads\/2022\/11\/La_squadra_di_nuoto_paralimpico.jpg 1600w\" sizes=\"auto, (max-width: 159px) 100vw, 159px\" \/><\/a>BELLUNO <\/strong><span lang=\"it-IT\">Nuovi impegni, nuovi obiettivi. E nuovi record personali. Due, in particolare, per aprire la stagione del nuoto paralimpico: la Sportivamente Belluno, infatti, ha schierato tre atleti in occasione del Trofeo Ori e Valori. Ovvero, delle gare interregionali targate Finp e Fisdir, organizzate dalla Asd Pinna Sub San Vito. E andate in scena nella piscina olimpionica di Lignano Sabbiadoro.\u00a0 <\/span><span lang=\"it-IT\">In questo contesto, Eleonora Dal Paos \u00e8 riuscita a limare il suo miglior tempo nei 100 stile. E a fermare il cronometro sul 2\u201958\u201d23. Un grande traguardo, soprattutto se si considera che la vasca era da 50 metri, mentre Eleonora si allena sui 25 metri.\u00a0 <\/span><span lang=\"it-IT\">Sugli scudi anche Enrico Giacomin, capace di centrare il proprio personale (12\u201944\u201d) negli 800 stile. E merita uno scrosciante applauso pure Daniela Belletti, protagonista nei 50 stile e 50 dorso.\u00a0 <\/span><span lang=\"it-IT\">La Sportivamente Belluno manda cos\u00ec in archivio il primo appuntamento del calendario: primo di una lunga serie. \u00abLavoreremo in questa direzione &#8211; afferma il tecnico Silvia Casagrande &#8211; per ritagliarci ulteriori soddisfazioni e ottenere risultati di rilievo\u00bb. Ma, oltre all\u2019aspetto agonistico, non viene trascurata la sfera inclusiva: \u00abIl prossimo appuntamento in acqua \u00e8 in programma il 4 dicembre, quando si terr\u00e0 il Trofeo Citt\u00e0 di Belluno. E i nostri atleti della squadra paralimpica gareggeranno insieme ai Master riconosciuti dalla Fin, in un connubio che potr\u00e0 arricchire tutti e alimentare quel concetto di inclusione che tanto ci sta a cuore\u00bb.<\/span><\/p>\n<p>&nbsp;<\/p>\n<p>&nbsp;<\/p>\n<p>****<\/p>\n","protected":false},"excerpt":{"rendered":"<p>BELLUNO Nuovi impegni, nuovi obiettivi. E nuovi record personali. Due, in particolare, per aprire la stagione del nuoto paralimpico: la Sportivamente Belluno, infatti, ha schierato tre atleti in occasione del Trofeo Ori e Valori. Ovvero, delle gare interregionali targate Finp e Fisdir, organizzate dalla Asd Pinna Sub San Vito. E andate in scena nella piscina&hellip;<\/p>\n","protected":false},"author":4,"featured_media":307703,"comment_status":"closed","ping_status":"closed","sticky":false,"template":"","format":"standard","meta":{"_monsterinsights_skip_tracking":false,"_monsterinsights_sitenote_active":false,"_monsterinsights_sitenote_note":"","_monsterinsights_sitenote_category":0,"footnotes":""},"categories":[49],"tags":[],"class_list":["post-307702","post","type-post","status-publish","format-standard","has-post-thumbnail","hentry","category-news-18","category-49","description-off"],"img_url":"https:\/\/www.radiopiu.net\/wordpress\/wp-content\/uploads\/2022\/11\/La_squadra_di_nuoto_paralimpico.jpg","_links":{"self":[{"href":"https:\/\/www.radiopiu.net\/wordpress\/wp-json\/wp\/v2\/posts\/307702","targetHints":{"allow":["GET"]}}],"collection":[{"href":"https:\/\/www.radiopiu.net\/wordpress\/wp-json\/wp\/v2\/posts"}],"about":[{"href":"https:\/\/www.radiopiu.net\/wordpress\/wp-json\/wp\/v2\/types\/post"}],"author":[{"embeddable":true,"href":"https:\/\/www.radiopiu.net\/wordpress\/wp-json\/wp\/v2\/users\/4"}],"replies":[{"embeddable":true,"href":"https:\/\/www.radiopiu.net\/wordpress\/wp-json\/wp\/v2\/comments?post=307702"}],"version-history":[{"count":0,"href":"https:\/\/www.radiopiu.net\/wordpress\/wp-json\/wp\/v2\/posts\/307702\/revisions"}],"wp:featuredmedia":[{"embeddable":true,"href":"https:\/\/www.radiopiu.net\/wordpress\/wp-json\/wp\/v2\/media\/307703"}],"wp:attachment":[{"href":"https:\/\/www.radiopiu.net\/wordpress\/wp-json\/wp\/v2\/media?parent=307702"}],"wp:term":[{"taxonomy":"category","embeddable":true,"href":"https:\/\/www.radiopiu.net\/wordpress\/wp-json\/wp\/v2\/categories?post=307702"},{"taxonomy":"post_tag","embeddable":true,"href":"https:\/\/www.radiopiu.net\/wordpress\/wp-json\/wp\/v2\/tags?post=307702"}],"curies":[{"name":"wp","href":"https:\/\/api.w.org\/{rel}","templated":true}]}}