{"id":307820,"date":"2022-11-23T05:18:01","date_gmt":"2022-11-23T04:18:01","guid":{"rendered":"https:\/\/www.radiopiu.net\/wordpress\/?p=307820"},"modified":"2022-11-23T05:18:01","modified_gmt":"2022-11-23T04:18:01","slug":"lazzaroni-e-assistenzialisti-nuova-condanna-per-la-internicola","status":"publish","type":"post","link":"https:\/\/www.radiopiu.net\/wordpress\/lazzaroni-e-assistenzialisti-nuova-condanna-per-la-internicola\/","title":{"rendered":"&#8220;LAZZARONI E ASSISTENZIALISTI&#8221; NUOVA CONDANNA PER LA INTERNICOLA"},"content":{"rendered":"<p><strong>OGGI SUL CORRIERE DELLE ALPI<\/strong><\/p>\n<p><strong>DI GIGI SOSSO<\/strong><\/p>\n<p><strong>ROCCA PIETORE<\/strong> \u00abLazzaroni e assistenzialisti\u00bb: aver definito cos\u00ec gli abitanti di Rocca Pietore costa un&#8217;altra condanna a Laura Internicola. La turista bresciana di Carpenedolo \u00e8 stata ritenuta responsabile del post diffamatorio su Facebook e condannata alla pena di 1.200 euro di multa e il pagamento delle spese processuali dal giudice Cristina Cittolin con pena sospesa, oltre a un anticipo di 4 mila euro sul risarcimento danni, che dovr\u00e0 essere definito compiutamente in sede civile. Il sindaco Andrea De Bernardin ha gi\u00e0 avviato una causa civile da un milione di euro, attraverso gli avvocati Antonio Prade e Massimo Montino e potr\u00e0 contare su questa sentenza favorevole, che segue quella alla multa di 344 euro pronunciata dal giudice Angela Feletto per il post nel quale Internicola aveva definito il sindaco di Livinallongo del Col di Lana, Leandro Grones&#8230; ma anche il giudice Cittolin ha preferito la pena pecuniaria. Il difensore mantovano Giatti, invece, aveva prospettato l&#8217;assoluzione, almeno per insufficienza o contraddittoriet\u00e0 della prova. A differenza dell&#8217;altra volta, Internicola non era presente in aula.<\/p>\n<p>ARCHIVIO RADIOPIU<\/p>\n<blockquote class=\"wp-embedded-content\" data-secret=\"bvpmBXsaiQ\"><p><a href=\"https:\/\/www.radiopiu.net\/wordpress\/sindaco-sei-un-celebroleso-la-condanna-344-euro-di-multa\/\">&#8220;SINDACO SEI UN CELEBROLESO&#8221;. LA CONDANNA: 344 EURO DI MULTA<\/a><\/p><\/blockquote>\n<p><iframe loading=\"lazy\" class=\"wp-embedded-content\" sandbox=\"allow-scripts\" security=\"restricted\" style=\"position: absolute; clip: rect(1px, 1px, 1px, 1px);\" title=\"&#8220;&#8220;SINDACO SEI UN CELEBROLESO&#8221;. LA CONDANNA: 344 EURO DI MULTA&#8221; &#8212; Radio Pi\u00f9\" src=\"https:\/\/www.radiopiu.net\/wordpress\/sindaco-sei-un-celebroleso-la-condanna-344-euro-di-multa\/embed\/#?secret=tHdCmY2iku#?secret=bvpmBXsaiQ\" data-secret=\"bvpmBXsaiQ\" width=\"600\" height=\"338\" frameborder=\"0\" marginwidth=\"0\" marginheight=\"0\" scrolling=\"no\"><\/iframe><\/p>\n<p>___<\/p>\n","protected":false},"excerpt":{"rendered":"<p>OGGI SUL CORRIERE DELLE ALPI DI GIGI SOSSO ROCCA PIETORE \u00abLazzaroni e assistenzialisti\u00bb: aver definito cos\u00ec gli abitanti di Rocca Pietore costa un&#8217;altra condanna a Laura Internicola. La turista bresciana di Carpenedolo \u00e8 stata ritenuta responsabile del post diffamatorio su Facebook e condannata alla pena di 1.200 euro di multa e il pagamento delle spese&hellip;<\/p>\n","protected":false},"author":4,"featured_media":307821,"comment_status":"closed","ping_status":"closed","sticky":false,"template":"","format":"standard","meta":{"_monsterinsights_skip_tracking":false,"_monsterinsights_sitenote_active":false,"_monsterinsights_sitenote_note":"","_monsterinsights_sitenote_category":0,"footnotes":""},"categories":[51,49],"tags":[],"class_list":["post-307820","post","type-post","status-publish","format-standard","has-post-thumbnail","hentry","category-evidenza-top","category-news-18","category-51","category-49","description-off"],"img_url":"https:\/\/www.radiopiu.net\/wordpress\/wp-content\/uploads\/2022\/11\/Rocca-Pietore-colpita-dal-maltempo-foto-di-Roberto-Bristot-lab.-Inquadrati-768x432-1.jpg","_links":{"self":[{"href":"https:\/\/www.radiopiu.net\/wordpress\/wp-json\/wp\/v2\/posts\/307820","targetHints":{"allow":["GET"]}}],"collection":[{"href":"https:\/\/www.radiopiu.net\/wordpress\/wp-json\/wp\/v2\/posts"}],"about":[{"href":"https:\/\/www.radiopiu.net\/wordpress\/wp-json\/wp\/v2\/types\/post"}],"author":[{"embeddable":true,"href":"https:\/\/www.radiopiu.net\/wordpress\/wp-json\/wp\/v2\/users\/4"}],"replies":[{"embeddable":true,"href":"https:\/\/www.radiopiu.net\/wordpress\/wp-json\/wp\/v2\/comments?post=307820"}],"version-history":[{"count":0,"href":"https:\/\/www.radiopiu.net\/wordpress\/wp-json\/wp\/v2\/posts\/307820\/revisions"}],"wp:featuredmedia":[{"embeddable":true,"href":"https:\/\/www.radiopiu.net\/wordpress\/wp-json\/wp\/v2\/media\/307821"}],"wp:attachment":[{"href":"https:\/\/www.radiopiu.net\/wordpress\/wp-json\/wp\/v2\/media?parent=307820"}],"wp:term":[{"taxonomy":"category","embeddable":true,"href":"https:\/\/www.radiopiu.net\/wordpress\/wp-json\/wp\/v2\/categories?post=307820"},{"taxonomy":"post_tag","embeddable":true,"href":"https:\/\/www.radiopiu.net\/wordpress\/wp-json\/wp\/v2\/tags?post=307820"}],"curies":[{"name":"wp","href":"https:\/\/api.w.org\/{rel}","templated":true}]}}