{"id":307839,"date":"2022-11-24T05:43:48","date_gmt":"2022-11-24T04:43:48","guid":{"rendered":"https:\/\/www.radiopiu.net\/wordpress\/?p=307839"},"modified":"2022-11-24T09:20:49","modified_gmt":"2022-11-24T08:20:49","slug":"giornale-radiopiu-24a-novembre-2022-direttore-mirko-mezzacasa","status":"publish","type":"post","link":"https:\/\/www.radiopiu.net\/wordpress\/giornale-radiopiu-24a-novembre-2022-direttore-mirko-mezzacasa\/","title":{"rendered":"GIORNALE RADIOPIU 24 NOVEMBRE 2022 DIRETTORE MIRKO MEZZACASA"},"content":{"rendered":"<h3 class=\"kvgmc6g5 cxmmr5t8 oygrvhab hcukyx3x c1et5uql\"><span style=\"color: #0000ff;\"><strong>RADIO PIU INFORMAZIONE il canale su TELEGRAM informazione di prima\u00a0 <\/strong><strong>mano e in tempo reale. iscriviti ed aiutaci a farlo conoscere\u00a0<\/strong><\/span><\/h3>\n<hr \/>\n<p>&nbsp;<\/p>\n<blockquote>\n<h3>UN BUONGIORNO DALLA VALFREDDA<\/h3>\n<\/blockquote>\n\n\t\t\t<style type='text\/css'>\n\t\t\t\t#gallery-1 {\n\t\t\t\t\tmargin: auto;\n\t\t\t\t}\n\t\t\t\t#gallery-1 .gallery-item {\n\t\t\t\t\tfloat: left;\n\t\t\t\t\tmargin-top: 10px;\n\t\t\t\t\ttext-align: center;\n\t\t\t\t\twidth: 33%;\n\t\t\t\t}\n\t\t\t\t#gallery-1 img {\n\t\t\t\t\tborder: 2px solid #cfcfcf;\n\t\t\t\t}\n\t\t\t\t#gallery-1 .gallery-caption {\n\t\t\t\t\tmargin-left: 0;\n\t\t\t\t}\n\t\t\t\t\/* see gallery_shortcode() in wp-includes\/media.php *\/\n\t\t\t<\/style>\n\t\t<div id='gallery-1' class='dt-gallery-container gallery galleryid-307839 gallery-columns-3 gallery-size-thumbnail'><dl class='gallery-item'>\n\t\t\t\t<dt class='gallery-icon portrait'>\n\t\t\t\t\t<a class=\"rollover rollover-zoom dt-pswp-item\" title=\"fceed8a8-2328-4961-9b3a-075153e86d5b\" data-dt-img-description=\"\" data-large_image_width=\"1200\" data-large_image_height=\"1600\"href='https:\/\/www.radiopiu.net\/wordpress\/wp-content\/uploads\/2022\/11\/fceed8a8-2328-4961-9b3a-075153e86d5b.jpg'><img loading=\"lazy\" decoding=\"async\" width=\"150\" height=\"150\" src=\"https:\/\/www.radiopiu.net\/wordpress\/wp-content\/uploads\/2022\/11\/fceed8a8-2328-4961-9b3a-075153e86d5b-150x150.jpg\" class=\"attachment-thumbnail size-thumbnail\" alt=\"\" \/><\/a>\n\t\t\t\t<\/dt><\/dl><dl class='gallery-item'>\n\t\t\t\t<dt class='gallery-icon portrait'>\n\t\t\t\t\t<a class=\"rollover rollover-zoom dt-pswp-item\" title=\"a617985c-67c7-40bb-b3be-9b9dc4fcce8c\" data-dt-img-description=\"\" data-large_image_width=\"1200\" data-large_image_height=\"1600\"href='https:\/\/www.radiopiu.net\/wordpress\/wp-content\/uploads\/2022\/11\/a617985c-67c7-40bb-b3be-9b9dc4fcce8c.jpg'><img loading=\"lazy\" decoding=\"async\" width=\"150\" height=\"150\" src=\"https:\/\/www.radiopiu.net\/wordpress\/wp-content\/uploads\/2022\/11\/a617985c-67c7-40bb-b3be-9b9dc4fcce8c-150x150.jpg\" class=\"attachment-thumbnail size-thumbnail\" alt=\"\" \/><\/a>\n\t\t\t\t<\/dt><\/dl><dl class='gallery-item'>\n\t\t\t\t<dt class='gallery-icon portrait'>\n\t\t\t\t\t<a class=\"rollover rollover-zoom dt-pswp-item\" title=\"60631b43-9709-4ad9-8800-747045381b73\" data-dt-img-description=\"\" data-large_image_width=\"1200\" data-large_image_height=\"1600\"href='https:\/\/www.radiopiu.net\/wordpress\/wp-content\/uploads\/2022\/11\/60631b43-9709-4ad9-8800-747045381b73.jpg'><img loading=\"lazy\" decoding=\"async\" width=\"150\" height=\"150\" src=\"https:\/\/www.radiopiu.net\/wordpress\/wp-content\/uploads\/2022\/11\/60631b43-9709-4ad9-8800-747045381b73-150x150.jpg\" class=\"attachment-thumbnail size-thumbnail\" alt=\"\" \/><\/a>\n\t\t\t\t<\/dt><\/dl><br style=\"clear: both\" \/>\n\t\t\t<\/div>\n\n<p>&nbsp;<\/p>\n<hr \/>\n<p>&nbsp;<\/p>\n<blockquote>\n<h3><a class=\"dt-pswp-item\" href=\"https:\/\/www.radiopiu.net\/wordpress\/wp-content\/uploads\/2021\/06\/th-12.jpg\" data-dt-img-description=\"\" data-large_image_width=\"282\" data-large_image_height=\"188\"><img loading=\"lazy\" decoding=\"async\" class=\" wp-image-216172 alignleft\" src=\"https:\/\/www.radiopiu.net\/wordpress\/wp-content\/uploads\/2021\/06\/th-12.jpg\" alt=\"\" width=\"144\" height=\"96\" \/><\/a>INTERRUZIONI PROGRAMMATE<\/h3>\n<\/blockquote>\n<p>Gestione Servizi Pubblici informa che, per lavori alla rete idrica comunale, oggi dalle 8 alle 17 verr\u00e0 sospesa l\u2019erogazione dell\u2019acqua a VOLTAGO AGORDINO in Loc. CAPOLUOGO. Il personale addetto operer\u00e0 per limitare il pi\u00f9 possibile i disagi alla popolazione.<\/p>\n<p>&nbsp;<\/p>\n<hr \/>\n<p>&nbsp;<\/p>\n<h2><a class=\"dt-pswp-item\" href=\"https:\/\/www.radiopiu.net\/wordpress\/wp-content\/uploads\/2022\/11\/316414499_1991055611097832_5476962541451891082_n.jpg\" data-dt-img-description=\"\" data-large_image_width=\"512\" data-large_image_height=\"640\"><img loading=\"lazy\" decoding=\"async\" class=\"size-medium wp-image-307977 alignleft\" src=\"https:\/\/www.radiopiu.net\/wordpress\/wp-content\/uploads\/2022\/11\/316414499_1991055611097832_5476962541451891082_n-240x300.jpg\" alt=\"\" width=\"240\" height=\"300\" srcset=\"https:\/\/www.radiopiu.net\/wordpress\/wp-content\/uploads\/2022\/11\/316414499_1991055611097832_5476962541451891082_n-240x300.jpg 240w, https:\/\/www.radiopiu.net\/wordpress\/wp-content\/uploads\/2022\/11\/316414499_1991055611097832_5476962541451891082_n.jpg 512w\" sizes=\"auto, (max-width: 240px) 100vw, 240px\" \/><\/a>OGGI LO STRAZIANTE SALUTO A MERY<\/h2>\n<p><strong>Un enorme abbraccio oggi, con i funerali in programma nella concattedrale del duomo alle 14.30\u00a0<\/strong><\/p>\n<div>\n<div class=\"x1cy8zhl x78zum5 x1q0g3np xod5an3 x1pi30zi x1swvt13 xz9dl7a\">\n<div class=\"x1iyjqo2\">\n<div class=\"x78zum5 xdt5ytf xz62fqu x16ldp7u\">\n<div class=\"xu06os2 x1ok221b\">\n<p id=\"jsc_c_1k3\" class=\"x1heor9g x1qlqyl8 x1pd3egz x1a2a7pz x1gslohp x1yc453h\"><span class=\"x193iq5w xeuugli x13faqbe x1vvkbs x1xmvt09 x6prxxf xvq8zen xo1l8bm xi81zsa\"><strong><a class=\"x1i10hfl xjbqb8w x6umtig x1b1mbwd xaqea5y xav7gou x9f619 x1ypdohk xt0psk2 xe8uvvx xdj266r x11i5rnm xat24cr x1mh8g0r xexx8yu x4uap5 x18d9i69 xkhd6sd x16tdsg8 x1hl2dhg xggy1nq x1a2a7pz xt0b8zv xzsf02u x1s688f\" tabindex=\"0\" role=\"link\" href=\"https:\/\/www.facebook.com\/GruppoSbandieratoriCittaDiFeltre\/?__cft__[0]=AZWfaJgl64uKZ125Jvo-4jtBpgOYWnvxCGsTA0b5pbFCaApLQZceeBJqIwaRrQyXG9wQUeC48VfuFOJU2YMNPvpbQ1-sV-QkzzUyCeYFTGeblHa6U8Gl8V-jDbaSBd4P6VQ&amp;__tn__=kC%2CP-R\"><span class=\"xt0psk2\">Gruppo Sbandieratori Citt\u00e0 di Feltre<\/span><\/a> <\/strong><\/span>Anche il Gruppo Sbandieratori Citt\u00e0 di Feltre si unisce al dolore per la tragica scomparsa di Mariacristina Masocco che ha trascorso, da giovanissima, i primi anni di Palio all&#8217;interno del gruppo, dimostrando fin da subito una gran voglia di imparare e un senso dell\u2019impegno straordinario. Ricorderemo sempre questa straordinaria ragazza, atleta, amica, figlia e sorella, che per molto tempo ha fatto parte della nostra grande famiglia.<\/p>\n<\/div>\n<\/div>\n<\/div>\n<\/div>\n<\/div>\n<p>&nbsp;<\/p>\n<p>&nbsp;<\/p>\n<p>&nbsp;<\/p>\n<p>&nbsp;<\/p>\n<p>&nbsp;<\/p>\n<hr \/>\n<p>&nbsp;<\/p>\n<p>&nbsp;<\/p>\n<blockquote>\n<h3 data-google-query-id=\"CKmo_4LtxPsCFbFEHgIdOgUOQw\">PEDONE INVESTITO AD AGORDO<\/h3>\n<\/blockquote>\n<div data-google-query-id=\"CKmo_4LtxPsCFbFEHgIdOgUOQw\"><strong>AGORDO<\/strong> Investimento \u00a0ieri pomeriggio a Pragrande,\u00a0 una donna \u00e8 finita sotto un&#8217;auto per cause che sono al vaglio dei carabinieri. Soccorsa dall&#8217;ambulanza del 118, la 57enne R.B. \u00e8 stata trasportata all&#8217;ospedale con traumi di media gravit\u00e0.<\/div>\n<p>&nbsp;<\/p>\n<p>&nbsp;<\/p>\n<hr \/>\n<p>&nbsp;<\/p>\n<blockquote>\n<h4><a class=\"dt-pswp-item\" href=\"https:\/\/www.radiopiu.net\/wordpress\/wp-content\/uploads\/2022\/11\/5671709_pckg_410160928782708401-20201230.jpg\" data-dt-img-description=\"\" data-large_image_width=\"620\" data-large_image_height=\"339\"><img loading=\"lazy\" decoding=\"async\" class=\"size-medium wp-image-307933 alignleft\" src=\"https:\/\/www.radiopiu.net\/wordpress\/wp-content\/uploads\/2022\/11\/5671709_pckg_410160928782708401-20201230-300x164.jpg\" alt=\"\" width=\"300\" height=\"164\" srcset=\"https:\/\/www.radiopiu.net\/wordpress\/wp-content\/uploads\/2022\/11\/5671709_pckg_410160928782708401-20201230-300x164.jpg 300w, https:\/\/www.radiopiu.net\/wordpress\/wp-content\/uploads\/2022\/11\/5671709_pckg_410160928782708401-20201230.jpg 620w\" sizes=\"auto, (max-width: 300px) 100vw, 300px\" \/><\/a>UNO SCEMPIO A ZERMEN, IL BRANCO DI LUPI SBRANA SEI DAINI E RISPARMIA DUE CUCCIOLI<\/h4>\n<\/blockquote>\n<p><strong>FELTRE\u00a0<\/strong>I sei daini del parco Lanciato a Zermen, una sorta di fattoria didattica,\u00a0 sono stati sbranati dai lupi, sono rimasti solo due cuccioli.\u00a0 E&#8217; la fine di \u00a0una ricchezza faunistica a portata di ragazzini creata decenni fa da Ennio Lanciato, storico presidente del Cai e industriale feltrino, insieme con la moglie Adriana. Ancora una volta i \u00a0lupi sotto le finestre di casa, nel prato di propriet\u00e0 dopo aver\u00a0 superato due recinti.<\/p>\n<div id=\"adv-Bottom\">\n<div data-google-query-id=\"CKmo_4LtxPsCFbFEHgIdOgUOQw\"><\/div>\n<div data-google-query-id=\"CKmo_4LtxPsCFbFEHgIdOgUOQw\"><\/div>\n<div data-google-query-id=\"CKmo_4LtxPsCFbFEHgIdOgUOQw\">\n<hr \/>\n<\/div>\n<div data-google-query-id=\"CKmo_4LtxPsCFbFEHgIdOgUOQw\">\n<div class=\"articlePlainText\"><\/div>\n<blockquote>\n<div><\/div>\n<\/blockquote>\n<div><\/div>\n<div>\n<hr \/>\n<\/div>\n<blockquote>\n<div><\/div>\n<\/blockquote>\n<div>\n<blockquote>\n<h3>INCIDENTE SUL LAVORO IN LUXOTTICA<\/h3>\n<\/blockquote>\n<div data-google-query-id=\"CKmo_4LtxPsCFbFEHgIdOgUOQw\"><strong>AGORDO<\/strong> Incidente sul lavoro all&#8217;esterno dello stabilimento Luxottica per un dipendente di una ditta esterna,\u00a0 caduto da una scala. \u00c8 stato portato\u00a0 in ospedale, ma non sarebbe niente di preoccupante, al di l\u00e0 dei traumi riportati.<\/div>\n<\/div>\n<div><\/div>\n<div><\/div>\n<\/div>\n<div data-google-query-id=\"CKmo_4LtxPsCFbFEHgIdOgUOQw\"><\/div>\n<div data-google-query-id=\"CKmo_4LtxPsCFbFEHgIdOgUOQw\">\n<hr \/>\n<\/div>\n<blockquote>\n<h3 data-google-query-id=\"CKmo_4LtxPsCFbFEHgIdOgUOQw\"><\/h3>\n<p>&nbsp;<\/p>\n<h3 data-google-query-id=\"CKmo_4LtxPsCFbFEHgIdOgUOQw\">RUBO SOLO PER FAME, SI DIFENDE IL 19ENNE ARRESTATO A LE CAMPE E RIMESSO IN LIBERTA&#8217; CON OBBLIGO DI FIRMA<\/h3>\n<\/blockquote>\n<div data-google-query-id=\"CKmo_4LtxPsCFbFEHgIdOgUOQw\"><strong><a class=\"dt-pswp-item\" href=\"https:\/\/www.radiopiu.net\/wordpress\/wp-content\/uploads\/2022\/11\/la-pattuglia-dei-Carabinieri-intervenuta-sul-luogo-del-tentato-furto-.jpg\" data-dt-img-description=\"\" data-large_image_width=\"1174\" data-large_image_height=\"798\"><img loading=\"lazy\" decoding=\"async\" class=\" wp-image-307732 alignleft\" src=\"https:\/\/www.radiopiu.net\/wordpress\/wp-content\/uploads\/2022\/11\/la-pattuglia-dei-Carabinieri-intervenuta-sul-luogo-del-tentato-furto--300x204.jpg\" alt=\"\" width=\"250\" height=\"170\" srcset=\"https:\/\/www.radiopiu.net\/wordpress\/wp-content\/uploads\/2022\/11\/la-pattuglia-dei-Carabinieri-intervenuta-sul-luogo-del-tentato-furto--300x204.jpg 300w, https:\/\/www.radiopiu.net\/wordpress\/wp-content\/uploads\/2022\/11\/la-pattuglia-dei-Carabinieri-intervenuta-sul-luogo-del-tentato-furto--1024x696.jpg 1024w, https:\/\/www.radiopiu.net\/wordpress\/wp-content\/uploads\/2022\/11\/la-pattuglia-dei-Carabinieri-intervenuta-sul-luogo-del-tentato-furto--768x522.jpg 768w, https:\/\/www.radiopiu.net\/wordpress\/wp-content\/uploads\/2022\/11\/la-pattuglia-dei-Carabinieri-intervenuta-sul-luogo-del-tentato-furto-.jpg 1174w\" sizes=\"auto, (max-width: 250px) 100vw, 250px\" \/><\/a>AGORDO<\/strong>Dice al giudice di rubare per mangiare Mateus Rossi indagato per l&#8217;assalto all&#8217;area 203 della Botol Group (accanto alla Fabbrica Pedavena Agordina) e al supermercato W Store di La Valle Agordina.\u00a0 Per la verit\u00e0 trovare lavoro nell&#8217;Agordino non sembra sia poi cos\u00ec difficile, basta guardare la rubrica degli annunci di RADIOPIU che ogni giorno aggiunge ricerche di lavoro al gi\u00e0 lungo elenco tra cuochi, camerieri, lavapiatti, operai e via discorrendo. Non c&#8217;\u00e8 ancora una sentenza, al di l\u00e0 della convalida dell&#8217;arresto e dell&#8217;obbligo di firma, perch\u00e9 il difensore Ylenia Pocaterra ha chiesto i termini a difesa, in modo da potersi studiare il fascicolo, ma arriver\u00e0 alla fine dell&#8217;udienza fissata per il 12 dicembre. La difesa potrebbe anche chiedere un rito alternativo, dall&#8217;abbreviato al patteggiamento, a parte che Rossi \u00e8 sospettato di essere anche l&#8217;autore dei furti tentati o consumati a Villa Fiore, casa Del Vecchio, Ristorante Pizzeria Agordina,\u00a0 bar del circolo tennis e del parco giochi. Pocaterra chieder\u00e0 l&#8217;intervento dei Servizi sociali di Agordo. Rossi ha frequentato l&#8217;istituto Catullo, a Belluno e di lui non si sapeva molto fino all&#8217;altro ieri, quando Germano Moretti e Fabrizio Vigilante dell&#8217;area di servizio SR203 l&#8217;hanno bloccato con un cacciavite ancora in mano, dopo che aveva tentato di forzare la cassa dell&#8217;autolavaggio e stava cercando di entrare nel grande magazzino.<strong><br \/>\n<\/strong><\/div>\n<div data-google-query-id=\"CKmo_4LtxPsCFbFEHgIdOgUOQw\"><\/div>\n<div data-google-query-id=\"CKmo_4LtxPsCFbFEHgIdOgUOQw\"><\/div>\n<div data-google-query-id=\"CKmo_4LtxPsCFbFEHgIdOgUOQw\"><\/div>\n<div data-google-query-id=\"CKmo_4LtxPsCFbFEHgIdOgUOQw\">\n<hr \/>\n<\/div>\n<blockquote>\n<div data-google-query-id=\"CKmo_4LtxPsCFbFEHgIdOgUOQw\"><\/div>\n<\/blockquote>\n<div data-google-query-id=\"CKmo_4LtxPsCFbFEHgIdOgUOQw\"><\/div>\n<div data-google-query-id=\"CKmo_4LtxPsCFbFEHgIdOgUOQw\">\n<hr \/>\n<\/div>\n<div data-google-query-id=\"CKmo_4LtxPsCFbFEHgIdOgUOQw\">\n<div data-google-query-id=\"CKmo_4LtxPsCFbFEHgIdOgUOQw\"><\/div>\n<blockquote>\n<h3 data-google-query-id=\"CKmo_4LtxPsCFbFEHgIdOgUOQw\"><a class=\"dt-pswp-item\" href=\"https:\/\/www.radiopiu.net\/wordpress\/wp-content\/uploads\/2022\/11\/Senza-nome-104.jpg\" data-dt-img-description=\"\" data-large_image_width=\"414\" data-large_image_height=\"203\"><img loading=\"lazy\" decoding=\"async\" class=\"size-medium wp-image-307987 alignleft\" src=\"https:\/\/www.radiopiu.net\/wordpress\/wp-content\/uploads\/2022\/11\/Senza-nome-104-300x147.jpg\" alt=\"\" width=\"300\" height=\"147\" srcset=\"https:\/\/www.radiopiu.net\/wordpress\/wp-content\/uploads\/2022\/11\/Senza-nome-104-300x147.jpg 300w, https:\/\/www.radiopiu.net\/wordpress\/wp-content\/uploads\/2022\/11\/Senza-nome-104.jpg 414w\" sizes=\"auto, (max-width: 300px) 100vw, 300px\" \/><\/a><\/h3>\n<h3 data-google-query-id=\"CKmo_4LtxPsCFbFEHgIdOgUOQw\">\u00a0TAMPONAMENTO TRA TRE AUTO, TRAFFICO IN DELIRIO<\/h3>\n<\/blockquote>\n<div data-google-query-id=\"CKmo_4LtxPsCFbFEHgIdOgUOQw\">\n<div class=\"articlePlainText\"><strong>PONTE NELLE ALPI <\/strong>Tamponamento a catena e traffico in tilt sulla 50. Tre le auto coinvolte, tra Ponte nelle Alpi e Belluno, ma nessun ferito. Solo lunghissime code, in entrambe le direzioni e tempi di attesa elevati, \u00e8 successo ieri sera alle 17. Le vetture stavano procedendo in direzione via Tiziano Vecellio.\u00a0 Nessuno degli automobilisti ha avuto bisogno dell&#8217;ambulanza del 118<\/div>\n<div><\/div>\n<\/div>\n<\/div>\n<\/div>\n<div data-google-query-id=\"CKmo_4LtxPsCFbFEHgIdOgUOQw\"><\/div>\n<hr \/>\n<p>&nbsp;<\/p>\n<p>&nbsp;<\/p>\n<blockquote>\n<h3>A GONA DI CONEDERA I LAVORI PROCEDONO SPEDITI. CANTIERE COMPLETATO AL 70 PER CENTO<\/h3>\n<\/blockquote>\n<p><strong>RIVAMONTE<\/strong><\/p>\n<p>di Gianni Santomaso<\/p>\n<audio class=\"wp-audio-shortcode\" id=\"audio-307839-1\" preload=\"none\" style=\"width: 100%;\" controls=\"controls\"><source type=\"audio\/mpeg\" src=\"https:\/\/www.radiopiu.net\/wordpress\/wp-content\/uploads\/2022\/11\/GIANNI-CANTIERE-GONA-DI-CONEDERA.mp3?_=1\" \/><a href=\"https:\/\/www.radiopiu.net\/wordpress\/wp-content\/uploads\/2022\/11\/GIANNI-CANTIERE-GONA-DI-CONEDERA.mp3\">https:\/\/www.radiopiu.net\/wordpress\/wp-content\/uploads\/2022\/11\/GIANNI-CANTIERE-GONA-DI-CONEDERA.mp3<\/a><\/audio>\n<p>&nbsp;<\/p>\n\n\t\t\t<style type='text\/css'>\n\t\t\t\t#gallery-2 {\n\t\t\t\t\tmargin: auto;\n\t\t\t\t}\n\t\t\t\t#gallery-2 .gallery-item {\n\t\t\t\t\tfloat: left;\n\t\t\t\t\tmargin-top: 10px;\n\t\t\t\t\ttext-align: center;\n\t\t\t\t\twidth: 20%;\n\t\t\t\t}\n\t\t\t\t#gallery-2 img {\n\t\t\t\t\tborder: 2px solid #cfcfcf;\n\t\t\t\t}\n\t\t\t\t#gallery-2 .gallery-caption {\n\t\t\t\t\tmargin-left: 0;\n\t\t\t\t}\n\t\t\t\t\/* see gallery_shortcode() in wp-includes\/media.php *\/\n\t\t\t<\/style>\n\t\t<div id='gallery-2' class='dt-gallery-container gallery galleryid-307839 gallery-columns-5 gallery-size-medium'><dl class='gallery-item'>\n\t\t\t\t<dt class='gallery-icon portrait'>\n\t\t\t\t\t<a class=\"rollover rollover-zoom dt-pswp-item\" title=\"0e76f597-d5f2-46a7-a739-5412910f4e80\" data-dt-img-description=\"\" data-large_image_width=\"768\" data-large_image_height=\"1024\"href='https:\/\/www.radiopiu.net\/wordpress\/wp-content\/uploads\/2022\/11\/0e76f597-d5f2-46a7-a739-5412910f4e80.jpg'><img loading=\"lazy\" decoding=\"async\" width=\"225\" height=\"300\" src=\"https:\/\/www.radiopiu.net\/wordpress\/wp-content\/uploads\/2022\/11\/0e76f597-d5f2-46a7-a739-5412910f4e80-225x300.jpg\" class=\"attachment-medium size-medium\" alt=\"\" srcset=\"https:\/\/www.radiopiu.net\/wordpress\/wp-content\/uploads\/2022\/11\/0e76f597-d5f2-46a7-a739-5412910f4e80-225x300.jpg 225w, https:\/\/www.radiopiu.net\/wordpress\/wp-content\/uploads\/2022\/11\/0e76f597-d5f2-46a7-a739-5412910f4e80.jpg 768w\" sizes=\"auto, (max-width: 225px) 100vw, 225px\" \/><\/a>\n\t\t\t\t<\/dt><\/dl><dl class='gallery-item'>\n\t\t\t\t<dt class='gallery-icon portrait'>\n\t\t\t\t\t<a class=\"rollover rollover-zoom dt-pswp-item\" title=\"4834c1fa-a851-4513-8430-1707ca7117e0\" data-dt-img-description=\"\" data-large_image_width=\"768\" data-large_image_height=\"1024\"href='https:\/\/www.radiopiu.net\/wordpress\/wp-content\/uploads\/2022\/11\/4834c1fa-a851-4513-8430-1707ca7117e0.jpg'><img loading=\"lazy\" decoding=\"async\" width=\"225\" height=\"300\" src=\"https:\/\/www.radiopiu.net\/wordpress\/wp-content\/uploads\/2022\/11\/4834c1fa-a851-4513-8430-1707ca7117e0-225x300.jpg\" class=\"attachment-medium size-medium\" alt=\"\" srcset=\"https:\/\/www.radiopiu.net\/wordpress\/wp-content\/uploads\/2022\/11\/4834c1fa-a851-4513-8430-1707ca7117e0-225x300.jpg 225w, https:\/\/www.radiopiu.net\/wordpress\/wp-content\/uploads\/2022\/11\/4834c1fa-a851-4513-8430-1707ca7117e0.jpg 768w\" sizes=\"auto, (max-width: 225px) 100vw, 225px\" \/><\/a>\n\t\t\t\t<\/dt><\/dl><dl class='gallery-item'>\n\t\t\t\t<dt class='gallery-icon portrait'>\n\t\t\t\t\t<a class=\"rollover rollover-zoom dt-pswp-item\" title=\"cdff10c4-47fb-4c8e-a219-960013b68387\" data-dt-img-description=\"\" data-large_image_width=\"768\" data-large_image_height=\"1024\"href='https:\/\/www.radiopiu.net\/wordpress\/wp-content\/uploads\/2022\/11\/cdff10c4-47fb-4c8e-a219-960013b68387.jpg'><img loading=\"lazy\" decoding=\"async\" width=\"225\" height=\"300\" src=\"https:\/\/www.radiopiu.net\/wordpress\/wp-content\/uploads\/2022\/11\/cdff10c4-47fb-4c8e-a219-960013b68387-225x300.jpg\" class=\"attachment-medium size-medium\" alt=\"\" srcset=\"https:\/\/www.radiopiu.net\/wordpress\/wp-content\/uploads\/2022\/11\/cdff10c4-47fb-4c8e-a219-960013b68387-225x300.jpg 225w, https:\/\/www.radiopiu.net\/wordpress\/wp-content\/uploads\/2022\/11\/cdff10c4-47fb-4c8e-a219-960013b68387.jpg 768w\" sizes=\"auto, (max-width: 225px) 100vw, 225px\" \/><\/a>\n\t\t\t\t<\/dt><\/dl><dl class='gallery-item'>\n\t\t\t\t<dt class='gallery-icon portrait'>\n\t\t\t\t\t<a class=\"rollover rollover-zoom dt-pswp-item\" title=\"29147c62-ba8e-4f82-a399-93dbf73f9984\" data-dt-img-description=\"\" data-large_image_width=\"768\" data-large_image_height=\"1024\"href='https:\/\/www.radiopiu.net\/wordpress\/wp-content\/uploads\/2022\/11\/29147c62-ba8e-4f82-a399-93dbf73f9984.jpg'><img loading=\"lazy\" decoding=\"async\" width=\"225\" height=\"300\" src=\"https:\/\/www.radiopiu.net\/wordpress\/wp-content\/uploads\/2022\/11\/29147c62-ba8e-4f82-a399-93dbf73f9984-225x300.jpg\" class=\"attachment-medium size-medium\" alt=\"\" srcset=\"https:\/\/www.radiopiu.net\/wordpress\/wp-content\/uploads\/2022\/11\/29147c62-ba8e-4f82-a399-93dbf73f9984-225x300.jpg 225w, https:\/\/www.radiopiu.net\/wordpress\/wp-content\/uploads\/2022\/11\/29147c62-ba8e-4f82-a399-93dbf73f9984.jpg 768w\" sizes=\"auto, (max-width: 225px) 100vw, 225px\" \/><\/a>\n\t\t\t\t<\/dt><\/dl><dl class='gallery-item'>\n\t\t\t\t<dt class='gallery-icon portrait'>\n\t\t\t\t\t<a class=\"rollover rollover-zoom dt-pswp-item\" title=\"7ea8e915-33b7-4485-8972-df5932db13bf\" data-dt-img-description=\"\" data-large_image_width=\"768\" data-large_image_height=\"1024\"href='https:\/\/www.radiopiu.net\/wordpress\/wp-content\/uploads\/2022\/11\/7ea8e915-33b7-4485-8972-df5932db13bf.jpg'><img loading=\"lazy\" decoding=\"async\" width=\"225\" height=\"300\" src=\"https:\/\/www.radiopiu.net\/wordpress\/wp-content\/uploads\/2022\/11\/7ea8e915-33b7-4485-8972-df5932db13bf-225x300.jpg\" class=\"attachment-medium size-medium\" alt=\"\" srcset=\"https:\/\/www.radiopiu.net\/wordpress\/wp-content\/uploads\/2022\/11\/7ea8e915-33b7-4485-8972-df5932db13bf-225x300.jpg 225w, https:\/\/www.radiopiu.net\/wordpress\/wp-content\/uploads\/2022\/11\/7ea8e915-33b7-4485-8972-df5932db13bf.jpg 768w\" sizes=\"auto, (max-width: 225px) 100vw, 225px\" \/><\/a>\n\t\t\t\t<\/dt><\/dl><br style=\"clear: both\" \/>\n\t\t\t<\/div>\n\n<p>&nbsp;<\/p>\n<p>&nbsp;<\/p>\n<hr \/>\n<p>&nbsp;<\/p>\n<blockquote>\n<h3><span style=\"color: #ff0000;\">TRE GIORNI FA ALLA RADIO, OGGI LO SPECIALE A RADIO PIU\u00a0<\/span><\/h3>\n<p>LA STAGIONE DELLA PISCINA COMPRENSORIALE DI AGORDO E&#8217; SALVA<\/p><\/blockquote>\n<p><img loading=\"lazy\" decoding=\"async\" class=\"alignleft\" src=\"https:\/\/www.radiopiu.net\/wordpress\/wp-content\/uploads\/2022\/06\/Piscina_di_Belluno.jpg\" width=\"235\" height=\"196\" \/><\/p>\n<p><strong>AGORDO<\/strong><\/p>\n<p><strong>DI GIANNI SANTOMASO<\/strong><\/p>\n<audio class=\"wp-audio-shortcode\" id=\"audio-307839-2\" preload=\"none\" style=\"width: 100%;\" controls=\"controls\"><source type=\"audio\/mpeg\" src=\"https:\/\/www.radiopiu.net\/wordpress\/wp-content\/uploads\/2022\/11\/PISCINA-SALVA.mp3?_=2\" \/><a href=\"https:\/\/www.radiopiu.net\/wordpress\/wp-content\/uploads\/2022\/11\/PISCINA-SALVA.mp3\">https:\/\/www.radiopiu.net\/wordpress\/wp-content\/uploads\/2022\/11\/PISCINA-SALVA.mp3<\/a><\/audio>\n<p>&nbsp;<\/p>\n<p><strong>GRAZIE&#8230; FILIPPO MONESTIER<\/strong><\/p>\n<blockquote><p><em>Soldi che sono arrivati solo in questi ultimi giorni. Raddoppiati grazie all&#8217;impegno sportivo del giovane Filippo Monestier, classe 2007, che in agosto a Rimini si \u00e8 fatto valere ai campionati italiani giovanili in vasca lunga e che, in questa stagione, si \u00e8 anche laureato campione regionale nei 50 stile libero in vasca corta.<\/em><br \/>\n<a class=\"dt-pswp-item\" href=\"https:\/\/www.radiopiu.net\/wordpress\/wp-content\/uploads\/2022\/11\/Senza-nome-85.jpg\" data-dt-img-description=\"\" data-large_image_width=\"461\" data-large_image_height=\"363\"><img loading=\"lazy\" decoding=\"async\" class=\"alignnone size-medium wp-image-307659\" src=\"https:\/\/www.radiopiu.net\/wordpress\/wp-content\/uploads\/2022\/11\/Senza-nome-85-300x236.jpg\" alt=\"\" width=\"300\" height=\"236\" srcset=\"https:\/\/www.radiopiu.net\/wordpress\/wp-content\/uploads\/2022\/11\/Senza-nome-85-300x236.jpg 300w, https:\/\/www.radiopiu.net\/wordpress\/wp-content\/uploads\/2022\/11\/Senza-nome-85.jpg 461w\" sizes=\"auto, (max-width: 300px) 100vw, 300px\" \/><\/a><\/p><\/blockquote>\n<p>&nbsp;<\/p>\n<hr \/>\n<p>&nbsp;<\/p>\n<blockquote>\n<h3>COPRI&#8217; LE MOLESTIE AL RADUNO, EX ALPINO SOTTO PROCESSO<\/h3>\n<\/blockquote>\n<p><strong>OGGI SUL CORRIERE DELLE ALPI<\/strong><\/p>\n<p><strong>DI GIGI SOSSO<\/strong><\/p>\n<p><strong><a class=\"dt-pswp-item\" href=\"https:\/\/www.radiopiu.net\/wordpress\/wp-content\/uploads\/2022\/11\/Senza-nome-102.jpg\" data-dt-img-description=\"\" data-large_image_width=\"255\" data-large_image_height=\"194\"><img loading=\"lazy\" decoding=\"async\" class=\"wp-image-307971 alignleft\" src=\"https:\/\/www.radiopiu.net\/wordpress\/wp-content\/uploads\/2022\/11\/Senza-nome-102.jpg\" alt=\"\" width=\"187\" height=\"142\" \/><\/a>PEDAVENA<\/strong> Palpeggiata una donna a un raduno di alpini in congedo. Era un incontro conviviale, in un locale di Pedavena, con almeno 200 persone. C&#8217;\u00e8 gi\u00e0 stata una condanna in primo grado per un sottufficiale ed \u00e8 in corso un processo per favoreggiamento e false informazioni al pubblico ministero al maresciallo del plotone Alpieri esploratori. Il feltrino \u00e8 accusato di aver mentito in sede d&#8217;interrogatorio, per coprire il commilitone, dichiarando di non aver visto alcuna violenza sessuale prima della sfilata e di non aver rimproverato nessuno per quel gesto cos\u00ec sgradevole e sconsiderato&#8230;.\u00a0 Il 7 giugno dell&#8217;anno prossimo, discussione e sentenza di primo grado<\/p>\n<p>&nbsp;<\/p>\n<p>&nbsp;<\/p>\n<hr \/>\n<p>&nbsp;<\/p>\n<blockquote><p><span style=\"color: #ff0000;\"><em>la Giornata internazionale per l&#8217;eliminazione della violenza contro le donne \u00e8 una ricorrenza istituita dall&#8217;<a style=\"color: #ff0000;\" title=\"Assemblea generale delle Nazioni Unite\" href=\"https:\/\/it.wikipedia.org\/wiki\/Assemblea_generale_delle_Nazioni_Unite\">Assemblea generale delle Nazioni Unite<\/a>, tramite la risoluzione numero 54\/134 del 17 dicembre <a style=\"color: #ff0000;\" title=\"1999\" href=\"https:\/\/it.wikipedia.org\/wiki\/1999\">1999<\/a>. L&#8217;Assemblea generale delle Nazioni Unite ha designato il 25 novembre come data della ricorrenza e ha invitato i governi, le organizzazioni internazionali e le <a style=\"color: #ff0000;\" title=\"Organizzazione non governativa\" href=\"https:\/\/it.wikipedia.org\/wiki\/Organizzazione_non_governativa\">ONG<\/a> a organizzare in quel giorno attivit\u00e0 volte a sensibilizzare l&#8217;opinione pubblica sul problema della violenza contro le donne.<\/em>\u00a0<\/span><\/p><\/blockquote>\n<p>Domani alle 18 presso il Comando provinciale dei Carabinieri verranno accese le luci che illumineranno la caserma (cos\u00ec come ogni anno) in occasione della giornata mondiale contro la violenza sulle donne.<\/p>\n<p>&nbsp;<\/p>\n<blockquote>\n<h3>QUESTO NON E&#8217; AMORE AD AGORDO. LA POLIZIA PRESENTE PER PARLARE DELLA VIOLENZA SULLE DONNE<\/h3>\n<\/blockquote>\n<p><strong>AGORDO <\/strong>Ieri in piazza ad Agordo, in occasione del mercato settimanale, la Polizia di Stato, con la campagna permanente denominata \u201cQuesto non \u00e8 amore\u201d, si \u00e8 presentata con un camper allestito come un ufficio mobile, dove personale specializzato era disponibile per ascoltare ed aiutare le vittime di violenza domestica e stalking o anche solo per dare informazioni sugli strumenti utili ad uscire dalla violenza. Oggi ad Agordo erano presenti Wirna Triches e Barbara Bortoluzzi<\/p>\n<p><strong>LA DIRETTA RADIO PIU&#8217;<\/strong><\/p>\n<p><a href=\"https:\/\/www.facebook.com\/radiopiu\/videos\/533298108379637\">https:\/\/www.facebook.com\/radiopiu\/videos\/533298108379637<\/a><\/p>\n<p>&nbsp;<\/p>\n<hr \/>\n<p>&nbsp;<\/p>\n<p>&nbsp;<\/p>\n<blockquote>\n<h3>DAL CONSIGLIO COMUNALE DEI RAGAZZI LA PANCHINA ROSSA<\/h3>\n<\/blockquote>\n<p><strong>TAIBON<\/strong> Eccola la panchina rossa, anche in paese, in piazza davanti al Municipio. Da un&#8217;idea del consiglio comunale dei ragazzi.<\/p>\n<p><span class=\"wysiwyg-font-size-20\">Il mio posto \u00e8 vuoto ma\u00a0IO SONO QUI, sono questa PanchinaRossa come il mio sangue versato. <\/span><span class=\"wysiwyg-font-size-20\">Sono qui per ricordare che il femminicidio e la violenza sulle donne, fisica, psicologica, economica, lo stalking non devono pi\u00f9 esistere. <\/span><span class=\"wysiwyg-font-size-20\">Fermati, siediti. In tutta Italia e nel Mondo. <\/span><span class=\"wysiwyg-font-size-20\">Per non dimenticare, per costruire un percorso di sensibilizzazione, per promuovere e sostenere azioni concrete con le Istituzioni, i Comuni, le Associazioni, le Scuole, le Famiglie, le Aziende <\/span><span class=\"wysiwyg-font-size-20\">\u2026 la Societ\u00e0 Civile tutta. <\/span><span class=\"wysiwyg-font-size-20\">Fermati, siediti.\u00a0<\/span><span class=\"wysiwyg-font-size-20\">Agisci: Colora una PanchinaRossa&#x2122;<\/span><\/p>\n<blockquote>\n<h3 class=\"entry-title\">La panchina rossa: un simbolo importante contro la violenza sulle donne.<\/h3>\n<\/blockquote>\n<p>https:\/\/www.facebook.com\/radiopiu\/videos\/460018199559005<\/p>\n<p>&nbsp;<\/p>\n<hr \/>\n<p>&nbsp;<\/p>\n<h2>LA CISL SCATTA LA FOTO, LA CONDIZIONE FEMMINILE IN PROVINCIA<\/h2>\n<blockquote>\n<h3>\u00a0Giornata internazionale per l\u2019eliminazione della violenza contro le donne 2022 Lavoro, conciliazione e violenza di genere: l\u2019analisi della Cisl Belluno Treviso<\/h3>\n<\/blockquote>\n<p><strong>BELLUNO<\/strong><\/p>\n<p><strong>DI MORENO GIOLI<\/strong><\/p>\n<audio class=\"wp-audio-shortcode\" id=\"audio-307839-3\" preload=\"none\" style=\"width: 100%;\" controls=\"controls\"><source type=\"audio\/mpeg\" src=\"https:\/\/www.radiopiu.net\/wordpress\/wp-content\/uploads\/2022\/11\/donne-cisl-moreno.mp3?_=3\" \/><a href=\"https:\/\/www.radiopiu.net\/wordpress\/wp-content\/uploads\/2022\/11\/donne-cisl-moreno.mp3\">https:\/\/www.radiopiu.net\/wordpress\/wp-content\/uploads\/2022\/11\/donne-cisl-moreno.mp3<\/a><\/audio>\n<p>&nbsp;<\/p>\n\n\t\t\t<style type='text\/css'>\n\t\t\t\t#gallery-3 {\n\t\t\t\t\tmargin: auto;\n\t\t\t\t}\n\t\t\t\t#gallery-3 .gallery-item {\n\t\t\t\t\tfloat: left;\n\t\t\t\t\tmargin-top: 10px;\n\t\t\t\t\ttext-align: center;\n\t\t\t\t\twidth: 50%;\n\t\t\t\t}\n\t\t\t\t#gallery-3 img {\n\t\t\t\t\tborder: 2px solid #cfcfcf;\n\t\t\t\t}\n\t\t\t\t#gallery-3 .gallery-caption {\n\t\t\t\t\tmargin-left: 0;\n\t\t\t\t}\n\t\t\t\t\/* see gallery_shortcode() in wp-includes\/media.php *\/\n\t\t\t<\/style>\n\t\t<div id='gallery-3' class='dt-gallery-container gallery galleryid-307839 gallery-columns-2 gallery-size-thumbnail'><dl class='gallery-item'>\n\t\t\t\t<dt class='gallery-icon landscape'>\n\t\t\t\t\t<a class=\"rollover rollover-zoom dt-pswp-item\" title=\"64431753-89b3-4f7b-8bb1-dd975a9f81a4\" data-dt-img-description=\"\" data-large_image_width=\"2000\" data-large_image_height=\"1128\"href='https:\/\/www.radiopiu.net\/wordpress\/wp-content\/uploads\/2022\/11\/64431753-89b3-4f7b-8bb1-dd975a9f81a4.jpg'><img loading=\"lazy\" decoding=\"async\" width=\"150\" height=\"150\" src=\"https:\/\/www.radiopiu.net\/wordpress\/wp-content\/uploads\/2022\/11\/64431753-89b3-4f7b-8bb1-dd975a9f81a4-150x150.jpg\" class=\"attachment-thumbnail size-thumbnail\" alt=\"\" \/><\/a>\n\t\t\t\t<\/dt><\/dl><dl class='gallery-item'>\n\t\t\t\t<dt class='gallery-icon landscape'>\n\t\t\t\t\t<a class=\"rollover rollover-zoom dt-pswp-item\" title=\"conferenza stampa BL-min\" data-dt-img-description=\"\" data-large_image_width=\"2560\" data-large_image_height=\"1920\"href='https:\/\/www.radiopiu.net\/wordpress\/wp-content\/uploads\/2022\/11\/conferenza-stampa-BL-min-scaled.jpg'><img loading=\"lazy\" decoding=\"async\" width=\"150\" height=\"150\" src=\"https:\/\/www.radiopiu.net\/wordpress\/wp-content\/uploads\/2022\/11\/conferenza-stampa-BL-min-150x150.jpg\" class=\"attachment-thumbnail size-thumbnail\" alt=\"\" \/><\/a>\n\t\t\t\t<\/dt><\/dl><br style=\"clear: both\" \/>\n\t\t\t<\/div>\n\n<p>&nbsp;<\/p>\n<p>&nbsp;<\/p>\n<p>&nbsp;<\/p>\n<hr \/>\n<p>&nbsp;<\/p>\n<blockquote>\n<h3>VIOLENZA CONTRO LE DONNE, CONFINDUSTRIA BELLUNO DOLOMITI CON BELLUNO DONNA ORGANIZZA UN PERCORSO DI SENSIBILIZZAZIONE RIVOLTO ALLE IMPRESE<\/h3>\n<\/blockquote>\n<p align=\"JUSTIFY\"><strong><a class=\"dt-pswp-item\" href=\"https:\/\/www.radiopiu.net\/wordpress\/wp-content\/uploads\/2021\/05\/CONFINDUSTRIA.png\" data-dt-img-description=\"\" data-large_image_width=\"575\" data-large_image_height=\"575\"><img loading=\"lazy\" decoding=\"async\" class=\"wp-image-211858 alignleft\" src=\"https:\/\/www.radiopiu.net\/wordpress\/wp-content\/uploads\/2021\/05\/CONFINDUSTRIA-300x300.png\" alt=\"\" width=\"151\" height=\"151\" srcset=\"https:\/\/www.radiopiu.net\/wordpress\/wp-content\/uploads\/2021\/05\/CONFINDUSTRIA-300x300.png 300w, https:\/\/www.radiopiu.net\/wordpress\/wp-content\/uploads\/2021\/05\/CONFINDUSTRIA-150x150.png 150w, https:\/\/www.radiopiu.net\/wordpress\/wp-content\/uploads\/2021\/05\/CONFINDUSTRIA.png 575w\" sizes=\"auto, (max-width: 151px) 100vw, 151px\" \/><\/a>BELLUNO <\/strong>Prevenire e combattere la violenza di genere dentro e fuori i luoghi di lavoro resta una priorit\u00e0 anche in provincia di Belluno. Per questo, Confindustria Belluno Dolomiti, nell\u2019ambito del Progetto per il Sociale, promuove accanto all\u2019Associazione Belluno Donna un percorso di sensibilizzazione rivolto alle imprese. \u201cNon solo il 25 novembre\u201d \u00e8 il titolo dell\u2019incontro che si terr\u00e0 oggi alle 16.30 in villa Doglioni Dalmas in via San Lucano e che vedr\u00e0 gli interventi di Roberta Gallego, vice procuratore della Repubblica in Tribunale a Belluno, Valentina Benvegn\u00f9, commissario della Polizia di Stato, Claudia Bettiol, avvocato, Francesca Quaglia, Associazione Belluno Donna. A introdurre i lavori saranno Lorraine Berton, presidente di Confindustria Belluno Dolomiti, e Flavio Mares, delegato al sociale dell\u2019Associazione. \u201c<em>Il 25 novembre ricorre la Giornata internazionale per l\u2019eliminazione della violenza contro le donne: si tratta di una data singola, ma la nostra mobilitazione deve essere permanente. Nessuno, su questo fronte, pu\u00f2 permettersi passi indietro\u201d, afferma Berton. \u201cCome imprenditori vogliamo continuare a fare la nostra parte per rendere le nostre fabbriche sicure e inclusive<\/em>\u201d. Per partecipare \u00e8 obbligatoria l\u2019iscrizione al numero 0437 951224 o mail vlira@confindustria.bl.it<\/p>\n<p>&nbsp;<\/p>\n<hr \/>\n<p>&nbsp;<\/p>\n<blockquote>\n<h3>DOMANI ALLA RADIO LA CANZONE &#8220;VITTORIA&#8221; DI MARCO V. DAL FARRA E MATTIA ANDRICH<\/h3>\n<\/blockquote>\n<div><strong><a class=\"dt-pswp-item\" href=\"https:\/\/www.radiopiu.net\/wordpress\/wp-content\/uploads\/2022\/11\/a0513622582_16.jpg\" data-dt-img-description=\"\" data-large_image_width=\"700\" data-large_image_height=\"700\"><img loading=\"lazy\" decoding=\"async\" class=\"wp-image-307958 alignleft\" src=\"https:\/\/www.radiopiu.net\/wordpress\/wp-content\/uploads\/2022\/11\/a0513622582_16-300x300.jpg\" alt=\"\" width=\"205\" height=\"205\" srcset=\"https:\/\/www.radiopiu.net\/wordpress\/wp-content\/uploads\/2022\/11\/a0513622582_16-300x300.jpg 300w, https:\/\/www.radiopiu.net\/wordpress\/wp-content\/uploads\/2022\/11\/a0513622582_16-150x150.jpg 150w, https:\/\/www.radiopiu.net\/wordpress\/wp-content\/uploads\/2022\/11\/a0513622582_16.jpg 700w\" sizes=\"auto, (max-width: 205px) 100vw, 205px\" \/><\/a>REDAZIONE<\/strong> Radio Pi\u00f9 \u00e8 al fianco dell&#8217;associazione Gocce di Sole contro la violenza sulle donne e da pieno appoggio all&#8217;iniziativa musicale prevista per domani 25 novembre. Nel corso della giornata sar\u00e0 trasmesso il brano Vittoria,\u00a0 racconta il dramma della violenza visto con gli occhi di un figlio ma vuole lanciare anche un messaggio di speranza: \u00e8 sempre possibile aprire la porta e gridare BASTA! Il brano \u00e8 stato creato da due cantautori bellunesi Marco V. dal Farra e Mattia Andrich, su un&#8217;idea dell&#8217;Associazione Gocce di Sole, in occasione di Viva Vittoria Tre Cime di Lavaredo, evento di sensibilizzazione contro la violenza di genere svoltosi nel 2021.\u00a0 I due cantautori bellunesi saranno presenti con il loro brano anche <span class=\"x193iq5w xeuugli x13faqbe x1vvkbs x1xmvt09 x1lliihq x1s928wv xhkezso x1gmr53x x1cpjm7i x1fgarty x1943h6x xudqn12 x3x7a5m x6prxxf xvq8zen xo1l8bm xzsf02u x1yc453h\" dir=\"auto\">domenica prossima 27 novembre a Treviso presso le Mura di San Teonisto in occasione di Viva Vittoria Treviso.<\/span><\/div>\n<div>\n<div data-crea=\"font-wrapper\">\n<div><\/div>\n<div>\n\n\t\t\t<style type='text\/css'>\n\t\t\t\t#gallery-4 {\n\t\t\t\t\tmargin: auto;\n\t\t\t\t}\n\t\t\t\t#gallery-4 .gallery-item {\n\t\t\t\t\tfloat: left;\n\t\t\t\t\tmargin-top: 10px;\n\t\t\t\t\ttext-align: center;\n\t\t\t\t\twidth: 50%;\n\t\t\t\t}\n\t\t\t\t#gallery-4 img {\n\t\t\t\t\tborder: 2px solid #cfcfcf;\n\t\t\t\t}\n\t\t\t\t#gallery-4 .gallery-caption {\n\t\t\t\t\tmargin-left: 0;\n\t\t\t\t}\n\t\t\t\t\/* see gallery_shortcode() in wp-includes\/media.php *\/\n\t\t\t<\/style>\n\t\t<div id='gallery-4' class='dt-gallery-container gallery galleryid-307839 gallery-columns-2 gallery-size-thumbnail'><dl class='gallery-item'>\n\t\t\t\t<dt class='gallery-icon landscape'>\n\t\t\t\t\t<a class=\"rollover rollover-zoom dt-pswp-item\" title=\"Senzas nome\" data-dt-img-description=\"\" data-large_image_width=\"496\" data-large_image_height=\"362\"href='https:\/\/www.radiopiu.net\/wordpress\/wp-content\/uploads\/2022\/11\/Senzas-nome.jpg'><img loading=\"lazy\" decoding=\"async\" width=\"150\" height=\"150\" src=\"https:\/\/www.radiopiu.net\/wordpress\/wp-content\/uploads\/2022\/11\/Senzas-nome-150x150.jpg\" class=\"attachment-thumbnail size-thumbnail\" alt=\"\" \/><\/a>\n\t\t\t\t<\/dt><\/dl><dl class='gallery-item'>\n\t\t\t\t<dt class='gallery-icon portrait'>\n\t\t\t\t\t<a class=\"rollover rollover-zoom dt-pswp-item\" title=\"Senza nome\" data-dt-img-description=\"\" data-large_image_width=\"274\" data-large_image_height=\"354\"href='https:\/\/www.radiopiu.net\/wordpress\/wp-content\/uploads\/2022\/11\/Senza-nome-99.jpg'><img loading=\"lazy\" decoding=\"async\" width=\"150\" height=\"150\" src=\"https:\/\/www.radiopiu.net\/wordpress\/wp-content\/uploads\/2022\/11\/Senza-nome-99-150x150.jpg\" class=\"attachment-thumbnail size-thumbnail\" alt=\"\" \/><\/a>\n\t\t\t\t<\/dt><\/dl><br style=\"clear: both\" \/>\n\t\t\t<\/div>\n\n<\/div>\n<div><\/div>\n<\/div>\n<\/div>\n<p>&nbsp;<\/p>\n<p>&nbsp;<\/p>\n<hr \/>\n<p>&nbsp;<\/p>\n<blockquote>\n<h3>A BELLUNO UNA PANCHINA BIANCA PER SENSIBILIZZARE LA CITTA\u2019<\/h3>\n<\/blockquote>\n<p><strong><a class=\"dt-pswp-item\" href=\"https:\/\/www.radiopiu.net\/wordpress\/wp-content\/uploads\/2022\/11\/Illumina-novembre.jpeg\" data-dt-img-description=\"\" data-large_image_width=\"2048\" data-large_image_height=\"1893\"><img loading=\"lazy\" decoding=\"async\" class=\" wp-image-307880 alignleft\" src=\"https:\/\/www.radiopiu.net\/wordpress\/wp-content\/uploads\/2022\/11\/Illumina-novembre-300x277.jpeg\" alt=\"\" width=\"159\" height=\"147\" srcset=\"https:\/\/www.radiopiu.net\/wordpress\/wp-content\/uploads\/2022\/11\/Illumina-novembre-300x277.jpeg 300w, https:\/\/www.radiopiu.net\/wordpress\/wp-content\/uploads\/2022\/11\/Illumina-novembre-1024x947.jpeg 1024w, https:\/\/www.radiopiu.net\/wordpress\/wp-content\/uploads\/2022\/11\/Illumina-novembre-768x710.jpeg 768w, https:\/\/www.radiopiu.net\/wordpress\/wp-content\/uploads\/2022\/11\/Illumina-novembre-1536x1420.jpeg 1536w, https:\/\/www.radiopiu.net\/wordpress\/wp-content\/uploads\/2022\/11\/Illumina-novembre.jpeg 2048w\" sizes=\"auto, (max-width: 159px) 100vw, 159px\" \/><\/a>BELLUNO<\/strong> Una panchina bianca ai giardini di Piazza dei Martiri e manifesti informativi affissi in citt\u00e0: il Comune di Belluno avvia una collaborazione con Alcase \u2013 Alliance for Lung Cancer Advocacy Support and Education per promuovere e diffondere l\u2019informazione relativa al cancro ai polmoni. Si chiama \u201cIllumina novembre\u201d l\u2019iniziativa che ogni anno la onlus propone in questo mese. L\u2019edizione in corso \u00e8 l\u2019ottava. Per Alcase, infatti, quello di novembre e\u0300 divenuto un impegno inderogabile per almeno due buoni motivi: perche\u0301 i malati e le loro famiglie abbiano l\u2019attenzione dovuta e perche\u0301 le persone sane, ma a rischio di sviluppare un cancro del polmone, sappiano che e\u0300 possibile prevenirlo efficacemente. Da qui la volont\u00e0 dell\u2019amministrazione di portare l\u2019Associazione anche nel capoluogo.<\/p>\n<p><strong>L&#8217;ASSESSORE ALLE POLITICHE SOCIALI DEL COMUNE DI BELLUNO MARCO DAL PONT<\/strong><\/p>\n<audio class=\"wp-audio-shortcode\" id=\"audio-307839-4\" preload=\"none\" style=\"width: 100%;\" controls=\"controls\"><source type=\"audio\/mpeg\" src=\"https:\/\/www.radiopiu.net\/wordpress\/wp-content\/uploads\/2022\/11\/Dal-Pont-su-Illumina-novembre.mp3?_=4\" \/><a href=\"https:\/\/www.radiopiu.net\/wordpress\/wp-content\/uploads\/2022\/11\/Dal-Pont-su-Illumina-novembre.mp3\">https:\/\/www.radiopiu.net\/wordpress\/wp-content\/uploads\/2022\/11\/Dal-Pont-su-Illumina-novembre.mp3<\/a><\/audio>\n<p>&nbsp;<\/p>\n<hr \/>\n<p>&nbsp;<\/p>\n<blockquote>\n<h3>ANCHE I COMPRENSORI DI ALLEGHE ED ARABBA COME IL SAN PELLEGRINO REGALANO SKI PASS AI PIU&#8217; PICCOLI<\/h3>\n<\/blockquote>\n<p><strong>STAGIONE INVERNALE<\/strong> Precipitazioni deludenti, temperature in rialzo, una tempesta perfetta che non permette a Cortina di aprire gli impianti questa settimana come invece era stato auspicato, se ne riparla per il 3 dicembre. Come gi\u00e0 anticipato nei giorni scorsi il comprensorio Ski Area San Pellegrino regala gli ski pass agli alunni della primaria del comprensivo di Cencenighe. La Ski Area Civetta dar\u00e0 lo stagionale ai pi\u00f9 giovani (asilo e primarie) dell&#8217;istituto comprensivo di Alleghe e Zoldo per incentivarli a praticare lo sci. Stessa soluzione\u00a0 in territorio Fodom.\u00a0 L&#8217;idea infatti \u00e8 di\u00a0 alcune valli aderenti al Super Ski Dolomiti e interessa quindi anche le stazioni dell&#8217;Agordino, da Falcade ad Alleghe e fino ad Arabba, coinvolti i dirigenti scolastici.<\/p>\n<p>&nbsp;<\/p>\n<p>&nbsp;<\/p>\n<p><strong>IL 17 NOVEMBRE ALLA RADIO<\/strong><\/p>\n<p><a class=\"dt-pswp-item\" href=\"https:\/\/www.radiopiu.net\/wordpress\/wp-content\/uploads\/2018\/12\/pistaLa-VolatA_Passo-San-Pellegrino.jpg\" data-dt-img-description=\"dav\" data-large_image_width=\"4000\" data-large_image_height=\"2667\"><img loading=\"lazy\" decoding=\"async\" class=\"wp-image-68373 alignleft\" src=\"https:\/\/www.radiopiu.net\/wordpress\/wp-content\/uploads\/2018\/12\/pistaLa-VolatA_Passo-San-Pellegrino-300x200.jpg\" alt=\"\" width=\"148\" height=\"98\" srcset=\"https:\/\/www.radiopiu.net\/wordpress\/wp-content\/uploads\/2018\/12\/pistaLa-VolatA_Passo-San-Pellegrino-300x200.jpg 300w, https:\/\/www.radiopiu.net\/wordpress\/wp-content\/uploads\/2018\/12\/pistaLa-VolatA_Passo-San-Pellegrino-768x512.jpg 768w, https:\/\/www.radiopiu.net\/wordpress\/wp-content\/uploads\/2018\/12\/pistaLa-VolatA_Passo-San-Pellegrino-1024x683.jpg 1024w\" sizes=\"auto, (max-width: 148px) 100vw, 148px\" \/><\/a><strong>CENCENIGHE<\/strong> Un regalo gradito in un momento di difficolt\u00e0 per tutti. I bambini delle primarie dell&#8217;istituto comprensivo di Cencenighe quest&#8217;inverno potranno sciare gratuitamente. Gli impianti a fune Alpe Lusia\/San Pellegrino hanno pensato ai pi\u00f9 giovani e hanno regalato a tutti i\u00a0 bambini uno skipass stagionale da utilizzare sul comprensorio sciistico. Un motivo per invogliare i giovani a praticare lo sport e di divertirsi sugli impianti da sci. Gran bella cosa visto il periodo di difficolt\u00e0 economiche delle famiglie e degli impiantisti che avranno dei costi di gestione enormi.<\/p>\n<p>&nbsp;<\/p>\n<p>&nbsp;<\/p>\n<p>&nbsp;<\/p>\n<hr \/>\n<blockquote>\n<h3><\/h3>\n<h3>ALL&#8217;ASSEMBLEA UPI LE PROVINCE PRESENTANO A GOVERNO E PARLAMENTO UNA PIATTAFORMA PROGRAMMATICA<\/h3>\n<\/blockquote>\n<p><strong><a class=\"dt-pswp-item\" href=\"https:\/\/www.radiopiu.net\/wordpress\/wp-content\/uploads\/2022\/11\/Bergamo-Upi-Veneto-con-presidente-Upi-nazionale-De-Pascale-e-ministro-FP-Paolo-Zangrillo.jpg\" data-dt-img-description=\"\" data-large_image_width=\"1600\" data-large_image_height=\"1200\"><img loading=\"lazy\" decoding=\"async\" class=\" wp-image-307920 alignleft\" src=\"https:\/\/www.radiopiu.net\/wordpress\/wp-content\/uploads\/2022\/11\/Bergamo-Upi-Veneto-con-presidente-Upi-nazionale-De-Pascale-e-ministro-FP-Paolo-Zangrillo-300x225.jpg\" alt=\"\" width=\"271\" height=\"203\" srcset=\"https:\/\/www.radiopiu.net\/wordpress\/wp-content\/uploads\/2022\/11\/Bergamo-Upi-Veneto-con-presidente-Upi-nazionale-De-Pascale-e-ministro-FP-Paolo-Zangrillo-300x225.jpg 300w, https:\/\/www.radiopiu.net\/wordpress\/wp-content\/uploads\/2022\/11\/Bergamo-Upi-Veneto-con-presidente-Upi-nazionale-De-Pascale-e-ministro-FP-Paolo-Zangrillo-1024x768.jpg 1024w, https:\/\/www.radiopiu.net\/wordpress\/wp-content\/uploads\/2022\/11\/Bergamo-Upi-Veneto-con-presidente-Upi-nazionale-De-Pascale-e-ministro-FP-Paolo-Zangrillo-768x576.jpg 768w, https:\/\/www.radiopiu.net\/wordpress\/wp-content\/uploads\/2022\/11\/Bergamo-Upi-Veneto-con-presidente-Upi-nazionale-De-Pascale-e-ministro-FP-Paolo-Zangrillo-1536x1152.jpg 1536w, https:\/\/www.radiopiu.net\/wordpress\/wp-content\/uploads\/2022\/11\/Bergamo-Upi-Veneto-con-presidente-Upi-nazionale-De-Pascale-e-ministro-FP-Paolo-Zangrillo.jpg 1600w\" sizes=\"auto, (max-width: 271px) 100vw, 271px\" \/><\/a>BELLUNO<\/strong> \u00abLe Province rappresentano un ingranaggio indispensabile nella governance dei territori, specialmente in montagna. \u00c8 tempo di costruire lo step successivo, senza preconcetti e soprattutto lontano dalla stagione dei tagli populisti e demagogici che hanno reso moribondi gli enti di area vasta. In questo senso, Raccogliamo con soddisfazione l\u2019apertura rispetto al ripristino dell\u2019elettivit\u00e0 diretta dai cittadini\u00bb. \u00c8 quanto afferma il presidente della Provincia di Belluno, Roberto Padrin, a margine dell\u2019assemblea Upi nazionale di Bergamo, dove l\u2019Unione Province d\u2019Italia ha presentato al Governo una piattaforma programmatica.\u00a0 Nel documento programmatico la richiesta \u00e8 di valorizzare il ruolo e la specificit\u00e0 delle province di montagna affidandogli la regia della pianificazione strategica per le aree montane. Il Governo, dai ministri Calderoli e Musumeci, \u00e8\u00a0 dimostrato apertura sul ripristino dell\u2019elettivit\u00e0, con l\u2019obiettivo di chiudere entro il 2023 l\u2019iter legislativo per definire le nuove Province. Il ministro della Funzione Pubblica Zangrillo ha affermato che lavorer\u00e0 alla semplificazione per il reclutamento dei dipendenti<\/p>\n<p><strong>IL PRESIDENTE DELLA PROVINCIA ROBERTO PADRIN\u00a0<\/strong><\/p>\n<audio class=\"wp-audio-shortcode\" id=\"audio-307839-5\" preload=\"none\" style=\"width: 100%;\" controls=\"controls\"><source type=\"audio\/mpeg\" src=\"https:\/\/www.radiopiu.net\/wordpress\/wp-content\/uploads\/2022\/11\/PADRIN.mp3?_=5\" \/><a href=\"https:\/\/www.radiopiu.net\/wordpress\/wp-content\/uploads\/2022\/11\/PADRIN.mp3\">https:\/\/www.radiopiu.net\/wordpress\/wp-content\/uploads\/2022\/11\/PADRIN.mp3<\/a><\/audio>\n<p>&nbsp;<\/p>\n<p>&nbsp;<\/p>\n<p>&nbsp;<\/p>\n<hr \/>\n<p>&nbsp;<\/p>\n<blockquote>\n<h3>RAFFAELA BELLOT E BORTOLO SIMONI NEL CONSIGLIO DI AMMINISTRAZIONE DELL&#8217;AZIENDA FELTRINA<\/h3>\n<\/blockquote>\n<p><strong><a class=\"dt-pswp-item\" href=\"https:\/\/www.radiopiu.net\/wordpress\/wp-content\/uploads\/2022\/11\/3199c49b-5cde-4b51-bf15-1af37d87c71c.jpg\" data-dt-img-description=\"\" data-large_image_width=\"2048\" data-large_image_height=\"1536\"><img loading=\"lazy\" decoding=\"async\" class=\" wp-image-307924 alignleft\" src=\"https:\/\/www.radiopiu.net\/wordpress\/wp-content\/uploads\/2022\/11\/3199c49b-5cde-4b51-bf15-1af37d87c71c-300x225.jpg\" alt=\"\" width=\"203\" height=\"152\" srcset=\"https:\/\/www.radiopiu.net\/wordpress\/wp-content\/uploads\/2022\/11\/3199c49b-5cde-4b51-bf15-1af37d87c71c-300x225.jpg 300w, https:\/\/www.radiopiu.net\/wordpress\/wp-content\/uploads\/2022\/11\/3199c49b-5cde-4b51-bf15-1af37d87c71c-1024x768.jpg 1024w, https:\/\/www.radiopiu.net\/wordpress\/wp-content\/uploads\/2022\/11\/3199c49b-5cde-4b51-bf15-1af37d87c71c-768x576.jpg 768w, https:\/\/www.radiopiu.net\/wordpress\/wp-content\/uploads\/2022\/11\/3199c49b-5cde-4b51-bf15-1af37d87c71c-1536x1152.jpg 1536w, https:\/\/www.radiopiu.net\/wordpress\/wp-content\/uploads\/2022\/11\/3199c49b-5cde-4b51-bf15-1af37d87c71c.jpg 2048w\" sizes=\"auto, (max-width: 203px) 100vw, 203px\" \/><\/a>FELTRE<\/strong><\/p>\n<p><strong>DI DANIELE DALVIT<\/strong><\/p>\n<p>&nbsp;<\/p>\n<p>&nbsp;<\/p>\n<p>&nbsp;<\/p>\n<p>AUDIO<\/p>\n<audio class=\"wp-audio-shortcode\" id=\"audio-307839-6\" preload=\"none\" style=\"width: 100%;\" controls=\"controls\"><source type=\"audio\/mpeg\" src=\"https:\/\/www.radiopiu.net\/wordpress\/wp-content\/uploads\/2022\/11\/FELTRE-DANIELE-DAL-VIT.mp3?_=6\" \/><a href=\"https:\/\/www.radiopiu.net\/wordpress\/wp-content\/uploads\/2022\/11\/FELTRE-DANIELE-DAL-VIT.mp3\">https:\/\/www.radiopiu.net\/wordpress\/wp-content\/uploads\/2022\/11\/FELTRE-DANIELE-DAL-VIT.mp3<\/a><\/audio>\n<p>&nbsp;<\/p>\n\n\t\t\t<style type='text\/css'>\n\t\t\t\t#gallery-5 {\n\t\t\t\t\tmargin: auto;\n\t\t\t\t}\n\t\t\t\t#gallery-5 .gallery-item {\n\t\t\t\t\tfloat: left;\n\t\t\t\t\tmargin-top: 10px;\n\t\t\t\t\ttext-align: center;\n\t\t\t\t\twidth: 50%;\n\t\t\t\t}\n\t\t\t\t#gallery-5 img {\n\t\t\t\t\tborder: 2px solid #cfcfcf;\n\t\t\t\t}\n\t\t\t\t#gallery-5 .gallery-caption {\n\t\t\t\t\tmargin-left: 0;\n\t\t\t\t}\n\t\t\t\t\/* see gallery_shortcode() in wp-includes\/media.php *\/\n\t\t\t<\/style>\n\t\t<div id='gallery-5' class='dt-gallery-container gallery galleryid-307839 gallery-columns-2 gallery-size-thumbnail'><dl class='gallery-item'>\n\t\t\t\t<dt class='gallery-icon landscape'>\n\t\t\t\t\t<a class=\"rollover rollover-zoom dt-pswp-item\" title=\"7ed2210a-f985-4e3a-bc12-6a6533a59d26\" data-dt-img-description=\"\" data-large_image_width=\"2048\" data-large_image_height=\"1536\"href='https:\/\/www.radiopiu.net\/wordpress\/wp-content\/uploads\/2022\/11\/7ed2210a-f985-4e3a-bc12-6a6533a59d26.jpg'><img loading=\"lazy\" decoding=\"async\" width=\"150\" height=\"150\" src=\"https:\/\/www.radiopiu.net\/wordpress\/wp-content\/uploads\/2022\/11\/7ed2210a-f985-4e3a-bc12-6a6533a59d26-150x150.jpg\" class=\"attachment-thumbnail size-thumbnail\" alt=\"\" \/><\/a>\n\t\t\t\t<\/dt><\/dl><dl class='gallery-item'>\n\t\t\t\t<dt class='gallery-icon landscape'>\n\t\t\t\t\t<a class=\"rollover rollover-zoom dt-pswp-item\" title=\"7e2edd12-bb5e-4f8d-b3a1-fa63511ab22b\" data-dt-img-description=\"\" data-large_image_width=\"2048\" data-large_image_height=\"1536\"href='https:\/\/www.radiopiu.net\/wordpress\/wp-content\/uploads\/2022\/11\/7e2edd12-bb5e-4f8d-b3a1-fa63511ab22b.jpg'><img loading=\"lazy\" decoding=\"async\" width=\"150\" height=\"150\" src=\"https:\/\/www.radiopiu.net\/wordpress\/wp-content\/uploads\/2022\/11\/7e2edd12-bb5e-4f8d-b3a1-fa63511ab22b-150x150.jpg\" class=\"attachment-thumbnail size-thumbnail\" alt=\"\" \/><\/a>\n\t\t\t\t<\/dt><\/dl><br style=\"clear: both\" \/>\n\t\t\t<\/div>\n\n<p>&nbsp;<\/p>\n<p>&nbsp;<\/p>\n<hr \/>\n<p>&nbsp;<\/p>\n<p>&nbsp;<\/p>\n<blockquote>\n<h3>CONSEGNATE LE BENEMERENZE AI DONATORI DEL SANGUE DI CANALE D&#8217;AGORDO E VALLADA<\/h3>\n<\/blockquote>\n<p><strong><a class=\"dt-pswp-item\" href=\"https:\/\/www.radiopiu.net\/wordpress\/wp-content\/uploads\/2022\/11\/38528ea8-ab94-4e45-98d8-f00638f07692.jpg\" data-dt-img-description=\"\" data-large_image_width=\"1600\" data-large_image_height=\"900\"><img loading=\"lazy\" decoding=\"async\" class=\"aligncenter wp-image-307945 size-full\" src=\"https:\/\/www.radiopiu.net\/wordpress\/wp-content\/uploads\/2022\/11\/38528ea8-ab94-4e45-98d8-f00638f07692.jpg\" alt=\"\" width=\"1600\" height=\"900\" srcset=\"https:\/\/www.radiopiu.net\/wordpress\/wp-content\/uploads\/2022\/11\/38528ea8-ab94-4e45-98d8-f00638f07692.jpg 1600w, https:\/\/www.radiopiu.net\/wordpress\/wp-content\/uploads\/2022\/11\/38528ea8-ab94-4e45-98d8-f00638f07692-300x169.jpg 300w, https:\/\/www.radiopiu.net\/wordpress\/wp-content\/uploads\/2022\/11\/38528ea8-ab94-4e45-98d8-f00638f07692-1024x576.jpg 1024w, https:\/\/www.radiopiu.net\/wordpress\/wp-content\/uploads\/2022\/11\/38528ea8-ab94-4e45-98d8-f00638f07692-768x432.jpg 768w, https:\/\/www.radiopiu.net\/wordpress\/wp-content\/uploads\/2022\/11\/38528ea8-ab94-4e45-98d8-f00638f07692-1536x864.jpg 1536w\" sizes=\"auto, (max-width: 1600px) 100vw, 1600px\" \/><\/a><\/strong><\/p>\n<p><strong>\u00a0<\/strong><strong>\u00a0<\/strong><\/p>\n<p><strong>CANALE D&#8217;AGORDO<\/strong><\/p>\n<p>di Gianni Santomaso<\/p>\n<audio class=\"wp-audio-shortcode\" id=\"audio-307839-7\" preload=\"none\" style=\"width: 100%;\" controls=\"controls\"><source type=\"audio\/mpeg\" src=\"https:\/\/www.radiopiu.net\/wordpress\/wp-content\/uploads\/2022\/11\/GIANNI-DONATORI-DEL-SANGUE.mp3?_=7\" \/><a href=\"https:\/\/www.radiopiu.net\/wordpress\/wp-content\/uploads\/2022\/11\/GIANNI-DONATORI-DEL-SANGUE.mp3\">https:\/\/www.radiopiu.net\/wordpress\/wp-content\/uploads\/2022\/11\/GIANNI-DONATORI-DEL-SANGUE.mp3<\/a><\/audio>\n<p>&nbsp;<\/p>\n<p>&nbsp;<\/p>\n<p>&nbsp;<\/p>\n<p>&nbsp;<\/p>\n<hr \/>\n<p>&nbsp;<\/p>\n<p><strong>DI TIZIANO DE COL\u00a0<\/strong><\/p>\n\n\t\t\t<style type='text\/css'>\n\t\t\t\t#gallery-6 {\n\t\t\t\t\tmargin: auto;\n\t\t\t\t}\n\t\t\t\t#gallery-6 .gallery-item {\n\t\t\t\t\tfloat: left;\n\t\t\t\t\tmargin-top: 10px;\n\t\t\t\t\ttext-align: center;\n\t\t\t\t\twidth: 33%;\n\t\t\t\t}\n\t\t\t\t#gallery-6 img {\n\t\t\t\t\tborder: 2px solid #cfcfcf;\n\t\t\t\t}\n\t\t\t\t#gallery-6 .gallery-caption {\n\t\t\t\t\tmargin-left: 0;\n\t\t\t\t}\n\t\t\t\t\/* see gallery_shortcode() in wp-includes\/media.php *\/\n\t\t\t<\/style>\n\t\t<div id='gallery-6' class='dt-gallery-container gallery galleryid-307839 gallery-columns-3 gallery-size-thumbnail'><dl class='gallery-item'>\n\t\t\t\t<dt class='gallery-icon landscape'>\n\t\t\t\t\t<a class=\"rollover rollover-zoom dt-pswp-item\" title=\"92c21139-4ab8-416b-9a0b-2146deef42fb\" data-dt-img-description=\"\" data-large_image_width=\"590\" data-large_image_height=\"366\"href='https:\/\/www.radiopiu.net\/wordpress\/wp-content\/uploads\/2022\/11\/92c21139-4ab8-416b-9a0b-2146deef42fb.jpg'><img loading=\"lazy\" decoding=\"async\" width=\"150\" height=\"150\" src=\"https:\/\/www.radiopiu.net\/wordpress\/wp-content\/uploads\/2022\/11\/92c21139-4ab8-416b-9a0b-2146deef42fb-150x150.jpg\" class=\"attachment-thumbnail size-thumbnail\" alt=\"\" \/><\/a>\n\t\t\t\t<\/dt><\/dl><dl class='gallery-item'>\n\t\t\t\t<dt class='gallery-icon landscape'>\n\t\t\t\t\t<a class=\"rollover rollover-zoom dt-pswp-item\" title=\"e21e3c83-bbaa-4d3c-9edb-88deb39faec2\" data-dt-img-description=\"\" data-large_image_width=\"632\" data-large_image_height=\"357\"href='https:\/\/www.radiopiu.net\/wordpress\/wp-content\/uploads\/2022\/11\/e21e3c83-bbaa-4d3c-9edb-88deb39faec2.jpg'><img loading=\"lazy\" decoding=\"async\" width=\"150\" height=\"150\" src=\"https:\/\/www.radiopiu.net\/wordpress\/wp-content\/uploads\/2022\/11\/e21e3c83-bbaa-4d3c-9edb-88deb39faec2-150x150.jpg\" class=\"attachment-thumbnail size-thumbnail\" alt=\"\" \/><\/a>\n\t\t\t\t<\/dt><\/dl><dl class='gallery-item'>\n\t\t\t\t<dt class='gallery-icon landscape'>\n\t\t\t\t\t<a class=\"rollover rollover-zoom dt-pswp-item\" title=\"9a681889-614b-4d4f-a67b-344cc119f027\" data-dt-img-description=\"\" data-large_image_width=\"620\" data-large_image_height=\"412\"href='https:\/\/www.radiopiu.net\/wordpress\/wp-content\/uploads\/2022\/11\/9a681889-614b-4d4f-a67b-344cc119f027.jpg'><img loading=\"lazy\" decoding=\"async\" width=\"150\" height=\"150\" src=\"https:\/\/www.radiopiu.net\/wordpress\/wp-content\/uploads\/2022\/11\/9a681889-614b-4d4f-a67b-344cc119f027-150x150.jpg\" class=\"attachment-thumbnail size-thumbnail\" alt=\"\" \/><\/a>\n\t\t\t\t<\/dt><\/dl><br style=\"clear: both\" \/>\n\t\t\t<\/div>\n\n<p>&nbsp;<\/p>\n<blockquote class=\"wp-embedded-content\" data-secret=\"Od44D7Lws5\"><p><a href=\"https:\/\/www.radiopiu.net\/wordpress\/aziendazeronovembre23\/\">UNDICI DECESSI, 5248 NUOVI POSITIVI IN 24 ORE. RICOVERI IN NETTO AUMENTO<\/a><\/p><\/blockquote>\n<p><iframe loading=\"lazy\" class=\"wp-embedded-content\" sandbox=\"allow-scripts\" security=\"restricted\" style=\"position: absolute; clip: rect(1px, 1px, 1px, 1px);\" title=\"&#8220;UNDICI DECESSI, 5248 NUOVI POSITIVI IN 24 ORE. RICOVERI IN NETTO AUMENTO&#8221; &#8212; Radio Pi\u00f9\" src=\"https:\/\/www.radiopiu.net\/wordpress\/aziendazeronovembre23\/embed\/#?secret=HxhM8yIJFA#?secret=Od44D7Lws5\" data-secret=\"Od44D7Lws5\" width=\"600\" height=\"338\" frameborder=\"0\" marginwidth=\"0\" marginheight=\"0\" scrolling=\"no\"><\/iframe><\/p>\n<p>&nbsp;<\/p>\n<hr \/>\n<p>&nbsp;<\/p>\n<p>&nbsp;<\/p>\n<blockquote>\n<h3>Vaccinazione antinfluenzale: attive le prenotazioni<\/h3>\n<\/blockquote>\n<p><strong><a class=\"dt-pswp-item\" href=\"https:\/\/www.radiopiu.net\/wordpress\/wp-content\/uploads\/2021\/09\/vaccino-gravida.jpeg\" data-dt-img-description=\"\" data-large_image_width=\"735\" data-large_image_height=\"1018\"><img loading=\"lazy\" decoding=\"async\" class=\" wp-image-233519 alignleft\" src=\"https:\/\/www.radiopiu.net\/wordpress\/wp-content\/uploads\/2021\/09\/vaccino-gravida-217x300.jpeg\" alt=\"\" width=\"187\" height=\"259\" srcset=\"https:\/\/www.radiopiu.net\/wordpress\/wp-content\/uploads\/2021\/09\/vaccino-gravida-217x300.jpeg 217w, https:\/\/www.radiopiu.net\/wordpress\/wp-content\/uploads\/2021\/09\/vaccino-gravida.jpeg 735w\" sizes=\"auto, (max-width: 187px) 100vw, 187px\" \/><\/a>BELLUNO\u00a0 <\/strong>Prosegue con buoni risultati la campagna vaccinale antinfluenzale per la stagione 2022\/2023. Fino ad ora sono state seguite circa 25 mila dosi di vaccino. Nella importante fascia d&#8217;et\u00e0 over 65 anni il tasso di copertura attuale \u00e8 pari al 35%. La quasi totalit\u00e0 di queste vaccinazioni \u00e8 stata eseguita dai Medici di Famiglia. Sono disponibili per l&#8217;attivit\u00e0 vaccinale antinfluenzale, in analogia all&#8217;impegno sulla vaccinazione anti covid, anche le farmacie del territorio. Per favorire la pi\u00f9 ampia accessibilit\u00e0, il Dipartimento di Prevenzione ha attivato una prima serie di sedute straordinarie prenotabili da tutte le persone over 60 (classe di nascita 1962 e precedenti). Ecco di seguito le sedute organizzate, con prenotabilit\u00e0 gi\u00e0 attiva al link https:\/\/dolomiti.myprenota.it\/vaccinazioni\u00a0 Venerd\u00ec 25\/11\/22 dalle 9-13 CVP Salce ; Venerd&#8217; 25\/11\/22 dalle 14-18 Feltre &#8211; Padiglione Gaggia ; Marted\u00ec 29\/11\/22 dalle 14-17 CVP Salce; Gioved\u00ec 1\/12\/22 dalle 9-13 CVP Salce Gioved&#8217; 1\/12\/22 dalle 14-17 Cortina Centro Prelievi ; Venerd\u00ec 2\/12\/22 dalle 9-13 CVP Salce; Venerd\u00ec 2\/12\/22 dalle 14-18 Feltre &#8211; Padiglione Gaggia; Marted\u00ec 6\/12\/22 dalle 14-18 CVP Salce; Venerd&#8217; 9\/12\/22 dalle 9-13 CVP Salce; Venerd\u00ec 16\/12\/22 dalle 9-13 CVP Salce. <em>&#8220;L&#8217;arrivo della stagione fredda invita chi ancora non si \u00e8 vaccinato ad accedere con sollecitudine alla vaccinazione antinfluenzale. Il periodo che intercorre da oggi fino a Natale \u00e8 ancora utile per garantire, a favore di se stessi e dei propri cari, la protezione immunitaria contro l\u2019influenza\u201d osserva Maria Caterina De Marco direttore sanitario dell\u2019Ulss Dolomiti. \u201cLa campagna \u00e8 ancora pienamente in corso, ringrazio tutti i nostri medici di famiglia, i farmacisti del territorio e gli operatori dell\u2019ulss che stanno sostenendo questo sforzo organizzativo e operativo di fondamentale importanza per la salute dei cittadini\u201d.<\/em><\/p>\n<p>&nbsp;<\/p>\n<p>&nbsp;<\/p>\n<p>&nbsp;<\/p>\n<hr \/>\n<blockquote>\n<h3><\/h3>\n<h3>Movember: un Gmeet \u201ccon i baffi\u201d sul tumore alla prostata<\/h3>\n<\/blockquote>\n<p><strong>BELLUNO<\/strong>\u00a0 In occasione del mese di novembre, dedicato alla prevenzione della salute al maschile, l\u2019Ulss Dolomiti, in collaborazione con l\u2019Associazione Dolomiti Uomo, organizza per marted\u00ec 29 novembre 2022 alle ore 18.00 un Gmeet Online dal titolo \u201cNon facciamone un baffo. Tumore alla prostata: cosa c\u2019\u00e8 da sapere\u201d. Sar\u00e0 un\u2019occasione per parlare con gli esperti di prevenzione e delle novit\u00e0 nei percorsi di diagnosi e\u00a0 cura del tumore prostatico. Nello specifico, si parler\u00e0 di: Cos\u2019\u00e8 e come si previene il tumore alla prostata \u2013 Dr. Fable Zustovich; \u00a0Diagnosi e trattamento chirurgico del tumore alla prostata \u2013 Dr. Roberto Bertoldin; \u00a0Nuove metodiche in radioterapia \u2013 Dr. Alessandro Magli; \u00a0Il ruolo del volontariato nella prevenzione e nel sostegno durante la malattia \u2013 Dr. Daniele Xausa, Dolomiti Uomo<\/p>\n<p>L\u2019incontro online \u00e8 aperto a tutti i cittadini, per partecipare sar\u00e0 necessario collegarsi al link: meet.google.com\/qsb-mwfx-foz Per informazioni, \u00e8 possibile scrivere una mail all\u2019indirizzo: comunicazione@aulss1.veneto.it<\/p>\n<p>&nbsp;<\/p>\n<hr \/>\n<p>&nbsp;<\/p>\n<blockquote>\n<h3>CON I COMPLIMENTI DELLA ULSS1 DOLOMITI<\/h3>\n<\/blockquote>\n<p><strong>BELLUNO<\/strong> Complimenti agli atleti dei centri diurni \u201cLe Casette\u201d e \u201cVia Medaglie d\u2019Oro\u201d dell\u2019Ulss Dolomiti \u2013 distretto di Feltre che hanno ricevuto le tessere della FIB (Federazione Italiana Bocce) Grazie a una convenzione tra l\u2019Ulss Dolomiti e la Bocciofila A.S.D. Mugnai, quest\u2019anno i ragazzi dei Centri diurni possono cimentarsi nell\u2019attivit\u00e0 sportiva delle bocce al Bocciodromo di Feltre, partecipando al progetto \u201cBocciando si impara in sicurezza\u201d. Lo sport \u00e8 sempre occasione di inclusione e crescita, oltre a un ottimo mezzo per nuove amicizie e socialit\u00e0. L&#8217;ulss Dolomiti \u00a0ringrazia quanti \u00a0hanno permesso questa bella esperienza.<\/p>\n<div><a class=\"dt-pswp-item\" href=\"https:\/\/www.radiopiu.net\/wordpress\/wp-content\/uploads\/2022\/11\/tesseramento-bocce-22-1.jpg\" data-dt-img-description=\"\" data-large_image_width=\"1600\" data-large_image_height=\"1200\"><img loading=\"lazy\" decoding=\"async\" class=\"alignnone wp-image-307904 size-large\" src=\"https:\/\/www.radiopiu.net\/wordpress\/wp-content\/uploads\/2022\/11\/tesseramento-bocce-22-1-1024x768.jpg\" alt=\"\" width=\"1024\" height=\"768\" srcset=\"https:\/\/www.radiopiu.net\/wordpress\/wp-content\/uploads\/2022\/11\/tesseramento-bocce-22-1-1024x768.jpg 1024w, https:\/\/www.radiopiu.net\/wordpress\/wp-content\/uploads\/2022\/11\/tesseramento-bocce-22-1-300x225.jpg 300w, https:\/\/www.radiopiu.net\/wordpress\/wp-content\/uploads\/2022\/11\/tesseramento-bocce-22-1-768x576.jpg 768w, https:\/\/www.radiopiu.net\/wordpress\/wp-content\/uploads\/2022\/11\/tesseramento-bocce-22-1-1536x1152.jpg 1536w, https:\/\/www.radiopiu.net\/wordpress\/wp-content\/uploads\/2022\/11\/tesseramento-bocce-22-1.jpg 1600w\" sizes=\"auto, (max-width: 1024px) 100vw, 1024px\" \/>\u00a0<\/a><\/div>\n<div><\/div>\n<div><\/div>\n<div>\n<hr \/>\n<\/div>\n<div><\/div>\n<div><\/div>\n<blockquote>\n<h3>SMILE THINKING IL PROGETTO PROMOSSO DA AICS VENETO<\/h3>\n<\/blockquote>\n<div>\n<p><strong><a class=\"dt-pswp-item\" href=\"https:\/\/www.radiopiu.net\/wordpress\/wp-content\/uploads\/2022\/11\/51091237-d5f6-47d4-95fe-59657c1b35a3-1.jpg\" data-dt-img-description=\"\" data-large_image_width=\"2048\" data-large_image_height=\"1536\"><img loading=\"lazy\" decoding=\"async\" class=\" wp-image-307931 alignleft\" src=\"https:\/\/www.radiopiu.net\/wordpress\/wp-content\/uploads\/2022\/11\/51091237-d5f6-47d4-95fe-59657c1b35a3-1-300x225.jpg\" alt=\"\" width=\"220\" height=\"165\" srcset=\"https:\/\/www.radiopiu.net\/wordpress\/wp-content\/uploads\/2022\/11\/51091237-d5f6-47d4-95fe-59657c1b35a3-1-300x225.jpg 300w, https:\/\/www.radiopiu.net\/wordpress\/wp-content\/uploads\/2022\/11\/51091237-d5f6-47d4-95fe-59657c1b35a3-1-1024x768.jpg 1024w, https:\/\/www.radiopiu.net\/wordpress\/wp-content\/uploads\/2022\/11\/51091237-d5f6-47d4-95fe-59657c1b35a3-1-768x576.jpg 768w, https:\/\/www.radiopiu.net\/wordpress\/wp-content\/uploads\/2022\/11\/51091237-d5f6-47d4-95fe-59657c1b35a3-1-1536x1152.jpg 1536w, https:\/\/www.radiopiu.net\/wordpress\/wp-content\/uploads\/2022\/11\/51091237-d5f6-47d4-95fe-59657c1b35a3-1.jpg 2048w\" sizes=\"auto, (max-width: 220px) 100vw, 220px\" \/><\/a>BELLUNO<\/strong><\/p>\n<p><strong>DI DANIELE DALVIT<\/strong><\/p>\n<p>&nbsp;<\/p>\n<p>&nbsp;<\/p>\n<p>&nbsp;<\/p>\n<p>&nbsp;<\/p>\n<p><strong>AUDIO<\/strong><\/p>\n<audio class=\"wp-audio-shortcode\" id=\"audio-307839-8\" preload=\"none\" style=\"width: 100%;\" controls=\"controls\"><source type=\"audio\/mpeg\" src=\"https:\/\/www.radiopiu.net\/wordpress\/wp-content\/uploads\/2022\/11\/CSV-DANIELE-DAL-VITA.mp3?_=8\" \/><a href=\"https:\/\/www.radiopiu.net\/wordpress\/wp-content\/uploads\/2022\/11\/CSV-DANIELE-DAL-VITA.mp3\">https:\/\/www.radiopiu.net\/wordpress\/wp-content\/uploads\/2022\/11\/CSV-DANIELE-DAL-VITA.mp3<\/a><\/audio>\n<p>&nbsp;<\/p>\n<\/div>\n<div><\/div>\n<div>\n<hr \/>\n<\/div>\n<blockquote>\n<h3><\/h3>\n<h3><\/h3>\n<h3>UN ALTRO RICONOSCIMENTO PER CANZIO DUSI, ORIGINARIO DI BELLUNO<\/h3>\n<\/blockquote>\n<div>\n<p><strong>BELLUNO<\/strong><\/p>\n<p><strong>DI ROBERTO BONA\u00a0<\/strong><\/p>\n<audio class=\"wp-audio-shortcode\" id=\"audio-307839-9\" preload=\"none\" style=\"width: 100%;\" controls=\"controls\"><source type=\"audio\/mpeg\" src=\"https:\/\/www.radiopiu.net\/wordpress\/wp-content\/uploads\/2022\/11\/LA-STANZA-DEL-SOGNO-ROBERTO.mp3?_=9\" \/><a href=\"https:\/\/www.radiopiu.net\/wordpress\/wp-content\/uploads\/2022\/11\/LA-STANZA-DEL-SOGNO-ROBERTO.mp3\">https:\/\/www.radiopiu.net\/wordpress\/wp-content\/uploads\/2022\/11\/LA-STANZA-DEL-SOGNO-ROBERTO.mp3<\/a><\/audio>\n\n\t\t\t<style type='text\/css'>\n\t\t\t\t#gallery-7 {\n\t\t\t\t\tmargin: auto;\n\t\t\t\t}\n\t\t\t\t#gallery-7 .gallery-item {\n\t\t\t\t\tfloat: left;\n\t\t\t\t\tmargin-top: 10px;\n\t\t\t\t\ttext-align: center;\n\t\t\t\t\twidth: 33%;\n\t\t\t\t}\n\t\t\t\t#gallery-7 img {\n\t\t\t\t\tborder: 2px solid #cfcfcf;\n\t\t\t\t}\n\t\t\t\t#gallery-7 .gallery-caption {\n\t\t\t\t\tmargin-left: 0;\n\t\t\t\t}\n\t\t\t\t\/* see gallery_shortcode() in wp-includes\/media.php *\/\n\t\t\t<\/style>\n\t\t<div id='gallery-7' class='dt-gallery-container gallery galleryid-307839 gallery-columns-3 gallery-size-thumbnail'><dl class='gallery-item'>\n\t\t\t\t<dt class='gallery-icon portrait'>\n\t\t\t\t\t<a class=\"rollover rollover-zoom dt-pswp-item\" title=\"841c63e6-aa13-46bd-9cb9-cbcdcec8eda8\" data-dt-img-description=\"\" data-large_image_width=\"424\" data-large_image_height=\"656\"href='https:\/\/www.radiopiu.net\/wordpress\/wp-content\/uploads\/2022\/11\/841c63e6-aa13-46bd-9cb9-cbcdcec8eda8.jpg'><img loading=\"lazy\" decoding=\"async\" width=\"150\" height=\"150\" src=\"https:\/\/www.radiopiu.net\/wordpress\/wp-content\/uploads\/2022\/11\/841c63e6-aa13-46bd-9cb9-cbcdcec8eda8-150x150.jpg\" class=\"attachment-thumbnail size-thumbnail\" alt=\"\" \/><\/a>\n\t\t\t\t<\/dt><\/dl><dl class='gallery-item'>\n\t\t\t\t<dt class='gallery-icon landscape'>\n\t\t\t\t\t<a class=\"rollover rollover-zoom dt-pswp-item\" title=\"7aba6087-2a23-422e-bc2e-2de43fcd7202\" data-dt-img-description=\"\" data-large_image_width=\"640\" data-large_image_height=\"422\"href='https:\/\/www.radiopiu.net\/wordpress\/wp-content\/uploads\/2022\/11\/7aba6087-2a23-422e-bc2e-2de43fcd7202.jpg'><img loading=\"lazy\" decoding=\"async\" width=\"150\" height=\"150\" src=\"https:\/\/www.radiopiu.net\/wordpress\/wp-content\/uploads\/2022\/11\/7aba6087-2a23-422e-bc2e-2de43fcd7202-150x150.jpg\" class=\"attachment-thumbnail size-thumbnail\" alt=\"\" \/><\/a>\n\t\t\t\t<\/dt><\/dl>\n\t\t\t\t<br style='clear: both' \/>\n\t\t\t<\/div>\n\n<p>&nbsp;<\/p>\n<hr \/>\n<p>&nbsp;<\/p>\n<p>&nbsp;<\/p>\n<blockquote>\n<h3>L&#8217;ACTO TRIVENETO AL NOF FILO&#8217; DI CENCENIGHE IN OCCASIONE DELLA FIERA DI SANT&#8217;ANDREA<\/h3>\n<\/blockquote>\n<p><strong>DI GIANNI SANTOMASO\u00a0<\/strong><\/p>\n<p><a class=\"dt-pswp-item\" href=\"https:\/\/www.radiopiu.net\/wordpress\/wp-content\/uploads\/2021\/09\/Nof-Filo-scaled.jpg\" data-dt-img-description=\"\" data-large_image_width=\"2560\" data-large_image_height=\"1440\"><img loading=\"lazy\" decoding=\"async\" class=\"size-medium wp-image-232764 alignleft\" src=\"https:\/\/www.radiopiu.net\/wordpress\/wp-content\/uploads\/2021\/09\/Nof-Filo-300x169.jpg\" alt=\"\" width=\"300\" height=\"169\" srcset=\"https:\/\/www.radiopiu.net\/wordpress\/wp-content\/uploads\/2021\/09\/Nof-Filo-300x169.jpg 300w, https:\/\/www.radiopiu.net\/wordpress\/wp-content\/uploads\/2021\/09\/Nof-Filo-1024x576.jpg 1024w, https:\/\/www.radiopiu.net\/wordpress\/wp-content\/uploads\/2021\/09\/Nof-Filo-768x432.jpg 768w, https:\/\/www.radiopiu.net\/wordpress\/wp-content\/uploads\/2021\/09\/Nof-Filo-1536x864.jpg 1536w, https:\/\/www.radiopiu.net\/wordpress\/wp-content\/uploads\/2021\/09\/Nof-Filo-2048x1152.jpg 2048w\" sizes=\"auto, (max-width: 300px) 100vw, 300px\" \/><\/a>Sabato dalle 14,30 alle 15.30 al Nof Fil\u00f2 di Cencenighe, all\u2019interno della Fiera di Sant\u2019Andrea, ci sar\u00e0 uno spazio dedicato all\u2019Acto Triveneto per favorire un\u2019alleanza contro i tumori ginecologici. L\u2019Acto Triveneto \u00e8 una associazione di pazienti, alleata con i medici di tutti i \u00a0centri di eccellenza del Triveneto. Si tratta di una delle ultime reti nazionali di associazioni pazienti, costituita nel luglio 2022 da Petra De Zanet dopo che le \u00e8 stato diagnosticato un tumore ovarico al penultimo stadio e una doppia neoplasia al collo dovuta da Hpv (Papilloma Virus) ma non solo; le hanno comunicato anche di essere geneticamente mutata positiva e germinale al BRCA2. \u00abHo deciso di fare qualcosa per le donne \u2013 spiega Petra De Zanet, presidente di Acto Triveneto &#8211; se io mi trovavo in quella situazione era perch\u00e9 qui nel Triveneto fino ad allora nessuno ne aveva mai parlato. Ci sono tantissime campagne contro il tumore al seno, ma di tumore ovarico nessuno ne parla, nessuna informazione. Sapere cogliere i sintomi significa trovare la malattia in uno stadio meno avanzato, questo significa avere una guarigione maggiore della malattia\u00bb. Acto Triveneto ha deciso di stare al fianco delle donne colpite da tumore ovarico o da altri tumori ginecologici fornendo servizi di &#8220;cura oltre le cure &#8221; finalizzati al miglioramento della loro qualit\u00e0 di vita. Di questo si parler\u00e0 nel breve convegno di sabato a Cencenighe durante il quale accanto a Petra De Zanet ci sar\u00e0 anche la dottoressa Laura Favretti dell\u2019ospedale di Feltre.<\/p>\n<\/div>\n<div><\/div>\n<p>&nbsp;<\/p>\n<hr \/>\n<p>&nbsp;<\/p>\n<blockquote>\n<h3><a class=\"dt-pswp-item\" href=\"https:\/\/www.radiopiu.net\/wordpress\/wp-content\/uploads\/2022\/11\/Assessore-Buttignon-con-Presidente-OstTirol-.jpeg\" data-dt-img-description=\"\" data-large_image_width=\"1024\" data-large_image_height=\"768\"><img loading=\"lazy\" decoding=\"async\" class=\" wp-image-307876 alignleft\" src=\"https:\/\/www.radiopiu.net\/wordpress\/wp-content\/uploads\/2022\/11\/Assessore-Buttignon-con-Presidente-OstTirol--300x225.jpeg\" alt=\"\" width=\"152\" height=\"114\" srcset=\"https:\/\/www.radiopiu.net\/wordpress\/wp-content\/uploads\/2022\/11\/Assessore-Buttignon-con-Presidente-OstTirol--300x225.jpeg 300w, https:\/\/www.radiopiu.net\/wordpress\/wp-content\/uploads\/2022\/11\/Assessore-Buttignon-con-Presidente-OstTirol--768x576.jpeg 768w, https:\/\/www.radiopiu.net\/wordpress\/wp-content\/uploads\/2022\/11\/Assessore-Buttignon-con-Presidente-OstTirol-.jpeg 1024w\" sizes=\"auto, (max-width: 152px) 100vw, 152px\" \/><\/a>INCONTRO A LIENZ CON L\u2019ENTE TURISMO OSTTIROL<\/h3>\n<\/blockquote>\n<p><strong>BELLUNO <\/strong>\u201cStiamo lavorando ad una politica di area vasta per la montagna, per farci trovare pronti in vista dei prossimi bandi Interreg\u201d. Sono le parole dell\u2019assessore ai fondi nazionali ed europei Simonetta Buttignon a margine dell\u2019incontro dei giorni scorsi a Lienz con il presidente dell\u2019ente turistico pi\u00f9 grande dell\u2019AustriaFranz Theurl.<\/p>\n<p>&nbsp;<\/p>\n<p>&nbsp;<\/p>\n<hr \/>\n<p>&nbsp;<\/p>\n<blockquote>\n<h3>UNCEM: PER IL BLACK FRIDAY SCEGLIERE IL NEGOZIO SOTTO CASA<\/h3>\n<\/blockquote>\n<p><strong><a class=\"dt-pswp-item\" href=\"https:\/\/www.radiopiu.net\/wordpress\/wp-content\/uploads\/2020\/11\/logoUNCEM_no_scritta-wdtr.jpg\" data-dt-img-description=\"\" data-large_image_width=\"640\" data-large_image_height=\"640\"><img loading=\"lazy\" decoding=\"async\" class=\"wp-image-170846 alignleft\" src=\"https:\/\/www.radiopiu.net\/wordpress\/wp-content\/uploads\/2020\/11\/logoUNCEM_no_scritta-wdtr-300x300.jpg\" alt=\"\" width=\"151\" height=\"151\" srcset=\"https:\/\/www.radiopiu.net\/wordpress\/wp-content\/uploads\/2020\/11\/logoUNCEM_no_scritta-wdtr-300x300.jpg 300w, https:\/\/www.radiopiu.net\/wordpress\/wp-content\/uploads\/2020\/11\/logoUNCEM_no_scritta-wdtr-150x150.jpg 150w, https:\/\/www.radiopiu.net\/wordpress\/wp-content\/uploads\/2020\/11\/logoUNCEM_no_scritta-wdtr.jpg 640w\" sizes=\"auto, (max-width: 151px) 100vw, 151px\" \/><\/a>ROMA<\/strong> &#8220;Il black friday \u00e8 solo nei negozi del tuo territorio&#8221;. Gli acquisti solo sotto casa, e non sulle grandi piattaforme di logistica e mega siti web. Salviamo i negozi, che nei paesi sono sempre meno, pi\u00f9 deboli visto che oltre 200 Comuni in Italia non hanno pi\u00f9 negozi e bar. Altri 500 sono a rischio. Servono azioni politiche per valorizzare chi c&#8217;\u00e8 ancora, salvare mercati ed esercenti, ma anche una azione culturale tra i cittadini \u00e8 necessaria. Uncem la lancia con un claim e un&#8217;immagine che oggi viene veicolata a tutti i Comuni e ai negozi dei territori. &#8220;La usino per spiegare che il black friday on line \u00e8 distruttivo per l&#8217;economia delle citt\u00e0 e dei paesi &#8211; conferma Marco Bussone, Presidente Uncem &#8211; invito a tutti a comprare nei negozi del proprio territorio, a comprare sotto casa. Sempre di pi\u00f9. Quando lanciammo, con la Camera di Commercio, la campagna &#8216;Compra in valle, il tuo paese, la montagna vivr\u00e0&#8217;, dieci anni fa, vi \u00e8 stata una grande attenzione culturale, che \u00e8 cresciuta. Forse non \u00e8 servita come avremmo voluto per aiutare il commercio di vicinato, sotto casa, dei paesi, ma dobbiamo crederci e fare di pi\u00f9. Ripartiamo oggi nella settimana del #blackfriday. Da fare, come gli acquisti di Natale, nei negozi della valle, del territorio, dei paesi e delle citt\u00e0&#8221;.<\/p>\n<p>&nbsp;<\/p>\n<p>&nbsp;<\/p>\n<hr \/>\n<p>&nbsp;<\/p>\n<blockquote>\n<h3>RISCALDAMENTO A LEGNA E INQUINAMENTO DELL&#8217;ARIA IN UNA SERATAS INFORMATIVA<\/h3>\n<\/blockquote>\n<p><strong><a class=\"dt-pswp-item\" href=\"https:\/\/www.radiopiu.net\/wordpress\/wp-content\/uploads\/2020\/12\/FUOCO-LEGNA.jpg\" data-dt-img-description=\"\" data-large_image_width=\"1920\" data-large_image_height=\"1280\"><img loading=\"lazy\" decoding=\"async\" class=\" wp-image-179419 alignleft\" src=\"https:\/\/www.radiopiu.net\/wordpress\/wp-content\/uploads\/2020\/12\/FUOCO-LEGNA-300x200.jpg\" alt=\"\" width=\"164\" height=\"109\" srcset=\"https:\/\/www.radiopiu.net\/wordpress\/wp-content\/uploads\/2020\/12\/FUOCO-LEGNA-300x200.jpg 300w, https:\/\/www.radiopiu.net\/wordpress\/wp-content\/uploads\/2020\/12\/FUOCO-LEGNA-1024x683.jpg 1024w, https:\/\/www.radiopiu.net\/wordpress\/wp-content\/uploads\/2020\/12\/FUOCO-LEGNA-768x512.jpg 768w, https:\/\/www.radiopiu.net\/wordpress\/wp-content\/uploads\/2020\/12\/FUOCO-LEGNA-1536x1024.jpg 1536w, https:\/\/www.radiopiu.net\/wordpress\/wp-content\/uploads\/2020\/12\/FUOCO-LEGNA.jpg 1920w\" sizes=\"auto, (max-width: 164px) 100vw, 164px\" \/><\/a>PONTE NELLE ALPI <\/strong>Nuovo incontro informativo, su tematiche di stampo ambientale, promosso dall\u2019amministrazione comunale di Ponte nelle Alpi: domani alle 20:30, nella sala Pro Loco del Parco Ex Casa Rossa, si parler\u00e0 di \u201cRiscaldamento a legna: vantaggi, incentivi, inquinare meno\u201d, con un esperto in materia come Mauro Moretto dello Sportello Pubblichenergie.<span class=\"gmail-Apple-converted-space\"> \u00a0<\/span>\u00ab<em>Sar\u00e0 anche l\u2019occasione per rendere noto il risultato legato al monitoraggio della qualit\u00e0 dell\u2019aria &#8211; spiega l\u2019assessore comunale all\u2019Ambiente, Pierluigi Dal Borgo &#8211; promosso da Arpav nei mesi estivi del 2021. E in quelli invernali, a cavallo tra il 2021 e il 2022\u00bb. In questo periodo di tempo, un\u2019apposita stazione \u00e8 stata installata nei pressi del Parco Ex Casa Rossa: \u00abDalla mappatura \u00e8 emersa una criticit\u00e0 relativa al benzopirene, con una concentrazione media pi\u00f9 alta rispetto ai limiti previsti: nello specifico, il dato \u00e8 di 2,2 nanogrammi, mentre il limite nazionale su indicazione europea \u00e8 di 1 grammo<\/em>\u00bb.<span class=\"gmail-Apple-converted-space\"> \u00a0<\/span>Emerge un sensibile scostamento, in termini di qualit\u00e0 dell\u2019aria, tra estate e inverno: \u00ab<em>E la causa risiede proprio nella biomassa. Nel momento in cui si accendono le caldaie, sale il livello di benzopirene, uno degli idrocarburi che provocano tumori polmonari e non solo. Il problema, quindi, ci interessa da vicino non solo per una questione strettamente ambientale, ma anche medico-sanitaria<\/em>\u00bb.<span class=\"gmail-Apple-converted-space\">\u00a0<\/span><\/p>\n<p>&nbsp;<\/p>\n<p>&nbsp;<\/p>\n<p>&nbsp;<\/p>\n<hr \/>\n<p>&nbsp;<\/p>\n<p>&nbsp;<\/p>\n<blockquote>\n<h3>L&#8217;ABM IN VISITA ALL&#8217;EUROPARLAMENTO<\/h3>\n<\/blockquote>\n<p><strong><a class=\"dt-pswp-item\" href=\"https:\/\/www.radiopiu.net\/wordpress\/wp-content\/uploads\/2022\/11\/comitiva_abm_a-bruxelles.jpg\" data-dt-img-description=\"\" data-large_image_width=\"1024\" data-large_image_height=\"768\"><img loading=\"lazy\" decoding=\"async\" class=\" wp-image-307883 alignleft\" src=\"https:\/\/www.radiopiu.net\/wordpress\/wp-content\/uploads\/2022\/11\/comitiva_abm_a-bruxelles-300x225.jpg\" alt=\"\" width=\"223\" height=\"167\" srcset=\"https:\/\/www.radiopiu.net\/wordpress\/wp-content\/uploads\/2022\/11\/comitiva_abm_a-bruxelles-300x225.jpg 300w, https:\/\/www.radiopiu.net\/wordpress\/wp-content\/uploads\/2022\/11\/comitiva_abm_a-bruxelles-768x576.jpg 768w, https:\/\/www.radiopiu.net\/wordpress\/wp-content\/uploads\/2022\/11\/comitiva_abm_a-bruxelles.jpg 1024w\" sizes=\"auto, (max-width: 223px) 100vw, 223px\" \/><\/a>BELLUNO<\/strong> Una delegazione formata da una quindicina di giovani bellunesi e da alcuni rappresentanti del Consiglio direttivo dell\u2019Associazione Bellunesi nel Mondo, accompagnati dal presidente Oscar De Bona, si \u00e8 recata, a met\u00e0 novembre, in visita al Parlamento Europeo di Bruxelles. L\u2019incontro \u00e8 stato propiziato dall\u2019eurodeputata, on. Rosanna Conte, la quale, durante la Festa dei bellunesi nel mondo tenutasi a Sospirolo, l\u2019estate scorsa, aveva rivolto l\u2019invito al nostro presidente. Nonostante si sia trattato di una visita fugace, il gruppo \u00e8 rientrato a Belluno con un bagaglio di conoscenze e di entusiasmo arricchito dall\u2019esperienza. Gli assistenti dell\u2019onorevole hanno accolto e guidato il gruppo alla visita ai palazzi dell\u2019Europarlamento; dapprima, un percorso multimediale ha introdotto la nascita e lo sviluppo del Mercato comune europeo, sottolineando gli eventi storici che si trovano alla base di tale fondazione. A margine dell\u2019incontro, il presidente De Bona, approfittando dell\u2019invito dell\u2019onorevole Conte e della presentazione al collega Alessandro Panza, responsabile delle politiche per le aree di montagna del gruppo Identit\u00e0 e Democrazia, ha colto l\u2019occasione per sollecitare la realizzazione dell\u2019autonomia della Regione Veneto, che si estenderebbe quindi anche alla provincia di Belluno, permettendole di godere di maggiori competenze. Altri temi trattati sono stati lo spopolamento della montagna, che urge di interventi, a prescindere dall\u2019autonomia, la cui realizzazione prevede tempi troppo lunghi; l\u2019Abm, ha ricordato De Bona, da sempre, appoggia gli interventi che possano accelerare i miglioramenti infrastrutturali, ferroviari e stradali della provincia. Infine, il presidente De Bona ha raccomandato ai due europarlamentari di tenere conto delle comunit\u00e0 italiane residenti all\u2019estero, considerandole una risorsa; esse andrebbero valorizzate e \u201cutilizzate\u201d molto di pi\u00f9, perch\u00e9 potrebbero facilitare gli interscambi commerciali tra l\u2019Italia e i Paesi dove si trovano.<\/p>\n<p>&nbsp;<\/p>\n<hr \/>\n<p>&nbsp;<\/p>\n<p>&nbsp;<\/p>\n<blockquote>\n<h3 align=\"JUSTIFY\"><span style=\"font-size: large;\"><b>Dalle Madonie alle Dolomiti, la granita siciliana sbarca alla Mig di Longarone<\/b><\/span><\/h3>\n<\/blockquote>\n<p><span style=\"font-size: medium;\"><i><b>Alla Mostra del gelato artigianale si parler\u00e0 di ghiaccio, sostenibilit\u00e0 ambientale e climate change con il Premio MIG Green<\/b><\/i><\/span><\/p>\n<p align=\"JUSTIFY\"><strong><a class=\"dt-pswp-item\" href=\"https:\/\/www.radiopiu.net\/wordpress\/wp-content\/uploads\/2022\/11\/20211201-Primo-premio-green-MIG-2021-esposizione.jpg\" data-dt-img-description=\"\" data-large_image_width=\"2500\" data-large_image_height=\"1667\"><img loading=\"lazy\" decoding=\"async\" class=\" wp-image-307896 alignleft\" src=\"https:\/\/www.radiopiu.net\/wordpress\/wp-content\/uploads\/2022\/11\/20211201-Primo-premio-green-MIG-2021-esposizione-300x200.jpg\" alt=\"\" width=\"257\" height=\"171\" srcset=\"https:\/\/www.radiopiu.net\/wordpress\/wp-content\/uploads\/2022\/11\/20211201-Primo-premio-green-MIG-2021-esposizione-300x200.jpg 300w, https:\/\/www.radiopiu.net\/wordpress\/wp-content\/uploads\/2022\/11\/20211201-Primo-premio-green-MIG-2021-esposizione-1024x683.jpg 1024w, https:\/\/www.radiopiu.net\/wordpress\/wp-content\/uploads\/2022\/11\/20211201-Primo-premio-green-MIG-2021-esposizione-768x512.jpg 768w, https:\/\/www.radiopiu.net\/wordpress\/wp-content\/uploads\/2022\/11\/20211201-Primo-premio-green-MIG-2021-esposizione-1536x1024.jpg 1536w, https:\/\/www.radiopiu.net\/wordpress\/wp-content\/uploads\/2022\/11\/20211201-Primo-premio-green-MIG-2021-esposizione-2048x1366.jpg 2048w\" sizes=\"auto, (max-width: 257px) 100vw, 257px\" \/><\/a>LONGARONE<\/strong> Veneto e Sicilia unite dal \u201csottozero\u201d. Alla Mig 2022 arriva una novit\u00e0: la granita siciliana. In era di climate change, il dolce di ghiaccio tocca latitudini sempre pi\u00f9 lontane. E la diffusione ha raggiunto ormai anche i Paesi del centro e nord Europa, da sempre appassionati di gelato. Ecco perch\u00e9 la Mostra internazionale del gelato artigianale (di scena a Longarone Fiere dal 27 al 30 novembre) dedica uno spazio proprio alla granita. Sotto l\u2019egida di Gelato Officinale &#8211; realt\u00e0 fondata dallo chef glacier Maurizio Valguarnera, docente di Vegan Academy &#8211; prender\u00e0 forma alla Mig un nuovo evento sulla granita siciliana, che trova i suoi presupposti in due elementi caratterizzanti: il freddo e l\u2019acqua, trait d\u2019union tra le Madonie e le Dolomiti. La grande bellezza dei due scenari naturali sar\u00e0 ricreata nel grande gusto dei prodotti genuini portati a Longarone direttamente dalla terra siciliana, all\u2019interno dello spazio \u201cArcipelago Sicilia\u201d. <b>PREMIO GREEN MIG <\/b>In ambito di sostenibilit\u00e0 verr\u00e0 proposto anche il \u201cPremio MIG Green\u201d, alla gelateria pi\u00f9 attenta alle tematiche ambientali. Il riconoscimento intende stimolare e sostenere l\u2019attenzione, la ricerca e l\u2019innovazione tecnologica nei prodotti, nei processi e nelle attrezzature, nei macchinari e negli arredi, ma anche nei servizi collegati all\u2019attivit\u00e0 di gelateria artigianale.<\/p>\n<p>&nbsp;<\/p>\n<hr \/>\n<p>&nbsp;<\/p>\n<blockquote>\n<h3>UN NUOVO CONCORSO CON LA POLIZIA DI STATO<\/h3>\n<\/blockquote>\n<p><strong>BELLUNO\u00a0<\/strong> Nella Gazzetta Ufficiale della Repubblica Italiana \u00e8 stato pubblicato il bando di concorso pubblico, per titoli ed esami, per l\u2019assunzione di 45 medici della carriera dei medici della Polizia di Stato. La domanda di partecipazione al concorso deve essere compilata e trasmessa utilizzando la procedura informatica disponibile all\u2019indirizzo\u00a0 <span style=\"color: #0000ff;\">concorsionline.poliziadistato.it.<\/span><\/p>\n<p>&nbsp;<\/p>\n<p>&nbsp;<\/p>\n<hr \/>\n<p><a class=\"dt-pswp-item\" href=\"https:\/\/www.radiopiu.net\/wordpress\/wp-content\/uploads\/2022\/03\/FOLLADOR-AGORDO-1.jpg\" data-dt-img-description=\"\" data-large_image_width=\"1280\" data-large_image_height=\"720\"><img loading=\"lazy\" decoding=\"async\" class=\"size-medium wp-image-267095 alignleft\" src=\"https:\/\/www.radiopiu.net\/wordpress\/wp-content\/uploads\/2022\/03\/FOLLADOR-AGORDO-1-300x169.jpg\" alt=\"\" width=\"300\" height=\"169\" srcset=\"https:\/\/www.radiopiu.net\/wordpress\/wp-content\/uploads\/2022\/03\/FOLLADOR-AGORDO-1-300x169.jpg 300w, https:\/\/www.radiopiu.net\/wordpress\/wp-content\/uploads\/2022\/03\/FOLLADOR-AGORDO-1-1024x576.jpg 1024w, https:\/\/www.radiopiu.net\/wordpress\/wp-content\/uploads\/2022\/03\/FOLLADOR-AGORDO-1-768x432.jpg 768w, https:\/\/www.radiopiu.net\/wordpress\/wp-content\/uploads\/2022\/03\/FOLLADOR-AGORDO-1.jpg 1280w\" sizes=\"auto, (max-width: 300px) 100vw, 300px\" \/><\/a><\/p>\n<p><strong>SCUOLA APERTA AL FOLLADOR DI AGORDO, L&#8217;INVITO ALLA RADIO DEGLI STUDENTI DELLA SCUOLA AGORDINA, DALLA PROSSIMA SETTIMANA LE VOCI CI INSEGNANTI ALUNNI ED EX AL<span style=\"color: #ff0000;\">UNNI.<\/span><\/strong><\/p>\n<audio class=\"wp-audio-shortcode\" id=\"audio-307839-10\" preload=\"none\" style=\"width: 100%;\" controls=\"controls\"><source type=\"audio\/mpeg\" src=\"https:\/\/www.radiopiu.net\/wordpress\/wp-content\/uploads\/2022\/11\/FOLLADOR-4.mp3?_=10\" \/><a href=\"https:\/\/www.radiopiu.net\/wordpress\/wp-content\/uploads\/2022\/11\/FOLLADOR-4.mp3\">https:\/\/www.radiopiu.net\/wordpress\/wp-content\/uploads\/2022\/11\/FOLLADOR-4.mp3<\/a><\/audio>\n<p><span style=\"color: #ff0000;\">DALLA PROSSIMA SETTIMANA ALLA RADIO, ALLE NOVE DEL MATTINO LO SPECIALE QUOTIDIANO IN OTTO PUNTATE PER CONSOCERE A FONDO L&#8217;OFFERTA SCOLASTICA DALL&#8217;AGORDINO<\/span><\/p>\n<hr \/>\n<blockquote>\n<h3><\/h3>\n<h3>VARIAZIONI AL BILANCIO E COMUNICAZIONI DI PAOLO FRENA<\/h3>\n<\/blockquote>\n<p><strong>AGORDO<\/strong>\u00a0 Il consiglio dell&#8217;Unione Montana Agordina \u00e8 convocato per luned\u00ec alle 20 in sala Don Tamis. Due i punti sui quali deliberare, il provvedimento di variazione al bilancio di esercizio e le comunicazioni del Presidente Paolo Frena. In diretta sul sito internet e\u00a0 canali facebook di RADIOPIU<\/p>\n<p>&nbsp;<\/p>\n<hr \/>\n<p>&nbsp;<\/p>\n<blockquote>\n<h3>I CONSIGLI COMUNALI NELL&#8217;AGORDINO<\/h3>\n<\/blockquote>\n<p><strong>SELVA DI CADORE<\/strong> Il sindaco di Selva Di Cadore Luca Lorenzini ha convocato il consiglio comunale per domani alle 18. Saranno 6 i punti da discutere nella sala consigliare. Tra questi due variazioni al bilancio, la modifica del regolamento sull&#8217;imposta di soggiorno, l&#8217;assemblea ordinaria della societ\u00e0 Val Fiorentina SPA e l&#8217;approvazione della convenzione per l&#8217;istituzione e gestione della centrale unica di committenza con l&#8217;Unione Montana Agordina.<\/p>\n<p><strong>CANALE D&#8217;AGORDO<\/strong> Mercoled\u00ec nella sala Lina Zand\u00f2 di Canale D&#8217;Agordo \u00e8 stato convocato il consiglio comunale. Il sindaco Flavio Colcergnan ha chiamato a rapporto i consiglieri per trattare 5 punti tra cui una variazione a bilancio, il regolamento per l&#8217;utilizzo delle baite, casere e casogn del comune e il regolamento comunale sul procedimento amministrativo.<\/p>\n<p><strong>FALCADE<\/strong> Il sindaco di Falcade Mauro Salvaterra ha convocato il consiglio comunale per marted\u00ec alle 20 in sala del Municipio. Tre punti da discutere, tra questi una variazione al bilancio e l&#8217;approvazione della bozza di convenzione con il Ministero della Giustizia per lo svolgimento di lavoro di pubblica utilit\u00e0.<\/p>\n<p><strong>ROCCA PIETORE <\/strong>Martedi 29 dicembre alle 18 consiglio comunale, in discussione la variazione al bilancio di previsione, l&#8217;approvazione della trasformazione del consorzio Dolomiti nella Fondazione Dmo Dolomiti e le interrogazioni di Diana Iraci Borgia Mandolini sui lavori di messa in sicurezza del Ru Sass Negher e sulla messa in sicurezza della frazione di Col di Rocca dal pericolo valanghivo.<\/p>\n<p>&nbsp;<\/p>\n<p>&nbsp;<\/p>\n<hr \/>\n<p>&nbsp;<\/p>\n<blockquote>\n<h3><span dir=\"ltr\" role=\"presentation\">AIUTI FINALIZZATI<\/span> <span dir=\"ltr\" role=\"presentation\">ALL&#8217;ACQUISTO<\/span> <span dir=\"ltr\" role=\"presentation\">DI <\/span><span dir=\"ltr\" role=\"presentation\">GENERI ALIMENTARI O PRODOTTI DI PRIMA<\/span> <span dir=\"ltr\" role=\"presentation\">NECESSIT\u00c0<\/span><\/h3>\n<\/blockquote>\n<p><strong>ALLEGHE<\/strong> Le<span dir=\"ltr\" role=\"presentation\"> persone e le famiglie residenti nel Comune che<\/span><span dir=\"ltr\" role=\"presentation\">, a causa degli effetti economici <\/span><span dir=\"ltr\" role=\"presentation\">derivanti dall\u2019emergenza epidemiologica<\/span> <span dir=\"ltr\" role=\"presentation\">dovuta alla diffusione del virus Covid<\/span><span dir=\"ltr\" role=\"presentation\">&#8211;<\/span><span dir=\"ltr\" role=\"presentation\">19,<\/span> <span dir=\"ltr\" role=\"presentation\">si trovino in uno <\/span><span dir=\"ltr\" role=\"presentation\">stato di bisogno per soddisfare le necessit\u00e0 pi\u00f9 urgenti ed essenziali<\/span><span dir=\"ltr\" role=\"presentation\">, <\/span><span dir=\"ltr\" role=\"presentation\">possono<\/span> <span dir=\"ltr\" role=\"presentation\">chiedere che vengano loro riconosciuti i buoni spesa per l&#8217;acquisto di generi alimentari o prodotti di prima necessit\u00e0. L<\/span><span dir=\"ltr\" role=\"presentation\">\u2019entit\u00e0 dell\u2019importo verr\u00e0 definito con successivo <\/span><span dir=\"ltr\" role=\"presentation\">provvedimento, partendo da un<\/span> <span dir=\"ltr\" role=\"presentation\">importo minimo di 50euro<\/span><span dir=\"ltr\" role=\"presentation\">, sulla base del numero dei <\/span><span dir=\"ltr\" role=\"presentation\">componenti il nucleo familiare e in consi<\/span><span dir=\"ltr\" role=\"presentation\">derazione delle necessit\u00e0 dichiarate dal richiedente. <\/span><span dir=\"ltr\" role=\"presentation\">Le richieste, <\/span><span dir=\"ltr\" role=\"presentation\">redatte sull\u2019apposito modulo dovranno <\/span><span dir=\"ltr\" role=\"presentation\">p<\/span><span dir=\"ltr\" role=\"presentation\">ervenire<\/span> <span dir=\"ltr\" role=\"presentation\">al<\/span> <span dir=\"ltr\" role=\"presentation\">Comune<\/span> <span dir=\"ltr\" role=\"presentation\">di<\/span> <span dir=\"ltr\" role=\"presentation\">Alleghe<\/span> <span dir=\"ltr\" role=\"presentation\">mediante<\/span> <span dir=\"ltr\" role=\"presentation\">invio<\/span> <span dir=\"ltr\" role=\"presentation\">di<\/span> <span dir=\"ltr\" role=\"presentation\">posta<\/span> <span dir=\"ltr\" role=\"presentation\">elettronica, s<\/span><span dir=\"ltr\" role=\"presentation\">olo via residuale<\/span> <span dir=\"ltr\" role=\"presentation\">la domanda potr\u00e0 essere presentata telefonicamente allo<\/span>\u00a0<span dir=\"ltr\" role=\"presentation\">0437 <\/span><span dir=\"ltr\" role=\"presentation\">523300<\/span> <span dir=\"ltr\" role=\"presentation\">dal luned\u00ec al venerd\u00ec<\/span> <span dir=\"ltr\" role=\"presentation\">dalle 8 alle 10<\/span><span dir=\"ltr\" role=\"presentation\">. <\/span><span dir=\"ltr\" role=\"presentation\">Il modulo \u00e8 scaricabile dal sito internet<\/span> <span dir=\"ltr\" role=\"presentation\">www.comune.alleghe.bl.it<\/span><span dir=\"ltr\" role=\"presentation\">, oppure ritirabile presso gli esercizi <\/span><span dir=\"ltr\" role=\"presentation\">comunali dei generi alimentari del territorio.<\/span><\/p>\n<p>&nbsp;<\/p>\n<hr \/>\n<p>&nbsp;<\/p>\n<blockquote>\n<h3>60 ANNI DI CORO MINIMO BELLUNESE<\/h3>\n<\/blockquote>\n<p><strong><a class=\"dt-pswp-item\" href=\"https:\/\/www.radiopiu.net\/wordpress\/wp-content\/uploads\/2022\/11\/Senza-nome-98.jpg\" data-dt-img-description=\"\" data-large_image_width=\"215\" data-large_image_height=\"204\"><img loading=\"lazy\" decoding=\"async\" class=\" wp-image-307892 alignleft\" src=\"https:\/\/www.radiopiu.net\/wordpress\/wp-content\/uploads\/2022\/11\/Senza-nome-98.jpg\" alt=\"\" width=\"197\" height=\"187\" \/><\/a>BELLUNO<\/strong> Impedito dalla pandemia a celebrare i sessant\u2019anni di attivit\u00e0 lo scorso anno, il Coro Minimo Bellunese si accinge a farlo con una serie di manifestazioni in calendario nelle prossime settimane. L\u2019apertura degli eventi sar\u00e0 dedicata al ricordo di tutti coloro i quali ne hanno fatto parte e sono scomparsi: i direttori Lamberto Pietrop\u00f2li (fondatore) e Edoardo Gazze- ra; i presidenti Loris De Moliner, Nino Bolzan, Lidio Barp e Ferruccio Zampieri ed i vari coristi. L\u2019appuntamento \u00e8 fissato per sabato 26 novembre alle 19 nella chiesa cittadina di S. Stefano dove sar\u00e0 officiata una messa in suffragio di maestri e coristi che sono \u201candati avanti\u201d e che sar\u00e0 animata dai canti del Coro. Tutti i parenti, gli amici e coloro i quali hanno sostenuto il Coro Minimo Bellunese nel corso di questi sessant\u2019anni sono invitati a partecipare. La successiva iniziativa sar\u00e0 il concerto di Natale in programma per domenica 18 dicembre, con inizio alle 17.30, al Teatro Comunale di Belluno<\/p>\n<p>&nbsp;<\/p>\n<p>&nbsp;<\/p>\n<hr \/>\n<p>&nbsp;<\/p>\n<blockquote>\n<h3>WILLIAM ALLA ATENE-SPARTA-ATENE IL RACCONTO ALLA RADIO<\/h3>\n<\/blockquote>\n<blockquote>\n<h3>PUNTATA 3 ALLE CINQUE LA PARTENZA<br \/>\nfoto video audio Federico De Col<\/h3>\n<\/blockquote>\n<div style=\"width: 640px;\" class=\"wp-video\"><video class=\"wp-video-shortcode\" id=\"video-307839-1\" width=\"640\" height=\"352\" preload=\"metadata\" controls=\"controls\"><source type=\"video\/mp4\" src=\"https:\/\/www.radiopiu.net\/wordpress\/wp-content\/uploads\/2022\/11\/WhatsApp-Video-2022-11-24-at-06.29.14-1.mp4?_=1\" \/><a href=\"https:\/\/www.radiopiu.net\/wordpress\/wp-content\/uploads\/2022\/11\/WhatsApp-Video-2022-11-24-at-06.29.14-1.mp4\">https:\/\/www.radiopiu.net\/wordpress\/wp-content\/uploads\/2022\/11\/WhatsApp-Video-2022-11-24-at-06.29.14-1.mp4<\/a><\/video><\/div>\n<p>&nbsp;<\/p>\n<p><strong>AUDIO<\/strong><\/p>\n<audio class=\"wp-audio-shortcode\" id=\"audio-307839-11\" preload=\"none\" style=\"width: 100%;\" controls=\"controls\"><source type=\"audio\/mpeg\" src=\"https:\/\/www.radiopiu.net\/wordpress\/wp-content\/uploads\/2022\/11\/WILLIAM-PARTITO.mp3?_=11\" \/><a href=\"https:\/\/www.radiopiu.net\/wordpress\/wp-content\/uploads\/2022\/11\/WILLIAM-PARTITO.mp3\">https:\/\/www.radiopiu.net\/wordpress\/wp-content\/uploads\/2022\/11\/WILLIAM-PARTITO.mp3<\/a><\/audio>\n<p>&nbsp;<\/p>\n\n\t\t\t<style type='text\/css'>\n\t\t\t\t#gallery-8 {\n\t\t\t\t\tmargin: auto;\n\t\t\t\t}\n\t\t\t\t#gallery-8 .gallery-item {\n\t\t\t\t\tfloat: left;\n\t\t\t\t\tmargin-top: 10px;\n\t\t\t\t\ttext-align: center;\n\t\t\t\t\twidth: 50%;\n\t\t\t\t}\n\t\t\t\t#gallery-8 img {\n\t\t\t\t\tborder: 2px solid #cfcfcf;\n\t\t\t\t}\n\t\t\t\t#gallery-8 .gallery-caption {\n\t\t\t\t\tmargin-left: 0;\n\t\t\t\t}\n\t\t\t\t\/* see gallery_shortcode() in wp-includes\/media.php *\/\n\t\t\t<\/style>\n\t\t<div id='gallery-8' class='dt-gallery-container gallery galleryid-307839 gallery-columns-2 gallery-size-medium'><dl class='gallery-item'>\n\t\t\t\t<dt class='gallery-icon portrait'>\n\t\t\t\t\t<a class=\"rollover rollover-zoom dt-pswp-item\" title=\"f55dd3e0-d8e1-4c58-a388-0f698460c3ad\" data-dt-img-description=\"\" data-large_image_width=\"1536\" data-large_image_height=\"2048\"href='https:\/\/www.radiopiu.net\/wordpress\/wp-content\/uploads\/2022\/11\/f55dd3e0-d8e1-4c58-a388-0f698460c3ad.jpg'><img loading=\"lazy\" decoding=\"async\" width=\"225\" height=\"300\" src=\"https:\/\/www.radiopiu.net\/wordpress\/wp-content\/uploads\/2022\/11\/f55dd3e0-d8e1-4c58-a388-0f698460c3ad-225x300.jpg\" class=\"attachment-medium size-medium\" alt=\"\" srcset=\"https:\/\/www.radiopiu.net\/wordpress\/wp-content\/uploads\/2022\/11\/f55dd3e0-d8e1-4c58-a388-0f698460c3ad-225x300.jpg 225w, https:\/\/www.radiopiu.net\/wordpress\/wp-content\/uploads\/2022\/11\/f55dd3e0-d8e1-4c58-a388-0f698460c3ad-768x1024.jpg 768w, https:\/\/www.radiopiu.net\/wordpress\/wp-content\/uploads\/2022\/11\/f55dd3e0-d8e1-4c58-a388-0f698460c3ad-1152x1536.jpg 1152w, https:\/\/www.radiopiu.net\/wordpress\/wp-content\/uploads\/2022\/11\/f55dd3e0-d8e1-4c58-a388-0f698460c3ad.jpg 1536w\" sizes=\"auto, (max-width: 225px) 100vw, 225px\" \/><\/a>\n\t\t\t\t<\/dt><\/dl><dl class='gallery-item'>\n\t\t\t\t<dt class='gallery-icon portrait'>\n\t\t\t\t\t<a class=\"rollover rollover-zoom dt-pswp-item\" title=\"a5f3ecd2-9785-4d95-9e8c-28257baaee37\" data-dt-img-description=\"\" data-large_image_width=\"1152\" data-large_image_height=\"2048\"href='https:\/\/www.radiopiu.net\/wordpress\/wp-content\/uploads\/2022\/11\/a5f3ecd2-9785-4d95-9e8c-28257baaee37.jpg'><img loading=\"lazy\" decoding=\"async\" width=\"169\" height=\"300\" src=\"https:\/\/www.radiopiu.net\/wordpress\/wp-content\/uploads\/2022\/11\/a5f3ecd2-9785-4d95-9e8c-28257baaee37-169x300.jpg\" class=\"attachment-medium size-medium\" alt=\"\" srcset=\"https:\/\/www.radiopiu.net\/wordpress\/wp-content\/uploads\/2022\/11\/a5f3ecd2-9785-4d95-9e8c-28257baaee37-169x300.jpg 169w, https:\/\/www.radiopiu.net\/wordpress\/wp-content\/uploads\/2022\/11\/a5f3ecd2-9785-4d95-9e8c-28257baaee37-576x1024.jpg 576w, https:\/\/www.radiopiu.net\/wordpress\/wp-content\/uploads\/2022\/11\/a5f3ecd2-9785-4d95-9e8c-28257baaee37-768x1365.jpg 768w, https:\/\/www.radiopiu.net\/wordpress\/wp-content\/uploads\/2022\/11\/a5f3ecd2-9785-4d95-9e8c-28257baaee37-864x1536.jpg 864w, https:\/\/www.radiopiu.net\/wordpress\/wp-content\/uploads\/2022\/11\/a5f3ecd2-9785-4d95-9e8c-28257baaee37.jpg 1152w\" sizes=\"auto, (max-width: 169px) 100vw, 169px\" \/><\/a>\n\t\t\t\t<\/dt><\/dl><br style=\"clear: both\" \/>\n\t\t\t<\/div>\n\n<blockquote><p><a class=\"dt-pswp-item\" href=\"https:\/\/www.radiopiu.net\/wordpress\/wp-content\/uploads\/2022\/11\/316215509_10160451232584835_6402806894521918992_n.jpg\" data-dt-img-description=\"smart\" data-large_image_width=\"526\" data-large_image_height=\"701\"><img loading=\"lazy\" decoding=\"async\" class=\"size-medium wp-image-307966 alignleft\" src=\"https:\/\/www.radiopiu.net\/wordpress\/wp-content\/uploads\/2022\/11\/316215509_10160451232584835_6402806894521918992_n-225x300.jpg\" alt=\"\" width=\"225\" height=\"300\" srcset=\"https:\/\/www.radiopiu.net\/wordpress\/wp-content\/uploads\/2022\/11\/316215509_10160451232584835_6402806894521918992_n-225x300.jpg 225w, https:\/\/www.radiopiu.net\/wordpress\/wp-content\/uploads\/2022\/11\/316215509_10160451232584835_6402806894521918992_n.jpg 526w\" sizes=\"auto, (max-width: 225px) 100vw, 225px\" \/><\/a><\/p>\n<p>&nbsp;<\/p>\n<p>&nbsp;<\/p>\n<p><span style=\"color: #ff0000;\"><strong>DALLA GRECIA\u00a0<\/strong><\/span><\/p>\n<div>\n<div class=\"x1cy8zhl x78zum5 x1q0g3np xod5an3 x1pi30zi x1swvt13 xz9dl7a\">\n<div class=\"x1iyjqo2\">\n<div class=\"x78zum5 xdt5ytf xz62fqu x16ldp7u\">\n<div class=\"xu06os2 x1ok221b\">\n<p id=\"jsc_c_kz\" class=\"x1heor9g x1qlqyl8 x1pd3egz x1a2a7pz x1gslohp x1yc453h\"><span class=\"xt0psk2\"><a class=\"x1i10hfl xjbqb8w x6umtig x1b1mbwd xaqea5y xav7gou x9f619 x1ypdohk xt0psk2 xe8uvvx xdj266r x11i5rnm xat24cr x1mh8g0r xexx8yu x4uap5 x18d9i69 xkhd6sd x16tdsg8 x1hl2dhg xggy1nq x1a2a7pz xt0b8zv xzsf02u x1s688f\" tabindex=\"0\" role=\"link\" href=\"https:\/\/www.facebook.com\/dimitrios.mamaloukas?__cft__[0]=AZVkrd4XuxcRMYq5qo6RGt9Cm0zC8wiLr-E3YYiD03tcyzahIiXeNnKFirzbq08tJclqN17FnMw0Fsm_6ZqhKP1ZY2TzVX_2gv2z_VAx2wyBGQ2KWuUBpkCFy-Ay3b9SX29fsnv356_DMC9u2MXdn_5P32JPMRD25dNwhVPdJHmGHRLe8jmp3HdkBfAP2nUGy2Q&amp;__tn__=-UC%2CP-R\"><strong>Dimitrios Mamaloukas<\/strong><\/a><\/span>Amici dall&#8217;Italia! Il mio amico <a class=\"x1i10hfl xjbqb8w x6umtig x1b1mbwd xaqea5y xav7gou x9f619 x1ypdohk xt0psk2 xe8uvvx xdj266r x11i5rnm xat24cr x1mh8g0r xexx8yu x4uap5 x18d9i69 xkhd6sd x16tdsg8 x1hl2dhg xggy1nq x1a2a7pz xt0b8zv x1qq9wsj xo1l8bm\" tabindex=\"0\" role=\"link\" href=\"https:\/\/www.facebook.com\/profile.php?id=100008859767493&amp;__cft__[0]=AZVkrd4XuxcRMYq5qo6RGt9Cm0zC8wiLr-E3YYiD03tcyzahIiXeNnKFirzbq08tJclqN17FnMw0Fsm_6ZqhKP1ZY2TzVX_2gv2z_VAx2wyBGQ2KWuUBpkCFy-Ay3b9SX29fsnv356_DMC9u2MXdn_5P32JPMRD25dNwhVPdJHmGHRLe8jmp3HdkBfAP2nUGy2Q&amp;__tn__=-]K-R\"><span class=\"xt0psk2\">William Da Roit<\/span><\/a> (a destra) si unir\u00e0 a <a class=\"x1i10hfl xjbqb8w x6umtig x1b1mbwd xaqea5y xav7gou x9f619 x1ypdohk xt0psk2 xe8uvvx xdj266r x11i5rnm xat24cr x1mh8g0r xexx8yu x4uap5 x18d9i69 xkhd6sd x16tdsg8 x1hl2dhg xggy1nq x1a2a7pz xt0b8zv x1qq9wsj xo1l8bm\" tabindex=\"0\" role=\"link\" href=\"https:\/\/www.facebook.com\/profile.php?id=100064307694396&amp;__cft__[0]=AZVkrd4XuxcRMYq5qo6RGt9Cm0zC8wiLr-E3YYiD03tcyzahIiXeNnKFirzbq08tJclqN17FnMw0Fsm_6ZqhKP1ZY2TzVX_2gv2z_VAx2wyBGQ2KWuUBpkCFy-Ay3b9SX29fsnv356_DMC9u2MXdn_5P32JPMRD25dNwhVPdJHmGHRLe8jmp3HdkBfAP2nUGy2Q&amp;__tn__=-]K-R\"><span class=\"xt0psk2\">Authentic Phidippides Run &#8211; \u0391\u03c5\u03b8\u03b5\u03bd\u03c4\u03b9\u03ba\u03bf\u0301\u03c2 \u03a6\u03b5\u03b9\u03b4\u03b9\u03c0\u03c0\u03b9\u0301\u03b4\u03b5\u03b9\u03bf\u03c2 \u0394\u03c1\u03bf\u0301\u03bc\u03bf\u03c2<\/span><\/a> Atene &#8211; Sparta &#8211; Atene, 490 chilometri, con un limite di 104 ore! Iniziamo alle 6 di domani mattina. In bocca al lupo amico!<\/p>\n<\/div>\n<\/div>\n<\/div>\n<\/div>\n<\/div>\n<p>&nbsp;<\/p>\n<p>&nbsp;<\/p>\n<p>&nbsp;<\/p>\n<p>&nbsp;<\/p>\n<p>&nbsp;<\/p><\/blockquote>\n<p>&nbsp;<\/p>\n<div style=\"width: 1200px;\" class=\"wp-video\"><video class=\"wp-video-shortcode\" id=\"video-307839-2\" width=\"1200\" height=\"675\" preload=\"metadata\" controls=\"controls\"><source type=\"video\/mp4\" src=\"https:\/\/www.radiopiu.net\/wordpress\/wp-content\/uploads\/2022\/11\/WhatsApp-Video-2022-11-22-at-21.02.17.mp4?_=2\" \/><a href=\"https:\/\/www.radiopiu.net\/wordpress\/wp-content\/uploads\/2022\/11\/WhatsApp-Video-2022-11-22-at-21.02.17.mp4\">https:\/\/www.radiopiu.net\/wordpress\/wp-content\/uploads\/2022\/11\/WhatsApp-Video-2022-11-22-at-21.02.17.mp4<\/a><\/video><\/div>\n<p>&nbsp;<\/p>\n<p>&nbsp;<\/p>\n<p><strong>PUNTATA 1 LA PRESENTAZIONE\u00a0 20 NOVEMBRE 2022<\/strong><\/p>\n<p>&nbsp;<\/p>\n<p><strong><img loading=\"lazy\" decoding=\"async\" class=\"alignleft\" src=\"https:\/\/www.radiopiu.net\/wordpress\/wp-content\/uploads\/2018\/06\/WhatsApp-Image-2018-06-19-at-05.42.14.jpeg\" width=\"266\" height=\"200\" \/>LA VALLE AGORDINA<\/strong> RIeccolo, pronto per ripartire per un&#8217;altra avventura da quasi 500 chilometri. In questi mesi ne ha macinati parecchi sulle strade della Conca Agordina per prepararsi all&#8217;evento. William Da Roit ha deciso di ripartire per la settima Run Atene-Sparta-Atene, proprio cos\u00ec, questa volta non solo andata (come nell&#8217;occasione precedente) ma andata e ritorno, dal 24 novembre alle sei del mattino, 104 ore di tempo per chiudere la prova assieme ad altri 44 atleti, solo tre gli italiani ammessi, con William, Leonardo Curatolo e Francesca Ferraro<strong>. <\/strong>La manifestazione greca \u00e8 organizzata dal club dei corridori ateniesi che iscrive atleti di 14 nazioni. In bocca al lupo a William che RADIOPIU non mancher\u00e0 di seguire in questa ennesima impresa.<\/p>\n<p><strong>AUDIO ALLA RADIO<\/strong><\/p>\n<audio class=\"wp-audio-shortcode\" id=\"audio-307839-12\" preload=\"none\" style=\"width: 100%;\" controls=\"controls\"><source type=\"audio\/mpeg\" src=\"https:\/\/www.radiopiu.net\/wordpress\/wp-content\/uploads\/2022\/11\/william.mp3?_=12\" \/><a href=\"https:\/\/www.radiopiu.net\/wordpress\/wp-content\/uploads\/2022\/11\/william.mp3\">https:\/\/www.radiopiu.net\/wordpress\/wp-content\/uploads\/2022\/11\/william.mp3<\/a><\/audio>\n<p>&nbsp;<\/p>\n<p>&nbsp;<\/p>\n<hr \/>\n<p>&nbsp;<\/p>\n<blockquote>\n<h3>LA SANTA BARBARA DEI PERITI MINERARI<\/h3>\n<\/blockquote>\n<p><strong>AGORDO<\/strong> I periti minerari\u00a0 dell&#8217;Apim si preparano a festeggiare la loro patrona, santa Barbara. L&#8217;appuntamento \u00e8 per sabato 3 dicembre, con il ritrovo alle 9,45 nella chiesa arcidiaconale e poi alle 10 la celebrazione della messa, accompagnata dalla Schola cantorum di La Valle, diretta da Lucio De Cassan. Alle 11\u00a0 in sala &#8220;Don Tamis&#8221;,\u00a0 tradizionale cerimonia di consegna delle borse di studio agli studenti del Follador pi\u00f9 meritevoli.<\/p>\n<p>&nbsp;<\/p>\n<p>&nbsp;<\/p>\n<hr \/>\n<p>&nbsp;<\/p>\n<blockquote>\n<h3>LA FIERA DI SANT&#8217;ANDREA A CENCENIGHE<\/h3>\n<\/blockquote>\n<p><strong>CENCENIGHE <\/strong>Sabato 26 e domenica 27 novembre a Cencenighe torna la Fiera di Sant&#8217;Andrea. Dalle 9 alle 19 all&#8217;interno della sala del Nof Fil\u00f2 il mercatino dell&#8217;artigianato e servizio bar con possibilit\u00e0 di pranzo con prodotti tipici. Dalle 10 alle 16 sul piazzale del municipio giri in pony e cavallo per bambini e ragazzi, esposizione degli animali sul piazzale, dimostrazione di ferratura di cavallo ed esibizione di scultura su legno. Novit\u00e0 dell&#8217;edizione 2022 nella sola giornata di sabato, in sala consigliare del comune, la proiezione della commedia dialettale \u201cTrafeg\u00e0 Bestiam\u201d che racconta la storia dell&#8217;antica fiera di Sant&#8217;Andrea. Nel pomeriggio di sabato alle 14:30 breve convegno con la presidente dell&#8217;associazione ACTO Triveneto Petra De Zanet sull&#8217;alleanza contro i tumori ginecologici.<\/p>\n<p>&nbsp;<\/p>\n<p>&nbsp;<\/p>\n<hr \/>\n<p>&nbsp;<\/p>\n<blockquote>\n<h3>RACCONTI FRA PENSIERI E RICORDI<\/h3>\n<\/blockquote>\n<p><strong>BELLUNO<\/strong> \u201cRacconti fra pensieri e ricordi\u201d. \u00c8 il titolo dell\u2019evento culturale che l\u2019Associazione Bellunesi nel Mondo organizza per domani a Belluno, presso la propria sede in via Cavour 3. Appuntamento alle 16.30. Ingresso libero. L\u2019evento, moderato da Patrizia Burigo, vicepresidente Abm e presidente del comitato di gestione della Biblioteca delle migrazioni \u201cDino Buzzati\u201d, vedr\u00e0 gli autori presentare e approfondire le loro opere, il loro percorso di vita e il loro legame con l\u2019emigrazione e con la terra di origine. Per maggiori informazioni \u00e8 possibile contattare l\u2019Associazione Bellunesi nel Mondo al numero 0437 941160 o all\u2019email <a class=\"moz-txt-link-abbreviated\" href=\"mailto:biblioteca.migrazioni@bellunesinelmondo.it\">biblioteca.migrazioni@bellunesinelmondo.it<\/a>.<\/p>\n<p>&nbsp;<\/p>\n<p>&nbsp;<\/p>\n<hr \/>\n<p>&nbsp;<\/p>\n<blockquote>\n<h3>UN INCONTRO SUL FUTURO DELL&#8217;AGRICOLTURA BELLUNESE<\/h3>\n<\/blockquote>\n<p><strong>BORGO VALBELLUNA<\/strong> Si terr\u00e0 domani nella sala San Felice di Trichiana un incontro sul futuro dell&#8217;agricoltura bellunese dal titolo &#8220;Difendi la tua salute e la tua terra&#8221;. Inizio alle 20:15. Interverranno l&#8217;agronomo Carlo Murer, Ernesto Roani medico endocrinologo, Danilo Gusatto ed Emanuele Prest. Coordiner\u00e0 l&#8217;incontro Ilario Tancon.<\/p>\n<p>&nbsp;<\/p>\n<hr \/>\n<p><strong><a class=\"dt-pswp-item\" href=\"https:\/\/www.radiopiu.net\/wordpress\/wp-content\/uploads\/2022\/11\/Locandina-Barbarina_LOGHI-TUTTI.jpg\" data-dt-img-description=\"\" data-large_image_width=\"826\" data-large_image_height=\"1169\">\u00a0<\/a><\/strong><\/p>\n<p><strong><a class=\"dt-pswp-item\" href=\"https:\/\/www.radiopiu.net\/wordpress\/wp-content\/uploads\/2022\/11\/Locandina-Barbarina_LOGHI-TUTTI.jpg\" data-dt-img-description=\"\" data-large_image_width=\"826\" data-large_image_height=\"1169\">\u00a0<\/a><\/strong><\/p>\n<p><strong><a class=\"dt-pswp-item\" href=\"https:\/\/www.radiopiu.net\/wordpress\/wp-content\/uploads\/2022\/11\/Locandina-Barbarina_LOGHI-TUTTI.jpg\" data-dt-img-description=\"\" data-large_image_width=\"826\" data-large_image_height=\"1169\"><img loading=\"lazy\" decoding=\"async\" class=\" wp-image-307574 alignleft\" src=\"https:\/\/www.radiopiu.net\/wordpress\/wp-content\/uploads\/2022\/11\/Locandina-Barbarina_LOGHI-TUTTI-212x300.jpg\" alt=\"\" width=\"108\" height=\"153\" srcset=\"https:\/\/www.radiopiu.net\/wordpress\/wp-content\/uploads\/2022\/11\/Locandina-Barbarina_LOGHI-TUTTI-212x300.jpg 212w, https:\/\/www.radiopiu.net\/wordpress\/wp-content\/uploads\/2022\/11\/Locandina-Barbarina_LOGHI-TUTTI-724x1024.jpg 724w, https:\/\/www.radiopiu.net\/wordpress\/wp-content\/uploads\/2022\/11\/Locandina-Barbarina_LOGHI-TUTTI-768x1087.jpg 768w, https:\/\/www.radiopiu.net\/wordpress\/wp-content\/uploads\/2022\/11\/Locandina-Barbarina_LOGHI-TUTTI.jpg 826w\" sizes=\"auto, (max-width: 108px) 100vw, 108px\" \/><\/a><\/strong><\/p>\n<blockquote>\n<h3>C&#8217;ERA UNA VOLTA&#8230; BARBARINA E I NOVE COLOMBI<\/h3>\n<\/blockquote>\n<p><strong>FELTRE\u00a0<\/strong> Gioved\u00ec 1 dicembre Alle 17.30 il Polo Bibliotecario di Feltre ospiter\u00e0 la presentazione del libro illustrato \u201cBarbarina e i nove colombi\u201d di Flavio Faoro e Marta Farina, vincitore nella sezione Best Illustration for Fiction 2019\u201d della dodicesima edizione del premio internazionale \u201cImage of the book\u201d di Mosca. All\u2019incontro interverr\u00e0 l\u2019Editore Roberto Da Re Giustiniani. Brani del libro letti da Silvana Vignaga.<\/p>\n<p>&nbsp;<\/p>\n<p>&nbsp;<\/p>\n<p>&nbsp;<\/p>\n<hr \/>\n<p>&nbsp;<\/p>\n<h2><span style=\"color: #ff9900;\">IERI ALLA RADIO<\/span><\/h2>\n<h2><span style=\"color: #666699;\">SE NON LA SMETTI TI MANDO DAL PRESIDE 6^ puntata 2022<\/span><\/h2>\n<p><strong>di Mirko Mezzacasa<\/strong><\/p>\n<audio class=\"wp-audio-shortcode\" id=\"audio-307839-13\" preload=\"none\" style=\"width: 100%;\" controls=\"controls\"><source type=\"audio\/mpeg\" src=\"https:\/\/www.radiopiu.net\/wordpress\/wp-content\/uploads\/2022\/11\/se-non-la-smetti-ti-mando-dal-preside-6-puntata.mp3?_=13\" \/><a href=\"https:\/\/www.radiopiu.net\/wordpress\/wp-content\/uploads\/2022\/11\/se-non-la-smetti-ti-mando-dal-preside-6-puntata.mp3\">https:\/\/www.radiopiu.net\/wordpress\/wp-content\/uploads\/2022\/11\/se-non-la-smetti-ti-mando-dal-preside-6-puntata.mp3<\/a><\/audio>\n<p>OSPITE: Maria Rosa Salmazo<\/p>\n<p>&nbsp;<\/p>\n<p>&nbsp;<\/p>\n<hr \/>\n<p>&nbsp;<\/p>\n<h2><strong><a class=\"dt-pswp-item\" href=\"https:\/\/www.radiopiu.net\/wordpress\/wp-content\/uploads\/2022\/11\/a50805cd-16e0-432e-9f53-f9d78660f361.jpg\" data-dt-img-description=\"\" data-large_image_width=\"1600\" data-large_image_height=\"757\"><img loading=\"lazy\" decoding=\"async\" class=\"size-medium wp-image-307308 alignleft\" src=\"https:\/\/www.radiopiu.net\/wordpress\/wp-content\/uploads\/2022\/11\/a50805cd-16e0-432e-9f53-f9d78660f361-300x142.jpg\" alt=\"\" width=\"300\" height=\"142\" srcset=\"https:\/\/www.radiopiu.net\/wordpress\/wp-content\/uploads\/2022\/11\/a50805cd-16e0-432e-9f53-f9d78660f361-300x142.jpg 300w, https:\/\/www.radiopiu.net\/wordpress\/wp-content\/uploads\/2022\/11\/a50805cd-16e0-432e-9f53-f9d78660f361-1024x484.jpg 1024w, https:\/\/www.radiopiu.net\/wordpress\/wp-content\/uploads\/2022\/11\/a50805cd-16e0-432e-9f53-f9d78660f361-768x363.jpg 768w, https:\/\/www.radiopiu.net\/wordpress\/wp-content\/uploads\/2022\/11\/a50805cd-16e0-432e-9f53-f9d78660f361-1536x727.jpg 1536w, https:\/\/www.radiopiu.net\/wordpress\/wp-content\/uploads\/2022\/11\/a50805cd-16e0-432e-9f53-f9d78660f361.jpg 1600w\" sizes=\"auto, (max-width: 300px) 100vw, 300px\" \/><\/a><\/strong><span style=\"color: #339966;\">LA RASSEGNA STAMPA DA L&#8217;AMICO DEL POPOLO<\/span><\/h2>\n<p><strong>di Gianni Santomaso<\/strong><\/p>\n<p>OSPITE: Giorgia Ascari<\/p>\n<audio class=\"wp-audio-shortcode\" id=\"audio-307839-14\" preload=\"none\" style=\"width: 100%;\" controls=\"controls\"><source type=\"audio\/mpeg\" src=\"https:\/\/www.radiopiu.net\/wordpress\/wp-content\/uploads\/2022\/11\/RASSEGNA-GIANNI-3.mp3?_=14\" \/><a href=\"https:\/\/www.radiopiu.net\/wordpress\/wp-content\/uploads\/2022\/11\/RASSEGNA-GIANNI-3.mp3\">https:\/\/www.radiopiu.net\/wordpress\/wp-content\/uploads\/2022\/11\/RASSEGNA-GIANNI-3.mp3<\/a><\/audio>\n<p>&nbsp;<\/p>\n<hr \/>\n<p>&nbsp;<\/p>\n<div>\n<div class=\"b654a4as d2edcug0\">\n<div class=\"rq0escxv hkbzh7o3 jwdofwj8 n8tt0mok r8blr3vg hyh9befq\">\n<p><a class=\"dt-pswp-item\" href=\"https:\/\/www.radiopiu.net\/wordpress\/wp-content\/uploads\/2020\/10\/pp.jpg\" data-dt-img-description=\"\" data-large_image_width=\"640\" data-large_image_height=\"640\"><img loading=\"lazy\" decoding=\"async\" class=\"wp-image-163678 alignleft\" src=\"https:\/\/www.radiopiu.net\/wordpress\/wp-content\/uploads\/2020\/10\/pp-300x300.jpg\" alt=\"\" width=\"106\" height=\"106\" srcset=\"https:\/\/www.radiopiu.net\/wordpress\/wp-content\/uploads\/2020\/10\/pp-300x300.jpg 300w, https:\/\/www.radiopiu.net\/wordpress\/wp-content\/uploads\/2020\/10\/pp-150x150.jpg 150w, https:\/\/www.radiopiu.net\/wordpress\/wp-content\/uploads\/2020\/10\/pp-125x125.jpg 125w, https:\/\/www.radiopiu.net\/wordpress\/wp-content\/uploads\/2020\/10\/pp-200x200.jpg 200w, https:\/\/www.radiopiu.net\/wordpress\/wp-content\/uploads\/2020\/10\/pp-80x80.jpg 80w, https:\/\/www.radiopiu.net\/wordpress\/wp-content\/uploads\/2020\/10\/pp-480x480.jpg 480w, https:\/\/www.radiopiu.net\/wordpress\/wp-content\/uploads\/2020\/10\/pp.jpg 640w\" sizes=\"auto, (max-width: 106px) 100vw, 106px\" \/><\/a><\/p>\n<\/div>\n<\/div>\n<\/div>\n<div>\n<div class=\"page-title-head hgroup\">\n<div class=\"page-title-head hgroup\">\n<div class=\"b654a4as d2edcug0\">\n<div class=\"j83agx80 btwxx1t3 lhclo0ds hop8lmos nkwizq5d scwd0bx6 roh60bw9\">\n<div class=\"rq0escxv hkbzh7o3 jwdofwj8 n8tt0mok r8blr3vg hyh9befq\">\n<div class=\"do00u71z l9j0dhe7 k4urcfbm\">\n<h2><span style=\"color: #000080;\">DON CESARE, IL PENSIERO DEL GIORNO. ALLA RADIO ALLE 7 DEL MATTINO E ALLE 19.30 DELLA SERA<\/span><\/h2>\n<\/div>\n<\/div>\n<\/div>\n<\/div>\n<\/div>\n<\/div>\n<\/div>\n<audio class=\"wp-audio-shortcode\" id=\"audio-307839-15\" preload=\"none\" style=\"width: 100%;\" controls=\"controls\"><source type=\"audio\/mpeg\" src=\"https:\/\/www.radiopiu.net\/wordpress\/wp-content\/uploads\/2022\/11\/CESARE-15.mp3?_=15\" \/><a href=\"https:\/\/www.radiopiu.net\/wordpress\/wp-content\/uploads\/2022\/11\/CESARE-15.mp3\">https:\/\/www.radiopiu.net\/wordpress\/wp-content\/uploads\/2022\/11\/CESARE-15.mp3<\/a><\/audio>\n<p>&nbsp;<\/p>\n<hr \/>\n<p>&nbsp;<\/p>\n<h2><span style=\"color: #339966;\">COLLAGE OPERAZIONE NOSTALGIA<\/span><\/h2>\n<p><strong><a class=\"dt-pswp-item\" href=\"https:\/\/www.radiopiu.net\/wordpress\/wp-content\/uploads\/2022\/11\/I-Delfini.jpg\" data-dt-img-description=\"\" data-large_image_width=\"1083\" data-large_image_height=\"712\"><img loading=\"lazy\" decoding=\"async\" class=\" wp-image-307304 alignleft\" src=\"https:\/\/www.radiopiu.net\/wordpress\/wp-content\/uploads\/2022\/11\/I-Delfini-300x197.jpg\" alt=\"\" width=\"207\" height=\"136\" srcset=\"https:\/\/www.radiopiu.net\/wordpress\/wp-content\/uploads\/2022\/11\/I-Delfini-300x197.jpg 300w, https:\/\/www.radiopiu.net\/wordpress\/wp-content\/uploads\/2022\/11\/I-Delfini-1024x673.jpg 1024w, https:\/\/www.radiopiu.net\/wordpress\/wp-content\/uploads\/2022\/11\/I-Delfini-768x505.jpg 768w, https:\/\/www.radiopiu.net\/wordpress\/wp-content\/uploads\/2022\/11\/I-Delfini.jpg 1083w\" sizes=\"auto, (max-width: 207px) 100vw, 207px\" \/><\/a>di Loris Scussel<\/strong><\/p>\n<p>Lou Reed con la sua \u201cVicious\u201d inaugurer\u00e0 la nuova settimana di Collage operazione nostalgia in una puntata dedicata ai cantautori stranieri, marted\u00ec sar\u00e0 la volta dei Delfini di \u201cTu te ne vai\u201d e dei complessi italiani, mercoled\u00ec i Tokens di \u201cThe lion sleeps tonight\u201d apriranno lo spazio riservato ai successi internazionali, gioved\u00ec sar\u00e0 la volta delle voci femminili italiane iniziando da\u00a0 Dalida con \u201cL\u2019ultimo valzer\u201d, venerd\u00ec infine ritroveremo i cantautori di casa nostra Luigi Tenco, Roberto Vecchioni, Pierangelo Bertoli e cos\u00ec via. Collage va in onda dal luned\u00ec al venerd\u00ec alle 16,00 e alle 23,00 naturalmente su Radio Pi\u00f9.<\/p>\n<p><strong>PUNTATA DEL LUNEDI, 666<\/strong><\/p>\n<audio class=\"wp-audio-shortcode\" id=\"audio-307839-16\" preload=\"none\" style=\"width: 100%;\" controls=\"controls\"><source type=\"audio\/mpeg\" src=\"https:\/\/www.radiopiu.net\/wordpress\/wp-content\/uploads\/2022\/11\/Collage-666.mp3?_=16\" \/><a href=\"https:\/\/www.radiopiu.net\/wordpress\/wp-content\/uploads\/2022\/11\/Collage-666.mp3\">https:\/\/www.radiopiu.net\/wordpress\/wp-content\/uploads\/2022\/11\/Collage-666.mp3<\/a><\/audio>\n<p><strong>PUNTATA DEL MARTEDI, 667<\/strong><\/p>\n<audio class=\"wp-audio-shortcode\" id=\"audio-307839-17\" preload=\"none\" style=\"width: 100%;\" controls=\"controls\"><source type=\"audio\/mpeg\" src=\"https:\/\/www.radiopiu.net\/wordpress\/wp-content\/uploads\/2022\/11\/Collage-667.mp3?_=17\" \/><a href=\"https:\/\/www.radiopiu.net\/wordpress\/wp-content\/uploads\/2022\/11\/Collage-667.mp3\">https:\/\/www.radiopiu.net\/wordpress\/wp-content\/uploads\/2022\/11\/Collage-667.mp3<\/a><\/audio>\n<p><strong>PUNTATA DEL MERCOLEDI, 668<\/strong><\/p>\n<audio class=\"wp-audio-shortcode\" id=\"audio-307839-18\" preload=\"none\" style=\"width: 100%;\" controls=\"controls\"><source type=\"audio\/mpeg\" src=\"https:\/\/www.radiopiu.net\/wordpress\/wp-content\/uploads\/2022\/11\/Collage-668.mp3?_=18\" \/><a href=\"https:\/\/www.radiopiu.net\/wordpress\/wp-content\/uploads\/2022\/11\/Collage-668.mp3\">https:\/\/www.radiopiu.net\/wordpress\/wp-content\/uploads\/2022\/11\/Collage-668.mp3<\/a><\/audio>\n<p>&nbsp;<\/p>\n<hr \/>\n<p>&nbsp;<\/p>\n<p><img loading=\"lazy\" decoding=\"async\" class=\"aligncenter wp-image-61954 size-full\" src=\"https:\/\/www.radiopiu.net\/wordpress\/wp-content\/uploads\/2018\/09\/viabilita.jpeg\" sizes=\"auto, (max-width: 800px) 100vw, 800px\" srcset=\"https:\/\/www.radiopiu.net\/wordpress\/wp-content\/uploads\/2018\/09\/viabilita.jpeg 800w, https:\/\/www.radiopiu.net\/wordpress\/wp-content\/uploads\/2018\/09\/viabilita-300x38.jpeg 300w, https:\/\/www.radiopiu.net\/wordpress\/wp-content\/uploads\/2018\/09\/viabilita-768x96.jpeg 768w\" alt=\"\" width=\"800\" height=\"100\" \/><\/p>\n<p>&nbsp;<\/p>\n<p>&nbsp;<\/p>\n<p><strong>AGGIORNAMENTO VENETO STRADE, AGGIORNAMENTO CONTINUO H 24<\/strong><\/p>\n<p>&nbsp;<\/p>\n<blockquote class=\"wp-embedded-content\" data-secret=\"0uGQWmZxM0\"><p><a href=\"https:\/\/www.radiopiu.net\/wordpress\/viabilita\/\">viabilita<\/a><\/p><\/blockquote>\n<p><iframe loading=\"lazy\" class=\"wp-embedded-content\" sandbox=\"allow-scripts\" security=\"restricted\" style=\"position: absolute; clip: rect(1px, 1px, 1px, 1px);\" title=\"&#8220;viabilita&#8221; &#8212; Radio Pi\u00f9\" src=\"https:\/\/www.radiopiu.net\/wordpress\/viabilita\/embed\/#?secret=zDmnlCE3dN#?secret=0uGQWmZxM0\" data-secret=\"0uGQWmZxM0\" width=\"600\" height=\"338\" frameborder=\"0\" marginwidth=\"0\" marginheight=\"0\" scrolling=\"no\"><\/iframe><\/p>\n<p>&nbsp;<\/p>\n<p>&nbsp;<\/p>\n<hr \/>\n<p>&nbsp;<\/p>\n<p><a class=\"dt-pswp-item\" href=\"https:\/\/www.radiopiu.net\/wordpress\/wp-content\/uploads\/2018\/09\/WhatsApp-Image-2018-09-20-at-16.04.06.jpeg\" data-dt-img-description=\"\" data-large_image_width=\"800\" data-large_image_height=\"100\"><img loading=\"lazy\" decoding=\"async\" class=\"wp-image-61378 size-full aligncenter\" src=\"https:\/\/www.radiopiu.net\/wordpress\/wp-content\/uploads\/2018\/09\/WhatsApp-Image-2018-09-20-at-16.04.06.jpeg\" alt=\"\" width=\"800\" height=\"100\" srcset=\"https:\/\/www.radiopiu.net\/wordpress\/wp-content\/uploads\/2018\/09\/WhatsApp-Image-2018-09-20-at-16.04.06.jpeg 800w, https:\/\/www.radiopiu.net\/wordpress\/wp-content\/uploads\/2018\/09\/WhatsApp-Image-2018-09-20-at-16.04.06-300x38.jpeg 300w, https:\/\/www.radiopiu.net\/wordpress\/wp-content\/uploads\/2018\/09\/WhatsApp-Image-2018-09-20-at-16.04.06-768x96.jpeg 768w\" sizes=\"auto, (max-width: 800px) 100vw, 800px\" \/><\/a><\/p>\n<p>&nbsp;<\/p>\n<p>&nbsp;<\/p>\n<blockquote class=\"wp-embedded-content\" data-secret=\"alm2mqvo6B\"><p><a href=\"https:\/\/www.radiopiu.net\/wordpress\/la-neve-cade-piu-copiosa-sulle-prealpi-che-sulle-dolomiti-il-bollettino-neve-al-suolo\/\">LA NEVE CADE PIU&#8217; COPIOSA SULLE PREALPI CHE SULLE DOLOMITI. IL BOLLETTINO NEVE AL SUOLO<\/a><\/p><\/blockquote>\n<p><iframe loading=\"lazy\" class=\"wp-embedded-content\" sandbox=\"allow-scripts\" security=\"restricted\" style=\"position: absolute; clip: rect(1px, 1px, 1px, 1px);\" title=\"&#8220;LA NEVE CADE PIU&#8217; COPIOSA SULLE PREALPI CHE SULLE DOLOMITI. IL BOLLETTINO NEVE AL SUOLO&#8221; &#8212; Radio Pi\u00f9\" src=\"https:\/\/www.radiopiu.net\/wordpress\/la-neve-cade-piu-copiosa-sulle-prealpi-che-sulle-dolomiti-il-bollettino-neve-al-suolo\/embed\/#?secret=V4VQdbLHZd#?secret=alm2mqvo6B\" data-secret=\"alm2mqvo6B\" width=\"600\" height=\"338\" frameborder=\"0\" marginwidth=\"0\" marginheight=\"0\" scrolling=\"no\"><\/iframe><\/p>\n<p>&nbsp;<\/p>\n<p><strong>\u00a0OGGI<\/strong> Tempo stabile con sole e cielo perlopi\u00f9 sereno, anche se si verificher\u00e0 un temporaneo transito di nubi medio-alte nel corso della mattinata, nubi che si allontaneranno verso est entro le ore centrali del giorno. La notte sar\u00e0 pi\u00f9 fredda con diffuse gelate, pi\u00f9 intense nei settori innevati, mentre la riduzione del sole<br \/>\ndel mattino e l&#8217;avvezione di aria pi\u00f9 fredda in quota avranno un effetto sull&#8217;andamento termico diurno.<\/p>\n<p><strong>DOMANI<\/strong> Tempo stabile con sole e cielo sereno o poco nuvoloso al mattino. Nel corso del pomeriggio arrivo di nubi alte e medio-alte stratiformi in grado di coprire il cielo. Attenuazione del freddo in quota e contesto termico diurno meno fresco nelle valli.<\/p>\n<p><strong>SABATO<\/strong> Qualche annuvolamento medio-alto tra la notte e le prime ore del mattino, nuvolosit\u00e0 che scivoler\u00e0 verso oriente favorendo il ritorno del sole a partire dai settori occidentali. Dalle ore centrali in poi cielo del tutto sereno su tutta la montagna veneta. Temperature in generale calo, eccetto aumento delle minime del mattino nelle valli. Venti deboli per brezze nelle valli, salvo locali rinforzi nei settori solitamente pi\u00f9 ventilati; in<br \/>\nquota moderati dai quadranti settentrionali, a tratti tesi sulle cime pi\u00f9 alte.<\/p>\n<p><strong>DOMENICA<\/strong> . Stupende condizioni meteorologiche con sole, cielo sereno, aria tersa e ottima visibilit\u00e0. Contesto termico pi\u00f9 freddo di notte con diffuse gelate, compreso nei fondovalle prealpini; in giornata fresco nei fondovalle e nelle valli pi\u00f9 assolate, allorch\u00e9 il freddo relativo resister\u00e0 nelle valli in ombra. Sembra che sulle cime pi\u00f9 alte le temperature massime potrebbero aumentare. Nelle valli venti deboli per brezze, salvo<br \/>\ntemporanei rinforzi nei settori solitamente pi\u00f9 ventilati.<\/p>\n<p>&nbsp;<\/p>\n<hr \/>\n<p>&nbsp;<\/p>\n<p><a class=\"dt-pswp-item\" href=\"https:\/\/www.radiopiu.net\/wordpress\/wp-content\/uploads\/2018\/09\/sport.jpg\" data-dt-img-description=\"\" data-large_image_width=\"800\" data-large_image_height=\"100\"><img loading=\"lazy\" decoding=\"async\" class=\"aligncenter wp-image-60761 size-full\" src=\"https:\/\/www.radiopiu.net\/wordpress\/wp-content\/uploads\/2018\/09\/sport.jpg\" alt=\"\" width=\"800\" height=\"100\" srcset=\"https:\/\/www.radiopiu.net\/wordpress\/wp-content\/uploads\/2018\/09\/sport.jpg 800w, https:\/\/www.radiopiu.net\/wordpress\/wp-content\/uploads\/2018\/09\/sport-300x38.jpg 300w, https:\/\/www.radiopiu.net\/wordpress\/wp-content\/uploads\/2018\/09\/sport-768x96.jpg 768w\" sizes=\"auto, (max-width: 800px) 100vw, 800px\" \/><\/a><\/p>\n<p>&nbsp;<\/p>\n<p><span style=\"color: #0000ff;\"><strong>CALCIO<\/strong><\/span><\/p>\n<blockquote>\n<h3>AGORDINA IN CRISI. NON ARRIVANO I RISULTATI<\/h3>\n<\/blockquote>\n<p><strong><a class=\"dt-pswp-item\" href=\"https:\/\/www.radiopiu.net\/wordpress\/wp-content\/uploads\/2019\/09\/AGORDINA-CALCIO.jpeg\" data-dt-img-description=\"\" data-large_image_width=\"225\" data-large_image_height=\"225\"><img loading=\"lazy\" decoding=\"async\" class=\" wp-image-97575 alignleft\" src=\"https:\/\/www.radiopiu.net\/wordpress\/wp-content\/uploads\/2019\/09\/AGORDINA-CALCIO.jpeg\" alt=\"\" width=\"110\" height=\"110\" srcset=\"https:\/\/www.radiopiu.net\/wordpress\/wp-content\/uploads\/2019\/09\/AGORDINA-CALCIO.jpeg 225w, https:\/\/www.radiopiu.net\/wordpress\/wp-content\/uploads\/2019\/09\/AGORDINA-CALCIO-150x150.jpeg 150w\" sizes=\"auto, (max-width: 110px) 100vw, 110px\" \/><\/a>REDAZIONE<\/strong> E&#8217; bastato un gol domenica scorsa per decidere la sfida tra Fulgor Farra ed Agordina. Gli agordini hanno perso ancora e a decidere il match \u00e8 stato un episodio. Una domenica sfortunata per la squadra allenata da Lorenzi che, nonostante una prestazione buone, non \u00e8 riuscita ad incamerare punti per staccarsi dalla zona playout della Seconda Categoria girone T del Veneto. Un periodo nero per i ragazzi di Agordo che faticano ad ingranare. In attacco le occasioni non mancano ma in fase conclusiva manca la mira. La difesa traballa un p\u00f2 e a volte le distrazioni vengono punite. Agordina che torna in campo domenica all&#8217;Ivano Dorigo di Agordo dove arriva il San Michele Salsa.<\/p>\n<p><strong>FILIPPO CANCEL, GIOCATORE DELL&#8217;AGORDINA<\/strong><\/p>\n<audio class=\"wp-audio-shortcode\" id=\"audio-307839-19\" preload=\"none\" style=\"width: 100%;\" controls=\"controls\"><source type=\"audio\/mpeg\" src=\"https:\/\/www.radiopiu.net\/wordpress\/wp-content\/uploads\/2022\/11\/FILIPPO-CANCEL-FULGOR.mp3?_=19\" \/><a href=\"https:\/\/www.radiopiu.net\/wordpress\/wp-content\/uploads\/2022\/11\/FILIPPO-CANCEL-FULGOR.mp3\">https:\/\/www.radiopiu.net\/wordpress\/wp-content\/uploads\/2022\/11\/FILIPPO-CANCEL-FULGOR.mp3<\/a><\/audio>\n<p>&nbsp;<\/p>\n<p>&nbsp;<\/p>\n<p>&nbsp;<\/p>\n<hr \/>\n<p>&nbsp;<\/p>\n<p><span style=\"color: #0000ff;\"><strong>PALLAVOLO<\/strong><\/span><\/p>\n<blockquote>\n<h3>LA PALLAVOLO BELLUNO HA UN GRANDE POTENZIALE. PARLA BOMBER NOVELLO<\/h3>\n<\/blockquote>\n<p><strong><a class=\"dt-pswp-item\" href=\"https:\/\/www.radiopiu.net\/wordpress\/wp-content\/uploads\/2022\/11\/Novello_si_prepara_al_servizio.jpg\" data-dt-img-description=\"\" data-large_image_width=\"960\" data-large_image_height=\"1440\"><img loading=\"lazy\" decoding=\"async\" class=\" wp-image-307873 alignleft\" src=\"https:\/\/www.radiopiu.net\/wordpress\/wp-content\/uploads\/2022\/11\/Novello_si_prepara_al_servizio-200x300.jpg\" alt=\"\" width=\"117\" height=\"176\" srcset=\"https:\/\/www.radiopiu.net\/wordpress\/wp-content\/uploads\/2022\/11\/Novello_si_prepara_al_servizio-200x300.jpg 200w, https:\/\/www.radiopiu.net\/wordpress\/wp-content\/uploads\/2022\/11\/Novello_si_prepara_al_servizio-683x1024.jpg 683w, https:\/\/www.radiopiu.net\/wordpress\/wp-content\/uploads\/2022\/11\/Novello_si_prepara_al_servizio-768x1152.jpg 768w, https:\/\/www.radiopiu.net\/wordpress\/wp-content\/uploads\/2022\/11\/Novello_si_prepara_al_servizio.jpg 960w\" sizes=\"auto, (max-width: 117px) 100vw, 117px\" \/><\/a>BELLUNO<\/strong> Ha dato vita a un duello spettacolare con il pari ruolo Marco Spagnol, opposto del Monge-Gerbaudo Savigliano. Ma i suoi 25 punti, nobilitati da tre servizi vincenti e un muro, non sono bastati per evitare alla Pallavolo Maschile Belluno la terza sconfitta consecutiva. E quarta stagionale. Il riferimento \u00e8 a Marco Novello, un bomber che sa come infiammare il pubblico della Spes Arena e che, all\u2019alto tasso di spettacolarit\u00e0, riesce ad abbinare efficacia e concretezza. Nonostante la giovane et\u00e0 (20 anni). E un fastidioso infortunio: \u00abIl recente problema alla spalla mi ha condizionato sia durante gli allenamenti, sia durante le partite, ma \u00e8 stato risolto quasi completamente grazie all&#8217;ottimo lavoro compiuto dallo staff. Nello specifico, il fisioterapista Luca Gallina, il preparatore atletico Sergio Sartori e il dottor Marco Sommavilla\u00bb. Un gruppo compatto, in cui brillano alcune individualit\u00e0. Come nel caso dell\u2019ex Prata di Pordenone: \u00abSono una persona che non si accontenta mai delle sue prestazioni, ma cerca sempre di migliorarsi e dare il meglio di s\u00e9. Tuttavia, sono abbastanza soddisfatto della mia ultima prova\u00bb.<\/p>\n<p>&nbsp;<\/p>\n<p>&nbsp;<\/p>\n<hr \/>\n<p>&nbsp;<\/p>\n<p><span style=\"color: #0000ff;\"><strong>NUOTO<\/strong><\/span><\/p>\n<blockquote>\n<h3>SPORTIVAMENTE BELLUNO, SI RIPARTE CON UNA SETTANTINA DI ATLETI<\/h3>\n<\/blockquote>\n<p><strong><a class=\"dt-pswp-item\" href=\"https:\/\/www.radiopiu.net\/wordpress\/wp-content\/uploads\/2022\/11\/Gruppo_al_completo.jpg\" data-dt-img-description=\"\" data-large_image_width=\"1821\" data-large_image_height=\"1218\"><img loading=\"lazy\" decoding=\"async\" class=\" wp-image-307848 alignleft\" src=\"https:\/\/www.radiopiu.net\/wordpress\/wp-content\/uploads\/2022\/11\/Gruppo_al_completo-300x201.jpg\" alt=\"\" width=\"187\" height=\"125\" srcset=\"https:\/\/www.radiopiu.net\/wordpress\/wp-content\/uploads\/2022\/11\/Gruppo_al_completo-300x201.jpg 300w, https:\/\/www.radiopiu.net\/wordpress\/wp-content\/uploads\/2022\/11\/Gruppo_al_completo-1024x685.jpg 1024w, https:\/\/www.radiopiu.net\/wordpress\/wp-content\/uploads\/2022\/11\/Gruppo_al_completo-768x514.jpg 768w, https:\/\/www.radiopiu.net\/wordpress\/wp-content\/uploads\/2022\/11\/Gruppo_al_completo-1536x1027.jpg 1536w, https:\/\/www.radiopiu.net\/wordpress\/wp-content\/uploads\/2022\/11\/Gruppo_al_completo.jpg 1821w\" sizes=\"auto, (max-width: 187px) 100vw, 187px\" \/><\/a>BELLUNO <\/strong><span lang=\"it-IT\">Di nuovo insieme. Tutti, nessuno escluso: atleti e tecnici, grandi e piccoli, nuotatori alle prime armi e ormai esperti, genitori e amici.\u00a0 <\/span><span lang=\"it-IT\">La Sportivamente Belluno si \u00e8 ritrovata al gran completo per celebrare l\u2019inizio della stagione agonistica 2022-2023: in che modo? Nel segno della festa, della partecipazione, dell\u2019entusiasmo. E di una presentazione che ha avuto come teatro il ristorante-pizzeria \u201cParco di Limana\u201d, a Coi di Navasa, e ha coinvolto le varie squadre: dai pi\u00f9 piccoli della Propaganda, agli Esordienti B (con 12 nuotatori) e A (20), fino agli atleti di categoria (24). In totale, una settantina di tesserati, pronti ad affrontare nuove avventure in vasca.\u00a0 <\/span><span lang=\"it-IT\">A seguire da vicino le ragazze e i ragazzi, c\u2019\u00e8 uno staff tecnico appassionato e competente, come quello formato da Giulia Bortot (Propaganda e categoria), Matteo Sogne (Esordienti B), Daniela Piermarini (A) e Alberto Cassol (categoria).\u00a0 <\/span><span lang=\"it-IT\">Il ritrovo collettivo non avveniva da tanto, troppo tempo. Ovvero, da quando \u00e8 scoppiata la pandemia. Ma ora i nuotatori della Sportivamente Belluno vogliono ritrovare quel piacere di stare insieme e quella socialit\u00e0 rimaste a lungo ai margini delle piscine.\u00a0 <\/span><span lang=\"it-IT\">Non solo: la festa nel locale, circondato dal bosco dei Coi di Navasa, \u00e8 stata l\u2019occasione per ringraziare una societ\u00e0 che, in un periodo storico di incertezze e ristrettezze, fa il possibile per portare avanti l\u2019attivit<\/span>\u00e0 <span lang=\"it-IT\">agonistica. Un\u2019attivit\u00e0 che continua a crescere e a regalare innumerevoli soddisfazioni.<\/span><\/p>\n<p>&nbsp;<\/p>\n<p>&nbsp;<\/p>\n","protected":false},"excerpt":{"rendered":"<p>RADIO PIU INFORMAZIONE il canale su TELEGRAM informazione di prima\u00a0 mano e in tempo reale. iscriviti ed aiutaci a farlo conoscere\u00a0 &nbsp; UN BUONGIORNO DALLA VALFREDDA &nbsp; &nbsp; INTERRUZIONI PROGRAMMATE Gestione Servizi Pubblici informa che, per lavori alla rete idrica comunale, oggi dalle 8 alle 17 verr\u00e0 sospesa l\u2019erogazione dell\u2019acqua a VOLTAGO AGORDINO in Loc.&hellip;<\/p>\n","protected":false},"author":4,"featured_media":307982,"comment_status":"closed","ping_status":"closed","sticky":false,"template":"","format":"standard","meta":{"_monsterinsights_skip_tracking":false,"_monsterinsights_sitenote_active":false,"_monsterinsights_sitenote_note":"","_monsterinsights_sitenote_category":0,"footnotes":""},"categories":[86,49],"tags":[],"class_list":["post-307839","post","type-post","status-publish","format-standard","has-post-thumbnail","hentry","category-gr","category-news-18","category-86","category-49","description-off"],"img_url":"https:\/\/www.radiopiu.net\/wordpress\/wp-content\/uploads\/2022\/11\/Senza-nome-103.jpg","_links":{"self":[{"href":"https:\/\/www.radiopiu.net\/wordpress\/wp-json\/wp\/v2\/posts\/307839","targetHints":{"allow":["GET"]}}],"collection":[{"href":"https:\/\/www.radiopiu.net\/wordpress\/wp-json\/wp\/v2\/posts"}],"about":[{"href":"https:\/\/www.radiopiu.net\/wordpress\/wp-json\/wp\/v2\/types\/post"}],"author":[{"embeddable":true,"href":"https:\/\/www.radiopiu.net\/wordpress\/wp-json\/wp\/v2\/users\/4"}],"replies":[{"embeddable":true,"href":"https:\/\/www.radiopiu.net\/wordpress\/wp-json\/wp\/v2\/comments?post=307839"}],"version-history":[{"count":0,"href":"https:\/\/www.radiopiu.net\/wordpress\/wp-json\/wp\/v2\/posts\/307839\/revisions"}],"wp:featuredmedia":[{"embeddable":true,"href":"https:\/\/www.radiopiu.net\/wordpress\/wp-json\/wp\/v2\/media\/307982"}],"wp:attachment":[{"href":"https:\/\/www.radiopiu.net\/wordpress\/wp-json\/wp\/v2\/media?parent=307839"}],"wp:term":[{"taxonomy":"category","embeddable":true,"href":"https:\/\/www.radiopiu.net\/wordpress\/wp-json\/wp\/v2\/categories?post=307839"},{"taxonomy":"post_tag","embeddable":true,"href":"https:\/\/www.radiopiu.net\/wordpress\/wp-json\/wp\/v2\/tags?post=307839"}],"curies":[{"name":"wp","href":"https:\/\/api.w.org\/{rel}","templated":true}]}}