{"id":307941,"date":"2022-11-23T19:55:10","date_gmt":"2022-11-23T18:55:10","guid":{"rendered":"https:\/\/www.radiopiu.net\/wordpress\/?p=307941"},"modified":"2022-11-23T19:55:10","modified_gmt":"2022-11-23T18:55:10","slug":"lacto-triveneto-al-nof-filo-di-cencenighe-in-occasione-della-fiera-di-santandrea","status":"publish","type":"post","link":"https:\/\/www.radiopiu.net\/wordpress\/lacto-triveneto-al-nof-filo-di-cencenighe-in-occasione-della-fiera-di-santandrea\/","title":{"rendered":"L&#8217;ACTO TRIVENETO AL NOF FILO&#8217; DI CENCENIGHE IN OCCASIONE DELLA FIERA DI SANT&#8217;ANDREA"},"content":{"rendered":"<div>\n<blockquote>\n<h3><\/h3>\n<\/blockquote>\n<p><strong>DI GIANNI SANTOMASO\u00a0<\/strong><\/p>\n<p><a class=\"dt-pswp-item\" href=\"https:\/\/www.radiopiu.net\/wordpress\/wp-content\/uploads\/2021\/09\/Nof-Filo-scaled.jpg\" data-dt-img-description=\"\" data-large_image_width=\"2560\" data-large_image_height=\"1440\"><img loading=\"lazy\" decoding=\"async\" class=\"size-medium wp-image-232764 alignleft\" src=\"https:\/\/www.radiopiu.net\/wordpress\/wp-content\/uploads\/2021\/09\/Nof-Filo-300x169.jpg\" alt=\"\" width=\"300\" height=\"169\" srcset=\"https:\/\/www.radiopiu.net\/wordpress\/wp-content\/uploads\/2021\/09\/Nof-Filo-300x169.jpg 300w, https:\/\/www.radiopiu.net\/wordpress\/wp-content\/uploads\/2021\/09\/Nof-Filo-1024x576.jpg 1024w, https:\/\/www.radiopiu.net\/wordpress\/wp-content\/uploads\/2021\/09\/Nof-Filo-768x432.jpg 768w, https:\/\/www.radiopiu.net\/wordpress\/wp-content\/uploads\/2021\/09\/Nof-Filo-1536x864.jpg 1536w, https:\/\/www.radiopiu.net\/wordpress\/wp-content\/uploads\/2021\/09\/Nof-Filo-2048x1152.jpg 2048w\" sizes=\"auto, (max-width: 300px) 100vw, 300px\" \/><\/a>Sabato dalle 14,30 alle 15.30 al Nof Fil\u00f2 di Cencenighe, all\u2019interno della Fiera di Sant\u2019Andrea, ci sar\u00e0 uno spazio dedicato all\u2019Acto Triveneto per favorire un\u2019alleanza contro i tumori ginecologici. L\u2019Acto Triveneto \u00e8 una associazione di pazienti, alleata con i medici di tutti i \u00a0centri di eccellenza del Triveneto. Si tratta di una delle ultime reti nazionali di associazioni pazienti, costituita nel luglio 2022 da Petra De Zanet dopo che le \u00e8 stato diagnosticato un tumore ovarico al penultimo stadio e una doppia neoplasia al collo dovuta da Hpv (Papilloma Virus) ma non solo; le hanno comunicato anche di essere geneticamente mutata positiva e germinale al BRCA2. \u00abHo deciso di fare qualcosa per le donne \u2013 spiega Petra De Zanet, presidente di Acto Triveneto &#8211; se io mi trovavo in quella situazione era perch\u00e9 qui nel Triveneto fino ad allora nessuno ne aveva mai parlato. Ci sono tantissime campagne contro il tumore al seno, ma di tumore ovarico nessuno ne parla, nessuna informazione. Sapere cogliere i sintomi significa trovare la malattia in uno stadio meno avanzato, questo significa avere una guarigione maggiore della malattia\u00bb. Acto Triveneto ha deciso di stare al fianco delle donne colpite da tumore ovarico o da altri tumori ginecologici fornendo servizi di &#8220;cura oltre le cure &#8221; finalizzati al miglioramento della loro qualit\u00e0 di vita. Di questo si parler\u00e0 nel breve convegno di sabato a Cencenighe durante il quale accanto a Petra De Zanet ci sar\u00e0 anche la dottoressa Laura Favretti dell\u2019ospedale di Feltre.<\/p>\n<p>&nbsp;<\/p>\n<\/div>\n<p>&nbsp;<\/p>\n<hr \/>\n<div><\/div>\n<p>&nbsp;<\/p>\n","protected":false},"excerpt":{"rendered":"<p>DI GIANNI SANTOMASO\u00a0 Sabato dalle 14,30 alle 15.30 al Nof Fil\u00f2 di Cencenighe, all\u2019interno della Fiera di Sant\u2019Andrea, ci sar\u00e0 uno spazio dedicato all\u2019Acto Triveneto per favorire un\u2019alleanza contro i tumori ginecologici. L\u2019Acto Triveneto \u00e8 una associazione di pazienti, alleata con i medici di tutti i \u00a0centri di eccellenza del Triveneto. Si tratta di una&hellip;<\/p>\n","protected":false},"author":4,"featured_media":232764,"comment_status":"closed","ping_status":"closed","sticky":false,"template":"","format":"standard","meta":{"_monsterinsights_skip_tracking":false,"_monsterinsights_sitenote_active":false,"_monsterinsights_sitenote_note":"","_monsterinsights_sitenote_category":0,"footnotes":""},"categories":[104,49],"tags":[],"class_list":["post-307941","post","type-post","status-publish","format-standard","has-post-thumbnail","hentry","category-evidenza_3","category-news-18","category-104","category-49","description-off"],"img_url":"https:\/\/www.radiopiu.net\/wordpress\/wp-content\/uploads\/2021\/09\/Nof-Filo-scaled.jpg","_links":{"self":[{"href":"https:\/\/www.radiopiu.net\/wordpress\/wp-json\/wp\/v2\/posts\/307941","targetHints":{"allow":["GET"]}}],"collection":[{"href":"https:\/\/www.radiopiu.net\/wordpress\/wp-json\/wp\/v2\/posts"}],"about":[{"href":"https:\/\/www.radiopiu.net\/wordpress\/wp-json\/wp\/v2\/types\/post"}],"author":[{"embeddable":true,"href":"https:\/\/www.radiopiu.net\/wordpress\/wp-json\/wp\/v2\/users\/4"}],"replies":[{"embeddable":true,"href":"https:\/\/www.radiopiu.net\/wordpress\/wp-json\/wp\/v2\/comments?post=307941"}],"version-history":[{"count":0,"href":"https:\/\/www.radiopiu.net\/wordpress\/wp-json\/wp\/v2\/posts\/307941\/revisions"}],"wp:featuredmedia":[{"embeddable":true,"href":"https:\/\/www.radiopiu.net\/wordpress\/wp-json\/wp\/v2\/media\/232764"}],"wp:attachment":[{"href":"https:\/\/www.radiopiu.net\/wordpress\/wp-json\/wp\/v2\/media?parent=307941"}],"wp:term":[{"taxonomy":"category","embeddable":true,"href":"https:\/\/www.radiopiu.net\/wordpress\/wp-json\/wp\/v2\/categories?post=307941"},{"taxonomy":"post_tag","embeddable":true,"href":"https:\/\/www.radiopiu.net\/wordpress\/wp-json\/wp\/v2\/tags?post=307941"}],"curies":[{"name":"wp","href":"https:\/\/api.w.org\/{rel}","templated":true}]}}