{"id":308032,"date":"2022-11-25T05:39:22","date_gmt":"2022-11-25T04:39:22","guid":{"rendered":"https:\/\/www.radiopiu.net\/wordpress\/?p=308032"},"modified":"2022-11-25T09:29:57","modified_gmt":"2022-11-25T08:29:57","slug":"giornale-radiopiu-25-novembre-2022-direttore-mirko-mezzacasa","status":"publish","type":"post","link":"https:\/\/www.radiopiu.net\/wordpress\/giornale-radiopiu-25-novembre-2022-direttore-mirko-mezzacasa\/","title":{"rendered":"GIORNALE RADIOPIU 25 NOVEMBRE 2022 DIRETTORE MIRKO MEZZACASA"},"content":{"rendered":"<h3 class=\"kvgmc6g5 cxmmr5t8 oygrvhab hcukyx3x c1et5uql\"><span style=\"color: #0000ff;\"><strong>RADIO PIU INFORMAZIONE il canale su TELEGRAM informazione di prima\u00a0 <\/strong><strong>mano e in tempo reale. iscriviti ed aiutaci a farlo conoscere\u00a0\u00a0<\/strong><\/span><\/h3>\n<p>&nbsp;<\/p>\n<p><strong>LA FOTO DI MICHELE ZAMENGO, IERI LA\u00a0 STRADA PER DIGONERA<\/strong><\/p>\n<p><a class=\"dt-pswp-item\" href=\"https:\/\/www.radiopiu.net\/wordpress\/wp-content\/uploads\/2022\/11\/d2c6cfec-05a1-4b5e-901c-2d72ade4573c.jpg\" data-dt-img-description=\"\" data-large_image_width=\"1024\" data-large_image_height=\"768\"><img loading=\"lazy\" decoding=\"async\" class=\"aligncenter wp-image-308097 size-full\" src=\"https:\/\/www.radiopiu.net\/wordpress\/wp-content\/uploads\/2022\/11\/d2c6cfec-05a1-4b5e-901c-2d72ade4573c.jpg\" alt=\"\" width=\"1024\" height=\"768\" srcset=\"https:\/\/www.radiopiu.net\/wordpress\/wp-content\/uploads\/2022\/11\/d2c6cfec-05a1-4b5e-901c-2d72ade4573c.jpg 1024w, https:\/\/www.radiopiu.net\/wordpress\/wp-content\/uploads\/2022\/11\/d2c6cfec-05a1-4b5e-901c-2d72ade4573c-300x225.jpg 300w, https:\/\/www.radiopiu.net\/wordpress\/wp-content\/uploads\/2022\/11\/d2c6cfec-05a1-4b5e-901c-2d72ade4573c-768x576.jpg 768w\" sizes=\"auto, (max-width: 1024px) 100vw, 1024px\" \/><\/a><\/p>\n<p>&nbsp;<\/p>\n<p>&nbsp;<\/p>\n<hr \/>\n<p>&nbsp;<\/p>\n<blockquote>\n<h3>ACQUA NON POTABILE A GOSALDO<\/h3>\n<\/blockquote>\n<p><strong><a class=\"dt-pswp-item\" href=\"https:\/\/www.radiopiu.net\/wordpress\/wp-content\/uploads\/2018\/08\/ACQUA.jpeg\" data-dt-img-description=\"\" data-large_image_width=\"1280\" data-large_image_height=\"768\"><img loading=\"lazy\" decoding=\"async\" class=\" wp-image-57052 alignleft\" src=\"https:\/\/www.radiopiu.net\/wordpress\/wp-content\/uploads\/2018\/08\/ACQUA-300x180.jpeg\" alt=\"\" width=\"115\" height=\"69\" srcset=\"https:\/\/www.radiopiu.net\/wordpress\/wp-content\/uploads\/2018\/08\/ACQUA-300x180.jpeg 300w, https:\/\/www.radiopiu.net\/wordpress\/wp-content\/uploads\/2018\/08\/ACQUA-768x461.jpeg 768w, https:\/\/www.radiopiu.net\/wordpress\/wp-content\/uploads\/2018\/08\/ACQUA-1024x614.jpeg 1024w, https:\/\/www.radiopiu.net\/wordpress\/wp-content\/uploads\/2018\/08\/ACQUA.jpeg 1280w\" sizes=\"auto, (max-width: 115px) 100vw, 115px\" \/><\/a>GOSALDO<\/strong> Gestione Servizi Pubblici informa che a GOSALDO nelle localit\u00e0 LE CASE, CURTI e INCASAL l&#8217;acqua erogata dall&#8217;acquedotto non \u00e8 potabile e pu\u00f2 essere usata per scopi alimentari SOLO PREVIA bollitura. GSP ha, comunque, gi\u00e0 adottato le necessarie misure per la disinfezione dell&#8217;acqua presente nei serbatoi e nella rete idrica con l&#8217;aggiunta di cloro.<\/p>\n<p>&nbsp;<\/p>\n<p>&nbsp;<\/p>\n<hr \/>\n<p>&nbsp;<\/p>\n<blockquote>\n<h3>DONNA IN OSPEDALE PER LE ESALAZIONI DA MONOSSIDO DI CARBONIO<\/h3>\n<\/blockquote>\n<p><strong><img loading=\"lazy\" decoding=\"async\" class=\"alignleft\" src=\"https:\/\/www.radiopiu.net\/wordpress\/wp-content\/uploads\/2021\/07\/b39c74f9-db73-45b1-b518-6c028072e3ad.jpg\" width=\"130\" height=\"163\" \/><\/strong><\/p>\n<p><strong>BELLUNO<\/strong> Una donna di 68 anni \u00e8 stata soccorsa dal 118 ieri alle 11 a Visome. Portata in ospedale \u00e8 stata sottoposta a tutte le terapie necessarie in seguito ad intossicazione da monossido di carbonio, le sue condizioni non sono gravi,\u00a0 fin da subito \u00e8 stata\u00a0 infatti definita come intossicazione di lieve entit\u00e0. Sul posto, anche i vigili del fuoco, che hanno avviato le indagini sulle cause.\u00a0 L&#8217;ipotesi prevalentemente \u00e8 che il gas tossico sia stato sprigionato da una stufa a legna. A dare l\u2019allarme la figlia, che lavora\u00a0 fuori citt\u00e0. La donna ha cercato la mamma senza avere riscontro. Insospettita ha chiamato i soccorsi.<\/p>\n<p>IERI SERA ALLA RADIO<\/p>\n<p>MORENO GIOLI<\/p>\n<audio class=\"wp-audio-shortcode\" id=\"audio-308032-1\" preload=\"none\" style=\"width: 100%;\" controls=\"controls\"><source type=\"audio\/mpeg\" src=\"https:\/\/www.radiopiu.net\/wordpress\/wp-content\/uploads\/2022\/11\/MROENO-GIOLI.mp3?_=1\" \/><a href=\"https:\/\/www.radiopiu.net\/wordpress\/wp-content\/uploads\/2022\/11\/MROENO-GIOLI.mp3\">https:\/\/www.radiopiu.net\/wordpress\/wp-content\/uploads\/2022\/11\/MROENO-GIOLI.mp3<\/a><\/audio>\n<p>&nbsp;<\/p>\n<p>&nbsp;<\/p>\n<hr \/>\n<p>&nbsp;<\/p>\n<blockquote>\n<h3>E&#8217; MANCATO EUGENIO PADOVAN, UOMO DI CULTURA<\/h3>\n<\/blockquote>\n<p><strong><img loading=\"lazy\" decoding=\"async\" class=\"alignleft\" src=\"https:\/\/www.radiopiu.net\/wordpress\/wp-content\/uploads\/2022\/11\/163027_181053771918464_3670604_n.jpg\" width=\"195\" height=\"147\" \/>PIEVE D&#8217;ALPAGO<\/strong> &#8220;Con immenso dolore annunciamo che purtroppo mattina \u00e8 mancato improvvisamente <a class=\"x1i10hfl xjbqb8w x6umtig x1b1mbwd xaqea5y xav7gou x9f619 x1ypdohk xt0psk2 xe8uvvx xdj266r x11i5rnm xat24cr x1mh8g0r xexx8yu x4uap5 x18d9i69 xkhd6sd x16tdsg8 x1hl2dhg xggy1nq x1a2a7pz xt0b8zv x1qq9wsj xo1l8bm\" tabindex=\"0\" role=\"link\" href=\"https:\/\/www.facebook.com\/eugenio.padovan?__cft__[0]=AZWxWlGs67qamWK7BBcWt6bv0qaYuE1G7McYRaghvaHBXbu5d3m4nE2HfHJwdoxTjTKjaEYGjh12h6EPow2jf3HB2foUX_FQvTaPUTavkuASycEG7jS74xmYlF7Azs9GK4jha3LNk9iINve8-tOs87iq&amp;__tn__=-]K-R\"><span class=\"xt0psk2\">Eugenio&#8221;\u00a0\u00a0<\/span><\/a> Poche parole della famiglia affidate ai social per comunicare la morte di Eugenio Padovan, 77 anni, acheologo, studioso e giornalista protagonista nella storia bel bellunese. Una morte improvvisa che lascia nello sconforto la famiglia e quanti hanno avuto la fortuna di conoscerlo. Per lunghi anni dipendente della Soprintendenza,\u00a0 instancabile promotore dello studio delle antichit\u00e0 bellunesi, era originario di Farra d\u2019Alpago, terra a cui era sempre molto legato anche se da anni viveva in Valbelluna, a Villa di Villa.<\/p>\n<p>&nbsp;<\/p>\n<p><strong>IL MESSAGGIO DI CORDOGLIO DEL PRESIDENTE DELLA PROVINCIA ROBERTO PADRIN<\/strong><\/p>\n<div>\n<p><em>\u00abPerdiamo un uomo appassionato, tenace, profondamente innamorato del territorio in cui viveva tanto da animarsi nelle discussioni che riguardavano il futuro del Bellunese\u00bb. Cos\u00ec il presidente della Provincia di Belluno, Roberto Padrin, in una nota di cordoglio per la scomparsa improvvisa di Eugenio Padova, ex funzionario della Sovrintendenza e grande appassionato di archeologia e storia. \u00abPadovan era un attento conoscitore della storia e un raffinato esperto di archeologia. I ritrovamenti paleoveneti, ma non solo, erano per lui uno strumento di promozione territoriale, e anche di orgoglio dell\u2019intero Bellunese. Spesso non riusciva a capacitarsi della poca attenzione che veniva riservata ad alcune scoperte archeologiche e in questo era davvero stimolante confrontarsi con lui. Ha sempre cercato di unire in un legame proficuo per le comunit\u00e0 bellunesi la passione culturale con le esigenze di sviluppo dei territori. E anche di recente mi ero incontrato con lui, a seguito di alcuni ritrovamenti a Castellavazzo, per cercare di capire cosa farne e come valorizzarli. Da parte mia e dell\u2019intero consiglio provinciale, un abbraccio alla sua famiglia e alle tante persone che hanno potuto apprezzare le sue doti di uomo e di professionista\u00bb.<span class=\"gmail-Apple-converted-space\">\u00a0 \u00a0<\/span><\/em><\/p>\n<blockquote>\n<h3><\/h3>\n<h3>Il consiglio direttivo di Assostampa Belluno<\/h3>\n<\/blockquote>\n<p>\u00abPerdiamo una persona, un amico, che amava il proprio territorio e che ad esso ha dedicato tante energie e tanta parte della sua vita\u00bb cos\u00ec il consiglio direttivo di Assostampa Belluno ricorda Eugenio Padovan, funzionario della Sovrintendenza e profondo conoscitore dell\u2019archeologia bellunese, ma anche giornalista pubblicista dalla fine degli anni Settanta. \u00abOltre che uno stimato professionista nel campo della ricerca archeologica, Eugenio era anche un giornalista che amava raccontare in maniera precisa, brillante, intelligente e appassionata. Sempre chiaro, diretto e deciso, lavorava per la valorizzazione delle ricchezze del Bellunese, proiettato al futuro. Alla moglie Daniela, ai figli Antonello e Marcello giungano le pi\u00f9 sentite condoglianze da parte di tutto il consiglio direttivo di Assostampa Belluno\u00bb.<\/p>\n<p>&nbsp;<\/p>\n<hr \/>\n<p>&nbsp;<\/p>\n<p>&nbsp;<\/p>\n<div><\/div>\n<blockquote>\n<h3>DIAGNOSI DI BRONCHITE, MORTE PER INFARTO. INDAGA LA PROCURA<\/h3>\n<\/blockquote>\n<div><\/div>\n<div>\n<p><strong><img loading=\"lazy\" decoding=\"async\" class=\"alignleft\" src=\"https:\/\/www.radiopiu.net\/wordpress\/wp-content\/uploads\/2018\/07\/ospedale-feltre.jpg\" width=\"217\" height=\"124\" \/>OGGI SUL CORRIERE DELLE ALPI<\/strong><\/p>\n<p><strong>DI GIGI SOSSO<\/strong><\/p>\n<p><strong>FELTRE<\/strong> Il medico del Pronto soccorso dell&#8217;ospedale Santa Maria del Prato di Feltre \u00e8 iscritta nel registro della Procura della Repubblica di Belluno per la morte Sebastiano Musumeci, il 70enne di Trichiana di Borgo Valbelluna entrato in codice arancione la sera dell&#8217;11 novembre e morto il giorno dopo, una volta tornato a casa, con diagnosi conclusiva di \u00abarresto cardiocircolatorio\u00bb. Un infarto quando invece sembrava una bronchite. Il sostituto procuratore Marta Tollardo ha disposto l&#8217;autopsia, che \u00e8 stata eseguita dal medico legale Antonello Cirnelli (consulenti Duilio Della Libera per l&#8217;indagata e Sara Nalin per la famiglia Musumeci). Novanta giorni per conoscere le cause della morte dell&#8217;uomo e anche per capire se la sanitaria abbia delle responsabilit\u00e0 oppure no&#8230;. La donna \u00e8 difesa di fiducia dall&#8217;avvocato Ferdinando Coppa.<\/p>\n<\/div>\n<p>&nbsp;<\/p>\n<p>&nbsp;<\/p>\n<p>&nbsp;<\/p>\n<hr \/>\n<p>&nbsp;<\/p>\n<blockquote>\n<h3>L&#8217;INCOLMABILE VUOTO,\u00a0 COME FARSENE UNA RAGIONE?<\/h3>\n<\/blockquote>\n<p><em>&#8220;Domenica abbiamo perso la nostra migliore amica e ogni volta che chiudiamo gli occhi ci aspettiamo di vederti comparire all&#8217;improvviso, di corsa come al solito, piena di energia. Possiamo solo immaginarti seduta lass\u00f9 tra le nuvole con i pensieri di tutto quello che avresti voluto fare. La nostra vita si riempir\u00e0 di bellissimi ricordi e di mille progetti per un futuro che vivremo al massimo, anche per te. Soprattutto per te. Ti vogliamo un bene infinito\u00bb<\/em>.<\/p>\n<p><strong><a class=\"dt-pswp-item\" href=\"https:\/\/www.radiopiu.net\/wordpress\/wp-content\/uploads\/2022\/11\/Senza-nome-106.jpg\" data-dt-img-description=\"\" data-large_image_width=\"425\" data-large_image_height=\"263\"><img loading=\"lazy\" decoding=\"async\" class=\"size-medium wp-image-308164 alignleft\" src=\"https:\/\/www.radiopiu.net\/wordpress\/wp-content\/uploads\/2022\/11\/Senza-nome-106-300x186.jpg\" alt=\"\" width=\"300\" height=\"186\" srcset=\"https:\/\/www.radiopiu.net\/wordpress\/wp-content\/uploads\/2022\/11\/Senza-nome-106-300x186.jpg 300w, https:\/\/www.radiopiu.net\/wordpress\/wp-content\/uploads\/2022\/11\/Senza-nome-106.jpg 425w\" sizes=\"auto, (max-width: 300px) 100vw, 300px\" \/><\/a>FELTRE<\/strong> In centinaia, tutti con le lacrime agli occhi e nella mente il pensiero per quella mamma, per quella sorella,\u00a0 per quella famiglia gi\u00e0 segnata dall&#8217;improvviso decesso di pap\u00e0 Narciso. Straziante l&#8217;addio a Mery, Mariacristina Masocco, ieri in duomo. Quartiere Port&#8217;Oria in prima fila con i suoi sbandieratori, gruppo del quale Mery era una <em><a class=\"dt-pswp-item\" href=\"https:\/\/www.radiopiu.net\/wordpress\/wp-content\/uploads\/2022\/11\/316414499_1991055611097832_5476962541451891082_n.jpg\" data-dt-img-description=\"\" data-large_image_width=\"512\" data-large_image_height=\"640\"><img loading=\"lazy\" decoding=\"async\" class=\"size-medium wp-image-307977 alignright\" src=\"https:\/\/www.radiopiu.net\/wordpress\/wp-content\/uploads\/2022\/11\/316414499_1991055611097832_5476962541451891082_n-240x300.jpg\" alt=\"\" width=\"240\" height=\"300\" srcset=\"https:\/\/www.radiopiu.net\/wordpress\/wp-content\/uploads\/2022\/11\/316414499_1991055611097832_5476962541451891082_n-240x300.jpg 240w, https:\/\/www.radiopiu.net\/wordpress\/wp-content\/uploads\/2022\/11\/316414499_1991055611097832_5476962541451891082_n.jpg 512w\" sizes=\"auto, (max-width: 240px) 100vw, 240px\" \/><\/a><\/em>delle trascinatrici. Don Sandro, nella veglia di preghiera aveva augurato\u00a0 \u00abBuona strada, volpe grintosa\u00bb, riferendosi al suo ruolo di primo piano nel gruppo del Scout di Feltre.<\/p>\n<p><em>\u00abTi ricorderemo con una bandiera in mano, mentre la fai volare con estrema fierezza. Ci coinvolgevi sempre nei tuoi numeri da circo che suscitavano sempre il nostro stupore. Ricorderemo sempre i momenti passati assieme, i pomeriggi a montare chioschi, le grigliate a Canal, le nottate di Palio e le facce distrutte del mattina. Cuore giallo, anima nera:e tu sei stata l&#8217;anima del nostro gruppo. Ci hai insegnato che l&#8217;importante non \u00e8 vincere, \u00e8 festeggiare. Con te se ne va un pezzo del nostro cuore, perch\u00e9 quando un membro ci lascia rimane un vuoto infinito. D&#8217;altrone noi del Port&#8217;Oria siamo una piccola famiglia, pochi, giovani, ma uniti. Il sogno che avevamo eri tu al centro di Pra&#8217; del Moro con il drappo e noi che ti correvamo incontro. Andremo avanti convinti, a testa alta, prima o poi stringeremo quel drappo e quel momento sar\u00e0 solo per te. Un grande abbraccio a mamma Angela e alla Fra. Portoriana eri, portoriana sei e portoriana sarai\u00bb. <\/em><\/p>\n<div id=\"articlePrev\"><\/div>\n<div><\/div>\n<div>\n<p>&nbsp;<\/p>\n<p>&nbsp;<\/p>\n<hr \/>\n<p>&nbsp;<\/p>\n<blockquote>\n<h3>RECIDIVO E PERICOLO PUBBLICO, MA IN CHE PAESE VIVIAMO?<\/h3>\n<\/blockquote>\n<p><strong><a class=\"dt-pswp-item\" href=\"https:\/\/www.radiopiu.net\/wordpress\/wp-content\/uploads\/2022\/08\/295832323_428597342649333_2091359398335650946_n.jpg\" data-dt-img-description=\"\" data-large_image_width=\"512\" data-large_image_height=\"640\"><img loading=\"lazy\" decoding=\"async\" class=\"wp-image-293577 alignleft\" src=\"https:\/\/www.radiopiu.net\/wordpress\/wp-content\/uploads\/2022\/08\/295832323_428597342649333_2091359398335650946_n-240x300.jpg\" alt=\"\" width=\"131\" height=\"164\" srcset=\"https:\/\/www.radiopiu.net\/wordpress\/wp-content\/uploads\/2022\/08\/295832323_428597342649333_2091359398335650946_n-240x300.jpg 240w, https:\/\/www.radiopiu.net\/wordpress\/wp-content\/uploads\/2022\/08\/295832323_428597342649333_2091359398335650946_n.jpg 512w\" sizes=\"auto, (max-width: 131px) 100vw, 131px\" \/><\/a>BELLUNO<\/strong> Ubriaco fradicio, ubriaco spolpo per essere ancora pi\u00f9 chiari, al volante senza la patente gi\u00e0 revocata. Fermato due volte nel giro di pochi giorni, nel primo caso aveva soffiato addirittura 2.94, nel secondo si \u00e8 fermato a due grammi di alcol per litro di sangue. Che \u00e8 comunque un valore molto elevato e gli vale un altro processo penale, oltre alla sanzione amministrativa per la mancanza del documento che gli era stato revocato tempo fa per un precedente analogo.\u00a0 Il fenomeno guidava il\u00a0 furgone\u00a0 con andatura\u00a0 incerta e pericolosa con difficolt\u00e0 nel reggersi in piedi o di camminare e di articolare un discorso. Ci vorr\u00e0 del tempo per il processo, nel frattempo quante volte ancora si metter\u00e0 alla guida? Quante volte ancora attenter\u00e0 alla vita degli altri?<\/p>\n<p>&nbsp;<\/p>\n<p>&nbsp;<\/p>\n<\/div>\n<p>&nbsp;<\/p>\n<\/div>\n<hr \/>\n<p>&nbsp;<\/p>\n<blockquote>\n<h3>LA GIORNATA MONDIALE CONTRO LA VIOLENZA SULLE DONNE: IL PENSIERO DEL PRESIDENTE ZAIA<\/h3>\n<\/blockquote>\n<p><strong><a class=\"dt-pswp-item\" href=\"https:\/\/www.radiopiu.net\/wordpress\/wp-content\/uploads\/2020\/11\/VIOLENZA-DONNE.jpg\" data-dt-img-description=\"\" data-large_image_width=\"1920\" data-large_image_height=\"1565\"><img loading=\"lazy\" decoding=\"async\" class=\" wp-image-174279 alignleft\" src=\"https:\/\/www.radiopiu.net\/wordpress\/wp-content\/uploads\/2020\/11\/VIOLENZA-DONNE-300x245.jpg\" alt=\"\" width=\"187\" height=\"153\" srcset=\"https:\/\/www.radiopiu.net\/wordpress\/wp-content\/uploads\/2020\/11\/VIOLENZA-DONNE-300x245.jpg 300w, https:\/\/www.radiopiu.net\/wordpress\/wp-content\/uploads\/2020\/11\/VIOLENZA-DONNE-1024x835.jpg 1024w, https:\/\/www.radiopiu.net\/wordpress\/wp-content\/uploads\/2020\/11\/VIOLENZA-DONNE-768x626.jpg 768w, https:\/\/www.radiopiu.net\/wordpress\/wp-content\/uploads\/2020\/11\/VIOLENZA-DONNE-1536x1252.jpg 1536w, https:\/\/www.radiopiu.net\/wordpress\/wp-content\/uploads\/2020\/11\/VIOLENZA-DONNE.jpg 1920w\" sizes=\"auto, (max-width: 187px) 100vw, 187px\" \/><\/a>VENEZIA <\/strong>\u201c<em>Ai bambini si insegna che le donne non si devono sfiorare neanche con un fiore ed \u00e8 bene che, fin da piccoli, gli uomini maturino questo rispetto verso le ragazze del futuro. Oggi \u00e8 la Giornata Mondiale contro la violenza sulle donne e abbiamo il dovere di ricordare tutte coloro il cui sguardo si \u00e8 spento, quelle che con coraggio mostrano i segni di violenza, non solo fisica, e quelle che hanno avuto la forza di denunciare. Niente colpisce di pi\u00f9 di una storia vera, ed \u00e8 proprio da l\u00ec che dobbiamo partire, da questi vissuti per fare educazione sentimentale e rimarcare con forza che la violenza non va tollerata a nessuna et\u00e0<\/em>\u201d. Questo il pensiero del Presidente della Regione del Veneto, Luca Zaia, in occasione della Giornata internazionale per l\u2019eliminazione della violenza contro le donne, istituita dall\u2019Onu nel 1999.<\/p>\n<p>&nbsp;<\/p>\n<hr \/>\n<p>&nbsp;<\/p>\n<blockquote>\n<h3 align=\"CENTER\"><b>L\u2019ARMA DEI CARABINIERI <\/b><b>CONTRO LA VIOLENZA SULLE DONNE<\/b><\/h3>\n<\/blockquote>\n<p align=\"JUSTIFY\"><span style=\"font-family: Arial Unicode MS, serif;\"><span style=\"font-family: Times New Roman, serif;\"><strong><a class=\"dt-pswp-item\" href=\"https:\/\/www.radiopiu.net\/wordpress\/wp-content\/uploads\/2022\/11\/25.11.2022_carabinieri-contro-la-violenza-di-genere.png\" data-dt-img-description=\"\" data-large_image_width=\"1063\" data-large_image_height=\"710\"><img loading=\"lazy\" decoding=\"async\" class=\"size-medium wp-image-308088 alignleft\" src=\"https:\/\/www.radiopiu.net\/wordpress\/wp-content\/uploads\/2022\/11\/25.11.2022_carabinieri-contro-la-violenza-di-genere-300x200.png\" alt=\"\" width=\"300\" height=\"200\" srcset=\"https:\/\/www.radiopiu.net\/wordpress\/wp-content\/uploads\/2022\/11\/25.11.2022_carabinieri-contro-la-violenza-di-genere-300x200.png 300w, https:\/\/www.radiopiu.net\/wordpress\/wp-content\/uploads\/2022\/11\/25.11.2022_carabinieri-contro-la-violenza-di-genere-1024x684.png 1024w, https:\/\/www.radiopiu.net\/wordpress\/wp-content\/uploads\/2022\/11\/25.11.2022_carabinieri-contro-la-violenza-di-genere-768x513.png 768w, https:\/\/www.radiopiu.net\/wordpress\/wp-content\/uploads\/2022\/11\/25.11.2022_carabinieri-contro-la-violenza-di-genere.png 1063w\" sizes=\"auto, (max-width: 300px) 100vw, 300px\" \/><\/a>BELLUNO<\/strong> In occasione del 25 novembre, Giornata internazionale per l&#8217;eliminazione della violenza contro le donne, l\u2019Arma dei Carabinieri aderisce alla campagna nazionale di sensibilizzazione e contrasto al fenomeno. Anche quest\u2019anno tante caserme si illuminano di arancione, in adesione alla campagna internazionale \u201cOrange the World\u201d come segnale tangibile dell\u2019assoluta attenzione e priorit\u00e0 dell\u2019Arma a invogliare le donne vittime di violenze a denunciare. Nonostante la crisi energetica, i Carabinieri non hanno voluto rinunciare a questo forte segnale simbolico e lo hanno fatto &#8211; questo \u00e8 bene sottolinearlo &#8211; senza aumentare i consumi energetici con nuove illuminazioni, ma semplicemente usando quelle gi\u00e0 attive. <\/span><\/span>Anche in quest\u2019ultimo anno sono state decine le donne che sono state accolte in Italia nelle stanze dell\u2019Arma e le cui storie sono state seguite con particolare attenzione. \u201c<i>E\u2019 un fenomeno costante, che purtroppo ha una diffusione nazionale e interessa anche il nostro territorio<\/i>\u201d ha detto il Colonnello Pigozzo \u201c<i>e l\u2019attenzione \u00e8 sempre molto alta, cos\u00ec come l\u2019impegno a cogliere ogni segno di disagio \u00e8 per noi una priorit\u00e0<\/i>\u201d. I Carabinieri del Nucleo Investigativo provinciale, ove \u00e8 stata istituita una squadra dedicata alla violenza di genere, formata da militari specializzati che sono parte della \u201cRete nazionale di monitoraggio sul fenomeno della violenza di genere\u201d, nel 2022 hanno denunciato in stato di libert\u00e0 12 persone ed hanno svolto indagini, coordinate dalla magistratura bellunese, su reati di maltrattamenti in famiglia, atti persecutori, violenze sessuali e diffusione illecita di immagini o video (cosiddetto <i>revenge porn<\/i>). Hanno eseguito 3 misure cautelari personali, 2 divieti di avvicinamento ai luoghi frequentati dalle persone offese ed 1 allontanamento dalla casa famiglia. Sono state svolte 46 audizioni protette per diverse tipologie di condotte, tutte oggetto di approfondimenti da parte dell\u2019Arma. \u201cG<i>razie al coordinamento e alla grande attenzione della Procura della Repubblica di Belluno, siamo riusciti ad aiutare tante donne in difficolt\u00e0, supportati da una rete di Istituzioni e volontariato che cerca, con ogni mezzo, di affiancare e sostenere queste vittime\u201d <\/i>ha detto il Comandante Provinciale, aggiungendo<i> \u201cpochi giorni fa lo stesso Prefetto di Belluno, particolarmente sensibile al tema, ha coordinato un tavolo di lavoro per affrontare questo problema cos\u00ec delicato<\/i>\u201d.<\/p>\n<p>&nbsp;<\/p>\n<hr \/>\n<p>&nbsp;<\/p>\n<blockquote>\n<h3>IL CONTRIBUTO DELLE IMPRESE<\/h3>\n<\/blockquote>\n<p align=\"JUSTIFY\"><span style=\"font-family: Calibri, serif;\"><strong>BELLUNO<\/strong> Affinch\u00e8 quella del 25 novembre non sia soltanto una ricorrenza, \u00e8 fondamentale la collaborazione e il coinvolgimento attivo di tutte le componenti sociali. <\/span><span style=\"font-family: Calibri, serif;\">\u00a0<\/span><span style=\"font-family: Calibri, serif;\">Quella di oggi \u00e8 quindi l\u2019occasione per <\/span><span style=\"font-family: Calibri, serif;\">Appia, Confartigianato, Confcommercio <\/span><span style=\"font-family: Calibri, serif;\">e<\/span><span style=\"font-family: Calibri, serif;\"> Coldiretti<\/span> <span style=\"font-family: Calibri, serif;\">per confermare, insieme alla Consigliera di Parit\u00e0 Flavia Monego, che quella della parit\u00e0 di genere \u00e8 una sfida da vincere. <\/span><span style=\"font-family: Calibri, serif;\">Nel contempo, tutte le associazioni datoriali della\u00a0 Provincia sono unanimi nel sostenere che, solo se praticate, le iniziative diventano fenomeni socialmente rilevanti. <\/span><span style=\"font-family: Calibri, serif;\">Questo \u00e8 il senso del messaggio congiunto di oggi e delle prossime iniziative che scaturiranno da questa sinergia di network con l\u2019intento di comporsi in una \u201cmassa critica\u201d e contribuire al cambiamento nell\u2019identit\u00e0 delle imprese e nei loro processi.<br \/>\n<\/span><\/p>\n<p align=\"JUSTIFY\"><span style=\"font-family: Calibri, serif;\"><strong>\u00a0<\/strong><\/span><\/p>\n<p align=\"JUSTIFY\"><span style=\"font-family: Calibri, serif;\"><strong>\u00a0<\/strong><\/span><\/p>\n<hr \/>\n<p align=\"JUSTIFY\"><span style=\"font-family: Calibri, serif;\"><strong> \u00a0<\/strong><\/span><\/p>\n<p><span style=\"font-size: large;\"><b><a class=\"dt-pswp-item\" href=\"https:\/\/www.radiopiu.net\/wordpress\/wp-content\/uploads\/2019\/06\/Francesca-De-Biasi.jpg\" data-dt-img-description=\"\" data-large_image_width=\"3456\" data-large_image_height=\"5184\"><img loading=\"lazy\" decoding=\"async\" class=\"wp-image-88925 alignright\" src=\"https:\/\/www.radiopiu.net\/wordpress\/wp-content\/uploads\/2019\/06\/Francesca-De-Biasi-200x300.jpg\" alt=\"\" width=\"134\" height=\"201\" srcset=\"https:\/\/www.radiopiu.net\/wordpress\/wp-content\/uploads\/2019\/06\/Francesca-De-Biasi-200x300.jpg 200w, https:\/\/www.radiopiu.net\/wordpress\/wp-content\/uploads\/2019\/06\/Francesca-De-Biasi-768x1152.jpg 768w, https:\/\/www.radiopiu.net\/wordpress\/wp-content\/uploads\/2019\/06\/Francesca-De-Biasi-683x1024.jpg 683w\" sizes=\"auto, (max-width: 134px) 100vw, 134px\" \/><\/a>Si alzano a 4 i giorni di ospitalit\u00e0 alberghiera per le donne che subiscono violenza <\/b><\/span><span style=\"font-size: large;\"><b>Novit\u00e0 resa possibile dalla donazione di Inner Wheel al Fondo Welfare, \u00a0con il mercatino vintage delle scorse settimane ha raccolto 5mila euro e li ha destinati alle\u00a0 progettualit\u00e0 per contrastare e prevenire le delicate questioni di genere<\/b><\/span><\/p>\n<p><span style=\"font-size: large;\"><i>De Biasi: \u00abA breve un evento formativo per negozi ed esercizi a contatto con il mondo femminile\u00bb<\/i><\/span><\/p>\n<p align=\"JUSTIFY\"><span style=\"font-family: Calibri, serif;\"><b>FRANCESCA DE BIASI<\/b><\/span><\/p>\n<audio class=\"wp-audio-shortcode\" id=\"audio-308032-2\" preload=\"none\" style=\"width: 100%;\" controls=\"controls\"><source type=\"audio\/mpeg\" src=\"https:\/\/www.radiopiu.net\/wordpress\/wp-content\/uploads\/2022\/11\/FLAVIA-MONEGO.mp3?_=2\" \/><a href=\"https:\/\/www.radiopiu.net\/wordpress\/wp-content\/uploads\/2022\/11\/FLAVIA-MONEGO.mp3\">https:\/\/www.radiopiu.net\/wordpress\/wp-content\/uploads\/2022\/11\/FLAVIA-MONEGO.mp3<\/a><\/audio>\n<blockquote><p><em> \u00abFederalberghi\u00a0 Belluno \u2013 afferma il presidente Walter De Cassan &#8211; rinnova con entusiasmo la partecipazione al progetto per una rete di accoglienza a favore di persone vittime di violenza grazie all&#8217;adesione di oltre 15 strutture ricettive associate espressione di tutto il territorio. Dalle zone alte del Cadore, Comelico e Agordino fino al Feltrino e al capoluogo, un nutrito gruppo di esercenti ha fornito la propria disponibilit\u00e0 mettendosi a disposizione in caso di bisogno nella speranza che le necessit\u00e0 siano ovviamente ridotte al minimo. Federalberghi e Confcommercio Belluno ringraziano gli associati che hanno aderito all&#8217;iniziativa e quanti vorranno aggregarsi in corso d\u2019opera\u00bb.<\/em><\/p><\/blockquote>\n<p>&nbsp;<\/p>\n<p>&nbsp;<\/p>\n<hr \/>\n<p>&nbsp;<\/p>\n<blockquote>\n<h3>OGGI ALLA RADIO LA CANZONE &#8220;VITTORIA&#8221; DI MARCO V. DAL FARRA E MATTIA ANDRICH<\/h3>\n<\/blockquote>\n<blockquote>\n<h3><strong style=\"font-size: 14px;\">AUDIO, VOCE PAOLA LANCIATO<\/strong><\/h3>\n<\/blockquote>\n<audio class=\"wp-audio-shortcode\" id=\"audio-308032-3\" preload=\"none\" style=\"width: 100%;\" controls=\"controls\"><source type=\"audio\/mpeg\" src=\"https:\/\/www.radiopiu.net\/wordpress\/wp-content\/uploads\/2022\/11\/VIVA-2.mp3?_=3\" \/><a href=\"https:\/\/www.radiopiu.net\/wordpress\/wp-content\/uploads\/2022\/11\/VIVA-2.mp3\">https:\/\/www.radiopiu.net\/wordpress\/wp-content\/uploads\/2022\/11\/VIVA-2.mp3<\/a><\/audio>\n<p><strong>IL TESTO DELLA CANZONE<\/strong><\/p>\n<p><span style=\"color: #ff0000;\">VITTORIA<\/span><br \/>\ndi Marco Dal Farra e Mattia Andrich<br \/>\nC&#8217;\u00e8 un bicchiere rotto a terra<br \/>\ne buio nella stanza<br \/>\nMi dai un bacio e con la mano<br \/>\nnascondi la tua guancia<br \/>\nIo, che tremo solo a pensarci agli schiaffi e a quei calci<br \/>\npiango sotto al cuscino ma vorrei abbracciarti<br \/>\nmi dici che stai bene<br \/>\ntorna a dormire \u00e8 tardi<br \/>\nCome fai, dov&#8217;\u00e8 che trovi la forza<br \/>\ndi asciugare le lacrime e di riaprire la porta<br \/>\nCome fai, dov&#8217;\u00e8 che tieni nascosta<br \/>\nquella voce che grida in faccia al mondo e a me che adesso \u00e8 troppo, adesso BASTA!<br \/>\nOggi l&#8217;aria sa di mare<br \/>\ntu guidi qui di fianco<br \/>\nquanta fretta di arrivare<br \/>\ndov\u2019\u00e8 che stiamo andando<br \/>\ntu, con un sorriso diverso il vento ti soffia addosso<br \/>\nporta via quel rimorso che diceva non posso<br \/>\nmi dici che stai bene<br \/>\nnon \u00e8 mai troppo tardi<br \/>\nCome fai, dov&#8217;\u00e8 che trovi la forza<br \/>\ndi asciugare le lacrime e di riaprire la porta<br \/>\nCome fai, dov&#8217;\u00e8 che tieni nascosta<br \/>\nquella voce che grida in faccia che questa vita \u00e8 la tua Vittoria, la tua Vittoria<br \/>\nCome fai, dov&#8217;\u00e8 che tieni nascosta<br \/>\nquella voce che grida in faccia al mondo e a me che adesso \u00e8 troppo adesso<br \/>\nbasta, adesso BASTA!<br \/>\nAnche una ferita passa<br \/>\nResta una cicatrice<br \/>\nC&#8217;\u00e8 chi un fiore lo accarezza&#8230;<br \/>\nTesto e Musica: Mattia Andrich e Marco V. Dal Farra<br \/>\nProduzione: Davide De Faveri<\/p>\n<div><\/div>\n<div>\n<div data-crea=\"font-wrapper\">\n<div><\/div>\n<div>\n\n\t\t\t<style type='text\/css'>\n\t\t\t\t#gallery-1 {\n\t\t\t\t\tmargin: auto;\n\t\t\t\t}\n\t\t\t\t#gallery-1 .gallery-item {\n\t\t\t\t\tfloat: left;\n\t\t\t\t\tmargin-top: 10px;\n\t\t\t\t\ttext-align: center;\n\t\t\t\t\twidth: 50%;\n\t\t\t\t}\n\t\t\t\t#gallery-1 img {\n\t\t\t\t\tborder: 2px solid #cfcfcf;\n\t\t\t\t}\n\t\t\t\t#gallery-1 .gallery-caption {\n\t\t\t\t\tmargin-left: 0;\n\t\t\t\t}\n\t\t\t\t\/* see gallery_shortcode() in wp-includes\/media.php *\/\n\t\t\t<\/style>\n\t\t<div id='gallery-1' class='dt-gallery-container gallery galleryid-308032 gallery-columns-2 gallery-size-thumbnail'><dl class='gallery-item'>\n\t\t\t\t<dt class='gallery-icon landscape'>\n\t\t\t\t\t<a class=\"rollover rollover-zoom dt-pswp-item\" title=\"Senzas nome\" data-dt-img-description=\"\" data-large_image_width=\"496\" data-large_image_height=\"362\"href='https:\/\/www.radiopiu.net\/wordpress\/wp-content\/uploads\/2022\/11\/Senzas-nome.jpg'><img loading=\"lazy\" decoding=\"async\" width=\"150\" height=\"150\" src=\"https:\/\/www.radiopiu.net\/wordpress\/wp-content\/uploads\/2022\/11\/Senzas-nome-150x150.jpg\" class=\"attachment-thumbnail size-thumbnail\" alt=\"\" \/><\/a>\n\t\t\t\t<\/dt><\/dl><dl class='gallery-item'>\n\t\t\t\t<dt class='gallery-icon portrait'>\n\t\t\t\t\t<a class=\"rollover rollover-zoom dt-pswp-item\" title=\"Senza nome\" data-dt-img-description=\"\" data-large_image_width=\"274\" data-large_image_height=\"354\"href='https:\/\/www.radiopiu.net\/wordpress\/wp-content\/uploads\/2022\/11\/Senza-nome-99.jpg'><img loading=\"lazy\" decoding=\"async\" width=\"150\" height=\"150\" src=\"https:\/\/www.radiopiu.net\/wordpress\/wp-content\/uploads\/2022\/11\/Senza-nome-99-150x150.jpg\" class=\"attachment-thumbnail size-thumbnail\" alt=\"\" \/><\/a>\n\t\t\t\t<\/dt><\/dl><br style=\"clear: both\" \/>\n\t\t\t<\/div>\n\n<\/div>\n<h3><span style=\"color: #ff0000;\">\u00a0<\/span><\/h3>\n<\/div>\n<\/div>\n<div><strong><a class=\"dt-pswp-item\" href=\"https:\/\/www.radiopiu.net\/wordpress\/wp-content\/uploads\/2022\/11\/a0513622582_16.jpg\" data-dt-img-description=\"\" data-large_image_width=\"700\" data-large_image_height=\"700\"><img loading=\"lazy\" decoding=\"async\" class=\"wp-image-307958 alignleft\" src=\"https:\/\/www.radiopiu.net\/wordpress\/wp-content\/uploads\/2022\/11\/a0513622582_16-300x300.jpg\" alt=\"\" width=\"205\" height=\"205\" srcset=\"https:\/\/www.radiopiu.net\/wordpress\/wp-content\/uploads\/2022\/11\/a0513622582_16-300x300.jpg 300w, https:\/\/www.radiopiu.net\/wordpress\/wp-content\/uploads\/2022\/11\/a0513622582_16-150x150.jpg 150w, https:\/\/www.radiopiu.net\/wordpress\/wp-content\/uploads\/2022\/11\/a0513622582_16.jpg 700w\" sizes=\"auto, (max-width: 205px) 100vw, 205px\" \/><\/a> REDAZIONE<\/strong> Radio Pi\u00f9 \u00e8 al fianco dell&#8217;associazione Gocce di Sole contro la violenza sulle donne e da pieno appoggio all&#8217;iniziativa musicale prevista per domani 25 novembre. Nel corso della giornata sar\u00e0 trasmesso il brano Vittoria,\u00a0 racconta il dramma della violenza visto con gli occhi di un figlio ma vuole lanciare anche un messaggio di speranza: \u00e8 sempre possibile aprire la porta e gridare BASTA! Il brano \u00e8 stato creato da due cantautori bellunesi Marco V. dal Farra e Mattia Andrich, su un&#8217;idea dell&#8217;Associazione Gocce di Sole, in occasione di Viva Vittoria Tre Cime di Lavaredo, evento di sensibilizzazione contro la violenza di genere svoltosi nel 2021.\u00a0 I due cantautori bellunesi saranno presenti con il loro brano anche <span class=\"x193iq5w xeuugli x13faqbe x1vvkbs x1xmvt09 x1lliihq x1s928wv xhkezso x1gmr53x x1cpjm7i x1fgarty x1943h6x xudqn12 x3x7a5m x6prxxf xvq8zen xo1l8bm xzsf02u x1yc453h\" dir=\"auto\">domenica prossima 27 novembre a Treviso presso le Mura di San Teonisto in occasione di Viva Vittoria Treviso.\u00a0<\/span><\/div>\n<div><\/div>\n<div><\/div>\n<div><\/div>\n<div><\/div>\n<div><\/div>\n<div>\n<div data-crea=\"font-wrapper\">\n<hr \/>\n<blockquote>\n<h3><span style=\"color: #ff0000;\">\u00a0<\/span><\/h3>\n<h3><span style=\"color: #ff0000;\">LA PANCHINA ROSSA A TAIBON\u00a0<\/span><\/h3>\n<\/blockquote>\n<\/div>\n<\/div>\n<p>https:\/\/www.facebook.com\/radiopiu\/videos\/460018199559005<\/p>\n<p>&nbsp;<\/p>\n<p>&nbsp;<\/p>\n<hr \/>\n<p>&nbsp;<\/p>\n<blockquote>\n<h3>CARO ENERGIA, LE PISCINE TRA GLI IMPIANTI SPORTIVI A RISCHIO. BOLLETTE IN ALCUNI CASI QUADRUPLICATE<\/h3>\n<\/blockquote>\n<p><strong><a class=\"dt-pswp-item\" href=\"https:\/\/www.radiopiu.net\/wordpress\/wp-content\/uploads\/2021\/11\/piscina-2.jpg\" data-dt-img-description=\"\" data-large_image_width=\"960\" data-large_image_height=\"539\"><img loading=\"lazy\" decoding=\"async\" class=\" wp-image-245598 alignleft\" src=\"https:\/\/www.radiopiu.net\/wordpress\/wp-content\/uploads\/2021\/11\/piscina-2-300x168.jpg\" alt=\"\" width=\"189\" height=\"106\" srcset=\"https:\/\/www.radiopiu.net\/wordpress\/wp-content\/uploads\/2021\/11\/piscina-2-300x168.jpg 300w, https:\/\/www.radiopiu.net\/wordpress\/wp-content\/uploads\/2021\/11\/piscina-2-768x431.jpg 768w, https:\/\/www.radiopiu.net\/wordpress\/wp-content\/uploads\/2021\/11\/piscina-2.jpg 960w\" sizes=\"auto, (max-width: 189px) 100vw, 189px\" \/><\/a>BELLUNO<\/strong> Il caro bollette mette in difficolt\u00e0 gli impianti sportivi. A rischio soprattutto le piscine, strutture energivore, che hanno visto in alcuni casi quadruplicare i costi di luce e gas. La Provincia raccoglie il grido d\u2019allarme dei gestori e delle amministrazioni comunali, e metter\u00e0 in campo un\u2019azione di moral suasion nei confronti del Governo. In provincia di Belluno sono attive sei piscine pubbliche &#8211; di propriet\u00e0 dei Comuni o dell\u2019Unione Montana &#8211; a Belluno, Pedavena, Santa Giustina, Agordo, Longarone e Pieve di Cadore, a cui si aggiunge l\u2019impianto di Pelos, privato ma utilizzato anche a livello pubblico. La piscina di Belluno \u00e8 l\u2019impianto pi\u00f9 grande al 31 ottobr, la somma delle bollette elettriche ammonta a 58.389 euro; il totale dei dodici mesi 2021 era stato di 48.533 euro.\u00a0 La spesa del gas (che ha la stessa fornitura per piscina e Spes Arena) risulta invece raddoppiata in un anno: al 30 settembre di quest\u2019anno la somma dei costi arriva a 160.238 euro, mentre i dodici mesi 2021 arrivava a 84.847 euro. A Pedavena e Santa Giustina tutte le piscine hanno lamentato negli ultimi tempi un aumento spropositato delle spese di gestione. In alcuni casi, i costi sono quadruplicati. A Santa Giustina la bolletta del gas di un semestre 2021 era stata di 19.100 euro, quella del 2022 (causa aumenti e nuovo contratto) ammonta a 55.500 euro. Per l\u2019elettricit\u00e0 invece si passa dai 22.400 euro di un semestre 2021 a 84.700 euro di un semestre 2022. Si salva invece l\u2019impianto di Pedavena, sempre gestito da Ondablu per conto del Comune, grazie a tariffe bloccate fino a marzo 2023: il gas \u00e8 passato dai 13.054 euro del secondo semestre 2021 ai 13.830 euro del secondo semestre 2022; l\u2019energia elettrica invece \u00e8 calata da 13.340 euro a 9.680 euro, in virt\u00f9 di un minore consumo dovuto al clima pi\u00f9 caldo della stagione. Ad Agordo\u00a0 le spese sono triplicate: la bolletta elettrica \u00e8 passata da 0,26 a 0,74 euro al chilowatt\/ora, mentre quella del gas per riscaldamento acqua e ambienti \u00e8 lievitata in un anno da 0,56 euro a 1,50 euro al metro cubo. La piscina di Pieve di Cadore, in gestione all\u2019associazione Mondosport, ha visto lievitare la bolletta elettrica del 66% in un anno: le fatture giugno-settembre 2021 erano state di 3.368 euro, quelle dello stesso periodo di quest\u2019anno ammontavano a 5.588 euro. Aumento dell\u201987% per il riscaldamento, passato da 1.310 a 2.446 euro in appena dodici mesi (dato giugno-settembre 2022 su stesso periodo 2021). Pi\u00f9 complicato il discorso per l\u2019impianto di Longarone di propriet\u00e0 del Comune e in gestione all\u2019associazione Lessinia Nuoto. L\u2019energia che serve alla piscina arriva da tre fonti diverse: elettricit\u00e0, gas e riscaldamento a cippato, materia che fino a pochi mesi fa costava pochissimo e che ha subito un\u2019impennata del 25-30%.<\/p>\n<p>&nbsp;<\/p>\n<p>&nbsp;<\/p>\n<h2><span style=\"color: #ff9900;\">IERI ALLA RADIO<\/span><\/h2>\n<h2><span style=\"color: #33cccc;\"><a class=\"dt-pswp-item\" href=\"https:\/\/www.radiopiu.net\/wordpress\/wp-content\/uploads\/2021\/06\/piscina_agordo.jpg\" data-dt-img-description=\"\" data-large_image_width=\"2447\" data-large_image_height=\"1634\"><img loading=\"lazy\" decoding=\"async\" class=\" wp-image-213759 alignleft\" src=\"https:\/\/www.radiopiu.net\/wordpress\/wp-content\/uploads\/2021\/06\/piscina_agordo-300x200.jpg\" alt=\"\" width=\"176\" height=\"117\" srcset=\"https:\/\/www.radiopiu.net\/wordpress\/wp-content\/uploads\/2021\/06\/piscina_agordo-300x200.jpg 300w, https:\/\/www.radiopiu.net\/wordpress\/wp-content\/uploads\/2021\/06\/piscina_agordo-1024x684.jpg 1024w, https:\/\/www.radiopiu.net\/wordpress\/wp-content\/uploads\/2021\/06\/piscina_agordo-768x513.jpg 768w, https:\/\/www.radiopiu.net\/wordpress\/wp-content\/uploads\/2021\/06\/piscina_agordo-1536x1026.jpg 1536w, https:\/\/www.radiopiu.net\/wordpress\/wp-content\/uploads\/2021\/06\/piscina_agordo-2048x1368.jpg 2048w\" sizes=\"auto, (max-width: 176px) 100vw, 176px\" \/><\/a>LA PISCINA DI AGORDO E&#8217; SALVA, PER ORA.<\/span><\/h2>\n<p><strong>di Mirko Mezzacasa<\/strong><\/p>\n<p>OSPITI: Giorgio De Nardin e Roberto Broglio<\/p>\n<audio class=\"wp-audio-shortcode\" id=\"audio-308032-4\" preload=\"none\" style=\"width: 100%;\" controls=\"controls\"><source type=\"audio\/mpeg\" src=\"https:\/\/www.radiopiu.net\/wordpress\/wp-content\/uploads\/2022\/11\/PISCINA-AGORDO-NOVEMBRE.mp3?_=4\" \/><a href=\"https:\/\/www.radiopiu.net\/wordpress\/wp-content\/uploads\/2022\/11\/PISCINA-AGORDO-NOVEMBRE.mp3\">https:\/\/www.radiopiu.net\/wordpress\/wp-content\/uploads\/2022\/11\/PISCINA-AGORDO-NOVEMBRE.mp3<\/a><\/audio>\n<p>&nbsp;<\/p>\n<p>&nbsp;<\/p>\n<blockquote>\n<h3>DILLO A RADIO PIU&#8217;&#8230;GRAZIE ATTIVAMENTE AGORDINO!<\/h3>\n<\/blockquote>\n<p>Al termine dell&#8217;intervista realizzata ieri con Giorgio De Nardin presidente di Attivamente Agordino e del coordinatore Roberto Broglio abbiamo ricevuto e volentieri pubblichiamo il pensiero di una nostra ascolatrice.<\/p>\n<p><em><a class=\"dt-pswp-item\" href=\"https:\/\/www.radiopiu.net\/wordpress\/wp-content\/uploads\/2021\/11\/piscina-1.jpg\" data-dt-img-description=\"\" data-large_image_width=\"960\" data-large_image_height=\"640\"><img loading=\"lazy\" decoding=\"async\" class=\"wp-image-245597 alignleft\" src=\"https:\/\/www.radiopiu.net\/wordpress\/wp-content\/uploads\/2021\/11\/piscina-1-300x200.jpg\" alt=\"\" width=\"161\" height=\"107\" srcset=\"https:\/\/www.radiopiu.net\/wordpress\/wp-content\/uploads\/2021\/11\/piscina-1-300x200.jpg 300w, https:\/\/www.radiopiu.net\/wordpress\/wp-content\/uploads\/2021\/11\/piscina-1-768x512.jpg 768w, https:\/\/www.radiopiu.net\/wordpress\/wp-content\/uploads\/2021\/11\/piscina-1.jpg 960w\" sizes=\"auto, (max-width: 161px) 100vw, 161px\" \/><\/a>&#8220;Sono scesa dalla macchina solo ora. Ho ascoltato il servizio con attivamente agordino e vorrei arrivassero anche i miei ringraziamenti alla societ\u00e0 per la disponibilit\u00e0 e la gentilezza dei ragazzi nel venire incontro alle esigenze delle famiglie e per la cordialit\u00e0 e l\u2019empatia degli istruttori. Sto portando pi\u00f9 che volentieri i miei bimbi alla piscina perch\u00e9 l\u2019ambiente \u00e8 veramente a misura di famiglia e ci tengono a soddisfare anche i bisogni di chi, come noi, siamo in tanti e ci evitano un sacco di disagi. Sono veramente contenta e sar\u00f2 per sempre una divulgatrice di questa realt\u00e0 sana e coinvolgente&#8221;<\/em><\/p>\n<p>La mamma, Annalisa Dal Mas.<\/p>\n<p>&nbsp;<\/p>\n<hr \/>\n<p>&nbsp;<\/p>\n<blockquote>\n<h3>FONDI DI CONFINE, A RISCHIO LA COESIONE SOCIALE DELLA MONTAGNA<\/h3>\n<\/blockquote>\n<p><strong><img decoding=\"async\" class=\"alignleft\" src=\"https:\/\/www.radiopiu.net\/wordpress\/wp-content\/uploads\/2018\/11\/PD.png\" \/>VERONA\u00a0<\/strong> Salvaguardare l\u2019intesa grazie alla quale sono stati attivati degli strumenti di riequilibrio a favore dei territori del Veneto e della Lombardia confinanti con Trento e Bolzano, finanziati dalle Province Autonome. \u00c8 l\u2019intento delle interrogazioni al ministro per gli Affari Regionali depositate alla Camera e al Senato dai parlamentari del Partito Democratico. L\u2019assessore della provincia autonoma di Trento, Mattia Gottardi, ha espresso pubblicamente l\u2019intenzione di intervenire come provincia autonoma per superare, interrompere, ridurre ed in ogni caso contestare l\u2019intesa e, conseguentemente, i finanziamenti erogati dal Fondo comuni confinanti. <em>\u00abA preoccupare \u00e8 soprattutto il silenzio seguito alle dichiarazioni dell\u2019assessore, da parte del presidente trentino Fugatti e da parte della maggioranza di governo, il che fa temere che quella di Gottardi sia in realt\u00e0 la posizione ufficiale della Provincia di Trento e della Lega, partito di cui fa parte\u00bb<\/em>, spiega Diego Zardini, gi\u00e0 deputato veronese del Partito Democratico.<em> \u00abSembra quasi non si comprenda che il rischio non \u00e8 tanto la consistenza dei finanziamenti, quanto la coesione sociale della montagna veneta, lombarda e certo anche i rapporti con le Province di Trento e Bolzano, quindi la loro stessa autonomia\u00bb. <\/em>Il prezioso lavoro fatto dal presidente del Comitato paritetico tra il 2014 e il 2021, Roger De Menech, ha consentito di avviare progetti in vari settori &#8211; formazione, turismo, agricoltura, sociale &#8211; con benefici non solo sui territori destinatari dei finanziamenti, ma anche per Trento e Bolzano. Perch\u00e9 \u00e8 indubbio che le aree di confine oltre ad avere una storia comune, sono legate da relazioni, scambi e interessi che influenzano reciprocamente i territori coinvolti. Quindi il benessere, o il malessere, di un\u2019area si riverbera inevitabilmente sulle altre.<span class=\"gmail-Apple-converted-space\"> \u00a0<\/span>Le interrogazioni, sono state presentate in Senato. Chiedono al ministro se sia a conoscenza dei fatti e quali iniziative intenda adottare per salvaguardare l\u2019Intesa del 19 settembre 2014 e i finanziamenti a favore dei comuni confinanti e contigui alle province autonome di Trento e Bolzano.<\/p>\n<p>&nbsp;<\/p>\n<hr \/>\n<p>&nbsp;<\/p>\n<p>&nbsp;<\/p>\n<p><strong>A TREVISO L\u2019ELISOCCORSO NOTTURNO SUEM HA INIZIATO AD ATTERRARE DIRETTAMENTE SUL LUOGO DELL\u2019INCIDENTE.<\/strong><\/p>\n<p><strong><a class=\"dt-pswp-item\" href=\"https:\/\/www.radiopiu.net\/wordpress\/wp-content\/uploads\/2022\/07\/zaia.jpg\" data-dt-img-description=\"\" data-large_image_width=\"404\" data-large_image_height=\"283\"><img loading=\"lazy\" decoding=\"async\" class=\"size-medium wp-image-289377 alignleft\" src=\"https:\/\/www.radiopiu.net\/wordpress\/wp-content\/uploads\/2022\/07\/zaia-300x210.jpg\" alt=\"\" width=\"300\" height=\"210\" srcset=\"https:\/\/www.radiopiu.net\/wordpress\/wp-content\/uploads\/2022\/07\/zaia-300x210.jpg 300w, https:\/\/www.radiopiu.net\/wordpress\/wp-content\/uploads\/2022\/07\/zaia.jpg 404w\" sizes=\"auto, (max-width: 300px) 100vw, 300px\" \/><\/a>VENEZIA<\/strong>\u00a0 <em>\u201cInterventi pi\u00f9 veloci e mirati che garantiscono un maggior successo dell\u2019operazione di salvataggio e si traducono in maggiori chance per il paziente. Dal 21 novembre scorso, per l\u2019elisoccorso notturno in base SUEM Treviso \u00e8 iniziata infatti la fase FOC2 (Full Operation Capability), che permette di far atterrare l\u2019elicottero anche al di fuori dei siti censiti non illuminati, con il sistema dei visori notturni. Questo significa che l\u2019elicottero pu\u00f2 atterrare, anche di notte, sul luogo dell\u2019incidente e che il paziente ferito pu\u00f2 essere caricato direttamente in elicottero senza la necessit\u00e0 di un primo trasporto in ambulanza. Proprio nella notte di ieri sono state effettuate le prime due missioni di soccorso direttamente sul luogo dell\u2019incidente e per questa operazione va il nostro plauso\u201d. <\/em>Sono le parole di complimenti che il Presidente della Regione del Veneto, Luca Zaia, ha rivolto alle missioni di soccorso trevigiane<\/p>\n<p>&nbsp;<\/p>\n<hr \/>\n<p>&nbsp;<\/p>\n<blockquote>\n<h3>SKI CIVETTA, TUTTO PRONTO PER LA NUOVA STAGIONE, il punto con Pra, Siracusa, Sorar\u00f9<\/h3>\n<\/blockquote>\n<p><strong><img loading=\"lazy\" decoding=\"async\" class=\"alignleft\" src=\"https:\/\/www.radiopiu.net\/wordpress\/wp-content\/uploads\/2019\/12\/SKICIVETTA-1.jpg\" width=\"229\" height=\"152\" \/><\/strong><\/p>\n<p>&nbsp;<\/p>\n<p>&nbsp;<\/p>\n<p>&nbsp;<\/p>\n<p>&nbsp;<\/p>\n<p><strong>AUDIO<\/strong><\/p>\n<audio class=\"wp-audio-shortcode\" id=\"audio-308032-5\" preload=\"none\" style=\"width: 100%;\" controls=\"controls\"><source type=\"audio\/mpeg\" src=\"https:\/\/www.radiopiu.net\/wordpress\/wp-content\/uploads\/2022\/11\/STAGIONE-SKI-CIVETTA-_-ALLEGHE.mp3?_=5\" \/><a href=\"https:\/\/www.radiopiu.net\/wordpress\/wp-content\/uploads\/2022\/11\/STAGIONE-SKI-CIVETTA-_-ALLEGHE.mp3\">https:\/\/www.radiopiu.net\/wordpress\/wp-content\/uploads\/2022\/11\/STAGIONE-SKI-CIVETTA-_-ALLEGHE.mp3<\/a><\/audio>\n<p>&nbsp;<\/p>\n<blockquote><p><em> Domattina apre la seggiovia del Col Gallina, al passo Falzarego. La societ\u00e0 Ista riesce a ad aprire almeno un impianto, con una pista, per rispondere alle richieste degli appassionati.\u00a0 La maggior parte degli altri impianti, nella aree di Dolomiti Superski, aprir\u00e0 le piste il 3 dicembre, per la Marmolada bisogner\u00e0 attendere l&#8217;8.<\/em><\/p><\/blockquote>\n<p>&nbsp;<\/p>\n<hr \/>\n<p>&nbsp;<\/p>\n<div class=\"page-title-head hgroup\">\n<blockquote>\n<h3 class=\"entry-title\">EMOZIONI AL DE TONI, LE LUCI SI SONO RIACCESE PER HOCKEYSTI E PATTINATRICI<\/h3>\n<\/blockquote>\n<\/div>\n<div class=\"page-title-breadcrumbs\">\n<p>COLLABORAZIONE ANNALISA DAL MAS<\/p>\n<p><strong>\u00a0<\/strong><\/p>\n<p><strong>LA NOTIZIA DAL PRESIDENTE ADRIANO LEVIS &#8220;EMOZIONE INDESCRIVIBILE, NON CI SPERAVO&#8221;<\/strong><\/p>\n<audio class=\"wp-audio-shortcode\" id=\"audio-308032-6\" preload=\"none\" style=\"width: 100%;\" controls=\"controls\"><source type=\"audio\/mpeg\" src=\"https:\/\/www.radiopiu.net\/wordpress\/wp-content\/uploads\/2022\/11\/STADIO-1.mp3?_=6\" \/><a href=\"https:\/\/www.radiopiu.net\/wordpress\/wp-content\/uploads\/2022\/11\/STADIO-1.mp3\">https:\/\/www.radiopiu.net\/wordpress\/wp-content\/uploads\/2022\/11\/STADIO-1.mp3<\/a><\/audio>\n<p><strong>\u00a0<\/strong><\/p>\n<p><strong>I PROTAGONISTI<\/strong><\/p>\n<audio class=\"wp-audio-shortcode\" id=\"audio-308032-7\" preload=\"none\" style=\"width: 100%;\" controls=\"controls\"><source type=\"audio\/mpeg\" src=\"https:\/\/www.radiopiu.net\/wordpress\/wp-content\/uploads\/2022\/11\/INTERVISTE-ANNA.mp3?_=7\" \/><a href=\"https:\/\/www.radiopiu.net\/wordpress\/wp-content\/uploads\/2022\/11\/INTERVISTE-ANNA.mp3\">https:\/\/www.radiopiu.net\/wordpress\/wp-content\/uploads\/2022\/11\/INTERVISTE-ANNA.mp3<\/a><\/audio>\n<p>&nbsp;<\/p>\n<p>&nbsp;<\/p>\n<p><a class=\"dt-pswp-item\" href=\"https:\/\/www.radiopiu.net\/wordpress\/wp-content\/uploads\/2022\/11\/c8e75f9e-2bbb-47e6-8852-5d19db9dd5fd.jpg\" data-dt-img-description=\"\" data-large_image_width=\"1024\" data-large_image_height=\"768\"><img loading=\"lazy\" decoding=\"async\" class=\"alignnone size-medium wp-image-308137\" src=\"https:\/\/www.radiopiu.net\/wordpress\/wp-content\/uploads\/2022\/11\/c8e75f9e-2bbb-47e6-8852-5d19db9dd5fd-300x225.jpg\" alt=\"\" width=\"300\" height=\"225\" srcset=\"https:\/\/www.radiopiu.net\/wordpress\/wp-content\/uploads\/2022\/11\/c8e75f9e-2bbb-47e6-8852-5d19db9dd5fd-300x225.jpg 300w, https:\/\/www.radiopiu.net\/wordpress\/wp-content\/uploads\/2022\/11\/c8e75f9e-2bbb-47e6-8852-5d19db9dd5fd-768x576.jpg 768w, https:\/\/www.radiopiu.net\/wordpress\/wp-content\/uploads\/2022\/11\/c8e75f9e-2bbb-47e6-8852-5d19db9dd5fd.jpg 1024w\" sizes=\"auto, (max-width: 300px) 100vw, 300px\" \/><\/a><\/p>\n<p>&nbsp;<\/p>\n<p>COLLABORAZIONE FEDERICA MEZZACASA<\/p>\n<p>Spettacolo, le piccole dell&#8217;Agordino Ghiaccio e Sport al primo allenamento ad Alleghe dopo due mesi,\u00a0 felici di ritornare a volteggiare sul ghiaccio di casa.\u00a0 Durante la chiusura del Palaghiaccio di Alleghe non si sono mai fermate e si sono divise tra lo stadio di Canazei e quello di Corvara per poter fare almeno due allenamenti alla settimana, integrando con ginnastica a secco e pattinaggio inline Sono state davvero brave a non mollare nonostante i ritmi serrati delle trasferte&#8230; Ma ora che possono ritornare a pattinare in riva al lago \u00e8 tutta un&#8217;altra storia!<\/p>\n<p><strong> Federica, Daina e Valeria Agordino Ghiaccio &amp; Sport<\/strong><\/p>\n<div style=\"width: 640px;\" class=\"wp-video\"><video class=\"wp-video-shortcode\" id=\"video-308032-1\" width=\"640\" height=\"368\" preload=\"metadata\" controls=\"controls\"><source type=\"video\/mp4\" src=\"https:\/\/www.radiopiu.net\/wordpress\/wp-content\/uploads\/2022\/11\/317148280_6059187607446964_5322268271885233230_n.mp4?_=1\" \/><a href=\"https:\/\/www.radiopiu.net\/wordpress\/wp-content\/uploads\/2022\/11\/317148280_6059187607446964_5322268271885233230_n.mp4\">https:\/\/www.radiopiu.net\/wordpress\/wp-content\/uploads\/2022\/11\/317148280_6059187607446964_5322268271885233230_n.mp4<\/a><\/video><\/div>\n<p>&nbsp;<\/p>\n<\/div>\n<p>&nbsp;<\/p>\n<p>&nbsp;<\/p>\n<hr \/>\n<p>&nbsp;<\/p>\n<p>&nbsp;<\/p>\n<blockquote>\n<h3>ANCHE IL COMUNE DI BELLUNO ALL\u2019ASSEMBLEA NAZIONALE ANCI<\/h3>\n<\/blockquote>\n<p><strong>BELLUNO<\/strong> \u201cCondividiamo la preoccupazione dell\u2019Anci per i costi energetici, a Bergamo abbiamo portato la voce della montagna\u201d. Sono le prime parole del sindaco di Belluno Oscar De Pellegrin a margine della XXXIX Assemblea nazionale di Anci tenutasi a Bergamo. Il primo cittadino ha partecipato ai lavori nelle giornate di marted\u00ec e di mercoled\u00ec, insieme al vice sindaco e assessore al bilancio Paolo Gamba. Tra i temi sul tavolo dell\u2019assemblea, la nuova legge di bilancio approvata nelle scorse ore, il Pnrr e i costi energetici che stanno mettendo in forte difficolt\u00e0 le casse pubbliche. La previsione nazionale \u00e8 quella di un aumento medio dei costi energetici che si avvicina al 100 per cento, per i Comuni. A Belluno la previsione \u00e8 anche pi\u00f9 nera. Nel 2021 le bollette dell\u2019elettricit\u00e0 hanno pesato sulle casse comunali per 1 milione 116 mila; per il 2022, ad oggi, la spesa \u00e8 gi\u00e0 di 1 milione 884 (ottobre compreso) su una previsione annua complessiva di 2 milioni e 100 mila euro, il doppio rispetto allo scorso anno. Per quanto riguarda il metano nel 2021 sono stati spesi 379 mila euro, di gasolio 325 mila euro, mentre per l\u2019anno in corso il costo sostenuto per il metano \u00e8 di 779 mila euro (ad oggi) e di 320 mila per il gasolio (dato aggiornato a settembre). La previsione 2023 \u00e8 di 210 mila euro di gasolio e 790 mila di metano, per 1 milione di euro complessivo. Rispetto a questi dati, dal Comune di Belluno si alza la richiesta di politiche ad hoc per le aree montane. Per coprire i costi, quindi sperare di chiudere il bilancio 2022 con il segno positivo, Anci ha chiesto al governo sostegni complessivi per 200 \u2013 300 milioni di euro. Nel decreto accise approvato marted\u00ec insieme alla legge di bilancio, per l\u2019anno in corso sono previsti 150 milioni di euro.<\/p>\n<p><strong>IL SINDACO OSCAR DE PELLEGRIN<\/strong><\/p>\n<div style=\"width: 1200px;\" class=\"wp-video\"><video class=\"wp-video-shortcode\" id=\"video-308032-2\" width=\"1200\" height=\"675\" preload=\"metadata\" controls=\"controls\"><source type=\"video\/mp4\" src=\"https:\/\/www.radiopiu.net\/wordpress\/wp-content\/uploads\/2022\/11\/IMG_7140.mp4?_=2\" \/><a href=\"https:\/\/www.radiopiu.net\/wordpress\/wp-content\/uploads\/2022\/11\/IMG_7140.mp4\">https:\/\/www.radiopiu.net\/wordpress\/wp-content\/uploads\/2022\/11\/IMG_7140.mp4<\/a><\/video><\/div>\n<p>&nbsp;<\/p>\n<p>&nbsp;<\/p>\n<hr \/>\n<p>&nbsp;<\/p>\n<p>&nbsp;<\/p>\n<blockquote>\n<h3>IL COMUNE DI BELLUNO SI LIBERA DI 185 FONTANE, PASSANO A GSP<\/h3>\n<\/blockquote>\n<p><strong><img loading=\"lazy\" decoding=\"async\" class=\"alignleft\" src=\"https:\/\/www.radiopiu.net\/wordpress\/wp-content\/uploads\/2022\/11\/58ef11e3-463a-432e-86bb-ddf7713872cd.jpg\" width=\"185\" height=\"141\" \/>BELLUNO<\/strong><\/p>\n<p><strong>MORENO GIOLI<\/strong><\/p>\n<p><strong>\u00a0AUDIO<\/strong><\/p>\n<audio class=\"wp-audio-shortcode\" id=\"audio-308032-8\" preload=\"none\" style=\"width: 100%;\" controls=\"controls\"><source type=\"audio\/mpeg\" src=\"https:\/\/www.radiopiu.net\/wordpress\/wp-content\/uploads\/2022\/11\/fontane-belluno.mp3?_=8\" \/><a href=\"https:\/\/www.radiopiu.net\/wordpress\/wp-content\/uploads\/2022\/11\/fontane-belluno.mp3\">https:\/\/www.radiopiu.net\/wordpress\/wp-content\/uploads\/2022\/11\/fontane-belluno.mp3<\/a><\/audio>\n<p>&nbsp;<\/p>\n<p>&nbsp;<\/p>\n<hr \/>\n<p>&nbsp;<\/p>\n<p>&nbsp;<\/p>\n<blockquote>\n<h3>GESTIONE DEL LUPO, IL PARLAMENTO EUROPEO SPRONA LA COMMISSIONE<\/h3>\n<\/blockquote>\n<p><strong>BRUXELLES<\/strong> Su iniziativa dell\u2019europarlamentare Herbert Dorfmann, il Parlamento Europeo ha approvato\u00a0 una risoluzione che propone nuove misure per la protezione degli animali da allevamento contro gli attacchi di lupi e di altri grandi carnivori.<em> \u201cLe nostre richieste non risolvono di per s\u00e9 il problema, ma obbligano la Commissione a fare di pi\u00f9 per trovare una soluzione\u201d,<\/em> commenta Dorfmann, aggiungendo: <em>\u201cSperiamo che finalmente l\u2019esecutivo europeo cambi il suo approccio in materia\u201d. <\/em>Nella loro risoluzione, Dorfmann e i colleghi parlamentari invitano le istituzioni europee \u2013 soprattutto la Commissione \u2013 a rivalutare la strategia dell\u2019UE in materia di gestione del lupo.\u00a0 Per consentire la rimozione del lupo, la Commissione europea deve rivedere la direttiva Habitat, che regola la protezione delle specie in pericolo. Su spinta di Dorfmann, questa richiesta \u00e8 stata inclusa nella risoluzione.\u00a0Inoltre, non meno importante, nella sua risoluzione il Parlamento Europeo richiede opzioni di finanziamento \u201cadeguate e a lungo termine\u201d per le misure di prevenzione contro gli attacchi dei lupi agli animali da reddito.<\/p>\n<div style=\"width: 1200px;\" class=\"wp-video\"><video class=\"wp-video-shortcode\" id=\"video-308032-3\" width=\"1200\" height=\"675\" preload=\"metadata\" controls=\"controls\"><source type=\"video\/mp4\" src=\"https:\/\/www.radiopiu.net\/wordpress\/wp-content\/uploads\/2022\/11\/Dorfmann-Risoluzione-Lupo.mp4?_=3\" \/><a href=\"https:\/\/www.radiopiu.net\/wordpress\/wp-content\/uploads\/2022\/11\/Dorfmann-Risoluzione-Lupo.mp4\">https:\/\/www.radiopiu.net\/wordpress\/wp-content\/uploads\/2022\/11\/Dorfmann-Risoluzione-Lupo.mp4<\/a><\/video><\/div>\n<p>&nbsp;<\/p>\n<p>&nbsp;<\/p>\n<p>Dorfmann sottolinea che l\u2019obiettivo principale della risoluzione votata dal Parlamento Europeo \u00e8 &#8211; in ultima analisi &#8211; politico. La Commissione e gli Stati membri sono ora costretti ad agire e rivalutare la strategia sui grandi carnivori e, quindi, anche la questione dei lupi.<em> \u201cIl gioco indegno delle istituzioni che si scaricano l\u2019un l\u2019altra la responsabilit\u00e0 di questa situazione \u00e8 finalmente al capolinea\u201d,<\/em> conclude l\u2019europarlamentare.<\/p>\n<p>&nbsp;<\/p>\n<p>&nbsp;<\/p>\n<hr \/>\n<p>&nbsp;<\/p>\n<blockquote>\n<h3>AURONZO: CONCLUSA LA DEMOLIZIONE DI 7 SOSTEGNI ELETTRICI<\/h3>\n<\/blockquote>\n<p><strong><a class=\"dt-pswp-item\" href=\"https:\/\/www.radiopiu.net\/wordpress\/wp-content\/uploads\/2022\/11\/Terna-Demolizione-Auronzo-2.jpeg\" data-dt-img-description=\"\" data-large_image_width=\"1600\" data-large_image_height=\"1203\"><img loading=\"lazy\" decoding=\"async\" class=\" wp-image-308091 alignleft\" src=\"https:\/\/www.radiopiu.net\/wordpress\/wp-content\/uploads\/2022\/11\/Terna-Demolizione-Auronzo-2-300x226.jpeg\" alt=\"\" width=\"228\" height=\"172\" srcset=\"https:\/\/www.radiopiu.net\/wordpress\/wp-content\/uploads\/2022\/11\/Terna-Demolizione-Auronzo-2-300x226.jpeg 300w, https:\/\/www.radiopiu.net\/wordpress\/wp-content\/uploads\/2022\/11\/Terna-Demolizione-Auronzo-2-1024x770.jpeg 1024w, https:\/\/www.radiopiu.net\/wordpress\/wp-content\/uploads\/2022\/11\/Terna-Demolizione-Auronzo-2-768x577.jpeg 768w, https:\/\/www.radiopiu.net\/wordpress\/wp-content\/uploads\/2022\/11\/Terna-Demolizione-Auronzo-2-1536x1155.jpeg 1536w, https:\/\/www.radiopiu.net\/wordpress\/wp-content\/uploads\/2022\/11\/Terna-Demolizione-Auronzo-2.jpeg 1600w\" sizes=\"auto, (max-width: 228px) 100vw, 228px\" \/><\/a>AURONZO<\/strong> Terna, con la demolizione del sostegno che insiste nelle vicinanze della residenza per anziani \u201cBeata Gaetana Sterni\u201d nel Comune di Auronzo di Cadore, ha completato lo smantellamento di 7 tralicci dell\u2019alta tensione che attraversavano il centro urbano del comune bellunese. La dismissione del tratto della linea aerea 132 kV P.Malon &#8211; Pelos\/Somprade, ha consentito di liberare circa 4 ettari di territorio. La rimozione dei sostegni \u00e8 stata possibile grazie alla realizzazione di due nuovi collegamenti in cavo interrato lunghi complessivamente circa 2 km recentemente entrati in esercizio. L\u2019intervento garantir\u00e0 maggiore efficienza del servizio di trasmissione dell\u2019energia dell&#8217;area, \u00e8 parte del pi\u00f9 ampio progetto di riassetto della rete elettrica dell\u2019alto bellunese per cui Terna ha investito circa 60 milioni di euro e che comprende, tra l\u2019altro, il collegamento in cavo interrato lungo 23 km tra Cortina d\u2019Ampezzo e Auronzo di Cadore entrato in esercizio nel 2020 e la nuova stazione elettrica di Auronzo attualmente in realizzazione.<\/p>\n<p>&nbsp;<\/p>\n<hr \/>\n<p>&nbsp;<\/p>\n<blockquote>\n<h3>LUXOTTICA, STRAORDINARIO INCENTIVATO &#8220;L&#8217;ULTIMO SFORZO&#8221;<\/h3>\n<\/blockquote>\n<p><strong><a class=\"dt-pswp-item\" href=\"https:\/\/www.radiopiu.net\/wordpress\/wp-content\/uploads\/2022\/10\/6c6e8841-fa5f-4394-b3a6-3b87d31aaee5.jpg\" data-dt-img-description=\"\" data-large_image_width=\"1920\" data-large_image_height=\"1080\"><img loading=\"lazy\" decoding=\"async\" class=\" wp-image-303657 alignleft\" src=\"https:\/\/www.radiopiu.net\/wordpress\/wp-content\/uploads\/2022\/10\/6c6e8841-fa5f-4394-b3a6-3b87d31aaee5-300x169.jpg\" alt=\"\" width=\"218\" height=\"123\" srcset=\"https:\/\/www.radiopiu.net\/wordpress\/wp-content\/uploads\/2022\/10\/6c6e8841-fa5f-4394-b3a6-3b87d31aaee5-300x169.jpg 300w, https:\/\/www.radiopiu.net\/wordpress\/wp-content\/uploads\/2022\/10\/6c6e8841-fa5f-4394-b3a6-3b87d31aaee5-1024x576.jpg 1024w, https:\/\/www.radiopiu.net\/wordpress\/wp-content\/uploads\/2022\/10\/6c6e8841-fa5f-4394-b3a6-3b87d31aaee5-768x432.jpg 768w, https:\/\/www.radiopiu.net\/wordpress\/wp-content\/uploads\/2022\/10\/6c6e8841-fa5f-4394-b3a6-3b87d31aaee5-1536x864.jpg 1536w, https:\/\/www.radiopiu.net\/wordpress\/wp-content\/uploads\/2022\/10\/6c6e8841-fa5f-4394-b3a6-3b87d31aaee5.jpg 1920w\" sizes=\"auto, (max-width: 218px) 100vw, 218px\" \/><\/a>AGORDO<\/strong> Un ultimo sforzo prima delle vacanze Natalizie. \u00c8 quanto chiede la dirigenza dello stabilimento Luxottica di Agordo che nelle ha incontrato la RSU dello stabilimento. In comune accordo \u00e8 stato firmato un solo sabato di straordinario incentivato per il mese di dicembre. Saranno chiamate al lavoro le maestranze che si occupano della filiera del metallo e la giornata indicata \u00e8 quella del 3 dicembre. Stamperia metallo, saldatura, trattamenti superficiali, taglio lenti e magazzino centrale i reparti coinvolti dall\u2019accordo firmato nelle ultime ore. Come sempre l\u2019orario lavorativo sar\u00e0 dalle 6 alle 12 e l\u2019azienda metter\u00e0 a disposizione il trasporto pubblico previa prenotazione sul portale aziendale One Luxottica.<\/p>\n<p>&nbsp;<\/p>\n<p>&nbsp;<\/p>\n<hr \/>\n<p>&nbsp;<\/p>\n<p>&nbsp;<\/p>\n<blockquote>\n<h3>EPTA-COSTAN<\/h3>\n<p>L&#8217;INTERVENTO DI MAURO DE CARLI, CGIL<\/p><\/blockquote>\n<p><a class=\"dt-pswp-item\" href=\"https:\/\/www.radiopiu.net\/wordpress\/wp-content\/uploads\/2020\/04\/Mauro_De_Carli_CGIL-e1606926296575.jpg\" data-dt-img-description=\"\" data-large_image_width=\"1654\" data-large_image_height=\"1102\"><img loading=\"lazy\" decoding=\"async\" class=\"size-medium wp-image-130310 alignleft\" src=\"https:\/\/www.radiopiu.net\/wordpress\/wp-content\/uploads\/2020\/04\/Mauro_De_Carli_CGIL-e1606926296575-300x200.jpg\" alt=\"\" width=\"300\" height=\"200\" srcset=\"https:\/\/www.radiopiu.net\/wordpress\/wp-content\/uploads\/2020\/04\/Mauro_De_Carli_CGIL-e1606926296575-300x200.jpg 300w, https:\/\/www.radiopiu.net\/wordpress\/wp-content\/uploads\/2020\/04\/Mauro_De_Carli_CGIL-e1606926296575-1024x682.jpg 1024w, https:\/\/www.radiopiu.net\/wordpress\/wp-content\/uploads\/2020\/04\/Mauro_De_Carli_CGIL-e1606926296575-768x512.jpg 768w, https:\/\/www.radiopiu.net\/wordpress\/wp-content\/uploads\/2020\/04\/Mauro_De_Carli_CGIL-e1606926296575-1536x1023.jpg 1536w, https:\/\/www.radiopiu.net\/wordpress\/wp-content\/uploads\/2020\/04\/Mauro_De_Carli_CGIL-e1606926296575.jpg 1654w\" sizes=\"auto, (max-width: 300px) 100vw, 300px\" \/><\/a>\u00a0Il segnale che EPTA ha mandato \u00e8 bruttissimo, per il sistema delle relazioni nel territorio, non solo per quello in essere dentro l\u2019azienda! Crediamo sia giunto il tempo in cui intervenire con decisione sui meccanismi della precariet\u00e0, per tanti e disparati motivi: per i riflessi che questa ha generato negli anni tra le giovani generazioni con la perdita di aspettative di futuro (famiglie che si formano sempre pi\u00f9 tardi, donne che ricavano uno spazio di maternit\u00e0 in et\u00e0 avanzata- primo ed unico parto attorno ai 40 anni-, impossibilit\u00e0 di determinare una programmazione degli investimenti quali casa, interessi personali, partecipazione alla vita sociale). Ma anche per i riflessi che le stesse giovani generazioni pongono nei confronti del lavoro: se \u00e8 instabile perch\u00e9 impegnarsi a fondo con un apporto partecipativo alla vita delle aziende stesse, perch\u00e9 credere in percorsi di crescita se non hai mai- o per lunghi anni- garanzie di stabilit\u00e0 e anche di salario costante e certo?. Anzi quasi sempre precariet\u00e0 fa rima con salari bassi, mancate partecipazioni alle erogazioni dei premi aziendali, non applicazione dei corretti inquadramenti professionali. Insomma la precariet\u00e0 sta generando un arretramento economico nei redditi da lavoro dipendente e parallelamente un fenomeno di disinteresse valoriale sociale nei confronti del lavoro, e dello stesso modello di societ\u00e0 che eravamo abituati a vedere. Non per nulla le stesse aziende, lamentano la difficolt\u00e0 di incrociare gli interessi dei nuovi lavoratori nei mesi successivi al loro ingresso nel mondo del lavoro. Ma il punto su cui vorrei riflettere ora \u00e8 se esiste una coerenza tra le dichiarazioni che il mondo imprenditoriale, soprattutto quello industriale, ha espresso negli anni precedenti e quanto invece sembra voler mettere in pratica. Mancano professionalit\u00e0 per il territorio bellunese, in verit\u00e0 un refrain utilizzato in tutto il Veneto e non solo, dobbiamo costruire nuove abitazioni per essere attrattivi verso lavoratori di altre regioni o Stati, la formazione \u00e8 un valore aggiunto da inserire nel bagaglio delle maestanze perch\u00e9 si sviluppi un forte qualit\u00e0 del processo produttivo!!!. Abbiamo dato fondo alle nostre idee creando sovrastrutture, ovviamente senza costi aggiuntivi, che possano capire questi bisogni del mondo produttivo, e ricondurli a trattenere i giovani e ricollocare i meno giovani, a tutto vantaggio del sistema socio- economico della nostra Provincia. Parlo ovviamente del Tavolo delle Politiche attive recentemente rinnovato e del Tavolo dell\u2019Occhialeria. Inoltre, ho anche apprezzato le spinte innovative di alcuni grandi gruppi industriali, tra questi EPTA, che, coscienti di dovere fare anche una loro parte per dare attrattivit\u00e0 al sistema e alla provincia, intendevano aprirsi al confronto con l\u2019intero tessuto istituzionale e associativo, per favorire iniziative di qualsivoglia natura in una sorta di reciproco scambio di arricchimento socio-economico dentro e fuori gli stabilimenti produttivi. Invece notiamo, e credo se ne siamo purtroppo accorti tutti, che le dichiarazioni fatte hanno rappresentato un puro esercizio di comunicazione, speculare ad imbonire sindacati e territorio, e nella concretezza delle logica \u201csparagnina \u201c altri 260 lavoratrici e lavoratori formati, o in corso di formazione, verrebbero ributtati nel calderone di un mercato del lavoro sempre pi\u00f9 precario ed insicuro. Per finire: dove sta quindi quel sistema di relazioni sindacali e generali che in questa nostra provincia dovrebbe servire al governo dai fattori di crescita o di crisi (e mediamente ogni anno le due fasi sono entrambi presenti!)? . Rischiamo di non poter piu\u2019 essere rassicurati dai buoni propositi, delle costanti analisi di questo o quel istituto di ricerca per interpretare i fattori dello sviluppo, se poi questi stessi fattori non vengono applicati e ogni singola azienda pone in essere comportamenti che li negano apertamente. Alle sigle sindacali delle categorie dei metalmeccanici, a quelle dei lavoratori in somministrazione, alla EPTA, anche sulla base della partecipazione agli scioperi di questi giorni, il compito di ricomporre questo strappo, di dare interpretazione anche agli accordi gi\u00e0 esistenti sui processi di stabilizzazione, ed in ultima analisi di riconsegnare al territorio bellunese un percorso di gestione delle dinamiche dell\u2019industria e del mercato di lavoro maggiormente condivise tra le parti.<\/p>\n<p>&nbsp;<\/p>\n<p>&nbsp;<\/p>\n<p>&nbsp;<\/p>\n<hr \/>\n<p>&nbsp;<\/p>\n<p>&nbsp;<\/p>\n<blockquote>\n<h3>SERVIZIO BONUS FAMIGLIA A PONTE NELLE ALPI<\/h3>\n<\/blockquote>\n<p><img loading=\"lazy\" decoding=\"async\" class=\"alignleft\" src=\"https:\/\/www.radiopiu.net\/wordpress\/wp-content\/uploads\/2022\/11\/Municipio_di_Ponte_nelle_Alpi.jpg\" width=\"194\" height=\"145\" \/>Il Comune di Ponte nelle Alpi in aiuto alle famiglie: 20mila euro saranno destinati alle famiglie in difficolt\u00e0 economiche per l&#8217;acquisto di cibo e medicinali, mentre oltre 35mila euro serviranno ad azzerare le spese per la mensa scolastica.<\/p>\n<p><strong>DI DANIELE DALVIT<\/strong><\/p>\n<p><strong>AUDIO<\/strong><\/p>\n<audio class=\"wp-audio-shortcode\" id=\"audio-308032-9\" preload=\"none\" style=\"width: 100%;\" controls=\"controls\"><source type=\"audio\/mpeg\" src=\"https:\/\/www.radiopiu.net\/wordpress\/wp-content\/uploads\/2022\/11\/PONTE-ALPI-DALVIT.mp3?_=9\" \/><a href=\"https:\/\/www.radiopiu.net\/wordpress\/wp-content\/uploads\/2022\/11\/PONTE-ALPI-DALVIT.mp3\">https:\/\/www.radiopiu.net\/wordpress\/wp-content\/uploads\/2022\/11\/PONTE-ALPI-DALVIT.mp3<\/a><\/audio>\n<p>&nbsp;<\/p>\n<p>&nbsp;<\/p>\n<hr \/>\n<p>&nbsp;<\/p>\n<p><strong>DI TIZIANO DE COL\u00a0\u00a0<\/strong><\/p>\n\n\t\t\t<style type='text\/css'>\n\t\t\t\t#gallery-2 {\n\t\t\t\t\tmargin: auto;\n\t\t\t\t}\n\t\t\t\t#gallery-2 .gallery-item {\n\t\t\t\t\tfloat: left;\n\t\t\t\t\tmargin-top: 10px;\n\t\t\t\t\ttext-align: center;\n\t\t\t\t\twidth: 33%;\n\t\t\t\t}\n\t\t\t\t#gallery-2 img {\n\t\t\t\t\tborder: 2px solid #cfcfcf;\n\t\t\t\t}\n\t\t\t\t#gallery-2 .gallery-caption {\n\t\t\t\t\tmargin-left: 0;\n\t\t\t\t}\n\t\t\t\t\/* see gallery_shortcode() in wp-includes\/media.php *\/\n\t\t\t<\/style>\n\t\t<div id='gallery-2' class='dt-gallery-container gallery galleryid-308032 gallery-columns-3 gallery-size-thumbnail'><dl class='gallery-item'>\n\t\t\t\t<dt class='gallery-icon landscape'>\n\t\t\t\t\t<a class=\"rollover rollover-zoom dt-pswp-item\" title=\"cc76bb37-1a25-487a-8fc0-0b7eb826a07d\" data-dt-img-description=\"\" data-large_image_width=\"613\" data-large_image_height=\"361\"href='https:\/\/www.radiopiu.net\/wordpress\/wp-content\/uploads\/2022\/11\/cc76bb37-1a25-487a-8fc0-0b7eb826a07d.jpg'><img loading=\"lazy\" decoding=\"async\" width=\"150\" height=\"150\" src=\"https:\/\/www.radiopiu.net\/wordpress\/wp-content\/uploads\/2022\/11\/cc76bb37-1a25-487a-8fc0-0b7eb826a07d-150x150.jpg\" class=\"attachment-thumbnail size-thumbnail\" alt=\"\" \/><\/a>\n\t\t\t\t<\/dt><\/dl><dl class='gallery-item'>\n\t\t\t\t<dt class='gallery-icon landscape'>\n\t\t\t\t\t<a class=\"rollover rollover-zoom dt-pswp-item\" title=\"7b6b75ef-ddd9-4e77-9dfb-50e814131bdf\" data-dt-img-description=\"\" data-large_image_width=\"598\" data-large_image_height=\"364\"href='https:\/\/www.radiopiu.net\/wordpress\/wp-content\/uploads\/2022\/11\/7b6b75ef-ddd9-4e77-9dfb-50e814131bdf.jpg'><img loading=\"lazy\" decoding=\"async\" width=\"150\" height=\"150\" src=\"https:\/\/www.radiopiu.net\/wordpress\/wp-content\/uploads\/2022\/11\/7b6b75ef-ddd9-4e77-9dfb-50e814131bdf-150x150.jpg\" class=\"attachment-thumbnail size-thumbnail\" alt=\"\" \/><\/a>\n\t\t\t\t<\/dt><\/dl><dl class='gallery-item'>\n\t\t\t\t<dt class='gallery-icon landscape'>\n\t\t\t\t\t<a class=\"rollover rollover-zoom dt-pswp-item\" title=\"7e83398b-f3cc-487a-bed2-0b942db39db0\" data-dt-img-description=\"\" data-large_image_width=\"604\" data-large_image_height=\"360\"href='https:\/\/www.radiopiu.net\/wordpress\/wp-content\/uploads\/2022\/11\/7e83398b-f3cc-487a-bed2-0b942db39db0.jpg'><img loading=\"lazy\" decoding=\"async\" width=\"150\" height=\"150\" src=\"https:\/\/www.radiopiu.net\/wordpress\/wp-content\/uploads\/2022\/11\/7e83398b-f3cc-487a-bed2-0b942db39db0-150x150.jpg\" class=\"attachment-thumbnail size-thumbnail\" alt=\"\" \/><\/a>\n\t\t\t\t<\/dt><\/dl><br style=\"clear: both\" \/>\n\t\t\t<\/div>\n\n<p>&nbsp;<\/p>\n<blockquote class=\"wp-embedded-content\" data-secret=\"SBMQWd3SXc\"><p><a href=\"https:\/\/www.radiopiu.net\/wordpress\/aziendazeronovembre24\/\">QUASI 5700 NUOVE POSITIVITA&#8217; E 13 DECESSI IN 24 ORE. RICOVERI IN CONTINUO AUMENTO<\/a><\/p><\/blockquote>\n<p><iframe loading=\"lazy\" class=\"wp-embedded-content\" sandbox=\"allow-scripts\" security=\"restricted\" style=\"position: absolute; clip: rect(1px, 1px, 1px, 1px);\" title=\"&#8220;QUASI 5700 NUOVE POSITIVITA&#8217; E 13 DECESSI IN 24 ORE. RICOVERI IN CONTINUO AUMENTO&#8221; &#8212; Radio Pi\u00f9\" src=\"https:\/\/www.radiopiu.net\/wordpress\/aziendazeronovembre24\/embed\/#?secret=1TziUbPy30#?secret=SBMQWd3SXc\" data-secret=\"SBMQWd3SXc\" width=\"600\" height=\"338\" frameborder=\"0\" marginwidth=\"0\" marginheight=\"0\" scrolling=\"no\"><\/iframe><\/p>\n<p>&nbsp;<\/p>\n<hr \/>\n<p>&nbsp;<\/p>\n<blockquote>\n<h3>DILLO A RADIO PIU &#8230; BUIO E LAMPIONI A RISCHIO, SOT COLARU&#8217; A 4 ANNI DA VAIA<\/h3>\n<\/blockquote>\n<div class=\"__fb-light-mode x1n2onr6\" role=\"row\">\n<div class=\"\">\n<div class=\"x78zum5 xdt5ytf x1n2onr6\" tabindex=\"-1\" role=\"gridcell\" data-scope=\"messages_table\" data-release-focus-from=\"CLICK\">\n<div class=\"x78zum5\" role=\"none\">\n<div class=\"x78zum5 x1iyjqo2 xs83m0k xeuugli\" role=\"none\">\n<div class=\"x1h91t0o xkh2ocl x78zum5 xdt5ytf x13a6bvl xcrg951 x1r145dm\" role=\"none\">\n<div class=\"x1h91t0o xkh2ocl x78zum5 xdt5ytf x13a6bvl x193iq5w x1c4vz4f xcrg951\" role=\"none\"><strong>SAN TOMASO<\/strong> Cristina con la sua famiglia da due anni abita un appartamento in localit\u00e0 Sot Colar\u00f9, una delle zone disastrate dall&#8217;uragano Vaia. Ma il problema non \u00e8 il post tempesta, piuttosto la mancanza di adeguata illuminazione. <em>&#8220;E&#8217; parecchio buio &#8211; ci dice Cristina &#8211; abbiamo anche chiesto aiuto all&#8217;amministrazione comunale con la speranza possa un giorno venire incontro alle nostre esigenze&#8221;.<\/em> Per la verit\u00e0 un lampioni lo si nota ma non \u00e8 proprio in buone condizioni come si pu\u00f2 vedere dalle foto, prima o poi potrebbe anche cadere. Anche la strada dopo Vaia presenta ancora problemi seri, tra buche e tratti non perfettamente asfaltati.<\/div>\n<\/div>\n<\/div>\n<\/div>\n<\/div>\n<\/div>\n<\/div>\n<div class=\"__fb-light-mode x1n2onr6\" role=\"row\">\n<div class=\"\">\n<div class=\"x78zum5 xdt5ytf x1n2onr6\" tabindex=\"-1\" role=\"gridcell\" data-scope=\"messages_table\" data-release-focus-from=\"CLICK\">\n<div class=\"x78zum5\" role=\"none\">\n<div class=\"x1h91t0o xkh2ocl x78zum5 xdt5ytf x13a6bvl x193iq5w x1c4vz4f xcrg951 x1sxyh0 x1nvil2r\" role=\"none\">\n<div class=\"xgd8bvy\"><\/div>\n<\/div>\n<div class=\"x78zum5 x1iyjqo2 xs83m0k xeuugli\" role=\"none\">\n<div class=\"x1h91t0o xkh2ocl x78zum5 xdt5ytf x13a6bvl xcrg951 x1r145dm\" role=\"none\">\n<div class=\"x78zum5 xh8yej3\" role=\"none\">\n<div class=\"x1cy8zhl x78zum5 xdt5ytf x193iq5w x1n2onr6\">\n<div class=\"xcrg951 x36qwtl xh8yej3\">\n\n\t\t\t<style type='text\/css'>\n\t\t\t\t#gallery-3 {\n\t\t\t\t\tmargin: auto;\n\t\t\t\t}\n\t\t\t\t#gallery-3 .gallery-item {\n\t\t\t\t\tfloat: left;\n\t\t\t\t\tmargin-top: 10px;\n\t\t\t\t\ttext-align: center;\n\t\t\t\t\twidth: 50%;\n\t\t\t\t}\n\t\t\t\t#gallery-3 img {\n\t\t\t\t\tborder: 2px solid #cfcfcf;\n\t\t\t\t}\n\t\t\t\t#gallery-3 .gallery-caption {\n\t\t\t\t\tmargin-left: 0;\n\t\t\t\t}\n\t\t\t\t\/* see gallery_shortcode() in wp-includes\/media.php *\/\n\t\t\t<\/style>\n\t\t<div id='gallery-3' class='dt-gallery-container gallery galleryid-308032 gallery-columns-2 gallery-size-medium'><dl class='gallery-item'>\n\t\t\t\t<dt class='gallery-icon portrait'>\n\t\t\t\t\t<a class=\"rollover rollover-zoom dt-pswp-item\" title=\"316884343_1004916616961337_2957452343753359026_n\" data-dt-img-description=\"\" data-large_image_width=\"900\" data-large_image_height=\"1600\"href='https:\/\/www.radiopiu.net\/wordpress\/wp-content\/uploads\/2022\/11\/316884343_1004916616961337_2957452343753359026_n.jpg'><img loading=\"lazy\" decoding=\"async\" width=\"169\" height=\"300\" src=\"https:\/\/www.radiopiu.net\/wordpress\/wp-content\/uploads\/2022\/11\/316884343_1004916616961337_2957452343753359026_n-169x300.jpg\" class=\"attachment-medium size-medium\" alt=\"\" srcset=\"https:\/\/www.radiopiu.net\/wordpress\/wp-content\/uploads\/2022\/11\/316884343_1004916616961337_2957452343753359026_n-169x300.jpg 169w, https:\/\/www.radiopiu.net\/wordpress\/wp-content\/uploads\/2022\/11\/316884343_1004916616961337_2957452343753359026_n-576x1024.jpg 576w, https:\/\/www.radiopiu.net\/wordpress\/wp-content\/uploads\/2022\/11\/316884343_1004916616961337_2957452343753359026_n-768x1365.jpg 768w, https:\/\/www.radiopiu.net\/wordpress\/wp-content\/uploads\/2022\/11\/316884343_1004916616961337_2957452343753359026_n-864x1536.jpg 864w, https:\/\/www.radiopiu.net\/wordpress\/wp-content\/uploads\/2022\/11\/316884343_1004916616961337_2957452343753359026_n.jpg 900w\" sizes=\"auto, (max-width: 169px) 100vw, 169px\" \/><\/a>\n\t\t\t\t<\/dt><\/dl><dl class='gallery-item'>\n\t\t\t\t<dt class='gallery-icon portrait'>\n\t\t\t\t\t<a class=\"rollover rollover-zoom dt-pswp-item\" title=\"316841203_656678995793121_3823145824066971113_n\" data-dt-img-description=\"\" data-large_image_width=\"900\" data-large_image_height=\"1600\"href='https:\/\/www.radiopiu.net\/wordpress\/wp-content\/uploads\/2022\/11\/316841203_656678995793121_3823145824066971113_n.jpg'><img loading=\"lazy\" decoding=\"async\" width=\"169\" height=\"300\" src=\"https:\/\/www.radiopiu.net\/wordpress\/wp-content\/uploads\/2022\/11\/316841203_656678995793121_3823145824066971113_n-169x300.jpg\" class=\"attachment-medium size-medium\" alt=\"\" srcset=\"https:\/\/www.radiopiu.net\/wordpress\/wp-content\/uploads\/2022\/11\/316841203_656678995793121_3823145824066971113_n-169x300.jpg 169w, https:\/\/www.radiopiu.net\/wordpress\/wp-content\/uploads\/2022\/11\/316841203_656678995793121_3823145824066971113_n-576x1024.jpg 576w, https:\/\/www.radiopiu.net\/wordpress\/wp-content\/uploads\/2022\/11\/316841203_656678995793121_3823145824066971113_n-768x1365.jpg 768w, https:\/\/www.radiopiu.net\/wordpress\/wp-content\/uploads\/2022\/11\/316841203_656678995793121_3823145824066971113_n-864x1536.jpg 864w, https:\/\/www.radiopiu.net\/wordpress\/wp-content\/uploads\/2022\/11\/316841203_656678995793121_3823145824066971113_n.jpg 900w\" sizes=\"auto, (max-width: 169px) 100vw, 169px\" \/><\/a>\n\t\t\t\t<\/dt><\/dl><br style=\"clear: both\" \/>\n\t\t\t<\/div>\n\n<p><strong>QUESTO IL BUIO<\/strong><\/p>\n\n\t\t\t<style type='text\/css'>\n\t\t\t\t#gallery-4 {\n\t\t\t\t\tmargin: auto;\n\t\t\t\t}\n\t\t\t\t#gallery-4 .gallery-item {\n\t\t\t\t\tfloat: left;\n\t\t\t\t\tmargin-top: 10px;\n\t\t\t\t\ttext-align: center;\n\t\t\t\t\twidth: 33%;\n\t\t\t\t}\n\t\t\t\t#gallery-4 img {\n\t\t\t\t\tborder: 2px solid #cfcfcf;\n\t\t\t\t}\n\t\t\t\t#gallery-4 .gallery-caption {\n\t\t\t\t\tmargin-left: 0;\n\t\t\t\t}\n\t\t\t\t\/* see gallery_shortcode() in wp-includes\/media.php *\/\n\t\t\t<\/style>\n\t\t<div id='gallery-4' class='dt-gallery-container gallery galleryid-308032 gallery-columns-3 gallery-size-thumbnail'><dl class='gallery-item'>\n\t\t\t\t<dt class='gallery-icon portrait'>\n\t\t\t\t\t<a class=\"rollover rollover-zoom dt-pswp-item\" title=\"316726173_661375915399458_822725011108288844_n\" data-dt-img-description=\"\" data-large_image_width=\"900\" data-large_image_height=\"1600\"href='https:\/\/www.radiopiu.net\/wordpress\/wp-content\/uploads\/2022\/11\/316726173_661375915399458_822725011108288844_n.jpg'><img loading=\"lazy\" decoding=\"async\" width=\"150\" height=\"150\" src=\"https:\/\/www.radiopiu.net\/wordpress\/wp-content\/uploads\/2022\/11\/316726173_661375915399458_822725011108288844_n-150x150.jpg\" class=\"attachment-thumbnail size-thumbnail\" alt=\"\" \/><\/a>\n\t\t\t\t<\/dt><\/dl><dl class='gallery-item'>\n\t\t\t\t<dt class='gallery-icon landscape'>\n\t\t\t\t\t<a class=\"rollover rollover-zoom dt-pswp-item\" title=\"316827985_1284925852359983_8376051450635522392_n\" data-dt-img-description=\"\" data-large_image_width=\"275\" data-large_image_height=\"206\"href='https:\/\/www.radiopiu.net\/wordpress\/wp-content\/uploads\/2022\/11\/316827985_1284925852359983_8376051450635522392_n.jpg'><img loading=\"lazy\" decoding=\"async\" width=\"150\" height=\"150\" src=\"https:\/\/www.radiopiu.net\/wordpress\/wp-content\/uploads\/2022\/11\/316827985_1284925852359983_8376051450635522392_n-150x150.jpg\" class=\"attachment-thumbnail size-thumbnail\" alt=\"\" \/><\/a>\n\t\t\t\t<\/dt><\/dl><dl class='gallery-item'>\n\t\t\t\t<dt class='gallery-icon landscape'>\n\t\t\t\t\t<a class=\"rollover rollover-zoom dt-pswp-item\" title=\"316831588_448190080808011_1902804103723684045_n\" data-dt-img-description=\"\" data-large_image_width=\"1600\" data-large_image_height=\"900\"href='https:\/\/www.radiopiu.net\/wordpress\/wp-content\/uploads\/2022\/11\/316831588_448190080808011_1902804103723684045_n.jpg'><img loading=\"lazy\" decoding=\"async\" width=\"150\" height=\"150\" src=\"https:\/\/www.radiopiu.net\/wordpress\/wp-content\/uploads\/2022\/11\/316831588_448190080808011_1902804103723684045_n-150x150.jpg\" class=\"attachment-thumbnail size-thumbnail\" alt=\"\" \/><\/a>\n\t\t\t\t<\/dt><\/dl><br style=\"clear: both\" \/>\n\t\t\t<\/div>\n\n<p>&nbsp;<\/p>\n<p>&nbsp;<\/p>\n<p>&nbsp;<\/p>\n<\/div>\n<\/div>\n<\/div>\n<\/div>\n<\/div>\n<\/div>\n<\/div>\n<\/div>\n<\/div>\n<p>&nbsp;<\/p>\n<hr \/>\n<p>&nbsp;<\/p>\n<blockquote>\n<h3 align=\"CENTER\"><span style=\"font-size: large;\"><b>Lamon: ambulatori territoriali trasferiti al piano terra<\/b><\/span><\/h3>\n<\/blockquote>\n<p><span style=\"font-size: medium;\">I lavori di ristrutturazione dell\u2019ospedale di Lamon procedono a pieno ritmo, secondo cronoprogramma: i servizi territoriali sono stati spostati nei nuovi locali al piano terra. <\/span><span style=\"font-size: medium;\">Da questa settimana, gli ambulatori dei Medici di Medina Generale dei dottori Caprio, Stellato e Mancini, della Pediatra Rasori e lo studio dell\u2019assistente sociale Bee si trovano al piano terra della struttura sede definitiva dei servizi, con un ingresso dedicato. <\/span><span style=\"font-size: medium;\">Accanto a questi, sono operativi il punto prelievi, la radiologia e un ambulatorio di fisiatria. <\/span><span style=\"font-size: medium;\">I nuovi locali sono pi\u00f9 funzionali dei precedenti e, soprattutto, maggiormente accessibili.\u00a0<\/span><\/p>\n\n\t\t\t<style type='text\/css'>\n\t\t\t\t#gallery-5 {\n\t\t\t\t\tmargin: auto;\n\t\t\t\t}\n\t\t\t\t#gallery-5 .gallery-item {\n\t\t\t\t\tfloat: left;\n\t\t\t\t\tmargin-top: 10px;\n\t\t\t\t\ttext-align: center;\n\t\t\t\t\twidth: 33%;\n\t\t\t\t}\n\t\t\t\t#gallery-5 img {\n\t\t\t\t\tborder: 2px solid #cfcfcf;\n\t\t\t\t}\n\t\t\t\t#gallery-5 .gallery-caption {\n\t\t\t\t\tmargin-left: 0;\n\t\t\t\t}\n\t\t\t\t\/* see gallery_shortcode() in wp-includes\/media.php *\/\n\t\t\t<\/style>\n\t\t<div id='gallery-5' class='dt-gallery-container gallery galleryid-308032 gallery-columns-3 gallery-size-thumbnail'><dl class='gallery-item'>\n\t\t\t\t<dt class='gallery-icon portrait'>\n\t\t\t\t\t<a class=\"rollover rollover-zoom dt-pswp-item\" title=\"WhatsApp Image 2022-11-24 at 12.28.00\" data-dt-img-description=\"\" data-large_image_width=\"1500\" data-large_image_height=\"2000\"href='https:\/\/www.radiopiu.net\/wordpress\/wp-content\/uploads\/2022\/11\/WhatsApp-Image-2022-11-24-at-12.28.00.jpeg'><img loading=\"lazy\" decoding=\"async\" width=\"150\" height=\"150\" src=\"https:\/\/www.radiopiu.net\/wordpress\/wp-content\/uploads\/2022\/11\/WhatsApp-Image-2022-11-24-at-12.28.00-150x150.jpeg\" class=\"attachment-thumbnail size-thumbnail\" alt=\"\" \/><\/a>\n\t\t\t\t<\/dt><\/dl><dl class='gallery-item'>\n\t\t\t\t<dt class='gallery-icon portrait'>\n\t\t\t\t\t<a class=\"rollover rollover-zoom dt-pswp-item\" title=\"WhatsApp Image 2022-11-24 at 13.55.26\" data-dt-img-description=\"\" data-large_image_width=\"1500\" data-large_image_height=\"2000\"href='https:\/\/www.radiopiu.net\/wordpress\/wp-content\/uploads\/2022\/11\/WhatsApp-Image-2022-11-24-at-13.55.26.jpeg'><img loading=\"lazy\" decoding=\"async\" width=\"150\" height=\"150\" src=\"https:\/\/www.radiopiu.net\/wordpress\/wp-content\/uploads\/2022\/11\/WhatsApp-Image-2022-11-24-at-13.55.26-150x150.jpeg\" class=\"attachment-thumbnail size-thumbnail\" alt=\"\" \/><\/a>\n\t\t\t\t<\/dt><\/dl>\n\t\t\t\t<br style='clear: both' \/>\n\t\t\t<\/div>\n\n<p>&nbsp;<\/p>\n<p>&nbsp;<\/p>\n<hr \/>\n<p>&nbsp;<\/p>\n<blockquote>\n<h3>INFLUENZA: I PRIMI DATI DEL VENETO<\/h3>\n<\/blockquote>\n<p><strong><a class=\"dt-pswp-item\" href=\"https:\/\/www.radiopiu.net\/wordpress\/wp-content\/uploads\/2018\/01\/vaccinoinfluenza.jpg\" data-dt-img-description=\"\" data-large_image_width=\"1488\" data-large_image_height=\"973\"><img loading=\"lazy\" decoding=\"async\" class=\" wp-image-42390 alignleft\" src=\"https:\/\/www.radiopiu.net\/wordpress\/wp-content\/uploads\/2018\/01\/vaccinoinfluenza-300x196.jpg\" alt=\"\" width=\"155\" height=\"101\" srcset=\"https:\/\/www.radiopiu.net\/wordpress\/wp-content\/uploads\/2018\/01\/vaccinoinfluenza-300x196.jpg 300w, https:\/\/www.radiopiu.net\/wordpress\/wp-content\/uploads\/2018\/01\/vaccinoinfluenza-768x502.jpg 768w, https:\/\/www.radiopiu.net\/wordpress\/wp-content\/uploads\/2018\/01\/vaccinoinfluenza-1024x670.jpg 1024w, https:\/\/www.radiopiu.net\/wordpress\/wp-content\/uploads\/2018\/01\/vaccinoinfluenza.jpg 1488w\" sizes=\"auto, (max-width: 155px) 100vw, 155px\" \/><\/a>VENEZIA <\/strong>&#8220;Anche quest&#8217;anno la Regione del Veneto ha aderito alla sorveglianza epidemiologica e virologica coordinata dall&#8217;Istituto Superiore di Sanit\u00e0 con lo scopo di monitorare l&#8217;andamento dell&#8217;influenza sul territorio regionale e nazionale. La sorveglianza, a cui stanno aderendo circa 170 tra medici e pediatri, \u00e8 in fase di implementazione in termini di rilevazione e caricamento dei dati, ma in queste settimane gi\u00e0 si registra un&#8217;incidenza di circa 13 ammalati su 1.000 abitanti (46esima settimana del 2022). La fascia di popolazione maggiormente colpita \u00e8 decisamente quella pediatrica, con un&#8217;incidenza di 28,7 casi ogni 1.000 residenti per i bambini 0-4 anni, e di 22,8 ogni 1.000 per quelli 5-14 anni.\u00a0L&#8217;incidenza per adulti \u00e8 inferiore, e quella per gli anziani si attesta al momento sui 2,8 casi per 1.000 residenti con possibili fenomeni di sottonotifica&#8221;.<\/p>\n<p>&nbsp;<\/p>\n<p>&nbsp;<\/p>\n<hr \/>\n<p>&nbsp;<\/p>\n<blockquote>\n<h3>BONUS DI 300 EURO PER MEDICINALI E ALIMENTARI<\/h3>\n<\/blockquote>\n<p><strong><a class=\"dt-pswp-item\" href=\"https:\/\/www.radiopiu.net\/wordpress\/wp-content\/uploads\/2022\/11\/Municipio_di_Ponte_nelle_Alpi.jpg\" data-dt-img-description=\"\" data-large_image_width=\"1591\" data-large_image_height=\"1193\"><img loading=\"lazy\" decoding=\"async\" class=\" wp-image-308042 alignleft\" src=\"https:\/\/www.radiopiu.net\/wordpress\/wp-content\/uploads\/2022\/11\/Municipio_di_Ponte_nelle_Alpi-300x225.jpg\" alt=\"\" width=\"136\" height=\"102\" srcset=\"https:\/\/www.radiopiu.net\/wordpress\/wp-content\/uploads\/2022\/11\/Municipio_di_Ponte_nelle_Alpi-300x225.jpg 300w, https:\/\/www.radiopiu.net\/wordpress\/wp-content\/uploads\/2022\/11\/Municipio_di_Ponte_nelle_Alpi-1024x768.jpg 1024w, https:\/\/www.radiopiu.net\/wordpress\/wp-content\/uploads\/2022\/11\/Municipio_di_Ponte_nelle_Alpi-768x576.jpg 768w, https:\/\/www.radiopiu.net\/wordpress\/wp-content\/uploads\/2022\/11\/Municipio_di_Ponte_nelle_Alpi-1536x1152.jpg 1536w, https:\/\/www.radiopiu.net\/wordpress\/wp-content\/uploads\/2022\/11\/Municipio_di_Ponte_nelle_Alpi.jpg 1591w\" sizes=\"auto, (max-width: 136px) 100vw, 136px\" \/><\/a>PONTE NELLE ALPI<\/strong> Continua l\u2019impegno dell\u2019amministrazione comunale di Ponte nelle Alpi sul fronte del sostegno alle famiglie.<span class=\"gmail-Apple-converted-space\"> \u00a0<\/span>Sono 51, infatti, i nuclei familiari che riceveranno un bonus di 300 euro ciascuno per acquisti di alimentari e medicinali: l\u2019intervento \u00e8 in base all\u2019Isee e orientato a contrastare gli aumenti delle bollette, mentre il finanziamento era stato presentato nel corso dell\u2019ultimo consiglio comunale.<\/p>\n<p>&nbsp;<\/p>\n<p>&nbsp;<\/p>\n<hr \/>\n<p>&nbsp;<\/p>\n<blockquote>\n<h3>ESCURSIONI PIU&#8217; GREEN E SICURE GRAZIE AL PROGETTO GRIPALP<\/h3>\n<\/blockquote>\n<p><strong><a class=\"dt-pswp-item\" href=\"https:\/\/www.radiopiu.net\/wordpress\/wp-content\/uploads\/2022\/11\/2ee4ace0-0604-49f6-8a94-c5ca1d53a59f.jpg\" data-dt-img-description=\"\" data-large_image_width=\"1600\" data-large_image_height=\"1066\"><img loading=\"lazy\" decoding=\"async\" class=\" wp-image-308095 alignleft\" src=\"https:\/\/www.radiopiu.net\/wordpress\/wp-content\/uploads\/2022\/11\/2ee4ace0-0604-49f6-8a94-c5ca1d53a59f-300x200.jpg\" alt=\"\" width=\"216\" height=\"144\" srcset=\"https:\/\/www.radiopiu.net\/wordpress\/wp-content\/uploads\/2022\/11\/2ee4ace0-0604-49f6-8a94-c5ca1d53a59f-300x200.jpg 300w, https:\/\/www.radiopiu.net\/wordpress\/wp-content\/uploads\/2022\/11\/2ee4ace0-0604-49f6-8a94-c5ca1d53a59f-1024x682.jpg 1024w, https:\/\/www.radiopiu.net\/wordpress\/wp-content\/uploads\/2022\/11\/2ee4ace0-0604-49f6-8a94-c5ca1d53a59f-768x512.jpg 768w, https:\/\/www.radiopiu.net\/wordpress\/wp-content\/uploads\/2022\/11\/2ee4ace0-0604-49f6-8a94-c5ca1d53a59f-1536x1023.jpg 1536w, https:\/\/www.radiopiu.net\/wordpress\/wp-content\/uploads\/2022\/11\/2ee4ace0-0604-49f6-8a94-c5ca1d53a59f.jpg 1600w\" sizes=\"auto, (max-width: 216px) 100vw, 216px\" \/><\/a>LONGARONE <\/strong>Si \u00e8 chiuso nei giorni scorsi, con l&#8217;evento finale a Montebelluna\u00a0 il progetto \u201cGripAlp &#8211; Suole ad elevate prestazioni per l\u2019ambiente alpino\u201d. Obbiettivo del progetto \u00e8 stato lo sviluppo di suole <a class=\"dt-pswp-item\" href=\"https:\/\/www.radiopiu.net\/wordpress\/wp-content\/uploads\/2022\/11\/iynOwHx0-scaled.jpg\" data-dt-img-description=\"\" data-large_image_width=\"2560\" data-large_image_height=\"1707\"><img loading=\"lazy\" decoding=\"async\" class=\" wp-image-308094 alignright\" src=\"https:\/\/www.radiopiu.net\/wordpress\/wp-content\/uploads\/2022\/11\/iynOwHx0-300x200.jpg\" alt=\"\" width=\"200\" height=\"133\" srcset=\"https:\/\/www.radiopiu.net\/wordpress\/wp-content\/uploads\/2022\/11\/iynOwHx0-300x200.jpg 300w, https:\/\/www.radiopiu.net\/wordpress\/wp-content\/uploads\/2022\/11\/iynOwHx0-1024x683.jpg 1024w, https:\/\/www.radiopiu.net\/wordpress\/wp-content\/uploads\/2022\/11\/iynOwHx0-768x512.jpg 768w, https:\/\/www.radiopiu.net\/wordpress\/wp-content\/uploads\/2022\/11\/iynOwHx0-1536x1024.jpg 1536w, https:\/\/www.radiopiu.net\/wordpress\/wp-content\/uploads\/2022\/11\/iynOwHx0-2048x1365.jpg 2048w\" sizes=\"auto, (max-width: 200px) 100vw, 200px\" \/><\/a>performanti per le calzature utilizzate negli sport alpini. Il prodotto finale \u00e8 stato il prototipo di un materiale per le suole delle scarpe da escursionismo in grado di rendere pi\u00f9 sicure e meno impattanti dal punto di vista ambientale (dalla fase di realizzazione a quella dell&#8217;utilizzo, fino allo smaltimento) le gite in outdoor.<\/p>\n<p>&nbsp;<\/p>\n<p><strong>LEANO VIEL (FOTO) <\/strong><strong>Responsabile Europrogettazione Dolomiticert &#8211; Evento finale GripAlp<\/strong><\/p>\n<audio class=\"wp-audio-shortcode\" id=\"audio-308032-10\" preload=\"none\" style=\"width: 100%;\" controls=\"controls\"><source type=\"audio\/mpeg\" src=\"https:\/\/www.radiopiu.net\/wordpress\/wp-content\/uploads\/2022\/11\/Leano-Viel-Responsabile-Europrogettazione-Dolomiticert-Evento-finale-GripAlp.mp3?_=10\" \/><a href=\"https:\/\/www.radiopiu.net\/wordpress\/wp-content\/uploads\/2022\/11\/Leano-Viel-Responsabile-Europrogettazione-Dolomiticert-Evento-finale-GripAlp.mp3\">https:\/\/www.radiopiu.net\/wordpress\/wp-content\/uploads\/2022\/11\/Leano-Viel-Responsabile-Europrogettazione-Dolomiticert-Evento-finale-GripAlp.mp3<\/a><\/audio>\n<p>&nbsp;<\/p>\n<p><strong>ALESSANDRO MANZARDO Responsabile scientifico CESQA UniPd &#8211; Evento finale GripAlp<\/strong><\/p>\n<audio class=\"wp-audio-shortcode\" id=\"audio-308032-11\" preload=\"none\" style=\"width: 100%;\" controls=\"controls\"><source type=\"audio\/mpeg\" src=\"https:\/\/www.radiopiu.net\/wordpress\/wp-content\/uploads\/2022\/11\/Alessandro-Manzardo-Responsabile-scientifico-CESQA-UniPd-Evento-finale-GripAlp.mp3?_=11\" \/><a href=\"https:\/\/www.radiopiu.net\/wordpress\/wp-content\/uploads\/2022\/11\/Alessandro-Manzardo-Responsabile-scientifico-CESQA-UniPd-Evento-finale-GripAlp.mp3\">https:\/\/www.radiopiu.net\/wordpress\/wp-content\/uploads\/2022\/11\/Alessandro-Manzardo-Responsabile-scientifico-CESQA-UniPd-Evento-finale-GripAlp.mp3<\/a><\/audio>\n<p>&nbsp;<\/p>\n<p>&nbsp;<\/p>\n<hr \/>\n<p>&nbsp;<\/p>\n<blockquote>\n<h3>IL GIRO D&#8217;ITALIA PROTAGONISTA ALLA MIG<\/h3>\n<\/blockquote>\n<p><a class=\"dt-pswp-item\" href=\"https:\/\/www.radiopiu.net\/wordpress\/wp-content\/uploads\/2022\/11\/GRLATI-AL-GIRO-2013.jpg\" data-dt-img-description=\"Gelati al giro d'italia\" data-large_image_width=\"1969\" data-large_image_height=\"1310\"><img loading=\"lazy\" decoding=\"async\" class=\"alignleft wp-image-308068 \" src=\"https:\/\/www.radiopiu.net\/wordpress\/wp-content\/uploads\/2022\/11\/GRLATI-AL-GIRO-2013-300x200.jpg\" alt=\"\" width=\"176\" height=\"117\" srcset=\"https:\/\/www.radiopiu.net\/wordpress\/wp-content\/uploads\/2022\/11\/GRLATI-AL-GIRO-2013-300x200.jpg 300w, https:\/\/www.radiopiu.net\/wordpress\/wp-content\/uploads\/2022\/11\/GRLATI-AL-GIRO-2013-1024x681.jpg 1024w, https:\/\/www.radiopiu.net\/wordpress\/wp-content\/uploads\/2022\/11\/GRLATI-AL-GIRO-2013-768x511.jpg 768w, https:\/\/www.radiopiu.net\/wordpress\/wp-content\/uploads\/2022\/11\/GRLATI-AL-GIRO-2013-1536x1022.jpg 1536w, https:\/\/www.radiopiu.net\/wordpress\/wp-content\/uploads\/2022\/11\/GRLATI-AL-GIRO-2013.jpg 1969w\" sizes=\"auto, (max-width: 176px) 100vw, 176px\" \/><\/a><\/p>\n<p><strong>LONGARONE <\/strong>Il Giro d\u2019Italia pedala con la Mig. Luned\u00ec 28 novembre alle 15.30 la Mostra Internazionale del Gelato Artigianale (di scena a Longarone dal 27 al 30 novembre) ospiter\u00e0 un evento rosa. Protagonista la Maglia Rosa ufficiale della corsa 2023 del\u00a0 Gruppo Castelli. E ci saranno anche i campioni delle due ruote. Lo stand della Regione Veneto ospiter\u00e0 quindi la presentazione delle tappe che tra pochi mesi infiammeranno il Giro. Ci sar\u00e0 il \u201cGelato rosa\u201d, dedicato alla corsa e con un occhio di riguardo per gli atleti.<\/p>\n<p>&nbsp;<\/p>\n<p>&nbsp;<\/p>\n<hr \/>\n<p>&nbsp;<\/p>\n<blockquote>\n<h3>UN NUOVO CONCORSO CON LA POLIZIA DI STATO<\/h3>\n<\/blockquote>\n<p><strong>BELLUNO\u00a0<\/strong> Nella Gazzetta Ufficiale della Repubblica Italiana \u00e8 stato pubblicato il bando di concorso pubblico, per titoli ed esami, per l\u2019assunzione di 45 medici della carriera dei medici della Polizia di Stato. La domanda di partecipazione al concorso deve essere compilata e trasmessa utilizzando la procedura informatica disponibile all\u2019indirizzo\u00a0 <span style=\"color: #0000ff;\">concorsionline.poliziadistato.it.<\/span><\/p>\n<p>&nbsp;<\/p>\n<p>&nbsp;<\/p>\n<hr \/>\n<p>&nbsp;<\/p>\n<p>&nbsp;<\/p>\n<p><strong><a class=\"dt-pswp-item\" href=\"https:\/\/www.radiopiu.net\/wordpress\/wp-content\/uploads\/2022\/03\/FOLLADOR-AGORDO-1.jpg\" data-dt-img-description=\"\" data-large_image_width=\"1280\" data-large_image_height=\"720\"><img loading=\"lazy\" decoding=\"async\" class=\"size-medium wp-image-267095 alignleft\" src=\"https:\/\/www.radiopiu.net\/wordpress\/wp-content\/uploads\/2022\/03\/FOLLADOR-AGORDO-1-300x169.jpg\" alt=\"\" width=\"300\" height=\"169\" srcset=\"https:\/\/www.radiopiu.net\/wordpress\/wp-content\/uploads\/2022\/03\/FOLLADOR-AGORDO-1-300x169.jpg 300w, https:\/\/www.radiopiu.net\/wordpress\/wp-content\/uploads\/2022\/03\/FOLLADOR-AGORDO-1-1024x576.jpg 1024w, https:\/\/www.radiopiu.net\/wordpress\/wp-content\/uploads\/2022\/03\/FOLLADOR-AGORDO-1-768x432.jpg 768w, https:\/\/www.radiopiu.net\/wordpress\/wp-content\/uploads\/2022\/03\/FOLLADOR-AGORDO-1.jpg 1280w\" sizes=\"auto, (max-width: 300px) 100vw, 300px\" \/><\/a>SCUOLA APERTA AL FOLLADOR DI AGORDO, L&#8217;INVITO ALLA RADIO DEGLI STUDENTI DELLA SCUOLA AGORDINA, DALLA PROSSIMA SETTIMANA LE VOCI CI INSEGNANTI ALUNNI ED EX AL<span style=\"color: #000000;\">UNNI.<\/span><\/strong><\/p>\n<audio class=\"wp-audio-shortcode\" id=\"audio-308032-12\" preload=\"none\" style=\"width: 100%;\" controls=\"controls\"><source type=\"audio\/mpeg\" src=\"https:\/\/www.radiopiu.net\/wordpress\/wp-content\/uploads\/2022\/11\/FOLLADOR-4.mp3?_=12\" \/><a href=\"https:\/\/www.radiopiu.net\/wordpress\/wp-content\/uploads\/2022\/11\/FOLLADOR-4.mp3\">https:\/\/www.radiopiu.net\/wordpress\/wp-content\/uploads\/2022\/11\/FOLLADOR-4.mp3<\/a><\/audio>\n<p><span style=\"color: #ff0000;\">DA LUNEDI SETTIMANA ALLA RADIO, ALLE NOVE DEL MATTINO, ALLE 18.10 DELLA SERA\u00a0 LO SPECIALE QUOTIDIANO IN OTTO PUNTATE PER CONOSCERE A FONDO L&#8217;OFFERTA SCOLASTICA DALL&#8217;AGORDINO\u00a0<\/span><\/p>\n<p>&nbsp;<\/p>\n<p>&nbsp;<\/p>\n<hr \/>\n<p>&nbsp;<\/p>\n<p>&nbsp;<\/p>\n<p align=\"JUSTIFY\"><span style=\"color: #000000;\"><strong>BELLUNO<\/strong> Anche l\u2019Istituto \u201cT.Catullo\u201d domani dalle\u00a0 15 alle 17.30, organizza il primo incontro di Scuola aperta, presso la sede centrale di via Garibaldi. In tale occasione, oltre al Dirigente Scolastico e ai docenti, \u00e8 previsto anche l\u2019intervento di studenti che frequentano o hanno frequentato la scuola alfine di fornire punti di vista diversi e pi\u00f9 utili alla scelta.<\/span><\/p>\n<p>&nbsp;<\/p>\n<p>&nbsp;<\/p>\n<hr \/>\n<blockquote>\n<h3><\/h3>\n<h3>VARIAZIONI AL BILANCIO E COMUNICAZIONI DI PAOLO FRENA<\/h3>\n<\/blockquote>\n<p><strong>AGORDO<\/strong>\u00a0 Il consiglio dell&#8217;Unione Montana Agordina \u00e8 convocato per luned\u00ec alle 20 in sala Don Tamis. Due i punti sui quali deliberare, il provvedimento di variazione al bilancio di esercizio e le comunicazioni del Presidente Paolo Frena. In diretta sul sito internet e\u00a0 canali facebook di RADIOPIU<\/p>\n<p>&nbsp;<\/p>\n<p>&nbsp;<\/p>\n<hr \/>\n<p>&nbsp;<\/p>\n<blockquote>\n<h3>I CONSIGLI COMUNALI NELL&#8217;AGORDINO<\/h3>\n<\/blockquote>\n<p><strong>SELVA DI CADORE<\/strong> Il sindaco di Selva Di Cadore Luca Lorenzini ha convocato il consiglio comunale per oggi alle 18. Saranno 6 i punti da discutere nella sala consigliare. Tra questi due variazioni al bilancio, la modifica del regolamento sull&#8217;imposta di soggiorno, l&#8217;assemblea ordinaria della societ\u00e0 Val Fiorentina SPA e l&#8217;approvazione della convenzione per l&#8217;istituzione e gestione della centrale unica di committenza con l&#8217;Unione Montana Agordina.<\/p>\n<p><strong>FALCADE<\/strong> Il sindaco di Falcade Mauro Salvaterra ha convocato il consiglio comunale per marted\u00ec alle 20 in sala del Municipio. Tre punti da discutere, tra questi una variazione al bilancio e l&#8217;approvazione della bozza di convenzione con il Ministero della Giustizia per lo svolgimento di lavoro di pubblica utilit\u00e0.<\/p>\n<p><strong>ROCCA PIETORE <\/strong>Martedi alle 18 consiglio comunale, in discussione la variazione al bilancio di previsione, l&#8217;approvazione della trasformazione del consorzio Dolomiti nella Fondazione Dmo Dolomiti e le interrogazioni di Diana Iraci Borgia Mandolini sui lavori di messa in sicurezza del Ru Sass Negher e sulla messa in sicurezza della frazione di Col di Rocca dal pericolo valanghivo.<\/p>\n<p><strong>CANALE D&#8217;AGORDO<\/strong> Mercoled\u00ec nella sala Lina Zand\u00f2 di Canale D&#8217;Agordo \u00e8 stato convocato il consiglio comunale. Il sindaco Flavio Colcergnan ha chiamato a rapporto i consiglieri per trattare 5 punti tra cui una variazione a bilancio, il regolamento per l&#8217;utilizzo delle baite, casere e casogn del comune e il regolamento comunale sul procedimento amministrativo.<\/p>\n<p>&nbsp;<\/p>\n<p>&nbsp;<\/p>\n<p>&nbsp;<\/p>\n<hr \/>\n<p>&nbsp;<\/p>\n<p>&nbsp;<\/p>\n<blockquote>\n<h3>IL PIANO COMUNALE DI PROTEZIONE CIVILE DI TAIBON<\/h3>\n<\/blockquote>\n<p><strong>TAIBON<\/strong> L&#8217;amministrazione comunale invita la cittadinanza alla presentazione del piano comunale di Protezione Civile del comune di Taibon. La serata \u00e8 in programma venerd\u00ec 2 dicembre nella sala Don Tamis di Agordo con inizio alle 20. Sar\u00e0 il redattore del piano di Protezione Civile, l&#8217;ingegner Girola, a presentare la serata. Tutta la popolazione \u00e8 invitata.<\/p>\n<p>&nbsp;<\/p>\n<p>&nbsp;<\/p>\n<hr \/>\n<p>&nbsp;<\/p>\n<p>&nbsp;<\/p>\n<blockquote>\n<h3><span dir=\"ltr\" role=\"presentation\">AIUTI FINALIZZATI<\/span> <span dir=\"ltr\" role=\"presentation\">ALL&#8217;ACQUISTO<\/span> <span dir=\"ltr\" role=\"presentation\">DI <\/span><span dir=\"ltr\" role=\"presentation\">GENERI ALIMENTARI O PRODOTTI DI PRIMA<\/span> <span dir=\"ltr\" role=\"presentation\">NECESSIT\u00c0<\/span><\/h3>\n<\/blockquote>\n<p><strong>ALLEGHE<\/strong> Le<span dir=\"ltr\" role=\"presentation\"> persone e le famiglie residenti nel Comune che<\/span><span dir=\"ltr\" role=\"presentation\">, a causa degli effetti economici <\/span><span dir=\"ltr\" role=\"presentation\">derivanti dall\u2019emergenza epidemiologica<\/span> <span dir=\"ltr\" role=\"presentation\">dovuta alla diffusione del virus Covid<\/span><span dir=\"ltr\" role=\"presentation\">&#8211;<\/span><span dir=\"ltr\" role=\"presentation\">19,<\/span> <span dir=\"ltr\" role=\"presentation\">si trovino in uno <\/span><span dir=\"ltr\" role=\"presentation\">stato di bisogno per soddisfare le necessit\u00e0 pi\u00f9 urgenti ed essenziali<\/span><span dir=\"ltr\" role=\"presentation\">, <\/span><span dir=\"ltr\" role=\"presentation\">possono<\/span> <span dir=\"ltr\" role=\"presentation\">chiedere che vengano loro riconosciuti i buoni spesa per l&#8217;acquisto di generi alimentari o prodotti di prima necessit\u00e0. L<\/span><span dir=\"ltr\" role=\"presentation\">\u2019entit\u00e0 dell\u2019importo verr\u00e0 definito con successivo <\/span><span dir=\"ltr\" role=\"presentation\">provvedimento, partendo da un<\/span> <span dir=\"ltr\" role=\"presentation\">importo minimo di 50euro<\/span><span dir=\"ltr\" role=\"presentation\">, sulla base del numero dei <\/span><span dir=\"ltr\" role=\"presentation\">componenti il nucleo familiare e in consi<\/span><span dir=\"ltr\" role=\"presentation\">derazione delle necessit\u00e0 dichiarate dal richiedente. <\/span><span dir=\"ltr\" role=\"presentation\">Le richieste, <\/span><span dir=\"ltr\" role=\"presentation\">redatte sull\u2019apposito modulo dovranno <\/span><span dir=\"ltr\" role=\"presentation\">p<\/span><span dir=\"ltr\" role=\"presentation\">ervenire<\/span> <span dir=\"ltr\" role=\"presentation\">al<\/span> <span dir=\"ltr\" role=\"presentation\">Comune<\/span> <span dir=\"ltr\" role=\"presentation\">di<\/span> <span dir=\"ltr\" role=\"presentation\">Alleghe<\/span> <span dir=\"ltr\" role=\"presentation\">mediante<\/span> <span dir=\"ltr\" role=\"presentation\">invio<\/span> <span dir=\"ltr\" role=\"presentation\">di<\/span> <span dir=\"ltr\" role=\"presentation\">posta<\/span> <span dir=\"ltr\" role=\"presentation\">elettronica, s<\/span><span dir=\"ltr\" role=\"presentation\">olo via residuale<\/span> <span dir=\"ltr\" role=\"presentation\">la domanda potr\u00e0 essere presentata telefonicamente allo<\/span>\u00a0<span dir=\"ltr\" role=\"presentation\">0437 <\/span><span dir=\"ltr\" role=\"presentation\">523300<\/span> <span dir=\"ltr\" role=\"presentation\">dal luned\u00ec al venerd\u00ec<\/span> <span dir=\"ltr\" role=\"presentation\">dalle 8 alle 10<\/span><span dir=\"ltr\" role=\"presentation\">. <\/span><span dir=\"ltr\" role=\"presentation\">Il modulo \u00e8 scaricabile dal sito internet<\/span> <span dir=\"ltr\" role=\"presentation\">www.comune.alleghe.bl.it<\/span><span dir=\"ltr\" role=\"presentation\">, oppure ritirabile presso gli esercizi <\/span><span dir=\"ltr\" role=\"presentation\">comunali dei generi alimentari del territorio.<\/span><\/p>\n<p>&nbsp;<\/p>\n<p>&nbsp;<\/p>\n<hr \/>\n<p>&nbsp;<\/p>\n<p>&nbsp;<\/p>\n<blockquote>\n<h3>60 ANNI DI CORO MINIMO BELLUNESE<\/h3>\n<\/blockquote>\n<p><strong><a class=\"dt-pswp-item\" href=\"https:\/\/www.radiopiu.net\/wordpress\/wp-content\/uploads\/2022\/11\/Senza-nome-98.jpg\" data-dt-img-description=\"\" data-large_image_width=\"215\" data-large_image_height=\"204\"><img loading=\"lazy\" decoding=\"async\" class=\" wp-image-307892 alignleft\" src=\"https:\/\/www.radiopiu.net\/wordpress\/wp-content\/uploads\/2022\/11\/Senza-nome-98.jpg\" alt=\"\" width=\"197\" height=\"187\" \/><\/a>BELLUNO<\/strong> Impedito dalla pandemia a celebrare i sessant\u2019anni di attivit\u00e0 lo scorso anno, il Coro Minimo Bellunese si accinge a farlo con una serie di manifestazioni in calendario nelle prossime settimane. L\u2019apertura degli eventi sar\u00e0 dedicata al ricordo di tutti coloro i quali ne hanno fatto parte e sono scomparsi: i direttori Lamberto Pietrop\u00f2li (fondatore) e Edoardo Gazzera; i presidenti Loris De Moliner, Nino Bolzan, Lidio Barp e Ferruccio Zampieri ed i vari coristi. L\u2019appuntamento \u00e8 fissato per domani alle 19 nella chiesa cittadina di S. Stefano dove sar\u00e0 officiata una messa in suffragio di maestri e coristi che sono \u201candati avanti\u201d e che sar\u00e0 animata dai canti del Coro. Tutti i parenti, gli amici e coloro i quali hanno sostenuto il Coro Minimo Bellunese nel corso di questi sessant\u2019anni sono invitati a partecipare. La successiva iniziativa sar\u00e0 il concerto di Natale in programma per domenica 18 dicembre, con inizio alle 17.30, al Teatro Comunale di Belluno<\/p>\n<p>&nbsp;<\/p>\n<p>&nbsp;<\/p>\n<hr \/>\n<p>&nbsp;<\/p>\n<blockquote>\n<h3>WILLIAM ALLA ATENE-SPARTA-ATENE IL RACCONTO ALLA RADIO<\/h3>\n<\/blockquote>\n<blockquote class=\"wp-embedded-content\" data-secret=\"KDSLbzChei\"><p><a href=\"https:\/\/www.radiopiu.net\/wordpress\/william-alla-atene-sparta-atene-william-16-al-ponte-di-corinto-prima-del-buio\/\">WILLIAM  ALLA ATENE-SPARTA-ATENE &#8220;William 16* al ponte di Corinto, prima del buio&#8221;<\/a><\/p><\/blockquote>\n<p><iframe loading=\"lazy\" class=\"wp-embedded-content\" sandbox=\"allow-scripts\" security=\"restricted\" style=\"position: absolute; clip: rect(1px, 1px, 1px, 1px);\" title=\"&#8220;WILLIAM  ALLA ATENE-SPARTA-ATENE &#8220;William 16* al ponte di Corinto, prima del buio&#8221;&#8221; &#8212; Radio Pi\u00f9\" src=\"https:\/\/www.radiopiu.net\/wordpress\/william-alla-atene-sparta-atene-william-16-al-ponte-di-corinto-prima-del-buio\/embed\/#?secret=vmnwMsgE18#?secret=KDSLbzChei\" data-secret=\"KDSLbzChei\" width=\"600\" height=\"338\" frameborder=\"0\" marginwidth=\"0\" marginheight=\"0\" scrolling=\"no\"><\/iframe><\/p>\n<p>&nbsp;<\/p>\n<p>&nbsp;<\/p>\n<hr \/>\n<p>&nbsp;<\/p>\n<p>&nbsp;<\/p>\n<blockquote>\n<h3>SANTA BARBARA, LA PATRONA DEI VIGILI DEL FUOCO<\/h3>\n<\/blockquote>\n<p><strong><a class=\"dt-pswp-item\" href=\"https:\/\/www.radiopiu.net\/wordpress\/wp-content\/uploads\/2022\/09\/VIGILI-DEL-FUOCO-8-1.jpg\" data-dt-img-description=\"\" data-large_image_width=\"1599\" data-large_image_height=\"899\"><img loading=\"lazy\" decoding=\"async\" class=\" wp-image-299555 alignleft\" src=\"https:\/\/www.radiopiu.net\/wordpress\/wp-content\/uploads\/2022\/09\/VIGILI-DEL-FUOCO-8-1-300x169.jpg\" alt=\"\" width=\"205\" height=\"115\" srcset=\"https:\/\/www.radiopiu.net\/wordpress\/wp-content\/uploads\/2022\/09\/VIGILI-DEL-FUOCO-8-1-300x169.jpg 300w, https:\/\/www.radiopiu.net\/wordpress\/wp-content\/uploads\/2022\/09\/VIGILI-DEL-FUOCO-8-1-1024x576.jpg 1024w, https:\/\/www.radiopiu.net\/wordpress\/wp-content\/uploads\/2022\/09\/VIGILI-DEL-FUOCO-8-1-768x432.jpg 768w, https:\/\/www.radiopiu.net\/wordpress\/wp-content\/uploads\/2022\/09\/VIGILI-DEL-FUOCO-8-1-1536x864.jpg 1536w, https:\/\/www.radiopiu.net\/wordpress\/wp-content\/uploads\/2022\/09\/VIGILI-DEL-FUOCO-8-1.jpg 1599w\" sizes=\"auto, (max-width: 205px) 100vw, 205px\" \/><\/a>BELLUNO <\/strong>Domenica 4 dicembre ricorre la tradizionale festivita\u0300 di Santa Barbara, patrona del Corpo Nazionale dei Vigili del Fuoco. Nella la sede centrale di via Col da Ren si svolgera\u0300 la celebrazione patronale a carattere provinciale ma momenti celebrativi sono comunque previsti anche nelle sedi distaccate. Alle 10 la deposione della corona d&#8217;alloro al monumento in onore dei Vigili del Fuoco caduti in servizio, alle 10:30 la santa messa e alle 11:30 il saluto del comandante e la consegna dei diplomi di lodevole servizio e delle croci di anzianit\u00e0. Esposizione dei mezzi sul piazzale della sede e nell&#8217;atrio principale della sede la mostra fotografica di Carlotta Osta.<\/p>\n<p>&nbsp;<\/p>\n<p>&nbsp;<\/p>\n<hr \/>\n<p>&nbsp;<\/p>\n<p>&nbsp;<\/p>\n<blockquote>\n<h3>LA SANTA BARBARA DEI PERITI MINERARI<\/h3>\n<\/blockquote>\n<p><strong>AGORDO<\/strong> I periti minerari\u00a0 dell&#8217;Apim si preparano a festeggiare la loro patrona, santa Barbara. L&#8217;appuntamento \u00e8 per sabato 3 dicembre, con il ritrovo alle 9,45 nella chiesa arcidiaconale e poi alle 10 la celebrazione della messa, accompagnata dalla Schola cantorum di La Valle, diretta da Lucio De Cassan. Alle 11\u00a0 in sala &#8220;Don Tamis&#8221;,\u00a0 tradizionale cerimonia di consegna delle borse di studio agli studenti del Follador pi\u00f9 meritevoli.<\/p>\n<p>&nbsp;<\/p>\n<p><iframe loading=\"lazy\" title=\"Santa Barbara&#039;94 deposizione corone\" width=\"1200\" height=\"900\" src=\"https:\/\/www.youtube.com\/embed\/XR7673fe4j4?feature=oembed\" frameborder=\"0\" allow=\"accelerometer; autoplay; clipboard-write; encrypted-media; gyroscope; picture-in-picture\" allowfullscreen><\/iframe><\/p>\n<p>&nbsp;<\/p>\n<p>&nbsp;<\/p>\n<hr \/>\n<p>&nbsp;<\/p>\n<blockquote>\n<h3>LA FIERA DI SANT&#8217;ANDREA A CENCENIGHE<\/h3>\n<\/blockquote>\n<p><strong>CENCENIGHE <\/strong>Domani e domenica a Cencenighe torna la Fiera di Sant&#8217;Andrea. Dalle 9 alle 19 all&#8217;interno della sala del Nof Fil\u00f2 il mercatino dell&#8217;artigianato e servizio bar con possibilit\u00e0 di pranzo con prodotti tipici. Dalle 10 alle 16 sul piazzale del municipio giri in pony e cavallo per bambini e ragazzi, esposizione degli animali sul piazzale, dimostrazione di ferratura di cavallo ed esibizione di scultura su legno. Novit\u00e0 dell&#8217;edizione 2022 nella sola giornata di sabato, in sala consigliare del comune, la proiezione della commedia dialettale \u201cTrafeg\u00e0 Bestiam\u201d che racconta la storia dell&#8217;antica fiera di Sant&#8217;Andrea. Nel pomeriggio di sabato alle 14:30 breve convegno con la presidente dell&#8217;associazione ACTO Triveneto Petra De Zanet sull&#8217;alleanza contro i tumori ginecologici.<\/p>\n<p>&nbsp;<\/p>\n<div>\n<blockquote>\n<h3>L&#8217;ACTO TRIVENETO AL NOF FILO&#8217; DI CENCENIGHE IN OCCASIONE DELLA FIERA DI SANT&#8217;ANDREA<\/h3>\n<\/blockquote>\n<p><strong>DI GIANNI SANTOMASO\u00a0<\/strong><\/p>\n<p><a class=\"dt-pswp-item\" href=\"https:\/\/www.radiopiu.net\/wordpress\/wp-content\/uploads\/2021\/09\/Nof-Filo-scaled.jpg\" data-dt-img-description=\"\" data-large_image_width=\"2560\" data-large_image_height=\"1440\"><img loading=\"lazy\" decoding=\"async\" class=\"size-medium wp-image-232764 alignleft\" src=\"https:\/\/www.radiopiu.net\/wordpress\/wp-content\/uploads\/2021\/09\/Nof-Filo-300x169.jpg\" alt=\"\" width=\"300\" height=\"169\" srcset=\"https:\/\/www.radiopiu.net\/wordpress\/wp-content\/uploads\/2021\/09\/Nof-Filo-300x169.jpg 300w, https:\/\/www.radiopiu.net\/wordpress\/wp-content\/uploads\/2021\/09\/Nof-Filo-1024x576.jpg 1024w, https:\/\/www.radiopiu.net\/wordpress\/wp-content\/uploads\/2021\/09\/Nof-Filo-768x432.jpg 768w, https:\/\/www.radiopiu.net\/wordpress\/wp-content\/uploads\/2021\/09\/Nof-Filo-1536x864.jpg 1536w, https:\/\/www.radiopiu.net\/wordpress\/wp-content\/uploads\/2021\/09\/Nof-Filo-2048x1152.jpg 2048w\" sizes=\"auto, (max-width: 300px) 100vw, 300px\" \/><\/a>Sabato dalle 14,30 alle 15.30 al Nof Fil\u00f2 di Cencenighe, all\u2019interno della Fiera di Sant\u2019Andrea, ci sar\u00e0 uno spazio dedicato all\u2019Acto Triveneto per favorire un\u2019alleanza contro i tumori ginecologici. L\u2019Acto Triveneto \u00e8 una associazione di pazienti, alleata con i medici di tutti i \u00a0centri di eccellenza del Triveneto. Si tratta di una delle ultime reti nazionali di associazioni pazienti, costituita nel luglio 2022 da Petra De Zanet dopo che le \u00e8 stato diagnosticato un tumore ovarico al penultimo stadio e una doppia neoplasia al collo dovuta da Hpv (Papilloma Virus) ma non solo; le hanno comunicato anche di essere geneticamente mutata positiva e germinale al BRCA2. \u00abHo deciso di fare qualcosa per le donne \u2013 spiega Petra De Zanet, presidente di Acto Triveneto &#8211; se io mi trovavo in quella situazione era perch\u00e9 qui nel Triveneto fino ad allora nessuno ne aveva mai parlato. Ci sono tantissime campagne contro il tumore al seno, ma di tumore ovarico nessuno ne parla, nessuna informazione. Sapere cogliere i sintomi significa trovare la malattia in uno stadio meno avanzato, questo significa avere una guarigione maggiore della malattia\u00bb. Acto Triveneto ha deciso di stare al fianco delle donne colpite da tumore ovarico o da altri tumori ginecologici fornendo servizi di &#8220;cura oltre le cure &#8221; finalizzati al miglioramento della loro qualit\u00e0 di vita. Di questo si parler\u00e0 nel breve convegno di sabato a Cencenighe durante il quale accanto a Petra De Zanet ci sar\u00e0 anche la dottoressa Laura Favretti dell\u2019ospedale di Feltre.<\/p>\n<\/div>\n<div><\/div>\n<p>&nbsp;<\/p>\n<p>&nbsp;<\/p>\n<hr \/>\n<p>&nbsp;<\/p>\n<blockquote>\n<h3>RACCONTI FRA PENSIERI E RICORDI<\/h3>\n<\/blockquote>\n<p><strong>BELLUNO<\/strong> \u201cRacconti fra pensieri e ricordi\u201d. \u00c8 il titolo dell\u2019evento culturale che l\u2019Associazione Bellunesi nel Mondo organizza per oggi a Belluno, presso la propria sede in via Cavour 3. Appuntamento alle 16.30. Ingresso libero. L\u2019evento, moderato da Patrizia Burigo, vicepresidente Abm e presidente del comitato di gestione della Biblioteca delle migrazioni \u201cDino Buzzati\u201d, vedr\u00e0 gli autori presentare e approfondire le loro opere, il loro percorso di vita e il loro legame con l\u2019emigrazione e con la terra di origine. Per maggiori informazioni \u00e8 possibile contattare l\u2019Associazione Bellunesi nel Mondo al numero 0437 941160 o all\u2019email <a class=\"moz-txt-link-abbreviated\" href=\"mailto:biblioteca.migrazioni@bellunesinelmondo.it\">biblioteca.migrazioni@bellunesinelmondo.it<\/a>.<\/p>\n<p>&nbsp;<\/p>\n<p>&nbsp;<\/p>\n<hr \/>\n<p>&nbsp;<\/p>\n<blockquote>\n<h3>UN INCONTRO SUL FUTURO DELL&#8217;AGRICOLTURA BELLUNESE<\/h3>\n<\/blockquote>\n<p><strong>BORGO VALBELLUNA<\/strong> Si terr\u00e0 oggi nella sala San Felice di Trichiana un incontro sul futuro dell&#8217;agricoltura bellunese dal titolo &#8220;Difendi la tua salute e la tua terra&#8221;. Inizio alle 20:15. Interverranno l&#8217;agronomo Carlo Murer, Ernesto Roani medico endocrinologo, Danilo Gusatto ed Emanuele Prest. Coordiner\u00e0 l&#8217;incontro Ilario Tancon.<\/p>\n<p>&nbsp;<\/p>\n<p>&nbsp;<\/p>\n<hr \/>\n<p>&nbsp;<\/p>\n<blockquote>\n<h3><a class=\"dt-pswp-item\" href=\"https:\/\/www.radiopiu.net\/wordpress\/wp-content\/uploads\/2022\/11\/Quartetto-di-Venezia.jpg\" data-dt-img-description=\"\" data-large_image_width=\"1270\" data-large_image_height=\"714\"><img loading=\"lazy\" decoding=\"async\" class=\" wp-image-308055 alignleft\" src=\"https:\/\/www.radiopiu.net\/wordpress\/wp-content\/uploads\/2022\/11\/Quartetto-di-Venezia-300x169.jpg\" alt=\"\" width=\"199\" height=\"112\" srcset=\"https:\/\/www.radiopiu.net\/wordpress\/wp-content\/uploads\/2022\/11\/Quartetto-di-Venezia-300x169.jpg 300w, https:\/\/www.radiopiu.net\/wordpress\/wp-content\/uploads\/2022\/11\/Quartetto-di-Venezia-1024x576.jpg 1024w, https:\/\/www.radiopiu.net\/wordpress\/wp-content\/uploads\/2022\/11\/Quartetto-di-Venezia-768x432.jpg 768w, https:\/\/www.radiopiu.net\/wordpress\/wp-content\/uploads\/2022\/11\/Quartetto-di-Venezia.jpg 1270w\" sizes=\"auto, (max-width: 199px) 100vw, 199px\" \/><\/a>IL QUARTETTO DI VENEZIA AL COMUNALE DI BELLUNO<\/h3>\n<\/blockquote>\n<p><strong>BELLUNO<\/strong> Belluno rende omaggio al compositore belga C\u00e9sar Franck, a 200 anni dalla nascita (1822-2022), con il concerto di marted\u00ec alle 20:30, al Teatro Comunale. Protagonisti dell&#8217;evento, il Quartetto di Venezia, insieme a Marco Rizzi violino e Gabriele Carcano pianoforte. Per informazioni e prenotazioni: <a href=\"mailto:segreteriabelcircolo@gmail.com\">segreteriabelcircolo@gmail.com <\/a>\u00c8 consigliato l&#8217;uso della mascherina FFP2, nel rispetto delle norme anti Covid-19. Programma completo della serata su <a href=\"http:\/\/www.belcircolo.org\/\">www.belcircolo.org<\/a><\/p>\n<p>&nbsp;<\/p>\n<p>&nbsp;<\/p>\n<hr \/>\n<p>&nbsp;<\/p>\n<p><strong><a class=\"dt-pswp-item\" href=\"https:\/\/www.radiopiu.net\/wordpress\/wp-content\/uploads\/2022\/11\/Locandina-Barbarina_LOGHI-TUTTI.jpg\" data-dt-img-description=\"\" data-large_image_width=\"826\" data-large_image_height=\"1169\"><img loading=\"lazy\" decoding=\"async\" class=\" wp-image-307574 alignleft\" src=\"https:\/\/www.radiopiu.net\/wordpress\/wp-content\/uploads\/2022\/11\/Locandina-Barbarina_LOGHI-TUTTI-212x300.jpg\" alt=\"\" width=\"108\" height=\"153\" srcset=\"https:\/\/www.radiopiu.net\/wordpress\/wp-content\/uploads\/2022\/11\/Locandina-Barbarina_LOGHI-TUTTI-212x300.jpg 212w, https:\/\/www.radiopiu.net\/wordpress\/wp-content\/uploads\/2022\/11\/Locandina-Barbarina_LOGHI-TUTTI-724x1024.jpg 724w, https:\/\/www.radiopiu.net\/wordpress\/wp-content\/uploads\/2022\/11\/Locandina-Barbarina_LOGHI-TUTTI-768x1087.jpg 768w, https:\/\/www.radiopiu.net\/wordpress\/wp-content\/uploads\/2022\/11\/Locandina-Barbarina_LOGHI-TUTTI.jpg 826w\" sizes=\"auto, (max-width: 108px) 100vw, 108px\" \/><\/a><\/strong><\/p>\n<blockquote>\n<h3>C&#8217;ERA UNA VOLTA&#8230; BARBARINA E I NOVE COLOMBI<\/h3>\n<\/blockquote>\n<p><strong>FELTRE\u00a0<\/strong> Gioved\u00ec 1 dicembre Alle 17.30 il Polo Bibliotecario di Feltre ospiter\u00e0 la presentazione del libro illustrato \u201cBarbarina e i nove colombi\u201d di Flavio Faoro e Marta Farina, vincitore nella sezione Best Illustration for Fiction 2019\u201d della dodicesima edizione del premio internazionale \u201cImage of the book\u201d di Mosca. All\u2019incontro interverr\u00e0 l\u2019Editore Roberto Da Re Giustiniani. Brani del libro letti da Silvana Vignaga.<\/p>\n<p>&nbsp;<\/p>\n<p>&nbsp;<\/p>\n<p>&nbsp;<\/p>\n<p>&nbsp;<\/p>\n<hr \/>\n<p>&nbsp;<\/p>\n<div>\n<div class=\"b654a4as d2edcug0\">\n<div class=\"rq0escxv hkbzh7o3 jwdofwj8 n8tt0mok r8blr3vg hyh9befq\">\n<p><a class=\"dt-pswp-item\" href=\"https:\/\/www.radiopiu.net\/wordpress\/wp-content\/uploads\/2020\/10\/pp.jpg\" data-dt-img-description=\"\" data-large_image_width=\"640\" data-large_image_height=\"640\"><img loading=\"lazy\" decoding=\"async\" class=\"wp-image-163678 alignleft\" src=\"https:\/\/www.radiopiu.net\/wordpress\/wp-content\/uploads\/2020\/10\/pp-300x300.jpg\" alt=\"\" width=\"106\" height=\"106\" srcset=\"https:\/\/www.radiopiu.net\/wordpress\/wp-content\/uploads\/2020\/10\/pp-300x300.jpg 300w, https:\/\/www.radiopiu.net\/wordpress\/wp-content\/uploads\/2020\/10\/pp-150x150.jpg 150w, https:\/\/www.radiopiu.net\/wordpress\/wp-content\/uploads\/2020\/10\/pp-125x125.jpg 125w, https:\/\/www.radiopiu.net\/wordpress\/wp-content\/uploads\/2020\/10\/pp-200x200.jpg 200w, https:\/\/www.radiopiu.net\/wordpress\/wp-content\/uploads\/2020\/10\/pp-80x80.jpg 80w, https:\/\/www.radiopiu.net\/wordpress\/wp-content\/uploads\/2020\/10\/pp-480x480.jpg 480w, https:\/\/www.radiopiu.net\/wordpress\/wp-content\/uploads\/2020\/10\/pp.jpg 640w\" sizes=\"auto, (max-width: 106px) 100vw, 106px\" \/><\/a><\/p>\n<\/div>\n<\/div>\n<\/div>\n<div>\n<div class=\"page-title-head hgroup\">\n<div class=\"page-title-head hgroup\">\n<div class=\"b654a4as d2edcug0\">\n<div class=\"j83agx80 btwxx1t3 lhclo0ds hop8lmos nkwizq5d scwd0bx6 roh60bw9\">\n<div class=\"rq0escxv hkbzh7o3 jwdofwj8 n8tt0mok r8blr3vg hyh9befq\">\n<div class=\"do00u71z l9j0dhe7 k4urcfbm\">\n<h2><span style=\"color: #000080;\">DON CESARE, IL PENSIERO DEL GIORNO. ALLA RADIO ALLE 7 DEL MATTINO E ALLE 19.30 DELLA SERA<\/span><\/h2>\n<audio class=\"wp-audio-shortcode\" id=\"audio-308032-13\" preload=\"none\" style=\"width: 100%;\" controls=\"controls\"><source type=\"audio\/mpeg\" src=\"https:\/\/www.radiopiu.net\/wordpress\/wp-content\/uploads\/2022\/11\/CESARE-16.mp3?_=13\" \/><a href=\"https:\/\/www.radiopiu.net\/wordpress\/wp-content\/uploads\/2022\/11\/CESARE-16.mp3\">https:\/\/www.radiopiu.net\/wordpress\/wp-content\/uploads\/2022\/11\/CESARE-16.mp3<\/a><\/audio>\n<\/div>\n<\/div>\n<\/div>\n<\/div>\n<\/div>\n<\/div>\n<\/div>\n<p>&nbsp;<\/p>\n<hr \/>\n<p>&nbsp;<\/p>\n<h2><span style=\"color: #339966;\">COLLAGE OPERAZIONE NOSTALGIA<\/span><\/h2>\n<p><strong><a class=\"dt-pswp-item\" href=\"https:\/\/www.radiopiu.net\/wordpress\/wp-content\/uploads\/2022\/11\/I-Delfini.jpg\" data-dt-img-description=\"\" data-large_image_width=\"1083\" data-large_image_height=\"712\"><img loading=\"lazy\" decoding=\"async\" class=\" wp-image-307304 alignleft\" src=\"https:\/\/www.radiopiu.net\/wordpress\/wp-content\/uploads\/2022\/11\/I-Delfini-300x197.jpg\" alt=\"\" width=\"207\" height=\"136\" srcset=\"https:\/\/www.radiopiu.net\/wordpress\/wp-content\/uploads\/2022\/11\/I-Delfini-300x197.jpg 300w, https:\/\/www.radiopiu.net\/wordpress\/wp-content\/uploads\/2022\/11\/I-Delfini-1024x673.jpg 1024w, https:\/\/www.radiopiu.net\/wordpress\/wp-content\/uploads\/2022\/11\/I-Delfini-768x505.jpg 768w, https:\/\/www.radiopiu.net\/wordpress\/wp-content\/uploads\/2022\/11\/I-Delfini.jpg 1083w\" sizes=\"auto, (max-width: 207px) 100vw, 207px\" \/><\/a>di Loris Scussel<\/strong><\/p>\n<p>Lou Reed con la sua \u201cVicious\u201d inaugurer\u00e0 la nuova settimana di Collage operazione nostalgia in una puntata dedicata ai cantautori stranieri, marted\u00ec sar\u00e0 la volta dei Delfini di \u201cTu te ne vai\u201d e dei complessi italiani, mercoled\u00ec i Tokens di \u201cThe lion sleeps tonight\u201d apriranno lo spazio riservato ai successi internazionali, gioved\u00ec sar\u00e0 la volta delle voci femminili italiane iniziando da\u00a0 Dalida con \u201cL\u2019ultimo valzer\u201d, venerd\u00ec infine ritroveremo i cantautori di casa nostra Luigi Tenco, Roberto Vecchioni, Pierangelo Bertoli e cos\u00ec via. Collage va in onda dal luned\u00ec al venerd\u00ec alle 16,00 e alle 23,00 naturalmente su Radio Pi\u00f9.<\/p>\n<p><strong>PUNTATA DEL LUNEDI, 666<\/strong><\/p>\n<audio class=\"wp-audio-shortcode\" id=\"audio-308032-14\" preload=\"none\" style=\"width: 100%;\" controls=\"controls\"><source type=\"audio\/mpeg\" src=\"https:\/\/www.radiopiu.net\/wordpress\/wp-content\/uploads\/2022\/11\/Collage-666.mp3?_=14\" \/><a href=\"https:\/\/www.radiopiu.net\/wordpress\/wp-content\/uploads\/2022\/11\/Collage-666.mp3\">https:\/\/www.radiopiu.net\/wordpress\/wp-content\/uploads\/2022\/11\/Collage-666.mp3<\/a><\/audio>\n<p><strong>PUNTATA DEL MARTEDI, 667<\/strong><\/p>\n<audio class=\"wp-audio-shortcode\" id=\"audio-308032-15\" preload=\"none\" style=\"width: 100%;\" controls=\"controls\"><source type=\"audio\/mpeg\" src=\"https:\/\/www.radiopiu.net\/wordpress\/wp-content\/uploads\/2022\/11\/Collage-667.mp3?_=15\" \/><a href=\"https:\/\/www.radiopiu.net\/wordpress\/wp-content\/uploads\/2022\/11\/Collage-667.mp3\">https:\/\/www.radiopiu.net\/wordpress\/wp-content\/uploads\/2022\/11\/Collage-667.mp3<\/a><\/audio>\n<p><strong>PUNTATA DEL MERCOLEDI, 668<\/strong><\/p>\n<audio class=\"wp-audio-shortcode\" id=\"audio-308032-16\" preload=\"none\" style=\"width: 100%;\" controls=\"controls\"><source type=\"audio\/mpeg\" src=\"https:\/\/www.radiopiu.net\/wordpress\/wp-content\/uploads\/2022\/11\/Collage-668.mp3?_=16\" \/><a href=\"https:\/\/www.radiopiu.net\/wordpress\/wp-content\/uploads\/2022\/11\/Collage-668.mp3\">https:\/\/www.radiopiu.net\/wordpress\/wp-content\/uploads\/2022\/11\/Collage-668.mp3<\/a><\/audio>\n<p><strong>PUNTATA DEL GIOVEDI, 669<\/strong><\/p>\n<audio class=\"wp-audio-shortcode\" id=\"audio-308032-17\" preload=\"none\" style=\"width: 100%;\" controls=\"controls\"><source type=\"audio\/mpeg\" src=\"https:\/\/www.radiopiu.net\/wordpress\/wp-content\/uploads\/2022\/11\/Collage-669.mp3?_=17\" \/><a href=\"https:\/\/www.radiopiu.net\/wordpress\/wp-content\/uploads\/2022\/11\/Collage-669.mp3\">https:\/\/www.radiopiu.net\/wordpress\/wp-content\/uploads\/2022\/11\/Collage-669.mp3<\/a><\/audio>\n<p>&nbsp;<\/p>\n<hr \/>\n<p>&nbsp;<\/p>\n<p><img loading=\"lazy\" decoding=\"async\" class=\"aligncenter wp-image-61954 size-full\" src=\"https:\/\/www.radiopiu.net\/wordpress\/wp-content\/uploads\/2018\/09\/viabilita.jpeg\" sizes=\"auto, (max-width: 800px) 100vw, 800px\" srcset=\"https:\/\/www.radiopiu.net\/wordpress\/wp-content\/uploads\/2018\/09\/viabilita.jpeg 800w, https:\/\/www.radiopiu.net\/wordpress\/wp-content\/uploads\/2018\/09\/viabilita-300x38.jpeg 300w, https:\/\/www.radiopiu.net\/wordpress\/wp-content\/uploads\/2018\/09\/viabilita-768x96.jpeg 768w\" alt=\"\" width=\"800\" height=\"100\" \/><\/p>\n<p>&nbsp;<\/p>\n<p>&nbsp;<\/p>\n<p><strong>AGGIORNAMENTO VENETO STRADE, AGGIORNAMENTO CONTINUO H 24<\/strong><\/p>\n<p>&nbsp;<\/p>\n<blockquote class=\"wp-embedded-content\" data-secret=\"mukcpbNhgH\"><p><a href=\"https:\/\/www.radiopiu.net\/wordpress\/viabilita\/\">viabilita<\/a><\/p><\/blockquote>\n<p><iframe loading=\"lazy\" class=\"wp-embedded-content\" sandbox=\"allow-scripts\" security=\"restricted\" style=\"position: absolute; clip: rect(1px, 1px, 1px, 1px);\" title=\"&#8220;viabilita&#8221; &#8212; Radio Pi\u00f9\" src=\"https:\/\/www.radiopiu.net\/wordpress\/viabilita\/embed\/#?secret=93cRoVh76N#?secret=mukcpbNhgH\" data-secret=\"mukcpbNhgH\" width=\"600\" height=\"338\" frameborder=\"0\" marginwidth=\"0\" marginheight=\"0\" scrolling=\"no\"><\/iframe><\/p>\n<p>&nbsp;<\/p>\n<p>&nbsp;<\/p>\n<hr \/>\n<p>&nbsp;<\/p>\n<p><a class=\"dt-pswp-item\" href=\"https:\/\/www.radiopiu.net\/wordpress\/wp-content\/uploads\/2018\/09\/WhatsApp-Image-2018-09-20-at-16.04.06.jpeg\" data-dt-img-description=\"\" data-large_image_width=\"800\" data-large_image_height=\"100\"><img loading=\"lazy\" decoding=\"async\" class=\"wp-image-61378 size-full aligncenter\" src=\"https:\/\/www.radiopiu.net\/wordpress\/wp-content\/uploads\/2018\/09\/WhatsApp-Image-2018-09-20-at-16.04.06.jpeg\" alt=\"\" width=\"800\" height=\"100\" srcset=\"https:\/\/www.radiopiu.net\/wordpress\/wp-content\/uploads\/2018\/09\/WhatsApp-Image-2018-09-20-at-16.04.06.jpeg 800w, https:\/\/www.radiopiu.net\/wordpress\/wp-content\/uploads\/2018\/09\/WhatsApp-Image-2018-09-20-at-16.04.06-300x38.jpeg 300w, https:\/\/www.radiopiu.net\/wordpress\/wp-content\/uploads\/2018\/09\/WhatsApp-Image-2018-09-20-at-16.04.06-768x96.jpeg 768w\" sizes=\"auto, (max-width: 800px) 100vw, 800px\" \/><\/a><\/p>\n<p>&nbsp;<\/p>\n<p><center><b>Venerdi 25<\/b><\/center><b>Tempo atteso: <\/b>Tempo stabile con cielo nuvoloso per nubi medie stratiformi al mattino, in diradamento e allontanamento verso est lasciando spazio a rasserenamenti, pi\u00f9 ampi al pomeriggio. In serata nuovo aumento della nuvolosit\u00e0 fino a cielo coperto. Attenuazione del freddo in quota e contesto termico diurno pi\u00f9 mite nelle valli.<br \/>\n<b>Temperature: <\/b>Minime in lieve aumento nelle valli, mentre saranno in calo in quota ed osservate alla sera.<\/p>\n<hr \/>\n<p><center><b>Sabato 26<\/b><\/center><b>Tempo atteso: <\/b>Qualche annuvolamento medio-alto tra la notte e le prime ore del mattino, nuvolosit\u00e0 che scivoler\u00e0 verso oriente entro le ore centrali del giorno favorendo il ritorno del sole e del cielo sereno a partire dai settori occidentali, in successiva estensione a tutta la montagna veneta. Il contesto termico diurno risentir\u00e0 dell&#8217;avvezione di aria un po&#8217; pi\u00f9 fredda.<br \/>\n<b>Temperature: <\/b>In generale calo, eccetto aumento delle minime del mattino nelle valli, anche per locali condizioni di Foehn.<\/p>\n<hr \/>\n<p><center><b>Domenica 27<\/b><\/center>Stupende condizioni meteorologiche con sole, cielo sereno, aria tersa e ottima visibilit\u00e0. Contesto termico pi\u00f9 freddo di notte con diffuse gelate, anche nei fondovalle prealpini; in giornata fresco nei fondovalle e nelle valli pi\u00f9 assolate, allorch\u00e9 il freddo relativo resister\u00e0 nelle valli in ombra. Sembra che sulle cime pi\u00f9 alte le temperature massime possano risalire.<\/p>\n<hr \/>\n<p><center><b>Lunedi 28<\/b><\/center>Graduale aumento della copertura nuvolosa stratiforme, dapprima alta, poi media. Il cielo sar\u00e0 quindi velato al mattino e coperto dalle ore centrali in poi, ma senza fenomeni. Rialzo delle temperature minime e massime senza notevoli variazioni.<\/p>\n<p>&nbsp;<\/p>\n<hr \/>\n<p>&nbsp;<\/p>\n<p>&nbsp;<\/p>\n<p><a class=\"dt-pswp-item\" href=\"https:\/\/www.radiopiu.net\/wordpress\/wp-content\/uploads\/2018\/09\/sport.jpg\" data-dt-img-description=\"\" data-large_image_width=\"800\" data-large_image_height=\"100\"><img loading=\"lazy\" decoding=\"async\" class=\"aligncenter wp-image-60761 size-full\" src=\"https:\/\/www.radiopiu.net\/wordpress\/wp-content\/uploads\/2018\/09\/sport.jpg\" alt=\"\" width=\"800\" height=\"100\" srcset=\"https:\/\/www.radiopiu.net\/wordpress\/wp-content\/uploads\/2018\/09\/sport.jpg 800w, https:\/\/www.radiopiu.net\/wordpress\/wp-content\/uploads\/2018\/09\/sport-300x38.jpg 300w, https:\/\/www.radiopiu.net\/wordpress\/wp-content\/uploads\/2018\/09\/sport-768x96.jpg 768w\" sizes=\"auto, (max-width: 800px) 100vw, 800px\" \/><\/a><\/p>\n<p>&nbsp;<\/p>\n<p><span style=\"color: #0000ff;\"><strong>PALLAVOLO<\/strong><\/span><\/p>\n<blockquote>\n<h3>IL PUNTO SUL VOLLEY CLUB AGORDINO<\/h3>\n<\/blockquote>\n<p><strong><a class=\"dt-pswp-item\" href=\"https:\/\/www.radiopiu.net\/wordpress\/wp-content\/uploads\/2022\/04\/VOLLEY-CLUB-AGORDINO.jpg\" data-dt-img-description=\"\" data-large_image_width=\"500\" data-large_image_height=\"512\"><img loading=\"lazy\" decoding=\"async\" class=\" wp-image-268787 alignleft\" src=\"https:\/\/www.radiopiu.net\/wordpress\/wp-content\/uploads\/2022\/04\/VOLLEY-CLUB-AGORDINO-293x300.jpg\" alt=\"\" width=\"124\" height=\"127\" srcset=\"https:\/\/www.radiopiu.net\/wordpress\/wp-content\/uploads\/2022\/04\/VOLLEY-CLUB-AGORDINO-293x300.jpg 293w, https:\/\/www.radiopiu.net\/wordpress\/wp-content\/uploads\/2022\/04\/VOLLEY-CLUB-AGORDINO.jpg 500w\" sizes=\"auto, (max-width: 124px) 100vw, 124px\" \/><\/a>REDAZIONE<\/strong> Continuano gli impegni nei campionati FIPAV del Volley Club Agordino. La prima squadra sembra passare un momento di difficolt\u00e0 dopo la sconfitta in semifinale di Coppa. La formazione allenata da De Nardin, dopo un inizio da incorniciare con una vittoria dietro l&#8217;altra, nella partita di sabato scorso non ha brillato perdendo la prima sfida del campionato. Un secco 3 a 0 dal Cessalto dopo un match che ha visto le agordine non entrare mai in partita. Da segnalare per\u00f2 che alla formazione di Agordo mancavano alcune titolari costrette a letto dall&#8217;influenza stagionale. Le agordine sono a met\u00e0 classifica con 6 punti dopo 3 partite giocate e sabato al PalaRova di Agordo arriver\u00e0 il Vedelago. La formazione Under 16 non se la sta passando bene e domenica scorsa \u00e8 arrivata un&#8217;altra sconfitta, questa volta al tie break contro il Belluno. Otto partite giocate e 9 punti in classifica per le giovani pallavoliste agordine che nel fine settimana, domenica, ospiteranno la Spes Belluno al PalaRova.<\/p>\n<p>&nbsp;<\/p>\n<p><span style=\"color: #0000ff;\"><strong>KARATE<\/strong><\/span><\/p>\n<blockquote>\n<h3>KARATE \u2013 ARGENTO A LJUBLJANA PER LA BELLUNESE MAYA PASOTTO<\/h3>\n<\/blockquote>\n<p><a class=\"dt-pswp-item\" href=\"https:\/\/www.radiopiu.net\/wordpress\/wp-content\/uploads\/2022\/11\/20221123-scaled.jpg\" data-dt-img-description=\"\" data-large_image_width=\"2560\" data-large_image_height=\"1729\"><img loading=\"lazy\" decoding=\"async\" class=\"size-medium wp-image-308080 alignleft\" src=\"https:\/\/www.radiopiu.net\/wordpress\/wp-content\/uploads\/2022\/11\/20221123-300x203.jpg\" alt=\"\" width=\"300\" height=\"203\" srcset=\"https:\/\/www.radiopiu.net\/wordpress\/wp-content\/uploads\/2022\/11\/20221123-300x203.jpg 300w, https:\/\/www.radiopiu.net\/wordpress\/wp-content\/uploads\/2022\/11\/20221123-1024x692.jpg 1024w, https:\/\/www.radiopiu.net\/wordpress\/wp-content\/uploads\/2022\/11\/20221123-768x519.jpg 768w, https:\/\/www.radiopiu.net\/wordpress\/wp-content\/uploads\/2022\/11\/20221123-1536x1038.jpg 1536w, https:\/\/www.radiopiu.net\/wordpress\/wp-content\/uploads\/2022\/11\/20221123-2048x1384.jpg 2048w\" sizes=\"auto, (max-width: 300px) 100vw, 300px\" \/><\/a>Sabato di competizioni in Slovenia per due portacolori del Karate Team Dolomiti 1970 impegnate nell\u2019Open di Ljubljana 2022. Non al massimo fisicamente causa recenti influenze stagionali si sono comunque schierate per combattere. Fermata subito la Masoch nei 48 kg Junior da una forte atleta slovena e, chiusura con un quinto posto che le va stretto. Miglior sorte per la Pasotto nei 61 kg senior che, con un fortunato sorteggio, approda alla finale che non riesce a superare concludendo al secondo posto. Prestigiosa medaglia d\u2019argento per lei. Nel precedente fine settimana: Masoch a Riccione al raduno della nazionale giovanile FIJLKAM. Convocata in quota al Centro Tecnico Regionale per tre giorni ha potuto allenarsi con le pi\u00f9 forti e titolate atlete d\u2019Italia. Con lei anche il Maestro Vittorio Moreno, tecnico della sua societ\u00e0 di appartenenza, qui presente come allenatore della selezione nazionale Under 14.<\/p>\n<p>Nella foto da sx: Vittorio Moreno, Maya Pasotto e Mariachiara Masoch.<\/p>\n<p>&nbsp;<\/p>\n<p>&nbsp;<\/p>\n","protected":false},"excerpt":{"rendered":"<p>RADIO PIU INFORMAZIONE il canale su TELEGRAM informazione di prima\u00a0 mano e in tempo reale. iscriviti ed aiutaci a farlo conoscere\u00a0\u00a0 &nbsp; LA FOTO DI MICHELE ZAMENGO, IERI LA\u00a0 STRADA PER DIGONERA &nbsp; &nbsp; &nbsp; ACQUA NON POTABILE A GOSALDO GOSALDO Gestione Servizi Pubblici informa che a GOSALDO nelle localit\u00e0 LE CASE, CURTI e INCASAL&hellip;<\/p>\n","protected":false},"author":4,"featured_media":308088,"comment_status":"closed","ping_status":"closed","sticky":false,"template":"","format":"standard","meta":{"_monsterinsights_skip_tracking":false,"_monsterinsights_sitenote_active":false,"_monsterinsights_sitenote_note":"","_monsterinsights_sitenote_category":0,"footnotes":""},"categories":[86,49],"tags":[],"class_list":["post-308032","post","type-post","status-publish","format-standard","has-post-thumbnail","hentry","category-gr","category-news-18","category-86","category-49","description-off"],"img_url":"https:\/\/www.radiopiu.net\/wordpress\/wp-content\/uploads\/2022\/11\/25.11.2022_carabinieri-contro-la-violenza-di-genere.png","_links":{"self":[{"href":"https:\/\/www.radiopiu.net\/wordpress\/wp-json\/wp\/v2\/posts\/308032","targetHints":{"allow":["GET"]}}],"collection":[{"href":"https:\/\/www.radiopiu.net\/wordpress\/wp-json\/wp\/v2\/posts"}],"about":[{"href":"https:\/\/www.radiopiu.net\/wordpress\/wp-json\/wp\/v2\/types\/post"}],"author":[{"embeddable":true,"href":"https:\/\/www.radiopiu.net\/wordpress\/wp-json\/wp\/v2\/users\/4"}],"replies":[{"embeddable":true,"href":"https:\/\/www.radiopiu.net\/wordpress\/wp-json\/wp\/v2\/comments?post=308032"}],"version-history":[{"count":0,"href":"https:\/\/www.radiopiu.net\/wordpress\/wp-json\/wp\/v2\/posts\/308032\/revisions"}],"wp:featuredmedia":[{"embeddable":true,"href":"https:\/\/www.radiopiu.net\/wordpress\/wp-json\/wp\/v2\/media\/308088"}],"wp:attachment":[{"href":"https:\/\/www.radiopiu.net\/wordpress\/wp-json\/wp\/v2\/media?parent=308032"}],"wp:term":[{"taxonomy":"category","embeddable":true,"href":"https:\/\/www.radiopiu.net\/wordpress\/wp-json\/wp\/v2\/categories?post=308032"},{"taxonomy":"post_tag","embeddable":true,"href":"https:\/\/www.radiopiu.net\/wordpress\/wp-json\/wp\/v2\/tags?post=308032"}],"curies":[{"name":"wp","href":"https:\/\/api.w.org\/{rel}","templated":true}]}}