{"id":308098,"date":"2022-11-25T17:02:23","date_gmt":"2022-11-25T16:02:23","guid":{"rendered":"https:\/\/www.radiopiu.net\/wordpress\/?p=308098"},"modified":"2022-11-25T17:03:01","modified_gmt":"2022-11-25T16:03:01","slug":"lupi-bene-il-voto-del-parlamento-ue-sul-loro-contenimento","status":"publish","type":"post","link":"https:\/\/www.radiopiu.net\/wordpress\/lupi-bene-il-voto-del-parlamento-ue-sul-loro-contenimento\/","title":{"rendered":"Lupi, bene il voto del Parlamento Ue sul loro contenimento"},"content":{"rendered":"<div>\n<div data-crea=\"font-wrapper\">\n<blockquote><p><em>\u201cE\u2019 un provvedimento che attendevamo da parecchio tempo, tanto che gi\u00e0 due anni fa avevamo chiesto misure diverse per tutelare i nostri allevamenti \u2013 sottolinea <strong>Diego Donazzolo<\/strong>, presidente di <strong>Confagricoltura Belluno<\/strong> -. Ormai non ci speravamo neanche pi\u00f9: eravamo rassegnati all\u2019idea di essere costretti ad abbandonare le nostre attivit\u00e0, di fronte a una politica assente. Per fortuna, dopo aver incessantemente alzato la voce, siamo arrivati a un primo risultato, che ora va seguito da azioni concrete&#8221;<\/em><\/p><\/blockquote>\n<p><strong>\u00a0BELLUNO <\/strong> Negli ultimi anni il numero dei lupi nell\u2019Ue \u00e8 aumentato in maniera significativa, fino ad arrivare nel 2022 a 19.000 esemplari. E la popolazione pu\u00f2 crescere esponenzialmente di circa il 30 per cento all\u2019anno. Anche l\u2019impatto negativo degli attacchi al bestiame \u00e8 in aumento e perci\u00f2 bisogna affrontare i conflitti di coesistenza: prevenendo, mitigando e compensando i danni. Cos\u00ec recita la risoluzione sui grandi carnivori votata ieri dal Parlamento europeo, che Confagricoltura Belluno accoglie con grande soddisfazione come un importante passo in avanti, che pone finalmente attenzione al tema dell\u2019espansione incontrollata dei predatori, in particolare in montagna. Per la prima volta il Parlamento europeo si esprime sull\u2019argomento, riconoscendo un problema di coesistenza con i grandi carnivori, che andr\u00e0 monitorato sulla base di dati scientifici. Nella risoluzione, approvata con 306 voti favorevoli, 225 contrari e 25 astensioni, si invitano gli Stati membri e la Commissione Ue ad assistere le regioni che si trovano ad affrontare problemi di coesistenza con i predatori, a rivalutare le strategie in materia di gestione del lupo e a tutelare gli allevamenti delle aree montane, dato che i sistemi tradizionali di pascolo e alpeggio sono particolarmente vulnerabili ai crescenti attacchi. Non solo. Si sottolinea, inoltre, che lo stato di conservazione del lupo, a livello paneuropeo, giustifica un allentamento dello stato di protezione e, di conseguenza, il declassamento del lupo da specie \u201cstrettamente\u201d protetta a specie \u201csemplicemente\u201d protetta. Un passaggio che apre le porte a una revisione delle normative che impediscono l\u2019abbattimento di lupi e orsi.<\/p>\n<p>&nbsp;<\/p>\n<blockquote><p>In Austria il numero di capi di bestiame uccisi dai lupi \u00e8 aumentato del 230%, toccando nel 2021 le 680 unit\u00e0; in Francia, nel 2020, il numero di capi uccisi \u00e8 stato pari a 11.849, mentre in Germania sono stati 3.959 in Germania, 616 in Cechia, 139 in Belgio e 98 in Alto Adige. <strong>In Veneto, dal 2017 al 2020,<\/strong> le predazioni registrate nelle province di Verona, Vicenza, Belluno e Treviso sono state 868. A livello regionale Confagricoltura ha portato pi\u00f9 volte la questione all\u2019attenzione sia della politica locale che dei parlamentari europei, evidenziando come l\u2019eccessiva presenza dei grandi carnivori, in particolari lupi, abbia causato attacchi sempre pi\u00f9 frequenti alle greggi e agli allevamenti, procurando ingenti danni economici alle aziende agricole e pericolo per le comunit\u00e0 dei territori montani.<\/p><\/blockquote>\n<\/div>\n<\/div>\n<p>&nbsp;<\/p>\n<p>&nbsp;<\/p>\n<p>&nbsp;<\/p>\n<hr \/>\n<p>&nbsp;<\/p>\n<h1><span style=\"color: #ff0000;\"><strong>IERI ALLA RADIO<\/strong><\/span><\/h1>\n<p>&nbsp;<\/p>\n<blockquote>\n<h2>GESTIONE DEL LUPO, IL PARLAMENTO EUROPEO SPRONA LA COMMISSIONE<\/h2>\n<\/blockquote>\n<p><strong>BRUXELLES<\/strong> Su iniziativa dell\u2019europarlamentare Herbert Dorfmann, il Parlamento Europeo ha approvato\u00a0 una risoluzione che propone nuove misure per la protezione degli animali da allevamento contro gli attacchi di lupi e di altri grandi carnivori.<em> \u201cLe nostre richieste non risolvono di per s\u00e9 il problema, ma obbligano la Commissione a fare di pi\u00f9 per trovare una soluzione\u201d,<\/em> commenta Dorfmann, aggiungendo: <em>\u201cSperiamo che finalmente l\u2019esecutivo europeo cambi il suo approccio in materia\u201d. <\/em>Nella loro risoluzione, Dorfmann e i colleghi parlamentari invitano le istituzioni europee \u2013 soprattutto la Commissione \u2013 a rivalutare la strategia dell\u2019UE in materia di gestione del lupo.\u00a0 Per consentire la rimozione del lupo, la Commissione europea deve rivedere la direttiva Habitat, che regola la protezione delle specie in pericolo. Su spinta di Dorfmann, questa richiesta \u00e8 stata inclusa nella risoluzione.\u00a0Inoltre, non meno importante, nella sua risoluzione il Parlamento Europeo richiede opzioni di finanziamento \u201cadeguate e a lungo termine\u201d per le misure di prevenzione contro gli attacchi dei lupi agli animali da reddito.<\/p>\n<div style=\"width: 1200px;\" class=\"wp-video\"><video class=\"wp-video-shortcode\" id=\"video-308098-1\" width=\"1200\" height=\"675\" preload=\"metadata\" controls=\"controls\"><source type=\"video\/mp4\" src=\"https:\/\/www.radiopiu.net\/wordpress\/wp-content\/uploads\/2022\/11\/Dorfmann-Risoluzione-Lupo.mp4?_=1\" \/><a href=\"https:\/\/www.radiopiu.net\/wordpress\/wp-content\/uploads\/2022\/11\/Dorfmann-Risoluzione-Lupo.mp4\">https:\/\/www.radiopiu.net\/wordpress\/wp-content\/uploads\/2022\/11\/Dorfmann-Risoluzione-Lupo.mp4<\/a><\/video><\/div>\n<p>Dorfmann sottolinea che l\u2019obiettivo principale della risoluzione votata dal Parlamento Europeo \u00e8 &#8211; in ultima analisi &#8211; politico. La Commissione e gli Stati membri sono ora costretti ad agire e rivalutare la strategia sui grandi carnivori e, quindi, anche la questione dei lupi.<em> \u201cIl gioco indegno delle istituzioni che si scaricano l\u2019un l\u2019altra la responsabilit\u00e0 di questa situazione \u00e8 finalmente al capolinea\u201d,<\/em> conclude l\u2019europarlamentare.<\/p>\n<p>&nbsp;<\/p>\n<p>&nbsp;<\/p>\n<hr \/>\n<p>&nbsp;<\/p>\n<p>&nbsp;<\/p>\n","protected":false},"excerpt":{"rendered":"<p>\u201cE\u2019 un provvedimento che attendevamo da parecchio tempo, tanto che gi\u00e0 due anni fa avevamo chiesto misure diverse per tutelare i nostri allevamenti \u2013 sottolinea Diego Donazzolo, presidente di Confagricoltura Belluno -. Ormai non ci speravamo neanche pi\u00f9: eravamo rassegnati all\u2019idea di essere costretti ad abbandonare le nostre attivit\u00e0, di fronte a una politica assente.&hellip;<\/p>\n","protected":false},"author":4,"featured_media":220371,"comment_status":"closed","ping_status":"closed","sticky":false,"template":"","format":"standard","meta":{"_monsterinsights_skip_tracking":false,"_monsterinsights_sitenote_active":false,"_monsterinsights_sitenote_note":"","_monsterinsights_sitenote_category":0,"footnotes":""},"categories":[51,49],"tags":[],"class_list":["post-308098","post","type-post","status-publish","format-standard","has-post-thumbnail","hentry","category-evidenza-top","category-news-18","category-51","category-49","description-off"],"img_url":"https:\/\/www.radiopiu.net\/wordpress\/wp-content\/uploads\/2021\/07\/LUPO.jpg","_links":{"self":[{"href":"https:\/\/www.radiopiu.net\/wordpress\/wp-json\/wp\/v2\/posts\/308098","targetHints":{"allow":["GET"]}}],"collection":[{"href":"https:\/\/www.radiopiu.net\/wordpress\/wp-json\/wp\/v2\/posts"}],"about":[{"href":"https:\/\/www.radiopiu.net\/wordpress\/wp-json\/wp\/v2\/types\/post"}],"author":[{"embeddable":true,"href":"https:\/\/www.radiopiu.net\/wordpress\/wp-json\/wp\/v2\/users\/4"}],"replies":[{"embeddable":true,"href":"https:\/\/www.radiopiu.net\/wordpress\/wp-json\/wp\/v2\/comments?post=308098"}],"version-history":[{"count":0,"href":"https:\/\/www.radiopiu.net\/wordpress\/wp-json\/wp\/v2\/posts\/308098\/revisions"}],"wp:featuredmedia":[{"embeddable":true,"href":"https:\/\/www.radiopiu.net\/wordpress\/wp-json\/wp\/v2\/media\/220371"}],"wp:attachment":[{"href":"https:\/\/www.radiopiu.net\/wordpress\/wp-json\/wp\/v2\/media?parent=308098"}],"wp:term":[{"taxonomy":"category","embeddable":true,"href":"https:\/\/www.radiopiu.net\/wordpress\/wp-json\/wp\/v2\/categories?post=308098"},{"taxonomy":"post_tag","embeddable":true,"href":"https:\/\/www.radiopiu.net\/wordpress\/wp-json\/wp\/v2\/tags?post=308098"}],"curies":[{"name":"wp","href":"https:\/\/api.w.org\/{rel}","templated":true}]}}