{"id":308165,"date":"2022-11-25T05:24:18","date_gmt":"2022-11-25T04:24:18","guid":{"rendered":"https:\/\/www.radiopiu.net\/wordpress\/?p=308165"},"modified":"2022-11-25T05:24:56","modified_gmt":"2022-11-25T04:24:56","slug":"308165-2","status":"publish","type":"post","link":"https:\/\/www.radiopiu.net\/wordpress\/308165-2\/","title":{"rendered":"L&#8217;INCOLMABILE VUOTO,\u00a0 COME FARSENE UNA RAGIONE?"},"content":{"rendered":"<blockquote>\n<h3><\/h3>\n<\/blockquote>\n<p><em>&#8220;Domenica abbiamo perso la nostra migliore amica e ogni volta che chiudiamo gli occhi ci aspettiamo di vederti comparire all&#8217;improvviso, di corsa come al solito, piena di energia. Possiamo solo immaginarti seduta lass\u00f9 tra le nuvole con i pensieri di tutto quello che avresti voluto fare. La nostra vita si riempir\u00e0 di bellissimi ricordi e di mille progetti per un futuro che vivremo al massimo, anche per te. Soprattutto per te. Ti vogliamo un bene infinito\u00bb<\/em>.<\/p>\n<p><strong><a class=\"dt-pswp-item\" href=\"https:\/\/www.radiopiu.net\/wordpress\/wp-content\/uploads\/2022\/11\/Senza-nome-106.jpg\" data-dt-img-description=\"\" data-large_image_width=\"425\" data-large_image_height=\"263\"><img loading=\"lazy\" decoding=\"async\" class=\"size-medium wp-image-308164 alignleft\" src=\"https:\/\/www.radiopiu.net\/wordpress\/wp-content\/uploads\/2022\/11\/Senza-nome-106-300x186.jpg\" alt=\"\" width=\"300\" height=\"186\" srcset=\"https:\/\/www.radiopiu.net\/wordpress\/wp-content\/uploads\/2022\/11\/Senza-nome-106-300x186.jpg 300w, https:\/\/www.radiopiu.net\/wordpress\/wp-content\/uploads\/2022\/11\/Senza-nome-106.jpg 425w\" sizes=\"auto, (max-width: 300px) 100vw, 300px\" \/><\/a>FELTRE<\/strong> In centinaia, tutti con le lacrime agli occhi e nella mente il pensiero per quella mamma, per quella sorella,\u00a0 per quella famiglia gi\u00e0 segnata dall&#8217;improvviso decesso di pap\u00e0 Narciso. Straziante l&#8217;addio a Mery, Mariacristina Masocco, ieri in duomo. Quartiere Port&#8217;Oria in prima fila con i suoi sbandieratori, gruppo del quale Mery era una <em><a class=\"dt-pswp-item\" href=\"https:\/\/www.radiopiu.net\/wordpress\/wp-content\/uploads\/2022\/11\/316414499_1991055611097832_5476962541451891082_n.jpg\" data-dt-img-description=\"\" data-large_image_width=\"512\" data-large_image_height=\"640\"><img loading=\"lazy\" decoding=\"async\" class=\"size-medium wp-image-307977 alignright\" src=\"https:\/\/www.radiopiu.net\/wordpress\/wp-content\/uploads\/2022\/11\/316414499_1991055611097832_5476962541451891082_n-240x300.jpg\" alt=\"\" width=\"240\" height=\"300\" srcset=\"https:\/\/www.radiopiu.net\/wordpress\/wp-content\/uploads\/2022\/11\/316414499_1991055611097832_5476962541451891082_n-240x300.jpg 240w, https:\/\/www.radiopiu.net\/wordpress\/wp-content\/uploads\/2022\/11\/316414499_1991055611097832_5476962541451891082_n.jpg 512w\" sizes=\"auto, (max-width: 240px) 100vw, 240px\" \/><\/a><\/em>delle trascinatrici. Don Sandro, nella veglia di preghiera aveva augurato\u00a0 \u00abBuona strada, volpe grintosa\u00bb, riferendosi al suo ruolo di primo piano nel gruppo del Scout di Feltre.<\/p>\n<p><em>\u00abTi ricorderemo con una bandiera in mano, mentre la fai volare con estrema fierezza. Ci coinvolgevi sempre nei tuoi numeri da circo che suscitavano sempre il nostro stupore. Ricorderemo sempre i momenti passati assieme, i pomeriggi a montare chioschi, le grigliate a Canal, le nottate di Palio e le facce distrutte del mattina. Cuore giallo, anima nera:e tu sei stata l&#8217;anima del nostro gruppo. Ci hai insegnato che l&#8217;importante non \u00e8 vincere, \u00e8 festeggiare. Con te se ne va un pezzo del nostro cuore, perch\u00e9 quando un membro ci lascia rimane un vuoto infinito. D&#8217;altrone noi del Port&#8217;Oria siamo una piccola famiglia, pochi, giovani, ma uniti. Il sogno che avevamo eri tu al centro di Pra&#8217; del Moro con il drappo e noi che ti correvamo incontro. Andremo avanti convinti, a testa alta, prima o poi stringeremo quel drappo e quel momento sar\u00e0 solo per te. Un grande abbraccio a mamma Angela e alla Fra. Portoriana eri, portoriana sei e portoriana sarai\u00bb. <\/em><\/p>\n<div id=\"articlePrev\">foto facebook quartiereportoria<\/div>\n<p>&nbsp;<\/p>\n<hr \/>\n<p>&nbsp;<\/p>\n","protected":false},"excerpt":{"rendered":"<p>&#8220;Domenica abbiamo perso la nostra migliore amica e ogni volta che chiudiamo gli occhi ci aspettiamo di vederti comparire all&#8217;improvviso, di corsa come al solito, piena di energia. Possiamo solo immaginarti seduta lass\u00f9 tra le nuvole con i pensieri di tutto quello che avresti voluto fare. La nostra vita si riempir\u00e0 di bellissimi ricordi e&hellip;<\/p>\n","protected":false},"author":4,"featured_media":308166,"comment_status":"closed","ping_status":"closed","sticky":false,"template":"","format":"standard","meta":{"_monsterinsights_skip_tracking":false,"_monsterinsights_sitenote_active":false,"_monsterinsights_sitenote_note":"","_monsterinsights_sitenote_category":0,"footnotes":""},"categories":[51,49],"tags":[],"class_list":["post-308165","post","type-post","status-publish","format-standard","has-post-thumbnail","hentry","category-evidenza-top","category-news-18","category-51","category-49","description-off"],"img_url":"https:\/\/www.radiopiu.net\/wordpress\/wp-content\/uploads\/2022\/11\/316536166_3506108789675288_605501802751527598_n.jpg","_links":{"self":[{"href":"https:\/\/www.radiopiu.net\/wordpress\/wp-json\/wp\/v2\/posts\/308165","targetHints":{"allow":["GET"]}}],"collection":[{"href":"https:\/\/www.radiopiu.net\/wordpress\/wp-json\/wp\/v2\/posts"}],"about":[{"href":"https:\/\/www.radiopiu.net\/wordpress\/wp-json\/wp\/v2\/types\/post"}],"author":[{"embeddable":true,"href":"https:\/\/www.radiopiu.net\/wordpress\/wp-json\/wp\/v2\/users\/4"}],"replies":[{"embeddable":true,"href":"https:\/\/www.radiopiu.net\/wordpress\/wp-json\/wp\/v2\/comments?post=308165"}],"version-history":[{"count":0,"href":"https:\/\/www.radiopiu.net\/wordpress\/wp-json\/wp\/v2\/posts\/308165\/revisions"}],"wp:featuredmedia":[{"embeddable":true,"href":"https:\/\/www.radiopiu.net\/wordpress\/wp-json\/wp\/v2\/media\/308166"}],"wp:attachment":[{"href":"https:\/\/www.radiopiu.net\/wordpress\/wp-json\/wp\/v2\/media?parent=308165"}],"wp:term":[{"taxonomy":"category","embeddable":true,"href":"https:\/\/www.radiopiu.net\/wordpress\/wp-json\/wp\/v2\/categories?post=308165"},{"taxonomy":"post_tag","embeddable":true,"href":"https:\/\/www.radiopiu.net\/wordpress\/wp-json\/wp\/v2\/tags?post=308165"}],"curies":[{"name":"wp","href":"https:\/\/api.w.org\/{rel}","templated":true}]}}