{"id":308259,"date":"2022-11-25T23:59:33","date_gmt":"2022-11-25T22:59:33","guid":{"rendered":"https:\/\/www.radiopiu.net\/wordpress\/?p=308259"},"modified":"2022-11-26T01:51:16","modified_gmt":"2022-11-26T00:51:16","slug":"agordina-in-casa-contro-il-san-michele-salsa-in-campo-anche-il-settore-giovanile","status":"publish","type":"post","link":"https:\/\/www.radiopiu.net\/wordpress\/agordina-in-casa-contro-il-san-michele-salsa-in-campo-anche-il-settore-giovanile\/","title":{"rendered":"AGORDINA IN CASA CONTRO IL SAN MICHELE SALSA. IN CAMPO ANCHE IL SETTORE GIOVANILE"},"content":{"rendered":"<p><strong><a class=\"dt-pswp-item\" href=\"https:\/\/www.radiopiu.net\/wordpress\/wp-content\/uploads\/2019\/09\/AGORDINA-CALCIO.jpeg\" data-dt-img-description=\"\" data-large_image_width=\"225\" data-large_image_height=\"225\"><img loading=\"lazy\" decoding=\"async\" class=\" wp-image-97575 alignleft\" src=\"https:\/\/www.radiopiu.net\/wordpress\/wp-content\/uploads\/2019\/09\/AGORDINA-CALCIO.jpeg\" alt=\"\" width=\"130\" height=\"130\" srcset=\"https:\/\/www.radiopiu.net\/wordpress\/wp-content\/uploads\/2019\/09\/AGORDINA-CALCIO.jpeg 225w, https:\/\/www.radiopiu.net\/wordpress\/wp-content\/uploads\/2019\/09\/AGORDINA-CALCIO-150x150.jpeg 150w\" sizes=\"auto, (max-width: 130px) 100vw, 130px\" \/><\/a>REDAZIONE<\/strong> Ritornano in campo anche questo fine settimana le 4 squadre dell&#8217;Agordina iscritte ai vari campionati FIGC. Oggi pomeriggio doppio appuntamento per il settore giovanile con due partite alle 15. I Giovanissimi di De Bastiani saranno in trasferta contro la Dynamo Vellai. La Juniores allenata da De Zaiacomo all&#8217;Ivano Dorigo di Agordo dove attende la Juventina Mugnai. Domani mattina alle 10:30 sar\u00e0 il turno degli Allievi Regionali di Orzetti alla ricerca della prima vittoria. Ma sar\u00e0 un&#8217;impresa la trasferta contro l&#8217;Altivolese Maser. In Seconda Categoria l&#8217;Agordina non sta passando un bel periodo e domani alle 14:30 prover\u00e0 a rialzarsi nella sfida casalinga contro il san Michele Salsa. Partita che sar\u00e0 seguita da Radio Pi\u00f9 all&#8217;interno di &#8220;Domenica Pi\u00f9 Sport&#8221;.<\/p>\n<p>&nbsp;<\/p>\n<p>&nbsp;<\/p>\n<p>*****<\/p>\n","protected":false},"excerpt":{"rendered":"<p>REDAZIONE Ritornano in campo anche questo fine settimana le 4 squadre dell&#8217;Agordina iscritte ai vari campionati FIGC. Oggi pomeriggio doppio appuntamento per il settore giovanile con due partite alle 15. I Giovanissimi di De Bastiani saranno in trasferta contro la Dynamo Vellai. La Juniores allenata da De Zaiacomo all&#8217;Ivano Dorigo di Agordo dove attende la&hellip;<\/p>\n","protected":false},"author":4,"featured_media":305390,"comment_status":"closed","ping_status":"closed","sticky":false,"template":"","format":"standard","meta":{"_monsterinsights_skip_tracking":false,"_monsterinsights_sitenote_active":false,"_monsterinsights_sitenote_note":"","_monsterinsights_sitenote_category":0,"footnotes":""},"categories":[104,49],"tags":[],"class_list":["post-308259","post","type-post","status-publish","format-standard","has-post-thumbnail","hentry","category-evidenza_3","category-news-18","category-104","category-49","description-off"],"img_url":"https:\/\/www.radiopiu.net\/wordpress\/wp-content\/uploads\/2022\/11\/CALCIO-2022.jpg","_links":{"self":[{"href":"https:\/\/www.radiopiu.net\/wordpress\/wp-json\/wp\/v2\/posts\/308259","targetHints":{"allow":["GET"]}}],"collection":[{"href":"https:\/\/www.radiopiu.net\/wordpress\/wp-json\/wp\/v2\/posts"}],"about":[{"href":"https:\/\/www.radiopiu.net\/wordpress\/wp-json\/wp\/v2\/types\/post"}],"author":[{"embeddable":true,"href":"https:\/\/www.radiopiu.net\/wordpress\/wp-json\/wp\/v2\/users\/4"}],"replies":[{"embeddable":true,"href":"https:\/\/www.radiopiu.net\/wordpress\/wp-json\/wp\/v2\/comments?post=308259"}],"version-history":[{"count":0,"href":"https:\/\/www.radiopiu.net\/wordpress\/wp-json\/wp\/v2\/posts\/308259\/revisions"}],"wp:featuredmedia":[{"embeddable":true,"href":"https:\/\/www.radiopiu.net\/wordpress\/wp-json\/wp\/v2\/media\/305390"}],"wp:attachment":[{"href":"https:\/\/www.radiopiu.net\/wordpress\/wp-json\/wp\/v2\/media?parent=308259"}],"wp:term":[{"taxonomy":"category","embeddable":true,"href":"https:\/\/www.radiopiu.net\/wordpress\/wp-json\/wp\/v2\/categories?post=308259"},{"taxonomy":"post_tag","embeddable":true,"href":"https:\/\/www.radiopiu.net\/wordpress\/wp-json\/wp\/v2\/tags?post=308259"}],"curies":[{"name":"wp","href":"https:\/\/api.w.org\/{rel}","templated":true}]}}