{"id":308310,"date":"2022-11-25T16:33:57","date_gmt":"2022-11-25T15:33:57","guid":{"rendered":"https:\/\/www.radiopiu.net\/wordpress\/?p=308310"},"modified":"2022-11-26T01:51:45","modified_gmt":"2022-11-26T00:51:45","slug":"308310-2","status":"publish","type":"post","link":"https:\/\/www.radiopiu.net\/wordpress\/308310-2\/","title":{"rendered":"Il concorso internazionale di composizione Dante Moro"},"content":{"rendered":"<blockquote>\n<h2>\u00a0premio alla nuova musica in ricordo dell\u2019artista falcadino.<\/h2>\n<\/blockquote>\n<p><strong>FALCADE\u00a0<\/strong>Nel ricordo dello scultore falcadino Dante Moro (1933-2009) il concorso internazionale di composizione Dante Moro continua il suo percorso, raggiungendo la sesta edizione. L\u2019intento che anima gli organizzatori e la direttrice artistica Silvia Tessari \u00e8 quello di valorizzare la scultura di Moro permettendo al contempo a nuove arti di essere sostenute e promosse. \u00c8 cos\u00ec che il bando, aperto a compositori di tutto il mondo, chiede di ideare un brano ispirato proprio ad un\u2019opera di Dante Moro. Quest\u2019anno, il concorso si \u00e8 ampliato articolandosi in due categorie: composizioni per musica da camera e composizioni per pianoforte e orchestra d\u2019archi. Per la sezione di musica da camera, non sono stati assegnati il primo e secondo premio, \u00e8 stato ritenuto meritevole del terzo premio il brano Emigranti del siracusano Federico Agnello. Una menzione d\u2019onore \u00e8 stata assegnata alla Partenza del padre di Rodolfo Saraco. La sezione per pianoforte e orchestra d\u2019archi, invece, ha visto come vincitore del secondo premio (primo non assegnato)\u00a0 il trentino Eddy Serafini, con il suo Suonatore. Al terzo posto, Pastore (La brezza) del milanese Alessandro Manara. Il concerto di gala con la premiazione dei vincitori, ad ingresso libero, avverr\u00e0 il 29 dicembre prossimo a Falcade, presso la chiesa parrocchiale, con Silvia Tessari al pianoforte, l\u2019orchestra Dolomiti Symphonia (Mattia Tonon primo violino), sotto la direzione di Delio Cassetta.<\/p>\n\n\t\t\t<style type='text\/css'>\n\t\t\t\t#gallery-1 {\n\t\t\t\t\tmargin: auto;\n\t\t\t\t}\n\t\t\t\t#gallery-1 .gallery-item {\n\t\t\t\t\tfloat: left;\n\t\t\t\t\tmargin-top: 10px;\n\t\t\t\t\ttext-align: center;\n\t\t\t\t\twidth: 25%;\n\t\t\t\t}\n\t\t\t\t#gallery-1 img {\n\t\t\t\t\tborder: 2px solid #cfcfcf;\n\t\t\t\t}\n\t\t\t\t#gallery-1 .gallery-caption {\n\t\t\t\t\tmargin-left: 0;\n\t\t\t\t}\n\t\t\t\t\/* see gallery_shortcode() in wp-includes\/media.php *\/\n\t\t\t<\/style>\n\t\t<div id='gallery-1' class='dt-gallery-container gallery galleryid-308310 gallery-columns-4 gallery-size-thumbnail'><dl class='gallery-item'>\n\t\t\t\t<dt class='gallery-icon portrait'>\n\t\t\t\t\t<a class=\"rollover rollover-zoom dt-pswp-item\" title=\"\" data-dt-img-description=\"\" data-large_image_width=\"1795\" data-large_image_height=\"2419\"href='https:\/\/www.radiopiu.net\/wordpress\/wp-content\/uploads\/2022\/11\/eddy_serafini.jpg'><img loading=\"lazy\" decoding=\"async\" width=\"150\" height=\"150\" src=\"https:\/\/www.radiopiu.net\/wordpress\/wp-content\/uploads\/2022\/11\/eddy_serafini-150x150.jpg\" class=\"attachment-thumbnail size-thumbnail\" alt=\"\" aria-describedby=\"gallery-1-308306\" \/><\/a>\n\t\t\t\t<\/dt>\n\t\t\t\t\t<dd class='wp-caption-text gallery-caption' id='gallery-1-308306'>\n\t\t\t\t\teddy_serafini\n\t\t\t\t\t<\/dd><\/dl><dl class='gallery-item'>\n\t\t\t\t<dt class='gallery-icon landscape'>\n\t\t\t\t\t<a class=\"rollover rollover-zoom dt-pswp-item\" title=\"\" data-dt-img-description=\"\" data-large_image_width=\"1170\" data-large_image_height=\"781\"href='https:\/\/www.radiopiu.net\/wordpress\/wp-content\/uploads\/2022\/11\/federico-agnello.jpg'><img loading=\"lazy\" decoding=\"async\" width=\"150\" height=\"150\" src=\"https:\/\/www.radiopiu.net\/wordpress\/wp-content\/uploads\/2022\/11\/federico-agnello-150x150.jpg\" class=\"attachment-thumbnail size-thumbnail\" alt=\"\" aria-describedby=\"gallery-1-308307\" \/><\/a>\n\t\t\t\t<\/dt>\n\t\t\t\t\t<dd class='wp-caption-text gallery-caption' id='gallery-1-308307'>\n\t\t\t\t\tfederico-agnello\n\t\t\t\t\t<\/dd><\/dl><dl class='gallery-item'>\n\t\t\t\t<dt class='gallery-icon portrait'>\n\t\t\t\t\t<a class=\"rollover rollover-zoom dt-pswp-item\" title=\"\" data-dt-img-description=\"\" data-large_image_width=\"1874\" data-large_image_height=\"2560\"href='https:\/\/www.radiopiu.net\/wordpress\/wp-content\/uploads\/2022\/11\/Emigranti-scaled.jpg'><img loading=\"lazy\" decoding=\"async\" width=\"150\" height=\"150\" src=\"https:\/\/www.radiopiu.net\/wordpress\/wp-content\/uploads\/2022\/11\/Emigranti-150x150.jpg\" class=\"attachment-thumbnail size-thumbnail\" alt=\"\" aria-describedby=\"gallery-1-308309\" \/><\/a>\n\t\t\t\t<\/dt>\n\t\t\t\t\t<dd class='wp-caption-text gallery-caption' id='gallery-1-308309'>\n\t\t\t\t\tEmigranti\n\t\t\t\t\t<\/dd><\/dl><dl class='gallery-item'>\n\t\t\t\t<dt class='gallery-icon portrait'>\n\t\t\t\t\t<a class=\"rollover rollover-zoom dt-pswp-item\" title=\"\" data-dt-img-description=\"\" data-large_image_width=\"1810\" data-large_image_height=\"2560\"href='https:\/\/www.radiopiu.net\/wordpress\/wp-content\/uploads\/2022\/11\/Suonatore-scaled.jpg'><img loading=\"lazy\" decoding=\"async\" width=\"150\" height=\"150\" src=\"https:\/\/www.radiopiu.net\/wordpress\/wp-content\/uploads\/2022\/11\/Suonatore-150x150.jpg\" class=\"attachment-thumbnail size-thumbnail\" alt=\"\" aria-describedby=\"gallery-1-308308\" \/><\/a>\n\t\t\t\t<\/dt>\n\t\t\t\t\t<dd class='wp-caption-text gallery-caption' id='gallery-1-308308'>\n\t\t\t\t\tSuonatore\n\t\t\t\t\t<\/dd><\/dl><br style=\"clear: both\" \/>\n\t\t\t<\/div>\n\n<p>&nbsp;<\/p>\n<hr \/>\n<p>&nbsp;<\/p>\n","protected":false},"excerpt":{"rendered":"<p>\u00a0premio alla nuova musica in ricordo dell\u2019artista falcadino. FALCADE\u00a0Nel ricordo dello scultore falcadino Dante Moro (1933-2009) il concorso internazionale di composizione Dante Moro continua il suo percorso, raggiungendo la sesta edizione. L\u2019intento che anima gli organizzatori e la direttrice artistica Silvia Tessari \u00e8 quello di valorizzare la scultura di Moro permettendo al contempo a nuove&hellip;<\/p>\n","protected":false},"author":4,"featured_media":308307,"comment_status":"closed","ping_status":"closed","sticky":false,"template":"","format":"standard","meta":{"_monsterinsights_skip_tracking":false,"_monsterinsights_sitenote_active":false,"_monsterinsights_sitenote_note":"","_monsterinsights_sitenote_category":0,"footnotes":""},"categories":[104,49],"tags":[],"class_list":["post-308310","post","type-post","status-publish","format-standard","has-post-thumbnail","hentry","category-evidenza_3","category-news-18","category-104","category-49","description-off"],"img_url":"https:\/\/www.radiopiu.net\/wordpress\/wp-content\/uploads\/2022\/11\/federico-agnello.jpg","_links":{"self":[{"href":"https:\/\/www.radiopiu.net\/wordpress\/wp-json\/wp\/v2\/posts\/308310","targetHints":{"allow":["GET"]}}],"collection":[{"href":"https:\/\/www.radiopiu.net\/wordpress\/wp-json\/wp\/v2\/posts"}],"about":[{"href":"https:\/\/www.radiopiu.net\/wordpress\/wp-json\/wp\/v2\/types\/post"}],"author":[{"embeddable":true,"href":"https:\/\/www.radiopiu.net\/wordpress\/wp-json\/wp\/v2\/users\/4"}],"replies":[{"embeddable":true,"href":"https:\/\/www.radiopiu.net\/wordpress\/wp-json\/wp\/v2\/comments?post=308310"}],"version-history":[{"count":0,"href":"https:\/\/www.radiopiu.net\/wordpress\/wp-json\/wp\/v2\/posts\/308310\/revisions"}],"wp:featuredmedia":[{"embeddable":true,"href":"https:\/\/www.radiopiu.net\/wordpress\/wp-json\/wp\/v2\/media\/308307"}],"wp:attachment":[{"href":"https:\/\/www.radiopiu.net\/wordpress\/wp-json\/wp\/v2\/media?parent=308310"}],"wp:term":[{"taxonomy":"category","embeddable":true,"href":"https:\/\/www.radiopiu.net\/wordpress\/wp-json\/wp\/v2\/categories?post=308310"},{"taxonomy":"post_tag","embeddable":true,"href":"https:\/\/www.radiopiu.net\/wordpress\/wp-json\/wp\/v2\/tags?post=308310"}],"curies":[{"name":"wp","href":"https:\/\/api.w.org\/{rel}","templated":true}]}}