{"id":308400,"date":"2022-11-28T05:38:50","date_gmt":"2022-11-28T04:38:50","guid":{"rendered":"https:\/\/www.radiopiu.net\/wordpress\/?p=308400"},"modified":"2022-11-28T08:29:05","modified_gmt":"2022-11-28T07:29:05","slug":"giornale-radiopiu-28-novembre-2022-direttore-mirko-mezzacasa","status":"publish","type":"post","link":"https:\/\/www.radiopiu.net\/wordpress\/giornale-radiopiu-28-novembre-2022-direttore-mirko-mezzacasa\/","title":{"rendered":"GIORNALE RADIOPIU 28 NOVEMBRE 2022 DIRETTORE MIRKO MEZZACASA"},"content":{"rendered":"<h3 class=\"kvgmc6g5 cxmmr5t8 oygrvhab hcukyx3x c1et5uql\"><span style=\"color: #0000ff;\"><strong>RADIO PIU INFORMAZIONE il canale su TELEGRAM informazione di prima\u00a0 <\/strong><strong>mano e in tempo reale. iscriviti ed aiutaci a farlo conoscere\u00a0\u00a0<\/strong><\/span><\/h3>\n<p>&nbsp;<\/p>\n<hr \/>\n<p>&nbsp;<\/p>\n<blockquote>\n<h3>ACQUA NON POTABILE A GOSALDO<\/h3>\n<\/blockquote>\n<p><strong><a class=\"dt-pswp-item\" href=\"https:\/\/www.radiopiu.net\/wordpress\/wp-content\/uploads\/2018\/08\/ACQUA.jpeg\" data-dt-img-description=\"\" data-large_image_width=\"1280\" data-large_image_height=\"768\"><img loading=\"lazy\" decoding=\"async\" class=\" wp-image-57052 alignleft\" src=\"https:\/\/www.radiopiu.net\/wordpress\/wp-content\/uploads\/2018\/08\/ACQUA-300x180.jpeg\" alt=\"\" width=\"115\" height=\"69\" srcset=\"https:\/\/www.radiopiu.net\/wordpress\/wp-content\/uploads\/2018\/08\/ACQUA-300x180.jpeg 300w, https:\/\/www.radiopiu.net\/wordpress\/wp-content\/uploads\/2018\/08\/ACQUA-768x461.jpeg 768w, https:\/\/www.radiopiu.net\/wordpress\/wp-content\/uploads\/2018\/08\/ACQUA-1024x614.jpeg 1024w, https:\/\/www.radiopiu.net\/wordpress\/wp-content\/uploads\/2018\/08\/ACQUA.jpeg 1280w\" sizes=\"auto, (max-width: 115px) 100vw, 115px\" \/><\/a>GOSALDO<\/strong> Gestione Servizi Pubblici informa che a GOSALDO nelle localit\u00e0 LE CASE, CURTI e INCASAL l&#8217;acqua erogata dall&#8217;acquedotto non \u00e8 potabile e pu\u00f2 essere usata per scopi alimentari SOLO PREVIA bollitura. GSP ha, comunque, gi\u00e0 adottato le necessarie misure per la disinfezione dell&#8217;acqua presente nei serbatoi e nella rete idrica con l&#8217;aggiunta di cloro.<\/p>\n<p>&nbsp;<\/p>\n<p><strong>INTERRUZIONI PROGRAMMATE<\/strong><\/p>\n<p><strong>VOLTAGO<\/strong> Gestione Servizi Pubblici informa che, per lavori alla rete idrica comunale, fino a mercoled\u00ec, dalle 8.00 alle 17.00, potrebbe mancare l&#8217;acqua a VOLTAGO AGORDINO in Localit\u00e0 CAPOLUOGO. Il personale addetto operer\u00e0 per limitare il pi\u00f9 possibile i disagi alla popolazione.<\/p>\n<p>&nbsp;<\/p>\n<hr \/>\n<p>&nbsp;<\/p>\n<blockquote>\n<h3>VENERDI&#8217; 2 DICEMBRE SCIOPERO NAZIONALE DEI TRASPORTI PUBBLICI<\/h3>\n<\/blockquote>\n<p><strong>BELLUNO<\/strong> Venerd\u00ec 2 dicembre \u00e8 stato indetto uno sciopero nazionale del settore pubblico e privato dei trasporti. Dolomiti Bus aderisce allo sciopero e garantisce le corse dalle 5:40 alle 8:09 e dalle 12:10 alle 15:39.<\/p>\n<p>&nbsp;<\/p>\n<hr \/>\n<p>&nbsp;<\/p>\n<p>&nbsp;<\/p>\n<blockquote>\n<h2>MENINGITE BATTERICA, MUORE A 15 MESI<\/h2>\n<\/blockquote>\n<p><strong>OGGI SUL CORRIERE DELLE ALPI<\/strong><\/p>\n<p><strong>DI FRANCESCO SALTINI<\/strong><\/p>\n<p><strong><img loading=\"lazy\" decoding=\"async\" class=\"alignleft\" src=\"https:\/\/www.radiopiu.net\/wordpress\/wp-content\/uploads\/2022\/11\/Senza-nome-5.png\" width=\"164\" height=\"197\" \/>BELLUNO<\/strong> Muore a 15 mesi per una meningite fulminante. \u00c8 una vera e propria tragedia quella che ha colpito la famiglia Lozovyy, di origini ucraine ma da ormai molti anni residente nel capoluogo. Il capofamiglia Lui ha studiato al Segato,\u00a0 la moglie Olesya Stavchanska, lavora in Luxottica. Abitano a Cavarzano. Da qualche giorno Christian, un anno compiuto ad agosto, aveva la febbre, un sintomo che poteva lasciar pensare a una semplice influenza, visto il periodo. &#8230; \u00e8 stato ricoverato nel reparto di Pediatria.Col passare delle ore, per\u00f2, il quadro clinico del bambino \u00e8 precipitato. Le condizioni del piccolo Christian sono rapidamente peggiorate, tanto che all&#8217;indomani i responsabili del reparto hanno ordinato il suo trasferimento d&#8217;urgenza in ambulanza all&#8217;ospedale di Padova, nosocomio specializzato nelle cure a bambini in et\u00e0 pediatrica. Qui il bambino \u00e8 arrivato in condizioni disperate e, nonostante le incessanti cure dei medici, il suo cuore ha smesso di battere sabato mattina. A porre fine alla sua breve vita una meningite a rapida evoluzione fulminante. I funerali del piccolo avranno luogo domani alle 15 nella chiesa parrocchiale di Cavarzano, da qui il corteo funebre proseguir\u00e0 verso il cimitero di Cusighe.<\/p>\n<p>&nbsp;<\/p>\n<p>&nbsp;<\/p>\n<p>&nbsp;<\/p>\n<hr \/>\n<p>&nbsp;<\/p>\n<blockquote>\n<h3>E&#8217; MORTO ALBINO SANTEL DETTO &#8220;GENIO&#8221;<\/h3>\n<\/blockquote>\n<p><strong><a class=\"dt-pswp-item\" href=\"https:\/\/www.radiopiu.net\/wordpress\/wp-content\/uploads\/2022\/11\/1b683d59-ef41-4f07-a7a2-0f2aa6b1acd5.jpg\" data-dt-img-description=\"\" data-large_image_width=\"792\" data-large_image_height=\"532\"><img loading=\"lazy\" decoding=\"async\" class=\" wp-image-308502 alignleft\" src=\"https:\/\/www.radiopiu.net\/wordpress\/wp-content\/uploads\/2022\/11\/1b683d59-ef41-4f07-a7a2-0f2aa6b1acd5-300x202.jpg\" alt=\"\" width=\"165\" height=\"111\" srcset=\"https:\/\/www.radiopiu.net\/wordpress\/wp-content\/uploads\/2022\/11\/1b683d59-ef41-4f07-a7a2-0f2aa6b1acd5-300x202.jpg 300w, https:\/\/www.radiopiu.net\/wordpress\/wp-content\/uploads\/2022\/11\/1b683d59-ef41-4f07-a7a2-0f2aa6b1acd5-768x516.jpg 768w, https:\/\/www.radiopiu.net\/wordpress\/wp-content\/uploads\/2022\/11\/1b683d59-ef41-4f07-a7a2-0f2aa6b1acd5.jpg 792w\" sizes=\"auto, (max-width: 165px) 100vw, 165px\" \/><\/a>SOSPIROLO<\/strong><\/p>\n<p>di Roberto Bona<\/p>\n<audio class=\"wp-audio-shortcode\" id=\"audio-308400-1\" preload=\"none\" style=\"width: 100%;\" controls=\"controls\"><source type=\"audio\/mpeg\" src=\"https:\/\/www.radiopiu.net\/wordpress\/wp-content\/uploads\/2022\/11\/BONA-SANTEL.mp3?_=1\" \/><a href=\"https:\/\/www.radiopiu.net\/wordpress\/wp-content\/uploads\/2022\/11\/BONA-SANTEL.mp3\">https:\/\/www.radiopiu.net\/wordpress\/wp-content\/uploads\/2022\/11\/BONA-SANTEL.mp3<\/a><\/audio>\n<p><a class=\"dt-pswp-item\" href=\"https:\/\/www.radiopiu.net\/wordpress\/wp-content\/uploads\/2022\/11\/Senza-nome-111.jpg\" data-dt-img-description=\"\" data-large_image_width=\"182\" data-large_image_height=\"232\"><img loading=\"lazy\" decoding=\"async\" class=\"size-full wp-image-308603 alignleft\" src=\"https:\/\/www.radiopiu.net\/wordpress\/wp-content\/uploads\/2022\/11\/Senza-nome-111.jpg\" alt=\"\" width=\"182\" height=\"232\" \/><\/a>Oggi alle 15 i funerali della Chiesa Arcipretale di Sospirolo, dopo le esequie si proseguir\u00e0 con la cremazione, le ceneri riposeranno nel cimitero di Cergnai con la moglie Prima. Lascia i figli Angelo con Monica e Barbara, le sorelle, i cognati, le cognate e i nipoti<\/p>\n<p>&nbsp;<\/p>\n<p>&nbsp;<\/p>\n<p>&nbsp;<\/p>\n<p>&nbsp;<\/p>\n<p>&nbsp;<\/p>\n<p>&nbsp;<\/p>\n<p>&nbsp;<\/p>\n<p>&nbsp;<\/p>\n<p>&nbsp;<\/p>\n<hr \/>\n<p>&nbsp;<\/p>\n<blockquote>\n<h2>INCIDENTE SULLA 51 BIS, TRE FERITI<strong style=\"font-size: 14px;\">\u00a0<\/strong><\/h2>\n<\/blockquote>\n<div class=\"addthis_sharing_toolbox\" data-url=\"http:\/\/sfoglio.corrierealpi.gelocal.it\/share_article.php?article_id=11379028\" data-title=\"Incidente sulla Ss 51 bistre feriti di cui uno graveelitrasportato a Treviso\"><strong>DOMEGGE<\/strong> \u00c8 di tre feriti di cui uno in gravi condizioni il bilancio di in incidente stradale occorso ieri nel tardo pomeriggio a Domegge. Due auto, una Fiat Panda e una Opel Astra, per cause ancora al vaglio dei carabinieri accorsi sul posto, si sono scontrate,\u00a0 la Panda \u00e8 finita capottata. Immediata la chiamata ai vigili del fuoco e al Suem 118. Sul posto sono arrivati i pompieri di Pieve di Cadore supportati dai volontari di Lozzo e di Calalzo. P.D. 56 anni di Domegge, \u00e8 stato estratto dai vigili del fuoco e portato direttamente in elicottero all&#8217;ospedale di Treviso.\u00a0 Gli occupanti della Opel sono stati medicati all&#8217;ospedale di Pieve di Cadore, le loro condizioni non sono gravi. Si tratta di due giovani di 28 anni: una donna G.S. di Vittorio Veneto (Tv) e un uomo A.Z. di Santa Lucia di Piave (Tv).\u00a0 La strada quindi per diverso tempo \u00e8 stata percorribile soltanto a senso unico alternato.<\/div>\n<p>&nbsp;<\/p>\n<p>&nbsp;<\/p>\n<hr \/>\n<p>&nbsp;<\/p>\n<blockquote>\n<h3>BLOCCATI AL BUIO AL RIENTRO DAL GIRO DEL SETTSASS<\/h3>\n<\/blockquote>\n<p><strong><a class=\"dt-pswp-item\" href=\"https:\/\/www.radiopiu.net\/wordpress\/wp-content\/uploads\/2022\/04\/soccorso-alpino-1024x602-1.jpg\" data-dt-img-description=\"\" data-large_image_width=\"1024\" data-large_image_height=\"602\"><img loading=\"lazy\" decoding=\"async\" class=\" wp-image-270917 alignleft\" src=\"https:\/\/www.radiopiu.net\/wordpress\/wp-content\/uploads\/2022\/04\/soccorso-alpino-1024x602-1-300x176.jpg\" alt=\"\" width=\"201\" height=\"118\" srcset=\"https:\/\/www.radiopiu.net\/wordpress\/wp-content\/uploads\/2022\/04\/soccorso-alpino-1024x602-1-300x176.jpg 300w, https:\/\/www.radiopiu.net\/wordpress\/wp-content\/uploads\/2022\/04\/soccorso-alpino-1024x602-1-768x452.jpg 768w, https:\/\/www.radiopiu.net\/wordpress\/wp-content\/uploads\/2022\/04\/soccorso-alpino-1024x602-1.jpg 1024w\" sizes=\"auto, (max-width: 201px) 100vw, 201px\" \/><\/a>LIVINALLONGO <\/strong>Sabato attorno alle 17 la Centrale del Suem \u00e8 stata allertata da tre escursionisti bloccati dal buio durante il rientro dal giro ad anello del Settsass. I tre, due ragazze di 28 e 27 anni e un ragazzo di 27, di Padova e Vicenza, dopo aver percorso il sentiero 24 e aver preso il 23 per ridiscendere verso il Passo Valparola, calcolati male i tempi sono arrivati in prossimit\u00e0 del bivacco di Forcella Sief tardi e senza pile frontali per illuminare il resto del tragitto. Una squadra, montate le catene, si \u00e8 avvicinata con il fuoristrada, ultimando il percorso in una mezz&#8217;ora a piedi. Raggiunti gli escursionisti, i soccorritori li hanno accompagnati al mezzo e trasportati a valle alla loro macchina.<\/p>\n<p>&nbsp;<\/p>\n<p>&nbsp;<\/p>\n<hr \/>\n<p>&nbsp;<\/p>\n<blockquote>\n<h3>RUZZOLA PER UN PENDIO INNEVATO. RECUPERATO UN ESCURSIONISTA<\/h3>\n<\/blockquote>\n<p><strong><a class=\"dt-pswp-item\" href=\"https:\/\/www.radiopiu.net\/wordpress\/wp-content\/uploads\/2022\/11\/salt_20221127_174141_352.jpg\" data-dt-img-description=\"\" data-large_image_width=\"2364\" data-large_image_height=\"1773\"><img loading=\"lazy\" decoding=\"async\" class=\" wp-image-308518 alignleft\" src=\"https:\/\/www.radiopiu.net\/wordpress\/wp-content\/uploads\/2022\/11\/salt_20221127_174141_352-300x225.jpg\" alt=\"\" width=\"209\" height=\"157\" srcset=\"https:\/\/www.radiopiu.net\/wordpress\/wp-content\/uploads\/2022\/11\/salt_20221127_174141_352-300x225.jpg 300w, https:\/\/www.radiopiu.net\/wordpress\/wp-content\/uploads\/2022\/11\/salt_20221127_174141_352-1024x768.jpg 1024w, https:\/\/www.radiopiu.net\/wordpress\/wp-content\/uploads\/2022\/11\/salt_20221127_174141_352-768x576.jpg 768w, https:\/\/www.radiopiu.net\/wordpress\/wp-content\/uploads\/2022\/11\/salt_20221127_174141_352-1536x1152.jpg 1536w, https:\/\/www.radiopiu.net\/wordpress\/wp-content\/uploads\/2022\/11\/salt_20221127_174141_352-2048x1536.jpg 2048w\" sizes=\"auto, (max-width: 209px) 100vw, 209px\" \/><\/a>FALCADE <\/strong>Attorno alle 15.45 di ieri l&#8217;elicottero del Suem di Pieve di Cadore \u00e8 decollato in direzione del sentiero numero 689, tra Forcella di Col Becher e Baita Govanni Paolo I, da dove un escursionista che stava camminando assieme al suo cane era scivolato, ruzzolando lungo la pala erbosa innevata. A lanciare l&#8217;allarme la figlia dell&#8217;uomo, poi contattato direttamente dalla Centrale operativa del 118, che \u00e8 quindi riuscita a risalire alle coordinate del luogo in cui si trovava. Individuato dell&#8217;equipaggio, il 57enne di Campodarsego (PD) \u00e8 stato raggiunto dal tecnico di elisoccorso, calato con un verricello di 60 metri. Stava bene, pur con qualche escoriazione. Per facilitare il suo recupero e quello del cane, il soccorritore lo ha aiutato a risalire per un centinaio di metri fino al punto dove era atterrato l&#8217;elicottero. Una volta a bordo, l&#8217;escursionista \u00e8 stato accompagnato in piazzola e affidato alla squadra del Soccorso alpino della Val Biois, pronta a intervenire in supporto alle operazioni.<\/p>\n<p>&nbsp;<\/p>\n<hr \/>\n<p>&nbsp;<\/p>\n<blockquote>\n<h3>RIECCO I LADRI DI NOTTE, IL RAID A PEDAVENA<\/h3>\n<\/blockquote>\n<p><strong><img loading=\"lazy\" decoding=\"async\" class=\"alignleft\" src=\"https:\/\/www.radiopiu.net\/wordpress\/wp-content\/uploads\/2021\/11\/istockphoto-459021293-170667a.jpg\" width=\"143\" height=\"103\" \/>PEDAVENA<\/strong> Sono tornati, di notte hanno colpito e svaligiato due villette a Murle in via Cantolar e via Fiume Don, hanno provato a colpire anche atentato un maxi-colpo a Lentiai. Per entrare nelle villette si sono arrampicati sulle grondaie e poggioli, indagano i carabinieri\u00a0 di Feltre. Il bottino in denaro e preziosi sarebbe consistente. A Lentiai, in via Gino Rocca \u00e8 stata presa di mira una casa, sfondato il vetro blindato. All&#8217;interno dell&#8217;abitazione c&#8217;era una persona e per questo si sono dati alla fuga tra i campi.<\/p>\n<p>&nbsp;<\/p>\n<hr \/>\n<p>&nbsp;<\/p>\n<blockquote>\n<h2><a class=\"dt-pswp-item\" href=\"https:\/\/www.radiopiu.net\/wordpress\/wp-content\/uploads\/2022\/11\/Senza-nome-112.jpg\" data-dt-img-description=\"\" data-large_image_width=\"309\" data-large_image_height=\"250\"><img loading=\"lazy\" decoding=\"async\" class=\"wp-image-308614 alignleft\" src=\"https:\/\/www.radiopiu.net\/wordpress\/wp-content\/uploads\/2022\/11\/Senza-nome-112-300x243.jpg\" alt=\"\" width=\"184\" height=\"149\" srcset=\"https:\/\/www.radiopiu.net\/wordpress\/wp-content\/uploads\/2022\/11\/Senza-nome-112-300x243.jpg 300w, https:\/\/www.radiopiu.net\/wordpress\/wp-content\/uploads\/2022\/11\/Senza-nome-112.jpg 309w\" sizes=\"auto, (max-width: 184px) 100vw, 184px\" \/><\/a>Terremoto questa notte alle 2.42 a Forni di Sopra (Udine), 2,9 gradi della scala Richter, profondit\u00e0 11 chilometri, terremoto localizzato da sala sismica INGV Roma.<\/h2>\n<\/blockquote>\n<p>&nbsp;<\/p>\n<p>&nbsp;<\/p>\n<hr \/>\n<p>&nbsp;<\/p>\n<blockquote>\n<h3>IN CONSEGNA IL REGALO DI NATALE PER I DIPENDENTI ESSILORLUXOTTICA. UN PANETTONE AL CIOCCOLATO<\/h3>\n<\/blockquote>\n<p><strong>REDAZIONE<\/strong> E&#8217; iniziata in queste ore la consegna del regalo di Natale per i dipendenti di EssilorLuxottica. Come negli scorsi anni l&#8217;azienda ha pensato di fare un regalo particolare a tutte le maestranze. Niente cena al PalaLuxottica ma un pensiero dolce per tutti. Anche quest&#8217;anno gli operai del gruppo stanno ricevendo un panettone marchiato Dolce &amp; Gabbana. E&#8217; il terzo anno che l&#8217;azienda opta per ringraziare tutti i collaboratori con un panettone speciale. Dopo il panettone al pistacchio, il tradizionale con il vino marsala da spruzzare, quest&#8217;anno il dolce tipico \u00e8 al cioccolato e sempre marchiato dai due stilisti siciliani. All&#8217;interno una lettera firmata da Francesco Milleri e Paul Du Saillant: &#8220;Un augurio di buone feste a lei e alla sua famiglia. Guardiamo al futuro con ottimismo portando con noi la prestigiosa eredit\u00e0 di Leonardo Del Vecchio&#8221;. Un messaggio per far presente al popolo di EssilorLuxottica che il ricordo del Cavaliere \u00e8 sempre presente.<\/p>\n\n\t\t\t<style type='text\/css'>\n\t\t\t\t#gallery-1 {\n\t\t\t\t\tmargin: auto;\n\t\t\t\t}\n\t\t\t\t#gallery-1 .gallery-item {\n\t\t\t\t\tfloat: left;\n\t\t\t\t\tmargin-top: 10px;\n\t\t\t\t\ttext-align: center;\n\t\t\t\t\twidth: 20%;\n\t\t\t\t}\n\t\t\t\t#gallery-1 img {\n\t\t\t\t\tborder: 2px solid #cfcfcf;\n\t\t\t\t}\n\t\t\t\t#gallery-1 .gallery-caption {\n\t\t\t\t\tmargin-left: 0;\n\t\t\t\t}\n\t\t\t\t\/* see gallery_shortcode() in wp-includes\/media.php *\/\n\t\t\t<\/style>\n\t\t<div id='gallery-1' class='dt-gallery-container gallery galleryid-308400 gallery-columns-5 gallery-size-thumbnail'><dl class='gallery-item'>\n\t\t\t\t<dt class='gallery-icon landscape'>\n\t\t\t\t\t<a class=\"rollover rollover-zoom dt-pswp-item\" title=\"18482d10-c308-4c78-9ca0-a5d5719e7a55\" data-dt-img-description=\"\" data-large_image_width=\"1920\" data-large_image_height=\"1080\"href='https:\/\/www.radiopiu.net\/wordpress\/wp-content\/uploads\/2022\/11\/18482d10-c308-4c78-9ca0-a5d5719e7a55.jpg'><img loading=\"lazy\" decoding=\"async\" width=\"150\" height=\"150\" src=\"https:\/\/www.radiopiu.net\/wordpress\/wp-content\/uploads\/2022\/11\/18482d10-c308-4c78-9ca0-a5d5719e7a55-150x150.jpg\" class=\"attachment-thumbnail size-thumbnail\" alt=\"\" \/><\/a>\n\t\t\t\t<\/dt><\/dl><dl class='gallery-item'>\n\t\t\t\t<dt class='gallery-icon landscape'>\n\t\t\t\t\t<a class=\"rollover rollover-zoom dt-pswp-item\" title=\"46f6e4ba-af7f-4fc2-9b36-33798ea3c978\" data-dt-img-description=\"\" data-large_image_width=\"1920\" data-large_image_height=\"1080\"href='https:\/\/www.radiopiu.net\/wordpress\/wp-content\/uploads\/2022\/11\/46f6e4ba-af7f-4fc2-9b36-33798ea3c978.jpg'><img loading=\"lazy\" decoding=\"async\" width=\"150\" height=\"150\" src=\"https:\/\/www.radiopiu.net\/wordpress\/wp-content\/uploads\/2022\/11\/46f6e4ba-af7f-4fc2-9b36-33798ea3c978-150x150.jpg\" class=\"attachment-thumbnail size-thumbnail\" alt=\"\" \/><\/a>\n\t\t\t\t<\/dt><\/dl><dl class='gallery-item'>\n\t\t\t\t<dt class='gallery-icon landscape'>\n\t\t\t\t\t<a class=\"rollover rollover-zoom dt-pswp-item\" title=\"efeac34c-b493-49fe-9844-cab95e6035a2\" data-dt-img-description=\"\" data-large_image_width=\"1920\" data-large_image_height=\"1080\"href='https:\/\/www.radiopiu.net\/wordpress\/wp-content\/uploads\/2022\/11\/efeac34c-b493-49fe-9844-cab95e6035a2.jpg'><img loading=\"lazy\" decoding=\"async\" width=\"150\" height=\"150\" src=\"https:\/\/www.radiopiu.net\/wordpress\/wp-content\/uploads\/2022\/11\/efeac34c-b493-49fe-9844-cab95e6035a2-150x150.jpg\" class=\"attachment-thumbnail size-thumbnail\" alt=\"\" \/><\/a>\n\t\t\t\t<\/dt><\/dl><dl class='gallery-item'>\n\t\t\t\t<dt class='gallery-icon landscape'>\n\t\t\t\t\t<a class=\"rollover rollover-zoom dt-pswp-item\" title=\"9d3037c3-3154-4cb5-b541-31b72524039d\" data-dt-img-description=\"\" data-large_image_width=\"1920\" data-large_image_height=\"1080\"href='https:\/\/www.radiopiu.net\/wordpress\/wp-content\/uploads\/2022\/11\/9d3037c3-3154-4cb5-b541-31b72524039d.jpg'><img loading=\"lazy\" decoding=\"async\" width=\"150\" height=\"150\" src=\"https:\/\/www.radiopiu.net\/wordpress\/wp-content\/uploads\/2022\/11\/9d3037c3-3154-4cb5-b541-31b72524039d-150x150.jpg\" class=\"attachment-thumbnail size-thumbnail\" alt=\"\" \/><\/a>\n\t\t\t\t<\/dt><\/dl><dl class='gallery-item'>\n\t\t\t\t<dt class='gallery-icon landscape'>\n\t\t\t\t\t<a class=\"rollover rollover-zoom dt-pswp-item\" title=\"76be7ea6-de53-4e5d-b1bf-c12c167f8f56\" data-dt-img-description=\"\" data-large_image_width=\"2048\" data-large_image_height=\"1694\"href='https:\/\/www.radiopiu.net\/wordpress\/wp-content\/uploads\/2022\/11\/76be7ea6-de53-4e5d-b1bf-c12c167f8f56.jpg'><img loading=\"lazy\" decoding=\"async\" width=\"150\" height=\"150\" src=\"https:\/\/www.radiopiu.net\/wordpress\/wp-content\/uploads\/2022\/11\/76be7ea6-de53-4e5d-b1bf-c12c167f8f56-150x150.jpg\" class=\"attachment-thumbnail size-thumbnail\" alt=\"\" \/><\/a>\n\t\t\t\t<\/dt><\/dl><br style=\"clear: both\" \/>\n\t\t\t<\/div>\n\n<p>&nbsp;<\/p>\n<hr \/>\n<p>&nbsp;<\/p>\n<blockquote>\n<h3>INAUGURATA UNA SPETTACOLARE 62MA MIG A LONGARONE GRAZIE AI TANTI ESPOSITORI E TANTISSIMI VISITATORI<\/h3>\n<\/blockquote>\n<p><strong><a class=\"dt-pswp-item\" href=\"https:\/\/www.radiopiu.net\/wordpress\/wp-content\/uploads\/2022\/11\/taglio-nastro-ufficiale-della-62a-MIG.jpg\" data-dt-img-description=\"\" data-large_image_width=\"2000\" data-large_image_height=\"1125\"><img loading=\"lazy\" decoding=\"async\" class=\" wp-image-308514 alignleft\" src=\"https:\/\/www.radiopiu.net\/wordpress\/wp-content\/uploads\/2022\/11\/taglio-nastro-ufficiale-della-62a-MIG-300x169.jpg\" alt=\"\" width=\"183\" height=\"103\" srcset=\"https:\/\/www.radiopiu.net\/wordpress\/wp-content\/uploads\/2022\/11\/taglio-nastro-ufficiale-della-62a-MIG-300x169.jpg 300w, https:\/\/www.radiopiu.net\/wordpress\/wp-content\/uploads\/2022\/11\/taglio-nastro-ufficiale-della-62a-MIG-1024x576.jpg 1024w, https:\/\/www.radiopiu.net\/wordpress\/wp-content\/uploads\/2022\/11\/taglio-nastro-ufficiale-della-62a-MIG-768x432.jpg 768w, https:\/\/www.radiopiu.net\/wordpress\/wp-content\/uploads\/2022\/11\/taglio-nastro-ufficiale-della-62a-MIG-1536x864.jpg 1536w, https:\/\/www.radiopiu.net\/wordpress\/wp-content\/uploads\/2022\/11\/taglio-nastro-ufficiale-della-62a-MIG.jpg 2000w\" sizes=\"auto, (max-width: 183px) 100vw, 183px\" \/><\/a>LONGARONE<\/strong> Inizia sotto i migliori auspici la 62\u00b0 edizione del MIG, la Mostra internazionale del gelato a Longarone Fiere Dolomiti. La bella giornata ha fatto accorrere tanti curiosi richiamati anche dai molti personaggi politici e imprenditoriali presenti al taglio del nastro. Un\u2019edizione che si apre con un incoraggiamento da parte del presidente della provincia di Belluno Roberto Padrin ai cittadini della comunit\u00e0 di Casamicciola Terme colpiti da uno smottamento che ha creato pi\u00f9 di qualche allarme. A fare gli onori di casa durante il giro tra gli stand Luca Zaia che, come ogni anno, si \u00e8 divertito a mettersi la giacca da gelatiere e a servire coppe gelato ai visitatori non solo dello stand del Veneto.<\/p>\n<p><strong>IL GOVERNATORE DEL VENETO LUCA ZAIA<\/strong><\/p>\n<div style=\"width: 1200px;\" class=\"wp-video\"><video class=\"wp-video-shortcode\" id=\"video-308400-1\" width=\"1200\" height=\"675\" preload=\"metadata\" controls=\"controls\"><source type=\"video\/mp4\" src=\"https:\/\/www.radiopiu.net\/wordpress\/wp-content\/uploads\/2022\/11\/Luca-Zaia-intervista-grezza.mp4?_=1\" \/><a href=\"https:\/\/www.radiopiu.net\/wordpress\/wp-content\/uploads\/2022\/11\/Luca-Zaia-intervista-grezza.mp4\">https:\/\/www.radiopiu.net\/wordpress\/wp-content\/uploads\/2022\/11\/Luca-Zaia-intervista-grezza.mp4<\/a><\/video><\/div>\n<p>&nbsp;<\/p>\n<p><strong>MICHELE DAL FARRA PRESIDENTE DI LONGARONE FIERE<\/strong><\/p>\n<div style=\"width: 1200px;\" class=\"wp-video\"><video class=\"wp-video-shortcode\" id=\"video-308400-2\" width=\"1200\" height=\"675\" preload=\"metadata\" controls=\"controls\"><source type=\"video\/mp4\" src=\"https:\/\/www.radiopiu.net\/wordpress\/wp-content\/uploads\/2022\/11\/Michele-Dal-Farra-intervista-grezza.mp4?_=2\" \/><a href=\"https:\/\/www.radiopiu.net\/wordpress\/wp-content\/uploads\/2022\/11\/Michele-Dal-Farra-intervista-grezza.mp4\">https:\/\/www.radiopiu.net\/wordpress\/wp-content\/uploads\/2022\/11\/Michele-Dal-Farra-intervista-grezza.mp4<\/a><\/video><\/div>\n<p>&nbsp;<\/p>\n<p><strong>ROBERTO PADRIN, PRESIDENTE DELLA PROVINCIA DI BELLUNO<\/strong><\/p>\n<div style=\"width: 1200px;\" class=\"wp-video\"><video class=\"wp-video-shortcode\" id=\"video-308400-3\" width=\"1200\" height=\"675\" preload=\"metadata\" controls=\"controls\"><source type=\"video\/mp4\" src=\"https:\/\/www.radiopiu.net\/wordpress\/wp-content\/uploads\/2022\/11\/Roberto-padrin-intervista-grezza.mp4?_=3\" \/><a href=\"https:\/\/www.radiopiu.net\/wordpress\/wp-content\/uploads\/2022\/11\/Roberto-padrin-intervista-grezza.mp4\">https:\/\/www.radiopiu.net\/wordpress\/wp-content\/uploads\/2022\/11\/Roberto-padrin-intervista-grezza.mp4<\/a><\/video><\/div>\n<p>&nbsp;<\/p>\n<hr \/>\n<p>&nbsp;<\/p>\n<blockquote>\n<h3>FIAB FELTREINBICI LAMENTA IL POCO RISPETTO PER I CICLISTI IN CENTRO CITTA&#8217;<\/h3>\n<\/blockquote>\n<p><strong><a class=\"dt-pswp-item\" href=\"https:\/\/www.radiopiu.net\/wordpress\/wp-content\/uploads\/2022\/11\/FIAB-FELTRE.png\" data-dt-img-description=\"\" data-large_image_width=\"1080\" data-large_image_height=\"1440\"><img loading=\"lazy\" decoding=\"async\" class=\" wp-image-308544 alignleft\" src=\"https:\/\/www.radiopiu.net\/wordpress\/wp-content\/uploads\/2022\/11\/FIAB-FELTRE-225x300.png\" alt=\"\" width=\"138\" height=\"184\" srcset=\"https:\/\/www.radiopiu.net\/wordpress\/wp-content\/uploads\/2022\/11\/FIAB-FELTRE-225x300.png 225w, https:\/\/www.radiopiu.net\/wordpress\/wp-content\/uploads\/2022\/11\/FIAB-FELTRE-768x1024.png 768w, https:\/\/www.radiopiu.net\/wordpress\/wp-content\/uploads\/2022\/11\/FIAB-FELTRE.png 1080w\" sizes=\"auto, (max-width: 138px) 100vw, 138px\" \/><\/a>FELTRE <\/strong>Riceviamo e pubblichiamo alcune considerazioni da FIAB FeltreInBici riguardo al poco rispetto per i ciclisti in centro citt\u00e0.<\/p>\n<blockquote><p><em>A Feltre i ciclisti continuano a soffrire. Anche quando la strada \u00e8 pensata per tutti gli utenti, loro compresi. La mobilit\u00e0 condivisa, moderazione del traffico, limite 30 orari, corsie ciclabili potrebbero anche essere una risposta sensata , ma per funzionare hanno bisogno di un requisito indispensabile: il rispetto di ciascuno nei confronti degli altri, specie dei pi\u00f9 deboli e meno ingombranti. Quando le corsie ciclabili diventano sistematicamente la doppia fila dei parcheggi, la mobilit\u00e0 condivisa muore. E si trasforma in una amara beffa per chi ogni giorno contribuisce ad alleggerire il traffico della propria citt\u00e0. E\u2019 necessario un serio e continuativo sforzo di polizia locale e di politica culturale dell\u2019amministrazione, perch\u00e9 altrimenti le corsie ciclabili diventano un inutile esercizio di stile.\u00a0<\/em><\/p><\/blockquote>\n<p>&nbsp;<\/p>\n<hr \/>\n<p>&nbsp;<\/p>\n<blockquote>\n<h2>CENA ABVS CENCENIGHE: FINALMENTE!<\/h2>\n<\/blockquote>\n<p><strong>CENCENIGHE<\/strong> Si finalmente \u00e8 il modo giusto per iniziare a descrivere la bellissima serata di sabato 26 novembre presso il Ristorante dell\u2019Hotel Cristal a Falcade dove si \u00e8 tenuta la consueta cena annuale della Sez. di Cencenighe Ag. dell\u2019associazione bellunese volontari del sangue. Sono stati necessari\u00a0 2 anni\u00a0 ai donatori per potersi ritrovare e stare insieme\u00a0<em> &#8220;Ma ne \u00e8 valsa la pena &#8211; dice Mauro Groppa-\u00a0 da quando sono segretario non mi era mai successo di poter premiare 25 Donatori, 7 Diplomi al merito trasfusionale, 6 medaglie di Bronzo, 5 Medaglie d\u2019Argento e ben 7 medaglie d\u2019Oro, una serata da incorniciare! Sfortunatamente non tutti sono potuti intervenire ma sono soddisfatto della partecipazione&#8221;. <\/em>Il Segretario prima della premiazione ha illustrato\u00a0 la situazione della Sezione:\u00a0 78 soci attivi oggi iscritti, suddivisi nelle seguenti fasce di et\u00e0: dai 18 ai 25 anni 6, dai 26 ai 35 \u2013 14, dai 36 ai 45 \u2013 12, dai 46 ai 55 \u2013 34 e oltre i 55 \u2013 12 femmine e maschi compresi. Andamento delle donazioni: 86 presenze al 30 settembre in linea con le richieste della ULSS 1 concordato con la Provinciale della ABVS che grazie all\u2019ufficio di chiamata contatta i soci donatori; a risposta \u00e8 sempre molto positiv<em>a\u00a0 &#8220;Non posso che ringraziarli &#8211; continua Groppa &#8211;\u00a0 la sezione nel 2021 ha effettuato 102 donazioni avuto 3 nuovi donatori mentre nel 2022 siamo gi\u00e0 a 5 ma si fatica a rimpiazzare i soci che per svariati motivi ci devono lasciare. Speriamo sempre che qualcuno maturi la consapevolezza che donare il sangue \u00e8 una cosa meravigliosa che pu\u00f2 aiutare altre persone e che si aggiunga alla nostra associazione&#8221;. <\/em>Durante\u00a0 la serata sono stati premiati i soci benemeriti, ben sette le medaglie d\u2019oro ovvero 50 donazioni per gli uomini e 25 per le donne: Ivan Baiolla, Damiano Casaril la pi\u00f9 giovane medaglia d\u2019oro della sezione, Candida Fontanive, Marco Fontanive, Alessandra Manfroi, Loris\u00a0 Soppelsa e Manuela Soppels<em>a &#8220;Un sentito grazie della partecipazione e un arrivederci a presto per le prossime manifestazioni della Sezione di Cencenighe Agordino&#8221;. <\/em><\/p>\n<blockquote>\n<h2><strong>le foto delle 4 medaglie d\u2019oro presenti\u00a0<\/strong><\/h2>\n<\/blockquote>\n\n\t\t\t<style type='text\/css'>\n\t\t\t\t#gallery-2 {\n\t\t\t\t\tmargin: auto;\n\t\t\t\t}\n\t\t\t\t#gallery-2 .gallery-item {\n\t\t\t\t\tfloat: left;\n\t\t\t\t\tmargin-top: 10px;\n\t\t\t\t\ttext-align: center;\n\t\t\t\t\twidth: 50%;\n\t\t\t\t}\n\t\t\t\t#gallery-2 img {\n\t\t\t\t\tborder: 2px solid #cfcfcf;\n\t\t\t\t}\n\t\t\t\t#gallery-2 .gallery-caption {\n\t\t\t\t\tmargin-left: 0;\n\t\t\t\t}\n\t\t\t\t\/* see gallery_shortcode() in wp-includes\/media.php *\/\n\t\t\t<\/style>\n\t\t<div id='gallery-2' class='dt-gallery-container gallery galleryid-308400 gallery-columns-2 gallery-size-thumbnail'><dl class='gallery-item'>\n\t\t\t\t<dt class='gallery-icon landscape'>\n\t\t\t\t\t<a class=\"rollover rollover-zoom dt-pswp-item\" title=\"\" data-dt-img-description=\"\" data-large_image_width=\"1900\" data-large_image_height=\"1516\"href='https:\/\/www.radiopiu.net\/wordpress\/wp-content\/uploads\/2022\/11\/Soppelsa.jpg'><img loading=\"lazy\" decoding=\"async\" width=\"150\" height=\"150\" src=\"https:\/\/www.radiopiu.net\/wordpress\/wp-content\/uploads\/2022\/11\/Soppelsa-150x150.jpg\" class=\"attachment-thumbnail size-thumbnail\" alt=\"\" aria-describedby=\"gallery-2-308588\" \/><\/a>\n\t\t\t\t<\/dt>\n\t\t\t\t\t<dd class='wp-caption-text gallery-caption' id='gallery-2-308588'>\n\t\t\t\t\tSoppelsa\n\t\t\t\t\t<\/dd><\/dl><dl class='gallery-item'>\n\t\t\t\t<dt class='gallery-icon landscape'>\n\t\t\t\t\t<a class=\"rollover rollover-zoom dt-pswp-item\" title=\"\" data-dt-img-description=\"\" data-large_image_width=\"1716\" data-large_image_height=\"1290\"href='https:\/\/www.radiopiu.net\/wordpress\/wp-content\/uploads\/2022\/11\/Baiolla.jpg'><img loading=\"lazy\" decoding=\"async\" width=\"150\" height=\"150\" src=\"https:\/\/www.radiopiu.net\/wordpress\/wp-content\/uploads\/2022\/11\/Baiolla-150x150.jpg\" class=\"attachment-thumbnail size-thumbnail\" alt=\"\" aria-describedby=\"gallery-2-308587\" \/><\/a>\n\t\t\t\t<\/dt>\n\t\t\t\t\t<dd class='wp-caption-text gallery-caption' id='gallery-2-308587'>\n\t\t\t\t\tBaiolla\n\t\t\t\t\t<\/dd><\/dl><br style=\"clear: both\" \/><dl class='gallery-item'>\n\t\t\t\t<dt class='gallery-icon landscape'>\n\t\t\t\t\t<a class=\"rollover rollover-zoom dt-pswp-item\" title=\"\" data-dt-img-description=\"\" data-large_image_width=\"2312\" data-large_image_height=\"1796\"href='https:\/\/www.radiopiu.net\/wordpress\/wp-content\/uploads\/2022\/11\/Casaril.jpg'><img loading=\"lazy\" decoding=\"async\" width=\"150\" height=\"150\" src=\"https:\/\/www.radiopiu.net\/wordpress\/wp-content\/uploads\/2022\/11\/Casaril-150x150.jpg\" class=\"attachment-thumbnail size-thumbnail\" alt=\"\" aria-describedby=\"gallery-2-308586\" \/><\/a>\n\t\t\t\t<\/dt>\n\t\t\t\t\t<dd class='wp-caption-text gallery-caption' id='gallery-2-308586'>\n\t\t\t\t\tCasaril\n\t\t\t\t\t<\/dd><\/dl><dl class='gallery-item'>\n\t\t\t\t<dt class='gallery-icon landscape'>\n\t\t\t\t\t<a class=\"rollover rollover-zoom dt-pswp-item\" title=\"Fontanive\" data-dt-img-description=\"\" data-large_image_width=\"1188\" data-large_image_height=\"1134\"href='https:\/\/www.radiopiu.net\/wordpress\/wp-content\/uploads\/2022\/11\/Fontanive.jpg'><img loading=\"lazy\" decoding=\"async\" width=\"150\" height=\"150\" src=\"https:\/\/www.radiopiu.net\/wordpress\/wp-content\/uploads\/2022\/11\/Fontanive-150x150.jpg\" class=\"attachment-thumbnail size-thumbnail\" alt=\"\" aria-describedby=\"gallery-2-308589\" \/><\/a>\n\t\t\t\t<\/dt>\n\t\t\t\t\t<dd class='wp-caption-text gallery-caption' id='gallery-2-308589'>\n\t\t\t\t\tFontanive\n\t\t\t\t\t<\/dd><\/dl><br style=\"clear: both\" \/>\n\t\t\t<\/div>\n\n<p>&nbsp;<\/p>\n<hr \/>\n<p>&nbsp;<\/p>\n<blockquote>\n<h2>TAIBON-INTERREG, DOMANI L&#8217;INCONTRO DEI PARTNER<\/h2>\n<\/blockquote>\n<p><img loading=\"lazy\" decoding=\"async\" class=\"alignleft\" src=\"https:\/\/www.radiopiu.net\/wordpress\/wp-content\/uploads\/2022\/11\/Senza-nome-110.jpg\" width=\"271\" height=\"134\" \/><strong>TAIBON<\/strong> Ed ora si tirano le somme, traguardo in vista per il progetto Interreg che ha portato alla tabellazione dei tracciati nel Comune ai piedi del monte Agner. Domani mattina alle 11 l&#8217;incontro in Municipio con l&#8217;amministrazione comunale e il GAL Alto Bellunese.\u00a0 Saranno presentati i lavori e successivamente gli addetti ai lavori si trasferiranno <span id=\"page4R_mcid4\" class=\"markedContent\"><span dir=\"ltr\" role=\"presentation\">al punto di partenza dei percorsi\u00a0 per la\u00a0 <\/span><\/span><span id=\"page4R_mcid5\" class=\"markedContent\"><span dir=\"ltr\" role=\"presentation\">passeggiata panoramica. Ad Agordo, presso l&#8217;istituto minerario, visita ai <\/span><\/span><span id=\"page4R_mcid8\" class=\"markedContent\"><span dir=\"ltr\" role=\"presentation\">\u00a0\u201ccento passi nella geologia\u201d.\u00a0<\/span><\/span><\/p>\n<p>&nbsp;<\/p>\n<hr \/>\n<p>&nbsp;<\/p>\n<p><strong>DI TIZIANO DE COL\u00a0<\/strong><\/p>\n\n\t\t\t<style type='text\/css'>\n\t\t\t\t#gallery-3 {\n\t\t\t\t\tmargin: auto;\n\t\t\t\t}\n\t\t\t\t#gallery-3 .gallery-item {\n\t\t\t\t\tfloat: left;\n\t\t\t\t\tmargin-top: 10px;\n\t\t\t\t\ttext-align: center;\n\t\t\t\t\twidth: 33%;\n\t\t\t\t}\n\t\t\t\t#gallery-3 img {\n\t\t\t\t\tborder: 2px solid #cfcfcf;\n\t\t\t\t}\n\t\t\t\t#gallery-3 .gallery-caption {\n\t\t\t\t\tmargin-left: 0;\n\t\t\t\t}\n\t\t\t\t\/* see gallery_shortcode() in wp-includes\/media.php *\/\n\t\t\t<\/style>\n\t\t<div id='gallery-3' class='dt-gallery-container gallery galleryid-308400 gallery-columns-3 gallery-size-medium'><dl class='gallery-item'>\n\t\t\t\t<dt class='gallery-icon landscape'>\n\t\t\t\t\t<a class=\"rollover rollover-zoom dt-pswp-item\" title=\"501671bb-0809-4eed-94c9-5af8cbf54832\" data-dt-img-description=\"\" data-large_image_width=\"592\" data-large_image_height=\"361\"href='https:\/\/www.radiopiu.net\/wordpress\/wp-content\/uploads\/2022\/11\/501671bb-0809-4eed-94c9-5af8cbf54832.jpg'><img loading=\"lazy\" decoding=\"async\" width=\"300\" height=\"183\" src=\"https:\/\/www.radiopiu.net\/wordpress\/wp-content\/uploads\/2022\/11\/501671bb-0809-4eed-94c9-5af8cbf54832-300x183.jpg\" class=\"attachment-medium size-medium\" alt=\"\" srcset=\"https:\/\/www.radiopiu.net\/wordpress\/wp-content\/uploads\/2022\/11\/501671bb-0809-4eed-94c9-5af8cbf54832-300x183.jpg 300w, https:\/\/www.radiopiu.net\/wordpress\/wp-content\/uploads\/2022\/11\/501671bb-0809-4eed-94c9-5af8cbf54832.jpg 592w\" sizes=\"auto, (max-width: 300px) 100vw, 300px\" \/><\/a>\n\t\t\t\t<\/dt><\/dl><dl class='gallery-item'>\n\t\t\t\t<dt class='gallery-icon landscape'>\n\t\t\t\t\t<a class=\"rollover rollover-zoom dt-pswp-item\" title=\"e0c3982f-1ef6-4f26-81e4-66e024b868d7\" data-dt-img-description=\"\" data-large_image_width=\"620\" data-large_image_height=\"350\"href='https:\/\/www.radiopiu.net\/wordpress\/wp-content\/uploads\/2022\/11\/e0c3982f-1ef6-4f26-81e4-66e024b868d7.jpg'><img loading=\"lazy\" decoding=\"async\" width=\"300\" height=\"169\" src=\"https:\/\/www.radiopiu.net\/wordpress\/wp-content\/uploads\/2022\/11\/e0c3982f-1ef6-4f26-81e4-66e024b868d7-300x169.jpg\" class=\"attachment-medium size-medium\" alt=\"\" srcset=\"https:\/\/www.radiopiu.net\/wordpress\/wp-content\/uploads\/2022\/11\/e0c3982f-1ef6-4f26-81e4-66e024b868d7-300x169.jpg 300w, https:\/\/www.radiopiu.net\/wordpress\/wp-content\/uploads\/2022\/11\/e0c3982f-1ef6-4f26-81e4-66e024b868d7.jpg 620w\" sizes=\"auto, (max-width: 300px) 100vw, 300px\" \/><\/a>\n\t\t\t\t<\/dt><\/dl><dl class='gallery-item'>\n\t\t\t\t<dt class='gallery-icon landscape'>\n\t\t\t\t\t<a class=\"rollover rollover-zoom dt-pswp-item\" title=\"c0879bb5-1ef1-49d9-81b6-e070c06ced41\" data-dt-img-description=\"\" data-large_image_width=\"594\" data-large_image_height=\"363\"href='https:\/\/www.radiopiu.net\/wordpress\/wp-content\/uploads\/2022\/11\/c0879bb5-1ef1-49d9-81b6-e070c06ced41.jpg'><img loading=\"lazy\" decoding=\"async\" width=\"300\" height=\"183\" src=\"https:\/\/www.radiopiu.net\/wordpress\/wp-content\/uploads\/2022\/11\/c0879bb5-1ef1-49d9-81b6-e070c06ced41-300x183.jpg\" class=\"attachment-medium size-medium\" alt=\"\" srcset=\"https:\/\/www.radiopiu.net\/wordpress\/wp-content\/uploads\/2022\/11\/c0879bb5-1ef1-49d9-81b6-e070c06ced41-300x183.jpg 300w, https:\/\/www.radiopiu.net\/wordpress\/wp-content\/uploads\/2022\/11\/c0879bb5-1ef1-49d9-81b6-e070c06ced41.jpg 594w\" sizes=\"auto, (max-width: 300px) 100vw, 300px\" \/><\/a>\n\t\t\t\t<\/dt><\/dl><br style=\"clear: both\" \/>\n\t\t\t<\/div>\n\n<p>&nbsp;<\/p>\n<blockquote class=\"wp-embedded-content\" data-secret=\"QTYxQE6CNZ\"><p><a href=\"https:\/\/www.radiopiu.net\/wordpress\/aziendazeronovembre27\/\">IN 24 ORE QUASI 3500 NUOVI POSITIVI E 7 DECESSI. IN AUMENTO I RICOVERI<\/a><\/p><\/blockquote>\n<p><iframe loading=\"lazy\" class=\"wp-embedded-content\" sandbox=\"allow-scripts\" security=\"restricted\" style=\"position: absolute; clip: rect(1px, 1px, 1px, 1px);\" title=\"&#8220;IN 24 ORE QUASI 3500 NUOVI POSITIVI E 7 DECESSI. IN AUMENTO I RICOVERI&#8221; &#8212; Radio Pi\u00f9\" src=\"https:\/\/www.radiopiu.net\/wordpress\/aziendazeronovembre27\/embed\/#?secret=quwrKnvG3z#?secret=QTYxQE6CNZ\" data-secret=\"QTYxQE6CNZ\" width=\"600\" height=\"338\" frameborder=\"0\" marginwidth=\"0\" marginheight=\"0\" scrolling=\"no\"><\/iframe><\/p>\n<p>&nbsp;<\/p>\n<hr \/>\n<p>&nbsp;<\/p>\n<blockquote>\n<h3>IN ARRIVO UNA NUOVA GAMMA CAMERA CON TAC A BELLUNO<\/h3>\n<\/blockquote>\n<p><strong><a class=\"dt-pswp-item\" href=\"https:\/\/www.radiopiu.net\/wordpress\/wp-content\/uploads\/2021\/03\/ULSS-1.jpg\" data-dt-img-description=\"\" data-large_image_width=\"776\" data-large_image_height=\"408\"><img loading=\"lazy\" decoding=\"async\" class=\" wp-image-198838 alignleft\" src=\"https:\/\/www.radiopiu.net\/wordpress\/wp-content\/uploads\/2021\/03\/ULSS-1-300x158.jpg\" alt=\"\" width=\"154\" height=\"81\" srcset=\"https:\/\/www.radiopiu.net\/wordpress\/wp-content\/uploads\/2021\/03\/ULSS-1-300x158.jpg 300w, https:\/\/www.radiopiu.net\/wordpress\/wp-content\/uploads\/2021\/03\/ULSS-1-768x404.jpg 768w, https:\/\/www.radiopiu.net\/wordpress\/wp-content\/uploads\/2021\/03\/ULSS-1.jpg 776w\" sizes=\"auto, (max-width: 154px) 100vw, 154px\" \/><\/a>BELLUNO <\/strong>In vista dell\u2019acquisizione di una nuova Gamma camera con Tac per la medicina nucleare del San Martino di Belluno l\u2019Azienda ha affidato l\u2019incarico di progettazione, direzione lavori e coordinamento per la sicurezza dei lavori, per la ristrutturazione dei locali che dovranno accogliere la nuova attrezzatura.\u00a0 La\u00a0<em>gamma camera<\/em> \u00e8 l&#8217;apparecchiatura utilizzata in medicina nucleare per l&#8217;acquisizione delle immagini scintigrafiche ed \u00e8 gi\u00e0 stato avviato l\u2019iter per l\u2019acquisizione della nuova tecnologia , finanziata con fondi PNRR. L\u2019incarico di progettazione della ristrutturazione dei locali della medicina nucleare del San Martino \u00e8 stato affidato allo studio EXEGIT S.R.L., per un compenso professionale netto di \u20ac 22 mila euro. Continuano infatti gli investimenti in tecnologia per rinnovare costantemente le attrezzature e dare standard di qualit\u00e0 allo stato dell\u2019arte agli assistiti dell\u2019ulss Dolomiti.<\/p>\n<p>&nbsp;<\/p>\n<p>&nbsp;<\/p>\n<hr \/>\n<p>&nbsp;<\/p>\n<blockquote>\n<h3>CENTRALE OPERATIVA TERRITORIALE: AGGIUDICATI I LAVORI DI REALIZZAZIONE<\/h3>\n<\/blockquote>\n<p><strong>BELLUNO <\/strong>I lavori di ristrutturazione per la riqualificazione della Centrale Operativa Territoriale di Belluno sono stati affidati alla ditta Edil Costruzioni S.r.L. di Sedico quale capogruppo dell\u2019ATI con F.Ind. Solutions S.r.L. di Belluno, per l\u2019importo netto contrattuale di\u00a0 211.874 euro. La Centrale Operativa Territoriale sar\u00e0 realizzata al secondo piano dell\u2019ala ovest del Blocco B (San Gervasio) dell\u2019Ospedale San Martino di Belluno, grazie a un finanziamento del PNRR. Il progetto prevede una serie di interventi di ristrutturazione e manutenzione per consentire un utilizzo idoneo dei locali adibiti a uffici, sala riunioni e servizi da parte del personale. In particolare, verranno realizzati interventi di ristrutturazione di natura edile, di adeguamento degli impianti e di sostituzione dei serramenti. Tale riqualificazione consentir\u00e0 di rendere gli ambienti funzionali e accoglienti.<\/p>\n<p>&nbsp;<\/p>\n<p>&nbsp;<\/p>\n<hr \/>\n<p>&nbsp;<\/p>\n<blockquote>\n<h3>APERTO IL BANDO PER LA REALIZZAZIONE DELLA CASA DELLA COMUNIT\u00c0 DI PIEVE DI CADORE<\/h3>\n<\/blockquote>\n<p><strong><a class=\"dt-pswp-item\" href=\"https:\/\/www.radiopiu.net\/wordpress\/wp-content\/uploads\/2020\/06\/OSPEDALE-PIEVE.jpg\" data-dt-img-description=\"\" data-large_image_width=\"512\" data-large_image_height=\"384\"><img loading=\"lazy\" decoding=\"async\" class=\" wp-image-142729 alignleft\" src=\"https:\/\/www.radiopiu.net\/wordpress\/wp-content\/uploads\/2020\/06\/OSPEDALE-PIEVE-300x225.jpg\" alt=\"\" width=\"167\" height=\"125\" srcset=\"https:\/\/www.radiopiu.net\/wordpress\/wp-content\/uploads\/2020\/06\/OSPEDALE-PIEVE-300x225.jpg 300w, https:\/\/www.radiopiu.net\/wordpress\/wp-content\/uploads\/2020\/06\/OSPEDALE-PIEVE.jpg 512w\" sizes=\"auto, (max-width: 167px) 100vw, 167px\" \/><\/a>BELLUNO <\/strong>Procede spedito l\u2019iter per la realizzazione dei lavori della Casa della comunit\u00e0 di Pieve di Cadore. E\u2019 stato, infatti, approvato il progetto esecutivo dei lavori: un intervento dall\u2019ammontare complessivo di 1.750.000 euro, finanziato per 1.500.000 euro con fondi PNRR e 250.000 euro con fondi FSR ed \u00e8 stata indetta la procedura aperta per l\u2019affidamento dei lavori. Il bando e il disciplinare di gara saranno ora pubblicati sul sito ulss, sul sito del Ministero delle Infrastrutture\u00a0 e in Gazzetta Ufficiale. E\u2019 gi\u00e0 stato costituito, inoltre, l\u2019Ufficio di Direzione Lavori cos\u00ec composto: Ing. Ezio Andreatta direttore dei lavori; Arch. Antonio Pollazzon\u00a0 coordinatore per la sicurezza in fase di esecuzione, Ing. Antonio Tenani direttore operativo \u2013 strutturista,; Arch. Mauro Stiz direttore operativo \u2013 edile, Ing. Albano Reolon direttore operativo \u2013 impiantista (IA.01, IA.02), p.i. Giuseppe Bortot direttore operativo \u2013 impiantista (IA.04). Il progetto prevede la ristrutturazione dei locali dell\u2019 ex Policonsultorio a Tai di Cadore, con la realizzazione di un nuovo layout dei locali e di nuove opere di finiture interne. Si prevede una riorganizzazione distributiva degli spazi e delle funzioni. Al piano terra \u00e8 programmata la collocazione degli ambulatori di continuit\u00e0 assistenziale e \u00a0il servizio ADI. Al primo piano sono collocati i servizi diagnostici, l\u2019ambulatorio cure primarie, l\u2019UVDM, il locale per l\u2019infermiere di famiglia, le aree di attesa e di servizio. Al piano secondo sono collocati i locali per il consultorio, per l\u2019assistente sociale, per le vaccinazioni, per il medico di igiene pubblica, per il coordinatore e le aree di attesa e di servizio. Al terzo piano trovano spazio gli spogliatoi del personale e il locale per l\u2019area direzionale. Nel progetto \u00e8 stata prestata particolare attenzione non solo alla funzionalit\u00e0 degli spazi, ma anche all\u2019umanizzazione degli ambienti, nella scelta di colori e finiture, per renderli accoglienti e ospitali, al fine di poter offrire un\u2019atmosfera rassicurante e confortevole cos\u00ec come un\u2019atmosfera abitativa e lavorativa di qualit\u00e0.<\/p>\n<p>&nbsp;<\/p>\n<p>&nbsp;<\/p>\n<hr \/>\n<p>&nbsp;<\/p>\n<blockquote>\n<h3>CARABINIERI CORTINA: PRENDE IL VIA IL PROGETTO \u201cSULLA BUONA STRADA\u201d<\/h3>\n<\/blockquote>\n<p><strong><a class=\"dt-pswp-item\" href=\"https:\/\/www.radiopiu.net\/wordpress\/wp-content\/uploads\/2022\/11\/i-carabinieri-di-cortina-a-scuola.png\" data-dt-img-description=\"\" data-large_image_width=\"1025\" data-large_image_height=\"695\"><img loading=\"lazy\" decoding=\"async\" class=\" wp-image-308407 alignleft\" src=\"https:\/\/www.radiopiu.net\/wordpress\/wp-content\/uploads\/2022\/11\/i-carabinieri-di-cortina-a-scuola-300x203.png\" alt=\"\" width=\"204\" height=\"138\" srcset=\"https:\/\/www.radiopiu.net\/wordpress\/wp-content\/uploads\/2022\/11\/i-carabinieri-di-cortina-a-scuola-300x203.png 300w, https:\/\/www.radiopiu.net\/wordpress\/wp-content\/uploads\/2022\/11\/i-carabinieri-di-cortina-a-scuola-768x521.png 768w, https:\/\/www.radiopiu.net\/wordpress\/wp-content\/uploads\/2022\/11\/i-carabinieri-di-cortina-a-scuola.png 1025w\" sizes=\"auto, (max-width: 204px) 100vw, 204px\" \/><\/a>BELLUNO <\/strong>A partire dalla giornata mondiale delle vittime della strada, che ricorre il 20 novembre di ogni anno, i Carabinieri di Cortina d\u2019Ampezzo insieme all\u2019Istituto Omnicomprensivo Valboite hanno dato avvio al progetto educativo \u201csulla buona strada\u201d. Si tratta di un programma che mira a creare negli alunni una maggiore consapevolezza degli effetti negativi, a volte irreparabili, derivanti dalla distrazione alla guida di un\u2019autovettura o dall\u2019uso di sostanze alcoliche o stupefacenti. Il ciclo di incontri, articolato in quattro giornate, ha visto partecipare oltre 250 allievi dell\u2019Istituto di Cortina d\u2019Ampezzo e di San Vito di Cadore. Gli studenti, accompagnati dai loro insegnanti, hanno ascoltato con grande attenzione le parole dei Carabinieri che quotidianamente affrontano il tema della sicurezza stradale. \u201c<em>L\u2019obiettivo di questo progetto\u201d ha detto il Capitano Alessandro Bui, Comandante della Compagnia dei Carabinieri di Cortina &#8211; \u00e8 quello di costruire nei giovani utenti della strada una crescente coscienza critica che li aiuti a rispettare le norme di comportamento, contenute nel Codice della Strada, ma soprattutto a comprenderne il reale valore e fare le scelte pi\u00f9 giuste per la loro e altrui sicurezza<\/em>\u201d. L\u2019iniziativa, nata dalla sinergia tra i Carabinieri di Cortina d\u2019Ampezzo ed i Dirigenti Scolastici, il Professore Lamon e la Professoressa Pompanin, ha trovato l\u2019entusiasmo da parte di tutto il corpo docente e dei genitori, nella consapevolezza che solo attraverso la divulgazione di informazioni sulla sicurezza stradale si possono prevenire incidenti che troppo spesso accadono sulle nostre strade. Si tratta di una iniziativa che si inquadra nel pi\u00f9 ampio progetto di educazione ala legalit\u00e0 che ogni anno coinvolge i Carabinieri e tutte le scuole della provincia, per discutere temi di grande attualit\u00e0 e avviare un dialogo formativo tra i giovanissimi e le Istituzioni.<\/p>\n<p>&nbsp;<\/p>\n<p>&nbsp;<\/p>\n<hr \/>\n<p>&nbsp;<\/p>\n<blockquote>\n<h3 class=\"entry-title\">DALL\u2019AUTUNNO 2022 ALLA PRIMAVERA 2023 INTENSA ATTIVITA\u2019 DELLA SEZIONE ALPINI DI BELLUNO<\/h3>\n<\/blockquote>\n<p><strong class=\"photoswipe-wrapper\"><a class=\"dt-pswp-item pspw-wrap-ready\" href=\"https:\/\/www.radiopiu.net\/wordpress\/wp-content\/uploads\/2022\/05\/alpini-647542_960_720.jpg\" data-dt-img-description=\"\" data-large_image_width=\"960\" data-large_image_height=\"640\"><img loading=\"lazy\" decoding=\"async\" class=\" wp-image-275532 alignleft\" src=\"https:\/\/www.radiopiu.net\/wordpress\/wp-content\/uploads\/2022\/05\/alpini-647542_960_720-300x200.jpg\" sizes=\"auto, (max-width: 212px) 100vw, 212px\" srcset=\"https:\/\/www.radiopiu.net\/wordpress\/wp-content\/uploads\/2022\/05\/alpini-647542_960_720-300x200.jpg 300w, https:\/\/www.radiopiu.net\/wordpress\/wp-content\/uploads\/2022\/05\/alpini-647542_960_720-768x512.jpg 768w, https:\/\/www.radiopiu.net\/wordpress\/wp-content\/uploads\/2022\/05\/alpini-647542_960_720.jpg 960w\" alt=\"\" width=\"212\" height=\"141\" \/><\/a>di Dino Bridda<\/strong><\/p>\n<p>Autunno ricco di impegni e appuntamenti per la Sezione Alpini di Belluno. Nella sede di via Tissi 10 in citt\u00e0 da fine ottobre in poi si sono succeduti gli ordini di partecipazione, emanati dal presidente Lino De Pra al fine di assicurare la presenza di una delegazione ufficiale della Sezione alle varie cerimonie programmate sul territorio provinciale ed anche in terra straniera. Il 30 ottobre si \u00e8 tenuta l\u2019annuale cerimonia in onore dei caduti al Sacrario di Salesei, organizzata in collaborazione con il Gruppo \u201cCol di Lana\u201d di Livinallongo del Col di Lana capeggiato da Luca Deltedesco. Dopo l\u2019ammassamento \u00e8 stata deposta una corona d\u2019alloro e sono stati resi gli onori ai caduti. Successivamente \u00e8 stata celebrata la S. Messa del cappellano militare don Lorenzo Cottali. Nel terzo fine settimana di novembre una delegazione ufficiale di alpini delle Sezioni di Belluno e Conegliano, oltre ad alcune penne nere di Vittorio Veneto, Treviso e Valdobbiadene, si \u00e8 recata nella Repubblica Ceca per la tradizionale trasferta di autunno dedicata a rendere omaggio ai militari italiani sepolti nel cimitero di Milovice nei pressi di Praga. La manifestazione era organizzata in collaborazione con l\u2019Ambasciata italiana e le autorit\u00e0 locali civili e militari. I momenti pi\u00f9 salienti ed emozionanti sono stati sottolineati dai canti del Coro Minimo Bellunese diretto da Gianluca Nicolai. Il 23 novembre una rappresentanza ufficiale con vessillo della Sezione ha presenziato, nella chiesa parrocchiale di Cavarzano, alle esequie del generale Domenico Innecco, dapprima Capo di Stato maggiore e poi comandante della disciolta Brigata Alpina Cadore negli anni 80. Nel quarto fine settimana del mese di novembre penne nere di vari Gruppi della Sezione bellunese hanno prestato servizio in diversi supermercati del territorio per la Giornata della colletta alimentare, un appuntamento ormai diventato di tradizione nell\u2019ambito delle azioni di volontariato che vedono sempre gli alpini in prima linea. Le attivit\u00e0 autunnali della Sezione si concluderanno sabato 17 dicembre con l\u2019annuale S. Messa di Natale che sar\u00e0 celebrata nella Basilica Cattedrale di S. Martino in Belluno. Nel frattempo sono ormai attive da alcune settimane le commissioni sezionali per i grandi eventi e del Centro Studi con l\u2019obiettivo di costruire la complessa e impegnativa macchina organizzativa del Raduno Triveneto degli Alpini che si terr\u00e0 a Belluno nei giorni 16, 17 e 18 giugno. \u00ab<em>L\u2019inverno e la prossima primavera \u2013 sottolinea il presidente De Pra \u2013 non saranno meno ricchi di appuntamenti di questo gi\u00e0 intenso autunno. Tra gli altri avvenimenti, infatti, sabato 28 gennaio ricorderemo l\u201980\u00b0 anniversario della battaglia di Nikolajewka, domenica 5 marzo celebreremo l\u2019annuale assemblea dei delegati e nelle giornate dall\u201911 al 14 maggio saremo presenti alla 94\u00aa\u00a0 Adunata nazionale degli Alpini che si svolger\u00e0 a Udine. Per le nostre squadre agonistiche, infine, segnalo la presenza di atleti alpini bellunesi ai seguenti campionati: slalom gigante a Zoncolan-Ravascletto-Sutrio (UD, 14 e 15 gennaio); sci di fondo a Vinadio (CN, 4e 5 febbraio); sci alpinismo a Pinerolo (TO, 4 e 5 marzo); marcia di regolarit\u00e0 a Masar\u00e8 (TV, 3 e 4 giugno)<\/em>\u00bb.<\/p>\n<p>&nbsp;<\/p>\n<p>&nbsp;<\/p>\n<hr \/>\n<p>&nbsp;<\/p>\n<blockquote>\n<h3>LA FIERA DI SANT&#8217;ANDREA A CENCENIGHE. IL GIRO TRA GLI STAND DEL NOF FILO&#8217;<\/h3>\n<\/blockquote>\n<p><strong>CENCENIGHE<\/strong> Giornate di festa a Cencenighe con il ritorno della Fiera di Sant&#8217;Andrea. Iniziata sabato la due giorni di festa in centro paese con gli stand al Nof Fil\u00f2 e sul piazzale davanti al municipio le sculture in legno e i giri in pony e cavalli per bambini e ragazzi.\u00a0 Perfetta come sempre l&#8217;organizzazione della locale Pro loco con il patrocinio del Comune di Cencenighe. All&#8217;interno del Nof Filo&#8217; il mercatino dell&#8217;artigianato e dei prodotti locali, immancabile il chiosco degli alpini con castagne e vino. L&#8217;Acto Triveneta era presente con un proprio stand e con l&#8217;organizzazione del convegno in sala del Municipio, l&#8217;associazione si occupa delle donne operate di tumori ovarici e ginecologici a relazionare sul tema la\u00a0 presidente Petra De Zanet e la dottoressa Laura Favretti direttore dell&#8217;Uoc Ginecologia Ostetricia dell&#8217;Ulss di Feltre. L&#8217;iniziativa per informare e sensibilizzare anche sull&#8217;assistenza alle donne che hanno dovuto sottoporsi a cure o interventi : Apprezzata la commedia teatrale dialettale che aveva come titolo Bestiam Traeg\u00e0 ovvero storie dell&#8217;antica Fiera di Sant&#8217;Andrea.<\/p>\n\n\t\t\t<style type='text\/css'>\n\t\t\t\t#gallery-4 {\n\t\t\t\t\tmargin: auto;\n\t\t\t\t}\n\t\t\t\t#gallery-4 .gallery-item {\n\t\t\t\t\tfloat: left;\n\t\t\t\t\tmargin-top: 10px;\n\t\t\t\t\ttext-align: center;\n\t\t\t\t\twidth: 33%;\n\t\t\t\t}\n\t\t\t\t#gallery-4 img {\n\t\t\t\t\tborder: 2px solid #cfcfcf;\n\t\t\t\t}\n\t\t\t\t#gallery-4 .gallery-caption {\n\t\t\t\t\tmargin-left: 0;\n\t\t\t\t}\n\t\t\t\t\/* see gallery_shortcode() in wp-includes\/media.php *\/\n\t\t\t<\/style>\n\t\t<div id='gallery-4' class='dt-gallery-container gallery galleryid-308400 gallery-columns-3 gallery-size-thumbnail'><dl class='gallery-item'>\n\t\t\t\t<dt class='gallery-icon landscape'>\n\t\t\t\t\t<a class=\"rollover rollover-zoom dt-pswp-item\" title=\"2af77bd8-8aef-465d-afbd-010f4b296632\" data-dt-img-description=\"\" data-large_image_width=\"1920\" data-large_image_height=\"1080\"href='https:\/\/www.radiopiu.net\/wordpress\/wp-content\/uploads\/2022\/11\/2af77bd8-8aef-465d-afbd-010f4b296632.jpg'><img loading=\"lazy\" decoding=\"async\" width=\"150\" height=\"150\" src=\"https:\/\/www.radiopiu.net\/wordpress\/wp-content\/uploads\/2022\/11\/2af77bd8-8aef-465d-afbd-010f4b296632-150x150.jpg\" class=\"attachment-thumbnail size-thumbnail\" alt=\"\" \/><\/a>\n\t\t\t\t<\/dt><\/dl><dl class='gallery-item'>\n\t\t\t\t<dt class='gallery-icon landscape'>\n\t\t\t\t\t<a class=\"rollover rollover-zoom dt-pswp-item\" title=\"16687f57-e09a-44ab-ad98-b8a8d95979e0\" data-dt-img-description=\"\" data-large_image_width=\"1920\" data-large_image_height=\"1080\"href='https:\/\/www.radiopiu.net\/wordpress\/wp-content\/uploads\/2022\/11\/16687f57-e09a-44ab-ad98-b8a8d95979e0.jpg'><img loading=\"lazy\" decoding=\"async\" width=\"150\" height=\"150\" src=\"https:\/\/www.radiopiu.net\/wordpress\/wp-content\/uploads\/2022\/11\/16687f57-e09a-44ab-ad98-b8a8d95979e0-150x150.jpg\" class=\"attachment-thumbnail size-thumbnail\" alt=\"\" \/><\/a>\n\t\t\t\t<\/dt><\/dl><dl class='gallery-item'>\n\t\t\t\t<dt class='gallery-icon landscape'>\n\t\t\t\t\t<a class=\"rollover rollover-zoom dt-pswp-item\" title=\"33c5c3ce-197e-415b-b729-a09a3ca0e9e3\" data-dt-img-description=\"\" data-large_image_width=\"1920\" data-large_image_height=\"1080\"href='https:\/\/www.radiopiu.net\/wordpress\/wp-content\/uploads\/2022\/11\/33c5c3ce-197e-415b-b729-a09a3ca0e9e3.jpg'><img loading=\"lazy\" decoding=\"async\" width=\"150\" height=\"150\" src=\"https:\/\/www.radiopiu.net\/wordpress\/wp-content\/uploads\/2022\/11\/33c5c3ce-197e-415b-b729-a09a3ca0e9e3-150x150.jpg\" class=\"attachment-thumbnail size-thumbnail\" alt=\"\" \/><\/a>\n\t\t\t\t<\/dt><\/dl><br style=\"clear: both\" \/>\n\t\t\t<\/div>\n\n<div style=\"width: 848px;\" class=\"wp-video\"><video class=\"wp-video-shortcode\" id=\"video-308400-4\" width=\"848\" height=\"480\" preload=\"metadata\" controls=\"controls\"><source type=\"video\/mp4\" src=\"https:\/\/www.radiopiu.net\/wordpress\/wp-content\/uploads\/2022\/11\/MATTEO-NOF-FILO-SANTANDREA-1.mp4?_=4\" \/><a href=\"https:\/\/www.radiopiu.net\/wordpress\/wp-content\/uploads\/2022\/11\/MATTEO-NOF-FILO-SANTANDREA-1.mp4\">https:\/\/www.radiopiu.net\/wordpress\/wp-content\/uploads\/2022\/11\/MATTEO-NOF-FILO-SANTANDREA-1.mp4<\/a><\/video><\/div>\n<p>&nbsp;<\/p>\n<p>&nbsp;<\/p>\n<hr \/>\n<p>&nbsp;<\/p>\n<blockquote>\n<h3>L&#8217;INCONTRO A TRICHIANA SUL FUTURO DELL&#8217;AGRICOLTURA BELLUNESE<\/h3>\n<\/blockquote>\n<p><strong>BORGO VALBELLUNA<\/strong> Si \u00e8 tenuto a Trichiana un partecipato incontro dibattito sul tema \u201cdifendi la tua salute e la tua terra: quale futuro per l\u2019agricoltura bellunese? Un progetto per Casteldardo (Borgo Valbelluna ) che guardi oltre i vigneti intensivi\u201d. L\u2019incontro, organizzato dal comitato cittadini per una sana agricoltura e dalle associazioni Le Fregole e La Voce dei Borghi, \u00e8 stato moderato dal giornalista Ilario Tancon. L\u2019agronomo ed agricoltore Carlo Murer ha spiegato come dal punto di vista ecologico la monocoltura di vigneti crea uno squilibrio tale da rendere vani gli sforzi per la conduzione in biologico delle terre, perch\u00e9 la monocoltura non \u00e8 naturale e necessita di azioni esterne per mantenerla produttiva.\u00a0Il dottore Ernesto Rorai, medico endocrinologo dell\u2019Associazione Italiana Medici per l\u2019Ambiente, ha illustrato i motivi per cui gli interferenti endocrini agiscono a dosi bassissime, ed ha riassunto le malattie ed i danni alla salute pi\u00f9 comuni determinati da queste sostanze molto comuni nell\u2019ambiente. Purtroppo la medicina \u00e8 costretta ad inseguire nella ricerca, in quanto i danni causati alla salute da nuovi prodotti e pesticidi, si manifestano anni dopo il loro utilizzo.Emanuele Prest ha illustrato il fenomeno che comporta il riscaldamento dell\u2019atmosfera terrestre (effetto serra) e l\u2019opportunit\u00e0 di arrivare, anche per la provincia di Belluno, alla carbon neutrality, che si realizza quando le emissioni di gas serra sono compensate da una pari quantit\u00e0 di emissioni ridotte. Siena \u00e8 riuscita a raggiungere questo risultato e la relativa certificazione, che utilizza \u00a0per pubblicizzare la sua accoglienza turistica.Infine Danilo Gusatto ha presentato con una serie di foto l\u2019inquadramento storico ambientale di Casteldardo, sito di alto pregio ed attraversato dal torrente Ardo che a monte include i conosciuti Brent de l\u2019Art. Pacato e propositivo il dibattito, che ha visto fra i vari interventi i saluti del Sindaco che ha relazionato circa l\u2019incontro avuto con la nuova propriet\u00e0, la societ\u00e0 agricola antiche terre dei conti srl controllata dalla famiglia Perin, il cui core business \u00e8 la produzione di generatori di elettricit\u00e0. In sala anche il Sig. Simone Perin, che ha illustrato di come intende intervenire sui 51 ettari di terreno acquistati a Casteldardo. L\u2019azienda agricola intende mantenere a seminativo ampie superfici, con coltivazioni di variet\u00e0 antiche di grano e di altre graminacee, mentre su 20 ettari intende piantumare circa 20 ettari di variet\u00e0 resistenti di vitigno in conduzione biodinamica e variet\u00e0 antiche e autoctone di altre piante da frutto.<\/p>\n\n\t\t\t<style type='text\/css'>\n\t\t\t\t#gallery-5 {\n\t\t\t\t\tmargin: auto;\n\t\t\t\t}\n\t\t\t\t#gallery-5 .gallery-item {\n\t\t\t\t\tfloat: left;\n\t\t\t\t\tmargin-top: 10px;\n\t\t\t\t\ttext-align: center;\n\t\t\t\t\twidth: 50%;\n\t\t\t\t}\n\t\t\t\t#gallery-5 img {\n\t\t\t\t\tborder: 2px solid #cfcfcf;\n\t\t\t\t}\n\t\t\t\t#gallery-5 .gallery-caption {\n\t\t\t\t\tmargin-left: 0;\n\t\t\t\t}\n\t\t\t\t\/* see gallery_shortcode() in wp-includes\/media.php *\/\n\t\t\t<\/style>\n\t\t<div id='gallery-5' class='dt-gallery-container gallery galleryid-308400 gallery-columns-2 gallery-size-medium'><dl class='gallery-item'>\n\t\t\t\t<dt class='gallery-icon landscape'>\n\t\t\t\t\t<a class=\"rollover rollover-zoom dt-pswp-item\" title=\"Unknown\" data-dt-img-description=\"\" data-large_image_width=\"2048\" data-large_image_height=\"1536\"href='https:\/\/www.radiopiu.net\/wordpress\/wp-content\/uploads\/2022\/11\/Unknown.jpeg'><img loading=\"lazy\" decoding=\"async\" width=\"300\" height=\"225\" src=\"https:\/\/www.radiopiu.net\/wordpress\/wp-content\/uploads\/2022\/11\/Unknown-300x225.jpeg\" class=\"attachment-medium size-medium\" alt=\"\" srcset=\"https:\/\/www.radiopiu.net\/wordpress\/wp-content\/uploads\/2022\/11\/Unknown-300x225.jpeg 300w, https:\/\/www.radiopiu.net\/wordpress\/wp-content\/uploads\/2022\/11\/Unknown-1024x768.jpeg 1024w, https:\/\/www.radiopiu.net\/wordpress\/wp-content\/uploads\/2022\/11\/Unknown-768x576.jpeg 768w, https:\/\/www.radiopiu.net\/wordpress\/wp-content\/uploads\/2022\/11\/Unknown-1536x1152.jpeg 1536w, https:\/\/www.radiopiu.net\/wordpress\/wp-content\/uploads\/2022\/11\/Unknown.jpeg 2048w\" sizes=\"auto, (max-width: 300px) 100vw, 300px\" \/><\/a>\n\t\t\t\t<\/dt><\/dl><dl class='gallery-item'>\n\t\t\t\t<dt class='gallery-icon landscape'>\n\t\t\t\t\t<a class=\"rollover rollover-zoom dt-pswp-item\" title=\"Unknown-1\" data-dt-img-description=\"\" data-large_image_width=\"2048\" data-large_image_height=\"1536\"href='https:\/\/www.radiopiu.net\/wordpress\/wp-content\/uploads\/2022\/11\/Unknown-1.jpeg'><img loading=\"lazy\" decoding=\"async\" width=\"300\" height=\"225\" src=\"https:\/\/www.radiopiu.net\/wordpress\/wp-content\/uploads\/2022\/11\/Unknown-1-300x225.jpeg\" class=\"attachment-medium size-medium\" alt=\"\" srcset=\"https:\/\/www.radiopiu.net\/wordpress\/wp-content\/uploads\/2022\/11\/Unknown-1-300x225.jpeg 300w, https:\/\/www.radiopiu.net\/wordpress\/wp-content\/uploads\/2022\/11\/Unknown-1-1024x768.jpeg 1024w, https:\/\/www.radiopiu.net\/wordpress\/wp-content\/uploads\/2022\/11\/Unknown-1-768x576.jpeg 768w, https:\/\/www.radiopiu.net\/wordpress\/wp-content\/uploads\/2022\/11\/Unknown-1-1536x1152.jpeg 1536w, https:\/\/www.radiopiu.net\/wordpress\/wp-content\/uploads\/2022\/11\/Unknown-1.jpeg 2048w\" sizes=\"auto, (max-width: 300px) 100vw, 300px\" \/><\/a>\n\t\t\t\t<\/dt><\/dl><br style=\"clear: both\" \/>\n\t\t\t<\/div>\n\n<p>&nbsp;<\/p>\n<p>&nbsp;<\/p>\n<hr \/>\n<p>&nbsp;<\/p>\n<p><strong><a class=\"dt-pswp-item\" href=\"https:\/\/www.radiopiu.net\/wordpress\/wp-content\/uploads\/2022\/03\/FOLLADOR-AGORDO-1.jpg\" data-dt-img-description=\"\" data-large_image_width=\"1280\" data-large_image_height=\"720\"><img loading=\"lazy\" decoding=\"async\" class=\"size-medium wp-image-267095 alignleft\" src=\"https:\/\/www.radiopiu.net\/wordpress\/wp-content\/uploads\/2022\/03\/FOLLADOR-AGORDO-1-300x169.jpg\" alt=\"\" width=\"300\" height=\"169\" srcset=\"https:\/\/www.radiopiu.net\/wordpress\/wp-content\/uploads\/2022\/03\/FOLLADOR-AGORDO-1-300x169.jpg 300w, https:\/\/www.radiopiu.net\/wordpress\/wp-content\/uploads\/2022\/03\/FOLLADOR-AGORDO-1-1024x576.jpg 1024w, https:\/\/www.radiopiu.net\/wordpress\/wp-content\/uploads\/2022\/03\/FOLLADOR-AGORDO-1-768x432.jpg 768w, https:\/\/www.radiopiu.net\/wordpress\/wp-content\/uploads\/2022\/03\/FOLLADOR-AGORDO-1.jpg 1280w\" sizes=\"auto, (max-width: 300px) 100vw, 300px\" \/><\/a>SCUOLA APERTA AL FOLLADOR DI AGORDO, L&#8217;INVITO ALLA RADIO DEGLI STUDENTI DELLA SCUOLA AGORDINA, DALLA PROSSIMA SETTIMANA LE VOCI CI INSEGNANTI ALUNNI ED EX AL<span style=\"color: #000000;\">UNNI.<\/span><\/strong><\/p>\n<audio class=\"wp-audio-shortcode\" id=\"audio-308400-2\" preload=\"none\" style=\"width: 100%;\" controls=\"controls\"><source type=\"audio\/mpeg\" src=\"https:\/\/www.radiopiu.net\/wordpress\/wp-content\/uploads\/2022\/11\/FOLLADOR-4.mp3?_=2\" \/><a href=\"https:\/\/www.radiopiu.net\/wordpress\/wp-content\/uploads\/2022\/11\/FOLLADOR-4.mp3\">https:\/\/www.radiopiu.net\/wordpress\/wp-content\/uploads\/2022\/11\/FOLLADOR-4.mp3<\/a><\/audio>\n<p><span style=\"color: #ff0000;\">DA LUNEDI SETTIMANA ALLA RADIO, ALLE NOVE DEL MATTINO, ALLE 18.10 DELLA SERA\u00a0 LO SPECIALE QUOTIDIANO IN OTTO PUNTATE PER CONOSCERE A FONDO L&#8217;OFFERTA SCOLASTICA DALL&#8217;AGORDINO\u00a0<\/span><\/p>\n<p>&nbsp;<\/p>\n<p><strong>AGORDO<\/strong> Un incontro per offrire degli strumenti in pi\u00f9 ai ragazzi e alle loro famiglie nella scelta della scuola superiore dal titolo &#8220;E Adesso Dove Andiamo?&#8221;. Lo ha organizzato l&#8217;Istituto Follador &#8211; De Rossi presso all&#8217;auditorium della scuola ad Agordo oggi alle 17:30.<\/p>\n<p><strong>IL VIDEO<\/strong><\/p>\n<div style=\"width: 841px;\" class=\"wp-video\"><video class=\"wp-video-shortcode\" id=\"video-308400-5\" width=\"841\" height=\"595\" preload=\"metadata\" controls=\"controls\"><source type=\"video\/mp4\" src=\"https:\/\/www.radiopiu.net\/wordpress\/wp-content\/uploads\/2022\/11\/WhatsApp-Video-2022-11-27-at-09.08.53.mp4?_=5\" \/><a href=\"https:\/\/www.radiopiu.net\/wordpress\/wp-content\/uploads\/2022\/11\/WhatsApp-Video-2022-11-27-at-09.08.53.mp4\">https:\/\/www.radiopiu.net\/wordpress\/wp-content\/uploads\/2022\/11\/WhatsApp-Video-2022-11-27-at-09.08.53.mp4<\/a><\/video><\/div>\n<p>&nbsp;<\/p>\n<p>&nbsp;<\/p>\n<hr \/>\n<p>&nbsp;<\/p>\n<blockquote>\n<h3 class=\"entry-title\">IN ARRIVO QUASI 47 MILIARDI DI TREDICESIME, DI CUI 11,4 FINIRANNO NELLE CASSE DELL\u2019 ERARIO<\/h3>\n<\/blockquote>\n<p class=\"photoswipe-wrapper\"><a class=\"dt-pswp-item pspw-wrap-ready\" href=\"https:\/\/www.radiopiu.net\/wordpress\/wp-content\/uploads\/2022\/11\/Schermata-2022-11-26-alle-09.16.10.png\" data-dt-img-description=\"\" data-large_image_width=\"1116\" data-large_image_height=\"306\"><img loading=\"lazy\" decoding=\"async\" class=\"alignleft size-medium wp-image-308414\" src=\"https:\/\/www.radiopiu.net\/wordpress\/wp-content\/uploads\/2022\/11\/Schermata-2022-11-26-alle-09.16.10-300x82.png\" sizes=\"auto, (max-width: 300px) 100vw, 300px\" srcset=\"https:\/\/www.radiopiu.net\/wordpress\/wp-content\/uploads\/2022\/11\/Schermata-2022-11-26-alle-09.16.10-300x82.png 300w, https:\/\/www.radiopiu.net\/wordpress\/wp-content\/uploads\/2022\/11\/Schermata-2022-11-26-alle-09.16.10-1024x281.png 1024w, https:\/\/www.radiopiu.net\/wordpress\/wp-content\/uploads\/2022\/11\/Schermata-2022-11-26-alle-09.16.10-768x211.png 768w, https:\/\/www.radiopiu.net\/wordpress\/wp-content\/uploads\/2022\/11\/Schermata-2022-11-26-alle-09.16.10.png 1116w\" alt=\"\" width=\"300\" height=\"82\" \/><\/a>I pensionati cominceranno a riscuoterla gioved\u00ec prossimo; i dipendenti pubblici e quelli privati, invece, entro le prossime tre o quattro settimane. Stiamo parlando delle tredicesime e l\u2019Ufficio studi della CGIA ha gi\u00e0 fatto i primi conti: quest\u2019anno l\u2019ammontare complessivo toccher\u00e0 i 46,9 miliardi di euro, di cui 11,4 verranno \u201cassorbiti\u201d dal fisco.<\/p>\n<p>I destinatari di questa gratifica ammontano a 33,9 milioni di italiani: 16,1 milioni di pensionati e 17,8 milioni di lavoratori dipendenti. In complesso, i beneficiari incasseranno un ammontare lordo pari a 46,9 miliardi di euro. Se a questo importo sottraiamo gli 11,4 miliardi di ritenute Irpef che finiranno nelle casse dell\u2019erario, nelle tasche degli italiani rimarranno 35,5 miliardi netti.<\/p>\n<p>Probabilmente una buona parte di questa mensilit\u00e0 aggiuntiva sar\u00e0 spesa nel mese di dicembre per pagare, in particolar modo, le bollette di luce e gas, la rata del mutuo, il saldo dell\u2019Imu della seconda abitazione, ma \u00e8 altrettanto auspicabile che la rimanente parte venga utilizzata per rilanciare i consumi natalizi. Una voce, quest\u2019ultima, che ha una incidenza molto importante sul bilancio annuale di molti artigiani e di altrettanti piccoli commercianti.<\/p>\n<p><strong class=\"photoswipe-wrapper\"><a class=\"dt-pswp-item pspw-wrap-ready\" href=\"https:\/\/www.radiopiu.net\/wordpress\/wp-content\/uploads\/2022\/11\/Schermata-2022-11-26-alle-09.16.42.png\" data-dt-img-description=\"\" data-large_image_width=\"966\" data-large_image_height=\"1634\"><img loading=\"lazy\" decoding=\"async\" class=\"alignleft size-medium wp-image-308413\" src=\"https:\/\/www.radiopiu.net\/wordpress\/wp-content\/uploads\/2022\/11\/Schermata-2022-11-26-alle-09.16.42-177x300.png\" sizes=\"auto, (max-width: 177px) 100vw, 177px\" srcset=\"https:\/\/www.radiopiu.net\/wordpress\/wp-content\/uploads\/2022\/11\/Schermata-2022-11-26-alle-09.16.42-177x300.png 177w, https:\/\/www.radiopiu.net\/wordpress\/wp-content\/uploads\/2022\/11\/Schermata-2022-11-26-alle-09.16.42-605x1024.png 605w, https:\/\/www.radiopiu.net\/wordpress\/wp-content\/uploads\/2022\/11\/Schermata-2022-11-26-alle-09.16.42-768x1299.png 768w, https:\/\/www.radiopiu.net\/wordpress\/wp-content\/uploads\/2022\/11\/Schermata-2022-11-26-alle-09.16.42-908x1536.png 908w, https:\/\/www.radiopiu.net\/wordpress\/wp-content\/uploads\/2022\/11\/Schermata-2022-11-26-alle-09.16.42.png 966w\" alt=\"\" width=\"177\" height=\"300\" \/><\/a>Quest\u2019anno previsti 9,5 miliardi di acquisti natalizi<\/strong><br \/>\nL\u2019Ufficio studi della CGIA stima che la spesa per i regali natalizi di quest\u2019anno dovrebbe toccare almeno la stessa soglia registrata l\u2019anno scorso, quando sfior\u00f2 i 9,5 miliardi di euro. Niente a che vedere, tuttavia, con quanto spendevamo prima della grande crisi del 2008-2009, quando per i regali natalizi gli italiani facevano acquisti per 18\/19 miliardi di euro. La contrazione registrata in questi ultimi anni in parte \u00e8 anche ascrivibile al fatto che molti italiani anticipano a novembre l\u2019acquisto dei regali, approfittando del \u201cblack friday\u201d. Con meno acquisti, tuttavia, a pagare il conto sono stati soprattutto i negozi di vicinato, mentre gli outlet e, almeno in parte, la grande distribuzione organizzata sono riusciti ad ammortizzare il colpo. Speriamo che anche grazie alle tredicesime, in questo ultimo mese dell\u2019anno si torni a spendere intelligentemente, ridando cos\u00ec fiato alla domanda interna che, purtroppo, \u00e8 destinata a contrarsi.<\/p>\n<p><strong>I regali pi\u00f9 diffusi<\/strong><br \/>\nTendenzialmente anche quest\u2019anno i generi alimentari dovrebbero confermarsi la tipologia di regalo natalizio pi\u00f9 gettonato dagli italiani: seguono i giocattoli, i prodotti tecnologici, i libri, l\u2019abbigliamento\/scarpe e gli articoli per la cura della persona. Non c\u2019\u00e8 alcun dubbio che i cosiddetti regali \u201cdigitali\u201d subiranno una decisa impennata: potendo essere acquistati senza doversi recare presso i negozi fisici, sicuramente subiranno un ulteriore aumento. In particolare gli abbonamenti a piattaforme streaming e buoni regalo per acquistare online.<\/p>\n<p><strong>In Lombardia, Lazio e Veneto il pi\u00f9 alto numero di percettori<\/strong><\/p>\n<p>A livello geografico la regione che presenta il pi\u00f9 alto numero di beneficiari della tredicesima mensilit\u00e0 \u00e8 la Lombardia: tra lavoratori dipendenti e pensionati, le persone interessate saranno quasi 6,2 milioni. Seguono i 3,25 milioni di percettori presenti nel Lazio e i 2,98 milioni residenti in Veneto. Appena fuori dal podio scorgiamo i 2,82 milioni di abitanti in Emilia Romagna e i 2,58 del Piemonte. La regione meno interessata, anche perch\u00e9 demograficamente la pi\u00f9 piccola d\u2019Italia, \u00e8 la Valle d\u2019Aosta. I cittadini valdostani che riceveranno questa gratifica ammontano a quasi 79 mila.<\/p>\n<p><strong>Met\u00e0 dipendenti ricevono anche la 14esima<\/strong><\/p>\n<p>Va ricordato che per quanto riguarda i lavoratori dipendenti, tutti i CCNL prevedono, per legge, la tredicesima mensilit\u00e0. Infine, secondo una stima dell\u2019Ufficio studi della CGIA, sono tra i 7,5 e gli 8 milioni i lavoratori dipendenti del settore privato che beneficiano anche della 14esima (pari a poco pi\u00f9 della met\u00e0 dei dipendenti privati totali). I principali contratti nazionali di lavoro che prevedono questa mensilit\u00e0 aggiuntiva che tradizionalmente viene erogata a luglio sono: l\u2019agricoltura, l\u2019alimentare, l\u2019autotrasporto, il commercio\/turismo\/ristorazione e il comparto pulizia\/multiservizi.<\/p>\n<p>&nbsp;<\/p>\n<p>&nbsp;<\/p>\n<hr \/>\n<p>&nbsp;<\/p>\n<blockquote>\n<h3>VARIAZIONI AL BILANCIO E COMUNICAZIONI DI PAOLO FRENA<\/h3>\n<\/blockquote>\n<p><strong>AGORDO<\/strong>\u00a0 Il consiglio dell&#8217;Unione Montana Agordina \u00e8 convocato per oggi alle 20 in sala Don Tamis. Due i punti sui quali deliberare, il provvedimento di variazione al bilancio di esercizio e le comunicazioni del Presidente Paolo Frena. In diretta sul sito internet e\u00a0 canali facebook di RADIOPIU<\/p>\n<p>&nbsp;<\/p>\n<p>&nbsp;<\/p>\n<hr \/>\n<p>&nbsp;<\/p>\n<blockquote>\n<h3>I CONSIGLI COMUNALI NELL&#8217;AGORDINO<\/h3>\n<\/blockquote>\n<p><strong>FALCADE<\/strong> Il sindaco di Falcade Mauro Salvaterra ha convocato il consiglio comunale per domani alle 20 in sala del Municipio. Tre punti da discutere, tra questi una variazione al bilancio e l&#8217;approvazione della bozza di convenzione con il Ministero della Giustizia per lo svolgimento di lavoro di pubblica utilit\u00e0.<\/p>\n<p><strong>ROCCA PIETORE <\/strong>Domanialle 18 consiglio comunale, in discussione la variazione al bilancio di previsione, l&#8217;approvazione della trasformazione del consorzio Dolomiti nella Fondazione Dmo Dolomiti e le interrogazioni di Diana Iraci Borgia Mandolini sui lavori di messa in sicurezza del Ru Sass Negher e sulla messa in sicurezza della frazione di Col di Rocca dal pericolo valanghivo.<\/p>\n<p><strong>TAIBON<\/strong> Il consiglio comunale si riunir\u00e0 domani alle 18, all&#8217;ordine del giorno le variazioni al bilancio, il pnrr, la convenzione per la gestione del servizio associato della segreteria comunale.<\/p>\n<p><strong>CENCENIGHE<\/strong> Il sindaco di Cencenighe Mauro Soppelsa ha convocato il consiglio comunale per domani alle 20:30. Si parler\u00e0 della sesta variazione a bilancio, dell&#8217;acquisto di immobili a titolo non oneroso e del regolamento comunale sui controlli interni.<\/p>\n<p><strong>VOLTAGO\u00a0<\/strong>\u00c8 in programma per domani alle 18 il consiglio comunale di Voltago. Il sindaco Giuseppe Schena ha convocato i consiglieri per trattare 3 punti tra cui due variazioni a bilancio<\/p>\n<p><strong>CANALE D&#8217;AGORDO<\/strong> Mercoled\u00ec nella sala Lina Zand\u00f2 di Canale D&#8217;Agordo \u00e8 stato convocato il consiglio comunale. Il sindaco Flavio Colcergnan ha chiamato a rapporto i consiglieri per trattare 5 punti tra cui una variazione a bilancio, il regolamento per l&#8217;utilizzo delle baite, casere e casogn del comune e il regolamento comunale sul procedimento amministrativo.<\/p>\n<p><strong>COLLE SANTA LUCIA\u00a0<\/strong>Consiglio comunale mercoled\u00ec alle 21 a Colle Santa Lucia. Il sindaco Paolo Frena ha convocato i consiglieri per trattare 5 punti all&#8217;ordine del giorno, tra questi si parler\u00e0 della convenzione per lo svolgimento di lavori di pubblica utilit\u00e0, l&#8217;aggiornamento al documento unico di programmazione e la dodicesima variazione al bilancio.<\/p>\n<p>&nbsp;<\/p>\n<p>&nbsp;<\/p>\n<hr \/>\n<p>&nbsp;<\/p>\n<blockquote>\n<h3>IL PIANO COMUNALE DI PROTEZIONE CIVILE DI TAIBON<\/h3>\n<\/blockquote>\n<p><strong>TAIBON<\/strong> L&#8217;amministrazione comunale invita la cittadinanza alla presentazione del piano comunale di Protezione Civile del comune di Taibon. La serata \u00e8 in programma venerd\u00ec 2 dicembre nella sala Don Tamis di Agordo con inizio alle 20. Sar\u00e0 il redattore del piano di Protezione Civile, l&#8217;ingegner Girola, a presentare la serata. Tutta la popolazione \u00e8 invitata.<\/p>\n<p>&nbsp;<\/p>\n<p>&nbsp;<\/p>\n<hr \/>\n<p>&nbsp;<\/p>\n<blockquote>\n<h3><span dir=\"ltr\" role=\"presentation\">AIUTI FINALIZZATI<\/span> <span dir=\"ltr\" role=\"presentation\">ALL&#8217;ACQUISTO<\/span> <span dir=\"ltr\" role=\"presentation\">DI <\/span><span dir=\"ltr\" role=\"presentation\">GENERI ALIMENTARI O PRODOTTI DI PRIMA<\/span> <span dir=\"ltr\" role=\"presentation\">NECESSIT\u00c0<\/span><\/h3>\n<\/blockquote>\n<p><strong>ALLEGHE<\/strong> Le<span dir=\"ltr\" role=\"presentation\"> persone e le famiglie residenti nel Comune che<\/span><span dir=\"ltr\" role=\"presentation\">, a causa degli effetti economici <\/span><span dir=\"ltr\" role=\"presentation\">derivanti dall\u2019emergenza epidemiologica<\/span> <span dir=\"ltr\" role=\"presentation\">dovuta alla diffusione del virus Covid<\/span><span dir=\"ltr\" role=\"presentation\">&#8211;<\/span><span dir=\"ltr\" role=\"presentation\">19,<\/span> <span dir=\"ltr\" role=\"presentation\">si trovino in uno <\/span><span dir=\"ltr\" role=\"presentation\">stato di bisogno per soddisfare le necessit\u00e0 pi\u00f9 urgenti ed essenziali<\/span><span dir=\"ltr\" role=\"presentation\">, <\/span><span dir=\"ltr\" role=\"presentation\">possono<\/span> <span dir=\"ltr\" role=\"presentation\">chiedere che vengano loro riconosciuti i buoni spesa per l&#8217;acquisto di generi alimentari o prodotti di prima necessit\u00e0. L<\/span><span dir=\"ltr\" role=\"presentation\">\u2019entit\u00e0 dell\u2019importo verr\u00e0 definito con successivo <\/span><span dir=\"ltr\" role=\"presentation\">provvedimento, partendo da un<\/span> <span dir=\"ltr\" role=\"presentation\">importo minimo di 50euro<\/span><span dir=\"ltr\" role=\"presentation\">, sulla base del numero dei <\/span><span dir=\"ltr\" role=\"presentation\">componenti il nucleo familiare e in consi<\/span><span dir=\"ltr\" role=\"presentation\">derazione delle necessit\u00e0 dichiarate dal richiedente. <\/span><span dir=\"ltr\" role=\"presentation\">Le richieste, <\/span><span dir=\"ltr\" role=\"presentation\">redatte sull\u2019apposito modulo dovranno <\/span><span dir=\"ltr\" role=\"presentation\">p<\/span><span dir=\"ltr\" role=\"presentation\">ervenire<\/span> <span dir=\"ltr\" role=\"presentation\">al<\/span> <span dir=\"ltr\" role=\"presentation\">Comune<\/span> <span dir=\"ltr\" role=\"presentation\">di<\/span> <span dir=\"ltr\" role=\"presentation\">Alleghe<\/span> <span dir=\"ltr\" role=\"presentation\">mediante<\/span> <span dir=\"ltr\" role=\"presentation\">invio<\/span> <span dir=\"ltr\" role=\"presentation\">di<\/span> <span dir=\"ltr\" role=\"presentation\">posta<\/span> <span dir=\"ltr\" role=\"presentation\">elettronica, s<\/span><span dir=\"ltr\" role=\"presentation\">olo via residuale<\/span> <span dir=\"ltr\" role=\"presentation\">la domanda potr\u00e0 essere presentata telefonicamente allo<\/span>\u00a0<span dir=\"ltr\" role=\"presentation\">0437 <\/span><span dir=\"ltr\" role=\"presentation\">523300<\/span> <span dir=\"ltr\" role=\"presentation\">dal luned\u00ec al venerd\u00ec<\/span> <span dir=\"ltr\" role=\"presentation\">dalle 8 alle 10<\/span><span dir=\"ltr\" role=\"presentation\">. <\/span><span dir=\"ltr\" role=\"presentation\">Il modulo \u00e8 scaricabile dal sito internet<\/span> <span dir=\"ltr\" role=\"presentation\">www.comune.alleghe.bl.it<\/span><span dir=\"ltr\" role=\"presentation\">, oppure ritirabile presso gli esercizi <\/span><span dir=\"ltr\" role=\"presentation\">comunali dei generi alimentari del territorio.<\/span><\/p>\n<p>&nbsp;<\/p>\n<p>&nbsp;<\/p>\n<hr \/>\n<p>&nbsp;<\/p>\n<blockquote>\n<h2>Il concorso internazionale di composizione Dante Moro premia nuova musica in ricordo dell\u2019artista falcadino.<\/h2>\n<\/blockquote>\n<p><strong>FALCADE\u00a0<\/strong>Nel ricordo dello scultore falcadino Dante Moro (1933-2009) il concorso internazionale di composizione Dante Moro continua il suo percorso, raggiungendo la sesta edizione. L\u2019intento che anima gli organizzatori e la direttrice artistica Silvia Tessari \u00e8 quello di valorizzare la scultura di Moro permettendo al contempo a nuove arti di essere sostenute e promosse. \u00c8 cos\u00ec che il bando, aperto a compositori di tutto il mondo, chiede di ideare un brano ispirato proprio ad un\u2019opera di Dante Moro. Quest\u2019anno, il concorso si \u00e8 ampliato articolandosi in due categorie: composizioni per musica da camera e composizioni per pianoforte e orchestra d\u2019archi. Per la sezione di musica da camera, non sono stati assegnati il primo e secondo premio, \u00e8 stato ritenuto meritevole del terzo premio il brano Emigranti del siracusano Federico Agnello. Una menzione d\u2019onore \u00e8 stata assegnata alla Partenza del padre di Rodolfo Saraco. La sezione per pianoforte e orchestra d\u2019archi, invece, ha visto come vincitore del secondo premio (primo non assegnato)\u00a0 il trentino Eddy Serafini, con il suo Suonatore. Al terzo posto, Pastore (La brezza) del milanese Alessandro Manara. Il concerto di gala con la premiazione dei vincitori, ad ingresso libero, avverr\u00e0 il 29 dicembre prossimo a Falcade, presso la chiesa parrocchiale, con Silvia Tessari al pianoforte, l\u2019orchestra Dolomiti Symphonia (Mattia Tonon primo violino), sotto la direzione di Delio Cassetta.<\/p>\n\n\t\t\t<style type='text\/css'>\n\t\t\t\t#gallery-6 {\n\t\t\t\t\tmargin: auto;\n\t\t\t\t}\n\t\t\t\t#gallery-6 .gallery-item {\n\t\t\t\t\tfloat: left;\n\t\t\t\t\tmargin-top: 10px;\n\t\t\t\t\ttext-align: center;\n\t\t\t\t\twidth: 25%;\n\t\t\t\t}\n\t\t\t\t#gallery-6 img {\n\t\t\t\t\tborder: 2px solid #cfcfcf;\n\t\t\t\t}\n\t\t\t\t#gallery-6 .gallery-caption {\n\t\t\t\t\tmargin-left: 0;\n\t\t\t\t}\n\t\t\t\t\/* see gallery_shortcode() in wp-includes\/media.php *\/\n\t\t\t<\/style>\n\t\t<div id='gallery-6' class='dt-gallery-container gallery galleryid-308400 gallery-columns-4 gallery-size-thumbnail'><dl class='gallery-item'>\n\t\t\t\t<dt class='gallery-icon portrait'>\n\t\t\t\t\t<a class=\"rollover rollover-zoom dt-pswp-item\" title=\"\" data-dt-img-description=\"\" data-large_image_width=\"1795\" data-large_image_height=\"2419\"href='https:\/\/www.radiopiu.net\/wordpress\/wp-content\/uploads\/2022\/11\/eddy_serafini.jpg'><img loading=\"lazy\" decoding=\"async\" width=\"150\" height=\"150\" src=\"https:\/\/www.radiopiu.net\/wordpress\/wp-content\/uploads\/2022\/11\/eddy_serafini-150x150.jpg\" class=\"attachment-thumbnail size-thumbnail\" alt=\"\" aria-describedby=\"gallery-6-308306\" \/><\/a>\n\t\t\t\t<\/dt>\n\t\t\t\t\t<dd class='wp-caption-text gallery-caption' id='gallery-6-308306'>\n\t\t\t\t\teddy_serafini\n\t\t\t\t\t<\/dd><\/dl><dl class='gallery-item'>\n\t\t\t\t<dt class='gallery-icon landscape'>\n\t\t\t\t\t<a class=\"rollover rollover-zoom dt-pswp-item\" title=\"\" data-dt-img-description=\"\" data-large_image_width=\"1170\" data-large_image_height=\"781\"href='https:\/\/www.radiopiu.net\/wordpress\/wp-content\/uploads\/2022\/11\/federico-agnello.jpg'><img loading=\"lazy\" decoding=\"async\" width=\"150\" height=\"150\" src=\"https:\/\/www.radiopiu.net\/wordpress\/wp-content\/uploads\/2022\/11\/federico-agnello-150x150.jpg\" class=\"attachment-thumbnail size-thumbnail\" alt=\"\" aria-describedby=\"gallery-6-308307\" \/><\/a>\n\t\t\t\t<\/dt>\n\t\t\t\t\t<dd class='wp-caption-text gallery-caption' id='gallery-6-308307'>\n\t\t\t\t\tfederico-agnello\n\t\t\t\t\t<\/dd><\/dl><dl class='gallery-item'>\n\t\t\t\t<dt class='gallery-icon portrait'>\n\t\t\t\t\t<a class=\"rollover rollover-zoom dt-pswp-item\" title=\"\" data-dt-img-description=\"\" data-large_image_width=\"1874\" data-large_image_height=\"2560\"href='https:\/\/www.radiopiu.net\/wordpress\/wp-content\/uploads\/2022\/11\/Emigranti-scaled.jpg'><img loading=\"lazy\" decoding=\"async\" width=\"150\" height=\"150\" src=\"https:\/\/www.radiopiu.net\/wordpress\/wp-content\/uploads\/2022\/11\/Emigranti-150x150.jpg\" class=\"attachment-thumbnail size-thumbnail\" alt=\"\" aria-describedby=\"gallery-6-308309\" \/><\/a>\n\t\t\t\t<\/dt>\n\t\t\t\t\t<dd class='wp-caption-text gallery-caption' id='gallery-6-308309'>\n\t\t\t\t\tEmigranti\n\t\t\t\t\t<\/dd><\/dl><dl class='gallery-item'>\n\t\t\t\t<dt class='gallery-icon portrait'>\n\t\t\t\t\t<a class=\"rollover rollover-zoom dt-pswp-item\" title=\"\" data-dt-img-description=\"\" data-large_image_width=\"1810\" data-large_image_height=\"2560\"href='https:\/\/www.radiopiu.net\/wordpress\/wp-content\/uploads\/2022\/11\/Suonatore-scaled.jpg'><img loading=\"lazy\" decoding=\"async\" width=\"150\" height=\"150\" src=\"https:\/\/www.radiopiu.net\/wordpress\/wp-content\/uploads\/2022\/11\/Suonatore-150x150.jpg\" class=\"attachment-thumbnail size-thumbnail\" alt=\"\" aria-describedby=\"gallery-6-308308\" \/><\/a>\n\t\t\t\t<\/dt>\n\t\t\t\t\t<dd class='wp-caption-text gallery-caption' id='gallery-6-308308'>\n\t\t\t\t\tSuonatore\n\t\t\t\t\t<\/dd><\/dl><br style=\"clear: both\" \/>\n\t\t\t<\/div>\n\n<p>&nbsp;<\/p>\n<hr \/>\n<p>&nbsp;<\/p>\n<blockquote>\n<h3>SANTA BARBARA, LA PATRONA DEI VIGILI DEL FUOCO<\/h3>\n<\/blockquote>\n<p><strong><a class=\"dt-pswp-item\" href=\"https:\/\/www.radiopiu.net\/wordpress\/wp-content\/uploads\/2022\/09\/VIGILI-DEL-FUOCO-8-1.jpg\" data-dt-img-description=\"\" data-large_image_width=\"1599\" data-large_image_height=\"899\"><img loading=\"lazy\" decoding=\"async\" class=\" wp-image-299555 alignleft\" src=\"https:\/\/www.radiopiu.net\/wordpress\/wp-content\/uploads\/2022\/09\/VIGILI-DEL-FUOCO-8-1-300x169.jpg\" alt=\"\" width=\"205\" height=\"115\" srcset=\"https:\/\/www.radiopiu.net\/wordpress\/wp-content\/uploads\/2022\/09\/VIGILI-DEL-FUOCO-8-1-300x169.jpg 300w, https:\/\/www.radiopiu.net\/wordpress\/wp-content\/uploads\/2022\/09\/VIGILI-DEL-FUOCO-8-1-1024x576.jpg 1024w, https:\/\/www.radiopiu.net\/wordpress\/wp-content\/uploads\/2022\/09\/VIGILI-DEL-FUOCO-8-1-768x432.jpg 768w, https:\/\/www.radiopiu.net\/wordpress\/wp-content\/uploads\/2022\/09\/VIGILI-DEL-FUOCO-8-1-1536x864.jpg 1536w, https:\/\/www.radiopiu.net\/wordpress\/wp-content\/uploads\/2022\/09\/VIGILI-DEL-FUOCO-8-1.jpg 1599w\" sizes=\"auto, (max-width: 205px) 100vw, 205px\" \/><\/a>BELLUNO <\/strong>Domenica 4 dicembre ricorre la tradizionale festivita\u0300 di Santa Barbara, patrona del Corpo Nazionale dei Vigili del Fuoco. Nella la sede centrale di via Col da Ren si svolgera\u0300 la celebrazione patronale a carattere provinciale ma momenti celebrativi sono comunque previsti anche nelle sedi distaccate. Alle 10 la deposione della corona d&#8217;alloro al monumento in onore dei Vigili del Fuoco caduti in servizio, alle 10:30 la santa messa e alle 11:30 il saluto del comandante e la consegna dei diplomi di lodevole servizio e delle croci di anzianit\u00e0. Esposizione dei mezzi sul piazzale della sede e nell&#8217;atrio principale della sede la mostra fotografica di Carlotta Osta.<\/p>\n<p>&nbsp;<\/p>\n<p>&nbsp;<\/p>\n<hr \/>\n<p>&nbsp;<\/p>\n<p>&nbsp;<\/p>\n<blockquote>\n<h3>LA SANTA BARBARA DEI PERITI MINERARI<\/h3>\n<\/blockquote>\n<p><strong>AGORDO<\/strong> I periti minerari\u00a0 dell&#8217;Apim si preparano a festeggiare la loro patrona, santa Barbara. L&#8217;appuntamento \u00e8 per sabato 3 dicembre, con il ritrovo alle 9,45 nella chiesa arcidiaconale e poi alle 10 la celebrazione della messa, accompagnata dalla Schola cantorum di La Valle, diretta da Lucio De Cassan. Alle 11\u00a0 in sala &#8220;Don Tamis&#8221;,\u00a0 tradizionale cerimonia di consegna delle borse di studio agli studenti del Follador pi\u00f9 meritevoli.<\/p>\n<p>&nbsp;<\/p>\n<p><iframe loading=\"lazy\" title=\"Santa Barbara&#039;94 deposizione corone\" width=\"1200\" height=\"900\" src=\"https:\/\/www.youtube.com\/embed\/XR7673fe4j4?feature=oembed\" frameborder=\"0\" allow=\"accelerometer; autoplay; clipboard-write; encrypted-media; gyroscope; picture-in-picture\" allowfullscreen><\/iframe><\/p>\n<p>&nbsp;<\/p>\n<p>&nbsp;<\/p>\n<p>&nbsp;<\/p>\n<hr \/>\n<p>&nbsp;<\/p>\n<blockquote>\n<h3><a class=\"dt-pswp-item\" href=\"https:\/\/www.radiopiu.net\/wordpress\/wp-content\/uploads\/2022\/11\/Quartetto-di-Venezia.jpg\" data-dt-img-description=\"\" data-large_image_width=\"1270\" data-large_image_height=\"714\"><img loading=\"lazy\" decoding=\"async\" class=\" wp-image-308055 alignleft\" src=\"https:\/\/www.radiopiu.net\/wordpress\/wp-content\/uploads\/2022\/11\/Quartetto-di-Venezia-300x169.jpg\" alt=\"\" width=\"199\" height=\"112\" srcset=\"https:\/\/www.radiopiu.net\/wordpress\/wp-content\/uploads\/2022\/11\/Quartetto-di-Venezia-300x169.jpg 300w, https:\/\/www.radiopiu.net\/wordpress\/wp-content\/uploads\/2022\/11\/Quartetto-di-Venezia-1024x576.jpg 1024w, https:\/\/www.radiopiu.net\/wordpress\/wp-content\/uploads\/2022\/11\/Quartetto-di-Venezia-768x432.jpg 768w, https:\/\/www.radiopiu.net\/wordpress\/wp-content\/uploads\/2022\/11\/Quartetto-di-Venezia.jpg 1270w\" sizes=\"auto, (max-width: 199px) 100vw, 199px\" \/><\/a>IL QUARTETTO DI VENEZIA AL COMUNALE DI BELLUNO<\/h3>\n<\/blockquote>\n<p><strong>BELLUNO<\/strong> Belluno rende omaggio al compositore belga C\u00e9sar Franck, a 200 anni dalla nascita (1822-2022), con il concerto di domani alle 20:30, al Teatro Comunale. Protagonisti dell&#8217;evento, il Quartetto di Venezia, insieme a Marco Rizzi violino e Gabriele Carcano pianoforte. Per informazioni e prenotazioni: <a href=\"mailto:segreteriabelcircolo@gmail.com\">segreteriabelcircolo@gmail.com <\/a>\u00c8 consigliato l&#8217;uso della mascherina FFP2, nel rispetto delle norme anti Covid-19. Programma completo della serata su <a href=\"http:\/\/www.belcircolo.org\/\">www.belcircolo.org<\/a><\/p>\n<p>&nbsp;<\/p>\n<p>&nbsp;<\/p>\n<hr \/>\n<p>&nbsp;<\/p>\n<p><strong><a class=\"dt-pswp-item\" href=\"https:\/\/www.radiopiu.net\/wordpress\/wp-content\/uploads\/2022\/11\/Locandina-Barbarina_LOGHI-TUTTI.jpg\" data-dt-img-description=\"\" data-large_image_width=\"826\" data-large_image_height=\"1169\"><img loading=\"lazy\" decoding=\"async\" class=\" wp-image-307574 alignleft\" src=\"https:\/\/www.radiopiu.net\/wordpress\/wp-content\/uploads\/2022\/11\/Locandina-Barbarina_LOGHI-TUTTI-212x300.jpg\" alt=\"\" width=\"108\" height=\"153\" srcset=\"https:\/\/www.radiopiu.net\/wordpress\/wp-content\/uploads\/2022\/11\/Locandina-Barbarina_LOGHI-TUTTI-212x300.jpg 212w, https:\/\/www.radiopiu.net\/wordpress\/wp-content\/uploads\/2022\/11\/Locandina-Barbarina_LOGHI-TUTTI-724x1024.jpg 724w, https:\/\/www.radiopiu.net\/wordpress\/wp-content\/uploads\/2022\/11\/Locandina-Barbarina_LOGHI-TUTTI-768x1087.jpg 768w, https:\/\/www.radiopiu.net\/wordpress\/wp-content\/uploads\/2022\/11\/Locandina-Barbarina_LOGHI-TUTTI.jpg 826w\" sizes=\"auto, (max-width: 108px) 100vw, 108px\" \/><\/a><\/strong><\/p>\n<blockquote>\n<h3>C&#8217;ERA UNA VOLTA&#8230; BARBARINA E I NOVE COLOMBI<\/h3>\n<\/blockquote>\n<p><strong>FELTRE\u00a0<\/strong> Gioved\u00ec 1 dicembre Alle 17.30 il Polo Bibliotecario di Feltre ospiter\u00e0 la presentazione del libro illustrato \u201cBarbarina e i nove colombi\u201d di Flavio Faoro e Marta Farina, vincitore nella sezione Best Illustration for Fiction 2019\u201d della dodicesima edizione del premio internazionale \u201cImage of the book\u201d di Mosca. All\u2019incontro interverr\u00e0 l\u2019Editore Roberto Da Re Giustiniani. Brani del libro letti da Silvana Vignaga.<\/p>\n<p>&nbsp;<\/p>\n<p>&nbsp;<\/p>\n<hr \/>\n<p>&nbsp;<\/p>\n<blockquote>\n<h3>NATALE DELLO SPORTIVO CON IL CSI<\/h3>\n<\/blockquote>\n<p><strong>SANTA GIUSTINA<\/strong>\u00a0 I comitato di Belluno e Feltre del Csi organizzano l&#8217;incontro natalizio con le societ\u00e0 affiliate. Sabato 3 dicembre alle 16.45 nella palestra di Santa Giustina, sar\u00e0 celebrata la messa e di seguito la premiazione degli atleti e societ\u00e0 sportive protagonisti del campionato provinciale di corsa campestre e calcio.<\/p>\n<p>&nbsp;<\/p>\n<hr \/>\n<p>&nbsp;<\/p>\n<blockquote>\n<h3>PROLUNGATA FINO AL 31 NOVEMBRE LA MOSTRA &#8220;FORESTE INFRANTE<\/h3>\n<\/blockquote>\n<p><strong>BELLUNO<\/strong> Si potr\u00e0 visitare fino al 31 dicembre la mostra \u201cForeste Infrante\u201d, che racconta, a partire dalle immagini dei francobolli, le tematiche ecologiche e della sostenibilit\u00e0, quattro anni dopo la tempesta Vaia. L\u2019esposizione \u00e8 realizzata in collaborazione con il Museo Postale e Telegrafico della Mitteleuropa di Trieste e potr\u00e0 essere visitata nell\u2019orario di apertura dell\u2019Ufficio Postale Belluno Castello (luned\u00ec \u2013 venerd\u00ec 8.20 \u2013 19.05; sabato 8.20 \u2013 12.35).<\/p>\n<p>&nbsp;<\/p>\n<p>&nbsp;<\/p>\n<hr \/>\n<p>&nbsp;<\/p>\n<p>&nbsp;<\/p>\n<a href=\"https:\/\/www.radiopiu.net\/wordpress\/wp-content\/uploads\/2022\/11\/locandina-MOVEMBER_23.11.22-1.pdf\" class=\"pdfemb-viewer\" style=\"\" data-width=\"max\" data-height=\"max\" data-toolbar=\"top\" data-toolbar-fixed=\"on\">locandina MOVEMBER_23.11.22<\/a>\n<p>&nbsp;<\/p>\n<hr \/>\n<p>&nbsp;<\/p>\n<blockquote>\n<h3>ILLUMINARE LA NOTTE A GIORNO NON E&#8217; PROGRESSO, E&#8217; SPRECO. CRISI O NON CRISI, LED O NON LED<\/h3>\n<\/blockquote>\n<p><strong><a class=\"dt-pswp-item\" href=\"https:\/\/www.radiopiu.net\/wordpress\/wp-content\/uploads\/2022\/11\/f0dfe020-f401-424b-8d0a-59ec032ff714.jpg\" data-dt-img-description=\"\" data-large_image_width=\"1296\" data-large_image_height=\"864\"><img loading=\"lazy\" decoding=\"async\" class=\"size-medium wp-image-308488 alignleft\" src=\"https:\/\/www.radiopiu.net\/wordpress\/wp-content\/uploads\/2022\/11\/f0dfe020-f401-424b-8d0a-59ec032ff714-300x200.jpg\" alt=\"\" width=\"300\" height=\"200\" srcset=\"https:\/\/www.radiopiu.net\/wordpress\/wp-content\/uploads\/2022\/11\/f0dfe020-f401-424b-8d0a-59ec032ff714-300x200.jpg 300w, https:\/\/www.radiopiu.net\/wordpress\/wp-content\/uploads\/2022\/11\/f0dfe020-f401-424b-8d0a-59ec032ff714-1024x683.jpg 1024w, https:\/\/www.radiopiu.net\/wordpress\/wp-content\/uploads\/2022\/11\/f0dfe020-f401-424b-8d0a-59ec032ff714-768x512.jpg 768w, https:\/\/www.radiopiu.net\/wordpress\/wp-content\/uploads\/2022\/11\/f0dfe020-f401-424b-8d0a-59ec032ff714.jpg 1296w\" sizes=\"auto, (max-width: 300px) 100vw, 300px\" \/><\/a>di Claudio Pra<\/strong><\/p>\n<p>Periodo di bollette energetiche salatissime e di iniziative per contenere il salasso, tra le quali lo spegnimento di parte dell&#8217;illuminazione pubblica in orari notturni. Ma passata l&#8217;emergenza torner\u00e0 tutto come prima? Sentendo gli amministratori credo proprio di si e il peggio \u00e8 che illuminare sembra faccia contenti anche tanti cittadini. Una volta finita la crisi, tornare al prima sarebbe per\u00f2 un&#8217;occasione sprecata. La sostenibilit\u00e1, tanto decantata, ma anche il progresso e la civilt\u00e0, non sono compatibili con gli standard (forse meglio i capricci) ai quali ci siamo abituati, ed il LED, che consuma meno, non \u00e8 la panacea di tutti i mali perch\u00e9 inquina e consuma comunque. Spegnere permanentemente in determinate fasce orarie parte dei lampioni o dei fari che illuminano senza logica la notte \u00e8 segno di civilt\u00e0, progresso e rispetto, ed un passo verso quella benedetta sostenibilit\u00e0 di cui tutti ci riempiamo la bocca. La sicurezza \u00e8 un alibi che non regge, non mi risulta che all&#8217;aumentare dell&#8217;illuminazione, come avviene da decenni, ci sia un calo degli atti delinquenziali ed in fatto di sicurezza stradale in piena notte non scarichiamo sul buio le nostre responsabilit\u00e0, altrimenti occorrerebbe illuminare ovunque ogni metro di strada. Sfruttiamo magari le nuove tecnologie che vengono in aiuto (le fotocellule che accendono e spengono i lampioni al solo passaggio ad esempio). Illuminare a giorno la notte cancellando l&#8217;universo in cui siamo immersi, \u00e8 l&#8217;ennesima forma di inquinamento prodotto dall&#8217;uomo, l&#8217;ennesimo atto arrogante di chi crede di poter modificare ritmi e ambiente naturale, sia che l&#8217;energia costi molto come adesso o costi meno come qualche tempo fa (in ogni caso \u00e8 un costo). Inutile fare campagne sul singolo, invitandolo a fare attenzione su ogni cosa, se poi gli esempi sono quelli che abbiamo sotto gli occhi tutte le notti in paesini e citt\u00e0.<\/p>\n<p>&nbsp;<\/p>\n<p>&nbsp;<\/p>\n<hr \/>\n<p>&nbsp;<\/p>\n<blockquote>\n<h3>LO SPETTACOLO DELLE NOSTRE MONTAGNE. I CAMOSCI FILMATI DA MARIO DE MARCO<\/h3>\n<\/blockquote>\n<p><strong>REDAZIONE<\/strong> Ancora una volta Mario De Marco ci sorprende con i suoi video. L&#8217;altra mattina Mario ha puntato la sveglia molto presto per portarsi a 2200 metri di quota. Temperatura di -6 gradi e vento ma ne \u00e8 valsa la pena.<\/p>\n<p><em><strong>&#8220;Lo spettacolo di questi &#8220;diavoletti neri&#8221; non ha prezzo. Da notare la femmina pi\u00f9 vecchia che guida il gruppo molti piccoli e l&#8217;arrivo del maschio. Questo \u00e8 il periodo degli amori del camoscio&#8221;.<\/strong><\/em><\/p>\n<p><em><strong>Mario De Marco<\/strong><\/em><\/p>\n<div style=\"width: 640px;\" class=\"wp-video\"><video class=\"wp-video-shortcode\" id=\"video-308400-6\" width=\"640\" height=\"352\" preload=\"metadata\" controls=\"controls\"><source type=\"video\/mp4\" src=\"https:\/\/www.radiopiu.net\/wordpress\/wp-content\/uploads\/2022\/11\/WhatsApp-Video-2022-11-26-at-14.47.43.mp4?_=6\" \/><a href=\"https:\/\/www.radiopiu.net\/wordpress\/wp-content\/uploads\/2022\/11\/WhatsApp-Video-2022-11-26-at-14.47.43.mp4\">https:\/\/www.radiopiu.net\/wordpress\/wp-content\/uploads\/2022\/11\/WhatsApp-Video-2022-11-26-at-14.47.43.mp4<\/a><\/video><\/div>\n<p>&nbsp;<\/p>\n<hr \/>\n<p>&nbsp;<\/p>\n<h1><span style=\"color: #ff6600;\">IERI ALLA RADIO<\/span><\/h1>\n<p>&nbsp;<\/p>\n<blockquote class=\"wp-embedded-content\" data-secret=\"xteeXDEoip\"><p><a href=\"https:\/\/www.radiopiu.net\/wordpress\/la-prima-puntata-di-piu-mix-in-live-con-gigi-dj\/\">LA PRIMA PUNTATA DI PIU&#8217; MIX IN LIVE CON GIGI DJ<\/a><\/p><\/blockquote>\n<p><iframe loading=\"lazy\" class=\"wp-embedded-content\" sandbox=\"allow-scripts\" security=\"restricted\" style=\"position: absolute; clip: rect(1px, 1px, 1px, 1px);\" title=\"&#8220;LA PRIMA PUNTATA DI PIU&#8217; MIX IN LIVE CON GIGI DJ&#8221; &#8212; Radio Pi\u00f9\" src=\"https:\/\/www.radiopiu.net\/wordpress\/la-prima-puntata-di-piu-mix-in-live-con-gigi-dj\/embed\/#?secret=y8VXxL8DQ8#?secret=xteeXDEoip\" data-secret=\"xteeXDEoip\" width=\"600\" height=\"338\" frameborder=\"0\" marginwidth=\"0\" marginheight=\"0\" scrolling=\"no\"><\/iframe><\/p>\n<p>&nbsp;<\/p>\n<hr \/>\n<p>&nbsp;<\/p>\n<h2><strong><a class=\"dt-pswp-item\" href=\"https:\/\/www.radiopiu.net\/wordpress\/wp-content\/uploads\/2020\/12\/DON-GIORGIO-LISE.jpg\" data-dt-img-description=\"\" data-large_image_width=\"1600\" data-large_image_height=\"901\"><img loading=\"lazy\" decoding=\"async\" class=\"size-medium wp-image-177420 alignleft\" src=\"https:\/\/www.radiopiu.net\/wordpress\/wp-content\/uploads\/2020\/12\/DON-GIORGIO-LISE-300x169.jpg\" alt=\"\" width=\"300\" height=\"169\" srcset=\"https:\/\/www.radiopiu.net\/wordpress\/wp-content\/uploads\/2020\/12\/DON-GIORGIO-LISE-300x169.jpg 300w, https:\/\/www.radiopiu.net\/wordpress\/wp-content\/uploads\/2020\/12\/DON-GIORGIO-LISE-1024x577.jpg 1024w, https:\/\/www.radiopiu.net\/wordpress\/wp-content\/uploads\/2020\/12\/DON-GIORGIO-LISE-768x432.jpg 768w, https:\/\/www.radiopiu.net\/wordpress\/wp-content\/uploads\/2020\/12\/DON-GIORGIO-LISE-1536x865.jpg 1536w, https:\/\/www.radiopiu.net\/wordpress\/wp-content\/uploads\/2020\/12\/DON-GIORGIO-LISE.jpg 1600w\" sizes=\"auto, (max-width: 300px) 100vw, 300px\" \/><\/a><\/strong><span style=\"color: #800080;\">DUE MINUTI PER TE<\/span><\/h2>\n<p><strong>APPUNTAMENTO DELLA DOMENICA CON MONSIGNOR GIORGIO LISE<\/strong><\/p>\n<audio class=\"wp-audio-shortcode\" id=\"audio-308400-3\" preload=\"none\" style=\"width: 100%;\" controls=\"controls\"><source type=\"audio\/mpeg\" src=\"https:\/\/www.radiopiu.net\/wordpress\/wp-content\/uploads\/2022\/11\/DON-GIORGIO-3.mp3?_=3\" \/><a href=\"https:\/\/www.radiopiu.net\/wordpress\/wp-content\/uploads\/2022\/11\/DON-GIORGIO-3.mp3\">https:\/\/www.radiopiu.net\/wordpress\/wp-content\/uploads\/2022\/11\/DON-GIORGIO-3.mp3<\/a><\/audio>\n<p>&nbsp;<\/p>\n<p>&nbsp;<\/p>\n<hr \/>\n<p>&nbsp;<\/p>\n<div>\n<div class=\"b654a4as d2edcug0\">\n<div class=\"rq0escxv hkbzh7o3 jwdofwj8 n8tt0mok r8blr3vg hyh9befq\">\n<p><a class=\"dt-pswp-item\" href=\"https:\/\/www.radiopiu.net\/wordpress\/wp-content\/uploads\/2020\/10\/pp.jpg\" data-dt-img-description=\"\" data-large_image_width=\"640\" data-large_image_height=\"640\"><img loading=\"lazy\" decoding=\"async\" class=\"wp-image-163678 alignleft\" src=\"https:\/\/www.radiopiu.net\/wordpress\/wp-content\/uploads\/2020\/10\/pp-300x300.jpg\" alt=\"\" width=\"106\" height=\"106\" srcset=\"https:\/\/www.radiopiu.net\/wordpress\/wp-content\/uploads\/2020\/10\/pp-300x300.jpg 300w, https:\/\/www.radiopiu.net\/wordpress\/wp-content\/uploads\/2020\/10\/pp-150x150.jpg 150w, https:\/\/www.radiopiu.net\/wordpress\/wp-content\/uploads\/2020\/10\/pp-125x125.jpg 125w, https:\/\/www.radiopiu.net\/wordpress\/wp-content\/uploads\/2020\/10\/pp-200x200.jpg 200w, https:\/\/www.radiopiu.net\/wordpress\/wp-content\/uploads\/2020\/10\/pp-80x80.jpg 80w, https:\/\/www.radiopiu.net\/wordpress\/wp-content\/uploads\/2020\/10\/pp-480x480.jpg 480w, https:\/\/www.radiopiu.net\/wordpress\/wp-content\/uploads\/2020\/10\/pp.jpg 640w\" sizes=\"auto, (max-width: 106px) 100vw, 106px\" \/><\/a><\/p>\n<\/div>\n<\/div>\n<\/div>\n<div>\n<div class=\"page-title-head hgroup\">\n<div class=\"page-title-head hgroup\">\n<div class=\"b654a4as d2edcug0\">\n<div class=\"j83agx80 btwxx1t3 lhclo0ds hop8lmos nkwizq5d scwd0bx6 roh60bw9\">\n<div class=\"rq0escxv hkbzh7o3 jwdofwj8 n8tt0mok r8blr3vg hyh9befq\">\n<div class=\"do00u71z l9j0dhe7 k4urcfbm\">\n<h2><span style=\"color: #000080;\">DON CESARE, IL PENSIERO DEL GIORNO. ALLA RADIO ALLE 7 DEL MATTINO E ALLE 19.30 DELLA SERA\u00a0<\/span><\/h2>\n<audio class=\"wp-audio-shortcode\" id=\"audio-308400-4\" preload=\"none\" style=\"width: 100%;\" controls=\"controls\"><source type=\"audio\/mpeg\" src=\"https:\/\/www.radiopiu.net\/wordpress\/wp-content\/uploads\/2022\/11\/CESARE-18.mp3?_=4\" \/><a href=\"https:\/\/www.radiopiu.net\/wordpress\/wp-content\/uploads\/2022\/11\/CESARE-18.mp3\">https:\/\/www.radiopiu.net\/wordpress\/wp-content\/uploads\/2022\/11\/CESARE-18.mp3<\/a><\/audio>\n<\/div>\n<\/div>\n<\/div>\n<\/div>\n<\/div>\n<\/div>\n<\/div>\n<p>&nbsp;<\/p>\n<hr \/>\n<p>&nbsp;<\/p>\n<h2><span style=\"color: #99cc00;\">LA RASSEGNA STAMPA DA L&#8217;AMICO DEL POPOLO<\/span><\/h2>\n<p><strong><a class=\"dt-pswp-item\" href=\"https:\/\/www.radiopiu.net\/wordpress\/wp-content\/uploads\/2022\/11\/CLAUDIO-SITO.jpg\" data-dt-img-description=\"\" data-large_image_width=\"960\" data-large_image_height=\"540\"><img loading=\"lazy\" decoding=\"async\" class=\" wp-image-308403 alignleft\" src=\"https:\/\/www.radiopiu.net\/wordpress\/wp-content\/uploads\/2022\/11\/CLAUDIO-SITO-300x169.jpg\" alt=\"\" width=\"199\" height=\"112\" srcset=\"https:\/\/www.radiopiu.net\/wordpress\/wp-content\/uploads\/2022\/11\/CLAUDIO-SITO-300x169.jpg 300w, https:\/\/www.radiopiu.net\/wordpress\/wp-content\/uploads\/2022\/11\/CLAUDIO-SITO-768x432.jpg 768w, https:\/\/www.radiopiu.net\/wordpress\/wp-content\/uploads\/2022\/11\/CLAUDIO-SITO.jpg 960w\" sizes=\"auto, (max-width: 199px) 100vw, 199px\" \/><\/a>di Gianni Santomaso<\/strong><\/p>\n<p>OSPITE: Claudio Sito, assessore al bilancio di Agordo<\/p>\n<audio class=\"wp-audio-shortcode\" id=\"audio-308400-5\" preload=\"none\" style=\"width: 100%;\" controls=\"controls\"><source type=\"audio\/mpeg\" src=\"https:\/\/www.radiopiu.net\/wordpress\/wp-content\/uploads\/2022\/11\/RASSEGNA-GIANNI-4.mp3?_=5\" \/><a href=\"https:\/\/www.radiopiu.net\/wordpress\/wp-content\/uploads\/2022\/11\/RASSEGNA-GIANNI-4.mp3\">https:\/\/www.radiopiu.net\/wordpress\/wp-content\/uploads\/2022\/11\/RASSEGNA-GIANNI-4.mp3<\/a><\/audio>\n<p>&nbsp;<\/p>\n<hr \/>\n<p>&nbsp;<\/p>\n<h2><span style=\"color: #339966;\">COLLAGE OPERAZIONE NOSTALGIA<\/span><\/h2>\n<p><strong><a class=\"dt-pswp-item\" href=\"https:\/\/www.radiopiu.net\/wordpress\/wp-content\/uploads\/2022\/11\/simon-garfunkel.jpg\" data-dt-img-description=\"\" data-large_image_width=\"460\" data-large_image_height=\"360\"><img loading=\"lazy\" decoding=\"async\" class=\" wp-image-308480 alignleft\" src=\"https:\/\/www.radiopiu.net\/wordpress\/wp-content\/uploads\/2022\/11\/simon-garfunkel-300x235.jpg\" alt=\"\" width=\"175\" height=\"137\" srcset=\"https:\/\/www.radiopiu.net\/wordpress\/wp-content\/uploads\/2022\/11\/simon-garfunkel-300x235.jpg 300w, https:\/\/www.radiopiu.net\/wordpress\/wp-content\/uploads\/2022\/11\/simon-garfunkel.jpg 460w\" sizes=\"auto, (max-width: 175px) 100vw, 175px\" \/><\/a>di Loris Scussel<\/strong><\/p>\n<p>La nuova settimana di Collage si aprir\u00e0 a ritmo di rock in particolare con i Deep Purple di \u201cHush\u201d, marted\u00ec brani di musica classica e non, mercoled\u00ec sar\u00e0 la volta dei gruppi italiani degli anni 70 con \u201cIo vagabondo\u201d dei Nomadi e cos\u00ec via, la trasmissione di gioved\u00ec sar\u00e0 dedicata ai cantautori e si aprir\u00e0 con \u201cLa luce dell\u2019est\u201d di Lucio Battisti, infine chiuderemo la settimana in bellezza venerd\u00ec con una selezione di successi internazionali come \u201cThe sound of silence\u201d di Simon e Garfunkel. Collage va in onda dal luned\u00ec al venerd\u00ec alle 16,00 e alle 23,00 naturalmente su Radio Pi\u00f9<\/p>\n<p>&nbsp;<\/p>\n<hr \/>\n<p>&nbsp;<\/p>\n<p><img loading=\"lazy\" decoding=\"async\" class=\"aligncenter wp-image-61954 size-full\" src=\"https:\/\/www.radiopiu.net\/wordpress\/wp-content\/uploads\/2018\/09\/viabilita.jpeg\" sizes=\"auto, (max-width: 800px) 100vw, 800px\" srcset=\"https:\/\/www.radiopiu.net\/wordpress\/wp-content\/uploads\/2018\/09\/viabilita.jpeg 800w, https:\/\/www.radiopiu.net\/wordpress\/wp-content\/uploads\/2018\/09\/viabilita-300x38.jpeg 300w, https:\/\/www.radiopiu.net\/wordpress\/wp-content\/uploads\/2018\/09\/viabilita-768x96.jpeg 768w\" alt=\"\" width=\"800\" height=\"100\" \/><\/p>\n<p>&nbsp;<\/p>\n<p>&nbsp;<\/p>\n<p><strong>AGGIORNAMENTO VENETO STRADE, AGGIORNAMENTO CONTINUO H 24<\/strong><\/p>\n<p>&nbsp;<\/p>\n<blockquote class=\"wp-embedded-content\" data-secret=\"Pp6pSlqol1\"><p><a href=\"https:\/\/www.radiopiu.net\/wordpress\/viabilita\/\">viabilita<\/a><\/p><\/blockquote>\n<p><iframe loading=\"lazy\" class=\"wp-embedded-content\" sandbox=\"allow-scripts\" security=\"restricted\" style=\"position: absolute; clip: rect(1px, 1px, 1px, 1px);\" title=\"&#8220;viabilita&#8221; &#8212; Radio Pi\u00f9\" src=\"https:\/\/www.radiopiu.net\/wordpress\/viabilita\/embed\/#?secret=vKlF2JtF7O#?secret=Pp6pSlqol1\" data-secret=\"Pp6pSlqol1\" width=\"600\" height=\"338\" frameborder=\"0\" marginwidth=\"0\" marginheight=\"0\" scrolling=\"no\"><\/iframe><\/p>\n<p>&nbsp;<\/p>\n<p>&nbsp;<\/p>\n<hr \/>\n<p>&nbsp;<\/p>\n<p><a class=\"dt-pswp-item\" href=\"https:\/\/www.radiopiu.net\/wordpress\/wp-content\/uploads\/2018\/09\/WhatsApp-Image-2018-09-20-at-16.04.06.jpeg\" data-dt-img-description=\"\" data-large_image_width=\"800\" data-large_image_height=\"100\"><img loading=\"lazy\" decoding=\"async\" class=\"wp-image-61378 size-full aligncenter\" src=\"https:\/\/www.radiopiu.net\/wordpress\/wp-content\/uploads\/2018\/09\/WhatsApp-Image-2018-09-20-at-16.04.06.jpeg\" alt=\"\" width=\"800\" height=\"100\" srcset=\"https:\/\/www.radiopiu.net\/wordpress\/wp-content\/uploads\/2018\/09\/WhatsApp-Image-2018-09-20-at-16.04.06.jpeg 800w, https:\/\/www.radiopiu.net\/wordpress\/wp-content\/uploads\/2018\/09\/WhatsApp-Image-2018-09-20-at-16.04.06-300x38.jpeg 300w, https:\/\/www.radiopiu.net\/wordpress\/wp-content\/uploads\/2018\/09\/WhatsApp-Image-2018-09-20-at-16.04.06-768x96.jpeg 768w\" sizes=\"auto, (max-width: 800px) 100vw, 800px\" \/><\/a><\/p>\n<p>&nbsp;<\/p>\n<p><center><b>Lunedi 28<\/b><\/center><b>Tempo atteso: <\/b>Giornata perlopi\u00f9 nuvolosa, dapprima per estesa nuvolosit\u00e0 medio-alta, poi anche per intensificazione della nuvolosit\u00e0 medio-bassa fino a molto nuvoloso\/coperto ovunque alla sera, cui potranno associarsi deboli fenomeni a partire dalle Dolomiti. Contesto termico diurno pi\u00f9 freddo per l&#8217;estesa copertura nuvolosa.<br \/>\n<b>Precipitazioni: <\/b>Assenti fino a met\u00e0 pomeriggio (0%); nella seconda parte del pomeriggio e in serata\/notte possibili deboli precipitazioni sparse a partire dalle Dolomiti, eventualmente nevose attorno a 800\/1000 m, anche a quote leggermente inferiori durante la notte, specie nelle valli dolomitiche (50\/70%).<br \/>\n<b>Temperature: <\/b>Minime in lieve aumento, massime in generale calo.<\/p>\n<hr \/>\n<p><center><b>Martedi 29<\/b><\/center><b>Tempo atteso: <\/b>Cielo perlopi\u00f9 molto nuvoloso, anche coperto al mattino, con deboli fenomeni nella notte e al mattino, in attenuazione al pomeriggio ed in cessazione ovunque entro sera, quando sar\u00e0 possibile qualche schiarita.<br \/>\n<b>Precipitazioni: <\/b>Nella notte e al mattino probabili deboli fenomeni (60\/70%), nevosi oltre i 700\/900 m, anche a quote pi\u00f9 basse fino in molti fondovalle sulle Dolomiti; al pomeriggio non escluse residue debolissime precipitazioni (20\/30%), con eventuale quota neve in lieve rialzo; in serata assenti (0%). Tra luned\u00ec e marted\u00ec saranno possibili 2\/10 mm di precipitazione, con altrettanti cm di neve fresca oltre i 1000\/1200 m.<br \/>\n<b>Temperature: <\/b>Minime stazionarie nelle valli e in calo in quota alla sera; massime senza notevoli variazioni.<\/p>\n<hr \/>\n<p><center><b>Mercoledi 30<\/b><\/center>Giornata ancora con cielo in prevalenza nuvoloso\/molto nuvoloso, piuttosto fredda, ma con qualche schiarita possibile durante la giornata; precipitazioni perlopi\u00f9 assenti o limitate a debolissimi fenomeni, eventualmente senza accumuli apprezzabili. Temperature senza notevoli variazioni, o in lieve aumento le massime in caso di qualche schiarita duratura.<\/p>\n<hr \/>\n<p><center><b>Giovedi 1<\/b><\/center>Cielo in prevalenza nuvoloso, ma con qualche schiarita un po&#8217; pi\u00f9 ampia dei giorni precedenti, perlopi\u00f9 senza fenomeni. Contesto termico diurno leggermente pi\u00f9 mite.<\/p>\n<p>&nbsp;<\/p>\n<hr \/>\n<p><a class=\"dt-pswp-item\" href=\"https:\/\/www.radiopiu.net\/wordpress\/wp-content\/uploads\/2022\/11\/316153983_6348393138522273_5088362735969163561_n.jpg\" data-dt-img-description=\"\" data-large_image_width=\"507\" data-large_image_height=\"720\">\u00a0<\/a><\/p>\n<p><a class=\"dt-pswp-item\" href=\"https:\/\/www.radiopiu.net\/wordpress\/wp-content\/uploads\/2022\/11\/316153983_6348393138522273_5088362735969163561_n.jpg\" data-dt-img-description=\"\" data-large_image_width=\"507\" data-large_image_height=\"720\"><img loading=\"lazy\" decoding=\"async\" class=\"size-medium wp-image-308621 aligncenter\" src=\"https:\/\/www.radiopiu.net\/wordpress\/wp-content\/uploads\/2022\/11\/316153983_6348393138522273_5088362735969163561_n-211x300.jpg\" alt=\"\" width=\"211\" height=\"300\" srcset=\"https:\/\/www.radiopiu.net\/wordpress\/wp-content\/uploads\/2022\/11\/316153983_6348393138522273_5088362735969163561_n-211x300.jpg 211w, https:\/\/www.radiopiu.net\/wordpress\/wp-content\/uploads\/2022\/11\/316153983_6348393138522273_5088362735969163561_n.jpg 507w\" sizes=\"auto, (max-width: 211px) 100vw, 211px\" \/><\/a><\/p>\n<p>&nbsp;<\/p>\n<p>&nbsp;<\/p>\n<hr \/>\n<p>&nbsp;<\/p>\n<p><a class=\"dt-pswp-item\" href=\"https:\/\/www.radiopiu.net\/wordpress\/wp-content\/uploads\/2018\/09\/sport.jpg\" data-dt-img-description=\"\" data-large_image_width=\"800\" data-large_image_height=\"100\"><img loading=\"lazy\" decoding=\"async\" class=\"aligncenter wp-image-60761 size-full\" src=\"https:\/\/www.radiopiu.net\/wordpress\/wp-content\/uploads\/2018\/09\/sport.jpg\" alt=\"\" width=\"800\" height=\"100\" srcset=\"https:\/\/www.radiopiu.net\/wordpress\/wp-content\/uploads\/2018\/09\/sport.jpg 800w, https:\/\/www.radiopiu.net\/wordpress\/wp-content\/uploads\/2018\/09\/sport-300x38.jpg 300w, https:\/\/www.radiopiu.net\/wordpress\/wp-content\/uploads\/2018\/09\/sport-768x96.jpg 768w\" sizes=\"auto, (max-width: 800px) 100vw, 800px\" \/><\/a><\/p>\n<p>&nbsp;<\/p>\n<p><span style=\"color: #0000ff;\"><strong>CALCIO<\/strong><\/span><\/p>\n<blockquote>\n<h3>ANCORA UNA SCONFITTA PER L&#8217;AGORDINA CHE PERDE IN CASA CON IL SAN MICHELE SALSA<\/h3>\n<\/blockquote>\n<p><strong><a class=\"dt-pswp-item\" href=\"https:\/\/www.radiopiu.net\/wordpress\/wp-content\/uploads\/2022\/10\/CALCIO-2022-e1665937841126.jpg\" data-dt-img-description=\"\" data-large_image_width=\"400\" data-large_image_height=\"250\"><img loading=\"lazy\" decoding=\"async\" class=\"size-medium wp-image-301842 alignleft\" src=\"https:\/\/www.radiopiu.net\/wordpress\/wp-content\/uploads\/2022\/10\/CALCIO-2022-e1665937841126-300x188.jpg\" alt=\"\" width=\"300\" height=\"188\" srcset=\"https:\/\/www.radiopiu.net\/wordpress\/wp-content\/uploads\/2022\/10\/CALCIO-2022-e1665937841126-300x188.jpg 300w, https:\/\/www.radiopiu.net\/wordpress\/wp-content\/uploads\/2022\/10\/CALCIO-2022-e1665937841126.jpg 400w\" sizes=\"auto, (max-width: 300px) 100vw, 300px\" \/><\/a>SECONDA CATEGORIA GIR. T \/ AGORDINA \u2013 SAN MICHELE SALSA 1-5 (Gol Agordina: Del Chin)<\/strong><\/p>\n<p>Ancora una sconfitta per l\u2019Agordina che non riesce ad uscire da un incubo che dura da alcune settimane. Il San Michele Salsa espugna l\u2019Ivano Dorigo di Agordo rifilando una manita ai padroni di casa. Gli agordini si devono accontentare di un solo gol di Del Chin, gol della bandiera arrivato prima che la formazione di Lorenzi si trovi con l\u2019uomo in meno per l\u2019espulsione di Casera. Agordini ancora in zona playout della Seconda Categoria girone T del Veneto. \u00a0A sbloccare il punteggio sono i trevigiani che vengono premiati con un rigore che Daouda trasforma dopo pochi minuti. Una doccia fredda per gli agordini che subiscono il raddoppio. Protagonista ancora Daouda che mette in area un pallone splendido per un compagno di squadra, il quale con facilit\u00e0 batte il portiere. Nei minuti finali della prima frazione la reazione della squadra di Lorenzi. Accorcia le distanze la formazione di Agordo con Del Chin. Tiro di Zannoni, respinta del portiere e colpo vincente di Del Chin. Prende coraggio l\u2019Agordina che si avvicina alla porta avversaria in pi\u00f9 occasioni. Intanto Casera viene spedito negli spogliatoi per doppia ammonizione. Ad inizio secondo temo il San Michele porta a tre le marcature della giornata con un pallonetto che sorvola l\u2019estremo difensore agordino. Con l\u2019uomo in meno la squadra di Lorenzi fatica ad impensierire i trevigiani. Infatti, il San Michele ne approfitta per chiudere definitivamente la sfida calando il poker con Daouda. In pieno recupero il quinto gol trevigiano.<\/p>\n<p>&nbsp;<\/p>\n<p><strong>GIOVANISSIMI PROVINCIALI \/ DYNAMO \u2013 AGORDINA 0-9<\/strong><\/p>\n<p>Match a senso unico in terra feltrina per l\u2019Agordina di De Bastiani che sotterra di gol la Dynamo. Gli agordini fanno la voce grossa ed incamerano 3 punti dopo aver siglato 9 reti. Tripletta di Soccol, doppietta di Valt e un gol a testa per Mezzacasa, Serafini e Bressan. A chiudere la sfida un autogol dei padroni di casa.<\/p>\n<p>&nbsp;<\/p>\n<p><strong>ALLIEVI REGIONALI \/ ALTIVOLESE \u2013 AGORDINA RINVIATA<\/strong><\/p>\n<p>Un viaggio in terra trevigiana per nulla. Una gita domenicale per l\u2019Agordina di Orzetti che si \u00e8 vista rinviare la partita in programma domenica mattina all\u2019ultimo minuto. Infatti in fase di riscaldamento l\u2019arbitro designato per la sfida con l\u2019Altivolese si \u00e8 infortunato e da qui il rinvio a data da destinarsi.<\/p>\n<p>&nbsp;<\/p>\n<p><strong>JUNIORES PROVINCIALI \/ AGORDINA \u2013 JUVENTINA MUGNAI 3-2<\/strong><\/p>\n<p>Dopo una partita giocata alla pari, l\u2019Agordina Juniores di De Zaiacomo incamera tre punti nella sfida interna con la Juventina Mugnai. Non \u00e8 stata una passeggiata per i ragazzi di Agordo che hanno dovuto fare un botta e risposta con i feltrini. Per gli agordini la vittoria \u00e8 arrivata grazie ad una tripletta di Fontanive<\/p>\n<p>&nbsp;<\/p>\n<p><strong>JUNIORES REGIONALI \/ BARBISANO \u2013 FIORI BARP 0-1<\/strong><\/p>\n<p>Torna a vincere la Juniores regionale del Fiori Barp. Una vittoria di misura che non rispecchia il dominio in campo dei sedicensi che hanno messo alle corde i trevigiani del Barbisano. Solo una squadra in campo nel primo tempo con sei occasioni nitide dei ragazzi di Mas. Nella ripresa si sblocca la sfida. Santel entra in area e viene steso da un difensore. Per il direttore di gara non ci sono dubbi, rigore che Santel trasforma. Continua ad attaccare il Fiori Barp ma la fortuna sembra non assisterli tanto che la partita termina con un solo gol di scarto.<\/p>\n<p>&nbsp;<\/p>\n<p>&nbsp;<\/p>\n<hr \/>\n<p>&nbsp;<\/p>\n<p><span style=\"color: #0000ff;\"><strong>HOCKEY SU GHIACCIO<\/strong><\/span><\/p>\n<blockquote>\n<h3 class=\"entry-title\">IL VARESE PRENDE DI MIRA LE CIVETTE. L\u2019ALLEGHE PERDE ANCORA<\/h3>\n<\/blockquote>\n<p><strong class=\"photoswipe-wrapper\"><a class=\"dt-pswp-item pspw-wrap-ready\" href=\"https:\/\/www.radiopiu.net\/wordpress\/wp-content\/uploads\/2022\/11\/8f33ea96-326e-4565-8471-e71cca43bdcb.jpg\" data-dt-img-description=\"\" data-large_image_width=\"1024\" data-large_image_height=\"768\"><img loading=\"lazy\" decoding=\"async\" class=\" wp-image-308457 alignleft\" src=\"https:\/\/www.radiopiu.net\/wordpress\/wp-content\/uploads\/2022\/11\/8f33ea96-326e-4565-8471-e71cca43bdcb-300x225.jpg\" sizes=\"auto, (max-width: 195px) 100vw, 195px\" srcset=\"https:\/\/www.radiopiu.net\/wordpress\/wp-content\/uploads\/2022\/11\/8f33ea96-326e-4565-8471-e71cca43bdcb-300x225.jpg 300w, https:\/\/www.radiopiu.net\/wordpress\/wp-content\/uploads\/2022\/11\/8f33ea96-326e-4565-8471-e71cca43bdcb-768x576.jpg 768w, https:\/\/www.radiopiu.net\/wordpress\/wp-content\/uploads\/2022\/11\/8f33ea96-326e-4565-8471-e71cca43bdcb.jpg 1024w\" alt=\"\" width=\"195\" height=\"146\" \/><\/a>VARESE \u2013 ALLEGHE 6-2<\/strong><br \/>\nPARZIALI: 3-0, 3-1, 0-1<br \/>\nGOL: pt. 0\u201942\u201d Mazzacane, 7\u201950\u201d Piroso, 8\u201929\u201d Franchini. st. 1\u201957\u201d Cordiano, 5\u201932\u201d Colton, 13\u201940\u201d Borghi, 18\u201912\u201d Raimondi. tt. 0\u201930\u201d Ganz<\/p>\n<p>Un Alleghe con alcune pedine mancanti non riesce a tenere il ritmo del Varese e rimane in fondo alla classifica a zero punti. Ennesima sconfitta per la formazione allenata da Fontana dopo una prestazione da dimenticare in fretta. I mastini fanno la voce grossa e incamera i tre punti in palio senza faticare pi\u00f9 di tanto. Sabato prossimo di nuovo in campo con le civette in trasferta contro il Bressanone. Subito in vantaggio i ladroni di casa che bucano Zanardi alla prima vera occasione. Mazzacane autore del gol che sblocca la partita dopo pochi secondi. Le civette provano a reagire ma sembra sia il Varese a fare la partita. Infatti bastano quaranta secondi ai mastini per portare a tre le marcature della sfida, prima con Piroso poi con Franchini. Lombardi che cercano di gestire al meglio la partita lasciando ben pochi spazi agli agordini. Il poker del Varese arriva dopo due minuti dall\u2019inizio del secondo tempo. Cordiano autore del gol che spedisce il disco sotto la traversa. Alleghesi che alzano la testa e riescono ad accorciare le distanze con Colton che infila il portiere varesotto con un rebound. Sembrano accontentarsi del risultato i mastini ma non \u00e8 cosi. A fine secondo tempo arriva la quinta rete per i padroni di casa con Borghi con un tiro dalla distanza. Il sesto gol arriva subito dopo e il Varese chiude la partita. Terza frazione che inizia con le civette che accorciano le distanze grazie ad una bella triangolazione tra Colton, Novikovs e Ganz con quest\u2019ultimo che sigla la seconda rete agordina. Le squadre giocano a viso aperto e i portieri fanno la differenza. Finale di gara senza tante emozioni e punteggio che non cambia.<\/p>\n<p>&nbsp;<\/p>\n<blockquote>\n<h3>IL GRAZIE DELLA FAMIGLIA ALLEGHE HOCKEY ALL&#8217;AMMINISTRAZIONE COMUNALE DI ALLEGHE<\/h3>\n<\/blockquote>\n<p><strong>REDAZIONE<\/strong> Con la riapertura dello stadio Alvise De Toni di Alleghe la famiglia Alleghe Hockey ha ricominciato ad allenarsi tra le mura amiche. Un sospiro di sollievo per la societ\u00e0 costretta da pi\u00f9 di un mese a fare delle trasferte per poter preparare le partite e far divertire i giovani hockeisti. Da qui il ringraziamento dell&#8217;Alleghe Hockey all&#8217;amministrazione comunale per la riapertura dello stadio.<\/p>\n<blockquote><p><strong><em>&#8220;Grazie di cuore al sindaco Danilo De Toni e all\u2019amministrazione del Comune di Alleghe che hanno permesso ai nostri ragazzi di tornare a pattinare sul ghiaccio di casa&#8221;<\/em><\/strong><\/p><\/blockquote>\n<p><a class=\"dt-pswp-item\" href=\"https:\/\/www.radiopiu.net\/wordpress\/wp-content\/uploads\/2022\/11\/45e4bfa8-0ed9-4af8-bc7a-07017d31a80a.jpg\" data-dt-img-description=\"\" data-large_image_width=\"1024\" data-large_image_height=\"682\"><img loading=\"lazy\" decoding=\"async\" class=\"wp-image-308492 aligncenter\" src=\"https:\/\/www.radiopiu.net\/wordpress\/wp-content\/uploads\/2022\/11\/45e4bfa8-0ed9-4af8-bc7a-07017d31a80a.jpg\" alt=\"\" width=\"575\" height=\"383\" srcset=\"https:\/\/www.radiopiu.net\/wordpress\/wp-content\/uploads\/2022\/11\/45e4bfa8-0ed9-4af8-bc7a-07017d31a80a.jpg 1024w, https:\/\/www.radiopiu.net\/wordpress\/wp-content\/uploads\/2022\/11\/45e4bfa8-0ed9-4af8-bc7a-07017d31a80a-300x200.jpg 300w, https:\/\/www.radiopiu.net\/wordpress\/wp-content\/uploads\/2022\/11\/45e4bfa8-0ed9-4af8-bc7a-07017d31a80a-768x512.jpg 768w\" sizes=\"auto, (max-width: 575px) 100vw, 575px\" \/><\/a><\/p>\n<p>&nbsp;<\/p>\n<p>&nbsp;<\/p>\n<hr \/>\n<p>&nbsp;<\/p>\n<p><span style=\"color: #0000ff;\"><strong>PALLAVOLO<\/strong>\u00a0<\/span><\/p>\n<blockquote>\n<h3>IL VOLLEY CLUB AGORDINO TORNA A VINCERE&#8230;MA CHE FATICA<\/h3>\n<\/blockquote>\n<p><strong><a class=\"dt-pswp-item\" href=\"https:\/\/www.radiopiu.net\/wordpress\/wp-content\/uploads\/2022\/04\/VOLLEY-CLUB-AGORDINO.jpg\" data-dt-img-description=\"\" data-large_image_width=\"500\" data-large_image_height=\"512\"><img loading=\"lazy\" decoding=\"async\" class=\"wp-image-268787 alignleft\" src=\"https:\/\/www.radiopiu.net\/wordpress\/wp-content\/uploads\/2022\/04\/VOLLEY-CLUB-AGORDINO-293x300.jpg\" alt=\"\" width=\"133\" height=\"136\" srcset=\"https:\/\/www.radiopiu.net\/wordpress\/wp-content\/uploads\/2022\/04\/VOLLEY-CLUB-AGORDINO-293x300.jpg 293w, https:\/\/www.radiopiu.net\/wordpress\/wp-content\/uploads\/2022\/04\/VOLLEY-CLUB-AGORDINO.jpg 500w\" sizes=\"auto, (max-width: 133px) 100vw, 133px\" \/><\/a>VOLLEY CLUB AGORDINO &#8211; VEDELAGO 3-2 (23-25, 25-14, 25-20, 18-25, 15-10)<\/strong><\/p>\n<p>\u00c8 stato il tie break a decidere la vincente della sfida tra Volley Club Agordino e Vedelago. Al PalaRova di Agordo le agordine la spuntano dopo una partita di alti e bassi. Vedelago che vince il primo round, ragazze di De Nardin che si sveglia nel secondo e terzo set per poi calare il ritmo nel quarto parziale. Vittoria per il Volley Club Agordino arrivata nel decisivo tie break con 5 punti di vantaggio. Torna a vincere la compagine di Agordo dopo una settimana nera con due sconfitte consecutive, in coppa e campionato.<\/p>\n<p><strong>ALEXANDRA PUGLIA, GIOCATRICE DEL VOLLEY CLUB AGORDINO<\/strong><\/p>\n<audio class=\"wp-audio-shortcode\" id=\"audio-308400-6\" preload=\"none\" style=\"width: 100%;\" controls=\"controls\"><source type=\"audio\/mpeg\" src=\"https:\/\/www.radiopiu.net\/wordpress\/wp-content\/uploads\/2022\/11\/ALEXANDRA-PUGLIA-VOLLEY.mp3?_=6\" \/><a href=\"https:\/\/www.radiopiu.net\/wordpress\/wp-content\/uploads\/2022\/11\/ALEXANDRA-PUGLIA-VOLLEY.mp3\">https:\/\/www.radiopiu.net\/wordpress\/wp-content\/uploads\/2022\/11\/ALEXANDRA-PUGLIA-VOLLEY.mp3<\/a><\/audio>\n<p>&nbsp;<\/p>\n<p>&nbsp;<\/p>\n<p><b>BOTTINO PIENO PER LA PALLAVOLO BELLUNO A SAN GIUSTINO<\/b><\/p>\n<p><b>ERMGROUP SAN GIUSTINO- BELLUNO 1-3 <\/b><b>PARZIALI: <\/b>25-16, 20-25, 21-25, 24-26. <b>BELLUNO: <\/b>Maccabruni 3, Novello 22, Saibene, Graziani 14, Mozzato 11, Stufano 2; Martinez (L), Ostuzzi 4. N.e. Candeago, Galliani, Guolla, Pierobon (L). Allenatore: G. Colussi.<span class=\"gmail-Apple-converted-space\"> \u00a0<\/span><b>ARBITRI: <\/b>Antonio Licchelli di Lecce e Simone Fontini di Latina. <b>NOTE. <\/b>Durata set 21\u2019, 27\u2019, 26\u2019, 31\u2019; totale 1h45\u2019. San Giustino: battute sbagliate 17, vincenti 4, muri 10. Belluno: b.s. 11, v. 9, m. 9.<\/p>\n<p>La pallavolo Belluno spezza la serie di tre sconfitte in sequenza. E lo fa in trasferta, dove non vinceva da inizio ottobre. Ovvero, dalla prima giornata di campionato.\u00a0 I\u00a0rinoceronti danno vita a una delle migliori prestazioni della loro annata: solidi in difesa (evidente la bont\u00e0 del lavoro svolto in settimana su questo fondamentale), precisi in ricezione (64 per cento complessivo contro il 52 degli umbri), efficacissimi al servizio (ben 9 ace, a fronte di 11 errori: un saldo da incorniciare) e continui in attacco. Se poi bomber Marco Novello piazza 22 punti e qualcosa come sei battute vincenti, allora \u00e8 evidente che la serata \u00e8 speciale. Grazie a questo successo, la DRL guadagna due posizioni in classifica. E balza al quarto posto.<span class=\"gmail-Apple-converted-space\">\u00a0<\/span><\/p>\n<blockquote><p><em><b>\u00a0<\/b>\u00abSiamo contenti di questa vittoria &#8211; \u00e8 il commento di bomber Novello &#8211; visto che ci permette di avanzare in classifica. Sono tre punti meritati e ottenuti in una trasferta davvero non facile, contro un avversario dal notevole potenziale. La soddisfazione \u00e8 tanta\u00bb.\u00a0<\/em><\/p><\/blockquote>\n<p>&nbsp;<\/p>\n<blockquote>\n<h3>ANCORA UNA SCONFITTA PER LE LUPE<\/h3>\n<\/blockquote>\n<p><b><a class=\"dt-pswp-item\" href=\"https:\/\/www.radiopiu.net\/wordpress\/wp-content\/uploads\/2022\/11\/Buzzatti_e_Fantinel_si_confrontano.jpg\" data-dt-img-description=\"\" data-large_image_width=\"1280\" data-large_image_height=\"855\"><img loading=\"lazy\" decoding=\"async\" class=\"wp-image-308463 alignleft\" src=\"https:\/\/www.radiopiu.net\/wordpress\/wp-content\/uploads\/2022\/11\/Buzzatti_e_Fantinel_si_confrontano-300x200.jpg\" alt=\"\" width=\"182\" height=\"121\" srcset=\"https:\/\/www.radiopiu.net\/wordpress\/wp-content\/uploads\/2022\/11\/Buzzatti_e_Fantinel_si_confrontano-300x200.jpg 300w, https:\/\/www.radiopiu.net\/wordpress\/wp-content\/uploads\/2022\/11\/Buzzatti_e_Fantinel_si_confrontano-1024x684.jpg 1024w, https:\/\/www.radiopiu.net\/wordpress\/wp-content\/uploads\/2022\/11\/Buzzatti_e_Fantinel_si_confrontano-768x513.jpg 768w, https:\/\/www.radiopiu.net\/wordpress\/wp-content\/uploads\/2022\/11\/Buzzatti_e_Fantinel_si_confrontano.jpg 1280w\" sizes=\"auto, (max-width: 182px) 100vw, 182px\" \/><\/a>HL IMMOBILIARE BELLUNO-IMARC ROSSANO 0-3 (<\/b><strong>17-25, 21-25, 25-27)<\/strong><\/p>\n<p>Ci prova la Pallavolo Belluno Femminile.\u00a0Eccome se ci prova. A tratti, mette in mostra una buonissima pallavolo, ma l\u2019Imarc Rossano non ha vinto cinque partite su sei per grazia ricevuta. E si conferma un\u2019autentica big del girone. Ancora una volta, quindi, il De Mas \u00e8 violato: le lupe incassano la quinta sconfitta consecutiva e non riescono ad abbandonare le zone basse della graduatoria. In ogni caso, si pu\u00f2 ripartire, e con fiducia, dalla serie di progressi manifestati sotto il profilo del gioco, dell\u2019atteggiamento e dell\u2019interpretazione di un match rimasto sempre in discussione.\u00a0Le padrone di casa hanno un buonissimo approccio alla sfida, ma vengono presto a galla le qualit\u00e0 dell\u2019Imarc, che scappa sul 14-8. Le bellunesi tentano di riavvicinarsi con una Claudia Fiabane in grande spolvero: due punti in sequenza della centrale (compreso un muro da urlo) permettono alle lupe di portarsi a contatto (13-15). Solo che il trio Baggio-Cecchin-Fantinato innesta le marce alte. E riparte la fuga vicentina: quella definitiva.<span class=\"gmail-Apple-converted-space\">\u00a0<\/span><\/p>\n<p>&nbsp;<\/p>\n<p>&nbsp;<\/p>\n<hr \/>\n<p>&nbsp;<\/p>\n<p><span style=\"color: #0000ff;\"><strong>CORSA CAMPESTRE<\/strong><\/span><\/p>\n<blockquote>\n<h3>A BRIBANO LA CONCLUSIONE DEL 24\u00ba CAMPIONATO PROVINCIALE DI CORSA CAMPESTRE<\/h3>\n<\/blockquote>\n<p><strong><a class=\"dt-pswp-item\" href=\"https:\/\/www.radiopiu.net\/wordpress\/wp-content\/uploads\/2018\/04\/CorsaCampestre059.jpg\" data-dt-img-description=\"\" data-large_image_width=\"1400\" data-large_image_height=\"905\"><img loading=\"lazy\" decoding=\"async\" class=\" wp-image-46004 alignleft\" src=\"https:\/\/www.radiopiu.net\/wordpress\/wp-content\/uploads\/2018\/04\/CorsaCampestre059-300x194.jpg\" alt=\"\" width=\"181\" height=\"117\" srcset=\"https:\/\/www.radiopiu.net\/wordpress\/wp-content\/uploads\/2018\/04\/CorsaCampestre059-300x194.jpg 300w, https:\/\/www.radiopiu.net\/wordpress\/wp-content\/uploads\/2018\/04\/CorsaCampestre059-768x496.jpg 768w, https:\/\/www.radiopiu.net\/wordpress\/wp-content\/uploads\/2018\/04\/CorsaCampestre059-1024x662.jpg 1024w, https:\/\/www.radiopiu.net\/wordpress\/wp-content\/uploads\/2018\/04\/CorsaCampestre059.jpg 1400w\" sizes=\"auto, (max-width: 181px) 100vw, 181px\" \/><\/a>SEDICO <\/strong>Si \u00e8 conclusa domenica 27 novembre la 24.ma edizione del Campionato provinciale di corsa campestre Csi, \u00a0evento proposto dal Comitato di Belluno del Centro sportivo italiano, in sinergia con quello di Feltre e valido per l\u2019assegnazione del Memorial Serafino Barp (classifica a squadre dedicata alle categorie giovanili) e per l\u2019assegnazione del Trofeo Passport (classifica a squadre complessiva). Si \u00e8 gareggiato a Bribano di Sedico, per l\u2019organizzazione del Gs La Piave 2000, in una giornata di splendido sole e su un tracciato vario e veloce. La vittoria nella graduatoria complessiva per societ\u00e0 \u00e8 andata al Gs Castionese che, con 808 punti, ha avuto la meglio sul Gs Astra Quero (658) e sulla societ\u00e0 organizzatrice della giornata, il Gs La Piave 2000 (649). A livello giovanile la vittoria \u00e8 andata al Gs La Piave 2000 (495 punti) che si \u00e8 imposto sul Gs Astra Quero (353) e il Gs Castionese (318). In ambito individuale, la gara assoluta maschile \u00e8 vissuta sul bel duello tra Francesco Da Vi\u00e0 (La Piave 2000) e Mihail Sirbu (Castionese) con quest\u2019ultimo che nel finale riusciva a forzare e vincere con 5 secondi di vantaggio sull\u2019avversario. A completare il podio Mattia Scopel (Atletica Lamon). Tra le donne, davanti a tutte Manuela Bulf (Atletica Agordina), alla quale solo la giovanissima Chiara Pedol (Castionese) ha cercato di resistere. Terza posizione per l\u2019ex azzurra Federica Dal Ri. Per quanto riguarda le classifiche finali, a imporsi nella graduatoria \u00a0complessiva (Trofeo Passsport) \u00e8 stato il Gs Castionese mentre in quella giovanile (Memorial Serafino Barp) il Gs La Piave 2000. Le premiazioni delle classifiche finali si svolgeranno sabato 3 dicembre alla palestra della Piscina di Santa Giustina, nel corso del Natale dello Sportivo. L\u2019appuntamento \u00e8 per le 16.45.<\/p>\n","protected":false},"excerpt":{"rendered":"<p>RADIO PIU INFORMAZIONE il canale su TELEGRAM informazione di prima\u00a0 mano e in tempo reale. iscriviti ed aiutaci a farlo conoscere\u00a0\u00a0 &nbsp; &nbsp; ACQUA NON POTABILE A GOSALDO GOSALDO Gestione Servizi Pubblici informa che a GOSALDO nelle localit\u00e0 LE CASE, CURTI e INCASAL l&#8217;acqua erogata dall&#8217;acquedotto non \u00e8 potabile e pu\u00f2 essere usata per scopi&hellip;<\/p>\n","protected":false},"author":4,"featured_media":308558,"comment_status":"closed","ping_status":"closed","sticky":false,"template":"","format":"standard","meta":{"_monsterinsights_skip_tracking":false,"_monsterinsights_sitenote_active":false,"_monsterinsights_sitenote_note":"","_monsterinsights_sitenote_category":0,"footnotes":""},"categories":[86,49],"tags":[],"class_list":["post-308400","post","type-post","status-publish","format-standard","has-post-thumbnail","hentry","category-gr","category-news-18","category-86","category-49","description-off"],"img_url":"https:\/\/www.radiopiu.net\/wordpress\/wp-content\/uploads\/2022\/11\/16687f57-e09a-44ab-ad98-b8a8d95979e0.jpg","_links":{"self":[{"href":"https:\/\/www.radiopiu.net\/wordpress\/wp-json\/wp\/v2\/posts\/308400","targetHints":{"allow":["GET"]}}],"collection":[{"href":"https:\/\/www.radiopiu.net\/wordpress\/wp-json\/wp\/v2\/posts"}],"about":[{"href":"https:\/\/www.radiopiu.net\/wordpress\/wp-json\/wp\/v2\/types\/post"}],"author":[{"embeddable":true,"href":"https:\/\/www.radiopiu.net\/wordpress\/wp-json\/wp\/v2\/users\/4"}],"replies":[{"embeddable":true,"href":"https:\/\/www.radiopiu.net\/wordpress\/wp-json\/wp\/v2\/comments?post=308400"}],"version-history":[{"count":0,"href":"https:\/\/www.radiopiu.net\/wordpress\/wp-json\/wp\/v2\/posts\/308400\/revisions"}],"wp:featuredmedia":[{"embeddable":true,"href":"https:\/\/www.radiopiu.net\/wordpress\/wp-json\/wp\/v2\/media\/308558"}],"wp:attachment":[{"href":"https:\/\/www.radiopiu.net\/wordpress\/wp-json\/wp\/v2\/media?parent=308400"}],"wp:term":[{"taxonomy":"category","embeddable":true,"href":"https:\/\/www.radiopiu.net\/wordpress\/wp-json\/wp\/v2\/categories?post=308400"},{"taxonomy":"post_tag","embeddable":true,"href":"https:\/\/www.radiopiu.net\/wordpress\/wp-json\/wp\/v2\/tags?post=308400"}],"curies":[{"name":"wp","href":"https:\/\/api.w.org\/{rel}","templated":true}]}}