{"id":308406,"date":"2022-11-26T08:54:24","date_gmt":"2022-11-26T07:54:24","guid":{"rendered":"https:\/\/www.radiopiu.net\/wordpress\/?p=308406"},"modified":"2022-11-26T08:54:24","modified_gmt":"2022-11-26T07:54:24","slug":"carabinieri-cortina-prende-il-via-il-progetto-sulla-buona-strada","status":"publish","type":"post","link":"https:\/\/www.radiopiu.net\/wordpress\/carabinieri-cortina-prende-il-via-il-progetto-sulla-buona-strada\/","title":{"rendered":"CARABINIERI CORTINA: PRENDE IL VIA IL PROGETTO \u201cSULLA BUONA STRADA\u201d"},"content":{"rendered":"<p><strong><a class=\"dt-pswp-item\" href=\"https:\/\/www.radiopiu.net\/wordpress\/wp-content\/uploads\/2022\/11\/i-carabinieri-di-cortina-a-scuola.png\" data-dt-img-description=\"\" data-large_image_width=\"1025\" data-large_image_height=\"695\"><img loading=\"lazy\" decoding=\"async\" class=\" wp-image-308407 alignleft\" src=\"https:\/\/www.radiopiu.net\/wordpress\/wp-content\/uploads\/2022\/11\/i-carabinieri-di-cortina-a-scuola-300x203.png\" alt=\"\" width=\"204\" height=\"138\" srcset=\"https:\/\/www.radiopiu.net\/wordpress\/wp-content\/uploads\/2022\/11\/i-carabinieri-di-cortina-a-scuola-300x203.png 300w, https:\/\/www.radiopiu.net\/wordpress\/wp-content\/uploads\/2022\/11\/i-carabinieri-di-cortina-a-scuola-768x521.png 768w, https:\/\/www.radiopiu.net\/wordpress\/wp-content\/uploads\/2022\/11\/i-carabinieri-di-cortina-a-scuola.png 1025w\" sizes=\"auto, (max-width: 204px) 100vw, 204px\" \/><\/a>BELLUNO <\/strong>A partire dalla giornata mondiale delle vittime della strada, che ricorre il 20 novembre di ogni anno, i Carabinieri di Cortina d\u2019Ampezzo insieme all\u2019Istituto Omnicomprensivo Valboite hanno dato avvio al progetto educativo \u201csulla buona strada\u201d. Si tratta di un programma che mira a creare negli alunni una maggiore consapevolezza degli effetti negativi, a volte irreparabili, derivanti dalla distrazione alla guida di un\u2019autovettura o dall\u2019uso di sostanze alcoliche o stupefacenti. Il ciclo di incontri, articolato in quattro giornate, ha visto partecipare oltre 250 allievi dell\u2019Istituto di Cortina d\u2019Ampezzo e di San Vito di Cadore. Gli studenti, accompagnati dai loro insegnanti, hanno ascoltato con grande attenzione le parole dei Carabinieri che quotidianamente affrontano il tema della sicurezza stradale. \u201c<em>L\u2019obiettivo di questo progetto\u201d ha detto il Capitano Alessandro Bui, Comandante della Compagnia dei Carabinieri di Cortina &#8211; \u00e8 quello di costruire nei giovani utenti della strada una crescente coscienza critica che li aiuti a rispettare le norme di comportamento, contenute nel Codice della Strada, ma soprattutto a comprenderne il reale valore e fare le scelte pi\u00f9 giuste per la loro e altrui sicurezza<\/em>\u201d. L\u2019iniziativa, nata dalla sinergia tra i Carabinieri di Cortina d\u2019Ampezzo ed i Dirigenti Scolastici, il Professore Lamon e la Professoressa Pompanin, ha trovato l\u2019entusiasmo da parte di tutto il corpo docente e dei genitori, nella consapevolezza che solo attraverso la divulgazione di informazioni sulla sicurezza stradale si possono prevenire incidenti che troppo spesso accadono sulle nostre strade. Si tratta di una iniziativa che si inquadra nel pi\u00f9 ampio progetto di educazione ala legalit\u00e0 che ogni anno coinvolge i Carabinieri e tutte le scuole della provincia, per discutere temi di grande attualit\u00e0 e avviare un dialogo formativo tra i giovanissimi e le Istituzioni.<\/p>\n<p>&nbsp;<\/p>\n<p>&nbsp;<\/p>\n<p>******<\/p>\n","protected":false},"excerpt":{"rendered":"<p>BELLUNO A partire dalla giornata mondiale delle vittime della strada, che ricorre il 20 novembre di ogni anno, i Carabinieri di Cortina d\u2019Ampezzo insieme all\u2019Istituto Omnicomprensivo Valboite hanno dato avvio al progetto educativo \u201csulla buona strada\u201d. Si tratta di un programma che mira a creare negli alunni una maggiore consapevolezza degli effetti negativi, a volte&hellip;<\/p>\n","protected":false},"author":4,"featured_media":308407,"comment_status":"closed","ping_status":"closed","sticky":false,"template":"","format":"standard","meta":{"_monsterinsights_skip_tracking":false,"_monsterinsights_sitenote_active":false,"_monsterinsights_sitenote_note":"","_monsterinsights_sitenote_category":0,"footnotes":""},"categories":[49],"tags":[],"class_list":["post-308406","post","type-post","status-publish","format-standard","has-post-thumbnail","hentry","category-news-18","category-49","description-off"],"img_url":"https:\/\/www.radiopiu.net\/wordpress\/wp-content\/uploads\/2022\/11\/i-carabinieri-di-cortina-a-scuola.png","_links":{"self":[{"href":"https:\/\/www.radiopiu.net\/wordpress\/wp-json\/wp\/v2\/posts\/308406","targetHints":{"allow":["GET"]}}],"collection":[{"href":"https:\/\/www.radiopiu.net\/wordpress\/wp-json\/wp\/v2\/posts"}],"about":[{"href":"https:\/\/www.radiopiu.net\/wordpress\/wp-json\/wp\/v2\/types\/post"}],"author":[{"embeddable":true,"href":"https:\/\/www.radiopiu.net\/wordpress\/wp-json\/wp\/v2\/users\/4"}],"replies":[{"embeddable":true,"href":"https:\/\/www.radiopiu.net\/wordpress\/wp-json\/wp\/v2\/comments?post=308406"}],"version-history":[{"count":0,"href":"https:\/\/www.radiopiu.net\/wordpress\/wp-json\/wp\/v2\/posts\/308406\/revisions"}],"wp:featuredmedia":[{"embeddable":true,"href":"https:\/\/www.radiopiu.net\/wordpress\/wp-json\/wp\/v2\/media\/308407"}],"wp:attachment":[{"href":"https:\/\/www.radiopiu.net\/wordpress\/wp-json\/wp\/v2\/media?parent=308406"}],"wp:term":[{"taxonomy":"category","embeddable":true,"href":"https:\/\/www.radiopiu.net\/wordpress\/wp-json\/wp\/v2\/categories?post=308406"},{"taxonomy":"post_tag","embeddable":true,"href":"https:\/\/www.radiopiu.net\/wordpress\/wp-json\/wp\/v2\/tags?post=308406"}],"curies":[{"name":"wp","href":"https:\/\/api.w.org\/{rel}","templated":true}]}}