{"id":308411,"date":"2022-11-26T09:18:17","date_gmt":"2022-11-26T08:18:17","guid":{"rendered":"https:\/\/www.radiopiu.net\/wordpress\/?p=308411"},"modified":"2022-11-26T09:18:17","modified_gmt":"2022-11-26T08:18:17","slug":"in-arrivo-quasi-47-miliardi-di-tredicesime-di-cui-114-finiranno-nelle-casse-dell-erario","status":"publish","type":"post","link":"https:\/\/www.radiopiu.net\/wordpress\/in-arrivo-quasi-47-miliardi-di-tredicesime-di-cui-114-finiranno-nelle-casse-dell-erario\/","title":{"rendered":"IN ARRIVO QUASI 47 MILIARDI DI TREDICESIME, DI CUI 11,4 FINIRANNO NELLE CASSE DELL\u2019 ERARIO"},"content":{"rendered":"<p><a class=\"dt-pswp-item\" href=\"https:\/\/www.radiopiu.net\/wordpress\/wp-content\/uploads\/2022\/11\/Schermata-2022-11-26-alle-09.16.10.png\" data-dt-img-description=\"\" data-large_image_width=\"1116\" data-large_image_height=\"306\"><img loading=\"lazy\" decoding=\"async\" class=\"alignleft size-medium wp-image-308414\" src=\"https:\/\/www.radiopiu.net\/wordpress\/wp-content\/uploads\/2022\/11\/Schermata-2022-11-26-alle-09.16.10-300x82.png\" alt=\"\" width=\"300\" height=\"82\" srcset=\"https:\/\/www.radiopiu.net\/wordpress\/wp-content\/uploads\/2022\/11\/Schermata-2022-11-26-alle-09.16.10-300x82.png 300w, https:\/\/www.radiopiu.net\/wordpress\/wp-content\/uploads\/2022\/11\/Schermata-2022-11-26-alle-09.16.10-1024x281.png 1024w, https:\/\/www.radiopiu.net\/wordpress\/wp-content\/uploads\/2022\/11\/Schermata-2022-11-26-alle-09.16.10-768x211.png 768w, https:\/\/www.radiopiu.net\/wordpress\/wp-content\/uploads\/2022\/11\/Schermata-2022-11-26-alle-09.16.10.png 1116w\" sizes=\"auto, (max-width: 300px) 100vw, 300px\" \/><\/a>I pensionati cominceranno a riscuoterla gioved\u00ec prossimo; i dipendenti pubblici e quelli privati, invece, entro le prossime tre o quattro settimane. Stiamo parlando delle tredicesime e l\u2019Ufficio studi della CGIA ha gi\u00e0 fatto i primi conti: quest\u2019anno l\u2019ammontare complessivo toccher\u00e0 i 46,9 miliardi di euro, di cui 11,4 verranno \u201cassorbiti\u201d dal fisco.<\/p>\n<p>I destinatari di questa gratifica ammontano a 33,9 milioni di italiani: 16,1 milioni di pensionati e 17,8 milioni di lavoratori dipendenti. In complesso, i beneficiari incasseranno un ammontare lordo pari a 46,9 miliardi di euro. Se a questo importo sottraiamo gli 11,4 miliardi di ritenute Irpef che finiranno nelle casse dell\u2019erario, nelle tasche degli italiani rimarranno 35,5 miliardi netti (vedi Tab. 1).<\/p>\n<p>Probabilmente una buona parte di questa mensilit\u00e0 aggiuntiva sar\u00e0 spesa nel mese di dicembre per pagare, in particolar modo, le bollette di luce e gas, la rata del mutuo, il saldo dell\u2019Imu della seconda abitazione, ma \u00e8 altrettanto auspicabile che la rimanente parte venga utilizzata per rilanciare i consumi natalizi. Una voce, quest\u2019ultima, che ha una incidenza molto importante sul bilancio annuale di molti artigiani e di altrettanti piccoli commercianti.<\/p>\n<p><strong><a class=\"dt-pswp-item\" href=\"https:\/\/www.radiopiu.net\/wordpress\/wp-content\/uploads\/2022\/11\/Schermata-2022-11-26-alle-09.16.42.png\" data-dt-img-description=\"\" data-large_image_width=\"966\" data-large_image_height=\"1634\"><img loading=\"lazy\" decoding=\"async\" class=\"alignleft size-medium wp-image-308413\" src=\"https:\/\/www.radiopiu.net\/wordpress\/wp-content\/uploads\/2022\/11\/Schermata-2022-11-26-alle-09.16.42-177x300.png\" alt=\"\" width=\"177\" height=\"300\" srcset=\"https:\/\/www.radiopiu.net\/wordpress\/wp-content\/uploads\/2022\/11\/Schermata-2022-11-26-alle-09.16.42-177x300.png 177w, https:\/\/www.radiopiu.net\/wordpress\/wp-content\/uploads\/2022\/11\/Schermata-2022-11-26-alle-09.16.42-605x1024.png 605w, https:\/\/www.radiopiu.net\/wordpress\/wp-content\/uploads\/2022\/11\/Schermata-2022-11-26-alle-09.16.42-768x1299.png 768w, https:\/\/www.radiopiu.net\/wordpress\/wp-content\/uploads\/2022\/11\/Schermata-2022-11-26-alle-09.16.42-908x1536.png 908w, https:\/\/www.radiopiu.net\/wordpress\/wp-content\/uploads\/2022\/11\/Schermata-2022-11-26-alle-09.16.42.png 966w\" sizes=\"auto, (max-width: 177px) 100vw, 177px\" \/><\/a>Quest\u2019anno previsti 9,5 miliardi di acquisti natalizi<\/strong><br \/>\nL\u2019Ufficio studi della CGIA stima che la spesa per i regali natalizi di quest\u2019anno dovrebbe toccare almeno la stessa soglia registrata l\u2019anno scorso, quando sfior\u00f2 i 9,5 miliardi di euro. Niente a che vedere, tuttavia, con quanto spendevamo prima della grande crisi del 2008-2009, quando per i regali natalizi gli italiani facevano acquisti per 18\/19 miliardi di euro. La contrazione registrata in questi ultimi anni in parte \u00e8 anche ascrivibile al fatto che molti italiani anticipano a novembre l\u2019acquisto dei regali, approfittando del \u201cblack friday\u201d. Con meno acquisti, tuttavia, a pagare il conto sono stati soprattutto i negozi di vicinato, mentre gli outlet e, almeno in parte, la grande distribuzione organizzata sono riusciti ad ammortizzare il colpo. Speriamo che anche grazie alle tredicesime, in questo ultimo mese dell\u2019anno si torni a spendere intelligentemente, ridando cos\u00ec fiato alla domanda interna che, purtroppo, \u00e8 destinata a contrarsi.<\/p>\n<p><strong>I regali pi\u00f9 diffusi<\/strong><br \/>\nTendenzialmente anche quest\u2019anno i generi alimentari dovrebbero confermarsi la tipologia di regalo natalizio pi\u00f9 gettonato dagli italiani: seguono i giocattoli, i prodotti tecnologici, i libri, l\u2019abbigliamento\/scarpe e gli articoli per la cura della persona. Non c\u2019\u00e8 alcun dubbio che i cosiddetti regali \u201cdigitali\u201d subiranno una decisa impennata: potendo essere acquistati senza doversi recare presso i negozi fisici, sicuramente subiranno un ulteriore aumento. In particolare gli abbonamenti a piattaforme streaming e buoni regalo per acquistare online.<\/p>\n<p><strong>In Lombardia, Lazio e Veneto il pi\u00f9 alto numero di percettori<\/strong><\/p>\n<p>A livello geografico la regione che presenta il pi\u00f9 alto numero di beneficiari della tredicesima mensilit\u00e0 \u00e8 la Lombardia: tra lavoratori dipendenti e pensionati, le persone interessate saranno quasi 6,2 milioni. Seguono i 3,25 milioni di percettori presenti nel Lazio e i 2,98 milioni residenti in Veneto. Appena fuori dal podio scorgiamo i 2,82 milioni di abitanti in Emilia Romagna e i 2,58 del Piemonte. La regione meno interessata, anche perch\u00e9 demograficamente la pi\u00f9 piccola d\u2019Italia, \u00e8 la Valle d\u2019Aosta. I cittadini valdostani che riceveranno questa gratifica ammontano a quasi 79 mila (vedi Tab. 2).<\/p>\n<p><strong>Met\u00e0 dipendenti ricevono anche la 14esima<\/strong><\/p>\n<p>Va ricordato che per quanto riguarda i lavoratori dipendenti, tutti i CCNL prevedono, per legge, la tredicesima mensilit\u00e0. Infine, secondo una stima dell\u2019Ufficio studi della CGIA, sono tra i 7,5 e gli 8 milioni i lavoratori dipendenti del settore privato che beneficiano anche della 14esima (pari a poco pi\u00f9 della met\u00e0 dei dipendenti privati totali). I principali contratti nazionali di lavoro che prevedono questa mensilit\u00e0 aggiuntiva che tradizionalmente viene erogata a luglio sono: l\u2019agricoltura, l\u2019alimentare, l\u2019autotrasporto, il commercio\/turismo\/ristorazione e il comparto pulizia\/multiservizi.<\/p>\n","protected":false},"excerpt":{"rendered":"<p>I pensionati cominceranno a riscuoterla gioved\u00ec prossimo; i dipendenti pubblici e quelli privati, invece, entro le prossime tre o quattro settimane. Stiamo parlando delle tredicesime e l\u2019Ufficio studi della CGIA ha gi\u00e0 fatto i primi conti: quest\u2019anno l\u2019ammontare complessivo toccher\u00e0 i 46,9 miliardi di euro, di cui 11,4 verranno \u201cassorbiti\u201d dal fisco. I destinatari di&hellip;<\/p>\n","protected":false},"author":2,"featured_media":308412,"comment_status":"closed","ping_status":"closed","sticky":false,"template":"","format":"standard","meta":{"_monsterinsights_skip_tracking":false,"_monsterinsights_sitenote_active":false,"_monsterinsights_sitenote_note":"","_monsterinsights_sitenote_category":0,"footnotes":""},"categories":[49],"tags":[],"class_list":["post-308411","post","type-post","status-publish","format-standard","has-post-thumbnail","hentry","category-news-18","category-49","description-off"],"img_url":"https:\/\/www.radiopiu.net\/wordpress\/wp-content\/uploads\/2022\/11\/emotional-handsome-mature-man-wearing-jacket-looking-at-front-with-okay-single-gesture-against-violet-wall.jpg","_links":{"self":[{"href":"https:\/\/www.radiopiu.net\/wordpress\/wp-json\/wp\/v2\/posts\/308411","targetHints":{"allow":["GET"]}}],"collection":[{"href":"https:\/\/www.radiopiu.net\/wordpress\/wp-json\/wp\/v2\/posts"}],"about":[{"href":"https:\/\/www.radiopiu.net\/wordpress\/wp-json\/wp\/v2\/types\/post"}],"author":[{"embeddable":true,"href":"https:\/\/www.radiopiu.net\/wordpress\/wp-json\/wp\/v2\/users\/2"}],"replies":[{"embeddable":true,"href":"https:\/\/www.radiopiu.net\/wordpress\/wp-json\/wp\/v2\/comments?post=308411"}],"version-history":[{"count":0,"href":"https:\/\/www.radiopiu.net\/wordpress\/wp-json\/wp\/v2\/posts\/308411\/revisions"}],"wp:featuredmedia":[{"embeddable":true,"href":"https:\/\/www.radiopiu.net\/wordpress\/wp-json\/wp\/v2\/media\/308412"}],"wp:attachment":[{"href":"https:\/\/www.radiopiu.net\/wordpress\/wp-json\/wp\/v2\/media?parent=308411"}],"wp:term":[{"taxonomy":"category","embeddable":true,"href":"https:\/\/www.radiopiu.net\/wordpress\/wp-json\/wp\/v2\/categories?post=308411"},{"taxonomy":"post_tag","embeddable":true,"href":"https:\/\/www.radiopiu.net\/wordpress\/wp-json\/wp\/v2\/tags?post=308411"}],"curies":[{"name":"wp","href":"https:\/\/api.w.org\/{rel}","templated":true}]}}