{"id":308479,"date":"2022-11-27T09:48:39","date_gmt":"2022-11-27T08:48:39","guid":{"rendered":"https:\/\/www.radiopiu.net\/wordpress\/?p=308479"},"modified":"2022-11-27T09:48:39","modified_gmt":"2022-11-27T08:48:39","slug":"collage-operazione-nostalgia-a-ritmo-di-rock","status":"publish","type":"post","link":"https:\/\/www.radiopiu.net\/wordpress\/collage-operazione-nostalgia-a-ritmo-di-rock\/","title":{"rendered":"COLLAGE OPERAZIONE NOSTALGIA A RITMO DI ROCK"},"content":{"rendered":"<p><strong><a class=\"dt-pswp-item\" href=\"https:\/\/www.radiopiu.net\/wordpress\/wp-content\/uploads\/2022\/11\/simon-garfunkel.jpg\" data-dt-img-description=\"\" data-large_image_width=\"460\" data-large_image_height=\"360\"><img loading=\"lazy\" decoding=\"async\" class=\" wp-image-308480 alignleft\" src=\"https:\/\/www.radiopiu.net\/wordpress\/wp-content\/uploads\/2022\/11\/simon-garfunkel-300x235.jpg\" alt=\"\" width=\"175\" height=\"137\" srcset=\"https:\/\/www.radiopiu.net\/wordpress\/wp-content\/uploads\/2022\/11\/simon-garfunkel-300x235.jpg 300w, https:\/\/www.radiopiu.net\/wordpress\/wp-content\/uploads\/2022\/11\/simon-garfunkel.jpg 460w\" sizes=\"auto, (max-width: 175px) 100vw, 175px\" \/><\/a>di Loris Scussel<\/strong><\/p>\n<p>La nuova settimana di Collage si aprir\u00e0 a ritmo di rock in particolare con i Deep Purple di \u201cHush\u201d, marted\u00ec brani di musica classica e non, mercoled\u00ec sar\u00e0 la volta dei gruppi italiani degli anni 70 con \u201cIo vagabondo\u201d dei Nomadi e cos\u00ec via, la trasmissione di gioved\u00ec sar\u00e0 dedicata ai cantautori e si aprir\u00e0 con \u201cLa luce dell\u2019est\u201d di Lucio Battisti, infine chiuderemo la settimana in bellezza venerd\u00ec con una selezione di successi internazionali come \u201cThe sound of silence\u201d di Simon e Garfunkel. Collage va in onda dal luned\u00ec al venerd\u00ec alle 16,00 e alle 23,00 naturalmente su Radio Pi\u00f9<\/p>\n<p>&nbsp;<\/p>\n<p>&nbsp;<\/p>\n<p>&nbsp;<\/p>\n<p>*****<\/p>\n","protected":false},"excerpt":{"rendered":"<p>di Loris Scussel La nuova settimana di Collage si aprir\u00e0 a ritmo di rock in particolare con i Deep Purple di \u201cHush\u201d, marted\u00ec brani di musica classica e non, mercoled\u00ec sar\u00e0 la volta dei gruppi italiani degli anni 70 con \u201cIo vagabondo\u201d dei Nomadi e cos\u00ec via, la trasmissione di gioved\u00ec sar\u00e0 dedicata ai cantautori&hellip;<\/p>\n","protected":false},"author":4,"featured_media":308480,"comment_status":"closed","ping_status":"closed","sticky":false,"template":"","format":"standard","meta":{"_monsterinsights_skip_tracking":false,"_monsterinsights_sitenote_active":false,"_monsterinsights_sitenote_note":"","_monsterinsights_sitenote_category":0,"footnotes":""},"categories":[49],"tags":[],"class_list":["post-308479","post","type-post","status-publish","format-standard","has-post-thumbnail","hentry","category-news-18","category-49","description-off"],"img_url":"https:\/\/www.radiopiu.net\/wordpress\/wp-content\/uploads\/2022\/11\/simon-garfunkel.jpg","_links":{"self":[{"href":"https:\/\/www.radiopiu.net\/wordpress\/wp-json\/wp\/v2\/posts\/308479","targetHints":{"allow":["GET"]}}],"collection":[{"href":"https:\/\/www.radiopiu.net\/wordpress\/wp-json\/wp\/v2\/posts"}],"about":[{"href":"https:\/\/www.radiopiu.net\/wordpress\/wp-json\/wp\/v2\/types\/post"}],"author":[{"embeddable":true,"href":"https:\/\/www.radiopiu.net\/wordpress\/wp-json\/wp\/v2\/users\/4"}],"replies":[{"embeddable":true,"href":"https:\/\/www.radiopiu.net\/wordpress\/wp-json\/wp\/v2\/comments?post=308479"}],"version-history":[{"count":0,"href":"https:\/\/www.radiopiu.net\/wordpress\/wp-json\/wp\/v2\/posts\/308479\/revisions"}],"wp:featuredmedia":[{"embeddable":true,"href":"https:\/\/www.radiopiu.net\/wordpress\/wp-json\/wp\/v2\/media\/308480"}],"wp:attachment":[{"href":"https:\/\/www.radiopiu.net\/wordpress\/wp-json\/wp\/v2\/media?parent=308479"}],"wp:term":[{"taxonomy":"category","embeddable":true,"href":"https:\/\/www.radiopiu.net\/wordpress\/wp-json\/wp\/v2\/categories?post=308479"},{"taxonomy":"post_tag","embeddable":true,"href":"https:\/\/www.radiopiu.net\/wordpress\/wp-json\/wp\/v2\/tags?post=308479"}],"curies":[{"name":"wp","href":"https:\/\/api.w.org\/{rel}","templated":true}]}}